{"id":45723,"date":"2023-10-03T13:09:49","date_gmt":"2023-10-03T16:09:49","guid":{"rendered":"https:\/\/jornalfatosenoticias.com.br\/?p=45723"},"modified":"2023-10-03T13:09:50","modified_gmt":"2023-10-03T16:09:50","slug":"sao-paulo-amplia-frota-de-onibus-eletricos","status":"publish","type":"post","link":"https:\/\/jornalfatosenoticias.com.br\/index.php\/2023\/10\/03\/sao-paulo-amplia-frota-de-onibus-eletricos\/","title":{"rendered":"S\u00e3o Paulo amplia frota de \u00f4nibus el\u00e9tricos"},"content":{"rendered":"\n<p><em><span class=\"has-inline-color has-black-color\">Transporte menos poluente traz impactos positivos diretos para o meio ambiente, a sa\u00fade e o bem-estar da popula\u00e7\u00e3o<\/span><\/em><\/p>\n\n\n\n<p><em><span class=\"has-inline-color has-black-color\">Por <strong><a href=\"https:\/\/ciclovivo.com.br\/author\/marcia-sousa\/\">Marcia Sousa<\/a><\/strong><\/span><\/em><\/p>\n\n\n\n<div class=\"wp-block-image\"><figure class=\"aligncenter size-large is-resized\"><img loading=\"lazy\" decoding=\"async\" src=\"https:\/\/jornalfatosenoticias.com.br\/wp-content\/uploads\/2023\/09\/vetorvix1024_1.jpg\" alt=\"\" class=\"wp-image-44868\" width=\"457\" height=\"121\" srcset=\"https:\/\/jornalfatosenoticias.com.br\/wp-content\/uploads\/2023\/09\/vetorvix1024_1.jpg 1024w, https:\/\/jornalfatosenoticias.com.br\/wp-content\/uploads\/2023\/09\/vetorvix1024_1-300x80.jpg 300w, https:\/\/jornalfatosenoticias.com.br\/wp-content\/uploads\/2023\/09\/vetorvix1024_1-768x205.jpg 768w\" sizes=\"auto, (max-width: 457px) 100vw, 457px\" \/><\/figure><\/div>\n\n\n\n<p>A cidade de S\u00e3o Paulo ganhou 50 \u00f4nibus el\u00e9tricos a bateria. Com isso, a frota do sistema de transporte p\u00fablico municipal por \u00f4nibus, que conta com 201 tr\u00f3lebus \u2014 \u00f4nibus conectados via cabo \u00e0 rede de energia el\u00e9trica da cidade \u2014 e 19 movidos a bateria, passa a ter 270 ve\u00edculos el\u00e9tricos em circula\u00e7\u00e3o.<br>Os novos ve\u00edculos movidos a energia limpa integram o projeto de renova\u00e7\u00e3o da prefeitura, que gradualmente est\u00e1 substituindo os antigos \u00f4nibus movidos a diesel por coletivos com tecnologias <a href=\"https:\/\/ciclovivo.com.br\/arq-urb\/mobilidade\/onibus-em-sao-paulo-50-menos-poluentes-2021\/\" target=\"_blank\" rel=\"noreferrer noopener\">menos poluentes<\/a>.<br>A meta do munic\u00edpio \u00e9 que at\u00e9 2024, 20% da frota de \u00f4nibus seja formada por ve\u00edculos el\u00e9tricos, o equivalente a 2,4 mil \u00f4nibus. Para tanto, precisar\u00e1 haver um salto na ado\u00e7\u00e3o dos novos ve\u00edculos, uma vez que hoje s\u00e3o quase 14 mil ve\u00edculos do tipo comum.<\/p>\n\n\n\n<div class=\"wp-block-image\"><figure class=\"aligncenter size-large is-resized\"><img loading=\"lazy\" decoding=\"async\" src=\"https:\/\/jornalfatosenoticias.com.br\/wp-content\/uploads\/2022\/10\/RC_800x750_page-0001.jpg\" alt=\"\" class=\"wp-image-35338\" width=\"304\" height=\"285\" srcset=\"https:\/\/jornalfatosenoticias.com.br\/wp-content\/uploads\/2022\/10\/RC_800x750_page-0001.jpg 400w, https:\/\/jornalfatosenoticias.com.br\/wp-content\/uploads\/2022\/10\/RC_800x750_page-0001-300x281.jpg 300w\" sizes=\"auto, (max-width: 304px) 100vw, 304px\" \/><\/figure><\/div>\n\n\n\n<p>S\u00e3o Paulo tem a maior frota de \u00f4nibus do Pa\u00eds e caso o objetivo de renova\u00e7\u00e3o seja alcan\u00e7ado, a cidade ter\u00e1 a maior frota de \u00f4nibus movidos a <a href=\"https:\/\/ciclovivo.com.br\/planeta\/energia\/investimento-em-energia-limpa-supera-combustiveis-fosseis-pela-1a-vez\/\" target=\"_blank\" rel=\"noreferrer noopener\">energia limpa<\/a> da Am\u00e9rica Latina e levar\u00e1 o Brasil ao ranking mundial da eletrifica\u00e7\u00e3o, ficando atr\u00e1s apenas da China.<\/p>\n\n\n\n<div class=\"wp-block-image\"><figure class=\"aligncenter size-large is-resized\"><img loading=\"lazy\" decoding=\"async\" src=\"https:\/\/jornalfatosenoticias.com.br\/wp-content\/uploads\/2023\/08\/LOGO-BLU-COMERCIAL-PRETO-1024x600.jpg\" alt=\"\" class=\"wp-image-44053\" width=\"367\" height=\"214\"\/><\/figure><\/div>\n\n\n\n<p><strong><span class=\"has-inline-color has-vivid-green-cyan-color\">\u00d4nibus el\u00e9tricos<br><\/span><\/strong>Os modelos de \u00f4nibus el\u00e9tricos foram adquiridos pelas concession\u00e1rias Transwolff, Transpass e Campo Belo, que passar\u00e3o a atender a capital paulista. As empresas firmaram contrato com a Enel X, linha de neg\u00f3cios do Grupo Enel, para a disponibiliza\u00e7\u00e3o dos ve\u00edculos e infraestrutura de <a href=\"https:\/\/ciclovivo.com.br\/arq-urb\/mobilidade\/sp-ganha-o-maior-hub-de-recarga-de-veiculos-eletricos-da-america-latina\/\" target=\"_blank\" rel=\"noreferrer noopener\">recarga<\/a> necess\u00e1ria nas garagens. Segundo a prefeitura, os \u00f4nibus el\u00e9tricos ter\u00e3o suas baterias carregadas nas garagens durante a noite e a autonomia permitir\u00e1 que operem durante todo o per\u00edodo diurno.<\/p>\n\n\n\n<div class=\"wp-block-image\"><figure class=\"aligncenter size-large\"><img decoding=\"async\" src=\"https:\/\/jornalfatosenoticias.com.br\/wp-content\/uploads\/2020\/02\/barao-das-carnes-300x164-1.jpg\" alt=\"\" class=\"wp-image-34339\"\/><\/figure><\/div>\n\n\n\n<p>Os \u00f4nibus inclu\u00eddos pelas concession\u00e1rias s\u00e3o dos modelos B\u00e1sico e Padron. O B\u00e1sico tem capacidade para 69 a 70 pessoas, sendo 27 sentados. J\u00e1 o Padron opera com capacidade para 92 a 93 passageiros, sendo 38 sentados. Ambos possuem \u00e1rea para pessoas com defici\u00eancia.<\/p>\n\n\n\n<div class=\"wp-block-image\"><figure class=\"aligncenter size-large\"><img loading=\"lazy\" decoding=\"async\" width=\"300\" height=\"250\" src=\"https:\/\/jornalfatosenoticias.com.br\/wp-content\/uploads\/2022\/02\/FERRARI_MAQUINAS-E-FERRAMENTAS2.jpg\" alt=\"\" class=\"wp-image-27860\"\/><\/figure><\/div>\n\n\n\n<p>H\u00e1 ainda um \u00f4nibus articulado de 21,50m. Os modelos s\u00e3o fabricados pela Eletra com carroceria Caio e tra\u00e7\u00e3o el\u00e9trica WEG, al\u00e9m de ve\u00edculos com chassis Mercedes Benz e Scania, fabricados no Brasil. Tamb\u00e9m foi apresentado um ve\u00edculo portugu\u00eas, fabricado pela CaetanoBus, com tra\u00e7\u00e3o el\u00e9trica Siemens.<\/p>\n\n\n\n<div class=\"wp-block-image\"><figure class=\"aligncenter size-large\"><img loading=\"lazy\" decoding=\"async\" width=\"1000\" height=\"596\" src=\"https:\/\/jornalfatosenoticias.com.br\/wp-content\/uploads\/2023\/10\/Sao-Paulo-onibus-eletricos-2.jpg\" alt=\"\" class=\"wp-image-45724\" srcset=\"https:\/\/jornalfatosenoticias.com.br\/wp-content\/uploads\/2023\/10\/Sao-Paulo-onibus-eletricos-2.jpg 1000w, https:\/\/jornalfatosenoticias.com.br\/wp-content\/uploads\/2023\/10\/Sao-Paulo-onibus-eletricos-2-300x179.jpg 300w, https:\/\/jornalfatosenoticias.com.br\/wp-content\/uploads\/2023\/10\/Sao-Paulo-onibus-eletricos-2-768x458.jpg 768w\" sizes=\"auto, (max-width: 1000px) 100vw, 1000px\" \/><figcaption><em><span class=\"has-inline-color has-black-color\">(Foto: Divulga\u00e7\u00e3o)<\/span><\/em><\/figcaption><\/figure><\/div>\n\n\n\n<p><strong><span class=\"has-inline-color has-vivid-green-cyan-color\">Transporte limpo<br><\/span><\/strong>Em 2022, a prefeitura de S\u00e3o Paulo proibiu a compra de novos \u00f4nibus movidos a diesel para fazer o <a href=\"https:\/\/ciclovivo.com.br\/arq-urb\/mobilidade\/criancas-tem-direito-a-transporte-publico-gratuito-em-roterda\/\" target=\"_blank\" rel=\"noreferrer noopener\">transporte p\u00fablico<\/a> na cidade. Em nota, a gest\u00e3o explicou que o objetivo \u00e9 cumprir a Lei de Mudan\u00e7as Clim\u00e1ticas, que prev\u00ea a queda pela metade nas taxas de emiss\u00e3o de g\u00e1s carb\u00f4nico f\u00f3ssil at\u00e9 2028.<\/p>\n\n\n\n<div class=\"wp-block-image\"><figure class=\"aligncenter size-large is-resized\"><img loading=\"lazy\" decoding=\"async\" src=\"https:\/\/jornalfatosenoticias.com.br\/wp-content\/uploads\/2023\/08\/ITH.jpeg\" alt=\"\" class=\"wp-image-44638\" width=\"349\" height=\"284\" srcset=\"https:\/\/jornalfatosenoticias.com.br\/wp-content\/uploads\/2023\/08\/ITH.jpeg 800w, https:\/\/jornalfatosenoticias.com.br\/wp-content\/uploads\/2023\/08\/ITH-300x244.jpeg 300w, https:\/\/jornalfatosenoticias.com.br\/wp-content\/uploads\/2023\/08\/ITH-768x624.jpeg 768w\" sizes=\"auto, (max-width: 349px) 100vw, 349px\" \/><\/figure><\/div>\n\n\n\n<p>A ado\u00e7\u00e3o de um transporte coletivo com \u00f4nibus el\u00e9tricos resulta em impactos positivos diretos para o meio ambiente, a sa\u00fade e o bem-estar das pessoas. \u201cCada \u00f4nibus el\u00e9trico em circula\u00e7\u00e3o evita a emiss\u00e3o de cerca de 118 toneladas de CO\u2082 na atmosfera por ano e reduz significativamente a polui\u00e7\u00e3o sonora nas cidades, j\u00e1 que os ve\u00edculos el\u00e9tricos n\u00e3o emitem ru\u00eddos. Esse \u00e9 um avan\u00e7o importante para impulsionar a descarboniza\u00e7\u00e3o do transporte p\u00fablico urbano em S\u00e3o Paulo\u201d, afirma a Enel em nota.<\/p>\n\n\n\n<div class=\"wp-block-image\"><figure class=\"aligncenter size-large is-resized\"><img loading=\"lazy\" decoding=\"async\" src=\"https:\/\/jornalfatosenoticias.com.br\/wp-content\/uploads\/2023\/08\/BKR-1024x1021.jpg\" alt=\"\" class=\"wp-image-44494\" width=\"343\" height=\"342\" srcset=\"https:\/\/jornalfatosenoticias.com.br\/wp-content\/uploads\/2023\/08\/BKR-1024x1021.jpg 1024w, https:\/\/jornalfatosenoticias.com.br\/wp-content\/uploads\/2023\/08\/BKR-300x300.jpg 300w, https:\/\/jornalfatosenoticias.com.br\/wp-content\/uploads\/2023\/08\/BKR-150x150.jpg 150w, https:\/\/jornalfatosenoticias.com.br\/wp-content\/uploads\/2023\/08\/BKR-768x766.jpg 768w, https:\/\/jornalfatosenoticias.com.br\/wp-content\/uploads\/2023\/08\/BKR.jpg 1080w\" sizes=\"auto, (max-width: 343px) 100vw, 343px\" \/><\/figure><\/div>\n\n\n\n<blockquote class=\"wp-block-quote is-layout-flow wp-block-quote-is-layout-flow\"><p><span class=\"has-inline-color has-luminous-vivid-orange-color\">A presen\u00e7a dos \u00f4nibus el\u00e9tricos tem uma grande vantagem de retirar do ar toneladas de gases que causam efeito estufa e, principalmente, por retirar do ar principalmente o enxofre, nocivo \u00e0 nossa <a href=\"https:\/\/ciclovivo.com.br\/planeta\/crise-climatica\/endurece-limite-poluicao-ar-oms\/\" target=\"_blank\" rel=\"noreferrer noopener\">sa\u00fade<\/a>. \u00c9 muita coragem e muito esfor\u00e7o da Prefeitura, da C\u00e2mara Municipal, dos t\u00e9cnicos, do povo de S\u00e3o Paulo nesse investimento que vai transformar a cidade em exemplo para o mundo\u201d, destaca o secret\u00e1rio executivo de Mudan\u00e7as Clim\u00e1ticas, Gilberto Natalini.<\/span><\/p><\/blockquote>\n\n\n\n<div class=\"wp-block-image\"><figure class=\"aligncenter size-large is-resized\"><img loading=\"lazy\" decoding=\"async\" src=\"https:\/\/jornalfatosenoticias.com.br\/wp-content\/uploads\/2020\/02\/CONTROL-CS.jpg\" alt=\"\" class=\"wp-image-44991\" width=\"302\" height=\"363\" srcset=\"https:\/\/jornalfatosenoticias.com.br\/wp-content\/uploads\/2020\/02\/CONTROL-CS.jpg 834w, https:\/\/jornalfatosenoticias.com.br\/wp-content\/uploads\/2020\/02\/CONTROL-CS-250x300.jpg 250w, https:\/\/jornalfatosenoticias.com.br\/wp-content\/uploads\/2020\/02\/CONTROL-CS-768x921.jpg 768w\" sizes=\"auto, (max-width: 302px) 100vw, 302px\" \/><\/figure><\/div>\n\n\n\n<p>Os \u00f4nibus el\u00e9tricos representam uma redu\u00e7\u00e3o de ao menos 50% nos custos de manuten\u00e7\u00e3o e de pelo menos 65% nos custos com combust\u00edvel, na compara\u00e7\u00e3o com ve\u00edculos movidos a diesel, segundo estimativas da Enel X e dos fabricantes de \u00f4nibus el\u00e9tricos do mercado. A economia significativa nos custos com a <a href=\"https:\/\/ciclovivo.com.br\/arq-urb\/mobilidade\/eletrificacao-vai-mudar-o-design-dos-veiculos\/\" target=\"_blank\" rel=\"noreferrer noopener\">eletrifica\u00e7\u00e3o<\/a> a m\u00e9dio e longo prazos torna a amplia\u00e7\u00e3o da frota competitiva economicamente.<\/p>\n\n\n\n<div class=\"wp-block-image\"><figure class=\"aligncenter size-large is-resized\"><img loading=\"lazy\" decoding=\"async\" src=\"https:\/\/jornalfatosenoticias.com.br\/wp-content\/uploads\/2023\/08\/Steel.jpeg\" alt=\"\" class=\"wp-image-44634\" width=\"392\" height=\"318\" srcset=\"https:\/\/jornalfatosenoticias.com.br\/wp-content\/uploads\/2023\/08\/Steel.jpeg 800w, https:\/\/jornalfatosenoticias.com.br\/wp-content\/uploads\/2023\/08\/Steel-300x244.jpeg 300w, https:\/\/jornalfatosenoticias.com.br\/wp-content\/uploads\/2023\/08\/Steel-768x624.jpeg 768w\" sizes=\"auto, (max-width: 392px) 100vw, 392px\" \/><\/figure><\/div>\n\n\n\n<p><strong><em>Fonte: <a href=\"https:\/\/ciclovivo.com.br\/arq-urb\/mobilidade\/sao-paulo-amplia-frota-de-onibus-eletricos\/\">CicloVivo<\/a><\/em><\/strong><\/p>\n","protected":false},"excerpt":{"rendered":"<p>Transporte menos poluente traz impactos positivos diretos para o meio ambiente, a sa\u00fade e o bem-estar da popula\u00e7\u00e3o Por Marcia Sousa A cidade de S\u00e3o Paulo ganhou 50 \u00f4nibus el\u00e9tricos a bateria. Com isso, a frota do sistema de transporte p\u00fablico municipal por \u00f4nibus, que conta com 201 tr\u00f3lebus \u2014 \u00f4nibus conectados via cabo \u00e0 [&hellip;]<\/p>\n","protected":false},"author":2,"featured_media":45725,"comment_status":"open","ping_status":"open","sticky":false,"template":"","format":"standard","meta":{"footnotes":""},"categories":[9923],"tags":[21535,4382,305,13660],"class_list":["post-45723","post","type-post","status-publish","format-standard","has-post-thumbnail","hentry","category-mobilidade","tag-descarbonizacao","tag-onibus-eletricos","tag-sao-paulo","tag-transporte-limpo"],"yoast_head":"<!-- This site is optimized with the Yoast SEO plugin v26.5 - https:\/\/yoast.com\/wordpress\/plugins\/seo\/ -->\n<title>S\u00e3o Paulo amplia frota de \u00f4nibus el\u00e9tricos - Jornal Fatos e Not\u00edcias<\/title>\n<meta name=\"robots\" content=\"index, follow, max-snippet:-1, max-image-preview:large, max-video-preview:-1\" \/>\n<link rel=\"canonical\" href=\"https:\/\/jornalfatosenoticias.com.br\/index.php\/2023\/10\/03\/sao-paulo-amplia-frota-de-onibus-eletricos\/\" \/>\n<meta property=\"og:locale\" content=\"pt_BR\" \/>\n<meta property=\"og:type\" content=\"article\" \/>\n<meta property=\"og:title\" content=\"S\u00e3o Paulo amplia frota de \u00f4nibus el\u00e9tricos - Jornal Fatos e Not\u00edcias\" \/>\n<meta property=\"og:description\" content=\"Transporte menos poluente traz impactos positivos diretos para o meio ambiente, a sa\u00fade e o bem-estar da popula\u00e7\u00e3o Por Marcia Sousa A cidade de S\u00e3o Paulo ganhou 50 \u00f4nibus el\u00e9tricos a bateria. Com isso, a frota do sistema de transporte p\u00fablico municipal por \u00f4nibus, que conta com 201 tr\u00f3lebus \u2014 \u00f4nibus conectados via cabo \u00e0 [&hellip;]\" \/>\n<meta property=\"og:url\" content=\"https:\/\/jornalfatosenoticias.com.br\/index.php\/2023\/10\/03\/sao-paulo-amplia-frota-de-onibus-eletricos\/\" \/>\n<meta property=\"og:site_name\" content=\"Jornal Fatos e Not\u00edcias\" \/>\n<meta property=\"article:published_time\" content=\"2023-10-03T16:09:49+00:00\" \/>\n<meta property=\"article:modified_time\" content=\"2023-10-03T16:09:50+00:00\" \/>\n<meta property=\"og:image\" content=\"https:\/\/jornalfatosenoticias.com.br\/wp-content\/uploads\/2023\/10\/Sao-Paulo-onibus-eletricos.jpg\" \/>\n\t<meta property=\"og:image:width\" content=\"1000\" \/>\n\t<meta property=\"og:image:height\" content=\"666\" \/>\n\t<meta property=\"og:image:type\" content=\"image\/jpeg\" \/>\n<meta name=\"author\" content=\"Luzimara Fernandes\" \/>\n<meta name=\"twitter:card\" content=\"summary_large_image\" \/>\n<meta name=\"twitter:label1\" content=\"Escrito por\" \/>\n\t<meta name=\"twitter:data1\" content=\"Luzimara Fernandes\" \/>\n\t<meta name=\"twitter:label2\" content=\"Est. tempo de leitura\" \/>\n\t<meta name=\"twitter:data2\" content=\"4 minutos\" \/>\n<script type=\"application\/ld+json\" class=\"yoast-schema-graph\">{\"@context\":\"https:\/\/schema.org\",\"@graph\":[{\"@type\":\"Article\",\"@id\":\"https:\/\/jornalfatosenoticias.com.br\/index.php\/2023\/10\/03\/sao-paulo-amplia-frota-de-onibus-eletricos\/#article\",\"isPartOf\":{\"@id\":\"https:\/\/jornalfatosenoticias.com.br\/index.php\/2023\/10\/03\/sao-paulo-amplia-frota-de-onibus-eletricos\/\"},\"author\":{\"name\":\"Luzimara Fernandes\",\"@id\":\"https:\/\/jornalfatosenoticias.com.br\/#\/schema\/person\/d63837fa13ac8666eb9e74e0985d6f81\"},\"headline\":\"S\u00e3o Paulo amplia frota de \u00f4nibus el\u00e9tricos\",\"datePublished\":\"2023-10-03T16:09:49+00:00\",\"dateModified\":\"2023-10-03T16:09:50+00:00\",\"mainEntityOfPage\":{\"@id\":\"https:\/\/jornalfatosenoticias.com.br\/index.php\/2023\/10\/03\/sao-paulo-amplia-frota-de-onibus-eletricos\/\"},\"wordCount\":719,\"commentCount\":0,\"publisher\":{\"@id\":\"https:\/\/jornalfatosenoticias.com.br\/#organization\"},\"image\":{\"@id\":\"https:\/\/jornalfatosenoticias.com.br\/index.php\/2023\/10\/03\/sao-paulo-amplia-frota-de-onibus-eletricos\/#primaryimage\"},\"thumbnailUrl\":\"https:\/\/jornalfatosenoticias.com.br\/wp-content\/uploads\/2023\/10\/Sao-Paulo-onibus-eletricos.jpg\",\"keywords\":[\"descarboniza\u00e7\u00e3o\",\"\u00f4nibus el\u00e9tricos\",\"S\u00e3o Paulo\",\"transporte limpo\"],\"articleSection\":[\"Mobilidade\"],\"inLanguage\":\"pt-BR\",\"potentialAction\":[{\"@type\":\"CommentAction\",\"name\":\"Comment\",\"target\":[\"https:\/\/jornalfatosenoticias.com.br\/index.php\/2023\/10\/03\/sao-paulo-amplia-frota-de-onibus-eletricos\/#respond\"]}]},{\"@type\":\"WebPage\",\"@id\":\"https:\/\/jornalfatosenoticias.com.br\/index.php\/2023\/10\/03\/sao-paulo-amplia-frota-de-onibus-eletricos\/\",\"url\":\"https:\/\/jornalfatosenoticias.com.br\/index.php\/2023\/10\/03\/sao-paulo-amplia-frota-de-onibus-eletricos\/\",\"name\":\"S\u00e3o Paulo amplia frota de \u00f4nibus el\u00e9tricos - Jornal Fatos e Not\u00edcias\",\"isPartOf\":{\"@id\":\"https:\/\/jornalfatosenoticias.com.br\/#website\"},\"primaryImageOfPage\":{\"@id\":\"https:\/\/jornalfatosenoticias.com.br\/index.php\/2023\/10\/03\/sao-paulo-amplia-frota-de-onibus-eletricos\/#primaryimage\"},\"image\":{\"@id\":\"https:\/\/jornalfatosenoticias.com.br\/index.php\/2023\/10\/03\/sao-paulo-amplia-frota-de-onibus-eletricos\/#primaryimage\"},\"thumbnailUrl\":\"https:\/\/jornalfatosenoticias.com.br\/wp-content\/uploads\/2023\/10\/Sao-Paulo-onibus-eletricos.jpg\",\"datePublished\":\"2023-10-03T16:09:49+00:00\",\"dateModified\":\"2023-10-03T16:09:50+00:00\",\"breadcrumb\":{\"@id\":\"https:\/\/jornalfatosenoticias.com.br\/index.php\/2023\/10\/03\/sao-paulo-amplia-frota-de-onibus-eletricos\/#breadcrumb\"},\"inLanguage\":\"pt-BR\",\"potentialAction\":[{\"@type\":\"ReadAction\",\"target\":[\"https:\/\/jornalfatosenoticias.com.br\/index.php\/2023\/10\/03\/sao-paulo-amplia-frota-de-onibus-eletricos\/\"]}]},{\"@type\":\"ImageObject\",\"inLanguage\":\"pt-BR\",\"@id\":\"https:\/\/jornalfatosenoticias.com.br\/index.php\/2023\/10\/03\/sao-paulo-amplia-frota-de-onibus-eletricos\/#primaryimage\",\"url\":\"https:\/\/jornalfatosenoticias.com.br\/wp-content\/uploads\/2023\/10\/Sao-Paulo-onibus-eletricos.jpg\",\"contentUrl\":\"https:\/\/jornalfatosenoticias.com.br\/wp-content\/uploads\/2023\/10\/Sao-Paulo-onibus-eletricos.jpg\",\"width\":1000,\"height\":666},{\"@type\":\"BreadcrumbList\",\"@id\":\"https:\/\/jornalfatosenoticias.com.br\/index.php\/2023\/10\/03\/sao-paulo-amplia-frota-de-onibus-eletricos\/#breadcrumb\",\"itemListElement\":[{\"@type\":\"ListItem\",\"position\":1,\"name\":\"In\u00edcio\",\"item\":\"https:\/\/jornalfatosenoticias.com.br\/\"},{\"@type\":\"ListItem\",\"position\":2,\"name\":\"S\u00e3o Paulo amplia frota de \u00f4nibus el\u00e9tricos\"}]},{\"@type\":\"WebSite\",\"@id\":\"https:\/\/jornalfatosenoticias.com.br\/#website\",\"url\":\"https:\/\/jornalfatosenoticias.com.br\/\",\"name\":\"Jornal Fatos e Not\u00edcias\",\"description\":\"Not\u00edcias em geral\",\"publisher\":{\"@id\":\"https:\/\/jornalfatosenoticias.com.br\/#organization\"},\"potentialAction\":[{\"@type\":\"SearchAction\",\"target\":{\"@type\":\"EntryPoint\",\"urlTemplate\":\"https:\/\/jornalfatosenoticias.com.br\/?s={search_term_string}\"},\"query-input\":{\"@type\":\"PropertyValueSpecification\",\"valueRequired\":true,\"valueName\":\"search_term_string\"}}],\"inLanguage\":\"pt-BR\"},{\"@type\":\"Organization\",\"@id\":\"https:\/\/jornalfatosenoticias.com.br\/#organization\",\"name\":\"Jornal Fatos e Not\u00edcias\",\"url\":\"https:\/\/jornalfatosenoticias.com.br\/\",\"logo\":{\"@type\":\"ImageObject\",\"inLanguage\":\"pt-BR\",\"@id\":\"https:\/\/jornalfatosenoticias.com.br\/#\/schema\/logo\/image\/\",\"url\":\"https:\/\/jornalfatosenoticias.com.br\/wp-content\/uploads\/2020\/02\/logo120.png\",\"contentUrl\":\"https:\/\/jornalfatosenoticias.com.br\/wp-content\/uploads\/2020\/02\/logo120.png\",\"width\":1227,\"height\":120,\"caption\":\"Jornal Fatos e Not\u00edcias\"},\"image\":{\"@id\":\"https:\/\/jornalfatosenoticias.com.br\/#\/schema\/logo\/image\/\"}},{\"@type\":\"Person\",\"@id\":\"https:\/\/jornalfatosenoticias.com.br\/#\/schema\/person\/d63837fa13ac8666eb9e74e0985d6f81\",\"name\":\"Luzimara Fernandes\",\"image\":{\"@type\":\"ImageObject\",\"inLanguage\":\"pt-BR\",\"@id\":\"https:\/\/jornalfatosenoticias.com.br\/#\/schema\/person\/image\/\",\"url\":\"https:\/\/jornalfatosenoticias.com.br\/wp-content\/uploads\/2025\/05\/EU_portal.jpg\",\"contentUrl\":\"https:\/\/jornalfatosenoticias.com.br\/wp-content\/uploads\/2025\/05\/EU_portal.jpg\",\"caption\":\"Luzimara Fernandes\"},\"description\":\"Jornalista MTB 2358-ES\",\"sameAs\":[\"https:\/\/jornalfatosenoticias.com.br\"],\"url\":\"https:\/\/jornalfatosenoticias.com.br\/index.php\/author\/luzimara\/\"}]}<\/script>\n<!-- \/ Yoast SEO plugin. -->","yoast_head_json":{"title":"S\u00e3o Paulo amplia frota de \u00f4nibus el\u00e9tricos - Jornal Fatos e Not\u00edcias","robots":{"index":"index","follow":"follow","max-snippet":"max-snippet:-1","max-image-preview":"max-image-preview:large","max-video-preview":"max-video-preview:-1"},"canonical":"https:\/\/jornalfatosenoticias.com.br\/index.php\/2023\/10\/03\/sao-paulo-amplia-frota-de-onibus-eletricos\/","og_locale":"pt_BR","og_type":"article","og_title":"S\u00e3o Paulo amplia frota de \u00f4nibus el\u00e9tricos - Jornal Fatos e Not\u00edcias","og_description":"Transporte menos poluente traz impactos positivos diretos para o meio ambiente, a sa\u00fade e o bem-estar da popula\u00e7\u00e3o Por Marcia Sousa A cidade de S\u00e3o Paulo ganhou 50 \u00f4nibus el\u00e9tricos a bateria. Com isso, a frota do sistema de transporte p\u00fablico municipal por \u00f4nibus, que conta com 201 tr\u00f3lebus \u2014 \u00f4nibus conectados via cabo \u00e0 [&hellip;]","og_url":"https:\/\/jornalfatosenoticias.com.br\/index.php\/2023\/10\/03\/sao-paulo-amplia-frota-de-onibus-eletricos\/","og_site_name":"Jornal Fatos e Not\u00edcias","article_published_time":"2023-10-03T16:09:49+00:00","article_modified_time":"2023-10-03T16:09:50+00:00","og_image":[{"width":1000,"height":666,"url":"https:\/\/jornalfatosenoticias.com.br\/wp-content\/uploads\/2023\/10\/Sao-Paulo-onibus-eletricos.jpg","type":"image\/jpeg"}],"author":"Luzimara Fernandes","twitter_card":"summary_large_image","twitter_misc":{"Escrito por":"Luzimara Fernandes","Est. tempo de leitura":"4 minutos"},"schema":{"@context":"https:\/\/schema.org","@graph":[{"@type":"Article","@id":"https:\/\/jornalfatosenoticias.com.br\/index.php\/2023\/10\/03\/sao-paulo-amplia-frota-de-onibus-eletricos\/#article","isPartOf":{"@id":"https:\/\/jornalfatosenoticias.com.br\/index.php\/2023\/10\/03\/sao-paulo-amplia-frota-de-onibus-eletricos\/"},"author":{"name":"Luzimara Fernandes","@id":"https:\/\/jornalfatosenoticias.com.br\/#\/schema\/person\/d63837fa13ac8666eb9e74e0985d6f81"},"headline":"S\u00e3o Paulo amplia frota de \u00f4nibus el\u00e9tricos","datePublished":"2023-10-03T16:09:49+00:00","dateModified":"2023-10-03T16:09:50+00:00","mainEntityOfPage":{"@id":"https:\/\/jornalfatosenoticias.com.br\/index.php\/2023\/10\/03\/sao-paulo-amplia-frota-de-onibus-eletricos\/"},"wordCount":719,"commentCount":0,"publisher":{"@id":"https:\/\/jornalfatosenoticias.com.br\/#organization"},"image":{"@id":"https:\/\/jornalfatosenoticias.com.br\/index.php\/2023\/10\/03\/sao-paulo-amplia-frota-de-onibus-eletricos\/#primaryimage"},"thumbnailUrl":"https:\/\/jornalfatosenoticias.com.br\/wp-content\/uploads\/2023\/10\/Sao-Paulo-onibus-eletricos.jpg","keywords":["descarboniza\u00e7\u00e3o","\u00f4nibus el\u00e9tricos","S\u00e3o Paulo","transporte limpo"],"articleSection":["Mobilidade"],"inLanguage":"pt-BR","potentialAction":[{"@type":"CommentAction","name":"Comment","target":["https:\/\/jornalfatosenoticias.com.br\/index.php\/2023\/10\/03\/sao-paulo-amplia-frota-de-onibus-eletricos\/#respond"]}]},{"@type":"WebPage","@id":"https:\/\/jornalfatosenoticias.com.br\/index.php\/2023\/10\/03\/sao-paulo-amplia-frota-de-onibus-eletricos\/","url":"https:\/\/jornalfatosenoticias.com.br\/index.php\/2023\/10\/03\/sao-paulo-amplia-frota-de-onibus-eletricos\/","name":"S\u00e3o Paulo amplia frota de \u00f4nibus el\u00e9tricos - Jornal Fatos e Not\u00edcias","isPartOf":{"@id":"https:\/\/jornalfatosenoticias.com.br\/#website"},"primaryImageOfPage":{"@id":"https:\/\/jornalfatosenoticias.com.br\/index.php\/2023\/10\/03\/sao-paulo-amplia-frota-de-onibus-eletricos\/#primaryimage"},"image":{"@id":"https:\/\/jornalfatosenoticias.com.br\/index.php\/2023\/10\/03\/sao-paulo-amplia-frota-de-onibus-eletricos\/#primaryimage"},"thumbnailUrl":"https:\/\/jornalfatosenoticias.com.br\/wp-content\/uploads\/2023\/10\/Sao-Paulo-onibus-eletricos.jpg","datePublished":"2023-10-03T16:09:49+00:00","dateModified":"2023-10-03T16:09:50+00:00","breadcrumb":{"@id":"https:\/\/jornalfatosenoticias.com.br\/index.php\/2023\/10\/03\/sao-paulo-amplia-frota-de-onibus-eletricos\/#breadcrumb"},"inLanguage":"pt-BR","potentialAction":[{"@type":"ReadAction","target":["https:\/\/jornalfatosenoticias.com.br\/index.php\/2023\/10\/03\/sao-paulo-amplia-frota-de-onibus-eletricos\/"]}]},{"@type":"ImageObject","inLanguage":"pt-BR","@id":"https:\/\/jornalfatosenoticias.com.br\/index.php\/2023\/10\/03\/sao-paulo-amplia-frota-de-onibus-eletricos\/#primaryimage","url":"https:\/\/jornalfatosenoticias.com.br\/wp-content\/uploads\/2023\/10\/Sao-Paulo-onibus-eletricos.jpg","contentUrl":"https:\/\/jornalfatosenoticias.com.br\/wp-content\/uploads\/2023\/10\/Sao-Paulo-onibus-eletricos.jpg","width":1000,"height":666},{"@type":"BreadcrumbList","@id":"https:\/\/jornalfatosenoticias.com.br\/index.php\/2023\/10\/03\/sao-paulo-amplia-frota-de-onibus-eletricos\/#breadcrumb","itemListElement":[{"@type":"ListItem","position":1,"name":"In\u00edcio","item":"https:\/\/jornalfatosenoticias.com.br\/"},{"@type":"ListItem","position":2,"name":"S\u00e3o Paulo amplia frota de \u00f4nibus el\u00e9tricos"}]},{"@type":"WebSite","@id":"https:\/\/jornalfatosenoticias.com.br\/#website","url":"https:\/\/jornalfatosenoticias.com.br\/","name":"Jornal Fatos e Not\u00edcias","description":"Not\u00edcias em geral","publisher":{"@id":"https:\/\/jornalfatosenoticias.com.br\/#organization"},"potentialAction":[{"@type":"SearchAction","target":{"@type":"EntryPoint","urlTemplate":"https:\/\/jornalfatosenoticias.com.br\/?s={search_term_string}"},"query-input":{"@type":"PropertyValueSpecification","valueRequired":true,"valueName":"search_term_string"}}],"inLanguage":"pt-BR"},{"@type":"Organization","@id":"https:\/\/jornalfatosenoticias.com.br\/#organization","name":"Jornal Fatos e Not\u00edcias","url":"https:\/\/jornalfatosenoticias.com.br\/","logo":{"@type":"ImageObject","inLanguage":"pt-BR","@id":"https:\/\/jornalfatosenoticias.com.br\/#\/schema\/logo\/image\/","url":"https:\/\/jornalfatosenoticias.com.br\/wp-content\/uploads\/2020\/02\/logo120.png","contentUrl":"https:\/\/jornalfatosenoticias.com.br\/wp-content\/uploads\/2020\/02\/logo120.png","width":1227,"height":120,"caption":"Jornal Fatos e Not\u00edcias"},"image":{"@id":"https:\/\/jornalfatosenoticias.com.br\/#\/schema\/logo\/image\/"}},{"@type":"Person","@id":"https:\/\/jornalfatosenoticias.com.br\/#\/schema\/person\/d63837fa13ac8666eb9e74e0985d6f81","name":"Luzimara Fernandes","image":{"@type":"ImageObject","inLanguage":"pt-BR","@id":"https:\/\/jornalfatosenoticias.com.br\/#\/schema\/person\/image\/","url":"https:\/\/jornalfatosenoticias.com.br\/wp-content\/uploads\/2025\/05\/EU_portal.jpg","contentUrl":"https:\/\/jornalfatosenoticias.com.br\/wp-content\/uploads\/2025\/05\/EU_portal.jpg","caption":"Luzimara Fernandes"},"description":"Jornalista MTB 2358-ES","sameAs":["https:\/\/jornalfatosenoticias.com.br"],"url":"https:\/\/jornalfatosenoticias.com.br\/index.php\/author\/luzimara\/"}]}},"cc_featured_image_caption":{"caption_text":"(Foto: Divulga\u00e7\u00e3o) ","source_text":"","source_url":""},"jetpack_featured_media_url":"https:\/\/jornalfatosenoticias.com.br\/wp-content\/uploads\/2023\/10\/Sao-Paulo-onibus-eletricos.jpg","_links":{"self":[{"href":"https:\/\/jornalfatosenoticias.com.br\/index.php\/wp-json\/wp\/v2\/posts\/45723","targetHints":{"allow":["GET"]}}],"collection":[{"href":"https:\/\/jornalfatosenoticias.com.br\/index.php\/wp-json\/wp\/v2\/posts"}],"about":[{"href":"https:\/\/jornalfatosenoticias.com.br\/index.php\/wp-json\/wp\/v2\/types\/post"}],"author":[{"embeddable":true,"href":"https:\/\/jornalfatosenoticias.com.br\/index.php\/wp-json\/wp\/v2\/users\/2"}],"replies":[{"embeddable":true,"href":"https:\/\/jornalfatosenoticias.com.br\/index.php\/wp-json\/wp\/v2\/comments?post=45723"}],"version-history":[{"count":0,"href":"https:\/\/jornalfatosenoticias.com.br\/index.php\/wp-json\/wp\/v2\/posts\/45723\/revisions"}],"wp:featuredmedia":[{"embeddable":true,"href":"https:\/\/jornalfatosenoticias.com.br\/index.php\/wp-json\/wp\/v2\/media\/45725"}],"wp:attachment":[{"href":"https:\/\/jornalfatosenoticias.com.br\/index.php\/wp-json\/wp\/v2\/media?parent=45723"}],"wp:term":[{"taxonomy":"category","embeddable":true,"href":"https:\/\/jornalfatosenoticias.com.br\/index.php\/wp-json\/wp\/v2\/categories?post=45723"},{"taxonomy":"post_tag","embeddable":true,"href":"https:\/\/jornalfatosenoticias.com.br\/index.php\/wp-json\/wp\/v2\/tags?post=45723"}],"curies":[{"name":"wp","href":"https:\/\/api.w.org\/{rel}","templated":true}]}}