{"id":45727,"date":"2023-10-03T13:40:18","date_gmt":"2023-10-03T16:40:18","guid":{"rendered":"https:\/\/jornalfatosenoticias.com.br\/?p=45727"},"modified":"2023-10-03T13:40:18","modified_gmt":"2023-10-03T16:40:18","slug":"suicidio-estudo-mostra-alta-incidencia-entre-criancas-e-adolescentes-no-brasil","status":"publish","type":"post","link":"https:\/\/jornalfatosenoticias.com.br\/index.php\/2023\/10\/03\/suicidio-estudo-mostra-alta-incidencia-entre-criancas-e-adolescentes-no-brasil\/","title":{"rendered":"Suic\u00eddio: estudo mostra alta incid\u00eancia entre crian\u00e7as e adolescentes no Brasil"},"content":{"rendered":"\n<p><em><span class=\"has-inline-color has-black-color\">Cerca de mil jovens tiram a vida todos os anos, segundo levantamento da Sociedade Brasileira de Pediatria; pr\u00e1tica \u00e9 mais comum entre meninos na faixa et\u00e1ria de 15 a 19 anos<\/span><\/em><\/p>\n\n\n\n<div class=\"wp-block-image\"><figure class=\"aligncenter size-large\"><img loading=\"lazy\" decoding=\"async\" width=\"729\" height=\"90\" src=\"https:\/\/jornalfatosenoticias.com.br\/wp-content\/uploads\/2020\/02\/Logo_Mizu.png\" alt=\"\" class=\"wp-image-1441\" srcset=\"https:\/\/jornalfatosenoticias.com.br\/wp-content\/uploads\/2020\/02\/Logo_Mizu.png 729w, https:\/\/jornalfatosenoticias.com.br\/wp-content\/uploads\/2020\/02\/Logo_Mizu-300x37.png 300w\" sizes=\"auto, (max-width: 729px) 100vw, 729px\" \/><\/figure><\/div>\n\n\n\n<p>Em m\u00e9dia, mil jovens entre 10 e 19 anos <a href=\"https:\/\/cangurunews.com.br\/depressao-nas-criancas\/\">tiram suas pr\u00f3prias vidas<\/a> no Brasil a cada ano. Entre 2012 e 2021, foram registrados quase 10 mil casos de \u00f3bitos por <a href=\"https:\/\/cangurunews.com.br\/saude-mental-autolesao-adolescencia-saiba-como-ajudar\/\">suic\u00eddio<\/a> nesta faixa et\u00e1ria no Pa\u00eds. O alerta \u00e9 da Sociedade Brasileira de Pediatria (SBP), que analisou dados do Sistema de Informa\u00e7\u00e3o sobre Mortalidade do Minist\u00e9rio da Sa\u00fade para melhor compreender as transforma\u00e7\u00f5es na sa\u00fade mental de crian\u00e7as e adolescentes.<\/p>\n\n\n\n<blockquote class=\"wp-block-quote is-layout-flow wp-block-quote-is-layout-flow\"><p><span class=\"has-inline-color has-luminous-vivid-orange-color\">Devemos tratar com m\u00e1xima seriedade qualquer atitude ou fala que represente um desejo de morte. A <a href=\"https:\/\/cangurunews.com.br\/setembro-amarelo-cuidado-com-a-saude-mental-deve-incluir-gestantes-maes-e-pais\/\">idea\u00e7\u00e3o suicida<\/a> n\u00e3o surge do nada. Ela cresce no pensamento aos poucos at\u00e9 se materializar como uma sa\u00edda. Por isso, desde a primeira atitude suspeita, \u00e9 fundamental ligar o sinal de alerta\u201d, esclarece a pediatra Luci Pfeiffer, presidente do Departamento Cient\u00edfico de Preven\u00e7\u00e3o e Enfrentamento das Causas Externas na Inf\u00e2ncia e Adolesc\u00eancia.<\/span><\/p><\/blockquote>\n\n\n\n<div class=\"wp-block-image\"><figure class=\"aligncenter size-large is-resized\"><img loading=\"lazy\" decoding=\"async\" src=\"https:\/\/jornalfatosenoticias.com.br\/wp-content\/uploads\/2023\/03\/nova-logo-Marquetti.jpg\" alt=\"\" class=\"wp-image-40207\" width=\"313\" height=\"210\" srcset=\"https:\/\/jornalfatosenoticias.com.br\/wp-content\/uploads\/2023\/03\/nova-logo-Marquetti.jpg 643w, https:\/\/jornalfatosenoticias.com.br\/wp-content\/uploads\/2023\/03\/nova-logo-Marquetti-300x202.jpg 300w\" sizes=\"auto, (max-width: 313px) 100vw, 313px\" \/><\/figure><\/div>\n\n\n\n<p>Para Luci, pais, respons\u00e1veis, m\u00e9dicos e toda a sociedade devem estar atentos ao comportamento dos jovens caso eles mudem de repente seus h\u00e1bitos e atitudes.<br>\u2022 Mudan\u00e7as de comportamentos em crian\u00e7as e adolescentes com idea\u00e7\u00e3o suicida:<br>\u2022 Insatisfa\u00e7\u00e3o ou tristeza constantes;<br>\u2022 Desist\u00eancia de atividades que antes davam prazer;<br>\u2022 Pr\u00e1tica da <a href=\"https:\/\/cangurunews.com.br\/saude-mental-autolesao-adolescencia-saiba-como-ajudar\/\">autoles\u00e3o<\/a>;<br>\u2022 Busca por se inserir em situa\u00e7\u00f5es de risco;<br>\u2022 Falta de planos ou expectativas para o futuro, em m\u00e9dio e longo prazos.<\/p>\n\n\n\n<div class=\"wp-block-image\"><figure class=\"aligncenter size-large\"><img loading=\"lazy\" decoding=\"async\" width=\"300\" height=\"250\" src=\"https:\/\/jornalfatosenoticias.com.br\/wp-content\/uploads\/2022\/08\/arte-Casarao.jpg\" alt=\"\" class=\"wp-image-33178\"\/><\/figure><\/div>\n\n\n\n<blockquote class=\"wp-block-quote is-layout-flow wp-block-quote-is-layout-flow\"><p><span class=\"has-inline-color has-luminous-vivid-orange-color\">Nem sempre eles verbalizam o que est\u00e1 acontecendo. Por isso, \u00e9 muito importante observar suas atitudes. Antes, o adolescente gostava de praticar esporte ou ir a festas e passeios. Aos poucos, ele come\u00e7a a dar prefer\u00eancia a ficar isolado. \u00c9 certo que algo n\u00e3o est\u00e1 bem\u201d, pontua a m\u00e9dica.<\/span><\/p><\/blockquote>\n\n\n\n<h3 class=\"wp-block-heading\"><span class=\"has-inline-color has-black-color\">Veja abaixo n\u00fameros sobre suic\u00eddio na faixa et\u00e1ria de 10 A 19 anos (de 2012 a 2021)<\/span><\/h3>\n\n\n\n<div class=\"wp-block-image\"><figure class=\"aligncenter size-large\"><img loading=\"lazy\" decoding=\"async\" width=\"886\" height=\"813\" src=\"https:\/\/jornalfatosenoticias.com.br\/wp-content\/uploads\/2023\/10\/Suicidio2012a2021.jpg\" alt=\"\" class=\"wp-image-45728\" srcset=\"https:\/\/jornalfatosenoticias.com.br\/wp-content\/uploads\/2023\/10\/Suicidio2012a2021.jpg 886w, https:\/\/jornalfatosenoticias.com.br\/wp-content\/uploads\/2023\/10\/Suicidio2012a2021-300x275.jpg 300w, https:\/\/jornalfatosenoticias.com.br\/wp-content\/uploads\/2023\/10\/Suicidio2012a2021-768x705.jpg 768w\" sizes=\"auto, (max-width: 886px) 100vw, 886px\" \/><\/figure><\/div>\n\n\n\n<div class=\"wp-block-image\"><figure class=\"aligncenter size-large is-resized\"><img loading=\"lazy\" decoding=\"async\" src=\"https:\/\/jornalfatosenoticias.com.br\/wp-content\/uploads\/2022\/02\/Precisao-Contabilidade-1024x724.jpg\" alt=\"\" class=\"wp-image-28088\" width=\"314\" height=\"222\"\/><\/figure><\/div>\n\n\n\n<p>De acordo com o levantamento da SBP, ao longo da s\u00e9rie hist\u00f3rica o n\u00famero de casos est\u00e1 acima do dobro entre meninos: 6.801 epis\u00f3dios (68,32%) contra 3.153 (31,68%) nas meninas. Al\u00e9m disso, a maioria dos eventos ocorreram entre os jovens: foram 8.391 \u00f3bitos (84,29%) na faixa et\u00e1ria de 15 a 19 anos; e 1.563 mortes (15,71%) na faixa et\u00e1ria de 10 a 14 anos.<\/p>\n\n\n\n<div class=\"wp-block-image\"><figure class=\"aligncenter size-large is-resized\"><img loading=\"lazy\" decoding=\"async\" src=\"https:\/\/jornalfatosenoticias.com.br\/wp-content\/uploads\/2020\/02\/casa-do-torresmo_portal.jpg\" alt=\"\" class=\"wp-image-34472\" width=\"280\" height=\"280\" srcset=\"https:\/\/jornalfatosenoticias.com.br\/wp-content\/uploads\/2020\/02\/casa-do-torresmo_portal.jpg 300w, https:\/\/jornalfatosenoticias.com.br\/wp-content\/uploads\/2020\/02\/casa-do-torresmo_portal-150x150.jpg 150w\" sizes=\"auto, (max-width: 280px) 100vw, 280px\" \/><\/figure><\/div>\n\n\n\n<p>De modo geral, o Brasil viu um aumento no n\u00famero absoluto de suic\u00eddios em todas as regi\u00f5es ao longo da \u00faltima d\u00e9cada. A regi\u00e3o Norte apresentou o maior crescimento no n\u00famero de casos no per\u00edodo, com um aumento de 115%. S\u00e3o Paulo, sendo o estado mais populoso, tamb\u00e9m teve o maior n\u00famero de suic\u00eddios no per\u00edodo.<\/p>\n\n\n\n<div class=\"wp-block-image\"><figure class=\"aligncenter size-large\"><img decoding=\"async\" src=\"https:\/\/jornalfatosenoticias.com.br\/wp-content\/uploads\/2020\/02\/logo_esteio.jpg\" alt=\"\" class=\"wp-image-1214\"\/><\/figure><\/div>\n\n\n\n<p>Embora sejam necess\u00e1rios estudos sobre as raz\u00f5es subjacentes a esse aumento para implementar estrat\u00e9gias de preven\u00e7\u00e3o eficazes, na avalia\u00e7\u00e3o do coordenador do Grupo de Trabalho sobre Sa\u00fade Mental da SBP, Roberto Santoro, existem diversas causas que podem levar crian\u00e7as e adolescentes ao sofrimento ps\u00edquico e posteriormente \u00e0 idea\u00e7\u00e3o suicida. No geral, costumam estar presentes entre os motivos: traumas, abusos e viol\u00eancias sofridos, al\u00e9m do sentimento de culpa e de n\u00e3o adequa\u00e7\u00e3o.<\/p>\n\n\n\n<div class=\"wp-block-image\"><figure class=\"aligncenter size-large is-resized\"><img loading=\"lazy\" decoding=\"async\" src=\"https:\/\/jornalfatosenoticias.com.br\/wp-content\/uploads\/2020\/02\/logo-Rapuzel-1024x571.jpg\" alt=\"\" class=\"wp-image-42808\" width=\"332\" height=\"185\" srcset=\"https:\/\/jornalfatosenoticias.com.br\/wp-content\/uploads\/2020\/02\/logo-Rapuzel-1024x571.jpg 1024w, https:\/\/jornalfatosenoticias.com.br\/wp-content\/uploads\/2020\/02\/logo-Rapuzel-300x167.jpg 300w, https:\/\/jornalfatosenoticias.com.br\/wp-content\/uploads\/2020\/02\/logo-Rapuzel-768x428.jpg 768w, https:\/\/jornalfatosenoticias.com.br\/wp-content\/uploads\/2020\/02\/logo-Rapuzel-1536x856.jpg 1536w, https:\/\/jornalfatosenoticias.com.br\/wp-content\/uploads\/2020\/02\/logo-Rapuzel.jpg 1600w\" sizes=\"auto, (max-width: 332px) 100vw, 332px\" \/><\/figure><\/div>\n\n\n\n<p><strong><span class=\"has-inline-color has-black-color\">Motivos que podem contribuir para o suic\u00eddio em crian\u00e7as e adolescentes:<br><\/span><\/strong>\u2022 Abuso f\u00edsico e sexual;<br>\u2022 Maus-tratos;<br>\u2022 <a href=\"https:\/\/agenciabrasil.ebc.com.br\/radioagencia-nacional\/saude\/audio\/2023-09\/setembro-amarelo-autolesao-cresce-entre-adolescentes\" target=\"_blank\" rel=\"noreferrer noopener\">Bullying e cyberbullying<\/a>;<br>\u2022 <a href=\"https:\/\/cangurunews.com.br\/depressao-nas-criancas\/\">Casos de depress\u00e3o,\u00a0<\/a>ansiedade e baixa autoestima;<br>\u2022 Separa\u00e7\u00e3o dos pais<br>\u2022 Ciclo familiar inst\u00e1vel e prec\u00e1rio<br>\u2022 Condi\u00e7\u00f5es sociais desfavor\u00e1veis.<\/p>\n\n\n\n<div class=\"wp-block-image\"><figure class=\"aligncenter size-large is-resized\"><img loading=\"lazy\" decoding=\"async\" src=\"https:\/\/jornalfatosenoticias.com.br\/wp-content\/uploads\/2023\/08\/VSM-Group.jpeg\" alt=\"\" class=\"wp-image-44364\" width=\"256\" height=\"256\"\/><\/figure><\/div>\n\n\n\n<blockquote class=\"wp-block-quote is-layout-flow wp-block-quote-is-layout-flow\"><p><span class=\"has-inline-color has-luminous-vivid-orange-color\">O apelo da SBP \u00e9 para que todos passem a prestar mais aten\u00e7\u00e3o nesse tema, inclusive na faixa et\u00e1ria pedi\u00e1trica. Precisamos escutar e acolher, antes que a idea\u00e7\u00e3o suicida se torne um plano pr\u00e1tico. O suic\u00eddio n\u00e3o \u00e9 algo t\u00e3o incomum quanto as pessoas imaginam. Infelizmente, pode estar pr\u00f3ximo de n\u00f3s. Em caso de suspeita de sofrimento ps\u00edquico, procure um profissional da sa\u00fade mental para interromper essa trajet\u00f3ria\u201d, orienta Santoro.<\/span><\/p><\/blockquote>\n\n\n\n<div class=\"wp-block-image\"><figure class=\"aligncenter size-large is-resized\"><img loading=\"lazy\" decoding=\"async\" src=\"https:\/\/jornalfatosenoticias.com.br\/wp-content\/uploads\/2023\/07\/lacremoda.jpg\" alt=\"\" class=\"wp-image-43706\" width=\"366\" height=\"205\" srcset=\"https:\/\/jornalfatosenoticias.com.br\/wp-content\/uploads\/2023\/07\/lacremoda.jpg 1024w, https:\/\/jornalfatosenoticias.com.br\/wp-content\/uploads\/2023\/07\/lacremoda-300x168.jpg 300w, https:\/\/jornalfatosenoticias.com.br\/wp-content\/uploads\/2023\/07\/lacremoda-768x431.jpg 768w\" sizes=\"auto, (max-width: 366px) 100vw, 366px\" \/><\/figure><\/div>\n\n\n\n<p><strong><em>Fonte: <a href=\"https:\/\/cangurunews.com.br\/suicidio-estudo-mostra-alta-incidencia-entre-criancas-e-adolescentes-no-brasil\/\">Canguru News<\/a><\/em><\/strong><\/p>\n","protected":false},"excerpt":{"rendered":"<p>Cerca de mil jovens tiram a vida todos os anos, segundo levantamento da Sociedade Brasileira de Pediatria; pr\u00e1tica \u00e9 mais comum entre meninos na faixa et\u00e1ria de 15 a 19 anos Em m\u00e9dia, mil jovens entre 10 e 19 anos tiram suas pr\u00f3prias vidas no Brasil a cada ano. Entre 2012 e 2021, foram registrados [&hellip;]<\/p>\n","protected":false},"author":2,"featured_media":45729,"comment_status":"open","ping_status":"open","sticky":false,"template":"","format":"standard","meta":{"footnotes":""},"categories":[2522],"tags":[597,9000,688,355,21536],"class_list":["post-45727","post","type-post","status-publish","format-standard","has-post-thumbnail","hentry","category-comportamento","tag-brasil","tag-criancas-e-adolescentes","tag-saude-mental","tag-suicidio","tag-suicidio-infantojuvenil"],"yoast_head":"<!-- This site is optimized with the Yoast SEO plugin v26.5 - https:\/\/yoast.com\/wordpress\/plugins\/seo\/ -->\n<title>Suic\u00eddio: estudo mostra alta incid\u00eancia entre crian\u00e7as e adolescentes no Brasil - Jornal Fatos e Not\u00edcias<\/title>\n<meta name=\"robots\" content=\"index, follow, max-snippet:-1, max-image-preview:large, max-video-preview:-1\" \/>\n<link rel=\"canonical\" href=\"https:\/\/jornalfatosenoticias.com.br\/index.php\/2023\/10\/03\/suicidio-estudo-mostra-alta-incidencia-entre-criancas-e-adolescentes-no-brasil\/\" \/>\n<meta property=\"og:locale\" content=\"pt_BR\" \/>\n<meta property=\"og:type\" content=\"article\" \/>\n<meta property=\"og:title\" content=\"Suic\u00eddio: estudo mostra alta incid\u00eancia entre crian\u00e7as e adolescentes no Brasil - Jornal Fatos e Not\u00edcias\" \/>\n<meta property=\"og:description\" content=\"Cerca de mil jovens tiram a vida todos os anos, segundo levantamento da Sociedade Brasileira de Pediatria; pr\u00e1tica \u00e9 mais comum entre meninos na faixa et\u00e1ria de 15 a 19 anos Em m\u00e9dia, mil jovens entre 10 e 19 anos tiram suas pr\u00f3prias vidas no Brasil a cada ano. Entre 2012 e 2021, foram registrados [&hellip;]\" \/>\n<meta property=\"og:url\" content=\"https:\/\/jornalfatosenoticias.com.br\/index.php\/2023\/10\/03\/suicidio-estudo-mostra-alta-incidencia-entre-criancas-e-adolescentes-no-brasil\/\" \/>\n<meta property=\"og:site_name\" content=\"Jornal Fatos e Not\u00edcias\" \/>\n<meta property=\"article:published_time\" content=\"2023-10-03T16:40:18+00:00\" \/>\n<meta property=\"og:image\" content=\"https:\/\/jornalfatosenoticias.com.br\/wp-content\/uploads\/2023\/10\/suicidio-infantil_istockphoto.jpg\" \/>\n\t<meta property=\"og:image:width\" content=\"812\" \/>\n\t<meta property=\"og:image:height\" content=\"441\" \/>\n\t<meta property=\"og:image:type\" content=\"image\/jpeg\" \/>\n<meta name=\"author\" content=\"Luzimara Fernandes\" \/>\n<meta name=\"twitter:card\" content=\"summary_large_image\" \/>\n<meta name=\"twitter:label1\" content=\"Escrito por\" \/>\n\t<meta name=\"twitter:data1\" content=\"Luzimara Fernandes\" \/>\n\t<meta name=\"twitter:label2\" content=\"Est. tempo de leitura\" \/>\n\t<meta name=\"twitter:data2\" content=\"3 minutos\" \/>\n<script type=\"application\/ld+json\" class=\"yoast-schema-graph\">{\"@context\":\"https:\/\/schema.org\",\"@graph\":[{\"@type\":\"Article\",\"@id\":\"https:\/\/jornalfatosenoticias.com.br\/index.php\/2023\/10\/03\/suicidio-estudo-mostra-alta-incidencia-entre-criancas-e-adolescentes-no-brasil\/#article\",\"isPartOf\":{\"@id\":\"https:\/\/jornalfatosenoticias.com.br\/index.php\/2023\/10\/03\/suicidio-estudo-mostra-alta-incidencia-entre-criancas-e-adolescentes-no-brasil\/\"},\"author\":{\"name\":\"Luzimara Fernandes\",\"@id\":\"https:\/\/jornalfatosenoticias.com.br\/#\/schema\/person\/d63837fa13ac8666eb9e74e0985d6f81\"},\"headline\":\"Suic\u00eddio: estudo mostra alta incid\u00eancia entre crian\u00e7as e adolescentes no Brasil\",\"datePublished\":\"2023-10-03T16:40:18+00:00\",\"mainEntityOfPage\":{\"@id\":\"https:\/\/jornalfatosenoticias.com.br\/index.php\/2023\/10\/03\/suicidio-estudo-mostra-alta-incidencia-entre-criancas-e-adolescentes-no-brasil\/\"},\"wordCount\":683,\"commentCount\":0,\"publisher\":{\"@id\":\"https:\/\/jornalfatosenoticias.com.br\/#organization\"},\"image\":{\"@id\":\"https:\/\/jornalfatosenoticias.com.br\/index.php\/2023\/10\/03\/suicidio-estudo-mostra-alta-incidencia-entre-criancas-e-adolescentes-no-brasil\/#primaryimage\"},\"thumbnailUrl\":\"https:\/\/jornalfatosenoticias.com.br\/wp-content\/uploads\/2023\/10\/suicidio-infantil_istockphoto.jpg\",\"keywords\":[\"Brasil\",\"crian\u00e7as e adolescentes\",\"sa\u00fade mental\",\"suic\u00eddio\",\"suic\u00eddio infantojuvenil\"],\"articleSection\":[\"Comportamento &amp; Equil\u00edbrio\"],\"inLanguage\":\"pt-BR\",\"potentialAction\":[{\"@type\":\"CommentAction\",\"name\":\"Comment\",\"target\":[\"https:\/\/jornalfatosenoticias.com.br\/index.php\/2023\/10\/03\/suicidio-estudo-mostra-alta-incidencia-entre-criancas-e-adolescentes-no-brasil\/#respond\"]}]},{\"@type\":\"WebPage\",\"@id\":\"https:\/\/jornalfatosenoticias.com.br\/index.php\/2023\/10\/03\/suicidio-estudo-mostra-alta-incidencia-entre-criancas-e-adolescentes-no-brasil\/\",\"url\":\"https:\/\/jornalfatosenoticias.com.br\/index.php\/2023\/10\/03\/suicidio-estudo-mostra-alta-incidencia-entre-criancas-e-adolescentes-no-brasil\/\",\"name\":\"Suic\u00eddio: estudo mostra alta incid\u00eancia entre crian\u00e7as e adolescentes no Brasil - Jornal Fatos e Not\u00edcias\",\"isPartOf\":{\"@id\":\"https:\/\/jornalfatosenoticias.com.br\/#website\"},\"primaryImageOfPage\":{\"@id\":\"https:\/\/jornalfatosenoticias.com.br\/index.php\/2023\/10\/03\/suicidio-estudo-mostra-alta-incidencia-entre-criancas-e-adolescentes-no-brasil\/#primaryimage\"},\"image\":{\"@id\":\"https:\/\/jornalfatosenoticias.com.br\/index.php\/2023\/10\/03\/suicidio-estudo-mostra-alta-incidencia-entre-criancas-e-adolescentes-no-brasil\/#primaryimage\"},\"thumbnailUrl\":\"https:\/\/jornalfatosenoticias.com.br\/wp-content\/uploads\/2023\/10\/suicidio-infantil_istockphoto.jpg\",\"datePublished\":\"2023-10-03T16:40:18+00:00\",\"breadcrumb\":{\"@id\":\"https:\/\/jornalfatosenoticias.com.br\/index.php\/2023\/10\/03\/suicidio-estudo-mostra-alta-incidencia-entre-criancas-e-adolescentes-no-brasil\/#breadcrumb\"},\"inLanguage\":\"pt-BR\",\"potentialAction\":[{\"@type\":\"ReadAction\",\"target\":[\"https:\/\/jornalfatosenoticias.com.br\/index.php\/2023\/10\/03\/suicidio-estudo-mostra-alta-incidencia-entre-criancas-e-adolescentes-no-brasil\/\"]}]},{\"@type\":\"ImageObject\",\"inLanguage\":\"pt-BR\",\"@id\":\"https:\/\/jornalfatosenoticias.com.br\/index.php\/2023\/10\/03\/suicidio-estudo-mostra-alta-incidencia-entre-criancas-e-adolescentes-no-brasil\/#primaryimage\",\"url\":\"https:\/\/jornalfatosenoticias.com.br\/wp-content\/uploads\/2023\/10\/suicidio-infantil_istockphoto.jpg\",\"contentUrl\":\"https:\/\/jornalfatosenoticias.com.br\/wp-content\/uploads\/2023\/10\/suicidio-infantil_istockphoto.jpg\",\"width\":812,\"height\":441,\"caption\":\"Illustration image of depressive disorder children boy that serious sitting and thinking on window at night\"},{\"@type\":\"BreadcrumbList\",\"@id\":\"https:\/\/jornalfatosenoticias.com.br\/index.php\/2023\/10\/03\/suicidio-estudo-mostra-alta-incidencia-entre-criancas-e-adolescentes-no-brasil\/#breadcrumb\",\"itemListElement\":[{\"@type\":\"ListItem\",\"position\":1,\"name\":\"In\u00edcio\",\"item\":\"https:\/\/jornalfatosenoticias.com.br\/\"},{\"@type\":\"ListItem\",\"position\":2,\"name\":\"Suic\u00eddio: estudo mostra alta incid\u00eancia entre crian\u00e7as e adolescentes no Brasil\"}]},{\"@type\":\"WebSite\",\"@id\":\"https:\/\/jornalfatosenoticias.com.br\/#website\",\"url\":\"https:\/\/jornalfatosenoticias.com.br\/\",\"name\":\"Jornal Fatos e Not\u00edcias\",\"description\":\"Not\u00edcias em geral\",\"publisher\":{\"@id\":\"https:\/\/jornalfatosenoticias.com.br\/#organization\"},\"potentialAction\":[{\"@type\":\"SearchAction\",\"target\":{\"@type\":\"EntryPoint\",\"urlTemplate\":\"https:\/\/jornalfatosenoticias.com.br\/?s={search_term_string}\"},\"query-input\":{\"@type\":\"PropertyValueSpecification\",\"valueRequired\":true,\"valueName\":\"search_term_string\"}}],\"inLanguage\":\"pt-BR\"},{\"@type\":\"Organization\",\"@id\":\"https:\/\/jornalfatosenoticias.com.br\/#organization\",\"name\":\"Jornal Fatos e Not\u00edcias\",\"url\":\"https:\/\/jornalfatosenoticias.com.br\/\",\"logo\":{\"@type\":\"ImageObject\",\"inLanguage\":\"pt-BR\",\"@id\":\"https:\/\/jornalfatosenoticias.com.br\/#\/schema\/logo\/image\/\",\"url\":\"https:\/\/jornalfatosenoticias.com.br\/wp-content\/uploads\/2020\/02\/logo120.png\",\"contentUrl\":\"https:\/\/jornalfatosenoticias.com.br\/wp-content\/uploads\/2020\/02\/logo120.png\",\"width\":1227,\"height\":120,\"caption\":\"Jornal Fatos e Not\u00edcias\"},\"image\":{\"@id\":\"https:\/\/jornalfatosenoticias.com.br\/#\/schema\/logo\/image\/\"}},{\"@type\":\"Person\",\"@id\":\"https:\/\/jornalfatosenoticias.com.br\/#\/schema\/person\/d63837fa13ac8666eb9e74e0985d6f81\",\"name\":\"Luzimara Fernandes\",\"image\":{\"@type\":\"ImageObject\",\"inLanguage\":\"pt-BR\",\"@id\":\"https:\/\/jornalfatosenoticias.com.br\/#\/schema\/person\/image\/\",\"url\":\"https:\/\/jornalfatosenoticias.com.br\/wp-content\/uploads\/2025\/05\/EU_portal.jpg\",\"contentUrl\":\"https:\/\/jornalfatosenoticias.com.br\/wp-content\/uploads\/2025\/05\/EU_portal.jpg\",\"caption\":\"Luzimara Fernandes\"},\"description\":\"Jornalista MTB 2358-ES\",\"sameAs\":[\"https:\/\/jornalfatosenoticias.com.br\"],\"url\":\"https:\/\/jornalfatosenoticias.com.br\/index.php\/author\/luzimara\/\"}]}<\/script>\n<!-- \/ Yoast SEO plugin. -->","yoast_head_json":{"title":"Suic\u00eddio: estudo mostra alta incid\u00eancia entre crian\u00e7as e adolescentes no Brasil - Jornal Fatos e Not\u00edcias","robots":{"index":"index","follow":"follow","max-snippet":"max-snippet:-1","max-image-preview":"max-image-preview:large","max-video-preview":"max-video-preview:-1"},"canonical":"https:\/\/jornalfatosenoticias.com.br\/index.php\/2023\/10\/03\/suicidio-estudo-mostra-alta-incidencia-entre-criancas-e-adolescentes-no-brasil\/","og_locale":"pt_BR","og_type":"article","og_title":"Suic\u00eddio: estudo mostra alta incid\u00eancia entre crian\u00e7as e adolescentes no Brasil - Jornal Fatos e Not\u00edcias","og_description":"Cerca de mil jovens tiram a vida todos os anos, segundo levantamento da Sociedade Brasileira de Pediatria; pr\u00e1tica \u00e9 mais comum entre meninos na faixa et\u00e1ria de 15 a 19 anos Em m\u00e9dia, mil jovens entre 10 e 19 anos tiram suas pr\u00f3prias vidas no Brasil a cada ano. Entre 2012 e 2021, foram registrados [&hellip;]","og_url":"https:\/\/jornalfatosenoticias.com.br\/index.php\/2023\/10\/03\/suicidio-estudo-mostra-alta-incidencia-entre-criancas-e-adolescentes-no-brasil\/","og_site_name":"Jornal Fatos e Not\u00edcias","article_published_time":"2023-10-03T16:40:18+00:00","og_image":[{"width":812,"height":441,"url":"https:\/\/jornalfatosenoticias.com.br\/wp-content\/uploads\/2023\/10\/suicidio-infantil_istockphoto.jpg","type":"image\/jpeg"}],"author":"Luzimara Fernandes","twitter_card":"summary_large_image","twitter_misc":{"Escrito por":"Luzimara Fernandes","Est. tempo de leitura":"3 minutos"},"schema":{"@context":"https:\/\/schema.org","@graph":[{"@type":"Article","@id":"https:\/\/jornalfatosenoticias.com.br\/index.php\/2023\/10\/03\/suicidio-estudo-mostra-alta-incidencia-entre-criancas-e-adolescentes-no-brasil\/#article","isPartOf":{"@id":"https:\/\/jornalfatosenoticias.com.br\/index.php\/2023\/10\/03\/suicidio-estudo-mostra-alta-incidencia-entre-criancas-e-adolescentes-no-brasil\/"},"author":{"name":"Luzimara Fernandes","@id":"https:\/\/jornalfatosenoticias.com.br\/#\/schema\/person\/d63837fa13ac8666eb9e74e0985d6f81"},"headline":"Suic\u00eddio: estudo mostra alta incid\u00eancia entre crian\u00e7as e adolescentes no Brasil","datePublished":"2023-10-03T16:40:18+00:00","mainEntityOfPage":{"@id":"https:\/\/jornalfatosenoticias.com.br\/index.php\/2023\/10\/03\/suicidio-estudo-mostra-alta-incidencia-entre-criancas-e-adolescentes-no-brasil\/"},"wordCount":683,"commentCount":0,"publisher":{"@id":"https:\/\/jornalfatosenoticias.com.br\/#organization"},"image":{"@id":"https:\/\/jornalfatosenoticias.com.br\/index.php\/2023\/10\/03\/suicidio-estudo-mostra-alta-incidencia-entre-criancas-e-adolescentes-no-brasil\/#primaryimage"},"thumbnailUrl":"https:\/\/jornalfatosenoticias.com.br\/wp-content\/uploads\/2023\/10\/suicidio-infantil_istockphoto.jpg","keywords":["Brasil","crian\u00e7as e adolescentes","sa\u00fade mental","suic\u00eddio","suic\u00eddio infantojuvenil"],"articleSection":["Comportamento &amp; Equil\u00edbrio"],"inLanguage":"pt-BR","potentialAction":[{"@type":"CommentAction","name":"Comment","target":["https:\/\/jornalfatosenoticias.com.br\/index.php\/2023\/10\/03\/suicidio-estudo-mostra-alta-incidencia-entre-criancas-e-adolescentes-no-brasil\/#respond"]}]},{"@type":"WebPage","@id":"https:\/\/jornalfatosenoticias.com.br\/index.php\/2023\/10\/03\/suicidio-estudo-mostra-alta-incidencia-entre-criancas-e-adolescentes-no-brasil\/","url":"https:\/\/jornalfatosenoticias.com.br\/index.php\/2023\/10\/03\/suicidio-estudo-mostra-alta-incidencia-entre-criancas-e-adolescentes-no-brasil\/","name":"Suic\u00eddio: estudo mostra alta incid\u00eancia entre crian\u00e7as e adolescentes no Brasil - Jornal Fatos e Not\u00edcias","isPartOf":{"@id":"https:\/\/jornalfatosenoticias.com.br\/#website"},"primaryImageOfPage":{"@id":"https:\/\/jornalfatosenoticias.com.br\/index.php\/2023\/10\/03\/suicidio-estudo-mostra-alta-incidencia-entre-criancas-e-adolescentes-no-brasil\/#primaryimage"},"image":{"@id":"https:\/\/jornalfatosenoticias.com.br\/index.php\/2023\/10\/03\/suicidio-estudo-mostra-alta-incidencia-entre-criancas-e-adolescentes-no-brasil\/#primaryimage"},"thumbnailUrl":"https:\/\/jornalfatosenoticias.com.br\/wp-content\/uploads\/2023\/10\/suicidio-infantil_istockphoto.jpg","datePublished":"2023-10-03T16:40:18+00:00","breadcrumb":{"@id":"https:\/\/jornalfatosenoticias.com.br\/index.php\/2023\/10\/03\/suicidio-estudo-mostra-alta-incidencia-entre-criancas-e-adolescentes-no-brasil\/#breadcrumb"},"inLanguage":"pt-BR","potentialAction":[{"@type":"ReadAction","target":["https:\/\/jornalfatosenoticias.com.br\/index.php\/2023\/10\/03\/suicidio-estudo-mostra-alta-incidencia-entre-criancas-e-adolescentes-no-brasil\/"]}]},{"@type":"ImageObject","inLanguage":"pt-BR","@id":"https:\/\/jornalfatosenoticias.com.br\/index.php\/2023\/10\/03\/suicidio-estudo-mostra-alta-incidencia-entre-criancas-e-adolescentes-no-brasil\/#primaryimage","url":"https:\/\/jornalfatosenoticias.com.br\/wp-content\/uploads\/2023\/10\/suicidio-infantil_istockphoto.jpg","contentUrl":"https:\/\/jornalfatosenoticias.com.br\/wp-content\/uploads\/2023\/10\/suicidio-infantil_istockphoto.jpg","width":812,"height":441,"caption":"Illustration image of depressive disorder children boy that serious sitting and thinking on window at night"},{"@type":"BreadcrumbList","@id":"https:\/\/jornalfatosenoticias.com.br\/index.php\/2023\/10\/03\/suicidio-estudo-mostra-alta-incidencia-entre-criancas-e-adolescentes-no-brasil\/#breadcrumb","itemListElement":[{"@type":"ListItem","position":1,"name":"In\u00edcio","item":"https:\/\/jornalfatosenoticias.com.br\/"},{"@type":"ListItem","position":2,"name":"Suic\u00eddio: estudo mostra alta incid\u00eancia entre crian\u00e7as e adolescentes no Brasil"}]},{"@type":"WebSite","@id":"https:\/\/jornalfatosenoticias.com.br\/#website","url":"https:\/\/jornalfatosenoticias.com.br\/","name":"Jornal Fatos e Not\u00edcias","description":"Not\u00edcias em geral","publisher":{"@id":"https:\/\/jornalfatosenoticias.com.br\/#organization"},"potentialAction":[{"@type":"SearchAction","target":{"@type":"EntryPoint","urlTemplate":"https:\/\/jornalfatosenoticias.com.br\/?s={search_term_string}"},"query-input":{"@type":"PropertyValueSpecification","valueRequired":true,"valueName":"search_term_string"}}],"inLanguage":"pt-BR"},{"@type":"Organization","@id":"https:\/\/jornalfatosenoticias.com.br\/#organization","name":"Jornal Fatos e Not\u00edcias","url":"https:\/\/jornalfatosenoticias.com.br\/","logo":{"@type":"ImageObject","inLanguage":"pt-BR","@id":"https:\/\/jornalfatosenoticias.com.br\/#\/schema\/logo\/image\/","url":"https:\/\/jornalfatosenoticias.com.br\/wp-content\/uploads\/2020\/02\/logo120.png","contentUrl":"https:\/\/jornalfatosenoticias.com.br\/wp-content\/uploads\/2020\/02\/logo120.png","width":1227,"height":120,"caption":"Jornal Fatos e Not\u00edcias"},"image":{"@id":"https:\/\/jornalfatosenoticias.com.br\/#\/schema\/logo\/image\/"}},{"@type":"Person","@id":"https:\/\/jornalfatosenoticias.com.br\/#\/schema\/person\/d63837fa13ac8666eb9e74e0985d6f81","name":"Luzimara Fernandes","image":{"@type":"ImageObject","inLanguage":"pt-BR","@id":"https:\/\/jornalfatosenoticias.com.br\/#\/schema\/person\/image\/","url":"https:\/\/jornalfatosenoticias.com.br\/wp-content\/uploads\/2025\/05\/EU_portal.jpg","contentUrl":"https:\/\/jornalfatosenoticias.com.br\/wp-content\/uploads\/2025\/05\/EU_portal.jpg","caption":"Luzimara Fernandes"},"description":"Jornalista MTB 2358-ES","sameAs":["https:\/\/jornalfatosenoticias.com.br"],"url":"https:\/\/jornalfatosenoticias.com.br\/index.php\/author\/luzimara\/"}]}},"cc_featured_image_caption":{"caption_text":"(Foto: iStock) ","source_text":"","source_url":""},"jetpack_featured_media_url":"https:\/\/jornalfatosenoticias.com.br\/wp-content\/uploads\/2023\/10\/suicidio-infantil_istockphoto.jpg","_links":{"self":[{"href":"https:\/\/jornalfatosenoticias.com.br\/index.php\/wp-json\/wp\/v2\/posts\/45727","targetHints":{"allow":["GET"]}}],"collection":[{"href":"https:\/\/jornalfatosenoticias.com.br\/index.php\/wp-json\/wp\/v2\/posts"}],"about":[{"href":"https:\/\/jornalfatosenoticias.com.br\/index.php\/wp-json\/wp\/v2\/types\/post"}],"author":[{"embeddable":true,"href":"https:\/\/jornalfatosenoticias.com.br\/index.php\/wp-json\/wp\/v2\/users\/2"}],"replies":[{"embeddable":true,"href":"https:\/\/jornalfatosenoticias.com.br\/index.php\/wp-json\/wp\/v2\/comments?post=45727"}],"version-history":[{"count":0,"href":"https:\/\/jornalfatosenoticias.com.br\/index.php\/wp-json\/wp\/v2\/posts\/45727\/revisions"}],"wp:featuredmedia":[{"embeddable":true,"href":"https:\/\/jornalfatosenoticias.com.br\/index.php\/wp-json\/wp\/v2\/media\/45729"}],"wp:attachment":[{"href":"https:\/\/jornalfatosenoticias.com.br\/index.php\/wp-json\/wp\/v2\/media?parent=45727"}],"wp:term":[{"taxonomy":"category","embeddable":true,"href":"https:\/\/jornalfatosenoticias.com.br\/index.php\/wp-json\/wp\/v2\/categories?post=45727"},{"taxonomy":"post_tag","embeddable":true,"href":"https:\/\/jornalfatosenoticias.com.br\/index.php\/wp-json\/wp\/v2\/tags?post=45727"}],"curies":[{"name":"wp","href":"https:\/\/api.w.org\/{rel}","templated":true}]}}