{"id":45780,"date":"2023-10-05T14:55:17","date_gmt":"2023-10-05T17:55:17","guid":{"rendered":"https:\/\/jornalfatosenoticias.com.br\/?p=45780"},"modified":"2023-10-05T14:55:19","modified_gmt":"2023-10-05T17:55:19","slug":"a-vulnerabilidade-negada-e-a-violencia-naturalizada-parte-i","status":"publish","type":"post","link":"https:\/\/jornalfatosenoticias.com.br\/index.php\/2023\/10\/05\/a-vulnerabilidade-negada-e-a-violencia-naturalizada-parte-i\/","title":{"rendered":"A vulnerabilidade negada \u00e9 a viol\u00eancia naturalizada \u2014 Parte I"},"content":{"rendered":"\n<p><span class=\"has-inline-color has-black-color\"><em>Em que ponto da vida aquela Senhorinha foi abandonada e apartada? Ou foi desde sempre que as oportunidades n\u00e3o chegaram para ela?<\/em><\/span><\/p>\n\n\n\n<div class=\"wp-block-image\"><figure class=\"aligncenter size-large\"><img loading=\"lazy\" decoding=\"async\" width=\"729\" height=\"90\" src=\"https:\/\/jornalfatosenoticias.com.br\/wp-content\/uploads\/2020\/02\/Logo_Mizu.png\" alt=\"\" class=\"wp-image-1441\" srcset=\"https:\/\/jornalfatosenoticias.com.br\/wp-content\/uploads\/2020\/02\/Logo_Mizu.png 729w, https:\/\/jornalfatosenoticias.com.br\/wp-content\/uploads\/2020\/02\/Logo_Mizu-300x37.png 300w\" sizes=\"auto, (max-width: 729px) 100vw, 729px\" \/><\/figure><\/div>\n\n\n\n<p>Era noite, voltando do consult\u00f3rio trabalhado com cuidados redobrados pela preven\u00e7\u00e3o da transmiss\u00e3o de uma virose, hoje \u00e9 uma palavra banal, mas que guarda uma amea\u00e7a bem maior que no passado e, apesar da autoriza\u00e7\u00e3o m\u00e9dica, uma preocupa\u00e7\u00e3o a mais. Decidi, ent\u00e3o, levar uma comida pronta para casa, n\u00e3o tinha condi\u00e7\u00e3o de preparar nem um ovo e precisava me alimentar para fazer frente \u00e0 convalesc\u00eancia, fase que tamb\u00e9m requer aten\u00e7\u00e3o espec\u00edfica.<br>J\u00e1 de posse do meu alimento adequado \u00e0 minha recupera\u00e7\u00e3o, sou chamada pelo oferecimento de alguma coisa que vinda de uma mulher que vinha em sentido contr\u00e1rio. Liguei o autom\u00e1tico e agradeci enquanto a pessoa parava e seguia publicitando seus artigos. Desliguei o autom\u00e1tico e quando me virei ela tinha desistido de mim. Chamei-a, olhei para aquela mulher da 3\u00aa ou 4\u00aa idade, pequena, franzina, puxando um carrinho de feira repleto e um mostru\u00e1rio nas m\u00e3os, perguntei quanto custava o que vendia. Ela me disse R$ 5,00.<\/p>\n\n\n\n<div class=\"wp-block-image\"><figure class=\"aligncenter size-large\"><img loading=\"lazy\" decoding=\"async\" width=\"300\" height=\"250\" src=\"https:\/\/jornalfatosenoticias.com.br\/wp-content\/uploads\/2022\/08\/arte-Casarao.jpg\" alt=\"\" class=\"wp-image-33178\"\/><\/figure><\/div>\n\n\n\n<p>Eram canetinhas de v\u00e1rios modelos, bonitinhas, escolhi uma prateada, ela puxou um caderno, j\u00e1 cheio de riscos, e me fez experimentar para verificar se estava funcionando. Decidi n\u00e3o lhe perguntar sobre sua vida, sua condi\u00e7\u00e3o de sobreviv\u00eancia, nem sua idade. Estava tudo j\u00e1 respondido, eram expl\u00edcitas as respostas. N\u00e3o devo satisfazer minha curiosidade quando isso pode causar uma revitimiza\u00e7\u00e3o ao outro. Foi assim que percebi, ela precisava continuar seu caminho, talvez para defender algum salgado para comer antes de dormir um pouco, n\u00e3o sei onde e como. Assim continuei meu caminho. Mas n\u00e3o consegui parar meus pensamentos.<\/p>\n\n\n\n<div class=\"wp-block-image\"><figure class=\"aligncenter size-large is-resized\"><img loading=\"lazy\" decoding=\"async\" src=\"https:\/\/jornalfatosenoticias.com.br\/wp-content\/uploads\/2020\/02\/logo-Rapuzel-1024x571.jpg\" alt=\"\" class=\"wp-image-42808\" width=\"341\" height=\"190\" srcset=\"https:\/\/jornalfatosenoticias.com.br\/wp-content\/uploads\/2020\/02\/logo-Rapuzel-1024x571.jpg 1024w, https:\/\/jornalfatosenoticias.com.br\/wp-content\/uploads\/2020\/02\/logo-Rapuzel-300x167.jpg 300w, https:\/\/jornalfatosenoticias.com.br\/wp-content\/uploads\/2020\/02\/logo-Rapuzel-768x428.jpg 768w, https:\/\/jornalfatosenoticias.com.br\/wp-content\/uploads\/2020\/02\/logo-Rapuzel-1536x856.jpg 1536w, https:\/\/jornalfatosenoticias.com.br\/wp-content\/uploads\/2020\/02\/logo-Rapuzel.jpg 1600w\" sizes=\"auto, (max-width: 341px) 100vw, 341px\" \/><\/figure><\/div>\n\n\n\n<div class=\"wp-block-image\"><figure class=\"aligncenter size-large\"><img loading=\"lazy\" decoding=\"async\" width=\"1000\" height=\"562\" src=\"https:\/\/jornalfatosenoticias.com.br\/wp-content\/uploads\/2023\/10\/violacoes-contra-a-pessoa-idosa-no-brasil.jpg\" alt=\"\" class=\"wp-image-45782\" srcset=\"https:\/\/jornalfatosenoticias.com.br\/wp-content\/uploads\/2023\/10\/violacoes-contra-a-pessoa-idosa-no-brasil.jpg 1000w, https:\/\/jornalfatosenoticias.com.br\/wp-content\/uploads\/2023\/10\/violacoes-contra-a-pessoa-idosa-no-brasil-300x169.jpg 300w, https:\/\/jornalfatosenoticias.com.br\/wp-content\/uploads\/2023\/10\/violacoes-contra-a-pessoa-idosa-no-brasil-768x432.jpg 768w\" sizes=\"auto, (max-width: 1000px) 100vw, 1000px\" \/><figcaption><em><span class=\"has-inline-color has-black-color\">Abandono de idosos cresce 855% em 2023 (Imagem: G1)<\/span><\/em><\/figcaption><\/figure><\/div>\n\n\n\n<p>Uma chuva de perguntas ca\u00eda sem parar no meu pensamento. Mas, por que tinha me incomodado tanto? Afinal, essa cena \u00e9 t\u00e3o comum. Percebi que tinha sido atingida ao vivo pelo que falo tanto quando me refiro \u00e0 Crian\u00e7a segregada pela <strong><span class=\"has-inline-color has-black-color\">Cidade Partida.<\/span><\/strong> Acreditamos que o <strong><span class=\"has-inline-color has-black-color\">Apartheid <\/span><\/strong>foi na \u00c1frica do Sul e que ficou para tr\u00e1s, foi resolvido por Mandela. O <strong><span class=\"has-inline-color has-black-color\">Apartheid<\/span><\/strong> est\u00e1 entre n\u00f3s, mas, como na quest\u00e3o do preconceito racial, negamos, somos camaradas, amigos, e nos negamos a enxergar o que praticamos, disfar\u00e7adamente. Negando a exist\u00eancia dessa <strong><span class=\"has-inline-color has-black-color\">Cidade Partida,<\/span><\/strong> nos iludimos que somos bons uns com os outros. Claro que sem esquecermos os cancelamentos que ocorrem nas redes sociais, sem d\u00f3 nem piedade. Justi\u00e7a com as pr\u00f3prias m\u00e3os.<\/p>\n\n\n\n<div class=\"wp-block-image\"><figure class=\"aligncenter size-large is-resized\"><img loading=\"lazy\" decoding=\"async\" src=\"https:\/\/jornalfatosenoticias.com.br\/wp-content\/uploads\/2022\/10\/Arte-jornal-Zucchi-600x600_Prancheta-1-1024x1024.jpg\" alt=\"\" class=\"wp-image-34782\" width=\"323\" height=\"323\" srcset=\"https:\/\/jornalfatosenoticias.com.br\/wp-content\/uploads\/2022\/10\/Arte-jornal-Zucchi-600x600_Prancheta-1-1024x1024.jpg 1024w, https:\/\/jornalfatosenoticias.com.br\/wp-content\/uploads\/2022\/10\/Arte-jornal-Zucchi-600x600_Prancheta-1-300x300.jpg 300w, https:\/\/jornalfatosenoticias.com.br\/wp-content\/uploads\/2022\/10\/Arte-jornal-Zucchi-600x600_Prancheta-1-150x150.jpg 150w, https:\/\/jornalfatosenoticias.com.br\/wp-content\/uploads\/2022\/10\/Arte-jornal-Zucchi-600x600_Prancheta-1-768x768.jpg 768w, https:\/\/jornalfatosenoticias.com.br\/wp-content\/uploads\/2022\/10\/Arte-jornal-Zucchi-600x600_Prancheta-1.jpg 1250w\" sizes=\"auto, (max-width: 323px) 100vw, 323px\" \/><\/figure><\/div>\n\n\n\n<p>Vivi a confirma\u00e7\u00e3o do nosso Apartheid numa cal\u00e7ada de um bairro da zona sul do Rio de Janeiro. O que me diferencia daquela Senhorinha? T\u00ednhamos muitos tra\u00e7os aparentes em comum. A cor da pele, o cabelo, a maneira polida de falar, a delicadeza e aten\u00e7\u00e3o com o outro, a for\u00e7a de trabalho, o olhar nos olhos. Em que ponto da vida aquela Senhorinha foi abandonada e apartada? Ou foi desde sempre que as oportunidades n\u00e3o chegaram para ela? Ser\u00e1 que ela, como muitas Crian\u00e7as, \u00e9 v\u00edtima de explora\u00e7\u00e3o? Afinal, ela agora tem uma condi\u00e7\u00e3o et\u00e1ria que mobiliza, faz algumas pessoas se penalizarem por essa condi\u00e7\u00e3o.<\/p>\n\n\n\n<div class=\"wp-block-image\"><figure class=\"aligncenter size-large is-resized\"><img loading=\"lazy\" decoding=\"async\" src=\"https:\/\/jornalfatosenoticias.com.br\/wp-content\/uploads\/2023\/07\/lacremoda.jpg\" alt=\"\" class=\"wp-image-43706\" width=\"356\" height=\"199\" srcset=\"https:\/\/jornalfatosenoticias.com.br\/wp-content\/uploads\/2023\/07\/lacremoda.jpg 1024w, https:\/\/jornalfatosenoticias.com.br\/wp-content\/uploads\/2023\/07\/lacremoda-300x168.jpg 300w, https:\/\/jornalfatosenoticias.com.br\/wp-content\/uploads\/2023\/07\/lacremoda-768x431.jpg 768w\" sizes=\"auto, (max-width: 356px) 100vw, 356px\" \/><\/figure><\/div>\n\n\n\n<p>Se n\u00e3o honramos a vulnerabilidade de grupos que precisam mais da ajuda do entorno, e da Responsabilidade do Estado, n\u00e3o seremos uma Sociedade saud\u00e1vel. E isso interessa porque cria bols\u00f5es para perversos praticarem a viol\u00eancia, porquanto o perverso necessita do fragilizado para se sentir Poderoso. Afinal, maltratar Crian\u00e7as, Idosos, Gays, Pobres Pretos, Mulheres, principalmente as que se tornaram m\u00e3es, \u00e9 o Gozo do Perverso. Ele precisa do vulner\u00e1vel para se sentir acima, para esmagar, para obter esse caldo de prazer, para ele o principal prazer.<\/p>\n\n\n\n<div class=\"wp-block-image\"><figure class=\"aligncenter size-large\"><img loading=\"lazy\" decoding=\"async\" width=\"433\" height=\"612\" src=\"https:\/\/jornalfatosenoticias.com.br\/wp-content\/uploads\/2023\/10\/idosa-solitaria_istockphoto.jpg\" alt=\"\" class=\"wp-image-45781\" srcset=\"https:\/\/jornalfatosenoticias.com.br\/wp-content\/uploads\/2023\/10\/idosa-solitaria_istockphoto.jpg 433w, https:\/\/jornalfatosenoticias.com.br\/wp-content\/uploads\/2023\/10\/idosa-solitaria_istockphoto-212x300.jpg 212w\" sizes=\"auto, (max-width: 433px) 100vw, 433px\" \/><figcaption><em><span class=\"has-inline-color has-black-color\">A invisibilidade acoberta a viol\u00eancia social com seus idosos (iStock)<\/span><\/em><\/figcaption><\/figure><\/div>\n\n\n\n<p>Era o dia seguinte ao Dia do Idoso. Homenagens, programas, produ\u00e7\u00e3o audiovisual, memes, musiquinhas com brincadeiras, mas muita celebra\u00e7\u00e3o enaltecendo o Idoso. Ser\u00e1 que, no Estatuto do Idoso, existe algum Artigo que corrobore o trabalho daquela Senhorinha? A invisibilidade acoberta a viol\u00eancia social com seus idosos. Enquanto nos omitirmos sem iluminar essa invisibilidade da vulnerabilidade da Crian\u00e7a e do Idoso, as duas pontas do ciclo de vida, a primeira porque ainda n\u00e3o adquiriu as habilidades necess\u00e1rias para se defender de predadores sociais, \u201catletas da viol\u00eancia\u201d, e o segundo porque est\u00e1 perdendo essas habilidades e o decl\u00ednio corporal chega, n\u00e3o alcan\u00e7aremos a Democracia Social.<\/p>\n\n\n\n<div class=\"wp-block-image\"><figure class=\"aligncenter size-large is-resized\"><img loading=\"lazy\" decoding=\"async\" src=\"https:\/\/jornalfatosenoticias.com.br\/wp-content\/uploads\/2023\/03\/logo-Panper_portal.jpg\" alt=\"\" class=\"wp-image-40208\" width=\"319\" height=\"221\" srcset=\"https:\/\/jornalfatosenoticias.com.br\/wp-content\/uploads\/2023\/03\/logo-Panper_portal.jpg 400w, https:\/\/jornalfatosenoticias.com.br\/wp-content\/uploads\/2023\/03\/logo-Panper_portal-300x208.jpg 300w\" sizes=\"auto, (max-width: 319px) 100vw, 319px\" \/><\/figure><\/div>\n\n\n\n<p>E, se n\u00e3o enxergamos a vulnerabilidade como da responsabilidade de cada um de n\u00f3s, estaremos pavimentando a naturaliza\u00e7\u00e3o da viol\u00eancia, que passa a acontecer com a autoriza\u00e7\u00e3o de cada um de n\u00f3s, sob justificativas as mais absurdas mas, aceitas como banais. Parece-me que h\u00e1 um sistema que sustenta esse ciclo, invisibilidade, viol\u00eancia, assistida por todos em un\u00edssona cegueira deliberada.<br>A vulnerabilidade invisibilizada \u00e9 a viol\u00eancia naturalizada.<\/p>\n\n\n\n<div class=\"wp-block-image\"><figure class=\"aligncenter size-large is-resized\"><img loading=\"lazy\" decoding=\"async\" src=\"https:\/\/jornalfatosenoticias.com.br\/wp-content\/uploads\/2023\/08\/LOGO-BLU-COMERCIAL-PRETO-1024x600.jpg\" alt=\"\" class=\"wp-image-44053\" width=\"341\" height=\"199\"\/><\/figure><\/div>\n","protected":false},"excerpt":{"rendered":"<p>Em que ponto da vida aquela Senhorinha foi abandonada e apartada? Ou foi desde sempre que as oportunidades n\u00e3o chegaram para ela? Era noite, voltando do consult\u00f3rio trabalhado com cuidados redobrados pela preven\u00e7\u00e3o da transmiss\u00e3o de uma virose, hoje \u00e9 uma palavra banal, mas que guarda uma amea\u00e7a bem maior que no passado e, apesar [&hellip;]<\/p>\n","protected":false},"author":8,"featured_media":45783,"comment_status":"open","ping_status":"open","sticky":false,"template":"","format":"standard","meta":{"footnotes":""},"categories":[2522],"tags":[561,681,21564,20956,850,1368,17992],"class_list":["post-45780","post","type-post","status-publish","format-standard","has-post-thumbnail","hentry","category-comportamento","tag-abandono","tag-africa-do-sul","tag-apartheid","tag-cidade-partida","tag-idosos","tag-vulnerabilidade","tag-vulnerabilidade-social"],"yoast_head":"<!-- This site is optimized with the Yoast SEO plugin v26.5 - https:\/\/yoast.com\/wordpress\/plugins\/seo\/ -->\n<title>A vulnerabilidade negada \u00e9 a viol\u00eancia naturalizada \u2014 Parte I - Jornal Fatos e Not\u00edcias<\/title>\n<meta name=\"robots\" content=\"index, follow, max-snippet:-1, max-image-preview:large, max-video-preview:-1\" \/>\n<link rel=\"canonical\" href=\"https:\/\/jornalfatosenoticias.com.br\/index.php\/2023\/10\/05\/a-vulnerabilidade-negada-e-a-violencia-naturalizada-parte-i\/\" \/>\n<meta property=\"og:locale\" content=\"pt_BR\" \/>\n<meta property=\"og:type\" content=\"article\" \/>\n<meta property=\"og:title\" content=\"A vulnerabilidade negada \u00e9 a viol\u00eancia naturalizada \u2014 Parte I - Jornal Fatos e Not\u00edcias\" \/>\n<meta property=\"og:description\" content=\"Em que ponto da vida aquela Senhorinha foi abandonada e apartada? Ou foi desde sempre que as oportunidades n\u00e3o chegaram para ela? Era noite, voltando do consult\u00f3rio trabalhado com cuidados redobrados pela preven\u00e7\u00e3o da transmiss\u00e3o de uma virose, hoje \u00e9 uma palavra banal, mas que guarda uma amea\u00e7a bem maior que no passado e, apesar [&hellip;]\" \/>\n<meta property=\"og:url\" content=\"https:\/\/jornalfatosenoticias.com.br\/index.php\/2023\/10\/05\/a-vulnerabilidade-negada-e-a-violencia-naturalizada-parte-i\/\" \/>\n<meta property=\"og:site_name\" content=\"Jornal Fatos e Not\u00edcias\" \/>\n<meta property=\"article:published_time\" content=\"2023-10-05T17:55:17+00:00\" \/>\n<meta property=\"article:modified_time\" content=\"2023-10-05T17:55:19+00:00\" \/>\n<meta property=\"og:image\" content=\"https:\/\/jornalfatosenoticias.com.br\/wp-content\/uploads\/2023\/10\/idosa-vulnerabilidade_istockphoto.jpg\" \/>\n\t<meta property=\"og:image:width\" content=\"612\" \/>\n\t<meta property=\"og:image:height\" content=\"408\" \/>\n\t<meta property=\"og:image:type\" content=\"image\/jpeg\" \/>\n<meta name=\"author\" content=\"Ana Maria Iencarelli\" \/>\n<meta name=\"twitter:card\" content=\"summary_large_image\" \/>\n<meta name=\"twitter:label1\" content=\"Escrito por\" \/>\n\t<meta name=\"twitter:data1\" content=\"Ana Maria Iencarelli\" \/>\n\t<meta name=\"twitter:label2\" content=\"Est. tempo de leitura\" \/>\n\t<meta name=\"twitter:data2\" content=\"4 minutos\" \/>\n<script type=\"application\/ld+json\" class=\"yoast-schema-graph\">{\"@context\":\"https:\/\/schema.org\",\"@graph\":[{\"@type\":\"Article\",\"@id\":\"https:\/\/jornalfatosenoticias.com.br\/index.php\/2023\/10\/05\/a-vulnerabilidade-negada-e-a-violencia-naturalizada-parte-i\/#article\",\"isPartOf\":{\"@id\":\"https:\/\/jornalfatosenoticias.com.br\/index.php\/2023\/10\/05\/a-vulnerabilidade-negada-e-a-violencia-naturalizada-parte-i\/\"},\"author\":{\"name\":\"Ana Maria Iencarelli\",\"@id\":\"https:\/\/jornalfatosenoticias.com.br\/#\/schema\/person\/c33fcf5fb02d729d3fec92c6737a22d1\"},\"headline\":\"A vulnerabilidade negada \u00e9 a viol\u00eancia naturalizada \u2014 Parte I\",\"datePublished\":\"2023-10-05T17:55:17+00:00\",\"dateModified\":\"2023-10-05T17:55:19+00:00\",\"mainEntityOfPage\":{\"@id\":\"https:\/\/jornalfatosenoticias.com.br\/index.php\/2023\/10\/05\/a-vulnerabilidade-negada-e-a-violencia-naturalizada-parte-i\/\"},\"wordCount\":854,\"commentCount\":0,\"publisher\":{\"@id\":\"https:\/\/jornalfatosenoticias.com.br\/#organization\"},\"image\":{\"@id\":\"https:\/\/jornalfatosenoticias.com.br\/index.php\/2023\/10\/05\/a-vulnerabilidade-negada-e-a-violencia-naturalizada-parte-i\/#primaryimage\"},\"thumbnailUrl\":\"https:\/\/jornalfatosenoticias.com.br\/wp-content\/uploads\/2023\/10\/idosa-vulnerabilidade_istockphoto.jpg\",\"keywords\":[\"abandono\",\"\u00c1frica do Sul\",\"Apartheid\",\"cidade partida\",\"idosos\",\"vulnerabilidade\",\"vulnerabilidade social\"],\"articleSection\":[\"Comportamento &amp; Equil\u00edbrio\"],\"inLanguage\":\"pt-BR\",\"potentialAction\":[{\"@type\":\"CommentAction\",\"name\":\"Comment\",\"target\":[\"https:\/\/jornalfatosenoticias.com.br\/index.php\/2023\/10\/05\/a-vulnerabilidade-negada-e-a-violencia-naturalizada-parte-i\/#respond\"]}]},{\"@type\":\"WebPage\",\"@id\":\"https:\/\/jornalfatosenoticias.com.br\/index.php\/2023\/10\/05\/a-vulnerabilidade-negada-e-a-violencia-naturalizada-parte-i\/\",\"url\":\"https:\/\/jornalfatosenoticias.com.br\/index.php\/2023\/10\/05\/a-vulnerabilidade-negada-e-a-violencia-naturalizada-parte-i\/\",\"name\":\"A vulnerabilidade negada \u00e9 a viol\u00eancia naturalizada \u2014 Parte I - Jornal Fatos e Not\u00edcias\",\"isPartOf\":{\"@id\":\"https:\/\/jornalfatosenoticias.com.br\/#website\"},\"primaryImageOfPage\":{\"@id\":\"https:\/\/jornalfatosenoticias.com.br\/index.php\/2023\/10\/05\/a-vulnerabilidade-negada-e-a-violencia-naturalizada-parte-i\/#primaryimage\"},\"image\":{\"@id\":\"https:\/\/jornalfatosenoticias.com.br\/index.php\/2023\/10\/05\/a-vulnerabilidade-negada-e-a-violencia-naturalizada-parte-i\/#primaryimage\"},\"thumbnailUrl\":\"https:\/\/jornalfatosenoticias.com.br\/wp-content\/uploads\/2023\/10\/idosa-vulnerabilidade_istockphoto.jpg\",\"datePublished\":\"2023-10-05T17:55:17+00:00\",\"dateModified\":\"2023-10-05T17:55:19+00:00\",\"breadcrumb\":{\"@id\":\"https:\/\/jornalfatosenoticias.com.br\/index.php\/2023\/10\/05\/a-vulnerabilidade-negada-e-a-violencia-naturalizada-parte-i\/#breadcrumb\"},\"inLanguage\":\"pt-BR\",\"potentialAction\":[{\"@type\":\"ReadAction\",\"target\":[\"https:\/\/jornalfatosenoticias.com.br\/index.php\/2023\/10\/05\/a-vulnerabilidade-negada-e-a-violencia-naturalizada-parte-i\/\"]}]},{\"@type\":\"ImageObject\",\"inLanguage\":\"pt-BR\",\"@id\":\"https:\/\/jornalfatosenoticias.com.br\/index.php\/2023\/10\/05\/a-vulnerabilidade-negada-e-a-violencia-naturalizada-parte-i\/#primaryimage\",\"url\":\"https:\/\/jornalfatosenoticias.com.br\/wp-content\/uploads\/2023\/10\/idosa-vulnerabilidade_istockphoto.jpg\",\"contentUrl\":\"https:\/\/jornalfatosenoticias.com.br\/wp-content\/uploads\/2023\/10\/idosa-vulnerabilidade_istockphoto.jpg\",\"width\":612,\"height\":408,\"caption\":\"Senior woman sitting in an armchair in a nursing home in North East of England. Close up of her hand and rings\"},{\"@type\":\"BreadcrumbList\",\"@id\":\"https:\/\/jornalfatosenoticias.com.br\/index.php\/2023\/10\/05\/a-vulnerabilidade-negada-e-a-violencia-naturalizada-parte-i\/#breadcrumb\",\"itemListElement\":[{\"@type\":\"ListItem\",\"position\":1,\"name\":\"In\u00edcio\",\"item\":\"https:\/\/jornalfatosenoticias.com.br\/\"},{\"@type\":\"ListItem\",\"position\":2,\"name\":\"A vulnerabilidade negada \u00e9 a viol\u00eancia naturalizada \u2014 Parte I\"}]},{\"@type\":\"WebSite\",\"@id\":\"https:\/\/jornalfatosenoticias.com.br\/#website\",\"url\":\"https:\/\/jornalfatosenoticias.com.br\/\",\"name\":\"Jornal Fatos e Not\u00edcias\",\"description\":\"Not\u00edcias em geral\",\"publisher\":{\"@id\":\"https:\/\/jornalfatosenoticias.com.br\/#organization\"},\"potentialAction\":[{\"@type\":\"SearchAction\",\"target\":{\"@type\":\"EntryPoint\",\"urlTemplate\":\"https:\/\/jornalfatosenoticias.com.br\/?s={search_term_string}\"},\"query-input\":{\"@type\":\"PropertyValueSpecification\",\"valueRequired\":true,\"valueName\":\"search_term_string\"}}],\"inLanguage\":\"pt-BR\"},{\"@type\":\"Organization\",\"@id\":\"https:\/\/jornalfatosenoticias.com.br\/#organization\",\"name\":\"Jornal Fatos e Not\u00edcias\",\"url\":\"https:\/\/jornalfatosenoticias.com.br\/\",\"logo\":{\"@type\":\"ImageObject\",\"inLanguage\":\"pt-BR\",\"@id\":\"https:\/\/jornalfatosenoticias.com.br\/#\/schema\/logo\/image\/\",\"url\":\"https:\/\/jornalfatosenoticias.com.br\/wp-content\/uploads\/2020\/02\/logo120.png\",\"contentUrl\":\"https:\/\/jornalfatosenoticias.com.br\/wp-content\/uploads\/2020\/02\/logo120.png\",\"width\":1227,\"height\":120,\"caption\":\"Jornal Fatos e Not\u00edcias\"},\"image\":{\"@id\":\"https:\/\/jornalfatosenoticias.com.br\/#\/schema\/logo\/image\/\"}},{\"@type\":\"Person\",\"@id\":\"https:\/\/jornalfatosenoticias.com.br\/#\/schema\/person\/c33fcf5fb02d729d3fec92c6737a22d1\",\"name\":\"Ana Maria Iencarelli\",\"image\":{\"@type\":\"ImageObject\",\"inLanguage\":\"pt-BR\",\"@id\":\"https:\/\/jornalfatosenoticias.com.br\/#\/schema\/person\/image\/\",\"url\":\"https:\/\/jornalfatosenoticias.com.br\/wp-content\/uploads\/2020\/02\/Ana-Maria-Iencarelli-1-150x150.jpg\",\"contentUrl\":\"https:\/\/jornalfatosenoticias.com.br\/wp-content\/uploads\/2020\/02\/Ana-Maria-Iencarelli-1-150x150.jpg\",\"caption\":\"Ana Maria Iencarelli\"},\"description\":\"Psicanalista Cl\u00ednica, especializada no atendimento a Crian\u00e7as e Adolescentes. Presidente da ONG Vozes de Anjos.\",\"url\":\"https:\/\/jornalfatosenoticias.com.br\/index.php\/author\/anamaria\/\"}]}<\/script>\n<!-- \/ Yoast SEO plugin. -->","yoast_head_json":{"title":"A vulnerabilidade negada \u00e9 a viol\u00eancia naturalizada \u2014 Parte I - Jornal Fatos e Not\u00edcias","robots":{"index":"index","follow":"follow","max-snippet":"max-snippet:-1","max-image-preview":"max-image-preview:large","max-video-preview":"max-video-preview:-1"},"canonical":"https:\/\/jornalfatosenoticias.com.br\/index.php\/2023\/10\/05\/a-vulnerabilidade-negada-e-a-violencia-naturalizada-parte-i\/","og_locale":"pt_BR","og_type":"article","og_title":"A vulnerabilidade negada \u00e9 a viol\u00eancia naturalizada \u2014 Parte I - Jornal Fatos e Not\u00edcias","og_description":"Em que ponto da vida aquela Senhorinha foi abandonada e apartada? Ou foi desde sempre que as oportunidades n\u00e3o chegaram para ela? Era noite, voltando do consult\u00f3rio trabalhado com cuidados redobrados pela preven\u00e7\u00e3o da transmiss\u00e3o de uma virose, hoje \u00e9 uma palavra banal, mas que guarda uma amea\u00e7a bem maior que no passado e, apesar [&hellip;]","og_url":"https:\/\/jornalfatosenoticias.com.br\/index.php\/2023\/10\/05\/a-vulnerabilidade-negada-e-a-violencia-naturalizada-parte-i\/","og_site_name":"Jornal Fatos e Not\u00edcias","article_published_time":"2023-10-05T17:55:17+00:00","article_modified_time":"2023-10-05T17:55:19+00:00","og_image":[{"width":612,"height":408,"url":"https:\/\/jornalfatosenoticias.com.br\/wp-content\/uploads\/2023\/10\/idosa-vulnerabilidade_istockphoto.jpg","type":"image\/jpeg"}],"author":"Ana Maria Iencarelli","twitter_card":"summary_large_image","twitter_misc":{"Escrito por":"Ana Maria Iencarelli","Est. tempo de leitura":"4 minutos"},"schema":{"@context":"https:\/\/schema.org","@graph":[{"@type":"Article","@id":"https:\/\/jornalfatosenoticias.com.br\/index.php\/2023\/10\/05\/a-vulnerabilidade-negada-e-a-violencia-naturalizada-parte-i\/#article","isPartOf":{"@id":"https:\/\/jornalfatosenoticias.com.br\/index.php\/2023\/10\/05\/a-vulnerabilidade-negada-e-a-violencia-naturalizada-parte-i\/"},"author":{"name":"Ana Maria Iencarelli","@id":"https:\/\/jornalfatosenoticias.com.br\/#\/schema\/person\/c33fcf5fb02d729d3fec92c6737a22d1"},"headline":"A vulnerabilidade negada \u00e9 a viol\u00eancia naturalizada \u2014 Parte I","datePublished":"2023-10-05T17:55:17+00:00","dateModified":"2023-10-05T17:55:19+00:00","mainEntityOfPage":{"@id":"https:\/\/jornalfatosenoticias.com.br\/index.php\/2023\/10\/05\/a-vulnerabilidade-negada-e-a-violencia-naturalizada-parte-i\/"},"wordCount":854,"commentCount":0,"publisher":{"@id":"https:\/\/jornalfatosenoticias.com.br\/#organization"},"image":{"@id":"https:\/\/jornalfatosenoticias.com.br\/index.php\/2023\/10\/05\/a-vulnerabilidade-negada-e-a-violencia-naturalizada-parte-i\/#primaryimage"},"thumbnailUrl":"https:\/\/jornalfatosenoticias.com.br\/wp-content\/uploads\/2023\/10\/idosa-vulnerabilidade_istockphoto.jpg","keywords":["abandono","\u00c1frica do Sul","Apartheid","cidade partida","idosos","vulnerabilidade","vulnerabilidade social"],"articleSection":["Comportamento &amp; Equil\u00edbrio"],"inLanguage":"pt-BR","potentialAction":[{"@type":"CommentAction","name":"Comment","target":["https:\/\/jornalfatosenoticias.com.br\/index.php\/2023\/10\/05\/a-vulnerabilidade-negada-e-a-violencia-naturalizada-parte-i\/#respond"]}]},{"@type":"WebPage","@id":"https:\/\/jornalfatosenoticias.com.br\/index.php\/2023\/10\/05\/a-vulnerabilidade-negada-e-a-violencia-naturalizada-parte-i\/","url":"https:\/\/jornalfatosenoticias.com.br\/index.php\/2023\/10\/05\/a-vulnerabilidade-negada-e-a-violencia-naturalizada-parte-i\/","name":"A vulnerabilidade negada \u00e9 a viol\u00eancia naturalizada \u2014 Parte I - Jornal Fatos e Not\u00edcias","isPartOf":{"@id":"https:\/\/jornalfatosenoticias.com.br\/#website"},"primaryImageOfPage":{"@id":"https:\/\/jornalfatosenoticias.com.br\/index.php\/2023\/10\/05\/a-vulnerabilidade-negada-e-a-violencia-naturalizada-parte-i\/#primaryimage"},"image":{"@id":"https:\/\/jornalfatosenoticias.com.br\/index.php\/2023\/10\/05\/a-vulnerabilidade-negada-e-a-violencia-naturalizada-parte-i\/#primaryimage"},"thumbnailUrl":"https:\/\/jornalfatosenoticias.com.br\/wp-content\/uploads\/2023\/10\/idosa-vulnerabilidade_istockphoto.jpg","datePublished":"2023-10-05T17:55:17+00:00","dateModified":"2023-10-05T17:55:19+00:00","breadcrumb":{"@id":"https:\/\/jornalfatosenoticias.com.br\/index.php\/2023\/10\/05\/a-vulnerabilidade-negada-e-a-violencia-naturalizada-parte-i\/#breadcrumb"},"inLanguage":"pt-BR","potentialAction":[{"@type":"ReadAction","target":["https:\/\/jornalfatosenoticias.com.br\/index.php\/2023\/10\/05\/a-vulnerabilidade-negada-e-a-violencia-naturalizada-parte-i\/"]}]},{"@type":"ImageObject","inLanguage":"pt-BR","@id":"https:\/\/jornalfatosenoticias.com.br\/index.php\/2023\/10\/05\/a-vulnerabilidade-negada-e-a-violencia-naturalizada-parte-i\/#primaryimage","url":"https:\/\/jornalfatosenoticias.com.br\/wp-content\/uploads\/2023\/10\/idosa-vulnerabilidade_istockphoto.jpg","contentUrl":"https:\/\/jornalfatosenoticias.com.br\/wp-content\/uploads\/2023\/10\/idosa-vulnerabilidade_istockphoto.jpg","width":612,"height":408,"caption":"Senior woman sitting in an armchair in a nursing home in North East of England. Close up of her hand and rings"},{"@type":"BreadcrumbList","@id":"https:\/\/jornalfatosenoticias.com.br\/index.php\/2023\/10\/05\/a-vulnerabilidade-negada-e-a-violencia-naturalizada-parte-i\/#breadcrumb","itemListElement":[{"@type":"ListItem","position":1,"name":"In\u00edcio","item":"https:\/\/jornalfatosenoticias.com.br\/"},{"@type":"ListItem","position":2,"name":"A vulnerabilidade negada \u00e9 a viol\u00eancia naturalizada \u2014 Parte I"}]},{"@type":"WebSite","@id":"https:\/\/jornalfatosenoticias.com.br\/#website","url":"https:\/\/jornalfatosenoticias.com.br\/","name":"Jornal Fatos e Not\u00edcias","description":"Not\u00edcias em geral","publisher":{"@id":"https:\/\/jornalfatosenoticias.com.br\/#organization"},"potentialAction":[{"@type":"SearchAction","target":{"@type":"EntryPoint","urlTemplate":"https:\/\/jornalfatosenoticias.com.br\/?s={search_term_string}"},"query-input":{"@type":"PropertyValueSpecification","valueRequired":true,"valueName":"search_term_string"}}],"inLanguage":"pt-BR"},{"@type":"Organization","@id":"https:\/\/jornalfatosenoticias.com.br\/#organization","name":"Jornal Fatos e Not\u00edcias","url":"https:\/\/jornalfatosenoticias.com.br\/","logo":{"@type":"ImageObject","inLanguage":"pt-BR","@id":"https:\/\/jornalfatosenoticias.com.br\/#\/schema\/logo\/image\/","url":"https:\/\/jornalfatosenoticias.com.br\/wp-content\/uploads\/2020\/02\/logo120.png","contentUrl":"https:\/\/jornalfatosenoticias.com.br\/wp-content\/uploads\/2020\/02\/logo120.png","width":1227,"height":120,"caption":"Jornal Fatos e Not\u00edcias"},"image":{"@id":"https:\/\/jornalfatosenoticias.com.br\/#\/schema\/logo\/image\/"}},{"@type":"Person","@id":"https:\/\/jornalfatosenoticias.com.br\/#\/schema\/person\/c33fcf5fb02d729d3fec92c6737a22d1","name":"Ana Maria Iencarelli","image":{"@type":"ImageObject","inLanguage":"pt-BR","@id":"https:\/\/jornalfatosenoticias.com.br\/#\/schema\/person\/image\/","url":"https:\/\/jornalfatosenoticias.com.br\/wp-content\/uploads\/2020\/02\/Ana-Maria-Iencarelli-1-150x150.jpg","contentUrl":"https:\/\/jornalfatosenoticias.com.br\/wp-content\/uploads\/2020\/02\/Ana-Maria-Iencarelli-1-150x150.jpg","caption":"Ana Maria Iencarelli"},"description":"Psicanalista Cl\u00ednica, especializada no atendimento a Crian\u00e7as e Adolescentes. Presidente da ONG Vozes de Anjos.","url":"https:\/\/jornalfatosenoticias.com.br\/index.php\/author\/anamaria\/"}]}},"cc_featured_image_caption":{"caption_text":"(iStock) ","source_text":"","source_url":""},"jetpack_featured_media_url":"https:\/\/jornalfatosenoticias.com.br\/wp-content\/uploads\/2023\/10\/idosa-vulnerabilidade_istockphoto.jpg","_links":{"self":[{"href":"https:\/\/jornalfatosenoticias.com.br\/index.php\/wp-json\/wp\/v2\/posts\/45780","targetHints":{"allow":["GET"]}}],"collection":[{"href":"https:\/\/jornalfatosenoticias.com.br\/index.php\/wp-json\/wp\/v2\/posts"}],"about":[{"href":"https:\/\/jornalfatosenoticias.com.br\/index.php\/wp-json\/wp\/v2\/types\/post"}],"author":[{"embeddable":true,"href":"https:\/\/jornalfatosenoticias.com.br\/index.php\/wp-json\/wp\/v2\/users\/8"}],"replies":[{"embeddable":true,"href":"https:\/\/jornalfatosenoticias.com.br\/index.php\/wp-json\/wp\/v2\/comments?post=45780"}],"version-history":[{"count":0,"href":"https:\/\/jornalfatosenoticias.com.br\/index.php\/wp-json\/wp\/v2\/posts\/45780\/revisions"}],"wp:featuredmedia":[{"embeddable":true,"href":"https:\/\/jornalfatosenoticias.com.br\/index.php\/wp-json\/wp\/v2\/media\/45783"}],"wp:attachment":[{"href":"https:\/\/jornalfatosenoticias.com.br\/index.php\/wp-json\/wp\/v2\/media?parent=45780"}],"wp:term":[{"taxonomy":"category","embeddable":true,"href":"https:\/\/jornalfatosenoticias.com.br\/index.php\/wp-json\/wp\/v2\/categories?post=45780"},{"taxonomy":"post_tag","embeddable":true,"href":"https:\/\/jornalfatosenoticias.com.br\/index.php\/wp-json\/wp\/v2\/tags?post=45780"}],"curies":[{"name":"wp","href":"https:\/\/api.w.org\/{rel}","templated":true}]}}