{"id":4581,"date":"2020-05-19T10:48:49","date_gmt":"2020-05-19T13:48:49","guid":{"rendered":"https:\/\/jornalfatosenoticias.com.br\/?p=4581"},"modified":"2020-05-19T10:48:53","modified_gmt":"2020-05-19T13:48:53","slug":"enem-registra-mais-de-35-milhoes-de-inscritos","status":"publish","type":"post","link":"https:\/\/jornalfatosenoticias.com.br\/index.php\/2020\/05\/19\/enem-registra-mais-de-35-milhoes-de-inscritos\/","title":{"rendered":"Enem registra mais de 3,5 milh\u00f5es de inscritos"},"content":{"rendered":"\n<h6 class=\"wp-block-heading\"><em>Prazo de inscri\u00e7\u00e3o termina nesta sexta-feira<\/em><\/h6>\n\n\n\n<p>Em meio a d\u00favidas se as datas do Exame Nacional do Ensino M\u00e9dio (Enem) ser\u00e3o mantidas, a edi\u00e7\u00e3o 2020 da prova j\u00e1 contabiliza mais de 3,5 milh\u00f5es de inscri\u00e7\u00f5es. Segundo o Instituto Nacional de Estudos e Pesquisas Educacionais An\u00edsio Teixeira (Inep), respons\u00e1vel pelo Exame, as inscri\u00e7\u00f5es podem ser feitas normalmente at\u00e9 as 23h59 da pr\u00f3xima sexta-feira (22).<\/p>\n\n\n\n<h4 class=\"wp-block-heading\">Adiamento<\/h4>\n\n\n\n<p>A realiza\u00e7\u00e3o do Enem \u00e9 alvo de questionamentos judiciais. Ontem (18) a Defensoria P\u00fablica da Uni\u00e3o (DPU) entrou com recurso no Tribunal Regional Federal da 3\u00aa Regi\u00e3o pedindo que a decis\u00e3o de manter o exame durante a pandemia do coronav\u00edrus seja revista. Em abril, o \u00f3rg\u00e3o conseguiu uma liminar favor\u00e1vel ao adiamento das datas da prova, mas a medida foi derrubada pelo desembargador Ant\u00f4nio Cedenho atendendo a um pedido da Advocacia Geral da Uni\u00e3o (AGU).<br>A DPU argumenta que in\u00fameros estudantes, sobretudo os mais pobres, n\u00e3o possuem acesso \u00e0 internet, nem tampouco materiais did\u00e1ticos em suas resid\u00eancias\u2019, o que prejudicaria a prepara\u00e7\u00e3o para o Exame. \u201cAinda que haja recomenda\u00e7\u00e3o para que os estudantes continuem os seus estudos durante o per\u00edodo de pandemia pela vida remota, sabe-se que as condi\u00e7\u00f5es de estudo para os alunos brasileiros s\u00e3o desiguais\u201d, ressaltam os defensores Jo\u00e3o Paulo Dorini e Viviane Ceolin Dallasta Del Grossi no documento.<br>Em nota, tamb\u00e9m publicada ontem, o Inep lembrou as medidas que j\u00e1 foram tomadas para a realiza\u00e7\u00e3o da prova, como o adiamento da data de outubro para novembro, mas admitiu que o \u00f3rg\u00e3o poder\u00e1 rever mais uma vez a data do Enem.<br>Segundo o Inep, em reuni\u00e3o do Comit\u00ea de Emerg\u00eancia criado para debater quest\u00f5es relativas \u00e0 educa\u00e7\u00e3o durante a pandemia, j\u00e1 foi admitida a possibilidade de altera\u00e7\u00e3o no cronograma da prova. \u201cForam destaques das discuss\u00f5es, no \u00e2mbito desse Comit\u00ea, as tratativas empreendidas a respeito do cronograma do Enem 2020, ocasi\u00e3o em que j\u00e1 se demonstrou abertura para nova altera\u00e7\u00e3o da data de aplica\u00e7\u00e3o das provas, t\u00e3o logo o cen\u00e1rio fique mais definido, o que se reafirma na presente nota\u201d, diz o comunicado do \u00f3rg\u00e3o vinculado ao Minist\u00e9rio da Educa\u00e7\u00e3o.<\/p>\n\n\n\n<h4 class=\"wp-block-heading\">Senado<\/h4>\n\n\n\n<p>Tamb\u00e9m pelo adiamento do Enem est\u00e1 na pauta desta ter\u00e7a-feira (19) do plen\u00e1rio do Senado o projeto de Lei (PL) 1.277\/2020, da senadora Daniela Ribeiro (PP-PB), que suspende a aplica\u00e7\u00e3o do Exame em casos de calamidade p\u00fablica. Se aprovado o texto seguir\u00e1 para an\u00e1lise dos deputados.<\/p>\n\n\n\n<h4 class=\"wp-block-heading\">Enem Digital<\/h4>\n\n\n\n<p>Para o Enem Digital n\u00e3o h\u00e1 mais vagas. As 101,1 mil vagas oferecidas se esgotaram desde a semana passada. A prova \u00e9 a vers\u00e3o informatizada do Enem. Em vez de cadernos de provas e cart\u00e3o de respostas em papel, os participantes inscritos no Enem Digital fazem as provas diretamente no computador. Os candidatos n\u00e3o far\u00e3o a prova em casa. A aplica\u00e7\u00e3o ser\u00e1 em laborat\u00f3rios de inform\u00e1tica em diversas faculdades brasileiras. Nessa op\u00e7\u00e3o o candidato receber\u00e1 um cart\u00e3o de confirma\u00e7\u00e3o da inscri\u00e7\u00e3o no Enem com o endere\u00e7o da faculdade e o laborat\u00f3rio de inform\u00e1tica onde far\u00e1 a prova, sob supervis\u00e3o dos fiscais no Enem.<\/p>\n\n\n\n<h4 class=\"wp-block-heading\">Prova<\/h4>\n\n\n\n<p>Tanto na vers\u00e3o impressa como na digital, a estrutura do exame permanece com uma reda\u00e7\u00e3o e 45 quest\u00f5es em cada prova das quatro \u00e1reas de conhecimento: linguagens, c\u00f3digos e suas tecnologias; ci\u00eancias humanas e suas tecnologias; ci\u00eancias da natureza e suas tecnologias; e matem\u00e1tica e suas tecnologias.<\/p>\n\n\n\n<h4 class=\"wp-block-heading\">Datas<\/h4>\n\n\n\n<p>Se n\u00e3o houver nova altera\u00e7\u00e3o no calend\u00e1rio, o Enem impresso ser\u00e1 aplicado nos dias 1\u00ba e 8 de novembro, e a vers\u00e3o digital, em 22 e 29 de novembro.<\/p>\n\n\n\n<h4 class=\"wp-block-heading\">Taxa<\/h4>\n\n\n\n<p>Este ano por causa da pandemia do novo coronav\u00edrus (covid-19), o Minist\u00e9rio da Educa\u00e7\u00e3o e o Inep conceder\u00e3o isen\u00e7\u00e3o do pagamento da taxa de inscri\u00e7\u00e3o, de acordo com os crit\u00e9rios previstos nos editais, independentemente do pedido formal. Quem n\u00e3o atende aos requisitos para a isen\u00e7\u00e3o da taxa de inscri\u00e7\u00e3o deve pagar o boleto de R$ 85, at\u00e9 28 de maio.<br>O candidato que precisar de algum recurso especial de acessibilidade deve fazer a solicita\u00e7\u00e3o no ato da inscri\u00e7\u00e3o para a vers\u00e3o impressa do Enem. Este ano gestantes, lactantes, idosos e estudantes em classe hospitalar foram inclu\u00eddos na denomina\u00e7\u00e3o \u201cespecializado\u201d.<\/p>\n\n\n\n<p><em><strong>Fonte: <a href=\"https:\/\/agenciabrasil.ebc.com.br\/educacao\/noticia\/2020-05\/enem-registra-mais-de-35-milhoes-de-inscritos\">Ag\u00eancia Brasil<\/a><\/strong><\/em><\/p>\n","protected":false},"excerpt":{"rendered":"<p>Prazo de inscri\u00e7\u00e3o termina nesta sexta-feira Em meio a d\u00favidas se as datas do Exame Nacional do Ensino M\u00e9dio (Enem) ser\u00e3o mantidas, a edi\u00e7\u00e3o 2020 da prova j\u00e1 contabiliza mais de 3,5 milh\u00f5es de inscri\u00e7\u00f5es. Segundo o Instituto Nacional de Estudos e Pesquisas Educacionais An\u00edsio Teixeira (Inep), respons\u00e1vel pelo Exame, as inscri\u00e7\u00f5es podem ser feitas [&hellip;]<\/p>\n","protected":false},"author":2,"featured_media":4582,"comment_status":"open","ping_status":"open","sticky":false,"template":"","format":"standard","meta":{"footnotes":""},"categories":[7],"tags":[73,2725,921,2724,2681],"class_list":["post-4581","post","type-post","status-publish","format-standard","has-post-thumbnail","hentry","category-educacao","tag-coronavirus","tag-data","tag-enem","tag-inscritos","tag-pandemia-covid-19"],"yoast_head":"<!-- This site is optimized with the Yoast SEO plugin v26.5 - https:\/\/yoast.com\/wordpress\/plugins\/seo\/ -->\n<title>Enem registra mais de 3,5 milh\u00f5es de inscritos - Jornal Fatos e Not\u00edcias<\/title>\n<meta name=\"robots\" content=\"index, follow, max-snippet:-1, max-image-preview:large, max-video-preview:-1\" \/>\n<link rel=\"canonical\" href=\"https:\/\/jornalfatosenoticias.com.br\/index.php\/2020\/05\/19\/enem-registra-mais-de-35-milhoes-de-inscritos\/\" \/>\n<meta property=\"og:locale\" content=\"pt_BR\" \/>\n<meta property=\"og:type\" content=\"article\" \/>\n<meta property=\"og:title\" content=\"Enem registra mais de 3,5 milh\u00f5es de inscritos - Jornal Fatos e Not\u00edcias\" \/>\n<meta property=\"og:description\" content=\"Prazo de inscri\u00e7\u00e3o termina nesta sexta-feira Em meio a d\u00favidas se as datas do Exame Nacional do Ensino M\u00e9dio (Enem) ser\u00e3o mantidas, a edi\u00e7\u00e3o 2020 da prova j\u00e1 contabiliza mais de 3,5 milh\u00f5es de inscri\u00e7\u00f5es. Segundo o Instituto Nacional de Estudos e Pesquisas Educacionais An\u00edsio Teixeira (Inep), respons\u00e1vel pelo Exame, as inscri\u00e7\u00f5es podem ser feitas [&hellip;]\" \/>\n<meta property=\"og:url\" content=\"https:\/\/jornalfatosenoticias.com.br\/index.php\/2020\/05\/19\/enem-registra-mais-de-35-milhoes-de-inscritos\/\" \/>\n<meta property=\"og:site_name\" content=\"Jornal Fatos e Not\u00edcias\" \/>\n<meta property=\"article:published_time\" content=\"2020-05-19T13:48:49+00:00\" \/>\n<meta property=\"article:modified_time\" content=\"2020-05-19T13:48:53+00:00\" \/>\n<meta property=\"og:image\" content=\"https:\/\/jornalfatosenoticias.com.br\/wp-content\/uploads\/2020\/05\/enem_abr.jpg\" \/>\n\t<meta property=\"og:image:width\" content=\"1000\" \/>\n\t<meta property=\"og:image:height\" content=\"598\" \/>\n\t<meta property=\"og:image:type\" content=\"image\/jpeg\" \/>\n<meta name=\"author\" content=\"Luzimara Fernandes\" \/>\n<meta name=\"twitter:card\" content=\"summary_large_image\" \/>\n<meta name=\"twitter:label1\" content=\"Escrito por\" \/>\n\t<meta name=\"twitter:data1\" content=\"Luzimara Fernandes\" \/>\n\t<meta name=\"twitter:label2\" content=\"Est. tempo de leitura\" \/>\n\t<meta name=\"twitter:data2\" content=\"4 minutos\" \/>\n<script type=\"application\/ld+json\" class=\"yoast-schema-graph\">{\"@context\":\"https:\/\/schema.org\",\"@graph\":[{\"@type\":\"Article\",\"@id\":\"https:\/\/jornalfatosenoticias.com.br\/index.php\/2020\/05\/19\/enem-registra-mais-de-35-milhoes-de-inscritos\/#article\",\"isPartOf\":{\"@id\":\"https:\/\/jornalfatosenoticias.com.br\/index.php\/2020\/05\/19\/enem-registra-mais-de-35-milhoes-de-inscritos\/\"},\"author\":{\"name\":\"Luzimara Fernandes\",\"@id\":\"https:\/\/jornalfatosenoticias.com.br\/#\/schema\/person\/d63837fa13ac8666eb9e74e0985d6f81\"},\"headline\":\"Enem registra mais de 3,5 milh\u00f5es de inscritos\",\"datePublished\":\"2020-05-19T13:48:49+00:00\",\"dateModified\":\"2020-05-19T13:48:53+00:00\",\"mainEntityOfPage\":{\"@id\":\"https:\/\/jornalfatosenoticias.com.br\/index.php\/2020\/05\/19\/enem-registra-mais-de-35-milhoes-de-inscritos\/\"},\"wordCount\":763,\"commentCount\":0,\"publisher\":{\"@id\":\"https:\/\/jornalfatosenoticias.com.br\/#organization\"},\"image\":{\"@id\":\"https:\/\/jornalfatosenoticias.com.br\/index.php\/2020\/05\/19\/enem-registra-mais-de-35-milhoes-de-inscritos\/#primaryimage\"},\"thumbnailUrl\":\"https:\/\/jornalfatosenoticias.com.br\/wp-content\/uploads\/2020\/05\/enem_abr.jpg\",\"keywords\":[\"coronav\u00edrus\",\"data\",\"Enem\",\"inscritos\",\"pandemia covid-19\"],\"articleSection\":[\"Educa\u00e7\u00e3o\"],\"inLanguage\":\"pt-BR\",\"potentialAction\":[{\"@type\":\"CommentAction\",\"name\":\"Comment\",\"target\":[\"https:\/\/jornalfatosenoticias.com.br\/index.php\/2020\/05\/19\/enem-registra-mais-de-35-milhoes-de-inscritos\/#respond\"]}]},{\"@type\":\"WebPage\",\"@id\":\"https:\/\/jornalfatosenoticias.com.br\/index.php\/2020\/05\/19\/enem-registra-mais-de-35-milhoes-de-inscritos\/\",\"url\":\"https:\/\/jornalfatosenoticias.com.br\/index.php\/2020\/05\/19\/enem-registra-mais-de-35-milhoes-de-inscritos\/\",\"name\":\"Enem registra mais de 3,5 milh\u00f5es de inscritos - Jornal Fatos e Not\u00edcias\",\"isPartOf\":{\"@id\":\"https:\/\/jornalfatosenoticias.com.br\/#website\"},\"primaryImageOfPage\":{\"@id\":\"https:\/\/jornalfatosenoticias.com.br\/index.php\/2020\/05\/19\/enem-registra-mais-de-35-milhoes-de-inscritos\/#primaryimage\"},\"image\":{\"@id\":\"https:\/\/jornalfatosenoticias.com.br\/index.php\/2020\/05\/19\/enem-registra-mais-de-35-milhoes-de-inscritos\/#primaryimage\"},\"thumbnailUrl\":\"https:\/\/jornalfatosenoticias.com.br\/wp-content\/uploads\/2020\/05\/enem_abr.jpg\",\"datePublished\":\"2020-05-19T13:48:49+00:00\",\"dateModified\":\"2020-05-19T13:48:53+00:00\",\"breadcrumb\":{\"@id\":\"https:\/\/jornalfatosenoticias.com.br\/index.php\/2020\/05\/19\/enem-registra-mais-de-35-milhoes-de-inscritos\/#breadcrumb\"},\"inLanguage\":\"pt-BR\",\"potentialAction\":[{\"@type\":\"ReadAction\",\"target\":[\"https:\/\/jornalfatosenoticias.com.br\/index.php\/2020\/05\/19\/enem-registra-mais-de-35-milhoes-de-inscritos\/\"]}]},{\"@type\":\"ImageObject\",\"inLanguage\":\"pt-BR\",\"@id\":\"https:\/\/jornalfatosenoticias.com.br\/index.php\/2020\/05\/19\/enem-registra-mais-de-35-milhoes-de-inscritos\/#primaryimage\",\"url\":\"https:\/\/jornalfatosenoticias.com.br\/wp-content\/uploads\/2020\/05\/enem_abr.jpg\",\"contentUrl\":\"https:\/\/jornalfatosenoticias.com.br\/wp-content\/uploads\/2020\/05\/enem_abr.jpg\",\"width\":1000,\"height\":598,\"caption\":\"Aplicativo de Celular ENEM 2019\"},{\"@type\":\"BreadcrumbList\",\"@id\":\"https:\/\/jornalfatosenoticias.com.br\/index.php\/2020\/05\/19\/enem-registra-mais-de-35-milhoes-de-inscritos\/#breadcrumb\",\"itemListElement\":[{\"@type\":\"ListItem\",\"position\":1,\"name\":\"In\u00edcio\",\"item\":\"https:\/\/jornalfatosenoticias.com.br\/\"},{\"@type\":\"ListItem\",\"position\":2,\"name\":\"Enem registra mais de 3,5 milh\u00f5es de inscritos\"}]},{\"@type\":\"WebSite\",\"@id\":\"https:\/\/jornalfatosenoticias.com.br\/#website\",\"url\":\"https:\/\/jornalfatosenoticias.com.br\/\",\"name\":\"Jornal Fatos e Not\u00edcias\",\"description\":\"Not\u00edcias em geral\",\"publisher\":{\"@id\":\"https:\/\/jornalfatosenoticias.com.br\/#organization\"},\"potentialAction\":[{\"@type\":\"SearchAction\",\"target\":{\"@type\":\"EntryPoint\",\"urlTemplate\":\"https:\/\/jornalfatosenoticias.com.br\/?s={search_term_string}\"},\"query-input\":{\"@type\":\"PropertyValueSpecification\",\"valueRequired\":true,\"valueName\":\"search_term_string\"}}],\"inLanguage\":\"pt-BR\"},{\"@type\":\"Organization\",\"@id\":\"https:\/\/jornalfatosenoticias.com.br\/#organization\",\"name\":\"Jornal Fatos e Not\u00edcias\",\"url\":\"https:\/\/jornalfatosenoticias.com.br\/\",\"logo\":{\"@type\":\"ImageObject\",\"inLanguage\":\"pt-BR\",\"@id\":\"https:\/\/jornalfatosenoticias.com.br\/#\/schema\/logo\/image\/\",\"url\":\"https:\/\/jornalfatosenoticias.com.br\/wp-content\/uploads\/2020\/02\/logo120.png\",\"contentUrl\":\"https:\/\/jornalfatosenoticias.com.br\/wp-content\/uploads\/2020\/02\/logo120.png\",\"width\":1227,\"height\":120,\"caption\":\"Jornal Fatos e Not\u00edcias\"},\"image\":{\"@id\":\"https:\/\/jornalfatosenoticias.com.br\/#\/schema\/logo\/image\/\"}},{\"@type\":\"Person\",\"@id\":\"https:\/\/jornalfatosenoticias.com.br\/#\/schema\/person\/d63837fa13ac8666eb9e74e0985d6f81\",\"name\":\"Luzimara Fernandes\",\"image\":{\"@type\":\"ImageObject\",\"inLanguage\":\"pt-BR\",\"@id\":\"https:\/\/jornalfatosenoticias.com.br\/#\/schema\/person\/image\/\",\"url\":\"https:\/\/jornalfatosenoticias.com.br\/wp-content\/uploads\/2025\/05\/EU_portal.jpg\",\"contentUrl\":\"https:\/\/jornalfatosenoticias.com.br\/wp-content\/uploads\/2025\/05\/EU_portal.jpg\",\"caption\":\"Luzimara Fernandes\"},\"description\":\"Jornalista MTB 2358-ES\",\"sameAs\":[\"https:\/\/jornalfatosenoticias.com.br\"],\"url\":\"https:\/\/jornalfatosenoticias.com.br\/index.php\/author\/luzimara\/\"}]}<\/script>\n<!-- \/ Yoast SEO plugin. -->","yoast_head_json":{"title":"Enem registra mais de 3,5 milh\u00f5es de inscritos - Jornal Fatos e Not\u00edcias","robots":{"index":"index","follow":"follow","max-snippet":"max-snippet:-1","max-image-preview":"max-image-preview:large","max-video-preview":"max-video-preview:-1"},"canonical":"https:\/\/jornalfatosenoticias.com.br\/index.php\/2020\/05\/19\/enem-registra-mais-de-35-milhoes-de-inscritos\/","og_locale":"pt_BR","og_type":"article","og_title":"Enem registra mais de 3,5 milh\u00f5es de inscritos - Jornal Fatos e Not\u00edcias","og_description":"Prazo de inscri\u00e7\u00e3o termina nesta sexta-feira Em meio a d\u00favidas se as datas do Exame Nacional do Ensino M\u00e9dio (Enem) ser\u00e3o mantidas, a edi\u00e7\u00e3o 2020 da prova j\u00e1 contabiliza mais de 3,5 milh\u00f5es de inscri\u00e7\u00f5es. Segundo o Instituto Nacional de Estudos e Pesquisas Educacionais An\u00edsio Teixeira (Inep), respons\u00e1vel pelo Exame, as inscri\u00e7\u00f5es podem ser feitas [&hellip;]","og_url":"https:\/\/jornalfatosenoticias.com.br\/index.php\/2020\/05\/19\/enem-registra-mais-de-35-milhoes-de-inscritos\/","og_site_name":"Jornal Fatos e Not\u00edcias","article_published_time":"2020-05-19T13:48:49+00:00","article_modified_time":"2020-05-19T13:48:53+00:00","og_image":[{"width":1000,"height":598,"url":"https:\/\/jornalfatosenoticias.com.br\/wp-content\/uploads\/2020\/05\/enem_abr.jpg","type":"image\/jpeg"}],"author":"Luzimara Fernandes","twitter_card":"summary_large_image","twitter_misc":{"Escrito por":"Luzimara Fernandes","Est. tempo de leitura":"4 minutos"},"schema":{"@context":"https:\/\/schema.org","@graph":[{"@type":"Article","@id":"https:\/\/jornalfatosenoticias.com.br\/index.php\/2020\/05\/19\/enem-registra-mais-de-35-milhoes-de-inscritos\/#article","isPartOf":{"@id":"https:\/\/jornalfatosenoticias.com.br\/index.php\/2020\/05\/19\/enem-registra-mais-de-35-milhoes-de-inscritos\/"},"author":{"name":"Luzimara Fernandes","@id":"https:\/\/jornalfatosenoticias.com.br\/#\/schema\/person\/d63837fa13ac8666eb9e74e0985d6f81"},"headline":"Enem registra mais de 3,5 milh\u00f5es de inscritos","datePublished":"2020-05-19T13:48:49+00:00","dateModified":"2020-05-19T13:48:53+00:00","mainEntityOfPage":{"@id":"https:\/\/jornalfatosenoticias.com.br\/index.php\/2020\/05\/19\/enem-registra-mais-de-35-milhoes-de-inscritos\/"},"wordCount":763,"commentCount":0,"publisher":{"@id":"https:\/\/jornalfatosenoticias.com.br\/#organization"},"image":{"@id":"https:\/\/jornalfatosenoticias.com.br\/index.php\/2020\/05\/19\/enem-registra-mais-de-35-milhoes-de-inscritos\/#primaryimage"},"thumbnailUrl":"https:\/\/jornalfatosenoticias.com.br\/wp-content\/uploads\/2020\/05\/enem_abr.jpg","keywords":["coronav\u00edrus","data","Enem","inscritos","pandemia covid-19"],"articleSection":["Educa\u00e7\u00e3o"],"inLanguage":"pt-BR","potentialAction":[{"@type":"CommentAction","name":"Comment","target":["https:\/\/jornalfatosenoticias.com.br\/index.php\/2020\/05\/19\/enem-registra-mais-de-35-milhoes-de-inscritos\/#respond"]}]},{"@type":"WebPage","@id":"https:\/\/jornalfatosenoticias.com.br\/index.php\/2020\/05\/19\/enem-registra-mais-de-35-milhoes-de-inscritos\/","url":"https:\/\/jornalfatosenoticias.com.br\/index.php\/2020\/05\/19\/enem-registra-mais-de-35-milhoes-de-inscritos\/","name":"Enem registra mais de 3,5 milh\u00f5es de inscritos - Jornal Fatos e Not\u00edcias","isPartOf":{"@id":"https:\/\/jornalfatosenoticias.com.br\/#website"},"primaryImageOfPage":{"@id":"https:\/\/jornalfatosenoticias.com.br\/index.php\/2020\/05\/19\/enem-registra-mais-de-35-milhoes-de-inscritos\/#primaryimage"},"image":{"@id":"https:\/\/jornalfatosenoticias.com.br\/index.php\/2020\/05\/19\/enem-registra-mais-de-35-milhoes-de-inscritos\/#primaryimage"},"thumbnailUrl":"https:\/\/jornalfatosenoticias.com.br\/wp-content\/uploads\/2020\/05\/enem_abr.jpg","datePublished":"2020-05-19T13:48:49+00:00","dateModified":"2020-05-19T13:48:53+00:00","breadcrumb":{"@id":"https:\/\/jornalfatosenoticias.com.br\/index.php\/2020\/05\/19\/enem-registra-mais-de-35-milhoes-de-inscritos\/#breadcrumb"},"inLanguage":"pt-BR","potentialAction":[{"@type":"ReadAction","target":["https:\/\/jornalfatosenoticias.com.br\/index.php\/2020\/05\/19\/enem-registra-mais-de-35-milhoes-de-inscritos\/"]}]},{"@type":"ImageObject","inLanguage":"pt-BR","@id":"https:\/\/jornalfatosenoticias.com.br\/index.php\/2020\/05\/19\/enem-registra-mais-de-35-milhoes-de-inscritos\/#primaryimage","url":"https:\/\/jornalfatosenoticias.com.br\/wp-content\/uploads\/2020\/05\/enem_abr.jpg","contentUrl":"https:\/\/jornalfatosenoticias.com.br\/wp-content\/uploads\/2020\/05\/enem_abr.jpg","width":1000,"height":598,"caption":"Aplicativo de Celular ENEM 2019"},{"@type":"BreadcrumbList","@id":"https:\/\/jornalfatosenoticias.com.br\/index.php\/2020\/05\/19\/enem-registra-mais-de-35-milhoes-de-inscritos\/#breadcrumb","itemListElement":[{"@type":"ListItem","position":1,"name":"In\u00edcio","item":"https:\/\/jornalfatosenoticias.com.br\/"},{"@type":"ListItem","position":2,"name":"Enem registra mais de 3,5 milh\u00f5es de inscritos"}]},{"@type":"WebSite","@id":"https:\/\/jornalfatosenoticias.com.br\/#website","url":"https:\/\/jornalfatosenoticias.com.br\/","name":"Jornal Fatos e Not\u00edcias","description":"Not\u00edcias em geral","publisher":{"@id":"https:\/\/jornalfatosenoticias.com.br\/#organization"},"potentialAction":[{"@type":"SearchAction","target":{"@type":"EntryPoint","urlTemplate":"https:\/\/jornalfatosenoticias.com.br\/?s={search_term_string}"},"query-input":{"@type":"PropertyValueSpecification","valueRequired":true,"valueName":"search_term_string"}}],"inLanguage":"pt-BR"},{"@type":"Organization","@id":"https:\/\/jornalfatosenoticias.com.br\/#organization","name":"Jornal Fatos e Not\u00edcias","url":"https:\/\/jornalfatosenoticias.com.br\/","logo":{"@type":"ImageObject","inLanguage":"pt-BR","@id":"https:\/\/jornalfatosenoticias.com.br\/#\/schema\/logo\/image\/","url":"https:\/\/jornalfatosenoticias.com.br\/wp-content\/uploads\/2020\/02\/logo120.png","contentUrl":"https:\/\/jornalfatosenoticias.com.br\/wp-content\/uploads\/2020\/02\/logo120.png","width":1227,"height":120,"caption":"Jornal Fatos e Not\u00edcias"},"image":{"@id":"https:\/\/jornalfatosenoticias.com.br\/#\/schema\/logo\/image\/"}},{"@type":"Person","@id":"https:\/\/jornalfatosenoticias.com.br\/#\/schema\/person\/d63837fa13ac8666eb9e74e0985d6f81","name":"Luzimara Fernandes","image":{"@type":"ImageObject","inLanguage":"pt-BR","@id":"https:\/\/jornalfatosenoticias.com.br\/#\/schema\/person\/image\/","url":"https:\/\/jornalfatosenoticias.com.br\/wp-content\/uploads\/2025\/05\/EU_portal.jpg","contentUrl":"https:\/\/jornalfatosenoticias.com.br\/wp-content\/uploads\/2025\/05\/EU_portal.jpg","caption":"Luzimara Fernandes"},"description":"Jornalista MTB 2358-ES","sameAs":["https:\/\/jornalfatosenoticias.com.br"],"url":"https:\/\/jornalfatosenoticias.com.br\/index.php\/author\/luzimara\/"}]}},"cc_featured_image_caption":{"caption_text":"(Foto: Marcello Casal Jr\/Ag\u00eancia Brasil)","source_text":"","source_url":""},"jetpack_featured_media_url":"https:\/\/jornalfatosenoticias.com.br\/wp-content\/uploads\/2020\/05\/enem_abr.jpg","_links":{"self":[{"href":"https:\/\/jornalfatosenoticias.com.br\/index.php\/wp-json\/wp\/v2\/posts\/4581","targetHints":{"allow":["GET"]}}],"collection":[{"href":"https:\/\/jornalfatosenoticias.com.br\/index.php\/wp-json\/wp\/v2\/posts"}],"about":[{"href":"https:\/\/jornalfatosenoticias.com.br\/index.php\/wp-json\/wp\/v2\/types\/post"}],"author":[{"embeddable":true,"href":"https:\/\/jornalfatosenoticias.com.br\/index.php\/wp-json\/wp\/v2\/users\/2"}],"replies":[{"embeddable":true,"href":"https:\/\/jornalfatosenoticias.com.br\/index.php\/wp-json\/wp\/v2\/comments?post=4581"}],"version-history":[{"count":0,"href":"https:\/\/jornalfatosenoticias.com.br\/index.php\/wp-json\/wp\/v2\/posts\/4581\/revisions"}],"wp:featuredmedia":[{"embeddable":true,"href":"https:\/\/jornalfatosenoticias.com.br\/index.php\/wp-json\/wp\/v2\/media\/4582"}],"wp:attachment":[{"href":"https:\/\/jornalfatosenoticias.com.br\/index.php\/wp-json\/wp\/v2\/media?parent=4581"}],"wp:term":[{"taxonomy":"category","embeddable":true,"href":"https:\/\/jornalfatosenoticias.com.br\/index.php\/wp-json\/wp\/v2\/categories?post=4581"},{"taxonomy":"post_tag","embeddable":true,"href":"https:\/\/jornalfatosenoticias.com.br\/index.php\/wp-json\/wp\/v2\/tags?post=4581"}],"curies":[{"name":"wp","href":"https:\/\/api.w.org\/{rel}","templated":true}]}}