{"id":45824,"date":"2023-10-05T17:02:12","date_gmt":"2023-10-05T20:02:12","guid":{"rendered":"https:\/\/jornalfatosenoticias.com.br\/?p=45824"},"modified":"2023-10-05T17:02:17","modified_gmt":"2023-10-05T20:02:17","slug":"animal-em-extincao-e-encontrado-apenas-em-caverna-no-para","status":"publish","type":"post","link":"https:\/\/jornalfatosenoticias.com.br\/index.php\/2023\/10\/05\/animal-em-extincao-e-encontrado-apenas-em-caverna-no-para\/","title":{"rendered":"Animal em extin\u00e7\u00e3o \u00e9 encontrado apenas em caverna no Par\u00e1"},"content":{"rendered":"\n<p><em><span class=\"has-inline-color has-black-color\">Cientistas buscam sensibilizar comunidades para conserva\u00e7\u00e3o do inseto<\/span><\/em><\/p>\n\n\n\n<p><em><span class=\"has-inline-color has-black-color\">Por <strong>Luiz Cl\u00e1udio Ferreira\/Ag\u00eancia Brasil<\/strong><\/span><\/em><\/p>\n\n\n\n<div class=\"wp-block-image\"><figure class=\"aligncenter size-large\"><img loading=\"lazy\" decoding=\"async\" width=\"729\" height=\"90\" src=\"https:\/\/jornalfatosenoticias.com.br\/wp-content\/uploads\/2020\/02\/Logo_Mizu.png\" alt=\"\" class=\"wp-image-1441\" srcset=\"https:\/\/jornalfatosenoticias.com.br\/wp-content\/uploads\/2020\/02\/Logo_Mizu.png 729w, https:\/\/jornalfatosenoticias.com.br\/wp-content\/uploads\/2020\/02\/Logo_Mizu-300x37.png 300w\" sizes=\"auto, (max-width: 729px) 100vw, 729px\" \/><\/figure><\/div>\n\n\n\n<p>Um inseto de um mil\u00edmetro, sem olhos e com seis pernas \u00e9 encontrado dentro de uma \u00fanica caverna no interior do Par\u00e1. Longe do senso comum, pesquisadores brasileiros est\u00e3o mobilizados para a preserva\u00e7\u00e3o do <em>Troglobius brasiliensis,<\/em> ainda sem nome popular, que est\u00e1 criticamente amea\u00e7ado de extin\u00e7\u00e3o.<br>A a\u00e7\u00e3o para manter o inseto (inofensivo ao ser humano) em uma rocha na Caverna do Limoeiro (o \u00fanico registro em todo o mundo), em Medicil\u00e2ndia (PA), vai al\u00e9m das paredes da caverna e tem potencial de sensibilizar comunidades para o respeito ao meio ambiente. Nas expedi\u00e7\u00f5es, os cientistas ficaram agachados por horas em busca de encontrar o inseto.<\/p>\n\n\n\n<div class=\"wp-block-image\"><figure class=\"aligncenter size-large\"><img loading=\"lazy\" decoding=\"async\" width=\"300\" height=\"300\" src=\"https:\/\/jornalfatosenoticias.com.br\/wp-content\/uploads\/2020\/02\/casa-do-torresmo_portal.jpg\" alt=\"\" class=\"wp-image-34472\" srcset=\"https:\/\/jornalfatosenoticias.com.br\/wp-content\/uploads\/2020\/02\/casa-do-torresmo_portal.jpg 300w, https:\/\/jornalfatosenoticias.com.br\/wp-content\/uploads\/2020\/02\/casa-do-torresmo_portal-150x150.jpg 150w\" sizes=\"auto, (max-width: 300px) 100vw, 300px\" \/><\/figure><\/div>\n\n\n\n<p>\u201cO animal existe, tem direito de continuar existindo e est\u00e1 intimamente associado ao processo de ciclagem de nutrientes no solo (da caverna)\u201d, afirma o professor Douglas Zeppelini, da Universidade Estadual da Para\u00edba (UEPB). Ele explica que o bichinho, registrado pela primeira vez h\u00e1 25 anos, se alimenta de detritos e transforma a mat\u00e9ria org\u00e2nica em decomposi\u00e7\u00e3o, mantendo o ciclo natural para a riqueza do solo.<\/p>\n\n\n\n<div class=\"wp-block-image\"><figure class=\"aligncenter size-large is-resized\"><img loading=\"lazy\" decoding=\"async\" src=\"https:\/\/jornalfatosenoticias.com.br\/wp-content\/uploads\/2023\/07\/lacremoda.jpg\" alt=\"\" class=\"wp-image-43706\" width=\"329\" height=\"184\" srcset=\"https:\/\/jornalfatosenoticias.com.br\/wp-content\/uploads\/2023\/07\/lacremoda.jpg 1024w, https:\/\/jornalfatosenoticias.com.br\/wp-content\/uploads\/2023\/07\/lacremoda-300x168.jpg 300w, https:\/\/jornalfatosenoticias.com.br\/wp-content\/uploads\/2023\/07\/lacremoda-768x431.jpg 768w\" sizes=\"auto, (max-width: 329px) 100vw, 329px\" \/><\/figure><\/div>\n\n\n\n<p>O trabalho de preserva\u00e7\u00e3o do Troglobius brasiliensis \u00e9 do Plano de A\u00e7\u00e3o Territorial para Conserva\u00e7\u00e3o das Esp\u00e9cies Amea\u00e7adas de Extin\u00e7\u00e3o do Territ\u00f3rio Xingu (PAT Xingu), com o trabalho de pesquisadores do projeto Pr\u00f3-Esp\u00e9cies: Todos contra a Extin\u00e7\u00e3o.<\/p>\n\n\n\n<div class=\"wp-block-image\"><figure class=\"aligncenter size-large is-resized\"><img loading=\"lazy\" decoding=\"async\" src=\"https:\/\/jornalfatosenoticias.com.br\/wp-content\/uploads\/2022\/10\/RC_800x750_page-0001.jpg\" alt=\"\" class=\"wp-image-35338\" width=\"279\" height=\"262\" srcset=\"https:\/\/jornalfatosenoticias.com.br\/wp-content\/uploads\/2022\/10\/RC_800x750_page-0001.jpg 400w, https:\/\/jornalfatosenoticias.com.br\/wp-content\/uploads\/2022\/10\/RC_800x750_page-0001-300x281.jpg 300w\" sizes=\"auto, (max-width: 279px) 100vw, 279px\" \/><\/figure><\/div>\n\n\n\n<blockquote class=\"wp-block-quote is-layout-flow wp-block-quote-is-layout-flow\"><p><span class=\"has-inline-color has-luminous-vivid-orange-color\">Com as expedi\u00e7\u00f5es recentes, conseguimos coletar novos dados sobre essa esp\u00e9cie e observamos que o bicho est\u00e1 dentro de uma cadeia alimentar de organismos. Imagine que todos os indiv\u00edduos da esp\u00e9cie inteira habitam uma localidade em um \u00fanico ponto\u201d.<\/span><\/p><\/blockquote>\n\n\n\n<div class=\"wp-block-image\"><figure class=\"aligncenter size-large is-resized\"><img loading=\"lazy\" decoding=\"async\" src=\"https:\/\/jornalfatosenoticias.com.br\/wp-content\/uploads\/2020\/02\/LOGO-BLU-COMERCIAL-PRETO-1024x600.jpg\" alt=\"\" class=\"wp-image-44089\" width=\"326\" height=\"190\"\/><\/figure><\/div>\n\n\n\n<p>Segundo os pesquisadores, a caverna est\u00e1 bem conservada e conta com a consci\u00eancia dos donos da fazenda. \u201cA gente se sente muito privilegiada depois dessas descobertas, j\u00e1 que a fazenda est\u00e1 bem conservada\u201d, diz a fazendeira Rosane Gotardo. Ela espera que as pessoas na regi\u00e3o fiquem mais bem informadas sobre a novidade e que existam mais recursos para prote\u00e7\u00e3o do local.<\/p>\n\n\n\n<div class=\"wp-block-image\"><figure class=\"aligncenter size-large\"><img loading=\"lazy\" decoding=\"async\" width=\"300\" height=\"250\" src=\"https:\/\/jornalfatosenoticias.com.br\/wp-content\/uploads\/2022\/02\/FERRARI_MAQUINAS-E-FERRAMENTAS2.jpg\" alt=\"\" class=\"wp-image-27860\"\/><\/figure><\/div>\n\n\n\n<p><strong><span class=\"has-inline-color has-vivid-green-cyan-color\">Pol\u00edticas p\u00fablicas<br><\/span><\/strong>O professor Douglas Zeppelini entende que seria necess\u00e1ria uma unidade de conserva\u00e7\u00e3o, tamb\u00e9m levando em conta que os propriet\u00e1rios colaboram para preserva\u00e7\u00e3o da regi\u00e3o. \u201cN\u00f3s coletamos o material de pesquisa em tr\u00eas expedi\u00e7\u00f5es para fazer o levantamento\u201d. O pesquisador defende que existam pol\u00edticas p\u00fablicas para preservar os animais amea\u00e7ados de extin\u00e7\u00e3o.<\/p>\n\n\n\n<div class=\"wp-block-image\"><figure class=\"aligncenter size-large\"><img loading=\"lazy\" decoding=\"async\" width=\"300\" height=\"250\" src=\"https:\/\/jornalfatosenoticias.com.br\/wp-content\/uploads\/2022\/08\/arte-Casarao.jpg\" alt=\"\" class=\"wp-image-33178\"\/><\/figure><\/div>\n\n\n\n<p>Ele lembra que, al\u00e9m do Troglobius brasiliensis, os pesquisadores encontraram um pseudoescorpi\u00e3o predador. Uma mostra, segundo ele, de que o ecossistema da caverna est\u00e1 funcionando perfeitamente. \u201cS\u00e3o duas esp\u00e9cies que ocupam diferentes n\u00edveis na cadeia alimentar\u201d.<\/p>\n\n\n\n<div class=\"wp-block-image\"><figure class=\"aligncenter size-large is-resized\"><img loading=\"lazy\" decoding=\"async\" src=\"https:\/\/jornalfatosenoticias.com.br\/wp-content\/uploads\/2023\/03\/logo-Panper_portal.jpg\" alt=\"\" class=\"wp-image-40208\" width=\"362\" height=\"251\" srcset=\"https:\/\/jornalfatosenoticias.com.br\/wp-content\/uploads\/2023\/03\/logo-Panper_portal.jpg 400w, https:\/\/jornalfatosenoticias.com.br\/wp-content\/uploads\/2023\/03\/logo-Panper_portal-300x208.jpg 300w\" sizes=\"auto, (max-width: 362px) 100vw, 362px\" \/><\/figure><\/div>\n\n\n\n<p><strong><span class=\"has-inline-color has-vivid-green-cyan-color\">Sensibiliza\u00e7\u00e3o<br><\/span><\/strong>A coordenadora do PAT Xingu, N\u00edvia Pereira, pesquisadora do Instituto de Desenvolvimento Florestal e da Biodiversidade do Par\u00e1 (Ideflor), tamb\u00e9m defende que \u00e9 necess\u00e1rio garantir visibilidade para mudar a realidade de esp\u00e9cies amea\u00e7adas, o que inclui levar as hist\u00f3rias para diferentes p\u00fablicos, como \u00e9 a escola, por exemplo.<\/p>\n\n\n\n<div class=\"wp-block-image\"><figure class=\"aligncenter size-large is-resized\"><img loading=\"lazy\" decoding=\"async\" src=\"https:\/\/jornalfatosenoticias.com.br\/wp-content\/uploads\/2020\/02\/CONTROL-CS.jpg\" alt=\"\" class=\"wp-image-44991\" width=\"315\" height=\"378\" srcset=\"https:\/\/jornalfatosenoticias.com.br\/wp-content\/uploads\/2020\/02\/CONTROL-CS.jpg 834w, https:\/\/jornalfatosenoticias.com.br\/wp-content\/uploads\/2020\/02\/CONTROL-CS-250x300.jpg 250w, https:\/\/jornalfatosenoticias.com.br\/wp-content\/uploads\/2020\/02\/CONTROL-CS-768x921.jpg 768w\" sizes=\"auto, (max-width: 315px) 100vw, 315px\" \/><\/figure><\/div>\n\n\n\n<blockquote class=\"wp-block-quote is-layout-flow wp-block-quote-is-layout-flow\"><p><span class=\"has-inline-color has-luminous-vivid-orange-color\">Conscientizar ou sensibilizar a comunidade est\u00e1 entre os objetivos. Percebemos que a caverna do Limoeiro, entre todas que a gente visitou, tem o entorno mais conservado. H\u00e1 uma fauna que entra e sai da caverna\u201d.<\/span><\/p><\/blockquote>\n\n\n\n<div class=\"wp-block-image\"><figure class=\"aligncenter size-large\"><img loading=\"lazy\" decoding=\"async\" width=\"1000\" height=\"646\" src=\"https:\/\/jornalfatosenoticias.com.br\/wp-content\/uploads\/2023\/10\/animal-em-extincao_para2.jpg\" alt=\"\" class=\"wp-image-45825\" srcset=\"https:\/\/jornalfatosenoticias.com.br\/wp-content\/uploads\/2023\/10\/animal-em-extincao_para2.jpg 1000w, https:\/\/jornalfatosenoticias.com.br\/wp-content\/uploads\/2023\/10\/animal-em-extincao_para2-300x194.jpg 300w, https:\/\/jornalfatosenoticias.com.br\/wp-content\/uploads\/2023\/10\/animal-em-extincao_para2-768x496.jpg 768w\" sizes=\"auto, (max-width: 1000px) 100vw, 1000px\" \/><figcaption><em><span class=\"has-inline-color has-black-color\">Pesquisadores brasileiros est\u00e3o mobilizados para a preserva\u00e7\u00e3o do Troglobius brasiliensis, ainda sem nome popular, que est\u00e1 criticamente amea\u00e7ado de extin\u00e7\u00e3o (Foto: Acervo Ideflor-Bio\/PAT-Xingu)<\/span><\/em><\/figcaption><\/figure><\/div>\n\n\n\n<p>A \u00e1rea do plano tem contexto de dificuldades, incluindo incid\u00eancia de desmatamento, avan\u00e7o agr\u00e1rio e garimpo. \u201cO plano contempla a preserva\u00e7\u00e3o de oito esp\u00e9cies e j\u00e1 tivemos resultados muito interessantes\u201d. Al\u00e9m das expedi\u00e7\u00f5es, os pesquisadores t\u00eam como prioridade a educa\u00e7\u00e3o ambiental. \u00c9 esse aprendizado que fascina os pesquisadoras que precisa chegar \u00e0s crian\u00e7as em uma aula pr\u00e1tica de meio ambiente, sa\u00fade e educa\u00e7\u00e3o.<\/p>\n\n\n\n<div class=\"wp-block-image\"><figure class=\"aligncenter size-large is-resized\"><img loading=\"lazy\" decoding=\"async\" src=\"https:\/\/jornalfatosenoticias.com.br\/wp-content\/uploads\/2023\/08\/Steel.jpeg\" alt=\"\" class=\"wp-image-44634\" width=\"326\" height=\"265\" srcset=\"https:\/\/jornalfatosenoticias.com.br\/wp-content\/uploads\/2023\/08\/Steel.jpeg 800w, https:\/\/jornalfatosenoticias.com.br\/wp-content\/uploads\/2023\/08\/Steel-300x244.jpeg 300w, https:\/\/jornalfatosenoticias.com.br\/wp-content\/uploads\/2023\/08\/Steel-768x624.jpeg 768w\" sizes=\"auto, (max-width: 326px) 100vw, 326px\" \/><\/figure><\/div>\n\n\n\n<p>A bi\u00f3loga Tayane Accordi, da Secretaria de Meio Ambiente de Medicil\u00e2ndia, defende que \u00e9 importante para a cidade a parceria com o plano Pat Xingu, a fim de promover a prote\u00e7\u00e3o das esp\u00e9cies na cidade, com \u00eanfase no Troglobius, que \u00e9 o mais sens\u00edvel. A conscientiza\u00e7\u00e3o sobre a novidade \u00e9 trabalhada na escola. <\/p>\n\n\n\n<blockquote class=\"wp-block-quote is-layout-flow wp-block-quote-is-layout-flow\"><p><span class=\"has-inline-color has-luminous-vivid-orange-color\">Promovemos campanhas de educa\u00e7\u00e3o ambiental nas escolas e, em breve, vamos implementar com algumas das metas do plano\u201d.<\/span><\/p><\/blockquote>\n\n\n\n<div class=\"wp-block-image\"><figure class=\"aligncenter size-large is-resized\"><img loading=\"lazy\" decoding=\"async\" src=\"https:\/\/jornalfatosenoticias.com.br\/wp-content\/uploads\/2023\/03\/nova-logo-Marquetti.jpg\" alt=\"\" class=\"wp-image-40207\" width=\"305\" height=\"205\" srcset=\"https:\/\/jornalfatosenoticias.com.br\/wp-content\/uploads\/2023\/03\/nova-logo-Marquetti.jpg 643w, https:\/\/jornalfatosenoticias.com.br\/wp-content\/uploads\/2023\/03\/nova-logo-Marquetti-300x202.jpg 300w\" sizes=\"auto, (max-width: 305px) 100vw, 305px\" \/><\/figure><\/div>\n\n\n\n<p><strong><span class=\"has-inline-color has-vivid-green-cyan-color\">Potencial de cavernas<br><\/span><\/strong>Para o analista ambiental Daniel Mendon\u00e7a, do Instituto Chico Mendes de Conserva\u00e7\u00e3o da Biodiversidade (ICMbio), que atua na pesquisa e conserva\u00e7\u00e3o de cavernas, pode haver interesse tur\u00edstico em regi\u00f5es como essa. A l\u00f3gica \u00e9 simples: ao garantir visibilidade para os animais, maior seria o interesse de conservar. \u201cQue mais cavernas possam ter planos para o turismo ocorrer de forma sustent\u00e1vel\u201d. As instala\u00e7\u00f5es t\u00eam custos como escadaria, rampa e outras estruturas, mas que devem ser feitas com planejamento.<\/p>\n\n\n\n<div class=\"wp-block-image\"><figure class=\"aligncenter size-large is-resized\"><img loading=\"lazy\" decoding=\"async\" src=\"https:\/\/jornalfatosenoticias.com.br\/wp-content\/uploads\/2023\/08\/ITH.jpeg\" alt=\"\" class=\"wp-image-44638\" width=\"312\" height=\"254\" srcset=\"https:\/\/jornalfatosenoticias.com.br\/wp-content\/uploads\/2023\/08\/ITH.jpeg 800w, https:\/\/jornalfatosenoticias.com.br\/wp-content\/uploads\/2023\/08\/ITH-300x244.jpeg 300w, https:\/\/jornalfatosenoticias.com.br\/wp-content\/uploads\/2023\/08\/ITH-768x624.jpeg 768w\" sizes=\"auto, (max-width: 312px) 100vw, 312px\" \/><\/figure><\/div>\n\n\n\n<p>Mendon\u00e7a explica que a Constitui\u00e7\u00e3o Federal considera as cavernas como bem da Uni\u00e3o e que devem ter prote\u00e7\u00e3o m\u00e1xima. Para ele, h\u00e1 um mundo de descobertas em estruturas naturais de fauna e flora. Hoje o Brasil tem, registradas e conhecidas, aproximadamente 23.500 cavernas. H\u00e1 estimativa de mais de 150 mil. A caverna do Limoeiro tem 1,5 mil metros de extens\u00e3o.<\/p>\n\n\n\n<div class=\"wp-block-image\"><figure class=\"aligncenter size-large is-resized\"><img loading=\"lazy\" decoding=\"async\" src=\"https:\/\/jornalfatosenoticias.com.br\/wp-content\/uploads\/2023\/08\/BKR-1024x1021.jpg\" alt=\"\" class=\"wp-image-44494\" width=\"290\" height=\"289\" srcset=\"https:\/\/jornalfatosenoticias.com.br\/wp-content\/uploads\/2023\/08\/BKR-1024x1021.jpg 1024w, https:\/\/jornalfatosenoticias.com.br\/wp-content\/uploads\/2023\/08\/BKR-300x300.jpg 300w, https:\/\/jornalfatosenoticias.com.br\/wp-content\/uploads\/2023\/08\/BKR-150x150.jpg 150w, https:\/\/jornalfatosenoticias.com.br\/wp-content\/uploads\/2023\/08\/BKR-768x766.jpg 768w, https:\/\/jornalfatosenoticias.com.br\/wp-content\/uploads\/2023\/08\/BKR.jpg 1080w\" sizes=\"auto, (max-width: 290px) 100vw, 290px\" \/><\/figure><\/div>\n\n\n\n<blockquote class=\"wp-block-quote is-layout-flow wp-block-quote-is-layout-flow\"><p><span class=\"has-inline-color has-luminous-vivid-orange-color\">Quanto mais mapear, maior a chance de proteger tamb\u00e9m. Na verdade, \u00e9 desaconselh\u00e1vel que se entre em uma caverna que n\u00e3o se conhece sozinho. Sempre \u00e9 um ambiente de risco\u201d, alerta.<\/span><\/p><\/blockquote>\n\n\n\n<div class=\"wp-block-image\"><figure class=\"aligncenter size-large is-resized\"><img loading=\"lazy\" decoding=\"async\" src=\"https:\/\/jornalfatosenoticias.com.br\/wp-content\/uploads\/2022\/10\/Arte-jornal-Zucchi-600x600_Prancheta-1-1024x1024.jpg\" alt=\"\" class=\"wp-image-34782\" width=\"277\" height=\"277\" srcset=\"https:\/\/jornalfatosenoticias.com.br\/wp-content\/uploads\/2022\/10\/Arte-jornal-Zucchi-600x600_Prancheta-1-1024x1024.jpg 1024w, https:\/\/jornalfatosenoticias.com.br\/wp-content\/uploads\/2022\/10\/Arte-jornal-Zucchi-600x600_Prancheta-1-300x300.jpg 300w, https:\/\/jornalfatosenoticias.com.br\/wp-content\/uploads\/2022\/10\/Arte-jornal-Zucchi-600x600_Prancheta-1-150x150.jpg 150w, https:\/\/jornalfatosenoticias.com.br\/wp-content\/uploads\/2022\/10\/Arte-jornal-Zucchi-600x600_Prancheta-1-768x768.jpg 768w, https:\/\/jornalfatosenoticias.com.br\/wp-content\/uploads\/2022\/10\/Arte-jornal-Zucchi-600x600_Prancheta-1.jpg 1250w\" sizes=\"auto, (max-width: 277px) 100vw, 277px\" \/><\/figure><\/div>\n\n\n\n<p><strong><em>Fonte: <a href=\"https:\/\/umsoplaneta.globo.com\/biodiversidade\/noticia\/2023\/10\/03\/animal-em-extincao-de-1-mm-e-encontrado-apenas-em-caverna-no-para.ghtml\">Um S\u00f3 Planeta<\/a><\/em><\/strong><\/p>\n","protected":false},"excerpt":{"rendered":"<p>Cientistas buscam sensibilizar comunidades para conserva\u00e7\u00e3o do inseto Por Luiz Cl\u00e1udio Ferreira\/Ag\u00eancia Brasil Um inseto de um mil\u00edmetro, sem olhos e com seis pernas \u00e9 encontrado dentro de uma \u00fanica caverna no interior do Par\u00e1. Longe do senso comum, pesquisadores brasileiros est\u00e3o mobilizados para a preserva\u00e7\u00e3o do Troglobius brasiliensis, ainda sem nome popular, que est\u00e1 [&hellip;]<\/p>\n","protected":false},"author":2,"featured_media":45826,"comment_status":"open","ping_status":"open","sticky":false,"template":"","format":"standard","meta":{"footnotes":""},"categories":[8],"tags":[21580,6769,21581,1105,516,4865,588,940,1458],"class_list":["post-45824","post","type-post","status-publish","format-standard","has-post-thumbnail","hentry","category-meio-ambiente","tag-animal-em-extincao","tag-caverna","tag-caverna-no-para","tag-cientistas","tag-conservacao","tag-ideflor-bio","tag-inseto","tag-para","tag-xingu"],"yoast_head":"<!-- This site is optimized with the Yoast SEO plugin v26.5 - https:\/\/yoast.com\/wordpress\/plugins\/seo\/ -->\n<title>Animal em extin\u00e7\u00e3o \u00e9 encontrado apenas em caverna no Par\u00e1 - Jornal Fatos e Not\u00edcias<\/title>\n<meta name=\"robots\" content=\"index, follow, max-snippet:-1, max-image-preview:large, max-video-preview:-1\" \/>\n<link rel=\"canonical\" href=\"https:\/\/jornalfatosenoticias.com.br\/index.php\/2023\/10\/05\/animal-em-extincao-e-encontrado-apenas-em-caverna-no-para\/\" \/>\n<meta property=\"og:locale\" content=\"pt_BR\" \/>\n<meta property=\"og:type\" content=\"article\" \/>\n<meta property=\"og:title\" content=\"Animal em extin\u00e7\u00e3o \u00e9 encontrado apenas em caverna no Par\u00e1 - Jornal Fatos e Not\u00edcias\" \/>\n<meta property=\"og:description\" content=\"Cientistas buscam sensibilizar comunidades para conserva\u00e7\u00e3o do inseto Por Luiz Cl\u00e1udio Ferreira\/Ag\u00eancia Brasil Um inseto de um mil\u00edmetro, sem olhos e com seis pernas \u00e9 encontrado dentro de uma \u00fanica caverna no interior do Par\u00e1. Longe do senso comum, pesquisadores brasileiros est\u00e3o mobilizados para a preserva\u00e7\u00e3o do Troglobius brasiliensis, ainda sem nome popular, que est\u00e1 [&hellip;]\" \/>\n<meta property=\"og:url\" content=\"https:\/\/jornalfatosenoticias.com.br\/index.php\/2023\/10\/05\/animal-em-extincao-e-encontrado-apenas-em-caverna-no-para\/\" \/>\n<meta property=\"og:site_name\" content=\"Jornal Fatos e Not\u00edcias\" \/>\n<meta property=\"article:published_time\" content=\"2023-10-05T20:02:12+00:00\" \/>\n<meta property=\"article:modified_time\" content=\"2023-10-05T20:02:17+00:00\" \/>\n<meta property=\"og:image\" content=\"https:\/\/jornalfatosenoticias.com.br\/wp-content\/uploads\/2023\/10\/animal-em-extincao_para.jpg\" \/>\n\t<meta property=\"og:image:width\" content=\"980\" \/>\n\t<meta property=\"og:image:height\" content=\"586\" \/>\n\t<meta property=\"og:image:type\" content=\"image\/jpeg\" \/>\n<meta name=\"author\" content=\"Luzimara Fernandes\" \/>\n<meta name=\"twitter:card\" content=\"summary_large_image\" \/>\n<meta name=\"twitter:label1\" content=\"Escrito por\" \/>\n\t<meta name=\"twitter:data1\" content=\"Luzimara Fernandes\" \/>\n\t<meta name=\"twitter:label2\" content=\"Est. tempo de leitura\" \/>\n\t<meta name=\"twitter:data2\" content=\"5 minutos\" \/>\n<script type=\"application\/ld+json\" class=\"yoast-schema-graph\">{\"@context\":\"https:\/\/schema.org\",\"@graph\":[{\"@type\":\"Article\",\"@id\":\"https:\/\/jornalfatosenoticias.com.br\/index.php\/2023\/10\/05\/animal-em-extincao-e-encontrado-apenas-em-caverna-no-para\/#article\",\"isPartOf\":{\"@id\":\"https:\/\/jornalfatosenoticias.com.br\/index.php\/2023\/10\/05\/animal-em-extincao-e-encontrado-apenas-em-caverna-no-para\/\"},\"author\":{\"name\":\"Luzimara Fernandes\",\"@id\":\"https:\/\/jornalfatosenoticias.com.br\/#\/schema\/person\/d63837fa13ac8666eb9e74e0985d6f81\"},\"headline\":\"Animal em extin\u00e7\u00e3o \u00e9 encontrado apenas em caverna no Par\u00e1\",\"datePublished\":\"2023-10-05T20:02:12+00:00\",\"dateModified\":\"2023-10-05T20:02:17+00:00\",\"mainEntityOfPage\":{\"@id\":\"https:\/\/jornalfatosenoticias.com.br\/index.php\/2023\/10\/05\/animal-em-extincao-e-encontrado-apenas-em-caverna-no-para\/\"},\"wordCount\":925,\"commentCount\":0,\"publisher\":{\"@id\":\"https:\/\/jornalfatosenoticias.com.br\/#organization\"},\"image\":{\"@id\":\"https:\/\/jornalfatosenoticias.com.br\/index.php\/2023\/10\/05\/animal-em-extincao-e-encontrado-apenas-em-caverna-no-para\/#primaryimage\"},\"thumbnailUrl\":\"https:\/\/jornalfatosenoticias.com.br\/wp-content\/uploads\/2023\/10\/animal-em-extincao_para.jpg\",\"keywords\":[\"animal em extin\u00e7\u00e3o\",\"caverna\",\"caverna no Par\u00e1\",\"cientistas\",\"conserva\u00e7\u00e3o\",\"Ideflor-bio\",\"inseto\",\"Par\u00e1\",\"Xingu\"],\"articleSection\":[\"Meio ambiente\"],\"inLanguage\":\"pt-BR\",\"potentialAction\":[{\"@type\":\"CommentAction\",\"name\":\"Comment\",\"target\":[\"https:\/\/jornalfatosenoticias.com.br\/index.php\/2023\/10\/05\/animal-em-extincao-e-encontrado-apenas-em-caverna-no-para\/#respond\"]}]},{\"@type\":\"WebPage\",\"@id\":\"https:\/\/jornalfatosenoticias.com.br\/index.php\/2023\/10\/05\/animal-em-extincao-e-encontrado-apenas-em-caverna-no-para\/\",\"url\":\"https:\/\/jornalfatosenoticias.com.br\/index.php\/2023\/10\/05\/animal-em-extincao-e-encontrado-apenas-em-caverna-no-para\/\",\"name\":\"Animal em extin\u00e7\u00e3o \u00e9 encontrado apenas em caverna no Par\u00e1 - Jornal Fatos e Not\u00edcias\",\"isPartOf\":{\"@id\":\"https:\/\/jornalfatosenoticias.com.br\/#website\"},\"primaryImageOfPage\":{\"@id\":\"https:\/\/jornalfatosenoticias.com.br\/index.php\/2023\/10\/05\/animal-em-extincao-e-encontrado-apenas-em-caverna-no-para\/#primaryimage\"},\"image\":{\"@id\":\"https:\/\/jornalfatosenoticias.com.br\/index.php\/2023\/10\/05\/animal-em-extincao-e-encontrado-apenas-em-caverna-no-para\/#primaryimage\"},\"thumbnailUrl\":\"https:\/\/jornalfatosenoticias.com.br\/wp-content\/uploads\/2023\/10\/animal-em-extincao_para.jpg\",\"datePublished\":\"2023-10-05T20:02:12+00:00\",\"dateModified\":\"2023-10-05T20:02:17+00:00\",\"breadcrumb\":{\"@id\":\"https:\/\/jornalfatosenoticias.com.br\/index.php\/2023\/10\/05\/animal-em-extincao-e-encontrado-apenas-em-caverna-no-para\/#breadcrumb\"},\"inLanguage\":\"pt-BR\",\"potentialAction\":[{\"@type\":\"ReadAction\",\"target\":[\"https:\/\/jornalfatosenoticias.com.br\/index.php\/2023\/10\/05\/animal-em-extincao-e-encontrado-apenas-em-caverna-no-para\/\"]}]},{\"@type\":\"ImageObject\",\"inLanguage\":\"pt-BR\",\"@id\":\"https:\/\/jornalfatosenoticias.com.br\/index.php\/2023\/10\/05\/animal-em-extincao-e-encontrado-apenas-em-caverna-no-para\/#primaryimage\",\"url\":\"https:\/\/jornalfatosenoticias.com.br\/wp-content\/uploads\/2023\/10\/animal-em-extincao_para.jpg\",\"contentUrl\":\"https:\/\/jornalfatosenoticias.com.br\/wp-content\/uploads\/2023\/10\/animal-em-extincao_para.jpg\",\"width\":980,\"height\":586},{\"@type\":\"BreadcrumbList\",\"@id\":\"https:\/\/jornalfatosenoticias.com.br\/index.php\/2023\/10\/05\/animal-em-extincao-e-encontrado-apenas-em-caverna-no-para\/#breadcrumb\",\"itemListElement\":[{\"@type\":\"ListItem\",\"position\":1,\"name\":\"In\u00edcio\",\"item\":\"https:\/\/jornalfatosenoticias.com.br\/\"},{\"@type\":\"ListItem\",\"position\":2,\"name\":\"Animal em extin\u00e7\u00e3o \u00e9 encontrado apenas em caverna no Par\u00e1\"}]},{\"@type\":\"WebSite\",\"@id\":\"https:\/\/jornalfatosenoticias.com.br\/#website\",\"url\":\"https:\/\/jornalfatosenoticias.com.br\/\",\"name\":\"Jornal Fatos e Not\u00edcias\",\"description\":\"Not\u00edcias em geral\",\"publisher\":{\"@id\":\"https:\/\/jornalfatosenoticias.com.br\/#organization\"},\"potentialAction\":[{\"@type\":\"SearchAction\",\"target\":{\"@type\":\"EntryPoint\",\"urlTemplate\":\"https:\/\/jornalfatosenoticias.com.br\/?s={search_term_string}\"},\"query-input\":{\"@type\":\"PropertyValueSpecification\",\"valueRequired\":true,\"valueName\":\"search_term_string\"}}],\"inLanguage\":\"pt-BR\"},{\"@type\":\"Organization\",\"@id\":\"https:\/\/jornalfatosenoticias.com.br\/#organization\",\"name\":\"Jornal Fatos e Not\u00edcias\",\"url\":\"https:\/\/jornalfatosenoticias.com.br\/\",\"logo\":{\"@type\":\"ImageObject\",\"inLanguage\":\"pt-BR\",\"@id\":\"https:\/\/jornalfatosenoticias.com.br\/#\/schema\/logo\/image\/\",\"url\":\"https:\/\/jornalfatosenoticias.com.br\/wp-content\/uploads\/2020\/02\/logo120.png\",\"contentUrl\":\"https:\/\/jornalfatosenoticias.com.br\/wp-content\/uploads\/2020\/02\/logo120.png\",\"width\":1227,\"height\":120,\"caption\":\"Jornal Fatos e Not\u00edcias\"},\"image\":{\"@id\":\"https:\/\/jornalfatosenoticias.com.br\/#\/schema\/logo\/image\/\"}},{\"@type\":\"Person\",\"@id\":\"https:\/\/jornalfatosenoticias.com.br\/#\/schema\/person\/d63837fa13ac8666eb9e74e0985d6f81\",\"name\":\"Luzimara Fernandes\",\"image\":{\"@type\":\"ImageObject\",\"inLanguage\":\"pt-BR\",\"@id\":\"https:\/\/jornalfatosenoticias.com.br\/#\/schema\/person\/image\/\",\"url\":\"https:\/\/jornalfatosenoticias.com.br\/wp-content\/uploads\/2025\/05\/EU_portal.jpg\",\"contentUrl\":\"https:\/\/jornalfatosenoticias.com.br\/wp-content\/uploads\/2025\/05\/EU_portal.jpg\",\"caption\":\"Luzimara Fernandes\"},\"description\":\"Jornalista MTB 2358-ES\",\"sameAs\":[\"https:\/\/jornalfatosenoticias.com.br\"],\"url\":\"https:\/\/jornalfatosenoticias.com.br\/index.php\/author\/luzimara\/\"}]}<\/script>\n<!-- \/ Yoast SEO plugin. -->","yoast_head_json":{"title":"Animal em extin\u00e7\u00e3o \u00e9 encontrado apenas em caverna no Par\u00e1 - Jornal Fatos e Not\u00edcias","robots":{"index":"index","follow":"follow","max-snippet":"max-snippet:-1","max-image-preview":"max-image-preview:large","max-video-preview":"max-video-preview:-1"},"canonical":"https:\/\/jornalfatosenoticias.com.br\/index.php\/2023\/10\/05\/animal-em-extincao-e-encontrado-apenas-em-caverna-no-para\/","og_locale":"pt_BR","og_type":"article","og_title":"Animal em extin\u00e7\u00e3o \u00e9 encontrado apenas em caverna no Par\u00e1 - Jornal Fatos e Not\u00edcias","og_description":"Cientistas buscam sensibilizar comunidades para conserva\u00e7\u00e3o do inseto Por Luiz Cl\u00e1udio Ferreira\/Ag\u00eancia Brasil Um inseto de um mil\u00edmetro, sem olhos e com seis pernas \u00e9 encontrado dentro de uma \u00fanica caverna no interior do Par\u00e1. Longe do senso comum, pesquisadores brasileiros est\u00e3o mobilizados para a preserva\u00e7\u00e3o do Troglobius brasiliensis, ainda sem nome popular, que est\u00e1 [&hellip;]","og_url":"https:\/\/jornalfatosenoticias.com.br\/index.php\/2023\/10\/05\/animal-em-extincao-e-encontrado-apenas-em-caverna-no-para\/","og_site_name":"Jornal Fatos e Not\u00edcias","article_published_time":"2023-10-05T20:02:12+00:00","article_modified_time":"2023-10-05T20:02:17+00:00","og_image":[{"width":980,"height":586,"url":"https:\/\/jornalfatosenoticias.com.br\/wp-content\/uploads\/2023\/10\/animal-em-extincao_para.jpg","type":"image\/jpeg"}],"author":"Luzimara Fernandes","twitter_card":"summary_large_image","twitter_misc":{"Escrito por":"Luzimara Fernandes","Est. tempo de leitura":"5 minutos"},"schema":{"@context":"https:\/\/schema.org","@graph":[{"@type":"Article","@id":"https:\/\/jornalfatosenoticias.com.br\/index.php\/2023\/10\/05\/animal-em-extincao-e-encontrado-apenas-em-caverna-no-para\/#article","isPartOf":{"@id":"https:\/\/jornalfatosenoticias.com.br\/index.php\/2023\/10\/05\/animal-em-extincao-e-encontrado-apenas-em-caverna-no-para\/"},"author":{"name":"Luzimara Fernandes","@id":"https:\/\/jornalfatosenoticias.com.br\/#\/schema\/person\/d63837fa13ac8666eb9e74e0985d6f81"},"headline":"Animal em extin\u00e7\u00e3o \u00e9 encontrado apenas em caverna no Par\u00e1","datePublished":"2023-10-05T20:02:12+00:00","dateModified":"2023-10-05T20:02:17+00:00","mainEntityOfPage":{"@id":"https:\/\/jornalfatosenoticias.com.br\/index.php\/2023\/10\/05\/animal-em-extincao-e-encontrado-apenas-em-caverna-no-para\/"},"wordCount":925,"commentCount":0,"publisher":{"@id":"https:\/\/jornalfatosenoticias.com.br\/#organization"},"image":{"@id":"https:\/\/jornalfatosenoticias.com.br\/index.php\/2023\/10\/05\/animal-em-extincao-e-encontrado-apenas-em-caverna-no-para\/#primaryimage"},"thumbnailUrl":"https:\/\/jornalfatosenoticias.com.br\/wp-content\/uploads\/2023\/10\/animal-em-extincao_para.jpg","keywords":["animal em extin\u00e7\u00e3o","caverna","caverna no Par\u00e1","cientistas","conserva\u00e7\u00e3o","Ideflor-bio","inseto","Par\u00e1","Xingu"],"articleSection":["Meio ambiente"],"inLanguage":"pt-BR","potentialAction":[{"@type":"CommentAction","name":"Comment","target":["https:\/\/jornalfatosenoticias.com.br\/index.php\/2023\/10\/05\/animal-em-extincao-e-encontrado-apenas-em-caverna-no-para\/#respond"]}]},{"@type":"WebPage","@id":"https:\/\/jornalfatosenoticias.com.br\/index.php\/2023\/10\/05\/animal-em-extincao-e-encontrado-apenas-em-caverna-no-para\/","url":"https:\/\/jornalfatosenoticias.com.br\/index.php\/2023\/10\/05\/animal-em-extincao-e-encontrado-apenas-em-caverna-no-para\/","name":"Animal em extin\u00e7\u00e3o \u00e9 encontrado apenas em caverna no Par\u00e1 - Jornal Fatos e Not\u00edcias","isPartOf":{"@id":"https:\/\/jornalfatosenoticias.com.br\/#website"},"primaryImageOfPage":{"@id":"https:\/\/jornalfatosenoticias.com.br\/index.php\/2023\/10\/05\/animal-em-extincao-e-encontrado-apenas-em-caverna-no-para\/#primaryimage"},"image":{"@id":"https:\/\/jornalfatosenoticias.com.br\/index.php\/2023\/10\/05\/animal-em-extincao-e-encontrado-apenas-em-caverna-no-para\/#primaryimage"},"thumbnailUrl":"https:\/\/jornalfatosenoticias.com.br\/wp-content\/uploads\/2023\/10\/animal-em-extincao_para.jpg","datePublished":"2023-10-05T20:02:12+00:00","dateModified":"2023-10-05T20:02:17+00:00","breadcrumb":{"@id":"https:\/\/jornalfatosenoticias.com.br\/index.php\/2023\/10\/05\/animal-em-extincao-e-encontrado-apenas-em-caverna-no-para\/#breadcrumb"},"inLanguage":"pt-BR","potentialAction":[{"@type":"ReadAction","target":["https:\/\/jornalfatosenoticias.com.br\/index.php\/2023\/10\/05\/animal-em-extincao-e-encontrado-apenas-em-caverna-no-para\/"]}]},{"@type":"ImageObject","inLanguage":"pt-BR","@id":"https:\/\/jornalfatosenoticias.com.br\/index.php\/2023\/10\/05\/animal-em-extincao-e-encontrado-apenas-em-caverna-no-para\/#primaryimage","url":"https:\/\/jornalfatosenoticias.com.br\/wp-content\/uploads\/2023\/10\/animal-em-extincao_para.jpg","contentUrl":"https:\/\/jornalfatosenoticias.com.br\/wp-content\/uploads\/2023\/10\/animal-em-extincao_para.jpg","width":980,"height":586},{"@type":"BreadcrumbList","@id":"https:\/\/jornalfatosenoticias.com.br\/index.php\/2023\/10\/05\/animal-em-extincao-e-encontrado-apenas-em-caverna-no-para\/#breadcrumb","itemListElement":[{"@type":"ListItem","position":1,"name":"In\u00edcio","item":"https:\/\/jornalfatosenoticias.com.br\/"},{"@type":"ListItem","position":2,"name":"Animal em extin\u00e7\u00e3o \u00e9 encontrado apenas em caverna no Par\u00e1"}]},{"@type":"WebSite","@id":"https:\/\/jornalfatosenoticias.com.br\/#website","url":"https:\/\/jornalfatosenoticias.com.br\/","name":"Jornal Fatos e Not\u00edcias","description":"Not\u00edcias em geral","publisher":{"@id":"https:\/\/jornalfatosenoticias.com.br\/#organization"},"potentialAction":[{"@type":"SearchAction","target":{"@type":"EntryPoint","urlTemplate":"https:\/\/jornalfatosenoticias.com.br\/?s={search_term_string}"},"query-input":{"@type":"PropertyValueSpecification","valueRequired":true,"valueName":"search_term_string"}}],"inLanguage":"pt-BR"},{"@type":"Organization","@id":"https:\/\/jornalfatosenoticias.com.br\/#organization","name":"Jornal Fatos e Not\u00edcias","url":"https:\/\/jornalfatosenoticias.com.br\/","logo":{"@type":"ImageObject","inLanguage":"pt-BR","@id":"https:\/\/jornalfatosenoticias.com.br\/#\/schema\/logo\/image\/","url":"https:\/\/jornalfatosenoticias.com.br\/wp-content\/uploads\/2020\/02\/logo120.png","contentUrl":"https:\/\/jornalfatosenoticias.com.br\/wp-content\/uploads\/2020\/02\/logo120.png","width":1227,"height":120,"caption":"Jornal Fatos e Not\u00edcias"},"image":{"@id":"https:\/\/jornalfatosenoticias.com.br\/#\/schema\/logo\/image\/"}},{"@type":"Person","@id":"https:\/\/jornalfatosenoticias.com.br\/#\/schema\/person\/d63837fa13ac8666eb9e74e0985d6f81","name":"Luzimara Fernandes","image":{"@type":"ImageObject","inLanguage":"pt-BR","@id":"https:\/\/jornalfatosenoticias.com.br\/#\/schema\/person\/image\/","url":"https:\/\/jornalfatosenoticias.com.br\/wp-content\/uploads\/2025\/05\/EU_portal.jpg","contentUrl":"https:\/\/jornalfatosenoticias.com.br\/wp-content\/uploads\/2025\/05\/EU_portal.jpg","caption":"Luzimara Fernandes"},"description":"Jornalista MTB 2358-ES","sameAs":["https:\/\/jornalfatosenoticias.com.br"],"url":"https:\/\/jornalfatosenoticias.com.br\/index.php\/author\/luzimara\/"}]}},"cc_featured_image_caption":{"caption_text":"(Foto: Acervo Ideflor-Bio\/PAT-Xingu)","source_text":"","source_url":""},"jetpack_featured_media_url":"https:\/\/jornalfatosenoticias.com.br\/wp-content\/uploads\/2023\/10\/animal-em-extincao_para.jpg","_links":{"self":[{"href":"https:\/\/jornalfatosenoticias.com.br\/index.php\/wp-json\/wp\/v2\/posts\/45824","targetHints":{"allow":["GET"]}}],"collection":[{"href":"https:\/\/jornalfatosenoticias.com.br\/index.php\/wp-json\/wp\/v2\/posts"}],"about":[{"href":"https:\/\/jornalfatosenoticias.com.br\/index.php\/wp-json\/wp\/v2\/types\/post"}],"author":[{"embeddable":true,"href":"https:\/\/jornalfatosenoticias.com.br\/index.php\/wp-json\/wp\/v2\/users\/2"}],"replies":[{"embeddable":true,"href":"https:\/\/jornalfatosenoticias.com.br\/index.php\/wp-json\/wp\/v2\/comments?post=45824"}],"version-history":[{"count":0,"href":"https:\/\/jornalfatosenoticias.com.br\/index.php\/wp-json\/wp\/v2\/posts\/45824\/revisions"}],"wp:featuredmedia":[{"embeddable":true,"href":"https:\/\/jornalfatosenoticias.com.br\/index.php\/wp-json\/wp\/v2\/media\/45826"}],"wp:attachment":[{"href":"https:\/\/jornalfatosenoticias.com.br\/index.php\/wp-json\/wp\/v2\/media?parent=45824"}],"wp:term":[{"taxonomy":"category","embeddable":true,"href":"https:\/\/jornalfatosenoticias.com.br\/index.php\/wp-json\/wp\/v2\/categories?post=45824"},{"taxonomy":"post_tag","embeddable":true,"href":"https:\/\/jornalfatosenoticias.com.br\/index.php\/wp-json\/wp\/v2\/tags?post=45824"}],"curies":[{"name":"wp","href":"https:\/\/api.w.org\/{rel}","templated":true}]}}