{"id":45840,"date":"2023-10-09T08:22:25","date_gmt":"2023-10-09T11:22:25","guid":{"rendered":"https:\/\/jornalfatosenoticias.com.br\/?p=45840"},"modified":"2023-10-09T08:22:26","modified_gmt":"2023-10-09T11:22:26","slug":"com-ensino-de-robotica-o-futuro-chegou-as-salas-de-aula-em-vitoria","status":"publish","type":"post","link":"https:\/\/jornalfatosenoticias.com.br\/index.php\/2023\/10\/09\/com-ensino-de-robotica-o-futuro-chegou-as-salas-de-aula-em-vitoria\/","title":{"rendered":"Com ensino de rob\u00f3tica o futuro chegou \u00e0s salas de aula em Vit\u00f3ria"},"content":{"rendered":"\n<p><em><span class=\"has-inline-color has-black-color\">Por <strong>Lu\u00eds Oliveira<\/strong><\/span><\/em><\/p>\n\n\n\n<div class=\"wp-block-image\"><figure class=\"aligncenter size-large\"><img loading=\"lazy\" decoding=\"async\" width=\"1024\" height=\"100\" src=\"https:\/\/jornalfatosenoticias.com.br\/wp-content\/uploads\/2022\/05\/NOVA-LOGO-CESCONETTO-1024x100.jpg\" alt=\"\" class=\"wp-image-30792\" srcset=\"https:\/\/jornalfatosenoticias.com.br\/wp-content\/uploads\/2022\/05\/NOVA-LOGO-CESCONETTO-1024x100.jpg 1024w, https:\/\/jornalfatosenoticias.com.br\/wp-content\/uploads\/2022\/05\/NOVA-LOGO-CESCONETTO-300x29.jpg 300w, https:\/\/jornalfatosenoticias.com.br\/wp-content\/uploads\/2022\/05\/NOVA-LOGO-CESCONETTO-768x75.jpg 768w, https:\/\/jornalfatosenoticias.com.br\/wp-content\/uploads\/2022\/05\/NOVA-LOGO-CESCONETTO.jpg 1280w\" sizes=\"auto, (max-width: 1024px) 100vw, 1024px\" \/><\/figure><\/div>\n\n\n\n<p>Um grupo de 45 estudantes da Escola Municipal de Ensino Fundamental (Emef) \u00c9ber Louzada Zippinotti, em Jardim da Penha, est\u00e1 mais animado do que nunca. Gra\u00e7as ao projeto &#8220;Rob\u00f3tica: uma metodologia ativa&#8221;, orientado pela professora Ketney Tonetti dos Santos, os estudantes est\u00e3o mergulhando de cabe\u00e7a no emocionante mundo da rob\u00f3tica. Destes, dez deles recebem bolsas de incentivo pelo programa Pibic Jr 2023, da Companhia de Desenvolvimento, Turismo e Inova\u00e7\u00e3o de Vit\u00f3ria (CDTIV). O desafio? Construir uma casa automatizada utilizando a tecnologia Arduino.<br>Este projeto ambicioso n\u00e3o \u00e9 apenas sobre engrenagens e fios, mas sobre empoderar os alunos com habilidades do futuro, sendo que o objetivo principal \u00e9 proporcionar acesso \u00e0 programa\u00e7\u00e3o, incentivando o desenvolvimento de habilidades para resolver problemas l\u00f3gicos e despertar a criatividade.<\/p>\n\n\n\n<div class=\"wp-block-image\"><figure class=\"aligncenter size-large is-resized\"><img loading=\"lazy\" decoding=\"async\" src=\"https:\/\/jornalfatosenoticias.com.br\/wp-content\/uploads\/2022\/02\/Precisao-Contabilidade-1024x724.jpg\" alt=\"\" class=\"wp-image-28088\" width=\"303\" height=\"214\"\/><\/figure><\/div>\n\n\n\n<p>Assim, em aulas realizadas no contraturno, os estudantes recebem suporte ao ensino e \u00e0 aprendizagem da rob\u00f3tica por meio de uma interface de programa\u00e7\u00e3o que promove a criatividade, a colabora\u00e7\u00e3o, o trabalho em equipe e a solu\u00e7\u00e3o de problemas em um ambiente onde a \u00fanica barreira \u00e9 a imagina\u00e7\u00e3o do educando.<br>Mas o que os estudantes t\u00eam a dizer sobre essa jornada educacional \u00fanica? <\/p>\n\n\n\n<div class=\"wp-block-image\"><figure class=\"aligncenter size-large is-resized\"><img loading=\"lazy\" decoding=\"async\" src=\"https:\/\/jornalfatosenoticias.com.br\/wp-content\/uploads\/2020\/02\/logo-Rapuzel-1024x571.jpg\" alt=\"\" class=\"wp-image-42808\" width=\"347\" height=\"193\" srcset=\"https:\/\/jornalfatosenoticias.com.br\/wp-content\/uploads\/2020\/02\/logo-Rapuzel-1024x571.jpg 1024w, https:\/\/jornalfatosenoticias.com.br\/wp-content\/uploads\/2020\/02\/logo-Rapuzel-300x167.jpg 300w, https:\/\/jornalfatosenoticias.com.br\/wp-content\/uploads\/2020\/02\/logo-Rapuzel-768x428.jpg 768w, https:\/\/jornalfatosenoticias.com.br\/wp-content\/uploads\/2020\/02\/logo-Rapuzel-1536x856.jpg 1536w, https:\/\/jornalfatosenoticias.com.br\/wp-content\/uploads\/2020\/02\/logo-Rapuzel.jpg 1600w\" sizes=\"auto, (max-width: 347px) 100vw, 347px\" \/><\/figure><\/div>\n\n\n\n<p>Eduardo de Almeida Caetano Souza afirma: &#8220;Vejo como um lugar onde nos sentimos melhor e que podemos aprender, dialogar, consertar, construir, soldar e nos divertir tamb\u00e9m, e onde podemos nos soltar. Para mim, a rob\u00f3tica \u00e9 a melhor aula que temos e a Ketney \u00e9 a melhor professora&#8221;.<\/p>\n\n\n\n<div class=\"wp-block-image\"><figure class=\"aligncenter size-large\"><img decoding=\"async\" src=\"https:\/\/jornalfatosenoticias.com.br\/wp-content\/uploads\/2020\/02\/logo_esteio.jpg\" alt=\"\" class=\"wp-image-1214\"\/><\/figure><\/div>\n\n\n\n<p>Mariah Roriz, da mesma turma, acrescenta: &#8220;A rob\u00f3tica \u00e9 um lugar que tem de tudo, podemos aprender habilidades al\u00e9m da pr\u00f3pria rob\u00f3tica. Desde o in\u00edcio, a rob\u00f3tica se tornou um compromisso para todos n\u00f3s. Aqui nos divertimos, aprendemos coisas novas, botamos em pr\u00e1tica tudo o que aprendemos. Aqui na rob\u00f3tica temos uma sigla chamada CHAT: Compromisso, Habilidade, Atitude, Trabalho em equipe. Com todos esses fatores, evolu\u00edmos muito na aprendizagem e como pessoas&#8221;.<\/p>\n\n\n\n<div class=\"wp-block-image\"><figure class=\"aligncenter size-large\"><img loading=\"lazy\" decoding=\"async\" width=\"750\" height=\"1000\" src=\"https:\/\/jornalfatosenoticias.com.br\/wp-content\/uploads\/2023\/10\/robotica_Vitoria.jpg\" alt=\"\" class=\"wp-image-45841\" srcset=\"https:\/\/jornalfatosenoticias.com.br\/wp-content\/uploads\/2023\/10\/robotica_Vitoria.jpg 750w, https:\/\/jornalfatosenoticias.com.br\/wp-content\/uploads\/2023\/10\/robotica_Vitoria-225x300.jpg 225w\" sizes=\"auto, (max-width: 750px) 100vw, 750px\" \/><figcaption><em><span class=\"has-inline-color has-black-color\">Rob\u00f3tica: o futuro chegou \u00e0s salas de aula da Emef Eber Louzada Zippinotti (Foto: Divulga\u00e7\u00e3o\/PMV)<\/span><\/em><\/figcaption><\/figure><\/div>\n\n\n\n<p><strong><span class=\"has-inline-color has-black-color\">Mudando a forma de aprender<br><\/span><\/strong>A professora Ketney enfatiza que o projeto n\u00e3o se trata de repetir informa\u00e7\u00f5es, mas de aprender de forma independente, capacitando os alunos a interagir com a realidade e a desenvolver a capacidade de formular e resolver problemas. Segundo a educadora, entre os principais benef\u00edcios da rob\u00f3tica educacional destacam-se o incentivo ao trabalho em grupo, o desenvolvimento do racioc\u00ednio l\u00f3gico, a estimula\u00e7\u00e3o da criatividade e o desenvolvimento de habilidades para solucionar situa\u00e7\u00f5es adversas.<\/p>\n\n\n\n<div class=\"wp-block-image\"><figure class=\"aligncenter size-large is-resized\"><img loading=\"lazy\" decoding=\"async\" src=\"https:\/\/jornalfatosenoticias.com.br\/wp-content\/uploads\/2023\/08\/VSM-Group.jpeg\" alt=\"\" class=\"wp-image-44364\" width=\"258\" height=\"258\"\/><\/figure><\/div>\n\n\n\n<p>Com 45 alunos participando no contraturno, o projeto oferece a oportunidade de aprender programa\u00e7\u00e3o em plataformas modernas como o Spike Prime, Arduino e Scratch, al\u00e9m de aprender conceitos b\u00e1sicos sobre eletr\u00f4nica. Isso n\u00e3o apenas estimula o racioc\u00ednio l\u00f3gico, mas tamb\u00e9m ajuda na organiza\u00e7\u00e3o, concentra\u00e7\u00e3o e desempenho pessoal.<\/p>\n\n\n\n<div class=\"wp-block-image\"><figure class=\"aligncenter size-large\"><img decoding=\"async\" src=\"https:\/\/jornalfatosenoticias.com.br\/wp-content\/uploads\/2020\/02\/barao-das-carnes-300x164-1.jpg\" alt=\"\" class=\"wp-image-34339\"\/><\/figure><\/div>\n\n\n\n<p>O projeto &#8220;Rob\u00f3tica: uma metodologia ativa&#8221; da professora Ketney Tonetti dos Santos est\u00e1 moldando o futuro dos estudantes da Emef \u00c9ber Louzada, preparando-os para um mundo cada vez mais tecnol\u00f3gico e desafiador. Com uma abordagem l\u00fadica e inovadora, a iniciativa est\u00e1 inspirando os jovens alunos a se tornarem os solucionadores de problemas e pensadores criativos do futuro.<\/p>\n\n\n\n<p><strong><em>Fonte: <a href=\"https:\/\/www.vitoria.es.gov.br\/noticia\/robotica-o-futuro-chegou-as-salas-de-aula-48856\">PMV<\/a><\/em><\/strong><\/p>\n","protected":false},"excerpt":{"rendered":"<p>Por Lu\u00eds Oliveira Um grupo de 45 estudantes da Escola Municipal de Ensino Fundamental (Emef) \u00c9ber Louzada Zippinotti, em Jardim da Penha, est\u00e1 mais animado do que nunca. Gra\u00e7as ao projeto &#8220;Rob\u00f3tica: uma metodologia ativa&#8221;, orientado pela professora Ketney Tonetti dos Santos, os estudantes est\u00e3o mergulhando de cabe\u00e7a no emocionante mundo da rob\u00f3tica. Destes, dez [&hellip;]<\/p>\n","protected":false},"author":2,"featured_media":45842,"comment_status":"open","ping_status":"open","sticky":false,"template":"","format":"standard","meta":{"footnotes":""},"categories":[7],"tags":[21594,21593,4787,7326],"class_list":["post-45840","post","type-post","status-publish","format-standard","has-post-thumbnail","hentry","category-educacao","tag-educacao-vitoria","tag-ensino-de-robotica","tag-robotica","tag-sala-de-aula"],"yoast_head":"<!-- This site is optimized with the Yoast SEO plugin v26.5 - https:\/\/yoast.com\/wordpress\/plugins\/seo\/ -->\n<title>Com ensino de rob\u00f3tica o futuro chegou \u00e0s salas de aula em Vit\u00f3ria - Jornal Fatos e Not\u00edcias<\/title>\n<meta name=\"robots\" content=\"index, follow, max-snippet:-1, max-image-preview:large, max-video-preview:-1\" \/>\n<link rel=\"canonical\" href=\"https:\/\/jornalfatosenoticias.com.br\/index.php\/2023\/10\/09\/com-ensino-de-robotica-o-futuro-chegou-as-salas-de-aula-em-vitoria\/\" \/>\n<meta property=\"og:locale\" content=\"pt_BR\" \/>\n<meta property=\"og:type\" content=\"article\" \/>\n<meta property=\"og:title\" content=\"Com ensino de rob\u00f3tica o futuro chegou \u00e0s salas de aula em Vit\u00f3ria - Jornal Fatos e Not\u00edcias\" \/>\n<meta property=\"og:description\" content=\"Por Lu\u00eds Oliveira Um grupo de 45 estudantes da Escola Municipal de Ensino Fundamental (Emef) \u00c9ber Louzada Zippinotti, em Jardim da Penha, est\u00e1 mais animado do que nunca. Gra\u00e7as ao projeto &#8220;Rob\u00f3tica: uma metodologia ativa&#8221;, orientado pela professora Ketney Tonetti dos Santos, os estudantes est\u00e3o mergulhando de cabe\u00e7a no emocionante mundo da rob\u00f3tica. Destes, dez [&hellip;]\" \/>\n<meta property=\"og:url\" content=\"https:\/\/jornalfatosenoticias.com.br\/index.php\/2023\/10\/09\/com-ensino-de-robotica-o-futuro-chegou-as-salas-de-aula-em-vitoria\/\" \/>\n<meta property=\"og:site_name\" content=\"Jornal Fatos e Not\u00edcias\" \/>\n<meta property=\"article:published_time\" content=\"2023-10-09T11:22:25+00:00\" \/>\n<meta property=\"article:modified_time\" content=\"2023-10-09T11:22:26+00:00\" \/>\n<meta property=\"og:image\" content=\"https:\/\/jornalfatosenoticias.com.br\/wp-content\/uploads\/2023\/10\/robotica_Vitoria2.jpg\" \/>\n\t<meta property=\"og:image:width\" content=\"900\" \/>\n\t<meta property=\"og:image:height\" content=\"675\" \/>\n\t<meta property=\"og:image:type\" content=\"image\/jpeg\" \/>\n<meta name=\"author\" content=\"Luzimara Fernandes\" \/>\n<meta name=\"twitter:card\" content=\"summary_large_image\" \/>\n<meta name=\"twitter:label1\" content=\"Escrito por\" \/>\n\t<meta name=\"twitter:data1\" content=\"Luzimara Fernandes\" \/>\n\t<meta name=\"twitter:label2\" content=\"Est. tempo de leitura\" \/>\n\t<meta name=\"twitter:data2\" content=\"3 minutos\" \/>\n<script type=\"application\/ld+json\" class=\"yoast-schema-graph\">{\"@context\":\"https:\/\/schema.org\",\"@graph\":[{\"@type\":\"Article\",\"@id\":\"https:\/\/jornalfatosenoticias.com.br\/index.php\/2023\/10\/09\/com-ensino-de-robotica-o-futuro-chegou-as-salas-de-aula-em-vitoria\/#article\",\"isPartOf\":{\"@id\":\"https:\/\/jornalfatosenoticias.com.br\/index.php\/2023\/10\/09\/com-ensino-de-robotica-o-futuro-chegou-as-salas-de-aula-em-vitoria\/\"},\"author\":{\"name\":\"Luzimara Fernandes\",\"@id\":\"https:\/\/jornalfatosenoticias.com.br\/#\/schema\/person\/d63837fa13ac8666eb9e74e0985d6f81\"},\"headline\":\"Com ensino de rob\u00f3tica o futuro chegou \u00e0s salas de aula em Vit\u00f3ria\",\"datePublished\":\"2023-10-09T11:22:25+00:00\",\"dateModified\":\"2023-10-09T11:22:26+00:00\",\"mainEntityOfPage\":{\"@id\":\"https:\/\/jornalfatosenoticias.com.br\/index.php\/2023\/10\/09\/com-ensino-de-robotica-o-futuro-chegou-as-salas-de-aula-em-vitoria\/\"},\"wordCount\":566,\"commentCount\":0,\"publisher\":{\"@id\":\"https:\/\/jornalfatosenoticias.com.br\/#organization\"},\"image\":{\"@id\":\"https:\/\/jornalfatosenoticias.com.br\/index.php\/2023\/10\/09\/com-ensino-de-robotica-o-futuro-chegou-as-salas-de-aula-em-vitoria\/#primaryimage\"},\"thumbnailUrl\":\"https:\/\/jornalfatosenoticias.com.br\/wp-content\/uploads\/2023\/10\/robotica_Vitoria2.jpg\",\"keywords\":[\"educa\u00e7\u00e3o Vit\u00f3ria\",\"ensino de rob\u00f3tica\",\"rob\u00f3tica\",\"sala de aula\"],\"articleSection\":[\"Educa\u00e7\u00e3o\"],\"inLanguage\":\"pt-BR\",\"potentialAction\":[{\"@type\":\"CommentAction\",\"name\":\"Comment\",\"target\":[\"https:\/\/jornalfatosenoticias.com.br\/index.php\/2023\/10\/09\/com-ensino-de-robotica-o-futuro-chegou-as-salas-de-aula-em-vitoria\/#respond\"]}]},{\"@type\":\"WebPage\",\"@id\":\"https:\/\/jornalfatosenoticias.com.br\/index.php\/2023\/10\/09\/com-ensino-de-robotica-o-futuro-chegou-as-salas-de-aula-em-vitoria\/\",\"url\":\"https:\/\/jornalfatosenoticias.com.br\/index.php\/2023\/10\/09\/com-ensino-de-robotica-o-futuro-chegou-as-salas-de-aula-em-vitoria\/\",\"name\":\"Com ensino de rob\u00f3tica o futuro chegou \u00e0s salas de aula em Vit\u00f3ria - Jornal Fatos e Not\u00edcias\",\"isPartOf\":{\"@id\":\"https:\/\/jornalfatosenoticias.com.br\/#website\"},\"primaryImageOfPage\":{\"@id\":\"https:\/\/jornalfatosenoticias.com.br\/index.php\/2023\/10\/09\/com-ensino-de-robotica-o-futuro-chegou-as-salas-de-aula-em-vitoria\/#primaryimage\"},\"image\":{\"@id\":\"https:\/\/jornalfatosenoticias.com.br\/index.php\/2023\/10\/09\/com-ensino-de-robotica-o-futuro-chegou-as-salas-de-aula-em-vitoria\/#primaryimage\"},\"thumbnailUrl\":\"https:\/\/jornalfatosenoticias.com.br\/wp-content\/uploads\/2023\/10\/robotica_Vitoria2.jpg\",\"datePublished\":\"2023-10-09T11:22:25+00:00\",\"dateModified\":\"2023-10-09T11:22:26+00:00\",\"breadcrumb\":{\"@id\":\"https:\/\/jornalfatosenoticias.com.br\/index.php\/2023\/10\/09\/com-ensino-de-robotica-o-futuro-chegou-as-salas-de-aula-em-vitoria\/#breadcrumb\"},\"inLanguage\":\"pt-BR\",\"potentialAction\":[{\"@type\":\"ReadAction\",\"target\":[\"https:\/\/jornalfatosenoticias.com.br\/index.php\/2023\/10\/09\/com-ensino-de-robotica-o-futuro-chegou-as-salas-de-aula-em-vitoria\/\"]}]},{\"@type\":\"ImageObject\",\"inLanguage\":\"pt-BR\",\"@id\":\"https:\/\/jornalfatosenoticias.com.br\/index.php\/2023\/10\/09\/com-ensino-de-robotica-o-futuro-chegou-as-salas-de-aula-em-vitoria\/#primaryimage\",\"url\":\"https:\/\/jornalfatosenoticias.com.br\/wp-content\/uploads\/2023\/10\/robotica_Vitoria2.jpg\",\"contentUrl\":\"https:\/\/jornalfatosenoticias.com.br\/wp-content\/uploads\/2023\/10\/robotica_Vitoria2.jpg\",\"width\":900,\"height\":675,\"caption\":\"Rob\u00f3tica: o futuro chegou \u00e0s salas de aula da Emef Eber Louzada Zippinotti\"},{\"@type\":\"BreadcrumbList\",\"@id\":\"https:\/\/jornalfatosenoticias.com.br\/index.php\/2023\/10\/09\/com-ensino-de-robotica-o-futuro-chegou-as-salas-de-aula-em-vitoria\/#breadcrumb\",\"itemListElement\":[{\"@type\":\"ListItem\",\"position\":1,\"name\":\"In\u00edcio\",\"item\":\"https:\/\/jornalfatosenoticias.com.br\/\"},{\"@type\":\"ListItem\",\"position\":2,\"name\":\"Com ensino de rob\u00f3tica o futuro chegou \u00e0s salas de aula em Vit\u00f3ria\"}]},{\"@type\":\"WebSite\",\"@id\":\"https:\/\/jornalfatosenoticias.com.br\/#website\",\"url\":\"https:\/\/jornalfatosenoticias.com.br\/\",\"name\":\"Jornal Fatos e Not\u00edcias\",\"description\":\"Not\u00edcias em geral\",\"publisher\":{\"@id\":\"https:\/\/jornalfatosenoticias.com.br\/#organization\"},\"potentialAction\":[{\"@type\":\"SearchAction\",\"target\":{\"@type\":\"EntryPoint\",\"urlTemplate\":\"https:\/\/jornalfatosenoticias.com.br\/?s={search_term_string}\"},\"query-input\":{\"@type\":\"PropertyValueSpecification\",\"valueRequired\":true,\"valueName\":\"search_term_string\"}}],\"inLanguage\":\"pt-BR\"},{\"@type\":\"Organization\",\"@id\":\"https:\/\/jornalfatosenoticias.com.br\/#organization\",\"name\":\"Jornal Fatos e Not\u00edcias\",\"url\":\"https:\/\/jornalfatosenoticias.com.br\/\",\"logo\":{\"@type\":\"ImageObject\",\"inLanguage\":\"pt-BR\",\"@id\":\"https:\/\/jornalfatosenoticias.com.br\/#\/schema\/logo\/image\/\",\"url\":\"https:\/\/jornalfatosenoticias.com.br\/wp-content\/uploads\/2020\/02\/logo120.png\",\"contentUrl\":\"https:\/\/jornalfatosenoticias.com.br\/wp-content\/uploads\/2020\/02\/logo120.png\",\"width\":1227,\"height\":120,\"caption\":\"Jornal Fatos e Not\u00edcias\"},\"image\":{\"@id\":\"https:\/\/jornalfatosenoticias.com.br\/#\/schema\/logo\/image\/\"}},{\"@type\":\"Person\",\"@id\":\"https:\/\/jornalfatosenoticias.com.br\/#\/schema\/person\/d63837fa13ac8666eb9e74e0985d6f81\",\"name\":\"Luzimara Fernandes\",\"image\":{\"@type\":\"ImageObject\",\"inLanguage\":\"pt-BR\",\"@id\":\"https:\/\/jornalfatosenoticias.com.br\/#\/schema\/person\/image\/\",\"url\":\"https:\/\/jornalfatosenoticias.com.br\/wp-content\/uploads\/2025\/05\/EU_portal.jpg\",\"contentUrl\":\"https:\/\/jornalfatosenoticias.com.br\/wp-content\/uploads\/2025\/05\/EU_portal.jpg\",\"caption\":\"Luzimara Fernandes\"},\"description\":\"Jornalista MTB 2358-ES\",\"sameAs\":[\"https:\/\/jornalfatosenoticias.com.br\"],\"url\":\"https:\/\/jornalfatosenoticias.com.br\/index.php\/author\/luzimara\/\"}]}<\/script>\n<!-- \/ Yoast SEO plugin. -->","yoast_head_json":{"title":"Com ensino de rob\u00f3tica o futuro chegou \u00e0s salas de aula em Vit\u00f3ria - Jornal Fatos e Not\u00edcias","robots":{"index":"index","follow":"follow","max-snippet":"max-snippet:-1","max-image-preview":"max-image-preview:large","max-video-preview":"max-video-preview:-1"},"canonical":"https:\/\/jornalfatosenoticias.com.br\/index.php\/2023\/10\/09\/com-ensino-de-robotica-o-futuro-chegou-as-salas-de-aula-em-vitoria\/","og_locale":"pt_BR","og_type":"article","og_title":"Com ensino de rob\u00f3tica o futuro chegou \u00e0s salas de aula em Vit\u00f3ria - Jornal Fatos e Not\u00edcias","og_description":"Por Lu\u00eds Oliveira Um grupo de 45 estudantes da Escola Municipal de Ensino Fundamental (Emef) \u00c9ber Louzada Zippinotti, em Jardim da Penha, est\u00e1 mais animado do que nunca. Gra\u00e7as ao projeto &#8220;Rob\u00f3tica: uma metodologia ativa&#8221;, orientado pela professora Ketney Tonetti dos Santos, os estudantes est\u00e3o mergulhando de cabe\u00e7a no emocionante mundo da rob\u00f3tica. Destes, dez [&hellip;]","og_url":"https:\/\/jornalfatosenoticias.com.br\/index.php\/2023\/10\/09\/com-ensino-de-robotica-o-futuro-chegou-as-salas-de-aula-em-vitoria\/","og_site_name":"Jornal Fatos e Not\u00edcias","article_published_time":"2023-10-09T11:22:25+00:00","article_modified_time":"2023-10-09T11:22:26+00:00","og_image":[{"width":900,"height":675,"url":"https:\/\/jornalfatosenoticias.com.br\/wp-content\/uploads\/2023\/10\/robotica_Vitoria2.jpg","type":"image\/jpeg"}],"author":"Luzimara Fernandes","twitter_card":"summary_large_image","twitter_misc":{"Escrito por":"Luzimara Fernandes","Est. tempo de leitura":"3 minutos"},"schema":{"@context":"https:\/\/schema.org","@graph":[{"@type":"Article","@id":"https:\/\/jornalfatosenoticias.com.br\/index.php\/2023\/10\/09\/com-ensino-de-robotica-o-futuro-chegou-as-salas-de-aula-em-vitoria\/#article","isPartOf":{"@id":"https:\/\/jornalfatosenoticias.com.br\/index.php\/2023\/10\/09\/com-ensino-de-robotica-o-futuro-chegou-as-salas-de-aula-em-vitoria\/"},"author":{"name":"Luzimara Fernandes","@id":"https:\/\/jornalfatosenoticias.com.br\/#\/schema\/person\/d63837fa13ac8666eb9e74e0985d6f81"},"headline":"Com ensino de rob\u00f3tica o futuro chegou \u00e0s salas de aula em Vit\u00f3ria","datePublished":"2023-10-09T11:22:25+00:00","dateModified":"2023-10-09T11:22:26+00:00","mainEntityOfPage":{"@id":"https:\/\/jornalfatosenoticias.com.br\/index.php\/2023\/10\/09\/com-ensino-de-robotica-o-futuro-chegou-as-salas-de-aula-em-vitoria\/"},"wordCount":566,"commentCount":0,"publisher":{"@id":"https:\/\/jornalfatosenoticias.com.br\/#organization"},"image":{"@id":"https:\/\/jornalfatosenoticias.com.br\/index.php\/2023\/10\/09\/com-ensino-de-robotica-o-futuro-chegou-as-salas-de-aula-em-vitoria\/#primaryimage"},"thumbnailUrl":"https:\/\/jornalfatosenoticias.com.br\/wp-content\/uploads\/2023\/10\/robotica_Vitoria2.jpg","keywords":["educa\u00e7\u00e3o Vit\u00f3ria","ensino de rob\u00f3tica","rob\u00f3tica","sala de aula"],"articleSection":["Educa\u00e7\u00e3o"],"inLanguage":"pt-BR","potentialAction":[{"@type":"CommentAction","name":"Comment","target":["https:\/\/jornalfatosenoticias.com.br\/index.php\/2023\/10\/09\/com-ensino-de-robotica-o-futuro-chegou-as-salas-de-aula-em-vitoria\/#respond"]}]},{"@type":"WebPage","@id":"https:\/\/jornalfatosenoticias.com.br\/index.php\/2023\/10\/09\/com-ensino-de-robotica-o-futuro-chegou-as-salas-de-aula-em-vitoria\/","url":"https:\/\/jornalfatosenoticias.com.br\/index.php\/2023\/10\/09\/com-ensino-de-robotica-o-futuro-chegou-as-salas-de-aula-em-vitoria\/","name":"Com ensino de rob\u00f3tica o futuro chegou \u00e0s salas de aula em Vit\u00f3ria - Jornal Fatos e Not\u00edcias","isPartOf":{"@id":"https:\/\/jornalfatosenoticias.com.br\/#website"},"primaryImageOfPage":{"@id":"https:\/\/jornalfatosenoticias.com.br\/index.php\/2023\/10\/09\/com-ensino-de-robotica-o-futuro-chegou-as-salas-de-aula-em-vitoria\/#primaryimage"},"image":{"@id":"https:\/\/jornalfatosenoticias.com.br\/index.php\/2023\/10\/09\/com-ensino-de-robotica-o-futuro-chegou-as-salas-de-aula-em-vitoria\/#primaryimage"},"thumbnailUrl":"https:\/\/jornalfatosenoticias.com.br\/wp-content\/uploads\/2023\/10\/robotica_Vitoria2.jpg","datePublished":"2023-10-09T11:22:25+00:00","dateModified":"2023-10-09T11:22:26+00:00","breadcrumb":{"@id":"https:\/\/jornalfatosenoticias.com.br\/index.php\/2023\/10\/09\/com-ensino-de-robotica-o-futuro-chegou-as-salas-de-aula-em-vitoria\/#breadcrumb"},"inLanguage":"pt-BR","potentialAction":[{"@type":"ReadAction","target":["https:\/\/jornalfatosenoticias.com.br\/index.php\/2023\/10\/09\/com-ensino-de-robotica-o-futuro-chegou-as-salas-de-aula-em-vitoria\/"]}]},{"@type":"ImageObject","inLanguage":"pt-BR","@id":"https:\/\/jornalfatosenoticias.com.br\/index.php\/2023\/10\/09\/com-ensino-de-robotica-o-futuro-chegou-as-salas-de-aula-em-vitoria\/#primaryimage","url":"https:\/\/jornalfatosenoticias.com.br\/wp-content\/uploads\/2023\/10\/robotica_Vitoria2.jpg","contentUrl":"https:\/\/jornalfatosenoticias.com.br\/wp-content\/uploads\/2023\/10\/robotica_Vitoria2.jpg","width":900,"height":675,"caption":"Rob\u00f3tica: o futuro chegou \u00e0s salas de aula da Emef Eber Louzada Zippinotti"},{"@type":"BreadcrumbList","@id":"https:\/\/jornalfatosenoticias.com.br\/index.php\/2023\/10\/09\/com-ensino-de-robotica-o-futuro-chegou-as-salas-de-aula-em-vitoria\/#breadcrumb","itemListElement":[{"@type":"ListItem","position":1,"name":"In\u00edcio","item":"https:\/\/jornalfatosenoticias.com.br\/"},{"@type":"ListItem","position":2,"name":"Com ensino de rob\u00f3tica o futuro chegou \u00e0s salas de aula em Vit\u00f3ria"}]},{"@type":"WebSite","@id":"https:\/\/jornalfatosenoticias.com.br\/#website","url":"https:\/\/jornalfatosenoticias.com.br\/","name":"Jornal Fatos e Not\u00edcias","description":"Not\u00edcias em geral","publisher":{"@id":"https:\/\/jornalfatosenoticias.com.br\/#organization"},"potentialAction":[{"@type":"SearchAction","target":{"@type":"EntryPoint","urlTemplate":"https:\/\/jornalfatosenoticias.com.br\/?s={search_term_string}"},"query-input":{"@type":"PropertyValueSpecification","valueRequired":true,"valueName":"search_term_string"}}],"inLanguage":"pt-BR"},{"@type":"Organization","@id":"https:\/\/jornalfatosenoticias.com.br\/#organization","name":"Jornal Fatos e Not\u00edcias","url":"https:\/\/jornalfatosenoticias.com.br\/","logo":{"@type":"ImageObject","inLanguage":"pt-BR","@id":"https:\/\/jornalfatosenoticias.com.br\/#\/schema\/logo\/image\/","url":"https:\/\/jornalfatosenoticias.com.br\/wp-content\/uploads\/2020\/02\/logo120.png","contentUrl":"https:\/\/jornalfatosenoticias.com.br\/wp-content\/uploads\/2020\/02\/logo120.png","width":1227,"height":120,"caption":"Jornal Fatos e Not\u00edcias"},"image":{"@id":"https:\/\/jornalfatosenoticias.com.br\/#\/schema\/logo\/image\/"}},{"@type":"Person","@id":"https:\/\/jornalfatosenoticias.com.br\/#\/schema\/person\/d63837fa13ac8666eb9e74e0985d6f81","name":"Luzimara Fernandes","image":{"@type":"ImageObject","inLanguage":"pt-BR","@id":"https:\/\/jornalfatosenoticias.com.br\/#\/schema\/person\/image\/","url":"https:\/\/jornalfatosenoticias.com.br\/wp-content\/uploads\/2025\/05\/EU_portal.jpg","contentUrl":"https:\/\/jornalfatosenoticias.com.br\/wp-content\/uploads\/2025\/05\/EU_portal.jpg","caption":"Luzimara Fernandes"},"description":"Jornalista MTB 2358-ES","sameAs":["https:\/\/jornalfatosenoticias.com.br"],"url":"https:\/\/jornalfatosenoticias.com.br\/index.php\/author\/luzimara\/"}]}},"cc_featured_image_caption":{"caption_text":"(Foto: Divulga\u00e7\u00e3o\/PMV) ","source_text":"","source_url":""},"jetpack_featured_media_url":"https:\/\/jornalfatosenoticias.com.br\/wp-content\/uploads\/2023\/10\/robotica_Vitoria2.jpg","_links":{"self":[{"href":"https:\/\/jornalfatosenoticias.com.br\/index.php\/wp-json\/wp\/v2\/posts\/45840","targetHints":{"allow":["GET"]}}],"collection":[{"href":"https:\/\/jornalfatosenoticias.com.br\/index.php\/wp-json\/wp\/v2\/posts"}],"about":[{"href":"https:\/\/jornalfatosenoticias.com.br\/index.php\/wp-json\/wp\/v2\/types\/post"}],"author":[{"embeddable":true,"href":"https:\/\/jornalfatosenoticias.com.br\/index.php\/wp-json\/wp\/v2\/users\/2"}],"replies":[{"embeddable":true,"href":"https:\/\/jornalfatosenoticias.com.br\/index.php\/wp-json\/wp\/v2\/comments?post=45840"}],"version-history":[{"count":0,"href":"https:\/\/jornalfatosenoticias.com.br\/index.php\/wp-json\/wp\/v2\/posts\/45840\/revisions"}],"wp:featuredmedia":[{"embeddable":true,"href":"https:\/\/jornalfatosenoticias.com.br\/index.php\/wp-json\/wp\/v2\/media\/45842"}],"wp:attachment":[{"href":"https:\/\/jornalfatosenoticias.com.br\/index.php\/wp-json\/wp\/v2\/media?parent=45840"}],"wp:term":[{"taxonomy":"category","embeddable":true,"href":"https:\/\/jornalfatosenoticias.com.br\/index.php\/wp-json\/wp\/v2\/categories?post=45840"},{"taxonomy":"post_tag","embeddable":true,"href":"https:\/\/jornalfatosenoticias.com.br\/index.php\/wp-json\/wp\/v2\/tags?post=45840"}],"curies":[{"name":"wp","href":"https:\/\/api.w.org\/{rel}","templated":true}]}}