{"id":45869,"date":"2023-10-09T10:14:09","date_gmt":"2023-10-09T13:14:09","guid":{"rendered":"https:\/\/jornalfatosenoticias.com.br\/?p=45869"},"modified":"2023-10-09T10:14:11","modified_gmt":"2023-10-09T13:14:11","slug":"china-cuba-russia-venezuela-pt-adere-ao-lobby-de-autocracias","status":"publish","type":"post","link":"https:\/\/jornalfatosenoticias.com.br\/index.php\/2023\/10\/09\/china-cuba-russia-venezuela-pt-adere-ao-lobby-de-autocracias\/","title":{"rendered":"China, Cuba, R\u00fassia, Venezuela: PT adere ao lobby de autocracias"},"content":{"rendered":"\n<p><em><span class=\"has-inline-color has-black-color\">Partido Comunista da China veio ao Brasil assinar acordos com o PT<\/span><\/em><\/p>\n\n\n\n<p><em><span class=\"has-inline-color has-black-color\">Por <strong><a href=\"https:\/\/www.gazetadopovo.com.br\/autor\/carinne-souza\/\">Carinne Souza<\/a><\/strong><\/span><\/em><\/p>\n\n\n\n<div class=\"wp-block-image\"><figure class=\"aligncenter size-large\"><img loading=\"lazy\" decoding=\"async\" width=\"729\" height=\"90\" src=\"https:\/\/jornalfatosenoticias.com.br\/wp-content\/uploads\/2020\/02\/Logo_Mizu.png\" alt=\"\" class=\"wp-image-1441\" srcset=\"https:\/\/jornalfatosenoticias.com.br\/wp-content\/uploads\/2020\/02\/Logo_Mizu.png 729w, https:\/\/jornalfatosenoticias.com.br\/wp-content\/uploads\/2020\/02\/Logo_Mizu-300x37.png 300w\" sizes=\"auto, (max-width: 729px) 100vw, 729px\" \/><\/figure><\/div>\n\n\n\n<p>Por meio de discursos pol\u00eamicos e viagens internacionais, Luiz In\u00e1cio Lula da Silva (PT) j\u00e1 forneceu muitos ind\u00edcios de que o Brasil apoia os governos autorit\u00e1rios da R\u00fassia, da China, da Venezuela e de Cuba. Mas essa rela\u00e7\u00e3o extrapolou a esfera diplom\u00e1tica e avan\u00e7ou para o campo pol\u00edtico com a aproxima\u00e7\u00e3o direta do Partido dos Trabalhadores (PT) e de parlamentares de outras legendas da base do governo com os partidos comunistas da China e de Cuba e com parlamentares das ditaduras da Venezuela e da R\u00fassia.<br>A a\u00e7\u00e3o faz parte de um esfor\u00e7o da R\u00fassia e da China, que inclui a\u00e7\u00f5es diplom\u00e1ticas e lobby pol\u00edtico, para se aproximar de na\u00e7\u00f5es da \u00c1frica e da Am\u00e9rica Latina em busca de apoio internacional. Ele acontece em um cen\u00e1rio, deflagrado pela invas\u00e3o russa na Ucr\u00e2nia, que vem sendo chamado por analistas internacionais de &#8220;Guerra Fria 2.0&#8221;. R\u00fassia e China est\u00e3o tentando atrair o m\u00e1ximo de aliados poss\u00edvel para um bloco que faz antagonismo aos Estados Unidos e seus aliados do G7 (grupo das sete maiores economias liberais do planeta).<\/p>\n\n\n\n<div class=\"wp-block-image\"><figure class=\"aligncenter size-large is-resized\"><img loading=\"lazy\" decoding=\"async\" src=\"https:\/\/jornalfatosenoticias.com.br\/wp-content\/uploads\/2023\/08\/BKR-1024x1021.jpg\" alt=\"\" class=\"wp-image-44494\" width=\"327\" height=\"326\" srcset=\"https:\/\/jornalfatosenoticias.com.br\/wp-content\/uploads\/2023\/08\/BKR-1024x1021.jpg 1024w, https:\/\/jornalfatosenoticias.com.br\/wp-content\/uploads\/2023\/08\/BKR-300x300.jpg 300w, https:\/\/jornalfatosenoticias.com.br\/wp-content\/uploads\/2023\/08\/BKR-150x150.jpg 150w, https:\/\/jornalfatosenoticias.com.br\/wp-content\/uploads\/2023\/08\/BKR-768x766.jpg 768w, https:\/\/jornalfatosenoticias.com.br\/wp-content\/uploads\/2023\/08\/BKR.jpg 1080w\" sizes=\"auto, (max-width: 327px) 100vw, 327px\" \/><\/figure><\/div>\n\n\n\n<p>Nos \u00faltimos dias, o PT demonstrou que tem respondido ao lobby feito por essas na\u00e7\u00f5es. Uma delega\u00e7\u00e3o de oito parlamentares do partido desembarcou na R\u00fassia, entre 29 de setembro e 2 de outubro, para participar da Confer\u00eancia Parlamentar Internacional R\u00fassia-Am\u00e9rica Latina, evento promovido pelo governo russo. E, pouco antes disso, o partido recebeu, em sua sede em Bras\u00edlia, uma comitiva do Partido Comunista da China. Na ocasi\u00e3o, os partidos assinaram acordos de &#8220;coopera\u00e7\u00e3o internacional&#8221;.<\/p>\n\n\n\n<div class=\"wp-block-image\"><figure class=\"aligncenter size-large\"><img decoding=\"async\" src=\"https:\/\/jornalfatosenoticias.com.br\/wp-content\/uploads\/2020\/02\/barao-das-carnes-300x164-1.jpg\" alt=\"\" class=\"wp-image-34339\"\/><\/figure><\/div>\n\n\n\n<p>Para o doutor em Filosofia pela PUCRS e mestre em Rela\u00e7\u00f5es Internacionais pela UFRGS, Cezar Roedel, China e R\u00fassia t\u00eam se utilizado da \u201cfragilidade conceitual\u201d dos pa\u00edses do chamado Sul-Global para fazer da Am\u00e9rica Latina um \u201cterreno prop\u00edcio a toda sorte de interesses obtusos\u201d. De acordo com o especialista, a maioria das na\u00e7\u00f5es em desenvolvimento possui algum \u201cfetiche com as autocracias\u201d e criam um \u201cvislumbre com a ideia de que as mesmas estejam a criar um novo polo de poder e uma \u2018nova governan\u00e7a global\u2019\u201d.<\/p>\n\n\n\n<div class=\"wp-block-image\"><figure class=\"aligncenter size-large\"><img loading=\"lazy\" decoding=\"async\" width=\"300\" height=\"250\" src=\"https:\/\/jornalfatosenoticias.com.br\/wp-content\/uploads\/2020\/02\/Banner-2.png\" alt=\"\" class=\"wp-image-43787\"\/><\/figure><\/div>\n\n\n\n<blockquote class=\"wp-block-quote is-layout-flow wp-block-quote-is-layout-flow\"><p><span class=\"has-inline-color has-luminous-vivid-orange-color\">O Sul-globalista contesta a ordem vigente e at\u00e9 mesmo o direito internacional. Acredita que um novo mundo possa surgir sob a \u00e9gide de pot\u00eancias autocr\u00e1ticas e contestadoras da hegemonia do Ocidente. Preferem o pragmatismo mercantil e ideol\u00f3gico com ditaduras do que o caminho complexo da defesa da democracia\u201d, analisa Roedel.<\/span><\/p><\/blockquote>\n\n\n\n<div class=\"wp-block-image\"><figure class=\"aligncenter size-large is-resized\"><img loading=\"lazy\" decoding=\"async\" src=\"https:\/\/jornalfatosenoticias.com.br\/wp-content\/uploads\/2020\/02\/logo-Rapuzel-1024x571.jpg\" alt=\"\" class=\"wp-image-42808\" width=\"354\" height=\"197\" srcset=\"https:\/\/jornalfatosenoticias.com.br\/wp-content\/uploads\/2020\/02\/logo-Rapuzel-1024x571.jpg 1024w, https:\/\/jornalfatosenoticias.com.br\/wp-content\/uploads\/2020\/02\/logo-Rapuzel-300x167.jpg 300w, https:\/\/jornalfatosenoticias.com.br\/wp-content\/uploads\/2020\/02\/logo-Rapuzel-768x428.jpg 768w, https:\/\/jornalfatosenoticias.com.br\/wp-content\/uploads\/2020\/02\/logo-Rapuzel-1536x856.jpg 1536w, https:\/\/jornalfatosenoticias.com.br\/wp-content\/uploads\/2020\/02\/logo-Rapuzel.jpg 1600w\" sizes=\"auto, (max-width: 354px) 100vw, 354px\" \/><\/figure><\/div>\n\n\n\n<p><strong><span class=\"has-inline-color has-vivid-red-color\">Os acenos do PT \u00e0s investidas da China<br><\/span><\/strong>\u00c0 Gazeta do Povo, especialistas explicaram que \u00e9 comum que partidos busquem alian\u00e7as com legendas hom\u00f3logas em outros pa\u00edses do mundo. As escolhas do PT para tais aproxima\u00e7\u00f5es, contudo, geram desconforto. Neste ano, membros do partido brasileiro foram at\u00e9 a China se encontrar com parlamentares do Partido Comunista Chin\u00eas com o intuito de identificar poss\u00edveis acordos bilaterais. A viagem aconteceu em junho.<\/p>\n\n\n\n<div class=\"wp-block-image\"><figure class=\"aligncenter size-large is-resized\"><img loading=\"lazy\" decoding=\"async\" src=\"https:\/\/jornalfatosenoticias.com.br\/wp-content\/uploads\/2023\/03\/nova-logo-Marquetti.jpg\" alt=\"\" class=\"wp-image-40207\" width=\"331\" height=\"222\" srcset=\"https:\/\/jornalfatosenoticias.com.br\/wp-content\/uploads\/2023\/03\/nova-logo-Marquetti.jpg 643w, https:\/\/jornalfatosenoticias.com.br\/wp-content\/uploads\/2023\/03\/nova-logo-Marquetti-300x202.jpg 300w\" sizes=\"auto, (max-width: 331px) 100vw, 331px\" \/><\/figure><\/div>\n\n\n\n<p>Tr\u00eas meses depois, foi a vez do PT receber uma comitiva vinda da China. Chefiada por Li Xi \u2014 secret\u00e1rio da Comiss\u00e3o Central de Inspe\u00e7\u00e3o Disciplinar do Partido Comunista da China \u2014, as legendas assinaram acordos de coopera\u00e7\u00e3o internacional. \u00c0 Gazeta do Povo, o PT justificou que tais encontros eram comuns e a associa\u00e7\u00e3o entre os partidos j\u00e1 somam quatro d\u00e9cadas.<\/p>\n\n\n\n<div class=\"wp-block-image\"><figure class=\"aligncenter size-large\"><img loading=\"lazy\" decoding=\"async\" width=\"300\" height=\"300\" src=\"https:\/\/jornalfatosenoticias.com.br\/wp-content\/uploads\/2020\/02\/casa-do-torresmo_portal.jpg\" alt=\"\" class=\"wp-image-34472\" srcset=\"https:\/\/jornalfatosenoticias.com.br\/wp-content\/uploads\/2020\/02\/casa-do-torresmo_portal.jpg 300w, https:\/\/jornalfatosenoticias.com.br\/wp-content\/uploads\/2020\/02\/casa-do-torresmo_portal-150x150.jpg 150w\" sizes=\"auto, (max-width: 300px) 100vw, 300px\" \/><\/figure><\/div>\n\n\n\n<p>Mas o Partido Comunista Chin\u00eas, liderado por Xi Jinping, tem orienta\u00e7\u00e3o muito mais Marxista-Leninista que os governos chineses das \u00faltimas d\u00e9cadas. Sob Hu Jintao (2002-2012) e Jiang Zemin (1987-2002), a China era vista sob a \u00f3tica do pa\u00eds que fez reformas econ\u00f4micas pragm\u00e1ticas, que permitiu empresas privadas, atraiu investimentos externos e aumentou as liberdades individuais.<\/p>\n\n\n\n<div class=\"wp-block-image\"><figure class=\"aligncenter size-large\"><img decoding=\"async\" src=\"https:\/\/jornalfatosenoticias.com.br\/wp-content\/uploads\/2020\/02\/logo_esteio.jpg\" alt=\"\" class=\"wp-image-1214\"\/><\/figure><\/div>\n\n\n\n<blockquote class=\"wp-block-quote is-layout-flow wp-block-quote-is-layout-flow\"><p>Xi reavivou a pol\u00edtica de Mao Ts\u00e9-Tung aumentando o controle sobre a sociedade e diminuindo as liberdades individuais. A economia chinesa voltou \u00e0 tend\u00eancia estatizante, empres\u00e1rios de sucesso come\u00e7aram a ser perseguidos e o pa\u00eds adotou uma postura belicista.<\/p><\/blockquote>\n\n\n\n<div class=\"wp-block-image\"><figure class=\"aligncenter size-large is-resized\"><img loading=\"lazy\" decoding=\"async\" src=\"https:\/\/jornalfatosenoticias.com.br\/wp-content\/uploads\/2020\/02\/LOGO-BLU-COMERCIAL-PRETO-1024x600.jpg\" alt=\"\" class=\"wp-image-44089\" width=\"351\" height=\"205\"\/><\/figure><\/div>\n\n\n\n<p>A China tamb\u00e9m passou a ser acusada de crimes contra os direitos humanos de minorias \u00e9tnicas, de restringir o acesso da popula\u00e7\u00e3o \u00e0 internet e de manipular as not\u00edcias veiculadas na imprensa local. Essas caracter\u00edsticas mostram a contradi\u00e7\u00e3o do discurso de defesa da democracia adotado por Lula e pelo PT. O petista costuma minimizar esse fato e afirma que o Brasil tem uma pol\u00edtica de n\u00e3o interfer\u00eancia nas quest\u00f5es de outros pa\u00edses. Tamb\u00e9m lembra sempre que a China \u00e9 o maior parceiro comercial do Brasil. Nos \u00faltimos meses, contudo, Lula fez declara\u00e7\u00f5es em que deixou claro que seus interesses em Pequim v\u00e3o al\u00e9m do com\u00e9rcio. Durante encontro com Li Xi em Bras\u00edlia, Lula chegou a dizer que seu partido \u201ctem uma forte rela\u00e7\u00e3o com o Partido Comunista Chin\u00eas\u201d.<\/p>\n\n\n\n<div class=\"wp-block-image\"><figure class=\"aligncenter size-large is-resized\"><img loading=\"lazy\" decoding=\"async\" src=\"https:\/\/jornalfatosenoticias.com.br\/wp-content\/uploads\/2023\/08\/VSM-Group.jpeg\" alt=\"\" class=\"wp-image-44364\" width=\"267\" height=\"267\"\/><\/figure><\/div>\n\n\n\n<blockquote class=\"wp-block-quote is-layout-flow wp-block-quote-is-layout-flow\"><p><span class=\"has-inline-color has-luminous-vivid-orange-color\">\u00c9 sempre uma alegria poder receber um pa\u00eds irm\u00e3o. Um pa\u00eds com quem mantemos uma rela\u00e7\u00e3o extraordin\u00e1ria, n\u00e3o apenas do ponto de vista comercial, mas do ponto de vista pol\u00edtico\u201d, continuou Lula. O mandat\u00e1rio brasileiro ainda disse que tem \u201ctoda a boa vontade e a disposi\u00e7\u00e3o de estabelecermos cada vez mais uma rela\u00e7\u00e3o forte com a China\u201d.<\/span><\/p><\/blockquote>\n\n\n\n<div class=\"wp-block-image\"><figure class=\"aligncenter size-large is-resized\"><img loading=\"lazy\" decoding=\"async\" src=\"https:\/\/jornalfatosenoticias.com.br\/wp-content\/uploads\/2023\/09\/vetorvix1024_1.jpg\" alt=\"\" class=\"wp-image-44868\" width=\"483\" height=\"128\" srcset=\"https:\/\/jornalfatosenoticias.com.br\/wp-content\/uploads\/2023\/09\/vetorvix1024_1.jpg 1024w, https:\/\/jornalfatosenoticias.com.br\/wp-content\/uploads\/2023\/09\/vetorvix1024_1-300x80.jpg 300w, https:\/\/jornalfatosenoticias.com.br\/wp-content\/uploads\/2023\/09\/vetorvix1024_1-768x205.jpg 768w\" sizes=\"auto, (max-width: 483px) 100vw, 483px\" \/><\/figure><\/div>\n\n\n\n<p><span class=\"has-inline-color has-vivid-red-color\"><strong>Reuni\u00e3o na R\u00fassia teve membros do PT, PCdoB, PSB, MDB e PSD<br><\/strong><\/span>A China passou a sofrer san\u00e7\u00f5es e isolamento do Ocidente ao travar uma guerra comercial com os Estados Unidos que teve in\u00edcio 2018. J\u00e1 o isolamento russo passou a ocorrer depois que pa\u00eds decidiu invadir a Ucr\u00e2nia em 2022. Vendo seu apoio internacional diminuir desde o in\u00edcio da guerra, Vladimir Putin passou a repetir a estrat\u00e9gia de Xi Jinping para atrair aten\u00e7\u00e3o dos pa\u00edses do Sul-Global. Na inten\u00e7\u00e3o de aproximar os pa\u00edses latino-americanos com as \u201cmaravilhas do desenvolvimento russo\u201d, o Kremlin organizou a Confer\u00eancia Parlamentar Internacional R\u00fassia-Am\u00e9rica Latina.<\/p>\n\n\n\n<div class=\"wp-block-image\"><figure class=\"aligncenter size-large is-resized\"><img loading=\"lazy\" decoding=\"async\" src=\"https:\/\/jornalfatosenoticias.com.br\/wp-content\/uploads\/2022\/10\/Arte-jornal-Zucchi-600x600_Prancheta-1-1024x1024.jpg\" alt=\"\" class=\"wp-image-34782\" width=\"291\" height=\"291\" srcset=\"https:\/\/jornalfatosenoticias.com.br\/wp-content\/uploads\/2022\/10\/Arte-jornal-Zucchi-600x600_Prancheta-1-1024x1024.jpg 1024w, https:\/\/jornalfatosenoticias.com.br\/wp-content\/uploads\/2022\/10\/Arte-jornal-Zucchi-600x600_Prancheta-1-300x300.jpg 300w, https:\/\/jornalfatosenoticias.com.br\/wp-content\/uploads\/2022\/10\/Arte-jornal-Zucchi-600x600_Prancheta-1-150x150.jpg 150w, https:\/\/jornalfatosenoticias.com.br\/wp-content\/uploads\/2022\/10\/Arte-jornal-Zucchi-600x600_Prancheta-1-768x768.jpg 768w, https:\/\/jornalfatosenoticias.com.br\/wp-content\/uploads\/2022\/10\/Arte-jornal-Zucchi-600x600_Prancheta-1.jpg 1250w\" sizes=\"auto, (max-width: 291px) 100vw, 291px\" \/><\/figure><\/div>\n\n\n\n<p>No encontro, foram realizadas reuni\u00f5es com aproximadamente 200 parlamentares da Am\u00e9rica Latina e do Caribe. Em Moscou, tais representantes assistiram a palestras sobre tecnologia, mobilidade urbana, desenvolvimento econ\u00f4mico e entre outros temas. Do Brasil, governistas do PT, PCdoB e PSB foram alguns dos convidados, al\u00e9m de representantes do MDB e do PSD.<\/p>\n\n\n\n<div class=\"wp-block-image\"><figure class=\"aligncenter size-large is-resized\"><img loading=\"lazy\" decoding=\"async\" src=\"https:\/\/jornalfatosenoticias.com.br\/wp-content\/uploads\/2022\/02\/Precisao-Contabilidade-1024x724.jpg\" alt=\"\" class=\"wp-image-28088\" width=\"337\" height=\"238\"\/><\/figure><\/div>\n\n\n\n<p>O secret\u00e1rio-geral do Partido Socialista Brasileiro (PSB), Acilino Jos\u00e9 Ribeiro de Almeida, al\u00e9m de estar na comitiva enviada \u00e0 R\u00fassia, foi um dos palestrantes do evento. Questionado pela Gazeta da Povo sobre a viagem, o pol\u00edtico declarou apoio \u00e0 R\u00fassia e disse que &#8220;Zelensky deveria ser preso como criminoso de guerra&#8221;. Contudo, Zelensky n\u00e3o cometeu nenhum crime de guerra. A R\u00fassia foi respons\u00e1vel por bombardeio constante de civis inocentes e pelo rapto e deporta\u00e7\u00e3o de milhares de crian\u00e7as ucranianas.<\/p>\n\n\n\n<div class=\"wp-block-image\"><figure class=\"aligncenter size-large\"><img loading=\"lazy\" decoding=\"async\" width=\"300\" height=\"250\" src=\"https:\/\/jornalfatosenoticias.com.br\/wp-content\/uploads\/2022\/08\/arte-Casarao.jpg\" alt=\"\" class=\"wp-image-33178\"\/><\/figure><\/div>\n\n\n\n<p>Durante a viagem, os partidos de esquerda brasileiros ainda se encontram com representantes dos governos de Cuba e Venezuela. O evento na R\u00fassia contou com uma agenda em Moscou que durou quatro dias. Mas, antes do convite para parlamentares e representantes de partidos marcarem presen\u00e7a em Moscou, Lula j\u00e1 havia feito acenos positivos ao pa\u00eds de Vladimir Putin.\u00a0A R\u00fassia \u00e9 um dos principais fornecedores de fertilizantes para o Brasil e alegadamente por isso ganhou a aten\u00e7\u00e3o de Lula. Mas depois o alinhamento pareceu se tornar mais ideol\u00f3gico do que pragm\u00e1tico. Segundo analistas, a esquerda brasileira ainda tende a ver a R\u00fassia como a velha Uni\u00e3o Sovi\u00e9tica comunista. Mas o governo de Putin tem muito mais caracter\u00edsticas da R\u00fassia autocr\u00e1tica e imperialista do s\u00e9culo XIX.<\/p>\n\n\n\n<div class=\"wp-block-image\"><figure class=\"aligncenter size-large is-resized\"><img loading=\"lazy\" decoding=\"async\" src=\"https:\/\/jornalfatosenoticias.com.br\/wp-content\/uploads\/2020\/02\/CONTROL-CS.jpg\" alt=\"\" class=\"wp-image-44991\" width=\"335\" height=\"402\" srcset=\"https:\/\/jornalfatosenoticias.com.br\/wp-content\/uploads\/2020\/02\/CONTROL-CS.jpg 834w, https:\/\/jornalfatosenoticias.com.br\/wp-content\/uploads\/2020\/02\/CONTROL-CS-250x300.jpg 250w, https:\/\/jornalfatosenoticias.com.br\/wp-content\/uploads\/2020\/02\/CONTROL-CS-768x921.jpg 768w\" sizes=\"auto, (max-width: 335px) 100vw, 335px\" \/><\/figure><\/div>\n\n\n\n<p>Lula foi um dos poucos presidentes do mundo que n\u00e3o s\u00f3 deixou de condenar o Kremlin pela guerra, mas o defendeu publicamente. Ele fez declara\u00e7\u00f5es contradit\u00f3rias sobre a Ucr\u00e2nia e chegou a dizer que o pa\u00eds invadido era t\u00e3o culpado pelo conflito quanto a R\u00fassia. O petista tamb\u00e9m se op\u00f4s a declara\u00e7\u00f5es de condena\u00e7\u00e3o a Putin em tratados internacionais, minimizando as atrocidades e crimes de guerra cometidos por Moscou e boicotando iniciativas diplom\u00e1ticas para culpar a R\u00fassia pela guerra.<\/p>\n\n\n\n<div class=\"wp-block-image\"><figure class=\"aligncenter size-large is-resized\"><img loading=\"lazy\" decoding=\"async\" src=\"https:\/\/jornalfatosenoticias.com.br\/wp-content\/uploads\/2023\/07\/lacremoda.jpg\" alt=\"\" class=\"wp-image-43706\" width=\"370\" height=\"207\" srcset=\"https:\/\/jornalfatosenoticias.com.br\/wp-content\/uploads\/2023\/07\/lacremoda.jpg 1024w, https:\/\/jornalfatosenoticias.com.br\/wp-content\/uploads\/2023\/07\/lacremoda-300x168.jpg 300w, https:\/\/jornalfatosenoticias.com.br\/wp-content\/uploads\/2023\/07\/lacremoda-768x431.jpg 768w\" sizes=\"auto, (max-width: 370px) 100vw, 370px\" \/><\/figure><\/div>\n\n\n\n<p>Lula ainda enviou seu assessor de assuntos especiais, Celso Amorim, para uma visita \u00e0 R\u00fassia antes mesmo de visitar a Ucr\u00e2nia, pa\u00eds invadido. Em recentes discursos, o mandat\u00e1rio brasileiro ainda chegou a condenar as san\u00e7\u00f5es impostas pelos Estados Unidos e pa\u00edses europeus \u00e0 R\u00fassia como uma estrat\u00e9gia para tentar frear a guerra. O petista tamb\u00e9m utilizou o mesmo discurso para condenar os embargos \u00e0 Cuba.<\/p>\n\n\n\n<div class=\"wp-block-image\"><figure class=\"aligncenter size-large is-resized\"><img loading=\"lazy\" decoding=\"async\" src=\"https:\/\/jornalfatosenoticias.com.br\/wp-content\/uploads\/2023\/03\/logo-Panper_portal.jpg\" alt=\"\" class=\"wp-image-40208\" width=\"331\" height=\"229\" srcset=\"https:\/\/jornalfatosenoticias.com.br\/wp-content\/uploads\/2023\/03\/logo-Panper_portal.jpg 400w, https:\/\/jornalfatosenoticias.com.br\/wp-content\/uploads\/2023\/03\/logo-Panper_portal-300x208.jpg 300w\" sizes=\"auto, (max-width: 331px) 100vw, 331px\" \/><\/figure><\/div>\n\n\n\n<p><strong><span class=\"has-inline-color has-vivid-red-color\">Cuba, Venezuela e Nicar\u00e1gua n\u00e3o saem do radar de Lula (e nem do PT)\u00a0<br><\/span><\/strong>Enquanto tenta justificar a aproxima\u00e7\u00e3o com China e R\u00fassia pelos acordos comerciais, Cuba e Venezuela n\u00e3o saem do radar de Lula e do PT pela semelhan\u00e7a ideol\u00f3gica dos partidos. As duas na\u00e7\u00f5es latino-americanas foram palcos de conhecidos ditadores que s\u00e3o exaltados pela esquerda: Fidel Castro e Hugo Ch\u00e1vez \u2014 figuras essas que chegaram a ser mencionadas por Vladimir Putin em seu discurso durante a Confer\u00eancia Parlamentar Internacional R\u00fassia-Am\u00e9rica Latina. Seus sucessores hoje s\u00e3o Miguel D\u00edas-Canel e Nicol\u00e1s Maduro, respectivamente.<\/p>\n\n\n\n<div class=\"wp-block-image\"><figure class=\"aligncenter size-large is-resized\"><img loading=\"lazy\" decoding=\"async\" src=\"https:\/\/jornalfatosenoticias.com.br\/wp-content\/uploads\/2023\/08\/Steel.jpeg\" alt=\"\" class=\"wp-image-44634\" width=\"326\" height=\"265\" srcset=\"https:\/\/jornalfatosenoticias.com.br\/wp-content\/uploads\/2023\/08\/Steel.jpeg 800w, https:\/\/jornalfatosenoticias.com.br\/wp-content\/uploads\/2023\/08\/Steel-300x244.jpeg 300w, https:\/\/jornalfatosenoticias.com.br\/wp-content\/uploads\/2023\/08\/Steel-768x624.jpeg 768w\" sizes=\"auto, (max-width: 326px) 100vw, 326px\" \/><\/figure><\/div>\n\n\n\n<p>No fim de maio, Lula foi muito criticado, inclusive por aliados, pelas declara\u00e7\u00f5es que fez sobre a Venezuela. Em uma tentativa de reativar a Unasul, o petista recebeu o ditador venezuelano, Nicol\u00e1s Maduro, com honrarias de chefe de Estado no Brasil e chegou a dizer que o pa\u00eds era &#8220;v\u00edtima de uma narrativa de antidemocracia e autoritarismo&#8221;. Vale ressaltar que Maduro \u00e9 acusado de crimes contra os direitos humanos, de fazer presos pol\u00edticos e de manipular as elei\u00e7\u00f5es em seu pa\u00eds para n\u00e3o deixar o cargo de presidente \u2014 que ocupa h\u00e1 10 anos.<\/p>\n\n\n\n<div class=\"wp-block-image\"><figure class=\"aligncenter size-large is-resized\"><img loading=\"lazy\" decoding=\"async\" src=\"https:\/\/jornalfatosenoticias.com.br\/wp-content\/uploads\/2022\/10\/RC_800x750_page-0001.jpg\" alt=\"\" class=\"wp-image-35338\" width=\"293\" height=\"275\" srcset=\"https:\/\/jornalfatosenoticias.com.br\/wp-content\/uploads\/2022\/10\/RC_800x750_page-0001.jpg 400w, https:\/\/jornalfatosenoticias.com.br\/wp-content\/uploads\/2022\/10\/RC_800x750_page-0001-300x281.jpg 300w\" sizes=\"auto, (max-width: 293px) 100vw, 293px\" \/><\/figure><\/div>\n\n\n\n<p>Em junho, o site do PT ainda publicou uma mat\u00e9ria corroborando com a fala distorcida de Lula. Originalmente publicado no portal Brasil.247, o texto tem o t\u00edtulo de &#8220;especialista em geopol\u00edtica desmonta narrativa para demonizar Venezuela&#8221;, o artigo tenta justificar os s\u00e9rio problemas enfrentados pela Venezuela.<\/p>\n\n\n\n<div class=\"wp-block-image\"><figure class=\"aligncenter size-large is-resized\"><img loading=\"lazy\" decoding=\"async\" src=\"https:\/\/jornalfatosenoticias.com.br\/wp-content\/uploads\/2023\/08\/ITH.jpeg\" alt=\"\" class=\"wp-image-44638\" width=\"315\" height=\"256\" srcset=\"https:\/\/jornalfatosenoticias.com.br\/wp-content\/uploads\/2023\/08\/ITH.jpeg 800w, https:\/\/jornalfatosenoticias.com.br\/wp-content\/uploads\/2023\/08\/ITH-300x244.jpeg 300w, https:\/\/jornalfatosenoticias.com.br\/wp-content\/uploads\/2023\/08\/ITH-768x624.jpeg 768w\" sizes=\"auto, (max-width: 315px) 100vw, 315px\" \/><\/figure><\/div>\n\n\n\n<p>Mesmo em meio a cr\u00edticas, o mandat\u00e1rio repetiu discursos da Venezuela com Cuba e Nicar\u00e1gua, pa\u00edses que ainda s\u00e3o liderados por ditadores. Em entrevista \u00e0 R\u00e1dio Ga\u00facha, em junho, o petista disse que &#8220;o conceito de democracia \u00e9 relativo&#8221;, ao abordar a ditadura de Daniel Ortega na Nicar\u00e1gua. O pol\u00edtico ocupa o cargo de presidente desde 2007 e \u00e9 acusado de perseguir opositores pol\u00edticos e tamb\u00e9m religiosos.<br>A autocracia cubana ainda chegou a ser visitada por Lula neste ano. O petista foi ao pa\u00eds na primeira quinzena de setembro para participar da C\u00fapula dos G77+China. Durante a passagem por solo cubano, criticou os embargos dos Estados Unidos ao pa\u00eds. Lula repetiu as mesmas cr\u00edticas, poucos dias depois, em seu discurso na Assembleia Geral das Na\u00e7\u00f5es Unidas, que aconteceu em Nova York.<\/p>\n\n\n\n<div class=\"wp-block-image\"><figure class=\"aligncenter size-large\"><img loading=\"lazy\" decoding=\"async\" width=\"300\" height=\"250\" src=\"https:\/\/jornalfatosenoticias.com.br\/wp-content\/uploads\/2022\/02\/FERRARI_MAQUINAS-E-FERRAMENTAS2.jpg\" alt=\"\" class=\"wp-image-27860\"\/><\/figure><\/div>\n\n\n\n<p>Todos esses ditadores ainda foram exaltados durante o Foro de S\u00e3o Paulo, que ocorreu em Bras\u00edlia, entre os dias 29 de junho e 2 de julho. Com a presen\u00e7a de lideran\u00e7as de esquerda do mundo inteiro, o evento teve reuni\u00f5es e palestras em que se exaltava Che Guevara, Fidel Castro e Hugo Ch\u00e1vez.<\/p>\n\n\n\n<p><strong><em>Fonte: <a href=\"https:\/\/www.gazetadopovo.com.br\/republica\/china-cuba-russia-venezuela-o-pt-se-presta-a-responder-ao-lobby-de-autocracias\/\">Gazeta do Povo<\/a><\/em><\/strong><\/p>\n","protected":false},"excerpt":{"rendered":"<p>Partido Comunista da China veio ao Brasil assinar acordos com o PT Por Carinne Souza Por meio de discursos pol\u00eamicos e viagens internacionais, Luiz In\u00e1cio Lula da Silva (PT) j\u00e1 forneceu muitos ind\u00edcios de que o Brasil apoia os governos autorit\u00e1rios da R\u00fassia, da China, da Venezuela e de Cuba. Mas essa rela\u00e7\u00e3o extrapolou a [&hellip;]<\/p>\n","protected":false},"author":2,"featured_media":45870,"comment_status":"open","ping_status":"open","sticky":false,"template":"","format":"standard","meta":{"footnotes":""},"categories":[10],"tags":[21601,21305,85,17875,7580,589,13186,991,8605],"class_list":["post-45869","post","type-post","status-publish","format-standard","has-post-thumbnail","hentry","category-politica","tag-agenda-de-esquerda","tag-autocracias","tag-china","tag-ditaduras","tag-lula","tag-nicaragua","tag-pt","tag-russia","tag-venezuela"],"yoast_head":"<!-- This site is optimized with the Yoast SEO plugin v26.5 - https:\/\/yoast.com\/wordpress\/plugins\/seo\/ -->\n<title>China, Cuba, R\u00fassia, Venezuela: PT adere ao lobby de autocracias - Jornal Fatos e Not\u00edcias<\/title>\n<meta name=\"robots\" content=\"index, follow, max-snippet:-1, max-image-preview:large, max-video-preview:-1\" \/>\n<link rel=\"canonical\" href=\"https:\/\/jornalfatosenoticias.com.br\/index.php\/2023\/10\/09\/china-cuba-russia-venezuela-pt-adere-ao-lobby-de-autocracias\/\" \/>\n<meta property=\"og:locale\" content=\"pt_BR\" \/>\n<meta property=\"og:type\" content=\"article\" \/>\n<meta property=\"og:title\" content=\"China, Cuba, R\u00fassia, Venezuela: PT adere ao lobby de autocracias - Jornal Fatos e Not\u00edcias\" \/>\n<meta property=\"og:description\" content=\"Partido Comunista da China veio ao Brasil assinar acordos com o PT Por Carinne Souza Por meio de discursos pol\u00eamicos e viagens internacionais, Luiz In\u00e1cio Lula da Silva (PT) j\u00e1 forneceu muitos ind\u00edcios de que o Brasil apoia os governos autorit\u00e1rios da R\u00fassia, da China, da Venezuela e de Cuba. Mas essa rela\u00e7\u00e3o extrapolou a [&hellip;]\" \/>\n<meta property=\"og:url\" content=\"https:\/\/jornalfatosenoticias.com.br\/index.php\/2023\/10\/09\/china-cuba-russia-venezuela-pt-adere-ao-lobby-de-autocracias\/\" \/>\n<meta property=\"og:site_name\" content=\"Jornal Fatos e Not\u00edcias\" \/>\n<meta property=\"article:published_time\" content=\"2023-10-09T13:14:09+00:00\" \/>\n<meta property=\"article:modified_time\" content=\"2023-10-09T13:14:11+00:00\" \/>\n<meta property=\"og:image\" content=\"https:\/\/jornalfatosenoticias.com.br\/wp-content\/uploads\/2023\/10\/DITADORES.jpg\" \/>\n\t<meta property=\"og:image:width\" content=\"960\" \/>\n\t<meta property=\"og:image:height\" content=\"540\" \/>\n\t<meta property=\"og:image:type\" content=\"image\/jpeg\" \/>\n<meta name=\"author\" content=\"Luzimara Fernandes\" \/>\n<meta name=\"twitter:card\" content=\"summary_large_image\" \/>\n<meta name=\"twitter:label1\" content=\"Escrito por\" \/>\n\t<meta name=\"twitter:data1\" content=\"Luzimara Fernandes\" \/>\n\t<meta name=\"twitter:label2\" content=\"Est. tempo de leitura\" \/>\n\t<meta name=\"twitter:data2\" content=\"10 minutos\" \/>\n<script type=\"application\/ld+json\" class=\"yoast-schema-graph\">{\"@context\":\"https:\/\/schema.org\",\"@graph\":[{\"@type\":\"Article\",\"@id\":\"https:\/\/jornalfatosenoticias.com.br\/index.php\/2023\/10\/09\/china-cuba-russia-venezuela-pt-adere-ao-lobby-de-autocracias\/#article\",\"isPartOf\":{\"@id\":\"https:\/\/jornalfatosenoticias.com.br\/index.php\/2023\/10\/09\/china-cuba-russia-venezuela-pt-adere-ao-lobby-de-autocracias\/\"},\"author\":{\"name\":\"Luzimara Fernandes\",\"@id\":\"https:\/\/jornalfatosenoticias.com.br\/#\/schema\/person\/d63837fa13ac8666eb9e74e0985d6f81\"},\"headline\":\"China, Cuba, R\u00fassia, Venezuela: PT adere ao lobby de autocracias\",\"datePublished\":\"2023-10-09T13:14:09+00:00\",\"dateModified\":\"2023-10-09T13:14:11+00:00\",\"mainEntityOfPage\":{\"@id\":\"https:\/\/jornalfatosenoticias.com.br\/index.php\/2023\/10\/09\/china-cuba-russia-venezuela-pt-adere-ao-lobby-de-autocracias\/\"},\"wordCount\":1926,\"commentCount\":0,\"publisher\":{\"@id\":\"https:\/\/jornalfatosenoticias.com.br\/#organization\"},\"image\":{\"@id\":\"https:\/\/jornalfatosenoticias.com.br\/index.php\/2023\/10\/09\/china-cuba-russia-venezuela-pt-adere-ao-lobby-de-autocracias\/#primaryimage\"},\"thumbnailUrl\":\"https:\/\/jornalfatosenoticias.com.br\/wp-content\/uploads\/2023\/10\/DITADORES.jpg\",\"keywords\":[\"agenda de esquerda\",\"autocracias\",\"china\",\"ditaduras\",\"Lula\",\"Nicar\u00e1gua\",\"PT\",\"R\u00fassia\",\"Venezuela\"],\"articleSection\":[\"Pol\u00edtica\"],\"inLanguage\":\"pt-BR\",\"potentialAction\":[{\"@type\":\"CommentAction\",\"name\":\"Comment\",\"target\":[\"https:\/\/jornalfatosenoticias.com.br\/index.php\/2023\/10\/09\/china-cuba-russia-venezuela-pt-adere-ao-lobby-de-autocracias\/#respond\"]}]},{\"@type\":\"WebPage\",\"@id\":\"https:\/\/jornalfatosenoticias.com.br\/index.php\/2023\/10\/09\/china-cuba-russia-venezuela-pt-adere-ao-lobby-de-autocracias\/\",\"url\":\"https:\/\/jornalfatosenoticias.com.br\/index.php\/2023\/10\/09\/china-cuba-russia-venezuela-pt-adere-ao-lobby-de-autocracias\/\",\"name\":\"China, Cuba, R\u00fassia, Venezuela: PT adere ao lobby de autocracias - Jornal Fatos e Not\u00edcias\",\"isPartOf\":{\"@id\":\"https:\/\/jornalfatosenoticias.com.br\/#website\"},\"primaryImageOfPage\":{\"@id\":\"https:\/\/jornalfatosenoticias.com.br\/index.php\/2023\/10\/09\/china-cuba-russia-venezuela-pt-adere-ao-lobby-de-autocracias\/#primaryimage\"},\"image\":{\"@id\":\"https:\/\/jornalfatosenoticias.com.br\/index.php\/2023\/10\/09\/china-cuba-russia-venezuela-pt-adere-ao-lobby-de-autocracias\/#primaryimage\"},\"thumbnailUrl\":\"https:\/\/jornalfatosenoticias.com.br\/wp-content\/uploads\/2023\/10\/DITADORES.jpg\",\"datePublished\":\"2023-10-09T13:14:09+00:00\",\"dateModified\":\"2023-10-09T13:14:11+00:00\",\"breadcrumb\":{\"@id\":\"https:\/\/jornalfatosenoticias.com.br\/index.php\/2023\/10\/09\/china-cuba-russia-venezuela-pt-adere-ao-lobby-de-autocracias\/#breadcrumb\"},\"inLanguage\":\"pt-BR\",\"potentialAction\":[{\"@type\":\"ReadAction\",\"target\":[\"https:\/\/jornalfatosenoticias.com.br\/index.php\/2023\/10\/09\/china-cuba-russia-venezuela-pt-adere-ao-lobby-de-autocracias\/\"]}]},{\"@type\":\"ImageObject\",\"inLanguage\":\"pt-BR\",\"@id\":\"https:\/\/jornalfatosenoticias.com.br\/index.php\/2023\/10\/09\/china-cuba-russia-venezuela-pt-adere-ao-lobby-de-autocracias\/#primaryimage\",\"url\":\"https:\/\/jornalfatosenoticias.com.br\/wp-content\/uploads\/2023\/10\/DITADORES.jpg\",\"contentUrl\":\"https:\/\/jornalfatosenoticias.com.br\/wp-content\/uploads\/2023\/10\/DITADORES.jpg\",\"width\":960,\"height\":540},{\"@type\":\"BreadcrumbList\",\"@id\":\"https:\/\/jornalfatosenoticias.com.br\/index.php\/2023\/10\/09\/china-cuba-russia-venezuela-pt-adere-ao-lobby-de-autocracias\/#breadcrumb\",\"itemListElement\":[{\"@type\":\"ListItem\",\"position\":1,\"name\":\"In\u00edcio\",\"item\":\"https:\/\/jornalfatosenoticias.com.br\/\"},{\"@type\":\"ListItem\",\"position\":2,\"name\":\"China, Cuba, R\u00fassia, Venezuela: PT adere ao lobby de autocracias\"}]},{\"@type\":\"WebSite\",\"@id\":\"https:\/\/jornalfatosenoticias.com.br\/#website\",\"url\":\"https:\/\/jornalfatosenoticias.com.br\/\",\"name\":\"Jornal Fatos e Not\u00edcias\",\"description\":\"Not\u00edcias em geral\",\"publisher\":{\"@id\":\"https:\/\/jornalfatosenoticias.com.br\/#organization\"},\"potentialAction\":[{\"@type\":\"SearchAction\",\"target\":{\"@type\":\"EntryPoint\",\"urlTemplate\":\"https:\/\/jornalfatosenoticias.com.br\/?s={search_term_string}\"},\"query-input\":{\"@type\":\"PropertyValueSpecification\",\"valueRequired\":true,\"valueName\":\"search_term_string\"}}],\"inLanguage\":\"pt-BR\"},{\"@type\":\"Organization\",\"@id\":\"https:\/\/jornalfatosenoticias.com.br\/#organization\",\"name\":\"Jornal Fatos e Not\u00edcias\",\"url\":\"https:\/\/jornalfatosenoticias.com.br\/\",\"logo\":{\"@type\":\"ImageObject\",\"inLanguage\":\"pt-BR\",\"@id\":\"https:\/\/jornalfatosenoticias.com.br\/#\/schema\/logo\/image\/\",\"url\":\"https:\/\/jornalfatosenoticias.com.br\/wp-content\/uploads\/2020\/02\/logo120.png\",\"contentUrl\":\"https:\/\/jornalfatosenoticias.com.br\/wp-content\/uploads\/2020\/02\/logo120.png\",\"width\":1227,\"height\":120,\"caption\":\"Jornal Fatos e Not\u00edcias\"},\"image\":{\"@id\":\"https:\/\/jornalfatosenoticias.com.br\/#\/schema\/logo\/image\/\"}},{\"@type\":\"Person\",\"@id\":\"https:\/\/jornalfatosenoticias.com.br\/#\/schema\/person\/d63837fa13ac8666eb9e74e0985d6f81\",\"name\":\"Luzimara Fernandes\",\"image\":{\"@type\":\"ImageObject\",\"inLanguage\":\"pt-BR\",\"@id\":\"https:\/\/jornalfatosenoticias.com.br\/#\/schema\/person\/image\/\",\"url\":\"https:\/\/jornalfatosenoticias.com.br\/wp-content\/uploads\/2025\/05\/EU_portal.jpg\",\"contentUrl\":\"https:\/\/jornalfatosenoticias.com.br\/wp-content\/uploads\/2025\/05\/EU_portal.jpg\",\"caption\":\"Luzimara Fernandes\"},\"description\":\"Jornalista MTB 2358-ES\",\"sameAs\":[\"https:\/\/jornalfatosenoticias.com.br\"],\"url\":\"https:\/\/jornalfatosenoticias.com.br\/index.php\/author\/luzimara\/\"}]}<\/script>\n<!-- \/ Yoast SEO plugin. -->","yoast_head_json":{"title":"China, Cuba, R\u00fassia, Venezuela: PT adere ao lobby de autocracias - Jornal Fatos e Not\u00edcias","robots":{"index":"index","follow":"follow","max-snippet":"max-snippet:-1","max-image-preview":"max-image-preview:large","max-video-preview":"max-video-preview:-1"},"canonical":"https:\/\/jornalfatosenoticias.com.br\/index.php\/2023\/10\/09\/china-cuba-russia-venezuela-pt-adere-ao-lobby-de-autocracias\/","og_locale":"pt_BR","og_type":"article","og_title":"China, Cuba, R\u00fassia, Venezuela: PT adere ao lobby de autocracias - Jornal Fatos e Not\u00edcias","og_description":"Partido Comunista da China veio ao Brasil assinar acordos com o PT Por Carinne Souza Por meio de discursos pol\u00eamicos e viagens internacionais, Luiz In\u00e1cio Lula da Silva (PT) j\u00e1 forneceu muitos ind\u00edcios de que o Brasil apoia os governos autorit\u00e1rios da R\u00fassia, da China, da Venezuela e de Cuba. Mas essa rela\u00e7\u00e3o extrapolou a [&hellip;]","og_url":"https:\/\/jornalfatosenoticias.com.br\/index.php\/2023\/10\/09\/china-cuba-russia-venezuela-pt-adere-ao-lobby-de-autocracias\/","og_site_name":"Jornal Fatos e Not\u00edcias","article_published_time":"2023-10-09T13:14:09+00:00","article_modified_time":"2023-10-09T13:14:11+00:00","og_image":[{"width":960,"height":540,"url":"https:\/\/jornalfatosenoticias.com.br\/wp-content\/uploads\/2023\/10\/DITADORES.jpg","type":"image\/jpeg"}],"author":"Luzimara Fernandes","twitter_card":"summary_large_image","twitter_misc":{"Escrito por":"Luzimara Fernandes","Est. tempo de leitura":"10 minutos"},"schema":{"@context":"https:\/\/schema.org","@graph":[{"@type":"Article","@id":"https:\/\/jornalfatosenoticias.com.br\/index.php\/2023\/10\/09\/china-cuba-russia-venezuela-pt-adere-ao-lobby-de-autocracias\/#article","isPartOf":{"@id":"https:\/\/jornalfatosenoticias.com.br\/index.php\/2023\/10\/09\/china-cuba-russia-venezuela-pt-adere-ao-lobby-de-autocracias\/"},"author":{"name":"Luzimara Fernandes","@id":"https:\/\/jornalfatosenoticias.com.br\/#\/schema\/person\/d63837fa13ac8666eb9e74e0985d6f81"},"headline":"China, Cuba, R\u00fassia, Venezuela: PT adere ao lobby de autocracias","datePublished":"2023-10-09T13:14:09+00:00","dateModified":"2023-10-09T13:14:11+00:00","mainEntityOfPage":{"@id":"https:\/\/jornalfatosenoticias.com.br\/index.php\/2023\/10\/09\/china-cuba-russia-venezuela-pt-adere-ao-lobby-de-autocracias\/"},"wordCount":1926,"commentCount":0,"publisher":{"@id":"https:\/\/jornalfatosenoticias.com.br\/#organization"},"image":{"@id":"https:\/\/jornalfatosenoticias.com.br\/index.php\/2023\/10\/09\/china-cuba-russia-venezuela-pt-adere-ao-lobby-de-autocracias\/#primaryimage"},"thumbnailUrl":"https:\/\/jornalfatosenoticias.com.br\/wp-content\/uploads\/2023\/10\/DITADORES.jpg","keywords":["agenda de esquerda","autocracias","china","ditaduras","Lula","Nicar\u00e1gua","PT","R\u00fassia","Venezuela"],"articleSection":["Pol\u00edtica"],"inLanguage":"pt-BR","potentialAction":[{"@type":"CommentAction","name":"Comment","target":["https:\/\/jornalfatosenoticias.com.br\/index.php\/2023\/10\/09\/china-cuba-russia-venezuela-pt-adere-ao-lobby-de-autocracias\/#respond"]}]},{"@type":"WebPage","@id":"https:\/\/jornalfatosenoticias.com.br\/index.php\/2023\/10\/09\/china-cuba-russia-venezuela-pt-adere-ao-lobby-de-autocracias\/","url":"https:\/\/jornalfatosenoticias.com.br\/index.php\/2023\/10\/09\/china-cuba-russia-venezuela-pt-adere-ao-lobby-de-autocracias\/","name":"China, Cuba, R\u00fassia, Venezuela: PT adere ao lobby de autocracias - Jornal Fatos e Not\u00edcias","isPartOf":{"@id":"https:\/\/jornalfatosenoticias.com.br\/#website"},"primaryImageOfPage":{"@id":"https:\/\/jornalfatosenoticias.com.br\/index.php\/2023\/10\/09\/china-cuba-russia-venezuela-pt-adere-ao-lobby-de-autocracias\/#primaryimage"},"image":{"@id":"https:\/\/jornalfatosenoticias.com.br\/index.php\/2023\/10\/09\/china-cuba-russia-venezuela-pt-adere-ao-lobby-de-autocracias\/#primaryimage"},"thumbnailUrl":"https:\/\/jornalfatosenoticias.com.br\/wp-content\/uploads\/2023\/10\/DITADORES.jpg","datePublished":"2023-10-09T13:14:09+00:00","dateModified":"2023-10-09T13:14:11+00:00","breadcrumb":{"@id":"https:\/\/jornalfatosenoticias.com.br\/index.php\/2023\/10\/09\/china-cuba-russia-venezuela-pt-adere-ao-lobby-de-autocracias\/#breadcrumb"},"inLanguage":"pt-BR","potentialAction":[{"@type":"ReadAction","target":["https:\/\/jornalfatosenoticias.com.br\/index.php\/2023\/10\/09\/china-cuba-russia-venezuela-pt-adere-ao-lobby-de-autocracias\/"]}]},{"@type":"ImageObject","inLanguage":"pt-BR","@id":"https:\/\/jornalfatosenoticias.com.br\/index.php\/2023\/10\/09\/china-cuba-russia-venezuela-pt-adere-ao-lobby-de-autocracias\/#primaryimage","url":"https:\/\/jornalfatosenoticias.com.br\/wp-content\/uploads\/2023\/10\/DITADORES.jpg","contentUrl":"https:\/\/jornalfatosenoticias.com.br\/wp-content\/uploads\/2023\/10\/DITADORES.jpg","width":960,"height":540},{"@type":"BreadcrumbList","@id":"https:\/\/jornalfatosenoticias.com.br\/index.php\/2023\/10\/09\/china-cuba-russia-venezuela-pt-adere-ao-lobby-de-autocracias\/#breadcrumb","itemListElement":[{"@type":"ListItem","position":1,"name":"In\u00edcio","item":"https:\/\/jornalfatosenoticias.com.br\/"},{"@type":"ListItem","position":2,"name":"China, Cuba, R\u00fassia, Venezuela: PT adere ao lobby de autocracias"}]},{"@type":"WebSite","@id":"https:\/\/jornalfatosenoticias.com.br\/#website","url":"https:\/\/jornalfatosenoticias.com.br\/","name":"Jornal Fatos e Not\u00edcias","description":"Not\u00edcias em geral","publisher":{"@id":"https:\/\/jornalfatosenoticias.com.br\/#organization"},"potentialAction":[{"@type":"SearchAction","target":{"@type":"EntryPoint","urlTemplate":"https:\/\/jornalfatosenoticias.com.br\/?s={search_term_string}"},"query-input":{"@type":"PropertyValueSpecification","valueRequired":true,"valueName":"search_term_string"}}],"inLanguage":"pt-BR"},{"@type":"Organization","@id":"https:\/\/jornalfatosenoticias.com.br\/#organization","name":"Jornal Fatos e Not\u00edcias","url":"https:\/\/jornalfatosenoticias.com.br\/","logo":{"@type":"ImageObject","inLanguage":"pt-BR","@id":"https:\/\/jornalfatosenoticias.com.br\/#\/schema\/logo\/image\/","url":"https:\/\/jornalfatosenoticias.com.br\/wp-content\/uploads\/2020\/02\/logo120.png","contentUrl":"https:\/\/jornalfatosenoticias.com.br\/wp-content\/uploads\/2020\/02\/logo120.png","width":1227,"height":120,"caption":"Jornal Fatos e Not\u00edcias"},"image":{"@id":"https:\/\/jornalfatosenoticias.com.br\/#\/schema\/logo\/image\/"}},{"@type":"Person","@id":"https:\/\/jornalfatosenoticias.com.br\/#\/schema\/person\/d63837fa13ac8666eb9e74e0985d6f81","name":"Luzimara Fernandes","image":{"@type":"ImageObject","inLanguage":"pt-BR","@id":"https:\/\/jornalfatosenoticias.com.br\/#\/schema\/person\/image\/","url":"https:\/\/jornalfatosenoticias.com.br\/wp-content\/uploads\/2025\/05\/EU_portal.jpg","contentUrl":"https:\/\/jornalfatosenoticias.com.br\/wp-content\/uploads\/2025\/05\/EU_portal.jpg","caption":"Luzimara Fernandes"},"description":"Jornalista MTB 2358-ES","sameAs":["https:\/\/jornalfatosenoticias.com.br"],"url":"https:\/\/jornalfatosenoticias.com.br\/index.php\/author\/luzimara\/"}]}},"cc_featured_image_caption":{"caption_text":"(Foto: Gazeta do Povo) ","source_text":"","source_url":""},"jetpack_featured_media_url":"https:\/\/jornalfatosenoticias.com.br\/wp-content\/uploads\/2023\/10\/DITADORES.jpg","_links":{"self":[{"href":"https:\/\/jornalfatosenoticias.com.br\/index.php\/wp-json\/wp\/v2\/posts\/45869","targetHints":{"allow":["GET"]}}],"collection":[{"href":"https:\/\/jornalfatosenoticias.com.br\/index.php\/wp-json\/wp\/v2\/posts"}],"about":[{"href":"https:\/\/jornalfatosenoticias.com.br\/index.php\/wp-json\/wp\/v2\/types\/post"}],"author":[{"embeddable":true,"href":"https:\/\/jornalfatosenoticias.com.br\/index.php\/wp-json\/wp\/v2\/users\/2"}],"replies":[{"embeddable":true,"href":"https:\/\/jornalfatosenoticias.com.br\/index.php\/wp-json\/wp\/v2\/comments?post=45869"}],"version-history":[{"count":0,"href":"https:\/\/jornalfatosenoticias.com.br\/index.php\/wp-json\/wp\/v2\/posts\/45869\/revisions"}],"wp:featuredmedia":[{"embeddable":true,"href":"https:\/\/jornalfatosenoticias.com.br\/index.php\/wp-json\/wp\/v2\/media\/45870"}],"wp:attachment":[{"href":"https:\/\/jornalfatosenoticias.com.br\/index.php\/wp-json\/wp\/v2\/media?parent=45869"}],"wp:term":[{"taxonomy":"category","embeddable":true,"href":"https:\/\/jornalfatosenoticias.com.br\/index.php\/wp-json\/wp\/v2\/categories?post=45869"},{"taxonomy":"post_tag","embeddable":true,"href":"https:\/\/jornalfatosenoticias.com.br\/index.php\/wp-json\/wp\/v2\/tags?post=45869"}],"curies":[{"name":"wp","href":"https:\/\/api.w.org\/{rel}","templated":true}]}}