{"id":4590,"date":"2020-05-19T11:44:44","date_gmt":"2020-05-19T14:44:44","guid":{"rendered":"https:\/\/jornalfatosenoticias.com.br\/?p=4590"},"modified":"2020-05-19T11:44:48","modified_gmt":"2020-05-19T14:44:48","slug":"sesa-divulga-resultados-da-primeira-etapa-do-inquerito-sorologico","status":"publish","type":"post","link":"https:\/\/jornalfatosenoticias.com.br\/index.php\/2020\/05\/19\/sesa-divulga-resultados-da-primeira-etapa-do-inquerito-sorologico\/","title":{"rendered":"Sesa divulga resultados da primeira etapa do Inqu\u00e9rito Sorol\u00f3gico"},"content":{"rendered":"\n<h6 class=\"wp-block-heading\"><em>O estudo aponta uma preval\u00eancia de 2,1% da popula\u00e7\u00e3o infectada, o que representa uma estimativa 84.391 pessoas no Estado<\/em><\/h6>\n\n\n\n<p>Em entrevista coletiva na tarde desta segunda-feira (18), o secret\u00e1rio de Estado da Sa\u00fade, N\u00e9sio Fernandes, e o subsecret\u00e1rio de Vigil\u00e2ncia em Sa\u00fade, Luiz Carlos Reblin, apresentaram os resultados iniciais da primeira etapa do \u201cInqu\u00e9rito Sorol\u00f3gico\u201d, realizada entre os dias 13 e 15 de maio em 19 munic\u00edpios capixabas.<br>Nesta primeira etapa, foram realizadas 6.670 testagens entre popula\u00e7\u00e3o sorteada, contatos do sorteado positivo e de pesquisadores. O estudo aponta uma preval\u00eancia de 2,1% da popula\u00e7\u00e3o infectada, o que representa uma estimativa 84.391 pessoas no Estado.<br>\u201cS\u00e3o as primeiras proje\u00e7\u00f5es do tamanho da infec\u00e7\u00e3o da Covid-19 no Estado. A partir dessa pesquisa poderemos projetar estatisticamente a expans\u00e3o da doen\u00e7a e ao longo das quatro etapas identificar, com a diferen\u00e7a de crescimento ou estabiliza\u00e7\u00e3o do n\u00famero de casos, a for\u00e7a de transmiss\u00e3o\u201d, explicou N\u00e9sio Fernandes.<br>Segundo o secret\u00e1rio, \u00e9 importante o entendimento de que a proje\u00e7\u00e3o que est\u00e1 sendo feita \u00e9 a estat\u00edstica da popula\u00e7\u00e3o. \u201cN\u00e3o \u00e9 adequado utilizar esse inqu\u00e9rito para identificar a preval\u00eancia da doen\u00e7a por munic\u00edpios ou por regi\u00f5es, como a Grande Vit\u00f3ria. \u00c9 uma proje\u00e7\u00e3o estat\u00edstica da popula\u00e7\u00e3o, o resultado \u00e9 o conjunto da popula\u00e7\u00e3o do Estado\u201d, disse.<br>N\u00e9sio Fernandes falou ainda sobre a import\u00e2ncia de se manter as medidas de distanciamento social entre as pessoas. \u201c\u00c9 uma doen\u00e7a que n\u00e3o tem tratamento, nem vacina. Uma doen\u00e7a que tem evolu\u00eddo para complica\u00e7\u00f5es. A \u00fanica maneira de romper a transmiss\u00e3o \u00e9 com o distanciamento social entre as pessoas. As medidas de distanciamento social permitem salvar vidas\u201d, informou.<br>O estudo \u00e9 realizado pela Sesa e tem apoio da Organiza\u00e7\u00e3o Pan-Americana da Sa\u00fade (Opas), Universidade Federal do Esp\u00edrito Santo (Ufes), Hospital Universit\u00e1rio Cassiano Ant\u00f4nio Moraes (Hucam), Instituto Jones dos Santos Neves (IJSN), Associa\u00e7\u00e3o dos Munic\u00edpios do Esp\u00edrito Santo (Amunes), Colegiado de Secretarias Municipais de Sa\u00fade do Esp\u00edrito Santo (COSEMS) e do Instituto Brasileiro de Geografia e Estat\u00edstica (IBGE).<\/p>\n\n\n\n<h4 class=\"wp-block-heading\">Perfil da popula\u00e7\u00e3o testada positivamente<\/h4>\n\n\n\n<p>O estudo de preval\u00eancia aponta que, do total dos testes com resultados positivos, 73,20% eram do sexo feminino e 26,8% masculino, e que a faixa et\u00e1ria com mais casos positivos foi a de 21 a 40 anos, com 37,1% dos casos.<br>Do total de pacientes positivos, cerca de 80% apresentaram sintomas e 19,60% n\u00e3o apresentaram quaisquer sintomas na evolu\u00e7\u00e3o do quadro de sa\u00fade. Dos casos sintom\u00e1ticos, os principais relatados durante a primeira etapa da pesquisa foram: a perda do olfato (45,4%); tosse (40,2%); dores musculares (38,1%); fadiga (34%) e febre (28,9%). Somente 40% dos casos procuraram o servi\u00e7o de sa\u00fade. Al\u00e9m disso, 26,80% dos positivos apresentaram algum tipo de comorbidade e 30,9% duas ou mais comorbidades.<br>\u201cEsses dados mostram que 60% dos positivados n\u00e3o deram import\u00e2ncia ou relev\u00e2ncia aos sintomas e n\u00e3o procuraram por servi\u00e7o de sa\u00fade. Se a popula\u00e7\u00e3o n\u00e3o procura pelo servi\u00e7o, n\u00e3o poder\u00e1 ser notificada, isolada e, assim, bloquearmos a transmiss\u00e3o do v\u00edrus. E \u00e9 fundamental que possamos romper a cadeia de transmiss\u00e3o e que a popula\u00e7\u00e3o, na presen\u00e7a de sintomas respirat\u00f3rios, procure o servi\u00e7o de sa\u00fade para ser avaliado\u201d, pontuou o secret\u00e1rio.<\/p>\n\n\n\n<p>Cronograma do Inqu\u00e9rito Sorol\u00f3gico<\/p>\n\n\n\n<ul class=\"wp-block-list\"><li><strong>Etapa 2<\/strong><\/li><\/ul>\n\n\n\n<p>Data: 27, 28 e 29 de maio<\/p>\n\n\n\n<p>Munic\u00edpios: Afonso Cl\u00e1udio, Alegre, Cachoeiro de Itapemirim, Cariacica, Colatina, Linhares, Nova Ven\u00e9cia, S\u00e3o Mateus, Serra, Vila Velha, Vit\u00f3ria, Baixo Guandu, Concei\u00e7\u00e3o da Barra, Ecoporanga, I\u00fana, Marata\u00edzes, Santa Maria de Jetib\u00e1, Sooretama e Viana.<\/p>\n\n\n\n<ul class=\"wp-block-list\"><li><strong>Etapa 3<\/strong><\/li><\/ul>\n\n\n\n<p>Data: 08, 09 e 10 de junho<\/p>\n\n\n\n<p>Munic\u00edpios: Afonso Cl\u00e1udio, Alegre, Cachoeiro de Itapemirim, Cariacica, Colatina, Linhares, Nova Ven\u00e9cia, S\u00e3o Mateus, Serra, Vila Velha, Vit\u00f3ria, Aracruz, Barra de S\u00e3o Francisco, Castelo, Gua\u00e7u\u00ed, Guarapari, Pedro Can\u00e1rio, S\u00e3o Gabriel da Palha e Venda Nova do Imigrante.<\/p>\n\n\n\n<ul class=\"wp-block-list\"><li><strong>Etapa 4:<\/strong><\/li><\/ul>\n\n\n\n<p>Data: 22, 23 e 24 de junho<\/p>\n\n\n\n<p>Munic\u00edpios: Afonso Cl\u00e1udio, Alegre, Cachoeiro de Itapemirim, Cariacica, Colatina, Linhares, Nova Ven\u00e9cia, S\u00e3o Mateus, Serra, Vila Velha, Vit\u00f3ria, Baixo Guandu, Concei\u00e7\u00e3o da Barra, Ecoporanga, I\u00fana, Marata\u00edzes, Santa Maria de Jetib\u00e1, Sooretama e Viana.<\/p>\n\n\n\n<p><strong><em>Fonte: <a href=\"https:\/\/www.es.gov.br\/Noticia\/sesa-divulga-resultados-da-primeira-etapa-do-inquerito-sorologico\">Governo do ES<\/a><\/em><\/strong><\/p>\n","protected":false},"excerpt":{"rendered":"<p>O estudo aponta uma preval\u00eancia de 2,1% da popula\u00e7\u00e3o infectada, o que representa uma estimativa 84.391 pessoas no Estado Em entrevista coletiva na tarde desta segunda-feira (18), o secret\u00e1rio de Estado da Sa\u00fade, N\u00e9sio Fernandes, e o subsecret\u00e1rio de Vigil\u00e2ncia em Sa\u00fade, Luiz Carlos Reblin, apresentaram os resultados iniciais da primeira etapa do \u201cInqu\u00e9rito Sorol\u00f3gico\u201d, [&hellip;]<\/p>\n","protected":false},"author":2,"featured_media":4591,"comment_status":"open","ping_status":"open","sticky":false,"template":"","format":"standard","meta":{"footnotes":""},"categories":[11],"tags":[1473,2731,2542,1691],"class_list":["post-4590","post","type-post","status-publish","format-standard","has-post-thumbnail","hentry","category-saude","tag-distanciamento-social","tag-grande-vitoria","tag-inquerito-sorologico","tag-sesa"],"yoast_head":"<!-- This site is optimized with the Yoast SEO plugin v26.5 - https:\/\/yoast.com\/wordpress\/plugins\/seo\/ -->\n<title>Sesa divulga resultados da primeira etapa do Inqu\u00e9rito Sorol\u00f3gico - Jornal Fatos e Not\u00edcias<\/title>\n<meta name=\"robots\" content=\"index, follow, max-snippet:-1, max-image-preview:large, max-video-preview:-1\" \/>\n<link rel=\"canonical\" href=\"https:\/\/jornalfatosenoticias.com.br\/index.php\/2020\/05\/19\/sesa-divulga-resultados-da-primeira-etapa-do-inquerito-sorologico\/\" \/>\n<meta property=\"og:locale\" content=\"pt_BR\" \/>\n<meta property=\"og:type\" content=\"article\" \/>\n<meta property=\"og:title\" content=\"Sesa divulga resultados da primeira etapa do Inqu\u00e9rito Sorol\u00f3gico - Jornal Fatos e Not\u00edcias\" \/>\n<meta property=\"og:description\" content=\"O estudo aponta uma preval\u00eancia de 2,1% da popula\u00e7\u00e3o infectada, o que representa uma estimativa 84.391 pessoas no Estado Em entrevista coletiva na tarde desta segunda-feira (18), o secret\u00e1rio de Estado da Sa\u00fade, N\u00e9sio Fernandes, e o subsecret\u00e1rio de Vigil\u00e2ncia em Sa\u00fade, Luiz Carlos Reblin, apresentaram os resultados iniciais da primeira etapa do \u201cInqu\u00e9rito Sorol\u00f3gico\u201d, [&hellip;]\" \/>\n<meta property=\"og:url\" content=\"https:\/\/jornalfatosenoticias.com.br\/index.php\/2020\/05\/19\/sesa-divulga-resultados-da-primeira-etapa-do-inquerito-sorologico\/\" \/>\n<meta property=\"og:site_name\" content=\"Jornal Fatos e Not\u00edcias\" \/>\n<meta property=\"article:published_time\" content=\"2020-05-19T14:44:44+00:00\" \/>\n<meta property=\"article:modified_time\" content=\"2020-05-19T14:44:48+00:00\" \/>\n<meta property=\"og:image\" content=\"https:\/\/jornalfatosenoticias.com.br\/wp-content\/uploads\/2020\/05\/inquerito-sorologico-1.jpeg\" \/>\n\t<meta property=\"og:image:width\" content=\"980\" \/>\n\t<meta property=\"og:image:height\" content=\"735\" \/>\n\t<meta property=\"og:image:type\" content=\"image\/jpeg\" \/>\n<meta name=\"author\" content=\"Luzimara Fernandes\" \/>\n<meta name=\"twitter:card\" content=\"summary_large_image\" \/>\n<meta name=\"twitter:label1\" content=\"Escrito por\" \/>\n\t<meta name=\"twitter:data1\" content=\"Luzimara Fernandes\" \/>\n\t<meta name=\"twitter:label2\" content=\"Est. tempo de leitura\" \/>\n\t<meta name=\"twitter:data2\" content=\"4 minutos\" \/>\n<script type=\"application\/ld+json\" class=\"yoast-schema-graph\">{\"@context\":\"https:\/\/schema.org\",\"@graph\":[{\"@type\":\"Article\",\"@id\":\"https:\/\/jornalfatosenoticias.com.br\/index.php\/2020\/05\/19\/sesa-divulga-resultados-da-primeira-etapa-do-inquerito-sorologico\/#article\",\"isPartOf\":{\"@id\":\"https:\/\/jornalfatosenoticias.com.br\/index.php\/2020\/05\/19\/sesa-divulga-resultados-da-primeira-etapa-do-inquerito-sorologico\/\"},\"author\":{\"name\":\"Luzimara Fernandes\",\"@id\":\"https:\/\/jornalfatosenoticias.com.br\/#\/schema\/person\/d63837fa13ac8666eb9e74e0985d6f81\"},\"headline\":\"Sesa divulga resultados da primeira etapa do Inqu\u00e9rito Sorol\u00f3gico\",\"datePublished\":\"2020-05-19T14:44:44+00:00\",\"dateModified\":\"2020-05-19T14:44:48+00:00\",\"mainEntityOfPage\":{\"@id\":\"https:\/\/jornalfatosenoticias.com.br\/index.php\/2020\/05\/19\/sesa-divulga-resultados-da-primeira-etapa-do-inquerito-sorologico\/\"},\"wordCount\":735,\"commentCount\":0,\"publisher\":{\"@id\":\"https:\/\/jornalfatosenoticias.com.br\/#organization\"},\"image\":{\"@id\":\"https:\/\/jornalfatosenoticias.com.br\/index.php\/2020\/05\/19\/sesa-divulga-resultados-da-primeira-etapa-do-inquerito-sorologico\/#primaryimage\"},\"thumbnailUrl\":\"https:\/\/jornalfatosenoticias.com.br\/wp-content\/uploads\/2020\/05\/inquerito-sorologico-1.jpeg\",\"keywords\":[\"distanciamento social\",\"Grande Vit\u00f3ria\",\"Inqu\u00e9rito Sorol\u00f3gico\",\"Sesa\"],\"articleSection\":[\"Sa\u00fade\"],\"inLanguage\":\"pt-BR\",\"potentialAction\":[{\"@type\":\"CommentAction\",\"name\":\"Comment\",\"target\":[\"https:\/\/jornalfatosenoticias.com.br\/index.php\/2020\/05\/19\/sesa-divulga-resultados-da-primeira-etapa-do-inquerito-sorologico\/#respond\"]}]},{\"@type\":\"WebPage\",\"@id\":\"https:\/\/jornalfatosenoticias.com.br\/index.php\/2020\/05\/19\/sesa-divulga-resultados-da-primeira-etapa-do-inquerito-sorologico\/\",\"url\":\"https:\/\/jornalfatosenoticias.com.br\/index.php\/2020\/05\/19\/sesa-divulga-resultados-da-primeira-etapa-do-inquerito-sorologico\/\",\"name\":\"Sesa divulga resultados da primeira etapa do Inqu\u00e9rito Sorol\u00f3gico - Jornal Fatos e Not\u00edcias\",\"isPartOf\":{\"@id\":\"https:\/\/jornalfatosenoticias.com.br\/#website\"},\"primaryImageOfPage\":{\"@id\":\"https:\/\/jornalfatosenoticias.com.br\/index.php\/2020\/05\/19\/sesa-divulga-resultados-da-primeira-etapa-do-inquerito-sorologico\/#primaryimage\"},\"image\":{\"@id\":\"https:\/\/jornalfatosenoticias.com.br\/index.php\/2020\/05\/19\/sesa-divulga-resultados-da-primeira-etapa-do-inquerito-sorologico\/#primaryimage\"},\"thumbnailUrl\":\"https:\/\/jornalfatosenoticias.com.br\/wp-content\/uploads\/2020\/05\/inquerito-sorologico-1.jpeg\",\"datePublished\":\"2020-05-19T14:44:44+00:00\",\"dateModified\":\"2020-05-19T14:44:48+00:00\",\"breadcrumb\":{\"@id\":\"https:\/\/jornalfatosenoticias.com.br\/index.php\/2020\/05\/19\/sesa-divulga-resultados-da-primeira-etapa-do-inquerito-sorologico\/#breadcrumb\"},\"inLanguage\":\"pt-BR\",\"potentialAction\":[{\"@type\":\"ReadAction\",\"target\":[\"https:\/\/jornalfatosenoticias.com.br\/index.php\/2020\/05\/19\/sesa-divulga-resultados-da-primeira-etapa-do-inquerito-sorologico\/\"]}]},{\"@type\":\"ImageObject\",\"inLanguage\":\"pt-BR\",\"@id\":\"https:\/\/jornalfatosenoticias.com.br\/index.php\/2020\/05\/19\/sesa-divulga-resultados-da-primeira-etapa-do-inquerito-sorologico\/#primaryimage\",\"url\":\"https:\/\/jornalfatosenoticias.com.br\/wp-content\/uploads\/2020\/05\/inquerito-sorologico-1.jpeg\",\"contentUrl\":\"https:\/\/jornalfatosenoticias.com.br\/wp-content\/uploads\/2020\/05\/inquerito-sorologico-1.jpeg\",\"width\":980,\"height\":735},{\"@type\":\"BreadcrumbList\",\"@id\":\"https:\/\/jornalfatosenoticias.com.br\/index.php\/2020\/05\/19\/sesa-divulga-resultados-da-primeira-etapa-do-inquerito-sorologico\/#breadcrumb\",\"itemListElement\":[{\"@type\":\"ListItem\",\"position\":1,\"name\":\"In\u00edcio\",\"item\":\"https:\/\/jornalfatosenoticias.com.br\/\"},{\"@type\":\"ListItem\",\"position\":2,\"name\":\"Sesa divulga resultados da primeira etapa do Inqu\u00e9rito Sorol\u00f3gico\"}]},{\"@type\":\"WebSite\",\"@id\":\"https:\/\/jornalfatosenoticias.com.br\/#website\",\"url\":\"https:\/\/jornalfatosenoticias.com.br\/\",\"name\":\"Jornal Fatos e Not\u00edcias\",\"description\":\"Not\u00edcias em geral\",\"publisher\":{\"@id\":\"https:\/\/jornalfatosenoticias.com.br\/#organization\"},\"potentialAction\":[{\"@type\":\"SearchAction\",\"target\":{\"@type\":\"EntryPoint\",\"urlTemplate\":\"https:\/\/jornalfatosenoticias.com.br\/?s={search_term_string}\"},\"query-input\":{\"@type\":\"PropertyValueSpecification\",\"valueRequired\":true,\"valueName\":\"search_term_string\"}}],\"inLanguage\":\"pt-BR\"},{\"@type\":\"Organization\",\"@id\":\"https:\/\/jornalfatosenoticias.com.br\/#organization\",\"name\":\"Jornal Fatos e Not\u00edcias\",\"url\":\"https:\/\/jornalfatosenoticias.com.br\/\",\"logo\":{\"@type\":\"ImageObject\",\"inLanguage\":\"pt-BR\",\"@id\":\"https:\/\/jornalfatosenoticias.com.br\/#\/schema\/logo\/image\/\",\"url\":\"https:\/\/jornalfatosenoticias.com.br\/wp-content\/uploads\/2020\/02\/logo120.png\",\"contentUrl\":\"https:\/\/jornalfatosenoticias.com.br\/wp-content\/uploads\/2020\/02\/logo120.png\",\"width\":1227,\"height\":120,\"caption\":\"Jornal Fatos e Not\u00edcias\"},\"image\":{\"@id\":\"https:\/\/jornalfatosenoticias.com.br\/#\/schema\/logo\/image\/\"}},{\"@type\":\"Person\",\"@id\":\"https:\/\/jornalfatosenoticias.com.br\/#\/schema\/person\/d63837fa13ac8666eb9e74e0985d6f81\",\"name\":\"Luzimara Fernandes\",\"image\":{\"@type\":\"ImageObject\",\"inLanguage\":\"pt-BR\",\"@id\":\"https:\/\/jornalfatosenoticias.com.br\/#\/schema\/person\/image\/\",\"url\":\"https:\/\/jornalfatosenoticias.com.br\/wp-content\/uploads\/2025\/05\/EU_portal.jpg\",\"contentUrl\":\"https:\/\/jornalfatosenoticias.com.br\/wp-content\/uploads\/2025\/05\/EU_portal.jpg\",\"caption\":\"Luzimara Fernandes\"},\"description\":\"Jornalista MTB 2358-ES\",\"sameAs\":[\"https:\/\/jornalfatosenoticias.com.br\"],\"url\":\"https:\/\/jornalfatosenoticias.com.br\/index.php\/author\/luzimara\/\"}]}<\/script>\n<!-- \/ Yoast SEO plugin. -->","yoast_head_json":{"title":"Sesa divulga resultados da primeira etapa do Inqu\u00e9rito Sorol\u00f3gico - Jornal Fatos e Not\u00edcias","robots":{"index":"index","follow":"follow","max-snippet":"max-snippet:-1","max-image-preview":"max-image-preview:large","max-video-preview":"max-video-preview:-1"},"canonical":"https:\/\/jornalfatosenoticias.com.br\/index.php\/2020\/05\/19\/sesa-divulga-resultados-da-primeira-etapa-do-inquerito-sorologico\/","og_locale":"pt_BR","og_type":"article","og_title":"Sesa divulga resultados da primeira etapa do Inqu\u00e9rito Sorol\u00f3gico - Jornal Fatos e Not\u00edcias","og_description":"O estudo aponta uma preval\u00eancia de 2,1% da popula\u00e7\u00e3o infectada, o que representa uma estimativa 84.391 pessoas no Estado Em entrevista coletiva na tarde desta segunda-feira (18), o secret\u00e1rio de Estado da Sa\u00fade, N\u00e9sio Fernandes, e o subsecret\u00e1rio de Vigil\u00e2ncia em Sa\u00fade, Luiz Carlos Reblin, apresentaram os resultados iniciais da primeira etapa do \u201cInqu\u00e9rito Sorol\u00f3gico\u201d, [&hellip;]","og_url":"https:\/\/jornalfatosenoticias.com.br\/index.php\/2020\/05\/19\/sesa-divulga-resultados-da-primeira-etapa-do-inquerito-sorologico\/","og_site_name":"Jornal Fatos e Not\u00edcias","article_published_time":"2020-05-19T14:44:44+00:00","article_modified_time":"2020-05-19T14:44:48+00:00","og_image":[{"width":980,"height":735,"url":"https:\/\/jornalfatosenoticias.com.br\/wp-content\/uploads\/2020\/05\/inquerito-sorologico-1.jpeg","type":"image\/jpeg"}],"author":"Luzimara Fernandes","twitter_card":"summary_large_image","twitter_misc":{"Escrito por":"Luzimara Fernandes","Est. tempo de leitura":"4 minutos"},"schema":{"@context":"https:\/\/schema.org","@graph":[{"@type":"Article","@id":"https:\/\/jornalfatosenoticias.com.br\/index.php\/2020\/05\/19\/sesa-divulga-resultados-da-primeira-etapa-do-inquerito-sorologico\/#article","isPartOf":{"@id":"https:\/\/jornalfatosenoticias.com.br\/index.php\/2020\/05\/19\/sesa-divulga-resultados-da-primeira-etapa-do-inquerito-sorologico\/"},"author":{"name":"Luzimara Fernandes","@id":"https:\/\/jornalfatosenoticias.com.br\/#\/schema\/person\/d63837fa13ac8666eb9e74e0985d6f81"},"headline":"Sesa divulga resultados da primeira etapa do Inqu\u00e9rito Sorol\u00f3gico","datePublished":"2020-05-19T14:44:44+00:00","dateModified":"2020-05-19T14:44:48+00:00","mainEntityOfPage":{"@id":"https:\/\/jornalfatosenoticias.com.br\/index.php\/2020\/05\/19\/sesa-divulga-resultados-da-primeira-etapa-do-inquerito-sorologico\/"},"wordCount":735,"commentCount":0,"publisher":{"@id":"https:\/\/jornalfatosenoticias.com.br\/#organization"},"image":{"@id":"https:\/\/jornalfatosenoticias.com.br\/index.php\/2020\/05\/19\/sesa-divulga-resultados-da-primeira-etapa-do-inquerito-sorologico\/#primaryimage"},"thumbnailUrl":"https:\/\/jornalfatosenoticias.com.br\/wp-content\/uploads\/2020\/05\/inquerito-sorologico-1.jpeg","keywords":["distanciamento social","Grande Vit\u00f3ria","Inqu\u00e9rito Sorol\u00f3gico","Sesa"],"articleSection":["Sa\u00fade"],"inLanguage":"pt-BR","potentialAction":[{"@type":"CommentAction","name":"Comment","target":["https:\/\/jornalfatosenoticias.com.br\/index.php\/2020\/05\/19\/sesa-divulga-resultados-da-primeira-etapa-do-inquerito-sorologico\/#respond"]}]},{"@type":"WebPage","@id":"https:\/\/jornalfatosenoticias.com.br\/index.php\/2020\/05\/19\/sesa-divulga-resultados-da-primeira-etapa-do-inquerito-sorologico\/","url":"https:\/\/jornalfatosenoticias.com.br\/index.php\/2020\/05\/19\/sesa-divulga-resultados-da-primeira-etapa-do-inquerito-sorologico\/","name":"Sesa divulga resultados da primeira etapa do Inqu\u00e9rito Sorol\u00f3gico - Jornal Fatos e Not\u00edcias","isPartOf":{"@id":"https:\/\/jornalfatosenoticias.com.br\/#website"},"primaryImageOfPage":{"@id":"https:\/\/jornalfatosenoticias.com.br\/index.php\/2020\/05\/19\/sesa-divulga-resultados-da-primeira-etapa-do-inquerito-sorologico\/#primaryimage"},"image":{"@id":"https:\/\/jornalfatosenoticias.com.br\/index.php\/2020\/05\/19\/sesa-divulga-resultados-da-primeira-etapa-do-inquerito-sorologico\/#primaryimage"},"thumbnailUrl":"https:\/\/jornalfatosenoticias.com.br\/wp-content\/uploads\/2020\/05\/inquerito-sorologico-1.jpeg","datePublished":"2020-05-19T14:44:44+00:00","dateModified":"2020-05-19T14:44:48+00:00","breadcrumb":{"@id":"https:\/\/jornalfatosenoticias.com.br\/index.php\/2020\/05\/19\/sesa-divulga-resultados-da-primeira-etapa-do-inquerito-sorologico\/#breadcrumb"},"inLanguage":"pt-BR","potentialAction":[{"@type":"ReadAction","target":["https:\/\/jornalfatosenoticias.com.br\/index.php\/2020\/05\/19\/sesa-divulga-resultados-da-primeira-etapa-do-inquerito-sorologico\/"]}]},{"@type":"ImageObject","inLanguage":"pt-BR","@id":"https:\/\/jornalfatosenoticias.com.br\/index.php\/2020\/05\/19\/sesa-divulga-resultados-da-primeira-etapa-do-inquerito-sorologico\/#primaryimage","url":"https:\/\/jornalfatosenoticias.com.br\/wp-content\/uploads\/2020\/05\/inquerito-sorologico-1.jpeg","contentUrl":"https:\/\/jornalfatosenoticias.com.br\/wp-content\/uploads\/2020\/05\/inquerito-sorologico-1.jpeg","width":980,"height":735},{"@type":"BreadcrumbList","@id":"https:\/\/jornalfatosenoticias.com.br\/index.php\/2020\/05\/19\/sesa-divulga-resultados-da-primeira-etapa-do-inquerito-sorologico\/#breadcrumb","itemListElement":[{"@type":"ListItem","position":1,"name":"In\u00edcio","item":"https:\/\/jornalfatosenoticias.com.br\/"},{"@type":"ListItem","position":2,"name":"Sesa divulga resultados da primeira etapa do Inqu\u00e9rito Sorol\u00f3gico"}]},{"@type":"WebSite","@id":"https:\/\/jornalfatosenoticias.com.br\/#website","url":"https:\/\/jornalfatosenoticias.com.br\/","name":"Jornal Fatos e Not\u00edcias","description":"Not\u00edcias em geral","publisher":{"@id":"https:\/\/jornalfatosenoticias.com.br\/#organization"},"potentialAction":[{"@type":"SearchAction","target":{"@type":"EntryPoint","urlTemplate":"https:\/\/jornalfatosenoticias.com.br\/?s={search_term_string}"},"query-input":{"@type":"PropertyValueSpecification","valueRequired":true,"valueName":"search_term_string"}}],"inLanguage":"pt-BR"},{"@type":"Organization","@id":"https:\/\/jornalfatosenoticias.com.br\/#organization","name":"Jornal Fatos e Not\u00edcias","url":"https:\/\/jornalfatosenoticias.com.br\/","logo":{"@type":"ImageObject","inLanguage":"pt-BR","@id":"https:\/\/jornalfatosenoticias.com.br\/#\/schema\/logo\/image\/","url":"https:\/\/jornalfatosenoticias.com.br\/wp-content\/uploads\/2020\/02\/logo120.png","contentUrl":"https:\/\/jornalfatosenoticias.com.br\/wp-content\/uploads\/2020\/02\/logo120.png","width":1227,"height":120,"caption":"Jornal Fatos e Not\u00edcias"},"image":{"@id":"https:\/\/jornalfatosenoticias.com.br\/#\/schema\/logo\/image\/"}},{"@type":"Person","@id":"https:\/\/jornalfatosenoticias.com.br\/#\/schema\/person\/d63837fa13ac8666eb9e74e0985d6f81","name":"Luzimara Fernandes","image":{"@type":"ImageObject","inLanguage":"pt-BR","@id":"https:\/\/jornalfatosenoticias.com.br\/#\/schema\/person\/image\/","url":"https:\/\/jornalfatosenoticias.com.br\/wp-content\/uploads\/2025\/05\/EU_portal.jpg","contentUrl":"https:\/\/jornalfatosenoticias.com.br\/wp-content\/uploads\/2025\/05\/EU_portal.jpg","caption":"Luzimara Fernandes"},"description":"Jornalista MTB 2358-ES","sameAs":["https:\/\/jornalfatosenoticias.com.br"],"url":"https:\/\/jornalfatosenoticias.com.br\/index.php\/author\/luzimara\/"}]}},"cc_featured_image_caption":{"caption_text":"Inqu\u00e9rito Sorol\u00f3gico (Foto: Ascom Sesa)","source_text":"","source_url":""},"jetpack_featured_media_url":"https:\/\/jornalfatosenoticias.com.br\/wp-content\/uploads\/2020\/05\/inquerito-sorologico-1.jpeg","_links":{"self":[{"href":"https:\/\/jornalfatosenoticias.com.br\/index.php\/wp-json\/wp\/v2\/posts\/4590","targetHints":{"allow":["GET"]}}],"collection":[{"href":"https:\/\/jornalfatosenoticias.com.br\/index.php\/wp-json\/wp\/v2\/posts"}],"about":[{"href":"https:\/\/jornalfatosenoticias.com.br\/index.php\/wp-json\/wp\/v2\/types\/post"}],"author":[{"embeddable":true,"href":"https:\/\/jornalfatosenoticias.com.br\/index.php\/wp-json\/wp\/v2\/users\/2"}],"replies":[{"embeddable":true,"href":"https:\/\/jornalfatosenoticias.com.br\/index.php\/wp-json\/wp\/v2\/comments?post=4590"}],"version-history":[{"count":0,"href":"https:\/\/jornalfatosenoticias.com.br\/index.php\/wp-json\/wp\/v2\/posts\/4590\/revisions"}],"wp:featuredmedia":[{"embeddable":true,"href":"https:\/\/jornalfatosenoticias.com.br\/index.php\/wp-json\/wp\/v2\/media\/4591"}],"wp:attachment":[{"href":"https:\/\/jornalfatosenoticias.com.br\/index.php\/wp-json\/wp\/v2\/media?parent=4590"}],"wp:term":[{"taxonomy":"category","embeddable":true,"href":"https:\/\/jornalfatosenoticias.com.br\/index.php\/wp-json\/wp\/v2\/categories?post=4590"},{"taxonomy":"post_tag","embeddable":true,"href":"https:\/\/jornalfatosenoticias.com.br\/index.php\/wp-json\/wp\/v2\/tags?post=4590"}],"curies":[{"name":"wp","href":"https:\/\/api.w.org\/{rel}","templated":true}]}}