{"id":45926,"date":"2023-10-11T09:16:10","date_gmt":"2023-10-11T12:16:10","guid":{"rendered":"https:\/\/jornalfatosenoticias.com.br\/?p=45926"},"modified":"2023-10-11T09:16:14","modified_gmt":"2023-10-11T12:16:14","slug":"estudo-sobre-epilepsia-revela-arquitetura-genetica-da-doenca-e-indica-novas-terapias","status":"publish","type":"post","link":"https:\/\/jornalfatosenoticias.com.br\/index.php\/2023\/10\/11\/estudo-sobre-epilepsia-revela-arquitetura-genetica-da-doenca-e-indica-novas-terapias\/","title":{"rendered":"Estudo sobre epilepsia revela \u2018arquitetura gen\u00e9tica\u2019 da doen\u00e7a e indica novas terapias"},"content":{"rendered":"\n<p><em><span class=\"has-inline-color has-black-color\">Por <strong>Luciana Constantino\/<a href=\"https:\/\/gizmodo.uol.com.br\/author\/agencia-fapesp\/\">Ag\u00eancia Fapesp<\/a><\/strong><\/span><\/em><\/p>\n\n\n\n<div class=\"wp-block-image\"><figure class=\"aligncenter size-large\"><img loading=\"lazy\" decoding=\"async\" width=\"1024\" height=\"110\" src=\"https:\/\/jornalfatosenoticias.com.br\/wp-content\/uploads\/2022\/10\/Arte-jornal-Zucchi-1120x120_Prancheta-1-1024x110.jpg\" alt=\"\" class=\"wp-image-34772\" srcset=\"https:\/\/jornalfatosenoticias.com.br\/wp-content\/uploads\/2022\/10\/Arte-jornal-Zucchi-1120x120_Prancheta-1-1024x110.jpg 1024w, https:\/\/jornalfatosenoticias.com.br\/wp-content\/uploads\/2022\/10\/Arte-jornal-Zucchi-1120x120_Prancheta-1-300x32.jpg 300w, https:\/\/jornalfatosenoticias.com.br\/wp-content\/uploads\/2022\/10\/Arte-jornal-Zucchi-1120x120_Prancheta-1-768x82.jpg 768w, https:\/\/jornalfatosenoticias.com.br\/wp-content\/uploads\/2022\/10\/Arte-jornal-Zucchi-1120x120_Prancheta-1-1536x165.jpg 1536w, https:\/\/jornalfatosenoticias.com.br\/wp-content\/uploads\/2022\/10\/Arte-jornal-Zucchi-1120x120_Prancheta-1-2048x219.jpg 2048w\" sizes=\"auto, (max-width: 1024px) 100vw, 1024px\" \/><\/figure><\/div>\n\n\n\n<p>Considerado o maior estudo gen\u00e9tico sobre epilepsias do mundo, um trabalho <strong><a href=\"https:\/\/www.nature.com\/articles\/s41588-023-01485-w\" target=\"_blank\" rel=\"noreferrer noopener\">publicado<\/a><\/strong>\u00a0na revista\u00a0<em>Nature Genetics<\/em> revela altera\u00e7\u00f5es espec\u00edficas no DNA que sinalizam maior risco para o dist\u00farbio cerebral. A identifica\u00e7\u00e3o dessas altera\u00e7\u00f5es permitir\u00e1 melhorar o diagn\u00f3stico e avan\u00e7ar na possibilidade de novos tratamentos para a doen\u00e7a.<br>Os pesquisadores identificaram 26 \u00e1reas (<em>loci<\/em>) distintas do genoma que est\u00e3o ligadas \u00e0 epilepsia, com 29 genes que provavelmente desempenham um importante papel no dist\u00farbio. Desse total de genes, 17 foram associados \u00e0 epilepsia pela primeira vez; dez est\u00e3o ligados ao desenvolvimento da doen\u00e7a quando eles sofrem muta\u00e7\u00e3o ou altera\u00e7\u00e3o (chamados genes de epilepsia monog\u00eanica) e os outros sete s\u00e3o conhecidos por j\u00e1 terem medicamentos aprovados que atuam com foco no tratamento de transtornos do espectro do autismo.<\/p>\n\n\n\n<div class=\"wp-block-image\"><figure class=\"aligncenter size-large\"><img loading=\"lazy\" decoding=\"async\" width=\"300\" height=\"250\" src=\"https:\/\/jornalfatosenoticias.com.br\/wp-content\/uploads\/2022\/08\/arte-Casarao.jpg\" alt=\"\" class=\"wp-image-33178\"\/><\/figure><\/div>\n\n\n\n<p>A an\u00e1lise dos subtipos revelou \u201carquiteturas gen\u00e9ticas\u201d significativamente diferentes entre, principalmente, dois subtipos de epilepsias \u2014 as focais e as generalizadas, sendo que varia\u00e7\u00f5es comuns no DNA podem explicar entre 39,6% e 90% do risco gen\u00e9tico para este \u00faltimo tipo.<\/p>\n\n\n\n<div class=\"wp-block-image\"><figure class=\"aligncenter size-large is-resized\"><img loading=\"lazy\" decoding=\"async\" src=\"https:\/\/jornalfatosenoticias.com.br\/wp-content\/uploads\/2023\/07\/lacremoda.jpg\" alt=\"\" class=\"wp-image-43706\" width=\"393\" height=\"220\" srcset=\"https:\/\/jornalfatosenoticias.com.br\/wp-content\/uploads\/2023\/07\/lacremoda.jpg 1024w, https:\/\/jornalfatosenoticias.com.br\/wp-content\/uploads\/2023\/07\/lacremoda-300x168.jpg 300w, https:\/\/jornalfatosenoticias.com.br\/wp-content\/uploads\/2023\/07\/lacremoda-768x431.jpg 768w\" sizes=\"auto, (max-width: 393px) 100vw, 393px\" \/><\/figure><\/div>\n\n\n\n<p>Coordenada por um cons\u00f3rcio da Liga Internacional Contra a Epilepsia (<strong><a href=\"https:\/\/www.ilae.org\/\" target=\"_blank\" rel=\"noreferrer noopener\">ILAE<\/a><\/strong>, na sigla em ingl\u00eas), que envolveu mais de 350 cientistas, a pesquisa comparou dados de 29.944 pessoas com a doen\u00e7a aos de outros 52.538 indiv\u00edduos-controle. Incluiu casos de epilepsia de ascend\u00eancia europeia (92%), africana (3%) e asi\u00e1tica (5%).<\/p>\n\n\n\n<div class=\"wp-block-image\"><figure class=\"aligncenter size-large\"><img decoding=\"async\" src=\"https:\/\/jornalfatosenoticias.com.br\/wp-content\/uploads\/2020\/02\/barao-das-carnes-300x164-1.jpg\" alt=\"\" class=\"wp-image-34339\"\/><\/figure><\/div>\n\n\n\n<p>O Brasil foi o \u00fanico representante da Am\u00e9rica Latina por meio do <strong><a href=\"https:\/\/bv.fapesp.br\/pt\/auxilios\/58565\/instituto-brasileiro-de-neurociencia-e-neurotecnologia-brainn\/\" target=\"_blank\" rel=\"noreferrer noopener\">Instituto Brasileiro de Neuroci\u00eancia e Neurotecnologia<\/a><\/strong>\u00a0(<strong><a href=\"https:\/\/www.brainn.org.br\/\" target=\"_blank\" rel=\"noreferrer noopener\">BRAINN<\/a><\/strong>), um Centro de Pesquisa, Inova\u00e7\u00e3o e Difus\u00e3o (CEPID) da Fapesp sediado na Universidade Estadual de Campinas (Unicamp).<\/p>\n\n\n\n<div class=\"wp-block-image\"><figure class=\"aligncenter size-large is-resized\"><img loading=\"lazy\" decoding=\"async\" src=\"https:\/\/jornalfatosenoticias.com.br\/wp-content\/uploads\/2022\/02\/Precisao-Contabilidade-1024x724.jpg\" alt=\"\" class=\"wp-image-28088\" width=\"365\" height=\"258\"\/><\/figure><\/div>\n\n\n\n<blockquote class=\"wp-block-quote is-layout-flow wp-block-quote-is-layout-flow\"><p><span class=\"has-inline-color has-luminous-vivid-orange-color\">N\u00f3s do BRAINN estivemos envolvidos em todas as etapas do trabalho, desde a caracteriza\u00e7\u00e3o detalhada dos pacientes do ponto de vista cl\u00ednico, de imagem, da neurofisiologia \u2014 que temos \u00f3timas condi\u00e7\u00f5es de fazer \u2014 at\u00e9 o planejamento das an\u00e1lises, sugest\u00f5es de como poderiam ser realizadas e depois a verifica\u00e7\u00e3o dos resultados. Nossa participa\u00e7\u00e3o foi ativa tamb\u00e9m na escrita do artigo, submetido \u00e0 revista h\u00e1 mais de um ano. Muitos estudos internacionais excluem pacientes do Brasil porque temos uma diversidade gen\u00f4mica muito grande. Mas, neste trabalho, foi feita uma metan\u00e1lise que permite combinar popula\u00e7\u00f5es com diferentes estruturas gen\u00f4micas. Para o futuro, queremos ampliar ainda mais essa diversidade\u201d, conta \u00e0 <strong>Ag\u00eancia Fapesp<\/strong> <strong><a href=\"https:\/\/bv.fapesp.br\/pt\/pesquisador\/241\/iscia-teresinha-lopes-cendes\/\" target=\"_blank\" rel=\"noreferrer noopener\">Iscia Teresinha Lopes-Cendes<\/a><\/strong>, professora da Faculdade de Ci\u00eancias M\u00e9dicas da Unicamp e coautora do artigo pelo BRAINN.<\/span><\/p><\/blockquote>\n\n\n\n<div class=\"wp-block-image\"><figure class=\"aligncenter size-large is-resized\"><img loading=\"lazy\" decoding=\"async\" src=\"https:\/\/jornalfatosenoticias.com.br\/wp-content\/uploads\/2023\/08\/Steel.jpeg\" alt=\"\" class=\"wp-image-44634\" width=\"341\" height=\"277\" srcset=\"https:\/\/jornalfatosenoticias.com.br\/wp-content\/uploads\/2023\/08\/Steel.jpeg 800w, https:\/\/jornalfatosenoticias.com.br\/wp-content\/uploads\/2023\/08\/Steel-300x244.jpeg 300w, https:\/\/jornalfatosenoticias.com.br\/wp-content\/uploads\/2023\/08\/Steel-768x624.jpeg 768w\" sizes=\"auto, (max-width: 341px) 100vw, 341px\" \/><\/figure><\/div>\n\n\n\n<p>Estima-se que haja cerca de dois milh\u00f5es de brasileiros com epilepsia, sendo que pelo menos 25% n\u00e3o est\u00e3o com a doen\u00e7a controlada, segundo o Minist\u00e9rio da Sa\u00fade. No mundo, a Organiza\u00e7\u00e3o Mundial da Sa\u00fade (OMS) calcula que 50 milh\u00f5es de pessoas s\u00e3o afetadas pelo dist\u00farbio, sendo um ter\u00e7o resistente aos tratamentos dispon\u00edveis no mercado.<\/p>\n\n\n\n<div class=\"wp-block-image\"><figure class=\"aligncenter size-large is-resized\"><img loading=\"lazy\" decoding=\"async\" src=\"https:\/\/jornalfatosenoticias.com.br\/wp-content\/uploads\/2023\/03\/nova-logo-Marquetti.jpg\" alt=\"\" class=\"wp-image-40207\" width=\"362\" height=\"243\" srcset=\"https:\/\/jornalfatosenoticias.com.br\/wp-content\/uploads\/2023\/03\/nova-logo-Marquetti.jpg 643w, https:\/\/jornalfatosenoticias.com.br\/wp-content\/uploads\/2023\/03\/nova-logo-Marquetti-300x202.jpg 300w\" sizes=\"auto, (max-width: 362px) 100vw, 362px\" \/><\/figure><\/div>\n\n\n\n<p>Doen\u00e7a neurol\u00f3gica altamente heredit\u00e1ria e sem cura, a epilepsia provoca crises convulsivas, chegando, nos casos mais graves, a 40 ou 50 convuls\u00f5es por dia, com perda de sentido e queda. As crises n\u00e3o controladas, al\u00e9m de ter impacto na rotina do paciente, s\u00e3o um grave risco de morte s\u00fabita e prematura.<\/p>\n\n\n\n<div class=\"wp-block-image\"><figure class=\"aligncenter size-large is-resized\"><img loading=\"lazy\" decoding=\"async\" src=\"https:\/\/jornalfatosenoticias.com.br\/wp-content\/uploads\/2022\/10\/RC_800x750_page-0001.jpg\" alt=\"\" class=\"wp-image-35338\" width=\"286\" height=\"268\" srcset=\"https:\/\/jornalfatosenoticias.com.br\/wp-content\/uploads\/2022\/10\/RC_800x750_page-0001.jpg 400w, https:\/\/jornalfatosenoticias.com.br\/wp-content\/uploads\/2022\/10\/RC_800x750_page-0001-300x281.jpg 300w\" sizes=\"auto, (max-width: 286px) 100vw, 286px\" \/><\/figure><\/div>\n\n\n\n<p>O tratamento \u00e9 feito com uma combina\u00e7\u00e3o de medicamentos, que nem sempre \u00e9 eficaz. A maior parte das medica\u00e7\u00f5es diminui a atividade dos neur\u00f4nios de forma generalizada, controlando as crises, mas provoca efeitos colaterais. Uma alternativa \u00e9 a cirurgia, em que \u00e9 retirada a parte do c\u00e9rebro afetada pela malforma\u00e7\u00e3o. Agora, os pesquisadores est\u00e3o propondo algumas medica\u00e7\u00f5es que normalmente s\u00e3o usadas para outras situa\u00e7\u00f5es, mas agem sobre os genes de risco para epilepsia apontados no estudo.<\/p>\n\n\n\n<div class=\"wp-block-image\"><figure class=\"aligncenter size-large is-resized\"><img loading=\"lazy\" decoding=\"async\" src=\"https:\/\/jornalfatosenoticias.com.br\/wp-content\/uploads\/2023\/09\/vetorvix1024_1.jpg\" alt=\"\" class=\"wp-image-44868\" width=\"513\" height=\"136\" srcset=\"https:\/\/jornalfatosenoticias.com.br\/wp-content\/uploads\/2023\/09\/vetorvix1024_1.jpg 1024w, https:\/\/jornalfatosenoticias.com.br\/wp-content\/uploads\/2023\/09\/vetorvix1024_1-300x80.jpg 300w, https:\/\/jornalfatosenoticias.com.br\/wp-content\/uploads\/2023\/09\/vetorvix1024_1-768x205.jpg 768w\" sizes=\"auto, (max-width: 513px) 100vw, 513px\" \/><\/figure><\/div>\n\n\n\n<p><strong><span class=\"has-inline-color has-black-color\">Conhecimento ao longo do tempo<br><\/span><\/strong>Reconhecendo a complexidade de fatores gen\u00e9ticos e ambientais relacionados \u00e0 epilepsia, o cons\u00f3rcio foi formado em 2010 para investigar grandes conjuntos de dados em colabora\u00e7\u00e3o com escala internacional.<\/p>\n\n\n\n<blockquote class=\"wp-block-quote is-layout-flow wp-block-quote-is-layout-flow\"><p><span class=\"has-inline-color has-luminous-vivid-orange-color\">Este \u00e9 um marco importante para o Cons\u00f3rcio ILAE sobre Epilepsias Complexas, demonstrando o que pode ser alcan\u00e7ado quando os cientistas colaboram abertamente e partilham dados de todo o mundo\u201d, disse a presidente da liga, a professora Helen Cross, em comunicado \u00e0 imprensa.<\/span><\/p><\/blockquote>\n\n\n\n<div class=\"wp-block-image\"><figure class=\"aligncenter size-large is-resized\"><img loading=\"lazy\" decoding=\"async\" src=\"https:\/\/jornalfatosenoticias.com.br\/wp-content\/uploads\/2020\/02\/LOGO-BLU-COMERCIAL-PRETO-1024x600.jpg\" alt=\"\" class=\"wp-image-44089\" width=\"375\" height=\"219\"\/><\/figure><\/div>\n\n\n\n<p>Para chegar aos resultados que sugerem arquiteturas gen\u00e9ticas diferentes entre as formas focais e generalizadas de epilepsia, foram combinados dados gen\u00e9ticos a bancos com informa\u00e7\u00f5es fenot\u00edpicas, aumentando a amostra para mais de 51.600 pacientes e um milh\u00e3o de \u201ccontroles\u201d. Essa descoberta do quadro gen\u00e9tico diferente para os diversos tipos de epilepsias fornece pistas para entender as v\u00e1rias s\u00edndromes.<\/p>\n\n\n\n<div class=\"wp-block-image\"><figure class=\"aligncenter size-large is-resized\"><img loading=\"lazy\" decoding=\"async\" src=\"https:\/\/jornalfatosenoticias.com.br\/wp-content\/uploads\/2020\/02\/casa-do-torresmo_portal.jpg\" alt=\"\" class=\"wp-image-34472\" width=\"285\" height=\"285\" srcset=\"https:\/\/jornalfatosenoticias.com.br\/wp-content\/uploads\/2020\/02\/casa-do-torresmo_portal.jpg 300w, https:\/\/jornalfatosenoticias.com.br\/wp-content\/uploads\/2020\/02\/casa-do-torresmo_portal-150x150.jpg 150w\" sizes=\"auto, (max-width: 285px) 100vw, 285px\" \/><\/figure><\/div>\n\n\n\n<p>No trabalho, os cientistas apontam que as prote\u00ednas que transportam impulsos el\u00e9tricos por meio das lacunas entre os neur\u00f4nios do c\u00e9rebro constituem parte do risco de formas generalizadas de epilepsia. Nesse sentido, enfatizam a import\u00e2ncia de caracterizar ou classificar com precis\u00e3o as s\u00edndromes epil\u00e9pticas espec\u00edficas (fenotipagem sindr\u00f4mica) para melhor compreender a base gen\u00e9tica da doen\u00e7a.<br>Defensora de estudos com os chamados \u201cdados puros\u201d, Lopes-Cendes diz que est\u00e1 trabalhando agora especificamente com epilepsia do lobo temporal mesial (ELTM) com atrofia hipocampal.<\/p>\n\n\n\n<div class=\"wp-block-image\"><figure class=\"aligncenter size-large\"><img decoding=\"async\" src=\"https:\/\/jornalfatosenoticias.com.br\/wp-content\/uploads\/2020\/02\/logo_esteio.jpg\" alt=\"\" class=\"wp-image-1214\"\/><\/figure><\/div>\n\n\n\n<blockquote class=\"wp-block-quote is-layout-flow wp-block-quote-is-layout-flow\"><p><span class=\"has-inline-color has-luminous-vivid-orange-color\">Temos gerado dados continuamente para uma pesquisa espec\u00edfica sobre o tema. Defendo que, em determinados estudos, misturar informa\u00e7\u00f5es de tipos diferentes de epilepsia pode \u2018diluir\u2019 o dado, n\u00e3o destacando resultados que poderiam aparecer se o grupo de pacientes estudado fosse mais homog\u00eaneo. Acho que \u00e9 preciso um equil\u00edbrio\u201d, completa.<\/span><\/p><\/blockquote>\n\n\n\n<div class=\"wp-block-image\"><figure class=\"aligncenter size-large is-resized\"><img loading=\"lazy\" decoding=\"async\" src=\"https:\/\/jornalfatosenoticias.com.br\/wp-content\/uploads\/2023\/08\/BKR-1024x1021.jpg\" alt=\"\" class=\"wp-image-44494\" width=\"296\" height=\"295\" srcset=\"https:\/\/jornalfatosenoticias.com.br\/wp-content\/uploads\/2023\/08\/BKR-1024x1021.jpg 1024w, https:\/\/jornalfatosenoticias.com.br\/wp-content\/uploads\/2023\/08\/BKR-300x300.jpg 300w, https:\/\/jornalfatosenoticias.com.br\/wp-content\/uploads\/2023\/08\/BKR-150x150.jpg 150w, https:\/\/jornalfatosenoticias.com.br\/wp-content\/uploads\/2023\/08\/BKR-768x766.jpg 768w, https:\/\/jornalfatosenoticias.com.br\/wp-content\/uploads\/2023\/08\/BKR.jpg 1080w\" sizes=\"auto, (max-width: 296px) 100vw, 296px\" \/><\/figure><\/div>\n\n\n\n<p>No in\u00edcio do ano, a pesquisadora e seu grupo publicaram outro artigo aprofundando o entendimento sobre ELTM, considerada a mais comum e refrat\u00e1ria ao tratamento farmacol\u00f3gico, ao avaliar, pela primeira vez, o perfil do RNA mensageiro (mRNA, mol\u00e9cula que cont\u00e9m a informa\u00e7\u00e3o para a produ\u00e7\u00e3o de prote\u00ednas) de tecido cir\u00fargico obtido de pacientes (<em>leia mais em:\u00a0<strong><a href=\"https:\/\/agencia.fapesp.br\/40847\" target=\"_blank\" rel=\"noreferrer noopener\">agencia.fapesp.br\/40847<\/a><\/strong>).<\/em><\/p>\n\n\n\n<div class=\"wp-block-image\"><figure class=\"aligncenter size-large is-resized\"><img loading=\"lazy\" decoding=\"async\" src=\"https:\/\/jornalfatosenoticias.com.br\/wp-content\/uploads\/2023\/03\/logo-Panper_portal.jpg\" alt=\"\" class=\"wp-image-40208\" width=\"323\" height=\"224\" srcset=\"https:\/\/jornalfatosenoticias.com.br\/wp-content\/uploads\/2023\/03\/logo-Panper_portal.jpg 400w, https:\/\/jornalfatosenoticias.com.br\/wp-content\/uploads\/2023\/03\/logo-Panper_portal-300x208.jpg 300w\" sizes=\"auto, (max-width: 323px) 100vw, 323px\" \/><\/figure><\/div>\n\n\n\n<p>Por seu trabalho com gen\u00e9tica, Lopes-Cendes foi convidada recentemente pela OMS para fazer parte do novo Grupo Consultivo T\u00e9cnico sobre Gen\u00f4mica (TAG-G), respons\u00e1vel por contribuir com o processo de acelera\u00e7\u00e3o do acesso ao conhecimento e \u00e0s tecnologias gen\u00f4micas, especialmente em pa\u00edses de baixo e m\u00e9dio rendimento. No total fazem parte do grupo 15 cientistas de diversos pa\u00edses.<\/p>\n\n\n\n<div class=\"wp-block-image\"><figure class=\"aligncenter size-large\"><img loading=\"lazy\" decoding=\"async\" width=\"300\" height=\"250\" src=\"https:\/\/jornalfatosenoticias.com.br\/wp-content\/uploads\/2020\/02\/Banner-2.png\" alt=\"\" class=\"wp-image-43787\"\/><\/figure><\/div>\n\n\n\n<p>O artigo\u00a0<em>GWAS meta-analysis of over 29,000 people with epilepsy identifies 26 risk loci and subtype-specific genetic architecture\u00a0<\/em>pode ser lido em:\u00a0<strong><a href=\"https:\/\/www.nature.com\/articles\/s41588-023-01485-w\" target=\"_blank\" rel=\"noreferrer noopener\">www.nature.com\/articles\/s41588-023-01485-w<\/a><\/strong>.<\/p>\n\n\n\n<p><strong><em>Fonte: <a href=\"https:\/\/gizmodo.uol.com.br\/estudo-sobre-epilepsia-revela-arquitetura-genetica-da-doenca-e-indica-novas-terapias\/\">GizModo<\/a><\/em><\/strong><\/p>\n","protected":false},"excerpt":{"rendered":"<p>Por Luciana Constantino\/Ag\u00eancia Fapesp Considerado o maior estudo gen\u00e9tico sobre epilepsias do mundo, um trabalho publicado\u00a0na revista\u00a0Nature Genetics revela altera\u00e7\u00f5es espec\u00edficas no DNA que sinalizam maior risco para o dist\u00farbio cerebral. A identifica\u00e7\u00e3o dessas altera\u00e7\u00f5es permitir\u00e1 melhorar o diagn\u00f3stico e avan\u00e7ar na possibilidade de novos tratamentos para a doen\u00e7a.Os pesquisadores identificaram 26 \u00e1reas (loci) distintas [&hellip;]<\/p>\n","protected":false},"author":2,"featured_media":45927,"comment_status":"open","ping_status":"open","sticky":false,"template":"","format":"standard","meta":{"footnotes":""},"categories":[11],"tags":[756,714,113,6658,21637,74],"class_list":["post-45926","post","type-post","status-publish","format-standard","has-post-thumbnail","hentry","category-saude","tag-epilepsia","tag-estudo","tag-fapesp","tag-neurociencia","tag-novas-terapias","tag-saude"],"yoast_head":"<!-- This site is optimized with the Yoast SEO plugin v26.5 - https:\/\/yoast.com\/wordpress\/plugins\/seo\/ -->\n<title>Estudo sobre epilepsia revela \u2018arquitetura gen\u00e9tica\u2019 da doen\u00e7a e indica novas terapias - Jornal Fatos e Not\u00edcias<\/title>\n<meta name=\"robots\" content=\"index, follow, max-snippet:-1, max-image-preview:large, max-video-preview:-1\" \/>\n<link rel=\"canonical\" href=\"https:\/\/jornalfatosenoticias.com.br\/index.php\/2023\/10\/11\/estudo-sobre-epilepsia-revela-arquitetura-genetica-da-doenca-e-indica-novas-terapias\/\" \/>\n<meta property=\"og:locale\" content=\"pt_BR\" \/>\n<meta property=\"og:type\" content=\"article\" \/>\n<meta property=\"og:title\" content=\"Estudo sobre epilepsia revela \u2018arquitetura gen\u00e9tica\u2019 da doen\u00e7a e indica novas terapias - Jornal Fatos e Not\u00edcias\" \/>\n<meta property=\"og:description\" content=\"Por Luciana Constantino\/Ag\u00eancia Fapesp Considerado o maior estudo gen\u00e9tico sobre epilepsias do mundo, um trabalho publicado\u00a0na revista\u00a0Nature Genetics revela altera\u00e7\u00f5es espec\u00edficas no DNA que sinalizam maior risco para o dist\u00farbio cerebral. A identifica\u00e7\u00e3o dessas altera\u00e7\u00f5es permitir\u00e1 melhorar o diagn\u00f3stico e avan\u00e7ar na possibilidade de novos tratamentos para a doen\u00e7a.Os pesquisadores identificaram 26 \u00e1reas (loci) distintas [&hellip;]\" \/>\n<meta property=\"og:url\" content=\"https:\/\/jornalfatosenoticias.com.br\/index.php\/2023\/10\/11\/estudo-sobre-epilepsia-revela-arquitetura-genetica-da-doenca-e-indica-novas-terapias\/\" \/>\n<meta property=\"og:site_name\" content=\"Jornal Fatos e Not\u00edcias\" \/>\n<meta property=\"article:published_time\" content=\"2023-10-11T12:16:10+00:00\" \/>\n<meta property=\"article:modified_time\" content=\"2023-10-11T12:16:14+00:00\" \/>\n<meta property=\"og:image\" content=\"https:\/\/jornalfatosenoticias.com.br\/wp-content\/uploads\/2023\/10\/epilepsia.jpg\" \/>\n\t<meta property=\"og:image:width\" content=\"800\" \/>\n\t<meta property=\"og:image:height\" content=\"480\" \/>\n\t<meta property=\"og:image:type\" content=\"image\/jpeg\" \/>\n<meta name=\"author\" content=\"Luzimara Fernandes\" \/>\n<meta name=\"twitter:card\" content=\"summary_large_image\" \/>\n<meta name=\"twitter:label1\" content=\"Escrito por\" \/>\n\t<meta name=\"twitter:data1\" content=\"Luzimara Fernandes\" \/>\n\t<meta name=\"twitter:label2\" content=\"Est. tempo de leitura\" \/>\n\t<meta name=\"twitter:data2\" content=\"5 minutos\" \/>\n<script type=\"application\/ld+json\" class=\"yoast-schema-graph\">{\"@context\":\"https:\/\/schema.org\",\"@graph\":[{\"@type\":\"Article\",\"@id\":\"https:\/\/jornalfatosenoticias.com.br\/index.php\/2023\/10\/11\/estudo-sobre-epilepsia-revela-arquitetura-genetica-da-doenca-e-indica-novas-terapias\/#article\",\"isPartOf\":{\"@id\":\"https:\/\/jornalfatosenoticias.com.br\/index.php\/2023\/10\/11\/estudo-sobre-epilepsia-revela-arquitetura-genetica-da-doenca-e-indica-novas-terapias\/\"},\"author\":{\"name\":\"Luzimara Fernandes\",\"@id\":\"https:\/\/jornalfatosenoticias.com.br\/#\/schema\/person\/d63837fa13ac8666eb9e74e0985d6f81\"},\"headline\":\"Estudo sobre epilepsia revela \u2018arquitetura gen\u00e9tica\u2019 da doen\u00e7a e indica novas terapias\",\"datePublished\":\"2023-10-11T12:16:10+00:00\",\"dateModified\":\"2023-10-11T12:16:14+00:00\",\"mainEntityOfPage\":{\"@id\":\"https:\/\/jornalfatosenoticias.com.br\/index.php\/2023\/10\/11\/estudo-sobre-epilepsia-revela-arquitetura-genetica-da-doenca-e-indica-novas-terapias\/\"},\"wordCount\":1079,\"commentCount\":0,\"publisher\":{\"@id\":\"https:\/\/jornalfatosenoticias.com.br\/#organization\"},\"image\":{\"@id\":\"https:\/\/jornalfatosenoticias.com.br\/index.php\/2023\/10\/11\/estudo-sobre-epilepsia-revela-arquitetura-genetica-da-doenca-e-indica-novas-terapias\/#primaryimage\"},\"thumbnailUrl\":\"https:\/\/jornalfatosenoticias.com.br\/wp-content\/uploads\/2023\/10\/epilepsia.jpg\",\"keywords\":[\"epilepsia\",\"Estudo\",\"fapesp\",\"neuroci\u00eancia\",\"novas terapias\",\"sa\u00fade\"],\"articleSection\":[\"Sa\u00fade\"],\"inLanguage\":\"pt-BR\",\"potentialAction\":[{\"@type\":\"CommentAction\",\"name\":\"Comment\",\"target\":[\"https:\/\/jornalfatosenoticias.com.br\/index.php\/2023\/10\/11\/estudo-sobre-epilepsia-revela-arquitetura-genetica-da-doenca-e-indica-novas-terapias\/#respond\"]}]},{\"@type\":\"WebPage\",\"@id\":\"https:\/\/jornalfatosenoticias.com.br\/index.php\/2023\/10\/11\/estudo-sobre-epilepsia-revela-arquitetura-genetica-da-doenca-e-indica-novas-terapias\/\",\"url\":\"https:\/\/jornalfatosenoticias.com.br\/index.php\/2023\/10\/11\/estudo-sobre-epilepsia-revela-arquitetura-genetica-da-doenca-e-indica-novas-terapias\/\",\"name\":\"Estudo sobre epilepsia revela \u2018arquitetura gen\u00e9tica\u2019 da doen\u00e7a e indica novas terapias - Jornal Fatos e Not\u00edcias\",\"isPartOf\":{\"@id\":\"https:\/\/jornalfatosenoticias.com.br\/#website\"},\"primaryImageOfPage\":{\"@id\":\"https:\/\/jornalfatosenoticias.com.br\/index.php\/2023\/10\/11\/estudo-sobre-epilepsia-revela-arquitetura-genetica-da-doenca-e-indica-novas-terapias\/#primaryimage\"},\"image\":{\"@id\":\"https:\/\/jornalfatosenoticias.com.br\/index.php\/2023\/10\/11\/estudo-sobre-epilepsia-revela-arquitetura-genetica-da-doenca-e-indica-novas-terapias\/#primaryimage\"},\"thumbnailUrl\":\"https:\/\/jornalfatosenoticias.com.br\/wp-content\/uploads\/2023\/10\/epilepsia.jpg\",\"datePublished\":\"2023-10-11T12:16:10+00:00\",\"dateModified\":\"2023-10-11T12:16:14+00:00\",\"breadcrumb\":{\"@id\":\"https:\/\/jornalfatosenoticias.com.br\/index.php\/2023\/10\/11\/estudo-sobre-epilepsia-revela-arquitetura-genetica-da-doenca-e-indica-novas-terapias\/#breadcrumb\"},\"inLanguage\":\"pt-BR\",\"potentialAction\":[{\"@type\":\"ReadAction\",\"target\":[\"https:\/\/jornalfatosenoticias.com.br\/index.php\/2023\/10\/11\/estudo-sobre-epilepsia-revela-arquitetura-genetica-da-doenca-e-indica-novas-terapias\/\"]}]},{\"@type\":\"ImageObject\",\"inLanguage\":\"pt-BR\",\"@id\":\"https:\/\/jornalfatosenoticias.com.br\/index.php\/2023\/10\/11\/estudo-sobre-epilepsia-revela-arquitetura-genetica-da-doenca-e-indica-novas-terapias\/#primaryimage\",\"url\":\"https:\/\/jornalfatosenoticias.com.br\/wp-content\/uploads\/2023\/10\/epilepsia.jpg\",\"contentUrl\":\"https:\/\/jornalfatosenoticias.com.br\/wp-content\/uploads\/2023\/10\/epilepsia.jpg\",\"width\":800,\"height\":480,\"caption\":\"3D render of a medical figure with brain highlighted\"},{\"@type\":\"BreadcrumbList\",\"@id\":\"https:\/\/jornalfatosenoticias.com.br\/index.php\/2023\/10\/11\/estudo-sobre-epilepsia-revela-arquitetura-genetica-da-doenca-e-indica-novas-terapias\/#breadcrumb\",\"itemListElement\":[{\"@type\":\"ListItem\",\"position\":1,\"name\":\"In\u00edcio\",\"item\":\"https:\/\/jornalfatosenoticias.com.br\/\"},{\"@type\":\"ListItem\",\"position\":2,\"name\":\"Estudo sobre epilepsia revela \u2018arquitetura gen\u00e9tica\u2019 da doen\u00e7a e indica novas terapias\"}]},{\"@type\":\"WebSite\",\"@id\":\"https:\/\/jornalfatosenoticias.com.br\/#website\",\"url\":\"https:\/\/jornalfatosenoticias.com.br\/\",\"name\":\"Jornal Fatos e Not\u00edcias\",\"description\":\"Not\u00edcias em geral\",\"publisher\":{\"@id\":\"https:\/\/jornalfatosenoticias.com.br\/#organization\"},\"potentialAction\":[{\"@type\":\"SearchAction\",\"target\":{\"@type\":\"EntryPoint\",\"urlTemplate\":\"https:\/\/jornalfatosenoticias.com.br\/?s={search_term_string}\"},\"query-input\":{\"@type\":\"PropertyValueSpecification\",\"valueRequired\":true,\"valueName\":\"search_term_string\"}}],\"inLanguage\":\"pt-BR\"},{\"@type\":\"Organization\",\"@id\":\"https:\/\/jornalfatosenoticias.com.br\/#organization\",\"name\":\"Jornal Fatos e Not\u00edcias\",\"url\":\"https:\/\/jornalfatosenoticias.com.br\/\",\"logo\":{\"@type\":\"ImageObject\",\"inLanguage\":\"pt-BR\",\"@id\":\"https:\/\/jornalfatosenoticias.com.br\/#\/schema\/logo\/image\/\",\"url\":\"https:\/\/jornalfatosenoticias.com.br\/wp-content\/uploads\/2020\/02\/logo120.png\",\"contentUrl\":\"https:\/\/jornalfatosenoticias.com.br\/wp-content\/uploads\/2020\/02\/logo120.png\",\"width\":1227,\"height\":120,\"caption\":\"Jornal Fatos e Not\u00edcias\"},\"image\":{\"@id\":\"https:\/\/jornalfatosenoticias.com.br\/#\/schema\/logo\/image\/\"}},{\"@type\":\"Person\",\"@id\":\"https:\/\/jornalfatosenoticias.com.br\/#\/schema\/person\/d63837fa13ac8666eb9e74e0985d6f81\",\"name\":\"Luzimara Fernandes\",\"image\":{\"@type\":\"ImageObject\",\"inLanguage\":\"pt-BR\",\"@id\":\"https:\/\/jornalfatosenoticias.com.br\/#\/schema\/person\/image\/\",\"url\":\"https:\/\/jornalfatosenoticias.com.br\/wp-content\/uploads\/2025\/05\/EU_portal.jpg\",\"contentUrl\":\"https:\/\/jornalfatosenoticias.com.br\/wp-content\/uploads\/2025\/05\/EU_portal.jpg\",\"caption\":\"Luzimara Fernandes\"},\"description\":\"Jornalista MTB 2358-ES\",\"sameAs\":[\"https:\/\/jornalfatosenoticias.com.br\"],\"url\":\"https:\/\/jornalfatosenoticias.com.br\/index.php\/author\/luzimara\/\"}]}<\/script>\n<!-- \/ Yoast SEO plugin. -->","yoast_head_json":{"title":"Estudo sobre epilepsia revela \u2018arquitetura gen\u00e9tica\u2019 da doen\u00e7a e indica novas terapias - Jornal Fatos e Not\u00edcias","robots":{"index":"index","follow":"follow","max-snippet":"max-snippet:-1","max-image-preview":"max-image-preview:large","max-video-preview":"max-video-preview:-1"},"canonical":"https:\/\/jornalfatosenoticias.com.br\/index.php\/2023\/10\/11\/estudo-sobre-epilepsia-revela-arquitetura-genetica-da-doenca-e-indica-novas-terapias\/","og_locale":"pt_BR","og_type":"article","og_title":"Estudo sobre epilepsia revela \u2018arquitetura gen\u00e9tica\u2019 da doen\u00e7a e indica novas terapias - Jornal Fatos e Not\u00edcias","og_description":"Por Luciana Constantino\/Ag\u00eancia Fapesp Considerado o maior estudo gen\u00e9tico sobre epilepsias do mundo, um trabalho publicado\u00a0na revista\u00a0Nature Genetics revela altera\u00e7\u00f5es espec\u00edficas no DNA que sinalizam maior risco para o dist\u00farbio cerebral. A identifica\u00e7\u00e3o dessas altera\u00e7\u00f5es permitir\u00e1 melhorar o diagn\u00f3stico e avan\u00e7ar na possibilidade de novos tratamentos para a doen\u00e7a.Os pesquisadores identificaram 26 \u00e1reas (loci) distintas [&hellip;]","og_url":"https:\/\/jornalfatosenoticias.com.br\/index.php\/2023\/10\/11\/estudo-sobre-epilepsia-revela-arquitetura-genetica-da-doenca-e-indica-novas-terapias\/","og_site_name":"Jornal Fatos e Not\u00edcias","article_published_time":"2023-10-11T12:16:10+00:00","article_modified_time":"2023-10-11T12:16:14+00:00","og_image":[{"width":800,"height":480,"url":"https:\/\/jornalfatosenoticias.com.br\/wp-content\/uploads\/2023\/10\/epilepsia.jpg","type":"image\/jpeg"}],"author":"Luzimara Fernandes","twitter_card":"summary_large_image","twitter_misc":{"Escrito por":"Luzimara Fernandes","Est. tempo de leitura":"5 minutos"},"schema":{"@context":"https:\/\/schema.org","@graph":[{"@type":"Article","@id":"https:\/\/jornalfatosenoticias.com.br\/index.php\/2023\/10\/11\/estudo-sobre-epilepsia-revela-arquitetura-genetica-da-doenca-e-indica-novas-terapias\/#article","isPartOf":{"@id":"https:\/\/jornalfatosenoticias.com.br\/index.php\/2023\/10\/11\/estudo-sobre-epilepsia-revela-arquitetura-genetica-da-doenca-e-indica-novas-terapias\/"},"author":{"name":"Luzimara Fernandes","@id":"https:\/\/jornalfatosenoticias.com.br\/#\/schema\/person\/d63837fa13ac8666eb9e74e0985d6f81"},"headline":"Estudo sobre epilepsia revela \u2018arquitetura gen\u00e9tica\u2019 da doen\u00e7a e indica novas terapias","datePublished":"2023-10-11T12:16:10+00:00","dateModified":"2023-10-11T12:16:14+00:00","mainEntityOfPage":{"@id":"https:\/\/jornalfatosenoticias.com.br\/index.php\/2023\/10\/11\/estudo-sobre-epilepsia-revela-arquitetura-genetica-da-doenca-e-indica-novas-terapias\/"},"wordCount":1079,"commentCount":0,"publisher":{"@id":"https:\/\/jornalfatosenoticias.com.br\/#organization"},"image":{"@id":"https:\/\/jornalfatosenoticias.com.br\/index.php\/2023\/10\/11\/estudo-sobre-epilepsia-revela-arquitetura-genetica-da-doenca-e-indica-novas-terapias\/#primaryimage"},"thumbnailUrl":"https:\/\/jornalfatosenoticias.com.br\/wp-content\/uploads\/2023\/10\/epilepsia.jpg","keywords":["epilepsia","Estudo","fapesp","neuroci\u00eancia","novas terapias","sa\u00fade"],"articleSection":["Sa\u00fade"],"inLanguage":"pt-BR","potentialAction":[{"@type":"CommentAction","name":"Comment","target":["https:\/\/jornalfatosenoticias.com.br\/index.php\/2023\/10\/11\/estudo-sobre-epilepsia-revela-arquitetura-genetica-da-doenca-e-indica-novas-terapias\/#respond"]}]},{"@type":"WebPage","@id":"https:\/\/jornalfatosenoticias.com.br\/index.php\/2023\/10\/11\/estudo-sobre-epilepsia-revela-arquitetura-genetica-da-doenca-e-indica-novas-terapias\/","url":"https:\/\/jornalfatosenoticias.com.br\/index.php\/2023\/10\/11\/estudo-sobre-epilepsia-revela-arquitetura-genetica-da-doenca-e-indica-novas-terapias\/","name":"Estudo sobre epilepsia revela \u2018arquitetura gen\u00e9tica\u2019 da doen\u00e7a e indica novas terapias - Jornal Fatos e Not\u00edcias","isPartOf":{"@id":"https:\/\/jornalfatosenoticias.com.br\/#website"},"primaryImageOfPage":{"@id":"https:\/\/jornalfatosenoticias.com.br\/index.php\/2023\/10\/11\/estudo-sobre-epilepsia-revela-arquitetura-genetica-da-doenca-e-indica-novas-terapias\/#primaryimage"},"image":{"@id":"https:\/\/jornalfatosenoticias.com.br\/index.php\/2023\/10\/11\/estudo-sobre-epilepsia-revela-arquitetura-genetica-da-doenca-e-indica-novas-terapias\/#primaryimage"},"thumbnailUrl":"https:\/\/jornalfatosenoticias.com.br\/wp-content\/uploads\/2023\/10\/epilepsia.jpg","datePublished":"2023-10-11T12:16:10+00:00","dateModified":"2023-10-11T12:16:14+00:00","breadcrumb":{"@id":"https:\/\/jornalfatosenoticias.com.br\/index.php\/2023\/10\/11\/estudo-sobre-epilepsia-revela-arquitetura-genetica-da-doenca-e-indica-novas-terapias\/#breadcrumb"},"inLanguage":"pt-BR","potentialAction":[{"@type":"ReadAction","target":["https:\/\/jornalfatosenoticias.com.br\/index.php\/2023\/10\/11\/estudo-sobre-epilepsia-revela-arquitetura-genetica-da-doenca-e-indica-novas-terapias\/"]}]},{"@type":"ImageObject","inLanguage":"pt-BR","@id":"https:\/\/jornalfatosenoticias.com.br\/index.php\/2023\/10\/11\/estudo-sobre-epilepsia-revela-arquitetura-genetica-da-doenca-e-indica-novas-terapias\/#primaryimage","url":"https:\/\/jornalfatosenoticias.com.br\/wp-content\/uploads\/2023\/10\/epilepsia.jpg","contentUrl":"https:\/\/jornalfatosenoticias.com.br\/wp-content\/uploads\/2023\/10\/epilepsia.jpg","width":800,"height":480,"caption":"3D render of a medical figure with brain highlighted"},{"@type":"BreadcrumbList","@id":"https:\/\/jornalfatosenoticias.com.br\/index.php\/2023\/10\/11\/estudo-sobre-epilepsia-revela-arquitetura-genetica-da-doenca-e-indica-novas-terapias\/#breadcrumb","itemListElement":[{"@type":"ListItem","position":1,"name":"In\u00edcio","item":"https:\/\/jornalfatosenoticias.com.br\/"},{"@type":"ListItem","position":2,"name":"Estudo sobre epilepsia revela \u2018arquitetura gen\u00e9tica\u2019 da doen\u00e7a e indica novas terapias"}]},{"@type":"WebSite","@id":"https:\/\/jornalfatosenoticias.com.br\/#website","url":"https:\/\/jornalfatosenoticias.com.br\/","name":"Jornal Fatos e Not\u00edcias","description":"Not\u00edcias em geral","publisher":{"@id":"https:\/\/jornalfatosenoticias.com.br\/#organization"},"potentialAction":[{"@type":"SearchAction","target":{"@type":"EntryPoint","urlTemplate":"https:\/\/jornalfatosenoticias.com.br\/?s={search_term_string}"},"query-input":{"@type":"PropertyValueSpecification","valueRequired":true,"valueName":"search_term_string"}}],"inLanguage":"pt-BR"},{"@type":"Organization","@id":"https:\/\/jornalfatosenoticias.com.br\/#organization","name":"Jornal Fatos e Not\u00edcias","url":"https:\/\/jornalfatosenoticias.com.br\/","logo":{"@type":"ImageObject","inLanguage":"pt-BR","@id":"https:\/\/jornalfatosenoticias.com.br\/#\/schema\/logo\/image\/","url":"https:\/\/jornalfatosenoticias.com.br\/wp-content\/uploads\/2020\/02\/logo120.png","contentUrl":"https:\/\/jornalfatosenoticias.com.br\/wp-content\/uploads\/2020\/02\/logo120.png","width":1227,"height":120,"caption":"Jornal Fatos e Not\u00edcias"},"image":{"@id":"https:\/\/jornalfatosenoticias.com.br\/#\/schema\/logo\/image\/"}},{"@type":"Person","@id":"https:\/\/jornalfatosenoticias.com.br\/#\/schema\/person\/d63837fa13ac8666eb9e74e0985d6f81","name":"Luzimara Fernandes","image":{"@type":"ImageObject","inLanguage":"pt-BR","@id":"https:\/\/jornalfatosenoticias.com.br\/#\/schema\/person\/image\/","url":"https:\/\/jornalfatosenoticias.com.br\/wp-content\/uploads\/2025\/05\/EU_portal.jpg","contentUrl":"https:\/\/jornalfatosenoticias.com.br\/wp-content\/uploads\/2025\/05\/EU_portal.jpg","caption":"Luzimara Fernandes"},"description":"Jornalista MTB 2358-ES","sameAs":["https:\/\/jornalfatosenoticias.com.br"],"url":"https:\/\/jornalfatosenoticias.com.br\/index.php\/author\/luzimara\/"}]}},"cc_featured_image_caption":{"caption_text":"(Foto: Freepik) ","source_text":"","source_url":""},"jetpack_featured_media_url":"https:\/\/jornalfatosenoticias.com.br\/wp-content\/uploads\/2023\/10\/epilepsia.jpg","_links":{"self":[{"href":"https:\/\/jornalfatosenoticias.com.br\/index.php\/wp-json\/wp\/v2\/posts\/45926","targetHints":{"allow":["GET"]}}],"collection":[{"href":"https:\/\/jornalfatosenoticias.com.br\/index.php\/wp-json\/wp\/v2\/posts"}],"about":[{"href":"https:\/\/jornalfatosenoticias.com.br\/index.php\/wp-json\/wp\/v2\/types\/post"}],"author":[{"embeddable":true,"href":"https:\/\/jornalfatosenoticias.com.br\/index.php\/wp-json\/wp\/v2\/users\/2"}],"replies":[{"embeddable":true,"href":"https:\/\/jornalfatosenoticias.com.br\/index.php\/wp-json\/wp\/v2\/comments?post=45926"}],"version-history":[{"count":0,"href":"https:\/\/jornalfatosenoticias.com.br\/index.php\/wp-json\/wp\/v2\/posts\/45926\/revisions"}],"wp:featuredmedia":[{"embeddable":true,"href":"https:\/\/jornalfatosenoticias.com.br\/index.php\/wp-json\/wp\/v2\/media\/45927"}],"wp:attachment":[{"href":"https:\/\/jornalfatosenoticias.com.br\/index.php\/wp-json\/wp\/v2\/media?parent=45926"}],"wp:term":[{"taxonomy":"category","embeddable":true,"href":"https:\/\/jornalfatosenoticias.com.br\/index.php\/wp-json\/wp\/v2\/categories?post=45926"},{"taxonomy":"post_tag","embeddable":true,"href":"https:\/\/jornalfatosenoticias.com.br\/index.php\/wp-json\/wp\/v2\/tags?post=45926"}],"curies":[{"name":"wp","href":"https:\/\/api.w.org\/{rel}","templated":true}]}}