{"id":4593,"date":"2020-05-19T11:59:36","date_gmt":"2020-05-19T14:59:36","guid":{"rendered":"https:\/\/jornalfatosenoticias.com.br\/?p=4593"},"modified":"2020-05-19T11:59:37","modified_gmt":"2020-05-19T14:59:37","slug":"cartilha-educativa-celebra-os-108-anos-de-historia-do-parque-moscoso","status":"publish","type":"post","link":"https:\/\/jornalfatosenoticias.com.br\/index.php\/2020\/05\/19\/cartilha-educativa-celebra-os-108-anos-de-historia-do-parque-moscoso\/","title":{"rendered":"Cartilha educativa celebra os 108 anos de hist\u00f3ria do Parque Moscoso"},"content":{"rendered":"\n<h6 class=\"wp-block-heading\"><em>Cartilha digital traz um pouquinho da hist\u00f3ria do parque mais antigo da cidade de forma l\u00fadica e educativa<\/em><\/h6>\n\n\n\n<p>Como forma de celebrar os 108 anos do Parque Moscoso, que \u00e9 um dos cantinhos mais queridos de Vit\u00f3ria e do Esp\u00edrito Santo, a Ger\u00eancia de Educa\u00e7\u00e3o Ambiental da Secretaria de Meio Ambiente (Semmam) disponibiliza, em formato digital, uma <a href=\"https:\/\/www.vitoria.es.gov.br\/arquivos\/20200518_cartilha180anospmoscoso.pdf?1589899603\"><strong>cartilha educativa<\/strong><\/a> contando a hist\u00f3ria do local.<br>A cartilha \u00e9 uma produ\u00e7\u00e3o do Est\u00fadio Zota, roteirizada por Estev\u00e3o Ribeiro e ilustrada por Leo Rangel, com texto do historiador e educador ambiental da Semmam, Fernando Fiorotti.<br>Ela traz um di\u00e1logo entre uma crian\u00e7a e seu av\u00f4, apresentando narrativas descontra\u00eddas e casadas com imagens que fazem o leitor viajar no tempo e conhecer os diversos per\u00edodos importantes da hist\u00f3ria da capital e tamb\u00e9m do Estado, de acordo com a gerente de Educa\u00e7\u00e3o Ambiental, Juliana Sardinha.<br>O ge\u00f3grafo e educador ambiental Idelvon Poubel contou que h\u00e1 relatos do in\u00edcio das obras do Parque Moscoso, em 1910, empreitada feita pelo governador do Estado entre 1908-1912, Jer\u00f4nymo Monteiro, ao paisagista Paulo Motta Teixeira.<br>Este realizou a constru\u00e7\u00e3o do parque sob o aterro da \u201cLapa do Mangal\u201d, que era conhecida como &#8220;Campinho da Vila do Moscoso&#8221;, como foi denominado pelo governador respons\u00e1vel pelo aterro nos fins do s\u00e9culo XIX, Henrique Moscoso, e que posteriormente daria o nome ao parque, inaugurado em 1912.<\/p>\n\n\n\n<h4 class=\"wp-block-heading\">Hist\u00f3ria do parque<\/h4>\n\n\n\n<p>Para a coordenadora de Rela\u00e7\u00f5es com as Comunidades da Semmam, Rita Vasconcelos, outros fatos relevantes relatados na cartilha s\u00e3o as transforma\u00e7\u00f5es pelas quais o Parque Moscoso passou ao longo dos anos, em especial na d\u00e9cada de 1950 e in\u00edcio dos anos 2000.<br>&#8220;Sempre com a inten\u00e7\u00e3o de deixar esse espa\u00e7o da cidade como um lugar de encontros e bons conv\u00edvios, o \u201cParque Gostoso\u201d, apelido carinhoso dado h\u00e1 v\u00e1rias gera\u00e7\u00f5es que frequentam esse belo espa\u00e7o de intera\u00e7\u00e3o social e que possibilita a constru\u00e7\u00e3o de lindas mem\u00f3rias&#8221;.<br>A assessora t\u00e9cnica de Eventos da Semmam, Jacirlane Carvalho, ponderou que a cartilha em formato digital \u00e9 uma ferramenta importante que possibilita levar \u00e0 popula\u00e7\u00e3o um pouquinho da hist\u00f3ria do parque mais antigo da cidade de forma l\u00fadica e educativa, para que todos possam conhecer mais um dos cart\u00f5es-postais da cidade.<br>&#8220;Essa iniciativa \u00e9 uma bela forma de celebrar os 108 anos do Parque Moscoso&#8221;, afirma o secret\u00e1rio de Meio Ambiente, Ademir Barbosa.<\/p>\n\n\n\n<figure class=\"wp-block-image size-large\"><img loading=\"lazy\" decoding=\"async\" width=\"714\" height=\"1024\" src=\"https:\/\/jornalfatosenoticias.com.br\/wp-content\/uploads\/2020\/05\/cartilha-Parque-Moscoso-714x1024.jpg\" alt=\"\" class=\"wp-image-4595\" srcset=\"https:\/\/jornalfatosenoticias.com.br\/wp-content\/uploads\/2020\/05\/cartilha-Parque-Moscoso-714x1024.jpg 714w, https:\/\/jornalfatosenoticias.com.br\/wp-content\/uploads\/2020\/05\/cartilha-Parque-Moscoso-209x300.jpg 209w, https:\/\/jornalfatosenoticias.com.br\/wp-content\/uploads\/2020\/05\/cartilha-Parque-Moscoso-768x1101.jpg 768w, https:\/\/jornalfatosenoticias.com.br\/wp-content\/uploads\/2020\/05\/cartilha-Parque-Moscoso.jpg 980w\" sizes=\"auto, (max-width: 714px) 100vw, 714px\" \/><figcaption><em>Cartilha digital traz um pouquinho da hist\u00f3ria do parque mais antigo da cidade (Foto: Divulga\u00e7\u00e3o Semmam)que Moscoso<\/em><\/figcaption><\/figure>\n\n\n\n<h4 class=\"wp-block-heading\">Fotos<\/h4>\n\n\n\n<p>Voc\u00ea tamb\u00e9m pode participar da comemora\u00e7\u00e3o. A Prefeitura de Vit\u00f3ria, por meio da Ger\u00eancia de Educa\u00e7\u00e3o Ambiental (GEA), vai postar fotos dos frequentadores do parque trazendo mem\u00f3rias, relatos e belezas do local.<br>As imagens podem ser de qualquer \u00e9poca e formato, mas tem que ter a hashtag #108anosparqueMoscoso, seja no Instagram, Twitter ou Facebook. A hashtag \u00e9 importante para que a PMV possa repostar as fotos em suas redes sociais.<\/p>\n\n\n\n<p><strong><em>Fonte:<a href=\"https:\/\/www.vitoria.es.gov.br\/noticia\/cartilha-educativa-celebra-os-108-anos-de-historia-do-parque-moscoso-40778\"> PMV<\/a><\/em><\/strong><\/p>\n","protected":false},"excerpt":{"rendered":"<p>Cartilha digital traz um pouquinho da hist\u00f3ria do parque mais antigo da cidade de forma l\u00fadica e educativa Como forma de celebrar os 108 anos do Parque Moscoso, que \u00e9 um dos cantinhos mais queridos de Vit\u00f3ria e do Esp\u00edrito Santo, a Ger\u00eancia de Educa\u00e7\u00e3o Ambiental da Secretaria de Meio Ambiente (Semmam) disponibiliza, em formato [&hellip;]<\/p>\n","protected":false},"author":2,"featured_media":4594,"comment_status":"open","ping_status":"open","sticky":false,"template":"","format":"standard","meta":{"footnotes":""},"categories":[5],"tags":[2735,2734,249,2732,2733],"class_list":["post-4593","post","type-post","status-publish","format-standard","has-post-thumbnail","hentry","category-geral","tag-cartao-postal","tag-cartilha-educativa","tag-historia","tag-parque-moscoso","tag-semmam"],"yoast_head":"<!-- This site is optimized with the Yoast SEO plugin v26.5 - https:\/\/yoast.com\/wordpress\/plugins\/seo\/ -->\n<title>Cartilha educativa celebra os 108 anos de hist\u00f3ria do Parque Moscoso - Jornal Fatos e Not\u00edcias<\/title>\n<meta name=\"robots\" content=\"index, follow, max-snippet:-1, max-image-preview:large, max-video-preview:-1\" \/>\n<link rel=\"canonical\" href=\"https:\/\/jornalfatosenoticias.com.br\/index.php\/2020\/05\/19\/cartilha-educativa-celebra-os-108-anos-de-historia-do-parque-moscoso\/\" \/>\n<meta property=\"og:locale\" content=\"pt_BR\" \/>\n<meta property=\"og:type\" content=\"article\" \/>\n<meta property=\"og:title\" content=\"Cartilha educativa celebra os 108 anos de hist\u00f3ria do Parque Moscoso - Jornal Fatos e Not\u00edcias\" \/>\n<meta property=\"og:description\" content=\"Cartilha digital traz um pouquinho da hist\u00f3ria do parque mais antigo da cidade de forma l\u00fadica e educativa Como forma de celebrar os 108 anos do Parque Moscoso, que \u00e9 um dos cantinhos mais queridos de Vit\u00f3ria e do Esp\u00edrito Santo, a Ger\u00eancia de Educa\u00e7\u00e3o Ambiental da Secretaria de Meio Ambiente (Semmam) disponibiliza, em formato [&hellip;]\" \/>\n<meta property=\"og:url\" content=\"https:\/\/jornalfatosenoticias.com.br\/index.php\/2020\/05\/19\/cartilha-educativa-celebra-os-108-anos-de-historia-do-parque-moscoso\/\" \/>\n<meta property=\"og:site_name\" content=\"Jornal Fatos e Not\u00edcias\" \/>\n<meta property=\"article:published_time\" content=\"2020-05-19T14:59:36+00:00\" \/>\n<meta property=\"article:modified_time\" content=\"2020-05-19T14:59:37+00:00\" \/>\n<meta property=\"og:image\" content=\"https:\/\/jornalfatosenoticias.com.br\/wp-content\/uploads\/2020\/05\/parque-Moscoso.jpg\" \/>\n\t<meta property=\"og:image:width\" content=\"1000\" \/>\n\t<meta property=\"og:image:height\" content=\"361\" \/>\n\t<meta property=\"og:image:type\" content=\"image\/jpeg\" \/>\n<meta name=\"author\" content=\"Luzimara Fernandes\" \/>\n<meta name=\"twitter:card\" content=\"summary_large_image\" \/>\n<meta name=\"twitter:label1\" content=\"Escrito por\" \/>\n\t<meta name=\"twitter:data1\" content=\"Luzimara Fernandes\" \/>\n\t<meta name=\"twitter:label2\" content=\"Est. tempo de leitura\" \/>\n\t<meta name=\"twitter:data2\" content=\"3 minutos\" \/>\n<script type=\"application\/ld+json\" class=\"yoast-schema-graph\">{\"@context\":\"https:\/\/schema.org\",\"@graph\":[{\"@type\":\"Article\",\"@id\":\"https:\/\/jornalfatosenoticias.com.br\/index.php\/2020\/05\/19\/cartilha-educativa-celebra-os-108-anos-de-historia-do-parque-moscoso\/#article\",\"isPartOf\":{\"@id\":\"https:\/\/jornalfatosenoticias.com.br\/index.php\/2020\/05\/19\/cartilha-educativa-celebra-os-108-anos-de-historia-do-parque-moscoso\/\"},\"author\":{\"name\":\"Luzimara Fernandes\",\"@id\":\"https:\/\/jornalfatosenoticias.com.br\/#\/schema\/person\/d63837fa13ac8666eb9e74e0985d6f81\"},\"headline\":\"Cartilha educativa celebra os 108 anos de hist\u00f3ria do Parque Moscoso\",\"datePublished\":\"2020-05-19T14:59:36+00:00\",\"dateModified\":\"2020-05-19T14:59:37+00:00\",\"mainEntityOfPage\":{\"@id\":\"https:\/\/jornalfatosenoticias.com.br\/index.php\/2020\/05\/19\/cartilha-educativa-celebra-os-108-anos-de-historia-do-parque-moscoso\/\"},\"wordCount\":526,\"commentCount\":0,\"publisher\":{\"@id\":\"https:\/\/jornalfatosenoticias.com.br\/#organization\"},\"image\":{\"@id\":\"https:\/\/jornalfatosenoticias.com.br\/index.php\/2020\/05\/19\/cartilha-educativa-celebra-os-108-anos-de-historia-do-parque-moscoso\/#primaryimage\"},\"thumbnailUrl\":\"https:\/\/jornalfatosenoticias.com.br\/wp-content\/uploads\/2020\/05\/parque-Moscoso.jpg\",\"keywords\":[\"cart\u00e3o-postal\",\"cartilha educativa\",\"hist\u00f3ria\",\"Parque Moscoso\",\"Semmam\"],\"articleSection\":[\"Geral\"],\"inLanguage\":\"pt-BR\",\"potentialAction\":[{\"@type\":\"CommentAction\",\"name\":\"Comment\",\"target\":[\"https:\/\/jornalfatosenoticias.com.br\/index.php\/2020\/05\/19\/cartilha-educativa-celebra-os-108-anos-de-historia-do-parque-moscoso\/#respond\"]}]},{\"@type\":\"WebPage\",\"@id\":\"https:\/\/jornalfatosenoticias.com.br\/index.php\/2020\/05\/19\/cartilha-educativa-celebra-os-108-anos-de-historia-do-parque-moscoso\/\",\"url\":\"https:\/\/jornalfatosenoticias.com.br\/index.php\/2020\/05\/19\/cartilha-educativa-celebra-os-108-anos-de-historia-do-parque-moscoso\/\",\"name\":\"Cartilha educativa celebra os 108 anos de hist\u00f3ria do Parque Moscoso - Jornal Fatos e Not\u00edcias\",\"isPartOf\":{\"@id\":\"https:\/\/jornalfatosenoticias.com.br\/#website\"},\"primaryImageOfPage\":{\"@id\":\"https:\/\/jornalfatosenoticias.com.br\/index.php\/2020\/05\/19\/cartilha-educativa-celebra-os-108-anos-de-historia-do-parque-moscoso\/#primaryimage\"},\"image\":{\"@id\":\"https:\/\/jornalfatosenoticias.com.br\/index.php\/2020\/05\/19\/cartilha-educativa-celebra-os-108-anos-de-historia-do-parque-moscoso\/#primaryimage\"},\"thumbnailUrl\":\"https:\/\/jornalfatosenoticias.com.br\/wp-content\/uploads\/2020\/05\/parque-Moscoso.jpg\",\"datePublished\":\"2020-05-19T14:59:36+00:00\",\"dateModified\":\"2020-05-19T14:59:37+00:00\",\"breadcrumb\":{\"@id\":\"https:\/\/jornalfatosenoticias.com.br\/index.php\/2020\/05\/19\/cartilha-educativa-celebra-os-108-anos-de-historia-do-parque-moscoso\/#breadcrumb\"},\"inLanguage\":\"pt-BR\",\"potentialAction\":[{\"@type\":\"ReadAction\",\"target\":[\"https:\/\/jornalfatosenoticias.com.br\/index.php\/2020\/05\/19\/cartilha-educativa-celebra-os-108-anos-de-historia-do-parque-moscoso\/\"]}]},{\"@type\":\"ImageObject\",\"inLanguage\":\"pt-BR\",\"@id\":\"https:\/\/jornalfatosenoticias.com.br\/index.php\/2020\/05\/19\/cartilha-educativa-celebra-os-108-anos-de-historia-do-parque-moscoso\/#primaryimage\",\"url\":\"https:\/\/jornalfatosenoticias.com.br\/wp-content\/uploads\/2020\/05\/parque-Moscoso.jpg\",\"contentUrl\":\"https:\/\/jornalfatosenoticias.com.br\/wp-content\/uploads\/2020\/05\/parque-Moscoso.jpg\",\"width\":1000,\"height\":361},{\"@type\":\"BreadcrumbList\",\"@id\":\"https:\/\/jornalfatosenoticias.com.br\/index.php\/2020\/05\/19\/cartilha-educativa-celebra-os-108-anos-de-historia-do-parque-moscoso\/#breadcrumb\",\"itemListElement\":[{\"@type\":\"ListItem\",\"position\":1,\"name\":\"In\u00edcio\",\"item\":\"https:\/\/jornalfatosenoticias.com.br\/\"},{\"@type\":\"ListItem\",\"position\":2,\"name\":\"Cartilha educativa celebra os 108 anos de hist\u00f3ria do Parque Moscoso\"}]},{\"@type\":\"WebSite\",\"@id\":\"https:\/\/jornalfatosenoticias.com.br\/#website\",\"url\":\"https:\/\/jornalfatosenoticias.com.br\/\",\"name\":\"Jornal Fatos e Not\u00edcias\",\"description\":\"Not\u00edcias em geral\",\"publisher\":{\"@id\":\"https:\/\/jornalfatosenoticias.com.br\/#organization\"},\"potentialAction\":[{\"@type\":\"SearchAction\",\"target\":{\"@type\":\"EntryPoint\",\"urlTemplate\":\"https:\/\/jornalfatosenoticias.com.br\/?s={search_term_string}\"},\"query-input\":{\"@type\":\"PropertyValueSpecification\",\"valueRequired\":true,\"valueName\":\"search_term_string\"}}],\"inLanguage\":\"pt-BR\"},{\"@type\":\"Organization\",\"@id\":\"https:\/\/jornalfatosenoticias.com.br\/#organization\",\"name\":\"Jornal Fatos e Not\u00edcias\",\"url\":\"https:\/\/jornalfatosenoticias.com.br\/\",\"logo\":{\"@type\":\"ImageObject\",\"inLanguage\":\"pt-BR\",\"@id\":\"https:\/\/jornalfatosenoticias.com.br\/#\/schema\/logo\/image\/\",\"url\":\"https:\/\/jornalfatosenoticias.com.br\/wp-content\/uploads\/2020\/02\/logo120.png\",\"contentUrl\":\"https:\/\/jornalfatosenoticias.com.br\/wp-content\/uploads\/2020\/02\/logo120.png\",\"width\":1227,\"height\":120,\"caption\":\"Jornal Fatos e Not\u00edcias\"},\"image\":{\"@id\":\"https:\/\/jornalfatosenoticias.com.br\/#\/schema\/logo\/image\/\"}},{\"@type\":\"Person\",\"@id\":\"https:\/\/jornalfatosenoticias.com.br\/#\/schema\/person\/d63837fa13ac8666eb9e74e0985d6f81\",\"name\":\"Luzimara Fernandes\",\"image\":{\"@type\":\"ImageObject\",\"inLanguage\":\"pt-BR\",\"@id\":\"https:\/\/jornalfatosenoticias.com.br\/#\/schema\/person\/image\/\",\"url\":\"https:\/\/jornalfatosenoticias.com.br\/wp-content\/uploads\/2025\/05\/EU_portal.jpg\",\"contentUrl\":\"https:\/\/jornalfatosenoticias.com.br\/wp-content\/uploads\/2025\/05\/EU_portal.jpg\",\"caption\":\"Luzimara Fernandes\"},\"description\":\"Jornalista MTB 2358-ES\",\"sameAs\":[\"https:\/\/jornalfatosenoticias.com.br\"],\"url\":\"https:\/\/jornalfatosenoticias.com.br\/index.php\/author\/luzimara\/\"}]}<\/script>\n<!-- \/ Yoast SEO plugin. -->","yoast_head_json":{"title":"Cartilha educativa celebra os 108 anos de hist\u00f3ria do Parque Moscoso - Jornal Fatos e Not\u00edcias","robots":{"index":"index","follow":"follow","max-snippet":"max-snippet:-1","max-image-preview":"max-image-preview:large","max-video-preview":"max-video-preview:-1"},"canonical":"https:\/\/jornalfatosenoticias.com.br\/index.php\/2020\/05\/19\/cartilha-educativa-celebra-os-108-anos-de-historia-do-parque-moscoso\/","og_locale":"pt_BR","og_type":"article","og_title":"Cartilha educativa celebra os 108 anos de hist\u00f3ria do Parque Moscoso - Jornal Fatos e Not\u00edcias","og_description":"Cartilha digital traz um pouquinho da hist\u00f3ria do parque mais antigo da cidade de forma l\u00fadica e educativa Como forma de celebrar os 108 anos do Parque Moscoso, que \u00e9 um dos cantinhos mais queridos de Vit\u00f3ria e do Esp\u00edrito Santo, a Ger\u00eancia de Educa\u00e7\u00e3o Ambiental da Secretaria de Meio Ambiente (Semmam) disponibiliza, em formato [&hellip;]","og_url":"https:\/\/jornalfatosenoticias.com.br\/index.php\/2020\/05\/19\/cartilha-educativa-celebra-os-108-anos-de-historia-do-parque-moscoso\/","og_site_name":"Jornal Fatos e Not\u00edcias","article_published_time":"2020-05-19T14:59:36+00:00","article_modified_time":"2020-05-19T14:59:37+00:00","og_image":[{"width":1000,"height":361,"url":"https:\/\/jornalfatosenoticias.com.br\/wp-content\/uploads\/2020\/05\/parque-Moscoso.jpg","type":"image\/jpeg"}],"author":"Luzimara Fernandes","twitter_card":"summary_large_image","twitter_misc":{"Escrito por":"Luzimara Fernandes","Est. tempo de leitura":"3 minutos"},"schema":{"@context":"https:\/\/schema.org","@graph":[{"@type":"Article","@id":"https:\/\/jornalfatosenoticias.com.br\/index.php\/2020\/05\/19\/cartilha-educativa-celebra-os-108-anos-de-historia-do-parque-moscoso\/#article","isPartOf":{"@id":"https:\/\/jornalfatosenoticias.com.br\/index.php\/2020\/05\/19\/cartilha-educativa-celebra-os-108-anos-de-historia-do-parque-moscoso\/"},"author":{"name":"Luzimara Fernandes","@id":"https:\/\/jornalfatosenoticias.com.br\/#\/schema\/person\/d63837fa13ac8666eb9e74e0985d6f81"},"headline":"Cartilha educativa celebra os 108 anos de hist\u00f3ria do Parque Moscoso","datePublished":"2020-05-19T14:59:36+00:00","dateModified":"2020-05-19T14:59:37+00:00","mainEntityOfPage":{"@id":"https:\/\/jornalfatosenoticias.com.br\/index.php\/2020\/05\/19\/cartilha-educativa-celebra-os-108-anos-de-historia-do-parque-moscoso\/"},"wordCount":526,"commentCount":0,"publisher":{"@id":"https:\/\/jornalfatosenoticias.com.br\/#organization"},"image":{"@id":"https:\/\/jornalfatosenoticias.com.br\/index.php\/2020\/05\/19\/cartilha-educativa-celebra-os-108-anos-de-historia-do-parque-moscoso\/#primaryimage"},"thumbnailUrl":"https:\/\/jornalfatosenoticias.com.br\/wp-content\/uploads\/2020\/05\/parque-Moscoso.jpg","keywords":["cart\u00e3o-postal","cartilha educativa","hist\u00f3ria","Parque Moscoso","Semmam"],"articleSection":["Geral"],"inLanguage":"pt-BR","potentialAction":[{"@type":"CommentAction","name":"Comment","target":["https:\/\/jornalfatosenoticias.com.br\/index.php\/2020\/05\/19\/cartilha-educativa-celebra-os-108-anos-de-historia-do-parque-moscoso\/#respond"]}]},{"@type":"WebPage","@id":"https:\/\/jornalfatosenoticias.com.br\/index.php\/2020\/05\/19\/cartilha-educativa-celebra-os-108-anos-de-historia-do-parque-moscoso\/","url":"https:\/\/jornalfatosenoticias.com.br\/index.php\/2020\/05\/19\/cartilha-educativa-celebra-os-108-anos-de-historia-do-parque-moscoso\/","name":"Cartilha educativa celebra os 108 anos de hist\u00f3ria do Parque Moscoso - Jornal Fatos e Not\u00edcias","isPartOf":{"@id":"https:\/\/jornalfatosenoticias.com.br\/#website"},"primaryImageOfPage":{"@id":"https:\/\/jornalfatosenoticias.com.br\/index.php\/2020\/05\/19\/cartilha-educativa-celebra-os-108-anos-de-historia-do-parque-moscoso\/#primaryimage"},"image":{"@id":"https:\/\/jornalfatosenoticias.com.br\/index.php\/2020\/05\/19\/cartilha-educativa-celebra-os-108-anos-de-historia-do-parque-moscoso\/#primaryimage"},"thumbnailUrl":"https:\/\/jornalfatosenoticias.com.br\/wp-content\/uploads\/2020\/05\/parque-Moscoso.jpg","datePublished":"2020-05-19T14:59:36+00:00","dateModified":"2020-05-19T14:59:37+00:00","breadcrumb":{"@id":"https:\/\/jornalfatosenoticias.com.br\/index.php\/2020\/05\/19\/cartilha-educativa-celebra-os-108-anos-de-historia-do-parque-moscoso\/#breadcrumb"},"inLanguage":"pt-BR","potentialAction":[{"@type":"ReadAction","target":["https:\/\/jornalfatosenoticias.com.br\/index.php\/2020\/05\/19\/cartilha-educativa-celebra-os-108-anos-de-historia-do-parque-moscoso\/"]}]},{"@type":"ImageObject","inLanguage":"pt-BR","@id":"https:\/\/jornalfatosenoticias.com.br\/index.php\/2020\/05\/19\/cartilha-educativa-celebra-os-108-anos-de-historia-do-parque-moscoso\/#primaryimage","url":"https:\/\/jornalfatosenoticias.com.br\/wp-content\/uploads\/2020\/05\/parque-Moscoso.jpg","contentUrl":"https:\/\/jornalfatosenoticias.com.br\/wp-content\/uploads\/2020\/05\/parque-Moscoso.jpg","width":1000,"height":361},{"@type":"BreadcrumbList","@id":"https:\/\/jornalfatosenoticias.com.br\/index.php\/2020\/05\/19\/cartilha-educativa-celebra-os-108-anos-de-historia-do-parque-moscoso\/#breadcrumb","itemListElement":[{"@type":"ListItem","position":1,"name":"In\u00edcio","item":"https:\/\/jornalfatosenoticias.com.br\/"},{"@type":"ListItem","position":2,"name":"Cartilha educativa celebra os 108 anos de hist\u00f3ria do Parque Moscoso"}]},{"@type":"WebSite","@id":"https:\/\/jornalfatosenoticias.com.br\/#website","url":"https:\/\/jornalfatosenoticias.com.br\/","name":"Jornal Fatos e Not\u00edcias","description":"Not\u00edcias em geral","publisher":{"@id":"https:\/\/jornalfatosenoticias.com.br\/#organization"},"potentialAction":[{"@type":"SearchAction","target":{"@type":"EntryPoint","urlTemplate":"https:\/\/jornalfatosenoticias.com.br\/?s={search_term_string}"},"query-input":{"@type":"PropertyValueSpecification","valueRequired":true,"valueName":"search_term_string"}}],"inLanguage":"pt-BR"},{"@type":"Organization","@id":"https:\/\/jornalfatosenoticias.com.br\/#organization","name":"Jornal Fatos e Not\u00edcias","url":"https:\/\/jornalfatosenoticias.com.br\/","logo":{"@type":"ImageObject","inLanguage":"pt-BR","@id":"https:\/\/jornalfatosenoticias.com.br\/#\/schema\/logo\/image\/","url":"https:\/\/jornalfatosenoticias.com.br\/wp-content\/uploads\/2020\/02\/logo120.png","contentUrl":"https:\/\/jornalfatosenoticias.com.br\/wp-content\/uploads\/2020\/02\/logo120.png","width":1227,"height":120,"caption":"Jornal Fatos e Not\u00edcias"},"image":{"@id":"https:\/\/jornalfatosenoticias.com.br\/#\/schema\/logo\/image\/"}},{"@type":"Person","@id":"https:\/\/jornalfatosenoticias.com.br\/#\/schema\/person\/d63837fa13ac8666eb9e74e0985d6f81","name":"Luzimara Fernandes","image":{"@type":"ImageObject","inLanguage":"pt-BR","@id":"https:\/\/jornalfatosenoticias.com.br\/#\/schema\/person\/image\/","url":"https:\/\/jornalfatosenoticias.com.br\/wp-content\/uploads\/2025\/05\/EU_portal.jpg","contentUrl":"https:\/\/jornalfatosenoticias.com.br\/wp-content\/uploads\/2025\/05\/EU_portal.jpg","caption":"Luzimara Fernandes"},"description":"Jornalista MTB 2358-ES","sameAs":["https:\/\/jornalfatosenoticias.com.br"],"url":"https:\/\/jornalfatosenoticias.com.br\/index.php\/author\/luzimara\/"}]}},"cc_featured_image_caption":{"caption_text":"(Foto: Divulga\u00e7\u00e3o Semmam)","source_text":"","source_url":""},"jetpack_featured_media_url":"https:\/\/jornalfatosenoticias.com.br\/wp-content\/uploads\/2020\/05\/parque-Moscoso.jpg","_links":{"self":[{"href":"https:\/\/jornalfatosenoticias.com.br\/index.php\/wp-json\/wp\/v2\/posts\/4593","targetHints":{"allow":["GET"]}}],"collection":[{"href":"https:\/\/jornalfatosenoticias.com.br\/index.php\/wp-json\/wp\/v2\/posts"}],"about":[{"href":"https:\/\/jornalfatosenoticias.com.br\/index.php\/wp-json\/wp\/v2\/types\/post"}],"author":[{"embeddable":true,"href":"https:\/\/jornalfatosenoticias.com.br\/index.php\/wp-json\/wp\/v2\/users\/2"}],"replies":[{"embeddable":true,"href":"https:\/\/jornalfatosenoticias.com.br\/index.php\/wp-json\/wp\/v2\/comments?post=4593"}],"version-history":[{"count":0,"href":"https:\/\/jornalfatosenoticias.com.br\/index.php\/wp-json\/wp\/v2\/posts\/4593\/revisions"}],"wp:featuredmedia":[{"embeddable":true,"href":"https:\/\/jornalfatosenoticias.com.br\/index.php\/wp-json\/wp\/v2\/media\/4594"}],"wp:attachment":[{"href":"https:\/\/jornalfatosenoticias.com.br\/index.php\/wp-json\/wp\/v2\/media?parent=4593"}],"wp:term":[{"taxonomy":"category","embeddable":true,"href":"https:\/\/jornalfatosenoticias.com.br\/index.php\/wp-json\/wp\/v2\/categories?post=4593"},{"taxonomy":"post_tag","embeddable":true,"href":"https:\/\/jornalfatosenoticias.com.br\/index.php\/wp-json\/wp\/v2\/tags?post=4593"}],"curies":[{"name":"wp","href":"https:\/\/api.w.org\/{rel}","templated":true}]}}