{"id":45941,"date":"2023-10-11T13:41:30","date_gmt":"2023-10-11T16:41:30","guid":{"rendered":"https:\/\/jornalfatosenoticias.com.br\/?p=45941"},"modified":"2023-10-11T13:41:30","modified_gmt":"2023-10-11T16:41:30","slug":"empresas-e-mercado-financeiro-estao-menos-confiantes-na-economia","status":"publish","type":"post","link":"https:\/\/jornalfatosenoticias.com.br\/index.php\/2023\/10\/11\/empresas-e-mercado-financeiro-estao-menos-confiantes-na-economia\/","title":{"rendered":"Empresas e mercado financeiro est\u00e3o menos confiantes na economia"},"content":{"rendered":"\n<p><em><span class=\"has-inline-color has-black-color\">Avalia\u00e7\u00f5es do mercado em rela\u00e7\u00e3o a Lula e ao ministro Fernando Haddad pioraram nos \u00faltimos meses<\/span><\/em><\/p>\n\n\n\n<p><em><span class=\"has-inline-color has-black-color\">Por <strong><a href=\"https:\/\/www.gazetadopovo.com.br\/autor\/vandre-kramer\/\">Vandr\u00e9 Kramer<\/a><\/strong><\/span><\/em><\/p>\n\n\n\n<div class=\"wp-block-image\"><figure class=\"aligncenter size-large is-resized\"><img loading=\"lazy\" decoding=\"async\" src=\"https:\/\/jornalfatosenoticias.com.br\/wp-content\/uploads\/2023\/09\/vetorvix1024_1.jpg\" alt=\"\" class=\"wp-image-44868\" width=\"453\" height=\"120\" srcset=\"https:\/\/jornalfatosenoticias.com.br\/wp-content\/uploads\/2023\/09\/vetorvix1024_1.jpg 1024w, https:\/\/jornalfatosenoticias.com.br\/wp-content\/uploads\/2023\/09\/vetorvix1024_1-300x80.jpg 300w, https:\/\/jornalfatosenoticias.com.br\/wp-content\/uploads\/2023\/09\/vetorvix1024_1-768x205.jpg 768w\" sizes=\"auto, (max-width: 453px) 100vw, 453px\" \/><\/figure><\/div>\n\n\n\n<p>Empresas e mercado financeiro puseram as &#8220;barbas de molho&#8221;. Pesquisas mostram que a confian\u00e7a do empresariado em rela\u00e7\u00e3o ao futuro da economia brasileira est\u00e1 em baixa, exceto na ind\u00fastria da constru\u00e7\u00e3o. O \u00e2nimo dos consumidores, que vinha melhorando, agora pende mais para a cautela.<br>Um dos principais indicadores, o \u00cdndice de Confian\u00e7a Empresarial (ICE), medido pelo Instituto Brasileiro de Economia da Funda\u00e7\u00e3o Get\u00falio Vargas (Ibre\/FGV), registrou queda em setembro. \u00c9 o quarto m\u00eas consecutivo em uma faixa de confian\u00e7a moderadamente baixa, entre 94 e 95 pontos. Considera-se que h\u00e1 otimismo em rela\u00e7\u00e3o \u00e0 economia quando o \u00edndice supera os 100 pontos. Os resultados s\u00e3o heterog\u00eaneos entre os setores, destaca o superintendente de estat\u00edsticas do Ibre\/FGV, Aloisio Campelo Jr.<\/p>\n\n\n\n<blockquote class=\"wp-block-quote is-layout-flow wp-block-quote-is-layout-flow\"><p><span class=\"has-inline-color has-luminous-vivid-orange-color\">A percep\u00e7\u00e3o atual dos setores de servi\u00e7os e constru\u00e7\u00e3o indica certa resili\u00eancia, enquanto na ind\u00fastria e no com\u00e9rcio as avalia\u00e7\u00f5es sugerem uma fase de desacelera\u00e7\u00e3o\u201d, diz.<\/span><\/p><\/blockquote>\n\n\n\n<div class=\"wp-block-image\"><figure class=\"aligncenter size-large is-resized\"><img loading=\"lazy\" decoding=\"async\" src=\"https:\/\/jornalfatosenoticias.com.br\/wp-content\/uploads\/2022\/10\/Arte-jornal-Zucchi-600x600_Prancheta-1-1024x1024.jpg\" alt=\"\" class=\"wp-image-34782\" width=\"295\" height=\"295\" srcset=\"https:\/\/jornalfatosenoticias.com.br\/wp-content\/uploads\/2022\/10\/Arte-jornal-Zucchi-600x600_Prancheta-1-1024x1024.jpg 1024w, https:\/\/jornalfatosenoticias.com.br\/wp-content\/uploads\/2022\/10\/Arte-jornal-Zucchi-600x600_Prancheta-1-300x300.jpg 300w, https:\/\/jornalfatosenoticias.com.br\/wp-content\/uploads\/2022\/10\/Arte-jornal-Zucchi-600x600_Prancheta-1-150x150.jpg 150w, https:\/\/jornalfatosenoticias.com.br\/wp-content\/uploads\/2022\/10\/Arte-jornal-Zucchi-600x600_Prancheta-1-768x768.jpg 768w, https:\/\/jornalfatosenoticias.com.br\/wp-content\/uploads\/2022\/10\/Arte-jornal-Zucchi-600x600_Prancheta-1.jpg 1250w\" sizes=\"auto, (max-width: 295px) 100vw, 295px\" \/><\/figure><\/div>\n\n\n\n<p>Em setembro, a confian\u00e7a empresarial aumentou apenas entre 21 dos 49 segmentos pesquisados pela FGV. No m\u00eas anterior, o \u00edndice havia subido em 25. Campelo tamb\u00e9m lembra que as expectativas v\u00eam se tornando menos otimistas, exceto na constru\u00e7\u00e3o. O segmento prev\u00ea um volume de neg\u00f3cios favor\u00e1veis para os pr\u00f3ximos meses. Dois fatores que podem estar contribuindo s\u00e3o os programas Minha Casa, Minha Vida e o Novo PAC.<br>Um dos fatores que mais preocupam, na avalia\u00e7\u00e3o do superintendente do Ibre\/FGV, \u00e9 o pessimismo das empresas em um horizonte de seis meses. &#8220;\u00c9 uma vari\u00e1vel que costuma antecipar decis\u00f5es de investimentos e contrata\u00e7\u00f5es nos meses seguintes&#8221;, afirma.<\/p>\n\n\n\n<div class=\"wp-block-image\"><figure class=\"aligncenter size-large is-resized\"><img loading=\"lazy\" decoding=\"async\" src=\"https:\/\/jornalfatosenoticias.com.br\/wp-content\/uploads\/2023\/07\/lacremoda.jpg\" alt=\"\" class=\"wp-image-43706\" width=\"375\" height=\"210\" srcset=\"https:\/\/jornalfatosenoticias.com.br\/wp-content\/uploads\/2023\/07\/lacremoda.jpg 1024w, https:\/\/jornalfatosenoticias.com.br\/wp-content\/uploads\/2023\/07\/lacremoda-300x168.jpg 300w, https:\/\/jornalfatosenoticias.com.br\/wp-content\/uploads\/2023\/07\/lacremoda-768x431.jpg 768w\" sizes=\"auto, (max-width: 375px) 100vw, 375px\" \/><\/figure><\/div>\n\n\n\n<p><strong><span class=\"has-inline-color has-vivid-red-color\">Dificuldades na ind\u00fastria se refletem em falta de confian\u00e7a<br><\/span><\/strong>A confian\u00e7a da ind\u00fastria caiu em setembro pelo terceiro m\u00eas consecutivo, segundo o Ibre\/FGV. \u00c9 um resultado das dificuldades enfrentadas pelo setor ao longo do ano, diz o economista Stefano Pacini. A elevada taxa de juros, o forte endividamento das fam\u00edlias e o alto n\u00edvel de estoques, dada a redu\u00e7\u00e3o da demanda interna principalmente nos segmentos produtores de bens de consumo, v\u00eam limitando o crescimento do setor. Segundo o Instituto Brasileiro de Geografia e Estat\u00edstica (IBGE), nos oito primeiros meses do ano a produ\u00e7\u00e3o industrial ficou praticamente estagnada (queda de 0,1%) em rela\u00e7\u00e3o ao mesmo per\u00edodo de 2022.<\/p>\n\n\n\n<div class=\"wp-block-image\"><figure class=\"aligncenter size-large is-resized\"><img loading=\"lazy\" decoding=\"async\" src=\"https:\/\/jornalfatosenoticias.com.br\/wp-content\/uploads\/2022\/02\/Precisao-Contabilidade-1024x724.jpg\" alt=\"\" class=\"wp-image-28088\" width=\"337\" height=\"238\"\/><\/figure><\/div>\n\n\n\n<p>Outro levantamento, da Confedera\u00e7\u00e3o Nacional da Ind\u00fastria (CNI), mostra que a confian\u00e7a do empres\u00e1rio do setor diminuiu em setembro, interrompendo uma sequ\u00eancia de quatro meses seguidos de alta. Segundo a entidade, os industriais est\u00e3o preocupados com a percep\u00e7\u00e3o de piora das condi\u00e7\u00f5es da economia brasileira e de seu neg\u00f3cio.<br>O otimismo est\u00e1 mais fraco e menos disseminado na ind\u00fastria. No m\u00eas passado, a confian\u00e7a recuou em todos os portes de empresa, em todas as regi\u00f5es e em 21 dos 29 setores pesquisados pela CNI. A situa\u00e7\u00e3o passou da confian\u00e7a para a falta de confian\u00e7a em segmentos como produtos de metal, servi\u00e7os especializados para a constru\u00e7\u00e3o, ve\u00edculos automotores, produtos de material pl\u00e1stico e m\u00f3veis.<\/p>\n\n\n\n<div class=\"wp-block-image\"><figure class=\"aligncenter size-large\"><img loading=\"lazy\" decoding=\"async\" width=\"300\" height=\"250\" src=\"https:\/\/jornalfatosenoticias.com.br\/wp-content\/uploads\/2022\/02\/FERRARI_MAQUINAS-E-FERRAMENTAS2.jpg\" alt=\"\" class=\"wp-image-27860\"\/><\/figure><\/div>\n\n\n\n<p><strong><span class=\"has-inline-color has-vivid-red-color\">Com\u00e9rcio vive momento de cautela com menor confian\u00e7a de consumidor<br><\/span><\/strong>Outra atividade econ\u00f4mica que registrou queda em setembro foi o com\u00e9rcio. A piora, de acordo com o economista Rodolpho Tobler, do Ibre\/FGV, foi tanto nas avalia\u00e7\u00f5es sobre o momento atual quanto nas expectativas em rela\u00e7\u00e3o aos pr\u00f3ximos meses.<\/p>\n\n\n\n<blockquote class=\"wp-block-quote is-layout-flow wp-block-quote-is-layout-flow\"><p><span class=\"has-inline-color has-luminous-vivid-orange-color\">A dificuldade de manter a trajet\u00f3ria positiva dos \u00faltimos meses parece estar relacionada \u00e0 desacelera\u00e7\u00e3o da confian\u00e7a dos consumidores e tamb\u00e9m pelo tempo que o efeito da melhoria das vari\u00e1veis macroecon\u00f4micas, como a redu\u00e7\u00e3o de juros, vai levar para se refletir na atividade do setor\u201d, diz o economista.<\/span><\/p><\/blockquote>\n\n\n\n<div class=\"wp-block-image\"><figure class=\"aligncenter size-large is-resized\"><img loading=\"lazy\" decoding=\"async\" src=\"https:\/\/jornalfatosenoticias.com.br\/wp-content\/uploads\/2023\/08\/BKR-1024x1021.jpg\" alt=\"\" class=\"wp-image-44494\" width=\"333\" height=\"332\" srcset=\"https:\/\/jornalfatosenoticias.com.br\/wp-content\/uploads\/2023\/08\/BKR-1024x1021.jpg 1024w, https:\/\/jornalfatosenoticias.com.br\/wp-content\/uploads\/2023\/08\/BKR-300x300.jpg 300w, https:\/\/jornalfatosenoticias.com.br\/wp-content\/uploads\/2023\/08\/BKR-150x150.jpg 150w, https:\/\/jornalfatosenoticias.com.br\/wp-content\/uploads\/2023\/08\/BKR-768x766.jpg 768w, https:\/\/jornalfatosenoticias.com.br\/wp-content\/uploads\/2023\/08\/BKR.jpg 1080w\" sizes=\"auto, (max-width: 333px) 100vw, 333px\" \/><\/figure><\/div>\n\n\n\n<p>Um cen\u00e1rio parecido \u00e9 detectado por pesquisa da Confedera\u00e7\u00e3o Nacional do Com\u00e9rcio de Bens, Servi\u00e7os e Turismo (CNC). A entidade aponta que, apesar da chegada de datas importantes para o setor, como Dia das Crian\u00e7as, Black Friday e Natal, o cen\u00e1rio ainda \u00e9 de cautela. Muitas empresas est\u00e3o altamente endividadas e, inclusive, inadimplentes, o que limita os investimentos. S\u00f3 quatro em cada dez comerciantes est\u00e3o sentindo melhoria nas vendas, que nos sete primeiros meses do ano cresceram 1,5% sobre igual per\u00edodo de 2022, segundo o IBGE.<\/p>\n\n\n\n<blockquote class=\"wp-block-quote is-layout-flow wp-block-quote-is-layout-flow\"><p><span class=\"has-inline-color has-luminous-vivid-orange-color\">As opera\u00e7\u00f5es dos neg\u00f3cios, de forma geral, ainda sofrem para impulsionar as vendas, principalmente nos segmentos mais dependentes das vendas a prazo\u201d, diz a economista Izis Ferreira, da CNC.<\/span><\/p><\/blockquote>\n\n\n\n<div class=\"wp-block-image\"><figure class=\"aligncenter size-large\"><img loading=\"lazy\" decoding=\"async\" width=\"300\" height=\"300\" src=\"https:\/\/jornalfatosenoticias.com.br\/wp-content\/uploads\/2020\/02\/casa-do-torresmo_portal.jpg\" alt=\"\" class=\"wp-image-34472\" srcset=\"https:\/\/jornalfatosenoticias.com.br\/wp-content\/uploads\/2020\/02\/casa-do-torresmo_portal.jpg 300w, https:\/\/jornalfatosenoticias.com.br\/wp-content\/uploads\/2020\/02\/casa-do-torresmo_portal-150x150.jpg 150w\" sizes=\"auto, (max-width: 300px) 100vw, 300px\" \/><\/figure><\/div>\n\n\n\n<p><strong><span class=\"has-inline-color has-vivid-red-color\">Depois da trajet\u00f3ria de alta, o momento \u00e9 de acomoda\u00e7\u00e3o nos servi\u00e7os<br><\/span><\/strong>A confian\u00e7a no setor de servi\u00e7os caiu em setembro pelo segundo m\u00eas seguido, destaca o Ibre\/FGV. Mas a retra\u00e7\u00e3o pode ser compreendida como um sinal de acomoda\u00e7\u00e3o depois de o setor passar por uma trajet\u00f3ria de alta ao longo do ano, afirma Pacini.<br>Nos sete primeiros meses de 2023, o setor registra um crescimento de 4,5%, mostram dados do IBGE. Servi\u00e7os prestados \u00e0s fam\u00edlias (5,6%) e transportes (5,1%), este motivado pela safra recorde, s\u00e3o as atividades que mostraram maior vigor at\u00e9 julho.<\/p>\n\n\n\n<blockquote class=\"wp-block-quote is-layout-flow wp-block-quote-is-layout-flow\"><p><span class=\"has-inline-color has-luminous-vivid-orange-color\">A situa\u00e7\u00e3o atual \u00e9 de melhores condi\u00e7\u00f5es de neg\u00f3cios em rela\u00e7\u00e3o aos meses anteriores e de manuten\u00e7\u00e3o da demanda que vem sendo recuperada aos poucos, refor\u00e7ando a resili\u00eancia do setor. O grande desafio \u00e9 em rela\u00e7\u00e3o aos pr\u00f3ximos meses. Apesar de sinais positivos no ambiente macroecon\u00f4mico, a maior parte dos segmentos ainda demonstra cautela em suas expectativas\u201d, diz Pacini.<\/span><\/p><\/blockquote>\n\n\n\n<div class=\"wp-block-image\"><figure class=\"aligncenter size-large is-resized\"><img loading=\"lazy\" decoding=\"async\" src=\"https:\/\/jornalfatosenoticias.com.br\/wp-content\/uploads\/2023\/08\/Steel.jpeg\" alt=\"\" class=\"wp-image-44634\" width=\"362\" height=\"294\" srcset=\"https:\/\/jornalfatosenoticias.com.br\/wp-content\/uploads\/2023\/08\/Steel.jpeg 800w, https:\/\/jornalfatosenoticias.com.br\/wp-content\/uploads\/2023\/08\/Steel-300x244.jpeg 300w, https:\/\/jornalfatosenoticias.com.br\/wp-content\/uploads\/2023\/08\/Steel-768x624.jpeg 768w\" sizes=\"auto, (max-width: 362px) 100vw, 362px\" \/><\/figure><\/div>\n\n\n\n<p>Ele avalia que, para as datas de fim de ano, a perspectiva de melhora dos aspectos macroecon\u00f4micos pode ter impacto positivo em parte do setor, especialmente nos servi\u00e7os prestados \u00e0s fam\u00edlias.<\/p>\n\n\n\n<p><strong><span class=\"has-inline-color has-vivid-red-color\">Constru\u00e7\u00e3o: mais otimista, por\u00e9m enfrenta desafios<br><\/span><\/strong>A constru\u00e7\u00e3o \u00e9 o \u00fanico dos setores de atividade econ\u00f4mica a registrar aumento na confian\u00e7a empresarial, de acordo com o Ibre\/FGV. Setembro registrou a terceira expans\u00e3o seguida e marcou o maior n\u00edvel em 11 meses. O avan\u00e7o nos \u00faltimos meses n\u00e3o vem ocorrendo de maneira uniforme, destaca a coordenadora de projetos de constru\u00e7\u00e3o do instituto, Ana Maria Castelo. \u201cEm setembro, foram as empresas do mercado imobili\u00e1rio que se mostraram menos confiantes em rela\u00e7\u00e3o \u00e0 situa\u00e7\u00e3o dos neg\u00f3cios correntes e dos pr\u00f3ximos meses\u201d, destaca.<br>Dois fatores que pesam, segundo ela, s\u00e3o a falta de m\u00e3o de obra qualificada e o acesso ao cr\u00e9dito. Isso ocorre mesmo diante de uma percep\u00e7\u00e3o mais positiva em rela\u00e7\u00e3o \u00e0 demanda futura. Castelo destaca que a atividade no segmento industrial seguiu crescendo, com o indicador superando o patamar da neutralidade, o que refor\u00e7a a preocupa\u00e7\u00e3o com a falta de trabalhadores.<\/p>\n\n\n\n<div class=\"wp-block-image\"><figure class=\"aligncenter size-large is-resized\"><img loading=\"lazy\" decoding=\"async\" src=\"https:\/\/jornalfatosenoticias.com.br\/wp-content\/uploads\/2022\/10\/RC_800x750_page-0001.jpg\" alt=\"\" class=\"wp-image-35338\" width=\"290\" height=\"272\" srcset=\"https:\/\/jornalfatosenoticias.com.br\/wp-content\/uploads\/2022\/10\/RC_800x750_page-0001.jpg 400w, https:\/\/jornalfatosenoticias.com.br\/wp-content\/uploads\/2022\/10\/RC_800x750_page-0001-300x281.jpg 300w\" sizes=\"auto, (max-width: 290px) 100vw, 290px\" \/><\/figure><\/div>\n\n\n\n<p>Outro sinal de alerta vem de levantamento conjunto feito pela CNI e pela C\u00e2mara Brasileira da Ind\u00fastria da Constru\u00e7\u00e3o (CBIC). A sondagem setorial realizada pela entidade mostra que as expectativas para os pr\u00f3ximos seis meses s\u00e3o positivas, mas o otimismo e a confian\u00e7a v\u00eam perdendo for\u00e7a. A inten\u00e7\u00e3o de investimento tamb\u00e9m diminuiu em setembro.<\/p>\n\n\n\n<p><strong><span class=\"has-inline-color has-vivid-red-color\">Mercado financeiro tamb\u00e9m tem menos confian\u00e7a na economia<br><\/span><\/strong>N\u00e3o \u00e9 s\u00f3 no setor produtivo que as &#8220;barbas est\u00e3o sendo colocadas de molho&#8221;. \u00c9 uma realidade tamb\u00e9m no mercado financeiro. Pesquisa divulgada no dia 18 pela Genial Investimentos, em parceria com a Quaest, mostra que as avalia\u00e7\u00f5es positivas de Luiz In\u00e1cio Lula da Silva (PT) e do ministro da Fazenda, Fernando Haddad, ca\u00edram entre julho e setembro.<\/p>\n\n\n\n<blockquote class=\"wp-block-quote is-layout-flow wp-block-quote-is-layout-flow\"><p>As sinaliza\u00e7\u00f5es em rela\u00e7\u00e3o \u00e0 pol\u00edtica econ\u00f4mica voltaram a piorar: 72% dos entrevistados consideram que ela est\u00e1 indo na dire\u00e7\u00e3o errada, ante 53% em julho.<\/p><\/blockquote>\n\n\n\n<div class=\"wp-block-image\"><figure class=\"aligncenter size-large is-resized\"><img loading=\"lazy\" decoding=\"async\" src=\"https:\/\/jornalfatosenoticias.com.br\/wp-content\/uploads\/2020\/02\/CONTROL-CS.jpg\" alt=\"\" class=\"wp-image-44991\" width=\"340\" height=\"407\" srcset=\"https:\/\/jornalfatosenoticias.com.br\/wp-content\/uploads\/2020\/02\/CONTROL-CS.jpg 834w, https:\/\/jornalfatosenoticias.com.br\/wp-content\/uploads\/2020\/02\/CONTROL-CS-250x300.jpg 250w, https:\/\/jornalfatosenoticias.com.br\/wp-content\/uploads\/2020\/02\/CONTROL-CS-768x921.jpg 768w\" sizes=\"auto, (max-width: 340px) 100vw, 340px\" \/><\/figure><\/div>\n\n\n\n<p>O principal dificultador \u00e9 uma pol\u00edtica fiscal que funcione. O mercado n\u00e3o acredita na meta do governo de d\u00e9ficit zero em 2024. A mediana das proje\u00e7\u00f5es no relat\u00f3rio Focus, do BC, est\u00e1 em saldo negativo de 0,75% do PIB.<\/p>\n\n\n\n<p><strong><span class=\"has-inline-color has-vivid-red-color\">Consumidores: sinais de mais cautela no ar<br><\/span><\/strong>O ritmo de melhoria na confian\u00e7a dos consumidores perdeu for\u00e7a em setembro, aponta o Ibre\/FGV. Segundo a analista Anna Carolina Gouveia, fatores positivos em rela\u00e7\u00e3o \u00e0 economia ainda prevalecem, mas h\u00e1 um cen\u00e1rio desafiador para o consumidor, marcado por juros, n\u00edvel de endividamento e inadimpl\u00eancia elevados.<br>Outra pesquisa mensal, feita pela Ipsos, mostra que a confian\u00e7a do consumidor apresentou, em setembro, a segunda retra\u00e7\u00e3o consecutiva.<\/p>\n\n\n\n<div class=\"wp-block-image\"><figure class=\"aligncenter size-large\"><img decoding=\"async\" src=\"https:\/\/jornalfatosenoticias.com.br\/wp-content\/uploads\/2020\/02\/logo_esteio.jpg\" alt=\"\" class=\"wp-image-1214\"\/><\/figure><\/div>\n\n\n\n<blockquote class=\"wp-block-quote is-layout-flow wp-block-quote-is-layout-flow\"><p><span class=\"has-inline-color has-luminous-vivid-orange-color\">As quedas recentes podem refletir a preocupa\u00e7\u00e3o de como os consumidores enxergam o cen\u00e1rio atual e sugerem que o per\u00edodo de lua de mel com o novo governo pode estar perto do fim\u201d, destaca Marcos Calliari, CEO da Ipsos no Brasil.<\/span><\/p><\/blockquote>\n\n\n\n<p><strong><span class=\"has-inline-color has-vivid-red-color\">Guerra no Oriente M\u00e9dio pode aumentar falta de confian\u00e7a<br><\/span><\/strong>Um novo componente pode refor\u00e7ar a perda de confian\u00e7a entre os agentes econ\u00f4micos: a guerra no Oriente M\u00e9dio, ap\u00f3s os ataques do grupo terrorista Hamas a Israel, no \u00faltimo s\u00e1bado (7). Analistas ouvidos pela Gazeta do Povo apontam que, se o conflito se espalhar, o petr\u00f3leo pode aumentar de pre\u00e7o, pressionando ainda mais a infla\u00e7\u00e3o.<\/p>\n\n\n\n<div class=\"wp-block-image\"><figure class=\"aligncenter size-large is-resized\"><img loading=\"lazy\" decoding=\"async\" src=\"https:\/\/jornalfatosenoticias.com.br\/wp-content\/uploads\/2023\/08\/VSM-Group.jpeg\" alt=\"\" class=\"wp-image-44364\" width=\"259\" height=\"259\"\/><\/figure><\/div>\n\n\n\n<p>\u201cEm momentos de estresse, como este, h\u00e1 uma fuga dos investidores em dire\u00e7\u00e3o a ativos mais confi\u00e1veis, como o ouro e os t\u00edtulos do Tesouro americano\u201d, diz o economista-chefe da Suno Research, Gustavo Sung. Uma eventual fuga de capitais jogaria para cima a cota\u00e7\u00e3o do d\u00f3lar, com o prov\u00e1vel efeito de aumentar a infla\u00e7\u00e3o por aqui.<br>Outro agravante, de acordo com William Castro Alves, estrategista-chefe da Avenue, \u00e9 que uma alta mais forte do petr\u00f3leo tende a tirar tra\u00e7\u00e3o da economia mundial \u2014 o que afetaria, por exemplo, as vendas de commodities.<\/p>\n\n\n\n<div class=\"wp-block-image\"><figure class=\"aligncenter size-large is-resized\"><img loading=\"lazy\" decoding=\"async\" src=\"https:\/\/jornalfatosenoticias.com.br\/wp-content\/uploads\/2023\/03\/logo-Panper_portal.jpg\" alt=\"\" class=\"wp-image-40208\" width=\"286\" height=\"198\" srcset=\"https:\/\/jornalfatosenoticias.com.br\/wp-content\/uploads\/2023\/03\/logo-Panper_portal.jpg 400w, https:\/\/jornalfatosenoticias.com.br\/wp-content\/uploads\/2023\/03\/logo-Panper_portal-300x208.jpg 300w\" sizes=\"auto, (max-width: 286px) 100vw, 286px\" \/><\/figure><\/div>\n\n\n\n<blockquote class=\"wp-block-quote is-layout-flow wp-block-quote-is-layout-flow\"><p><span class=\"has-inline-color has-luminous-vivid-orange-color\">Isso \u00e9 ruim para pa\u00edses produtores, como o Brasil\u201d, diz. Um menor crescimento da economia mundial faz com que a demanda de insumos b\u00e1sicos e mat\u00e9rias-primas seja menor.<\/span><\/p><\/blockquote>\n\n\n\n<p><strong><em>Fonte: <a href=\"https:\/\/www.gazetadopovo.com.br\/economia\/confianca-economia-queda-empresas-mercado-financeiro\/\">Gazeta do Povo<\/a><\/em><\/strong><\/p>\n","protected":false},"excerpt":{"rendered":"<p>Avalia\u00e7\u00f5es do mercado em rela\u00e7\u00e3o a Lula e ao ministro Fernando Haddad pioraram nos \u00faltimos meses Por Vandr\u00e9 Kramer Empresas e mercado financeiro puseram as &#8220;barbas de molho&#8221;. Pesquisas mostram que a confian\u00e7a do empresariado em rela\u00e7\u00e3o ao futuro da economia brasileira est\u00e1 em baixa, exceto na ind\u00fastria da constru\u00e7\u00e3o. O \u00e2nimo dos consumidores, que [&hellip;]<\/p>\n","protected":false},"author":2,"featured_media":45942,"comment_status":"open","ping_status":"open","sticky":false,"template":"","format":"standard","meta":{"footnotes":""},"categories":[9],"tags":[597,1211,3155,240,18155,15925,21644,7580,1168],"class_list":["post-45941","post","type-post","status-publish","format-standard","has-post-thumbnail","hentry","category-economia","tag-brasil","tag-confianca","tag-crise-economica","tag-economia","tag-fernando-haddad","tag-fundacao-getulio-vargas","tag-indicadores-economicos","tag-lula","tag-mercado-financeiro"],"yoast_head":"<!-- This site is optimized with the Yoast SEO plugin v26.5 - https:\/\/yoast.com\/wordpress\/plugins\/seo\/ -->\n<title>Empresas e mercado financeiro est\u00e3o menos confiantes na economia - Jornal Fatos e Not\u00edcias<\/title>\n<meta name=\"robots\" content=\"index, follow, max-snippet:-1, max-image-preview:large, max-video-preview:-1\" \/>\n<link rel=\"canonical\" href=\"https:\/\/jornalfatosenoticias.com.br\/index.php\/2023\/10\/11\/empresas-e-mercado-financeiro-estao-menos-confiantes-na-economia\/\" \/>\n<meta property=\"og:locale\" content=\"pt_BR\" \/>\n<meta property=\"og:type\" content=\"article\" \/>\n<meta property=\"og:title\" content=\"Empresas e mercado financeiro est\u00e3o menos confiantes na economia - Jornal Fatos e Not\u00edcias\" \/>\n<meta property=\"og:description\" content=\"Avalia\u00e7\u00f5es do mercado em rela\u00e7\u00e3o a Lula e ao ministro Fernando Haddad pioraram nos \u00faltimos meses Por Vandr\u00e9 Kramer Empresas e mercado financeiro puseram as &#8220;barbas de molho&#8221;. Pesquisas mostram que a confian\u00e7a do empresariado em rela\u00e7\u00e3o ao futuro da economia brasileira est\u00e1 em baixa, exceto na ind\u00fastria da constru\u00e7\u00e3o. O \u00e2nimo dos consumidores, que [&hellip;]\" \/>\n<meta property=\"og:url\" content=\"https:\/\/jornalfatosenoticias.com.br\/index.php\/2023\/10\/11\/empresas-e-mercado-financeiro-estao-menos-confiantes-na-economia\/\" \/>\n<meta property=\"og:site_name\" content=\"Jornal Fatos e Not\u00edcias\" \/>\n<meta property=\"article:published_time\" content=\"2023-10-11T16:41:30+00:00\" \/>\n<meta property=\"og:image\" content=\"https:\/\/jornalfatosenoticias.com.br\/wp-content\/uploads\/2023\/10\/fiasco-Lula-economia.jpg\" \/>\n\t<meta property=\"og:image:width\" content=\"960\" \/>\n\t<meta property=\"og:image:height\" content=\"540\" \/>\n\t<meta property=\"og:image:type\" content=\"image\/jpeg\" \/>\n<meta name=\"author\" content=\"Luzimara Fernandes\" \/>\n<meta name=\"twitter:card\" content=\"summary_large_image\" \/>\n<meta name=\"twitter:label1\" content=\"Escrito por\" \/>\n\t<meta name=\"twitter:data1\" content=\"Luzimara Fernandes\" \/>\n\t<meta name=\"twitter:label2\" content=\"Est. tempo de leitura\" \/>\n\t<meta name=\"twitter:data2\" content=\"8 minutos\" \/>\n<script type=\"application\/ld+json\" class=\"yoast-schema-graph\">{\"@context\":\"https:\/\/schema.org\",\"@graph\":[{\"@type\":\"Article\",\"@id\":\"https:\/\/jornalfatosenoticias.com.br\/index.php\/2023\/10\/11\/empresas-e-mercado-financeiro-estao-menos-confiantes-na-economia\/#article\",\"isPartOf\":{\"@id\":\"https:\/\/jornalfatosenoticias.com.br\/index.php\/2023\/10\/11\/empresas-e-mercado-financeiro-estao-menos-confiantes-na-economia\/\"},\"author\":{\"name\":\"Luzimara Fernandes\",\"@id\":\"https:\/\/jornalfatosenoticias.com.br\/#\/schema\/person\/d63837fa13ac8666eb9e74e0985d6f81\"},\"headline\":\"Empresas e mercado financeiro est\u00e3o menos confiantes na economia\",\"datePublished\":\"2023-10-11T16:41:30+00:00\",\"mainEntityOfPage\":{\"@id\":\"https:\/\/jornalfatosenoticias.com.br\/index.php\/2023\/10\/11\/empresas-e-mercado-financeiro-estao-menos-confiantes-na-economia\/\"},\"wordCount\":1695,\"commentCount\":0,\"publisher\":{\"@id\":\"https:\/\/jornalfatosenoticias.com.br\/#organization\"},\"image\":{\"@id\":\"https:\/\/jornalfatosenoticias.com.br\/index.php\/2023\/10\/11\/empresas-e-mercado-financeiro-estao-menos-confiantes-na-economia\/#primaryimage\"},\"thumbnailUrl\":\"https:\/\/jornalfatosenoticias.com.br\/wp-content\/uploads\/2023\/10\/fiasco-Lula-economia.jpg\",\"keywords\":[\"Brasil\",\"confian\u00e7a\",\"crise econ\u00f4mica\",\"economia\",\"Fernando Haddad\",\"Funda\u00e7\u00e3o Get\u00falio Vargas\",\"indicadores econ\u00f4micos\",\"Lula\",\"mercado financeiro\"],\"articleSection\":[\"Economia\"],\"inLanguage\":\"pt-BR\",\"potentialAction\":[{\"@type\":\"CommentAction\",\"name\":\"Comment\",\"target\":[\"https:\/\/jornalfatosenoticias.com.br\/index.php\/2023\/10\/11\/empresas-e-mercado-financeiro-estao-menos-confiantes-na-economia\/#respond\"]}]},{\"@type\":\"WebPage\",\"@id\":\"https:\/\/jornalfatosenoticias.com.br\/index.php\/2023\/10\/11\/empresas-e-mercado-financeiro-estao-menos-confiantes-na-economia\/\",\"url\":\"https:\/\/jornalfatosenoticias.com.br\/index.php\/2023\/10\/11\/empresas-e-mercado-financeiro-estao-menos-confiantes-na-economia\/\",\"name\":\"Empresas e mercado financeiro est\u00e3o menos confiantes na economia - Jornal Fatos e Not\u00edcias\",\"isPartOf\":{\"@id\":\"https:\/\/jornalfatosenoticias.com.br\/#website\"},\"primaryImageOfPage\":{\"@id\":\"https:\/\/jornalfatosenoticias.com.br\/index.php\/2023\/10\/11\/empresas-e-mercado-financeiro-estao-menos-confiantes-na-economia\/#primaryimage\"},\"image\":{\"@id\":\"https:\/\/jornalfatosenoticias.com.br\/index.php\/2023\/10\/11\/empresas-e-mercado-financeiro-estao-menos-confiantes-na-economia\/#primaryimage\"},\"thumbnailUrl\":\"https:\/\/jornalfatosenoticias.com.br\/wp-content\/uploads\/2023\/10\/fiasco-Lula-economia.jpg\",\"datePublished\":\"2023-10-11T16:41:30+00:00\",\"breadcrumb\":{\"@id\":\"https:\/\/jornalfatosenoticias.com.br\/index.php\/2023\/10\/11\/empresas-e-mercado-financeiro-estao-menos-confiantes-na-economia\/#breadcrumb\"},\"inLanguage\":\"pt-BR\",\"potentialAction\":[{\"@type\":\"ReadAction\",\"target\":[\"https:\/\/jornalfatosenoticias.com.br\/index.php\/2023\/10\/11\/empresas-e-mercado-financeiro-estao-menos-confiantes-na-economia\/\"]}]},{\"@type\":\"ImageObject\",\"inLanguage\":\"pt-BR\",\"@id\":\"https:\/\/jornalfatosenoticias.com.br\/index.php\/2023\/10\/11\/empresas-e-mercado-financeiro-estao-menos-confiantes-na-economia\/#primaryimage\",\"url\":\"https:\/\/jornalfatosenoticias.com.br\/wp-content\/uploads\/2023\/10\/fiasco-Lula-economia.jpg\",\"contentUrl\":\"https:\/\/jornalfatosenoticias.com.br\/wp-content\/uploads\/2023\/10\/fiasco-Lula-economia.jpg\",\"width\":960,\"height\":540},{\"@type\":\"BreadcrumbList\",\"@id\":\"https:\/\/jornalfatosenoticias.com.br\/index.php\/2023\/10\/11\/empresas-e-mercado-financeiro-estao-menos-confiantes-na-economia\/#breadcrumb\",\"itemListElement\":[{\"@type\":\"ListItem\",\"position\":1,\"name\":\"In\u00edcio\",\"item\":\"https:\/\/jornalfatosenoticias.com.br\/\"},{\"@type\":\"ListItem\",\"position\":2,\"name\":\"Empresas e mercado financeiro est\u00e3o menos confiantes na economia\"}]},{\"@type\":\"WebSite\",\"@id\":\"https:\/\/jornalfatosenoticias.com.br\/#website\",\"url\":\"https:\/\/jornalfatosenoticias.com.br\/\",\"name\":\"Jornal Fatos e Not\u00edcias\",\"description\":\"Not\u00edcias em geral\",\"publisher\":{\"@id\":\"https:\/\/jornalfatosenoticias.com.br\/#organization\"},\"potentialAction\":[{\"@type\":\"SearchAction\",\"target\":{\"@type\":\"EntryPoint\",\"urlTemplate\":\"https:\/\/jornalfatosenoticias.com.br\/?s={search_term_string}\"},\"query-input\":{\"@type\":\"PropertyValueSpecification\",\"valueRequired\":true,\"valueName\":\"search_term_string\"}}],\"inLanguage\":\"pt-BR\"},{\"@type\":\"Organization\",\"@id\":\"https:\/\/jornalfatosenoticias.com.br\/#organization\",\"name\":\"Jornal Fatos e Not\u00edcias\",\"url\":\"https:\/\/jornalfatosenoticias.com.br\/\",\"logo\":{\"@type\":\"ImageObject\",\"inLanguage\":\"pt-BR\",\"@id\":\"https:\/\/jornalfatosenoticias.com.br\/#\/schema\/logo\/image\/\",\"url\":\"https:\/\/jornalfatosenoticias.com.br\/wp-content\/uploads\/2020\/02\/logo120.png\",\"contentUrl\":\"https:\/\/jornalfatosenoticias.com.br\/wp-content\/uploads\/2020\/02\/logo120.png\",\"width\":1227,\"height\":120,\"caption\":\"Jornal Fatos e Not\u00edcias\"},\"image\":{\"@id\":\"https:\/\/jornalfatosenoticias.com.br\/#\/schema\/logo\/image\/\"}},{\"@type\":\"Person\",\"@id\":\"https:\/\/jornalfatosenoticias.com.br\/#\/schema\/person\/d63837fa13ac8666eb9e74e0985d6f81\",\"name\":\"Luzimara Fernandes\",\"image\":{\"@type\":\"ImageObject\",\"inLanguage\":\"pt-BR\",\"@id\":\"https:\/\/jornalfatosenoticias.com.br\/#\/schema\/person\/image\/\",\"url\":\"https:\/\/jornalfatosenoticias.com.br\/wp-content\/uploads\/2025\/05\/EU_portal.jpg\",\"contentUrl\":\"https:\/\/jornalfatosenoticias.com.br\/wp-content\/uploads\/2025\/05\/EU_portal.jpg\",\"caption\":\"Luzimara Fernandes\"},\"description\":\"Jornalista MTB 2358-ES\",\"sameAs\":[\"https:\/\/jornalfatosenoticias.com.br\"],\"url\":\"https:\/\/jornalfatosenoticias.com.br\/index.php\/author\/luzimara\/\"}]}<\/script>\n<!-- \/ Yoast SEO plugin. -->","yoast_head_json":{"title":"Empresas e mercado financeiro est\u00e3o menos confiantes na economia - Jornal Fatos e Not\u00edcias","robots":{"index":"index","follow":"follow","max-snippet":"max-snippet:-1","max-image-preview":"max-image-preview:large","max-video-preview":"max-video-preview:-1"},"canonical":"https:\/\/jornalfatosenoticias.com.br\/index.php\/2023\/10\/11\/empresas-e-mercado-financeiro-estao-menos-confiantes-na-economia\/","og_locale":"pt_BR","og_type":"article","og_title":"Empresas e mercado financeiro est\u00e3o menos confiantes na economia - Jornal Fatos e Not\u00edcias","og_description":"Avalia\u00e7\u00f5es do mercado em rela\u00e7\u00e3o a Lula e ao ministro Fernando Haddad pioraram nos \u00faltimos meses Por Vandr\u00e9 Kramer Empresas e mercado financeiro puseram as &#8220;barbas de molho&#8221;. Pesquisas mostram que a confian\u00e7a do empresariado em rela\u00e7\u00e3o ao futuro da economia brasileira est\u00e1 em baixa, exceto na ind\u00fastria da constru\u00e7\u00e3o. O \u00e2nimo dos consumidores, que [&hellip;]","og_url":"https:\/\/jornalfatosenoticias.com.br\/index.php\/2023\/10\/11\/empresas-e-mercado-financeiro-estao-menos-confiantes-na-economia\/","og_site_name":"Jornal Fatos e Not\u00edcias","article_published_time":"2023-10-11T16:41:30+00:00","og_image":[{"width":960,"height":540,"url":"https:\/\/jornalfatosenoticias.com.br\/wp-content\/uploads\/2023\/10\/fiasco-Lula-economia.jpg","type":"image\/jpeg"}],"author":"Luzimara Fernandes","twitter_card":"summary_large_image","twitter_misc":{"Escrito por":"Luzimara Fernandes","Est. tempo de leitura":"8 minutos"},"schema":{"@context":"https:\/\/schema.org","@graph":[{"@type":"Article","@id":"https:\/\/jornalfatosenoticias.com.br\/index.php\/2023\/10\/11\/empresas-e-mercado-financeiro-estao-menos-confiantes-na-economia\/#article","isPartOf":{"@id":"https:\/\/jornalfatosenoticias.com.br\/index.php\/2023\/10\/11\/empresas-e-mercado-financeiro-estao-menos-confiantes-na-economia\/"},"author":{"name":"Luzimara Fernandes","@id":"https:\/\/jornalfatosenoticias.com.br\/#\/schema\/person\/d63837fa13ac8666eb9e74e0985d6f81"},"headline":"Empresas e mercado financeiro est\u00e3o menos confiantes na economia","datePublished":"2023-10-11T16:41:30+00:00","mainEntityOfPage":{"@id":"https:\/\/jornalfatosenoticias.com.br\/index.php\/2023\/10\/11\/empresas-e-mercado-financeiro-estao-menos-confiantes-na-economia\/"},"wordCount":1695,"commentCount":0,"publisher":{"@id":"https:\/\/jornalfatosenoticias.com.br\/#organization"},"image":{"@id":"https:\/\/jornalfatosenoticias.com.br\/index.php\/2023\/10\/11\/empresas-e-mercado-financeiro-estao-menos-confiantes-na-economia\/#primaryimage"},"thumbnailUrl":"https:\/\/jornalfatosenoticias.com.br\/wp-content\/uploads\/2023\/10\/fiasco-Lula-economia.jpg","keywords":["Brasil","confian\u00e7a","crise econ\u00f4mica","economia","Fernando Haddad","Funda\u00e7\u00e3o Get\u00falio Vargas","indicadores econ\u00f4micos","Lula","mercado financeiro"],"articleSection":["Economia"],"inLanguage":"pt-BR","potentialAction":[{"@type":"CommentAction","name":"Comment","target":["https:\/\/jornalfatosenoticias.com.br\/index.php\/2023\/10\/11\/empresas-e-mercado-financeiro-estao-menos-confiantes-na-economia\/#respond"]}]},{"@type":"WebPage","@id":"https:\/\/jornalfatosenoticias.com.br\/index.php\/2023\/10\/11\/empresas-e-mercado-financeiro-estao-menos-confiantes-na-economia\/","url":"https:\/\/jornalfatosenoticias.com.br\/index.php\/2023\/10\/11\/empresas-e-mercado-financeiro-estao-menos-confiantes-na-economia\/","name":"Empresas e mercado financeiro est\u00e3o menos confiantes na economia - Jornal Fatos e Not\u00edcias","isPartOf":{"@id":"https:\/\/jornalfatosenoticias.com.br\/#website"},"primaryImageOfPage":{"@id":"https:\/\/jornalfatosenoticias.com.br\/index.php\/2023\/10\/11\/empresas-e-mercado-financeiro-estao-menos-confiantes-na-economia\/#primaryimage"},"image":{"@id":"https:\/\/jornalfatosenoticias.com.br\/index.php\/2023\/10\/11\/empresas-e-mercado-financeiro-estao-menos-confiantes-na-economia\/#primaryimage"},"thumbnailUrl":"https:\/\/jornalfatosenoticias.com.br\/wp-content\/uploads\/2023\/10\/fiasco-Lula-economia.jpg","datePublished":"2023-10-11T16:41:30+00:00","breadcrumb":{"@id":"https:\/\/jornalfatosenoticias.com.br\/index.php\/2023\/10\/11\/empresas-e-mercado-financeiro-estao-menos-confiantes-na-economia\/#breadcrumb"},"inLanguage":"pt-BR","potentialAction":[{"@type":"ReadAction","target":["https:\/\/jornalfatosenoticias.com.br\/index.php\/2023\/10\/11\/empresas-e-mercado-financeiro-estao-menos-confiantes-na-economia\/"]}]},{"@type":"ImageObject","inLanguage":"pt-BR","@id":"https:\/\/jornalfatosenoticias.com.br\/index.php\/2023\/10\/11\/empresas-e-mercado-financeiro-estao-menos-confiantes-na-economia\/#primaryimage","url":"https:\/\/jornalfatosenoticias.com.br\/wp-content\/uploads\/2023\/10\/fiasco-Lula-economia.jpg","contentUrl":"https:\/\/jornalfatosenoticias.com.br\/wp-content\/uploads\/2023\/10\/fiasco-Lula-economia.jpg","width":960,"height":540},{"@type":"BreadcrumbList","@id":"https:\/\/jornalfatosenoticias.com.br\/index.php\/2023\/10\/11\/empresas-e-mercado-financeiro-estao-menos-confiantes-na-economia\/#breadcrumb","itemListElement":[{"@type":"ListItem","position":1,"name":"In\u00edcio","item":"https:\/\/jornalfatosenoticias.com.br\/"},{"@type":"ListItem","position":2,"name":"Empresas e mercado financeiro est\u00e3o menos confiantes na economia"}]},{"@type":"WebSite","@id":"https:\/\/jornalfatosenoticias.com.br\/#website","url":"https:\/\/jornalfatosenoticias.com.br\/","name":"Jornal Fatos e Not\u00edcias","description":"Not\u00edcias em geral","publisher":{"@id":"https:\/\/jornalfatosenoticias.com.br\/#organization"},"potentialAction":[{"@type":"SearchAction","target":{"@type":"EntryPoint","urlTemplate":"https:\/\/jornalfatosenoticias.com.br\/?s={search_term_string}"},"query-input":{"@type":"PropertyValueSpecification","valueRequired":true,"valueName":"search_term_string"}}],"inLanguage":"pt-BR"},{"@type":"Organization","@id":"https:\/\/jornalfatosenoticias.com.br\/#organization","name":"Jornal Fatos e Not\u00edcias","url":"https:\/\/jornalfatosenoticias.com.br\/","logo":{"@type":"ImageObject","inLanguage":"pt-BR","@id":"https:\/\/jornalfatosenoticias.com.br\/#\/schema\/logo\/image\/","url":"https:\/\/jornalfatosenoticias.com.br\/wp-content\/uploads\/2020\/02\/logo120.png","contentUrl":"https:\/\/jornalfatosenoticias.com.br\/wp-content\/uploads\/2020\/02\/logo120.png","width":1227,"height":120,"caption":"Jornal Fatos e Not\u00edcias"},"image":{"@id":"https:\/\/jornalfatosenoticias.com.br\/#\/schema\/logo\/image\/"}},{"@type":"Person","@id":"https:\/\/jornalfatosenoticias.com.br\/#\/schema\/person\/d63837fa13ac8666eb9e74e0985d6f81","name":"Luzimara Fernandes","image":{"@type":"ImageObject","inLanguage":"pt-BR","@id":"https:\/\/jornalfatosenoticias.com.br\/#\/schema\/person\/image\/","url":"https:\/\/jornalfatosenoticias.com.br\/wp-content\/uploads\/2025\/05\/EU_portal.jpg","contentUrl":"https:\/\/jornalfatosenoticias.com.br\/wp-content\/uploads\/2025\/05\/EU_portal.jpg","caption":"Luzimara Fernandes"},"description":"Jornalista MTB 2358-ES","sameAs":["https:\/\/jornalfatosenoticias.com.br"],"url":"https:\/\/jornalfatosenoticias.com.br\/index.php\/author\/luzimara\/"}]}},"cc_featured_image_caption":{"caption_text":"(Foto: Reprodu\u00e7\u00e3o\/Gazeta do Povo)","source_text":"","source_url":""},"jetpack_featured_media_url":"https:\/\/jornalfatosenoticias.com.br\/wp-content\/uploads\/2023\/10\/fiasco-Lula-economia.jpg","_links":{"self":[{"href":"https:\/\/jornalfatosenoticias.com.br\/index.php\/wp-json\/wp\/v2\/posts\/45941","targetHints":{"allow":["GET"]}}],"collection":[{"href":"https:\/\/jornalfatosenoticias.com.br\/index.php\/wp-json\/wp\/v2\/posts"}],"about":[{"href":"https:\/\/jornalfatosenoticias.com.br\/index.php\/wp-json\/wp\/v2\/types\/post"}],"author":[{"embeddable":true,"href":"https:\/\/jornalfatosenoticias.com.br\/index.php\/wp-json\/wp\/v2\/users\/2"}],"replies":[{"embeddable":true,"href":"https:\/\/jornalfatosenoticias.com.br\/index.php\/wp-json\/wp\/v2\/comments?post=45941"}],"version-history":[{"count":0,"href":"https:\/\/jornalfatosenoticias.com.br\/index.php\/wp-json\/wp\/v2\/posts\/45941\/revisions"}],"wp:featuredmedia":[{"embeddable":true,"href":"https:\/\/jornalfatosenoticias.com.br\/index.php\/wp-json\/wp\/v2\/media\/45942"}],"wp:attachment":[{"href":"https:\/\/jornalfatosenoticias.com.br\/index.php\/wp-json\/wp\/v2\/media?parent=45941"}],"wp:term":[{"taxonomy":"category","embeddable":true,"href":"https:\/\/jornalfatosenoticias.com.br\/index.php\/wp-json\/wp\/v2\/categories?post=45941"},{"taxonomy":"post_tag","embeddable":true,"href":"https:\/\/jornalfatosenoticias.com.br\/index.php\/wp-json\/wp\/v2\/tags?post=45941"}],"curies":[{"name":"wp","href":"https:\/\/api.w.org\/{rel}","templated":true}]}}