{"id":45963,"date":"2023-10-12T08:44:25","date_gmt":"2023-10-12T11:44:25","guid":{"rendered":"https:\/\/jornalfatosenoticias.com.br\/?p=45963"},"modified":"2023-10-12T08:44:26","modified_gmt":"2023-10-12T11:44:26","slug":"arquiteta-brasileira-visita-marmomac-2023-apos-vitoria-no-desafio-natural-stone","status":"publish","type":"post","link":"https:\/\/jornalfatosenoticias.com.br\/index.php\/2023\/10\/12\/arquiteta-brasileira-visita-marmomac-2023-apos-vitoria-no-desafio-natural-stone\/","title":{"rendered":"Arquiteta brasileira visita Marmomac 2023 ap\u00f3s vit\u00f3ria no Desafio Natural Stone"},"content":{"rendered":"\n<div class=\"wp-block-image\"><figure class=\"aligncenter size-large\"><img loading=\"lazy\" decoding=\"async\" width=\"729\" height=\"90\" src=\"https:\/\/jornalfatosenoticias.com.br\/wp-content\/uploads\/2020\/02\/Logo_Mizu.png\" alt=\"\" class=\"wp-image-1441\" srcset=\"https:\/\/jornalfatosenoticias.com.br\/wp-content\/uploads\/2020\/02\/Logo_Mizu.png 729w, https:\/\/jornalfatosenoticias.com.br\/wp-content\/uploads\/2020\/02\/Logo_Mizu-300x37.png 300w\" sizes=\"auto, (max-width: 729px) 100vw, 729px\" \/><\/figure><\/div>\n\n\n\n<p>Camilla Eleodoro, vencedora do Desafio Natural Stone \u2014 1\u00ba Pr\u00eamio Acad\u00eamico Brasileiro de Arquitetura, est\u00e1 de volta ao Brasil ap\u00f3s viagem \u00e0 It\u00e1lia, a qual deixar\u00e1 uma marca profunda em sua carreira. A conquista do primeiro lugar na competi\u00e7\u00e3o nacional lhe rendeu a oportunidade de conhecer a Marmomac 2023, principal feira internacional do setor de rochas ornamentais, que ocorreu em Verona, na It\u00e1lia, de 26 a 29 de setembro.<br>Rec\u00e9m-formada em Arquitetura, ela desbancou v\u00e1rios concorrentes na competi\u00e7\u00e3o organizada pelo Centro Brasileiro dos Exportadores de Rochas Ornamentais (Centrorochas), World Natural Stone Association (Wonasa) e Vitoria Stone Fair, realizada entre o segundo semestre de 2022 e o in\u00edcio deste ano. Camilla projetou um Centro de Apoio \u00e0 Sa\u00fade Mental, no qual incorporou o uso de rochas naturais para ressaltar a solidez e a flexibilidade desses materiais.<\/p>\n\n\n\n<div class=\"wp-block-image\"><figure class=\"aligncenter size-large is-resized\"><img loading=\"lazy\" decoding=\"async\" src=\"https:\/\/jornalfatosenoticias.com.br\/wp-content\/uploads\/2023\/03\/logo-Panper_portal.jpg\" alt=\"\" class=\"wp-image-40208\" width=\"339\" height=\"235\" srcset=\"https:\/\/jornalfatosenoticias.com.br\/wp-content\/uploads\/2023\/03\/logo-Panper_portal.jpg 400w, https:\/\/jornalfatosenoticias.com.br\/wp-content\/uploads\/2023\/03\/logo-Panper_portal-300x208.jpg 300w\" sizes=\"auto, (max-width: 339px) 100vw, 339px\" \/><\/figure><\/div>\n\n\n\n<p>Na cerim\u00f4nia, que marcou o encerramento do desafio, a vencedora teve a oportunidade de apresentar detalhes do projeto ganhador. Participaram da celebra\u00e7\u00e3o o presidente do Centrorochas, Tales Machado; o presidente da Wonasa, Paulo Giafarov; a CEO da Milanez e Milaneze, Fl\u00e1via Milaneze; a presidente da Abea, Ana Goes Monteiro; o presidente da AsBEA-BR, Danilo Batista, a diretora de ind\u00fastria e servi\u00e7os da ApexBrasil, Maria Paula Velloso; o representante da VeronaFiere, organizadora da Marmomac, Alessandro Giolai; o diretor executivo do Centrorochas, Giovanni Francischetto; e a m\u00e3e da premiada, F\u00e1tima Santos.<\/p>\n\n\n\n<div class=\"wp-block-image\"><figure class=\"aligncenter size-large is-resized\"><img loading=\"lazy\" decoding=\"async\" src=\"https:\/\/jornalfatosenoticias.com.br\/wp-content\/uploads\/2023\/09\/vetorvix1024_1.jpg\" alt=\"\" class=\"wp-image-44868\" width=\"483\" height=\"128\" srcset=\"https:\/\/jornalfatosenoticias.com.br\/wp-content\/uploads\/2023\/09\/vetorvix1024_1.jpg 1024w, https:\/\/jornalfatosenoticias.com.br\/wp-content\/uploads\/2023\/09\/vetorvix1024_1-300x80.jpg 300w, https:\/\/jornalfatosenoticias.com.br\/wp-content\/uploads\/2023\/09\/vetorvix1024_1-768x205.jpg 768w\" sizes=\"auto, (max-width: 483px) 100vw, 483px\" \/><\/figure><\/div>\n\n\n\n<div class=\"wp-block-image\"><figure class=\"aligncenter size-large\"><img loading=\"lazy\" decoding=\"async\" width=\"1000\" height=\"562\" src=\"https:\/\/jornalfatosenoticias.com.br\/wp-content\/uploads\/2023\/10\/Marmomac-2023.jpg\" alt=\"\" class=\"wp-image-45964\" srcset=\"https:\/\/jornalfatosenoticias.com.br\/wp-content\/uploads\/2023\/10\/Marmomac-2023.jpg 1000w, https:\/\/jornalfatosenoticias.com.br\/wp-content\/uploads\/2023\/10\/Marmomac-2023-300x169.jpg 300w, https:\/\/jornalfatosenoticias.com.br\/wp-content\/uploads\/2023\/10\/Marmomac-2023-768x432.jpg 768w\" sizes=\"auto, (max-width: 1000px) 100vw, 1000px\" \/><figcaption><em><span class=\"has-inline-color has-black-color\">A Marmomac \u00e9 uma das principais feiras de rochas naturais do mundo (Foto: Pinterest)<\/span><\/em><\/figcaption><\/figure><\/div>\n\n\n\n<p>Voltado para estudantes e rec\u00e9m-formados de todo o Pa\u00eds, o Desafio Natural Stone teve como objetivo contribuir para a forma\u00e7\u00e3o de novos profissionais na aplica\u00e7\u00e3o de rochas naturais na arquitetura. <\/p>\n\n\n\n<div class=\"wp-block-image\"><figure class=\"aligncenter size-large is-resized\"><img loading=\"lazy\" decoding=\"async\" src=\"https:\/\/jornalfatosenoticias.com.br\/wp-content\/uploads\/2022\/10\/RC_800x750_page-0001.jpg\" alt=\"\" class=\"wp-image-35338\" width=\"291\" height=\"272\" srcset=\"https:\/\/jornalfatosenoticias.com.br\/wp-content\/uploads\/2022\/10\/RC_800x750_page-0001.jpg 400w, https:\/\/jornalfatosenoticias.com.br\/wp-content\/uploads\/2022\/10\/RC_800x750_page-0001-300x281.jpg 300w\" sizes=\"auto, (max-width: 291px) 100vw, 291px\" \/><\/figure><\/div>\n\n\n\n<blockquote class=\"wp-block-quote is-layout-flow wp-block-quote-is-layout-flow\"><p><span class=\"has-inline-color has-luminous-vivid-orange-color\">O desafio trouxe \u00e0 tona o talento excepcional dos estudantes brasileiros em utilizar nossas rochas ornamentais de forma criativa e inovadora. Os trabalhos recebidos foram de alt\u00edssimo n\u00edvel, refletindo a dedica\u00e7\u00e3o e o empenho dos participantes. Foi gratificante proporcionar essa experi\u00eancia \u00e0 Camilla, ganhadora da competi\u00e7\u00e3o\u201d, destacou o presidente do Centrorochas, Tales Machado, durante a premia\u00e7\u00e3o.<\/span><\/p><\/blockquote>\n\n\n\n<div class=\"wp-block-image\"><figure class=\"aligncenter size-large is-resized\"><img loading=\"lazy\" decoding=\"async\" src=\"https:\/\/jornalfatosenoticias.com.br\/wp-content\/uploads\/2020\/02\/LOGO-BLU-COMERCIAL-PRETO-1024x600.jpg\" alt=\"\" class=\"wp-image-44089\" width=\"379\" height=\"221\"\/><\/figure><\/div>\n\n\n\n<blockquote class=\"wp-block-quote is-layout-flow wp-block-quote-is-layout-flow\"><p><span class=\"has-inline-color has-luminous-vivid-orange-color\">\u201cEu visitei v\u00e1rios estandes e, em nenhum deles, vi rochas t\u00e3o bonitas como as rochas brasileiras. Estar na Marmomac e ver diferentes formas e texturas, com certeza vai contribuir de forma muito positiva nos meus pr\u00f3ximos projetos arquitet\u00f4nicos\u201d, declarou Camilla.<\/span><\/p><\/blockquote>\n\n\n\n<div class=\"wp-block-image\"><figure class=\"aligncenter size-large is-resized\"><img loading=\"lazy\" decoding=\"async\" src=\"https:\/\/jornalfatosenoticias.com.br\/wp-content\/uploads\/2023\/08\/Steel.jpeg\" alt=\"\" class=\"wp-image-44634\" width=\"357\" height=\"290\" srcset=\"https:\/\/jornalfatosenoticias.com.br\/wp-content\/uploads\/2023\/08\/Steel.jpeg 800w, https:\/\/jornalfatosenoticias.com.br\/wp-content\/uploads\/2023\/08\/Steel-300x244.jpeg 300w, https:\/\/jornalfatosenoticias.com.br\/wp-content\/uploads\/2023\/08\/Steel-768x624.jpeg 768w\" sizes=\"auto, (max-width: 357px) 100vw, 357px\" \/><\/figure><\/div>\n\n\n\n<p>O Desafio Natural Stone foi realizado pelo Centro Brasileiro dos Exportadores de Rochas Ornamentais (Centrorochas), World Natural Stone Association (Wonasa) e Vitoria Stone Fair, com apoio institucional da Associa\u00e7\u00e3o Brasileira de Ensino de Arquitetura e Urbanismo (ABEA), Associa\u00e7\u00e3o Brasileira de Escrit\u00f3rios de Arquitetura (AsBEA), Autodesk, Unity e patroc\u00ednio da ETC Brasil. Uma nova edi\u00e7\u00e3o deve ser anunciada em breve!<\/p>\n\n\n\n<div class=\"wp-block-image\"><figure class=\"aligncenter size-large is-resized\"><img loading=\"lazy\" decoding=\"async\" src=\"https:\/\/jornalfatosenoticias.com.br\/wp-content\/uploads\/2023\/08\/ITH.jpeg\" alt=\"\" class=\"wp-image-44638\" width=\"340\" height=\"276\" srcset=\"https:\/\/jornalfatosenoticias.com.br\/wp-content\/uploads\/2023\/08\/ITH.jpeg 800w, https:\/\/jornalfatosenoticias.com.br\/wp-content\/uploads\/2023\/08\/ITH-300x244.jpeg 300w, https:\/\/jornalfatosenoticias.com.br\/wp-content\/uploads\/2023\/08\/ITH-768x624.jpeg 768w\" sizes=\"auto, (max-width: 340px) 100vw, 340px\" \/><\/figure><\/div>\n\n\n\n<p><em><span class=\"has-inline-color has-black-color\"><strong>Fonte: Assessoria de Comunica\u00e7\u00e3o<\/strong><\/span><\/em><\/p>\n","protected":false},"excerpt":{"rendered":"<p>Camilla Eleodoro, vencedora do Desafio Natural Stone \u2014 1\u00ba Pr\u00eamio Acad\u00eamico Brasileiro de Arquitetura, est\u00e1 de volta ao Brasil ap\u00f3s viagem \u00e0 It\u00e1lia, a qual deixar\u00e1 uma marca profunda em sua carreira. A conquista do primeiro lugar na competi\u00e7\u00e3o nacional lhe rendeu a oportunidade de conhecer a Marmomac 2023, principal feira internacional do setor de [&hellip;]<\/p>\n","protected":false},"author":3,"featured_media":45965,"comment_status":"open","ping_status":"open","sticky":false,"template":"","format":"standard","meta":{"footnotes":""},"categories":[744],"tags":[21655,2185,21656,21654,17337],"class_list":["post-45963","post","type-post","status-publish","format-standard","has-post-thumbnail","hentry","category-arq-urbanismo","tag-arquiteta-brasileira","tag-arquitetura","tag-centror","tag-marmomac-2023","tag-rochas-ornamentais"],"yoast_head":"<!-- This site is optimized with the Yoast SEO plugin v26.5 - https:\/\/yoast.com\/wordpress\/plugins\/seo\/ -->\n<title>Arquiteta brasileira visita Marmomac 2023 ap\u00f3s vit\u00f3ria no Desafio Natural Stone - Jornal Fatos e Not\u00edcias<\/title>\n<meta name=\"robots\" content=\"index, follow, max-snippet:-1, max-image-preview:large, max-video-preview:-1\" \/>\n<link rel=\"canonical\" href=\"https:\/\/jornalfatosenoticias.com.br\/index.php\/2023\/10\/12\/arquiteta-brasileira-visita-marmomac-2023-apos-vitoria-no-desafio-natural-stone\/\" \/>\n<meta property=\"og:locale\" content=\"pt_BR\" \/>\n<meta property=\"og:type\" content=\"article\" \/>\n<meta property=\"og:title\" content=\"Arquiteta brasileira visita Marmomac 2023 ap\u00f3s vit\u00f3ria no Desafio Natural Stone - Jornal Fatos e Not\u00edcias\" \/>\n<meta property=\"og:description\" content=\"Camilla Eleodoro, vencedora do Desafio Natural Stone \u2014 1\u00ba Pr\u00eamio Acad\u00eamico Brasileiro de Arquitetura, est\u00e1 de volta ao Brasil ap\u00f3s viagem \u00e0 It\u00e1lia, a qual deixar\u00e1 uma marca profunda em sua carreira. A conquista do primeiro lugar na competi\u00e7\u00e3o nacional lhe rendeu a oportunidade de conhecer a Marmomac 2023, principal feira internacional do setor de [&hellip;]\" \/>\n<meta property=\"og:url\" content=\"https:\/\/jornalfatosenoticias.com.br\/index.php\/2023\/10\/12\/arquiteta-brasileira-visita-marmomac-2023-apos-vitoria-no-desafio-natural-stone\/\" \/>\n<meta property=\"og:site_name\" content=\"Jornal Fatos e Not\u00edcias\" \/>\n<meta property=\"article:published_time\" content=\"2023-10-12T11:44:25+00:00\" \/>\n<meta property=\"article:modified_time\" content=\"2023-10-12T11:44:26+00:00\" \/>\n<meta property=\"og:image\" content=\"https:\/\/jornalfatosenoticias.com.br\/wp-content\/uploads\/2023\/10\/Camilla-Eleodoro-entre-os-organizadores-do-Desafio-Natural-Stone.jpg\" \/>\n\t<meta property=\"og:image:width\" content=\"1000\" \/>\n\t<meta property=\"og:image:height\" content=\"685\" \/>\n\t<meta property=\"og:image:type\" content=\"image\/jpeg\" \/>\n<meta name=\"author\" content=\"Haroldo Filho\" \/>\n<meta name=\"twitter:card\" content=\"summary_large_image\" \/>\n<meta name=\"twitter:label1\" content=\"Escrito por\" \/>\n\t<meta name=\"twitter:data1\" content=\"Haroldo Filho\" \/>\n\t<meta name=\"twitter:label2\" content=\"Est. tempo de leitura\" \/>\n\t<meta name=\"twitter:data2\" content=\"2 minutos\" \/>\n<script type=\"application\/ld+json\" class=\"yoast-schema-graph\">{\"@context\":\"https:\/\/schema.org\",\"@graph\":[{\"@type\":\"Article\",\"@id\":\"https:\/\/jornalfatosenoticias.com.br\/index.php\/2023\/10\/12\/arquiteta-brasileira-visita-marmomac-2023-apos-vitoria-no-desafio-natural-stone\/#article\",\"isPartOf\":{\"@id\":\"https:\/\/jornalfatosenoticias.com.br\/index.php\/2023\/10\/12\/arquiteta-brasileira-visita-marmomac-2023-apos-vitoria-no-desafio-natural-stone\/\"},\"author\":{\"name\":\"Haroldo Filho\",\"@id\":\"https:\/\/jornalfatosenoticias.com.br\/#\/schema\/person\/05c46cc25b42a5c27e004fb0fa6b4965\"},\"headline\":\"Arquiteta brasileira visita Marmomac 2023 ap\u00f3s vit\u00f3ria no Desafio Natural Stone\",\"datePublished\":\"2023-10-12T11:44:25+00:00\",\"dateModified\":\"2023-10-12T11:44:26+00:00\",\"mainEntityOfPage\":{\"@id\":\"https:\/\/jornalfatosenoticias.com.br\/index.php\/2023\/10\/12\/arquiteta-brasileira-visita-marmomac-2023-apos-vitoria-no-desafio-natural-stone\/\"},\"wordCount\":466,\"commentCount\":0,\"publisher\":{\"@id\":\"https:\/\/jornalfatosenoticias.com.br\/#organization\"},\"image\":{\"@id\":\"https:\/\/jornalfatosenoticias.com.br\/index.php\/2023\/10\/12\/arquiteta-brasileira-visita-marmomac-2023-apos-vitoria-no-desafio-natural-stone\/#primaryimage\"},\"thumbnailUrl\":\"https:\/\/jornalfatosenoticias.com.br\/wp-content\/uploads\/2023\/10\/Camilla-Eleodoro-entre-os-organizadores-do-Desafio-Natural-Stone.jpg\",\"keywords\":[\"arquiteta brasileira\",\"arquitetura\",\"Centror\",\"Marmomac 2023\",\"rochas ornamentais\"],\"articleSection\":[\"Arq &amp; Urb\"],\"inLanguage\":\"pt-BR\",\"potentialAction\":[{\"@type\":\"CommentAction\",\"name\":\"Comment\",\"target\":[\"https:\/\/jornalfatosenoticias.com.br\/index.php\/2023\/10\/12\/arquiteta-brasileira-visita-marmomac-2023-apos-vitoria-no-desafio-natural-stone\/#respond\"]}]},{\"@type\":\"WebPage\",\"@id\":\"https:\/\/jornalfatosenoticias.com.br\/index.php\/2023\/10\/12\/arquiteta-brasileira-visita-marmomac-2023-apos-vitoria-no-desafio-natural-stone\/\",\"url\":\"https:\/\/jornalfatosenoticias.com.br\/index.php\/2023\/10\/12\/arquiteta-brasileira-visita-marmomac-2023-apos-vitoria-no-desafio-natural-stone\/\",\"name\":\"Arquiteta brasileira visita Marmomac 2023 ap\u00f3s vit\u00f3ria no Desafio Natural Stone - Jornal Fatos e Not\u00edcias\",\"isPartOf\":{\"@id\":\"https:\/\/jornalfatosenoticias.com.br\/#website\"},\"primaryImageOfPage\":{\"@id\":\"https:\/\/jornalfatosenoticias.com.br\/index.php\/2023\/10\/12\/arquiteta-brasileira-visita-marmomac-2023-apos-vitoria-no-desafio-natural-stone\/#primaryimage\"},\"image\":{\"@id\":\"https:\/\/jornalfatosenoticias.com.br\/index.php\/2023\/10\/12\/arquiteta-brasileira-visita-marmomac-2023-apos-vitoria-no-desafio-natural-stone\/#primaryimage\"},\"thumbnailUrl\":\"https:\/\/jornalfatosenoticias.com.br\/wp-content\/uploads\/2023\/10\/Camilla-Eleodoro-entre-os-organizadores-do-Desafio-Natural-Stone.jpg\",\"datePublished\":\"2023-10-12T11:44:25+00:00\",\"dateModified\":\"2023-10-12T11:44:26+00:00\",\"breadcrumb\":{\"@id\":\"https:\/\/jornalfatosenoticias.com.br\/index.php\/2023\/10\/12\/arquiteta-brasileira-visita-marmomac-2023-apos-vitoria-no-desafio-natural-stone\/#breadcrumb\"},\"inLanguage\":\"pt-BR\",\"potentialAction\":[{\"@type\":\"ReadAction\",\"target\":[\"https:\/\/jornalfatosenoticias.com.br\/index.php\/2023\/10\/12\/arquiteta-brasileira-visita-marmomac-2023-apos-vitoria-no-desafio-natural-stone\/\"]}]},{\"@type\":\"ImageObject\",\"inLanguage\":\"pt-BR\",\"@id\":\"https:\/\/jornalfatosenoticias.com.br\/index.php\/2023\/10\/12\/arquiteta-brasileira-visita-marmomac-2023-apos-vitoria-no-desafio-natural-stone\/#primaryimage\",\"url\":\"https:\/\/jornalfatosenoticias.com.br\/wp-content\/uploads\/2023\/10\/Camilla-Eleodoro-entre-os-organizadores-do-Desafio-Natural-Stone.jpg\",\"contentUrl\":\"https:\/\/jornalfatosenoticias.com.br\/wp-content\/uploads\/2023\/10\/Camilla-Eleodoro-entre-os-organizadores-do-Desafio-Natural-Stone.jpg\",\"width\":1000,\"height\":685},{\"@type\":\"BreadcrumbList\",\"@id\":\"https:\/\/jornalfatosenoticias.com.br\/index.php\/2023\/10\/12\/arquiteta-brasileira-visita-marmomac-2023-apos-vitoria-no-desafio-natural-stone\/#breadcrumb\",\"itemListElement\":[{\"@type\":\"ListItem\",\"position\":1,\"name\":\"In\u00edcio\",\"item\":\"https:\/\/jornalfatosenoticias.com.br\/\"},{\"@type\":\"ListItem\",\"position\":2,\"name\":\"Arquiteta brasileira visita Marmomac 2023 ap\u00f3s vit\u00f3ria no Desafio Natural Stone\"}]},{\"@type\":\"WebSite\",\"@id\":\"https:\/\/jornalfatosenoticias.com.br\/#website\",\"url\":\"https:\/\/jornalfatosenoticias.com.br\/\",\"name\":\"Jornal Fatos e Not\u00edcias\",\"description\":\"Not\u00edcias em geral\",\"publisher\":{\"@id\":\"https:\/\/jornalfatosenoticias.com.br\/#organization\"},\"potentialAction\":[{\"@type\":\"SearchAction\",\"target\":{\"@type\":\"EntryPoint\",\"urlTemplate\":\"https:\/\/jornalfatosenoticias.com.br\/?s={search_term_string}\"},\"query-input\":{\"@type\":\"PropertyValueSpecification\",\"valueRequired\":true,\"valueName\":\"search_term_string\"}}],\"inLanguage\":\"pt-BR\"},{\"@type\":\"Organization\",\"@id\":\"https:\/\/jornalfatosenoticias.com.br\/#organization\",\"name\":\"Jornal Fatos e Not\u00edcias\",\"url\":\"https:\/\/jornalfatosenoticias.com.br\/\",\"logo\":{\"@type\":\"ImageObject\",\"inLanguage\":\"pt-BR\",\"@id\":\"https:\/\/jornalfatosenoticias.com.br\/#\/schema\/logo\/image\/\",\"url\":\"https:\/\/jornalfatosenoticias.com.br\/wp-content\/uploads\/2020\/02\/logo120.png\",\"contentUrl\":\"https:\/\/jornalfatosenoticias.com.br\/wp-content\/uploads\/2020\/02\/logo120.png\",\"width\":1227,\"height\":120,\"caption\":\"Jornal Fatos e Not\u00edcias\"},\"image\":{\"@id\":\"https:\/\/jornalfatosenoticias.com.br\/#\/schema\/logo\/image\/\"}},{\"@type\":\"Person\",\"@id\":\"https:\/\/jornalfatosenoticias.com.br\/#\/schema\/person\/05c46cc25b42a5c27e004fb0fa6b4965\",\"name\":\"Haroldo Filho\",\"image\":{\"@type\":\"ImageObject\",\"inLanguage\":\"pt-BR\",\"@id\":\"https:\/\/jornalfatosenoticias.com.br\/#\/schema\/person\/image\/\",\"url\":\"https:\/\/jornalfatosenoticias.com.br\/wp-content\/uploads\/2025\/08\/WhatsApp-Image-2025-08-18-at-15.30.28-150x150.jpeg\",\"contentUrl\":\"https:\/\/jornalfatosenoticias.com.br\/wp-content\/uploads\/2025\/08\/WhatsApp-Image-2025-08-18-at-15.30.28-150x150.jpeg\",\"caption\":\"Haroldo Filho\"},\"description\":\"Jornalista \u2013 DRT: 0003818\/ES Coordenador-geral da ONG Educar para Crescer\",\"url\":\"https:\/\/jornalfatosenoticias.com.br\/index.php\/author\/haroldo\/\"}]}<\/script>\n<!-- \/ Yoast SEO plugin. -->","yoast_head_json":{"title":"Arquiteta brasileira visita Marmomac 2023 ap\u00f3s vit\u00f3ria no Desafio Natural Stone - Jornal Fatos e Not\u00edcias","robots":{"index":"index","follow":"follow","max-snippet":"max-snippet:-1","max-image-preview":"max-image-preview:large","max-video-preview":"max-video-preview:-1"},"canonical":"https:\/\/jornalfatosenoticias.com.br\/index.php\/2023\/10\/12\/arquiteta-brasileira-visita-marmomac-2023-apos-vitoria-no-desafio-natural-stone\/","og_locale":"pt_BR","og_type":"article","og_title":"Arquiteta brasileira visita Marmomac 2023 ap\u00f3s vit\u00f3ria no Desafio Natural Stone - Jornal Fatos e Not\u00edcias","og_description":"Camilla Eleodoro, vencedora do Desafio Natural Stone \u2014 1\u00ba Pr\u00eamio Acad\u00eamico Brasileiro de Arquitetura, est\u00e1 de volta ao Brasil ap\u00f3s viagem \u00e0 It\u00e1lia, a qual deixar\u00e1 uma marca profunda em sua carreira. A conquista do primeiro lugar na competi\u00e7\u00e3o nacional lhe rendeu a oportunidade de conhecer a Marmomac 2023, principal feira internacional do setor de [&hellip;]","og_url":"https:\/\/jornalfatosenoticias.com.br\/index.php\/2023\/10\/12\/arquiteta-brasileira-visita-marmomac-2023-apos-vitoria-no-desafio-natural-stone\/","og_site_name":"Jornal Fatos e Not\u00edcias","article_published_time":"2023-10-12T11:44:25+00:00","article_modified_time":"2023-10-12T11:44:26+00:00","og_image":[{"width":1000,"height":685,"url":"https:\/\/jornalfatosenoticias.com.br\/wp-content\/uploads\/2023\/10\/Camilla-Eleodoro-entre-os-organizadores-do-Desafio-Natural-Stone.jpg","type":"image\/jpeg"}],"author":"Haroldo Filho","twitter_card":"summary_large_image","twitter_misc":{"Escrito por":"Haroldo Filho","Est. tempo de leitura":"2 minutos"},"schema":{"@context":"https:\/\/schema.org","@graph":[{"@type":"Article","@id":"https:\/\/jornalfatosenoticias.com.br\/index.php\/2023\/10\/12\/arquiteta-brasileira-visita-marmomac-2023-apos-vitoria-no-desafio-natural-stone\/#article","isPartOf":{"@id":"https:\/\/jornalfatosenoticias.com.br\/index.php\/2023\/10\/12\/arquiteta-brasileira-visita-marmomac-2023-apos-vitoria-no-desafio-natural-stone\/"},"author":{"name":"Haroldo Filho","@id":"https:\/\/jornalfatosenoticias.com.br\/#\/schema\/person\/05c46cc25b42a5c27e004fb0fa6b4965"},"headline":"Arquiteta brasileira visita Marmomac 2023 ap\u00f3s vit\u00f3ria no Desafio Natural Stone","datePublished":"2023-10-12T11:44:25+00:00","dateModified":"2023-10-12T11:44:26+00:00","mainEntityOfPage":{"@id":"https:\/\/jornalfatosenoticias.com.br\/index.php\/2023\/10\/12\/arquiteta-brasileira-visita-marmomac-2023-apos-vitoria-no-desafio-natural-stone\/"},"wordCount":466,"commentCount":0,"publisher":{"@id":"https:\/\/jornalfatosenoticias.com.br\/#organization"},"image":{"@id":"https:\/\/jornalfatosenoticias.com.br\/index.php\/2023\/10\/12\/arquiteta-brasileira-visita-marmomac-2023-apos-vitoria-no-desafio-natural-stone\/#primaryimage"},"thumbnailUrl":"https:\/\/jornalfatosenoticias.com.br\/wp-content\/uploads\/2023\/10\/Camilla-Eleodoro-entre-os-organizadores-do-Desafio-Natural-Stone.jpg","keywords":["arquiteta brasileira","arquitetura","Centror","Marmomac 2023","rochas ornamentais"],"articleSection":["Arq &amp; Urb"],"inLanguage":"pt-BR","potentialAction":[{"@type":"CommentAction","name":"Comment","target":["https:\/\/jornalfatosenoticias.com.br\/index.php\/2023\/10\/12\/arquiteta-brasileira-visita-marmomac-2023-apos-vitoria-no-desafio-natural-stone\/#respond"]}]},{"@type":"WebPage","@id":"https:\/\/jornalfatosenoticias.com.br\/index.php\/2023\/10\/12\/arquiteta-brasileira-visita-marmomac-2023-apos-vitoria-no-desafio-natural-stone\/","url":"https:\/\/jornalfatosenoticias.com.br\/index.php\/2023\/10\/12\/arquiteta-brasileira-visita-marmomac-2023-apos-vitoria-no-desafio-natural-stone\/","name":"Arquiteta brasileira visita Marmomac 2023 ap\u00f3s vit\u00f3ria no Desafio Natural Stone - Jornal Fatos e Not\u00edcias","isPartOf":{"@id":"https:\/\/jornalfatosenoticias.com.br\/#website"},"primaryImageOfPage":{"@id":"https:\/\/jornalfatosenoticias.com.br\/index.php\/2023\/10\/12\/arquiteta-brasileira-visita-marmomac-2023-apos-vitoria-no-desafio-natural-stone\/#primaryimage"},"image":{"@id":"https:\/\/jornalfatosenoticias.com.br\/index.php\/2023\/10\/12\/arquiteta-brasileira-visita-marmomac-2023-apos-vitoria-no-desafio-natural-stone\/#primaryimage"},"thumbnailUrl":"https:\/\/jornalfatosenoticias.com.br\/wp-content\/uploads\/2023\/10\/Camilla-Eleodoro-entre-os-organizadores-do-Desafio-Natural-Stone.jpg","datePublished":"2023-10-12T11:44:25+00:00","dateModified":"2023-10-12T11:44:26+00:00","breadcrumb":{"@id":"https:\/\/jornalfatosenoticias.com.br\/index.php\/2023\/10\/12\/arquiteta-brasileira-visita-marmomac-2023-apos-vitoria-no-desafio-natural-stone\/#breadcrumb"},"inLanguage":"pt-BR","potentialAction":[{"@type":"ReadAction","target":["https:\/\/jornalfatosenoticias.com.br\/index.php\/2023\/10\/12\/arquiteta-brasileira-visita-marmomac-2023-apos-vitoria-no-desafio-natural-stone\/"]}]},{"@type":"ImageObject","inLanguage":"pt-BR","@id":"https:\/\/jornalfatosenoticias.com.br\/index.php\/2023\/10\/12\/arquiteta-brasileira-visita-marmomac-2023-apos-vitoria-no-desafio-natural-stone\/#primaryimage","url":"https:\/\/jornalfatosenoticias.com.br\/wp-content\/uploads\/2023\/10\/Camilla-Eleodoro-entre-os-organizadores-do-Desafio-Natural-Stone.jpg","contentUrl":"https:\/\/jornalfatosenoticias.com.br\/wp-content\/uploads\/2023\/10\/Camilla-Eleodoro-entre-os-organizadores-do-Desafio-Natural-Stone.jpg","width":1000,"height":685},{"@type":"BreadcrumbList","@id":"https:\/\/jornalfatosenoticias.com.br\/index.php\/2023\/10\/12\/arquiteta-brasileira-visita-marmomac-2023-apos-vitoria-no-desafio-natural-stone\/#breadcrumb","itemListElement":[{"@type":"ListItem","position":1,"name":"In\u00edcio","item":"https:\/\/jornalfatosenoticias.com.br\/"},{"@type":"ListItem","position":2,"name":"Arquiteta brasileira visita Marmomac 2023 ap\u00f3s vit\u00f3ria no Desafio Natural Stone"}]},{"@type":"WebSite","@id":"https:\/\/jornalfatosenoticias.com.br\/#website","url":"https:\/\/jornalfatosenoticias.com.br\/","name":"Jornal Fatos e Not\u00edcias","description":"Not\u00edcias em geral","publisher":{"@id":"https:\/\/jornalfatosenoticias.com.br\/#organization"},"potentialAction":[{"@type":"SearchAction","target":{"@type":"EntryPoint","urlTemplate":"https:\/\/jornalfatosenoticias.com.br\/?s={search_term_string}"},"query-input":{"@type":"PropertyValueSpecification","valueRequired":true,"valueName":"search_term_string"}}],"inLanguage":"pt-BR"},{"@type":"Organization","@id":"https:\/\/jornalfatosenoticias.com.br\/#organization","name":"Jornal Fatos e Not\u00edcias","url":"https:\/\/jornalfatosenoticias.com.br\/","logo":{"@type":"ImageObject","inLanguage":"pt-BR","@id":"https:\/\/jornalfatosenoticias.com.br\/#\/schema\/logo\/image\/","url":"https:\/\/jornalfatosenoticias.com.br\/wp-content\/uploads\/2020\/02\/logo120.png","contentUrl":"https:\/\/jornalfatosenoticias.com.br\/wp-content\/uploads\/2020\/02\/logo120.png","width":1227,"height":120,"caption":"Jornal Fatos e Not\u00edcias"},"image":{"@id":"https:\/\/jornalfatosenoticias.com.br\/#\/schema\/logo\/image\/"}},{"@type":"Person","@id":"https:\/\/jornalfatosenoticias.com.br\/#\/schema\/person\/05c46cc25b42a5c27e004fb0fa6b4965","name":"Haroldo Filho","image":{"@type":"ImageObject","inLanguage":"pt-BR","@id":"https:\/\/jornalfatosenoticias.com.br\/#\/schema\/person\/image\/","url":"https:\/\/jornalfatosenoticias.com.br\/wp-content\/uploads\/2025\/08\/WhatsApp-Image-2025-08-18-at-15.30.28-150x150.jpeg","contentUrl":"https:\/\/jornalfatosenoticias.com.br\/wp-content\/uploads\/2025\/08\/WhatsApp-Image-2025-08-18-at-15.30.28-150x150.jpeg","caption":"Haroldo Filho"},"description":"Jornalista \u2013 DRT: 0003818\/ES Coordenador-geral da ONG Educar para Crescer","url":"https:\/\/jornalfatosenoticias.com.br\/index.php\/author\/haroldo\/"}]}},"cc_featured_image_caption":{"caption_text":"(Foto: Assessoria de Comunica\u00e7\u00e3o) ","source_text":"","source_url":""},"jetpack_featured_media_url":"https:\/\/jornalfatosenoticias.com.br\/wp-content\/uploads\/2023\/10\/Camilla-Eleodoro-entre-os-organizadores-do-Desafio-Natural-Stone.jpg","_links":{"self":[{"href":"https:\/\/jornalfatosenoticias.com.br\/index.php\/wp-json\/wp\/v2\/posts\/45963","targetHints":{"allow":["GET"]}}],"collection":[{"href":"https:\/\/jornalfatosenoticias.com.br\/index.php\/wp-json\/wp\/v2\/posts"}],"about":[{"href":"https:\/\/jornalfatosenoticias.com.br\/index.php\/wp-json\/wp\/v2\/types\/post"}],"author":[{"embeddable":true,"href":"https:\/\/jornalfatosenoticias.com.br\/index.php\/wp-json\/wp\/v2\/users\/3"}],"replies":[{"embeddable":true,"href":"https:\/\/jornalfatosenoticias.com.br\/index.php\/wp-json\/wp\/v2\/comments?post=45963"}],"version-history":[{"count":0,"href":"https:\/\/jornalfatosenoticias.com.br\/index.php\/wp-json\/wp\/v2\/posts\/45963\/revisions"}],"wp:featuredmedia":[{"embeddable":true,"href":"https:\/\/jornalfatosenoticias.com.br\/index.php\/wp-json\/wp\/v2\/media\/45965"}],"wp:attachment":[{"href":"https:\/\/jornalfatosenoticias.com.br\/index.php\/wp-json\/wp\/v2\/media?parent=45963"}],"wp:term":[{"taxonomy":"category","embeddable":true,"href":"https:\/\/jornalfatosenoticias.com.br\/index.php\/wp-json\/wp\/v2\/categories?post=45963"},{"taxonomy":"post_tag","embeddable":true,"href":"https:\/\/jornalfatosenoticias.com.br\/index.php\/wp-json\/wp\/v2\/tags?post=45963"}],"curies":[{"name":"wp","href":"https:\/\/api.w.org\/{rel}","templated":true}]}}