{"id":45967,"date":"2023-10-12T08:56:11","date_gmt":"2023-10-12T11:56:11","guid":{"rendered":"https:\/\/jornalfatosenoticias.com.br\/?p=45967"},"modified":"2026-02-10T12:23:48","modified_gmt":"2026-02-10T15:23:48","slug":"a-reciclagem-do-vidro-e-seus-desafios","status":"publish","type":"post","link":"https:\/\/jornalfatosenoticias.com.br\/index.php\/2023\/10\/12\/a-reciclagem-do-vidro-e-seus-desafios\/","title":{"rendered":"A reciclagem do vidro e seus desafios"},"content":{"rendered":"\n<p>A reciclagem das \u201clatinhas\u201d de alum\u00ednio, em todo o Pa\u00eds, \u00e9 um fato consolidado. Movimenta a economia informal e alimenta a ind\u00fastria de produ\u00e7\u00e3o de alum\u00ednio com a melhor mat\u00e9ria-prima poss\u00edvel, em virtude da enorme redu\u00e7\u00e3o de custo existente no processo industrial. Isto se d\u00e1 por evitar a forma convencional, que se inicia com a minera\u00e7\u00e3o de bauxita e a consequente eletr\u00f3lise do \u00f3xido de alum\u00ednio (ou \u201calumina\u201d), obtendo-se alum\u00ednio met\u00e1lico puro. \u00c9 um processo caro, por causa da utiliza\u00e7\u00e3o intensiva de energia el\u00e9trica.<br>Entretanto, o vidro, apesar de possuir vantagens energ\u00e9ticas e materiais para que a ind\u00fastria utilize as embalagens descartadas ap\u00f3s seu uso, tamb\u00e9m como mat\u00e9ria-prima, ainda enfrenta desafios para que seu \u201cmercado de reciclagem\u201d opere na mesma escala e intensidade do que a existente para o alum\u00ednio.<\/p>\n\n\n<div class=\"wp-block-image\">\n<figure class=\"aligncenter size-large\"><img loading=\"lazy\" decoding=\"async\" width=\"300\" height=\"250\" src=\"https:\/\/jornalfatosenoticias.com.br\/wp-content\/uploads\/2022\/02\/FERRARI_MAQUINAS-E-FERRAMENTAS2.jpg\" alt=\"\" class=\"wp-image-27860\"\/><\/figure>\n<\/div>\n\n\n<p>E por que isso ocorre? Em primeiro lugar \u00e9 necess\u00e1rio entender como se produz o vidro, de maneira simplificada. Sua principal mat\u00e9ria-prima \u00e9 o di\u00f3xido de sil\u00edcio (ou \u201cs\u00edlica\u201d), obtida de areias, geralmente extra\u00eddas de lagos, rios ou lagoas. Estas areias s\u00e3o misturadas com barrilha (carbonato de s\u00f3dio) e calc\u00e1rio (carbonato de c\u00e1lcio), obtendo-se o que se chama de mistura vitrific\u00e1vel. Ap\u00f3s aquecimento em forno \u00e0 alta temperatura, se obt\u00e9m o vidro comum (um silicato de s\u00f3dio e c\u00e1lcio), juntamente com g\u00e1s carb\u00f4nico. A produ\u00e7\u00e3o deste g\u00e1s, juntamente com a extra\u00e7\u00e3o de areia (que pode causar assoreamento de rios ou altera\u00e7\u00e3o em seu ecossistema) e o grande consumo de energia na etapa de fundi\u00e7\u00e3o s\u00e3o os impactos ambientais relevantes e negativos deste processo.<\/p>\n\n\n<div class=\"wp-block-image\">\n<figure class=\"aligncenter size-large is-resized\"><img loading=\"lazy\" decoding=\"async\" width=\"1024\" height=\"575\" src=\"https:\/\/jornalfatosenoticias.com.br\/wp-content\/uploads\/2023\/07\/lacremoda.jpg\" alt=\"\" class=\"wp-image-43706\" style=\"width:375px;height:210px\" srcset=\"https:\/\/jornalfatosenoticias.com.br\/wp-content\/uploads\/2023\/07\/lacremoda.jpg 1024w, https:\/\/jornalfatosenoticias.com.br\/wp-content\/uploads\/2023\/07\/lacremoda-300x168.jpg 300w, https:\/\/jornalfatosenoticias.com.br\/wp-content\/uploads\/2023\/07\/lacremoda-768x431.jpg 768w\" sizes=\"auto, (max-width: 1024px) 100vw, 1024px\" \/><\/figure>\n<\/div>\n\n\n<p>A partir de sua produ\u00e7\u00e3o, o vidro comum adquire possibilidades ilimitadas de uso, sendo imprescind\u00edvel na sociedade moderna. Entretanto, infelizmente seu descarte ap\u00f3s o uso, quase sempre de forma irrespons\u00e1vel do ponto de vista ambiental, traz preju\u00edzo imensur\u00e1vel \u00e0 Natureza, por se tratar de material de dif\u00edcil degrada\u00e7\u00e3o, da ordem de milhares de anos. (Fonte: <a href=\"https:\/\/abividro.org.br\/wp-content\/uploads\/2021\/08\/E-book_Porque-o-vidro-e-a-melhor-opcao-para-reciclar-1.pdf\">https:\/\/abividro.org.br\/wp-content\/uploads\/2021\/08\/E-book_Porque-o-vidro-e-a-melhor-opcao-para-reciclar-1.pdf<\/a>)<\/p>\n\n\n<div class=\"wp-block-image\">\n<figure class=\"aligncenter size-large is-resized\"><img decoding=\"async\" src=\"https:\/\/jornalfatosenoticias.com.br\/wp-content\/uploads\/2023\/08\/VSM-Group.jpeg\" alt=\"\" class=\"wp-image-44364\" style=\"width:297px;height:297px\"\/><\/figure>\n<\/div>\n\n\n<p>Pode-se, portanto, afirmar que existe um \u201cciclo infinito de vidro\u201d, pois a partir de sua reciclagem, pode ser reinserido na cadeia de produ\u00e7\u00e3o de \u201cvidro novo\u201d atrav\u00e9s da coleta dos utens\u00edlios descartados, limpeza e sele\u00e7\u00e3o, tritura\u00e7\u00e3o e transforma\u00e7\u00e3o em excepcional mat\u00e9ria-prima, por poder substituir at\u00e9 80 % da mat\u00e9ria-prima tradicional. Em rela\u00e7\u00e3o ao Esp\u00edrito Santo, infelizmente n\u00e3o foi a frente uma possibilidade de trazer para o Estado um projeto de instala\u00e7\u00e3o de uma f\u00e1brica de latas de alum\u00ednio e garrafas de vidro, por parte da AMBEV, conforme noticiado em 2017 pela m\u00eddia local. (Fonte: A TRIBUNA, 19\/07\/2017, p.22).<\/p>\n\n\n<div class=\"wp-block-image\">\n<figure class=\"aligncenter size-large is-resized\"><img loading=\"lazy\" decoding=\"async\" width=\"834\" height=\"1000\" src=\"https:\/\/jornalfatosenoticias.com.br\/wp-content\/uploads\/2020\/02\/CONTROL-CS.jpg\" alt=\"\" class=\"wp-image-44991\" style=\"width:309px;height:371px\" srcset=\"https:\/\/jornalfatosenoticias.com.br\/wp-content\/uploads\/2020\/02\/CONTROL-CS.jpg 834w, https:\/\/jornalfatosenoticias.com.br\/wp-content\/uploads\/2020\/02\/CONTROL-CS-250x300.jpg 250w, https:\/\/jornalfatosenoticias.com.br\/wp-content\/uploads\/2020\/02\/CONTROL-CS-768x921.jpg 768w\" sizes=\"auto, (max-width: 834px) 100vw, 834px\" \/><\/figure>\n<\/div>\n\n\n<p>Esse empreendimento teria sido capaz de gerar uma excelente condi\u00e7\u00e3o para a reciclagem de vidro em nosso Estado, pois reside justamente na dist\u00e2ncia das f\u00e1bricas que utilizam vidro descartado como mat\u00e9ria-prima a maior barreira para a dificuldade desse mercado. Em outras palavras, o frete e o custo de transporte tornam pouco compensadora a remunera\u00e7\u00e3o desta atividade.<\/p>\n\n\n<div class=\"wp-block-image\">\n<figure class=\"aligncenter size-large is-resized\"><img loading=\"lazy\" decoding=\"async\" width=\"643\" height=\"433\" src=\"https:\/\/jornalfatosenoticias.com.br\/wp-content\/uploads\/2023\/03\/nova-logo-Marquetti.jpg\" alt=\"\" class=\"wp-image-40207\" style=\"width:301px;height:202px\" srcset=\"https:\/\/jornalfatosenoticias.com.br\/wp-content\/uploads\/2023\/03\/nova-logo-Marquetti.jpg 643w, https:\/\/jornalfatosenoticias.com.br\/wp-content\/uploads\/2023\/03\/nova-logo-Marquetti-300x202.jpg 300w\" sizes=\"auto, (max-width: 643px) 100vw, 643px\" \/><\/figure>\n<\/div>\n\n\n<p>Ainda assim, o vidro, por suas caracter\u00edsticas intr\u00ednsecas, \u00e9 material valioso tanto que 2022 foi declarado, pelas Na\u00e7\u00f5es Unidas, o Ano Internacional do Vidro, com o objetivo de \u201cpromover a import\u00e2ncia tecnol\u00f3gica, cient\u00edfica, cultural e econ\u00f4mica do material mais puro e 100% recicl\u00e1vel\u201d (Fonte: <a href=\"https:\/\/www.anavidro.com.br\/ano-internacional-do-vidro-se-iniciou-em-genebra\/\">https:\/\/www.anavidro.com.br\/ano-internacional-do-vidro-se-iniciou-em-genebra\/<\/a>).<\/p>\n\n\n<div class=\"wp-block-image\">\n<figure class=\"aligncenter size-large is-resized\"><img loading=\"lazy\" decoding=\"async\" width=\"1024\" height=\"1024\" src=\"https:\/\/jornalfatosenoticias.com.br\/wp-content\/uploads\/2022\/10\/Arte-jornal-Zucchi-600x600_Prancheta-1-1024x1024.jpg\" alt=\"\" class=\"wp-image-34782\" style=\"width:305px;height:305px\" srcset=\"https:\/\/jornalfatosenoticias.com.br\/wp-content\/uploads\/2022\/10\/Arte-jornal-Zucchi-600x600_Prancheta-1-1024x1024.jpg 1024w, https:\/\/jornalfatosenoticias.com.br\/wp-content\/uploads\/2022\/10\/Arte-jornal-Zucchi-600x600_Prancheta-1-300x300.jpg 300w, https:\/\/jornalfatosenoticias.com.br\/wp-content\/uploads\/2022\/10\/Arte-jornal-Zucchi-600x600_Prancheta-1-150x150.jpg 150w, https:\/\/jornalfatosenoticias.com.br\/wp-content\/uploads\/2022\/10\/Arte-jornal-Zucchi-600x600_Prancheta-1-768x768.jpg 768w, https:\/\/jornalfatosenoticias.com.br\/wp-content\/uploads\/2022\/10\/Arte-jornal-Zucchi-600x600_Prancheta-1.jpg 1250w\" sizes=\"auto, (max-width: 1024px) 100vw, 1024px\" \/><\/figure>\n<\/div>\n\n\n<p>\u00c9 nesse contexto que iniciativas para viabilizar sua reciclagem s\u00e3o continuamente tentadas. Uma delas partiu de forma inovadora de uma startup voltada especificamente para este mercado, ao aproximar os elos desta cadeia (catadores e ind\u00fastria) por meio do uso de cr\u00e9ditos de reciclagem para log\u00edstica reserva, \u201catrav\u00e9s da remunera\u00e7\u00e3o pelo servi\u00e7o de reinser\u00e7\u00e3o do material p\u00f3s-consumo na cadeia de reciclagem\u201d, sendo a \u201clog\u00edstica reversa um importante instrumento para gest\u00e3o de res\u00edduos\u201d (Fonte: <a href=\"https:\/\/copirn.org.br\/fundo-de-compensacao-de-logistica-reversa-e-credito-de-reciclagem-a-relacao-entre-eles\/\">https:\/\/copirn.org.br\/fundo-de-compensacao-de-logistica-reversa-e-credito-de-reciclagem-a-relacao-entre-eles\/<\/a>). A startup em quest\u00e3o tem sua experi\u00eancia relatada em <a href=\"https:\/\/www.estadao.com.br\/economia\/governanca\/startup-eureciclo-estrutura-cadeia-reciclagem-vidro\/\">https:\/\/www.estadao.com.br\/economia\/governanca\/startup-eureciclo-estrutura-cadeia-reciclagem-vidro\/<\/a>, al\u00e9m de disponibilizar sua experi\u00eancia em <a href=\"https:\/\/info.eureciclo.com.br\/reciclagem-vidro-brasil\">https:\/\/info.eureciclo.com.br\/reciclagem-vidro-brasil<\/a>.<\/p>\n\n\n<div class=\"wp-block-image\">\n<figure class=\"aligncenter size-large\"><img loading=\"lazy\" decoding=\"async\" width=\"300\" height=\"250\" src=\"https:\/\/jornalfatosenoticias.com.br\/wp-content\/uploads\/2022\/08\/arte-Casarao.jpg\" alt=\"\" class=\"wp-image-33178\"\/><\/figure>\n<\/div>\n\n\n<p>Outro fato muito importante foi a instala\u00e7\u00e3o recente de empresa especializada em gera\u00e7\u00e3o de vidro triturado, na regi\u00e3o da Grande Vit\u00f3ria, o que significar\u00e1 um impulso neste mercado, permitindo parceria direta com cooperativas de catadores (Fonte: <a href=\"https:\/\/www.agazeta.com.br\/especial-publicitario\/marcaambiental\/nova-industria-vai-reciclar-mais-de-mil-toneladas-de-vidro-por-mes-0621\">https:\/\/www.agazeta.com.br\/especial-publicitario\/marcaambiental\/nova-industria-vai-reciclar-mais-de-mil-toneladas-de-vidro-por-mes-0621<\/a>).<\/p>\n\n\n<div class=\"wp-block-image\">\n<figure class=\"aligncenter size-large is-resized\"><img loading=\"lazy\" decoding=\"async\" width=\"1024\" height=\"1021\" src=\"https:\/\/jornalfatosenoticias.com.br\/wp-content\/uploads\/2023\/08\/BKR-1024x1021.jpg\" alt=\"\" class=\"wp-image-44494\" style=\"width:318px;height:317px\" srcset=\"https:\/\/jornalfatosenoticias.com.br\/wp-content\/uploads\/2023\/08\/BKR-1024x1021.jpg 1024w, https:\/\/jornalfatosenoticias.com.br\/wp-content\/uploads\/2023\/08\/BKR-300x300.jpg 300w, https:\/\/jornalfatosenoticias.com.br\/wp-content\/uploads\/2023\/08\/BKR-150x150.jpg 150w, https:\/\/jornalfatosenoticias.com.br\/wp-content\/uploads\/2023\/08\/BKR-768x766.jpg 768w, https:\/\/jornalfatosenoticias.com.br\/wp-content\/uploads\/2023\/08\/BKR.jpg 1080w\" sizes=\"auto, (max-width: 1024px) 100vw, 1024px\" \/><\/figure>\n<\/div>\n\n\n<p>Cabe tamb\u00e9m \u00e0s prefeituras papel fundamental neste processo, buscando sempre a conscientiza\u00e7\u00e3o necess\u00e1ria para que o vidro seja descartado em locais apropriados, disponibilizando pontos de coleta seletiva para a popula\u00e7\u00e3o (Fonte: <a href=\"https:\/\/linhares.es.gov.br\/2023\/07\/25\/reciclagem-conheca-os-pontos-de-coleta-seletiva-em-linhares\/\">https:\/\/linhares.es.gov.br\/2023\/07\/25\/reciclagem-conheca-os-pontos-de-coleta-seletiva-em-linhares\/.<\/a>)<br>A reciclagem de vidro \u00e9 portanto, ao mesmo tempo, desafio ambiental e oportunidade econ\u00f4mica, cabendo \u00e0 sociedade capixaba especial aten\u00e7\u00e3o para o tema.<\/p>\n\n\n<div class=\"wp-block-image\">\n<figure class=\"aligncenter size-large is-resized\"><img loading=\"lazy\" decoding=\"async\" width=\"300\" height=\"300\" src=\"https:\/\/jornalfatosenoticias.com.br\/wp-content\/uploads\/2020\/02\/casa-do-torresmo_portal.jpg\" alt=\"\" class=\"wp-image-34472\" style=\"width:256px;height:256px\" srcset=\"https:\/\/jornalfatosenoticias.com.br\/wp-content\/uploads\/2020\/02\/casa-do-torresmo_portal.jpg 300w, https:\/\/jornalfatosenoticias.com.br\/wp-content\/uploads\/2020\/02\/casa-do-torresmo_portal-150x150.jpg 150w\" sizes=\"auto, (max-width: 300px) 100vw, 300px\" \/><\/figure>\n<\/div>","protected":false},"excerpt":{"rendered":"<p>A reciclagem das \u201clatinhas\u201d de alum\u00ednio, em todo o Pa\u00eds, \u00e9 um fato consolidado. Movimenta a economia informal e alimenta a ind\u00fastria de produ\u00e7\u00e3o de alum\u00ednio com a melhor mat\u00e9ria-prima poss\u00edvel, em virtude da enorme redu\u00e7\u00e3o de custo existente no processo industrial. Isto se d\u00e1 por evitar a forma convencional, que se inicia com a [&hellip;]<\/p>\n","protected":false},"author":42,"featured_media":45968,"comment_status":"open","ping_status":"open","sticky":false,"template":"","format":"standard","meta":{"footnotes":""},"categories":[9],"tags":[14029,2851,21657,8559],"class_list":["post-45967","post","type-post","status-publish","format-standard","has-post-thumbnail","hentry","category-economia","tag-materia-prima","tag-reciclagem","tag-reciclagem-de-vidro","tag-vidro"],"yoast_head":"<!-- This site is optimized with the Yoast SEO plugin v26.5 - https:\/\/yoast.com\/wordpress\/plugins\/seo\/ -->\n<title>A reciclagem do vidro e seus desafios - Jornal Fatos e Not\u00edcias<\/title>\n<meta name=\"robots\" content=\"index, follow, max-snippet:-1, max-image-preview:large, max-video-preview:-1\" \/>\n<link rel=\"canonical\" href=\"https:\/\/jornalfatosenoticias.com.br\/index.php\/2023\/10\/12\/a-reciclagem-do-vidro-e-seus-desafios\/\" \/>\n<meta property=\"og:locale\" content=\"pt_BR\" \/>\n<meta property=\"og:type\" content=\"article\" \/>\n<meta property=\"og:title\" content=\"A reciclagem do vidro e seus desafios - Jornal Fatos e Not\u00edcias\" \/>\n<meta property=\"og:description\" content=\"A reciclagem das \u201clatinhas\u201d de alum\u00ednio, em todo o Pa\u00eds, \u00e9 um fato consolidado. Movimenta a economia informal e alimenta a ind\u00fastria de produ\u00e7\u00e3o de alum\u00ednio com a melhor mat\u00e9ria-prima poss\u00edvel, em virtude da enorme redu\u00e7\u00e3o de custo existente no processo industrial. Isto se d\u00e1 por evitar a forma convencional, que se inicia com a [&hellip;]\" \/>\n<meta property=\"og:url\" content=\"https:\/\/jornalfatosenoticias.com.br\/index.php\/2023\/10\/12\/a-reciclagem-do-vidro-e-seus-desafios\/\" \/>\n<meta property=\"og:site_name\" content=\"Jornal Fatos e Not\u00edcias\" \/>\n<meta property=\"article:published_time\" content=\"2023-10-12T11:56:11+00:00\" \/>\n<meta property=\"article:modified_time\" content=\"2026-02-10T15:23:48+00:00\" \/>\n<meta property=\"og:image\" content=\"https:\/\/jornalfatosenoticias.com.br\/wp-content\/uploads\/2023\/10\/reciclagem-de-vidro_iStock.jpg\" \/>\n\t<meta property=\"og:image:width\" content=\"612\" \/>\n\t<meta property=\"og:image:height\" content=\"408\" \/>\n\t<meta property=\"og:image:type\" content=\"image\/jpeg\" \/>\n<meta name=\"author\" content=\"Robson Valle\" \/>\n<meta name=\"twitter:card\" content=\"summary_large_image\" \/>\n<meta name=\"twitter:label1\" content=\"Escrito por\" \/>\n\t<meta name=\"twitter:data1\" content=\"Robson Valle\" \/>\n\t<meta name=\"twitter:label2\" content=\"Est. tempo de leitura\" \/>\n\t<meta name=\"twitter:data2\" content=\"6 minutos\" \/>\n<script type=\"application\/ld+json\" class=\"yoast-schema-graph\">{\"@context\":\"https:\/\/schema.org\",\"@graph\":[{\"@type\":\"Article\",\"@id\":\"https:\/\/jornalfatosenoticias.com.br\/index.php\/2023\/10\/12\/a-reciclagem-do-vidro-e-seus-desafios\/#article\",\"isPartOf\":{\"@id\":\"https:\/\/jornalfatosenoticias.com.br\/index.php\/2023\/10\/12\/a-reciclagem-do-vidro-e-seus-desafios\/\"},\"author\":{\"name\":\"Robson Valle\",\"@id\":\"https:\/\/jornalfatosenoticias.com.br\/#\/schema\/person\/1a227def4020333ce7943f6896c25e22\"},\"headline\":\"A reciclagem do vidro e seus desafios\",\"datePublished\":\"2023-10-12T11:56:11+00:00\",\"dateModified\":\"2026-02-10T15:23:48+00:00\",\"mainEntityOfPage\":{\"@id\":\"https:\/\/jornalfatosenoticias.com.br\/index.php\/2023\/10\/12\/a-reciclagem-do-vidro-e-seus-desafios\/\"},\"wordCount\":828,\"commentCount\":0,\"publisher\":{\"@id\":\"https:\/\/jornalfatosenoticias.com.br\/#organization\"},\"image\":{\"@id\":\"https:\/\/jornalfatosenoticias.com.br\/index.php\/2023\/10\/12\/a-reciclagem-do-vidro-e-seus-desafios\/#primaryimage\"},\"thumbnailUrl\":\"https:\/\/jornalfatosenoticias.com.br\/wp-content\/uploads\/2023\/10\/reciclagem-de-vidro_iStock.jpg\",\"keywords\":[\"mat\u00e9ria-prima\",\"reciclagem\",\"reciclagem de vidro\",\"vidro\"],\"articleSection\":[\"Economia\"],\"inLanguage\":\"pt-BR\",\"potentialAction\":[{\"@type\":\"CommentAction\",\"name\":\"Comment\",\"target\":[\"https:\/\/jornalfatosenoticias.com.br\/index.php\/2023\/10\/12\/a-reciclagem-do-vidro-e-seus-desafios\/#respond\"]}]},{\"@type\":\"WebPage\",\"@id\":\"https:\/\/jornalfatosenoticias.com.br\/index.php\/2023\/10\/12\/a-reciclagem-do-vidro-e-seus-desafios\/\",\"url\":\"https:\/\/jornalfatosenoticias.com.br\/index.php\/2023\/10\/12\/a-reciclagem-do-vidro-e-seus-desafios\/\",\"name\":\"A reciclagem do vidro e seus desafios - Jornal Fatos e Not\u00edcias\",\"isPartOf\":{\"@id\":\"https:\/\/jornalfatosenoticias.com.br\/#website\"},\"primaryImageOfPage\":{\"@id\":\"https:\/\/jornalfatosenoticias.com.br\/index.php\/2023\/10\/12\/a-reciclagem-do-vidro-e-seus-desafios\/#primaryimage\"},\"image\":{\"@id\":\"https:\/\/jornalfatosenoticias.com.br\/index.php\/2023\/10\/12\/a-reciclagem-do-vidro-e-seus-desafios\/#primaryimage\"},\"thumbnailUrl\":\"https:\/\/jornalfatosenoticias.com.br\/wp-content\/uploads\/2023\/10\/reciclagem-de-vidro_iStock.jpg\",\"datePublished\":\"2023-10-12T11:56:11+00:00\",\"dateModified\":\"2026-02-10T15:23:48+00:00\",\"breadcrumb\":{\"@id\":\"https:\/\/jornalfatosenoticias.com.br\/index.php\/2023\/10\/12\/a-reciclagem-do-vidro-e-seus-desafios\/#breadcrumb\"},\"inLanguage\":\"pt-BR\",\"potentialAction\":[{\"@type\":\"ReadAction\",\"target\":[\"https:\/\/jornalfatosenoticias.com.br\/index.php\/2023\/10\/12\/a-reciclagem-do-vidro-e-seus-desafios\/\"]}]},{\"@type\":\"ImageObject\",\"inLanguage\":\"pt-BR\",\"@id\":\"https:\/\/jornalfatosenoticias.com.br\/index.php\/2023\/10\/12\/a-reciclagem-do-vidro-e-seus-desafios\/#primaryimage\",\"url\":\"https:\/\/jornalfatosenoticias.com.br\/wp-content\/uploads\/2023\/10\/reciclagem-de-vidro_iStock.jpg\",\"contentUrl\":\"https:\/\/jornalfatosenoticias.com.br\/wp-content\/uploads\/2023\/10\/reciclagem-de-vidro_iStock.jpg\",\"width\":612,\"height\":408,\"caption\":\"Automated line for the production of glass containers. The hot bottles are put on a moving conveyor\"},{\"@type\":\"BreadcrumbList\",\"@id\":\"https:\/\/jornalfatosenoticias.com.br\/index.php\/2023\/10\/12\/a-reciclagem-do-vidro-e-seus-desafios\/#breadcrumb\",\"itemListElement\":[{\"@type\":\"ListItem\",\"position\":1,\"name\":\"In\u00edcio\",\"item\":\"https:\/\/jornalfatosenoticias.com.br\/\"},{\"@type\":\"ListItem\",\"position\":2,\"name\":\"A reciclagem do vidro e seus desafios\"}]},{\"@type\":\"WebSite\",\"@id\":\"https:\/\/jornalfatosenoticias.com.br\/#website\",\"url\":\"https:\/\/jornalfatosenoticias.com.br\/\",\"name\":\"Jornal Fatos e Not\u00edcias\",\"description\":\"Not\u00edcias em geral\",\"publisher\":{\"@id\":\"https:\/\/jornalfatosenoticias.com.br\/#organization\"},\"potentialAction\":[{\"@type\":\"SearchAction\",\"target\":{\"@type\":\"EntryPoint\",\"urlTemplate\":\"https:\/\/jornalfatosenoticias.com.br\/?s={search_term_string}\"},\"query-input\":{\"@type\":\"PropertyValueSpecification\",\"valueRequired\":true,\"valueName\":\"search_term_string\"}}],\"inLanguage\":\"pt-BR\"},{\"@type\":\"Organization\",\"@id\":\"https:\/\/jornalfatosenoticias.com.br\/#organization\",\"name\":\"Jornal Fatos e Not\u00edcias\",\"url\":\"https:\/\/jornalfatosenoticias.com.br\/\",\"logo\":{\"@type\":\"ImageObject\",\"inLanguage\":\"pt-BR\",\"@id\":\"https:\/\/jornalfatosenoticias.com.br\/#\/schema\/logo\/image\/\",\"url\":\"https:\/\/jornalfatosenoticias.com.br\/wp-content\/uploads\/2020\/02\/logo120.png\",\"contentUrl\":\"https:\/\/jornalfatosenoticias.com.br\/wp-content\/uploads\/2020\/02\/logo120.png\",\"width\":1227,\"height\":120,\"caption\":\"Jornal Fatos e Not\u00edcias\"},\"image\":{\"@id\":\"https:\/\/jornalfatosenoticias.com.br\/#\/schema\/logo\/image\/\"}},{\"@type\":\"Person\",\"@id\":\"https:\/\/jornalfatosenoticias.com.br\/#\/schema\/person\/1a227def4020333ce7943f6896c25e22\",\"name\":\"Robson Valle\",\"image\":{\"@type\":\"ImageObject\",\"inLanguage\":\"pt-BR\",\"@id\":\"https:\/\/jornalfatosenoticias.com.br\/#\/schema\/person\/image\/\",\"url\":\"https:\/\/jornalfatosenoticias.com.br\/wp-content\/uploads\/2025\/07\/Robson-Valle_portal-135x150.jpg\",\"contentUrl\":\"https:\/\/jornalfatosenoticias.com.br\/wp-content\/uploads\/2025\/07\/Robson-Valle_portal-135x150.jpg\",\"caption\":\"Robson Valle\"},\"description\":\"Engenheiro qu\u00edmico, vice-presidente da Associa\u00e7\u00e3o Profissional dos Qu\u00edmicos do ES (Aproquimes) P\u00e1gina pessoal: https:\/\/rvalle.com.br\/eqes\/\",\"url\":\"https:\/\/jornalfatosenoticias.com.br\/index.php\/author\/robson-valle\/\"}]}<\/script>\n<!-- \/ Yoast SEO plugin. -->","yoast_head_json":{"title":"A reciclagem do vidro e seus desafios - Jornal Fatos e Not\u00edcias","robots":{"index":"index","follow":"follow","max-snippet":"max-snippet:-1","max-image-preview":"max-image-preview:large","max-video-preview":"max-video-preview:-1"},"canonical":"https:\/\/jornalfatosenoticias.com.br\/index.php\/2023\/10\/12\/a-reciclagem-do-vidro-e-seus-desafios\/","og_locale":"pt_BR","og_type":"article","og_title":"A reciclagem do vidro e seus desafios - Jornal Fatos e Not\u00edcias","og_description":"A reciclagem das \u201clatinhas\u201d de alum\u00ednio, em todo o Pa\u00eds, \u00e9 um fato consolidado. Movimenta a economia informal e alimenta a ind\u00fastria de produ\u00e7\u00e3o de alum\u00ednio com a melhor mat\u00e9ria-prima poss\u00edvel, em virtude da enorme redu\u00e7\u00e3o de custo existente no processo industrial. Isto se d\u00e1 por evitar a forma convencional, que se inicia com a [&hellip;]","og_url":"https:\/\/jornalfatosenoticias.com.br\/index.php\/2023\/10\/12\/a-reciclagem-do-vidro-e-seus-desafios\/","og_site_name":"Jornal Fatos e Not\u00edcias","article_published_time":"2023-10-12T11:56:11+00:00","article_modified_time":"2026-02-10T15:23:48+00:00","og_image":[{"width":612,"height":408,"url":"https:\/\/jornalfatosenoticias.com.br\/wp-content\/uploads\/2023\/10\/reciclagem-de-vidro_iStock.jpg","type":"image\/jpeg"}],"author":"Robson Valle","twitter_card":"summary_large_image","twitter_misc":{"Escrito por":"Robson Valle","Est. tempo de leitura":"6 minutos"},"schema":{"@context":"https:\/\/schema.org","@graph":[{"@type":"Article","@id":"https:\/\/jornalfatosenoticias.com.br\/index.php\/2023\/10\/12\/a-reciclagem-do-vidro-e-seus-desafios\/#article","isPartOf":{"@id":"https:\/\/jornalfatosenoticias.com.br\/index.php\/2023\/10\/12\/a-reciclagem-do-vidro-e-seus-desafios\/"},"author":{"name":"Robson Valle","@id":"https:\/\/jornalfatosenoticias.com.br\/#\/schema\/person\/1a227def4020333ce7943f6896c25e22"},"headline":"A reciclagem do vidro e seus desafios","datePublished":"2023-10-12T11:56:11+00:00","dateModified":"2026-02-10T15:23:48+00:00","mainEntityOfPage":{"@id":"https:\/\/jornalfatosenoticias.com.br\/index.php\/2023\/10\/12\/a-reciclagem-do-vidro-e-seus-desafios\/"},"wordCount":828,"commentCount":0,"publisher":{"@id":"https:\/\/jornalfatosenoticias.com.br\/#organization"},"image":{"@id":"https:\/\/jornalfatosenoticias.com.br\/index.php\/2023\/10\/12\/a-reciclagem-do-vidro-e-seus-desafios\/#primaryimage"},"thumbnailUrl":"https:\/\/jornalfatosenoticias.com.br\/wp-content\/uploads\/2023\/10\/reciclagem-de-vidro_iStock.jpg","keywords":["mat\u00e9ria-prima","reciclagem","reciclagem de vidro","vidro"],"articleSection":["Economia"],"inLanguage":"pt-BR","potentialAction":[{"@type":"CommentAction","name":"Comment","target":["https:\/\/jornalfatosenoticias.com.br\/index.php\/2023\/10\/12\/a-reciclagem-do-vidro-e-seus-desafios\/#respond"]}]},{"@type":"WebPage","@id":"https:\/\/jornalfatosenoticias.com.br\/index.php\/2023\/10\/12\/a-reciclagem-do-vidro-e-seus-desafios\/","url":"https:\/\/jornalfatosenoticias.com.br\/index.php\/2023\/10\/12\/a-reciclagem-do-vidro-e-seus-desafios\/","name":"A reciclagem do vidro e seus desafios - Jornal Fatos e Not\u00edcias","isPartOf":{"@id":"https:\/\/jornalfatosenoticias.com.br\/#website"},"primaryImageOfPage":{"@id":"https:\/\/jornalfatosenoticias.com.br\/index.php\/2023\/10\/12\/a-reciclagem-do-vidro-e-seus-desafios\/#primaryimage"},"image":{"@id":"https:\/\/jornalfatosenoticias.com.br\/index.php\/2023\/10\/12\/a-reciclagem-do-vidro-e-seus-desafios\/#primaryimage"},"thumbnailUrl":"https:\/\/jornalfatosenoticias.com.br\/wp-content\/uploads\/2023\/10\/reciclagem-de-vidro_iStock.jpg","datePublished":"2023-10-12T11:56:11+00:00","dateModified":"2026-02-10T15:23:48+00:00","breadcrumb":{"@id":"https:\/\/jornalfatosenoticias.com.br\/index.php\/2023\/10\/12\/a-reciclagem-do-vidro-e-seus-desafios\/#breadcrumb"},"inLanguage":"pt-BR","potentialAction":[{"@type":"ReadAction","target":["https:\/\/jornalfatosenoticias.com.br\/index.php\/2023\/10\/12\/a-reciclagem-do-vidro-e-seus-desafios\/"]}]},{"@type":"ImageObject","inLanguage":"pt-BR","@id":"https:\/\/jornalfatosenoticias.com.br\/index.php\/2023\/10\/12\/a-reciclagem-do-vidro-e-seus-desafios\/#primaryimage","url":"https:\/\/jornalfatosenoticias.com.br\/wp-content\/uploads\/2023\/10\/reciclagem-de-vidro_iStock.jpg","contentUrl":"https:\/\/jornalfatosenoticias.com.br\/wp-content\/uploads\/2023\/10\/reciclagem-de-vidro_iStock.jpg","width":612,"height":408,"caption":"Automated line for the production of glass containers. The hot bottles are put on a moving conveyor"},{"@type":"BreadcrumbList","@id":"https:\/\/jornalfatosenoticias.com.br\/index.php\/2023\/10\/12\/a-reciclagem-do-vidro-e-seus-desafios\/#breadcrumb","itemListElement":[{"@type":"ListItem","position":1,"name":"In\u00edcio","item":"https:\/\/jornalfatosenoticias.com.br\/"},{"@type":"ListItem","position":2,"name":"A reciclagem do vidro e seus desafios"}]},{"@type":"WebSite","@id":"https:\/\/jornalfatosenoticias.com.br\/#website","url":"https:\/\/jornalfatosenoticias.com.br\/","name":"Jornal Fatos e Not\u00edcias","description":"Not\u00edcias em geral","publisher":{"@id":"https:\/\/jornalfatosenoticias.com.br\/#organization"},"potentialAction":[{"@type":"SearchAction","target":{"@type":"EntryPoint","urlTemplate":"https:\/\/jornalfatosenoticias.com.br\/?s={search_term_string}"},"query-input":{"@type":"PropertyValueSpecification","valueRequired":true,"valueName":"search_term_string"}}],"inLanguage":"pt-BR"},{"@type":"Organization","@id":"https:\/\/jornalfatosenoticias.com.br\/#organization","name":"Jornal Fatos e Not\u00edcias","url":"https:\/\/jornalfatosenoticias.com.br\/","logo":{"@type":"ImageObject","inLanguage":"pt-BR","@id":"https:\/\/jornalfatosenoticias.com.br\/#\/schema\/logo\/image\/","url":"https:\/\/jornalfatosenoticias.com.br\/wp-content\/uploads\/2020\/02\/logo120.png","contentUrl":"https:\/\/jornalfatosenoticias.com.br\/wp-content\/uploads\/2020\/02\/logo120.png","width":1227,"height":120,"caption":"Jornal Fatos e Not\u00edcias"},"image":{"@id":"https:\/\/jornalfatosenoticias.com.br\/#\/schema\/logo\/image\/"}},{"@type":"Person","@id":"https:\/\/jornalfatosenoticias.com.br\/#\/schema\/person\/1a227def4020333ce7943f6896c25e22","name":"Robson Valle","image":{"@type":"ImageObject","inLanguage":"pt-BR","@id":"https:\/\/jornalfatosenoticias.com.br\/#\/schema\/person\/image\/","url":"https:\/\/jornalfatosenoticias.com.br\/wp-content\/uploads\/2025\/07\/Robson-Valle_portal-135x150.jpg","contentUrl":"https:\/\/jornalfatosenoticias.com.br\/wp-content\/uploads\/2025\/07\/Robson-Valle_portal-135x150.jpg","caption":"Robson Valle"},"description":"Engenheiro qu\u00edmico, vice-presidente da Associa\u00e7\u00e3o Profissional dos Qu\u00edmicos do ES (Aproquimes) P\u00e1gina pessoal: https:\/\/rvalle.com.br\/eqes\/","url":"https:\/\/jornalfatosenoticias.com.br\/index.php\/author\/robson-valle\/"}]}},"cc_featured_image_caption":{"caption_text":"(Foto: iStock) \r\n","source_text":"","source_url":""},"jetpack_featured_media_url":"https:\/\/jornalfatosenoticias.com.br\/wp-content\/uploads\/2023\/10\/reciclagem-de-vidro_iStock.jpg","_links":{"self":[{"href":"https:\/\/jornalfatosenoticias.com.br\/index.php\/wp-json\/wp\/v2\/posts\/45967","targetHints":{"allow":["GET"]}}],"collection":[{"href":"https:\/\/jornalfatosenoticias.com.br\/index.php\/wp-json\/wp\/v2\/posts"}],"about":[{"href":"https:\/\/jornalfatosenoticias.com.br\/index.php\/wp-json\/wp\/v2\/types\/post"}],"author":[{"embeddable":true,"href":"https:\/\/jornalfatosenoticias.com.br\/index.php\/wp-json\/wp\/v2\/users\/42"}],"replies":[{"embeddable":true,"href":"https:\/\/jornalfatosenoticias.com.br\/index.php\/wp-json\/wp\/v2\/comments?post=45967"}],"version-history":[{"count":1,"href":"https:\/\/jornalfatosenoticias.com.br\/index.php\/wp-json\/wp\/v2\/posts\/45967\/revisions"}],"predecessor-version":[{"id":65005,"href":"https:\/\/jornalfatosenoticias.com.br\/index.php\/wp-json\/wp\/v2\/posts\/45967\/revisions\/65005"}],"wp:featuredmedia":[{"embeddable":true,"href":"https:\/\/jornalfatosenoticias.com.br\/index.php\/wp-json\/wp\/v2\/media\/45968"}],"wp:attachment":[{"href":"https:\/\/jornalfatosenoticias.com.br\/index.php\/wp-json\/wp\/v2\/media?parent=45967"}],"wp:term":[{"taxonomy":"category","embeddable":true,"href":"https:\/\/jornalfatosenoticias.com.br\/index.php\/wp-json\/wp\/v2\/categories?post=45967"},{"taxonomy":"post_tag","embeddable":true,"href":"https:\/\/jornalfatosenoticias.com.br\/index.php\/wp-json\/wp\/v2\/tags?post=45967"}],"curies":[{"name":"wp","href":"https:\/\/api.w.org\/{rel}","templated":true}]}}