{"id":45997,"date":"2023-10-12T10:32:58","date_gmt":"2023-10-12T13:32:58","guid":{"rendered":"https:\/\/jornalfatosenoticias.com.br\/?p=45997"},"modified":"2023-10-12T10:32:59","modified_gmt":"2023-10-12T13:32:59","slug":"mais-de-75-das-plantas-ainda-nao-catalogadas-pela-humanidade-correm-risco-de-extincao","status":"publish","type":"post","link":"https:\/\/jornalfatosenoticias.com.br\/index.php\/2023\/10\/12\/mais-de-75-das-plantas-ainda-nao-catalogadas-pela-humanidade-correm-risco-de-extincao\/","title":{"rendered":"Mais de 75% das plantas ainda n\u00e3o catalogadas pela humanidade correm risco de extin\u00e7\u00e3o"},"content":{"rendered":"\n<p><em><span class=\"has-inline-color has-black-color\">Fungos tamb\u00e9m est\u00e3o sob amea\u00e7a, segundo estudo: 90% das esp\u00e9cies permanecem desconhecidas pela ci\u00eancia, e apenas 0,02% tiveram o seu n\u00edvel de amea\u00e7a de extin\u00e7\u00e3o avaliado<\/span><\/em><\/p>\n\n\n\n<div class=\"wp-block-image\"><figure class=\"aligncenter size-large is-resized\"><img loading=\"lazy\" decoding=\"async\" src=\"https:\/\/jornalfatosenoticias.com.br\/wp-content\/uploads\/2023\/09\/vetorvix1024_1.jpg\" alt=\"\" class=\"wp-image-44868\" width=\"494\" height=\"131\" srcset=\"https:\/\/jornalfatosenoticias.com.br\/wp-content\/uploads\/2023\/09\/vetorvix1024_1.jpg 1024w, https:\/\/jornalfatosenoticias.com.br\/wp-content\/uploads\/2023\/09\/vetorvix1024_1-300x80.jpg 300w, https:\/\/jornalfatosenoticias.com.br\/wp-content\/uploads\/2023\/09\/vetorvix1024_1-768x205.jpg 768w\" sizes=\"auto, (max-width: 494px) 100vw, 494px\" \/><\/figure><\/div>\n\n\n\n<p>Esfor\u00e7os para a preserva\u00e7\u00e3o da <a class=\"\" href=\"https:\/\/umsoplaneta.globo.com\/biodiversidade\/\"><strong>biodiversidade<\/strong><\/a>\u00a0s\u00e3o, cada vez mais,\u00a0<strong><a class=\"\" href=\"https:\/\/umsoplaneta.globo.com\/opiniao\/colunas-e-blogs\/samuel-barreto\/post\/2023\/03\/a-biodiversidade-esta-em-rota-de-colapso-e-precisamos-mudar-essa-direcao.ghtml\">considerados urgentes<\/a>,<\/strong> dados os graves efeitos da a\u00e7\u00e3o humana e da crise clim\u00e1tica sobre ela. N\u00e3o \u00e0 toa, foi bastante comemorado o\u00a0<strong><a class=\"\" href=\"https:\/\/umsoplaneta.globo.com\/biodiversidade\/noticia\/2022\/12\/19\/cop15-mundo-ganha-acordo-global-de-protecao-da-biodiversidade-veja-os-destaques.ghtml\">Acordo Global de Biodiversidade Kunming-Montreal<\/a>, <\/strong>celebrado ano passado na COP-15.<br>Mas, quando se trata de plantas e fungos, os especialistas ainda t\u00eam dificuldade em responder a uma pergunta simples: quantas esp\u00e9cies desses seres existem no mundo? A preocupa\u00e7\u00e3o sobre o tema deve crescer agora que, segundo novo estudo, mais de 75% das esp\u00e9cies de plantas ainda n\u00e3o catalogadas do planeta j\u00e1 est\u00e3o amea\u00e7adas de extin\u00e7\u00e3o.<br>A quinta edi\u00e7\u00e3o do estudo \u201cEstado das Plantas e Fungos do Mundo\u201d foi publicada pela equipe de pesquisa de Kew Gardens, o jardim bot\u00e2nico real do Reino Unido. Ela re\u00fane an\u00e1lises do trabalho de mais de 200 pesquisadores internacionais e 25 artigos cient\u00edficos de ponta, fazendo um balan\u00e7o das pesquisas mais recentes sobre a biodiversidade vegetal e dos fungos.<\/p>\n\n\n\n<div class=\"wp-block-image\"><figure class=\"aligncenter size-large is-resized\"><img loading=\"lazy\" decoding=\"async\" src=\"https:\/\/jornalfatosenoticias.com.br\/wp-content\/uploads\/2020\/02\/logo-Rapuzel-1024x571.jpg\" alt=\"\" class=\"wp-image-42808\" width=\"377\" height=\"210\" srcset=\"https:\/\/jornalfatosenoticias.com.br\/wp-content\/uploads\/2020\/02\/logo-Rapuzel-1024x571.jpg 1024w, https:\/\/jornalfatosenoticias.com.br\/wp-content\/uploads\/2020\/02\/logo-Rapuzel-300x167.jpg 300w, https:\/\/jornalfatosenoticias.com.br\/wp-content\/uploads\/2020\/02\/logo-Rapuzel-768x428.jpg 768w, https:\/\/jornalfatosenoticias.com.br\/wp-content\/uploads\/2020\/02\/logo-Rapuzel-1536x856.jpg 1536w, https:\/\/jornalfatosenoticias.com.br\/wp-content\/uploads\/2020\/02\/logo-Rapuzel.jpg 1600w\" sizes=\"auto, (max-width: 377px) 100vw, 377px\" \/><\/figure><\/div>\n\n\n\n<p>Segundo os autores da revis\u00e3o, o fato de que um grande n\u00famero de novas plantas e fungos continuam a ser descobertos todos os anos, quando situado em um cen\u00e1rio de perda de biodiversidade e mudan\u00e7as clim\u00e1ticas, indica que o trabalho ainda est\u00e1 muito longe de acabar, e que organismos preciosos podem estar se perdendo antes que sejam bem compreendidos pela humanidade.<\/p>\n\n\n\n<div class=\"wp-block-image\"><figure class=\"aligncenter size-large\"><img loading=\"lazy\" decoding=\"async\" width=\"300\" height=\"250\" src=\"https:\/\/jornalfatosenoticias.com.br\/wp-content\/uploads\/2020\/02\/Banner-2.png\" alt=\"\" class=\"wp-image-43787\"\/><\/figure><\/div>\n\n\n\n<blockquote class=\"wp-block-quote is-layout-flow wp-block-quote-is-layout-flow\"><p><span class=\"has-inline-color has-luminous-vivid-orange-color\">Numa altura em que as plantas e os fungos est\u00e3o cada vez mais amea\u00e7ados, precisamos agir rapidamente para preencher lacunas de conhecimento e identificar prioridades para a conserva\u00e7\u00e3o\u201d, afirma o Professor Alexandre Antonelli, Diretor de Ci\u00eancia do Royal Botanic Gardens (RBG), \u00e0 <strong><a class=\"\" href=\"https:\/\/www.euronews.com\/green\/2023\/10\/10\/over-75-of-earths-undescribed-plants-threatened-by-extinction-new-report-warns\" target=\"_blank\" rel=\"noreferrer noopener\">Euronews<\/a>.<\/strong><\/span><\/p><\/blockquote>\n\n\n\n<div class=\"wp-block-image\"><figure class=\"aligncenter size-large is-resized\"><img loading=\"lazy\" decoding=\"async\" src=\"https:\/\/jornalfatosenoticias.com.br\/wp-content\/uploads\/2023\/03\/nova-logo-Marquetti.jpg\" alt=\"\" class=\"wp-image-40207\" width=\"334\" height=\"224\" srcset=\"https:\/\/jornalfatosenoticias.com.br\/wp-content\/uploads\/2023\/03\/nova-logo-Marquetti.jpg 643w, https:\/\/jornalfatosenoticias.com.br\/wp-content\/uploads\/2023\/03\/nova-logo-Marquetti-300x202.jpg 300w\" sizes=\"auto, (max-width: 334px) 100vw, 334px\" \/><\/figure><\/div>\n\n\n\n<p>O estudo indica que cerca de 350 mil esp\u00e9cies de plantas \u201cvasculares\u201d \u2014 aquelas com tecidos espec\u00edficos para conduzir \u00e1gua e nutrientes ao longo de suas estruturas \u2014 j\u00e1 s\u00e3o conhecidas pela ci\u00eancia. A grande maioria das esp\u00e9cies de plantas se enquadra nesta categoria.<\/p>\n\n\n\n<div class=\"wp-block-image\"><figure class=\"aligncenter size-large is-resized\"><img loading=\"lazy\" decoding=\"async\" src=\"https:\/\/jornalfatosenoticias.com.br\/wp-content\/uploads\/2023\/08\/VSM-Group.jpeg\" alt=\"\" class=\"wp-image-44364\" width=\"269\" height=\"269\"\/><\/figure><\/div>\n\n\n\n<p>O problema \u00e9 que cerca de 100 mil delas ainda n\u00e3o foram formalmente nomeadas, e os cientistas temem que as probabilidades estejam contra elas. As estimativas mais recentes avaliadas pelo Kew Gardens sugerem que tr\u00eas em cada quatro plantas vasculares n\u00e3o catalogadas j\u00e1 est\u00e3o provavelmente amea\u00e7adas de extin\u00e7\u00e3o.<\/p>\n\n\n\n<div class=\"wp-block-image\"><figure class=\"aligncenter size-large is-resized\"><img loading=\"lazy\" decoding=\"async\" src=\"https:\/\/jornalfatosenoticias.com.br\/wp-content\/uploads\/2023\/08\/Steel.jpeg\" alt=\"\" class=\"wp-image-44634\" width=\"358\" height=\"291\" srcset=\"https:\/\/jornalfatosenoticias.com.br\/wp-content\/uploads\/2023\/08\/Steel.jpeg 800w, https:\/\/jornalfatosenoticias.com.br\/wp-content\/uploads\/2023\/08\/Steel-300x244.jpeg 300w, https:\/\/jornalfatosenoticias.com.br\/wp-content\/uploads\/2023\/08\/Steel-768x624.jpeg 768w\" sizes=\"auto, (max-width: 358px) 100vw, 358px\" \/><\/figure><\/div>\n\n\n\n<p>Este n\u00famero foi alcan\u00e7ado depois de os cientistas relacionarem dados da Lista Global de Plantas Vasculares (World Checklist of Vascular Plants &#8211; WCVP) com a Lista Vermelha de Esp\u00e9cies Amea\u00e7adas da IUCN, para ver que liga\u00e7\u00f5es existem entre o ano em que uma esp\u00e9cie de planta \u00e9 formalmente descrita e o seu risco de extin\u00e7\u00e3o. Eles encontraram uma rela\u00e7\u00e3o clara: mais de 77% das esp\u00e9cies descritas em 2020 cumpriam os crit\u00e9rios para serem avaliadas como amea\u00e7adas. O que indica que o perigo n\u00e3o \u00e9 menor para as que ainda n\u00e3o foram descobertas.<\/p>\n\n\n\n<div class=\"wp-block-image\"><figure class=\"aligncenter size-large\"><img decoding=\"async\" src=\"https:\/\/jornalfatosenoticias.com.br\/wp-content\/uploads\/2020\/02\/barao-das-carnes-300x164-1.jpg\" alt=\"\" class=\"wp-image-34339\"\/><\/figure><\/div>\n\n\n\n<p>Outro dado preocupante \u00e9 que, olhando especificamente para as plantas com flores, os investigadores dizem que 45% de todas as esp\u00e9cies conhecidas podem estar sob amea\u00e7a de extin\u00e7\u00e3o. As orqu\u00eddeas est\u00e3o entre as mais amea\u00e7adas.<\/p>\n\n\n\n<div class=\"wp-block-image\"><figure class=\"aligncenter size-large is-resized\"><img loading=\"lazy\" decoding=\"async\" src=\"https:\/\/jornalfatosenoticias.com.br\/wp-content\/uploads\/2022\/10\/Arte-jornal-Zucchi-600x600_Prancheta-1-1024x1024.jpg\" alt=\"\" class=\"wp-image-34782\" width=\"332\" height=\"332\" srcset=\"https:\/\/jornalfatosenoticias.com.br\/wp-content\/uploads\/2022\/10\/Arte-jornal-Zucchi-600x600_Prancheta-1-1024x1024.jpg 1024w, https:\/\/jornalfatosenoticias.com.br\/wp-content\/uploads\/2022\/10\/Arte-jornal-Zucchi-600x600_Prancheta-1-300x300.jpg 300w, https:\/\/jornalfatosenoticias.com.br\/wp-content\/uploads\/2022\/10\/Arte-jornal-Zucchi-600x600_Prancheta-1-150x150.jpg 150w, https:\/\/jornalfatosenoticias.com.br\/wp-content\/uploads\/2022\/10\/Arte-jornal-Zucchi-600x600_Prancheta-1-768x768.jpg 768w, https:\/\/jornalfatosenoticias.com.br\/wp-content\/uploads\/2022\/10\/Arte-jornal-Zucchi-600x600_Prancheta-1.jpg 1250w\" sizes=\"auto, (max-width: 332px) 100vw, 332px\" \/><\/figure><\/div>\n\n\n\n<p><strong><span class=\"has-inline-color has-vivid-green-cyan-color\">Presumir o risco, mesmo sem conhecer as esp\u00e9cies<br><\/span><\/strong>Para os cientistas, novas esp\u00e9cies devem ser tratadas como amea\u00e7adas at\u00e9 prova em contr\u00e1rio. Eles dizem que, cada vez mais, as esp\u00e9cies recentemente catalogadas t\u00eam \u00e1reas de distribui\u00e7\u00e3o bastante pequenas (muitas s\u00e3o descritas a partir de um \u00fanico local) e est\u00e3o em decl\u00ednio populacional e\/ou de habitat.<\/p>\n\n\n\n<div class=\"wp-block-image\"><figure class=\"aligncenter size-large\"><img decoding=\"async\" src=\"https:\/\/jornalfatosenoticias.com.br\/wp-content\/uploads\/2020\/02\/logo_esteio.jpg\" alt=\"\" class=\"wp-image-1214\"\/><\/figure><\/div>\n\n\n\n<blockquote class=\"wp-block-quote is-layout-flow wp-block-quote-is-layout-flow\"><p><span class=\"has-inline-color has-luminous-vivid-orange-color\">Se for aceita, a nossa recomenda\u00e7\u00e3o poder\u00e1 ajudar na prote\u00e7\u00e3o de dezenas de milhares de esp\u00e9cies amea\u00e7adas n\u00e3o catalogadas, tratando-as como amea\u00e7adas assim que forem conhecidas por n\u00f3s\u201d, afirma Matilda Brown, pesquisadora em Avalia\u00e7\u00e3o e An\u00e1lise de Conserva\u00e7\u00e3o em Kew.<\/span><\/p><\/blockquote>\n\n\n\n<div class=\"wp-block-image\"><figure class=\"aligncenter size-large is-resized\"><img loading=\"lazy\" decoding=\"async\" src=\"https:\/\/jornalfatosenoticias.com.br\/wp-content\/uploads\/2020\/02\/CONTROL-CS.jpg\" alt=\"\" class=\"wp-image-44991\" width=\"349\" height=\"419\" srcset=\"https:\/\/jornalfatosenoticias.com.br\/wp-content\/uploads\/2020\/02\/CONTROL-CS.jpg 834w, https:\/\/jornalfatosenoticias.com.br\/wp-content\/uploads\/2020\/02\/CONTROL-CS-250x300.jpg 250w, https:\/\/jornalfatosenoticias.com.br\/wp-content\/uploads\/2020\/02\/CONTROL-CS-768x921.jpg 768w\" sizes=\"auto, (max-width: 349px) 100vw, 349px\" \/><\/figure><\/div>\n\n\n\n<p>Os cientistas dizem que \u00e9 imprescind\u00edvel lan\u00e7ar luz sobre as \u201cmanchas escuras de biodiversidade\u201d do planeta \u2014 \u00e1reas onde faltam dados sobre diversidade e distribui\u00e7\u00e3o de plantas. Dos 32 locais identificados como carentes de dados, pelo menos 44% est\u00e3o na \u00c1sia tropical \u2014 dando uma ideia clara de onde \u00e9 necess\u00e1rio mais trabalho de campo.<\/p>\n\n\n\n<div class=\"wp-block-image\"><figure class=\"aligncenter size-large\"><img loading=\"lazy\" decoding=\"async\" width=\"612\" height=\"408\" src=\"https:\/\/jornalfatosenoticias.com.br\/wp-content\/uploads\/2023\/10\/plantas-extincao2_istockphoto.jpg\" alt=\"\" class=\"wp-image-45998\" srcset=\"https:\/\/jornalfatosenoticias.com.br\/wp-content\/uploads\/2023\/10\/plantas-extincao2_istockphoto.jpg 612w, https:\/\/jornalfatosenoticias.com.br\/wp-content\/uploads\/2023\/10\/plantas-extincao2_istockphoto-300x200.jpg 300w\" sizes=\"auto, (max-width: 612px) 100vw, 612px\" \/><figcaption><em><span class=\"has-inline-color has-black-color\">Estudo diz que mais de 75% das esp\u00e9cies de plantas ainda n\u00e3o catalogadas do planeta j\u00e1 est\u00e3o amea\u00e7adas de extin\u00e7\u00e3o (Foto: iStock)<\/span><\/em><\/figcaption><\/figure><\/div>\n\n\n\n<p><strong><span class=\"has-inline-color has-vivid-green-cyan-color\">Como nomear e proteger todas as plantas?<br><\/span><\/strong>Conhecer uma esp\u00e9cie permite aos pesquisadores compartilhar informa\u00e7\u00f5es, avaliar o seu estado de conserva\u00e7\u00e3o para compreender se est\u00e1 em risco de extin\u00e7\u00e3o, e explorar o seu potencial benef\u00edcio para os seres humanos. Plantas e fungos sustentam basicamente toda a vida na Terra, fornecendo alimentos, medicamentos, roupas e mat\u00e9rias-primas para outros produtos.<\/p>\n\n\n\n<div class=\"wp-block-image\"><figure class=\"aligncenter size-large is-resized\"><img loading=\"lazy\" decoding=\"async\" src=\"https:\/\/jornalfatosenoticias.com.br\/wp-content\/uploads\/2023\/03\/logo-Panper_portal.jpg\" alt=\"\" class=\"wp-image-40208\" width=\"336\" height=\"233\" srcset=\"https:\/\/jornalfatosenoticias.com.br\/wp-content\/uploads\/2023\/03\/logo-Panper_portal.jpg 400w, https:\/\/jornalfatosenoticias.com.br\/wp-content\/uploads\/2023\/03\/logo-Panper_portal-300x208.jpg 300w\" sizes=\"auto, (max-width: 336px) 100vw, 336px\" \/><\/figure><\/div>\n\n\n\n<p>Felizmente, dois grandes avan\u00e7os est\u00e3o ajudando os cientistas a serem mais precisos em rela\u00e7\u00e3o \u00e0s esp\u00e9cies vegetais, relata o Euronews. Em primeiro lugar, a WCVP foi finalmente compilada pelo bot\u00e2nico belga Rafa\u00ebl Govaerts ap\u00f3s 35 anos de investiga\u00e7\u00e3o.<\/p>\n\n\n\n<div class=\"wp-block-image\"><figure class=\"aligncenter size-large\"><img loading=\"lazy\" decoding=\"async\" width=\"300\" height=\"300\" src=\"https:\/\/jornalfatosenoticias.com.br\/wp-content\/uploads\/2020\/02\/casa-do-torresmo_portal.jpg\" alt=\"\" class=\"wp-image-34472\" srcset=\"https:\/\/jornalfatosenoticias.com.br\/wp-content\/uploads\/2020\/02\/casa-do-torresmo_portal.jpg 300w, https:\/\/jornalfatosenoticias.com.br\/wp-content\/uploads\/2020\/02\/casa-do-torresmo_portal-150x150.jpg 150w\" sizes=\"auto, (max-width: 300px) 100vw, 300px\" \/><\/figure><\/div>\n\n\n\n<blockquote class=\"wp-block-quote is-layout-flow wp-block-quote-is-layout-flow\"><p><span class=\"has-inline-color has-luminous-vivid-orange-color\">H\u00e1 mais de 160 anos, Charles Darwin sonhou com uma lista completa de esp\u00e9cies de plantas de todos os cantos do globo. Este tamb\u00e9m tem sido o meu sonho, motivado pela destrui\u00e7\u00e3o desenfreada das florestas tropicais e da biodiversidade em geral, que testemunhei desde quando era estudante&#8221;, diz Govaerts.<\/span><\/p><\/blockquote>\n\n\n\n<div class=\"wp-block-image\"><figure class=\"aligncenter size-large is-resized\"><img loading=\"lazy\" decoding=\"async\" src=\"https:\/\/jornalfatosenoticias.com.br\/wp-content\/uploads\/2023\/08\/BKR-1024x1021.jpg\" alt=\"\" class=\"wp-image-44494\" width=\"332\" height=\"331\" srcset=\"https:\/\/jornalfatosenoticias.com.br\/wp-content\/uploads\/2023\/08\/BKR-1024x1021.jpg 1024w, https:\/\/jornalfatosenoticias.com.br\/wp-content\/uploads\/2023\/08\/BKR-300x300.jpg 300w, https:\/\/jornalfatosenoticias.com.br\/wp-content\/uploads\/2023\/08\/BKR-150x150.jpg 150w, https:\/\/jornalfatosenoticias.com.br\/wp-content\/uploads\/2023\/08\/BKR-768x766.jpg 768w, https:\/\/jornalfatosenoticias.com.br\/wp-content\/uploads\/2023\/08\/BKR.jpg 1080w\" sizes=\"auto, (max-width: 332px) 100vw, 332px\" \/><\/figure><\/div>\n\n\n\n<p>Em segundo lugar, as an\u00e1lises do DNA em amostras de solo em todo o mundo forneceram uma riqueza de novas informa\u00e7\u00f5es sobre a diversidade de fungos. At\u00e9 o momento, apenas 155 mil esp\u00e9cies de fungos foram formalmente nomeadas. Mas os investigadores h\u00e1 muito que suspeitam que esse reino \u00e9 t\u00e3o ou mais diverso que o das plantas e dos animais.<\/p>\n\n\n\n<div class=\"wp-block-image\"><figure class=\"aligncenter size-large\"><img loading=\"lazy\" decoding=\"async\" width=\"300\" height=\"250\" src=\"https:\/\/jornalfatosenoticias.com.br\/wp-content\/uploads\/2022\/08\/arte-Casarao.jpg\" alt=\"\" class=\"wp-image-33178\"\/><\/figure><\/div>\n\n\n\n<p>Agora, gra\u00e7as em parte aos avan\u00e7os tecnol\u00f3gicos, os cientistas estimam que existam cerca de 2,5 milh\u00f5es de esp\u00e9cies de fungos em todo o mundo. Isto significa que mais de 90% das esp\u00e9cies de fungos permanecem desconhecidas pela ci\u00eancia, e apenas 0,02% tiveram o seu n\u00edvel de amea\u00e7a de extin\u00e7\u00e3o global avaliado. Um avan\u00e7o importante, mas que deixa claro quanto trabalho ainda h\u00e1 pela frente.<\/p>\n\n\n\n<div class=\"wp-block-image\"><figure class=\"aligncenter size-large is-resized\"><img loading=\"lazy\" decoding=\"async\" src=\"https:\/\/jornalfatosenoticias.com.br\/wp-content\/uploads\/2022\/10\/RC_800x750_page-0001.jpg\" alt=\"\" class=\"wp-image-35338\" width=\"303\" height=\"284\" srcset=\"https:\/\/jornalfatosenoticias.com.br\/wp-content\/uploads\/2022\/10\/RC_800x750_page-0001.jpg 400w, https:\/\/jornalfatosenoticias.com.br\/wp-content\/uploads\/2022\/10\/RC_800x750_page-0001-300x281.jpg 300w\" sizes=\"auto, (max-width: 303px) 100vw, 303px\" \/><\/figure><\/div>\n\n\n\n<p><strong><em>Fonte:<a href=\"https:\/\/umsoplaneta.globo.com\/biodiversidade\/noticia\/2023\/10\/11\/desconhecidas-e-ameacadas-mais-de-75percent-das-plantas-ainda-nao-catalogadas-pela-humanidade-correm-risco-de-extincao.ghtml\"> Um S\u00f3 Planeta<\/a><\/em><\/strong><\/p>\n","protected":false},"excerpt":{"rendered":"<p>Fungos tamb\u00e9m est\u00e3o sob amea\u00e7a, segundo estudo: 90% das esp\u00e9cies permanecem desconhecidas pela ci\u00eancia, e apenas 0,02% tiveram o seu n\u00edvel de amea\u00e7a de extin\u00e7\u00e3o avaliado Esfor\u00e7os para a preserva\u00e7\u00e3o da biodiversidade\u00a0s\u00e3o, cada vez mais,\u00a0considerados urgentes, dados os graves efeitos da a\u00e7\u00e3o humana e da crise clim\u00e1tica sobre ela. N\u00e3o \u00e0 toa, foi bastante comemorado [&hellip;]<\/p>\n","protected":false},"author":2,"featured_media":45999,"comment_status":"open","ping_status":"open","sticky":false,"template":"","format":"standard","meta":{"footnotes":""},"categories":[8],"tags":[3016,3512,2444,784,5840],"class_list":["post-45997","post","type-post","status-publish","format-standard","has-post-thumbnail","hentry","category-meio-ambiente","tag-ameaca-de-extincao","tag-especies-ameacadas","tag-fungos","tag-plantas","tag-risco-de-extincao-2"],"yoast_head":"<!-- This site is optimized with the Yoast SEO plugin v26.5 - https:\/\/yoast.com\/wordpress\/plugins\/seo\/ -->\n<title>Mais de 75% das plantas ainda n\u00e3o catalogadas pela humanidade correm risco de extin\u00e7\u00e3o - Jornal Fatos e Not\u00edcias<\/title>\n<meta name=\"robots\" content=\"index, follow, max-snippet:-1, max-image-preview:large, max-video-preview:-1\" \/>\n<link rel=\"canonical\" href=\"https:\/\/jornalfatosenoticias.com.br\/index.php\/2023\/10\/12\/mais-de-75-das-plantas-ainda-nao-catalogadas-pela-humanidade-correm-risco-de-extincao\/\" \/>\n<meta property=\"og:locale\" content=\"pt_BR\" \/>\n<meta property=\"og:type\" content=\"article\" \/>\n<meta property=\"og:title\" content=\"Mais de 75% das plantas ainda n\u00e3o catalogadas pela humanidade correm risco de extin\u00e7\u00e3o - Jornal Fatos e Not\u00edcias\" \/>\n<meta property=\"og:description\" content=\"Fungos tamb\u00e9m est\u00e3o sob amea\u00e7a, segundo estudo: 90% das esp\u00e9cies permanecem desconhecidas pela ci\u00eancia, e apenas 0,02% tiveram o seu n\u00edvel de amea\u00e7a de extin\u00e7\u00e3o avaliado Esfor\u00e7os para a preserva\u00e7\u00e3o da biodiversidade\u00a0s\u00e3o, cada vez mais,\u00a0considerados urgentes, dados os graves efeitos da a\u00e7\u00e3o humana e da crise clim\u00e1tica sobre ela. N\u00e3o \u00e0 toa, foi bastante comemorado [&hellip;]\" \/>\n<meta property=\"og:url\" content=\"https:\/\/jornalfatosenoticias.com.br\/index.php\/2023\/10\/12\/mais-de-75-das-plantas-ainda-nao-catalogadas-pela-humanidade-correm-risco-de-extincao\/\" \/>\n<meta property=\"og:site_name\" content=\"Jornal Fatos e Not\u00edcias\" \/>\n<meta property=\"article:published_time\" content=\"2023-10-12T13:32:58+00:00\" \/>\n<meta property=\"article:modified_time\" content=\"2023-10-12T13:32:59+00:00\" \/>\n<meta property=\"og:image\" content=\"https:\/\/jornalfatosenoticias.com.br\/wp-content\/uploads\/2023\/10\/plantas-extincao_istockphoto.jpg\" \/>\n\t<meta property=\"og:image:width\" content=\"612\" \/>\n\t<meta property=\"og:image:height\" content=\"408\" \/>\n\t<meta property=\"og:image:type\" content=\"image\/jpeg\" \/>\n<meta name=\"author\" content=\"Luzimara Fernandes\" \/>\n<meta name=\"twitter:card\" content=\"summary_large_image\" \/>\n<meta name=\"twitter:label1\" content=\"Escrito por\" \/>\n\t<meta name=\"twitter:data1\" content=\"Luzimara Fernandes\" \/>\n\t<meta name=\"twitter:label2\" content=\"Est. tempo de leitura\" \/>\n\t<meta name=\"twitter:data2\" content=\"5 minutos\" \/>\n<script type=\"application\/ld+json\" class=\"yoast-schema-graph\">{\"@context\":\"https:\/\/schema.org\",\"@graph\":[{\"@type\":\"Article\",\"@id\":\"https:\/\/jornalfatosenoticias.com.br\/index.php\/2023\/10\/12\/mais-de-75-das-plantas-ainda-nao-catalogadas-pela-humanidade-correm-risco-de-extincao\/#article\",\"isPartOf\":{\"@id\":\"https:\/\/jornalfatosenoticias.com.br\/index.php\/2023\/10\/12\/mais-de-75-das-plantas-ainda-nao-catalogadas-pela-humanidade-correm-risco-de-extincao\/\"},\"author\":{\"name\":\"Luzimara Fernandes\",\"@id\":\"https:\/\/jornalfatosenoticias.com.br\/#\/schema\/person\/d63837fa13ac8666eb9e74e0985d6f81\"},\"headline\":\"Mais de 75% das plantas ainda n\u00e3o catalogadas pela humanidade correm risco de extin\u00e7\u00e3o\",\"datePublished\":\"2023-10-12T13:32:58+00:00\",\"dateModified\":\"2023-10-12T13:32:59+00:00\",\"mainEntityOfPage\":{\"@id\":\"https:\/\/jornalfatosenoticias.com.br\/index.php\/2023\/10\/12\/mais-de-75-das-plantas-ainda-nao-catalogadas-pela-humanidade-correm-risco-de-extincao\/\"},\"wordCount\":1063,\"commentCount\":0,\"publisher\":{\"@id\":\"https:\/\/jornalfatosenoticias.com.br\/#organization\"},\"image\":{\"@id\":\"https:\/\/jornalfatosenoticias.com.br\/index.php\/2023\/10\/12\/mais-de-75-das-plantas-ainda-nao-catalogadas-pela-humanidade-correm-risco-de-extincao\/#primaryimage\"},\"thumbnailUrl\":\"https:\/\/jornalfatosenoticias.com.br\/wp-content\/uploads\/2023\/10\/plantas-extincao_istockphoto.jpg\",\"keywords\":[\"amea\u00e7a de extin\u00e7\u00e3o\",\"esp\u00e9cies amea\u00e7adas\",\"fungos\",\"plantas\",\"risco de extin\u00e7\u00e3o\"],\"articleSection\":[\"Meio ambiente\"],\"inLanguage\":\"pt-BR\",\"potentialAction\":[{\"@type\":\"CommentAction\",\"name\":\"Comment\",\"target\":[\"https:\/\/jornalfatosenoticias.com.br\/index.php\/2023\/10\/12\/mais-de-75-das-plantas-ainda-nao-catalogadas-pela-humanidade-correm-risco-de-extincao\/#respond\"]}]},{\"@type\":\"WebPage\",\"@id\":\"https:\/\/jornalfatosenoticias.com.br\/index.php\/2023\/10\/12\/mais-de-75-das-plantas-ainda-nao-catalogadas-pela-humanidade-correm-risco-de-extincao\/\",\"url\":\"https:\/\/jornalfatosenoticias.com.br\/index.php\/2023\/10\/12\/mais-de-75-das-plantas-ainda-nao-catalogadas-pela-humanidade-correm-risco-de-extincao\/\",\"name\":\"Mais de 75% das plantas ainda n\u00e3o catalogadas pela humanidade correm risco de extin\u00e7\u00e3o - Jornal Fatos e Not\u00edcias\",\"isPartOf\":{\"@id\":\"https:\/\/jornalfatosenoticias.com.br\/#website\"},\"primaryImageOfPage\":{\"@id\":\"https:\/\/jornalfatosenoticias.com.br\/index.php\/2023\/10\/12\/mais-de-75-das-plantas-ainda-nao-catalogadas-pela-humanidade-correm-risco-de-extincao\/#primaryimage\"},\"image\":{\"@id\":\"https:\/\/jornalfatosenoticias.com.br\/index.php\/2023\/10\/12\/mais-de-75-das-plantas-ainda-nao-catalogadas-pela-humanidade-correm-risco-de-extincao\/#primaryimage\"},\"thumbnailUrl\":\"https:\/\/jornalfatosenoticias.com.br\/wp-content\/uploads\/2023\/10\/plantas-extincao_istockphoto.jpg\",\"datePublished\":\"2023-10-12T13:32:58+00:00\",\"dateModified\":\"2023-10-12T13:32:59+00:00\",\"breadcrumb\":{\"@id\":\"https:\/\/jornalfatosenoticias.com.br\/index.php\/2023\/10\/12\/mais-de-75-das-plantas-ainda-nao-catalogadas-pela-humanidade-correm-risco-de-extincao\/#breadcrumb\"},\"inLanguage\":\"pt-BR\",\"potentialAction\":[{\"@type\":\"ReadAction\",\"target\":[\"https:\/\/jornalfatosenoticias.com.br\/index.php\/2023\/10\/12\/mais-de-75-das-plantas-ainda-nao-catalogadas-pela-humanidade-correm-risco-de-extincao\/\"]}]},{\"@type\":\"ImageObject\",\"inLanguage\":\"pt-BR\",\"@id\":\"https:\/\/jornalfatosenoticias.com.br\/index.php\/2023\/10\/12\/mais-de-75-das-plantas-ainda-nao-catalogadas-pela-humanidade-correm-risco-de-extincao\/#primaryimage\",\"url\":\"https:\/\/jornalfatosenoticias.com.br\/wp-content\/uploads\/2023\/10\/plantas-extincao_istockphoto.jpg\",\"contentUrl\":\"https:\/\/jornalfatosenoticias.com.br\/wp-content\/uploads\/2023\/10\/plantas-extincao_istockphoto.jpg\",\"width\":612,\"height\":408,\"caption\":\"Coffee flower blossom for nature background.\"},{\"@type\":\"BreadcrumbList\",\"@id\":\"https:\/\/jornalfatosenoticias.com.br\/index.php\/2023\/10\/12\/mais-de-75-das-plantas-ainda-nao-catalogadas-pela-humanidade-correm-risco-de-extincao\/#breadcrumb\",\"itemListElement\":[{\"@type\":\"ListItem\",\"position\":1,\"name\":\"In\u00edcio\",\"item\":\"https:\/\/jornalfatosenoticias.com.br\/\"},{\"@type\":\"ListItem\",\"position\":2,\"name\":\"Mais de 75% das plantas ainda n\u00e3o catalogadas pela humanidade correm risco de extin\u00e7\u00e3o\"}]},{\"@type\":\"WebSite\",\"@id\":\"https:\/\/jornalfatosenoticias.com.br\/#website\",\"url\":\"https:\/\/jornalfatosenoticias.com.br\/\",\"name\":\"Jornal Fatos e Not\u00edcias\",\"description\":\"Not\u00edcias em geral\",\"publisher\":{\"@id\":\"https:\/\/jornalfatosenoticias.com.br\/#organization\"},\"potentialAction\":[{\"@type\":\"SearchAction\",\"target\":{\"@type\":\"EntryPoint\",\"urlTemplate\":\"https:\/\/jornalfatosenoticias.com.br\/?s={search_term_string}\"},\"query-input\":{\"@type\":\"PropertyValueSpecification\",\"valueRequired\":true,\"valueName\":\"search_term_string\"}}],\"inLanguage\":\"pt-BR\"},{\"@type\":\"Organization\",\"@id\":\"https:\/\/jornalfatosenoticias.com.br\/#organization\",\"name\":\"Jornal Fatos e Not\u00edcias\",\"url\":\"https:\/\/jornalfatosenoticias.com.br\/\",\"logo\":{\"@type\":\"ImageObject\",\"inLanguage\":\"pt-BR\",\"@id\":\"https:\/\/jornalfatosenoticias.com.br\/#\/schema\/logo\/image\/\",\"url\":\"https:\/\/jornalfatosenoticias.com.br\/wp-content\/uploads\/2020\/02\/logo120.png\",\"contentUrl\":\"https:\/\/jornalfatosenoticias.com.br\/wp-content\/uploads\/2020\/02\/logo120.png\",\"width\":1227,\"height\":120,\"caption\":\"Jornal Fatos e Not\u00edcias\"},\"image\":{\"@id\":\"https:\/\/jornalfatosenoticias.com.br\/#\/schema\/logo\/image\/\"}},{\"@type\":\"Person\",\"@id\":\"https:\/\/jornalfatosenoticias.com.br\/#\/schema\/person\/d63837fa13ac8666eb9e74e0985d6f81\",\"name\":\"Luzimara Fernandes\",\"image\":{\"@type\":\"ImageObject\",\"inLanguage\":\"pt-BR\",\"@id\":\"https:\/\/jornalfatosenoticias.com.br\/#\/schema\/person\/image\/\",\"url\":\"https:\/\/jornalfatosenoticias.com.br\/wp-content\/uploads\/2025\/05\/EU_portal.jpg\",\"contentUrl\":\"https:\/\/jornalfatosenoticias.com.br\/wp-content\/uploads\/2025\/05\/EU_portal.jpg\",\"caption\":\"Luzimara Fernandes\"},\"description\":\"Jornalista MTB 2358-ES\",\"sameAs\":[\"https:\/\/jornalfatosenoticias.com.br\"],\"url\":\"https:\/\/jornalfatosenoticias.com.br\/index.php\/author\/luzimara\/\"}]}<\/script>\n<!-- \/ Yoast SEO plugin. -->","yoast_head_json":{"title":"Mais de 75% das plantas ainda n\u00e3o catalogadas pela humanidade correm risco de extin\u00e7\u00e3o - Jornal Fatos e Not\u00edcias","robots":{"index":"index","follow":"follow","max-snippet":"max-snippet:-1","max-image-preview":"max-image-preview:large","max-video-preview":"max-video-preview:-1"},"canonical":"https:\/\/jornalfatosenoticias.com.br\/index.php\/2023\/10\/12\/mais-de-75-das-plantas-ainda-nao-catalogadas-pela-humanidade-correm-risco-de-extincao\/","og_locale":"pt_BR","og_type":"article","og_title":"Mais de 75% das plantas ainda n\u00e3o catalogadas pela humanidade correm risco de extin\u00e7\u00e3o - Jornal Fatos e Not\u00edcias","og_description":"Fungos tamb\u00e9m est\u00e3o sob amea\u00e7a, segundo estudo: 90% das esp\u00e9cies permanecem desconhecidas pela ci\u00eancia, e apenas 0,02% tiveram o seu n\u00edvel de amea\u00e7a de extin\u00e7\u00e3o avaliado Esfor\u00e7os para a preserva\u00e7\u00e3o da biodiversidade\u00a0s\u00e3o, cada vez mais,\u00a0considerados urgentes, dados os graves efeitos da a\u00e7\u00e3o humana e da crise clim\u00e1tica sobre ela. N\u00e3o \u00e0 toa, foi bastante comemorado [&hellip;]","og_url":"https:\/\/jornalfatosenoticias.com.br\/index.php\/2023\/10\/12\/mais-de-75-das-plantas-ainda-nao-catalogadas-pela-humanidade-correm-risco-de-extincao\/","og_site_name":"Jornal Fatos e Not\u00edcias","article_published_time":"2023-10-12T13:32:58+00:00","article_modified_time":"2023-10-12T13:32:59+00:00","og_image":[{"width":612,"height":408,"url":"https:\/\/jornalfatosenoticias.com.br\/wp-content\/uploads\/2023\/10\/plantas-extincao_istockphoto.jpg","type":"image\/jpeg"}],"author":"Luzimara Fernandes","twitter_card":"summary_large_image","twitter_misc":{"Escrito por":"Luzimara Fernandes","Est. tempo de leitura":"5 minutos"},"schema":{"@context":"https:\/\/schema.org","@graph":[{"@type":"Article","@id":"https:\/\/jornalfatosenoticias.com.br\/index.php\/2023\/10\/12\/mais-de-75-das-plantas-ainda-nao-catalogadas-pela-humanidade-correm-risco-de-extincao\/#article","isPartOf":{"@id":"https:\/\/jornalfatosenoticias.com.br\/index.php\/2023\/10\/12\/mais-de-75-das-plantas-ainda-nao-catalogadas-pela-humanidade-correm-risco-de-extincao\/"},"author":{"name":"Luzimara Fernandes","@id":"https:\/\/jornalfatosenoticias.com.br\/#\/schema\/person\/d63837fa13ac8666eb9e74e0985d6f81"},"headline":"Mais de 75% das plantas ainda n\u00e3o catalogadas pela humanidade correm risco de extin\u00e7\u00e3o","datePublished":"2023-10-12T13:32:58+00:00","dateModified":"2023-10-12T13:32:59+00:00","mainEntityOfPage":{"@id":"https:\/\/jornalfatosenoticias.com.br\/index.php\/2023\/10\/12\/mais-de-75-das-plantas-ainda-nao-catalogadas-pela-humanidade-correm-risco-de-extincao\/"},"wordCount":1063,"commentCount":0,"publisher":{"@id":"https:\/\/jornalfatosenoticias.com.br\/#organization"},"image":{"@id":"https:\/\/jornalfatosenoticias.com.br\/index.php\/2023\/10\/12\/mais-de-75-das-plantas-ainda-nao-catalogadas-pela-humanidade-correm-risco-de-extincao\/#primaryimage"},"thumbnailUrl":"https:\/\/jornalfatosenoticias.com.br\/wp-content\/uploads\/2023\/10\/plantas-extincao_istockphoto.jpg","keywords":["amea\u00e7a de extin\u00e7\u00e3o","esp\u00e9cies amea\u00e7adas","fungos","plantas","risco de extin\u00e7\u00e3o"],"articleSection":["Meio ambiente"],"inLanguage":"pt-BR","potentialAction":[{"@type":"CommentAction","name":"Comment","target":["https:\/\/jornalfatosenoticias.com.br\/index.php\/2023\/10\/12\/mais-de-75-das-plantas-ainda-nao-catalogadas-pela-humanidade-correm-risco-de-extincao\/#respond"]}]},{"@type":"WebPage","@id":"https:\/\/jornalfatosenoticias.com.br\/index.php\/2023\/10\/12\/mais-de-75-das-plantas-ainda-nao-catalogadas-pela-humanidade-correm-risco-de-extincao\/","url":"https:\/\/jornalfatosenoticias.com.br\/index.php\/2023\/10\/12\/mais-de-75-das-plantas-ainda-nao-catalogadas-pela-humanidade-correm-risco-de-extincao\/","name":"Mais de 75% das plantas ainda n\u00e3o catalogadas pela humanidade correm risco de extin\u00e7\u00e3o - Jornal Fatos e Not\u00edcias","isPartOf":{"@id":"https:\/\/jornalfatosenoticias.com.br\/#website"},"primaryImageOfPage":{"@id":"https:\/\/jornalfatosenoticias.com.br\/index.php\/2023\/10\/12\/mais-de-75-das-plantas-ainda-nao-catalogadas-pela-humanidade-correm-risco-de-extincao\/#primaryimage"},"image":{"@id":"https:\/\/jornalfatosenoticias.com.br\/index.php\/2023\/10\/12\/mais-de-75-das-plantas-ainda-nao-catalogadas-pela-humanidade-correm-risco-de-extincao\/#primaryimage"},"thumbnailUrl":"https:\/\/jornalfatosenoticias.com.br\/wp-content\/uploads\/2023\/10\/plantas-extincao_istockphoto.jpg","datePublished":"2023-10-12T13:32:58+00:00","dateModified":"2023-10-12T13:32:59+00:00","breadcrumb":{"@id":"https:\/\/jornalfatosenoticias.com.br\/index.php\/2023\/10\/12\/mais-de-75-das-plantas-ainda-nao-catalogadas-pela-humanidade-correm-risco-de-extincao\/#breadcrumb"},"inLanguage":"pt-BR","potentialAction":[{"@type":"ReadAction","target":["https:\/\/jornalfatosenoticias.com.br\/index.php\/2023\/10\/12\/mais-de-75-das-plantas-ainda-nao-catalogadas-pela-humanidade-correm-risco-de-extincao\/"]}]},{"@type":"ImageObject","inLanguage":"pt-BR","@id":"https:\/\/jornalfatosenoticias.com.br\/index.php\/2023\/10\/12\/mais-de-75-das-plantas-ainda-nao-catalogadas-pela-humanidade-correm-risco-de-extincao\/#primaryimage","url":"https:\/\/jornalfatosenoticias.com.br\/wp-content\/uploads\/2023\/10\/plantas-extincao_istockphoto.jpg","contentUrl":"https:\/\/jornalfatosenoticias.com.br\/wp-content\/uploads\/2023\/10\/plantas-extincao_istockphoto.jpg","width":612,"height":408,"caption":"Coffee flower blossom for nature background."},{"@type":"BreadcrumbList","@id":"https:\/\/jornalfatosenoticias.com.br\/index.php\/2023\/10\/12\/mais-de-75-das-plantas-ainda-nao-catalogadas-pela-humanidade-correm-risco-de-extincao\/#breadcrumb","itemListElement":[{"@type":"ListItem","position":1,"name":"In\u00edcio","item":"https:\/\/jornalfatosenoticias.com.br\/"},{"@type":"ListItem","position":2,"name":"Mais de 75% das plantas ainda n\u00e3o catalogadas pela humanidade correm risco de extin\u00e7\u00e3o"}]},{"@type":"WebSite","@id":"https:\/\/jornalfatosenoticias.com.br\/#website","url":"https:\/\/jornalfatosenoticias.com.br\/","name":"Jornal Fatos e Not\u00edcias","description":"Not\u00edcias em geral","publisher":{"@id":"https:\/\/jornalfatosenoticias.com.br\/#organization"},"potentialAction":[{"@type":"SearchAction","target":{"@type":"EntryPoint","urlTemplate":"https:\/\/jornalfatosenoticias.com.br\/?s={search_term_string}"},"query-input":{"@type":"PropertyValueSpecification","valueRequired":true,"valueName":"search_term_string"}}],"inLanguage":"pt-BR"},{"@type":"Organization","@id":"https:\/\/jornalfatosenoticias.com.br\/#organization","name":"Jornal Fatos e Not\u00edcias","url":"https:\/\/jornalfatosenoticias.com.br\/","logo":{"@type":"ImageObject","inLanguage":"pt-BR","@id":"https:\/\/jornalfatosenoticias.com.br\/#\/schema\/logo\/image\/","url":"https:\/\/jornalfatosenoticias.com.br\/wp-content\/uploads\/2020\/02\/logo120.png","contentUrl":"https:\/\/jornalfatosenoticias.com.br\/wp-content\/uploads\/2020\/02\/logo120.png","width":1227,"height":120,"caption":"Jornal Fatos e Not\u00edcias"},"image":{"@id":"https:\/\/jornalfatosenoticias.com.br\/#\/schema\/logo\/image\/"}},{"@type":"Person","@id":"https:\/\/jornalfatosenoticias.com.br\/#\/schema\/person\/d63837fa13ac8666eb9e74e0985d6f81","name":"Luzimara Fernandes","image":{"@type":"ImageObject","inLanguage":"pt-BR","@id":"https:\/\/jornalfatosenoticias.com.br\/#\/schema\/person\/image\/","url":"https:\/\/jornalfatosenoticias.com.br\/wp-content\/uploads\/2025\/05\/EU_portal.jpg","contentUrl":"https:\/\/jornalfatosenoticias.com.br\/wp-content\/uploads\/2025\/05\/EU_portal.jpg","caption":"Luzimara Fernandes"},"description":"Jornalista MTB 2358-ES","sameAs":["https:\/\/jornalfatosenoticias.com.br"],"url":"https:\/\/jornalfatosenoticias.com.br\/index.php\/author\/luzimara\/"}]}},"cc_featured_image_caption":{"caption_text":"(Foto: iStock) ","source_text":"","source_url":""},"jetpack_featured_media_url":"https:\/\/jornalfatosenoticias.com.br\/wp-content\/uploads\/2023\/10\/plantas-extincao_istockphoto.jpg","_links":{"self":[{"href":"https:\/\/jornalfatosenoticias.com.br\/index.php\/wp-json\/wp\/v2\/posts\/45997","targetHints":{"allow":["GET"]}}],"collection":[{"href":"https:\/\/jornalfatosenoticias.com.br\/index.php\/wp-json\/wp\/v2\/posts"}],"about":[{"href":"https:\/\/jornalfatosenoticias.com.br\/index.php\/wp-json\/wp\/v2\/types\/post"}],"author":[{"embeddable":true,"href":"https:\/\/jornalfatosenoticias.com.br\/index.php\/wp-json\/wp\/v2\/users\/2"}],"replies":[{"embeddable":true,"href":"https:\/\/jornalfatosenoticias.com.br\/index.php\/wp-json\/wp\/v2\/comments?post=45997"}],"version-history":[{"count":0,"href":"https:\/\/jornalfatosenoticias.com.br\/index.php\/wp-json\/wp\/v2\/posts\/45997\/revisions"}],"wp:featuredmedia":[{"embeddable":true,"href":"https:\/\/jornalfatosenoticias.com.br\/index.php\/wp-json\/wp\/v2\/media\/45999"}],"wp:attachment":[{"href":"https:\/\/jornalfatosenoticias.com.br\/index.php\/wp-json\/wp\/v2\/media?parent=45997"}],"wp:term":[{"taxonomy":"category","embeddable":true,"href":"https:\/\/jornalfatosenoticias.com.br\/index.php\/wp-json\/wp\/v2\/categories?post=45997"},{"taxonomy":"post_tag","embeddable":true,"href":"https:\/\/jornalfatosenoticias.com.br\/index.php\/wp-json\/wp\/v2\/tags?post=45997"}],"curies":[{"name":"wp","href":"https:\/\/api.w.org\/{rel}","templated":true}]}}