{"id":46007,"date":"2023-10-16T08:42:00","date_gmt":"2023-10-16T11:42:00","guid":{"rendered":"https:\/\/jornalfatosenoticias.com.br\/?p=46007"},"modified":"2023-10-16T08:42:02","modified_gmt":"2023-10-16T11:42:02","slug":"o-que-aconteceria-se-a-terra-parasse-de-girar","status":"publish","type":"post","link":"https:\/\/jornalfatosenoticias.com.br\/index.php\/2023\/10\/16\/o-que-aconteceria-se-a-terra-parasse-de-girar\/","title":{"rendered":"O que aconteceria se a Terra parasse de girar?"},"content":{"rendered":"\n<p><em><span class=\"has-inline-color has-black-color\">Por <strong><a href=\"https:\/\/zonacuriosa.com\/author\/manoelnetto\/\"><strong>Manoel Netto<\/strong><\/a><\/strong><\/span><\/em><\/p>\n\n\n\n<div class=\"wp-block-image\"><figure class=\"aligncenter size-large\"><img loading=\"lazy\" decoding=\"async\" width=\"1024\" height=\"109\" src=\"https:\/\/jornalfatosenoticias.com.br\/wp-content\/uploads\/2020\/02\/CONTROL-CS2-1024x109.jpg\" alt=\"\" class=\"wp-image-44989\" srcset=\"https:\/\/jornalfatosenoticias.com.br\/wp-content\/uploads\/2020\/02\/CONTROL-CS2-1024x109.jpg 1024w, https:\/\/jornalfatosenoticias.com.br\/wp-content\/uploads\/2020\/02\/CONTROL-CS2-300x32.jpg 300w, https:\/\/jornalfatosenoticias.com.br\/wp-content\/uploads\/2020\/02\/CONTROL-CS2-768x82.jpg 768w, https:\/\/jornalfatosenoticias.com.br\/wp-content\/uploads\/2020\/02\/CONTROL-CS2.jpg 1120w\" sizes=\"auto, (max-width: 1024px) 100vw, 1024px\" \/><\/figure><\/div>\n\n\n\n<p>A geografia do ensino m\u00e9dio provavelmente ensinou a voc\u00ea que a Terra gira em torno de seu eixo enquanto gira em torno do sol. Isso \u00e9 respons\u00e1vel pelo padr\u00e3o do dia e da noite. Se voc\u00ea j\u00e1 se perguntou o que aconteceria se a Terra parasse, fique por aqui para descobrir.<br>Por que nosso planeta gira? O nosso planeta gira devido \u00e0 forma como foi formada. Cerca de 4,6 bilh\u00f5es de anos atr\u00e1s, o colapso de uma enorme nuvem de g\u00e1s e poeira criou a Terra. Uma vez que algo \u00e9 colocado em movimento, ele n\u00e3o para no espa\u00e7o porque n\u00e3o h\u00e1 atrito com o ar.<\/p>\n\n\n\n<div class=\"wp-block-image\"><figure class=\"aligncenter size-large is-resized\"><img loading=\"lazy\" decoding=\"async\" src=\"https:\/\/jornalfatosenoticias.com.br\/wp-content\/uploads\/2023\/03\/logo-Panper_portal.jpg\" alt=\"\" class=\"wp-image-40208\" width=\"312\" height=\"216\" srcset=\"https:\/\/jornalfatosenoticias.com.br\/wp-content\/uploads\/2023\/03\/logo-Panper_portal.jpg 400w, https:\/\/jornalfatosenoticias.com.br\/wp-content\/uploads\/2023\/03\/logo-Panper_portal-300x208.jpg 300w\" sizes=\"auto, (max-width: 312px) 100vw, 312px\" \/><\/figure><\/div>\n\n\n\n<p>Imagine um pi\u00e3o que nunca para de girar. Isso nunca acontece no nosso planeta porque o ar desacelera gradualmente, eventualmente parando. Ao contr\u00e1rio de um pi\u00e3o em sua m\u00e3o, o nosso planeta n\u00e3o sofre fric\u00e7\u00e3o no espa\u00e7o, por isso continua girando por bilh\u00f5es de anos.<\/p>\n\n\n\n<div class=\"wp-block-image\"><figure class=\"aligncenter size-large is-resized\"><img loading=\"lazy\" decoding=\"async\" src=\"https:\/\/jornalfatosenoticias.com.br\/wp-content\/uploads\/2020\/02\/logo-Rapuzel-1024x571.jpg\" alt=\"\" class=\"wp-image-42808\" width=\"368\" height=\"205\" srcset=\"https:\/\/jornalfatosenoticias.com.br\/wp-content\/uploads\/2020\/02\/logo-Rapuzel-1024x571.jpg 1024w, https:\/\/jornalfatosenoticias.com.br\/wp-content\/uploads\/2020\/02\/logo-Rapuzel-300x167.jpg 300w, https:\/\/jornalfatosenoticias.com.br\/wp-content\/uploads\/2020\/02\/logo-Rapuzel-768x428.jpg 768w, https:\/\/jornalfatosenoticias.com.br\/wp-content\/uploads\/2020\/02\/logo-Rapuzel-1536x856.jpg 1536w, https:\/\/jornalfatosenoticias.com.br\/wp-content\/uploads\/2020\/02\/logo-Rapuzel.jpg 1600w\" sizes=\"auto, (max-width: 368px) 100vw, 368px\" \/><\/figure><\/div>\n\n\n\n<p><strong><span class=\"has-inline-color has-black-color\">\u00c9 poss\u00edvel que nosso planeta pare de girar?<\/span><\/strong> \u00c9 improv\u00e1vel que a Terra pare de girar completamente. Isso s\u00f3 pode acontecer se for atingido por uma quantidade igual de for\u00e7a na dire\u00e7\u00e3o oposta. A Terra pode girar para sempre, mas explorar o que poderia acontecer se ela parasse ainda \u00e9 emocionante.<\/p>\n\n\n\n<div class=\"wp-block-image\"><figure class=\"aligncenter size-large is-resized\"><img loading=\"lazy\" decoding=\"async\" src=\"https:\/\/jornalfatosenoticias.com.br\/wp-content\/uploads\/2022\/02\/Precisao-Contabilidade-1024x724.jpg\" alt=\"\" class=\"wp-image-28088\" width=\"321\" height=\"227\"\/><\/figure><\/div>\n\n\n\n<ul class=\"wp-block-list\"><li><strong><span class=\"has-inline-color has-black-color\">A luz do dia durar\u00e1 seis meses \u2014<\/span><\/strong> Voc\u00ea pode imaginar ter seis meses de sol? Isso \u00e9 o que acontecer\u00e1 se nosso planeta parar de girar. O ritmo diurno e noturno \u00e9 interrompido se a rota\u00e7\u00e3o do nosso planeta parar. Consequentemente, pode levar at\u00e9 meio ano para o outro extremo da Terra ver o sol. Os dias tamb\u00e9m se tornam muito mais quentes, enquanto as noites s\u00e3o muito mais frias. Essa mudan\u00e7a nas temperaturas diurnas e noturnas causa gigantescos redemoinhos de vento \u2014 quase t\u00e3o grandes quanto planetas inteiros.<\/li><\/ul>\n\n\n\n<div class=\"wp-block-image\"><figure class=\"aligncenter size-large\"><img loading=\"lazy\" decoding=\"async\" width=\"300\" height=\"250\" src=\"https:\/\/jornalfatosenoticias.com.br\/wp-content\/uploads\/2022\/02\/FERRARI_MAQUINAS-E-FERRAMENTAS2.jpg\" alt=\"\" class=\"wp-image-27860\"\/><\/figure><\/div>\n\n\n\n<ul class=\"wp-block-list\"><li><strong><span class=\"has-inline-color has-black-color\">Seu ritmo circadiano ser\u00e1 interrompido \u2014<\/span><\/strong> Voc\u00ea sabia que seu corpo depende do hor\u00e1rio regular do dia e da noite para configurar seu rel\u00f3gio interno? Qualquer coisa que atrapalhe essa rotina atrapalha seu ritmo. Se nosso planeta parar, todo o seu ciclo sono-vig\u00edlia perde seu padr\u00e3o. Voc\u00ea pode pensar nisso como um jet lag prolongado. A longo prazo, isso pode afetar v\u00e1rios processos em seu corpo, como secre\u00e7\u00e3o hormonal, metabolismo energ\u00e9tico e regula\u00e7\u00e3o da temperatura corporal.<\/li><\/ul>\n\n\n\n<div class=\"wp-block-image\"><figure class=\"aligncenter size-large is-resized\"><img loading=\"lazy\" decoding=\"async\" src=\"https:\/\/jornalfatosenoticias.com.br\/wp-content\/uploads\/2020\/02\/casa-do-torresmo_portal.jpg\" alt=\"\" class=\"wp-image-34472\" width=\"270\" height=\"270\" srcset=\"https:\/\/jornalfatosenoticias.com.br\/wp-content\/uploads\/2020\/02\/casa-do-torresmo_portal.jpg 300w, https:\/\/jornalfatosenoticias.com.br\/wp-content\/uploads\/2020\/02\/casa-do-torresmo_portal-150x150.jpg 150w\" sizes=\"auto, (max-width: 270px) 100vw, 270px\" \/><\/figure><\/div>\n\n\n\n<ul class=\"wp-block-list\"><li><strong><span class=\"has-inline-color has-black-color\">O campo magn\u00e9tico ser\u00e1 perdido \u2014<\/span><\/strong> O n\u00facleo da Terra cont\u00e9m ferro. Isso cria um forte campo magn\u00e9tico que o protege contra os raios nocivos do sol e de fora do sistema solar (raios c\u00f3smicos). Esses raios nocivos atingem a atmosfera da Terra, mas n\u00e3o chegam at\u00e9 voc\u00ea na superf\u00edcie. Voc\u00ea pode identific\u00e1-los no c\u00e9u como belas luzes do sul e do norte. Se nosso planeta parar de girar, perde-se a prote\u00e7\u00e3o do campo magn\u00e9tico, e esses raios nocivos podem atingir a superf\u00edcie do nosso planeta e afetar a sa\u00fade das pessoas. Al\u00e9m disso, o campo magn\u00e9tico da Terra ajuda a direcionar as aves migrat\u00f3rias e, sem isso, as aves podem se perder enquanto viajam para novos destinos.<\/li><\/ul>\n\n\n\n<div class=\"wp-block-image\"><figure class=\"aligncenter size-large\"><img loading=\"lazy\" decoding=\"async\" width=\"300\" height=\"250\" src=\"https:\/\/jornalfatosenoticias.com.br\/wp-content\/uploads\/2022\/08\/arte-Casarao.jpg\" alt=\"\" class=\"wp-image-33178\"\/><\/figure><\/div>\n\n\n\n<ul class=\"wp-block-list\"><li><strong><span class=\"has-inline-color has-black-color\">A \u00e1gua come\u00e7ar\u00e1 a se mover em dire\u00e7\u00e3o aos polos \u2014<\/span><\/strong> O di\u00e2metro do equador mede aproximadamente 21,4 quil\u00f4metros (13,30 milhas) a mais que os polos. Isso aconteceu ao longo de bilh\u00f5es de anos quando o nosso planeta se formou. A rota\u00e7\u00e3o da Terra gerou uma for\u00e7a que moveu mat\u00e9ria s\u00f3lida e \u00e1gua em dire\u00e7\u00e3o ao centro. \u00c9 por isso que o equador tem n\u00edveis de \u00e1gua at\u00e9 oito quil\u00f4metros mais altos do que se n\u00e3o houvesse rota\u00e7\u00e3o. Se a Terra parar, a for\u00e7a que mant\u00e9m a \u00e1gua aqui tamb\u00e9m se foi. Portanto, a \u00e1gua migra em dire\u00e7\u00e3o aos polos, ent\u00e3o voc\u00ea pode andar ao redor do equador sem ver \u00e1gua. O equador seria essencialmente uma faixa de terra que separa os oceanos do norte e do sul.<\/li><\/ul>\n\n\n\n<div class=\"wp-block-image\"><figure class=\"aligncenter size-large is-resized\"><img loading=\"lazy\" decoding=\"async\" src=\"https:\/\/jornalfatosenoticias.com.br\/wp-content\/uploads\/2023\/03\/nova-logo-Marquetti.jpg\" alt=\"\" class=\"wp-image-40207\" width=\"300\" height=\"201\" srcset=\"https:\/\/jornalfatosenoticias.com.br\/wp-content\/uploads\/2023\/03\/nova-logo-Marquetti.jpg 643w, https:\/\/jornalfatosenoticias.com.br\/wp-content\/uploads\/2023\/03\/nova-logo-Marquetti-300x202.jpg 300w\" sizes=\"auto, (max-width: 300px) 100vw, 300px\" \/><\/figure><\/div>\n\n\n\n<ul class=\"wp-block-list\"><li><strong><span class=\"has-inline-color has-black-color\">As coisas v\u00e3o come\u00e7ar a voar para o leste \u2014<\/span><\/strong> Voc\u00ea j\u00e1 esteve em um carro em alta velocidade e algu\u00e9m pisou no freio? Sim, imagine a mesma coisa acontecendo com a Terra. Se a Terra parar de se mover repentinamente, o impulso enviar\u00e1 pessoas, rochas e outros objetos voando para o leste. As paisagens mudar\u00e3o drasticamente e poder\u00e3o desencadear terremotos devastadores.<\/li><\/ul>\n\n\n\n<div class=\"wp-block-image\"><figure class=\"aligncenter size-large is-resized\"><img loading=\"lazy\" decoding=\"async\" src=\"https:\/\/jornalfatosenoticias.com.br\/wp-content\/uploads\/2023\/08\/BKR-1024x1021.jpg\" alt=\"\" class=\"wp-image-44494\" width=\"281\" height=\"280\" srcset=\"https:\/\/jornalfatosenoticias.com.br\/wp-content\/uploads\/2023\/08\/BKR-1024x1021.jpg 1024w, https:\/\/jornalfatosenoticias.com.br\/wp-content\/uploads\/2023\/08\/BKR-300x300.jpg 300w, https:\/\/jornalfatosenoticias.com.br\/wp-content\/uploads\/2023\/08\/BKR-150x150.jpg 150w, https:\/\/jornalfatosenoticias.com.br\/wp-content\/uploads\/2023\/08\/BKR-768x766.jpg 768w, https:\/\/jornalfatosenoticias.com.br\/wp-content\/uploads\/2023\/08\/BKR.jpg 1080w\" sizes=\"auto, (max-width: 281px) 100vw, 281px\" \/><\/figure><\/div>\n\n\n\n<p>Na verdade, a rota\u00e7\u00e3o da Terra diminuiu, mas isso n\u00e3o est\u00e1 causando mudan\u00e7as significativas. \u00c9 altamente improv\u00e1vel que a Terra pare completamente, ent\u00e3o voc\u00ea pode parar de se preocupar. O que voc\u00ea pode fazer, no entanto, \u00e9 procurar as mudan\u00e7as que voc\u00ea pode fazer para minimizar as mudan\u00e7as clim\u00e1ticas, uma amea\u00e7a real \u00e0 sobreviv\u00eancia da Terra.<\/p>\n\n\n\n<div class=\"wp-block-image\"><figure class=\"aligncenter size-large\"><img loading=\"lazy\" decoding=\"async\" width=\"300\" height=\"250\" src=\"https:\/\/jornalfatosenoticias.com.br\/wp-content\/uploads\/2020\/02\/Banner-2.png\" alt=\"\" class=\"wp-image-43787\"\/><\/figure><\/div>\n\n\n\n<p><strong><em>Fonte: <a href=\"https:\/\/zonacuriosa.com\/o-que-aconteceria-se-a-terra-parasse-de-girar-2\/\">Zona curiosa<\/a><\/em><\/strong><\/p>\n","protected":false},"excerpt":{"rendered":"<p>Por Manoel Netto A geografia do ensino m\u00e9dio provavelmente ensinou a voc\u00ea que a Terra gira em torno de seu eixo enquanto gira em torno do sol. Isso \u00e9 respons\u00e1vel pelo padr\u00e3o do dia e da noite. Se voc\u00ea j\u00e1 se perguntou o que aconteceria se a Terra parasse, fique por aqui para descobrir.Por que [&hellip;]<\/p>\n","protected":false},"author":2,"featured_media":46008,"comment_status":"open","ping_status":"open","sticky":false,"template":"","format":"standard","meta":{"footnotes":""},"categories":[2],"tags":[21668,21667,21669,165,94],"class_list":["post-46007","post","type-post","status-publish","format-standard","has-post-thumbnail","hentry","category-ciencia","tag-aulas-de-geografia","tag-girar","tag-giro-terrestre","tag-planeta","tag-terra"],"yoast_head":"<!-- This site is optimized with the Yoast SEO plugin v26.5 - https:\/\/yoast.com\/wordpress\/plugins\/seo\/ -->\n<title>O que aconteceria se a Terra parasse de girar? - Jornal Fatos e Not\u00edcias<\/title>\n<meta name=\"robots\" content=\"index, follow, max-snippet:-1, max-image-preview:large, max-video-preview:-1\" \/>\n<link rel=\"canonical\" href=\"https:\/\/jornalfatosenoticias.com.br\/index.php\/2023\/10\/16\/o-que-aconteceria-se-a-terra-parasse-de-girar\/\" \/>\n<meta property=\"og:locale\" content=\"pt_BR\" \/>\n<meta property=\"og:type\" content=\"article\" \/>\n<meta property=\"og:title\" content=\"O que aconteceria se a Terra parasse de girar? - Jornal Fatos e Not\u00edcias\" \/>\n<meta property=\"og:description\" content=\"Por Manoel Netto A geografia do ensino m\u00e9dio provavelmente ensinou a voc\u00ea que a Terra gira em torno de seu eixo enquanto gira em torno do sol. Isso \u00e9 respons\u00e1vel pelo padr\u00e3o do dia e da noite. Se voc\u00ea j\u00e1 se perguntou o que aconteceria se a Terra parasse, fique por aqui para descobrir.Por que [&hellip;]\" \/>\n<meta property=\"og:url\" content=\"https:\/\/jornalfatosenoticias.com.br\/index.php\/2023\/10\/16\/o-que-aconteceria-se-a-terra-parasse-de-girar\/\" \/>\n<meta property=\"og:site_name\" content=\"Jornal Fatos e Not\u00edcias\" \/>\n<meta property=\"article:published_time\" content=\"2023-10-16T11:42:00+00:00\" \/>\n<meta property=\"article:modified_time\" content=\"2023-10-16T11:42:02+00:00\" \/>\n<meta property=\"og:image\" content=\"https:\/\/jornalfatosenoticias.com.br\/wp-content\/uploads\/2023\/10\/curiosidade.jpg\" \/>\n\t<meta property=\"og:image:width\" content=\"801\" \/>\n\t<meta property=\"og:image:height\" content=\"474\" \/>\n\t<meta property=\"og:image:type\" content=\"image\/jpeg\" \/>\n<meta name=\"author\" content=\"Luzimara Fernandes\" \/>\n<meta name=\"twitter:card\" content=\"summary_large_image\" \/>\n<meta name=\"twitter:label1\" content=\"Escrito por\" \/>\n\t<meta name=\"twitter:data1\" content=\"Luzimara Fernandes\" \/>\n\t<meta name=\"twitter:label2\" content=\"Est. tempo de leitura\" \/>\n\t<meta name=\"twitter:data2\" content=\"4 minutos\" \/>\n<script type=\"application\/ld+json\" class=\"yoast-schema-graph\">{\"@context\":\"https:\/\/schema.org\",\"@graph\":[{\"@type\":\"Article\",\"@id\":\"https:\/\/jornalfatosenoticias.com.br\/index.php\/2023\/10\/16\/o-que-aconteceria-se-a-terra-parasse-de-girar\/#article\",\"isPartOf\":{\"@id\":\"https:\/\/jornalfatosenoticias.com.br\/index.php\/2023\/10\/16\/o-que-aconteceria-se-a-terra-parasse-de-girar\/\"},\"author\":{\"name\":\"Luzimara Fernandes\",\"@id\":\"https:\/\/jornalfatosenoticias.com.br\/#\/schema\/person\/d63837fa13ac8666eb9e74e0985d6f81\"},\"headline\":\"O que aconteceria se a Terra parasse de girar?\",\"datePublished\":\"2023-10-16T11:42:00+00:00\",\"dateModified\":\"2023-10-16T11:42:02+00:00\",\"mainEntityOfPage\":{\"@id\":\"https:\/\/jornalfatosenoticias.com.br\/index.php\/2023\/10\/16\/o-que-aconteceria-se-a-terra-parasse-de-girar\/\"},\"wordCount\":810,\"commentCount\":0,\"publisher\":{\"@id\":\"https:\/\/jornalfatosenoticias.com.br\/#organization\"},\"image\":{\"@id\":\"https:\/\/jornalfatosenoticias.com.br\/index.php\/2023\/10\/16\/o-que-aconteceria-se-a-terra-parasse-de-girar\/#primaryimage\"},\"thumbnailUrl\":\"https:\/\/jornalfatosenoticias.com.br\/wp-content\/uploads\/2023\/10\/curiosidade.jpg\",\"keywords\":[\"aulas de geografia\",\"girar\",\"giro terrestre\",\"planeta\",\"Terra\"],\"articleSection\":[\"Ci\u00eancia\"],\"inLanguage\":\"pt-BR\",\"potentialAction\":[{\"@type\":\"CommentAction\",\"name\":\"Comment\",\"target\":[\"https:\/\/jornalfatosenoticias.com.br\/index.php\/2023\/10\/16\/o-que-aconteceria-se-a-terra-parasse-de-girar\/#respond\"]}]},{\"@type\":\"WebPage\",\"@id\":\"https:\/\/jornalfatosenoticias.com.br\/index.php\/2023\/10\/16\/o-que-aconteceria-se-a-terra-parasse-de-girar\/\",\"url\":\"https:\/\/jornalfatosenoticias.com.br\/index.php\/2023\/10\/16\/o-que-aconteceria-se-a-terra-parasse-de-girar\/\",\"name\":\"O que aconteceria se a Terra parasse de girar? - Jornal Fatos e Not\u00edcias\",\"isPartOf\":{\"@id\":\"https:\/\/jornalfatosenoticias.com.br\/#website\"},\"primaryImageOfPage\":{\"@id\":\"https:\/\/jornalfatosenoticias.com.br\/index.php\/2023\/10\/16\/o-que-aconteceria-se-a-terra-parasse-de-girar\/#primaryimage\"},\"image\":{\"@id\":\"https:\/\/jornalfatosenoticias.com.br\/index.php\/2023\/10\/16\/o-que-aconteceria-se-a-terra-parasse-de-girar\/#primaryimage\"},\"thumbnailUrl\":\"https:\/\/jornalfatosenoticias.com.br\/wp-content\/uploads\/2023\/10\/curiosidade.jpg\",\"datePublished\":\"2023-10-16T11:42:00+00:00\",\"dateModified\":\"2023-10-16T11:42:02+00:00\",\"breadcrumb\":{\"@id\":\"https:\/\/jornalfatosenoticias.com.br\/index.php\/2023\/10\/16\/o-que-aconteceria-se-a-terra-parasse-de-girar\/#breadcrumb\"},\"inLanguage\":\"pt-BR\",\"potentialAction\":[{\"@type\":\"ReadAction\",\"target\":[\"https:\/\/jornalfatosenoticias.com.br\/index.php\/2023\/10\/16\/o-que-aconteceria-se-a-terra-parasse-de-girar\/\"]}]},{\"@type\":\"ImageObject\",\"inLanguage\":\"pt-BR\",\"@id\":\"https:\/\/jornalfatosenoticias.com.br\/index.php\/2023\/10\/16\/o-que-aconteceria-se-a-terra-parasse-de-girar\/#primaryimage\",\"url\":\"https:\/\/jornalfatosenoticias.com.br\/wp-content\/uploads\/2023\/10\/curiosidade.jpg\",\"contentUrl\":\"https:\/\/jornalfatosenoticias.com.br\/wp-content\/uploads\/2023\/10\/curiosidade.jpg\",\"width\":801,\"height\":474},{\"@type\":\"BreadcrumbList\",\"@id\":\"https:\/\/jornalfatosenoticias.com.br\/index.php\/2023\/10\/16\/o-que-aconteceria-se-a-terra-parasse-de-girar\/#breadcrumb\",\"itemListElement\":[{\"@type\":\"ListItem\",\"position\":1,\"name\":\"In\u00edcio\",\"item\":\"https:\/\/jornalfatosenoticias.com.br\/\"},{\"@type\":\"ListItem\",\"position\":2,\"name\":\"O que aconteceria se a Terra parasse de girar?\"}]},{\"@type\":\"WebSite\",\"@id\":\"https:\/\/jornalfatosenoticias.com.br\/#website\",\"url\":\"https:\/\/jornalfatosenoticias.com.br\/\",\"name\":\"Jornal Fatos e Not\u00edcias\",\"description\":\"Not\u00edcias em geral\",\"publisher\":{\"@id\":\"https:\/\/jornalfatosenoticias.com.br\/#organization\"},\"potentialAction\":[{\"@type\":\"SearchAction\",\"target\":{\"@type\":\"EntryPoint\",\"urlTemplate\":\"https:\/\/jornalfatosenoticias.com.br\/?s={search_term_string}\"},\"query-input\":{\"@type\":\"PropertyValueSpecification\",\"valueRequired\":true,\"valueName\":\"search_term_string\"}}],\"inLanguage\":\"pt-BR\"},{\"@type\":\"Organization\",\"@id\":\"https:\/\/jornalfatosenoticias.com.br\/#organization\",\"name\":\"Jornal Fatos e Not\u00edcias\",\"url\":\"https:\/\/jornalfatosenoticias.com.br\/\",\"logo\":{\"@type\":\"ImageObject\",\"inLanguage\":\"pt-BR\",\"@id\":\"https:\/\/jornalfatosenoticias.com.br\/#\/schema\/logo\/image\/\",\"url\":\"https:\/\/jornalfatosenoticias.com.br\/wp-content\/uploads\/2020\/02\/logo120.png\",\"contentUrl\":\"https:\/\/jornalfatosenoticias.com.br\/wp-content\/uploads\/2020\/02\/logo120.png\",\"width\":1227,\"height\":120,\"caption\":\"Jornal Fatos e Not\u00edcias\"},\"image\":{\"@id\":\"https:\/\/jornalfatosenoticias.com.br\/#\/schema\/logo\/image\/\"}},{\"@type\":\"Person\",\"@id\":\"https:\/\/jornalfatosenoticias.com.br\/#\/schema\/person\/d63837fa13ac8666eb9e74e0985d6f81\",\"name\":\"Luzimara Fernandes\",\"image\":{\"@type\":\"ImageObject\",\"inLanguage\":\"pt-BR\",\"@id\":\"https:\/\/jornalfatosenoticias.com.br\/#\/schema\/person\/image\/\",\"url\":\"https:\/\/jornalfatosenoticias.com.br\/wp-content\/uploads\/2025\/05\/EU_portal.jpg\",\"contentUrl\":\"https:\/\/jornalfatosenoticias.com.br\/wp-content\/uploads\/2025\/05\/EU_portal.jpg\",\"caption\":\"Luzimara Fernandes\"},\"description\":\"Jornalista MTB 2358-ES\",\"sameAs\":[\"https:\/\/jornalfatosenoticias.com.br\"],\"url\":\"https:\/\/jornalfatosenoticias.com.br\/index.php\/author\/luzimara\/\"}]}<\/script>\n<!-- \/ Yoast SEO plugin. -->","yoast_head_json":{"title":"O que aconteceria se a Terra parasse de girar? - Jornal Fatos e Not\u00edcias","robots":{"index":"index","follow":"follow","max-snippet":"max-snippet:-1","max-image-preview":"max-image-preview:large","max-video-preview":"max-video-preview:-1"},"canonical":"https:\/\/jornalfatosenoticias.com.br\/index.php\/2023\/10\/16\/o-que-aconteceria-se-a-terra-parasse-de-girar\/","og_locale":"pt_BR","og_type":"article","og_title":"O que aconteceria se a Terra parasse de girar? - Jornal Fatos e Not\u00edcias","og_description":"Por Manoel Netto A geografia do ensino m\u00e9dio provavelmente ensinou a voc\u00ea que a Terra gira em torno de seu eixo enquanto gira em torno do sol. Isso \u00e9 respons\u00e1vel pelo padr\u00e3o do dia e da noite. Se voc\u00ea j\u00e1 se perguntou o que aconteceria se a Terra parasse, fique por aqui para descobrir.Por que [&hellip;]","og_url":"https:\/\/jornalfatosenoticias.com.br\/index.php\/2023\/10\/16\/o-que-aconteceria-se-a-terra-parasse-de-girar\/","og_site_name":"Jornal Fatos e Not\u00edcias","article_published_time":"2023-10-16T11:42:00+00:00","article_modified_time":"2023-10-16T11:42:02+00:00","og_image":[{"width":801,"height":474,"url":"https:\/\/jornalfatosenoticias.com.br\/wp-content\/uploads\/2023\/10\/curiosidade.jpg","type":"image\/jpeg"}],"author":"Luzimara Fernandes","twitter_card":"summary_large_image","twitter_misc":{"Escrito por":"Luzimara Fernandes","Est. tempo de leitura":"4 minutos"},"schema":{"@context":"https:\/\/schema.org","@graph":[{"@type":"Article","@id":"https:\/\/jornalfatosenoticias.com.br\/index.php\/2023\/10\/16\/o-que-aconteceria-se-a-terra-parasse-de-girar\/#article","isPartOf":{"@id":"https:\/\/jornalfatosenoticias.com.br\/index.php\/2023\/10\/16\/o-que-aconteceria-se-a-terra-parasse-de-girar\/"},"author":{"name":"Luzimara Fernandes","@id":"https:\/\/jornalfatosenoticias.com.br\/#\/schema\/person\/d63837fa13ac8666eb9e74e0985d6f81"},"headline":"O que aconteceria se a Terra parasse de girar?","datePublished":"2023-10-16T11:42:00+00:00","dateModified":"2023-10-16T11:42:02+00:00","mainEntityOfPage":{"@id":"https:\/\/jornalfatosenoticias.com.br\/index.php\/2023\/10\/16\/o-que-aconteceria-se-a-terra-parasse-de-girar\/"},"wordCount":810,"commentCount":0,"publisher":{"@id":"https:\/\/jornalfatosenoticias.com.br\/#organization"},"image":{"@id":"https:\/\/jornalfatosenoticias.com.br\/index.php\/2023\/10\/16\/o-que-aconteceria-se-a-terra-parasse-de-girar\/#primaryimage"},"thumbnailUrl":"https:\/\/jornalfatosenoticias.com.br\/wp-content\/uploads\/2023\/10\/curiosidade.jpg","keywords":["aulas de geografia","girar","giro terrestre","planeta","Terra"],"articleSection":["Ci\u00eancia"],"inLanguage":"pt-BR","potentialAction":[{"@type":"CommentAction","name":"Comment","target":["https:\/\/jornalfatosenoticias.com.br\/index.php\/2023\/10\/16\/o-que-aconteceria-se-a-terra-parasse-de-girar\/#respond"]}]},{"@type":"WebPage","@id":"https:\/\/jornalfatosenoticias.com.br\/index.php\/2023\/10\/16\/o-que-aconteceria-se-a-terra-parasse-de-girar\/","url":"https:\/\/jornalfatosenoticias.com.br\/index.php\/2023\/10\/16\/o-que-aconteceria-se-a-terra-parasse-de-girar\/","name":"O que aconteceria se a Terra parasse de girar? - Jornal Fatos e Not\u00edcias","isPartOf":{"@id":"https:\/\/jornalfatosenoticias.com.br\/#website"},"primaryImageOfPage":{"@id":"https:\/\/jornalfatosenoticias.com.br\/index.php\/2023\/10\/16\/o-que-aconteceria-se-a-terra-parasse-de-girar\/#primaryimage"},"image":{"@id":"https:\/\/jornalfatosenoticias.com.br\/index.php\/2023\/10\/16\/o-que-aconteceria-se-a-terra-parasse-de-girar\/#primaryimage"},"thumbnailUrl":"https:\/\/jornalfatosenoticias.com.br\/wp-content\/uploads\/2023\/10\/curiosidade.jpg","datePublished":"2023-10-16T11:42:00+00:00","dateModified":"2023-10-16T11:42:02+00:00","breadcrumb":{"@id":"https:\/\/jornalfatosenoticias.com.br\/index.php\/2023\/10\/16\/o-que-aconteceria-se-a-terra-parasse-de-girar\/#breadcrumb"},"inLanguage":"pt-BR","potentialAction":[{"@type":"ReadAction","target":["https:\/\/jornalfatosenoticias.com.br\/index.php\/2023\/10\/16\/o-que-aconteceria-se-a-terra-parasse-de-girar\/"]}]},{"@type":"ImageObject","inLanguage":"pt-BR","@id":"https:\/\/jornalfatosenoticias.com.br\/index.php\/2023\/10\/16\/o-que-aconteceria-se-a-terra-parasse-de-girar\/#primaryimage","url":"https:\/\/jornalfatosenoticias.com.br\/wp-content\/uploads\/2023\/10\/curiosidade.jpg","contentUrl":"https:\/\/jornalfatosenoticias.com.br\/wp-content\/uploads\/2023\/10\/curiosidade.jpg","width":801,"height":474},{"@type":"BreadcrumbList","@id":"https:\/\/jornalfatosenoticias.com.br\/index.php\/2023\/10\/16\/o-que-aconteceria-se-a-terra-parasse-de-girar\/#breadcrumb","itemListElement":[{"@type":"ListItem","position":1,"name":"In\u00edcio","item":"https:\/\/jornalfatosenoticias.com.br\/"},{"@type":"ListItem","position":2,"name":"O que aconteceria se a Terra parasse de girar?"}]},{"@type":"WebSite","@id":"https:\/\/jornalfatosenoticias.com.br\/#website","url":"https:\/\/jornalfatosenoticias.com.br\/","name":"Jornal Fatos e Not\u00edcias","description":"Not\u00edcias em geral","publisher":{"@id":"https:\/\/jornalfatosenoticias.com.br\/#organization"},"potentialAction":[{"@type":"SearchAction","target":{"@type":"EntryPoint","urlTemplate":"https:\/\/jornalfatosenoticias.com.br\/?s={search_term_string}"},"query-input":{"@type":"PropertyValueSpecification","valueRequired":true,"valueName":"search_term_string"}}],"inLanguage":"pt-BR"},{"@type":"Organization","@id":"https:\/\/jornalfatosenoticias.com.br\/#organization","name":"Jornal Fatos e Not\u00edcias","url":"https:\/\/jornalfatosenoticias.com.br\/","logo":{"@type":"ImageObject","inLanguage":"pt-BR","@id":"https:\/\/jornalfatosenoticias.com.br\/#\/schema\/logo\/image\/","url":"https:\/\/jornalfatosenoticias.com.br\/wp-content\/uploads\/2020\/02\/logo120.png","contentUrl":"https:\/\/jornalfatosenoticias.com.br\/wp-content\/uploads\/2020\/02\/logo120.png","width":1227,"height":120,"caption":"Jornal Fatos e Not\u00edcias"},"image":{"@id":"https:\/\/jornalfatosenoticias.com.br\/#\/schema\/logo\/image\/"}},{"@type":"Person","@id":"https:\/\/jornalfatosenoticias.com.br\/#\/schema\/person\/d63837fa13ac8666eb9e74e0985d6f81","name":"Luzimara Fernandes","image":{"@type":"ImageObject","inLanguage":"pt-BR","@id":"https:\/\/jornalfatosenoticias.com.br\/#\/schema\/person\/image\/","url":"https:\/\/jornalfatosenoticias.com.br\/wp-content\/uploads\/2025\/05\/EU_portal.jpg","contentUrl":"https:\/\/jornalfatosenoticias.com.br\/wp-content\/uploads\/2025\/05\/EU_portal.jpg","caption":"Luzimara Fernandes"},"description":"Jornalista MTB 2358-ES","sameAs":["https:\/\/jornalfatosenoticias.com.br"],"url":"https:\/\/jornalfatosenoticias.com.br\/index.php\/author\/luzimara\/"}]}},"cc_featured_image_caption":{"caption_text":"(Foto: Reprodu\u00e7\u00e3o) ","source_text":"","source_url":""},"jetpack_featured_media_url":"https:\/\/jornalfatosenoticias.com.br\/wp-content\/uploads\/2023\/10\/curiosidade.jpg","_links":{"self":[{"href":"https:\/\/jornalfatosenoticias.com.br\/index.php\/wp-json\/wp\/v2\/posts\/46007","targetHints":{"allow":["GET"]}}],"collection":[{"href":"https:\/\/jornalfatosenoticias.com.br\/index.php\/wp-json\/wp\/v2\/posts"}],"about":[{"href":"https:\/\/jornalfatosenoticias.com.br\/index.php\/wp-json\/wp\/v2\/types\/post"}],"author":[{"embeddable":true,"href":"https:\/\/jornalfatosenoticias.com.br\/index.php\/wp-json\/wp\/v2\/users\/2"}],"replies":[{"embeddable":true,"href":"https:\/\/jornalfatosenoticias.com.br\/index.php\/wp-json\/wp\/v2\/comments?post=46007"}],"version-history":[{"count":0,"href":"https:\/\/jornalfatosenoticias.com.br\/index.php\/wp-json\/wp\/v2\/posts\/46007\/revisions"}],"wp:featuredmedia":[{"embeddable":true,"href":"https:\/\/jornalfatosenoticias.com.br\/index.php\/wp-json\/wp\/v2\/media\/46008"}],"wp:attachment":[{"href":"https:\/\/jornalfatosenoticias.com.br\/index.php\/wp-json\/wp\/v2\/media?parent=46007"}],"wp:term":[{"taxonomy":"category","embeddable":true,"href":"https:\/\/jornalfatosenoticias.com.br\/index.php\/wp-json\/wp\/v2\/categories?post=46007"},{"taxonomy":"post_tag","embeddable":true,"href":"https:\/\/jornalfatosenoticias.com.br\/index.php\/wp-json\/wp\/v2\/tags?post=46007"}],"curies":[{"name":"wp","href":"https:\/\/api.w.org\/{rel}","templated":true}]}}