{"id":46062,"date":"2023-10-17T10:01:06","date_gmt":"2023-10-17T13:01:06","guid":{"rendered":"https:\/\/jornalfatosenoticias.com.br\/?p=46062"},"modified":"2023-10-17T10:01:06","modified_gmt":"2023-10-17T13:01:06","slug":"especie-de-tubarao-ameacada-de-extincao-pode-estar-se-recuperando-no-nordeste-brasileiro","status":"publish","type":"post","link":"https:\/\/jornalfatosenoticias.com.br\/index.php\/2023\/10\/17\/especie-de-tubarao-ameacada-de-extincao-pode-estar-se-recuperando-no-nordeste-brasileiro\/","title":{"rendered":"Esp\u00e9cie de tubar\u00e3o amea\u00e7ada de extin\u00e7\u00e3o pode estar se recuperando no nordeste brasileiro"},"content":{"rendered":"\n<p><em><span class=\"has-inline-color has-black-color\">Por <strong><a href=\"https:\/\/gizmodo.uol.com.br\/author\/agencia-bori\/\">Ag\u00eancia Bori<\/a><\/strong><\/span><\/em><\/p>\n\n\n\n<div class=\"wp-block-image\"><figure class=\"aligncenter size-large\"><img loading=\"lazy\" decoding=\"async\" width=\"729\" height=\"90\" src=\"https:\/\/jornalfatosenoticias.com.br\/wp-content\/uploads\/2020\/02\/Logo_Mizu.png\" alt=\"\" class=\"wp-image-1441\" srcset=\"https:\/\/jornalfatosenoticias.com.br\/wp-content\/uploads\/2020\/02\/Logo_Mizu.png 729w, https:\/\/jornalfatosenoticias.com.br\/wp-content\/uploads\/2020\/02\/Logo_Mizu-300x37.png 300w\" sizes=\"auto, (max-width: 729px) 100vw, 729px\" \/><\/figure><\/div>\n\n\n\n<p>O n\u00famero de indiv\u00edduos do tubar\u00e3o-lim\u00e3o tem voltado a crescer no Atol das Rocas ap\u00f3s decl\u00ednio populacional reportado no in\u00edcio dos anos 2000. Uma equipe de pesquisadores realizou 462 contagens visuais ao longo de 45 dias e observou a abund\u00e2ncia da esp\u00e9cie, o seu comportamento em diferentes esta\u00e7\u00f5es e as condi\u00e7\u00f5es de mar\u00e9 na regi\u00e3o. Os dados s\u00e3o do Instituto Oceanogr\u00e1fico (IO) e do Centro de Biologia Marinha (CEBIMar) da Universidade de S\u00e3o Paulo (USP) e da Universidade Federal Rural de Pernambuco (UFRPE) e est\u00e3o publicados na edi\u00e7\u00e3o de sexta (13) da revista \u201cOcean and Coastal Research\u201d.<br>A observa\u00e7\u00e3o da preval\u00eancia dos tubar\u00f5es-lim\u00e3o na Ba\u00eda Lama, uma Reserva Biol\u00f3gica localizada no Atol das Rocas, no Rio Grande do Norte, ocorreu durante duas expedi\u00e7\u00f5es no inverno e no ver\u00e3o de 2015, em diferentes pontos das ilhas, hor\u00e1rios e tipos de correntes mar\u00edtimas. Mais de 2300 indiv\u00edduos da esp\u00e9cie foram avistados, o dobro do relatado em 2003, sugerindo que houve um crescimento significativo na presen\u00e7a dos tubar\u00f5es-lim\u00e3o no local.<br>Segundo Ana Laura Tribst Corr\u00eaa, autora do estudo e atualmente pesquisadora de projeto vinculado ao CEBIMar-USP, esse aumento pode ter uma origem multifatorial. <\/p>\n\n\n\n<div class=\"wp-block-image\"><figure class=\"aligncenter size-large\"><img loading=\"lazy\" decoding=\"async\" width=\"300\" height=\"250\" src=\"https:\/\/jornalfatosenoticias.com.br\/wp-content\/uploads\/2022\/08\/arte-Casarao.jpg\" alt=\"\" class=\"wp-image-33178\"\/><\/figure><\/div>\n\n\n\n<blockquote class=\"wp-block-quote is-layout-flow wp-block-quote-is-layout-flow\"><p><span class=\"has-inline-color has-luminous-vivid-orange-color\">Um dos motivos pode ter sido a proibi\u00e7\u00e3o de um tipo espec\u00edfico de pesca, que consiste na remo\u00e7\u00e3o das nadadeiras do tubar\u00e3o-lim\u00e3o e posterior devolu\u00e7\u00e3o da carca\u00e7a do animal para o mar\u201d, explica. <\/span><\/p><\/blockquote>\n\n\n\n<div class=\"wp-block-image\"><figure class=\"aligncenter size-large is-resized\"><img loading=\"lazy\" decoding=\"async\" src=\"https:\/\/jornalfatosenoticias.com.br\/wp-content\/uploads\/2023\/03\/nova-logo-Marquetti.jpg\" alt=\"\" class=\"wp-image-40207\" width=\"364\" height=\"245\" srcset=\"https:\/\/jornalfatosenoticias.com.br\/wp-content\/uploads\/2023\/03\/nova-logo-Marquetti.jpg 643w, https:\/\/jornalfatosenoticias.com.br\/wp-content\/uploads\/2023\/03\/nova-logo-Marquetti-300x202.jpg 300w\" sizes=\"auto, (max-width: 364px) 100vw, 364px\" \/><\/figure><\/div>\n\n\n\n<p>O aumento tamb\u00e9m pode ter acontecido devido a uma flutua\u00e7\u00e3o natural no n\u00famero de f\u00eameas em idade de reprodu\u00e7\u00e3o ou como decorr\u00eancia da diminui\u00e7\u00e3o de trabalhos de pesquisa com m\u00e9todos invasivos, que assustavam os animais, comuns na regi\u00e3o no come\u00e7o dos anos 2000.<\/p>\n\n\n\n<div class=\"wp-block-image\"><figure class=\"aligncenter size-large is-resized\"><img loading=\"lazy\" decoding=\"async\" src=\"https:\/\/jornalfatosenoticias.com.br\/wp-content\/uploads\/2023\/08\/BKR-1024x1021.jpg\" alt=\"\" class=\"wp-image-44494\" width=\"308\" height=\"307\" srcset=\"https:\/\/jornalfatosenoticias.com.br\/wp-content\/uploads\/2023\/08\/BKR-1024x1021.jpg 1024w, https:\/\/jornalfatosenoticias.com.br\/wp-content\/uploads\/2023\/08\/BKR-300x300.jpg 300w, https:\/\/jornalfatosenoticias.com.br\/wp-content\/uploads\/2023\/08\/BKR-150x150.jpg 150w, https:\/\/jornalfatosenoticias.com.br\/wp-content\/uploads\/2023\/08\/BKR-768x766.jpg 768w, https:\/\/jornalfatosenoticias.com.br\/wp-content\/uploads\/2023\/08\/BKR.jpg 1080w\" sizes=\"auto, (max-width: 308px) 100vw, 308px\" \/><\/figure><\/div>\n\n\n\n<p>O estudo mostra a import\u00e2ncia da ado\u00e7\u00e3o de m\u00e9todos n\u00e3o invasivos de pesquisa, aqueles que n\u00e3o causam inc\u00f4modos ou perturba\u00e7\u00f5es aos animais e ao ambiente. Corr\u00eaa destaca que, al\u00e9m de serem mais baratas e simples, essas estrat\u00e9gias ajudam a proteger as esp\u00e9cies marinhas durante estudos sobre ecologia, comportamento e uso de habitat. <\/p>\n\n\n\n<div class=\"wp-block-image\"><figure class=\"aligncenter size-large is-resized\"><img loading=\"lazy\" decoding=\"async\" src=\"https:\/\/jornalfatosenoticias.com.br\/wp-content\/uploads\/2022\/02\/Precisao-Contabilidade-1024x724.jpg\" alt=\"\" class=\"wp-image-28088\" width=\"334\" height=\"236\"\/><\/figure><\/div>\n\n\n\n<blockquote class=\"wp-block-quote is-layout-flow wp-block-quote-is-layout-flow\"><p><span class=\"has-inline-color has-luminous-vivid-orange-color\">Pensando nas amea\u00e7as que os tubar\u00f5es v\u00eam sofrendo devido \u00e0 sobrepesca, polui\u00e7\u00e3o e perda de habitat, \u00e9 conveniente que escolhamos m\u00e9todos n\u00e3o invasivos e, principalmente, n\u00e3o letais, em especial para estudar esses grandes predadores\u201d, conta a pesquisadora.<\/span><\/p><\/blockquote>\n\n\n\n<div class=\"wp-block-image\"><figure class=\"aligncenter size-large\"><img loading=\"lazy\" decoding=\"async\" width=\"300\" height=\"250\" src=\"https:\/\/jornalfatosenoticias.com.br\/wp-content\/uploads\/2020\/02\/Banner-2.png\" alt=\"\" class=\"wp-image-43787\"\/><\/figure><\/div>\n\n\n\n<p>Junto \u00e0s an\u00e1lises de preval\u00eancia da esp\u00e9cie, a investiga\u00e7\u00e3o mostrou que, embora a quantidade total de indiv\u00edduos n\u00e3o tenha se mostrado muito diferente entre as esta\u00e7\u00f5es do ano, o n\u00famero de rec\u00e9m-nascidos observados foi maior no ver\u00e3o, per\u00edodo que coincide com a \u00e9poca de nascimento desses animais. Al\u00e9m disso, os tubar\u00f5es-lim\u00e3o juvenis e rec\u00e9m-nascidos costumam seguir o fluxo da mar\u00e9 para fora da ba\u00eda, mas podem permanecer por um tempo maior no local quando a mar\u00e9 est\u00e1 baixa, reafirmando o papel de ber\u00e7\u00e1rio j\u00e1 atribu\u00eddo por pesquisas anteriores ao Atol das Rocas.<\/p>\n\n\n\n<div class=\"wp-block-image\"><figure class=\"aligncenter size-large is-resized\"><img loading=\"lazy\" decoding=\"async\" src=\"https:\/\/jornalfatosenoticias.com.br\/wp-content\/uploads\/2023\/03\/logo-Panper_portal.jpg\" alt=\"\" class=\"wp-image-40208\" width=\"342\" height=\"237\" srcset=\"https:\/\/jornalfatosenoticias.com.br\/wp-content\/uploads\/2023\/03\/logo-Panper_portal.jpg 400w, https:\/\/jornalfatosenoticias.com.br\/wp-content\/uploads\/2023\/03\/logo-Panper_portal-300x208.jpg 300w\" sizes=\"auto, (max-width: 342px) 100vw, 342px\" \/><\/figure><\/div>\n\n\n\n<p>Os dados coletados v\u00e3o servir para que o status de conserva\u00e7\u00e3o do tubar\u00e3o-lim\u00e3o seja atualizado e para que novos planos de prote\u00e7\u00e3o sejam efetivos. Hoje, devido ao seu decl\u00ednio nas \u00faltimas d\u00e9cadas, a esp\u00e9cie consta como vulner\u00e1vel na Lista Vermelha de Esp\u00e9cies Amea\u00e7adas da Uni\u00e3o Internacional Para Conserva\u00e7\u00e3o da Natureza e dos Recursos Naturais (IUCN), que informa sobre a conserva\u00e7\u00e3o de seres vivos no planeta. <\/p>\n\n\n\n<div class=\"wp-block-image\"><figure class=\"aligncenter size-large\"><img decoding=\"async\" src=\"https:\/\/jornalfatosenoticias.com.br\/wp-content\/uploads\/2020\/02\/logo_esteio.jpg\" alt=\"\" class=\"wp-image-1214\"\/><\/figure><\/div>\n\n\n\n<blockquote class=\"wp-block-quote is-layout-flow wp-block-quote-is-layout-flow\"><p><span class=\"has-inline-color has-luminous-vivid-orange-color\">Esses resultados nos d\u00e3o a esperan\u00e7a de que a popula\u00e7\u00e3o desses animais esteja, possivelmente, aumentando, mas s\u00f3 poderemos afirmar, com certeza, com a continuidade da coleta de dados\u201d, conclui Corr\u00eaa.<\/span><\/p><\/blockquote>\n\n\n\n<div class=\"wp-block-image\"><figure class=\"aligncenter size-large is-resized\"><img loading=\"lazy\" decoding=\"async\" src=\"https:\/\/jornalfatosenoticias.com.br\/wp-content\/uploads\/2020\/02\/CONTROL-CS.jpg\" alt=\"\" class=\"wp-image-44991\" width=\"294\" height=\"352\" srcset=\"https:\/\/jornalfatosenoticias.com.br\/wp-content\/uploads\/2020\/02\/CONTROL-CS.jpg 834w, https:\/\/jornalfatosenoticias.com.br\/wp-content\/uploads\/2020\/02\/CONTROL-CS-250x300.jpg 250w, https:\/\/jornalfatosenoticias.com.br\/wp-content\/uploads\/2020\/02\/CONTROL-CS-768x921.jpg 768w\" sizes=\"auto, (max-width: 294px) 100vw, 294px\" \/><\/figure><\/div>\n\n\n\n<p><strong><em>Fonte: <a href=\"https:\/\/gizmodo.uol.com.br\/especie-de-tubarao-ameacada-de-extincao-pode-estar-se-recuperando-no-nordeste-brasileiro\/\">GizModo<\/a><\/em><\/strong><\/p>\n","protected":false},"excerpt":{"rendered":"<p>Por Ag\u00eancia Bori O n\u00famero de indiv\u00edduos do tubar\u00e3o-lim\u00e3o tem voltado a crescer no Atol das Rocas ap\u00f3s decl\u00ednio populacional reportado no in\u00edcio dos anos 2000. Uma equipe de pesquisadores realizou 462 contagens visuais ao longo de 45 dias e observou a abund\u00e2ncia da esp\u00e9cie, o seu comportamento em diferentes esta\u00e7\u00f5es e as condi\u00e7\u00f5es de [&hellip;]<\/p>\n","protected":false},"author":2,"featured_media":46063,"comment_status":"open","ping_status":"open","sticky":false,"template":"","format":"standard","meta":{"footnotes":""},"categories":[8],"tags":[20529,597,166,21693,21694,3971,351],"class_list":["post-46062","post","type-post","status-publish","format-standard","has-post-thumbnail","hentry","category-meio-ambiente","tag-agencia-bori","tag-brasil","tag-ciencia","tag-oceonagrafia","tag-tubarao-limao","tag-tubaroes","tag-usp"],"yoast_head":"<!-- This site is optimized with the Yoast SEO plugin v26.5 - https:\/\/yoast.com\/wordpress\/plugins\/seo\/ -->\n<title>Esp\u00e9cie de tubar\u00e3o amea\u00e7ada de extin\u00e7\u00e3o pode estar se recuperando no nordeste brasileiro - Jornal Fatos e Not\u00edcias<\/title>\n<meta name=\"robots\" content=\"index, follow, max-snippet:-1, max-image-preview:large, max-video-preview:-1\" \/>\n<link rel=\"canonical\" href=\"https:\/\/jornalfatosenoticias.com.br\/index.php\/2023\/10\/17\/especie-de-tubarao-ameacada-de-extincao-pode-estar-se-recuperando-no-nordeste-brasileiro\/\" \/>\n<meta property=\"og:locale\" content=\"pt_BR\" \/>\n<meta property=\"og:type\" content=\"article\" \/>\n<meta property=\"og:title\" content=\"Esp\u00e9cie de tubar\u00e3o amea\u00e7ada de extin\u00e7\u00e3o pode estar se recuperando no nordeste brasileiro - Jornal Fatos e Not\u00edcias\" \/>\n<meta property=\"og:description\" content=\"Por Ag\u00eancia Bori O n\u00famero de indiv\u00edduos do tubar\u00e3o-lim\u00e3o tem voltado a crescer no Atol das Rocas ap\u00f3s decl\u00ednio populacional reportado no in\u00edcio dos anos 2000. Uma equipe de pesquisadores realizou 462 contagens visuais ao longo de 45 dias e observou a abund\u00e2ncia da esp\u00e9cie, o seu comportamento em diferentes esta\u00e7\u00f5es e as condi\u00e7\u00f5es de [&hellip;]\" \/>\n<meta property=\"og:url\" content=\"https:\/\/jornalfatosenoticias.com.br\/index.php\/2023\/10\/17\/especie-de-tubarao-ameacada-de-extincao-pode-estar-se-recuperando-no-nordeste-brasileiro\/\" \/>\n<meta property=\"og:site_name\" content=\"Jornal Fatos e Not\u00edcias\" \/>\n<meta property=\"article:published_time\" content=\"2023-10-17T13:01:06+00:00\" \/>\n<meta property=\"og:image\" content=\"https:\/\/jornalfatosenoticias.com.br\/wp-content\/uploads\/2023\/10\/tubarao-nordeste-brasileiro-agencia-bori.jpg\" \/>\n\t<meta property=\"og:image:width\" content=\"800\" \/>\n\t<meta property=\"og:image:height\" content=\"450\" \/>\n\t<meta property=\"og:image:type\" content=\"image\/jpeg\" \/>\n<meta name=\"author\" content=\"Luzimara Fernandes\" \/>\n<meta name=\"twitter:card\" content=\"summary_large_image\" \/>\n<meta name=\"twitter:label1\" content=\"Escrito por\" \/>\n\t<meta name=\"twitter:data1\" content=\"Luzimara Fernandes\" \/>\n\t<meta name=\"twitter:label2\" content=\"Est. tempo de leitura\" \/>\n\t<meta name=\"twitter:data2\" content=\"3 minutos\" \/>\n<script type=\"application\/ld+json\" class=\"yoast-schema-graph\">{\"@context\":\"https:\/\/schema.org\",\"@graph\":[{\"@type\":\"Article\",\"@id\":\"https:\/\/jornalfatosenoticias.com.br\/index.php\/2023\/10\/17\/especie-de-tubarao-ameacada-de-extincao-pode-estar-se-recuperando-no-nordeste-brasileiro\/#article\",\"isPartOf\":{\"@id\":\"https:\/\/jornalfatosenoticias.com.br\/index.php\/2023\/10\/17\/especie-de-tubarao-ameacada-de-extincao-pode-estar-se-recuperando-no-nordeste-brasileiro\/\"},\"author\":{\"name\":\"Luzimara Fernandes\",\"@id\":\"https:\/\/jornalfatosenoticias.com.br\/#\/schema\/person\/d63837fa13ac8666eb9e74e0985d6f81\"},\"headline\":\"Esp\u00e9cie de tubar\u00e3o amea\u00e7ada de extin\u00e7\u00e3o pode estar se recuperando no nordeste brasileiro\",\"datePublished\":\"2023-10-17T13:01:06+00:00\",\"mainEntityOfPage\":{\"@id\":\"https:\/\/jornalfatosenoticias.com.br\/index.php\/2023\/10\/17\/especie-de-tubarao-ameacada-de-extincao-pode-estar-se-recuperando-no-nordeste-brasileiro\/\"},\"wordCount\":659,\"commentCount\":0,\"publisher\":{\"@id\":\"https:\/\/jornalfatosenoticias.com.br\/#organization\"},\"image\":{\"@id\":\"https:\/\/jornalfatosenoticias.com.br\/index.php\/2023\/10\/17\/especie-de-tubarao-ameacada-de-extincao-pode-estar-se-recuperando-no-nordeste-brasileiro\/#primaryimage\"},\"thumbnailUrl\":\"https:\/\/jornalfatosenoticias.com.br\/wp-content\/uploads\/2023\/10\/tubarao-nordeste-brasileiro-agencia-bori.jpg\",\"keywords\":[\"Ag\u00eancia Bori\",\"Brasil\",\"ci\u00eancia\",\"oceonagrafia\",\"tubar\u00e3o-lim\u00e3o\",\"tubar\u00f5es\",\"USP\"],\"articleSection\":[\"Meio ambiente\"],\"inLanguage\":\"pt-BR\",\"potentialAction\":[{\"@type\":\"CommentAction\",\"name\":\"Comment\",\"target\":[\"https:\/\/jornalfatosenoticias.com.br\/index.php\/2023\/10\/17\/especie-de-tubarao-ameacada-de-extincao-pode-estar-se-recuperando-no-nordeste-brasileiro\/#respond\"]}]},{\"@type\":\"WebPage\",\"@id\":\"https:\/\/jornalfatosenoticias.com.br\/index.php\/2023\/10\/17\/especie-de-tubarao-ameacada-de-extincao-pode-estar-se-recuperando-no-nordeste-brasileiro\/\",\"url\":\"https:\/\/jornalfatosenoticias.com.br\/index.php\/2023\/10\/17\/especie-de-tubarao-ameacada-de-extincao-pode-estar-se-recuperando-no-nordeste-brasileiro\/\",\"name\":\"Esp\u00e9cie de tubar\u00e3o amea\u00e7ada de extin\u00e7\u00e3o pode estar se recuperando no nordeste brasileiro - Jornal Fatos e Not\u00edcias\",\"isPartOf\":{\"@id\":\"https:\/\/jornalfatosenoticias.com.br\/#website\"},\"primaryImageOfPage\":{\"@id\":\"https:\/\/jornalfatosenoticias.com.br\/index.php\/2023\/10\/17\/especie-de-tubarao-ameacada-de-extincao-pode-estar-se-recuperando-no-nordeste-brasileiro\/#primaryimage\"},\"image\":{\"@id\":\"https:\/\/jornalfatosenoticias.com.br\/index.php\/2023\/10\/17\/especie-de-tubarao-ameacada-de-extincao-pode-estar-se-recuperando-no-nordeste-brasileiro\/#primaryimage\"},\"thumbnailUrl\":\"https:\/\/jornalfatosenoticias.com.br\/wp-content\/uploads\/2023\/10\/tubarao-nordeste-brasileiro-agencia-bori.jpg\",\"datePublished\":\"2023-10-17T13:01:06+00:00\",\"breadcrumb\":{\"@id\":\"https:\/\/jornalfatosenoticias.com.br\/index.php\/2023\/10\/17\/especie-de-tubarao-ameacada-de-extincao-pode-estar-se-recuperando-no-nordeste-brasileiro\/#breadcrumb\"},\"inLanguage\":\"pt-BR\",\"potentialAction\":[{\"@type\":\"ReadAction\",\"target\":[\"https:\/\/jornalfatosenoticias.com.br\/index.php\/2023\/10\/17\/especie-de-tubarao-ameacada-de-extincao-pode-estar-se-recuperando-no-nordeste-brasileiro\/\"]}]},{\"@type\":\"ImageObject\",\"inLanguage\":\"pt-BR\",\"@id\":\"https:\/\/jornalfatosenoticias.com.br\/index.php\/2023\/10\/17\/especie-de-tubarao-ameacada-de-extincao-pode-estar-se-recuperando-no-nordeste-brasileiro\/#primaryimage\",\"url\":\"https:\/\/jornalfatosenoticias.com.br\/wp-content\/uploads\/2023\/10\/tubarao-nordeste-brasileiro-agencia-bori.jpg\",\"contentUrl\":\"https:\/\/jornalfatosenoticias.com.br\/wp-content\/uploads\/2023\/10\/tubarao-nordeste-brasileiro-agencia-bori.jpg\",\"width\":800,\"height\":450},{\"@type\":\"BreadcrumbList\",\"@id\":\"https:\/\/jornalfatosenoticias.com.br\/index.php\/2023\/10\/17\/especie-de-tubarao-ameacada-de-extincao-pode-estar-se-recuperando-no-nordeste-brasileiro\/#breadcrumb\",\"itemListElement\":[{\"@type\":\"ListItem\",\"position\":1,\"name\":\"In\u00edcio\",\"item\":\"https:\/\/jornalfatosenoticias.com.br\/\"},{\"@type\":\"ListItem\",\"position\":2,\"name\":\"Esp\u00e9cie de tubar\u00e3o amea\u00e7ada de extin\u00e7\u00e3o pode estar se recuperando no nordeste brasileiro\"}]},{\"@type\":\"WebSite\",\"@id\":\"https:\/\/jornalfatosenoticias.com.br\/#website\",\"url\":\"https:\/\/jornalfatosenoticias.com.br\/\",\"name\":\"Jornal Fatos e Not\u00edcias\",\"description\":\"Not\u00edcias em geral\",\"publisher\":{\"@id\":\"https:\/\/jornalfatosenoticias.com.br\/#organization\"},\"potentialAction\":[{\"@type\":\"SearchAction\",\"target\":{\"@type\":\"EntryPoint\",\"urlTemplate\":\"https:\/\/jornalfatosenoticias.com.br\/?s={search_term_string}\"},\"query-input\":{\"@type\":\"PropertyValueSpecification\",\"valueRequired\":true,\"valueName\":\"search_term_string\"}}],\"inLanguage\":\"pt-BR\"},{\"@type\":\"Organization\",\"@id\":\"https:\/\/jornalfatosenoticias.com.br\/#organization\",\"name\":\"Jornal Fatos e Not\u00edcias\",\"url\":\"https:\/\/jornalfatosenoticias.com.br\/\",\"logo\":{\"@type\":\"ImageObject\",\"inLanguage\":\"pt-BR\",\"@id\":\"https:\/\/jornalfatosenoticias.com.br\/#\/schema\/logo\/image\/\",\"url\":\"https:\/\/jornalfatosenoticias.com.br\/wp-content\/uploads\/2020\/02\/logo120.png\",\"contentUrl\":\"https:\/\/jornalfatosenoticias.com.br\/wp-content\/uploads\/2020\/02\/logo120.png\",\"width\":1227,\"height\":120,\"caption\":\"Jornal Fatos e Not\u00edcias\"},\"image\":{\"@id\":\"https:\/\/jornalfatosenoticias.com.br\/#\/schema\/logo\/image\/\"}},{\"@type\":\"Person\",\"@id\":\"https:\/\/jornalfatosenoticias.com.br\/#\/schema\/person\/d63837fa13ac8666eb9e74e0985d6f81\",\"name\":\"Luzimara Fernandes\",\"image\":{\"@type\":\"ImageObject\",\"inLanguage\":\"pt-BR\",\"@id\":\"https:\/\/jornalfatosenoticias.com.br\/#\/schema\/person\/image\/\",\"url\":\"https:\/\/jornalfatosenoticias.com.br\/wp-content\/uploads\/2025\/05\/EU_portal.jpg\",\"contentUrl\":\"https:\/\/jornalfatosenoticias.com.br\/wp-content\/uploads\/2025\/05\/EU_portal.jpg\",\"caption\":\"Luzimara Fernandes\"},\"description\":\"Jornalista MTB 2358-ES\",\"sameAs\":[\"https:\/\/jornalfatosenoticias.com.br\"],\"url\":\"https:\/\/jornalfatosenoticias.com.br\/index.php\/author\/luzimara\/\"}]}<\/script>\n<!-- \/ Yoast SEO plugin. -->","yoast_head_json":{"title":"Esp\u00e9cie de tubar\u00e3o amea\u00e7ada de extin\u00e7\u00e3o pode estar se recuperando no nordeste brasileiro - Jornal Fatos e Not\u00edcias","robots":{"index":"index","follow":"follow","max-snippet":"max-snippet:-1","max-image-preview":"max-image-preview:large","max-video-preview":"max-video-preview:-1"},"canonical":"https:\/\/jornalfatosenoticias.com.br\/index.php\/2023\/10\/17\/especie-de-tubarao-ameacada-de-extincao-pode-estar-se-recuperando-no-nordeste-brasileiro\/","og_locale":"pt_BR","og_type":"article","og_title":"Esp\u00e9cie de tubar\u00e3o amea\u00e7ada de extin\u00e7\u00e3o pode estar se recuperando no nordeste brasileiro - Jornal Fatos e Not\u00edcias","og_description":"Por Ag\u00eancia Bori O n\u00famero de indiv\u00edduos do tubar\u00e3o-lim\u00e3o tem voltado a crescer no Atol das Rocas ap\u00f3s decl\u00ednio populacional reportado no in\u00edcio dos anos 2000. Uma equipe de pesquisadores realizou 462 contagens visuais ao longo de 45 dias e observou a abund\u00e2ncia da esp\u00e9cie, o seu comportamento em diferentes esta\u00e7\u00f5es e as condi\u00e7\u00f5es de [&hellip;]","og_url":"https:\/\/jornalfatosenoticias.com.br\/index.php\/2023\/10\/17\/especie-de-tubarao-ameacada-de-extincao-pode-estar-se-recuperando-no-nordeste-brasileiro\/","og_site_name":"Jornal Fatos e Not\u00edcias","article_published_time":"2023-10-17T13:01:06+00:00","og_image":[{"width":800,"height":450,"url":"https:\/\/jornalfatosenoticias.com.br\/wp-content\/uploads\/2023\/10\/tubarao-nordeste-brasileiro-agencia-bori.jpg","type":"image\/jpeg"}],"author":"Luzimara Fernandes","twitter_card":"summary_large_image","twitter_misc":{"Escrito por":"Luzimara Fernandes","Est. tempo de leitura":"3 minutos"},"schema":{"@context":"https:\/\/schema.org","@graph":[{"@type":"Article","@id":"https:\/\/jornalfatosenoticias.com.br\/index.php\/2023\/10\/17\/especie-de-tubarao-ameacada-de-extincao-pode-estar-se-recuperando-no-nordeste-brasileiro\/#article","isPartOf":{"@id":"https:\/\/jornalfatosenoticias.com.br\/index.php\/2023\/10\/17\/especie-de-tubarao-ameacada-de-extincao-pode-estar-se-recuperando-no-nordeste-brasileiro\/"},"author":{"name":"Luzimara Fernandes","@id":"https:\/\/jornalfatosenoticias.com.br\/#\/schema\/person\/d63837fa13ac8666eb9e74e0985d6f81"},"headline":"Esp\u00e9cie de tubar\u00e3o amea\u00e7ada de extin\u00e7\u00e3o pode estar se recuperando no nordeste brasileiro","datePublished":"2023-10-17T13:01:06+00:00","mainEntityOfPage":{"@id":"https:\/\/jornalfatosenoticias.com.br\/index.php\/2023\/10\/17\/especie-de-tubarao-ameacada-de-extincao-pode-estar-se-recuperando-no-nordeste-brasileiro\/"},"wordCount":659,"commentCount":0,"publisher":{"@id":"https:\/\/jornalfatosenoticias.com.br\/#organization"},"image":{"@id":"https:\/\/jornalfatosenoticias.com.br\/index.php\/2023\/10\/17\/especie-de-tubarao-ameacada-de-extincao-pode-estar-se-recuperando-no-nordeste-brasileiro\/#primaryimage"},"thumbnailUrl":"https:\/\/jornalfatosenoticias.com.br\/wp-content\/uploads\/2023\/10\/tubarao-nordeste-brasileiro-agencia-bori.jpg","keywords":["Ag\u00eancia Bori","Brasil","ci\u00eancia","oceonagrafia","tubar\u00e3o-lim\u00e3o","tubar\u00f5es","USP"],"articleSection":["Meio ambiente"],"inLanguage":"pt-BR","potentialAction":[{"@type":"CommentAction","name":"Comment","target":["https:\/\/jornalfatosenoticias.com.br\/index.php\/2023\/10\/17\/especie-de-tubarao-ameacada-de-extincao-pode-estar-se-recuperando-no-nordeste-brasileiro\/#respond"]}]},{"@type":"WebPage","@id":"https:\/\/jornalfatosenoticias.com.br\/index.php\/2023\/10\/17\/especie-de-tubarao-ameacada-de-extincao-pode-estar-se-recuperando-no-nordeste-brasileiro\/","url":"https:\/\/jornalfatosenoticias.com.br\/index.php\/2023\/10\/17\/especie-de-tubarao-ameacada-de-extincao-pode-estar-se-recuperando-no-nordeste-brasileiro\/","name":"Esp\u00e9cie de tubar\u00e3o amea\u00e7ada de extin\u00e7\u00e3o pode estar se recuperando no nordeste brasileiro - Jornal Fatos e Not\u00edcias","isPartOf":{"@id":"https:\/\/jornalfatosenoticias.com.br\/#website"},"primaryImageOfPage":{"@id":"https:\/\/jornalfatosenoticias.com.br\/index.php\/2023\/10\/17\/especie-de-tubarao-ameacada-de-extincao-pode-estar-se-recuperando-no-nordeste-brasileiro\/#primaryimage"},"image":{"@id":"https:\/\/jornalfatosenoticias.com.br\/index.php\/2023\/10\/17\/especie-de-tubarao-ameacada-de-extincao-pode-estar-se-recuperando-no-nordeste-brasileiro\/#primaryimage"},"thumbnailUrl":"https:\/\/jornalfatosenoticias.com.br\/wp-content\/uploads\/2023\/10\/tubarao-nordeste-brasileiro-agencia-bori.jpg","datePublished":"2023-10-17T13:01:06+00:00","breadcrumb":{"@id":"https:\/\/jornalfatosenoticias.com.br\/index.php\/2023\/10\/17\/especie-de-tubarao-ameacada-de-extincao-pode-estar-se-recuperando-no-nordeste-brasileiro\/#breadcrumb"},"inLanguage":"pt-BR","potentialAction":[{"@type":"ReadAction","target":["https:\/\/jornalfatosenoticias.com.br\/index.php\/2023\/10\/17\/especie-de-tubarao-ameacada-de-extincao-pode-estar-se-recuperando-no-nordeste-brasileiro\/"]}]},{"@type":"ImageObject","inLanguage":"pt-BR","@id":"https:\/\/jornalfatosenoticias.com.br\/index.php\/2023\/10\/17\/especie-de-tubarao-ameacada-de-extincao-pode-estar-se-recuperando-no-nordeste-brasileiro\/#primaryimage","url":"https:\/\/jornalfatosenoticias.com.br\/wp-content\/uploads\/2023\/10\/tubarao-nordeste-brasileiro-agencia-bori.jpg","contentUrl":"https:\/\/jornalfatosenoticias.com.br\/wp-content\/uploads\/2023\/10\/tubarao-nordeste-brasileiro-agencia-bori.jpg","width":800,"height":450},{"@type":"BreadcrumbList","@id":"https:\/\/jornalfatosenoticias.com.br\/index.php\/2023\/10\/17\/especie-de-tubarao-ameacada-de-extincao-pode-estar-se-recuperando-no-nordeste-brasileiro\/#breadcrumb","itemListElement":[{"@type":"ListItem","position":1,"name":"In\u00edcio","item":"https:\/\/jornalfatosenoticias.com.br\/"},{"@type":"ListItem","position":2,"name":"Esp\u00e9cie de tubar\u00e3o amea\u00e7ada de extin\u00e7\u00e3o pode estar se recuperando no nordeste brasileiro"}]},{"@type":"WebSite","@id":"https:\/\/jornalfatosenoticias.com.br\/#website","url":"https:\/\/jornalfatosenoticias.com.br\/","name":"Jornal Fatos e Not\u00edcias","description":"Not\u00edcias em geral","publisher":{"@id":"https:\/\/jornalfatosenoticias.com.br\/#organization"},"potentialAction":[{"@type":"SearchAction","target":{"@type":"EntryPoint","urlTemplate":"https:\/\/jornalfatosenoticias.com.br\/?s={search_term_string}"},"query-input":{"@type":"PropertyValueSpecification","valueRequired":true,"valueName":"search_term_string"}}],"inLanguage":"pt-BR"},{"@type":"Organization","@id":"https:\/\/jornalfatosenoticias.com.br\/#organization","name":"Jornal Fatos e Not\u00edcias","url":"https:\/\/jornalfatosenoticias.com.br\/","logo":{"@type":"ImageObject","inLanguage":"pt-BR","@id":"https:\/\/jornalfatosenoticias.com.br\/#\/schema\/logo\/image\/","url":"https:\/\/jornalfatosenoticias.com.br\/wp-content\/uploads\/2020\/02\/logo120.png","contentUrl":"https:\/\/jornalfatosenoticias.com.br\/wp-content\/uploads\/2020\/02\/logo120.png","width":1227,"height":120,"caption":"Jornal Fatos e Not\u00edcias"},"image":{"@id":"https:\/\/jornalfatosenoticias.com.br\/#\/schema\/logo\/image\/"}},{"@type":"Person","@id":"https:\/\/jornalfatosenoticias.com.br\/#\/schema\/person\/d63837fa13ac8666eb9e74e0985d6f81","name":"Luzimara Fernandes","image":{"@type":"ImageObject","inLanguage":"pt-BR","@id":"https:\/\/jornalfatosenoticias.com.br\/#\/schema\/person\/image\/","url":"https:\/\/jornalfatosenoticias.com.br\/wp-content\/uploads\/2025\/05\/EU_portal.jpg","contentUrl":"https:\/\/jornalfatosenoticias.com.br\/wp-content\/uploads\/2025\/05\/EU_portal.jpg","caption":"Luzimara Fernandes"},"description":"Jornalista MTB 2358-ES","sameAs":["https:\/\/jornalfatosenoticias.com.br"],"url":"https:\/\/jornalfatosenoticias.com.br\/index.php\/author\/luzimara\/"}]}},"cc_featured_image_caption":{"caption_text":"(Foto: Arquivo Pesquisadores) ","source_text":"","source_url":""},"jetpack_featured_media_url":"https:\/\/jornalfatosenoticias.com.br\/wp-content\/uploads\/2023\/10\/tubarao-nordeste-brasileiro-agencia-bori.jpg","_links":{"self":[{"href":"https:\/\/jornalfatosenoticias.com.br\/index.php\/wp-json\/wp\/v2\/posts\/46062","targetHints":{"allow":["GET"]}}],"collection":[{"href":"https:\/\/jornalfatosenoticias.com.br\/index.php\/wp-json\/wp\/v2\/posts"}],"about":[{"href":"https:\/\/jornalfatosenoticias.com.br\/index.php\/wp-json\/wp\/v2\/types\/post"}],"author":[{"embeddable":true,"href":"https:\/\/jornalfatosenoticias.com.br\/index.php\/wp-json\/wp\/v2\/users\/2"}],"replies":[{"embeddable":true,"href":"https:\/\/jornalfatosenoticias.com.br\/index.php\/wp-json\/wp\/v2\/comments?post=46062"}],"version-history":[{"count":0,"href":"https:\/\/jornalfatosenoticias.com.br\/index.php\/wp-json\/wp\/v2\/posts\/46062\/revisions"}],"wp:featuredmedia":[{"embeddable":true,"href":"https:\/\/jornalfatosenoticias.com.br\/index.php\/wp-json\/wp\/v2\/media\/46063"}],"wp:attachment":[{"href":"https:\/\/jornalfatosenoticias.com.br\/index.php\/wp-json\/wp\/v2\/media?parent=46062"}],"wp:term":[{"taxonomy":"category","embeddable":true,"href":"https:\/\/jornalfatosenoticias.com.br\/index.php\/wp-json\/wp\/v2\/categories?post=46062"},{"taxonomy":"post_tag","embeddable":true,"href":"https:\/\/jornalfatosenoticias.com.br\/index.php\/wp-json\/wp\/v2\/tags?post=46062"}],"curies":[{"name":"wp","href":"https:\/\/api.w.org\/{rel}","templated":true}]}}