{"id":46077,"date":"2023-10-17T11:58:37","date_gmt":"2023-10-17T14:58:37","guid":{"rendered":"https:\/\/jornalfatosenoticias.com.br\/?p=46077"},"modified":"2023-10-17T11:58:38","modified_gmt":"2023-10-17T14:58:38","slug":"desordem-fiscal-ameaca-o-triplex-economico-de-lula","status":"publish","type":"post","link":"https:\/\/jornalfatosenoticias.com.br\/index.php\/2023\/10\/17\/desordem-fiscal-ameaca-o-triplex-economico-de-lula\/","title":{"rendered":"Desordem fiscal amea\u00e7a o \u201ctr\u00edplex\u201d econ\u00f4mico de Lula"},"content":{"rendered":"\n<p><em><span class=\"has-inline-color has-black-color\">Por <strong><a href=\"https:\/\/www.gazetadopovo.com.br\/autor\/silvio-ribas\/\">S\u00edlvio Ribas<\/a><\/strong><\/span><\/em><\/p>\n\n\n\n<div class=\"wp-block-image\"><figure class=\"aligncenter size-large\"><img loading=\"lazy\" decoding=\"async\" width=\"729\" height=\"90\" src=\"https:\/\/jornalfatosenoticias.com.br\/wp-content\/uploads\/2020\/02\/Logo_Mizu.png\" alt=\"\" class=\"wp-image-1441\" srcset=\"https:\/\/jornalfatosenoticias.com.br\/wp-content\/uploads\/2020\/02\/Logo_Mizu.png 729w, https:\/\/jornalfatosenoticias.com.br\/wp-content\/uploads\/2020\/02\/Logo_Mizu-300x37.png 300w\" sizes=\"auto, (max-width: 729px) 100vw, 729px\" \/><\/figure><\/div>\n\n\n\n<p>O ministro das Rela\u00e7\u00f5es Institucionais, Alexandre Padilha, mencionou em uma reuni\u00e3o com prefeitos de S\u00e3o Paulo, em 7 de outubro, a inten\u00e7\u00e3o do governo federal de erguer um \u201ctr\u00edplex da economia\u201d, formado por crescimento econ\u00f4mico, controle da infla\u00e7\u00e3o e redu\u00e7\u00e3o do desemprego. Segundo ele, essa perspectiva est\u00e1 pr\u00f3xima de se tornar realidade, dependendo s\u00f3 da aprova\u00e7\u00e3o ainda neste ano pelo Congresso de propostas focadas na arrecada\u00e7\u00e3o de mais impostos, projetando receitas extras de R$ 170 bilh\u00f5es anuais a partir de 2024.<br>Mas analistas consultados pela Gazeta do Povo afirmam que o otimismo de Padilha pode sucumbir perante prazos apertados, piora do cen\u00e1rio global e poss\u00edveis desentendimentos com o Legislativo, levando ao caos nas contas p\u00fablicas. Sem hesitar nomear os tr\u00eas alvos econ\u00f4micos do governo como \u201ctr\u00edplex\u201d, Padilha destaca o progresso desses objetivos, a come\u00e7ar pela expectativa de aprova\u00e7\u00e3o da reforma tribut\u00e1ria nas pr\u00f3ximas semanas. <\/p>\n\n\n\n<div class=\"wp-block-image\"><figure class=\"aligncenter size-large is-resized\"><img loading=\"lazy\" decoding=\"async\" src=\"https:\/\/jornalfatosenoticias.com.br\/wp-content\/uploads\/2022\/10\/RC_800x750_page-0001.jpg\" alt=\"\" class=\"wp-image-35338\" width=\"283\" height=\"265\" srcset=\"https:\/\/jornalfatosenoticias.com.br\/wp-content\/uploads\/2022\/10\/RC_800x750_page-0001.jpg 400w, https:\/\/jornalfatosenoticias.com.br\/wp-content\/uploads\/2022\/10\/RC_800x750_page-0001-300x281.jpg 300w\" sizes=\"auto, (max-width: 283px) 100vw, 283px\" \/><\/figure><\/div>\n\n\n\n<p>O relat\u00f3rio do senador Eduardo Braga (MDB-MA) ser\u00e1 lido em 24 de outubro e a vota\u00e7\u00e3o em plen\u00e1rio foi marcada para 7 de novembro, retornando depois \u00e0 C\u00e2mara dos Deputados. \u201cApenas com isso, podemos encerrar o ano com o PIB acima de 3%, a infla\u00e7\u00e3o abaixo de 4% e taxa de desemprego inferior a 8%\u201d, estimou o ministro. Ainda para este m\u00eas, Padilha conta com o aval do Congresso \u00e0 taxa\u00e7\u00e3o dos fundos exclusivos e dos fundos offshore, que ele chama de \u201cos fundos dos super-ricos\u201d.<\/p>\n\n\n\n<div class=\"wp-block-image\"><figure class=\"aligncenter size-large is-resized\"><img loading=\"lazy\" decoding=\"async\" src=\"https:\/\/jornalfatosenoticias.com.br\/wp-content\/uploads\/2022\/02\/Precisao-Contabilidade-1024x724.jpg\" alt=\"\" class=\"wp-image-28088\" width=\"308\" height=\"218\"\/><\/figure><\/div>\n\n\n\n<blockquote class=\"wp-block-quote is-layout-flow wp-block-quote-is-layout-flow\"><p><span class=\"has-inline-color has-luminous-vivid-orange-color\">A aprova\u00e7\u00e3o dessas mat\u00e9rias ainda em 2023 n\u00e3o traz preju\u00edzo para o plano do ministro Fernando Haddad (Fazenda), no rumo de unir responsabilidade social e responsabilidade fiscal, consolidando ambiente favor\u00e1vel \u00e0 queda de juros e \u00e0 volta dos investimentos\u201d, disse. Apesar desse discurso, o mercado financeiro vem reduzindo as expectativas de que o governo alcan\u00e7ar\u00e1 o prometido d\u00e9ficit zero no pr\u00f3ximo ano.<\/span><\/p><\/blockquote>\n\n\n\n<div class=\"wp-block-image\"><figure class=\"aligncenter size-large is-resized\"><img loading=\"lazy\" decoding=\"async\" src=\"https:\/\/jornalfatosenoticias.com.br\/wp-content\/uploads\/2023\/03\/nova-logo-Marquetti.jpg\" alt=\"\" class=\"wp-image-40207\" width=\"276\" height=\"185\" srcset=\"https:\/\/jornalfatosenoticias.com.br\/wp-content\/uploads\/2023\/03\/nova-logo-Marquetti.jpg 643w, https:\/\/jornalfatosenoticias.com.br\/wp-content\/uploads\/2023\/03\/nova-logo-Marquetti-300x202.jpg 300w\" sizes=\"auto, (max-width: 276px) 100vw, 276px\" \/><\/figure><\/div>\n\n\n\n<p>Marcus Pestana, diretor-executivo da Institui\u00e7\u00e3o Fiscal Independente (IFI), vinculada ao Senado, afirmou, em 10 de outubro, aos membros da Comiss\u00e3o de Assuntos Econ\u00f4micos (CAE) da Casa estar preocupado com a evolu\u00e7\u00e3o das contas p\u00fablicas. Ele lembrou que n\u00e3o por acaso as mat\u00e9rias de maior interesse do governo sob an\u00e1lise no Congresso versam sobre o tema, tais como a reforma tribut\u00e1ria, a nova governan\u00e7a do Conselho Administrativo de Recursos Fiscais (Carf) e o novo arcabou\u00e7o fiscal. \u201cEste \u00e9 o principal desafio do governo, porque o desequil\u00edbrio fiscal desenfreado provoca o aumento de sua d\u00edvida, al\u00e9m de infla\u00e7\u00e3o, juros altos, recess\u00e3o e desemprego\u201d, alertou.<\/p>\n\n\n\n<div class=\"wp-block-image\"><figure class=\"aligncenter size-large\"><img loading=\"lazy\" decoding=\"async\" width=\"300\" height=\"250\" src=\"https:\/\/jornalfatosenoticias.com.br\/wp-content\/uploads\/2022\/02\/FERRARI_MAQUINAS-E-FERRAMENTAS2.jpg\" alt=\"\" class=\"wp-image-27860\"\/><\/figure><\/div>\n\n\n\n<p>Analistas de mercado compartilham desse receio com as finan\u00e7as p\u00fablicas, sobretudo quando cresce o poder do Legislativo sobre o Or\u00e7amento, reduzindo o espa\u00e7o de manobra do Executivo, al\u00e9m do que se espera de um Banco Central (BC) vigilante. Os primeiros cortes da taxa b\u00e1sica de juros (Selic) tiveram como base o cumprimento das metas fiscais definidas no arcabou\u00e7o. Mas <a href=\"https:\/\/www.gazetadopovo.com.br\/economia\/confianca-economia-queda-empresas-mercado-financeiro\/?ref=link-interno-materia\">essa mesma confian\u00e7a est\u00e1 enfraquecendo<\/a> e o BC, diante de um eventual surto inflacion\u00e1rio gerado pelo desarranjo fiscal, ter\u00e1 de agir, interrompendo a redu\u00e7\u00e3o da Selic em meados de 2024.<\/p>\n\n\n\n<div class=\"wp-block-image\"><figure class=\"aligncenter size-large is-resized\"><img loading=\"lazy\" decoding=\"async\" src=\"https:\/\/jornalfatosenoticias.com.br\/wp-content\/uploads\/2020\/02\/logo-Rapuzel-1024x571.jpg\" alt=\"\" class=\"wp-image-42808\" width=\"352\" height=\"196\" srcset=\"https:\/\/jornalfatosenoticias.com.br\/wp-content\/uploads\/2020\/02\/logo-Rapuzel-1024x571.jpg 1024w, https:\/\/jornalfatosenoticias.com.br\/wp-content\/uploads\/2020\/02\/logo-Rapuzel-300x167.jpg 300w, https:\/\/jornalfatosenoticias.com.br\/wp-content\/uploads\/2020\/02\/logo-Rapuzel-768x428.jpg 768w, https:\/\/jornalfatosenoticias.com.br\/wp-content\/uploads\/2020\/02\/logo-Rapuzel-1536x856.jpg 1536w, https:\/\/jornalfatosenoticias.com.br\/wp-content\/uploads\/2020\/02\/logo-Rapuzel.jpg 1600w\" sizes=\"auto, (max-width: 352px) 100vw, 352px\" \/><\/figure><\/div>\n\n\n\n<p><strong><span class=\"has-inline-color has-vivid-red-color\">&#8220;Tr\u00edplex do Guaruj\u00e1&#8221;<br><\/span><\/strong>A nomenclatura &#8220;tr\u00edplex&#8221; para as medidas econ\u00f4micas faz lembrar o esc\u00e2ndalo do apartamento no Guaruj\u00e1 (SP), que levou \u00e0 condena\u00e7\u00e3o de Lula \u00e0 pena de cerca de nove anos de pris\u00e3o. Mas, em abril de 2021, o Supremo Tribunal Federal (STF) declarou a parcialidade do ex-juiz S\u00e9rgio Moro para julgar o caso do tr\u00edplex. Dessa forma, a Corte anulou a condena\u00e7\u00e3o de Lula e encaminhou a investiga\u00e7\u00e3o para a Justi\u00e7a Federal em Bras\u00edlia. O processo deveria come\u00e7ar do zero, sem as provas colhidas pela Lava Jato de Curitiba.<\/p>\n\n\n\n<div class=\"wp-block-image\"><figure class=\"aligncenter size-large\"><img loading=\"lazy\" decoding=\"async\" width=\"300\" height=\"250\" src=\"https:\/\/jornalfatosenoticias.com.br\/wp-content\/uploads\/2020\/02\/Banner-2.png\" alt=\"\" class=\"wp-image-43787\"\/><\/figure><\/div>\n\n\n\n<p>Posteriormente, em janeiro de 2022, a 12\u00aa Vara Federal Criminal de Bras\u00edlia determinou o <a href=\"https:\/\/www.gazetadopovo.com.br\/republica\/breves\/justica-do-df-arquiva-caso-do-triplex-do-guaruja-atribuido-a-lula-na-lava-jato\/?ref=link-interno-materia\">arquivamento da a\u00e7\u00e3o<\/a> contra Lula no caso do &#8220;tr\u00edplex do Guaruj\u00e1&#8221;. O pedido para arquivar o processo partiu da Procuradoria da Rep\u00fablica no Distrito Federal, que apontou a prescri\u00e7\u00e3o das acusa\u00e7\u00f5es contra o petista apontadas pela Opera\u00e7\u00e3o Lava Jato.<\/p>\n\n\n\n<div class=\"wp-block-image\"><figure class=\"aligncenter size-large is-resized\"><img loading=\"lazy\" decoding=\"async\" src=\"https:\/\/jornalfatosenoticias.com.br\/wp-content\/uploads\/2020\/02\/LOGO-BLU-COMERCIAL-PRETO-1024x600.jpg\" alt=\"\" class=\"wp-image-44089\" width=\"334\" height=\"195\"\/><\/figure><\/div>\n\n\n\n<p><strong><span class=\"has-inline-color has-vivid-red-color\">Guerra no Oriente M\u00e9dio e juros americanos exp\u00f5em risco fiscal<br><\/span><\/strong>A possibilidade de uma escalada no conflito entre Israel e Hamas, abrangendo tamb\u00e9m o Ir\u00e3, j\u00e1 encabe\u00e7a as preocupa\u00e7\u00f5es dos investidores em mercados de pa\u00edses emergentes. Depois do ataque do Hamas, em 7 de outubro, a subida dos juros americanos e a desacelera\u00e7\u00e3o da China come\u00e7aram a ficar em segundo plano. O temor \u00e9 de que o Brasil, caso fique mais desorganizado na quest\u00e3o fiscal, tamb\u00e9m amplie a fragilidade diante de cen\u00e1rios externos.<\/p>\n\n\n\n<div class=\"wp-block-image\"><figure class=\"aligncenter size-large is-resized\"><img loading=\"lazy\" decoding=\"async\" src=\"https:\/\/jornalfatosenoticias.com.br\/wp-content\/uploads\/2020\/02\/CONTROL-CS.jpg\" alt=\"\" class=\"wp-image-44991\" width=\"284\" height=\"340\" srcset=\"https:\/\/jornalfatosenoticias.com.br\/wp-content\/uploads\/2020\/02\/CONTROL-CS.jpg 834w, https:\/\/jornalfatosenoticias.com.br\/wp-content\/uploads\/2020\/02\/CONTROL-CS-250x300.jpg 250w, https:\/\/jornalfatosenoticias.com.br\/wp-content\/uploads\/2020\/02\/CONTROL-CS-768x921.jpg 768w\" sizes=\"auto, (max-width: 284px) 100vw, 284px\" \/><\/figure><\/div>\n\n\n\n<p>Perguntado sobre os impactos da guerra no Oriente M\u00e9dio sobre a economia nacional, uma vez que o conflito j\u00e1 est\u00e1 provocando aumentos do pre\u00e7o do petr\u00f3leo, projetando aumento de infla\u00e7\u00e3o e de juros nos Estados Unidos, o ministro da Fazenda, Fernando Haddad, disse que \u201cn\u00e3o \u00e9 hora de tomar decis\u00f5es precipitadas\u201d.<\/p>\n\n\n\n<div class=\"wp-block-image\"><figure class=\"aligncenter size-large\"><img decoding=\"async\" src=\"https:\/\/jornalfatosenoticias.com.br\/wp-content\/uploads\/2020\/02\/barao-das-carnes-300x164-1.jpg\" alt=\"\" class=\"wp-image-34339\"\/><\/figure><\/div>\n\n\n\n<p>A pesquisa mensal de risco pol\u00edtico do m\u00eas de outubro, produzida pela consultoria internacional BCW Brasil, revelou que medidas como o arcabou\u00e7o fiscal, al\u00e9m da retra\u00e7\u00e3o do desemprego e da melhora da confian\u00e7a do consumidor, ajudaram a afastar o pessimismo inicial com o governo Lula. Mas, no quadro atual, h\u00e1 grande expectativa com a necessidade de o governo aprovar projetos para recompor receitas e alcan\u00e7ar a meta de deficit zero em 2024. Para o diretor de <em>Public Affairs<\/em> [Assuntos P\u00fablicos] da consultoria, Eduardo Galv\u00e3o, os desafios fiscais futuros continuam e d\u00favidas sobre a pol\u00edtica fiscal \u201ctendem a gerar press\u00f5es no cen\u00e1rio pol\u00edtico brasileiro\u201d.<\/p>\n\n\n\n<div class=\"wp-block-image\"><figure class=\"aligncenter size-large is-resized\"><img loading=\"lazy\" decoding=\"async\" src=\"https:\/\/jornalfatosenoticias.com.br\/wp-content\/uploads\/2023\/08\/Steel.jpeg\" alt=\"\" class=\"wp-image-44634\" width=\"297\" height=\"241\" srcset=\"https:\/\/jornalfatosenoticias.com.br\/wp-content\/uploads\/2023\/08\/Steel.jpeg 800w, https:\/\/jornalfatosenoticias.com.br\/wp-content\/uploads\/2023\/08\/Steel-300x244.jpeg 300w, https:\/\/jornalfatosenoticias.com.br\/wp-content\/uploads\/2023\/08\/Steel-768x624.jpeg 768w\" sizes=\"auto, (max-width: 297px) 100vw, 297px\" \/><\/figure><\/div>\n\n\n\n<p>A arrecada\u00e7\u00e3o federal de impostos n\u00e3o acompanhou a acelera\u00e7\u00e3o do crescimento da economia, resultando em um rombo de R$ 104,6 bilh\u00f5es nos primeiros oito meses do ano, o maior registrado no in\u00edcio de um novo mandato desde a implementa\u00e7\u00e3o do Plano Real. As proje\u00e7\u00f5es dos analistas indicam que o d\u00e9ficit federal para 2024 deve chegar a R$ 80 bilh\u00f5es, o que seria considerado um fracasso j\u00e1 no primeiro ano sob o novo marco fiscal. Como resultado, \u00e9 esperado que a d\u00edvida p\u00fablica continue a crescer em rela\u00e7\u00e3o ao Produto Interno Bruto (PIB), dos atuais 74% rumo aos 80%.<\/p>\n\n\n\n<div class=\"wp-block-image\"><figure class=\"aligncenter size-large is-resized\"><img loading=\"lazy\" decoding=\"async\" src=\"https:\/\/jornalfatosenoticias.com.br\/wp-content\/uploads\/2023\/08\/BKR-1024x1021.jpg\" alt=\"\" class=\"wp-image-44494\" width=\"328\" height=\"327\" srcset=\"https:\/\/jornalfatosenoticias.com.br\/wp-content\/uploads\/2023\/08\/BKR-1024x1021.jpg 1024w, https:\/\/jornalfatosenoticias.com.br\/wp-content\/uploads\/2023\/08\/BKR-300x300.jpg 300w, https:\/\/jornalfatosenoticias.com.br\/wp-content\/uploads\/2023\/08\/BKR-150x150.jpg 150w, https:\/\/jornalfatosenoticias.com.br\/wp-content\/uploads\/2023\/08\/BKR-768x766.jpg 768w, https:\/\/jornalfatosenoticias.com.br\/wp-content\/uploads\/2023\/08\/BKR.jpg 1080w\" sizes=\"auto, (max-width: 328px) 100vw, 328px\" \/><\/figure><\/div>\n\n\n\n<p>A percep\u00e7\u00e3o de risco fiscal tamb\u00e9m poder\u00e1 pressionar o real e dar impulso ao d\u00f3lar. Investidores ainda t\u00eam d\u00favidas se o governo vai conseguir aprovar no Congresso as medidas propostas para aumentar a arrecada\u00e7\u00e3o. Nesse ponto, gera desconforto a disputa entre o Minist\u00e9rio da Fazenda, que deseja manter a meta de d\u00e9ficit zero, e os setores do governo e do Congresso que pleiteiam flexibiliza\u00e7\u00e3o das metas, leia-se libera\u00e7\u00e3o de mais recursos em ano eleitoral. Em paralelo, a fuga de capitais para o mercado americano, onde as taxas de juros atingiram n\u00edveis recordes, seguir\u00e1 desafiando a economia.<\/p>\n\n\n\n<div class=\"wp-block-image\"><figure class=\"aligncenter size-large\"><img decoding=\"async\" src=\"https:\/\/jornalfatosenoticias.com.br\/wp-content\/uploads\/2020\/02\/logo_esteio.jpg\" alt=\"\" class=\"wp-image-1214\"\/><\/figure><\/div>\n\n\n\n<p>O indicador positivo vem da balan\u00e7a comercial, sobretudo do agroneg\u00f3cio, que tem compensado em parte essa fuga de d\u00f3lares. O saldo do com\u00e9rcio exterior em 2023 poder\u00e1 passar de US$ 90 bilh\u00f5es, o maior da hist\u00f3ria.<\/p>\n\n\n\n<div class=\"wp-block-image\"><figure class=\"aligncenter size-large\"><img loading=\"lazy\" decoding=\"async\" width=\"300\" height=\"300\" src=\"https:\/\/jornalfatosenoticias.com.br\/wp-content\/uploads\/2020\/02\/casa-do-torresmo_portal.jpg\" alt=\"\" class=\"wp-image-34472\" srcset=\"https:\/\/jornalfatosenoticias.com.br\/wp-content\/uploads\/2020\/02\/casa-do-torresmo_portal.jpg 300w, https:\/\/jornalfatosenoticias.com.br\/wp-content\/uploads\/2020\/02\/casa-do-torresmo_portal-150x150.jpg 150w\" sizes=\"auto, (max-width: 300px) 100vw, 300px\" \/><\/figure><\/div>\n\n\n\n<p><strong><span class=\"has-inline-color has-vivid-red-color\">Prazo curto para vota\u00e7\u00e3o for\u00e7a busca por definir prioridades<br><\/span><\/strong>De acordo com Marcus Deois, diretor da consultoria \u00c9tica, os feriados que ocorrem em outubro e novembro criam obst\u00e1culo para o progresso das principais agendas econ\u00f4micas do governo. Ele explicou que isso resultou em uma corrida contra o tempo e em um esfor\u00e7o altamente complexo para estabelecer quais s\u00e3o &#8220;as prioridades entre as prioridades&#8221;.<\/p>\n\n\n\n<div class=\"wp-block-image\"><figure class=\"aligncenter size-large is-resized\"><img loading=\"lazy\" decoding=\"async\" src=\"https:\/\/jornalfatosenoticias.com.br\/wp-content\/uploads\/2023\/08\/ITH.jpeg\" alt=\"\" class=\"wp-image-44638\" width=\"294\" height=\"239\" srcset=\"https:\/\/jornalfatosenoticias.com.br\/wp-content\/uploads\/2023\/08\/ITH.jpeg 800w, https:\/\/jornalfatosenoticias.com.br\/wp-content\/uploads\/2023\/08\/ITH-300x244.jpeg 300w, https:\/\/jornalfatosenoticias.com.br\/wp-content\/uploads\/2023\/08\/ITH-768x624.jpeg 768w\" sizes=\"auto, (max-width: 294px) 100vw, 294px\" \/><\/figure><\/div>\n\n\n\n<p>Uma delas \u00e9 a vota\u00e7\u00e3o do pacote tribut\u00e1rio-arrecadat\u00f3rio, que abrange a tributa\u00e7\u00e3o de fundos exclusivos, destinados a pessoas com alto patrim\u00f4nio, bem como de juros sobre capital pr\u00f3prio e de incentivos fiscais relacionados ao imposto sobre circula\u00e7\u00e3o de mercadorias e servi\u00e7os (ICMS).<\/p>\n\n\n\n<div class=\"wp-block-image\"><figure class=\"aligncenter size-large is-resized\"><img loading=\"lazy\" decoding=\"async\" src=\"https:\/\/jornalfatosenoticias.com.br\/wp-content\/uploads\/2023\/08\/VSM-Group.jpeg\" alt=\"\" class=\"wp-image-44364\" width=\"253\" height=\"253\"\/><\/figure><\/div>\n\n\n\n<p>Outro tema de grande preocupa\u00e7\u00e3o para o governo e que est\u00e1 previsto para avan\u00e7ar \u00e9 a redu\u00e7\u00e3o do imposto municipal (ISS), a renova\u00e7\u00e3o da desonera\u00e7\u00e3o da folha de pagamento para 17 setores da economia, os incentivos \u00e0s superintend\u00eancias da Amaz\u00f4nia (Sudam) e Nordeste (Sudene) e os vetos do governo \u00e0 chamada Lei do Carf.<\/p>\n\n\n\n<div class=\"wp-block-image\"><figure class=\"aligncenter size-large is-resized\"><img loading=\"lazy\" decoding=\"async\" src=\"https:\/\/jornalfatosenoticias.com.br\/wp-content\/uploads\/2022\/10\/Arte-jornal-Zucchi-600x600_Prancheta-1-1024x1024.jpg\" alt=\"\" class=\"wp-image-34782\" width=\"313\" height=\"313\" srcset=\"https:\/\/jornalfatosenoticias.com.br\/wp-content\/uploads\/2022\/10\/Arte-jornal-Zucchi-600x600_Prancheta-1-1024x1024.jpg 1024w, https:\/\/jornalfatosenoticias.com.br\/wp-content\/uploads\/2022\/10\/Arte-jornal-Zucchi-600x600_Prancheta-1-300x300.jpg 300w, https:\/\/jornalfatosenoticias.com.br\/wp-content\/uploads\/2022\/10\/Arte-jornal-Zucchi-600x600_Prancheta-1-150x150.jpg 150w, https:\/\/jornalfatosenoticias.com.br\/wp-content\/uploads\/2022\/10\/Arte-jornal-Zucchi-600x600_Prancheta-1-768x768.jpg 768w, https:\/\/jornalfatosenoticias.com.br\/wp-content\/uploads\/2022\/10\/Arte-jornal-Zucchi-600x600_Prancheta-1.jpg 1250w\" sizes=\"auto, (max-width: 313px) 100vw, 313px\" \/><\/figure><\/div>\n\n\n\n<p>O \u00eaxito da reforma tribut\u00e1ria (PEC 45\/2019) no Senado depende, por sua vez, do relat\u00f3rio elaborado pela senador Eduardo Braga (MDB-AM), levando em conta que o seu teor determinar\u00e1 quais atores econ\u00f4micos se mobilizar\u00e3o a favor ou contra o texto. Marcus Deois observou ainda que essa din\u00e2mica ter\u00e1 um impacto direto na velocidade de tramita\u00e7\u00e3o da proposta.<\/p>\n\n\n\n<div class=\"wp-block-image\"><figure class=\"aligncenter size-large is-resized\"><img loading=\"lazy\" decoding=\"async\" src=\"https:\/\/jornalfatosenoticias.com.br\/wp-content\/uploads\/2023\/09\/vetorvix1024_1.jpg\" alt=\"\" class=\"wp-image-44868\" width=\"460\" height=\"122\" srcset=\"https:\/\/jornalfatosenoticias.com.br\/wp-content\/uploads\/2023\/09\/vetorvix1024_1.jpg 1024w, https:\/\/jornalfatosenoticias.com.br\/wp-content\/uploads\/2023\/09\/vetorvix1024_1-300x80.jpg 300w, https:\/\/jornalfatosenoticias.com.br\/wp-content\/uploads\/2023\/09\/vetorvix1024_1-768x205.jpg 768w\" sizes=\"auto, (max-width: 460px) 100vw, 460px\" \/><\/figure><\/div>\n\n\n\n<p>O primeiro mandato de Lula se beneficiou do chamado &#8220;trip\u00e9 econ\u00f4mico&#8221; da Era FHC, que tinha os pilares: c\u00e2mbio flutuante, meta de infla\u00e7\u00e3o e meta fiscal. Esses fundamentos garantiram estabilidade e crescimento do pa\u00eds naquela \u00e9poca. O \u201ctr\u00edplex\u201d econ\u00f4mico est\u00e1 voltado para resultados e n\u00e3o nos meios, que deveriam incluir tamb\u00e9m o controle de gastos e n\u00e3o apenas os ganhos de receita com inclus\u00e3o de novas fontes.<\/p>\n\n\n\n<p><strong><em>Fonte: <a href=\"https:\/\/www.gazetadopovo.com.br\/republica\/desordem-fiscal-ameaca-o-triplex-economico-de-lula\/\">Gazeta do Povo<\/a><\/em><\/strong><\/p>\n","protected":false},"excerpt":{"rendered":"<p>Por S\u00edlvio Ribas O ministro das Rela\u00e7\u00f5es Institucionais, Alexandre Padilha, mencionou em uma reuni\u00e3o com prefeitos de S\u00e3o Paulo, em 7 de outubro, a inten\u00e7\u00e3o do governo federal de erguer um \u201ctr\u00edplex da economia\u201d, formado por crescimento econ\u00f4mico, controle da infla\u00e7\u00e3o e redu\u00e7\u00e3o do desemprego. Segundo ele, essa perspectiva est\u00e1 pr\u00f3xima de se tornar realidade, [&hellip;]<\/p>\n","protected":false},"author":2,"featured_media":46078,"comment_status":"open","ping_status":"open","sticky":false,"template":"","format":"standard","meta":{"footnotes":""},"categories":[9],"tags":[19531,487,21699,18156,18343,1975,21700],"class_list":["post-46077","post","type-post","status-publish","format-standard","has-post-thumbnail","hentry","category-economia","tag-arcabouco-fiscal","tag-congresso","tag-desordem-fiscal","tag-fiasco-economico","tag-governo-lula","tag-receita","tag-triplex-economico-de-lula"],"yoast_head":"<!-- This site is optimized with the Yoast SEO plugin v26.5 - https:\/\/yoast.com\/wordpress\/plugins\/seo\/ -->\n<title>Desordem fiscal amea\u00e7a o \u201ctr\u00edplex\u201d econ\u00f4mico de Lula - Jornal Fatos e Not\u00edcias<\/title>\n<meta name=\"robots\" content=\"index, follow, max-snippet:-1, max-image-preview:large, max-video-preview:-1\" \/>\n<link rel=\"canonical\" href=\"https:\/\/jornalfatosenoticias.com.br\/index.php\/2023\/10\/17\/desordem-fiscal-ameaca-o-triplex-economico-de-lula\/\" \/>\n<meta property=\"og:locale\" content=\"pt_BR\" \/>\n<meta property=\"og:type\" content=\"article\" \/>\n<meta property=\"og:title\" content=\"Desordem fiscal amea\u00e7a o \u201ctr\u00edplex\u201d econ\u00f4mico de Lula - Jornal Fatos e Not\u00edcias\" \/>\n<meta property=\"og:description\" content=\"Por S\u00edlvio Ribas O ministro das Rela\u00e7\u00f5es Institucionais, Alexandre Padilha, mencionou em uma reuni\u00e3o com prefeitos de S\u00e3o Paulo, em 7 de outubro, a inten\u00e7\u00e3o do governo federal de erguer um \u201ctr\u00edplex da economia\u201d, formado por crescimento econ\u00f4mico, controle da infla\u00e7\u00e3o e redu\u00e7\u00e3o do desemprego. Segundo ele, essa perspectiva est\u00e1 pr\u00f3xima de se tornar realidade, [&hellip;]\" \/>\n<meta property=\"og:url\" content=\"https:\/\/jornalfatosenoticias.com.br\/index.php\/2023\/10\/17\/desordem-fiscal-ameaca-o-triplex-economico-de-lula\/\" \/>\n<meta property=\"og:site_name\" content=\"Jornal Fatos e Not\u00edcias\" \/>\n<meta property=\"article:published_time\" content=\"2023-10-17T14:58:37+00:00\" \/>\n<meta property=\"article:modified_time\" content=\"2023-10-17T14:58:38+00:00\" \/>\n<meta property=\"og:image\" content=\"https:\/\/jornalfatosenoticias.com.br\/wp-content\/uploads\/2023\/10\/alexandre-padilha.jpg\" \/>\n\t<meta property=\"og:image:width\" content=\"960\" \/>\n\t<meta property=\"og:image:height\" content=\"540\" \/>\n\t<meta property=\"og:image:type\" content=\"image\/jpeg\" \/>\n<meta name=\"author\" content=\"Luzimara Fernandes\" \/>\n<meta name=\"twitter:card\" content=\"summary_large_image\" \/>\n<meta name=\"twitter:label1\" content=\"Escrito por\" \/>\n\t<meta name=\"twitter:data1\" content=\"Luzimara Fernandes\" \/>\n\t<meta name=\"twitter:label2\" content=\"Est. tempo de leitura\" \/>\n\t<meta name=\"twitter:data2\" content=\"8 minutos\" \/>\n<script type=\"application\/ld+json\" class=\"yoast-schema-graph\">{\"@context\":\"https:\/\/schema.org\",\"@graph\":[{\"@type\":\"Article\",\"@id\":\"https:\/\/jornalfatosenoticias.com.br\/index.php\/2023\/10\/17\/desordem-fiscal-ameaca-o-triplex-economico-de-lula\/#article\",\"isPartOf\":{\"@id\":\"https:\/\/jornalfatosenoticias.com.br\/index.php\/2023\/10\/17\/desordem-fiscal-ameaca-o-triplex-economico-de-lula\/\"},\"author\":{\"name\":\"Luzimara Fernandes\",\"@id\":\"https:\/\/jornalfatosenoticias.com.br\/#\/schema\/person\/d63837fa13ac8666eb9e74e0985d6f81\"},\"headline\":\"Desordem fiscal amea\u00e7a o \u201ctr\u00edplex\u201d econ\u00f4mico de Lula\",\"datePublished\":\"2023-10-17T14:58:37+00:00\",\"dateModified\":\"2023-10-17T14:58:38+00:00\",\"mainEntityOfPage\":{\"@id\":\"https:\/\/jornalfatosenoticias.com.br\/index.php\/2023\/10\/17\/desordem-fiscal-ameaca-o-triplex-economico-de-lula\/\"},\"wordCount\":1538,\"commentCount\":0,\"publisher\":{\"@id\":\"https:\/\/jornalfatosenoticias.com.br\/#organization\"},\"image\":{\"@id\":\"https:\/\/jornalfatosenoticias.com.br\/index.php\/2023\/10\/17\/desordem-fiscal-ameaca-o-triplex-economico-de-lula\/#primaryimage\"},\"thumbnailUrl\":\"https:\/\/jornalfatosenoticias.com.br\/wp-content\/uploads\/2023\/10\/alexandre-padilha.jpg\",\"keywords\":[\"arcabou\u00e7o fiscal\",\"Congresso\",\"desordem fiscal\",\"fiasco econ\u00f4mico\",\"governo Lula\",\"receita\",\"tr\u00edplex econ\u00f4mico de Lula\"],\"articleSection\":[\"Economia\"],\"inLanguage\":\"pt-BR\",\"potentialAction\":[{\"@type\":\"CommentAction\",\"name\":\"Comment\",\"target\":[\"https:\/\/jornalfatosenoticias.com.br\/index.php\/2023\/10\/17\/desordem-fiscal-ameaca-o-triplex-economico-de-lula\/#respond\"]}]},{\"@type\":\"WebPage\",\"@id\":\"https:\/\/jornalfatosenoticias.com.br\/index.php\/2023\/10\/17\/desordem-fiscal-ameaca-o-triplex-economico-de-lula\/\",\"url\":\"https:\/\/jornalfatosenoticias.com.br\/index.php\/2023\/10\/17\/desordem-fiscal-ameaca-o-triplex-economico-de-lula\/\",\"name\":\"Desordem fiscal amea\u00e7a o \u201ctr\u00edplex\u201d econ\u00f4mico de Lula - Jornal Fatos e Not\u00edcias\",\"isPartOf\":{\"@id\":\"https:\/\/jornalfatosenoticias.com.br\/#website\"},\"primaryImageOfPage\":{\"@id\":\"https:\/\/jornalfatosenoticias.com.br\/index.php\/2023\/10\/17\/desordem-fiscal-ameaca-o-triplex-economico-de-lula\/#primaryimage\"},\"image\":{\"@id\":\"https:\/\/jornalfatosenoticias.com.br\/index.php\/2023\/10\/17\/desordem-fiscal-ameaca-o-triplex-economico-de-lula\/#primaryimage\"},\"thumbnailUrl\":\"https:\/\/jornalfatosenoticias.com.br\/wp-content\/uploads\/2023\/10\/alexandre-padilha.jpg\",\"datePublished\":\"2023-10-17T14:58:37+00:00\",\"dateModified\":\"2023-10-17T14:58:38+00:00\",\"breadcrumb\":{\"@id\":\"https:\/\/jornalfatosenoticias.com.br\/index.php\/2023\/10\/17\/desordem-fiscal-ameaca-o-triplex-economico-de-lula\/#breadcrumb\"},\"inLanguage\":\"pt-BR\",\"potentialAction\":[{\"@type\":\"ReadAction\",\"target\":[\"https:\/\/jornalfatosenoticias.com.br\/index.php\/2023\/10\/17\/desordem-fiscal-ameaca-o-triplex-economico-de-lula\/\"]}]},{\"@type\":\"ImageObject\",\"inLanguage\":\"pt-BR\",\"@id\":\"https:\/\/jornalfatosenoticias.com.br\/index.php\/2023\/10\/17\/desordem-fiscal-ameaca-o-triplex-economico-de-lula\/#primaryimage\",\"url\":\"https:\/\/jornalfatosenoticias.com.br\/wp-content\/uploads\/2023\/10\/alexandre-padilha.jpg\",\"contentUrl\":\"https:\/\/jornalfatosenoticias.com.br\/wp-content\/uploads\/2023\/10\/alexandre-padilha.jpg\",\"width\":960,\"height\":540},{\"@type\":\"BreadcrumbList\",\"@id\":\"https:\/\/jornalfatosenoticias.com.br\/index.php\/2023\/10\/17\/desordem-fiscal-ameaca-o-triplex-economico-de-lula\/#breadcrumb\",\"itemListElement\":[{\"@type\":\"ListItem\",\"position\":1,\"name\":\"In\u00edcio\",\"item\":\"https:\/\/jornalfatosenoticias.com.br\/\"},{\"@type\":\"ListItem\",\"position\":2,\"name\":\"Desordem fiscal amea\u00e7a o \u201ctr\u00edplex\u201d econ\u00f4mico de Lula\"}]},{\"@type\":\"WebSite\",\"@id\":\"https:\/\/jornalfatosenoticias.com.br\/#website\",\"url\":\"https:\/\/jornalfatosenoticias.com.br\/\",\"name\":\"Jornal Fatos e Not\u00edcias\",\"description\":\"Not\u00edcias em geral\",\"publisher\":{\"@id\":\"https:\/\/jornalfatosenoticias.com.br\/#organization\"},\"potentialAction\":[{\"@type\":\"SearchAction\",\"target\":{\"@type\":\"EntryPoint\",\"urlTemplate\":\"https:\/\/jornalfatosenoticias.com.br\/?s={search_term_string}\"},\"query-input\":{\"@type\":\"PropertyValueSpecification\",\"valueRequired\":true,\"valueName\":\"search_term_string\"}}],\"inLanguage\":\"pt-BR\"},{\"@type\":\"Organization\",\"@id\":\"https:\/\/jornalfatosenoticias.com.br\/#organization\",\"name\":\"Jornal Fatos e Not\u00edcias\",\"url\":\"https:\/\/jornalfatosenoticias.com.br\/\",\"logo\":{\"@type\":\"ImageObject\",\"inLanguage\":\"pt-BR\",\"@id\":\"https:\/\/jornalfatosenoticias.com.br\/#\/schema\/logo\/image\/\",\"url\":\"https:\/\/jornalfatosenoticias.com.br\/wp-content\/uploads\/2020\/02\/logo120.png\",\"contentUrl\":\"https:\/\/jornalfatosenoticias.com.br\/wp-content\/uploads\/2020\/02\/logo120.png\",\"width\":1227,\"height\":120,\"caption\":\"Jornal Fatos e Not\u00edcias\"},\"image\":{\"@id\":\"https:\/\/jornalfatosenoticias.com.br\/#\/schema\/logo\/image\/\"}},{\"@type\":\"Person\",\"@id\":\"https:\/\/jornalfatosenoticias.com.br\/#\/schema\/person\/d63837fa13ac8666eb9e74e0985d6f81\",\"name\":\"Luzimara Fernandes\",\"image\":{\"@type\":\"ImageObject\",\"inLanguage\":\"pt-BR\",\"@id\":\"https:\/\/jornalfatosenoticias.com.br\/#\/schema\/person\/image\/\",\"url\":\"https:\/\/jornalfatosenoticias.com.br\/wp-content\/uploads\/2025\/05\/EU_portal.jpg\",\"contentUrl\":\"https:\/\/jornalfatosenoticias.com.br\/wp-content\/uploads\/2025\/05\/EU_portal.jpg\",\"caption\":\"Luzimara Fernandes\"},\"description\":\"Jornalista MTB 2358-ES\",\"sameAs\":[\"https:\/\/jornalfatosenoticias.com.br\"],\"url\":\"https:\/\/jornalfatosenoticias.com.br\/index.php\/author\/luzimara\/\"}]}<\/script>\n<!-- \/ Yoast SEO plugin. -->","yoast_head_json":{"title":"Desordem fiscal amea\u00e7a o \u201ctr\u00edplex\u201d econ\u00f4mico de Lula - Jornal Fatos e Not\u00edcias","robots":{"index":"index","follow":"follow","max-snippet":"max-snippet:-1","max-image-preview":"max-image-preview:large","max-video-preview":"max-video-preview:-1"},"canonical":"https:\/\/jornalfatosenoticias.com.br\/index.php\/2023\/10\/17\/desordem-fiscal-ameaca-o-triplex-economico-de-lula\/","og_locale":"pt_BR","og_type":"article","og_title":"Desordem fiscal amea\u00e7a o \u201ctr\u00edplex\u201d econ\u00f4mico de Lula - Jornal Fatos e Not\u00edcias","og_description":"Por S\u00edlvio Ribas O ministro das Rela\u00e7\u00f5es Institucionais, Alexandre Padilha, mencionou em uma reuni\u00e3o com prefeitos de S\u00e3o Paulo, em 7 de outubro, a inten\u00e7\u00e3o do governo federal de erguer um \u201ctr\u00edplex da economia\u201d, formado por crescimento econ\u00f4mico, controle da infla\u00e7\u00e3o e redu\u00e7\u00e3o do desemprego. Segundo ele, essa perspectiva est\u00e1 pr\u00f3xima de se tornar realidade, [&hellip;]","og_url":"https:\/\/jornalfatosenoticias.com.br\/index.php\/2023\/10\/17\/desordem-fiscal-ameaca-o-triplex-economico-de-lula\/","og_site_name":"Jornal Fatos e Not\u00edcias","article_published_time":"2023-10-17T14:58:37+00:00","article_modified_time":"2023-10-17T14:58:38+00:00","og_image":[{"width":960,"height":540,"url":"https:\/\/jornalfatosenoticias.com.br\/wp-content\/uploads\/2023\/10\/alexandre-padilha.jpg","type":"image\/jpeg"}],"author":"Luzimara Fernandes","twitter_card":"summary_large_image","twitter_misc":{"Escrito por":"Luzimara Fernandes","Est. tempo de leitura":"8 minutos"},"schema":{"@context":"https:\/\/schema.org","@graph":[{"@type":"Article","@id":"https:\/\/jornalfatosenoticias.com.br\/index.php\/2023\/10\/17\/desordem-fiscal-ameaca-o-triplex-economico-de-lula\/#article","isPartOf":{"@id":"https:\/\/jornalfatosenoticias.com.br\/index.php\/2023\/10\/17\/desordem-fiscal-ameaca-o-triplex-economico-de-lula\/"},"author":{"name":"Luzimara Fernandes","@id":"https:\/\/jornalfatosenoticias.com.br\/#\/schema\/person\/d63837fa13ac8666eb9e74e0985d6f81"},"headline":"Desordem fiscal amea\u00e7a o \u201ctr\u00edplex\u201d econ\u00f4mico de Lula","datePublished":"2023-10-17T14:58:37+00:00","dateModified":"2023-10-17T14:58:38+00:00","mainEntityOfPage":{"@id":"https:\/\/jornalfatosenoticias.com.br\/index.php\/2023\/10\/17\/desordem-fiscal-ameaca-o-triplex-economico-de-lula\/"},"wordCount":1538,"commentCount":0,"publisher":{"@id":"https:\/\/jornalfatosenoticias.com.br\/#organization"},"image":{"@id":"https:\/\/jornalfatosenoticias.com.br\/index.php\/2023\/10\/17\/desordem-fiscal-ameaca-o-triplex-economico-de-lula\/#primaryimage"},"thumbnailUrl":"https:\/\/jornalfatosenoticias.com.br\/wp-content\/uploads\/2023\/10\/alexandre-padilha.jpg","keywords":["arcabou\u00e7o fiscal","Congresso","desordem fiscal","fiasco econ\u00f4mico","governo Lula","receita","tr\u00edplex econ\u00f4mico de Lula"],"articleSection":["Economia"],"inLanguage":"pt-BR","potentialAction":[{"@type":"CommentAction","name":"Comment","target":["https:\/\/jornalfatosenoticias.com.br\/index.php\/2023\/10\/17\/desordem-fiscal-ameaca-o-triplex-economico-de-lula\/#respond"]}]},{"@type":"WebPage","@id":"https:\/\/jornalfatosenoticias.com.br\/index.php\/2023\/10\/17\/desordem-fiscal-ameaca-o-triplex-economico-de-lula\/","url":"https:\/\/jornalfatosenoticias.com.br\/index.php\/2023\/10\/17\/desordem-fiscal-ameaca-o-triplex-economico-de-lula\/","name":"Desordem fiscal amea\u00e7a o \u201ctr\u00edplex\u201d econ\u00f4mico de Lula - Jornal Fatos e Not\u00edcias","isPartOf":{"@id":"https:\/\/jornalfatosenoticias.com.br\/#website"},"primaryImageOfPage":{"@id":"https:\/\/jornalfatosenoticias.com.br\/index.php\/2023\/10\/17\/desordem-fiscal-ameaca-o-triplex-economico-de-lula\/#primaryimage"},"image":{"@id":"https:\/\/jornalfatosenoticias.com.br\/index.php\/2023\/10\/17\/desordem-fiscal-ameaca-o-triplex-economico-de-lula\/#primaryimage"},"thumbnailUrl":"https:\/\/jornalfatosenoticias.com.br\/wp-content\/uploads\/2023\/10\/alexandre-padilha.jpg","datePublished":"2023-10-17T14:58:37+00:00","dateModified":"2023-10-17T14:58:38+00:00","breadcrumb":{"@id":"https:\/\/jornalfatosenoticias.com.br\/index.php\/2023\/10\/17\/desordem-fiscal-ameaca-o-triplex-economico-de-lula\/#breadcrumb"},"inLanguage":"pt-BR","potentialAction":[{"@type":"ReadAction","target":["https:\/\/jornalfatosenoticias.com.br\/index.php\/2023\/10\/17\/desordem-fiscal-ameaca-o-triplex-economico-de-lula\/"]}]},{"@type":"ImageObject","inLanguage":"pt-BR","@id":"https:\/\/jornalfatosenoticias.com.br\/index.php\/2023\/10\/17\/desordem-fiscal-ameaca-o-triplex-economico-de-lula\/#primaryimage","url":"https:\/\/jornalfatosenoticias.com.br\/wp-content\/uploads\/2023\/10\/alexandre-padilha.jpg","contentUrl":"https:\/\/jornalfatosenoticias.com.br\/wp-content\/uploads\/2023\/10\/alexandre-padilha.jpg","width":960,"height":540},{"@type":"BreadcrumbList","@id":"https:\/\/jornalfatosenoticias.com.br\/index.php\/2023\/10\/17\/desordem-fiscal-ameaca-o-triplex-economico-de-lula\/#breadcrumb","itemListElement":[{"@type":"ListItem","position":1,"name":"In\u00edcio","item":"https:\/\/jornalfatosenoticias.com.br\/"},{"@type":"ListItem","position":2,"name":"Desordem fiscal amea\u00e7a o \u201ctr\u00edplex\u201d econ\u00f4mico de Lula"}]},{"@type":"WebSite","@id":"https:\/\/jornalfatosenoticias.com.br\/#website","url":"https:\/\/jornalfatosenoticias.com.br\/","name":"Jornal Fatos e Not\u00edcias","description":"Not\u00edcias em geral","publisher":{"@id":"https:\/\/jornalfatosenoticias.com.br\/#organization"},"potentialAction":[{"@type":"SearchAction","target":{"@type":"EntryPoint","urlTemplate":"https:\/\/jornalfatosenoticias.com.br\/?s={search_term_string}"},"query-input":{"@type":"PropertyValueSpecification","valueRequired":true,"valueName":"search_term_string"}}],"inLanguage":"pt-BR"},{"@type":"Organization","@id":"https:\/\/jornalfatosenoticias.com.br\/#organization","name":"Jornal Fatos e Not\u00edcias","url":"https:\/\/jornalfatosenoticias.com.br\/","logo":{"@type":"ImageObject","inLanguage":"pt-BR","@id":"https:\/\/jornalfatosenoticias.com.br\/#\/schema\/logo\/image\/","url":"https:\/\/jornalfatosenoticias.com.br\/wp-content\/uploads\/2020\/02\/logo120.png","contentUrl":"https:\/\/jornalfatosenoticias.com.br\/wp-content\/uploads\/2020\/02\/logo120.png","width":1227,"height":120,"caption":"Jornal Fatos e Not\u00edcias"},"image":{"@id":"https:\/\/jornalfatosenoticias.com.br\/#\/schema\/logo\/image\/"}},{"@type":"Person","@id":"https:\/\/jornalfatosenoticias.com.br\/#\/schema\/person\/d63837fa13ac8666eb9e74e0985d6f81","name":"Luzimara Fernandes","image":{"@type":"ImageObject","inLanguage":"pt-BR","@id":"https:\/\/jornalfatosenoticias.com.br\/#\/schema\/person\/image\/","url":"https:\/\/jornalfatosenoticias.com.br\/wp-content\/uploads\/2025\/05\/EU_portal.jpg","contentUrl":"https:\/\/jornalfatosenoticias.com.br\/wp-content\/uploads\/2025\/05\/EU_portal.jpg","caption":"Luzimara Fernandes"},"description":"Jornalista MTB 2358-ES","sameAs":["https:\/\/jornalfatosenoticias.com.br"],"url":"https:\/\/jornalfatosenoticias.com.br\/index.php\/author\/luzimara\/"}]}},"cc_featured_image_caption":{"caption_text":"(Foto: Valter Campanato\/Ag\u00eancia Brasil)","source_text":"","source_url":""},"jetpack_featured_media_url":"https:\/\/jornalfatosenoticias.com.br\/wp-content\/uploads\/2023\/10\/alexandre-padilha.jpg","_links":{"self":[{"href":"https:\/\/jornalfatosenoticias.com.br\/index.php\/wp-json\/wp\/v2\/posts\/46077","targetHints":{"allow":["GET"]}}],"collection":[{"href":"https:\/\/jornalfatosenoticias.com.br\/index.php\/wp-json\/wp\/v2\/posts"}],"about":[{"href":"https:\/\/jornalfatosenoticias.com.br\/index.php\/wp-json\/wp\/v2\/types\/post"}],"author":[{"embeddable":true,"href":"https:\/\/jornalfatosenoticias.com.br\/index.php\/wp-json\/wp\/v2\/users\/2"}],"replies":[{"embeddable":true,"href":"https:\/\/jornalfatosenoticias.com.br\/index.php\/wp-json\/wp\/v2\/comments?post=46077"}],"version-history":[{"count":0,"href":"https:\/\/jornalfatosenoticias.com.br\/index.php\/wp-json\/wp\/v2\/posts\/46077\/revisions"}],"wp:featuredmedia":[{"embeddable":true,"href":"https:\/\/jornalfatosenoticias.com.br\/index.php\/wp-json\/wp\/v2\/media\/46078"}],"wp:attachment":[{"href":"https:\/\/jornalfatosenoticias.com.br\/index.php\/wp-json\/wp\/v2\/media?parent=46077"}],"wp:term":[{"taxonomy":"category","embeddable":true,"href":"https:\/\/jornalfatosenoticias.com.br\/index.php\/wp-json\/wp\/v2\/categories?post=46077"},{"taxonomy":"post_tag","embeddable":true,"href":"https:\/\/jornalfatosenoticias.com.br\/index.php\/wp-json\/wp\/v2\/tags?post=46077"}],"curies":[{"name":"wp","href":"https:\/\/api.w.org\/{rel}","templated":true}]}}