{"id":46083,"date":"2023-10-17T12:39:52","date_gmt":"2023-10-17T15:39:52","guid":{"rendered":"https:\/\/jornalfatosenoticias.com.br\/?p=46083"},"modified":"2023-10-17T12:41:45","modified_gmt":"2023-10-17T15:41:45","slug":"haddad-e-o-ministro-mais-mal-avaliado-aponta-pesquisa","status":"publish","type":"post","link":"https:\/\/jornalfatosenoticias.com.br\/index.php\/2023\/10\/17\/haddad-e-o-ministro-mais-mal-avaliado-aponta-pesquisa\/","title":{"rendered":"Haddad \u00e9 o ministro mais mal-avaliado, aponta pesquisa"},"content":{"rendered":"\n<p><em><span class=\"has-inline-color has-black-color\">Ministro Fernando Haddad (Fazenda) tem o pior desempenho entre os avaliados<\/span><\/em><\/p>\n\n\n\n<p><em><span class=\"has-inline-color has-black-color\">Por <strong><strong>Rodrigo Vilela<\/strong><\/strong><\/span><\/em><\/p>\n\n\n\n<div class=\"wp-block-image\"><figure class=\"aligncenter size-large\"><img loading=\"lazy\" decoding=\"async\" width=\"1024\" height=\"110\" src=\"https:\/\/jornalfatosenoticias.com.br\/wp-content\/uploads\/2022\/10\/Arte-jornal-Zucchi-1120x120_Prancheta-1-1024x110.jpg\" alt=\"\" class=\"wp-image-34772\" srcset=\"https:\/\/jornalfatosenoticias.com.br\/wp-content\/uploads\/2022\/10\/Arte-jornal-Zucchi-1120x120_Prancheta-1-1024x110.jpg 1024w, https:\/\/jornalfatosenoticias.com.br\/wp-content\/uploads\/2022\/10\/Arte-jornal-Zucchi-1120x120_Prancheta-1-300x32.jpg 300w, https:\/\/jornalfatosenoticias.com.br\/wp-content\/uploads\/2022\/10\/Arte-jornal-Zucchi-1120x120_Prancheta-1-768x82.jpg 768w, https:\/\/jornalfatosenoticias.com.br\/wp-content\/uploads\/2022\/10\/Arte-jornal-Zucchi-1120x120_Prancheta-1-1536x165.jpg 1536w, https:\/\/jornalfatosenoticias.com.br\/wp-content\/uploads\/2022\/10\/Arte-jornal-Zucchi-1120x120_Prancheta-1-2048x219.jpg 2048w\" sizes=\"auto, (max-width: 1024px) 100vw, 1024px\" \/><\/figure><\/div>\n\n\n\n<p>O Paran\u00e1 Pesquisas divulgou um levantamento com a avalia\u00e7\u00e3o do trabalho de alguns ministros da atual Esplanada do presidente Lula. No geral, os ministros avaliados ficaram com pontua\u00e7\u00e3o mediana.<br>A escala proposta pelo instituto varia de 0 a 10 pontos. Os ministros avaliados ficaram, no geral, com 5,4 pontos.<br>A pesquisa ouviu sobre o desempenho de seis ministros. O ministro da Fazenda, Fernando Haddad, foi o mais mal-avaliado, com 5,0 pontos. A ministra do Planejamento, Simone Tebet, e o ministro da Educa\u00e7\u00e3o, Camilo Santana, tiveram os melhores marcadores, ambos com 5,4 pontos.<br>No meio da tabela est\u00e3o os ministros do Desenvolvimento, Ind\u00fastria, Com\u00e9rcio e Servi\u00e7o, o vice-presidente Geraldo Alckmin, e o ministro da Justi\u00e7a, Fl\u00e1vio Dino, com 5,3 pontos. S\u00e3o seguidos pela ministra da Sa\u00fade, N\u00edsia Trindade, com 5,1 pontos.<\/p>\n\n\n\n<div class=\"wp-block-image\"><figure class=\"aligncenter size-large\"><img loading=\"lazy\" decoding=\"async\" width=\"767\" height=\"420\" src=\"https:\/\/jornalfatosenoticias.com.br\/wp-content\/uploads\/2023\/10\/avaliacao-ministros.jpeg\" alt=\"\" class=\"wp-image-46084\" srcset=\"https:\/\/jornalfatosenoticias.com.br\/wp-content\/uploads\/2023\/10\/avaliacao-ministros.jpeg 767w, https:\/\/jornalfatosenoticias.com.br\/wp-content\/uploads\/2023\/10\/avaliacao-ministros-300x164.jpeg 300w\" sizes=\"auto, (max-width: 767px) 100vw, 767px\" \/><figcaption><em><span class=\"has-inline-color has-black-color\">Dos ministros avaliados, Fernando Haddad (Fazenda) tem o pior desempenho<\/span><\/em><\/figcaption><\/figure><\/div>\n\n\n\n<p>Para a realiza\u00e7\u00e3o da pesquisa foi utilizada uma amostra de 2020 eleitores, sendo esta estratificada segundo g\u00eanero, faixa et\u00e1ria, grau de escolaridade, n\u00edvel econ\u00f4mico e posi\u00e7\u00e3o geogr\u00e1fica.<\/p>\n\n\n\n<div class=\"wp-block-image\"><figure class=\"aligncenter size-large is-resized\"><img loading=\"lazy\" decoding=\"async\" src=\"https:\/\/jornalfatosenoticias.com.br\/wp-content\/uploads\/2023\/03\/logo-Panper_portal.jpg\" alt=\"\" class=\"wp-image-40208\" width=\"352\" height=\"244\" srcset=\"https:\/\/jornalfatosenoticias.com.br\/wp-content\/uploads\/2023\/03\/logo-Panper_portal.jpg 400w, https:\/\/jornalfatosenoticias.com.br\/wp-content\/uploads\/2023\/03\/logo-Panper_portal-300x208.jpg 300w\" sizes=\"auto, (max-width: 352px) 100vw, 352px\" \/><\/figure><\/div>\n\n\n\n<p>O trabalho de levantamento dos dados foi feito atrav\u00e9s de entrevistas pessoais, com eleitores com 16 anos ou mais, em 26 Estados e Distrito Federal e em 162 munic\u00edpios brasileiros entre os dias 29 de setembro e 03 de outubro de 2023, sendo auditadas simultaneamente \u00e0 sua realiza\u00e7\u00e3o, no m\u00ednimo, 20,0% das entrevistas.<br>Tal amostra representativa do Brasil atinge um grau de confian\u00e7a de 95,0% para uma margem estimada de erro de 2,2 pontos percentuais para os resultados gerais.<\/p>\n\n\n\n<div class=\"wp-block-image\"><figure class=\"aligncenter size-large is-resized\"><img loading=\"lazy\" decoding=\"async\" src=\"https:\/\/jornalfatosenoticias.com.br\/wp-content\/uploads\/2023\/08\/ITH.jpeg\" alt=\"\" class=\"wp-image-44638\" width=\"322\" height=\"261\" srcset=\"https:\/\/jornalfatosenoticias.com.br\/wp-content\/uploads\/2023\/08\/ITH.jpeg 800w, https:\/\/jornalfatosenoticias.com.br\/wp-content\/uploads\/2023\/08\/ITH-300x244.jpeg 300w, https:\/\/jornalfatosenoticias.com.br\/wp-content\/uploads\/2023\/08\/ITH-768x624.jpeg 768w\" sizes=\"auto, (max-width: 322px) 100vw, 322px\" \/><\/figure><\/div>\n\n\n\n<p><strong><em>Fonte: <a href=\"https:\/\/diariodopoder.com.br\/brasil-e-regioes\/xwk-brasil\/haddad-e-o-ministro-mais-mal-avaliado-aponta-pesquisa#:~:text=Ministro%20Fernando%20Haddad%20(Fazenda)%20tem%20o%20pior%20desempenho%20entre%20os%20avaliados&amp;text=O%20Paran%C3%A1%20Pesquisas%20divulgou%20um,avaliados%20ficaram%20com%20pontua%C3%A7%C3%A3o%20mediana.\">Di\u00e1rio do Poder<\/a><\/em><\/strong><\/p>\n","protected":false},"excerpt":{"rendered":"<p>Ministro Fernando Haddad (Fazenda) tem o pior desempenho entre os avaliados Por Rodrigo Vilela O Paran\u00e1 Pesquisas divulgou um levantamento com a avalia\u00e7\u00e3o do trabalho de alguns ministros da atual Esplanada do presidente Lula. No geral, os ministros avaliados ficaram com pontua\u00e7\u00e3o mediana.A escala proposta pelo instituto varia de 0 a 10 pontos. Os ministros [&hellip;]<\/p>\n","protected":false},"author":2,"featured_media":46085,"comment_status":"open","ping_status":"open","sticky":false,"template":"","format":"standard","meta":{"footnotes":""},"categories":[5],"tags":[6429,18155,18156,20165,18851,20526,115,21704],"class_list":["post-46083","post","type-post","status-publish","format-standard","has-post-thumbnail","hentry","category-geral","tag-avaliacao","tag-fernando-haddad","tag-fiasco-economico","tag-fiasco-governo-lula","tag-fiasco-haddad","tag-ministros-de-lula","tag-pesquisa","tag-pior-desempenho"],"yoast_head":"<!-- This site is optimized with the Yoast SEO plugin v26.5 - https:\/\/yoast.com\/wordpress\/plugins\/seo\/ -->\n<title>Haddad \u00e9 o ministro mais mal-avaliado, aponta pesquisa - Jornal Fatos e Not\u00edcias<\/title>\n<meta name=\"robots\" content=\"index, follow, max-snippet:-1, max-image-preview:large, max-video-preview:-1\" \/>\n<link rel=\"canonical\" href=\"https:\/\/jornalfatosenoticias.com.br\/index.php\/2023\/10\/17\/haddad-e-o-ministro-mais-mal-avaliado-aponta-pesquisa\/\" \/>\n<meta property=\"og:locale\" content=\"pt_BR\" \/>\n<meta property=\"og:type\" content=\"article\" \/>\n<meta property=\"og:title\" content=\"Haddad \u00e9 o ministro mais mal-avaliado, aponta pesquisa - Jornal Fatos e Not\u00edcias\" \/>\n<meta property=\"og:description\" content=\"Ministro Fernando Haddad (Fazenda) tem o pior desempenho entre os avaliados Por Rodrigo Vilela O Paran\u00e1 Pesquisas divulgou um levantamento com a avalia\u00e7\u00e3o do trabalho de alguns ministros da atual Esplanada do presidente Lula. No geral, os ministros avaliados ficaram com pontua\u00e7\u00e3o mediana.A escala proposta pelo instituto varia de 0 a 10 pontos. Os ministros [&hellip;]\" \/>\n<meta property=\"og:url\" content=\"https:\/\/jornalfatosenoticias.com.br\/index.php\/2023\/10\/17\/haddad-e-o-ministro-mais-mal-avaliado-aponta-pesquisa\/\" \/>\n<meta property=\"og:site_name\" content=\"Jornal Fatos e Not\u00edcias\" \/>\n<meta property=\"article:published_time\" content=\"2023-10-17T15:39:52+00:00\" \/>\n<meta property=\"article:modified_time\" content=\"2023-10-17T15:41:45+00:00\" \/>\n<meta property=\"og:image\" content=\"https:\/\/jornalfatosenoticias.com.br\/wp-content\/uploads\/2023\/10\/fiasco-fernando-haddad-ft-ebc.jpg\" \/>\n\t<meta property=\"og:image:width\" content=\"960\" \/>\n\t<meta property=\"og:image:height\" content=\"640\" \/>\n\t<meta property=\"og:image:type\" content=\"image\/jpeg\" \/>\n<meta name=\"author\" content=\"Luzimara Fernandes\" \/>\n<meta name=\"twitter:card\" content=\"summary_large_image\" \/>\n<meta name=\"twitter:label1\" content=\"Escrito por\" \/>\n\t<meta name=\"twitter:data1\" content=\"Luzimara Fernandes\" \/>\n\t<meta name=\"twitter:label2\" content=\"Est. tempo de leitura\" \/>\n\t<meta name=\"twitter:data2\" content=\"1 minuto\" \/>\n<script type=\"application\/ld+json\" class=\"yoast-schema-graph\">{\"@context\":\"https:\/\/schema.org\",\"@graph\":[{\"@type\":\"Article\",\"@id\":\"https:\/\/jornalfatosenoticias.com.br\/index.php\/2023\/10\/17\/haddad-e-o-ministro-mais-mal-avaliado-aponta-pesquisa\/#article\",\"isPartOf\":{\"@id\":\"https:\/\/jornalfatosenoticias.com.br\/index.php\/2023\/10\/17\/haddad-e-o-ministro-mais-mal-avaliado-aponta-pesquisa\/\"},\"author\":{\"name\":\"Luzimara Fernandes\",\"@id\":\"https:\/\/jornalfatosenoticias.com.br\/#\/schema\/person\/d63837fa13ac8666eb9e74e0985d6f81\"},\"headline\":\"Haddad \u00e9 o ministro mais mal-avaliado, aponta pesquisa\",\"datePublished\":\"2023-10-17T15:39:52+00:00\",\"dateModified\":\"2023-10-17T15:41:45+00:00\",\"mainEntityOfPage\":{\"@id\":\"https:\/\/jornalfatosenoticias.com.br\/index.php\/2023\/10\/17\/haddad-e-o-ministro-mais-mal-avaliado-aponta-pesquisa\/\"},\"wordCount\":278,\"commentCount\":0,\"publisher\":{\"@id\":\"https:\/\/jornalfatosenoticias.com.br\/#organization\"},\"image\":{\"@id\":\"https:\/\/jornalfatosenoticias.com.br\/index.php\/2023\/10\/17\/haddad-e-o-ministro-mais-mal-avaliado-aponta-pesquisa\/#primaryimage\"},\"thumbnailUrl\":\"https:\/\/jornalfatosenoticias.com.br\/wp-content\/uploads\/2023\/10\/fiasco-fernando-haddad-ft-ebc.jpg\",\"keywords\":[\"avalia\u00e7\u00e3o\",\"Fernando Haddad\",\"fiasco econ\u00f4mico\",\"fiasco governo Lula\",\"fiasco Haddad\",\"ministros de Lula\",\"pesquisa\",\"pior desempenho\"],\"articleSection\":[\"Geral\"],\"inLanguage\":\"pt-BR\",\"potentialAction\":[{\"@type\":\"CommentAction\",\"name\":\"Comment\",\"target\":[\"https:\/\/jornalfatosenoticias.com.br\/index.php\/2023\/10\/17\/haddad-e-o-ministro-mais-mal-avaliado-aponta-pesquisa\/#respond\"]}]},{\"@type\":\"WebPage\",\"@id\":\"https:\/\/jornalfatosenoticias.com.br\/index.php\/2023\/10\/17\/haddad-e-o-ministro-mais-mal-avaliado-aponta-pesquisa\/\",\"url\":\"https:\/\/jornalfatosenoticias.com.br\/index.php\/2023\/10\/17\/haddad-e-o-ministro-mais-mal-avaliado-aponta-pesquisa\/\",\"name\":\"Haddad \u00e9 o ministro mais mal-avaliado, aponta pesquisa - Jornal Fatos e Not\u00edcias\",\"isPartOf\":{\"@id\":\"https:\/\/jornalfatosenoticias.com.br\/#website\"},\"primaryImageOfPage\":{\"@id\":\"https:\/\/jornalfatosenoticias.com.br\/index.php\/2023\/10\/17\/haddad-e-o-ministro-mais-mal-avaliado-aponta-pesquisa\/#primaryimage\"},\"image\":{\"@id\":\"https:\/\/jornalfatosenoticias.com.br\/index.php\/2023\/10\/17\/haddad-e-o-ministro-mais-mal-avaliado-aponta-pesquisa\/#primaryimage\"},\"thumbnailUrl\":\"https:\/\/jornalfatosenoticias.com.br\/wp-content\/uploads\/2023\/10\/fiasco-fernando-haddad-ft-ebc.jpg\",\"datePublished\":\"2023-10-17T15:39:52+00:00\",\"dateModified\":\"2023-10-17T15:41:45+00:00\",\"breadcrumb\":{\"@id\":\"https:\/\/jornalfatosenoticias.com.br\/index.php\/2023\/10\/17\/haddad-e-o-ministro-mais-mal-avaliado-aponta-pesquisa\/#breadcrumb\"},\"inLanguage\":\"pt-BR\",\"potentialAction\":[{\"@type\":\"ReadAction\",\"target\":[\"https:\/\/jornalfatosenoticias.com.br\/index.php\/2023\/10\/17\/haddad-e-o-ministro-mais-mal-avaliado-aponta-pesquisa\/\"]}]},{\"@type\":\"ImageObject\",\"inLanguage\":\"pt-BR\",\"@id\":\"https:\/\/jornalfatosenoticias.com.br\/index.php\/2023\/10\/17\/haddad-e-o-ministro-mais-mal-avaliado-aponta-pesquisa\/#primaryimage\",\"url\":\"https:\/\/jornalfatosenoticias.com.br\/wp-content\/uploads\/2023\/10\/fiasco-fernando-haddad-ft-ebc.jpg\",\"contentUrl\":\"https:\/\/jornalfatosenoticias.com.br\/wp-content\/uploads\/2023\/10\/fiasco-fernando-haddad-ft-ebc.jpg\",\"width\":960,\"height\":640},{\"@type\":\"BreadcrumbList\",\"@id\":\"https:\/\/jornalfatosenoticias.com.br\/index.php\/2023\/10\/17\/haddad-e-o-ministro-mais-mal-avaliado-aponta-pesquisa\/#breadcrumb\",\"itemListElement\":[{\"@type\":\"ListItem\",\"position\":1,\"name\":\"In\u00edcio\",\"item\":\"https:\/\/jornalfatosenoticias.com.br\/\"},{\"@type\":\"ListItem\",\"position\":2,\"name\":\"Haddad \u00e9 o ministro mais mal-avaliado, aponta pesquisa\"}]},{\"@type\":\"WebSite\",\"@id\":\"https:\/\/jornalfatosenoticias.com.br\/#website\",\"url\":\"https:\/\/jornalfatosenoticias.com.br\/\",\"name\":\"Jornal Fatos e Not\u00edcias\",\"description\":\"Not\u00edcias em geral\",\"publisher\":{\"@id\":\"https:\/\/jornalfatosenoticias.com.br\/#organization\"},\"potentialAction\":[{\"@type\":\"SearchAction\",\"target\":{\"@type\":\"EntryPoint\",\"urlTemplate\":\"https:\/\/jornalfatosenoticias.com.br\/?s={search_term_string}\"},\"query-input\":{\"@type\":\"PropertyValueSpecification\",\"valueRequired\":true,\"valueName\":\"search_term_string\"}}],\"inLanguage\":\"pt-BR\"},{\"@type\":\"Organization\",\"@id\":\"https:\/\/jornalfatosenoticias.com.br\/#organization\",\"name\":\"Jornal Fatos e Not\u00edcias\",\"url\":\"https:\/\/jornalfatosenoticias.com.br\/\",\"logo\":{\"@type\":\"ImageObject\",\"inLanguage\":\"pt-BR\",\"@id\":\"https:\/\/jornalfatosenoticias.com.br\/#\/schema\/logo\/image\/\",\"url\":\"https:\/\/jornalfatosenoticias.com.br\/wp-content\/uploads\/2020\/02\/logo120.png\",\"contentUrl\":\"https:\/\/jornalfatosenoticias.com.br\/wp-content\/uploads\/2020\/02\/logo120.png\",\"width\":1227,\"height\":120,\"caption\":\"Jornal Fatos e Not\u00edcias\"},\"image\":{\"@id\":\"https:\/\/jornalfatosenoticias.com.br\/#\/schema\/logo\/image\/\"}},{\"@type\":\"Person\",\"@id\":\"https:\/\/jornalfatosenoticias.com.br\/#\/schema\/person\/d63837fa13ac8666eb9e74e0985d6f81\",\"name\":\"Luzimara Fernandes\",\"image\":{\"@type\":\"ImageObject\",\"inLanguage\":\"pt-BR\",\"@id\":\"https:\/\/jornalfatosenoticias.com.br\/#\/schema\/person\/image\/\",\"url\":\"https:\/\/jornalfatosenoticias.com.br\/wp-content\/uploads\/2025\/05\/EU_portal.jpg\",\"contentUrl\":\"https:\/\/jornalfatosenoticias.com.br\/wp-content\/uploads\/2025\/05\/EU_portal.jpg\",\"caption\":\"Luzimara Fernandes\"},\"description\":\"Jornalista MTB 2358-ES\",\"sameAs\":[\"https:\/\/jornalfatosenoticias.com.br\"],\"url\":\"https:\/\/jornalfatosenoticias.com.br\/index.php\/author\/luzimara\/\"}]}<\/script>\n<!-- \/ Yoast SEO plugin. -->","yoast_head_json":{"title":"Haddad \u00e9 o ministro mais mal-avaliado, aponta pesquisa - Jornal Fatos e Not\u00edcias","robots":{"index":"index","follow":"follow","max-snippet":"max-snippet:-1","max-image-preview":"max-image-preview:large","max-video-preview":"max-video-preview:-1"},"canonical":"https:\/\/jornalfatosenoticias.com.br\/index.php\/2023\/10\/17\/haddad-e-o-ministro-mais-mal-avaliado-aponta-pesquisa\/","og_locale":"pt_BR","og_type":"article","og_title":"Haddad \u00e9 o ministro mais mal-avaliado, aponta pesquisa - Jornal Fatos e Not\u00edcias","og_description":"Ministro Fernando Haddad (Fazenda) tem o pior desempenho entre os avaliados Por Rodrigo Vilela O Paran\u00e1 Pesquisas divulgou um levantamento com a avalia\u00e7\u00e3o do trabalho de alguns ministros da atual Esplanada do presidente Lula. No geral, os ministros avaliados ficaram com pontua\u00e7\u00e3o mediana.A escala proposta pelo instituto varia de 0 a 10 pontos. Os ministros [&hellip;]","og_url":"https:\/\/jornalfatosenoticias.com.br\/index.php\/2023\/10\/17\/haddad-e-o-ministro-mais-mal-avaliado-aponta-pesquisa\/","og_site_name":"Jornal Fatos e Not\u00edcias","article_published_time":"2023-10-17T15:39:52+00:00","article_modified_time":"2023-10-17T15:41:45+00:00","og_image":[{"width":960,"height":640,"url":"https:\/\/jornalfatosenoticias.com.br\/wp-content\/uploads\/2023\/10\/fiasco-fernando-haddad-ft-ebc.jpg","type":"image\/jpeg"}],"author":"Luzimara Fernandes","twitter_card":"summary_large_image","twitter_misc":{"Escrito por":"Luzimara Fernandes","Est. tempo de leitura":"1 minuto"},"schema":{"@context":"https:\/\/schema.org","@graph":[{"@type":"Article","@id":"https:\/\/jornalfatosenoticias.com.br\/index.php\/2023\/10\/17\/haddad-e-o-ministro-mais-mal-avaliado-aponta-pesquisa\/#article","isPartOf":{"@id":"https:\/\/jornalfatosenoticias.com.br\/index.php\/2023\/10\/17\/haddad-e-o-ministro-mais-mal-avaliado-aponta-pesquisa\/"},"author":{"name":"Luzimara Fernandes","@id":"https:\/\/jornalfatosenoticias.com.br\/#\/schema\/person\/d63837fa13ac8666eb9e74e0985d6f81"},"headline":"Haddad \u00e9 o ministro mais mal-avaliado, aponta pesquisa","datePublished":"2023-10-17T15:39:52+00:00","dateModified":"2023-10-17T15:41:45+00:00","mainEntityOfPage":{"@id":"https:\/\/jornalfatosenoticias.com.br\/index.php\/2023\/10\/17\/haddad-e-o-ministro-mais-mal-avaliado-aponta-pesquisa\/"},"wordCount":278,"commentCount":0,"publisher":{"@id":"https:\/\/jornalfatosenoticias.com.br\/#organization"},"image":{"@id":"https:\/\/jornalfatosenoticias.com.br\/index.php\/2023\/10\/17\/haddad-e-o-ministro-mais-mal-avaliado-aponta-pesquisa\/#primaryimage"},"thumbnailUrl":"https:\/\/jornalfatosenoticias.com.br\/wp-content\/uploads\/2023\/10\/fiasco-fernando-haddad-ft-ebc.jpg","keywords":["avalia\u00e7\u00e3o","Fernando Haddad","fiasco econ\u00f4mico","fiasco governo Lula","fiasco Haddad","ministros de Lula","pesquisa","pior desempenho"],"articleSection":["Geral"],"inLanguage":"pt-BR","potentialAction":[{"@type":"CommentAction","name":"Comment","target":["https:\/\/jornalfatosenoticias.com.br\/index.php\/2023\/10\/17\/haddad-e-o-ministro-mais-mal-avaliado-aponta-pesquisa\/#respond"]}]},{"@type":"WebPage","@id":"https:\/\/jornalfatosenoticias.com.br\/index.php\/2023\/10\/17\/haddad-e-o-ministro-mais-mal-avaliado-aponta-pesquisa\/","url":"https:\/\/jornalfatosenoticias.com.br\/index.php\/2023\/10\/17\/haddad-e-o-ministro-mais-mal-avaliado-aponta-pesquisa\/","name":"Haddad \u00e9 o ministro mais mal-avaliado, aponta pesquisa - Jornal Fatos e Not\u00edcias","isPartOf":{"@id":"https:\/\/jornalfatosenoticias.com.br\/#website"},"primaryImageOfPage":{"@id":"https:\/\/jornalfatosenoticias.com.br\/index.php\/2023\/10\/17\/haddad-e-o-ministro-mais-mal-avaliado-aponta-pesquisa\/#primaryimage"},"image":{"@id":"https:\/\/jornalfatosenoticias.com.br\/index.php\/2023\/10\/17\/haddad-e-o-ministro-mais-mal-avaliado-aponta-pesquisa\/#primaryimage"},"thumbnailUrl":"https:\/\/jornalfatosenoticias.com.br\/wp-content\/uploads\/2023\/10\/fiasco-fernando-haddad-ft-ebc.jpg","datePublished":"2023-10-17T15:39:52+00:00","dateModified":"2023-10-17T15:41:45+00:00","breadcrumb":{"@id":"https:\/\/jornalfatosenoticias.com.br\/index.php\/2023\/10\/17\/haddad-e-o-ministro-mais-mal-avaliado-aponta-pesquisa\/#breadcrumb"},"inLanguage":"pt-BR","potentialAction":[{"@type":"ReadAction","target":["https:\/\/jornalfatosenoticias.com.br\/index.php\/2023\/10\/17\/haddad-e-o-ministro-mais-mal-avaliado-aponta-pesquisa\/"]}]},{"@type":"ImageObject","inLanguage":"pt-BR","@id":"https:\/\/jornalfatosenoticias.com.br\/index.php\/2023\/10\/17\/haddad-e-o-ministro-mais-mal-avaliado-aponta-pesquisa\/#primaryimage","url":"https:\/\/jornalfatosenoticias.com.br\/wp-content\/uploads\/2023\/10\/fiasco-fernando-haddad-ft-ebc.jpg","contentUrl":"https:\/\/jornalfatosenoticias.com.br\/wp-content\/uploads\/2023\/10\/fiasco-fernando-haddad-ft-ebc.jpg","width":960,"height":640},{"@type":"BreadcrumbList","@id":"https:\/\/jornalfatosenoticias.com.br\/index.php\/2023\/10\/17\/haddad-e-o-ministro-mais-mal-avaliado-aponta-pesquisa\/#breadcrumb","itemListElement":[{"@type":"ListItem","position":1,"name":"In\u00edcio","item":"https:\/\/jornalfatosenoticias.com.br\/"},{"@type":"ListItem","position":2,"name":"Haddad \u00e9 o ministro mais mal-avaliado, aponta pesquisa"}]},{"@type":"WebSite","@id":"https:\/\/jornalfatosenoticias.com.br\/#website","url":"https:\/\/jornalfatosenoticias.com.br\/","name":"Jornal Fatos e Not\u00edcias","description":"Not\u00edcias em geral","publisher":{"@id":"https:\/\/jornalfatosenoticias.com.br\/#organization"},"potentialAction":[{"@type":"SearchAction","target":{"@type":"EntryPoint","urlTemplate":"https:\/\/jornalfatosenoticias.com.br\/?s={search_term_string}"},"query-input":{"@type":"PropertyValueSpecification","valueRequired":true,"valueName":"search_term_string"}}],"inLanguage":"pt-BR"},{"@type":"Organization","@id":"https:\/\/jornalfatosenoticias.com.br\/#organization","name":"Jornal Fatos e Not\u00edcias","url":"https:\/\/jornalfatosenoticias.com.br\/","logo":{"@type":"ImageObject","inLanguage":"pt-BR","@id":"https:\/\/jornalfatosenoticias.com.br\/#\/schema\/logo\/image\/","url":"https:\/\/jornalfatosenoticias.com.br\/wp-content\/uploads\/2020\/02\/logo120.png","contentUrl":"https:\/\/jornalfatosenoticias.com.br\/wp-content\/uploads\/2020\/02\/logo120.png","width":1227,"height":120,"caption":"Jornal Fatos e Not\u00edcias"},"image":{"@id":"https:\/\/jornalfatosenoticias.com.br\/#\/schema\/logo\/image\/"}},{"@type":"Person","@id":"https:\/\/jornalfatosenoticias.com.br\/#\/schema\/person\/d63837fa13ac8666eb9e74e0985d6f81","name":"Luzimara Fernandes","image":{"@type":"ImageObject","inLanguage":"pt-BR","@id":"https:\/\/jornalfatosenoticias.com.br\/#\/schema\/person\/image\/","url":"https:\/\/jornalfatosenoticias.com.br\/wp-content\/uploads\/2025\/05\/EU_portal.jpg","contentUrl":"https:\/\/jornalfatosenoticias.com.br\/wp-content\/uploads\/2025\/05\/EU_portal.jpg","caption":"Luzimara Fernandes"},"description":"Jornalista MTB 2358-ES","sameAs":["https:\/\/jornalfatosenoticias.com.br"],"url":"https:\/\/jornalfatosenoticias.com.br\/index.php\/author\/luzimara\/"}]}},"cc_featured_image_caption":{"caption_text":"(Foto: EBC) ","source_text":"","source_url":""},"jetpack_featured_media_url":"https:\/\/jornalfatosenoticias.com.br\/wp-content\/uploads\/2023\/10\/fiasco-fernando-haddad-ft-ebc.jpg","_links":{"self":[{"href":"https:\/\/jornalfatosenoticias.com.br\/index.php\/wp-json\/wp\/v2\/posts\/46083","targetHints":{"allow":["GET"]}}],"collection":[{"href":"https:\/\/jornalfatosenoticias.com.br\/index.php\/wp-json\/wp\/v2\/posts"}],"about":[{"href":"https:\/\/jornalfatosenoticias.com.br\/index.php\/wp-json\/wp\/v2\/types\/post"}],"author":[{"embeddable":true,"href":"https:\/\/jornalfatosenoticias.com.br\/index.php\/wp-json\/wp\/v2\/users\/2"}],"replies":[{"embeddable":true,"href":"https:\/\/jornalfatosenoticias.com.br\/index.php\/wp-json\/wp\/v2\/comments?post=46083"}],"version-history":[{"count":0,"href":"https:\/\/jornalfatosenoticias.com.br\/index.php\/wp-json\/wp\/v2\/posts\/46083\/revisions"}],"wp:featuredmedia":[{"embeddable":true,"href":"https:\/\/jornalfatosenoticias.com.br\/index.php\/wp-json\/wp\/v2\/media\/46085"}],"wp:attachment":[{"href":"https:\/\/jornalfatosenoticias.com.br\/index.php\/wp-json\/wp\/v2\/media?parent=46083"}],"wp:term":[{"taxonomy":"category","embeddable":true,"href":"https:\/\/jornalfatosenoticias.com.br\/index.php\/wp-json\/wp\/v2\/categories?post=46083"},{"taxonomy":"post_tag","embeddable":true,"href":"https:\/\/jornalfatosenoticias.com.br\/index.php\/wp-json\/wp\/v2\/tags?post=46083"}],"curies":[{"name":"wp","href":"https:\/\/api.w.org\/{rel}","templated":true}]}}