{"id":46157,"date":"2023-10-19T18:21:39","date_gmt":"2023-10-19T21:21:39","guid":{"rendered":"https:\/\/jornalfatosenoticias.com.br\/?p=46157"},"modified":"2023-10-19T18:21:41","modified_gmt":"2023-10-19T21:21:41","slug":"a-semana-em-brasilia-e-no-es-ong-ligada-a-marina-silva-recebeu-r-35-milhoes-do-fundo-amazonia-e-gastou-80-com-consultorias-e-viagens","status":"publish","type":"post","link":"https:\/\/jornalfatosenoticias.com.br\/index.php\/2023\/10\/19\/a-semana-em-brasilia-e-no-es-ong-ligada-a-marina-silva-recebeu-r-35-milhoes-do-fundo-amazonia-e-gastou-80-com-consultorias-e-viagens\/","title":{"rendered":"A Semana em Bras\u00edlia e no ES \u2014 ONG ligada a Marina Silva recebeu R$ 35 milh\u00f5es do Fundo Amaz\u00f4nia e gastou 80% com consultorias e viagens"},"content":{"rendered":"\n<div class=\"wp-block-image\"><figure class=\"aligncenter size-large is-resized\"><img loading=\"lazy\" decoding=\"async\" src=\"https:\/\/jornalfatosenoticias.com.br\/wp-content\/uploads\/2023\/09\/vetorvix1024_1.jpg\" alt=\"\" class=\"wp-image-44868\" width=\"382\" height=\"101\" srcset=\"https:\/\/jornalfatosenoticias.com.br\/wp-content\/uploads\/2023\/09\/vetorvix1024_1.jpg 1024w, https:\/\/jornalfatosenoticias.com.br\/wp-content\/uploads\/2023\/09\/vetorvix1024_1-300x80.jpg 300w, https:\/\/jornalfatosenoticias.com.br\/wp-content\/uploads\/2023\/09\/vetorvix1024_1-768x205.jpg 768w\" sizes=\"auto, (max-width: 382px) 100vw, 382px\" \/><\/figure><\/div>\n\n\n\n<p>A ONG Instituto de Pesquisa Ambiental da Amaz\u00f4nia (Ipam), ligada \u00e0 ministra do Meio Ambiente, Marina Silva, recebeu R$ 35 milh\u00f5es do Fundo Amaz\u00f4nia, em 2022, e gastou R$ 24 milh\u00f5es desse montante com consultorias e viagens. Alemanha e Noruega s\u00e3o os maiores doadores do Fundo.<br>Os gastos constam em documentos da Comiss\u00e3o Parlamentar de Inqu\u00e9rito (CPI) das ONGs, aos quais Oeste teve acesso. Conforme o diretor-executivo do Ipam, Andr\u00e9 Guimar\u00e3es, Marina ocupa o cargo de conselheira honor\u00e1ria da ONG. Guimar\u00e3es prestou depoimento, nesta ter\u00e7a-feira (17), \u00e0 CPI que investiga o terceiro setor.<\/p>\n\n\n\n<div class=\"wp-block-image\"><figure class=\"aligncenter size-large\"><img decoding=\"async\" src=\"https:\/\/jornalfatosenoticias.com.br\/wp-content\/uploads\/2020\/02\/logo_esteio.jpg\" alt=\"\" class=\"wp-image-1214\"\/><\/figure><\/div>\n\n\n\n<p>A CPI levantou d\u00favidas sobre a atua\u00e7\u00e3o da ministra. Isso porque Marina supostamente privilegia ONGs ao facilitar a distribui\u00e7\u00e3o de dinheiro do Fundo Amaz\u00f4nia para essas organiza\u00e7\u00f5es. Marina tamb\u00e9m comp\u00f5e o Comit\u00ea Orientador do Fundo, de acordo com a comiss\u00e3o.<br>Durante depoimento da CPI, o relator Marcio Bittar (Uni\u00e3o Brasil-AC) afirmou que a rela\u00e7\u00e3o entre as ONGs e integrantes do governo Lula, como Marina, \u00e9 \u201cprom\u00edscua\u201d. O posicionamento \u00e9 o mesmo do presidente da comiss\u00e3o, Pl\u00ednio Val\u00e9rio (PSDB-AM), que reiterou essa postura em outras sess\u00f5es. <strong>(Fonte: Terra Brasil Not\u00edcias)<\/strong><\/p>\n\n\n\n<div class=\"wp-block-image\"><figure class=\"aligncenter size-large is-resized\"><img loading=\"lazy\" decoding=\"async\" src=\"https:\/\/jornalfatosenoticias.com.br\/wp-content\/uploads\/2022\/10\/RC_800x750_page-0001.jpg\" alt=\"\" class=\"wp-image-35338\" width=\"307\" height=\"288\" srcset=\"https:\/\/jornalfatosenoticias.com.br\/wp-content\/uploads\/2022\/10\/RC_800x750_page-0001.jpg 400w, https:\/\/jornalfatosenoticias.com.br\/wp-content\/uploads\/2022\/10\/RC_800x750_page-0001-300x281.jpg 300w\" sizes=\"auto, (max-width: 307px) 100vw, 307px\" \/><\/figure><\/div>\n\n\n\n<hr class=\"wp-block-separator\"\/>\n\n\n\n<h3 class=\"wp-block-heading\"><span class=\"has-inline-color has-black-color\">S\u00e3o Paulo anuncia aumento de 85% dos repasses para a Sa\u00fade dos munic\u00edpios em 2024<\/span><\/h3>\n\n\n\n<div class=\"wp-block-image\"><figure class=\"aligncenter size-large\"><img loading=\"lazy\" decoding=\"async\" width=\"799\" height=\"533\" src=\"https:\/\/jornalfatosenoticias.com.br\/wp-content\/uploads\/2023\/10\/Tarcisio-de-Freitas-546.jpg\" alt=\"\" class=\"wp-image-46158\" srcset=\"https:\/\/jornalfatosenoticias.com.br\/wp-content\/uploads\/2023\/10\/Tarcisio-de-Freitas-546.jpg 799w, https:\/\/jornalfatosenoticias.com.br\/wp-content\/uploads\/2023\/10\/Tarcisio-de-Freitas-546-300x200.jpg 300w, https:\/\/jornalfatosenoticias.com.br\/wp-content\/uploads\/2023\/10\/Tarcisio-de-Freitas-546-768x512.jpg 768w\" sizes=\"auto, (max-width: 799px) 100vw, 799px\" \/><figcaption><em><span class=\"has-inline-color has-black-color\">(Foto: Portal do Governo de SP)<\/span><\/em><\/figcaption><\/figure><\/div>\n\n\n\n<p>O governador Tarc\u00edsio de Freitas anunciou na noite desta segunda-feira (16), na capital, a cria\u00e7\u00e3o do programa de Incentivo \u00e0 Gest\u00e3o Municipal (IGM SUS-SP), que eleva em mais de 85% os repasses estaduais aos munic\u00edpios para os servi\u00e7os p\u00fablicos de sa\u00fade. O valor do aporte deve ficar pr\u00f3ximo de R$ 700 milh\u00f5es em 2024, de acordo com estimativa da Secretaria de Estado da Sa\u00fade.<\/p>\n\n\n\n<div class=\"wp-block-image\"><figure class=\"aligncenter size-large is-resized\"><img loading=\"lazy\" decoding=\"async\" src=\"https:\/\/jornalfatosenoticias.com.br\/wp-content\/uploads\/2022\/10\/Arte-jornal-Zucchi-600x600_Prancheta-1-1024x1024.jpg\" alt=\"\" class=\"wp-image-34782\" width=\"295\" height=\"295\" srcset=\"https:\/\/jornalfatosenoticias.com.br\/wp-content\/uploads\/2022\/10\/Arte-jornal-Zucchi-600x600_Prancheta-1-1024x1024.jpg 1024w, https:\/\/jornalfatosenoticias.com.br\/wp-content\/uploads\/2022\/10\/Arte-jornal-Zucchi-600x600_Prancheta-1-300x300.jpg 300w, https:\/\/jornalfatosenoticias.com.br\/wp-content\/uploads\/2022\/10\/Arte-jornal-Zucchi-600x600_Prancheta-1-150x150.jpg 150w, https:\/\/jornalfatosenoticias.com.br\/wp-content\/uploads\/2022\/10\/Arte-jornal-Zucchi-600x600_Prancheta-1-768x768.jpg 768w, https:\/\/jornalfatosenoticias.com.br\/wp-content\/uploads\/2022\/10\/Arte-jornal-Zucchi-600x600_Prancheta-1.jpg 1250w\" sizes=\"auto, (max-width: 295px) 100vw, 295px\" \/><\/figure><\/div>\n\n\n\n<blockquote class=\"wp-block-quote is-layout-flow wp-block-quote-is-layout-flow\"><p><span class=\"has-inline-color has-luminous-vivid-orange-color\">O Incentivo \u00e0 Gest\u00e3o Municipal \u00e9 um aumento do valor para cada munic\u00edpio do estado. Ou seja, s\u00e3o mais recursos para que a gente possa fazer gest\u00e3o em sa\u00fade. Os munic\u00edpios que hoje recebem R$ 4 per capita v\u00e3o passar a receber entre R$ 10 e R$ 35 per capita, de acordo com alguns fatores determinados e, obviamente, vinculados ao atingimento de determinados resultados e metas\u201d, disse o governador em solenidade na Sala S\u00e3o Paulo.<\/span><\/p><\/blockquote>\n\n\n\n<div class=\"wp-block-image\"><figure class=\"aligncenter size-large is-resized\"><img loading=\"lazy\" decoding=\"async\" src=\"https:\/\/jornalfatosenoticias.com.br\/wp-content\/uploads\/2023\/08\/VSM-Group.jpeg\" alt=\"\" class=\"wp-image-44364\" width=\"269\" height=\"269\"\/><\/figure><\/div>\n\n\n\n<p>\u201cEu tenho certeza que o resultado vai ser muito interessante e a gente vai estar, de fato, raciocinando com a quest\u00e3o da integra\u00e7\u00e3o, onde o investimento em preven\u00e7\u00e3o e promo\u00e7\u00e3o em sa\u00fade vem em primeiro lugar\u201d, acrescentou Tarc\u00edsio de Freitas. <strong>(Fonte: Portal do Governo de SP)<\/strong><\/p>\n\n\n\n<hr class=\"wp-block-separator\"\/>\n\n\n\n<h3 class=\"wp-block-heading\"><span class=\"has-inline-color has-black-color\">Balan\u00e7a comercial do agro paulista tem super\u00e1vit de US$ 16,62 bilh\u00f5es em nove meses<\/span><\/h3>\n\n\n\n<div class=\"wp-block-image\"><figure class=\"aligncenter size-large\"><img loading=\"lazy\" decoding=\"async\" width=\"600\" height=\"300\" src=\"https:\/\/jornalfatosenoticias.com.br\/wp-content\/uploads\/2023\/10\/Agro-Sao-Paulo-546.jpg\" alt=\"\" class=\"wp-image-46159\" srcset=\"https:\/\/jornalfatosenoticias.com.br\/wp-content\/uploads\/2023\/10\/Agro-Sao-Paulo-546.jpg 600w, https:\/\/jornalfatosenoticias.com.br\/wp-content\/uploads\/2023\/10\/Agro-Sao-Paulo-546-300x150.jpg 300w\" sizes=\"auto, (max-width: 600px) 100vw, 600px\" \/><figcaption><em><span class=\"has-inline-color has-black-color\">(Foto: Portal do Governo de SP)<\/span><\/em><\/figcaption><\/figure><\/div>\n\n\n\n<p>O agroneg\u00f3cio no Estado de S\u00e3o Paulo teve super\u00e1vit de US$ 16,62 bilh\u00f5es entre janeiro e setembro deste ano, 7,5% superior em compara\u00e7\u00e3o ao mesmo per\u00edodo do ano anterior. Houve aumento de 5,8% nas exporta\u00e7\u00f5es, alcan\u00e7ando US$ 20,46 bilh\u00f5es, e redu\u00e7\u00e3o nas importa\u00e7\u00f5es (-0,8%), totalizando US$ 3,84 bilh\u00f5es.<\/p>\n\n\n\n<div class=\"wp-block-image\"><figure class=\"aligncenter size-large\"><img decoding=\"async\" src=\"https:\/\/jornalfatosenoticias.com.br\/wp-content\/uploads\/2020\/02\/barao-das-carnes-300x164-1.jpg\" alt=\"\" class=\"wp-image-34339\"\/><\/figure><\/div>\n\n\n\n<p>O levantamento foi apresentado pela Ag\u00eancia Paulista de Tecnologia dos Agroneg\u00f3cios, com base nas pesquisas do Instituto de Economia Agr\u00edcola (IEA-APTA), ligado \u00e0 Secretaria de Agricultura e Abastecimento do Estado.<br>A participa\u00e7\u00e3o das exporta\u00e7\u00f5es do agroneg\u00f3cio paulista no total do estado \u00e9 de 39,7%, enquanto das importa\u00e7\u00f5es \u00e9 de 7,1%. A China \u00e9 o principal destino das exporta\u00e7\u00f5es do estado, com US$ 5,34 bilh\u00f5es, e det\u00e9m 26,1% de participa\u00e7\u00e3o no total do agro paulista. <strong>(Fonte: Portal do Governo de SP)<\/strong><\/p>\n\n\n\n<div class=\"wp-block-image\"><figure class=\"aligncenter size-large\"><img loading=\"lazy\" decoding=\"async\" width=\"729\" height=\"90\" src=\"https:\/\/jornalfatosenoticias.com.br\/wp-content\/uploads\/2020\/02\/Logo_Mizu.png\" alt=\"\" class=\"wp-image-1441\" srcset=\"https:\/\/jornalfatosenoticias.com.br\/wp-content\/uploads\/2020\/02\/Logo_Mizu.png 729w, https:\/\/jornalfatosenoticias.com.br\/wp-content\/uploads\/2020\/02\/Logo_Mizu-300x37.png 300w\" sizes=\"auto, (max-width: 729px) 100vw, 729px\" \/><\/figure><\/div>\n\n\n\n<hr class=\"wp-block-separator\"\/>\n\n\n\n<h3 class=\"wp-block-heading\"><span class=\"has-inline-color has-black-color\"><strong>&#8216;Garoto-propaganda&#8217; da vacina de covid de Israel morre ap\u00f3s sofrer uma parada card\u00edaca<\/strong><\/span><\/h3>\n\n\n\n<div class=\"wp-block-image\"><figure class=\"aligncenter size-large\"><img loading=\"lazy\" decoding=\"async\" width=\"793\" height=\"466\" src=\"https:\/\/jornalfatosenoticias.com.br\/wp-content\/uploads\/2023\/10\/garoto-israelense.jpg\" alt=\"\" class=\"wp-image-46160\" srcset=\"https:\/\/jornalfatosenoticias.com.br\/wp-content\/uploads\/2023\/10\/garoto-israelense.jpg 793w, https:\/\/jornalfatosenoticias.com.br\/wp-content\/uploads\/2023\/10\/garoto-israelense-300x176.jpg 300w, https:\/\/jornalfatosenoticias.com.br\/wp-content\/uploads\/2023\/10\/garoto-israelense-768x451.jpg 768w\" sizes=\"auto, (max-width: 793px) 100vw, 793px\" \/><figcaption><em><span class=\"has-inline-color has-black-color\">(Foto: Reprodu\u00e7\u00e3o Twitter)<\/span><\/em><\/figcaption><\/figure><\/div>\n\n\n\n<p>Yonatan Moshe Erlichman, que recebeu uma inje\u00e7\u00e3o de mRNA a pedido de seus pais, teria escorregado na \u00e1gua depois que seu cora\u00e7\u00e3o parou repentinamente, fazendo com que ele se afogasse. Ele foi levado \u00e0s pressas para o Hospital Hadassah em Mount Scopus em estado grave, mas morreu alguns dias depois, em 28 de setembro, ap\u00f3s ser mantido vivo com aparelhos de suporte vital.<br>Yonatan apareceu em um v\u00eddeo produzido pelo Conselho Regional Mateh Binyamin em 2020, quando tinha apenas cinco anos, segundo relatos. O v\u00eddeo fazia parte do programa financiado pelo governo chamado \u201cShushki na Terra de Binyamin\u201d, que procurava \u201ceducar\u201d as crian\u00e7as sobre mRNA e vacinas num formato semelhante a um programa de televis\u00e3o infantil. <em><span class=\"has-inline-color has-black-color\">Assistir: https:\/\/tribunanacional.com.br\/noticia\/6012\/o-garoto-propaganda-da-vacina-covid-de-israel-de-8-anos-morre-repentinamente-apos-sofrer-uma-parada-cardiaca.<\/span><\/em><\/p>\n\n\n\n<div class=\"wp-block-image\"><figure class=\"aligncenter size-large is-resized\"><img loading=\"lazy\" decoding=\"async\" src=\"https:\/\/jornalfatosenoticias.com.br\/wp-content\/uploads\/2023\/08\/BKR-1024x1021.jpg\" alt=\"\" class=\"wp-image-44494\" width=\"296\" height=\"295\" srcset=\"https:\/\/jornalfatosenoticias.com.br\/wp-content\/uploads\/2023\/08\/BKR-1024x1021.jpg 1024w, https:\/\/jornalfatosenoticias.com.br\/wp-content\/uploads\/2023\/08\/BKR-300x300.jpg 300w, https:\/\/jornalfatosenoticias.com.br\/wp-content\/uploads\/2023\/08\/BKR-150x150.jpg 150w, https:\/\/jornalfatosenoticias.com.br\/wp-content\/uploads\/2023\/08\/BKR-768x766.jpg 768w, https:\/\/jornalfatosenoticias.com.br\/wp-content\/uploads\/2023\/08\/BKR.jpg 1080w\" sizes=\"auto, (max-width: 296px) 100vw, 296px\" \/><\/figure><\/div>\n\n\n\n<p>O papel de Yonatan Erlichman na promo\u00e7\u00e3o da vacina Covid fez dele um \u201cgaroto-propaganda\u201d da vacina\u00e7\u00e3o infantil em Israel. O filme enfatiza que as crian\u00e7as n\u00e3o t\u00eam escolha quando se trata de obter as inje\u00e7\u00f5es de mRNA. Yonatan n\u00e3o \u00e9 o primeiro garoto-propaganda da vacina a morrer repentinamente.<br>No ano passado, o garoto-propaganda da vacina\u00e7\u00e3o infantil na Argentina, Santino Godoy Blanco, tamb\u00e9m morreu com apenas quatro anos de idade. Santino morreu tragicamente ap\u00f3s adoecer e relatar uma infinidade de sintomas. Ele \u00e9 retratado no site do governo argentino sob uma diretriz de material de campanha de vacinas. <strong>(Fonte: Tribuna Nacional)<\/strong><\/p>\n\n\n\n<div class=\"wp-block-image\"><figure class=\"aligncenter size-large is-resized\"><img loading=\"lazy\" decoding=\"async\" src=\"https:\/\/jornalfatosenoticias.com.br\/wp-content\/uploads\/2023\/07\/lacremoda.jpg\" alt=\"\" class=\"wp-image-43706\" width=\"354\" height=\"198\" srcset=\"https:\/\/jornalfatosenoticias.com.br\/wp-content\/uploads\/2023\/07\/lacremoda.jpg 1024w, https:\/\/jornalfatosenoticias.com.br\/wp-content\/uploads\/2023\/07\/lacremoda-300x168.jpg 300w, https:\/\/jornalfatosenoticias.com.br\/wp-content\/uploads\/2023\/07\/lacremoda-768x431.jpg 768w\" sizes=\"auto, (max-width: 354px) 100vw, 354px\" \/><\/figure><\/div>\n\n\n\n<hr class=\"wp-block-separator\"\/>\n\n\n\n<h3 class=\"wp-block-heading\"><span class=\"has-inline-color has-black-color\">Governo Lula avalia retomar taxa\u00e7\u00e3o de importa\u00e7\u00e3o de carros el\u00e9tricos<\/span><\/h3>\n\n\n\n<div class=\"wp-block-image\"><figure class=\"aligncenter size-large\"><img loading=\"lazy\" decoding=\"async\" width=\"1024\" height=\"575\" src=\"https:\/\/jornalfatosenoticias.com.br\/wp-content\/uploads\/2023\/10\/carro-eletrico-1024x575.jpg\" alt=\"\" class=\"wp-image-46161\" srcset=\"https:\/\/jornalfatosenoticias.com.br\/wp-content\/uploads\/2023\/10\/carro-eletrico-1024x575.jpg 1024w, https:\/\/jornalfatosenoticias.com.br\/wp-content\/uploads\/2023\/10\/carro-eletrico-300x169.jpg 300w, https:\/\/jornalfatosenoticias.com.br\/wp-content\/uploads\/2023\/10\/carro-eletrico-768x432.jpg 768w, https:\/\/jornalfatosenoticias.com.br\/wp-content\/uploads\/2023\/10\/carro-eletrico.jpg 1536w\" sizes=\"auto, (max-width: 1024px) 100vw, 1024px\" \/><figcaption><em><span class=\"has-inline-color has-black-color\">(Foto: Reprodu\u00e7\u00e3o)<\/span><\/em><\/figcaption><\/figure><\/div>\n\n\n\n<p>O governo avalia retomar a taxa\u00e7\u00e3o sobre a importa\u00e7\u00e3o de carros el\u00e9tricos. Ao menos essa \u00e9 a impress\u00e3o deixada depois de duas reuni\u00f5es realizadas entre o secret\u00e1rio de Desenvolvimento Industrial, Inova\u00e7\u00e3o, Com\u00e9rcio e Servi\u00e7os do Minist\u00e9rio do Desenvolvimento, Ind\u00fastria, Com\u00e9rcio e Servi\u00e7os (Mdic), Uallace Moreira, com representantes da Associa\u00e7\u00e3o Nacional dos Fabricantes de Ve\u00edculos Automotores (Anfavea) e da Associa\u00e7\u00e3o Brasileira de Ve\u00edculos El\u00e9tricos (Abve).<\/p>\n\n\n\n<div class=\"wp-block-image\"><figure class=\"aligncenter size-large\"><img loading=\"lazy\" decoding=\"async\" width=\"300\" height=\"300\" src=\"https:\/\/jornalfatosenoticias.com.br\/wp-content\/uploads\/2020\/02\/casa-do-torresmo_portal.jpg\" alt=\"\" class=\"wp-image-34472\" srcset=\"https:\/\/jornalfatosenoticias.com.br\/wp-content\/uploads\/2020\/02\/casa-do-torresmo_portal.jpg 300w, https:\/\/jornalfatosenoticias.com.br\/wp-content\/uploads\/2020\/02\/casa-do-torresmo_portal-150x150.jpg 150w\" sizes=\"auto, (max-width: 300px) 100vw, 300px\" \/><\/figure><\/div>\n\n\n\n<p>A expectativa \u00e9 que o governo retorne com o imposto a partir de novembro de 2023. Essa \u00e9 uma demanda antiga das montadoras nacionais, que argumentam que a al\u00edquota zerada prejudica o desenvolvimento de uma ind\u00fastria nacional voltada para a produ\u00e7\u00e3o de ve\u00edculos el\u00e9tricos. As informa\u00e7\u00f5es s\u00e3o do portal UOL.<br>O imposto sobre a importa\u00e7\u00e3o de ve\u00edculos el\u00e9tricos foi zerado em 2015, no governo da ex-presidente Dilma Rousseff (PT). Anteriormente, a al\u00edquota era 35% do valor da compra no exterior e a tend\u00eancia \u00e9 que a mesma porcentagem seja aplicada na volta do imposto.<\/p>\n\n\n\n<div class=\"wp-block-image\"><figure class=\"aligncenter size-large\"><img loading=\"lazy\" decoding=\"async\" width=\"300\" height=\"250\" src=\"https:\/\/jornalfatosenoticias.com.br\/wp-content\/uploads\/2022\/08\/arte-Casarao.jpg\" alt=\"\" class=\"wp-image-33178\"\/><\/figure><\/div>\n\n\n\n<p>Em setembro, o presidente da Anfavea, M\u00e1rcio de Lima Leite, disse ser favor\u00e1vel a volta do imposto e sugeriu a ado\u00e7\u00e3o de um per\u00edodo de transi\u00e7\u00e3o para equiparar o imposto de importa\u00e7\u00e3o ao patamar de 35%, mesmo valor pago na importa\u00e7\u00e3o de carros que utilizam combust\u00edveis f\u00f3sseis.<br>\u201cNingu\u00e9m quer chocar o mercado ou criar mudan\u00e7as abruptas. Voc\u00ea tem que criar uma previsibilidade para que a ind\u00fastria possa se organizar\u201d, disse o executivo. Procurado peloPoder360, o Mdic informou que as decis\u00f5es sobre imposto de importa\u00e7\u00e3o s\u00e3o do \u00e2mbito do Gecex (Comit\u00ea Executivo de Gest\u00e3o) da Camex (C\u00e2mara de Com\u00e9rcio Exterior) e que n\u00e3o tem informa\u00e7\u00e3o de que o tema dos carros el\u00e9tricos esteja pautado para a pr\u00f3xima reuni\u00e3o do comit\u00ea. <strong>(Fonte: Terra Brasil Not\u00edcias)<\/strong><\/p>\n\n\n\n<div class=\"wp-block-image\"><figure class=\"aligncenter size-large is-resized\"><img loading=\"lazy\" decoding=\"async\" src=\"https:\/\/jornalfatosenoticias.com.br\/wp-content\/uploads\/2020\/02\/logo-Rapuzel-1024x571.jpg\" alt=\"\" class=\"wp-image-42808\" width=\"359\" height=\"200\" srcset=\"https:\/\/jornalfatosenoticias.com.br\/wp-content\/uploads\/2020\/02\/logo-Rapuzel-1024x571.jpg 1024w, https:\/\/jornalfatosenoticias.com.br\/wp-content\/uploads\/2020\/02\/logo-Rapuzel-300x167.jpg 300w, https:\/\/jornalfatosenoticias.com.br\/wp-content\/uploads\/2020\/02\/logo-Rapuzel-768x428.jpg 768w, https:\/\/jornalfatosenoticias.com.br\/wp-content\/uploads\/2020\/02\/logo-Rapuzel-1536x856.jpg 1536w, https:\/\/jornalfatosenoticias.com.br\/wp-content\/uploads\/2020\/02\/logo-Rapuzel.jpg 1600w\" sizes=\"auto, (max-width: 359px) 100vw, 359px\" \/><\/figure><\/div>\n\n\n\n<hr class=\"wp-block-separator\"\/>\n\n\n\n<h3 class=\"wp-block-heading\"><span class=\"has-inline-color has-black-color\">Embaixada de Israel lamenta nota do PT, e partido se diz atacado<\/span><\/h3>\n\n\n\n<div class=\"wp-block-image\"><figure class=\"aligncenter size-large\"><img loading=\"lazy\" decoding=\"async\" width=\"960\" height=\"587\" src=\"https:\/\/jornalfatosenoticias.com.br\/wp-content\/uploads\/2023\/10\/Forcas-de-Defesa-de-Israel-batalhao-de-Gaza.jpg\" alt=\"\" class=\"wp-image-46162\" srcset=\"https:\/\/jornalfatosenoticias.com.br\/wp-content\/uploads\/2023\/10\/Forcas-de-Defesa-de-Israel-batalhao-de-Gaza.jpg 960w, https:\/\/jornalfatosenoticias.com.br\/wp-content\/uploads\/2023\/10\/Forcas-de-Defesa-de-Israel-batalhao-de-Gaza-300x183.jpg 300w, https:\/\/jornalfatosenoticias.com.br\/wp-content\/uploads\/2023\/10\/Forcas-de-Defesa-de-Israel-batalhao-de-Gaza-768x470.jpg 768w\" sizes=\"auto, (max-width: 960px) 100vw, 960px\" \/><figcaption><em><span class=\"has-inline-color has-black-color\">(Foto: Israel Defense Forces)<\/span><\/em><\/figcaption><\/figure><\/div>\n\n\n\n<p>A Embaixada de Israel no Brasil se manifestou, nesta ter\u00e7a-feira (17), contra a resolu\u00e7\u00e3o do Diret\u00f3rio Nacional do Partido dos Trabalhadores (PT) divulgada ontem, na qual a sigla compara a atua\u00e7\u00e3o do ex\u00e9rcito israelense ao grupo terrorista Hamas.<\/p>\n\n\n\n<blockquote class=\"wp-block-quote is-layout-flow wp-block-quote-is-layout-flow\"><p><span class=\"has-inline-color has-luminous-vivid-orange-color\">\u00c9 muito lament\u00e1vel que um partido que defende os direitos humanos compare a organiza\u00e7\u00e3o terrorista Hamas, que vai de casa em casa para assassinar fam\u00edlias inteiras, com o que o governo israelense est\u00e1 fazendo para proteger os seus cidad\u00e3os\u201d, diz o posicionamento publicado nas redes sociais.<\/span><\/p><\/blockquote>\n\n\n\n<div class=\"wp-block-image\"><figure class=\"aligncenter size-large is-resized\"><img loading=\"lazy\" decoding=\"async\" src=\"https:\/\/jornalfatosenoticias.com.br\/wp-content\/uploads\/2023\/08\/Steel.jpeg\" alt=\"\" class=\"wp-image-44634\" width=\"302\" height=\"245\" srcset=\"https:\/\/jornalfatosenoticias.com.br\/wp-content\/uploads\/2023\/08\/Steel.jpeg 800w, https:\/\/jornalfatosenoticias.com.br\/wp-content\/uploads\/2023\/08\/Steel-300x244.jpeg 300w, https:\/\/jornalfatosenoticias.com.br\/wp-content\/uploads\/2023\/08\/Steel-768x624.jpeg 768w\" sizes=\"auto, (max-width: 302px) 100vw, 302px\" \/><\/figure><\/div>\n\n\n\n<p>Em seguida \u00e0 publica\u00e7\u00e3o, o PT rebateu chamando de \u201cfalsa e maliciosa\u201d a interpreta\u00e7\u00e3o da Embaixada, reiterando que a sigla condenou \u201cos ataques inaceit\u00e1veis, assassinatos e sequestro de civis, cometidos tanto pelo Hamas quanto pelo Estado de Israel\u201d.<br>\u201cPor volta das 15h30 de hoje, enquanto a Embaixada de Israel divulgava sua nota contra o PT, pelo menos 500 civis eram assassinados no bombardeio a um grande hospital em Gaza\u201d, diz trecho da nota assinada pela presidente do partido, a deputada federal Gleisi Hoffmann (PT-PR; foto) e por Rom\u00eanio Pereira, secret\u00e1rio de Rela\u00e7\u00f5es Internacionais. <strong>(Fonte: O Antagonista)<\/strong><\/p>\n\n\n\n<div class=\"wp-block-image\"><figure class=\"aligncenter size-large is-resized\"><img loading=\"lazy\" decoding=\"async\" src=\"https:\/\/jornalfatosenoticias.com.br\/wp-content\/uploads\/2020\/02\/LOGO-BLU-COMERCIAL-PRETO-1024x600.jpg\" alt=\"\" class=\"wp-image-44089\" width=\"332\" height=\"194\"\/><\/figure><\/div>\n\n\n\n<hr class=\"wp-block-separator\"\/>\n\n\n\n<h3 class=\"wp-block-heading\"><span class=\"has-inline-color has-black-color\">Academia Brasileira de Letras n\u00e3o adotar\u00e1 linguagem neutra<\/span><\/h3>\n\n\n\n<div class=\"wp-block-image\"><figure class=\"aligncenter size-large\"><img loading=\"lazy\" decoding=\"async\" width=\"1000\" height=\"557\" src=\"https:\/\/jornalfatosenoticias.com.br\/wp-content\/uploads\/2023\/10\/ABL_LINGUAGEM-NEUTRA.jpg\" alt=\"\" class=\"wp-image-46163\" srcset=\"https:\/\/jornalfatosenoticias.com.br\/wp-content\/uploads\/2023\/10\/ABL_LINGUAGEM-NEUTRA.jpg 1000w, https:\/\/jornalfatosenoticias.com.br\/wp-content\/uploads\/2023\/10\/ABL_LINGUAGEM-NEUTRA-300x167.jpg 300w, https:\/\/jornalfatosenoticias.com.br\/wp-content\/uploads\/2023\/10\/ABL_LINGUAGEM-NEUTRA-768x428.jpg 768w\" sizes=\"auto, (max-width: 1000px) 100vw, 1000px\" \/><figcaption><em><span class=\"has-inline-color has-black-color\">(Foto: Reprodu\u00e7\u00e3o)<\/span><\/em><\/figcaption><\/figure><\/div>\n\n\n\n<p>N\u00e3o \u00e9 o momento de express\u00f5es como \u201ctodes\u201d entrarem oficialmente na l\u00edngua portuguesa. Esta \u00e9 a posi\u00e7\u00e3o apresentada pelo presidente da Academia Brasileira de Letras (ABL), Merval Pereira, em uma reuni\u00e3o p\u00fablica realizada no dia 3 deste m\u00eas pelo Conselho Nacional de Educa\u00e7\u00e3o (CNE) para tratar do tema da linguagem neutra.<\/p>\n\n\n\n<div class=\"wp-block-image\"><figure class=\"aligncenter size-large is-resized\"><img loading=\"lazy\" decoding=\"async\" src=\"https:\/\/jornalfatosenoticias.com.br\/wp-content\/uploads\/2023\/08\/ITH.jpeg\" alt=\"\" class=\"wp-image-44638\" width=\"314\" height=\"255\" srcset=\"https:\/\/jornalfatosenoticias.com.br\/wp-content\/uploads\/2023\/08\/ITH.jpeg 800w, https:\/\/jornalfatosenoticias.com.br\/wp-content\/uploads\/2023\/08\/ITH-300x244.jpeg 300w, https:\/\/jornalfatosenoticias.com.br\/wp-content\/uploads\/2023\/08\/ITH-768x624.jpeg 768w\" sizes=\"auto, (max-width: 314px) 100vw, 314px\" \/><\/figure><\/div>\n\n\n\n<p>Merval Pereira esclareceu que a ABL analisa o tema com prud\u00eancia. Ele disse que a linguagem neutra \u00e9 um fen\u00f4meno ainda incipiente e de nicho, e ressaltou que a mudan\u00e7a seria complexa, j\u00e1 que alteraria a estrutura do portugu\u00eas brasileiro. Sobre o uso da linguagem neutra em textos oficiais, deixou claro que, se houver, o texto n\u00e3o estar\u00e1 dentro do padr\u00e3o da l\u00edngua culta.<\/p>\n\n\n\n<div class=\"wp-block-image\"><figure class=\"aligncenter size-large\"><img loading=\"lazy\" decoding=\"async\" width=\"300\" height=\"250\" src=\"https:\/\/jornalfatosenoticias.com.br\/wp-content\/uploads\/2020\/02\/Banner-2.png\" alt=\"\" class=\"wp-image-43787\"\/><\/figure><\/div>\n\n\n\n<p>\u201cOs documentos oficiais devem seguir as normas oficiais que est\u00e3o vigentes. Se o professor quiser falar \u2018todes\u2019 na sala de aula, ele estar\u00e1 prejudicando a maioria dos alunos que n\u00e3o sabe o que \u00e9 isso. Ele tamb\u00e9m n\u00e3o pode obrigar os alunos a usarem a linguagem neutra, porque n\u00e3o h\u00e1 nada que obrigue a isso\u201d, ressaltou. Pereira disse tamb\u00e9m que cabe ao Minist\u00e9rio da Educa\u00e7\u00e3o, n\u00e3o \u00e0 ABL, tomar uma decis\u00e3o sobre uma poss\u00edvel ades\u00e3o oficial da linguagem neutra, mas acredita que n\u00e3o \u00e9 o momento para isso.<strong> (Fonte: Terra Brasil Not\u00edcias)<\/strong><\/p>\n\n\n\n<div class=\"wp-block-image\"><figure class=\"aligncenter size-large is-resized\"><img loading=\"lazy\" decoding=\"async\" src=\"https:\/\/jornalfatosenoticias.com.br\/wp-content\/uploads\/2023\/03\/nova-logo-Marquetti.jpg\" alt=\"\" class=\"wp-image-40207\" width=\"345\" height=\"232\" srcset=\"https:\/\/jornalfatosenoticias.com.br\/wp-content\/uploads\/2023\/03\/nova-logo-Marquetti.jpg 643w, https:\/\/jornalfatosenoticias.com.br\/wp-content\/uploads\/2023\/03\/nova-logo-Marquetti-300x202.jpg 300w\" sizes=\"auto, (max-width: 345px) 100vw, 345px\" \/><\/figure><\/div>\n\n\n\n<hr class=\"wp-block-separator\"\/>\n\n\n\n<h3 class=\"wp-block-heading\"><span class=\"has-inline-color has-black-color\">Senador Magno Malta ironiza relat\u00f3rio de Eliziane Gama<\/span><\/h3>\n\n\n\n<div class=\"wp-block-image\"><figure class=\"aligncenter size-large\"><img loading=\"lazy\" decoding=\"async\" width=\"580\" height=\"432\" src=\"https:\/\/jornalfatosenoticias.com.br\/wp-content\/uploads\/2023\/10\/magno-malta-1.jpg\" alt=\"\" class=\"wp-image-46164\" srcset=\"https:\/\/jornalfatosenoticias.com.br\/wp-content\/uploads\/2023\/10\/magno-malta-1.jpg 580w, https:\/\/jornalfatosenoticias.com.br\/wp-content\/uploads\/2023\/10\/magno-malta-1-300x223.jpg 300w\" sizes=\"auto, (max-width: 580px) 100vw, 580px\" \/><figcaption><em><span class=\"has-inline-color has-black-color\">(Foto: Reprodu\u00e7\u00e3o Twitter)<\/span><\/em><\/figcaption><\/figure><\/div>\n\n\n\n<p>&#8220;O relat\u00f3rio de Eliziane mais parece uma hist\u00f3ria de fantasia do que um documento oficial. Muitas pessoas est\u00e3o expostas, vidas arruinadas e muita narrativa. Tudo isso para atingir um s\u00f3 homem: Jair Messias Bolsonaro. N\u00f3s, da oposi\u00e7\u00e3o, vamos apresentar um relat\u00f3rio em que a verdade \u00e9 restabelecida e a verdadeira hist\u00f3ria por tr\u00e1s do 8 de janeiro \u00e9 contada. Aguardem&#8221;, postou o senador em sua rede social. <strong>(Fonte: Twitter do senador)<\/strong><\/p>\n\n\n\n<div class=\"wp-block-image\"><figure class=\"aligncenter size-large is-resized\"><img loading=\"lazy\" decoding=\"async\" src=\"https:\/\/jornalfatosenoticias.com.br\/wp-content\/uploads\/2020\/02\/CONTROL-CS.jpg\" alt=\"\" class=\"wp-image-44991\" width=\"322\" height=\"386\" srcset=\"https:\/\/jornalfatosenoticias.com.br\/wp-content\/uploads\/2020\/02\/CONTROL-CS.jpg 834w, https:\/\/jornalfatosenoticias.com.br\/wp-content\/uploads\/2020\/02\/CONTROL-CS-250x300.jpg 250w, https:\/\/jornalfatosenoticias.com.br\/wp-content\/uploads\/2020\/02\/CONTROL-CS-768x921.jpg 768w\" sizes=\"auto, (max-width: 322px) 100vw, 322px\" \/><\/figure><\/div>\n\n\n\n<hr class=\"wp-block-separator\"\/>\n\n\n\n<h3 class=\"wp-block-heading\"><span class=\"has-inline-color has-black-color\">Projeto de Evair Melo cria delegacia especializada para atua\u00e7\u00e3o em conflitos agr\u00e1rios<\/span><\/h3>\n\n\n\n<div class=\"wp-block-image\"><figure class=\"aligncenter size-large\"><img loading=\"lazy\" decoding=\"async\" width=\"920\" height=\"520\" src=\"https:\/\/jornalfatosenoticias.com.br\/wp-content\/uploads\/2023\/10\/evair-de-melo.jpg\" alt=\"\" class=\"wp-image-46165\" srcset=\"https:\/\/jornalfatosenoticias.com.br\/wp-content\/uploads\/2023\/10\/evair-de-melo.jpg 920w, https:\/\/jornalfatosenoticias.com.br\/wp-content\/uploads\/2023\/10\/evair-de-melo-300x170.jpg 300w, https:\/\/jornalfatosenoticias.com.br\/wp-content\/uploads\/2023\/10\/evair-de-melo-768x434.jpg 768w\" sizes=\"auto, (max-width: 920px) 100vw, 920px\" \/><figcaption><em><span class=\"has-inline-color has-black-color\">(Foto: Reprodu\u00e7\u00e3o)<\/span><\/em><\/figcaption><\/figure><\/div>\n\n\n\n<p>Est\u00e1 na pauta da Comiss\u00e3o de Agricultura, Pecu\u00e1ria, Abastecimento e Desenvolvimento Rural o Projeto de Lei (PL) n\u00ba 3763\/23, de coautoria do deputado federal Evair de Melo (Progressistas\/ES), que institui delegacias espec\u00edficas para atuar em conflitos agr\u00e1rios. A proposta prev\u00ea que as delegacias atuem na repress\u00e3o e dever\u00e3o exercer a atividade de pol\u00edcia judici\u00e1ria em casos de crimes patrimoniais, viol\u00eancia ou grave amea\u00e7a no campo.<\/p>\n\n\n\n<div class=\"wp-block-image\"><figure class=\"aligncenter size-large is-resized\"><img loading=\"lazy\" decoding=\"async\" src=\"https:\/\/jornalfatosenoticias.com.br\/wp-content\/uploads\/2023\/03\/logo-Panper_portal.jpg\" alt=\"\" class=\"wp-image-40208\" width=\"338\" height=\"234\" srcset=\"https:\/\/jornalfatosenoticias.com.br\/wp-content\/uploads\/2023\/03\/logo-Panper_portal.jpg 400w, https:\/\/jornalfatosenoticias.com.br\/wp-content\/uploads\/2023\/03\/logo-Panper_portal-300x208.jpg 300w\" sizes=\"auto, (max-width: 338px) 100vw, 338px\" \/><\/figure><\/div>\n\n\n\n<p>O texto em an\u00e1lise na C\u00e2mara dos Deputados define o conflito agr\u00e1rio como as diverg\u00eancias entre pessoas f\u00edsicas ou jur\u00eddicas, detentoras de im\u00f3veis e trabalhadores rurais sem terra. O projeto permite ainda que os estados usem recursos do Fundo Nacional de Seguran\u00e7a P\u00fablica para criar essas delegacias especializadas. A Lei 14.541\/23 traz determina\u00e7\u00e3o semelhante no caso das delegacias da mulher.<\/p>\n\n\n\n<div class=\"wp-block-image\"><figure class=\"aligncenter size-large is-resized\"><img loading=\"lazy\" decoding=\"async\" src=\"https:\/\/jornalfatosenoticias.com.br\/wp-content\/uploads\/2022\/02\/Precisao-Contabilidade-1024x724.jpg\" alt=\"\" class=\"wp-image-28088\" width=\"364\" height=\"257\"\/><\/figure><\/div>\n\n\n\n<p>\u201cEssas delegacias ser\u00e3o muito importantes, tendo em vista, o aumento dos conflitos agr\u00e1rios em propriedades rurais, no governo Lula. N\u00e3o podemos permitir que os crimes que ocorrem no campo fiquem impunes. Essa \u00e9 uma proposta que vai levar mais seguran\u00e7a para as fam\u00edlias do campo\u201d, destacou Evair de Melo.<br>Al\u00e9m do parlamentar capixaba, o documento \u00e9 assinado por mais 40 deputados federais. Com a aprova\u00e7\u00e3o na Comiss\u00e3o de Agricultura, o Projeto de Lei seguir\u00e1 ainda para an\u00e1lise das comiss\u00f5es de Seguran\u00e7a P\u00fablica e Combate ao Crime Organizado; de Finan\u00e7as e Tributa\u00e7\u00e3o; e de Constitui\u00e7\u00e3o e Justi\u00e7a e de Cidadania. <strong>(Fonte: Site do deputado)<\/strong><\/p>\n\n\n\n<div class=\"wp-block-image\"><figure class=\"aligncenter size-large\"><img loading=\"lazy\" decoding=\"async\" width=\"300\" height=\"250\" src=\"https:\/\/jornalfatosenoticias.com.br\/wp-content\/uploads\/2022\/02\/FERRARI_MAQUINAS-E-FERRAMENTAS2.jpg\" alt=\"\" class=\"wp-image-27860\"\/><\/figure><\/div>\n","protected":false},"excerpt":{"rendered":"<p>A ONG Instituto de Pesquisa Ambiental da Amaz\u00f4nia (Ipam), ligada \u00e0 ministra do Meio Ambiente, Marina Silva, recebeu R$ 35 milh\u00f5es do Fundo Amaz\u00f4nia, em 2022, e gastou R$ 24 milh\u00f5es desse montante com consultorias e viagens. Alemanha e Noruega s\u00e3o os maiores doadores do Fundo.Os gastos constam em documentos da Comiss\u00e3o Parlamentar de Inqu\u00e9rito [&hellip;]<\/p>\n","protected":false},"author":3,"featured_media":46166,"comment_status":"open","ping_status":"open","sticky":false,"template":"","format":"standard","meta":{"footnotes":""},"categories":[10],"tags":[21731,21732,21730,21582,17819,3460,13186],"class_list":["post-46157","post","type-post","status-publish","format-standard","has-post-thumbnail","hentry","category-politica","tag-desvio-de-recursos","tag-fundo-amazonia","tag-guerra-israel-palestina","tag-hamas","tag-marina-silva","tag-ongs","tag-pt"],"yoast_head":"<!-- This site is optimized with the Yoast SEO plugin v26.5 - https:\/\/yoast.com\/wordpress\/plugins\/seo\/ -->\n<title>A Semana em Bras\u00edlia e no ES \u2014 ONG ligada a Marina Silva recebeu R$ 35 milh\u00f5es do Fundo Amaz\u00f4nia e gastou 80% com consultorias e viagens - Jornal Fatos e Not\u00edcias<\/title>\n<meta name=\"robots\" content=\"index, follow, max-snippet:-1, max-image-preview:large, max-video-preview:-1\" \/>\n<link rel=\"canonical\" href=\"https:\/\/jornalfatosenoticias.com.br\/index.php\/2023\/10\/19\/a-semana-em-brasilia-e-no-es-ong-ligada-a-marina-silva-recebeu-r-35-milhoes-do-fundo-amazonia-e-gastou-80-com-consultorias-e-viagens\/\" \/>\n<meta property=\"og:locale\" content=\"pt_BR\" \/>\n<meta property=\"og:type\" content=\"article\" \/>\n<meta property=\"og:title\" content=\"A Semana em Bras\u00edlia e no ES \u2014 ONG ligada a Marina Silva recebeu R$ 35 milh\u00f5es do Fundo Amaz\u00f4nia e gastou 80% com consultorias e viagens - Jornal Fatos e Not\u00edcias\" \/>\n<meta property=\"og:description\" content=\"A ONG Instituto de Pesquisa Ambiental da Amaz\u00f4nia (Ipam), ligada \u00e0 ministra do Meio Ambiente, Marina Silva, recebeu R$ 35 milh\u00f5es do Fundo Amaz\u00f4nia, em 2022, e gastou R$ 24 milh\u00f5es desse montante com consultorias e viagens. Alemanha e Noruega s\u00e3o os maiores doadores do Fundo.Os gastos constam em documentos da Comiss\u00e3o Parlamentar de Inqu\u00e9rito [&hellip;]\" \/>\n<meta property=\"og:url\" content=\"https:\/\/jornalfatosenoticias.com.br\/index.php\/2023\/10\/19\/a-semana-em-brasilia-e-no-es-ong-ligada-a-marina-silva-recebeu-r-35-milhoes-do-fundo-amazonia-e-gastou-80-com-consultorias-e-viagens\/\" \/>\n<meta property=\"og:site_name\" content=\"Jornal Fatos e Not\u00edcias\" \/>\n<meta property=\"article:published_time\" content=\"2023-10-19T21:21:39+00:00\" \/>\n<meta property=\"article:modified_time\" content=\"2023-10-19T21:21:41+00:00\" \/>\n<meta property=\"og:image\" content=\"https:\/\/jornalfatosenoticias.com.br\/wp-content\/uploads\/2023\/10\/vovo-zilda.jpg\" \/>\n\t<meta property=\"og:image:width\" content=\"712\" \/>\n\t<meta property=\"og:image:height\" content=\"370\" \/>\n\t<meta property=\"og:image:type\" content=\"image\/jpeg\" \/>\n<meta name=\"author\" content=\"Haroldo Filho\" \/>\n<meta name=\"twitter:card\" content=\"summary_large_image\" \/>\n<meta name=\"twitter:label1\" content=\"Escrito por\" \/>\n\t<meta name=\"twitter:data1\" content=\"Haroldo Filho\" \/>\n\t<meta name=\"twitter:label2\" content=\"Est. tempo de leitura\" \/>\n\t<meta name=\"twitter:data2\" content=\"10 minutos\" \/>\n<script type=\"application\/ld+json\" class=\"yoast-schema-graph\">{\"@context\":\"https:\/\/schema.org\",\"@graph\":[{\"@type\":\"Article\",\"@id\":\"https:\/\/jornalfatosenoticias.com.br\/index.php\/2023\/10\/19\/a-semana-em-brasilia-e-no-es-ong-ligada-a-marina-silva-recebeu-r-35-milhoes-do-fundo-amazonia-e-gastou-80-com-consultorias-e-viagens\/#article\",\"isPartOf\":{\"@id\":\"https:\/\/jornalfatosenoticias.com.br\/index.php\/2023\/10\/19\/a-semana-em-brasilia-e-no-es-ong-ligada-a-marina-silva-recebeu-r-35-milhoes-do-fundo-amazonia-e-gastou-80-com-consultorias-e-viagens\/\"},\"author\":{\"name\":\"Haroldo Filho\",\"@id\":\"https:\/\/jornalfatosenoticias.com.br\/#\/schema\/person\/05c46cc25b42a5c27e004fb0fa6b4965\"},\"headline\":\"A Semana em Bras\u00edlia e no ES \u2014 ONG ligada a Marina Silva recebeu R$ 35 milh\u00f5es do Fundo Amaz\u00f4nia e gastou 80% com consultorias e viagens\",\"datePublished\":\"2023-10-19T21:21:39+00:00\",\"dateModified\":\"2023-10-19T21:21:41+00:00\",\"mainEntityOfPage\":{\"@id\":\"https:\/\/jornalfatosenoticias.com.br\/index.php\/2023\/10\/19\/a-semana-em-brasilia-e-no-es-ong-ligada-a-marina-silva-recebeu-r-35-milhoes-do-fundo-amazonia-e-gastou-80-com-consultorias-e-viagens\/\"},\"wordCount\":2022,\"commentCount\":0,\"publisher\":{\"@id\":\"https:\/\/jornalfatosenoticias.com.br\/#organization\"},\"image\":{\"@id\":\"https:\/\/jornalfatosenoticias.com.br\/index.php\/2023\/10\/19\/a-semana-em-brasilia-e-no-es-ong-ligada-a-marina-silva-recebeu-r-35-milhoes-do-fundo-amazonia-e-gastou-80-com-consultorias-e-viagens\/#primaryimage\"},\"thumbnailUrl\":\"https:\/\/jornalfatosenoticias.com.br\/wp-content\/uploads\/2023\/10\/vovo-zilda.jpg\",\"keywords\":[\"desvio de recursos\",\"Fundo Amaz\u00f4nia\",\"guerra Israel-Palestina\",\"Hamas\",\"Marina Silva\",\"ONGs\",\"PT\"],\"articleSection\":[\"Pol\u00edtica\"],\"inLanguage\":\"pt-BR\",\"potentialAction\":[{\"@type\":\"CommentAction\",\"name\":\"Comment\",\"target\":[\"https:\/\/jornalfatosenoticias.com.br\/index.php\/2023\/10\/19\/a-semana-em-brasilia-e-no-es-ong-ligada-a-marina-silva-recebeu-r-35-milhoes-do-fundo-amazonia-e-gastou-80-com-consultorias-e-viagens\/#respond\"]}]},{\"@type\":\"WebPage\",\"@id\":\"https:\/\/jornalfatosenoticias.com.br\/index.php\/2023\/10\/19\/a-semana-em-brasilia-e-no-es-ong-ligada-a-marina-silva-recebeu-r-35-milhoes-do-fundo-amazonia-e-gastou-80-com-consultorias-e-viagens\/\",\"url\":\"https:\/\/jornalfatosenoticias.com.br\/index.php\/2023\/10\/19\/a-semana-em-brasilia-e-no-es-ong-ligada-a-marina-silva-recebeu-r-35-milhoes-do-fundo-amazonia-e-gastou-80-com-consultorias-e-viagens\/\",\"name\":\"A Semana em Bras\u00edlia e no ES \u2014 ONG ligada a Marina Silva recebeu R$ 35 milh\u00f5es do Fundo Amaz\u00f4nia e gastou 80% com consultorias e viagens - Jornal Fatos e Not\u00edcias\",\"isPartOf\":{\"@id\":\"https:\/\/jornalfatosenoticias.com.br\/#website\"},\"primaryImageOfPage\":{\"@id\":\"https:\/\/jornalfatosenoticias.com.br\/index.php\/2023\/10\/19\/a-semana-em-brasilia-e-no-es-ong-ligada-a-marina-silva-recebeu-r-35-milhoes-do-fundo-amazonia-e-gastou-80-com-consultorias-e-viagens\/#primaryimage\"},\"image\":{\"@id\":\"https:\/\/jornalfatosenoticias.com.br\/index.php\/2023\/10\/19\/a-semana-em-brasilia-e-no-es-ong-ligada-a-marina-silva-recebeu-r-35-milhoes-do-fundo-amazonia-e-gastou-80-com-consultorias-e-viagens\/#primaryimage\"},\"thumbnailUrl\":\"https:\/\/jornalfatosenoticias.com.br\/wp-content\/uploads\/2023\/10\/vovo-zilda.jpg\",\"datePublished\":\"2023-10-19T21:21:39+00:00\",\"dateModified\":\"2023-10-19T21:21:41+00:00\",\"breadcrumb\":{\"@id\":\"https:\/\/jornalfatosenoticias.com.br\/index.php\/2023\/10\/19\/a-semana-em-brasilia-e-no-es-ong-ligada-a-marina-silva-recebeu-r-35-milhoes-do-fundo-amazonia-e-gastou-80-com-consultorias-e-viagens\/#breadcrumb\"},\"inLanguage\":\"pt-BR\",\"potentialAction\":[{\"@type\":\"ReadAction\",\"target\":[\"https:\/\/jornalfatosenoticias.com.br\/index.php\/2023\/10\/19\/a-semana-em-brasilia-e-no-es-ong-ligada-a-marina-silva-recebeu-r-35-milhoes-do-fundo-amazonia-e-gastou-80-com-consultorias-e-viagens\/\"]}]},{\"@type\":\"ImageObject\",\"inLanguage\":\"pt-BR\",\"@id\":\"https:\/\/jornalfatosenoticias.com.br\/index.php\/2023\/10\/19\/a-semana-em-brasilia-e-no-es-ong-ligada-a-marina-silva-recebeu-r-35-milhoes-do-fundo-amazonia-e-gastou-80-com-consultorias-e-viagens\/#primaryimage\",\"url\":\"https:\/\/jornalfatosenoticias.com.br\/wp-content\/uploads\/2023\/10\/vovo-zilda.jpg\",\"contentUrl\":\"https:\/\/jornalfatosenoticias.com.br\/wp-content\/uploads\/2023\/10\/vovo-zilda.jpg\",\"width\":712,\"height\":370},{\"@type\":\"BreadcrumbList\",\"@id\":\"https:\/\/jornalfatosenoticias.com.br\/index.php\/2023\/10\/19\/a-semana-em-brasilia-e-no-es-ong-ligada-a-marina-silva-recebeu-r-35-milhoes-do-fundo-amazonia-e-gastou-80-com-consultorias-e-viagens\/#breadcrumb\",\"itemListElement\":[{\"@type\":\"ListItem\",\"position\":1,\"name\":\"In\u00edcio\",\"item\":\"https:\/\/jornalfatosenoticias.com.br\/\"},{\"@type\":\"ListItem\",\"position\":2,\"name\":\"A Semana em Bras\u00edlia e no ES \u2014 ONG ligada a Marina Silva recebeu R$ 35 milh\u00f5es do Fundo Amaz\u00f4nia e gastou 80% com consultorias e viagens\"}]},{\"@type\":\"WebSite\",\"@id\":\"https:\/\/jornalfatosenoticias.com.br\/#website\",\"url\":\"https:\/\/jornalfatosenoticias.com.br\/\",\"name\":\"Jornal Fatos e Not\u00edcias\",\"description\":\"Not\u00edcias em geral\",\"publisher\":{\"@id\":\"https:\/\/jornalfatosenoticias.com.br\/#organization\"},\"potentialAction\":[{\"@type\":\"SearchAction\",\"target\":{\"@type\":\"EntryPoint\",\"urlTemplate\":\"https:\/\/jornalfatosenoticias.com.br\/?s={search_term_string}\"},\"query-input\":{\"@type\":\"PropertyValueSpecification\",\"valueRequired\":true,\"valueName\":\"search_term_string\"}}],\"inLanguage\":\"pt-BR\"},{\"@type\":\"Organization\",\"@id\":\"https:\/\/jornalfatosenoticias.com.br\/#organization\",\"name\":\"Jornal Fatos e Not\u00edcias\",\"url\":\"https:\/\/jornalfatosenoticias.com.br\/\",\"logo\":{\"@type\":\"ImageObject\",\"inLanguage\":\"pt-BR\",\"@id\":\"https:\/\/jornalfatosenoticias.com.br\/#\/schema\/logo\/image\/\",\"url\":\"https:\/\/jornalfatosenoticias.com.br\/wp-content\/uploads\/2020\/02\/logo120.png\",\"contentUrl\":\"https:\/\/jornalfatosenoticias.com.br\/wp-content\/uploads\/2020\/02\/logo120.png\",\"width\":1227,\"height\":120,\"caption\":\"Jornal Fatos e Not\u00edcias\"},\"image\":{\"@id\":\"https:\/\/jornalfatosenoticias.com.br\/#\/schema\/logo\/image\/\"}},{\"@type\":\"Person\",\"@id\":\"https:\/\/jornalfatosenoticias.com.br\/#\/schema\/person\/05c46cc25b42a5c27e004fb0fa6b4965\",\"name\":\"Haroldo Filho\",\"image\":{\"@type\":\"ImageObject\",\"inLanguage\":\"pt-BR\",\"@id\":\"https:\/\/jornalfatosenoticias.com.br\/#\/schema\/person\/image\/\",\"url\":\"https:\/\/jornalfatosenoticias.com.br\/wp-content\/uploads\/2025\/08\/WhatsApp-Image-2025-08-18-at-15.30.28-150x150.jpeg\",\"contentUrl\":\"https:\/\/jornalfatosenoticias.com.br\/wp-content\/uploads\/2025\/08\/WhatsApp-Image-2025-08-18-at-15.30.28-150x150.jpeg\",\"caption\":\"Haroldo Filho\"},\"description\":\"Jornalista \u2013 DRT: 0003818\/ES Coordenador-geral da ONG Educar para Crescer\",\"url\":\"https:\/\/jornalfatosenoticias.com.br\/index.php\/author\/haroldo\/\"}]}<\/script>\n<!-- \/ Yoast SEO plugin. -->","yoast_head_json":{"title":"A Semana em Bras\u00edlia e no ES \u2014 ONG ligada a Marina Silva recebeu R$ 35 milh\u00f5es do Fundo Amaz\u00f4nia e gastou 80% com consultorias e viagens - Jornal Fatos e Not\u00edcias","robots":{"index":"index","follow":"follow","max-snippet":"max-snippet:-1","max-image-preview":"max-image-preview:large","max-video-preview":"max-video-preview:-1"},"canonical":"https:\/\/jornalfatosenoticias.com.br\/index.php\/2023\/10\/19\/a-semana-em-brasilia-e-no-es-ong-ligada-a-marina-silva-recebeu-r-35-milhoes-do-fundo-amazonia-e-gastou-80-com-consultorias-e-viagens\/","og_locale":"pt_BR","og_type":"article","og_title":"A Semana em Bras\u00edlia e no ES \u2014 ONG ligada a Marina Silva recebeu R$ 35 milh\u00f5es do Fundo Amaz\u00f4nia e gastou 80% com consultorias e viagens - Jornal Fatos e Not\u00edcias","og_description":"A ONG Instituto de Pesquisa Ambiental da Amaz\u00f4nia (Ipam), ligada \u00e0 ministra do Meio Ambiente, Marina Silva, recebeu R$ 35 milh\u00f5es do Fundo Amaz\u00f4nia, em 2022, e gastou R$ 24 milh\u00f5es desse montante com consultorias e viagens. Alemanha e Noruega s\u00e3o os maiores doadores do Fundo.Os gastos constam em documentos da Comiss\u00e3o Parlamentar de Inqu\u00e9rito [&hellip;]","og_url":"https:\/\/jornalfatosenoticias.com.br\/index.php\/2023\/10\/19\/a-semana-em-brasilia-e-no-es-ong-ligada-a-marina-silva-recebeu-r-35-milhoes-do-fundo-amazonia-e-gastou-80-com-consultorias-e-viagens\/","og_site_name":"Jornal Fatos e Not\u00edcias","article_published_time":"2023-10-19T21:21:39+00:00","article_modified_time":"2023-10-19T21:21:41+00:00","og_image":[{"width":712,"height":370,"url":"https:\/\/jornalfatosenoticias.com.br\/wp-content\/uploads\/2023\/10\/vovo-zilda.jpg","type":"image\/jpeg"}],"author":"Haroldo Filho","twitter_card":"summary_large_image","twitter_misc":{"Escrito por":"Haroldo Filho","Est. tempo de leitura":"10 minutos"},"schema":{"@context":"https:\/\/schema.org","@graph":[{"@type":"Article","@id":"https:\/\/jornalfatosenoticias.com.br\/index.php\/2023\/10\/19\/a-semana-em-brasilia-e-no-es-ong-ligada-a-marina-silva-recebeu-r-35-milhoes-do-fundo-amazonia-e-gastou-80-com-consultorias-e-viagens\/#article","isPartOf":{"@id":"https:\/\/jornalfatosenoticias.com.br\/index.php\/2023\/10\/19\/a-semana-em-brasilia-e-no-es-ong-ligada-a-marina-silva-recebeu-r-35-milhoes-do-fundo-amazonia-e-gastou-80-com-consultorias-e-viagens\/"},"author":{"name":"Haroldo Filho","@id":"https:\/\/jornalfatosenoticias.com.br\/#\/schema\/person\/05c46cc25b42a5c27e004fb0fa6b4965"},"headline":"A Semana em Bras\u00edlia e no ES \u2014 ONG ligada a Marina Silva recebeu R$ 35 milh\u00f5es do Fundo Amaz\u00f4nia e gastou 80% com consultorias e viagens","datePublished":"2023-10-19T21:21:39+00:00","dateModified":"2023-10-19T21:21:41+00:00","mainEntityOfPage":{"@id":"https:\/\/jornalfatosenoticias.com.br\/index.php\/2023\/10\/19\/a-semana-em-brasilia-e-no-es-ong-ligada-a-marina-silva-recebeu-r-35-milhoes-do-fundo-amazonia-e-gastou-80-com-consultorias-e-viagens\/"},"wordCount":2022,"commentCount":0,"publisher":{"@id":"https:\/\/jornalfatosenoticias.com.br\/#organization"},"image":{"@id":"https:\/\/jornalfatosenoticias.com.br\/index.php\/2023\/10\/19\/a-semana-em-brasilia-e-no-es-ong-ligada-a-marina-silva-recebeu-r-35-milhoes-do-fundo-amazonia-e-gastou-80-com-consultorias-e-viagens\/#primaryimage"},"thumbnailUrl":"https:\/\/jornalfatosenoticias.com.br\/wp-content\/uploads\/2023\/10\/vovo-zilda.jpg","keywords":["desvio de recursos","Fundo Amaz\u00f4nia","guerra Israel-Palestina","Hamas","Marina Silva","ONGs","PT"],"articleSection":["Pol\u00edtica"],"inLanguage":"pt-BR","potentialAction":[{"@type":"CommentAction","name":"Comment","target":["https:\/\/jornalfatosenoticias.com.br\/index.php\/2023\/10\/19\/a-semana-em-brasilia-e-no-es-ong-ligada-a-marina-silva-recebeu-r-35-milhoes-do-fundo-amazonia-e-gastou-80-com-consultorias-e-viagens\/#respond"]}]},{"@type":"WebPage","@id":"https:\/\/jornalfatosenoticias.com.br\/index.php\/2023\/10\/19\/a-semana-em-brasilia-e-no-es-ong-ligada-a-marina-silva-recebeu-r-35-milhoes-do-fundo-amazonia-e-gastou-80-com-consultorias-e-viagens\/","url":"https:\/\/jornalfatosenoticias.com.br\/index.php\/2023\/10\/19\/a-semana-em-brasilia-e-no-es-ong-ligada-a-marina-silva-recebeu-r-35-milhoes-do-fundo-amazonia-e-gastou-80-com-consultorias-e-viagens\/","name":"A Semana em Bras\u00edlia e no ES \u2014 ONG ligada a Marina Silva recebeu R$ 35 milh\u00f5es do Fundo Amaz\u00f4nia e gastou 80% com consultorias e viagens - Jornal Fatos e Not\u00edcias","isPartOf":{"@id":"https:\/\/jornalfatosenoticias.com.br\/#website"},"primaryImageOfPage":{"@id":"https:\/\/jornalfatosenoticias.com.br\/index.php\/2023\/10\/19\/a-semana-em-brasilia-e-no-es-ong-ligada-a-marina-silva-recebeu-r-35-milhoes-do-fundo-amazonia-e-gastou-80-com-consultorias-e-viagens\/#primaryimage"},"image":{"@id":"https:\/\/jornalfatosenoticias.com.br\/index.php\/2023\/10\/19\/a-semana-em-brasilia-e-no-es-ong-ligada-a-marina-silva-recebeu-r-35-milhoes-do-fundo-amazonia-e-gastou-80-com-consultorias-e-viagens\/#primaryimage"},"thumbnailUrl":"https:\/\/jornalfatosenoticias.com.br\/wp-content\/uploads\/2023\/10\/vovo-zilda.jpg","datePublished":"2023-10-19T21:21:39+00:00","dateModified":"2023-10-19T21:21:41+00:00","breadcrumb":{"@id":"https:\/\/jornalfatosenoticias.com.br\/index.php\/2023\/10\/19\/a-semana-em-brasilia-e-no-es-ong-ligada-a-marina-silva-recebeu-r-35-milhoes-do-fundo-amazonia-e-gastou-80-com-consultorias-e-viagens\/#breadcrumb"},"inLanguage":"pt-BR","potentialAction":[{"@type":"ReadAction","target":["https:\/\/jornalfatosenoticias.com.br\/index.php\/2023\/10\/19\/a-semana-em-brasilia-e-no-es-ong-ligada-a-marina-silva-recebeu-r-35-milhoes-do-fundo-amazonia-e-gastou-80-com-consultorias-e-viagens\/"]}]},{"@type":"ImageObject","inLanguage":"pt-BR","@id":"https:\/\/jornalfatosenoticias.com.br\/index.php\/2023\/10\/19\/a-semana-em-brasilia-e-no-es-ong-ligada-a-marina-silva-recebeu-r-35-milhoes-do-fundo-amazonia-e-gastou-80-com-consultorias-e-viagens\/#primaryimage","url":"https:\/\/jornalfatosenoticias.com.br\/wp-content\/uploads\/2023\/10\/vovo-zilda.jpg","contentUrl":"https:\/\/jornalfatosenoticias.com.br\/wp-content\/uploads\/2023\/10\/vovo-zilda.jpg","width":712,"height":370},{"@type":"BreadcrumbList","@id":"https:\/\/jornalfatosenoticias.com.br\/index.php\/2023\/10\/19\/a-semana-em-brasilia-e-no-es-ong-ligada-a-marina-silva-recebeu-r-35-milhoes-do-fundo-amazonia-e-gastou-80-com-consultorias-e-viagens\/#breadcrumb","itemListElement":[{"@type":"ListItem","position":1,"name":"In\u00edcio","item":"https:\/\/jornalfatosenoticias.com.br\/"},{"@type":"ListItem","position":2,"name":"A Semana em Bras\u00edlia e no ES \u2014 ONG ligada a Marina Silva recebeu R$ 35 milh\u00f5es do Fundo Amaz\u00f4nia e gastou 80% com consultorias e viagens"}]},{"@type":"WebSite","@id":"https:\/\/jornalfatosenoticias.com.br\/#website","url":"https:\/\/jornalfatosenoticias.com.br\/","name":"Jornal Fatos e Not\u00edcias","description":"Not\u00edcias em geral","publisher":{"@id":"https:\/\/jornalfatosenoticias.com.br\/#organization"},"potentialAction":[{"@type":"SearchAction","target":{"@type":"EntryPoint","urlTemplate":"https:\/\/jornalfatosenoticias.com.br\/?s={search_term_string}"},"query-input":{"@type":"PropertyValueSpecification","valueRequired":true,"valueName":"search_term_string"}}],"inLanguage":"pt-BR"},{"@type":"Organization","@id":"https:\/\/jornalfatosenoticias.com.br\/#organization","name":"Jornal Fatos e Not\u00edcias","url":"https:\/\/jornalfatosenoticias.com.br\/","logo":{"@type":"ImageObject","inLanguage":"pt-BR","@id":"https:\/\/jornalfatosenoticias.com.br\/#\/schema\/logo\/image\/","url":"https:\/\/jornalfatosenoticias.com.br\/wp-content\/uploads\/2020\/02\/logo120.png","contentUrl":"https:\/\/jornalfatosenoticias.com.br\/wp-content\/uploads\/2020\/02\/logo120.png","width":1227,"height":120,"caption":"Jornal Fatos e Not\u00edcias"},"image":{"@id":"https:\/\/jornalfatosenoticias.com.br\/#\/schema\/logo\/image\/"}},{"@type":"Person","@id":"https:\/\/jornalfatosenoticias.com.br\/#\/schema\/person\/05c46cc25b42a5c27e004fb0fa6b4965","name":"Haroldo Filho","image":{"@type":"ImageObject","inLanguage":"pt-BR","@id":"https:\/\/jornalfatosenoticias.com.br\/#\/schema\/person\/image\/","url":"https:\/\/jornalfatosenoticias.com.br\/wp-content\/uploads\/2025\/08\/WhatsApp-Image-2025-08-18-at-15.30.28-150x150.jpeg","contentUrl":"https:\/\/jornalfatosenoticias.com.br\/wp-content\/uploads\/2025\/08\/WhatsApp-Image-2025-08-18-at-15.30.28-150x150.jpeg","caption":"Haroldo Filho"},"description":"Jornalista \u2013 DRT: 0003818\/ES Coordenador-geral da ONG Educar para Crescer","url":"https:\/\/jornalfatosenoticias.com.br\/index.php\/author\/haroldo\/"}]}},"cc_featured_image_caption":{"caption_text":"(Foto: Estad\u00e3o Conte\u00fado) ","source_text":"","source_url":""},"jetpack_featured_media_url":"https:\/\/jornalfatosenoticias.com.br\/wp-content\/uploads\/2023\/10\/vovo-zilda.jpg","_links":{"self":[{"href":"https:\/\/jornalfatosenoticias.com.br\/index.php\/wp-json\/wp\/v2\/posts\/46157","targetHints":{"allow":["GET"]}}],"collection":[{"href":"https:\/\/jornalfatosenoticias.com.br\/index.php\/wp-json\/wp\/v2\/posts"}],"about":[{"href":"https:\/\/jornalfatosenoticias.com.br\/index.php\/wp-json\/wp\/v2\/types\/post"}],"author":[{"embeddable":true,"href":"https:\/\/jornalfatosenoticias.com.br\/index.php\/wp-json\/wp\/v2\/users\/3"}],"replies":[{"embeddable":true,"href":"https:\/\/jornalfatosenoticias.com.br\/index.php\/wp-json\/wp\/v2\/comments?post=46157"}],"version-history":[{"count":0,"href":"https:\/\/jornalfatosenoticias.com.br\/index.php\/wp-json\/wp\/v2\/posts\/46157\/revisions"}],"wp:featuredmedia":[{"embeddable":true,"href":"https:\/\/jornalfatosenoticias.com.br\/index.php\/wp-json\/wp\/v2\/media\/46166"}],"wp:attachment":[{"href":"https:\/\/jornalfatosenoticias.com.br\/index.php\/wp-json\/wp\/v2\/media?parent=46157"}],"wp:term":[{"taxonomy":"category","embeddable":true,"href":"https:\/\/jornalfatosenoticias.com.br\/index.php\/wp-json\/wp\/v2\/categories?post=46157"},{"taxonomy":"post_tag","embeddable":true,"href":"https:\/\/jornalfatosenoticias.com.br\/index.php\/wp-json\/wp\/v2\/tags?post=46157"}],"curies":[{"name":"wp","href":"https:\/\/api.w.org\/{rel}","templated":true}]}}