{"id":4616,"date":"2020-05-19T13:53:51","date_gmt":"2020-05-19T16:53:51","guid":{"rendered":"https:\/\/jornalfatosenoticias.com.br\/?p=4616"},"modified":"2020-05-19T13:55:02","modified_gmt":"2020-05-19T16:55:02","slug":"the-green-box-a-geladeira-para-legumes-sem-eletricidade","status":"publish","type":"post","link":"https:\/\/jornalfatosenoticias.com.br\/index.php\/2020\/05\/19\/the-green-box-a-geladeira-para-legumes-sem-eletricidade\/","title":{"rendered":"The Green Box, a geladeira para legumes sem eletricidade"},"content":{"rendered":"\n<h6 class=\"wp-block-heading\"><em>Ideia \u00e9 que estrutura seja usada em comunidades carentes ou sem acesso \u00e0 eletricidade<\/em><\/h6>\n\n\n\n<p>A artista pl\u00e1stica Tali Signorile e o arquiteto H\u00e9ctor Pereyra desenvolveram um projeto para que as pessoas possam economizar dinheiro, se alimentar melhor com alimentos bem conservados e, de quebra, contribuir para a redu\u00e7\u00e3o de emiss\u00e3o de gases do efeito estufa.<br>Para isso desenvolveram o que eles chamaram de Caixa Verde, uma instala\u00e7\u00e3o de madeira e vidro que usa areia e \u00e1gua para conservar at\u00e9 20 quilos de legumes e outros alimentos, sem a necessidade do uso de geladeiras e energia el\u00e9trica.<br>A madeira usada precisa ser bem resistente \u00e0 umidade e a ideia \u00e9 que a estrutura toda seja o mais leve poss\u00edvel para que seja f\u00e1cil manipular e posicionar a Caixa Verde. A proposta \u00e9 que as pessoas possam usar os diferentes m\u00f3dulos da forma mais pr\u00e1tica de acordo com o espa\u00e7o que possuem.<br>Os criadores garantem que o produto pode ser usado em qualquer lugar ventilado, desde que n\u00e3o fique exposto ao sol.<\/p>\n\n\n\n<figure class=\"wp-block-image size-large\"><img loading=\"lazy\" decoding=\"async\" width=\"1000\" height=\"400\" src=\"https:\/\/jornalfatosenoticias.com.br\/wp-content\/uploads\/2020\/05\/caixa-verde2.jpg\" alt=\"\" class=\"wp-image-4617\" srcset=\"https:\/\/jornalfatosenoticias.com.br\/wp-content\/uploads\/2020\/05\/caixa-verde2.jpg 1000w, https:\/\/jornalfatosenoticias.com.br\/wp-content\/uploads\/2020\/05\/caixa-verde2-300x120.jpg 300w, https:\/\/jornalfatosenoticias.com.br\/wp-content\/uploads\/2020\/05\/caixa-verde2-768x307.jpg 768w\" sizes=\"auto, (max-width: 1000px) 100vw, 1000px\" \/><figcaption><em>Ideia \u00e9 que estrutura seja usada em comunidades carentes ou sem acesso \u00e0 eletricidade (Foto: La Caja Verde\/Reprodu\u00e7\u00e3o)<\/em><\/figcaption><\/figure>\n\n\n\n<h5 class=\"wp-block-heading\">Como surgiu a ideia<\/h5>\n\n\n\n<p>Tali e H\u00e9ctor lembram que mais de <sup>1<\/sup>\/<sub>3<\/sub> da produ\u00e7\u00e3o de alimentos \u00e9 desperdi\u00e7ada antes do consumo e que, dentro de casa, tamb\u00e9m h\u00e1 desperd\u00edcio. E, com o seu projeto, esperam mudar alguns h\u00e1bitos como o de colocar tudo na geladeira \u2013 onde muitas vezes os alimentos acabam escondidos e esquecidos.<br>Os dois s\u00e3o argentinos e estimam que no pa\u00eds vizinho o preju\u00edzo com o desperd\u00edcio de comida pode chegar a US$ 780 milh\u00f5es por m\u00eas. Existe tamb\u00e9m o preju\u00edzo ambiental, com a gera\u00e7\u00e3o de g\u00e1s metano produzido pela decomposi\u00e7\u00e3o dos res\u00edduos org\u00e2nicos em aterros.<br>O casal trabalhou por cinco anos desenvolvendo esta ideia e testando a efic\u00e1cia da Caixa Verde.<\/p>\n\n\n\n<figure class=\"wp-block-image size-large\"><img loading=\"lazy\" decoding=\"async\" width=\"1000\" height=\"597\" src=\"https:\/\/jornalfatosenoticias.com.br\/wp-content\/uploads\/2020\/05\/Tali-e-Hector.jpeg\" alt=\"\" class=\"wp-image-4618\" srcset=\"https:\/\/jornalfatosenoticias.com.br\/wp-content\/uploads\/2020\/05\/Tali-e-Hector.jpeg 1000w, https:\/\/jornalfatosenoticias.com.br\/wp-content\/uploads\/2020\/05\/Tali-e-Hector-300x179.jpeg 300w, https:\/\/jornalfatosenoticias.com.br\/wp-content\/uploads\/2020\/05\/Tali-e-Hector-768x458.jpeg 768w\" sizes=\"auto, (max-width: 1000px) 100vw, 1000px\" \/><figcaption><em>O casal Tali Signorile e H\u00e9ctor Pereyra (Foto: La Caja Verde\/Reprodu\u00e7\u00e3o)<\/em><\/figcaption><\/figure>\n\n\n\n<h5 class=\"wp-block-heading\">Como usar?<\/h5>\n\n\n\n<p>O objetivo com a Caixa verde \u00e9 que as pessoas usem a geladeira apenas para armazenar derivados de leite e prote\u00edna animal. Isso acontece apenas entre os alimentos, areia e \u00e1gua, sem o uso de eletricidade.<br>O casal esclarece que o uso da Caixa Verde \u00e9 recomendado principalmente para pa\u00edses em desenvolvimento e para comunidades sem condi\u00e7\u00f5es financeiras ou acesso \u00e0 energia el\u00e9trica.<\/p>\n\n\n\n<figure class=\"wp-block-image size-large\"><img loading=\"lazy\" decoding=\"async\" width=\"1024\" height=\"768\" src=\"https:\/\/jornalfatosenoticias.com.br\/wp-content\/uploads\/2020\/05\/caixa-verde7-1024x768.jpg\" alt=\"\" class=\"wp-image-4619\" srcset=\"https:\/\/jornalfatosenoticias.com.br\/wp-content\/uploads\/2020\/05\/caixa-verde7-1024x768.jpg 1024w, https:\/\/jornalfatosenoticias.com.br\/wp-content\/uploads\/2020\/05\/caixa-verde7-300x225.jpg 300w, https:\/\/jornalfatosenoticias.com.br\/wp-content\/uploads\/2020\/05\/caixa-verde7-768x576.jpg 768w, https:\/\/jornalfatosenoticias.com.br\/wp-content\/uploads\/2020\/05\/caixa-verde7.jpg 1299w\" sizes=\"auto, (max-width: 1024px) 100vw, 1024px\" \/><figcaption><em>Ideia \u00e9 que estrutura seja usada em comunidades carentes ou sem acesso \u00e0 eletricidade (Foto: La Caja Verde\/Reprodu\u00e7\u00e3o)<\/em><\/figcaption><\/figure>\n\n\n\n<h5 class=\"wp-block-heading\">Ovos, frutas e tub\u00e9rculos<\/h5>\n\n\n\n<figure class=\"wp-block-image size-large\"><img loading=\"lazy\" decoding=\"async\" width=\"1000\" height=\"651\" src=\"https:\/\/jornalfatosenoticias.com.br\/wp-content\/uploads\/2020\/05\/caixa-verde-ovos.jpg\" alt=\"\" class=\"wp-image-4620\" srcset=\"https:\/\/jornalfatosenoticias.com.br\/wp-content\/uploads\/2020\/05\/caixa-verde-ovos.jpg 1000w, https:\/\/jornalfatosenoticias.com.br\/wp-content\/uploads\/2020\/05\/caixa-verde-ovos-300x195.jpg 300w, https:\/\/jornalfatosenoticias.com.br\/wp-content\/uploads\/2020\/05\/caixa-verde-ovos-768x500.jpg 768w\" sizes=\"auto, (max-width: 1000px) 100vw, 1000px\" \/><figcaption><em>Ideia \u00e9 que estrutura seja usada em comunidades carentes ou sem acesso \u00e0 eletricidade (Foto: La Caja Verde\/Reprodu\u00e7\u00e3o)<\/em><\/figcaption><\/figure>\n\n\n\n<p>Estes grupos devem ficar juntos. As cascas dos ovos, apesar de parecerem r\u00edgidas, t\u00eam poros que podem absorver odores na geladeira, alterando seu sabor. Deix\u00e1-los em um ambiente fresco j\u00e1 \u00e9 o suficiente.<br>As frutas liberam uma quantidade moderada de g\u00e1s etileno que ajuda no amadurecimento controlado de batatas e tub\u00e9rculos sem o aparecimento de brotos na superf\u00edcie.<\/p>\n\n\n\n<figure class=\"wp-block-image size-large\"><img loading=\"lazy\" decoding=\"async\" width=\"980\" height=\"230\" src=\"https:\/\/jornalfatosenoticias.com.br\/wp-content\/uploads\/2020\/05\/caixa-verde4.jpg\" alt=\"\" class=\"wp-image-4623\" srcset=\"https:\/\/jornalfatosenoticias.com.br\/wp-content\/uploads\/2020\/05\/caixa-verde4.jpg 980w, https:\/\/jornalfatosenoticias.com.br\/wp-content\/uploads\/2020\/05\/caixa-verde4-300x70.jpg 300w, https:\/\/jornalfatosenoticias.com.br\/wp-content\/uploads\/2020\/05\/caixa-verde4-768x180.jpg 768w\" sizes=\"auto, (max-width: 980px) 100vw, 980px\" \/><figcaption><em>Ideia \u00e9 que estrutura seja usada em comunidades carentes ou sem acesso \u00e0 eletricidade (Foto: La Caja Verde\/Reprodu\u00e7\u00e3o)<\/em><\/figcaption><\/figure>\n\n\n\n<h5 class=\"wp-block-heading\">Verduras<\/h5>\n\n\n\n<p>As verduras como pepinos, berinjelas e abobrinha, t\u00eam muita \u00e1gua em sua composi\u00e7\u00e3o e, se as deixamos na geladeira, elas perdem umidade rapidamente, ficando enrugadas, moles e sem consist\u00eancia. Colocar este grupo perto de uma fonte de \u00e1gua, ajuda a retardar este processo. O mesmo vale para os tomates.<\/p>\n\n\n\n<figure class=\"wp-block-image size-large\"><img loading=\"lazy\" decoding=\"async\" width=\"887\" height=\"1024\" src=\"https:\/\/jornalfatosenoticias.com.br\/wp-content\/uploads\/2020\/05\/caixa-verde6-887x1024.jpg\" alt=\"\" class=\"wp-image-4621\" srcset=\"https:\/\/jornalfatosenoticias.com.br\/wp-content\/uploads\/2020\/05\/caixa-verde6-887x1024.jpg 887w, https:\/\/jornalfatosenoticias.com.br\/wp-content\/uploads\/2020\/05\/caixa-verde6-260x300.jpg 260w, https:\/\/jornalfatosenoticias.com.br\/wp-content\/uploads\/2020\/05\/caixa-verde6-768x887.jpg 768w, https:\/\/jornalfatosenoticias.com.br\/wp-content\/uploads\/2020\/05\/caixa-verde6.jpg 980w\" sizes=\"auto, (max-width: 887px) 100vw, 887px\" \/><figcaption><em>Ideia \u00e9 que estrutura seja usada em comunidades carentes ou sem acesso \u00e0 eletricidade (Foto: La Caja Verde\/Reprodu\u00e7\u00e3o)<\/em><\/figcaption><\/figure>\n\n\n\n<h5 class=\"wp-block-heading\">Ra\u00edzes de caule<\/h5>\n\n\n\n<p>Cebolas, beterrabas e funchos devem ficar na areia, apenas com as ra\u00edzes enterradas e a areia n\u00e3o precisa estar \u00famida.<\/p>\n\n\n\n<h5 class=\"wp-block-heading\">C\u00edtricos<\/h5>\n\n\n\n<p>Os c\u00edtricos devem ficar isolados porque emitem uma quantidade maior de etileno que aceleraria muito o processo de amadurecimento dos demais alimentos.<\/p>\n\n\n\n<h5 class=\"wp-block-heading\">Ra\u00edzes curtas com folhas grandes<\/h5>\n\n\n\n<figure class=\"wp-block-image size-large\"><img loading=\"lazy\" decoding=\"async\" width=\"1000\" height=\"645\" src=\"https:\/\/jornalfatosenoticias.com.br\/wp-content\/uploads\/2020\/05\/caixa-verde-raizes-e-caule.jpg\" alt=\"\" class=\"wp-image-4622\" srcset=\"https:\/\/jornalfatosenoticias.com.br\/wp-content\/uploads\/2020\/05\/caixa-verde-raizes-e-caule.jpg 1000w, https:\/\/jornalfatosenoticias.com.br\/wp-content\/uploads\/2020\/05\/caixa-verde-raizes-e-caule-300x194.jpg 300w, https:\/\/jornalfatosenoticias.com.br\/wp-content\/uploads\/2020\/05\/caixa-verde-raizes-e-caule-768x495.jpg 768w\" sizes=\"auto, (max-width: 1000px) 100vw, 1000px\" \/><figcaption><em>Ideia \u00e9 que estrutura seja usada em comunidades carentes ou sem acesso \u00e0 eletricidade (Foto: La Caja Verde\/Reprodu\u00e7\u00e3o)<\/em><\/figcaption><\/figure>\n\n\n\n<p>Estas hortali\u00e7as s\u00e3o prejudicadas pelo contato com o ar, perdendo umidade, textura e firmeza. Por isso podemos enterr\u00e1-las em areia \u00famida \u2013 apenas a parte da raiz deve estar na areia. S\u00e3o exemplos destas hortali\u00e7as o alho por\u00f3 e o sals\u00e3o.<\/p>\n\n\n\n<h5 class=\"wp-block-heading\">Ra\u00edzes grandes<\/h5>\n\n\n\n<p>Para a cenoura, o rabanete e a radicheta, o ideal \u00e9 que todo o alimento esteja na areia \u00famida.<\/p>\n\n\n\n<figure class=\"wp-block-embed-youtube wp-block-embed is-type-video is-provider-youtube wp-embed-aspect-16-9 wp-has-aspect-ratio\"><div class=\"wp-block-embed__wrapper\">\n<iframe loading=\"lazy\" title=\"Presentamos La Caja Verde\" width=\"660\" height=\"371\" src=\"https:\/\/www.youtube.com\/embed\/-yIZfXyGlxg?feature=oembed\" frameborder=\"0\" allow=\"accelerometer; autoplay; clipboard-write; encrypted-media; gyroscope; picture-in-picture; web-share\" referrerpolicy=\"strict-origin-when-cross-origin\" allowfullscreen><\/iframe>\n<\/div><\/figure>\n\n\n\n<p><strong><em>Fonte: <a href=\"https:\/\/ciclovivo.com.br\/inovacao\/inspiracao\/casal-cria-caixa-verde-que-conserva-alimentos-sem-eletricidade\/\">CicloVivo<\/a><\/em><\/strong><\/p>\n","protected":false},"excerpt":{"rendered":"<p>Ideia \u00e9 que estrutura seja usada em comunidades carentes ou sem acesso \u00e0 eletricidade A artista pl\u00e1stica Tali Signorile e o arquiteto H\u00e9ctor Pereyra desenvolveram um projeto para que as pessoas possam economizar dinheiro, se alimentar melhor com alimentos bem conservados e, de quebra, contribuir para a redu\u00e7\u00e3o de emiss\u00e3o de gases do efeito estufa.Para [&hellip;]<\/p>\n","protected":false},"author":2,"featured_media":4624,"comment_status":"open","ping_status":"open","sticky":false,"template":"","format":"standard","meta":{"footnotes":""},"categories":[3],"tags":[70,2748,201,2747,911,553],"class_list":["post-4616","post","type-post","status-publish","format-standard","has-post-thumbnail","hentry","category-tecnologia","tag-alimentos","tag-comunidades-carentes","tag-eletricidade","tag-geladeira-de-madeira","tag-inovacao","tag-legumes"],"yoast_head":"<!-- This site is optimized with the Yoast SEO plugin v26.5 - https:\/\/yoast.com\/wordpress\/plugins\/seo\/ -->\n<title>The Green Box, a geladeira para legumes sem eletricidade - Jornal Fatos e Not\u00edcias<\/title>\n<meta name=\"robots\" content=\"index, follow, max-snippet:-1, max-image-preview:large, max-video-preview:-1\" \/>\n<link rel=\"canonical\" href=\"https:\/\/jornalfatosenoticias.com.br\/index.php\/2020\/05\/19\/the-green-box-a-geladeira-para-legumes-sem-eletricidade\/\" \/>\n<meta property=\"og:locale\" content=\"pt_BR\" \/>\n<meta property=\"og:type\" content=\"article\" \/>\n<meta property=\"og:title\" content=\"The Green Box, a geladeira para legumes sem eletricidade - Jornal Fatos e Not\u00edcias\" \/>\n<meta property=\"og:description\" content=\"Ideia \u00e9 que estrutura seja usada em comunidades carentes ou sem acesso \u00e0 eletricidade A artista pl\u00e1stica Tali Signorile e o arquiteto H\u00e9ctor Pereyra desenvolveram um projeto para que as pessoas possam economizar dinheiro, se alimentar melhor com alimentos bem conservados e, de quebra, contribuir para a redu\u00e7\u00e3o de emiss\u00e3o de gases do efeito estufa.Para [&hellip;]\" \/>\n<meta property=\"og:url\" content=\"https:\/\/jornalfatosenoticias.com.br\/index.php\/2020\/05\/19\/the-green-box-a-geladeira-para-legumes-sem-eletricidade\/\" \/>\n<meta property=\"og:site_name\" content=\"Jornal Fatos e Not\u00edcias\" \/>\n<meta property=\"article:published_time\" content=\"2020-05-19T16:53:51+00:00\" \/>\n<meta property=\"article:modified_time\" content=\"2020-05-19T16:55:02+00:00\" \/>\n<meta property=\"og:image\" content=\"https:\/\/jornalfatosenoticias.com.br\/wp-content\/uploads\/2020\/05\/caixa-verde.jpg\" \/>\n\t<meta property=\"og:image:width\" content=\"1000\" \/>\n\t<meta property=\"og:image:height\" content=\"444\" \/>\n\t<meta property=\"og:image:type\" content=\"image\/jpeg\" \/>\n<meta name=\"author\" content=\"Luzimara Fernandes\" \/>\n<meta name=\"twitter:card\" content=\"summary_large_image\" \/>\n<meta name=\"twitter:label1\" content=\"Escrito por\" \/>\n\t<meta name=\"twitter:data1\" content=\"Luzimara Fernandes\" \/>\n\t<meta name=\"twitter:label2\" content=\"Est. tempo de leitura\" \/>\n\t<meta name=\"twitter:data2\" content=\"4 minutos\" \/>\n<script type=\"application\/ld+json\" class=\"yoast-schema-graph\">{\"@context\":\"https:\/\/schema.org\",\"@graph\":[{\"@type\":\"Article\",\"@id\":\"https:\/\/jornalfatosenoticias.com.br\/index.php\/2020\/05\/19\/the-green-box-a-geladeira-para-legumes-sem-eletricidade\/#article\",\"isPartOf\":{\"@id\":\"https:\/\/jornalfatosenoticias.com.br\/index.php\/2020\/05\/19\/the-green-box-a-geladeira-para-legumes-sem-eletricidade\/\"},\"author\":{\"name\":\"Luzimara Fernandes\",\"@id\":\"https:\/\/jornalfatosenoticias.com.br\/#\/schema\/person\/d63837fa13ac8666eb9e74e0985d6f81\"},\"headline\":\"The Green Box, a geladeira para legumes sem eletricidade\",\"datePublished\":\"2020-05-19T16:53:51+00:00\",\"dateModified\":\"2020-05-19T16:55:02+00:00\",\"mainEntityOfPage\":{\"@id\":\"https:\/\/jornalfatosenoticias.com.br\/index.php\/2020\/05\/19\/the-green-box-a-geladeira-para-legumes-sem-eletricidade\/\"},\"wordCount\":762,\"commentCount\":0,\"publisher\":{\"@id\":\"https:\/\/jornalfatosenoticias.com.br\/#organization\"},\"image\":{\"@id\":\"https:\/\/jornalfatosenoticias.com.br\/index.php\/2020\/05\/19\/the-green-box-a-geladeira-para-legumes-sem-eletricidade\/#primaryimage\"},\"thumbnailUrl\":\"https:\/\/jornalfatosenoticias.com.br\/wp-content\/uploads\/2020\/05\/caixa-verde.jpg\",\"keywords\":[\"alimentos\",\"comunidades carentes\",\"eletricidade\",\"geladeira de madeira\",\"inova\u00e7\u00e3o\",\"legumes\"],\"articleSection\":[\"Tecnologia &amp; Inova\u00e7\u00e3o\"],\"inLanguage\":\"pt-BR\",\"potentialAction\":[{\"@type\":\"CommentAction\",\"name\":\"Comment\",\"target\":[\"https:\/\/jornalfatosenoticias.com.br\/index.php\/2020\/05\/19\/the-green-box-a-geladeira-para-legumes-sem-eletricidade\/#respond\"]}]},{\"@type\":\"WebPage\",\"@id\":\"https:\/\/jornalfatosenoticias.com.br\/index.php\/2020\/05\/19\/the-green-box-a-geladeira-para-legumes-sem-eletricidade\/\",\"url\":\"https:\/\/jornalfatosenoticias.com.br\/index.php\/2020\/05\/19\/the-green-box-a-geladeira-para-legumes-sem-eletricidade\/\",\"name\":\"The Green Box, a geladeira para legumes sem eletricidade - Jornal Fatos e Not\u00edcias\",\"isPartOf\":{\"@id\":\"https:\/\/jornalfatosenoticias.com.br\/#website\"},\"primaryImageOfPage\":{\"@id\":\"https:\/\/jornalfatosenoticias.com.br\/index.php\/2020\/05\/19\/the-green-box-a-geladeira-para-legumes-sem-eletricidade\/#primaryimage\"},\"image\":{\"@id\":\"https:\/\/jornalfatosenoticias.com.br\/index.php\/2020\/05\/19\/the-green-box-a-geladeira-para-legumes-sem-eletricidade\/#primaryimage\"},\"thumbnailUrl\":\"https:\/\/jornalfatosenoticias.com.br\/wp-content\/uploads\/2020\/05\/caixa-verde.jpg\",\"datePublished\":\"2020-05-19T16:53:51+00:00\",\"dateModified\":\"2020-05-19T16:55:02+00:00\",\"breadcrumb\":{\"@id\":\"https:\/\/jornalfatosenoticias.com.br\/index.php\/2020\/05\/19\/the-green-box-a-geladeira-para-legumes-sem-eletricidade\/#breadcrumb\"},\"inLanguage\":\"pt-BR\",\"potentialAction\":[{\"@type\":\"ReadAction\",\"target\":[\"https:\/\/jornalfatosenoticias.com.br\/index.php\/2020\/05\/19\/the-green-box-a-geladeira-para-legumes-sem-eletricidade\/\"]}]},{\"@type\":\"ImageObject\",\"inLanguage\":\"pt-BR\",\"@id\":\"https:\/\/jornalfatosenoticias.com.br\/index.php\/2020\/05\/19\/the-green-box-a-geladeira-para-legumes-sem-eletricidade\/#primaryimage\",\"url\":\"https:\/\/jornalfatosenoticias.com.br\/wp-content\/uploads\/2020\/05\/caixa-verde.jpg\",\"contentUrl\":\"https:\/\/jornalfatosenoticias.com.br\/wp-content\/uploads\/2020\/05\/caixa-verde.jpg\",\"width\":1000,\"height\":444},{\"@type\":\"BreadcrumbList\",\"@id\":\"https:\/\/jornalfatosenoticias.com.br\/index.php\/2020\/05\/19\/the-green-box-a-geladeira-para-legumes-sem-eletricidade\/#breadcrumb\",\"itemListElement\":[{\"@type\":\"ListItem\",\"position\":1,\"name\":\"In\u00edcio\",\"item\":\"https:\/\/jornalfatosenoticias.com.br\/\"},{\"@type\":\"ListItem\",\"position\":2,\"name\":\"The Green Box, a geladeira para legumes sem eletricidade\"}]},{\"@type\":\"WebSite\",\"@id\":\"https:\/\/jornalfatosenoticias.com.br\/#website\",\"url\":\"https:\/\/jornalfatosenoticias.com.br\/\",\"name\":\"Jornal Fatos e Not\u00edcias\",\"description\":\"Not\u00edcias em geral\",\"publisher\":{\"@id\":\"https:\/\/jornalfatosenoticias.com.br\/#organization\"},\"potentialAction\":[{\"@type\":\"SearchAction\",\"target\":{\"@type\":\"EntryPoint\",\"urlTemplate\":\"https:\/\/jornalfatosenoticias.com.br\/?s={search_term_string}\"},\"query-input\":{\"@type\":\"PropertyValueSpecification\",\"valueRequired\":true,\"valueName\":\"search_term_string\"}}],\"inLanguage\":\"pt-BR\"},{\"@type\":\"Organization\",\"@id\":\"https:\/\/jornalfatosenoticias.com.br\/#organization\",\"name\":\"Jornal Fatos e Not\u00edcias\",\"url\":\"https:\/\/jornalfatosenoticias.com.br\/\",\"logo\":{\"@type\":\"ImageObject\",\"inLanguage\":\"pt-BR\",\"@id\":\"https:\/\/jornalfatosenoticias.com.br\/#\/schema\/logo\/image\/\",\"url\":\"https:\/\/jornalfatosenoticias.com.br\/wp-content\/uploads\/2020\/02\/logo120.png\",\"contentUrl\":\"https:\/\/jornalfatosenoticias.com.br\/wp-content\/uploads\/2020\/02\/logo120.png\",\"width\":1227,\"height\":120,\"caption\":\"Jornal Fatos e Not\u00edcias\"},\"image\":{\"@id\":\"https:\/\/jornalfatosenoticias.com.br\/#\/schema\/logo\/image\/\"}},{\"@type\":\"Person\",\"@id\":\"https:\/\/jornalfatosenoticias.com.br\/#\/schema\/person\/d63837fa13ac8666eb9e74e0985d6f81\",\"name\":\"Luzimara Fernandes\",\"image\":{\"@type\":\"ImageObject\",\"inLanguage\":\"pt-BR\",\"@id\":\"https:\/\/jornalfatosenoticias.com.br\/#\/schema\/person\/image\/\",\"url\":\"https:\/\/jornalfatosenoticias.com.br\/wp-content\/uploads\/2025\/05\/EU_portal.jpg\",\"contentUrl\":\"https:\/\/jornalfatosenoticias.com.br\/wp-content\/uploads\/2025\/05\/EU_portal.jpg\",\"caption\":\"Luzimara Fernandes\"},\"description\":\"Jornalista MTB 2358-ES\",\"sameAs\":[\"https:\/\/jornalfatosenoticias.com.br\"],\"url\":\"https:\/\/jornalfatosenoticias.com.br\/index.php\/author\/luzimara\/\"}]}<\/script>\n<!-- \/ Yoast SEO plugin. -->","yoast_head_json":{"title":"The Green Box, a geladeira para legumes sem eletricidade - Jornal Fatos e Not\u00edcias","robots":{"index":"index","follow":"follow","max-snippet":"max-snippet:-1","max-image-preview":"max-image-preview:large","max-video-preview":"max-video-preview:-1"},"canonical":"https:\/\/jornalfatosenoticias.com.br\/index.php\/2020\/05\/19\/the-green-box-a-geladeira-para-legumes-sem-eletricidade\/","og_locale":"pt_BR","og_type":"article","og_title":"The Green Box, a geladeira para legumes sem eletricidade - Jornal Fatos e Not\u00edcias","og_description":"Ideia \u00e9 que estrutura seja usada em comunidades carentes ou sem acesso \u00e0 eletricidade A artista pl\u00e1stica Tali Signorile e o arquiteto H\u00e9ctor Pereyra desenvolveram um projeto para que as pessoas possam economizar dinheiro, se alimentar melhor com alimentos bem conservados e, de quebra, contribuir para a redu\u00e7\u00e3o de emiss\u00e3o de gases do efeito estufa.Para [&hellip;]","og_url":"https:\/\/jornalfatosenoticias.com.br\/index.php\/2020\/05\/19\/the-green-box-a-geladeira-para-legumes-sem-eletricidade\/","og_site_name":"Jornal Fatos e Not\u00edcias","article_published_time":"2020-05-19T16:53:51+00:00","article_modified_time":"2020-05-19T16:55:02+00:00","og_image":[{"width":1000,"height":444,"url":"https:\/\/jornalfatosenoticias.com.br\/wp-content\/uploads\/2020\/05\/caixa-verde.jpg","type":"image\/jpeg"}],"author":"Luzimara Fernandes","twitter_card":"summary_large_image","twitter_misc":{"Escrito por":"Luzimara Fernandes","Est. tempo de leitura":"4 minutos"},"schema":{"@context":"https:\/\/schema.org","@graph":[{"@type":"Article","@id":"https:\/\/jornalfatosenoticias.com.br\/index.php\/2020\/05\/19\/the-green-box-a-geladeira-para-legumes-sem-eletricidade\/#article","isPartOf":{"@id":"https:\/\/jornalfatosenoticias.com.br\/index.php\/2020\/05\/19\/the-green-box-a-geladeira-para-legumes-sem-eletricidade\/"},"author":{"name":"Luzimara Fernandes","@id":"https:\/\/jornalfatosenoticias.com.br\/#\/schema\/person\/d63837fa13ac8666eb9e74e0985d6f81"},"headline":"The Green Box, a geladeira para legumes sem eletricidade","datePublished":"2020-05-19T16:53:51+00:00","dateModified":"2020-05-19T16:55:02+00:00","mainEntityOfPage":{"@id":"https:\/\/jornalfatosenoticias.com.br\/index.php\/2020\/05\/19\/the-green-box-a-geladeira-para-legumes-sem-eletricidade\/"},"wordCount":762,"commentCount":0,"publisher":{"@id":"https:\/\/jornalfatosenoticias.com.br\/#organization"},"image":{"@id":"https:\/\/jornalfatosenoticias.com.br\/index.php\/2020\/05\/19\/the-green-box-a-geladeira-para-legumes-sem-eletricidade\/#primaryimage"},"thumbnailUrl":"https:\/\/jornalfatosenoticias.com.br\/wp-content\/uploads\/2020\/05\/caixa-verde.jpg","keywords":["alimentos","comunidades carentes","eletricidade","geladeira de madeira","inova\u00e7\u00e3o","legumes"],"articleSection":["Tecnologia &amp; Inova\u00e7\u00e3o"],"inLanguage":"pt-BR","potentialAction":[{"@type":"CommentAction","name":"Comment","target":["https:\/\/jornalfatosenoticias.com.br\/index.php\/2020\/05\/19\/the-green-box-a-geladeira-para-legumes-sem-eletricidade\/#respond"]}]},{"@type":"WebPage","@id":"https:\/\/jornalfatosenoticias.com.br\/index.php\/2020\/05\/19\/the-green-box-a-geladeira-para-legumes-sem-eletricidade\/","url":"https:\/\/jornalfatosenoticias.com.br\/index.php\/2020\/05\/19\/the-green-box-a-geladeira-para-legumes-sem-eletricidade\/","name":"The Green Box, a geladeira para legumes sem eletricidade - Jornal Fatos e Not\u00edcias","isPartOf":{"@id":"https:\/\/jornalfatosenoticias.com.br\/#website"},"primaryImageOfPage":{"@id":"https:\/\/jornalfatosenoticias.com.br\/index.php\/2020\/05\/19\/the-green-box-a-geladeira-para-legumes-sem-eletricidade\/#primaryimage"},"image":{"@id":"https:\/\/jornalfatosenoticias.com.br\/index.php\/2020\/05\/19\/the-green-box-a-geladeira-para-legumes-sem-eletricidade\/#primaryimage"},"thumbnailUrl":"https:\/\/jornalfatosenoticias.com.br\/wp-content\/uploads\/2020\/05\/caixa-verde.jpg","datePublished":"2020-05-19T16:53:51+00:00","dateModified":"2020-05-19T16:55:02+00:00","breadcrumb":{"@id":"https:\/\/jornalfatosenoticias.com.br\/index.php\/2020\/05\/19\/the-green-box-a-geladeira-para-legumes-sem-eletricidade\/#breadcrumb"},"inLanguage":"pt-BR","potentialAction":[{"@type":"ReadAction","target":["https:\/\/jornalfatosenoticias.com.br\/index.php\/2020\/05\/19\/the-green-box-a-geladeira-para-legumes-sem-eletricidade\/"]}]},{"@type":"ImageObject","inLanguage":"pt-BR","@id":"https:\/\/jornalfatosenoticias.com.br\/index.php\/2020\/05\/19\/the-green-box-a-geladeira-para-legumes-sem-eletricidade\/#primaryimage","url":"https:\/\/jornalfatosenoticias.com.br\/wp-content\/uploads\/2020\/05\/caixa-verde.jpg","contentUrl":"https:\/\/jornalfatosenoticias.com.br\/wp-content\/uploads\/2020\/05\/caixa-verde.jpg","width":1000,"height":444},{"@type":"BreadcrumbList","@id":"https:\/\/jornalfatosenoticias.com.br\/index.php\/2020\/05\/19\/the-green-box-a-geladeira-para-legumes-sem-eletricidade\/#breadcrumb","itemListElement":[{"@type":"ListItem","position":1,"name":"In\u00edcio","item":"https:\/\/jornalfatosenoticias.com.br\/"},{"@type":"ListItem","position":2,"name":"The Green Box, a geladeira para legumes sem eletricidade"}]},{"@type":"WebSite","@id":"https:\/\/jornalfatosenoticias.com.br\/#website","url":"https:\/\/jornalfatosenoticias.com.br\/","name":"Jornal Fatos e Not\u00edcias","description":"Not\u00edcias em geral","publisher":{"@id":"https:\/\/jornalfatosenoticias.com.br\/#organization"},"potentialAction":[{"@type":"SearchAction","target":{"@type":"EntryPoint","urlTemplate":"https:\/\/jornalfatosenoticias.com.br\/?s={search_term_string}"},"query-input":{"@type":"PropertyValueSpecification","valueRequired":true,"valueName":"search_term_string"}}],"inLanguage":"pt-BR"},{"@type":"Organization","@id":"https:\/\/jornalfatosenoticias.com.br\/#organization","name":"Jornal Fatos e Not\u00edcias","url":"https:\/\/jornalfatosenoticias.com.br\/","logo":{"@type":"ImageObject","inLanguage":"pt-BR","@id":"https:\/\/jornalfatosenoticias.com.br\/#\/schema\/logo\/image\/","url":"https:\/\/jornalfatosenoticias.com.br\/wp-content\/uploads\/2020\/02\/logo120.png","contentUrl":"https:\/\/jornalfatosenoticias.com.br\/wp-content\/uploads\/2020\/02\/logo120.png","width":1227,"height":120,"caption":"Jornal Fatos e Not\u00edcias"},"image":{"@id":"https:\/\/jornalfatosenoticias.com.br\/#\/schema\/logo\/image\/"}},{"@type":"Person","@id":"https:\/\/jornalfatosenoticias.com.br\/#\/schema\/person\/d63837fa13ac8666eb9e74e0985d6f81","name":"Luzimara Fernandes","image":{"@type":"ImageObject","inLanguage":"pt-BR","@id":"https:\/\/jornalfatosenoticias.com.br\/#\/schema\/person\/image\/","url":"https:\/\/jornalfatosenoticias.com.br\/wp-content\/uploads\/2025\/05\/EU_portal.jpg","contentUrl":"https:\/\/jornalfatosenoticias.com.br\/wp-content\/uploads\/2025\/05\/EU_portal.jpg","caption":"Luzimara Fernandes"},"description":"Jornalista MTB 2358-ES","sameAs":["https:\/\/jornalfatosenoticias.com.br"],"url":"https:\/\/jornalfatosenoticias.com.br\/index.php\/author\/luzimara\/"}]}},"cc_featured_image_caption":{"caption_text":"(Foto: La Caja Verde\/Reprodu\u00e7\u00e3o)","source_text":"","source_url":""},"jetpack_featured_media_url":"https:\/\/jornalfatosenoticias.com.br\/wp-content\/uploads\/2020\/05\/caixa-verde.jpg","_links":{"self":[{"href":"https:\/\/jornalfatosenoticias.com.br\/index.php\/wp-json\/wp\/v2\/posts\/4616","targetHints":{"allow":["GET"]}}],"collection":[{"href":"https:\/\/jornalfatosenoticias.com.br\/index.php\/wp-json\/wp\/v2\/posts"}],"about":[{"href":"https:\/\/jornalfatosenoticias.com.br\/index.php\/wp-json\/wp\/v2\/types\/post"}],"author":[{"embeddable":true,"href":"https:\/\/jornalfatosenoticias.com.br\/index.php\/wp-json\/wp\/v2\/users\/2"}],"replies":[{"embeddable":true,"href":"https:\/\/jornalfatosenoticias.com.br\/index.php\/wp-json\/wp\/v2\/comments?post=4616"}],"version-history":[{"count":0,"href":"https:\/\/jornalfatosenoticias.com.br\/index.php\/wp-json\/wp\/v2\/posts\/4616\/revisions"}],"wp:featuredmedia":[{"embeddable":true,"href":"https:\/\/jornalfatosenoticias.com.br\/index.php\/wp-json\/wp\/v2\/media\/4624"}],"wp:attachment":[{"href":"https:\/\/jornalfatosenoticias.com.br\/index.php\/wp-json\/wp\/v2\/media?parent=4616"}],"wp:term":[{"taxonomy":"category","embeddable":true,"href":"https:\/\/jornalfatosenoticias.com.br\/index.php\/wp-json\/wp\/v2\/categories?post=4616"},{"taxonomy":"post_tag","embeddable":true,"href":"https:\/\/jornalfatosenoticias.com.br\/index.php\/wp-json\/wp\/v2\/tags?post=4616"}],"curies":[{"name":"wp","href":"https:\/\/api.w.org\/{rel}","templated":true}]}}