{"id":46267,"date":"2023-10-24T10:47:58","date_gmt":"2023-10-24T13:47:58","guid":{"rendered":"https:\/\/jornalfatosenoticias.com.br\/?p=46267"},"modified":"2023-10-24T10:47:58","modified_gmt":"2023-10-24T13:47:58","slug":"fruta-recordista-em-vitamina-c-ajuda-a-restaurar-a-floresta-amazonica","status":"publish","type":"post","link":"https:\/\/jornalfatosenoticias.com.br\/index.php\/2023\/10\/24\/fruta-recordista-em-vitamina-c-ajuda-a-restaurar-a-floresta-amazonica\/","title":{"rendered":"Fruta recordista em Vitamina C ajuda a restaurar a floresta amaz\u00f4nica"},"content":{"rendered":"\n<p><em><span class=\"has-inline-color has-black-color\">Pouco conhecida, a camu-camu \u00e9 t\u00edpica da regi\u00e3o amaz\u00f4nica e tem 20 vezes mais vitamina C do que a acerola<\/span><\/em><\/p>\n\n\n\n<div class=\"wp-block-image\"><figure class=\"aligncenter size-large\"><img loading=\"lazy\" decoding=\"async\" width=\"1024\" height=\"110\" src=\"https:\/\/jornalfatosenoticias.com.br\/wp-content\/uploads\/2022\/10\/Arte-jornal-Zucchi-1120x120_Prancheta-1-1024x110.jpg\" alt=\"\" class=\"wp-image-34772\" srcset=\"https:\/\/jornalfatosenoticias.com.br\/wp-content\/uploads\/2022\/10\/Arte-jornal-Zucchi-1120x120_Prancheta-1-1024x110.jpg 1024w, https:\/\/jornalfatosenoticias.com.br\/wp-content\/uploads\/2022\/10\/Arte-jornal-Zucchi-1120x120_Prancheta-1-300x32.jpg 300w, https:\/\/jornalfatosenoticias.com.br\/wp-content\/uploads\/2022\/10\/Arte-jornal-Zucchi-1120x120_Prancheta-1-768x82.jpg 768w, https:\/\/jornalfatosenoticias.com.br\/wp-content\/uploads\/2022\/10\/Arte-jornal-Zucchi-1120x120_Prancheta-1-1536x165.jpg 1536w, https:\/\/jornalfatosenoticias.com.br\/wp-content\/uploads\/2022\/10\/Arte-jornal-Zucchi-1120x120_Prancheta-1-2048x219.jpg 2048w\" sizes=\"auto, (max-width: 1024px) 100vw, 1024px\" \/><\/figure><\/div>\n\n\n\n<p>Casca roxa, opaca e grossa, polpa macia e uma propriedade surpreendente: a <a href=\"https:\/\/ciclovivo.com.br\/inovacao\/tecnologia\/revestimento-comestivel-de-cbd-mantem-as-frutas-frescas\/\">fruta<\/a> possui 20 vezes mais vitamina C do que a acerola. Esta \u00e9 a camu-camu (<em>Myrciaria dubia<\/em>), origin\u00e1ria da regi\u00e3o amaz\u00f4nica, que surpreende pelas propriedades nutricionais. Com teor de vitamina C de 2,7g em 100g de polpa, em m\u00e9dia, equivale a quase 40 vezes ao da polpa de laranja ou 60 vezes ao suco de lim\u00e3o.<br>Pouco conhecida pela maioria da popula\u00e7\u00e3o, a fruta vem sendo usada em um projeto de restaura\u00e7\u00e3o de florestas no Sudoeste do Par\u00e1, que tem como objetivo possibilitar alternativas para o enriquecimento nutricional da fauna e tamb\u00e9m o cultivo comercial voltado \u00e0 popula\u00e7\u00e3o local.<\/p>\n\n\n\n<div class=\"wp-block-image\"><figure class=\"aligncenter size-large\"><img decoding=\"async\" src=\"https:\/\/jornalfatosenoticias.com.br\/wp-content\/uploads\/2020\/02\/logo_esteio.jpg\" alt=\"\" class=\"wp-image-1214\"\/><\/figure><\/div>\n\n\n\n<p>Mudas do camucamuzeiro v\u00eam contribuindo para ajudar a restaurar \u00e1reas da regi\u00e3o amaz\u00f4nica do M\u00e9dio Xingu, em uma parceria entre a Universidade Federal do Par\u00e1 (UFPA) e a Pesquisa e Desenvolvimento (P&amp;D) da Norte Energia. Pesquisadores estudaram t\u00e9cnicas para melhorar a forma de coletar sementes, produzir mudas e realizar os plantios de diversas esp\u00e9cies, incluindo o camu-camu.<\/p>\n\n\n\n<div class=\"wp-block-image\"><figure class=\"aligncenter size-large is-resized\"><img loading=\"lazy\" decoding=\"async\" src=\"https:\/\/jornalfatosenoticias.com.br\/wp-content\/uploads\/2023\/07\/lacremoda.jpg\" alt=\"\" class=\"wp-image-43706\" width=\"374\" height=\"209\" srcset=\"https:\/\/jornalfatosenoticias.com.br\/wp-content\/uploads\/2023\/07\/lacremoda.jpg 1024w, https:\/\/jornalfatosenoticias.com.br\/wp-content\/uploads\/2023\/07\/lacremoda-300x168.jpg 300w, https:\/\/jornalfatosenoticias.com.br\/wp-content\/uploads\/2023\/07\/lacremoda-768x431.jpg 768w\" sizes=\"auto, (max-width: 374px) 100vw, 374px\" \/><\/figure><\/div>\n\n\n\n<p>No total, cerca de 45 mil mudas, de aproximadamente 35 esp\u00e9cies nativas da regi\u00e3o amaz\u00f4nica foram manejadas durante a execu\u00e7\u00e3o do estudo e replantadas, restaurando at\u00e9 o momento 80 hectares \u2014 o equivalente a 112 campos de futebol. Uma parte das mudas foi doada para a UFPA, para as comunidades locais envolvidas no projeto e para Secretaria de Meio Ambiente de Vit\u00f3ria do Xingu (PA) para a\u00e7\u00f5es de plantio na regi\u00e3o, fomentando assim a produ\u00e7\u00e3o sustent\u00e1vel. J\u00e1 foram investidos mais de sete milh\u00f5es no projeto, que vai at\u00e9 o final deste ano.<\/p>\n\n\n\n<div class=\"wp-block-image\"><figure class=\"aligncenter size-large\"><img loading=\"lazy\" decoding=\"async\" width=\"300\" height=\"250\" src=\"https:\/\/jornalfatosenoticias.com.br\/wp-content\/uploads\/2022\/02\/FERRARI_MAQUINAS-E-FERRAMENTAS2.jpg\" alt=\"\" class=\"wp-image-27860\"\/><\/figure><\/div>\n\n\n\n<blockquote class=\"wp-block-quote is-layout-flow wp-block-quote-is-layout-flow\"><p><span class=\"has-inline-color has-luminous-vivid-orange-color\">Essa pesquisa foi uma troca de conhecimento muito importante, principalmente para mim, que venho de outra regi\u00e3o, e para mostrar aos moradores que podem explorar melhor, de forma <a href=\"https:\/\/ciclovivo.com.br\/inovacao\/tecnologia\/concreto-sustentavel-e-fabricado-com-residuo-de-murumuru\/\">sustent\u00e1vel<\/a>, tudo que temos aqui de biodiversidade\u201d, disse o pesquisador Arthur Pace Stehling.<\/span><\/p><\/blockquote>\n\n\n\n<div class=\"wp-block-image\"><figure class=\"aligncenter size-large is-resized\"><img loading=\"lazy\" decoding=\"async\" src=\"https:\/\/jornalfatosenoticias.com.br\/wp-content\/uploads\/2023\/08\/Steel.jpeg\" alt=\"\" class=\"wp-image-44634\" width=\"327\" height=\"266\" srcset=\"https:\/\/jornalfatosenoticias.com.br\/wp-content\/uploads\/2023\/08\/Steel.jpeg 800w, https:\/\/jornalfatosenoticias.com.br\/wp-content\/uploads\/2023\/08\/Steel-300x244.jpeg 300w, https:\/\/jornalfatosenoticias.com.br\/wp-content\/uploads\/2023\/08\/Steel-768x624.jpeg 768w\" sizes=\"auto, (max-width: 327px) 100vw, 327px\" \/><\/figure><\/div>\n\n\n\n<p>O trabalho alia o conhecimento dos ribeirinhos em sua execu\u00e7\u00e3o e acontece em 12 regi\u00f5es ao longo da Volta Grande do Xingu. Iniciado em abril de 2021, o projeto j\u00e1 proporcionou a coleta de aproximadamente uma tonelada de sementes, de diversas esp\u00e9cies, pelos moradores da regi\u00e3o. <\/p>\n\n\n\n<div class=\"wp-block-image\"><figure class=\"aligncenter size-large\"><img loading=\"lazy\" decoding=\"async\" width=\"612\" height=\"347\" src=\"https:\/\/jornalfatosenoticias.com.br\/wp-content\/uploads\/2023\/10\/camu-camu-istockphoto.jpg\" alt=\"\" class=\"wp-image-46268\" srcset=\"https:\/\/jornalfatosenoticias.com.br\/wp-content\/uploads\/2023\/10\/camu-camu-istockphoto.jpg 612w, https:\/\/jornalfatosenoticias.com.br\/wp-content\/uploads\/2023\/10\/camu-camu-istockphoto-300x170.jpg 300w\" sizes=\"auto, (max-width: 612px) 100vw, 612px\" \/><figcaption><em><span class=\"has-inline-color has-black-color\">Pouco conhecida, a camu-camu \u00e9 t\u00edpica da regi\u00e3o amaz\u00f4nica e tem 20 vezes mais vitamina C do que a acerola (Foto: iStock)<\/span><\/em><\/figcaption><\/figure><\/div>\n\n\n\n<blockquote class=\"wp-block-quote is-layout-flow wp-block-quote-is-layout-flow\"><p><span class=\"has-inline-color has-luminous-vivid-orange-color\">Em qualquer parte do mundo a pesquisa \u00e9 um norteador de conhecimento, mas tamb\u00e9m de tecnologia. Quando unimos projetos de ci\u00eancia e tecnologia e podemos contribuir para a capacita\u00e7\u00e3o de moradores da comunidade local, al\u00e9m resultados t\u00e9cnicos, tamb\u00e9m conseguimos gerar o que a comunidade precisa a curto prazo. O projeto permitiu formar capital humano e atender as necessidades das comunidades\u201d, concluiu o professor Emil Jos\u00e9 Hernandez, doutor e coordenador do curso de Biologia da UFPA.<\/span><\/p><\/blockquote>\n\n\n\n<div class=\"wp-block-image\"><figure class=\"aligncenter size-large is-resized\"><img loading=\"lazy\" decoding=\"async\" src=\"https:\/\/jornalfatosenoticias.com.br\/wp-content\/uploads\/2023\/08\/BKR-1024x1021.jpg\" alt=\"\" class=\"wp-image-44494\" width=\"327\" height=\"326\" srcset=\"https:\/\/jornalfatosenoticias.com.br\/wp-content\/uploads\/2023\/08\/BKR-1024x1021.jpg 1024w, https:\/\/jornalfatosenoticias.com.br\/wp-content\/uploads\/2023\/08\/BKR-300x300.jpg 300w, https:\/\/jornalfatosenoticias.com.br\/wp-content\/uploads\/2023\/08\/BKR-150x150.jpg 150w, https:\/\/jornalfatosenoticias.com.br\/wp-content\/uploads\/2023\/08\/BKR-768x766.jpg 768w, https:\/\/jornalfatosenoticias.com.br\/wp-content\/uploads\/2023\/08\/BKR.jpg 1080w\" sizes=\"auto, (max-width: 327px) 100vw, 327px\" \/><\/figure><\/div>\n\n\n\n<p>Morador da comunidade Kaituk\u00e1, Marloson Lima da Silva atuou como auxiliar t\u00e9cnico ao longo do estudo, recebendo apoio financeiro e capacita\u00e7\u00e3o para trabalhar na coleta das sementes e no replantio. <\/p>\n\n\n\n<blockquote class=\"wp-block-quote is-layout-flow wp-block-quote-is-layout-flow\"><p><span class=\"has-inline-color has-luminous-vivid-orange-color\">Meu entendimento era o de um <a href=\"https:\/\/ciclovivo.com.br\/fique-ligado\/eventos\/serie-de-podcasts-casa-floresta-traz-indigenas-quilombolas-e-ribeirinhos\/\">ribeirinho<\/a>. Hoje, eu consigo enxergar de forma diferente com o aprendizado que recebi. Estamos entrando em um ciclo de preserva\u00e7\u00e3o, porque o mundo est\u00e1 pedindo e a gente tem que se habituar a isso para deixarmos um legado para nossos filhos e netos\u201d, resumiu.<\/span><\/p><\/blockquote>\n\n\n\n<div class=\"wp-block-image\"><figure class=\"aligncenter size-large is-resized\"><img loading=\"lazy\" decoding=\"async\" src=\"https:\/\/jornalfatosenoticias.com.br\/wp-content\/uploads\/2023\/08\/ITH.jpeg\" alt=\"\" class=\"wp-image-44638\" width=\"336\" height=\"273\" srcset=\"https:\/\/jornalfatosenoticias.com.br\/wp-content\/uploads\/2023\/08\/ITH.jpeg 800w, https:\/\/jornalfatosenoticias.com.br\/wp-content\/uploads\/2023\/08\/ITH-300x244.jpeg 300w, https:\/\/jornalfatosenoticias.com.br\/wp-content\/uploads\/2023\/08\/ITH-768x624.jpeg 768w\" sizes=\"auto, (max-width: 336px) 100vw, 336px\" \/><\/figure><\/div>\n\n\n\n<p><strong><span class=\"has-inline-color has-vivid-green-cyan-color\">Sobre o camu-camu<br><\/span><\/strong>Apesar de seus in\u00fameros benef\u00edcios \u00e0 sa\u00fade e de ser um fruto com grande potencial econ\u00f4mico, a camu-camu ainda n\u00e3o \u00e9 amplamente consumida no Brasil. A fruta tem despertado o interesse de diversos setores industriais como f\u00e1rmaco, cosm\u00e9tico, conservante natural e aliment\u00edcio. Da casca extrai-se corante natural. Al\u00e9m disso, o tipo de vitamina C encontrado no camu-camu n\u00e3o \u00e9 destru\u00eddo pelo calor. A produ\u00e7\u00e3o de polpa se destina \u00e0 exporta\u00e7\u00e3o para pa\u00edses como a Fran\u00e7a e Jap\u00e3o, onde \u00e9 utilizada na elabora\u00e7\u00e3o de bebidas aliment\u00edcias, preparo de sorvetes, geleia, doces, licores, novo sabor para refrigerantes, bem como na confec\u00e7\u00e3o de c\u00e1psulas e pastilhas de vitamina C.<\/p>\n\n\n\n<div class=\"wp-block-image\"><figure class=\"aligncenter size-large is-resized\"><img loading=\"lazy\" decoding=\"async\" src=\"https:\/\/jornalfatosenoticias.com.br\/wp-content\/uploads\/2020\/02\/LOGO-BLU-COMERCIAL-PRETO-1024x600.jpg\" alt=\"\" class=\"wp-image-44089\" width=\"338\" height=\"197\"\/><\/figure><\/div>\n\n\n\n<p><strong><em>Fonte: <a href=\"https:\/\/ciclovivo.com.br\/planeta\/meio-ambiente\/fruta-recordista-em-vitamina-c-ajuda-a-restaurar-a-floresta-amazonica\/\">CicloVivo<\/a><\/em><\/strong><\/p>\n","protected":false},"excerpt":{"rendered":"<p>Pouco conhecida, a camu-camu \u00e9 t\u00edpica da regi\u00e3o amaz\u00f4nica e tem 20 vezes mais vitamina C do que a acerola Casca roxa, opaca e grossa, polpa macia e uma propriedade surpreendente: a fruta possui 20 vezes mais vitamina C do que a acerola. Esta \u00e9 a camu-camu (Myrciaria dubia), origin\u00e1ria da regi\u00e3o amaz\u00f4nica, que surpreende [&hellip;]<\/p>\n","protected":false},"author":2,"featured_media":46269,"comment_status":"open","ping_status":"open","sticky":false,"template":"","format":"standard","meta":{"footnotes":""},"categories":[8],"tags":[123,21774,21775,7333],"class_list":["post-46267","post","type-post","status-publish","format-standard","has-post-thumbnail","hentry","category-meio-ambiente","tag-amazonia","tag-camu-camu","tag-fruta-brasileira","tag-vitamina-c"],"yoast_head":"<!-- This site is optimized with the Yoast SEO plugin v26.5 - https:\/\/yoast.com\/wordpress\/plugins\/seo\/ -->\n<title>Fruta recordista em Vitamina C ajuda a restaurar a floresta amaz\u00f4nica - Jornal Fatos e Not\u00edcias<\/title>\n<meta name=\"robots\" content=\"index, follow, max-snippet:-1, max-image-preview:large, max-video-preview:-1\" \/>\n<link rel=\"canonical\" href=\"https:\/\/jornalfatosenoticias.com.br\/index.php\/2023\/10\/24\/fruta-recordista-em-vitamina-c-ajuda-a-restaurar-a-floresta-amazonica\/\" \/>\n<meta property=\"og:locale\" content=\"pt_BR\" \/>\n<meta property=\"og:type\" content=\"article\" \/>\n<meta property=\"og:title\" content=\"Fruta recordista em Vitamina C ajuda a restaurar a floresta amaz\u00f4nica - Jornal Fatos e Not\u00edcias\" \/>\n<meta property=\"og:description\" content=\"Pouco conhecida, a camu-camu \u00e9 t\u00edpica da regi\u00e3o amaz\u00f4nica e tem 20 vezes mais vitamina C do que a acerola Casca roxa, opaca e grossa, polpa macia e uma propriedade surpreendente: a fruta possui 20 vezes mais vitamina C do que a acerola. Esta \u00e9 a camu-camu (Myrciaria dubia), origin\u00e1ria da regi\u00e3o amaz\u00f4nica, que surpreende [&hellip;]\" \/>\n<meta property=\"og:url\" content=\"https:\/\/jornalfatosenoticias.com.br\/index.php\/2023\/10\/24\/fruta-recordista-em-vitamina-c-ajuda-a-restaurar-a-floresta-amazonica\/\" \/>\n<meta property=\"og:site_name\" content=\"Jornal Fatos e Not\u00edcias\" \/>\n<meta property=\"article:published_time\" content=\"2023-10-24T13:47:58+00:00\" \/>\n<meta property=\"og:image\" content=\"https:\/\/jornalfatosenoticias.com.br\/wp-content\/uploads\/2023\/10\/camu-camu-flickr.jpg\" \/>\n\t<meta property=\"og:image:width\" content=\"1000\" \/>\n\t<meta property=\"og:image:height\" content=\"665\" \/>\n\t<meta property=\"og:image:type\" content=\"image\/jpeg\" \/>\n<meta name=\"author\" content=\"Luzimara Fernandes\" \/>\n<meta name=\"twitter:card\" content=\"summary_large_image\" \/>\n<meta name=\"twitter:label1\" content=\"Escrito por\" \/>\n\t<meta name=\"twitter:data1\" content=\"Luzimara Fernandes\" \/>\n\t<meta name=\"twitter:label2\" content=\"Est. tempo de leitura\" \/>\n\t<meta name=\"twitter:data2\" content=\"4 minutos\" \/>\n<script type=\"application\/ld+json\" class=\"yoast-schema-graph\">{\"@context\":\"https:\/\/schema.org\",\"@graph\":[{\"@type\":\"Article\",\"@id\":\"https:\/\/jornalfatosenoticias.com.br\/index.php\/2023\/10\/24\/fruta-recordista-em-vitamina-c-ajuda-a-restaurar-a-floresta-amazonica\/#article\",\"isPartOf\":{\"@id\":\"https:\/\/jornalfatosenoticias.com.br\/index.php\/2023\/10\/24\/fruta-recordista-em-vitamina-c-ajuda-a-restaurar-a-floresta-amazonica\/\"},\"author\":{\"name\":\"Luzimara Fernandes\",\"@id\":\"https:\/\/jornalfatosenoticias.com.br\/#\/schema\/person\/d63837fa13ac8666eb9e74e0985d6f81\"},\"headline\":\"Fruta recordista em Vitamina C ajuda a restaurar a floresta amaz\u00f4nica\",\"datePublished\":\"2023-10-24T13:47:58+00:00\",\"mainEntityOfPage\":{\"@id\":\"https:\/\/jornalfatosenoticias.com.br\/index.php\/2023\/10\/24\/fruta-recordista-em-vitamina-c-ajuda-a-restaurar-a-floresta-amazonica\/\"},\"wordCount\":713,\"commentCount\":0,\"publisher\":{\"@id\":\"https:\/\/jornalfatosenoticias.com.br\/#organization\"},\"image\":{\"@id\":\"https:\/\/jornalfatosenoticias.com.br\/index.php\/2023\/10\/24\/fruta-recordista-em-vitamina-c-ajuda-a-restaurar-a-floresta-amazonica\/#primaryimage\"},\"thumbnailUrl\":\"https:\/\/jornalfatosenoticias.com.br\/wp-content\/uploads\/2023\/10\/camu-camu-flickr.jpg\",\"keywords\":[\"amaz\u00f4nia\",\"camu-camu\",\"fruta brasileira\",\"vitamina C\"],\"articleSection\":[\"Meio ambiente\"],\"inLanguage\":\"pt-BR\",\"potentialAction\":[{\"@type\":\"CommentAction\",\"name\":\"Comment\",\"target\":[\"https:\/\/jornalfatosenoticias.com.br\/index.php\/2023\/10\/24\/fruta-recordista-em-vitamina-c-ajuda-a-restaurar-a-floresta-amazonica\/#respond\"]}]},{\"@type\":\"WebPage\",\"@id\":\"https:\/\/jornalfatosenoticias.com.br\/index.php\/2023\/10\/24\/fruta-recordista-em-vitamina-c-ajuda-a-restaurar-a-floresta-amazonica\/\",\"url\":\"https:\/\/jornalfatosenoticias.com.br\/index.php\/2023\/10\/24\/fruta-recordista-em-vitamina-c-ajuda-a-restaurar-a-floresta-amazonica\/\",\"name\":\"Fruta recordista em Vitamina C ajuda a restaurar a floresta amaz\u00f4nica - Jornal Fatos e Not\u00edcias\",\"isPartOf\":{\"@id\":\"https:\/\/jornalfatosenoticias.com.br\/#website\"},\"primaryImageOfPage\":{\"@id\":\"https:\/\/jornalfatosenoticias.com.br\/index.php\/2023\/10\/24\/fruta-recordista-em-vitamina-c-ajuda-a-restaurar-a-floresta-amazonica\/#primaryimage\"},\"image\":{\"@id\":\"https:\/\/jornalfatosenoticias.com.br\/index.php\/2023\/10\/24\/fruta-recordista-em-vitamina-c-ajuda-a-restaurar-a-floresta-amazonica\/#primaryimage\"},\"thumbnailUrl\":\"https:\/\/jornalfatosenoticias.com.br\/wp-content\/uploads\/2023\/10\/camu-camu-flickr.jpg\",\"datePublished\":\"2023-10-24T13:47:58+00:00\",\"breadcrumb\":{\"@id\":\"https:\/\/jornalfatosenoticias.com.br\/index.php\/2023\/10\/24\/fruta-recordista-em-vitamina-c-ajuda-a-restaurar-a-floresta-amazonica\/#breadcrumb\"},\"inLanguage\":\"pt-BR\",\"potentialAction\":[{\"@type\":\"ReadAction\",\"target\":[\"https:\/\/jornalfatosenoticias.com.br\/index.php\/2023\/10\/24\/fruta-recordista-em-vitamina-c-ajuda-a-restaurar-a-floresta-amazonica\/\"]}]},{\"@type\":\"ImageObject\",\"inLanguage\":\"pt-BR\",\"@id\":\"https:\/\/jornalfatosenoticias.com.br\/index.php\/2023\/10\/24\/fruta-recordista-em-vitamina-c-ajuda-a-restaurar-a-floresta-amazonica\/#primaryimage\",\"url\":\"https:\/\/jornalfatosenoticias.com.br\/wp-content\/uploads\/2023\/10\/camu-camu-flickr.jpg\",\"contentUrl\":\"https:\/\/jornalfatosenoticias.com.br\/wp-content\/uploads\/2023\/10\/camu-camu-flickr.jpg\",\"width\":1000,\"height\":665},{\"@type\":\"BreadcrumbList\",\"@id\":\"https:\/\/jornalfatosenoticias.com.br\/index.php\/2023\/10\/24\/fruta-recordista-em-vitamina-c-ajuda-a-restaurar-a-floresta-amazonica\/#breadcrumb\",\"itemListElement\":[{\"@type\":\"ListItem\",\"position\":1,\"name\":\"In\u00edcio\",\"item\":\"https:\/\/jornalfatosenoticias.com.br\/\"},{\"@type\":\"ListItem\",\"position\":2,\"name\":\"Fruta recordista em Vitamina C ajuda a restaurar a floresta amaz\u00f4nica\"}]},{\"@type\":\"WebSite\",\"@id\":\"https:\/\/jornalfatosenoticias.com.br\/#website\",\"url\":\"https:\/\/jornalfatosenoticias.com.br\/\",\"name\":\"Jornal Fatos e Not\u00edcias\",\"description\":\"Not\u00edcias em geral\",\"publisher\":{\"@id\":\"https:\/\/jornalfatosenoticias.com.br\/#organization\"},\"potentialAction\":[{\"@type\":\"SearchAction\",\"target\":{\"@type\":\"EntryPoint\",\"urlTemplate\":\"https:\/\/jornalfatosenoticias.com.br\/?s={search_term_string}\"},\"query-input\":{\"@type\":\"PropertyValueSpecification\",\"valueRequired\":true,\"valueName\":\"search_term_string\"}}],\"inLanguage\":\"pt-BR\"},{\"@type\":\"Organization\",\"@id\":\"https:\/\/jornalfatosenoticias.com.br\/#organization\",\"name\":\"Jornal Fatos e Not\u00edcias\",\"url\":\"https:\/\/jornalfatosenoticias.com.br\/\",\"logo\":{\"@type\":\"ImageObject\",\"inLanguage\":\"pt-BR\",\"@id\":\"https:\/\/jornalfatosenoticias.com.br\/#\/schema\/logo\/image\/\",\"url\":\"https:\/\/jornalfatosenoticias.com.br\/wp-content\/uploads\/2020\/02\/logo120.png\",\"contentUrl\":\"https:\/\/jornalfatosenoticias.com.br\/wp-content\/uploads\/2020\/02\/logo120.png\",\"width\":1227,\"height\":120,\"caption\":\"Jornal Fatos e Not\u00edcias\"},\"image\":{\"@id\":\"https:\/\/jornalfatosenoticias.com.br\/#\/schema\/logo\/image\/\"}},{\"@type\":\"Person\",\"@id\":\"https:\/\/jornalfatosenoticias.com.br\/#\/schema\/person\/d63837fa13ac8666eb9e74e0985d6f81\",\"name\":\"Luzimara Fernandes\",\"image\":{\"@type\":\"ImageObject\",\"inLanguage\":\"pt-BR\",\"@id\":\"https:\/\/jornalfatosenoticias.com.br\/#\/schema\/person\/image\/\",\"url\":\"https:\/\/jornalfatosenoticias.com.br\/wp-content\/uploads\/2025\/05\/EU_portal.jpg\",\"contentUrl\":\"https:\/\/jornalfatosenoticias.com.br\/wp-content\/uploads\/2025\/05\/EU_portal.jpg\",\"caption\":\"Luzimara Fernandes\"},\"description\":\"Jornalista MTB 2358-ES\",\"sameAs\":[\"https:\/\/jornalfatosenoticias.com.br\"],\"url\":\"https:\/\/jornalfatosenoticias.com.br\/index.php\/author\/luzimara\/\"}]}<\/script>\n<!-- \/ Yoast SEO plugin. -->","yoast_head_json":{"title":"Fruta recordista em Vitamina C ajuda a restaurar a floresta amaz\u00f4nica - Jornal Fatos e Not\u00edcias","robots":{"index":"index","follow":"follow","max-snippet":"max-snippet:-1","max-image-preview":"max-image-preview:large","max-video-preview":"max-video-preview:-1"},"canonical":"https:\/\/jornalfatosenoticias.com.br\/index.php\/2023\/10\/24\/fruta-recordista-em-vitamina-c-ajuda-a-restaurar-a-floresta-amazonica\/","og_locale":"pt_BR","og_type":"article","og_title":"Fruta recordista em Vitamina C ajuda a restaurar a floresta amaz\u00f4nica - Jornal Fatos e Not\u00edcias","og_description":"Pouco conhecida, a camu-camu \u00e9 t\u00edpica da regi\u00e3o amaz\u00f4nica e tem 20 vezes mais vitamina C do que a acerola Casca roxa, opaca e grossa, polpa macia e uma propriedade surpreendente: a fruta possui 20 vezes mais vitamina C do que a acerola. Esta \u00e9 a camu-camu (Myrciaria dubia), origin\u00e1ria da regi\u00e3o amaz\u00f4nica, que surpreende [&hellip;]","og_url":"https:\/\/jornalfatosenoticias.com.br\/index.php\/2023\/10\/24\/fruta-recordista-em-vitamina-c-ajuda-a-restaurar-a-floresta-amazonica\/","og_site_name":"Jornal Fatos e Not\u00edcias","article_published_time":"2023-10-24T13:47:58+00:00","og_image":[{"width":1000,"height":665,"url":"https:\/\/jornalfatosenoticias.com.br\/wp-content\/uploads\/2023\/10\/camu-camu-flickr.jpg","type":"image\/jpeg"}],"author":"Luzimara Fernandes","twitter_card":"summary_large_image","twitter_misc":{"Escrito por":"Luzimara Fernandes","Est. tempo de leitura":"4 minutos"},"schema":{"@context":"https:\/\/schema.org","@graph":[{"@type":"Article","@id":"https:\/\/jornalfatosenoticias.com.br\/index.php\/2023\/10\/24\/fruta-recordista-em-vitamina-c-ajuda-a-restaurar-a-floresta-amazonica\/#article","isPartOf":{"@id":"https:\/\/jornalfatosenoticias.com.br\/index.php\/2023\/10\/24\/fruta-recordista-em-vitamina-c-ajuda-a-restaurar-a-floresta-amazonica\/"},"author":{"name":"Luzimara Fernandes","@id":"https:\/\/jornalfatosenoticias.com.br\/#\/schema\/person\/d63837fa13ac8666eb9e74e0985d6f81"},"headline":"Fruta recordista em Vitamina C ajuda a restaurar a floresta amaz\u00f4nica","datePublished":"2023-10-24T13:47:58+00:00","mainEntityOfPage":{"@id":"https:\/\/jornalfatosenoticias.com.br\/index.php\/2023\/10\/24\/fruta-recordista-em-vitamina-c-ajuda-a-restaurar-a-floresta-amazonica\/"},"wordCount":713,"commentCount":0,"publisher":{"@id":"https:\/\/jornalfatosenoticias.com.br\/#organization"},"image":{"@id":"https:\/\/jornalfatosenoticias.com.br\/index.php\/2023\/10\/24\/fruta-recordista-em-vitamina-c-ajuda-a-restaurar-a-floresta-amazonica\/#primaryimage"},"thumbnailUrl":"https:\/\/jornalfatosenoticias.com.br\/wp-content\/uploads\/2023\/10\/camu-camu-flickr.jpg","keywords":["amaz\u00f4nia","camu-camu","fruta brasileira","vitamina C"],"articleSection":["Meio ambiente"],"inLanguage":"pt-BR","potentialAction":[{"@type":"CommentAction","name":"Comment","target":["https:\/\/jornalfatosenoticias.com.br\/index.php\/2023\/10\/24\/fruta-recordista-em-vitamina-c-ajuda-a-restaurar-a-floresta-amazonica\/#respond"]}]},{"@type":"WebPage","@id":"https:\/\/jornalfatosenoticias.com.br\/index.php\/2023\/10\/24\/fruta-recordista-em-vitamina-c-ajuda-a-restaurar-a-floresta-amazonica\/","url":"https:\/\/jornalfatosenoticias.com.br\/index.php\/2023\/10\/24\/fruta-recordista-em-vitamina-c-ajuda-a-restaurar-a-floresta-amazonica\/","name":"Fruta recordista em Vitamina C ajuda a restaurar a floresta amaz\u00f4nica - Jornal Fatos e Not\u00edcias","isPartOf":{"@id":"https:\/\/jornalfatosenoticias.com.br\/#website"},"primaryImageOfPage":{"@id":"https:\/\/jornalfatosenoticias.com.br\/index.php\/2023\/10\/24\/fruta-recordista-em-vitamina-c-ajuda-a-restaurar-a-floresta-amazonica\/#primaryimage"},"image":{"@id":"https:\/\/jornalfatosenoticias.com.br\/index.php\/2023\/10\/24\/fruta-recordista-em-vitamina-c-ajuda-a-restaurar-a-floresta-amazonica\/#primaryimage"},"thumbnailUrl":"https:\/\/jornalfatosenoticias.com.br\/wp-content\/uploads\/2023\/10\/camu-camu-flickr.jpg","datePublished":"2023-10-24T13:47:58+00:00","breadcrumb":{"@id":"https:\/\/jornalfatosenoticias.com.br\/index.php\/2023\/10\/24\/fruta-recordista-em-vitamina-c-ajuda-a-restaurar-a-floresta-amazonica\/#breadcrumb"},"inLanguage":"pt-BR","potentialAction":[{"@type":"ReadAction","target":["https:\/\/jornalfatosenoticias.com.br\/index.php\/2023\/10\/24\/fruta-recordista-em-vitamina-c-ajuda-a-restaurar-a-floresta-amazonica\/"]}]},{"@type":"ImageObject","inLanguage":"pt-BR","@id":"https:\/\/jornalfatosenoticias.com.br\/index.php\/2023\/10\/24\/fruta-recordista-em-vitamina-c-ajuda-a-restaurar-a-floresta-amazonica\/#primaryimage","url":"https:\/\/jornalfatosenoticias.com.br\/wp-content\/uploads\/2023\/10\/camu-camu-flickr.jpg","contentUrl":"https:\/\/jornalfatosenoticias.com.br\/wp-content\/uploads\/2023\/10\/camu-camu-flickr.jpg","width":1000,"height":665},{"@type":"BreadcrumbList","@id":"https:\/\/jornalfatosenoticias.com.br\/index.php\/2023\/10\/24\/fruta-recordista-em-vitamina-c-ajuda-a-restaurar-a-floresta-amazonica\/#breadcrumb","itemListElement":[{"@type":"ListItem","position":1,"name":"In\u00edcio","item":"https:\/\/jornalfatosenoticias.com.br\/"},{"@type":"ListItem","position":2,"name":"Fruta recordista em Vitamina C ajuda a restaurar a floresta amaz\u00f4nica"}]},{"@type":"WebSite","@id":"https:\/\/jornalfatosenoticias.com.br\/#website","url":"https:\/\/jornalfatosenoticias.com.br\/","name":"Jornal Fatos e Not\u00edcias","description":"Not\u00edcias em geral","publisher":{"@id":"https:\/\/jornalfatosenoticias.com.br\/#organization"},"potentialAction":[{"@type":"SearchAction","target":{"@type":"EntryPoint","urlTemplate":"https:\/\/jornalfatosenoticias.com.br\/?s={search_term_string}"},"query-input":{"@type":"PropertyValueSpecification","valueRequired":true,"valueName":"search_term_string"}}],"inLanguage":"pt-BR"},{"@type":"Organization","@id":"https:\/\/jornalfatosenoticias.com.br\/#organization","name":"Jornal Fatos e Not\u00edcias","url":"https:\/\/jornalfatosenoticias.com.br\/","logo":{"@type":"ImageObject","inLanguage":"pt-BR","@id":"https:\/\/jornalfatosenoticias.com.br\/#\/schema\/logo\/image\/","url":"https:\/\/jornalfatosenoticias.com.br\/wp-content\/uploads\/2020\/02\/logo120.png","contentUrl":"https:\/\/jornalfatosenoticias.com.br\/wp-content\/uploads\/2020\/02\/logo120.png","width":1227,"height":120,"caption":"Jornal Fatos e Not\u00edcias"},"image":{"@id":"https:\/\/jornalfatosenoticias.com.br\/#\/schema\/logo\/image\/"}},{"@type":"Person","@id":"https:\/\/jornalfatosenoticias.com.br\/#\/schema\/person\/d63837fa13ac8666eb9e74e0985d6f81","name":"Luzimara Fernandes","image":{"@type":"ImageObject","inLanguage":"pt-BR","@id":"https:\/\/jornalfatosenoticias.com.br\/#\/schema\/person\/image\/","url":"https:\/\/jornalfatosenoticias.com.br\/wp-content\/uploads\/2025\/05\/EU_portal.jpg","contentUrl":"https:\/\/jornalfatosenoticias.com.br\/wp-content\/uploads\/2025\/05\/EU_portal.jpg","caption":"Luzimara Fernandes"},"description":"Jornalista MTB 2358-ES","sameAs":["https:\/\/jornalfatosenoticias.com.br"],"url":"https:\/\/jornalfatosenoticias.com.br\/index.php\/author\/luzimara\/"}]}},"cc_featured_image_caption":{"caption_text":"(Foto: Flickr) ","source_text":"","source_url":""},"jetpack_featured_media_url":"https:\/\/jornalfatosenoticias.com.br\/wp-content\/uploads\/2023\/10\/camu-camu-flickr.jpg","_links":{"self":[{"href":"https:\/\/jornalfatosenoticias.com.br\/index.php\/wp-json\/wp\/v2\/posts\/46267","targetHints":{"allow":["GET"]}}],"collection":[{"href":"https:\/\/jornalfatosenoticias.com.br\/index.php\/wp-json\/wp\/v2\/posts"}],"about":[{"href":"https:\/\/jornalfatosenoticias.com.br\/index.php\/wp-json\/wp\/v2\/types\/post"}],"author":[{"embeddable":true,"href":"https:\/\/jornalfatosenoticias.com.br\/index.php\/wp-json\/wp\/v2\/users\/2"}],"replies":[{"embeddable":true,"href":"https:\/\/jornalfatosenoticias.com.br\/index.php\/wp-json\/wp\/v2\/comments?post=46267"}],"version-history":[{"count":0,"href":"https:\/\/jornalfatosenoticias.com.br\/index.php\/wp-json\/wp\/v2\/posts\/46267\/revisions"}],"wp:featuredmedia":[{"embeddable":true,"href":"https:\/\/jornalfatosenoticias.com.br\/index.php\/wp-json\/wp\/v2\/media\/46269"}],"wp:attachment":[{"href":"https:\/\/jornalfatosenoticias.com.br\/index.php\/wp-json\/wp\/v2\/media?parent=46267"}],"wp:term":[{"taxonomy":"category","embeddable":true,"href":"https:\/\/jornalfatosenoticias.com.br\/index.php\/wp-json\/wp\/v2\/categories?post=46267"},{"taxonomy":"post_tag","embeddable":true,"href":"https:\/\/jornalfatosenoticias.com.br\/index.php\/wp-json\/wp\/v2\/tags?post=46267"}],"curies":[{"name":"wp","href":"https:\/\/api.w.org\/{rel}","templated":true}]}}