{"id":46271,"date":"2023-10-24T10:59:16","date_gmt":"2023-10-24T13:59:16","guid":{"rendered":"https:\/\/jornalfatosenoticias.com.br\/?p=46271"},"modified":"2023-10-24T10:59:17","modified_gmt":"2023-10-24T13:59:17","slug":"vacina-contra-cocaina-da-ufmg-ganha-premio-internacional-de-inovacao","status":"publish","type":"post","link":"https:\/\/jornalfatosenoticias.com.br\/index.php\/2023\/10\/24\/vacina-contra-cocaina-da-ufmg-ganha-premio-internacional-de-inovacao\/","title":{"rendered":"Vacina contra coca\u00edna da UFMG ganha pr\u00eamio internacional de inova\u00e7\u00e3o"},"content":{"rendered":"\n<p><em><span class=\"has-inline-color has-black-color\">Por <strong><a href=\"https:\/\/gizmodo.uol.com.br\/author\/isabela-oliveira\/\">Isabela Oliveira<\/a><\/strong><\/span><\/em><\/p>\n\n\n\n<div class=\"wp-block-image\"><figure class=\"aligncenter size-large is-resized\"><img loading=\"lazy\" decoding=\"async\" src=\"https:\/\/jornalfatosenoticias.com.br\/wp-content\/uploads\/2023\/09\/vetorvix1024_1.jpg\" alt=\"\" class=\"wp-image-44868\" width=\"385\" height=\"102\" srcset=\"https:\/\/jornalfatosenoticias.com.br\/wp-content\/uploads\/2023\/09\/vetorvix1024_1.jpg 1024w, https:\/\/jornalfatosenoticias.com.br\/wp-content\/uploads\/2023\/09\/vetorvix1024_1-300x80.jpg 300w, https:\/\/jornalfatosenoticias.com.br\/wp-content\/uploads\/2023\/09\/vetorvix1024_1-768x205.jpg 768w\" sizes=\"auto, (max-width: 385px) 100vw, 385px\" \/><\/figure><\/div>\n\n\n\n<p>Na \u00faltima quarta-feira (18), a Calixcoca, uma <a href=\"https:\/\/gizmodo.uol.com.br\/uma-potencial-vacina-contra-a-cocaina\/\">vacina para o tratamento do v\u00edcio em coca\u00edna e derivados como o crack<\/a>, venceu Pr\u00eamio Euro Inova\u00e7\u00e3o em Sa\u00fade, em S\u00e3o Paulo, sendo reconhecida como destaque entre os projetos mais inovadores de m\u00e9dicos da Am\u00e9rica Latina em 2023.<br>Com a mol\u00e9cula UFMG-V4N2, criada em laborat\u00f3rio, a vacina induz a produ\u00e7\u00e3o de anticorpos no sistema imune. A liga\u00e7\u00e3o dos anticorpos \u00e0 coca\u00edna na corrente sangu\u00ednea transforma a droga em uma mol\u00e9cula grande, impedindo sua passagem pela barreira hematoencef\u00e1lica do c\u00e9rebro, reduzindo assim seus efeitos no organismo.<\/p>\n\n\n\n<div class=\"wp-block-image\"><figure class=\"aligncenter size-large\"><img loading=\"lazy\" decoding=\"async\" width=\"300\" height=\"300\" src=\"https:\/\/jornalfatosenoticias.com.br\/wp-content\/uploads\/2020\/02\/casa-do-torresmo_portal.jpg\" alt=\"\" class=\"wp-image-34472\" srcset=\"https:\/\/jornalfatosenoticias.com.br\/wp-content\/uploads\/2020\/02\/casa-do-torresmo_portal.jpg 300w, https:\/\/jornalfatosenoticias.com.br\/wp-content\/uploads\/2020\/02\/casa-do-torresmo_portal-150x150.jpg 150w\" sizes=\"auto, (max-width: 300px) 100vw, 300px\" \/><\/figure><\/div>\n\n\n\n<p>A vacina anticoca\u00edna \u00e9 uma cria\u00e7\u00e3o do m\u00e9dico Frederico Duarte Garcia, professor da Universidade Federal de Minas Gerais (UFMG). A pesquisa come\u00e7ou em 2015 e j\u00e1 passou por testes pr\u00e9-cl\u00ednicos em ratos. Tr\u00eas esp\u00e9cies mostraram a seguran\u00e7a da pesquisa.<\/p>\n\n\n\n<div class=\"wp-block-image\"><figure class=\"aligncenter size-large is-resized\"><img loading=\"lazy\" decoding=\"async\" src=\"https:\/\/jornalfatosenoticias.com.br\/wp-content\/uploads\/2023\/03\/nova-logo-Marquetti.jpg\" alt=\"\" class=\"wp-image-40207\" width=\"339\" height=\"227\" srcset=\"https:\/\/jornalfatosenoticias.com.br\/wp-content\/uploads\/2023\/03\/nova-logo-Marquetti.jpg 643w, https:\/\/jornalfatosenoticias.com.br\/wp-content\/uploads\/2023\/03\/nova-logo-Marquetti-300x202.jpg 300w\" sizes=\"auto, (max-width: 339px) 100vw, 339px\" \/><\/figure><\/div>\n\n\n\n<p>Nos animais, os testes resultaram na produ\u00e7\u00e3o de anticorpos. Eles impedem que a droga atravesse a barreira hematoencef\u00e1lica dos pacientes. Impedindo-a de atingir o sistema nervoso central e o c\u00e9rebro. J\u00e1 no caso de gestantes, a vacina teve resultados na redu\u00e7\u00e3o de abortos espont\u00e2neos. E tamb\u00e9m no ganho de peso dos fetos e na transmiss\u00e3o de anticorpos atrav\u00e9s da placenta e do leite materno, protegendo contra o v\u00edcio.<\/p>\n\n\n\n<div class=\"wp-block-image\"><figure class=\"aligncenter size-large is-resized\"><img loading=\"lazy\" decoding=\"async\" src=\"https:\/\/jornalfatosenoticias.com.br\/wp-content\/uploads\/2022\/10\/RC_800x750_page-0001.jpg\" alt=\"\" class=\"wp-image-35338\" width=\"290\" height=\"272\" srcset=\"https:\/\/jornalfatosenoticias.com.br\/wp-content\/uploads\/2022\/10\/RC_800x750_page-0001.jpg 400w, https:\/\/jornalfatosenoticias.com.br\/wp-content\/uploads\/2022\/10\/RC_800x750_page-0001-300x281.jpg 300w\" sizes=\"auto, (max-width: 290px) 100vw, 290px\" \/><\/figure><\/div>\n\n\n\n<p><strong><span class=\"has-inline-color has-vivid-purple-color\">Pr\u00eamio vai ajudar nos estudos da vacina em humanos<br><\/span><\/strong>Agora, o pr\u00eamio de \u20ac 500.000 (aproximadamente R$ 2,66 milh\u00f5es) vai ajudar no in\u00edcio dos estudos em humanos.<\/p>\n\n\n\n<blockquote class=\"wp-block-quote is-layout-flow wp-block-quote-is-layout-flow\"><p><span class=\"has-inline-color has-luminous-vivid-orange-color\">Se a vacina vier a melhorar o progn\u00f3stico do tratamento usual para a depend\u00eancia de coca\u00edna e crack em estudo de fase 2, que bom, seguiremos para a fase 3\u201d, explicou o m\u00e9dico. \u201cSe essa etapa for positiva, que bom, pedimos aos \u00f3rg\u00e3os regulat\u00f3rios para registrar o medicamento\u201d.<\/span><\/p><\/blockquote>\n\n\n\n<div class=\"wp-block-image\"><figure class=\"aligncenter size-large is-resized\"><img loading=\"lazy\" decoding=\"async\" src=\"https:\/\/jornalfatosenoticias.com.br\/wp-content\/uploads\/2020\/02\/CONTROL-CS.jpg\" alt=\"\" class=\"wp-image-44991\" width=\"276\" height=\"331\" srcset=\"https:\/\/jornalfatosenoticias.com.br\/wp-content\/uploads\/2020\/02\/CONTROL-CS.jpg 834w, https:\/\/jornalfatosenoticias.com.br\/wp-content\/uploads\/2020\/02\/CONTROL-CS-250x300.jpg 250w, https:\/\/jornalfatosenoticias.com.br\/wp-content\/uploads\/2020\/02\/CONTROL-CS-768x921.jpg 768w\" sizes=\"auto, (max-width: 276px) 100vw, 276px\" \/><\/figure><\/div>\n\n\n\n<p>Ao todo, 11 projetos do Brasil foram finalistas do pr\u00eamio via voto aberto por m\u00e9dicos de 17 pa\u00edses da Am\u00e9rica Latina. E conseguiram premia\u00e7\u00f5es de \u20ac 50.000 (aproximadamente R$ 266 mil).<\/p>\n\n\n\n<p>Com informa\u00e7\u00f5es do\u00a0<em><a href=\"https:\/\/www.em.com.br\/app\/noticia\/saude-e-bem-viver\/2023\/10\/19\/interna_bem_viver,1579111\/vacina-para-vicio-em-cocaina-feita-na-ufmg-vence-premio-latino-americano.shtml\">Estado de Minas<\/a>\u00a0<\/em>e\u00a0<a href=\"https:\/\/www.itatiaia.com.br\/editorias\/cidades\/2023\/10\/20\/calixcoca-saiba-como-funciona-vacina-premiada-da-ufmg-contra-vicio-em-crack-e-cocaina\"><em>R\u00e1dio Itatiaia<\/em><\/a>.<\/p>\n\n\n\n<p><strong><em>Fonte: <a href=\"https:\/\/gizmodo.uol.com.br\/vacina-contra-cocaina-da-ufmg-ganha-premio-internacional-de-inovacao\/\">Giz Brasil<\/a><\/em><\/strong><\/p>\n","protected":false},"excerpt":{"rendered":"<p>Por Isabela Oliveira Na \u00faltima quarta-feira (18), a Calixcoca, uma vacina para o tratamento do v\u00edcio em coca\u00edna e derivados como o crack, venceu Pr\u00eamio Euro Inova\u00e7\u00e3o em Sa\u00fade, em S\u00e3o Paulo, sendo reconhecida como destaque entre os projetos mais inovadores de m\u00e9dicos da Am\u00e9rica Latina em 2023.Com a mol\u00e9cula UFMG-V4N2, criada em laborat\u00f3rio, a [&hellip;]<\/p>\n","protected":false},"author":2,"featured_media":46272,"comment_status":"open","ping_status":"open","sticky":false,"template":"","format":"standard","meta":{"footnotes":""},"categories":[2,11],"tags":[20548,10760,19535,21776,3469,563],"class_list":["post-46271","post","type-post","status-publish","format-standard","has-post-thumbnail","hentry","category-ciencia","category-saude","tag-calixcoca","tag-cocaina","tag-crack","tag-premio-euro-inovacao-em-saude","tag-ufmg","tag-vacina"],"yoast_head":"<!-- This site is optimized with the Yoast SEO plugin v26.5 - https:\/\/yoast.com\/wordpress\/plugins\/seo\/ -->\n<title>Vacina contra coca\u00edna da UFMG ganha pr\u00eamio internacional de inova\u00e7\u00e3o - Jornal Fatos e Not\u00edcias<\/title>\n<meta name=\"robots\" content=\"index, follow, max-snippet:-1, max-image-preview:large, max-video-preview:-1\" \/>\n<link rel=\"canonical\" href=\"https:\/\/jornalfatosenoticias.com.br\/index.php\/2023\/10\/24\/vacina-contra-cocaina-da-ufmg-ganha-premio-internacional-de-inovacao\/\" \/>\n<meta property=\"og:locale\" content=\"pt_BR\" \/>\n<meta property=\"og:type\" content=\"article\" \/>\n<meta property=\"og:title\" content=\"Vacina contra coca\u00edna da UFMG ganha pr\u00eamio internacional de inova\u00e7\u00e3o - Jornal Fatos e Not\u00edcias\" \/>\n<meta property=\"og:description\" content=\"Por Isabela Oliveira Na \u00faltima quarta-feira (18), a Calixcoca, uma vacina para o tratamento do v\u00edcio em coca\u00edna e derivados como o crack, venceu Pr\u00eamio Euro Inova\u00e7\u00e3o em Sa\u00fade, em S\u00e3o Paulo, sendo reconhecida como destaque entre os projetos mais inovadores de m\u00e9dicos da Am\u00e9rica Latina em 2023.Com a mol\u00e9cula UFMG-V4N2, criada em laborat\u00f3rio, a [&hellip;]\" \/>\n<meta property=\"og:url\" content=\"https:\/\/jornalfatosenoticias.com.br\/index.php\/2023\/10\/24\/vacina-contra-cocaina-da-ufmg-ganha-premio-internacional-de-inovacao\/\" \/>\n<meta property=\"og:site_name\" content=\"Jornal Fatos e Not\u00edcias\" \/>\n<meta property=\"article:published_time\" content=\"2023-10-24T13:59:16+00:00\" \/>\n<meta property=\"article:modified_time\" content=\"2023-10-24T13:59:17+00:00\" \/>\n<meta property=\"og:image\" content=\"https:\/\/jornalfatosenoticias.com.br\/wp-content\/uploads\/2023\/10\/Vacina-contra-cocaina-da-UFMG_istockphoto.jpg\" \/>\n\t<meta property=\"og:image:width\" content=\"612\" \/>\n\t<meta property=\"og:image:height\" content=\"408\" \/>\n\t<meta property=\"og:image:type\" content=\"image\/jpeg\" \/>\n<meta name=\"author\" content=\"Luzimara Fernandes\" \/>\n<meta name=\"twitter:card\" content=\"summary_large_image\" \/>\n<meta name=\"twitter:label1\" content=\"Escrito por\" \/>\n\t<meta name=\"twitter:data1\" content=\"Luzimara Fernandes\" \/>\n\t<meta name=\"twitter:label2\" content=\"Est. tempo de leitura\" \/>\n\t<meta name=\"twitter:data2\" content=\"2 minutos\" \/>\n<script type=\"application\/ld+json\" class=\"yoast-schema-graph\">{\"@context\":\"https:\/\/schema.org\",\"@graph\":[{\"@type\":\"Article\",\"@id\":\"https:\/\/jornalfatosenoticias.com.br\/index.php\/2023\/10\/24\/vacina-contra-cocaina-da-ufmg-ganha-premio-internacional-de-inovacao\/#article\",\"isPartOf\":{\"@id\":\"https:\/\/jornalfatosenoticias.com.br\/index.php\/2023\/10\/24\/vacina-contra-cocaina-da-ufmg-ganha-premio-internacional-de-inovacao\/\"},\"author\":{\"name\":\"Luzimara Fernandes\",\"@id\":\"https:\/\/jornalfatosenoticias.com.br\/#\/schema\/person\/d63837fa13ac8666eb9e74e0985d6f81\"},\"headline\":\"Vacina contra coca\u00edna da UFMG ganha pr\u00eamio internacional de inova\u00e7\u00e3o\",\"datePublished\":\"2023-10-24T13:59:16+00:00\",\"dateModified\":\"2023-10-24T13:59:17+00:00\",\"mainEntityOfPage\":{\"@id\":\"https:\/\/jornalfatosenoticias.com.br\/index.php\/2023\/10\/24\/vacina-contra-cocaina-da-ufmg-ganha-premio-internacional-de-inovacao\/\"},\"wordCount\":371,\"commentCount\":0,\"publisher\":{\"@id\":\"https:\/\/jornalfatosenoticias.com.br\/#organization\"},\"image\":{\"@id\":\"https:\/\/jornalfatosenoticias.com.br\/index.php\/2023\/10\/24\/vacina-contra-cocaina-da-ufmg-ganha-premio-internacional-de-inovacao\/#primaryimage\"},\"thumbnailUrl\":\"https:\/\/jornalfatosenoticias.com.br\/wp-content\/uploads\/2023\/10\/Vacina-contra-cocaina-da-UFMG_istockphoto.jpg\",\"keywords\":[\"Calixcoca\",\"coca\u00edna\",\"crack\",\"Pr\u00eamio Euro Inova\u00e7\u00e3o em Sa\u00fade\",\"UFMG\",\"vacina\"],\"articleSection\":[\"Ci\u00eancia\",\"Sa\u00fade\"],\"inLanguage\":\"pt-BR\",\"potentialAction\":[{\"@type\":\"CommentAction\",\"name\":\"Comment\",\"target\":[\"https:\/\/jornalfatosenoticias.com.br\/index.php\/2023\/10\/24\/vacina-contra-cocaina-da-ufmg-ganha-premio-internacional-de-inovacao\/#respond\"]}]},{\"@type\":\"WebPage\",\"@id\":\"https:\/\/jornalfatosenoticias.com.br\/index.php\/2023\/10\/24\/vacina-contra-cocaina-da-ufmg-ganha-premio-internacional-de-inovacao\/\",\"url\":\"https:\/\/jornalfatosenoticias.com.br\/index.php\/2023\/10\/24\/vacina-contra-cocaina-da-ufmg-ganha-premio-internacional-de-inovacao\/\",\"name\":\"Vacina contra coca\u00edna da UFMG ganha pr\u00eamio internacional de inova\u00e7\u00e3o - Jornal Fatos e Not\u00edcias\",\"isPartOf\":{\"@id\":\"https:\/\/jornalfatosenoticias.com.br\/#website\"},\"primaryImageOfPage\":{\"@id\":\"https:\/\/jornalfatosenoticias.com.br\/index.php\/2023\/10\/24\/vacina-contra-cocaina-da-ufmg-ganha-premio-internacional-de-inovacao\/#primaryimage\"},\"image\":{\"@id\":\"https:\/\/jornalfatosenoticias.com.br\/index.php\/2023\/10\/24\/vacina-contra-cocaina-da-ufmg-ganha-premio-internacional-de-inovacao\/#primaryimage\"},\"thumbnailUrl\":\"https:\/\/jornalfatosenoticias.com.br\/wp-content\/uploads\/2023\/10\/Vacina-contra-cocaina-da-UFMG_istockphoto.jpg\",\"datePublished\":\"2023-10-24T13:59:16+00:00\",\"dateModified\":\"2023-10-24T13:59:17+00:00\",\"breadcrumb\":{\"@id\":\"https:\/\/jornalfatosenoticias.com.br\/index.php\/2023\/10\/24\/vacina-contra-cocaina-da-ufmg-ganha-premio-internacional-de-inovacao\/#breadcrumb\"},\"inLanguage\":\"pt-BR\",\"potentialAction\":[{\"@type\":\"ReadAction\",\"target\":[\"https:\/\/jornalfatosenoticias.com.br\/index.php\/2023\/10\/24\/vacina-contra-cocaina-da-ufmg-ganha-premio-internacional-de-inovacao\/\"]}]},{\"@type\":\"ImageObject\",\"inLanguage\":\"pt-BR\",\"@id\":\"https:\/\/jornalfatosenoticias.com.br\/index.php\/2023\/10\/24\/vacina-contra-cocaina-da-ufmg-ganha-premio-internacional-de-inovacao\/#primaryimage\",\"url\":\"https:\/\/jornalfatosenoticias.com.br\/wp-content\/uploads\/2023\/10\/Vacina-contra-cocaina-da-UFMG_istockphoto.jpg\",\"contentUrl\":\"https:\/\/jornalfatosenoticias.com.br\/wp-content\/uploads\/2023\/10\/Vacina-contra-cocaina-da-UFMG_istockphoto.jpg\",\"width\":612,\"height\":408,\"caption\":\"White powderlokking like cocain on dark brown empty Kitchen table\"},{\"@type\":\"BreadcrumbList\",\"@id\":\"https:\/\/jornalfatosenoticias.com.br\/index.php\/2023\/10\/24\/vacina-contra-cocaina-da-ufmg-ganha-premio-internacional-de-inovacao\/#breadcrumb\",\"itemListElement\":[{\"@type\":\"ListItem\",\"position\":1,\"name\":\"In\u00edcio\",\"item\":\"https:\/\/jornalfatosenoticias.com.br\/\"},{\"@type\":\"ListItem\",\"position\":2,\"name\":\"Vacina contra coca\u00edna da UFMG ganha pr\u00eamio internacional de inova\u00e7\u00e3o\"}]},{\"@type\":\"WebSite\",\"@id\":\"https:\/\/jornalfatosenoticias.com.br\/#website\",\"url\":\"https:\/\/jornalfatosenoticias.com.br\/\",\"name\":\"Jornal Fatos e Not\u00edcias\",\"description\":\"Not\u00edcias em geral\",\"publisher\":{\"@id\":\"https:\/\/jornalfatosenoticias.com.br\/#organization\"},\"potentialAction\":[{\"@type\":\"SearchAction\",\"target\":{\"@type\":\"EntryPoint\",\"urlTemplate\":\"https:\/\/jornalfatosenoticias.com.br\/?s={search_term_string}\"},\"query-input\":{\"@type\":\"PropertyValueSpecification\",\"valueRequired\":true,\"valueName\":\"search_term_string\"}}],\"inLanguage\":\"pt-BR\"},{\"@type\":\"Organization\",\"@id\":\"https:\/\/jornalfatosenoticias.com.br\/#organization\",\"name\":\"Jornal Fatos e Not\u00edcias\",\"url\":\"https:\/\/jornalfatosenoticias.com.br\/\",\"logo\":{\"@type\":\"ImageObject\",\"inLanguage\":\"pt-BR\",\"@id\":\"https:\/\/jornalfatosenoticias.com.br\/#\/schema\/logo\/image\/\",\"url\":\"https:\/\/jornalfatosenoticias.com.br\/wp-content\/uploads\/2020\/02\/logo120.png\",\"contentUrl\":\"https:\/\/jornalfatosenoticias.com.br\/wp-content\/uploads\/2020\/02\/logo120.png\",\"width\":1227,\"height\":120,\"caption\":\"Jornal Fatos e Not\u00edcias\"},\"image\":{\"@id\":\"https:\/\/jornalfatosenoticias.com.br\/#\/schema\/logo\/image\/\"}},{\"@type\":\"Person\",\"@id\":\"https:\/\/jornalfatosenoticias.com.br\/#\/schema\/person\/d63837fa13ac8666eb9e74e0985d6f81\",\"name\":\"Luzimara Fernandes\",\"image\":{\"@type\":\"ImageObject\",\"inLanguage\":\"pt-BR\",\"@id\":\"https:\/\/jornalfatosenoticias.com.br\/#\/schema\/person\/image\/\",\"url\":\"https:\/\/jornalfatosenoticias.com.br\/wp-content\/uploads\/2025\/05\/EU_portal.jpg\",\"contentUrl\":\"https:\/\/jornalfatosenoticias.com.br\/wp-content\/uploads\/2025\/05\/EU_portal.jpg\",\"caption\":\"Luzimara Fernandes\"},\"description\":\"Jornalista MTB 2358-ES\",\"sameAs\":[\"https:\/\/jornalfatosenoticias.com.br\"],\"url\":\"https:\/\/jornalfatosenoticias.com.br\/index.php\/author\/luzimara\/\"}]}<\/script>\n<!-- \/ Yoast SEO plugin. -->","yoast_head_json":{"title":"Vacina contra coca\u00edna da UFMG ganha pr\u00eamio internacional de inova\u00e7\u00e3o - Jornal Fatos e Not\u00edcias","robots":{"index":"index","follow":"follow","max-snippet":"max-snippet:-1","max-image-preview":"max-image-preview:large","max-video-preview":"max-video-preview:-1"},"canonical":"https:\/\/jornalfatosenoticias.com.br\/index.php\/2023\/10\/24\/vacina-contra-cocaina-da-ufmg-ganha-premio-internacional-de-inovacao\/","og_locale":"pt_BR","og_type":"article","og_title":"Vacina contra coca\u00edna da UFMG ganha pr\u00eamio internacional de inova\u00e7\u00e3o - Jornal Fatos e Not\u00edcias","og_description":"Por Isabela Oliveira Na \u00faltima quarta-feira (18), a Calixcoca, uma vacina para o tratamento do v\u00edcio em coca\u00edna e derivados como o crack, venceu Pr\u00eamio Euro Inova\u00e7\u00e3o em Sa\u00fade, em S\u00e3o Paulo, sendo reconhecida como destaque entre os projetos mais inovadores de m\u00e9dicos da Am\u00e9rica Latina em 2023.Com a mol\u00e9cula UFMG-V4N2, criada em laborat\u00f3rio, a [&hellip;]","og_url":"https:\/\/jornalfatosenoticias.com.br\/index.php\/2023\/10\/24\/vacina-contra-cocaina-da-ufmg-ganha-premio-internacional-de-inovacao\/","og_site_name":"Jornal Fatos e Not\u00edcias","article_published_time":"2023-10-24T13:59:16+00:00","article_modified_time":"2023-10-24T13:59:17+00:00","og_image":[{"width":612,"height":408,"url":"https:\/\/jornalfatosenoticias.com.br\/wp-content\/uploads\/2023\/10\/Vacina-contra-cocaina-da-UFMG_istockphoto.jpg","type":"image\/jpeg"}],"author":"Luzimara Fernandes","twitter_card":"summary_large_image","twitter_misc":{"Escrito por":"Luzimara Fernandes","Est. tempo de leitura":"2 minutos"},"schema":{"@context":"https:\/\/schema.org","@graph":[{"@type":"Article","@id":"https:\/\/jornalfatosenoticias.com.br\/index.php\/2023\/10\/24\/vacina-contra-cocaina-da-ufmg-ganha-premio-internacional-de-inovacao\/#article","isPartOf":{"@id":"https:\/\/jornalfatosenoticias.com.br\/index.php\/2023\/10\/24\/vacina-contra-cocaina-da-ufmg-ganha-premio-internacional-de-inovacao\/"},"author":{"name":"Luzimara Fernandes","@id":"https:\/\/jornalfatosenoticias.com.br\/#\/schema\/person\/d63837fa13ac8666eb9e74e0985d6f81"},"headline":"Vacina contra coca\u00edna da UFMG ganha pr\u00eamio internacional de inova\u00e7\u00e3o","datePublished":"2023-10-24T13:59:16+00:00","dateModified":"2023-10-24T13:59:17+00:00","mainEntityOfPage":{"@id":"https:\/\/jornalfatosenoticias.com.br\/index.php\/2023\/10\/24\/vacina-contra-cocaina-da-ufmg-ganha-premio-internacional-de-inovacao\/"},"wordCount":371,"commentCount":0,"publisher":{"@id":"https:\/\/jornalfatosenoticias.com.br\/#organization"},"image":{"@id":"https:\/\/jornalfatosenoticias.com.br\/index.php\/2023\/10\/24\/vacina-contra-cocaina-da-ufmg-ganha-premio-internacional-de-inovacao\/#primaryimage"},"thumbnailUrl":"https:\/\/jornalfatosenoticias.com.br\/wp-content\/uploads\/2023\/10\/Vacina-contra-cocaina-da-UFMG_istockphoto.jpg","keywords":["Calixcoca","coca\u00edna","crack","Pr\u00eamio Euro Inova\u00e7\u00e3o em Sa\u00fade","UFMG","vacina"],"articleSection":["Ci\u00eancia","Sa\u00fade"],"inLanguage":"pt-BR","potentialAction":[{"@type":"CommentAction","name":"Comment","target":["https:\/\/jornalfatosenoticias.com.br\/index.php\/2023\/10\/24\/vacina-contra-cocaina-da-ufmg-ganha-premio-internacional-de-inovacao\/#respond"]}]},{"@type":"WebPage","@id":"https:\/\/jornalfatosenoticias.com.br\/index.php\/2023\/10\/24\/vacina-contra-cocaina-da-ufmg-ganha-premio-internacional-de-inovacao\/","url":"https:\/\/jornalfatosenoticias.com.br\/index.php\/2023\/10\/24\/vacina-contra-cocaina-da-ufmg-ganha-premio-internacional-de-inovacao\/","name":"Vacina contra coca\u00edna da UFMG ganha pr\u00eamio internacional de inova\u00e7\u00e3o - Jornal Fatos e Not\u00edcias","isPartOf":{"@id":"https:\/\/jornalfatosenoticias.com.br\/#website"},"primaryImageOfPage":{"@id":"https:\/\/jornalfatosenoticias.com.br\/index.php\/2023\/10\/24\/vacina-contra-cocaina-da-ufmg-ganha-premio-internacional-de-inovacao\/#primaryimage"},"image":{"@id":"https:\/\/jornalfatosenoticias.com.br\/index.php\/2023\/10\/24\/vacina-contra-cocaina-da-ufmg-ganha-premio-internacional-de-inovacao\/#primaryimage"},"thumbnailUrl":"https:\/\/jornalfatosenoticias.com.br\/wp-content\/uploads\/2023\/10\/Vacina-contra-cocaina-da-UFMG_istockphoto.jpg","datePublished":"2023-10-24T13:59:16+00:00","dateModified":"2023-10-24T13:59:17+00:00","breadcrumb":{"@id":"https:\/\/jornalfatosenoticias.com.br\/index.php\/2023\/10\/24\/vacina-contra-cocaina-da-ufmg-ganha-premio-internacional-de-inovacao\/#breadcrumb"},"inLanguage":"pt-BR","potentialAction":[{"@type":"ReadAction","target":["https:\/\/jornalfatosenoticias.com.br\/index.php\/2023\/10\/24\/vacina-contra-cocaina-da-ufmg-ganha-premio-internacional-de-inovacao\/"]}]},{"@type":"ImageObject","inLanguage":"pt-BR","@id":"https:\/\/jornalfatosenoticias.com.br\/index.php\/2023\/10\/24\/vacina-contra-cocaina-da-ufmg-ganha-premio-internacional-de-inovacao\/#primaryimage","url":"https:\/\/jornalfatosenoticias.com.br\/wp-content\/uploads\/2023\/10\/Vacina-contra-cocaina-da-UFMG_istockphoto.jpg","contentUrl":"https:\/\/jornalfatosenoticias.com.br\/wp-content\/uploads\/2023\/10\/Vacina-contra-cocaina-da-UFMG_istockphoto.jpg","width":612,"height":408,"caption":"White powderlokking like cocain on dark brown empty Kitchen table"},{"@type":"BreadcrumbList","@id":"https:\/\/jornalfatosenoticias.com.br\/index.php\/2023\/10\/24\/vacina-contra-cocaina-da-ufmg-ganha-premio-internacional-de-inovacao\/#breadcrumb","itemListElement":[{"@type":"ListItem","position":1,"name":"In\u00edcio","item":"https:\/\/jornalfatosenoticias.com.br\/"},{"@type":"ListItem","position":2,"name":"Vacina contra coca\u00edna da UFMG ganha pr\u00eamio internacional de inova\u00e7\u00e3o"}]},{"@type":"WebSite","@id":"https:\/\/jornalfatosenoticias.com.br\/#website","url":"https:\/\/jornalfatosenoticias.com.br\/","name":"Jornal Fatos e Not\u00edcias","description":"Not\u00edcias em geral","publisher":{"@id":"https:\/\/jornalfatosenoticias.com.br\/#organization"},"potentialAction":[{"@type":"SearchAction","target":{"@type":"EntryPoint","urlTemplate":"https:\/\/jornalfatosenoticias.com.br\/?s={search_term_string}"},"query-input":{"@type":"PropertyValueSpecification","valueRequired":true,"valueName":"search_term_string"}}],"inLanguage":"pt-BR"},{"@type":"Organization","@id":"https:\/\/jornalfatosenoticias.com.br\/#organization","name":"Jornal Fatos e Not\u00edcias","url":"https:\/\/jornalfatosenoticias.com.br\/","logo":{"@type":"ImageObject","inLanguage":"pt-BR","@id":"https:\/\/jornalfatosenoticias.com.br\/#\/schema\/logo\/image\/","url":"https:\/\/jornalfatosenoticias.com.br\/wp-content\/uploads\/2020\/02\/logo120.png","contentUrl":"https:\/\/jornalfatosenoticias.com.br\/wp-content\/uploads\/2020\/02\/logo120.png","width":1227,"height":120,"caption":"Jornal Fatos e Not\u00edcias"},"image":{"@id":"https:\/\/jornalfatosenoticias.com.br\/#\/schema\/logo\/image\/"}},{"@type":"Person","@id":"https:\/\/jornalfatosenoticias.com.br\/#\/schema\/person\/d63837fa13ac8666eb9e74e0985d6f81","name":"Luzimara Fernandes","image":{"@type":"ImageObject","inLanguage":"pt-BR","@id":"https:\/\/jornalfatosenoticias.com.br\/#\/schema\/person\/image\/","url":"https:\/\/jornalfatosenoticias.com.br\/wp-content\/uploads\/2025\/05\/EU_portal.jpg","contentUrl":"https:\/\/jornalfatosenoticias.com.br\/wp-content\/uploads\/2025\/05\/EU_portal.jpg","caption":"Luzimara Fernandes"},"description":"Jornalista MTB 2358-ES","sameAs":["https:\/\/jornalfatosenoticias.com.br"],"url":"https:\/\/jornalfatosenoticias.com.br\/index.php\/author\/luzimara\/"}]}},"cc_featured_image_caption":{"caption_text":"(Foto: iStock) ","source_text":"","source_url":""},"jetpack_featured_media_url":"https:\/\/jornalfatosenoticias.com.br\/wp-content\/uploads\/2023\/10\/Vacina-contra-cocaina-da-UFMG_istockphoto.jpg","_links":{"self":[{"href":"https:\/\/jornalfatosenoticias.com.br\/index.php\/wp-json\/wp\/v2\/posts\/46271","targetHints":{"allow":["GET"]}}],"collection":[{"href":"https:\/\/jornalfatosenoticias.com.br\/index.php\/wp-json\/wp\/v2\/posts"}],"about":[{"href":"https:\/\/jornalfatosenoticias.com.br\/index.php\/wp-json\/wp\/v2\/types\/post"}],"author":[{"embeddable":true,"href":"https:\/\/jornalfatosenoticias.com.br\/index.php\/wp-json\/wp\/v2\/users\/2"}],"replies":[{"embeddable":true,"href":"https:\/\/jornalfatosenoticias.com.br\/index.php\/wp-json\/wp\/v2\/comments?post=46271"}],"version-history":[{"count":0,"href":"https:\/\/jornalfatosenoticias.com.br\/index.php\/wp-json\/wp\/v2\/posts\/46271\/revisions"}],"wp:featuredmedia":[{"embeddable":true,"href":"https:\/\/jornalfatosenoticias.com.br\/index.php\/wp-json\/wp\/v2\/media\/46272"}],"wp:attachment":[{"href":"https:\/\/jornalfatosenoticias.com.br\/index.php\/wp-json\/wp\/v2\/media?parent=46271"}],"wp:term":[{"taxonomy":"category","embeddable":true,"href":"https:\/\/jornalfatosenoticias.com.br\/index.php\/wp-json\/wp\/v2\/categories?post=46271"},{"taxonomy":"post_tag","embeddable":true,"href":"https:\/\/jornalfatosenoticias.com.br\/index.php\/wp-json\/wp\/v2\/tags?post=46271"}],"curies":[{"name":"wp","href":"https:\/\/api.w.org\/{rel}","templated":true}]}}