{"id":46290,"date":"2023-10-24T14:15:28","date_gmt":"2023-10-24T17:15:28","guid":{"rendered":"https:\/\/jornalfatosenoticias.com.br\/?p=46290"},"modified":"2023-10-24T14:15:29","modified_gmt":"2023-10-24T17:15:29","slug":"declaracao-de-westminster-manifesto-contra-a-censura-cita-atuacao-do-stf-no-brasil","status":"publish","type":"post","link":"https:\/\/jornalfatosenoticias.com.br\/index.php\/2023\/10\/24\/declaracao-de-westminster-manifesto-contra-a-censura-cita-atuacao-do-stf-no-brasil\/","title":{"rendered":"Declara\u00e7\u00e3o de Westminster: manifesto contra a censura cita atua\u00e7\u00e3o do STF no Brasil"},"content":{"rendered":"\n<p><em><span class=\"has-inline-color has-black-color\">Alexandre de Moraes, do Supremo Tribunal Federal, \u00e9 um dos que fizeram decis\u00f5es que mais chamaram a aten\u00e7\u00e3o de observadores internacionais defensores da liberdade de express\u00e3o<\/span><\/em><\/p>\n\n\n\n<p><em><span class=\"has-inline-color has-black-color\">Por <strong><a href=\"https:\/\/www.gazetadopovo.com.br\/autor\/eli-vieira\/\" rel=\"sponsored nofollow\">Eli Vieira<\/a><\/strong><\/span><\/em><\/p>\n\n\n\n<div class=\"wp-block-image\"><figure class=\"aligncenter size-large\"><img loading=\"lazy\" decoding=\"async\" width=\"1024\" height=\"111\" src=\"https:\/\/jornalfatosenoticias.com.br\/wp-content\/uploads\/2020\/02\/WhatsApp-Image-2022-09-23-at-12.09.18-1024x111.jpeg\" alt=\"\" class=\"wp-image-34527\" srcset=\"https:\/\/jornalfatosenoticias.com.br\/wp-content\/uploads\/2020\/02\/WhatsApp-Image-2022-09-23-at-12.09.18-1024x111.jpeg 1024w, https:\/\/jornalfatosenoticias.com.br\/wp-content\/uploads\/2020\/02\/WhatsApp-Image-2022-09-23-at-12.09.18-300x32.jpeg 300w, https:\/\/jornalfatosenoticias.com.br\/wp-content\/uploads\/2020\/02\/WhatsApp-Image-2022-09-23-at-12.09.18-768x83.jpeg 768w, https:\/\/jornalfatosenoticias.com.br\/wp-content\/uploads\/2020\/02\/WhatsApp-Image-2022-09-23-at-12.09.18.jpeg 1121w\" sizes=\"auto, (max-width: 1024px) 100vw, 1024px\" \/><\/figure><\/div>\n\n\n\n<p>O <a href=\"https:\/\/www.gazetadopovo.com.br\/opiniao\/editoriais\/liberdade-de-expressao-fake-news-abusos-stf-tse-cpi-covid\/?ref=link-interno-materia\">apag\u00e3o da liberdade de express\u00e3o no Brasil<\/a> chamou aten\u00e7\u00e3o internacional. Na semana passada (18) foi publicada a <a href=\"https:\/\/westminsterdeclaration.org\/portugues\">Declara\u00e7\u00e3o de Westminster<\/a> pela liberdade de express\u00e3o, com assinatura de 141 jornalistas, artistas, escritores, ativistas e acad\u00eamicos de 21 pa\u00edses que denunciam a escalada de um \u201cComplexo Industrial da Censura\u201d pelo mundo, especialmente no novo contexto da express\u00e3o on-line. A nova censura usa de subterf\u00fagio \u201ctermos mal definidos\u201d como \u201cdiscurso de \u00f3dio\u201d e \u201cdesinforma\u00e7\u00e3o\u201d, diz o documento. Governos t\u00eam se envolvido em \u201croubar as vozes\u201d dos cidad\u00e3os. Os signat\u00e1rios acusam \u201co legislativo da Alemanha e o Supremo Tribunal Federal do Brasil\u201d (STF) de criminalizar \u201co discurso pol\u00edtico\u201d.<\/p>\n\n\n\n<blockquote class=\"wp-block-quote is-layout-flow wp-block-quote-is-layout-flow\"><p>O STF \u00e9 citado no contexto de outras incurs\u00f5es de governos sobre os limites da express\u00e3o, como iniciativas de autoridades na \u00cdndia e Turquia e projetos de lei da Irlanda, Esc\u00f3cia, Reino Unido e Austr\u00e1lia. A declara\u00e7\u00e3o usa como fonte uma reportagem da Associated Press de janeiro deste ano que informa que o ministro Alexandre de Moraes \u201cprende manifestantes com base em ind\u00edcios fracos\u201d e que est\u00e1 \u201cbanindo os apoiadores [de Bolsonaro] das redes sociais\u201d.<\/p><\/blockquote>\n\n\n\n<div class=\"wp-block-image\"><figure class=\"aligncenter size-large\"><img loading=\"lazy\" decoding=\"async\" width=\"300\" height=\"300\" src=\"https:\/\/jornalfatosenoticias.com.br\/wp-content\/uploads\/2020\/02\/casa-do-torresmo_portal.jpg\" alt=\"\" class=\"wp-image-34472\" srcset=\"https:\/\/jornalfatosenoticias.com.br\/wp-content\/uploads\/2020\/02\/casa-do-torresmo_portal.jpg 300w, https:\/\/jornalfatosenoticias.com.br\/wp-content\/uploads\/2020\/02\/casa-do-torresmo_portal-150x150.jpg 150w\" sizes=\"auto, (max-width: 300px) 100vw, 300px\" \/><\/figure><\/div>\n\n\n\n<p>H\u00e1 diversidade de pensamento entre os signat\u00e1rios. O psic\u00f3logo conservador canadense Jordan B. Peterson assina ao lado do pensador marxista esloveno Slavoj \u017di\u017eek. O jornalista crist\u00e3o Peter Hitchens assina junto com o zo\u00f3logo ateu Richard Dawkins, ambos s\u00e3o brit\u00e2nicos. Constam tamb\u00e9m grandes nomes como a escritora ex-mu\u00e7ulmana Ayaan Hirsi Ali com seu marido, o historiador Niall Ferguson, o humorista John Cleese (Monty Python), o psic\u00f3logo Steven Pinker, os denunciadores de espionagem de governos Julian Assange, Edward Snowden e Glenn Greenwald e os jornalistas brasileiros Ana Paula Henkel e Leandro Narloch. O nome da declara\u00e7\u00e3o veio da regi\u00e3o de Londres em que o documento foi lido e assinado no final de junho.<\/p>\n\n\n\n<div class=\"wp-block-image\"><figure class=\"aligncenter size-large is-resized\"><img loading=\"lazy\" decoding=\"async\" src=\"https:\/\/jornalfatosenoticias.com.br\/wp-content\/uploads\/2020\/02\/logo-Rapuzel-1024x571.jpg\" alt=\"\" class=\"wp-image-42808\" width=\"345\" height=\"192\" srcset=\"https:\/\/jornalfatosenoticias.com.br\/wp-content\/uploads\/2020\/02\/logo-Rapuzel-1024x571.jpg 1024w, https:\/\/jornalfatosenoticias.com.br\/wp-content\/uploads\/2020\/02\/logo-Rapuzel-300x167.jpg 300w, https:\/\/jornalfatosenoticias.com.br\/wp-content\/uploads\/2020\/02\/logo-Rapuzel-768x428.jpg 768w, https:\/\/jornalfatosenoticias.com.br\/wp-content\/uploads\/2020\/02\/logo-Rapuzel-1536x856.jpg 1536w, https:\/\/jornalfatosenoticias.com.br\/wp-content\/uploads\/2020\/02\/logo-Rapuzel.jpg 1600w\" sizes=\"auto, (max-width: 345px) 100vw, 345px\" \/><\/figure><\/div>\n\n\n\n<p>A Gazeta do Povo conversou com alguns dos signat\u00e1rios. Michael Shellenberger, escritor <em>bestseller,<\/em> editor-chefe do jornal <em>Public<\/em> e um dos idealizadores da declara\u00e7\u00e3o, disse que foi preciso aplicar esfor\u00e7o para atingir a diversidade dos signat\u00e1rios.<\/p>\n\n\n\n<blockquote class=\"wp-block-quote is-layout-flow wp-block-quote-is-layout-flow\"><p><span class=\"has-inline-color has-luminous-vivid-orange-color\">Colocamos muito mais esfor\u00e7o em atrair pessoas da esquerda do que da direita\u201d, comentou, \u201ce isso me entristece\u201d. A realidade \u00e9 que hoje \u201ca liberdade de express\u00e3o \u00e9 codificada como conservadora\u201d. Mas ele deixa claro que pessoas de esquerda como Steven Pinker foram vozes com as quais ele sabia que podia contar.<\/span><\/p><\/blockquote>\n\n\n\n<div class=\"wp-block-image\"><figure class=\"aligncenter size-large\"><img loading=\"lazy\" decoding=\"async\" width=\"300\" height=\"250\" src=\"https:\/\/jornalfatosenoticias.com.br\/wp-content\/uploads\/2022\/08\/arte-Casarao.jpg\" alt=\"\" class=\"wp-image-33178\"\/><\/figure><\/div>\n\n\n\n<p>Shellenberger \u00e9 um dos jornalistas escolhidos por Elon Musk para cobrir os <a href=\"https:\/\/www.gazetadopovo.com.br\/tudo-sobre\/twitter-files\/?ref=link-interno-materia\">Twitter Files,<\/a> arquivos internos da empresa que revelaram rela\u00e7\u00f5es prom\u00edscuas entre governo, Big Tech e ONGs promovendo a remo\u00e7\u00e3o e rotula\u00e7\u00e3o de express\u00f5es dentro da lei que desagradavam essas elites durante a pandemia e as \u00faltimas elei\u00e7\u00f5es americanas. Todos os jornalistas que cobriram os arquivos s\u00e3o signat\u00e1rios: Bari Weiss (ex-<em>New York Times,<\/em> agora no <em>Free Press<\/em>), Matt Taibbi (ex-<em>Rolling Stone,<\/em> agora no <em>Racket<\/em>) e Lee Fang (ex-<em>Intercept,<\/em> agora independente).<\/p>\n\n\n\n<div class=\"wp-block-image\"><figure class=\"aligncenter size-large is-resized\"><img loading=\"lazy\" decoding=\"async\" src=\"https:\/\/jornalfatosenoticias.com.br\/wp-content\/uploads\/2023\/08\/VSM-Group.jpeg\" alt=\"\" class=\"wp-image-44364\" width=\"257\" height=\"257\"\/><\/figure><\/div>\n\n\n\n<blockquote class=\"wp-block-quote is-layout-flow wp-block-quote-is-layout-flow\"><p><span class=\"has-inline-color has-luminous-vivid-orange-color\">Sab\u00edamos que o Brasil seria importante desde o come\u00e7o\u201d, continua Shellenberger, \u201ce fizemos quest\u00e3o de ter representantes do Pa\u00eds que estavam sendo perseguidos, como a Ana Paula Henkel\u201d. Durante a primeira leitura do texto em Londres, Henkel descobriu que era alvo de mais um processo no Brasil.\u00a0O idealizador conta que os presentes ficaram tocados com a batalha da brasileira por seu direito de se expressar. \u201cVimos que n\u00e3o \u00e9 uma abstra\u00e7\u00e3o, n\u00e3o \u00e9 um mero exerc\u00edcio acad\u00eamico. A vida de pessoas reais est\u00e1 em xeque\u201d. Para a coaliz\u00e3o que se formou com os signat\u00e1rios, o caso de manter a liberdade de express\u00e3o no Brasil \u00e9 \u201curgente, uma das maiores prioridades globais\u201d, pois o Pa\u00eds \u00e9 um grande ator no cen\u00e1rio global.<\/span><\/p><\/blockquote>\n\n\n\n<div class=\"wp-block-image\"><figure class=\"aligncenter size-large is-resized\"><img loading=\"lazy\" decoding=\"async\" src=\"https:\/\/jornalfatosenoticias.com.br\/wp-content\/uploads\/2022\/02\/Precisao-Contabilidade-1024x724.jpg\" alt=\"\" class=\"wp-image-28088\" width=\"324\" height=\"229\"\/><\/figure><\/div>\n\n\n\n<p>Para o jornalista Leandro Narloch, estamos passando por um momento c\u00edclico na hist\u00f3ria, que foi visto h\u00e1 100, 200 ou 300 anos: um lado censura outro, depois \u00e9 alvo ele pr\u00f3prio de censura, at\u00e9 que ambos entrem em acordo sobre a import\u00e2ncia de ser livre para se expressar.<\/p>\n\n\n\n<blockquote class=\"wp-block-quote is-layout-flow wp-block-quote-is-layout-flow\"><p><span class=\"has-inline-color has-luminous-vivid-orange-color\">Muita gente da direita e da esquerda n\u00e3o entende que \u00e9 preciso permitir mesmo discursos que a gente acha degradantes\u201d, explica. \u201cA liberdade de express\u00e3o funciona como um radar de idiotas. A partir dela, quando a gente v\u00ea pessoas defendendo o Hamas, diante de toda aquela crueldade, \u00e9 muito f\u00e1cil identificar os idiotas e se proteger deles. Se tiver censura, se organizam sem a gente saber quem s\u00e3o eles\u201d. Ele acrescenta que o pr\u00f3prio Estado de Israel \u00e9 um exemplo de uma vis\u00e3o mais livre da express\u00e3o, pois j\u00e1 entrevistou deputados do parlamento local (o Knesset) de origem \u00e1rabe que manifestam abertamente que querem que este Estado seja extinto. \u201cEssa liberdade daria calafrios num Alexandre de Moraes\u201d.<\/span><\/p><\/blockquote>\n\n\n\n<div class=\"wp-block-image\"><figure class=\"aligncenter size-large\"><img decoding=\"async\" src=\"https:\/\/jornalfatosenoticias.com.br\/wp-content\/uploads\/2020\/02\/logo_esteio.jpg\" alt=\"\" class=\"wp-image-1214\"\/><\/figure><\/div>\n\n\n\n<p>A jornalista americana Alex Gutentag, colaboradora do <em>Public,<\/em> diz ter testemunhado em sua carreira uma mudan\u00e7a de qual lado pol\u00edtico se op\u00f5e mais \u00e0 censura. Para ela, a invers\u00e3o se fez presente e dram\u00e1tica durante a pandemia da covid, \u201cquando muitas pessoas de direita foram censuradas por opini\u00f5es desfavorecidas\u201d. Neste per\u00edodo, ela pr\u00f3pria foi suspensa do Twitter por compartilhar dados sobre a vacina contra covid da Pfizer para crian\u00e7as. Para ela, \u00e9 uma quest\u00e3o geracional, j\u00e1 que s\u00e3o os americanos mais jovens que favorecem a censura.<\/p>\n\n\n\n<div class=\"wp-block-image\"><figure class=\"aligncenter size-large is-resized\"><img loading=\"lazy\" decoding=\"async\" src=\"https:\/\/jornalfatosenoticias.com.br\/wp-content\/uploads\/2020\/02\/CONTROL-CS.jpg\" alt=\"\" class=\"wp-image-44991\" width=\"295\" height=\"354\" srcset=\"https:\/\/jornalfatosenoticias.com.br\/wp-content\/uploads\/2020\/02\/CONTROL-CS.jpg 834w, https:\/\/jornalfatosenoticias.com.br\/wp-content\/uploads\/2020\/02\/CONTROL-CS-250x300.jpg 250w, https:\/\/jornalfatosenoticias.com.br\/wp-content\/uploads\/2020\/02\/CONTROL-CS-768x921.jpg 768w\" sizes=\"auto, (max-width: 295px) 100vw, 295px\" \/><\/figure><\/div>\n\n\n\n<p>A guerra em curso desde o in\u00edcio do m\u00eas entre Israel e o grupo terrorista Hamas pode desacelerar a invers\u00e3o, pois s\u00e3o estudantes de esquerda que tergiversam sobre a responsabilidade do Hamas ou at\u00e9 apoiam o grupo, atraindo contra si pedidos de censura e cancelamento. Gutentag pensa que n\u00e3o \u00e9 s\u00e1bio defender que eles provem do pr\u00f3prio veneno da cultura do cancelamento, \u201cdevemos todos tentar lembrar as coisas tolas e equivocadas que dissemos quando \u00e9ramos estudantes universit\u00e1rios\u201d.<\/p>\n\n\n\n<div class=\"wp-block-image\"><figure class=\"aligncenter size-large is-resized\"><img loading=\"lazy\" decoding=\"async\" src=\"https:\/\/jornalfatosenoticias.com.br\/wp-content\/uploads\/2023\/07\/lacremoda.jpg\" alt=\"\" class=\"wp-image-43706\" width=\"324\" height=\"181\" srcset=\"https:\/\/jornalfatosenoticias.com.br\/wp-content\/uploads\/2023\/07\/lacremoda.jpg 1024w, https:\/\/jornalfatosenoticias.com.br\/wp-content\/uploads\/2023\/07\/lacremoda-300x168.jpg 300w, https:\/\/jornalfatosenoticias.com.br\/wp-content\/uploads\/2023\/07\/lacremoda-768x431.jpg 768w\" sizes=\"auto, (max-width: 324px) 100vw, 324px\" \/><\/figure><\/div>\n\n\n\n<p><strong><em>Fonte: <a href=\"https:\/\/www.gazetadopovo.com.br\/ideias\/declaracao-de-westminster-manifesto-contra-a-censura-cita-atuacao-do-stf-no-brasil\/\">Gazeta do Povo<\/a><\/em><\/strong><\/p>\n","protected":false},"excerpt":{"rendered":"<p>Alexandre de Moraes, do Supremo Tribunal Federal, \u00e9 um dos que fizeram decis\u00f5es que mais chamaram a aten\u00e7\u00e3o de observadores internacionais defensores da liberdade de express\u00e3o Por Eli Vieira O apag\u00e3o da liberdade de express\u00e3o no Brasil chamou aten\u00e7\u00e3o internacional. Na semana passada (18) foi publicada a Declara\u00e7\u00e3o de Westminster pela liberdade de express\u00e3o, com [&hellip;]<\/p>\n","protected":false},"author":2,"featured_media":46291,"comment_status":"open","ping_status":"open","sticky":false,"template":"","format":"standard","meta":{"footnotes":""},"categories":[5],"tags":[13889,21332,597,2149,21781,16935,294],"class_list":["post-46290","post","type-post","status-publish","format-standard","has-post-thumbnail","hentry","category-geral","tag-alexandre-de-moraes","tag-ativismo-do-stf","tag-brasil","tag-censura","tag-declaracao-de-westminster","tag-liberdade-de-expressao","tag-stf"],"yoast_head":"<!-- This site is optimized with the Yoast SEO plugin v26.5 - https:\/\/yoast.com\/wordpress\/plugins\/seo\/ -->\n<title>Declara\u00e7\u00e3o de Westminster: manifesto contra a censura cita atua\u00e7\u00e3o do STF no Brasil - Jornal Fatos e Not\u00edcias<\/title>\n<meta name=\"robots\" content=\"index, follow, max-snippet:-1, max-image-preview:large, max-video-preview:-1\" \/>\n<link rel=\"canonical\" href=\"https:\/\/jornalfatosenoticias.com.br\/index.php\/2023\/10\/24\/declaracao-de-westminster-manifesto-contra-a-censura-cita-atuacao-do-stf-no-brasil\/\" \/>\n<meta property=\"og:locale\" content=\"pt_BR\" \/>\n<meta property=\"og:type\" content=\"article\" \/>\n<meta property=\"og:title\" content=\"Declara\u00e7\u00e3o de Westminster: manifesto contra a censura cita atua\u00e7\u00e3o do STF no Brasil - Jornal Fatos e Not\u00edcias\" \/>\n<meta property=\"og:description\" content=\"Alexandre de Moraes, do Supremo Tribunal Federal, \u00e9 um dos que fizeram decis\u00f5es que mais chamaram a aten\u00e7\u00e3o de observadores internacionais defensores da liberdade de express\u00e3o Por Eli Vieira O apag\u00e3o da liberdade de express\u00e3o no Brasil chamou aten\u00e7\u00e3o internacional. Na semana passada (18) foi publicada a Declara\u00e7\u00e3o de Westminster pela liberdade de express\u00e3o, com [&hellip;]\" \/>\n<meta property=\"og:url\" content=\"https:\/\/jornalfatosenoticias.com.br\/index.php\/2023\/10\/24\/declaracao-de-westminster-manifesto-contra-a-censura-cita-atuacao-do-stf-no-brasil\/\" \/>\n<meta property=\"og:site_name\" content=\"Jornal Fatos e Not\u00edcias\" \/>\n<meta property=\"article:published_time\" content=\"2023-10-24T17:15:28+00:00\" \/>\n<meta property=\"article:modified_time\" content=\"2023-10-24T17:15:29+00:00\" \/>\n<meta property=\"og:image\" content=\"https:\/\/jornalfatosenoticias.com.br\/wp-content\/uploads\/2023\/10\/xandao_cabeca-de-ovo.jpg\" \/>\n\t<meta property=\"og:image:width\" content=\"960\" \/>\n\t<meta property=\"og:image:height\" content=\"540\" \/>\n\t<meta property=\"og:image:type\" content=\"image\/jpeg\" \/>\n<meta name=\"author\" content=\"Luzimara Fernandes\" \/>\n<meta name=\"twitter:card\" content=\"summary_large_image\" \/>\n<meta name=\"twitter:label1\" content=\"Escrito por\" \/>\n\t<meta name=\"twitter:data1\" content=\"Luzimara Fernandes\" \/>\n\t<meta name=\"twitter:label2\" content=\"Est. tempo de leitura\" \/>\n\t<meta name=\"twitter:data2\" content=\"5 minutos\" \/>\n<script type=\"application\/ld+json\" class=\"yoast-schema-graph\">{\"@context\":\"https:\/\/schema.org\",\"@graph\":[{\"@type\":\"Article\",\"@id\":\"https:\/\/jornalfatosenoticias.com.br\/index.php\/2023\/10\/24\/declaracao-de-westminster-manifesto-contra-a-censura-cita-atuacao-do-stf-no-brasil\/#article\",\"isPartOf\":{\"@id\":\"https:\/\/jornalfatosenoticias.com.br\/index.php\/2023\/10\/24\/declaracao-de-westminster-manifesto-contra-a-censura-cita-atuacao-do-stf-no-brasil\/\"},\"author\":{\"name\":\"Luzimara Fernandes\",\"@id\":\"https:\/\/jornalfatosenoticias.com.br\/#\/schema\/person\/d63837fa13ac8666eb9e74e0985d6f81\"},\"headline\":\"Declara\u00e7\u00e3o de Westminster: manifesto contra a censura cita atua\u00e7\u00e3o do STF no Brasil\",\"datePublished\":\"2023-10-24T17:15:28+00:00\",\"dateModified\":\"2023-10-24T17:15:29+00:00\",\"mainEntityOfPage\":{\"@id\":\"https:\/\/jornalfatosenoticias.com.br\/index.php\/2023\/10\/24\/declaracao-de-westminster-manifesto-contra-a-censura-cita-atuacao-do-stf-no-brasil\/\"},\"wordCount\":1028,\"commentCount\":0,\"publisher\":{\"@id\":\"https:\/\/jornalfatosenoticias.com.br\/#organization\"},\"image\":{\"@id\":\"https:\/\/jornalfatosenoticias.com.br\/index.php\/2023\/10\/24\/declaracao-de-westminster-manifesto-contra-a-censura-cita-atuacao-do-stf-no-brasil\/#primaryimage\"},\"thumbnailUrl\":\"https:\/\/jornalfatosenoticias.com.br\/wp-content\/uploads\/2023\/10\/xandao_cabeca-de-ovo.jpg\",\"keywords\":[\"Alexandre de Moraes\",\"ativismo do STF\",\"Brasil\",\"censura\",\"Declara\u00e7\u00e3o de Westminster\",\"liberdade de express\u00e3o\",\"STF\"],\"articleSection\":[\"Geral\"],\"inLanguage\":\"pt-BR\",\"potentialAction\":[{\"@type\":\"CommentAction\",\"name\":\"Comment\",\"target\":[\"https:\/\/jornalfatosenoticias.com.br\/index.php\/2023\/10\/24\/declaracao-de-westminster-manifesto-contra-a-censura-cita-atuacao-do-stf-no-brasil\/#respond\"]}]},{\"@type\":\"WebPage\",\"@id\":\"https:\/\/jornalfatosenoticias.com.br\/index.php\/2023\/10\/24\/declaracao-de-westminster-manifesto-contra-a-censura-cita-atuacao-do-stf-no-brasil\/\",\"url\":\"https:\/\/jornalfatosenoticias.com.br\/index.php\/2023\/10\/24\/declaracao-de-westminster-manifesto-contra-a-censura-cita-atuacao-do-stf-no-brasil\/\",\"name\":\"Declara\u00e7\u00e3o de Westminster: manifesto contra a censura cita atua\u00e7\u00e3o do STF no Brasil - Jornal Fatos e Not\u00edcias\",\"isPartOf\":{\"@id\":\"https:\/\/jornalfatosenoticias.com.br\/#website\"},\"primaryImageOfPage\":{\"@id\":\"https:\/\/jornalfatosenoticias.com.br\/index.php\/2023\/10\/24\/declaracao-de-westminster-manifesto-contra-a-censura-cita-atuacao-do-stf-no-brasil\/#primaryimage\"},\"image\":{\"@id\":\"https:\/\/jornalfatosenoticias.com.br\/index.php\/2023\/10\/24\/declaracao-de-westminster-manifesto-contra-a-censura-cita-atuacao-do-stf-no-brasil\/#primaryimage\"},\"thumbnailUrl\":\"https:\/\/jornalfatosenoticias.com.br\/wp-content\/uploads\/2023\/10\/xandao_cabeca-de-ovo.jpg\",\"datePublished\":\"2023-10-24T17:15:28+00:00\",\"dateModified\":\"2023-10-24T17:15:29+00:00\",\"breadcrumb\":{\"@id\":\"https:\/\/jornalfatosenoticias.com.br\/index.php\/2023\/10\/24\/declaracao-de-westminster-manifesto-contra-a-censura-cita-atuacao-do-stf-no-brasil\/#breadcrumb\"},\"inLanguage\":\"pt-BR\",\"potentialAction\":[{\"@type\":\"ReadAction\",\"target\":[\"https:\/\/jornalfatosenoticias.com.br\/index.php\/2023\/10\/24\/declaracao-de-westminster-manifesto-contra-a-censura-cita-atuacao-do-stf-no-brasil\/\"]}]},{\"@type\":\"ImageObject\",\"inLanguage\":\"pt-BR\",\"@id\":\"https:\/\/jornalfatosenoticias.com.br\/index.php\/2023\/10\/24\/declaracao-de-westminster-manifesto-contra-a-censura-cita-atuacao-do-stf-no-brasil\/#primaryimage\",\"url\":\"https:\/\/jornalfatosenoticias.com.br\/wp-content\/uploads\/2023\/10\/xandao_cabeca-de-ovo.jpg\",\"contentUrl\":\"https:\/\/jornalfatosenoticias.com.br\/wp-content\/uploads\/2023\/10\/xandao_cabeca-de-ovo.jpg\",\"width\":960,\"height\":540},{\"@type\":\"BreadcrumbList\",\"@id\":\"https:\/\/jornalfatosenoticias.com.br\/index.php\/2023\/10\/24\/declaracao-de-westminster-manifesto-contra-a-censura-cita-atuacao-do-stf-no-brasil\/#breadcrumb\",\"itemListElement\":[{\"@type\":\"ListItem\",\"position\":1,\"name\":\"In\u00edcio\",\"item\":\"https:\/\/jornalfatosenoticias.com.br\/\"},{\"@type\":\"ListItem\",\"position\":2,\"name\":\"Declara\u00e7\u00e3o de Westminster: manifesto contra a censura cita atua\u00e7\u00e3o do STF no Brasil\"}]},{\"@type\":\"WebSite\",\"@id\":\"https:\/\/jornalfatosenoticias.com.br\/#website\",\"url\":\"https:\/\/jornalfatosenoticias.com.br\/\",\"name\":\"Jornal Fatos e Not\u00edcias\",\"description\":\"Not\u00edcias em geral\",\"publisher\":{\"@id\":\"https:\/\/jornalfatosenoticias.com.br\/#organization\"},\"potentialAction\":[{\"@type\":\"SearchAction\",\"target\":{\"@type\":\"EntryPoint\",\"urlTemplate\":\"https:\/\/jornalfatosenoticias.com.br\/?s={search_term_string}\"},\"query-input\":{\"@type\":\"PropertyValueSpecification\",\"valueRequired\":true,\"valueName\":\"search_term_string\"}}],\"inLanguage\":\"pt-BR\"},{\"@type\":\"Organization\",\"@id\":\"https:\/\/jornalfatosenoticias.com.br\/#organization\",\"name\":\"Jornal Fatos e Not\u00edcias\",\"url\":\"https:\/\/jornalfatosenoticias.com.br\/\",\"logo\":{\"@type\":\"ImageObject\",\"inLanguage\":\"pt-BR\",\"@id\":\"https:\/\/jornalfatosenoticias.com.br\/#\/schema\/logo\/image\/\",\"url\":\"https:\/\/jornalfatosenoticias.com.br\/wp-content\/uploads\/2020\/02\/logo120.png\",\"contentUrl\":\"https:\/\/jornalfatosenoticias.com.br\/wp-content\/uploads\/2020\/02\/logo120.png\",\"width\":1227,\"height\":120,\"caption\":\"Jornal Fatos e Not\u00edcias\"},\"image\":{\"@id\":\"https:\/\/jornalfatosenoticias.com.br\/#\/schema\/logo\/image\/\"}},{\"@type\":\"Person\",\"@id\":\"https:\/\/jornalfatosenoticias.com.br\/#\/schema\/person\/d63837fa13ac8666eb9e74e0985d6f81\",\"name\":\"Luzimara Fernandes\",\"image\":{\"@type\":\"ImageObject\",\"inLanguage\":\"pt-BR\",\"@id\":\"https:\/\/jornalfatosenoticias.com.br\/#\/schema\/person\/image\/\",\"url\":\"https:\/\/jornalfatosenoticias.com.br\/wp-content\/uploads\/2025\/05\/EU_portal.jpg\",\"contentUrl\":\"https:\/\/jornalfatosenoticias.com.br\/wp-content\/uploads\/2025\/05\/EU_portal.jpg\",\"caption\":\"Luzimara Fernandes\"},\"description\":\"Jornalista MTB 2358-ES\",\"sameAs\":[\"https:\/\/jornalfatosenoticias.com.br\"],\"url\":\"https:\/\/jornalfatosenoticias.com.br\/index.php\/author\/luzimara\/\"}]}<\/script>\n<!-- \/ Yoast SEO plugin. -->","yoast_head_json":{"title":"Declara\u00e7\u00e3o de Westminster: manifesto contra a censura cita atua\u00e7\u00e3o do STF no Brasil - Jornal Fatos e Not\u00edcias","robots":{"index":"index","follow":"follow","max-snippet":"max-snippet:-1","max-image-preview":"max-image-preview:large","max-video-preview":"max-video-preview:-1"},"canonical":"https:\/\/jornalfatosenoticias.com.br\/index.php\/2023\/10\/24\/declaracao-de-westminster-manifesto-contra-a-censura-cita-atuacao-do-stf-no-brasil\/","og_locale":"pt_BR","og_type":"article","og_title":"Declara\u00e7\u00e3o de Westminster: manifesto contra a censura cita atua\u00e7\u00e3o do STF no Brasil - Jornal Fatos e Not\u00edcias","og_description":"Alexandre de Moraes, do Supremo Tribunal Federal, \u00e9 um dos que fizeram decis\u00f5es que mais chamaram a aten\u00e7\u00e3o de observadores internacionais defensores da liberdade de express\u00e3o Por Eli Vieira O apag\u00e3o da liberdade de express\u00e3o no Brasil chamou aten\u00e7\u00e3o internacional. Na semana passada (18) foi publicada a Declara\u00e7\u00e3o de Westminster pela liberdade de express\u00e3o, com [&hellip;]","og_url":"https:\/\/jornalfatosenoticias.com.br\/index.php\/2023\/10\/24\/declaracao-de-westminster-manifesto-contra-a-censura-cita-atuacao-do-stf-no-brasil\/","og_site_name":"Jornal Fatos e Not\u00edcias","article_published_time":"2023-10-24T17:15:28+00:00","article_modified_time":"2023-10-24T17:15:29+00:00","og_image":[{"width":960,"height":540,"url":"https:\/\/jornalfatosenoticias.com.br\/wp-content\/uploads\/2023\/10\/xandao_cabeca-de-ovo.jpg","type":"image\/jpeg"}],"author":"Luzimara Fernandes","twitter_card":"summary_large_image","twitter_misc":{"Escrito por":"Luzimara Fernandes","Est. tempo de leitura":"5 minutos"},"schema":{"@context":"https:\/\/schema.org","@graph":[{"@type":"Article","@id":"https:\/\/jornalfatosenoticias.com.br\/index.php\/2023\/10\/24\/declaracao-de-westminster-manifesto-contra-a-censura-cita-atuacao-do-stf-no-brasil\/#article","isPartOf":{"@id":"https:\/\/jornalfatosenoticias.com.br\/index.php\/2023\/10\/24\/declaracao-de-westminster-manifesto-contra-a-censura-cita-atuacao-do-stf-no-brasil\/"},"author":{"name":"Luzimara Fernandes","@id":"https:\/\/jornalfatosenoticias.com.br\/#\/schema\/person\/d63837fa13ac8666eb9e74e0985d6f81"},"headline":"Declara\u00e7\u00e3o de Westminster: manifesto contra a censura cita atua\u00e7\u00e3o do STF no Brasil","datePublished":"2023-10-24T17:15:28+00:00","dateModified":"2023-10-24T17:15:29+00:00","mainEntityOfPage":{"@id":"https:\/\/jornalfatosenoticias.com.br\/index.php\/2023\/10\/24\/declaracao-de-westminster-manifesto-contra-a-censura-cita-atuacao-do-stf-no-brasil\/"},"wordCount":1028,"commentCount":0,"publisher":{"@id":"https:\/\/jornalfatosenoticias.com.br\/#organization"},"image":{"@id":"https:\/\/jornalfatosenoticias.com.br\/index.php\/2023\/10\/24\/declaracao-de-westminster-manifesto-contra-a-censura-cita-atuacao-do-stf-no-brasil\/#primaryimage"},"thumbnailUrl":"https:\/\/jornalfatosenoticias.com.br\/wp-content\/uploads\/2023\/10\/xandao_cabeca-de-ovo.jpg","keywords":["Alexandre de Moraes","ativismo do STF","Brasil","censura","Declara\u00e7\u00e3o de Westminster","liberdade de express\u00e3o","STF"],"articleSection":["Geral"],"inLanguage":"pt-BR","potentialAction":[{"@type":"CommentAction","name":"Comment","target":["https:\/\/jornalfatosenoticias.com.br\/index.php\/2023\/10\/24\/declaracao-de-westminster-manifesto-contra-a-censura-cita-atuacao-do-stf-no-brasil\/#respond"]}]},{"@type":"WebPage","@id":"https:\/\/jornalfatosenoticias.com.br\/index.php\/2023\/10\/24\/declaracao-de-westminster-manifesto-contra-a-censura-cita-atuacao-do-stf-no-brasil\/","url":"https:\/\/jornalfatosenoticias.com.br\/index.php\/2023\/10\/24\/declaracao-de-westminster-manifesto-contra-a-censura-cita-atuacao-do-stf-no-brasil\/","name":"Declara\u00e7\u00e3o de Westminster: manifesto contra a censura cita atua\u00e7\u00e3o do STF no Brasil - Jornal Fatos e Not\u00edcias","isPartOf":{"@id":"https:\/\/jornalfatosenoticias.com.br\/#website"},"primaryImageOfPage":{"@id":"https:\/\/jornalfatosenoticias.com.br\/index.php\/2023\/10\/24\/declaracao-de-westminster-manifesto-contra-a-censura-cita-atuacao-do-stf-no-brasil\/#primaryimage"},"image":{"@id":"https:\/\/jornalfatosenoticias.com.br\/index.php\/2023\/10\/24\/declaracao-de-westminster-manifesto-contra-a-censura-cita-atuacao-do-stf-no-brasil\/#primaryimage"},"thumbnailUrl":"https:\/\/jornalfatosenoticias.com.br\/wp-content\/uploads\/2023\/10\/xandao_cabeca-de-ovo.jpg","datePublished":"2023-10-24T17:15:28+00:00","dateModified":"2023-10-24T17:15:29+00:00","breadcrumb":{"@id":"https:\/\/jornalfatosenoticias.com.br\/index.php\/2023\/10\/24\/declaracao-de-westminster-manifesto-contra-a-censura-cita-atuacao-do-stf-no-brasil\/#breadcrumb"},"inLanguage":"pt-BR","potentialAction":[{"@type":"ReadAction","target":["https:\/\/jornalfatosenoticias.com.br\/index.php\/2023\/10\/24\/declaracao-de-westminster-manifesto-contra-a-censura-cita-atuacao-do-stf-no-brasil\/"]}]},{"@type":"ImageObject","inLanguage":"pt-BR","@id":"https:\/\/jornalfatosenoticias.com.br\/index.php\/2023\/10\/24\/declaracao-de-westminster-manifesto-contra-a-censura-cita-atuacao-do-stf-no-brasil\/#primaryimage","url":"https:\/\/jornalfatosenoticias.com.br\/wp-content\/uploads\/2023\/10\/xandao_cabeca-de-ovo.jpg","contentUrl":"https:\/\/jornalfatosenoticias.com.br\/wp-content\/uploads\/2023\/10\/xandao_cabeca-de-ovo.jpg","width":960,"height":540},{"@type":"BreadcrumbList","@id":"https:\/\/jornalfatosenoticias.com.br\/index.php\/2023\/10\/24\/declaracao-de-westminster-manifesto-contra-a-censura-cita-atuacao-do-stf-no-brasil\/#breadcrumb","itemListElement":[{"@type":"ListItem","position":1,"name":"In\u00edcio","item":"https:\/\/jornalfatosenoticias.com.br\/"},{"@type":"ListItem","position":2,"name":"Declara\u00e7\u00e3o de Westminster: manifesto contra a censura cita atua\u00e7\u00e3o do STF no Brasil"}]},{"@type":"WebSite","@id":"https:\/\/jornalfatosenoticias.com.br\/#website","url":"https:\/\/jornalfatosenoticias.com.br\/","name":"Jornal Fatos e Not\u00edcias","description":"Not\u00edcias em geral","publisher":{"@id":"https:\/\/jornalfatosenoticias.com.br\/#organization"},"potentialAction":[{"@type":"SearchAction","target":{"@type":"EntryPoint","urlTemplate":"https:\/\/jornalfatosenoticias.com.br\/?s={search_term_string}"},"query-input":{"@type":"PropertyValueSpecification","valueRequired":true,"valueName":"search_term_string"}}],"inLanguage":"pt-BR"},{"@type":"Organization","@id":"https:\/\/jornalfatosenoticias.com.br\/#organization","name":"Jornal Fatos e Not\u00edcias","url":"https:\/\/jornalfatosenoticias.com.br\/","logo":{"@type":"ImageObject","inLanguage":"pt-BR","@id":"https:\/\/jornalfatosenoticias.com.br\/#\/schema\/logo\/image\/","url":"https:\/\/jornalfatosenoticias.com.br\/wp-content\/uploads\/2020\/02\/logo120.png","contentUrl":"https:\/\/jornalfatosenoticias.com.br\/wp-content\/uploads\/2020\/02\/logo120.png","width":1227,"height":120,"caption":"Jornal Fatos e Not\u00edcias"},"image":{"@id":"https:\/\/jornalfatosenoticias.com.br\/#\/schema\/logo\/image\/"}},{"@type":"Person","@id":"https:\/\/jornalfatosenoticias.com.br\/#\/schema\/person\/d63837fa13ac8666eb9e74e0985d6f81","name":"Luzimara Fernandes","image":{"@type":"ImageObject","inLanguage":"pt-BR","@id":"https:\/\/jornalfatosenoticias.com.br\/#\/schema\/person\/image\/","url":"https:\/\/jornalfatosenoticias.com.br\/wp-content\/uploads\/2025\/05\/EU_portal.jpg","contentUrl":"https:\/\/jornalfatosenoticias.com.br\/wp-content\/uploads\/2025\/05\/EU_portal.jpg","caption":"Luzimara Fernandes"},"description":"Jornalista MTB 2358-ES","sameAs":["https:\/\/jornalfatosenoticias.com.br"],"url":"https:\/\/jornalfatosenoticias.com.br\/index.php\/author\/luzimara\/"}]}},"cc_featured_image_caption":{"caption_text":"(Foto: Reprodu\u00e7\u00e3o) ","source_text":"","source_url":""},"jetpack_featured_media_url":"https:\/\/jornalfatosenoticias.com.br\/wp-content\/uploads\/2023\/10\/xandao_cabeca-de-ovo.jpg","_links":{"self":[{"href":"https:\/\/jornalfatosenoticias.com.br\/index.php\/wp-json\/wp\/v2\/posts\/46290","targetHints":{"allow":["GET"]}}],"collection":[{"href":"https:\/\/jornalfatosenoticias.com.br\/index.php\/wp-json\/wp\/v2\/posts"}],"about":[{"href":"https:\/\/jornalfatosenoticias.com.br\/index.php\/wp-json\/wp\/v2\/types\/post"}],"author":[{"embeddable":true,"href":"https:\/\/jornalfatosenoticias.com.br\/index.php\/wp-json\/wp\/v2\/users\/2"}],"replies":[{"embeddable":true,"href":"https:\/\/jornalfatosenoticias.com.br\/index.php\/wp-json\/wp\/v2\/comments?post=46290"}],"version-history":[{"count":0,"href":"https:\/\/jornalfatosenoticias.com.br\/index.php\/wp-json\/wp\/v2\/posts\/46290\/revisions"}],"wp:featuredmedia":[{"embeddable":true,"href":"https:\/\/jornalfatosenoticias.com.br\/index.php\/wp-json\/wp\/v2\/media\/46291"}],"wp:attachment":[{"href":"https:\/\/jornalfatosenoticias.com.br\/index.php\/wp-json\/wp\/v2\/media?parent=46290"}],"wp:term":[{"taxonomy":"category","embeddable":true,"href":"https:\/\/jornalfatosenoticias.com.br\/index.php\/wp-json\/wp\/v2\/categories?post=46290"},{"taxonomy":"post_tag","embeddable":true,"href":"https:\/\/jornalfatosenoticias.com.br\/index.php\/wp-json\/wp\/v2\/tags?post=46290"}],"curies":[{"name":"wp","href":"https:\/\/api.w.org\/{rel}","templated":true}]}}