{"id":46299,"date":"2023-10-24T15:08:59","date_gmt":"2023-10-24T18:08:59","guid":{"rendered":"https:\/\/jornalfatosenoticias.com.br\/?p=46299"},"modified":"2023-10-24T15:09:00","modified_gmt":"2023-10-24T18:09:00","slug":"hezbollah-ameaca-israel-com-uso-da-forca-mao-esta-no-gatilho","status":"publish","type":"post","link":"https:\/\/jornalfatosenoticias.com.br\/index.php\/2023\/10\/24\/hezbollah-ameaca-israel-com-uso-da-forca-mao-esta-no-gatilho\/","title":{"rendered":"Hezbollah amea\u00e7a Israel com uso da for\u00e7a: \u2018m\u00e3o est\u00e1 no gatilho\u2019"},"content":{"rendered":"\n<div class=\"wp-block-image\"><figure class=\"aligncenter size-large\"><img loading=\"lazy\" decoding=\"async\" width=\"1024\" height=\"110\" src=\"https:\/\/jornalfatosenoticias.com.br\/wp-content\/uploads\/2022\/10\/Arte-jornal-Zucchi-1120x120_Prancheta-1-1024x110.jpg\" alt=\"\" class=\"wp-image-34772\" srcset=\"https:\/\/jornalfatosenoticias.com.br\/wp-content\/uploads\/2022\/10\/Arte-jornal-Zucchi-1120x120_Prancheta-1-1024x110.jpg 1024w, https:\/\/jornalfatosenoticias.com.br\/wp-content\/uploads\/2022\/10\/Arte-jornal-Zucchi-1120x120_Prancheta-1-300x32.jpg 300w, https:\/\/jornalfatosenoticias.com.br\/wp-content\/uploads\/2022\/10\/Arte-jornal-Zucchi-1120x120_Prancheta-1-768x82.jpg 768w, https:\/\/jornalfatosenoticias.com.br\/wp-content\/uploads\/2022\/10\/Arte-jornal-Zucchi-1120x120_Prancheta-1-1536x165.jpg 1536w, https:\/\/jornalfatosenoticias.com.br\/wp-content\/uploads\/2022\/10\/Arte-jornal-Zucchi-1120x120_Prancheta-1-2048x219.jpg 2048w\" sizes=\"auto, (max-width: 1024px) 100vw, 1024px\" \/><\/figure><\/div>\n\n\n\n<p>O vice-secret\u00e1rio-geral do Hezbollah, Naim Qassem, afirmou que o grupo terrorista est\u00e1 pronto para usar a for\u00e7a \u201cna medida do necess\u00e1rio\u201d para defender Gaza e confrontar Israel.<\/p>\n\n\n\n<blockquote class=\"wp-block-quote is-layout-flow wp-block-quote-is-layout-flow\"><p><span class=\"has-inline-color has-luminous-vivid-orange-color\">O Hezbollah est\u00e1 no centro da batalha da resist\u00eancia para defender Gaza e enfrentar a ocupa\u00e7\u00e3o e sua agress\u00e3o na Palestina, no L\u00edbano e na regi\u00e3o\u201d, disse Qassem em sua conta no Twitter. \u201cA m\u00e3o dele est\u00e1 no gatilho na medida que ele considerar necess\u00e1rio durante o confronto\u201d.<\/span><\/p><\/blockquote>\n\n\n\n<div class=\"wp-block-image\"><figure class=\"aligncenter size-large\"><img decoding=\"async\" src=\"https:\/\/jornalfatosenoticias.com.br\/wp-content\/uploads\/2020\/02\/barao-das-carnes-300x164-1.jpg\" alt=\"\" class=\"wp-image-34339\"\/><\/figure><\/div>\n\n\n\n<p>Nas \u00faltimas duas semanas, o Hezbollah e as for\u00e7as israelenses t\u00eam estado envolvidos em ataques cruzados de intensidade crescente ao longo da fronteira entre os dois pa\u00edses. Tamb\u00e9m houve algumas a\u00e7\u00f5es reivindicadas por fac\u00e7\u00f5es palestinas presentes em territ\u00f3rio liban\u00eas.<\/p>\n\n\n\n<div class=\"wp-block-image\"><figure class=\"aligncenter size-large is-resized\"><img loading=\"lazy\" decoding=\"async\" src=\"https:\/\/jornalfatosenoticias.com.br\/wp-content\/uploads\/2023\/07\/lacremoda.jpg\" alt=\"\" class=\"wp-image-43706\" width=\"327\" height=\"183\" srcset=\"https:\/\/jornalfatosenoticias.com.br\/wp-content\/uploads\/2023\/07\/lacremoda.jpg 1024w, https:\/\/jornalfatosenoticias.com.br\/wp-content\/uploads\/2023\/07\/lacremoda-300x168.jpg 300w, https:\/\/jornalfatosenoticias.com.br\/wp-content\/uploads\/2023\/07\/lacremoda-768x431.jpg 768w\" sizes=\"auto, (max-width: 327px) 100vw, 327px\" \/><\/figure><\/div>\n\n\n\n<p><strong><em>Fonte: <a href=\"https:\/\/gazetabrasil.com.br\/mundo\/2023\/10\/24\/hezbollah-ameaca-israel-com-uso-da-forca-mao-esta-no-gatilho\/#google_vignette\">Gazeta Brasil<\/a><\/em><\/strong><\/p>\n","protected":false},"excerpt":{"rendered":"<p>O vice-secret\u00e1rio-geral do Hezbollah, Naim Qassem, afirmou que o grupo terrorista est\u00e1 pronto para usar a for\u00e7a \u201cna medida do necess\u00e1rio\u201d para defender Gaza e confrontar Israel. O Hezbollah est\u00e1 no centro da batalha da resist\u00eancia para defender Gaza e enfrentar a ocupa\u00e7\u00e3o e sua agress\u00e3o na Palestina, no L\u00edbano e na regi\u00e3o\u201d, disse Qassem [&hellip;]<\/p>\n","protected":false},"author":2,"featured_media":46300,"comment_status":"open","ping_status":"open","sticky":false,"template":"","format":"standard","meta":{"footnotes":""},"categories":[41],"tags":[21786,4491,21785,162],"class_list":["post-46299","post","type-post","status-publish","format-standard","has-post-thumbnail","hentry","category-internacional","tag-ameaca-a-israel","tag-guerra","tag-hezbollah","tag-israel"],"yoast_head":"<!-- This site is optimized with the Yoast SEO plugin v26.5 - https:\/\/yoast.com\/wordpress\/plugins\/seo\/ -->\n<title>Hezbollah amea\u00e7a Israel com uso da for\u00e7a: \u2018m\u00e3o est\u00e1 no gatilho\u2019 - Jornal Fatos e Not\u00edcias<\/title>\n<meta name=\"robots\" content=\"index, follow, max-snippet:-1, max-image-preview:large, max-video-preview:-1\" \/>\n<link rel=\"canonical\" href=\"https:\/\/jornalfatosenoticias.com.br\/index.php\/2023\/10\/24\/hezbollah-ameaca-israel-com-uso-da-forca-mao-esta-no-gatilho\/\" \/>\n<meta property=\"og:locale\" content=\"pt_BR\" \/>\n<meta property=\"og:type\" content=\"article\" \/>\n<meta property=\"og:title\" content=\"Hezbollah amea\u00e7a Israel com uso da for\u00e7a: \u2018m\u00e3o est\u00e1 no gatilho\u2019 - Jornal Fatos e Not\u00edcias\" \/>\n<meta property=\"og:description\" content=\"O vice-secret\u00e1rio-geral do Hezbollah, Naim Qassem, afirmou que o grupo terrorista est\u00e1 pronto para usar a for\u00e7a \u201cna medida do necess\u00e1rio\u201d para defender Gaza e confrontar Israel. O Hezbollah est\u00e1 no centro da batalha da resist\u00eancia para defender Gaza e enfrentar a ocupa\u00e7\u00e3o e sua agress\u00e3o na Palestina, no L\u00edbano e na regi\u00e3o\u201d, disse Qassem [&hellip;]\" \/>\n<meta property=\"og:url\" content=\"https:\/\/jornalfatosenoticias.com.br\/index.php\/2023\/10\/24\/hezbollah-ameaca-israel-com-uso-da-forca-mao-esta-no-gatilho\/\" \/>\n<meta property=\"og:site_name\" content=\"Jornal Fatos e Not\u00edcias\" \/>\n<meta property=\"article:published_time\" content=\"2023-10-24T18:08:59+00:00\" \/>\n<meta property=\"article:modified_time\" content=\"2023-10-24T18:09:00+00:00\" \/>\n<meta property=\"og:image\" content=\"https:\/\/jornalfatosenoticias.com.br\/wp-content\/uploads\/2023\/10\/Naeem-Qassem_hezbollah.png\" \/>\n\t<meta property=\"og:image:width\" content=\"640\" \/>\n\t<meta property=\"og:image:height\" content=\"339\" \/>\n\t<meta property=\"og:image:type\" content=\"image\/png\" \/>\n<meta name=\"author\" content=\"Luzimara Fernandes\" \/>\n<meta name=\"twitter:card\" content=\"summary_large_image\" \/>\n<meta name=\"twitter:label1\" content=\"Escrito por\" \/>\n\t<meta name=\"twitter:data1\" content=\"Luzimara Fernandes\" \/>\n\t<meta name=\"twitter:label2\" content=\"Est. tempo de leitura\" \/>\n\t<meta name=\"twitter:data2\" content=\"1 minuto\" \/>\n<script type=\"application\/ld+json\" class=\"yoast-schema-graph\">{\"@context\":\"https:\/\/schema.org\",\"@graph\":[{\"@type\":\"Article\",\"@id\":\"https:\/\/jornalfatosenoticias.com.br\/index.php\/2023\/10\/24\/hezbollah-ameaca-israel-com-uso-da-forca-mao-esta-no-gatilho\/#article\",\"isPartOf\":{\"@id\":\"https:\/\/jornalfatosenoticias.com.br\/index.php\/2023\/10\/24\/hezbollah-ameaca-israel-com-uso-da-forca-mao-esta-no-gatilho\/\"},\"author\":{\"name\":\"Luzimara Fernandes\",\"@id\":\"https:\/\/jornalfatosenoticias.com.br\/#\/schema\/person\/d63837fa13ac8666eb9e74e0985d6f81\"},\"headline\":\"Hezbollah amea\u00e7a Israel com uso da for\u00e7a: \u2018m\u00e3o est\u00e1 no gatilho\u2019\",\"datePublished\":\"2023-10-24T18:08:59+00:00\",\"dateModified\":\"2023-10-24T18:09:00+00:00\",\"mainEntityOfPage\":{\"@id\":\"https:\/\/jornalfatosenoticias.com.br\/index.php\/2023\/10\/24\/hezbollah-ameaca-israel-com-uso-da-forca-mao-esta-no-gatilho\/\"},\"wordCount\":149,\"commentCount\":0,\"publisher\":{\"@id\":\"https:\/\/jornalfatosenoticias.com.br\/#organization\"},\"image\":{\"@id\":\"https:\/\/jornalfatosenoticias.com.br\/index.php\/2023\/10\/24\/hezbollah-ameaca-israel-com-uso-da-forca-mao-esta-no-gatilho\/#primaryimage\"},\"thumbnailUrl\":\"https:\/\/jornalfatosenoticias.com.br\/wp-content\/uploads\/2023\/10\/Naeem-Qassem_hezbollah.png\",\"keywords\":[\"amea\u00e7a a Israel\",\"guerra\",\"Hezbollah\",\"Israel\"],\"articleSection\":[\"Internacional\"],\"inLanguage\":\"pt-BR\",\"potentialAction\":[{\"@type\":\"CommentAction\",\"name\":\"Comment\",\"target\":[\"https:\/\/jornalfatosenoticias.com.br\/index.php\/2023\/10\/24\/hezbollah-ameaca-israel-com-uso-da-forca-mao-esta-no-gatilho\/#respond\"]}]},{\"@type\":\"WebPage\",\"@id\":\"https:\/\/jornalfatosenoticias.com.br\/index.php\/2023\/10\/24\/hezbollah-ameaca-israel-com-uso-da-forca-mao-esta-no-gatilho\/\",\"url\":\"https:\/\/jornalfatosenoticias.com.br\/index.php\/2023\/10\/24\/hezbollah-ameaca-israel-com-uso-da-forca-mao-esta-no-gatilho\/\",\"name\":\"Hezbollah amea\u00e7a Israel com uso da for\u00e7a: \u2018m\u00e3o est\u00e1 no gatilho\u2019 - Jornal Fatos e Not\u00edcias\",\"isPartOf\":{\"@id\":\"https:\/\/jornalfatosenoticias.com.br\/#website\"},\"primaryImageOfPage\":{\"@id\":\"https:\/\/jornalfatosenoticias.com.br\/index.php\/2023\/10\/24\/hezbollah-ameaca-israel-com-uso-da-forca-mao-esta-no-gatilho\/#primaryimage\"},\"image\":{\"@id\":\"https:\/\/jornalfatosenoticias.com.br\/index.php\/2023\/10\/24\/hezbollah-ameaca-israel-com-uso-da-forca-mao-esta-no-gatilho\/#primaryimage\"},\"thumbnailUrl\":\"https:\/\/jornalfatosenoticias.com.br\/wp-content\/uploads\/2023\/10\/Naeem-Qassem_hezbollah.png\",\"datePublished\":\"2023-10-24T18:08:59+00:00\",\"dateModified\":\"2023-10-24T18:09:00+00:00\",\"breadcrumb\":{\"@id\":\"https:\/\/jornalfatosenoticias.com.br\/index.php\/2023\/10\/24\/hezbollah-ameaca-israel-com-uso-da-forca-mao-esta-no-gatilho\/#breadcrumb\"},\"inLanguage\":\"pt-BR\",\"potentialAction\":[{\"@type\":\"ReadAction\",\"target\":[\"https:\/\/jornalfatosenoticias.com.br\/index.php\/2023\/10\/24\/hezbollah-ameaca-israel-com-uso-da-forca-mao-esta-no-gatilho\/\"]}]},{\"@type\":\"ImageObject\",\"inLanguage\":\"pt-BR\",\"@id\":\"https:\/\/jornalfatosenoticias.com.br\/index.php\/2023\/10\/24\/hezbollah-ameaca-israel-com-uso-da-forca-mao-esta-no-gatilho\/#primaryimage\",\"url\":\"https:\/\/jornalfatosenoticias.com.br\/wp-content\/uploads\/2023\/10\/Naeem-Qassem_hezbollah.png\",\"contentUrl\":\"https:\/\/jornalfatosenoticias.com.br\/wp-content\/uploads\/2023\/10\/Naeem-Qassem_hezbollah.png\",\"width\":640,\"height\":339},{\"@type\":\"BreadcrumbList\",\"@id\":\"https:\/\/jornalfatosenoticias.com.br\/index.php\/2023\/10\/24\/hezbollah-ameaca-israel-com-uso-da-forca-mao-esta-no-gatilho\/#breadcrumb\",\"itemListElement\":[{\"@type\":\"ListItem\",\"position\":1,\"name\":\"In\u00edcio\",\"item\":\"https:\/\/jornalfatosenoticias.com.br\/\"},{\"@type\":\"ListItem\",\"position\":2,\"name\":\"Hezbollah amea\u00e7a Israel com uso da for\u00e7a: \u2018m\u00e3o est\u00e1 no gatilho\u2019\"}]},{\"@type\":\"WebSite\",\"@id\":\"https:\/\/jornalfatosenoticias.com.br\/#website\",\"url\":\"https:\/\/jornalfatosenoticias.com.br\/\",\"name\":\"Jornal Fatos e Not\u00edcias\",\"description\":\"Not\u00edcias em geral\",\"publisher\":{\"@id\":\"https:\/\/jornalfatosenoticias.com.br\/#organization\"},\"potentialAction\":[{\"@type\":\"SearchAction\",\"target\":{\"@type\":\"EntryPoint\",\"urlTemplate\":\"https:\/\/jornalfatosenoticias.com.br\/?s={search_term_string}\"},\"query-input\":{\"@type\":\"PropertyValueSpecification\",\"valueRequired\":true,\"valueName\":\"search_term_string\"}}],\"inLanguage\":\"pt-BR\"},{\"@type\":\"Organization\",\"@id\":\"https:\/\/jornalfatosenoticias.com.br\/#organization\",\"name\":\"Jornal Fatos e Not\u00edcias\",\"url\":\"https:\/\/jornalfatosenoticias.com.br\/\",\"logo\":{\"@type\":\"ImageObject\",\"inLanguage\":\"pt-BR\",\"@id\":\"https:\/\/jornalfatosenoticias.com.br\/#\/schema\/logo\/image\/\",\"url\":\"https:\/\/jornalfatosenoticias.com.br\/wp-content\/uploads\/2020\/02\/logo120.png\",\"contentUrl\":\"https:\/\/jornalfatosenoticias.com.br\/wp-content\/uploads\/2020\/02\/logo120.png\",\"width\":1227,\"height\":120,\"caption\":\"Jornal Fatos e Not\u00edcias\"},\"image\":{\"@id\":\"https:\/\/jornalfatosenoticias.com.br\/#\/schema\/logo\/image\/\"}},{\"@type\":\"Person\",\"@id\":\"https:\/\/jornalfatosenoticias.com.br\/#\/schema\/person\/d63837fa13ac8666eb9e74e0985d6f81\",\"name\":\"Luzimara Fernandes\",\"image\":{\"@type\":\"ImageObject\",\"inLanguage\":\"pt-BR\",\"@id\":\"https:\/\/jornalfatosenoticias.com.br\/#\/schema\/person\/image\/\",\"url\":\"https:\/\/jornalfatosenoticias.com.br\/wp-content\/uploads\/2025\/05\/EU_portal.jpg\",\"contentUrl\":\"https:\/\/jornalfatosenoticias.com.br\/wp-content\/uploads\/2025\/05\/EU_portal.jpg\",\"caption\":\"Luzimara Fernandes\"},\"description\":\"Jornalista MTB 2358-ES\",\"sameAs\":[\"https:\/\/jornalfatosenoticias.com.br\"],\"url\":\"https:\/\/jornalfatosenoticias.com.br\/index.php\/author\/luzimara\/\"}]}<\/script>\n<!-- \/ Yoast SEO plugin. -->","yoast_head_json":{"title":"Hezbollah amea\u00e7a Israel com uso da for\u00e7a: \u2018m\u00e3o est\u00e1 no gatilho\u2019 - Jornal Fatos e Not\u00edcias","robots":{"index":"index","follow":"follow","max-snippet":"max-snippet:-1","max-image-preview":"max-image-preview:large","max-video-preview":"max-video-preview:-1"},"canonical":"https:\/\/jornalfatosenoticias.com.br\/index.php\/2023\/10\/24\/hezbollah-ameaca-israel-com-uso-da-forca-mao-esta-no-gatilho\/","og_locale":"pt_BR","og_type":"article","og_title":"Hezbollah amea\u00e7a Israel com uso da for\u00e7a: \u2018m\u00e3o est\u00e1 no gatilho\u2019 - Jornal Fatos e Not\u00edcias","og_description":"O vice-secret\u00e1rio-geral do Hezbollah, Naim Qassem, afirmou que o grupo terrorista est\u00e1 pronto para usar a for\u00e7a \u201cna medida do necess\u00e1rio\u201d para defender Gaza e confrontar Israel. O Hezbollah est\u00e1 no centro da batalha da resist\u00eancia para defender Gaza e enfrentar a ocupa\u00e7\u00e3o e sua agress\u00e3o na Palestina, no L\u00edbano e na regi\u00e3o\u201d, disse Qassem [&hellip;]","og_url":"https:\/\/jornalfatosenoticias.com.br\/index.php\/2023\/10\/24\/hezbollah-ameaca-israel-com-uso-da-forca-mao-esta-no-gatilho\/","og_site_name":"Jornal Fatos e Not\u00edcias","article_published_time":"2023-10-24T18:08:59+00:00","article_modified_time":"2023-10-24T18:09:00+00:00","og_image":[{"width":640,"height":339,"url":"https:\/\/jornalfatosenoticias.com.br\/wp-content\/uploads\/2023\/10\/Naeem-Qassem_hezbollah.png","type":"image\/png"}],"author":"Luzimara Fernandes","twitter_card":"summary_large_image","twitter_misc":{"Escrito por":"Luzimara Fernandes","Est. tempo de leitura":"1 minuto"},"schema":{"@context":"https:\/\/schema.org","@graph":[{"@type":"Article","@id":"https:\/\/jornalfatosenoticias.com.br\/index.php\/2023\/10\/24\/hezbollah-ameaca-israel-com-uso-da-forca-mao-esta-no-gatilho\/#article","isPartOf":{"@id":"https:\/\/jornalfatosenoticias.com.br\/index.php\/2023\/10\/24\/hezbollah-ameaca-israel-com-uso-da-forca-mao-esta-no-gatilho\/"},"author":{"name":"Luzimara Fernandes","@id":"https:\/\/jornalfatosenoticias.com.br\/#\/schema\/person\/d63837fa13ac8666eb9e74e0985d6f81"},"headline":"Hezbollah amea\u00e7a Israel com uso da for\u00e7a: \u2018m\u00e3o est\u00e1 no gatilho\u2019","datePublished":"2023-10-24T18:08:59+00:00","dateModified":"2023-10-24T18:09:00+00:00","mainEntityOfPage":{"@id":"https:\/\/jornalfatosenoticias.com.br\/index.php\/2023\/10\/24\/hezbollah-ameaca-israel-com-uso-da-forca-mao-esta-no-gatilho\/"},"wordCount":149,"commentCount":0,"publisher":{"@id":"https:\/\/jornalfatosenoticias.com.br\/#organization"},"image":{"@id":"https:\/\/jornalfatosenoticias.com.br\/index.php\/2023\/10\/24\/hezbollah-ameaca-israel-com-uso-da-forca-mao-esta-no-gatilho\/#primaryimage"},"thumbnailUrl":"https:\/\/jornalfatosenoticias.com.br\/wp-content\/uploads\/2023\/10\/Naeem-Qassem_hezbollah.png","keywords":["amea\u00e7a a Israel","guerra","Hezbollah","Israel"],"articleSection":["Internacional"],"inLanguage":"pt-BR","potentialAction":[{"@type":"CommentAction","name":"Comment","target":["https:\/\/jornalfatosenoticias.com.br\/index.php\/2023\/10\/24\/hezbollah-ameaca-israel-com-uso-da-forca-mao-esta-no-gatilho\/#respond"]}]},{"@type":"WebPage","@id":"https:\/\/jornalfatosenoticias.com.br\/index.php\/2023\/10\/24\/hezbollah-ameaca-israel-com-uso-da-forca-mao-esta-no-gatilho\/","url":"https:\/\/jornalfatosenoticias.com.br\/index.php\/2023\/10\/24\/hezbollah-ameaca-israel-com-uso-da-forca-mao-esta-no-gatilho\/","name":"Hezbollah amea\u00e7a Israel com uso da for\u00e7a: \u2018m\u00e3o est\u00e1 no gatilho\u2019 - Jornal Fatos e Not\u00edcias","isPartOf":{"@id":"https:\/\/jornalfatosenoticias.com.br\/#website"},"primaryImageOfPage":{"@id":"https:\/\/jornalfatosenoticias.com.br\/index.php\/2023\/10\/24\/hezbollah-ameaca-israel-com-uso-da-forca-mao-esta-no-gatilho\/#primaryimage"},"image":{"@id":"https:\/\/jornalfatosenoticias.com.br\/index.php\/2023\/10\/24\/hezbollah-ameaca-israel-com-uso-da-forca-mao-esta-no-gatilho\/#primaryimage"},"thumbnailUrl":"https:\/\/jornalfatosenoticias.com.br\/wp-content\/uploads\/2023\/10\/Naeem-Qassem_hezbollah.png","datePublished":"2023-10-24T18:08:59+00:00","dateModified":"2023-10-24T18:09:00+00:00","breadcrumb":{"@id":"https:\/\/jornalfatosenoticias.com.br\/index.php\/2023\/10\/24\/hezbollah-ameaca-israel-com-uso-da-forca-mao-esta-no-gatilho\/#breadcrumb"},"inLanguage":"pt-BR","potentialAction":[{"@type":"ReadAction","target":["https:\/\/jornalfatosenoticias.com.br\/index.php\/2023\/10\/24\/hezbollah-ameaca-israel-com-uso-da-forca-mao-esta-no-gatilho\/"]}]},{"@type":"ImageObject","inLanguage":"pt-BR","@id":"https:\/\/jornalfatosenoticias.com.br\/index.php\/2023\/10\/24\/hezbollah-ameaca-israel-com-uso-da-forca-mao-esta-no-gatilho\/#primaryimage","url":"https:\/\/jornalfatosenoticias.com.br\/wp-content\/uploads\/2023\/10\/Naeem-Qassem_hezbollah.png","contentUrl":"https:\/\/jornalfatosenoticias.com.br\/wp-content\/uploads\/2023\/10\/Naeem-Qassem_hezbollah.png","width":640,"height":339},{"@type":"BreadcrumbList","@id":"https:\/\/jornalfatosenoticias.com.br\/index.php\/2023\/10\/24\/hezbollah-ameaca-israel-com-uso-da-forca-mao-esta-no-gatilho\/#breadcrumb","itemListElement":[{"@type":"ListItem","position":1,"name":"In\u00edcio","item":"https:\/\/jornalfatosenoticias.com.br\/"},{"@type":"ListItem","position":2,"name":"Hezbollah amea\u00e7a Israel com uso da for\u00e7a: \u2018m\u00e3o est\u00e1 no gatilho\u2019"}]},{"@type":"WebSite","@id":"https:\/\/jornalfatosenoticias.com.br\/#website","url":"https:\/\/jornalfatosenoticias.com.br\/","name":"Jornal Fatos e Not\u00edcias","description":"Not\u00edcias em geral","publisher":{"@id":"https:\/\/jornalfatosenoticias.com.br\/#organization"},"potentialAction":[{"@type":"SearchAction","target":{"@type":"EntryPoint","urlTemplate":"https:\/\/jornalfatosenoticias.com.br\/?s={search_term_string}"},"query-input":{"@type":"PropertyValueSpecification","valueRequired":true,"valueName":"search_term_string"}}],"inLanguage":"pt-BR"},{"@type":"Organization","@id":"https:\/\/jornalfatosenoticias.com.br\/#organization","name":"Jornal Fatos e Not\u00edcias","url":"https:\/\/jornalfatosenoticias.com.br\/","logo":{"@type":"ImageObject","inLanguage":"pt-BR","@id":"https:\/\/jornalfatosenoticias.com.br\/#\/schema\/logo\/image\/","url":"https:\/\/jornalfatosenoticias.com.br\/wp-content\/uploads\/2020\/02\/logo120.png","contentUrl":"https:\/\/jornalfatosenoticias.com.br\/wp-content\/uploads\/2020\/02\/logo120.png","width":1227,"height":120,"caption":"Jornal Fatos e Not\u00edcias"},"image":{"@id":"https:\/\/jornalfatosenoticias.com.br\/#\/schema\/logo\/image\/"}},{"@type":"Person","@id":"https:\/\/jornalfatosenoticias.com.br\/#\/schema\/person\/d63837fa13ac8666eb9e74e0985d6f81","name":"Luzimara Fernandes","image":{"@type":"ImageObject","inLanguage":"pt-BR","@id":"https:\/\/jornalfatosenoticias.com.br\/#\/schema\/person\/image\/","url":"https:\/\/jornalfatosenoticias.com.br\/wp-content\/uploads\/2025\/05\/EU_portal.jpg","contentUrl":"https:\/\/jornalfatosenoticias.com.br\/wp-content\/uploads\/2025\/05\/EU_portal.jpg","caption":"Luzimara Fernandes"},"description":"Jornalista MTB 2358-ES","sameAs":["https:\/\/jornalfatosenoticias.com.br"],"url":"https:\/\/jornalfatosenoticias.com.br\/index.php\/author\/luzimara\/"}]}},"cc_featured_image_caption":{"caption_text":"(Foto: Reprodu\u00e7\u00e3o) ","source_text":"","source_url":""},"jetpack_featured_media_url":"https:\/\/jornalfatosenoticias.com.br\/wp-content\/uploads\/2023\/10\/Naeem-Qassem_hezbollah.png","_links":{"self":[{"href":"https:\/\/jornalfatosenoticias.com.br\/index.php\/wp-json\/wp\/v2\/posts\/46299","targetHints":{"allow":["GET"]}}],"collection":[{"href":"https:\/\/jornalfatosenoticias.com.br\/index.php\/wp-json\/wp\/v2\/posts"}],"about":[{"href":"https:\/\/jornalfatosenoticias.com.br\/index.php\/wp-json\/wp\/v2\/types\/post"}],"author":[{"embeddable":true,"href":"https:\/\/jornalfatosenoticias.com.br\/index.php\/wp-json\/wp\/v2\/users\/2"}],"replies":[{"embeddable":true,"href":"https:\/\/jornalfatosenoticias.com.br\/index.php\/wp-json\/wp\/v2\/comments?post=46299"}],"version-history":[{"count":0,"href":"https:\/\/jornalfatosenoticias.com.br\/index.php\/wp-json\/wp\/v2\/posts\/46299\/revisions"}],"wp:featuredmedia":[{"embeddable":true,"href":"https:\/\/jornalfatosenoticias.com.br\/index.php\/wp-json\/wp\/v2\/media\/46300"}],"wp:attachment":[{"href":"https:\/\/jornalfatosenoticias.com.br\/index.php\/wp-json\/wp\/v2\/media?parent=46299"}],"wp:term":[{"taxonomy":"category","embeddable":true,"href":"https:\/\/jornalfatosenoticias.com.br\/index.php\/wp-json\/wp\/v2\/categories?post=46299"},{"taxonomy":"post_tag","embeddable":true,"href":"https:\/\/jornalfatosenoticias.com.br\/index.php\/wp-json\/wp\/v2\/tags?post=46299"}],"curies":[{"name":"wp","href":"https:\/\/api.w.org\/{rel}","templated":true}]}}