{"id":46322,"date":"2023-10-25T10:21:10","date_gmt":"2023-10-25T13:21:10","guid":{"rendered":"https:\/\/jornalfatosenoticias.com.br\/?p=46322"},"modified":"2023-10-25T10:21:11","modified_gmt":"2023-10-25T13:21:11","slug":"positividade-toxica-e-otimismo-como-lidar-com-as-emocoes","status":"publish","type":"post","link":"https:\/\/jornalfatosenoticias.com.br\/index.php\/2023\/10\/25\/positividade-toxica-e-otimismo-como-lidar-com-as-emocoes\/","title":{"rendered":"Positividade t\u00f3xica e otimismo: como lidar com as emo\u00e7\u00f5es?"},"content":{"rendered":"\n<p><em><span class=\"has-inline-color has-black-color\">Por <strong><a href=\"https:\/\/vitat.com.br\/author\/alexandre-raith\/\">Ag\u00eancia Einstein<\/a><\/strong><\/span><\/em><\/p>\n\n\n\n<div class=\"wp-block-image\"><figure class=\"aligncenter size-large\"><img loading=\"lazy\" decoding=\"async\" width=\"1024\" height=\"100\" src=\"https:\/\/jornalfatosenoticias.com.br\/wp-content\/uploads\/2022\/05\/NOVA-LOGO-CESCONETTO-1024x100.jpg\" alt=\"\" class=\"wp-image-30792\" srcset=\"https:\/\/jornalfatosenoticias.com.br\/wp-content\/uploads\/2022\/05\/NOVA-LOGO-CESCONETTO-1024x100.jpg 1024w, https:\/\/jornalfatosenoticias.com.br\/wp-content\/uploads\/2022\/05\/NOVA-LOGO-CESCONETTO-300x29.jpg 300w, https:\/\/jornalfatosenoticias.com.br\/wp-content\/uploads\/2022\/05\/NOVA-LOGO-CESCONETTO-768x75.jpg 768w, https:\/\/jornalfatosenoticias.com.br\/wp-content\/uploads\/2022\/05\/NOVA-LOGO-CESCONETTO.jpg 1280w\" sizes=\"auto, (max-width: 1024px) 100vw, 1024px\" \/><\/figure><\/div>\n\n\n\n<p>O <strong>otimismo<\/strong> \u00e9 uma forma de enxergar os pontos positivos da vida sem ignorar os negativos, ao contr\u00e1rio do que acontece na <strong>positividade t\u00f3xica.<\/strong> Esse \u00faltimo termo, muito usado em discuss\u00f5es sobre pensamentos excessivamente positivos na pandemia, indica evitar emo\u00e7\u00f5es e tentar esfor\u00e7adamente buscar um lado bom mesmo em momentos de dificuldade.<br>\u00c9 fato que nem todo mundo lida bem com as fases dif\u00edceis quando \u00e9 preciso vivenciar a tristeza, a raiva, a ang\u00fastia, o luto. No entanto, \u00e9 importante identificar os sentimentos e evitar a positividade t\u00f3xica. De acordo com o m\u00e9dico coordenador da psiquiatria do Hospital Israelita Albert Einstein, Alfredo Maluf, o comportamento \u00e9 diferente da positividade saud\u00e1vel ou do otimismo.<br>Segundo o especialista, as emo\u00e7\u00f5es s\u00e3o como uma \u201czona de equil\u00edbrio\u201d. Assim, elas se dividem em positivas e negativas. \u00c9 natural que algumas pessoas apresentem tend\u00eancias negativas, enquanto outras buscam uma maior positividade na forma de enxergar o mundo. <\/p>\n\n\n\n<div class=\"wp-block-image\"><figure class=\"aligncenter size-large\"><img loading=\"lazy\" decoding=\"async\" width=\"300\" height=\"300\" src=\"https:\/\/jornalfatosenoticias.com.br\/wp-content\/uploads\/2020\/02\/casa-do-torresmo_portal.jpg\" alt=\"\" class=\"wp-image-34472\" srcset=\"https:\/\/jornalfatosenoticias.com.br\/wp-content\/uploads\/2020\/02\/casa-do-torresmo_portal.jpg 300w, https:\/\/jornalfatosenoticias.com.br\/wp-content\/uploads\/2020\/02\/casa-do-torresmo_portal-150x150.jpg 150w\" sizes=\"auto, (max-width: 300px) 100vw, 300px\" \/><\/figure><\/div>\n\n\n\n<blockquote class=\"wp-block-quote is-layout-flow wp-block-quote-is-layout-flow\"><p><span class=\"has-inline-color has-luminous-vivid-orange-color\">O problema \u00e9 que quando h\u00e1 um desequil\u00edbrio nesta zona, cria-se uma esp\u00e9cie de mecanismo de defesa de situa\u00e7\u00f5es irreais, onde se tenta a todo instante eliminar a parte negativa das emo\u00e7\u00f5es e da vida\u201d, comenta.<\/span><\/p><\/blockquote>\n\n\n\n<div class=\"wp-block-image\"><figure class=\"aligncenter size-large is-resized\"><img loading=\"lazy\" decoding=\"async\" src=\"https:\/\/jornalfatosenoticias.com.br\/wp-content\/uploads\/2020\/02\/logo-Rapuzel-1024x571.jpg\" alt=\"\" class=\"wp-image-42808\" width=\"346\" height=\"193\" srcset=\"https:\/\/jornalfatosenoticias.com.br\/wp-content\/uploads\/2020\/02\/logo-Rapuzel-1024x571.jpg 1024w, https:\/\/jornalfatosenoticias.com.br\/wp-content\/uploads\/2020\/02\/logo-Rapuzel-300x167.jpg 300w, https:\/\/jornalfatosenoticias.com.br\/wp-content\/uploads\/2020\/02\/logo-Rapuzel-768x428.jpg 768w, https:\/\/jornalfatosenoticias.com.br\/wp-content\/uploads\/2020\/02\/logo-Rapuzel-1536x856.jpg 1536w, https:\/\/jornalfatosenoticias.com.br\/wp-content\/uploads\/2020\/02\/logo-Rapuzel.jpg 1600w\" sizes=\"auto, (max-width: 346px) 100vw, 346px\" \/><\/figure><\/div>\n\n\n\n<p>Um estudo realizado pelos <a href=\"https:\/\/www.ncbi.nlm.nih.gov\/pmc\/articles\/PMC3045747\/#R9\" target=\"_blank\" rel=\"noreferrer noopener\">departamentos de psicologia das Universidades de Denver e de Nevada<\/a>, nos Estados Unidos, indicou que n\u00e3o aceitar emo\u00e7\u00f5es negativas, como raiva, culpa e medo, pode gerar problemas na sa\u00fade mental. Por exemplo, a depress\u00e3o e a <a href=\"https:\/\/vitat.com.br\/ansiedade\/\">ansiedade<\/a>.\u00a0A pesquisa foi realizada com 116 mulheres que responderam a question\u00e1rios sobre aceita\u00e7\u00e3o e afetos negativos. <\/p>\n\n\n\n<div class=\"wp-block-image\"><figure class=\"aligncenter size-large is-resized\"><img loading=\"lazy\" decoding=\"async\" src=\"https:\/\/jornalfatosenoticias.com.br\/wp-content\/uploads\/2023\/08\/Steel.jpeg\" alt=\"\" class=\"wp-image-44634\" width=\"318\" height=\"258\" srcset=\"https:\/\/jornalfatosenoticias.com.br\/wp-content\/uploads\/2023\/08\/Steel.jpeg 800w, https:\/\/jornalfatosenoticias.com.br\/wp-content\/uploads\/2023\/08\/Steel-300x244.jpeg 300w, https:\/\/jornalfatosenoticias.com.br\/wp-content\/uploads\/2023\/08\/Steel-768x624.jpeg 768w\" sizes=\"auto, (max-width: 318px) 100vw, 318px\" \/><\/figure><\/div>\n\n\n\n<p>Al\u00e9m disso, elas assistiram a dois v\u00eddeos projetados para induzir sentimentos em diferentes escalas. Ap\u00f3s cada v\u00eddeo, as participantes avaliaram a intensidade m\u00e1xima de emo\u00e7\u00f5es negativas que experimentaram durante a exibi\u00e7\u00e3o.<br>Com a experi\u00eancia, os autores relatam que a nega\u00e7\u00e3o de sentimentos tende a ocorrer com frequ\u00eancia. Como consequ\u00eancia, pode ser prejudicial \u00e0 sa\u00fade mental: \u201cparadoxalmente, aceitar, em vez de evitar uma emo\u00e7\u00e3o negativa, pode estar associada a n\u00edveis mais baixos de afeto negativo\u201d, comentam os respons\u00e1veis pelo estudo.<\/p>\n\n\n\n<div class=\"wp-block-image\"><figure class=\"aligncenter size-large is-resized\"><img loading=\"lazy\" decoding=\"async\" src=\"https:\/\/jornalfatosenoticias.com.br\/wp-content\/uploads\/2023\/07\/lacremoda.jpg\" alt=\"\" class=\"wp-image-43706\" width=\"352\" height=\"197\" srcset=\"https:\/\/jornalfatosenoticias.com.br\/wp-content\/uploads\/2023\/07\/lacremoda.jpg 1024w, https:\/\/jornalfatosenoticias.com.br\/wp-content\/uploads\/2023\/07\/lacremoda-300x168.jpg 300w, https:\/\/jornalfatosenoticias.com.br\/wp-content\/uploads\/2023\/07\/lacremoda-768x431.jpg 768w\" sizes=\"auto, (max-width: 352px) 100vw, 352px\" \/><\/figure><\/div>\n\n\n\n<p>O psiquiatra do Einstein explica que \u201ca pessoa que apresenta um positivismo t\u00f3xico sempre acha que tudo vai dar certo. Acha que as coisas sempre se encaixam e assim tenta se proteger dos lados da tristeza e amarguras da vida. Diante disso, ela reproduz atitudes e frases que passam por cima de sentimentos ruins. Ou seja, a frase \u2018pense positivo\u2019 muitas vezes j\u00e1 \u00e9 um positivismo t\u00f3xico em momentos que n\u00e3o \u00e9 poss\u00edvel levar a situa\u00e7\u00e3o com positividade\u201d, pontua Maluf.<\/p>\n\n\n\n<div class=\"wp-block-image\"><figure class=\"aligncenter size-large is-resized\"><img loading=\"lazy\" decoding=\"async\" src=\"https:\/\/jornalfatosenoticias.com.br\/wp-content\/uploads\/2022\/10\/Arte-jornal-Zucchi-600x600_Prancheta-1-1024x1024.jpg\" alt=\"\" class=\"wp-image-34782\" width=\"308\" height=\"308\" srcset=\"https:\/\/jornalfatosenoticias.com.br\/wp-content\/uploads\/2022\/10\/Arte-jornal-Zucchi-600x600_Prancheta-1-1024x1024.jpg 1024w, https:\/\/jornalfatosenoticias.com.br\/wp-content\/uploads\/2022\/10\/Arte-jornal-Zucchi-600x600_Prancheta-1-300x300.jpg 300w, https:\/\/jornalfatosenoticias.com.br\/wp-content\/uploads\/2022\/10\/Arte-jornal-Zucchi-600x600_Prancheta-1-150x150.jpg 150w, https:\/\/jornalfatosenoticias.com.br\/wp-content\/uploads\/2022\/10\/Arte-jornal-Zucchi-600x600_Prancheta-1-768x768.jpg 768w, https:\/\/jornalfatosenoticias.com.br\/wp-content\/uploads\/2022\/10\/Arte-jornal-Zucchi-600x600_Prancheta-1.jpg 1250w\" sizes=\"auto, (max-width: 308px) 100vw, 308px\" \/><\/figure><\/div>\n\n\n\n<p>Al\u00e9m disso, entender os sentimentos com mais naturalidade tamb\u00e9m auxilia no entendimento. Por exemplo, raiva, tristeza, des\u00e2nimo e sentimentos negativos s\u00e3o comuns e inevit\u00e1veis. De acordo com o psiquiatra, \u00e9 diferente de patologias como a <a href=\"https:\/\/vitat.com.br\/depressao-o-que-e\/\" target=\"_blank\" rel=\"noreferrer noopener\">depress\u00e3o<\/a> e n\u00edveis elevados de ansiedade.<\/p>\n\n\n\n<div class=\"wp-block-image\"><figure class=\"aligncenter size-large is-resized\"><img loading=\"lazy\" decoding=\"async\" src=\"https:\/\/jornalfatosenoticias.com.br\/wp-content\/uploads\/2023\/03\/nova-logo-Marquetti.jpg\" alt=\"\" class=\"wp-image-40207\" width=\"321\" height=\"216\" srcset=\"https:\/\/jornalfatosenoticias.com.br\/wp-content\/uploads\/2023\/03\/nova-logo-Marquetti.jpg 643w, https:\/\/jornalfatosenoticias.com.br\/wp-content\/uploads\/2023\/03\/nova-logo-Marquetti-300x202.jpg 300w\" sizes=\"auto, (max-width: 321px) 100vw, 321px\" \/><\/figure><\/div>\n\n\n\n<p>Desse modo, a positividade t\u00f3xica pode prejudicar a sa\u00fade de um indiv\u00edduo, impedindo-o de trabalhar, pensar e aprender com os momentos dif\u00edceis, que t\u00eam o mesmo valor das experi\u00eancias boas. Maluf tamb\u00e9m observa que essa nega\u00e7\u00e3o das pr\u00f3prias emo\u00e7\u00f5es tem potencial de acontecer tamb\u00e9m em ambientes e rela\u00e7\u00f5es t\u00f3xicas.<\/p>\n\n\n\n<div class=\"wp-block-image\"><figure class=\"aligncenter size-large is-resized\"><img loading=\"lazy\" decoding=\"async\" src=\"https:\/\/jornalfatosenoticias.com.br\/wp-content\/uploads\/2022\/10\/RC_800x750_page-0001.jpg\" alt=\"\" class=\"wp-image-35338\" width=\"278\" height=\"261\" srcset=\"https:\/\/jornalfatosenoticias.com.br\/wp-content\/uploads\/2022\/10\/RC_800x750_page-0001.jpg 400w, https:\/\/jornalfatosenoticias.com.br\/wp-content\/uploads\/2022\/10\/RC_800x750_page-0001-300x281.jpg 300w\" sizes=\"auto, (max-width: 278px) 100vw, 278px\" \/><\/figure><\/div>\n\n\n\n<p>Primeiramente, \u00e9 fundamental desenvolver a aceita\u00e7\u00e3o de emo\u00e7\u00f5es. Al\u00e9m disso, outros costumes e pr\u00e1ticas podem auxiliar no afastamento da positividade t\u00f3xica. O artigo <a href=\"https:\/\/theconversation.com\/toxic-positivity-why-it-is-important-to-live-with-negative-emotions-166008\" target=\"_blank\" rel=\"noreferrer noopener\">\u2018\u2018Toxic positivity\u2019: Why it is important to live with negative emotions\u201d<\/a>, publicado no \u201cThe Conversation\u201d, aponta que mudan\u00e7as simples de atitude j\u00e1 evitam padr\u00f5es. Por exemplo, praticar a escuta e o entendimento de pessoas com problemas e substituir frases como \u201cvai ficar tudo bem\u201d e \u201cpense positivo\u201d por \u201cfoi um dia dif\u00edcil, n\u00e3o foi?\u201d.<br>J\u00e1 Maluf recomenda uma aten\u00e7\u00e3o maior em alguns conte\u00fados de autoajuda, sobretudo livros ou redes sociais. <\/p>\n\n\n\n<div class=\"wp-block-image\"><figure class=\"aligncenter size-large\"><img decoding=\"async\" src=\"https:\/\/jornalfatosenoticias.com.br\/wp-content\/uploads\/2020\/02\/logo_esteio.jpg\" alt=\"\" class=\"wp-image-1214\"\/><\/figure><\/div>\n\n\n\n<blockquote class=\"wp-block-quote is-layout-flow wp-block-quote-is-layout-flow\"><p><span class=\"has-inline-color has-luminous-vivid-orange-color\">Deve-se analisar se tais conte\u00fados auxiliam o leitor a refletir sobre as emo\u00e7\u00f5es ou se o incentiva a negar seus pensamentos e sentimentos\u201d.<\/span><\/p><\/blockquote>\n\n\n\n<div class=\"wp-block-image\"><figure class=\"aligncenter size-large is-resized\"><img loading=\"lazy\" decoding=\"async\" src=\"https:\/\/jornalfatosenoticias.com.br\/wp-content\/uploads\/2023\/08\/ITH.jpeg\" alt=\"\" class=\"wp-image-44638\" width=\"301\" height=\"244\" srcset=\"https:\/\/jornalfatosenoticias.com.br\/wp-content\/uploads\/2023\/08\/ITH.jpeg 800w, https:\/\/jornalfatosenoticias.com.br\/wp-content\/uploads\/2023\/08\/ITH-300x244.jpeg 300w, https:\/\/jornalfatosenoticias.com.br\/wp-content\/uploads\/2023\/08\/ITH-768x624.jpeg 768w\" sizes=\"auto, (max-width: 301px) 100vw, 301px\" \/><\/figure><\/div>\n\n\n\n<p>Por fim, na vis\u00e3o do psiquiatra, \u00e9 necess\u00e1rio possuir condi\u00e7\u00e3o e equil\u00edbrio para poder refletir sobre os sentimentos, em vez de afast\u00e1-los, mesmo que sejam dif\u00edceis. <\/p>\n\n\n\n<blockquote class=\"wp-block-quote is-layout-flow wp-block-quote-is-layout-flow\"><p><span class=\"has-inline-color has-luminous-vivid-orange-color\">Quanto mais aceitarmos que a vida n\u00e3o \u00e9 um mar de rosas, voc\u00ea estar\u00e1 mais preparado para as alegrias e as frustra\u00e7\u00f5es. At\u00e9 das coisas que n\u00e3o esperamos, mas que fazem parte da vida\u201d, conclui o especialista.<\/span><\/p><\/blockquote>\n\n\n\n<div class=\"wp-block-image\"><figure class=\"aligncenter size-large is-resized\"><img loading=\"lazy\" decoding=\"async\" src=\"https:\/\/jornalfatosenoticias.com.br\/wp-content\/uploads\/2023\/03\/logo-Panper_portal.jpg\" alt=\"\" class=\"wp-image-40208\" width=\"315\" height=\"218\" srcset=\"https:\/\/jornalfatosenoticias.com.br\/wp-content\/uploads\/2023\/03\/logo-Panper_portal.jpg 400w, https:\/\/jornalfatosenoticias.com.br\/wp-content\/uploads\/2023\/03\/logo-Panper_portal-300x208.jpg 300w\" sizes=\"auto, (max-width: 315px) 100vw, 315px\" \/><\/figure><\/div>\n\n\n\n<p><strong><em>Fonte: <a href=\"https:\/\/vitat.com.br\/positividade-toxica-e-otimismo\/\">Vitat<\/a><\/em><\/strong><\/p>\n","protected":false},"excerpt":{"rendered":"<p>Por Ag\u00eancia Einstein O otimismo \u00e9 uma forma de enxergar os pontos positivos da vida sem ignorar os negativos, ao contr\u00e1rio do que acontece na positividade t\u00f3xica. Esse \u00faltimo termo, muito usado em discuss\u00f5es sobre pensamentos excessivamente positivos na pandemia, indica evitar emo\u00e7\u00f5es e tentar esfor\u00e7adamente buscar um lado bom mesmo em momentos de dificuldade.\u00c9 [&hellip;]<\/p>\n","protected":false},"author":2,"featured_media":46323,"comment_status":"open","ping_status":"open","sticky":false,"template":"","format":"standard","meta":{"footnotes":""},"categories":[2522],"tags":[2279,385,2375,386,21326,5748],"class_list":["post-46322","post","type-post","status-publish","format-standard","has-post-thumbnail","hentry","category-comportamento","tag-ansiedade","tag-bem-estar","tag-depressao","tag-equilibrio","tag-otimismo-exagerado","tag-positividade-toxica"],"yoast_head":"<!-- This site is optimized with the Yoast SEO plugin v26.5 - https:\/\/yoast.com\/wordpress\/plugins\/seo\/ -->\n<title>Positividade t\u00f3xica e otimismo: como lidar com as emo\u00e7\u00f5es? - Jornal Fatos e Not\u00edcias<\/title>\n<meta name=\"robots\" content=\"index, follow, max-snippet:-1, max-image-preview:large, max-video-preview:-1\" \/>\n<link rel=\"canonical\" href=\"https:\/\/jornalfatosenoticias.com.br\/index.php\/2023\/10\/25\/positividade-toxica-e-otimismo-como-lidar-com-as-emocoes\/\" \/>\n<meta property=\"og:locale\" content=\"pt_BR\" \/>\n<meta property=\"og:type\" content=\"article\" \/>\n<meta property=\"og:title\" content=\"Positividade t\u00f3xica e otimismo: como lidar com as emo\u00e7\u00f5es? - Jornal Fatos e Not\u00edcias\" \/>\n<meta property=\"og:description\" content=\"Por Ag\u00eancia Einstein O otimismo \u00e9 uma forma de enxergar os pontos positivos da vida sem ignorar os negativos, ao contr\u00e1rio do que acontece na positividade t\u00f3xica. Esse \u00faltimo termo, muito usado em discuss\u00f5es sobre pensamentos excessivamente positivos na pandemia, indica evitar emo\u00e7\u00f5es e tentar esfor\u00e7adamente buscar um lado bom mesmo em momentos de dificuldade.\u00c9 [&hellip;]\" \/>\n<meta property=\"og:url\" content=\"https:\/\/jornalfatosenoticias.com.br\/index.php\/2023\/10\/25\/positividade-toxica-e-otimismo-como-lidar-com-as-emocoes\/\" \/>\n<meta property=\"og:site_name\" content=\"Jornal Fatos e Not\u00edcias\" \/>\n<meta property=\"article:published_time\" content=\"2023-10-25T13:21:10+00:00\" \/>\n<meta property=\"article:modified_time\" content=\"2023-10-25T13:21:11+00:00\" \/>\n<meta property=\"og:image\" content=\"https:\/\/jornalfatosenoticias.com.br\/wp-content\/uploads\/2023\/10\/POSITIVIDADE-TOXICA_istockphoto.jpg\" \/>\n\t<meta property=\"og:image:width\" content=\"612\" \/>\n\t<meta property=\"og:image:height\" content=\"313\" \/>\n\t<meta property=\"og:image:type\" content=\"image\/jpeg\" \/>\n<meta name=\"author\" content=\"Luzimara Fernandes\" \/>\n<meta name=\"twitter:card\" content=\"summary_large_image\" \/>\n<meta name=\"twitter:label1\" content=\"Escrito por\" \/>\n\t<meta name=\"twitter:data1\" content=\"Luzimara Fernandes\" \/>\n\t<meta name=\"twitter:label2\" content=\"Est. tempo de leitura\" \/>\n\t<meta name=\"twitter:data2\" content=\"4 minutos\" \/>\n<script type=\"application\/ld+json\" class=\"yoast-schema-graph\">{\"@context\":\"https:\/\/schema.org\",\"@graph\":[{\"@type\":\"Article\",\"@id\":\"https:\/\/jornalfatosenoticias.com.br\/index.php\/2023\/10\/25\/positividade-toxica-e-otimismo-como-lidar-com-as-emocoes\/#article\",\"isPartOf\":{\"@id\":\"https:\/\/jornalfatosenoticias.com.br\/index.php\/2023\/10\/25\/positividade-toxica-e-otimismo-como-lidar-com-as-emocoes\/\"},\"author\":{\"name\":\"Luzimara Fernandes\",\"@id\":\"https:\/\/jornalfatosenoticias.com.br\/#\/schema\/person\/d63837fa13ac8666eb9e74e0985d6f81\"},\"headline\":\"Positividade t\u00f3xica e otimismo: como lidar com as emo\u00e7\u00f5es?\",\"datePublished\":\"2023-10-25T13:21:10+00:00\",\"dateModified\":\"2023-10-25T13:21:11+00:00\",\"mainEntityOfPage\":{\"@id\":\"https:\/\/jornalfatosenoticias.com.br\/index.php\/2023\/10\/25\/positividade-toxica-e-otimismo-como-lidar-com-as-emocoes\/\"},\"wordCount\":761,\"commentCount\":0,\"publisher\":{\"@id\":\"https:\/\/jornalfatosenoticias.com.br\/#organization\"},\"image\":{\"@id\":\"https:\/\/jornalfatosenoticias.com.br\/index.php\/2023\/10\/25\/positividade-toxica-e-otimismo-como-lidar-com-as-emocoes\/#primaryimage\"},\"thumbnailUrl\":\"https:\/\/jornalfatosenoticias.com.br\/wp-content\/uploads\/2023\/10\/POSITIVIDADE-TOXICA_istockphoto.jpg\",\"keywords\":[\"ansiedade\",\"bem-estar\",\"depress\u00e3o\",\"equil\u00edbrio\",\"otimismo exagerado\",\"positividade t\u00f3xica\"],\"articleSection\":[\"Comportamento &amp; Equil\u00edbrio\"],\"inLanguage\":\"pt-BR\",\"potentialAction\":[{\"@type\":\"CommentAction\",\"name\":\"Comment\",\"target\":[\"https:\/\/jornalfatosenoticias.com.br\/index.php\/2023\/10\/25\/positividade-toxica-e-otimismo-como-lidar-com-as-emocoes\/#respond\"]}]},{\"@type\":\"WebPage\",\"@id\":\"https:\/\/jornalfatosenoticias.com.br\/index.php\/2023\/10\/25\/positividade-toxica-e-otimismo-como-lidar-com-as-emocoes\/\",\"url\":\"https:\/\/jornalfatosenoticias.com.br\/index.php\/2023\/10\/25\/positividade-toxica-e-otimismo-como-lidar-com-as-emocoes\/\",\"name\":\"Positividade t\u00f3xica e otimismo: como lidar com as emo\u00e7\u00f5es? - Jornal Fatos e Not\u00edcias\",\"isPartOf\":{\"@id\":\"https:\/\/jornalfatosenoticias.com.br\/#website\"},\"primaryImageOfPage\":{\"@id\":\"https:\/\/jornalfatosenoticias.com.br\/index.php\/2023\/10\/25\/positividade-toxica-e-otimismo-como-lidar-com-as-emocoes\/#primaryimage\"},\"image\":{\"@id\":\"https:\/\/jornalfatosenoticias.com.br\/index.php\/2023\/10\/25\/positividade-toxica-e-otimismo-como-lidar-com-as-emocoes\/#primaryimage\"},\"thumbnailUrl\":\"https:\/\/jornalfatosenoticias.com.br\/wp-content\/uploads\/2023\/10\/POSITIVIDADE-TOXICA_istockphoto.jpg\",\"datePublished\":\"2023-10-25T13:21:10+00:00\",\"dateModified\":\"2023-10-25T13:21:11+00:00\",\"breadcrumb\":{\"@id\":\"https:\/\/jornalfatosenoticias.com.br\/index.php\/2023\/10\/25\/positividade-toxica-e-otimismo-como-lidar-com-as-emocoes\/#breadcrumb\"},\"inLanguage\":\"pt-BR\",\"potentialAction\":[{\"@type\":\"ReadAction\",\"target\":[\"https:\/\/jornalfatosenoticias.com.br\/index.php\/2023\/10\/25\/positividade-toxica-e-otimismo-como-lidar-com-as-emocoes\/\"]}]},{\"@type\":\"ImageObject\",\"inLanguage\":\"pt-BR\",\"@id\":\"https:\/\/jornalfatosenoticias.com.br\/index.php\/2023\/10\/25\/positividade-toxica-e-otimismo-como-lidar-com-as-emocoes\/#primaryimage\",\"url\":\"https:\/\/jornalfatosenoticias.com.br\/wp-content\/uploads\/2023\/10\/POSITIVIDADE-TOXICA_istockphoto.jpg\",\"contentUrl\":\"https:\/\/jornalfatosenoticias.com.br\/wp-content\/uploads\/2023\/10\/POSITIVIDADE-TOXICA_istockphoto.jpg\",\"width\":612,\"height\":313,\"caption\":\"Positive emotions and negative emotions in the workplace\"},{\"@type\":\"BreadcrumbList\",\"@id\":\"https:\/\/jornalfatosenoticias.com.br\/index.php\/2023\/10\/25\/positividade-toxica-e-otimismo-como-lidar-com-as-emocoes\/#breadcrumb\",\"itemListElement\":[{\"@type\":\"ListItem\",\"position\":1,\"name\":\"In\u00edcio\",\"item\":\"https:\/\/jornalfatosenoticias.com.br\/\"},{\"@type\":\"ListItem\",\"position\":2,\"name\":\"Positividade t\u00f3xica e otimismo: como lidar com as emo\u00e7\u00f5es?\"}]},{\"@type\":\"WebSite\",\"@id\":\"https:\/\/jornalfatosenoticias.com.br\/#website\",\"url\":\"https:\/\/jornalfatosenoticias.com.br\/\",\"name\":\"Jornal Fatos e Not\u00edcias\",\"description\":\"Not\u00edcias em geral\",\"publisher\":{\"@id\":\"https:\/\/jornalfatosenoticias.com.br\/#organization\"},\"potentialAction\":[{\"@type\":\"SearchAction\",\"target\":{\"@type\":\"EntryPoint\",\"urlTemplate\":\"https:\/\/jornalfatosenoticias.com.br\/?s={search_term_string}\"},\"query-input\":{\"@type\":\"PropertyValueSpecification\",\"valueRequired\":true,\"valueName\":\"search_term_string\"}}],\"inLanguage\":\"pt-BR\"},{\"@type\":\"Organization\",\"@id\":\"https:\/\/jornalfatosenoticias.com.br\/#organization\",\"name\":\"Jornal Fatos e Not\u00edcias\",\"url\":\"https:\/\/jornalfatosenoticias.com.br\/\",\"logo\":{\"@type\":\"ImageObject\",\"inLanguage\":\"pt-BR\",\"@id\":\"https:\/\/jornalfatosenoticias.com.br\/#\/schema\/logo\/image\/\",\"url\":\"https:\/\/jornalfatosenoticias.com.br\/wp-content\/uploads\/2020\/02\/logo120.png\",\"contentUrl\":\"https:\/\/jornalfatosenoticias.com.br\/wp-content\/uploads\/2020\/02\/logo120.png\",\"width\":1227,\"height\":120,\"caption\":\"Jornal Fatos e Not\u00edcias\"},\"image\":{\"@id\":\"https:\/\/jornalfatosenoticias.com.br\/#\/schema\/logo\/image\/\"}},{\"@type\":\"Person\",\"@id\":\"https:\/\/jornalfatosenoticias.com.br\/#\/schema\/person\/d63837fa13ac8666eb9e74e0985d6f81\",\"name\":\"Luzimara Fernandes\",\"image\":{\"@type\":\"ImageObject\",\"inLanguage\":\"pt-BR\",\"@id\":\"https:\/\/jornalfatosenoticias.com.br\/#\/schema\/person\/image\/\",\"url\":\"https:\/\/jornalfatosenoticias.com.br\/wp-content\/uploads\/2025\/05\/EU_portal.jpg\",\"contentUrl\":\"https:\/\/jornalfatosenoticias.com.br\/wp-content\/uploads\/2025\/05\/EU_portal.jpg\",\"caption\":\"Luzimara Fernandes\"},\"description\":\"Jornalista MTB 2358-ES\",\"sameAs\":[\"https:\/\/jornalfatosenoticias.com.br\"],\"url\":\"https:\/\/jornalfatosenoticias.com.br\/index.php\/author\/luzimara\/\"}]}<\/script>\n<!-- \/ Yoast SEO plugin. -->","yoast_head_json":{"title":"Positividade t\u00f3xica e otimismo: como lidar com as emo\u00e7\u00f5es? - Jornal Fatos e Not\u00edcias","robots":{"index":"index","follow":"follow","max-snippet":"max-snippet:-1","max-image-preview":"max-image-preview:large","max-video-preview":"max-video-preview:-1"},"canonical":"https:\/\/jornalfatosenoticias.com.br\/index.php\/2023\/10\/25\/positividade-toxica-e-otimismo-como-lidar-com-as-emocoes\/","og_locale":"pt_BR","og_type":"article","og_title":"Positividade t\u00f3xica e otimismo: como lidar com as emo\u00e7\u00f5es? - Jornal Fatos e Not\u00edcias","og_description":"Por Ag\u00eancia Einstein O otimismo \u00e9 uma forma de enxergar os pontos positivos da vida sem ignorar os negativos, ao contr\u00e1rio do que acontece na positividade t\u00f3xica. Esse \u00faltimo termo, muito usado em discuss\u00f5es sobre pensamentos excessivamente positivos na pandemia, indica evitar emo\u00e7\u00f5es e tentar esfor\u00e7adamente buscar um lado bom mesmo em momentos de dificuldade.\u00c9 [&hellip;]","og_url":"https:\/\/jornalfatosenoticias.com.br\/index.php\/2023\/10\/25\/positividade-toxica-e-otimismo-como-lidar-com-as-emocoes\/","og_site_name":"Jornal Fatos e Not\u00edcias","article_published_time":"2023-10-25T13:21:10+00:00","article_modified_time":"2023-10-25T13:21:11+00:00","og_image":[{"width":612,"height":313,"url":"https:\/\/jornalfatosenoticias.com.br\/wp-content\/uploads\/2023\/10\/POSITIVIDADE-TOXICA_istockphoto.jpg","type":"image\/jpeg"}],"author":"Luzimara Fernandes","twitter_card":"summary_large_image","twitter_misc":{"Escrito por":"Luzimara Fernandes","Est. tempo de leitura":"4 minutos"},"schema":{"@context":"https:\/\/schema.org","@graph":[{"@type":"Article","@id":"https:\/\/jornalfatosenoticias.com.br\/index.php\/2023\/10\/25\/positividade-toxica-e-otimismo-como-lidar-com-as-emocoes\/#article","isPartOf":{"@id":"https:\/\/jornalfatosenoticias.com.br\/index.php\/2023\/10\/25\/positividade-toxica-e-otimismo-como-lidar-com-as-emocoes\/"},"author":{"name":"Luzimara Fernandes","@id":"https:\/\/jornalfatosenoticias.com.br\/#\/schema\/person\/d63837fa13ac8666eb9e74e0985d6f81"},"headline":"Positividade t\u00f3xica e otimismo: como lidar com as emo\u00e7\u00f5es?","datePublished":"2023-10-25T13:21:10+00:00","dateModified":"2023-10-25T13:21:11+00:00","mainEntityOfPage":{"@id":"https:\/\/jornalfatosenoticias.com.br\/index.php\/2023\/10\/25\/positividade-toxica-e-otimismo-como-lidar-com-as-emocoes\/"},"wordCount":761,"commentCount":0,"publisher":{"@id":"https:\/\/jornalfatosenoticias.com.br\/#organization"},"image":{"@id":"https:\/\/jornalfatosenoticias.com.br\/index.php\/2023\/10\/25\/positividade-toxica-e-otimismo-como-lidar-com-as-emocoes\/#primaryimage"},"thumbnailUrl":"https:\/\/jornalfatosenoticias.com.br\/wp-content\/uploads\/2023\/10\/POSITIVIDADE-TOXICA_istockphoto.jpg","keywords":["ansiedade","bem-estar","depress\u00e3o","equil\u00edbrio","otimismo exagerado","positividade t\u00f3xica"],"articleSection":["Comportamento &amp; Equil\u00edbrio"],"inLanguage":"pt-BR","potentialAction":[{"@type":"CommentAction","name":"Comment","target":["https:\/\/jornalfatosenoticias.com.br\/index.php\/2023\/10\/25\/positividade-toxica-e-otimismo-como-lidar-com-as-emocoes\/#respond"]}]},{"@type":"WebPage","@id":"https:\/\/jornalfatosenoticias.com.br\/index.php\/2023\/10\/25\/positividade-toxica-e-otimismo-como-lidar-com-as-emocoes\/","url":"https:\/\/jornalfatosenoticias.com.br\/index.php\/2023\/10\/25\/positividade-toxica-e-otimismo-como-lidar-com-as-emocoes\/","name":"Positividade t\u00f3xica e otimismo: como lidar com as emo\u00e7\u00f5es? - Jornal Fatos e Not\u00edcias","isPartOf":{"@id":"https:\/\/jornalfatosenoticias.com.br\/#website"},"primaryImageOfPage":{"@id":"https:\/\/jornalfatosenoticias.com.br\/index.php\/2023\/10\/25\/positividade-toxica-e-otimismo-como-lidar-com-as-emocoes\/#primaryimage"},"image":{"@id":"https:\/\/jornalfatosenoticias.com.br\/index.php\/2023\/10\/25\/positividade-toxica-e-otimismo-como-lidar-com-as-emocoes\/#primaryimage"},"thumbnailUrl":"https:\/\/jornalfatosenoticias.com.br\/wp-content\/uploads\/2023\/10\/POSITIVIDADE-TOXICA_istockphoto.jpg","datePublished":"2023-10-25T13:21:10+00:00","dateModified":"2023-10-25T13:21:11+00:00","breadcrumb":{"@id":"https:\/\/jornalfatosenoticias.com.br\/index.php\/2023\/10\/25\/positividade-toxica-e-otimismo-como-lidar-com-as-emocoes\/#breadcrumb"},"inLanguage":"pt-BR","potentialAction":[{"@type":"ReadAction","target":["https:\/\/jornalfatosenoticias.com.br\/index.php\/2023\/10\/25\/positividade-toxica-e-otimismo-como-lidar-com-as-emocoes\/"]}]},{"@type":"ImageObject","inLanguage":"pt-BR","@id":"https:\/\/jornalfatosenoticias.com.br\/index.php\/2023\/10\/25\/positividade-toxica-e-otimismo-como-lidar-com-as-emocoes\/#primaryimage","url":"https:\/\/jornalfatosenoticias.com.br\/wp-content\/uploads\/2023\/10\/POSITIVIDADE-TOXICA_istockphoto.jpg","contentUrl":"https:\/\/jornalfatosenoticias.com.br\/wp-content\/uploads\/2023\/10\/POSITIVIDADE-TOXICA_istockphoto.jpg","width":612,"height":313,"caption":"Positive emotions and negative emotions in the workplace"},{"@type":"BreadcrumbList","@id":"https:\/\/jornalfatosenoticias.com.br\/index.php\/2023\/10\/25\/positividade-toxica-e-otimismo-como-lidar-com-as-emocoes\/#breadcrumb","itemListElement":[{"@type":"ListItem","position":1,"name":"In\u00edcio","item":"https:\/\/jornalfatosenoticias.com.br\/"},{"@type":"ListItem","position":2,"name":"Positividade t\u00f3xica e otimismo: como lidar com as emo\u00e7\u00f5es?"}]},{"@type":"WebSite","@id":"https:\/\/jornalfatosenoticias.com.br\/#website","url":"https:\/\/jornalfatosenoticias.com.br\/","name":"Jornal Fatos e Not\u00edcias","description":"Not\u00edcias em geral","publisher":{"@id":"https:\/\/jornalfatosenoticias.com.br\/#organization"},"potentialAction":[{"@type":"SearchAction","target":{"@type":"EntryPoint","urlTemplate":"https:\/\/jornalfatosenoticias.com.br\/?s={search_term_string}"},"query-input":{"@type":"PropertyValueSpecification","valueRequired":true,"valueName":"search_term_string"}}],"inLanguage":"pt-BR"},{"@type":"Organization","@id":"https:\/\/jornalfatosenoticias.com.br\/#organization","name":"Jornal Fatos e Not\u00edcias","url":"https:\/\/jornalfatosenoticias.com.br\/","logo":{"@type":"ImageObject","inLanguage":"pt-BR","@id":"https:\/\/jornalfatosenoticias.com.br\/#\/schema\/logo\/image\/","url":"https:\/\/jornalfatosenoticias.com.br\/wp-content\/uploads\/2020\/02\/logo120.png","contentUrl":"https:\/\/jornalfatosenoticias.com.br\/wp-content\/uploads\/2020\/02\/logo120.png","width":1227,"height":120,"caption":"Jornal Fatos e Not\u00edcias"},"image":{"@id":"https:\/\/jornalfatosenoticias.com.br\/#\/schema\/logo\/image\/"}},{"@type":"Person","@id":"https:\/\/jornalfatosenoticias.com.br\/#\/schema\/person\/d63837fa13ac8666eb9e74e0985d6f81","name":"Luzimara Fernandes","image":{"@type":"ImageObject","inLanguage":"pt-BR","@id":"https:\/\/jornalfatosenoticias.com.br\/#\/schema\/person\/image\/","url":"https:\/\/jornalfatosenoticias.com.br\/wp-content\/uploads\/2025\/05\/EU_portal.jpg","contentUrl":"https:\/\/jornalfatosenoticias.com.br\/wp-content\/uploads\/2025\/05\/EU_portal.jpg","caption":"Luzimara Fernandes"},"description":"Jornalista MTB 2358-ES","sameAs":["https:\/\/jornalfatosenoticias.com.br"],"url":"https:\/\/jornalfatosenoticias.com.br\/index.php\/author\/luzimara\/"}]}},"cc_featured_image_caption":{"caption_text":"(Foto: iStock)","source_text":"","source_url":""},"jetpack_featured_media_url":"https:\/\/jornalfatosenoticias.com.br\/wp-content\/uploads\/2023\/10\/POSITIVIDADE-TOXICA_istockphoto.jpg","_links":{"self":[{"href":"https:\/\/jornalfatosenoticias.com.br\/index.php\/wp-json\/wp\/v2\/posts\/46322","targetHints":{"allow":["GET"]}}],"collection":[{"href":"https:\/\/jornalfatosenoticias.com.br\/index.php\/wp-json\/wp\/v2\/posts"}],"about":[{"href":"https:\/\/jornalfatosenoticias.com.br\/index.php\/wp-json\/wp\/v2\/types\/post"}],"author":[{"embeddable":true,"href":"https:\/\/jornalfatosenoticias.com.br\/index.php\/wp-json\/wp\/v2\/users\/2"}],"replies":[{"embeddable":true,"href":"https:\/\/jornalfatosenoticias.com.br\/index.php\/wp-json\/wp\/v2\/comments?post=46322"}],"version-history":[{"count":0,"href":"https:\/\/jornalfatosenoticias.com.br\/index.php\/wp-json\/wp\/v2\/posts\/46322\/revisions"}],"wp:featuredmedia":[{"embeddable":true,"href":"https:\/\/jornalfatosenoticias.com.br\/index.php\/wp-json\/wp\/v2\/media\/46323"}],"wp:attachment":[{"href":"https:\/\/jornalfatosenoticias.com.br\/index.php\/wp-json\/wp\/v2\/media?parent=46322"}],"wp:term":[{"taxonomy":"category","embeddable":true,"href":"https:\/\/jornalfatosenoticias.com.br\/index.php\/wp-json\/wp\/v2\/categories?post=46322"},{"taxonomy":"post_tag","embeddable":true,"href":"https:\/\/jornalfatosenoticias.com.br\/index.php\/wp-json\/wp\/v2\/tags?post=46322"}],"curies":[{"name":"wp","href":"https:\/\/api.w.org\/{rel}","templated":true}]}}