{"id":46338,"date":"2023-10-25T12:50:56","date_gmt":"2023-10-25T15:50:56","guid":{"rendered":"https:\/\/jornalfatosenoticias.com.br\/?p=46338"},"modified":"2023-10-25T12:50:57","modified_gmt":"2023-10-25T15:50:57","slug":"desarmamentistas-e-verba-estrangeira-as-ongs-que-pautam-o-debate-sobre-seguranca-no-brasil","status":"publish","type":"post","link":"https:\/\/jornalfatosenoticias.com.br\/index.php\/2023\/10\/25\/desarmamentistas-e-verba-estrangeira-as-ongs-que-pautam-o-debate-sobre-seguranca-no-brasil\/","title":{"rendered":"Desarmamentistas e verba estrangeira: as ONGs que pautam o debate sobre seguran\u00e7a no Brasil"},"content":{"rendered":"\n<p><em><span class=\"has-inline-color has-black-color\">A taxa de criminalidade caiu durante o governo Bolsonaro. Nesse per\u00edodo, o Executivo adotou uma postura mais favor\u00e1vel ao armamento<\/span><\/em><\/p>\n\n\n\n<p><em><span class=\"has-inline-color has-black-color\">Por <strong>Gabriel de Arruda Castro<\/strong><\/span><\/em><\/p>\n\n\n\n<div class=\"wp-block-image\"><figure class=\"aligncenter size-large\"><img loading=\"lazy\" decoding=\"async\" width=\"729\" height=\"90\" src=\"https:\/\/jornalfatosenoticias.com.br\/wp-content\/uploads\/2020\/02\/Logo_Mizu.png\" alt=\"\" class=\"wp-image-1441\" srcset=\"https:\/\/jornalfatosenoticias.com.br\/wp-content\/uploads\/2020\/02\/Logo_Mizu.png 729w, https:\/\/jornalfatosenoticias.com.br\/wp-content\/uploads\/2020\/02\/Logo_Mizu-300x37.png 300w\" sizes=\"auto, (max-width: 729px) 100vw, 729px\" \/><\/figure><\/div>\n\n\n\n<p>Os governantes s\u00f3 podem tomar decis\u00f5es acertadas se contarem com informa\u00e7\u00f5es precisas. Tradicionalmente, os gestores p\u00fablicos brasileiros confiavam em \u00f3rg\u00e3os criados para esse fim, como o Instituto Brasileiro de Geografia e Estat\u00edstica (IBGE) e o Instituto de Pesquisa Econ\u00f4mica (Ipea). Bem ou mal, as universidades p\u00fablicas tamb\u00e9m cumpriam o papel de produzir conhecimento e auxiliar os governantes a escolherem pol\u00edticas p\u00fablicas baseadas na realidade.<br>Mas, nos \u00faltimos anos, outro tipo de entidade passou a ocupar esse espa\u00e7o no debate p\u00fablico: as organiza\u00e7\u00f5es n\u00e3o governamentais. Muitas delas t\u00eam um or\u00e7amento milion\u00e1rio. O problema \u00e9 que, financiadas por empresas privadas, governos estrangeiros e megafunda\u00e7\u00f5es internacionais, essas organiza\u00e7\u00f5es nem sempre t\u00eam o bem da popula\u00e7\u00e3o brasileira como prioridade. E uma das \u00e1reas mais vis\u00edveis dessa influ\u00eancia \u00e9 a seguran\u00e7a p\u00fablica.<\/p>\n\n\n\n<div class=\"wp-block-image\"><figure class=\"aligncenter size-large\"><img loading=\"lazy\" decoding=\"async\" width=\"300\" height=\"300\" src=\"https:\/\/jornalfatosenoticias.com.br\/wp-content\/uploads\/2020\/02\/casa-do-torresmo_portal.jpg\" alt=\"\" class=\"wp-image-34472\" srcset=\"https:\/\/jornalfatosenoticias.com.br\/wp-content\/uploads\/2020\/02\/casa-do-torresmo_portal.jpg 300w, https:\/\/jornalfatosenoticias.com.br\/wp-content\/uploads\/2020\/02\/casa-do-torresmo_portal-150x150.jpg 150w\" sizes=\"auto, (max-width: 300px) 100vw, 300px\" \/><\/figure><\/div>\n\n\n\n<p>Quando o Minist\u00e9rio da Justi\u00e7a resolveu criar um grupo de trabalho para tratar do desarmamento, no in\u00edcio do ano, o Instituto Igarap\u00e9 e o Instituto Sou da Paz foram os \u00fanicos \u00f3rg\u00e3os da sociedade civil convidados a participar \u2014 representados pelos pesquisadores Carolina Taboada e Felippe Angeli, respectivamente. Em comum, as ONGs t\u00eam a causa desarmamentista como norte e um or\u00e7amento farto, que se multiplicou nos \u00faltimos anos gra\u00e7as ao aporte de funda\u00e7\u00f5es estrangeiras.<\/p>\n\n\n\n<div class=\"wp-block-image\"><figure class=\"aligncenter size-large is-resized\"><img loading=\"lazy\" decoding=\"async\" src=\"https:\/\/jornalfatosenoticias.com.br\/wp-content\/uploads\/2023\/03\/logo-Panper_portal.jpg\" alt=\"\" class=\"wp-image-40208\" width=\"352\" height=\"244\" srcset=\"https:\/\/jornalfatosenoticias.com.br\/wp-content\/uploads\/2023\/03\/logo-Panper_portal.jpg 400w, https:\/\/jornalfatosenoticias.com.br\/wp-content\/uploads\/2023\/03\/logo-Panper_portal-300x208.jpg 300w\" sizes=\"auto, (max-width: 352px) 100vw, 352px\" \/><\/figure><\/div>\n\n\n\n<p><strong><span class=\"has-inline-color has-black-color\">Igarap\u00e9 quadruplica receita em dez anos\u00a0<br><\/span><\/strong>Criado em 2011 pela ativista Ilona Szab\u00f3, o Instituto Igarap\u00e9 tem o desarmamento e a legaliza\u00e7\u00e3o das drogas entre as suas prioridades. A organiza\u00e7\u00e3o viu sua receita mais do que quadruplicar em uma d\u00e9cada (levando em conta os valores absolutos). Em 2012, o valor foi de R$ 2 milh\u00f5es. Em 2022, foram R$ 9 milh\u00f5es.<\/p>\n\n\n\n<div class=\"wp-block-image\"><figure class=\"aligncenter size-large is-resized\"><img loading=\"lazy\" decoding=\"async\" src=\"https:\/\/jornalfatosenoticias.com.br\/wp-content\/uploads\/2020\/02\/logo-Rapuzel-1024x571.jpg\" alt=\"\" class=\"wp-image-42808\" width=\"355\" height=\"198\" srcset=\"https:\/\/jornalfatosenoticias.com.br\/wp-content\/uploads\/2020\/02\/logo-Rapuzel-1024x571.jpg 1024w, https:\/\/jornalfatosenoticias.com.br\/wp-content\/uploads\/2020\/02\/logo-Rapuzel-300x167.jpg 300w, https:\/\/jornalfatosenoticias.com.br\/wp-content\/uploads\/2020\/02\/logo-Rapuzel-768x428.jpg 768w, https:\/\/jornalfatosenoticias.com.br\/wp-content\/uploads\/2020\/02\/logo-Rapuzel-1536x856.jpg 1536w, https:\/\/jornalfatosenoticias.com.br\/wp-content\/uploads\/2020\/02\/logo-Rapuzel.jpg 1600w\" sizes=\"auto, (max-width: 355px) 100vw, 355px\" \/><\/figure><\/div>\n\n\n\n<p>Atualmente, o Igarap\u00e9 recebe recursos dos governos de Canad\u00e1, Austr\u00e1lia, Reino Unido, Pa\u00edses Baixos, Noruega e Estados Unidos, al\u00e9m da Uni\u00e3o Europeia e das Na\u00e7\u00f5es Unidas. Grandes empresas privadas, como o Grupo Iguatemi, o Google e o Uber tamb\u00e9m aparecem na lista de doadores. Al\u00e9m disso, a Open Society, do megabilion\u00e1rio George Soros \u2014 que tem como uma das prioridades a legaliza\u00e7\u00e3o das drogas ao redor do mundo \u2014 \u00e9 parceira de longa data do Igarap\u00e9.<\/p>\n\n\n\n<div class=\"wp-block-image\"><figure class=\"aligncenter size-large\"><img decoding=\"async\" src=\"https:\/\/jornalfatosenoticias.com.br\/wp-content\/uploads\/2020\/02\/logo_esteio.jpg\" alt=\"\" class=\"wp-image-1214\"\/><\/figure><\/div>\n\n\n\n<blockquote class=\"wp-block-quote is-layout-flow wp-block-quote-is-layout-flow\"><p>A diretora de pesquisa do instituto, Melina Risso, foi diretora do Instituto Sou da Paz e tamb\u00e9m integra o F\u00f3rum Brasileiro de Seguran\u00e7a P\u00fablica. Juntas, Ilona e Melina s\u00e3o autoras de um livro (\u201cSeguran\u00e7a P\u00fablica para Virar o Jogo\u201d) que recebeu pref\u00e1cio do ministro Lu\u00eds Roberto Barroso, do STF.<\/p><\/blockquote>\n\n\n\n<div class=\"wp-block-image\"><figure class=\"aligncenter size-large\"><img loading=\"lazy\" decoding=\"async\" width=\"300\" height=\"250\" src=\"https:\/\/jornalfatosenoticias.com.br\/wp-content\/uploads\/2022\/08\/arte-Casarao.jpg\" alt=\"\" class=\"wp-image-33178\"\/><\/figure><\/div>\n\n\n\n<p>J\u00e1 o Instituto Sou da Paz recebeu R$ 12,8 milh\u00f5es em 2022. Desse valor, dois ter\u00e7os vieram de fora do Brasil. Em valores absolutos, a receita quase dobrou em uma d\u00e9cada: em 2012, o valor fora de R$ 6,8 milh\u00f5es. Dentre os financiadores do Sou da Paz est\u00e3o o Ita\u00fa, a Gol, e o governo do Estado de S\u00e3o Paulo \u2014 al\u00e9m da onipresente Open Society, da Funda\u00e7\u00e3o Ford e da Funda\u00e7\u00e3o OAK, todas com sede no exterior. A diretora-executiva do Sou da Paz, a advogada e soci\u00f3loga Carolina Ricardo, foi Consultora do Banco Mundial e do Banco Internacional de Desenvolvimento.<\/p>\n\n\n\n<div class=\"wp-block-image\"><figure class=\"aligncenter size-large is-resized\"><img loading=\"lazy\" decoding=\"async\" src=\"https:\/\/jornalfatosenoticias.com.br\/wp-content\/uploads\/2023\/03\/nova-logo-Marquetti.jpg\" alt=\"\" class=\"wp-image-40207\" width=\"341\" height=\"229\" srcset=\"https:\/\/jornalfatosenoticias.com.br\/wp-content\/uploads\/2023\/03\/nova-logo-Marquetti.jpg 643w, https:\/\/jornalfatosenoticias.com.br\/wp-content\/uploads\/2023\/03\/nova-logo-Marquetti-300x202.jpg 300w\" sizes=\"auto, (max-width: 341px) 100vw, 341px\" \/><\/figure><\/div>\n\n\n\n<p>Nos Estados Unidos, entidades n\u00e3o governamentais t\u00eam direito \u00e0 isen\u00e7\u00e3o fiscal (equivalente \u00e0s Oscips brasileiras), mas l\u00e1 elas n\u00e3o podem atuar no processo eleitoral ou fazer lobby no Congresso. No Brasil, o Sou da Paz se orgulha de fazer exatamente isso. Em seu relat\u00f3rio anual de 2022, por exemplo, a ONG descreveu como tentou impedir a tramita\u00e7\u00e3o do projeto de lei no Senado (PL 3.723\/2019) que regulamenta porte de arma para ca\u00e7adores, atiradores e colecionadores (CACs).<\/p>\n\n\n\n<div class=\"wp-block-image\"><figure class=\"aligncenter size-large is-resized\"><img loading=\"lazy\" decoding=\"async\" src=\"https:\/\/jornalfatosenoticias.com.br\/wp-content\/uploads\/2022\/02\/Precisao-Contabilidade-1024x724.jpg\" alt=\"\" class=\"wp-image-28088\" width=\"376\" height=\"266\"\/><\/figure><\/div>\n\n\n\n<blockquote class=\"wp-block-quote is-layout-flow wp-block-quote-is-layout-flow\"><p><span class=\"has-inline-color has-luminous-vivid-orange-color\">Trabalhamos para aumentar o custo pol\u00edtico da aprova\u00e7\u00e3o do projeto e para denunciar os impactos negativos para a seguran\u00e7a p\u00fablica\u201d, diz o documento.<\/span><\/p><\/blockquote>\n\n\n\n<div class=\"wp-block-image\"><figure class=\"aligncenter size-large\"><img decoding=\"async\" src=\"https:\/\/jornalfatosenoticias.com.br\/wp-content\/uploads\/2020\/02\/barao-das-carnes-300x164-1.jpg\" alt=\"\" class=\"wp-image-34339\"\/><\/figure><\/div>\n\n\n\n<p><strong><span class=\"has-inline-color has-black-color\">Or\u00e7amentos se multiplicam\u00a0<br><\/span><\/strong>Outra ONG que tem influenciado o governo \u00e9 a Redes da Mar\u00e9, sediada no Complexo da Mar\u00e9, no Rio de Janeiro. Em mar\u00e7o, o ministro da Justi\u00e7a, Fl\u00e1vio Dino, visitou o local, que fica em uma \u00e1rea controlada por fac\u00e7\u00f5es criminosas. Dino afirmou que a ONG Redes da Mar\u00e9 contribuiu com ideias para a pasta. A entidade tamb\u00e9m \u00e9 beneficiada por aportes vindos do exterior. A ONG teve uma receita de R$ 15,2 milh\u00f5es em 2023. \u00a0<\/p>\n\n\n\n<div class=\"wp-block-image\"><figure class=\"aligncenter size-large is-resized\"><img loading=\"lazy\" decoding=\"async\" src=\"https:\/\/jornalfatosenoticias.com.br\/wp-content\/uploads\/2023\/08\/BKR-1024x1021.jpg\" alt=\"\" class=\"wp-image-44494\" width=\"328\" height=\"327\" srcset=\"https:\/\/jornalfatosenoticias.com.br\/wp-content\/uploads\/2023\/08\/BKR-1024x1021.jpg 1024w, https:\/\/jornalfatosenoticias.com.br\/wp-content\/uploads\/2023\/08\/BKR-300x300.jpg 300w, https:\/\/jornalfatosenoticias.com.br\/wp-content\/uploads\/2023\/08\/BKR-150x150.jpg 150w, https:\/\/jornalfatosenoticias.com.br\/wp-content\/uploads\/2023\/08\/BKR-768x766.jpg 768w, https:\/\/jornalfatosenoticias.com.br\/wp-content\/uploads\/2023\/08\/BKR.jpg 1080w\" sizes=\"auto, (max-width: 328px) 100vw, 328px\" \/><\/figure><\/div>\n\n\n\n<blockquote class=\"wp-block-quote is-layout-flow wp-block-quote-is-layout-flow\"><p>Como a Redes da Mar\u00e9 n\u00e3o divulga seus balan\u00e7os financeiros de forma consistente, n\u00e3o \u00e9 poss\u00edvel saber se a ONG tamb\u00e9m viu suas receitas se multiplicarem nos \u00faltimos anos. Mas, em outras ONGs pr\u00f3-desarmamento, a progress\u00e3o foi clara. O Viva Rio passou de R$ 8,9 milh\u00f5es em 2011 para R$ 21 milh\u00f5es em 2021. O F\u00f3rum Brasileiro de Seguran\u00e7a P\u00fablica passou de R$ 2,4 milh\u00f5es em 2011 para R$ 5 milh\u00f5es em 2021. A Conectas Direitos Humanos teve uma receita de R$ 1,6 milh\u00f5es em 2011 e de R$ 9,6 milh\u00f5es em 2021.<\/p><\/blockquote>\n\n\n\n<div class=\"wp-block-image\"><figure class=\"aligncenter size-large is-resized\"><img loading=\"lazy\" decoding=\"async\" src=\"https:\/\/jornalfatosenoticias.com.br\/wp-content\/uploads\/2023\/07\/lacremoda.jpg\" alt=\"\" class=\"wp-image-43706\" width=\"399\" height=\"223\" srcset=\"https:\/\/jornalfatosenoticias.com.br\/wp-content\/uploads\/2023\/07\/lacremoda.jpg 1024w, https:\/\/jornalfatosenoticias.com.br\/wp-content\/uploads\/2023\/07\/lacremoda-300x168.jpg 300w, https:\/\/jornalfatosenoticias.com.br\/wp-content\/uploads\/2023\/07\/lacremoda-768x431.jpg 768w\" sizes=\"auto, (max-width: 399px) 100vw, 399px\" \/><\/figure><\/div>\n\n\n\n<p><strong><span class=\"has-inline-color has-black-color\">Despropor\u00e7\u00e3o de for\u00e7as\u00a0<br><\/span><\/strong>Um dos problemas da influ\u00eancia crescente dessas entidades pr\u00f3-desarmamento \u00e9 o desequil\u00edbrio do debate p\u00fablico. Organiza\u00e7\u00f5es contr\u00e1rias ao desarmamento t\u00eam muito mais dificuldades de conseguir financiamento. Outra consequ\u00eancia \u00e9 a distor\u00e7\u00e3o da realidade. Um pesquisador do Ipea ou um professor universit\u00e1rio s\u00e3o, em tese, guiados pela busca dos fatos, onde quer que eles levem. <\/p>\n\n\n\n<div class=\"wp-block-image\"><figure class=\"aligncenter size-large is-resized\"><img loading=\"lazy\" decoding=\"async\" src=\"https:\/\/jornalfatosenoticias.com.br\/wp-content\/uploads\/2023\/08\/ITH.jpeg\" alt=\"\" class=\"wp-image-44638\" width=\"336\" height=\"273\" srcset=\"https:\/\/jornalfatosenoticias.com.br\/wp-content\/uploads\/2023\/08\/ITH.jpeg 800w, https:\/\/jornalfatosenoticias.com.br\/wp-content\/uploads\/2023\/08\/ITH-300x244.jpeg 300w, https:\/\/jornalfatosenoticias.com.br\/wp-content\/uploads\/2023\/08\/ITH-768x624.jpeg 768w\" sizes=\"auto, (max-width: 336px) 100vw, 336px\" \/><\/figure><\/div>\n\n\n\n<p>J\u00e1 os pesquisadores de ONGs n\u00e3o t\u00eam essa liberdade. Justamente por terem uma pr\u00e9-concep\u00e7\u00e3o desarmamentista, esses grupos n\u00e3o mudariam de posi\u00e7\u00e3o mesmo que a evid\u00eancia dissesse o contr\u00e1rio. E, se o fizessem, perderiam grande parte do financiamento.<br>Promotor de Justi\u00e7a Criminal e mestre pela Universidade de Girona, na Espanha, Luciano Lara diz que a correla\u00e7\u00e3o entre armas legais e a viol\u00eancia, apresentada por essas ONGs, \u00e9 fict\u00edcia.<\/p>\n\n\n\n<div class=\"wp-block-image\"><figure class=\"aligncenter size-large is-resized\"><img loading=\"lazy\" decoding=\"async\" src=\"https:\/\/jornalfatosenoticias.com.br\/wp-content\/uploads\/2023\/08\/VSM-Group.jpeg\" alt=\"\" class=\"wp-image-44364\" width=\"291\" height=\"291\"\/><\/figure><\/div>\n\n\n\n<blockquote class=\"wp-block-quote is-layout-flow wp-block-quote-is-layout-flow\"><p><span class=\"has-inline-color has-luminous-vivid-orange-color\">Os dados que eles apresentam s\u00e3o todos contest\u00e1veis e formados de maneira pouco clara. O que eles fazem j\u00e1 \u00e9 direcionado para chegar no resultado que querem e dizer \u2018mais armas, mais crimes\u2019. Mas eles se esquecem de dizer \u2018mais armas ilegais, mais crimes\u2019\u201d, afirma Luciano.<\/span><\/p><\/blockquote>\n\n\n\n<p>O promotor lembra que a tese de que um grande n\u00famero de armas se perde e vai parar nas m\u00e3os dos criminosos tamb\u00e9m n\u00e3o se sustenta.<\/p>\n\n\n\n<div class=\"wp-block-image\"><figure class=\"aligncenter size-large is-resized\"><img loading=\"lazy\" decoding=\"async\" src=\"https:\/\/jornalfatosenoticias.com.br\/wp-content\/uploads\/2022\/10\/Arte-jornal-Zucchi-600x600_Prancheta-1-1024x1024.jpg\" alt=\"\" class=\"wp-image-34782\" width=\"307\" height=\"307\" srcset=\"https:\/\/jornalfatosenoticias.com.br\/wp-content\/uploads\/2022\/10\/Arte-jornal-Zucchi-600x600_Prancheta-1-1024x1024.jpg 1024w, https:\/\/jornalfatosenoticias.com.br\/wp-content\/uploads\/2022\/10\/Arte-jornal-Zucchi-600x600_Prancheta-1-300x300.jpg 300w, https:\/\/jornalfatosenoticias.com.br\/wp-content\/uploads\/2022\/10\/Arte-jornal-Zucchi-600x600_Prancheta-1-150x150.jpg 150w, https:\/\/jornalfatosenoticias.com.br\/wp-content\/uploads\/2022\/10\/Arte-jornal-Zucchi-600x600_Prancheta-1-768x768.jpg 768w, https:\/\/jornalfatosenoticias.com.br\/wp-content\/uploads\/2022\/10\/Arte-jornal-Zucchi-600x600_Prancheta-1.jpg 1250w\" sizes=\"auto, (max-width: 307px) 100vw, 307px\" \/><\/figure><\/div>\n\n\n\n<blockquote class=\"wp-block-quote is-layout-flow wp-block-quote-is-layout-flow\"><p><span class=\"has-inline-color has-luminous-vivid-orange-color\">O governo Lula realizou o PF Recad (programa de recadastramento) e mostrou que 99,65% das armas vendidas no governo Bolsonaro foram recadastradas. Ent\u00e3o, n\u00e3o h\u00e1 como dizer que armas vendidas aos CACs foram para o crime organizado\u201d, ele diz.<\/span><\/p><\/blockquote>\n\n\n\n<div class=\"wp-block-image\"><figure class=\"aligncenter size-large\"><img loading=\"lazy\" decoding=\"async\" width=\"300\" height=\"250\" src=\"https:\/\/jornalfatosenoticias.com.br\/wp-content\/uploads\/2022\/02\/FERRARI_MAQUINAS-E-FERRAMENTAS2.jpg\" alt=\"\" class=\"wp-image-27860\"\/><\/figure><\/div>\n\n\n\n<p>Al\u00e9m disso, a taxa de criminalidade no Brasil caiu durante o governo Bolsonaro (numa compara\u00e7\u00e3o entre 2018 e 2022), justamente quando o Executivo adotou uma postura mais favor\u00e1vel ao armamento.Para Fabr\u00edcio Rebelo, respons\u00e1vel pelo Centro de Pesquisa em Direito e Seguran\u00e7a (Cepedes), a despropor\u00e7\u00e3o econ\u00f4mica entre as organiza\u00e7\u00f5es pr\u00f3-desarmamento e as antidesarmamento impede um debate franco sobre o tema.<\/p>\n\n\n\n<div class=\"wp-block-image\"><figure class=\"aligncenter size-large is-resized\"><img loading=\"lazy\" decoding=\"async\" src=\"https:\/\/jornalfatosenoticias.com.br\/wp-content\/uploads\/2023\/09\/vetorvix1024_1.jpg\" alt=\"\" class=\"wp-image-44868\" width=\"494\" height=\"131\" srcset=\"https:\/\/jornalfatosenoticias.com.br\/wp-content\/uploads\/2023\/09\/vetorvix1024_1.jpg 1024w, https:\/\/jornalfatosenoticias.com.br\/wp-content\/uploads\/2023\/09\/vetorvix1024_1-300x80.jpg 300w, https:\/\/jornalfatosenoticias.com.br\/wp-content\/uploads\/2023\/09\/vetorvix1024_1-768x205.jpg 768w\" sizes=\"auto, (max-width: 494px) 100vw, 494px\" \/><\/figure><\/div>\n\n\n\n<p>Rebelo lembra que, em 2005, a ONG Viva Rio foi impedida pelo Tribunal Superior Eleitoral (TSE) de participar da campanha do referendo sobre o desarmamento, justamente por receber financiamento estrangeiro (\u00e0 \u00e9poca, da Funda\u00e7\u00e3o Ford).<\/p>\n\n\n\n<div class=\"wp-block-image\"><figure class=\"aligncenter size-large is-resized\"><img loading=\"lazy\" decoding=\"async\" src=\"https:\/\/jornalfatosenoticias.com.br\/wp-content\/uploads\/2022\/10\/RC_800x750_page-0001.jpg\" alt=\"\" class=\"wp-image-35338\" width=\"288\" height=\"270\" srcset=\"https:\/\/jornalfatosenoticias.com.br\/wp-content\/uploads\/2022\/10\/RC_800x750_page-0001.jpg 400w, https:\/\/jornalfatosenoticias.com.br\/wp-content\/uploads\/2022\/10\/RC_800x750_page-0001-300x281.jpg 300w\" sizes=\"auto, (max-width: 288px) 100vw, 288px\" \/><\/figure><\/div>\n\n\n\n<blockquote class=\"wp-block-quote is-layout-flow wp-block-quote-is-layout-flow\"><p><span class=\"has-inline-color has-luminous-vivid-orange-color\">\u00c9 uma discuss\u00e3o desigual, pois, de um lado, t\u00eam-se entidades fartamente financiadas por grandes corpora\u00e7\u00f5es engajadas numa agenda progressista, com recursos para produzir os mais estapaf\u00fardios estudos e os divulgar como se verdades fossem, enquanto, de outro, n\u00e3o se consegue espa\u00e7o nem sequer para a divulga\u00e7\u00e3o dos dados oficiais, que seriam o suficiente para desmontar toda a narrativa antiarmas\u201d, diz.<\/span><\/p><\/blockquote>\n\n\n\n<div class=\"wp-block-image\"><figure class=\"aligncenter size-large is-resized\"><img loading=\"lazy\" decoding=\"async\" src=\"https:\/\/jornalfatosenoticias.com.br\/wp-content\/uploads\/2020\/02\/LOGO-BLU-COMERCIAL-PRETO-1024x600.jpg\" alt=\"\" class=\"wp-image-44089\" width=\"314\" height=\"183\"\/><\/figure><\/div>\n\n\n\n<p><strong><em>Fonte: <a href=\"https:\/\/www.gazetadopovo.com.br\/vida-e-cidadania\/desarmamentistas-verba-estrangeira-ongs-pautam-debate-seguranca\/\">Gazeta do Povo<\/a><\/em><\/strong><\/p>\n","protected":false},"excerpt":{"rendered":"<p>A taxa de criminalidade caiu durante o governo Bolsonaro. Nesse per\u00edodo, o Executivo adotou uma postura mais favor\u00e1vel ao armamento Por Gabriel de Arruda Castro Os governantes s\u00f3 podem tomar decis\u00f5es acertadas se contarem com informa\u00e7\u00f5es precisas. Tradicionalmente, os gestores p\u00fablicos brasileiros confiavam em \u00f3rg\u00e3os criados para esse fim, como o Instituto Brasileiro de Geografia [&hellip;]<\/p>\n","protected":false},"author":2,"featured_media":46339,"comment_status":"open","ping_status":"open","sticky":false,"template":"","format":"standard","meta":{"footnotes":""},"categories":[5],"tags":[21800,597,21801,16841,3460,21802,4101],"class_list":["post-46338","post","type-post","status-publish","format-standard","has-post-thumbnail","hentry","category-geral","tag-apoio-de-megafundacoes-de-esquerda","tag-brasil","tag-desarmamento","tag-falacias","tag-ongs","tag-ongs-falaciosas","tag-seguranca-publica"],"yoast_head":"<!-- This site is optimized with the Yoast SEO plugin v26.5 - https:\/\/yoast.com\/wordpress\/plugins\/seo\/ -->\n<title>Desarmamentistas e verba estrangeira: as ONGs que pautam o debate sobre seguran\u00e7a no Brasil - Jornal Fatos e Not\u00edcias<\/title>\n<meta name=\"robots\" content=\"index, follow, max-snippet:-1, max-image-preview:large, max-video-preview:-1\" \/>\n<link rel=\"canonical\" href=\"https:\/\/jornalfatosenoticias.com.br\/index.php\/2023\/10\/25\/desarmamentistas-e-verba-estrangeira-as-ongs-que-pautam-o-debate-sobre-seguranca-no-brasil\/\" \/>\n<meta property=\"og:locale\" content=\"pt_BR\" \/>\n<meta property=\"og:type\" content=\"article\" \/>\n<meta property=\"og:title\" content=\"Desarmamentistas e verba estrangeira: as ONGs que pautam o debate sobre seguran\u00e7a no Brasil - Jornal Fatos e Not\u00edcias\" \/>\n<meta property=\"og:description\" content=\"A taxa de criminalidade caiu durante o governo Bolsonaro. Nesse per\u00edodo, o Executivo adotou uma postura mais favor\u00e1vel ao armamento Por Gabriel de Arruda Castro Os governantes s\u00f3 podem tomar decis\u00f5es acertadas se contarem com informa\u00e7\u00f5es precisas. Tradicionalmente, os gestores p\u00fablicos brasileiros confiavam em \u00f3rg\u00e3os criados para esse fim, como o Instituto Brasileiro de Geografia [&hellip;]\" \/>\n<meta property=\"og:url\" content=\"https:\/\/jornalfatosenoticias.com.br\/index.php\/2023\/10\/25\/desarmamentistas-e-verba-estrangeira-as-ongs-que-pautam-o-debate-sobre-seguranca-no-brasil\/\" \/>\n<meta property=\"og:site_name\" content=\"Jornal Fatos e Not\u00edcias\" \/>\n<meta property=\"article:published_time\" content=\"2023-10-25T15:50:56+00:00\" \/>\n<meta property=\"article:modified_time\" content=\"2023-10-25T15:50:57+00:00\" \/>\n<meta property=\"og:image\" content=\"https:\/\/jornalfatosenoticias.com.br\/wp-content\/uploads\/2023\/10\/ongs-seguranca.jpg\" \/>\n\t<meta property=\"og:image:width\" content=\"960\" \/>\n\t<meta property=\"og:image:height\" content=\"540\" \/>\n\t<meta property=\"og:image:type\" content=\"image\/jpeg\" \/>\n<meta name=\"author\" content=\"Luzimara Fernandes\" \/>\n<meta name=\"twitter:card\" content=\"summary_large_image\" \/>\n<meta name=\"twitter:label1\" content=\"Escrito por\" \/>\n\t<meta name=\"twitter:data1\" content=\"Luzimara Fernandes\" \/>\n\t<meta name=\"twitter:label2\" content=\"Est. tempo de leitura\" \/>\n\t<meta name=\"twitter:data2\" content=\"6 minutos\" \/>\n<script type=\"application\/ld+json\" class=\"yoast-schema-graph\">{\"@context\":\"https:\/\/schema.org\",\"@graph\":[{\"@type\":\"Article\",\"@id\":\"https:\/\/jornalfatosenoticias.com.br\/index.php\/2023\/10\/25\/desarmamentistas-e-verba-estrangeira-as-ongs-que-pautam-o-debate-sobre-seguranca-no-brasil\/#article\",\"isPartOf\":{\"@id\":\"https:\/\/jornalfatosenoticias.com.br\/index.php\/2023\/10\/25\/desarmamentistas-e-verba-estrangeira-as-ongs-que-pautam-o-debate-sobre-seguranca-no-brasil\/\"},\"author\":{\"name\":\"Luzimara Fernandes\",\"@id\":\"https:\/\/jornalfatosenoticias.com.br\/#\/schema\/person\/d63837fa13ac8666eb9e74e0985d6f81\"},\"headline\":\"Desarmamentistas e verba estrangeira: as ONGs que pautam o debate sobre seguran\u00e7a no Brasil\",\"datePublished\":\"2023-10-25T15:50:56+00:00\",\"dateModified\":\"2023-10-25T15:50:57+00:00\",\"mainEntityOfPage\":{\"@id\":\"https:\/\/jornalfatosenoticias.com.br\/index.php\/2023\/10\/25\/desarmamentistas-e-verba-estrangeira-as-ongs-que-pautam-o-debate-sobre-seguranca-no-brasil\/\"},\"wordCount\":1300,\"commentCount\":0,\"publisher\":{\"@id\":\"https:\/\/jornalfatosenoticias.com.br\/#organization\"},\"image\":{\"@id\":\"https:\/\/jornalfatosenoticias.com.br\/index.php\/2023\/10\/25\/desarmamentistas-e-verba-estrangeira-as-ongs-que-pautam-o-debate-sobre-seguranca-no-brasil\/#primaryimage\"},\"thumbnailUrl\":\"https:\/\/jornalfatosenoticias.com.br\/wp-content\/uploads\/2023\/10\/ongs-seguranca.jpg\",\"keywords\":[\"apoio de megafunda\u00e7\u00f5es de esquerda\",\"Brasil\",\"desarmamento\",\"fal\u00e1cias\",\"ONGs\",\"ONGs falaciosas\",\"seguran\u00e7a p\u00fablica\"],\"articleSection\":[\"Geral\"],\"inLanguage\":\"pt-BR\",\"potentialAction\":[{\"@type\":\"CommentAction\",\"name\":\"Comment\",\"target\":[\"https:\/\/jornalfatosenoticias.com.br\/index.php\/2023\/10\/25\/desarmamentistas-e-verba-estrangeira-as-ongs-que-pautam-o-debate-sobre-seguranca-no-brasil\/#respond\"]}]},{\"@type\":\"WebPage\",\"@id\":\"https:\/\/jornalfatosenoticias.com.br\/index.php\/2023\/10\/25\/desarmamentistas-e-verba-estrangeira-as-ongs-que-pautam-o-debate-sobre-seguranca-no-brasil\/\",\"url\":\"https:\/\/jornalfatosenoticias.com.br\/index.php\/2023\/10\/25\/desarmamentistas-e-verba-estrangeira-as-ongs-que-pautam-o-debate-sobre-seguranca-no-brasil\/\",\"name\":\"Desarmamentistas e verba estrangeira: as ONGs que pautam o debate sobre seguran\u00e7a no Brasil - Jornal Fatos e Not\u00edcias\",\"isPartOf\":{\"@id\":\"https:\/\/jornalfatosenoticias.com.br\/#website\"},\"primaryImageOfPage\":{\"@id\":\"https:\/\/jornalfatosenoticias.com.br\/index.php\/2023\/10\/25\/desarmamentistas-e-verba-estrangeira-as-ongs-que-pautam-o-debate-sobre-seguranca-no-brasil\/#primaryimage\"},\"image\":{\"@id\":\"https:\/\/jornalfatosenoticias.com.br\/index.php\/2023\/10\/25\/desarmamentistas-e-verba-estrangeira-as-ongs-que-pautam-o-debate-sobre-seguranca-no-brasil\/#primaryimage\"},\"thumbnailUrl\":\"https:\/\/jornalfatosenoticias.com.br\/wp-content\/uploads\/2023\/10\/ongs-seguranca.jpg\",\"datePublished\":\"2023-10-25T15:50:56+00:00\",\"dateModified\":\"2023-10-25T15:50:57+00:00\",\"breadcrumb\":{\"@id\":\"https:\/\/jornalfatosenoticias.com.br\/index.php\/2023\/10\/25\/desarmamentistas-e-verba-estrangeira-as-ongs-que-pautam-o-debate-sobre-seguranca-no-brasil\/#breadcrumb\"},\"inLanguage\":\"pt-BR\",\"potentialAction\":[{\"@type\":\"ReadAction\",\"target\":[\"https:\/\/jornalfatosenoticias.com.br\/index.php\/2023\/10\/25\/desarmamentistas-e-verba-estrangeira-as-ongs-que-pautam-o-debate-sobre-seguranca-no-brasil\/\"]}]},{\"@type\":\"ImageObject\",\"inLanguage\":\"pt-BR\",\"@id\":\"https:\/\/jornalfatosenoticias.com.br\/index.php\/2023\/10\/25\/desarmamentistas-e-verba-estrangeira-as-ongs-que-pautam-o-debate-sobre-seguranca-no-brasil\/#primaryimage\",\"url\":\"https:\/\/jornalfatosenoticias.com.br\/wp-content\/uploads\/2023\/10\/ongs-seguranca.jpg\",\"contentUrl\":\"https:\/\/jornalfatosenoticias.com.br\/wp-content\/uploads\/2023\/10\/ongs-seguranca.jpg\",\"width\":960,\"height\":540},{\"@type\":\"BreadcrumbList\",\"@id\":\"https:\/\/jornalfatosenoticias.com.br\/index.php\/2023\/10\/25\/desarmamentistas-e-verba-estrangeira-as-ongs-que-pautam-o-debate-sobre-seguranca-no-brasil\/#breadcrumb\",\"itemListElement\":[{\"@type\":\"ListItem\",\"position\":1,\"name\":\"In\u00edcio\",\"item\":\"https:\/\/jornalfatosenoticias.com.br\/\"},{\"@type\":\"ListItem\",\"position\":2,\"name\":\"Desarmamentistas e verba estrangeira: as ONGs que pautam o debate sobre seguran\u00e7a no Brasil\"}]},{\"@type\":\"WebSite\",\"@id\":\"https:\/\/jornalfatosenoticias.com.br\/#website\",\"url\":\"https:\/\/jornalfatosenoticias.com.br\/\",\"name\":\"Jornal Fatos e Not\u00edcias\",\"description\":\"Not\u00edcias em geral\",\"publisher\":{\"@id\":\"https:\/\/jornalfatosenoticias.com.br\/#organization\"},\"potentialAction\":[{\"@type\":\"SearchAction\",\"target\":{\"@type\":\"EntryPoint\",\"urlTemplate\":\"https:\/\/jornalfatosenoticias.com.br\/?s={search_term_string}\"},\"query-input\":{\"@type\":\"PropertyValueSpecification\",\"valueRequired\":true,\"valueName\":\"search_term_string\"}}],\"inLanguage\":\"pt-BR\"},{\"@type\":\"Organization\",\"@id\":\"https:\/\/jornalfatosenoticias.com.br\/#organization\",\"name\":\"Jornal Fatos e Not\u00edcias\",\"url\":\"https:\/\/jornalfatosenoticias.com.br\/\",\"logo\":{\"@type\":\"ImageObject\",\"inLanguage\":\"pt-BR\",\"@id\":\"https:\/\/jornalfatosenoticias.com.br\/#\/schema\/logo\/image\/\",\"url\":\"https:\/\/jornalfatosenoticias.com.br\/wp-content\/uploads\/2020\/02\/logo120.png\",\"contentUrl\":\"https:\/\/jornalfatosenoticias.com.br\/wp-content\/uploads\/2020\/02\/logo120.png\",\"width\":1227,\"height\":120,\"caption\":\"Jornal Fatos e Not\u00edcias\"},\"image\":{\"@id\":\"https:\/\/jornalfatosenoticias.com.br\/#\/schema\/logo\/image\/\"}},{\"@type\":\"Person\",\"@id\":\"https:\/\/jornalfatosenoticias.com.br\/#\/schema\/person\/d63837fa13ac8666eb9e74e0985d6f81\",\"name\":\"Luzimara Fernandes\",\"image\":{\"@type\":\"ImageObject\",\"inLanguage\":\"pt-BR\",\"@id\":\"https:\/\/jornalfatosenoticias.com.br\/#\/schema\/person\/image\/\",\"url\":\"https:\/\/jornalfatosenoticias.com.br\/wp-content\/uploads\/2025\/05\/EU_portal.jpg\",\"contentUrl\":\"https:\/\/jornalfatosenoticias.com.br\/wp-content\/uploads\/2025\/05\/EU_portal.jpg\",\"caption\":\"Luzimara Fernandes\"},\"description\":\"Jornalista MTB 2358-ES\",\"sameAs\":[\"https:\/\/jornalfatosenoticias.com.br\"],\"url\":\"https:\/\/jornalfatosenoticias.com.br\/index.php\/author\/luzimara\/\"}]}<\/script>\n<!-- \/ Yoast SEO plugin. -->","yoast_head_json":{"title":"Desarmamentistas e verba estrangeira: as ONGs que pautam o debate sobre seguran\u00e7a no Brasil - Jornal Fatos e Not\u00edcias","robots":{"index":"index","follow":"follow","max-snippet":"max-snippet:-1","max-image-preview":"max-image-preview:large","max-video-preview":"max-video-preview:-1"},"canonical":"https:\/\/jornalfatosenoticias.com.br\/index.php\/2023\/10\/25\/desarmamentistas-e-verba-estrangeira-as-ongs-que-pautam-o-debate-sobre-seguranca-no-brasil\/","og_locale":"pt_BR","og_type":"article","og_title":"Desarmamentistas e verba estrangeira: as ONGs que pautam o debate sobre seguran\u00e7a no Brasil - Jornal Fatos e Not\u00edcias","og_description":"A taxa de criminalidade caiu durante o governo Bolsonaro. Nesse per\u00edodo, o Executivo adotou uma postura mais favor\u00e1vel ao armamento Por Gabriel de Arruda Castro Os governantes s\u00f3 podem tomar decis\u00f5es acertadas se contarem com informa\u00e7\u00f5es precisas. Tradicionalmente, os gestores p\u00fablicos brasileiros confiavam em \u00f3rg\u00e3os criados para esse fim, como o Instituto Brasileiro de Geografia [&hellip;]","og_url":"https:\/\/jornalfatosenoticias.com.br\/index.php\/2023\/10\/25\/desarmamentistas-e-verba-estrangeira-as-ongs-que-pautam-o-debate-sobre-seguranca-no-brasil\/","og_site_name":"Jornal Fatos e Not\u00edcias","article_published_time":"2023-10-25T15:50:56+00:00","article_modified_time":"2023-10-25T15:50:57+00:00","og_image":[{"width":960,"height":540,"url":"https:\/\/jornalfatosenoticias.com.br\/wp-content\/uploads\/2023\/10\/ongs-seguranca.jpg","type":"image\/jpeg"}],"author":"Luzimara Fernandes","twitter_card":"summary_large_image","twitter_misc":{"Escrito por":"Luzimara Fernandes","Est. tempo de leitura":"6 minutos"},"schema":{"@context":"https:\/\/schema.org","@graph":[{"@type":"Article","@id":"https:\/\/jornalfatosenoticias.com.br\/index.php\/2023\/10\/25\/desarmamentistas-e-verba-estrangeira-as-ongs-que-pautam-o-debate-sobre-seguranca-no-brasil\/#article","isPartOf":{"@id":"https:\/\/jornalfatosenoticias.com.br\/index.php\/2023\/10\/25\/desarmamentistas-e-verba-estrangeira-as-ongs-que-pautam-o-debate-sobre-seguranca-no-brasil\/"},"author":{"name":"Luzimara Fernandes","@id":"https:\/\/jornalfatosenoticias.com.br\/#\/schema\/person\/d63837fa13ac8666eb9e74e0985d6f81"},"headline":"Desarmamentistas e verba estrangeira: as ONGs que pautam o debate sobre seguran\u00e7a no Brasil","datePublished":"2023-10-25T15:50:56+00:00","dateModified":"2023-10-25T15:50:57+00:00","mainEntityOfPage":{"@id":"https:\/\/jornalfatosenoticias.com.br\/index.php\/2023\/10\/25\/desarmamentistas-e-verba-estrangeira-as-ongs-que-pautam-o-debate-sobre-seguranca-no-brasil\/"},"wordCount":1300,"commentCount":0,"publisher":{"@id":"https:\/\/jornalfatosenoticias.com.br\/#organization"},"image":{"@id":"https:\/\/jornalfatosenoticias.com.br\/index.php\/2023\/10\/25\/desarmamentistas-e-verba-estrangeira-as-ongs-que-pautam-o-debate-sobre-seguranca-no-brasil\/#primaryimage"},"thumbnailUrl":"https:\/\/jornalfatosenoticias.com.br\/wp-content\/uploads\/2023\/10\/ongs-seguranca.jpg","keywords":["apoio de megafunda\u00e7\u00f5es de esquerda","Brasil","desarmamento","fal\u00e1cias","ONGs","ONGs falaciosas","seguran\u00e7a p\u00fablica"],"articleSection":["Geral"],"inLanguage":"pt-BR","potentialAction":[{"@type":"CommentAction","name":"Comment","target":["https:\/\/jornalfatosenoticias.com.br\/index.php\/2023\/10\/25\/desarmamentistas-e-verba-estrangeira-as-ongs-que-pautam-o-debate-sobre-seguranca-no-brasil\/#respond"]}]},{"@type":"WebPage","@id":"https:\/\/jornalfatosenoticias.com.br\/index.php\/2023\/10\/25\/desarmamentistas-e-verba-estrangeira-as-ongs-que-pautam-o-debate-sobre-seguranca-no-brasil\/","url":"https:\/\/jornalfatosenoticias.com.br\/index.php\/2023\/10\/25\/desarmamentistas-e-verba-estrangeira-as-ongs-que-pautam-o-debate-sobre-seguranca-no-brasil\/","name":"Desarmamentistas e verba estrangeira: as ONGs que pautam o debate sobre seguran\u00e7a no Brasil - Jornal Fatos e Not\u00edcias","isPartOf":{"@id":"https:\/\/jornalfatosenoticias.com.br\/#website"},"primaryImageOfPage":{"@id":"https:\/\/jornalfatosenoticias.com.br\/index.php\/2023\/10\/25\/desarmamentistas-e-verba-estrangeira-as-ongs-que-pautam-o-debate-sobre-seguranca-no-brasil\/#primaryimage"},"image":{"@id":"https:\/\/jornalfatosenoticias.com.br\/index.php\/2023\/10\/25\/desarmamentistas-e-verba-estrangeira-as-ongs-que-pautam-o-debate-sobre-seguranca-no-brasil\/#primaryimage"},"thumbnailUrl":"https:\/\/jornalfatosenoticias.com.br\/wp-content\/uploads\/2023\/10\/ongs-seguranca.jpg","datePublished":"2023-10-25T15:50:56+00:00","dateModified":"2023-10-25T15:50:57+00:00","breadcrumb":{"@id":"https:\/\/jornalfatosenoticias.com.br\/index.php\/2023\/10\/25\/desarmamentistas-e-verba-estrangeira-as-ongs-que-pautam-o-debate-sobre-seguranca-no-brasil\/#breadcrumb"},"inLanguage":"pt-BR","potentialAction":[{"@type":"ReadAction","target":["https:\/\/jornalfatosenoticias.com.br\/index.php\/2023\/10\/25\/desarmamentistas-e-verba-estrangeira-as-ongs-que-pautam-o-debate-sobre-seguranca-no-brasil\/"]}]},{"@type":"ImageObject","inLanguage":"pt-BR","@id":"https:\/\/jornalfatosenoticias.com.br\/index.php\/2023\/10\/25\/desarmamentistas-e-verba-estrangeira-as-ongs-que-pautam-o-debate-sobre-seguranca-no-brasil\/#primaryimage","url":"https:\/\/jornalfatosenoticias.com.br\/wp-content\/uploads\/2023\/10\/ongs-seguranca.jpg","contentUrl":"https:\/\/jornalfatosenoticias.com.br\/wp-content\/uploads\/2023\/10\/ongs-seguranca.jpg","width":960,"height":540},{"@type":"BreadcrumbList","@id":"https:\/\/jornalfatosenoticias.com.br\/index.php\/2023\/10\/25\/desarmamentistas-e-verba-estrangeira-as-ongs-que-pautam-o-debate-sobre-seguranca-no-brasil\/#breadcrumb","itemListElement":[{"@type":"ListItem","position":1,"name":"In\u00edcio","item":"https:\/\/jornalfatosenoticias.com.br\/"},{"@type":"ListItem","position":2,"name":"Desarmamentistas e verba estrangeira: as ONGs que pautam o debate sobre seguran\u00e7a no Brasil"}]},{"@type":"WebSite","@id":"https:\/\/jornalfatosenoticias.com.br\/#website","url":"https:\/\/jornalfatosenoticias.com.br\/","name":"Jornal Fatos e Not\u00edcias","description":"Not\u00edcias em geral","publisher":{"@id":"https:\/\/jornalfatosenoticias.com.br\/#organization"},"potentialAction":[{"@type":"SearchAction","target":{"@type":"EntryPoint","urlTemplate":"https:\/\/jornalfatosenoticias.com.br\/?s={search_term_string}"},"query-input":{"@type":"PropertyValueSpecification","valueRequired":true,"valueName":"search_term_string"}}],"inLanguage":"pt-BR"},{"@type":"Organization","@id":"https:\/\/jornalfatosenoticias.com.br\/#organization","name":"Jornal Fatos e Not\u00edcias","url":"https:\/\/jornalfatosenoticias.com.br\/","logo":{"@type":"ImageObject","inLanguage":"pt-BR","@id":"https:\/\/jornalfatosenoticias.com.br\/#\/schema\/logo\/image\/","url":"https:\/\/jornalfatosenoticias.com.br\/wp-content\/uploads\/2020\/02\/logo120.png","contentUrl":"https:\/\/jornalfatosenoticias.com.br\/wp-content\/uploads\/2020\/02\/logo120.png","width":1227,"height":120,"caption":"Jornal Fatos e Not\u00edcias"},"image":{"@id":"https:\/\/jornalfatosenoticias.com.br\/#\/schema\/logo\/image\/"}},{"@type":"Person","@id":"https:\/\/jornalfatosenoticias.com.br\/#\/schema\/person\/d63837fa13ac8666eb9e74e0985d6f81","name":"Luzimara Fernandes","image":{"@type":"ImageObject","inLanguage":"pt-BR","@id":"https:\/\/jornalfatosenoticias.com.br\/#\/schema\/person\/image\/","url":"https:\/\/jornalfatosenoticias.com.br\/wp-content\/uploads\/2025\/05\/EU_portal.jpg","contentUrl":"https:\/\/jornalfatosenoticias.com.br\/wp-content\/uploads\/2025\/05\/EU_portal.jpg","caption":"Luzimara Fernandes"},"description":"Jornalista MTB 2358-ES","sameAs":["https:\/\/jornalfatosenoticias.com.br"],"url":"https:\/\/jornalfatosenoticias.com.br\/index.php\/author\/luzimara\/"}]}},"cc_featured_image_caption":{"caption_text":"(Foto: T\u00e2nia R\u00eago\/Ag\u00eancia Brasil)","source_text":"","source_url":""},"jetpack_featured_media_url":"https:\/\/jornalfatosenoticias.com.br\/wp-content\/uploads\/2023\/10\/ongs-seguranca.jpg","_links":{"self":[{"href":"https:\/\/jornalfatosenoticias.com.br\/index.php\/wp-json\/wp\/v2\/posts\/46338","targetHints":{"allow":["GET"]}}],"collection":[{"href":"https:\/\/jornalfatosenoticias.com.br\/index.php\/wp-json\/wp\/v2\/posts"}],"about":[{"href":"https:\/\/jornalfatosenoticias.com.br\/index.php\/wp-json\/wp\/v2\/types\/post"}],"author":[{"embeddable":true,"href":"https:\/\/jornalfatosenoticias.com.br\/index.php\/wp-json\/wp\/v2\/users\/2"}],"replies":[{"embeddable":true,"href":"https:\/\/jornalfatosenoticias.com.br\/index.php\/wp-json\/wp\/v2\/comments?post=46338"}],"version-history":[{"count":0,"href":"https:\/\/jornalfatosenoticias.com.br\/index.php\/wp-json\/wp\/v2\/posts\/46338\/revisions"}],"wp:featuredmedia":[{"embeddable":true,"href":"https:\/\/jornalfatosenoticias.com.br\/index.php\/wp-json\/wp\/v2\/media\/46339"}],"wp:attachment":[{"href":"https:\/\/jornalfatosenoticias.com.br\/index.php\/wp-json\/wp\/v2\/media?parent=46338"}],"wp:term":[{"taxonomy":"category","embeddable":true,"href":"https:\/\/jornalfatosenoticias.com.br\/index.php\/wp-json\/wp\/v2\/categories?post=46338"},{"taxonomy":"post_tag","embeddable":true,"href":"https:\/\/jornalfatosenoticias.com.br\/index.php\/wp-json\/wp\/v2\/tags?post=46338"}],"curies":[{"name":"wp","href":"https:\/\/api.w.org\/{rel}","templated":true}]}}