{"id":46390,"date":"2023-10-26T17:46:19","date_gmt":"2023-10-26T20:46:19","guid":{"rendered":"https:\/\/jornalfatosenoticias.com.br\/?p=46390"},"modified":"2023-10-26T17:46:22","modified_gmt":"2023-10-26T20:46:22","slug":"como-ajudar-a-crianca-que-enfrenta-bullying-na-escola","status":"publish","type":"post","link":"https:\/\/jornalfatosenoticias.com.br\/index.php\/2023\/10\/26\/como-ajudar-a-crianca-que-enfrenta-bullying-na-escola\/","title":{"rendered":"Como ajudar a crian\u00e7a que enfrenta bullying na escola"},"content":{"rendered":"\n<p><em><span class=\"has-inline-color has-black-color\">Altera\u00e7\u00f5es no comportamento da crian\u00e7a devem ser informadas \u00e0 institui\u00e7\u00e3o de ensino para que se conscientize do assunto e planeje atividades de combate \u00e0s pr\u00e1ticas de viol\u00eancia contra o aluno<\/span><\/em><\/p>\n\n\n\n<div class=\"wp-block-image\"><figure class=\"aligncenter size-large\"><img loading=\"lazy\" decoding=\"async\" width=\"1024\" height=\"109\" src=\"https:\/\/jornalfatosenoticias.com.br\/wp-content\/uploads\/2020\/02\/CONTROL-CS2-1024x109.jpg\" alt=\"\" class=\"wp-image-44989\" srcset=\"https:\/\/jornalfatosenoticias.com.br\/wp-content\/uploads\/2020\/02\/CONTROL-CS2-1024x109.jpg 1024w, https:\/\/jornalfatosenoticias.com.br\/wp-content\/uploads\/2020\/02\/CONTROL-CS2-300x32.jpg 300w, https:\/\/jornalfatosenoticias.com.br\/wp-content\/uploads\/2020\/02\/CONTROL-CS2-768x82.jpg 768w, https:\/\/jornalfatosenoticias.com.br\/wp-content\/uploads\/2020\/02\/CONTROL-CS2.jpg 1120w\" sizes=\"auto, (max-width: 1024px) 100vw, 1024px\" \/><\/figure><\/div>\n\n\n\n<p>O bullying \u00e9 um dos maiores <a href=\"https:\/\/cangurunews.com.br\/estudo-aponta-habitos-simples-que-ajudam-a-prevenir-bullying-entre-jovens\/\">desafios enfrentados no ambiente escolar<\/a>, por isso, 20 de outubro, \u00e9 o Dia Mundial de Combate ao Bullying. As agress\u00f5es verbais, f\u00edsicas ou psicol\u00f3gicas recorrentes que levam o aluno \u00e0 humilha\u00e7\u00e3o ou intimida\u00e7\u00e3o t\u00eam ocorrido cada vez com maior frequ\u00eancia nas escolas e tamb\u00e9m nos ambientes virtuais, caracterizando o <a href=\"https:\/\/cangurunews.com.br\/pais-brasileiros-temem-que-filhos-pratiquem-cyberbullying-diz-estudo\/\">cyberbullying<\/a>.<br>De acordo com o Instituto Brasileiro de Geografia e Estat\u00edstica (IBGE), quatro a cada dez estudantes adolescentes do pa\u00eds j\u00e1 sofreram com a pr\u00e1tica de bullying. No mundo inteiro, mais de 150 milh\u00f5es de adolescentes entre 13 e 15 anos de diferentes pa\u00edses tiveram alguma experi\u00eancia de viol\u00eancia dentro ou ao redor da escola envolvendo seus pares, segundo informa\u00e7\u00f5es do Fundo das Na\u00e7\u00f5es Unidas para a Inf\u00e2ncia (Unicef). A pr\u00e1tica faz com que muitos alunos <a href=\"https:\/\/cangurunews.com.br\/como-posso-prevenir-o-bullying-12-solucoes-para-ajudar-as-criancas\/\">n\u00e3o queiram ir para a escola<\/a>: no Brasil, 14,8% dos estudantes disseram ter faltado \u00e0s aulas por n\u00e3o se sentirem protegidos dentro e fora do ambiente escolar.<\/p>\n\n\n\n<div class=\"wp-block-image\"><figure class=\"aligncenter size-large is-resized\"><img loading=\"lazy\" decoding=\"async\" src=\"https:\/\/jornalfatosenoticias.com.br\/wp-content\/uploads\/2023\/08\/ITH.jpeg\" alt=\"\" class=\"wp-image-44638\" width=\"358\" height=\"291\" srcset=\"https:\/\/jornalfatosenoticias.com.br\/wp-content\/uploads\/2023\/08\/ITH.jpeg 800w, https:\/\/jornalfatosenoticias.com.br\/wp-content\/uploads\/2023\/08\/ITH-300x244.jpeg 300w, https:\/\/jornalfatosenoticias.com.br\/wp-content\/uploads\/2023\/08\/ITH-768x624.jpeg 768w\" sizes=\"auto, (max-width: 358px) 100vw, 358px\" \/><\/figure><\/div>\n\n\n\n<p>Quando ocorrem situa\u00e7\u00f5es de bullying no \u00e2mbito escolar, \u00e9 poss\u00edvel notar mudan\u00e7as de postura no aluno, que pode se mostrar mais irritado ou triste na sala de aula ou espa\u00e7os de conviv\u00eancia entre os pares. Des\u00e2nimo para ir \u00e0 escola, faltas sem justificativa e mudan\u00e7as de comportamento \u2014 quando a crian\u00e7a ou o adolescente come\u00e7a a agir de modo diferente e s\u00f3 quer ficar s\u00f3 \u2014 s\u00e3o aspectos que devem ser observados com aten\u00e7\u00e3o. <\/p>\n\n\n\n<div class=\"wp-block-image\"><figure class=\"aligncenter size-large\"><img loading=\"lazy\" decoding=\"async\" width=\"300\" height=\"250\" src=\"https:\/\/jornalfatosenoticias.com.br\/wp-content\/uploads\/2020\/02\/Banner-2.png\" alt=\"\" class=\"wp-image-43787\"\/><\/figure><\/div>\n\n\n\n<blockquote class=\"wp-block-quote is-layout-flow wp-block-quote-is-layout-flow\"><p><span class=\"has-inline-color has-luminous-vivid-orange-color\">Uma das quest\u00f5es que podem ser percebidas pelos professores \u00e9 a queda de rendimento escolar, principalmente para aqueles alunos com rendimento satisfat\u00f3rio e que caem bruscamente\u201d, diz Ana Paula de Souza Colling, doutora no ensino de ci\u00eancias e matem\u00e1tica, especialista em gest\u00e3o educacional e professora do Instituto \u00c2ncora Educa\u00e7\u00e3o, rede de relacionamento formada por institui\u00e7\u00f5es de ensino, startups e organiza\u00e7\u00f5es do terceiro setor. <\/span><\/p><\/blockquote>\n\n\n\n<div class=\"wp-block-image\"><figure class=\"aligncenter size-large is-resized\"><img loading=\"lazy\" decoding=\"async\" src=\"https:\/\/jornalfatosenoticias.com.br\/wp-content\/uploads\/2023\/07\/lacremoda.jpg\" alt=\"\" class=\"wp-image-43706\" width=\"331\" height=\"185\" srcset=\"https:\/\/jornalfatosenoticias.com.br\/wp-content\/uploads\/2023\/07\/lacremoda.jpg 1024w, https:\/\/jornalfatosenoticias.com.br\/wp-content\/uploads\/2023\/07\/lacremoda-300x168.jpg 300w, https:\/\/jornalfatosenoticias.com.br\/wp-content\/uploads\/2023\/07\/lacremoda-768x431.jpg 768w\" sizes=\"auto, (max-width: 331px) 100vw, 331px\" \/><\/figure><\/div>\n\n\n\n<p>Al\u00e9m do sofrimento psicol\u00f3gico, a pr\u00e1tica do bullying na escola pode causar <a href=\"https:\/\/cangurunews.com.br\/bullying-na-escola-8-sinais-de-que-seu-filho-sofre-com-a-pratica\/\">dor ou inc\u00f4modo f\u00edsico, s\u00edndrome do p\u00e2nico<\/a>, dificuldade para dormir, transtornos alimentares, entre outras quest\u00f5es.<\/p>\n\n\n\n<p><strong><em>Fonte: <a href=\"https:\/\/cangurunews.com.br\/como-os-pais-podem-ajudar-o-filho-que-enfrenta-bullying-na-escola\/\">Canguru News<\/a><\/em><\/strong><\/p>\n","protected":false},"excerpt":{"rendered":"<p>Altera\u00e7\u00f5es no comportamento da crian\u00e7a devem ser informadas \u00e0 institui\u00e7\u00e3o de ensino para que se conscientize do assunto e planeje atividades de combate \u00e0s pr\u00e1ticas de viol\u00eancia contra o aluno O bullying \u00e9 um dos maiores desafios enfrentados no ambiente escolar, por isso, 20 de outubro, \u00e9 o Dia Mundial de Combate ao Bullying. As [&hellip;]<\/p>\n","protected":false},"author":2,"featured_media":46391,"comment_status":"open","ping_status":"open","sticky":false,"template":"","format":"standard","meta":{"footnotes":""},"categories":[7],"tags":[12762,5576,16697,21818],"class_list":["post-46390","post","type-post","status-publish","format-standard","has-post-thumbnail","hentry","category-educacao","tag-ambiente-escolar","tag-bullying","tag-bullying-na-escola","tag-cyberbullying"],"yoast_head":"<!-- This site is optimized with the Yoast SEO plugin v26.5 - https:\/\/yoast.com\/wordpress\/plugins\/seo\/ -->\n<title>Como ajudar a crian\u00e7a que enfrenta bullying na escola - Jornal Fatos e Not\u00edcias<\/title>\n<meta name=\"robots\" content=\"index, follow, max-snippet:-1, max-image-preview:large, max-video-preview:-1\" \/>\n<link rel=\"canonical\" href=\"https:\/\/jornalfatosenoticias.com.br\/index.php\/2023\/10\/26\/como-ajudar-a-crianca-que-enfrenta-bullying-na-escola\/\" \/>\n<meta property=\"og:locale\" content=\"pt_BR\" \/>\n<meta property=\"og:type\" content=\"article\" \/>\n<meta property=\"og:title\" content=\"Como ajudar a crian\u00e7a que enfrenta bullying na escola - Jornal Fatos e Not\u00edcias\" \/>\n<meta property=\"og:description\" content=\"Altera\u00e7\u00f5es no comportamento da crian\u00e7a devem ser informadas \u00e0 institui\u00e7\u00e3o de ensino para que se conscientize do assunto e planeje atividades de combate \u00e0s pr\u00e1ticas de viol\u00eancia contra o aluno O bullying \u00e9 um dos maiores desafios enfrentados no ambiente escolar, por isso, 20 de outubro, \u00e9 o Dia Mundial de Combate ao Bullying. As [&hellip;]\" \/>\n<meta property=\"og:url\" content=\"https:\/\/jornalfatosenoticias.com.br\/index.php\/2023\/10\/26\/como-ajudar-a-crianca-que-enfrenta-bullying-na-escola\/\" \/>\n<meta property=\"og:site_name\" content=\"Jornal Fatos e Not\u00edcias\" \/>\n<meta property=\"article:published_time\" content=\"2023-10-26T20:46:19+00:00\" \/>\n<meta property=\"article:modified_time\" content=\"2023-10-26T20:46:22+00:00\" \/>\n<meta property=\"og:image\" content=\"https:\/\/jornalfatosenoticias.com.br\/wp-content\/uploads\/2023\/10\/bullying_istockphoto.jpg\" \/>\n\t<meta property=\"og:image:width\" content=\"612\" \/>\n\t<meta property=\"og:image:height\" content=\"323\" \/>\n\t<meta property=\"og:image:type\" content=\"image\/jpeg\" \/>\n<meta name=\"author\" content=\"Luzimara Fernandes\" \/>\n<meta name=\"twitter:card\" content=\"summary_large_image\" \/>\n<meta name=\"twitter:label1\" content=\"Escrito por\" \/>\n\t<meta name=\"twitter:data1\" content=\"Luzimara Fernandes\" \/>\n\t<meta name=\"twitter:label2\" content=\"Est. tempo de leitura\" \/>\n\t<meta name=\"twitter:data2\" content=\"2 minutos\" \/>\n<script type=\"application\/ld+json\" class=\"yoast-schema-graph\">{\"@context\":\"https:\/\/schema.org\",\"@graph\":[{\"@type\":\"Article\",\"@id\":\"https:\/\/jornalfatosenoticias.com.br\/index.php\/2023\/10\/26\/como-ajudar-a-crianca-que-enfrenta-bullying-na-escola\/#article\",\"isPartOf\":{\"@id\":\"https:\/\/jornalfatosenoticias.com.br\/index.php\/2023\/10\/26\/como-ajudar-a-crianca-que-enfrenta-bullying-na-escola\/\"},\"author\":{\"name\":\"Luzimara Fernandes\",\"@id\":\"https:\/\/jornalfatosenoticias.com.br\/#\/schema\/person\/d63837fa13ac8666eb9e74e0985d6f81\"},\"headline\":\"Como ajudar a crian\u00e7a que enfrenta bullying na escola\",\"datePublished\":\"2023-10-26T20:46:19+00:00\",\"dateModified\":\"2023-10-26T20:46:22+00:00\",\"mainEntityOfPage\":{\"@id\":\"https:\/\/jornalfatosenoticias.com.br\/index.php\/2023\/10\/26\/como-ajudar-a-crianca-que-enfrenta-bullying-na-escola\/\"},\"wordCount\":404,\"commentCount\":0,\"publisher\":{\"@id\":\"https:\/\/jornalfatosenoticias.com.br\/#organization\"},\"image\":{\"@id\":\"https:\/\/jornalfatosenoticias.com.br\/index.php\/2023\/10\/26\/como-ajudar-a-crianca-que-enfrenta-bullying-na-escola\/#primaryimage\"},\"thumbnailUrl\":\"https:\/\/jornalfatosenoticias.com.br\/wp-content\/uploads\/2023\/10\/bullying_istockphoto.jpg\",\"keywords\":[\"ambiente escolar\",\"bullying\",\"bullying na escola\",\"cyberbullying\"],\"articleSection\":[\"Educa\u00e7\u00e3o\"],\"inLanguage\":\"pt-BR\",\"potentialAction\":[{\"@type\":\"CommentAction\",\"name\":\"Comment\",\"target\":[\"https:\/\/jornalfatosenoticias.com.br\/index.php\/2023\/10\/26\/como-ajudar-a-crianca-que-enfrenta-bullying-na-escola\/#respond\"]}]},{\"@type\":\"WebPage\",\"@id\":\"https:\/\/jornalfatosenoticias.com.br\/index.php\/2023\/10\/26\/como-ajudar-a-crianca-que-enfrenta-bullying-na-escola\/\",\"url\":\"https:\/\/jornalfatosenoticias.com.br\/index.php\/2023\/10\/26\/como-ajudar-a-crianca-que-enfrenta-bullying-na-escola\/\",\"name\":\"Como ajudar a crian\u00e7a que enfrenta bullying na escola - Jornal Fatos e Not\u00edcias\",\"isPartOf\":{\"@id\":\"https:\/\/jornalfatosenoticias.com.br\/#website\"},\"primaryImageOfPage\":{\"@id\":\"https:\/\/jornalfatosenoticias.com.br\/index.php\/2023\/10\/26\/como-ajudar-a-crianca-que-enfrenta-bullying-na-escola\/#primaryimage\"},\"image\":{\"@id\":\"https:\/\/jornalfatosenoticias.com.br\/index.php\/2023\/10\/26\/como-ajudar-a-crianca-que-enfrenta-bullying-na-escola\/#primaryimage\"},\"thumbnailUrl\":\"https:\/\/jornalfatosenoticias.com.br\/wp-content\/uploads\/2023\/10\/bullying_istockphoto.jpg\",\"datePublished\":\"2023-10-26T20:46:19+00:00\",\"dateModified\":\"2023-10-26T20:46:22+00:00\",\"breadcrumb\":{\"@id\":\"https:\/\/jornalfatosenoticias.com.br\/index.php\/2023\/10\/26\/como-ajudar-a-crianca-que-enfrenta-bullying-na-escola\/#breadcrumb\"},\"inLanguage\":\"pt-BR\",\"potentialAction\":[{\"@type\":\"ReadAction\",\"target\":[\"https:\/\/jornalfatosenoticias.com.br\/index.php\/2023\/10\/26\/como-ajudar-a-crianca-que-enfrenta-bullying-na-escola\/\"]}]},{\"@type\":\"ImageObject\",\"inLanguage\":\"pt-BR\",\"@id\":\"https:\/\/jornalfatosenoticias.com.br\/index.php\/2023\/10\/26\/como-ajudar-a-crianca-que-enfrenta-bullying-na-escola\/#primaryimage\",\"url\":\"https:\/\/jornalfatosenoticias.com.br\/wp-content\/uploads\/2023\/10\/bullying_istockphoto.jpg\",\"contentUrl\":\"https:\/\/jornalfatosenoticias.com.br\/wp-content\/uploads\/2023\/10\/bullying_istockphoto.jpg\",\"width\":612,\"height\":323,\"caption\":\"Young sad teenage girl feeling lonely and excluded at school. Female outside classroom and thinking about teen problems, bullying or trouble feeling depressed and anxiety.\"},{\"@type\":\"BreadcrumbList\",\"@id\":\"https:\/\/jornalfatosenoticias.com.br\/index.php\/2023\/10\/26\/como-ajudar-a-crianca-que-enfrenta-bullying-na-escola\/#breadcrumb\",\"itemListElement\":[{\"@type\":\"ListItem\",\"position\":1,\"name\":\"In\u00edcio\",\"item\":\"https:\/\/jornalfatosenoticias.com.br\/\"},{\"@type\":\"ListItem\",\"position\":2,\"name\":\"Como ajudar a crian\u00e7a que enfrenta bullying na escola\"}]},{\"@type\":\"WebSite\",\"@id\":\"https:\/\/jornalfatosenoticias.com.br\/#website\",\"url\":\"https:\/\/jornalfatosenoticias.com.br\/\",\"name\":\"Jornal Fatos e Not\u00edcias\",\"description\":\"Not\u00edcias em geral\",\"publisher\":{\"@id\":\"https:\/\/jornalfatosenoticias.com.br\/#organization\"},\"potentialAction\":[{\"@type\":\"SearchAction\",\"target\":{\"@type\":\"EntryPoint\",\"urlTemplate\":\"https:\/\/jornalfatosenoticias.com.br\/?s={search_term_string}\"},\"query-input\":{\"@type\":\"PropertyValueSpecification\",\"valueRequired\":true,\"valueName\":\"search_term_string\"}}],\"inLanguage\":\"pt-BR\"},{\"@type\":\"Organization\",\"@id\":\"https:\/\/jornalfatosenoticias.com.br\/#organization\",\"name\":\"Jornal Fatos e Not\u00edcias\",\"url\":\"https:\/\/jornalfatosenoticias.com.br\/\",\"logo\":{\"@type\":\"ImageObject\",\"inLanguage\":\"pt-BR\",\"@id\":\"https:\/\/jornalfatosenoticias.com.br\/#\/schema\/logo\/image\/\",\"url\":\"https:\/\/jornalfatosenoticias.com.br\/wp-content\/uploads\/2020\/02\/logo120.png\",\"contentUrl\":\"https:\/\/jornalfatosenoticias.com.br\/wp-content\/uploads\/2020\/02\/logo120.png\",\"width\":1227,\"height\":120,\"caption\":\"Jornal Fatos e Not\u00edcias\"},\"image\":{\"@id\":\"https:\/\/jornalfatosenoticias.com.br\/#\/schema\/logo\/image\/\"}},{\"@type\":\"Person\",\"@id\":\"https:\/\/jornalfatosenoticias.com.br\/#\/schema\/person\/d63837fa13ac8666eb9e74e0985d6f81\",\"name\":\"Luzimara Fernandes\",\"image\":{\"@type\":\"ImageObject\",\"inLanguage\":\"pt-BR\",\"@id\":\"https:\/\/jornalfatosenoticias.com.br\/#\/schema\/person\/image\/\",\"url\":\"https:\/\/jornalfatosenoticias.com.br\/wp-content\/uploads\/2025\/05\/EU_portal.jpg\",\"contentUrl\":\"https:\/\/jornalfatosenoticias.com.br\/wp-content\/uploads\/2025\/05\/EU_portal.jpg\",\"caption\":\"Luzimara Fernandes\"},\"description\":\"Jornalista MTB 2358-ES\",\"sameAs\":[\"https:\/\/jornalfatosenoticias.com.br\"],\"url\":\"https:\/\/jornalfatosenoticias.com.br\/index.php\/author\/luzimara\/\"}]}<\/script>\n<!-- \/ Yoast SEO plugin. -->","yoast_head_json":{"title":"Como ajudar a crian\u00e7a que enfrenta bullying na escola - Jornal Fatos e Not\u00edcias","robots":{"index":"index","follow":"follow","max-snippet":"max-snippet:-1","max-image-preview":"max-image-preview:large","max-video-preview":"max-video-preview:-1"},"canonical":"https:\/\/jornalfatosenoticias.com.br\/index.php\/2023\/10\/26\/como-ajudar-a-crianca-que-enfrenta-bullying-na-escola\/","og_locale":"pt_BR","og_type":"article","og_title":"Como ajudar a crian\u00e7a que enfrenta bullying na escola - Jornal Fatos e Not\u00edcias","og_description":"Altera\u00e7\u00f5es no comportamento da crian\u00e7a devem ser informadas \u00e0 institui\u00e7\u00e3o de ensino para que se conscientize do assunto e planeje atividades de combate \u00e0s pr\u00e1ticas de viol\u00eancia contra o aluno O bullying \u00e9 um dos maiores desafios enfrentados no ambiente escolar, por isso, 20 de outubro, \u00e9 o Dia Mundial de Combate ao Bullying. As [&hellip;]","og_url":"https:\/\/jornalfatosenoticias.com.br\/index.php\/2023\/10\/26\/como-ajudar-a-crianca-que-enfrenta-bullying-na-escola\/","og_site_name":"Jornal Fatos e Not\u00edcias","article_published_time":"2023-10-26T20:46:19+00:00","article_modified_time":"2023-10-26T20:46:22+00:00","og_image":[{"width":612,"height":323,"url":"https:\/\/jornalfatosenoticias.com.br\/wp-content\/uploads\/2023\/10\/bullying_istockphoto.jpg","type":"image\/jpeg"}],"author":"Luzimara Fernandes","twitter_card":"summary_large_image","twitter_misc":{"Escrito por":"Luzimara Fernandes","Est. tempo de leitura":"2 minutos"},"schema":{"@context":"https:\/\/schema.org","@graph":[{"@type":"Article","@id":"https:\/\/jornalfatosenoticias.com.br\/index.php\/2023\/10\/26\/como-ajudar-a-crianca-que-enfrenta-bullying-na-escola\/#article","isPartOf":{"@id":"https:\/\/jornalfatosenoticias.com.br\/index.php\/2023\/10\/26\/como-ajudar-a-crianca-que-enfrenta-bullying-na-escola\/"},"author":{"name":"Luzimara Fernandes","@id":"https:\/\/jornalfatosenoticias.com.br\/#\/schema\/person\/d63837fa13ac8666eb9e74e0985d6f81"},"headline":"Como ajudar a crian\u00e7a que enfrenta bullying na escola","datePublished":"2023-10-26T20:46:19+00:00","dateModified":"2023-10-26T20:46:22+00:00","mainEntityOfPage":{"@id":"https:\/\/jornalfatosenoticias.com.br\/index.php\/2023\/10\/26\/como-ajudar-a-crianca-que-enfrenta-bullying-na-escola\/"},"wordCount":404,"commentCount":0,"publisher":{"@id":"https:\/\/jornalfatosenoticias.com.br\/#organization"},"image":{"@id":"https:\/\/jornalfatosenoticias.com.br\/index.php\/2023\/10\/26\/como-ajudar-a-crianca-que-enfrenta-bullying-na-escola\/#primaryimage"},"thumbnailUrl":"https:\/\/jornalfatosenoticias.com.br\/wp-content\/uploads\/2023\/10\/bullying_istockphoto.jpg","keywords":["ambiente escolar","bullying","bullying na escola","cyberbullying"],"articleSection":["Educa\u00e7\u00e3o"],"inLanguage":"pt-BR","potentialAction":[{"@type":"CommentAction","name":"Comment","target":["https:\/\/jornalfatosenoticias.com.br\/index.php\/2023\/10\/26\/como-ajudar-a-crianca-que-enfrenta-bullying-na-escola\/#respond"]}]},{"@type":"WebPage","@id":"https:\/\/jornalfatosenoticias.com.br\/index.php\/2023\/10\/26\/como-ajudar-a-crianca-que-enfrenta-bullying-na-escola\/","url":"https:\/\/jornalfatosenoticias.com.br\/index.php\/2023\/10\/26\/como-ajudar-a-crianca-que-enfrenta-bullying-na-escola\/","name":"Como ajudar a crian\u00e7a que enfrenta bullying na escola - Jornal Fatos e Not\u00edcias","isPartOf":{"@id":"https:\/\/jornalfatosenoticias.com.br\/#website"},"primaryImageOfPage":{"@id":"https:\/\/jornalfatosenoticias.com.br\/index.php\/2023\/10\/26\/como-ajudar-a-crianca-que-enfrenta-bullying-na-escola\/#primaryimage"},"image":{"@id":"https:\/\/jornalfatosenoticias.com.br\/index.php\/2023\/10\/26\/como-ajudar-a-crianca-que-enfrenta-bullying-na-escola\/#primaryimage"},"thumbnailUrl":"https:\/\/jornalfatosenoticias.com.br\/wp-content\/uploads\/2023\/10\/bullying_istockphoto.jpg","datePublished":"2023-10-26T20:46:19+00:00","dateModified":"2023-10-26T20:46:22+00:00","breadcrumb":{"@id":"https:\/\/jornalfatosenoticias.com.br\/index.php\/2023\/10\/26\/como-ajudar-a-crianca-que-enfrenta-bullying-na-escola\/#breadcrumb"},"inLanguage":"pt-BR","potentialAction":[{"@type":"ReadAction","target":["https:\/\/jornalfatosenoticias.com.br\/index.php\/2023\/10\/26\/como-ajudar-a-crianca-que-enfrenta-bullying-na-escola\/"]}]},{"@type":"ImageObject","inLanguage":"pt-BR","@id":"https:\/\/jornalfatosenoticias.com.br\/index.php\/2023\/10\/26\/como-ajudar-a-crianca-que-enfrenta-bullying-na-escola\/#primaryimage","url":"https:\/\/jornalfatosenoticias.com.br\/wp-content\/uploads\/2023\/10\/bullying_istockphoto.jpg","contentUrl":"https:\/\/jornalfatosenoticias.com.br\/wp-content\/uploads\/2023\/10\/bullying_istockphoto.jpg","width":612,"height":323,"caption":"Young sad teenage girl feeling lonely and excluded at school. Female outside classroom and thinking about teen problems, bullying or trouble feeling depressed and anxiety."},{"@type":"BreadcrumbList","@id":"https:\/\/jornalfatosenoticias.com.br\/index.php\/2023\/10\/26\/como-ajudar-a-crianca-que-enfrenta-bullying-na-escola\/#breadcrumb","itemListElement":[{"@type":"ListItem","position":1,"name":"In\u00edcio","item":"https:\/\/jornalfatosenoticias.com.br\/"},{"@type":"ListItem","position":2,"name":"Como ajudar a crian\u00e7a que enfrenta bullying na escola"}]},{"@type":"WebSite","@id":"https:\/\/jornalfatosenoticias.com.br\/#website","url":"https:\/\/jornalfatosenoticias.com.br\/","name":"Jornal Fatos e Not\u00edcias","description":"Not\u00edcias em geral","publisher":{"@id":"https:\/\/jornalfatosenoticias.com.br\/#organization"},"potentialAction":[{"@type":"SearchAction","target":{"@type":"EntryPoint","urlTemplate":"https:\/\/jornalfatosenoticias.com.br\/?s={search_term_string}"},"query-input":{"@type":"PropertyValueSpecification","valueRequired":true,"valueName":"search_term_string"}}],"inLanguage":"pt-BR"},{"@type":"Organization","@id":"https:\/\/jornalfatosenoticias.com.br\/#organization","name":"Jornal Fatos e Not\u00edcias","url":"https:\/\/jornalfatosenoticias.com.br\/","logo":{"@type":"ImageObject","inLanguage":"pt-BR","@id":"https:\/\/jornalfatosenoticias.com.br\/#\/schema\/logo\/image\/","url":"https:\/\/jornalfatosenoticias.com.br\/wp-content\/uploads\/2020\/02\/logo120.png","contentUrl":"https:\/\/jornalfatosenoticias.com.br\/wp-content\/uploads\/2020\/02\/logo120.png","width":1227,"height":120,"caption":"Jornal Fatos e Not\u00edcias"},"image":{"@id":"https:\/\/jornalfatosenoticias.com.br\/#\/schema\/logo\/image\/"}},{"@type":"Person","@id":"https:\/\/jornalfatosenoticias.com.br\/#\/schema\/person\/d63837fa13ac8666eb9e74e0985d6f81","name":"Luzimara Fernandes","image":{"@type":"ImageObject","inLanguage":"pt-BR","@id":"https:\/\/jornalfatosenoticias.com.br\/#\/schema\/person\/image\/","url":"https:\/\/jornalfatosenoticias.com.br\/wp-content\/uploads\/2025\/05\/EU_portal.jpg","contentUrl":"https:\/\/jornalfatosenoticias.com.br\/wp-content\/uploads\/2025\/05\/EU_portal.jpg","caption":"Luzimara Fernandes"},"description":"Jornalista MTB 2358-ES","sameAs":["https:\/\/jornalfatosenoticias.com.br"],"url":"https:\/\/jornalfatosenoticias.com.br\/index.php\/author\/luzimara\/"}]}},"cc_featured_image_caption":{"caption_text":"(Foto: iStock) ","source_text":"","source_url":""},"jetpack_featured_media_url":"https:\/\/jornalfatosenoticias.com.br\/wp-content\/uploads\/2023\/10\/bullying_istockphoto.jpg","_links":{"self":[{"href":"https:\/\/jornalfatosenoticias.com.br\/index.php\/wp-json\/wp\/v2\/posts\/46390","targetHints":{"allow":["GET"]}}],"collection":[{"href":"https:\/\/jornalfatosenoticias.com.br\/index.php\/wp-json\/wp\/v2\/posts"}],"about":[{"href":"https:\/\/jornalfatosenoticias.com.br\/index.php\/wp-json\/wp\/v2\/types\/post"}],"author":[{"embeddable":true,"href":"https:\/\/jornalfatosenoticias.com.br\/index.php\/wp-json\/wp\/v2\/users\/2"}],"replies":[{"embeddable":true,"href":"https:\/\/jornalfatosenoticias.com.br\/index.php\/wp-json\/wp\/v2\/comments?post=46390"}],"version-history":[{"count":0,"href":"https:\/\/jornalfatosenoticias.com.br\/index.php\/wp-json\/wp\/v2\/posts\/46390\/revisions"}],"wp:featuredmedia":[{"embeddable":true,"href":"https:\/\/jornalfatosenoticias.com.br\/index.php\/wp-json\/wp\/v2\/media\/46391"}],"wp:attachment":[{"href":"https:\/\/jornalfatosenoticias.com.br\/index.php\/wp-json\/wp\/v2\/media?parent=46390"}],"wp:term":[{"taxonomy":"category","embeddable":true,"href":"https:\/\/jornalfatosenoticias.com.br\/index.php\/wp-json\/wp\/v2\/categories?post=46390"},{"taxonomy":"post_tag","embeddable":true,"href":"https:\/\/jornalfatosenoticias.com.br\/index.php\/wp-json\/wp\/v2\/tags?post=46390"}],"curies":[{"name":"wp","href":"https:\/\/api.w.org\/{rel}","templated":true}]}}