{"id":46406,"date":"2023-10-27T10:32:00","date_gmt":"2023-10-27T13:32:00","guid":{"rendered":"https:\/\/jornalfatosenoticias.com.br\/?p=46406"},"modified":"2023-10-27T10:32:01","modified_gmt":"2023-10-27T13:32:01","slug":"saiba-mais-do-gato-palheiro-especie-rara-encontrada-em-goias","status":"publish","type":"post","link":"https:\/\/jornalfatosenoticias.com.br\/index.php\/2023\/10\/27\/saiba-mais-do-gato-palheiro-especie-rara-encontrada-em-goias\/","title":{"rendered":"Saiba mais do gato-palheiro, esp\u00e9cie rara encontrada em Goi\u00e1s"},"content":{"rendered":"\n<p><em><span class=\"has-inline-color has-black-color\">Esp\u00e9cime fotografado no Parque Nacional das Emas, em Goi\u00e1s, \u00e9 considerado raro \u2014 tanto pela cor de pelagem quanto pelo estado de conserva\u00e7\u00e3o da esp\u00e9cie<\/span><\/em><\/p>\n\n\n\n<p><em><span class=\"has-inline-color has-black-color\">Por <strong><a href=\"https:\/\/gizmodo.uol.com.br\/author\/gabriel-andrade\/\">Gabriel Andrade<\/a><\/strong><\/span><\/em><\/p>\n\n\n\n<div class=\"wp-block-image\"><figure class=\"aligncenter size-large is-resized\"><img loading=\"lazy\" decoding=\"async\" src=\"https:\/\/jornalfatosenoticias.com.br\/wp-content\/uploads\/2023\/07\/lacremoda.jpg\" alt=\"\" class=\"wp-image-43706\" width=\"331\" height=\"185\" srcset=\"https:\/\/jornalfatosenoticias.com.br\/wp-content\/uploads\/2023\/07\/lacremoda.jpg 1024w, https:\/\/jornalfatosenoticias.com.br\/wp-content\/uploads\/2023\/07\/lacremoda-300x168.jpg 300w, https:\/\/jornalfatosenoticias.com.br\/wp-content\/uploads\/2023\/07\/lacremoda-768x431.jpg 768w\" sizes=\"auto, (max-width: 331px) 100vw, 331px\" \/><\/figure><\/div>\n\n\n\n<p>Pesquisadores registraram um gato-palheiro pela primeira vez no Parque Nacional das Emas, em Goi\u00e1s. Seu avistamento foi <a href=\"https:\/\/www.gov.br\/icmbio\/pt-br\/assuntos\/noticias\/ultimas-noticias\/gato-palheiro-raro-e-encontrado-no-parque-nacional-das-emas\">divulgado<\/a> pelo Instituto Chico Mendes de Conserva\u00e7\u00e3o da Biodiversidade (ICMBio). O animal raro foi fotografado pelo analista ambiental Kennedy Borges, que atua com pesquisas da unidade. O animal \u00e9 um integrante da esp\u00e9cie <em>Leopardus braccatus<\/em>. Um bicho desta esp\u00e9cie j\u00e1 havia sido avistado antes, mas \u00e9 a primeira vez que um exemplar de pelagem escura (mel\u00e2nico) \u00e9 visto e fotografado.<br>O <a href=\"https:\/\/gizmodo.uol.com.br\/caca-de-subsistencia-tem-baixo-impacto-sobre-biodiversidade-na-amazonia\/\">ICMBio<\/a> explica que isso \u00e9 importante, pois o melanismo \u00e9 uma caracter\u00edstica gen\u00e9tica que diferencia os gatos-palheiros fisicamente \u2014 que \u00e9 uma maior deposi\u00e7\u00e3o de melanina que torna os pelos pretos. Animais com melanismo s\u00e3o mais raros na natureza e ocorrem em outras esp\u00e9cies tamb\u00e9m, como as on\u00e7as-pintadas, por exemplo.<\/p>\n\n\n\n<div class=\"wp-block-image\"><figure class=\"aligncenter size-large\"><img loading=\"lazy\" decoding=\"async\" width=\"300\" height=\"250\" src=\"https:\/\/jornalfatosenoticias.com.br\/wp-content\/uploads\/2020\/02\/Banner-2.png\" alt=\"\" class=\"wp-image-43787\"\/><\/figure><\/div>\n\n\n\n<p>Os gatos-palheiros s\u00e3o animais pequenos, que alcan\u00e7am de 3 a 5kg, se alimentam de presas que conseguem capturar com saltos \u2014 em especial roedores, lagartos e aves. Diferentes esp\u00e9cies de gatos-palheiros est\u00e3o espalhadas pelo continente sul-americano, mas a que ocorre no Parque Nacional das Emas \u00e9 a esp\u00e9cie <em>Leopardus braccatus<\/em>. At\u00e9 se parece um pouco com um gato dom\u00e9stico \u00e0 primeira vista, mas eles costumam ser maiores e mais altos.<\/p>\n\n\n\n<div class=\"wp-block-image\"><figure class=\"aligncenter size-large\"><img loading=\"lazy\" decoding=\"async\" width=\"835\" height=\"1000\" src=\"https:\/\/jornalfatosenoticias.com.br\/wp-content\/uploads\/2023\/10\/gato-palheiro_ICMBio_2.jpg\" alt=\"\" class=\"wp-image-46407\" srcset=\"https:\/\/jornalfatosenoticias.com.br\/wp-content\/uploads\/2023\/10\/gato-palheiro_ICMBio_2.jpg 835w, https:\/\/jornalfatosenoticias.com.br\/wp-content\/uploads\/2023\/10\/gato-palheiro_ICMBio_2-251x300.jpg 251w, https:\/\/jornalfatosenoticias.com.br\/wp-content\/uploads\/2023\/10\/gato-palheiro_ICMBio_2-768x920.jpg 768w\" sizes=\"auto, (max-width: 835px) 100vw, 835px\" \/><figcaption><em><span class=\"has-inline-color has-black-color\">O analista Raphael Ribeiro Francisco tamb\u00e9m fez imagens do felino em outro ponto do Parque (Foto: ICMBio\/Divulga\u00e7\u00e3o)<\/span><\/em><\/figcaption><\/figure><\/div>\n\n\n\n<p>Segundo Fl\u00e1via Tirelli, especialista em taxonomia de <a href=\"https:\/\/gizmodo.uol.com.br\/ciencia-pode-ter-descoberto-a-melhor-forma-de-chamar-um-gato\/\">felinos<\/a> carn\u00edvoros brasileiros, a esp\u00e9cie \u00e9 incomum ou rara na maior parte de sua distribui\u00e7\u00e3o. A pesquisadora tamb\u00e9m destaca que, at\u00e9 2020, os gatos-palheiros eram conhecidos como uma \u00fanica esp\u00e9cie, a <em>Leopardus colocola<\/em>. Mas um estudo observou que existem cinco esp\u00e9cies de gato-palheiro, que atualmente s\u00e3o reconhecidas pela ci\u00eancia.<\/p>\n\n\n\n<div class=\"wp-block-image\"><figure class=\"aligncenter size-large is-resized\"><img loading=\"lazy\" decoding=\"async\" src=\"https:\/\/jornalfatosenoticias.com.br\/wp-content\/uploads\/2023\/03\/logo-Panper_portal.jpg\" alt=\"\" class=\"wp-image-40208\" width=\"326\" height=\"226\" srcset=\"https:\/\/jornalfatosenoticias.com.br\/wp-content\/uploads\/2023\/03\/logo-Panper_portal.jpg 400w, https:\/\/jornalfatosenoticias.com.br\/wp-content\/uploads\/2023\/03\/logo-Panper_portal-300x208.jpg 300w\" sizes=\"auto, (max-width: 326px) 100vw, 326px\" \/><\/figure><\/div>\n\n\n\n<p>No Brasil, ocorrem duas esp\u00e9cies, o <em>Leopardus braccatus<\/em> na regi\u00e3o central do Pa\u00eds (biomas Cerrado e Pantanal). E o <em>Leopardus munoai <\/em>no sul do Pa\u00eds (Pampas). O status de conserva\u00e7\u00e3o destas esp\u00e9cies que habitam no Pa\u00eds \u00e9 perigosa para <em>Leopardus braccatus <\/em>e cr\u00edtica para <em>Leopardus munoai. <\/em>As maiores amea\u00e7as \u00e0 esp\u00e9cie s\u00e3o os atropelamentos e a perda de habitat. Por isso, para preservar os animais, a gest\u00e3o do Parque Nacional das Emas tem realizado uma s\u00e9rie de a\u00e7\u00f5es, como palestras e atividades de educa\u00e7\u00e3o ambiental.<\/p>\n\n\n\n<div class=\"wp-block-image\"><figure class=\"aligncenter size-large is-resized\"><img loading=\"lazy\" decoding=\"async\" src=\"https:\/\/jornalfatosenoticias.com.br\/wp-content\/uploads\/2023\/08\/BKR-1024x1021.jpg\" alt=\"\" class=\"wp-image-44494\" width=\"328\" height=\"327\" srcset=\"https:\/\/jornalfatosenoticias.com.br\/wp-content\/uploads\/2023\/08\/BKR-1024x1021.jpg 1024w, https:\/\/jornalfatosenoticias.com.br\/wp-content\/uploads\/2023\/08\/BKR-300x300.jpg 300w, https:\/\/jornalfatosenoticias.com.br\/wp-content\/uploads\/2023\/08\/BKR-150x150.jpg 150w, https:\/\/jornalfatosenoticias.com.br\/wp-content\/uploads\/2023\/08\/BKR-768x766.jpg 768w, https:\/\/jornalfatosenoticias.com.br\/wp-content\/uploads\/2023\/08\/BKR.jpg 1080w\" sizes=\"auto, (max-width: 328px) 100vw, 328px\" \/><\/figure><\/div>\n\n\n\n<p>Al\u00e9m disso, foram confeccionadas placas que ser\u00e3o implantadas ao longo da rodovia para alertar os motoristas do perigo dos animais na pista. Assim, a conserva\u00e7\u00e3o da vegeta\u00e7\u00e3o do Parque Nacional tamb\u00e9m contribui para a preserva\u00e7\u00e3o dos gatos-palheiros, pois permite que eles possam exercer sua natureza adequadamente. O gato-palheiro n\u00e3o \u00e9 o \u00fanico animal protegido pela Unidade de Conserva\u00e7\u00e3o: cerca de outras 15 esp\u00e9cies amea\u00e7adas habitam a regi\u00e3o, dentre elas, a on\u00e7a-pintada e o tamandu\u00e1-bandeira.<\/p>\n\n\n\n<div class=\"wp-block-image\"><figure class=\"aligncenter size-large is-resized\"><img loading=\"lazy\" decoding=\"async\" src=\"https:\/\/jornalfatosenoticias.com.br\/wp-content\/uploads\/2020\/02\/logo-Rapuzel-1024x571.jpg\" alt=\"\" class=\"wp-image-42808\" width=\"363\" height=\"202\" srcset=\"https:\/\/jornalfatosenoticias.com.br\/wp-content\/uploads\/2020\/02\/logo-Rapuzel-1024x571.jpg 1024w, https:\/\/jornalfatosenoticias.com.br\/wp-content\/uploads\/2020\/02\/logo-Rapuzel-300x167.jpg 300w, https:\/\/jornalfatosenoticias.com.br\/wp-content\/uploads\/2020\/02\/logo-Rapuzel-768x428.jpg 768w, https:\/\/jornalfatosenoticias.com.br\/wp-content\/uploads\/2020\/02\/logo-Rapuzel-1536x856.jpg 1536w, https:\/\/jornalfatosenoticias.com.br\/wp-content\/uploads\/2020\/02\/logo-Rapuzel.jpg 1600w\" sizes=\"auto, (max-width: 363px) 100vw, 363px\" \/><\/figure><\/div>\n\n\n\n<p><strong><em>Fonte: <a href=\"https:\/\/gizmodo.uol.com.br\/saiba-mais-do-gato-palheiro-especie-rara-encontrada-em-goias\/\">Giz Brasil<\/a><\/em><\/strong><\/p>\n","protected":false},"excerpt":{"rendered":"<p>Esp\u00e9cime fotografado no Parque Nacional das Emas, em Goi\u00e1s, \u00e9 considerado raro \u2014 tanto pela cor de pelagem quanto pelo estado de conserva\u00e7\u00e3o da esp\u00e9cie Por Gabriel Andrade Pesquisadores registraram um gato-palheiro pela primeira vez no Parque Nacional das Emas, em Goi\u00e1s. Seu avistamento foi divulgado pelo Instituto Chico Mendes de Conserva\u00e7\u00e3o da Biodiversidade (ICMBio). [&hellip;]<\/p>\n","protected":false},"author":2,"featured_media":46408,"comment_status":"open","ping_status":"open","sticky":false,"template":"","format":"standard","meta":{"footnotes":""},"categories":[8],"tags":[1264,18406,1290,21826,6776],"class_list":["post-46406","post","type-post","status-publish","format-standard","has-post-thumbnail","hentry","category-meio-ambiente","tag-animais","tag-especie-rara","tag-gato","tag-gato-palheiro","tag-goias"],"yoast_head":"<!-- This site is optimized with the Yoast SEO plugin v26.5 - https:\/\/yoast.com\/wordpress\/plugins\/seo\/ -->\n<title>Saiba mais do gato-palheiro, esp\u00e9cie rara encontrada em Goi\u00e1s - Jornal Fatos e Not\u00edcias<\/title>\n<meta name=\"robots\" content=\"index, follow, max-snippet:-1, max-image-preview:large, max-video-preview:-1\" \/>\n<link rel=\"canonical\" href=\"https:\/\/jornalfatosenoticias.com.br\/index.php\/2023\/10\/27\/saiba-mais-do-gato-palheiro-especie-rara-encontrada-em-goias\/\" \/>\n<meta property=\"og:locale\" content=\"pt_BR\" \/>\n<meta property=\"og:type\" content=\"article\" \/>\n<meta property=\"og:title\" content=\"Saiba mais do gato-palheiro, esp\u00e9cie rara encontrada em Goi\u00e1s - Jornal Fatos e Not\u00edcias\" \/>\n<meta property=\"og:description\" content=\"Esp\u00e9cime fotografado no Parque Nacional das Emas, em Goi\u00e1s, \u00e9 considerado raro \u2014 tanto pela cor de pelagem quanto pelo estado de conserva\u00e7\u00e3o da esp\u00e9cie Por Gabriel Andrade Pesquisadores registraram um gato-palheiro pela primeira vez no Parque Nacional das Emas, em Goi\u00e1s. Seu avistamento foi divulgado pelo Instituto Chico Mendes de Conserva\u00e7\u00e3o da Biodiversidade (ICMBio). [&hellip;]\" \/>\n<meta property=\"og:url\" content=\"https:\/\/jornalfatosenoticias.com.br\/index.php\/2023\/10\/27\/saiba-mais-do-gato-palheiro-especie-rara-encontrada-em-goias\/\" \/>\n<meta property=\"og:site_name\" content=\"Jornal Fatos e Not\u00edcias\" \/>\n<meta property=\"article:published_time\" content=\"2023-10-27T13:32:00+00:00\" \/>\n<meta property=\"article:modified_time\" content=\"2023-10-27T13:32:01+00:00\" \/>\n<meta property=\"og:image\" content=\"https:\/\/jornalfatosenoticias.com.br\/wp-content\/uploads\/2023\/10\/gato-palheiro_ICMBio.jpeg\" \/>\n\t<meta property=\"og:image:width\" content=\"768\" \/>\n\t<meta property=\"og:image:height\" content=\"484\" \/>\n\t<meta property=\"og:image:type\" content=\"image\/jpeg\" \/>\n<meta name=\"author\" content=\"Luzimara Fernandes\" \/>\n<meta name=\"twitter:card\" content=\"summary_large_image\" \/>\n<meta name=\"twitter:label1\" content=\"Escrito por\" \/>\n\t<meta name=\"twitter:data1\" content=\"Luzimara Fernandes\" \/>\n\t<meta name=\"twitter:label2\" content=\"Est. tempo de leitura\" \/>\n\t<meta name=\"twitter:data2\" content=\"3 minutos\" \/>\n<script type=\"application\/ld+json\" class=\"yoast-schema-graph\">{\"@context\":\"https:\/\/schema.org\",\"@graph\":[{\"@type\":\"Article\",\"@id\":\"https:\/\/jornalfatosenoticias.com.br\/index.php\/2023\/10\/27\/saiba-mais-do-gato-palheiro-especie-rara-encontrada-em-goias\/#article\",\"isPartOf\":{\"@id\":\"https:\/\/jornalfatosenoticias.com.br\/index.php\/2023\/10\/27\/saiba-mais-do-gato-palheiro-especie-rara-encontrada-em-goias\/\"},\"author\":{\"name\":\"Luzimara Fernandes\",\"@id\":\"https:\/\/jornalfatosenoticias.com.br\/#\/schema\/person\/d63837fa13ac8666eb9e74e0985d6f81\"},\"headline\":\"Saiba mais do gato-palheiro, esp\u00e9cie rara encontrada em Goi\u00e1s\",\"datePublished\":\"2023-10-27T13:32:00+00:00\",\"dateModified\":\"2023-10-27T13:32:01+00:00\",\"mainEntityOfPage\":{\"@id\":\"https:\/\/jornalfatosenoticias.com.br\/index.php\/2023\/10\/27\/saiba-mais-do-gato-palheiro-especie-rara-encontrada-em-goias\/\"},\"wordCount\":515,\"commentCount\":0,\"publisher\":{\"@id\":\"https:\/\/jornalfatosenoticias.com.br\/#organization\"},\"image\":{\"@id\":\"https:\/\/jornalfatosenoticias.com.br\/index.php\/2023\/10\/27\/saiba-mais-do-gato-palheiro-especie-rara-encontrada-em-goias\/#primaryimage\"},\"thumbnailUrl\":\"https:\/\/jornalfatosenoticias.com.br\/wp-content\/uploads\/2023\/10\/gato-palheiro_ICMBio.jpeg\",\"keywords\":[\"animais\",\"esp\u00e9cie rara\",\"gato\",\"gato-palheiro\",\"Goi\u00e1s\"],\"articleSection\":[\"Meio ambiente\"],\"inLanguage\":\"pt-BR\",\"potentialAction\":[{\"@type\":\"CommentAction\",\"name\":\"Comment\",\"target\":[\"https:\/\/jornalfatosenoticias.com.br\/index.php\/2023\/10\/27\/saiba-mais-do-gato-palheiro-especie-rara-encontrada-em-goias\/#respond\"]}]},{\"@type\":\"WebPage\",\"@id\":\"https:\/\/jornalfatosenoticias.com.br\/index.php\/2023\/10\/27\/saiba-mais-do-gato-palheiro-especie-rara-encontrada-em-goias\/\",\"url\":\"https:\/\/jornalfatosenoticias.com.br\/index.php\/2023\/10\/27\/saiba-mais-do-gato-palheiro-especie-rara-encontrada-em-goias\/\",\"name\":\"Saiba mais do gato-palheiro, esp\u00e9cie rara encontrada em Goi\u00e1s - Jornal Fatos e Not\u00edcias\",\"isPartOf\":{\"@id\":\"https:\/\/jornalfatosenoticias.com.br\/#website\"},\"primaryImageOfPage\":{\"@id\":\"https:\/\/jornalfatosenoticias.com.br\/index.php\/2023\/10\/27\/saiba-mais-do-gato-palheiro-especie-rara-encontrada-em-goias\/#primaryimage\"},\"image\":{\"@id\":\"https:\/\/jornalfatosenoticias.com.br\/index.php\/2023\/10\/27\/saiba-mais-do-gato-palheiro-especie-rara-encontrada-em-goias\/#primaryimage\"},\"thumbnailUrl\":\"https:\/\/jornalfatosenoticias.com.br\/wp-content\/uploads\/2023\/10\/gato-palheiro_ICMBio.jpeg\",\"datePublished\":\"2023-10-27T13:32:00+00:00\",\"dateModified\":\"2023-10-27T13:32:01+00:00\",\"breadcrumb\":{\"@id\":\"https:\/\/jornalfatosenoticias.com.br\/index.php\/2023\/10\/27\/saiba-mais-do-gato-palheiro-especie-rara-encontrada-em-goias\/#breadcrumb\"},\"inLanguage\":\"pt-BR\",\"potentialAction\":[{\"@type\":\"ReadAction\",\"target\":[\"https:\/\/jornalfatosenoticias.com.br\/index.php\/2023\/10\/27\/saiba-mais-do-gato-palheiro-especie-rara-encontrada-em-goias\/\"]}]},{\"@type\":\"ImageObject\",\"inLanguage\":\"pt-BR\",\"@id\":\"https:\/\/jornalfatosenoticias.com.br\/index.php\/2023\/10\/27\/saiba-mais-do-gato-palheiro-especie-rara-encontrada-em-goias\/#primaryimage\",\"url\":\"https:\/\/jornalfatosenoticias.com.br\/wp-content\/uploads\/2023\/10\/gato-palheiro_ICMBio.jpeg\",\"contentUrl\":\"https:\/\/jornalfatosenoticias.com.br\/wp-content\/uploads\/2023\/10\/gato-palheiro_ICMBio.jpeg\",\"width\":768,\"height\":484},{\"@type\":\"BreadcrumbList\",\"@id\":\"https:\/\/jornalfatosenoticias.com.br\/index.php\/2023\/10\/27\/saiba-mais-do-gato-palheiro-especie-rara-encontrada-em-goias\/#breadcrumb\",\"itemListElement\":[{\"@type\":\"ListItem\",\"position\":1,\"name\":\"In\u00edcio\",\"item\":\"https:\/\/jornalfatosenoticias.com.br\/\"},{\"@type\":\"ListItem\",\"position\":2,\"name\":\"Saiba mais do gato-palheiro, esp\u00e9cie rara encontrada em Goi\u00e1s\"}]},{\"@type\":\"WebSite\",\"@id\":\"https:\/\/jornalfatosenoticias.com.br\/#website\",\"url\":\"https:\/\/jornalfatosenoticias.com.br\/\",\"name\":\"Jornal Fatos e Not\u00edcias\",\"description\":\"Not\u00edcias em geral\",\"publisher\":{\"@id\":\"https:\/\/jornalfatosenoticias.com.br\/#organization\"},\"potentialAction\":[{\"@type\":\"SearchAction\",\"target\":{\"@type\":\"EntryPoint\",\"urlTemplate\":\"https:\/\/jornalfatosenoticias.com.br\/?s={search_term_string}\"},\"query-input\":{\"@type\":\"PropertyValueSpecification\",\"valueRequired\":true,\"valueName\":\"search_term_string\"}}],\"inLanguage\":\"pt-BR\"},{\"@type\":\"Organization\",\"@id\":\"https:\/\/jornalfatosenoticias.com.br\/#organization\",\"name\":\"Jornal Fatos e Not\u00edcias\",\"url\":\"https:\/\/jornalfatosenoticias.com.br\/\",\"logo\":{\"@type\":\"ImageObject\",\"inLanguage\":\"pt-BR\",\"@id\":\"https:\/\/jornalfatosenoticias.com.br\/#\/schema\/logo\/image\/\",\"url\":\"https:\/\/jornalfatosenoticias.com.br\/wp-content\/uploads\/2020\/02\/logo120.png\",\"contentUrl\":\"https:\/\/jornalfatosenoticias.com.br\/wp-content\/uploads\/2020\/02\/logo120.png\",\"width\":1227,\"height\":120,\"caption\":\"Jornal Fatos e Not\u00edcias\"},\"image\":{\"@id\":\"https:\/\/jornalfatosenoticias.com.br\/#\/schema\/logo\/image\/\"}},{\"@type\":\"Person\",\"@id\":\"https:\/\/jornalfatosenoticias.com.br\/#\/schema\/person\/d63837fa13ac8666eb9e74e0985d6f81\",\"name\":\"Luzimara Fernandes\",\"image\":{\"@type\":\"ImageObject\",\"inLanguage\":\"pt-BR\",\"@id\":\"https:\/\/jornalfatosenoticias.com.br\/#\/schema\/person\/image\/\",\"url\":\"https:\/\/jornalfatosenoticias.com.br\/wp-content\/uploads\/2025\/05\/EU_portal.jpg\",\"contentUrl\":\"https:\/\/jornalfatosenoticias.com.br\/wp-content\/uploads\/2025\/05\/EU_portal.jpg\",\"caption\":\"Luzimara Fernandes\"},\"description\":\"Jornalista MTB 2358-ES\",\"sameAs\":[\"https:\/\/jornalfatosenoticias.com.br\"],\"url\":\"https:\/\/jornalfatosenoticias.com.br\/index.php\/author\/luzimara\/\"}]}<\/script>\n<!-- \/ Yoast SEO plugin. -->","yoast_head_json":{"title":"Saiba mais do gato-palheiro, esp\u00e9cie rara encontrada em Goi\u00e1s - Jornal Fatos e Not\u00edcias","robots":{"index":"index","follow":"follow","max-snippet":"max-snippet:-1","max-image-preview":"max-image-preview:large","max-video-preview":"max-video-preview:-1"},"canonical":"https:\/\/jornalfatosenoticias.com.br\/index.php\/2023\/10\/27\/saiba-mais-do-gato-palheiro-especie-rara-encontrada-em-goias\/","og_locale":"pt_BR","og_type":"article","og_title":"Saiba mais do gato-palheiro, esp\u00e9cie rara encontrada em Goi\u00e1s - Jornal Fatos e Not\u00edcias","og_description":"Esp\u00e9cime fotografado no Parque Nacional das Emas, em Goi\u00e1s, \u00e9 considerado raro \u2014 tanto pela cor de pelagem quanto pelo estado de conserva\u00e7\u00e3o da esp\u00e9cie Por Gabriel Andrade Pesquisadores registraram um gato-palheiro pela primeira vez no Parque Nacional das Emas, em Goi\u00e1s. Seu avistamento foi divulgado pelo Instituto Chico Mendes de Conserva\u00e7\u00e3o da Biodiversidade (ICMBio). [&hellip;]","og_url":"https:\/\/jornalfatosenoticias.com.br\/index.php\/2023\/10\/27\/saiba-mais-do-gato-palheiro-especie-rara-encontrada-em-goias\/","og_site_name":"Jornal Fatos e Not\u00edcias","article_published_time":"2023-10-27T13:32:00+00:00","article_modified_time":"2023-10-27T13:32:01+00:00","og_image":[{"width":768,"height":484,"url":"https:\/\/jornalfatosenoticias.com.br\/wp-content\/uploads\/2023\/10\/gato-palheiro_ICMBio.jpeg","type":"image\/jpeg"}],"author":"Luzimara Fernandes","twitter_card":"summary_large_image","twitter_misc":{"Escrito por":"Luzimara Fernandes","Est. tempo de leitura":"3 minutos"},"schema":{"@context":"https:\/\/schema.org","@graph":[{"@type":"Article","@id":"https:\/\/jornalfatosenoticias.com.br\/index.php\/2023\/10\/27\/saiba-mais-do-gato-palheiro-especie-rara-encontrada-em-goias\/#article","isPartOf":{"@id":"https:\/\/jornalfatosenoticias.com.br\/index.php\/2023\/10\/27\/saiba-mais-do-gato-palheiro-especie-rara-encontrada-em-goias\/"},"author":{"name":"Luzimara Fernandes","@id":"https:\/\/jornalfatosenoticias.com.br\/#\/schema\/person\/d63837fa13ac8666eb9e74e0985d6f81"},"headline":"Saiba mais do gato-palheiro, esp\u00e9cie rara encontrada em Goi\u00e1s","datePublished":"2023-10-27T13:32:00+00:00","dateModified":"2023-10-27T13:32:01+00:00","mainEntityOfPage":{"@id":"https:\/\/jornalfatosenoticias.com.br\/index.php\/2023\/10\/27\/saiba-mais-do-gato-palheiro-especie-rara-encontrada-em-goias\/"},"wordCount":515,"commentCount":0,"publisher":{"@id":"https:\/\/jornalfatosenoticias.com.br\/#organization"},"image":{"@id":"https:\/\/jornalfatosenoticias.com.br\/index.php\/2023\/10\/27\/saiba-mais-do-gato-palheiro-especie-rara-encontrada-em-goias\/#primaryimage"},"thumbnailUrl":"https:\/\/jornalfatosenoticias.com.br\/wp-content\/uploads\/2023\/10\/gato-palheiro_ICMBio.jpeg","keywords":["animais","esp\u00e9cie rara","gato","gato-palheiro","Goi\u00e1s"],"articleSection":["Meio ambiente"],"inLanguage":"pt-BR","potentialAction":[{"@type":"CommentAction","name":"Comment","target":["https:\/\/jornalfatosenoticias.com.br\/index.php\/2023\/10\/27\/saiba-mais-do-gato-palheiro-especie-rara-encontrada-em-goias\/#respond"]}]},{"@type":"WebPage","@id":"https:\/\/jornalfatosenoticias.com.br\/index.php\/2023\/10\/27\/saiba-mais-do-gato-palheiro-especie-rara-encontrada-em-goias\/","url":"https:\/\/jornalfatosenoticias.com.br\/index.php\/2023\/10\/27\/saiba-mais-do-gato-palheiro-especie-rara-encontrada-em-goias\/","name":"Saiba mais do gato-palheiro, esp\u00e9cie rara encontrada em Goi\u00e1s - Jornal Fatos e Not\u00edcias","isPartOf":{"@id":"https:\/\/jornalfatosenoticias.com.br\/#website"},"primaryImageOfPage":{"@id":"https:\/\/jornalfatosenoticias.com.br\/index.php\/2023\/10\/27\/saiba-mais-do-gato-palheiro-especie-rara-encontrada-em-goias\/#primaryimage"},"image":{"@id":"https:\/\/jornalfatosenoticias.com.br\/index.php\/2023\/10\/27\/saiba-mais-do-gato-palheiro-especie-rara-encontrada-em-goias\/#primaryimage"},"thumbnailUrl":"https:\/\/jornalfatosenoticias.com.br\/wp-content\/uploads\/2023\/10\/gato-palheiro_ICMBio.jpeg","datePublished":"2023-10-27T13:32:00+00:00","dateModified":"2023-10-27T13:32:01+00:00","breadcrumb":{"@id":"https:\/\/jornalfatosenoticias.com.br\/index.php\/2023\/10\/27\/saiba-mais-do-gato-palheiro-especie-rara-encontrada-em-goias\/#breadcrumb"},"inLanguage":"pt-BR","potentialAction":[{"@type":"ReadAction","target":["https:\/\/jornalfatosenoticias.com.br\/index.php\/2023\/10\/27\/saiba-mais-do-gato-palheiro-especie-rara-encontrada-em-goias\/"]}]},{"@type":"ImageObject","inLanguage":"pt-BR","@id":"https:\/\/jornalfatosenoticias.com.br\/index.php\/2023\/10\/27\/saiba-mais-do-gato-palheiro-especie-rara-encontrada-em-goias\/#primaryimage","url":"https:\/\/jornalfatosenoticias.com.br\/wp-content\/uploads\/2023\/10\/gato-palheiro_ICMBio.jpeg","contentUrl":"https:\/\/jornalfatosenoticias.com.br\/wp-content\/uploads\/2023\/10\/gato-palheiro_ICMBio.jpeg","width":768,"height":484},{"@type":"BreadcrumbList","@id":"https:\/\/jornalfatosenoticias.com.br\/index.php\/2023\/10\/27\/saiba-mais-do-gato-palheiro-especie-rara-encontrada-em-goias\/#breadcrumb","itemListElement":[{"@type":"ListItem","position":1,"name":"In\u00edcio","item":"https:\/\/jornalfatosenoticias.com.br\/"},{"@type":"ListItem","position":2,"name":"Saiba mais do gato-palheiro, esp\u00e9cie rara encontrada em Goi\u00e1s"}]},{"@type":"WebSite","@id":"https:\/\/jornalfatosenoticias.com.br\/#website","url":"https:\/\/jornalfatosenoticias.com.br\/","name":"Jornal Fatos e Not\u00edcias","description":"Not\u00edcias em geral","publisher":{"@id":"https:\/\/jornalfatosenoticias.com.br\/#organization"},"potentialAction":[{"@type":"SearchAction","target":{"@type":"EntryPoint","urlTemplate":"https:\/\/jornalfatosenoticias.com.br\/?s={search_term_string}"},"query-input":{"@type":"PropertyValueSpecification","valueRequired":true,"valueName":"search_term_string"}}],"inLanguage":"pt-BR"},{"@type":"Organization","@id":"https:\/\/jornalfatosenoticias.com.br\/#organization","name":"Jornal Fatos e Not\u00edcias","url":"https:\/\/jornalfatosenoticias.com.br\/","logo":{"@type":"ImageObject","inLanguage":"pt-BR","@id":"https:\/\/jornalfatosenoticias.com.br\/#\/schema\/logo\/image\/","url":"https:\/\/jornalfatosenoticias.com.br\/wp-content\/uploads\/2020\/02\/logo120.png","contentUrl":"https:\/\/jornalfatosenoticias.com.br\/wp-content\/uploads\/2020\/02\/logo120.png","width":1227,"height":120,"caption":"Jornal Fatos e Not\u00edcias"},"image":{"@id":"https:\/\/jornalfatosenoticias.com.br\/#\/schema\/logo\/image\/"}},{"@type":"Person","@id":"https:\/\/jornalfatosenoticias.com.br\/#\/schema\/person\/d63837fa13ac8666eb9e74e0985d6f81","name":"Luzimara Fernandes","image":{"@type":"ImageObject","inLanguage":"pt-BR","@id":"https:\/\/jornalfatosenoticias.com.br\/#\/schema\/person\/image\/","url":"https:\/\/jornalfatosenoticias.com.br\/wp-content\/uploads\/2025\/05\/EU_portal.jpg","contentUrl":"https:\/\/jornalfatosenoticias.com.br\/wp-content\/uploads\/2025\/05\/EU_portal.jpg","caption":"Luzimara Fernandes"},"description":"Jornalista MTB 2358-ES","sameAs":["https:\/\/jornalfatosenoticias.com.br"],"url":"https:\/\/jornalfatosenoticias.com.br\/index.php\/author\/luzimara\/"}]}},"cc_featured_image_caption":{"caption_text":"(Foto: ICMBio\/Divulga\u00e7\u00e3o) ","source_text":"","source_url":""},"jetpack_featured_media_url":"https:\/\/jornalfatosenoticias.com.br\/wp-content\/uploads\/2023\/10\/gato-palheiro_ICMBio.jpeg","_links":{"self":[{"href":"https:\/\/jornalfatosenoticias.com.br\/index.php\/wp-json\/wp\/v2\/posts\/46406","targetHints":{"allow":["GET"]}}],"collection":[{"href":"https:\/\/jornalfatosenoticias.com.br\/index.php\/wp-json\/wp\/v2\/posts"}],"about":[{"href":"https:\/\/jornalfatosenoticias.com.br\/index.php\/wp-json\/wp\/v2\/types\/post"}],"author":[{"embeddable":true,"href":"https:\/\/jornalfatosenoticias.com.br\/index.php\/wp-json\/wp\/v2\/users\/2"}],"replies":[{"embeddable":true,"href":"https:\/\/jornalfatosenoticias.com.br\/index.php\/wp-json\/wp\/v2\/comments?post=46406"}],"version-history":[{"count":0,"href":"https:\/\/jornalfatosenoticias.com.br\/index.php\/wp-json\/wp\/v2\/posts\/46406\/revisions"}],"wp:featuredmedia":[{"embeddable":true,"href":"https:\/\/jornalfatosenoticias.com.br\/index.php\/wp-json\/wp\/v2\/media\/46408"}],"wp:attachment":[{"href":"https:\/\/jornalfatosenoticias.com.br\/index.php\/wp-json\/wp\/v2\/media?parent=46406"}],"wp:term":[{"taxonomy":"category","embeddable":true,"href":"https:\/\/jornalfatosenoticias.com.br\/index.php\/wp-json\/wp\/v2\/categories?post=46406"},{"taxonomy":"post_tag","embeddable":true,"href":"https:\/\/jornalfatosenoticias.com.br\/index.php\/wp-json\/wp\/v2\/tags?post=46406"}],"curies":[{"name":"wp","href":"https:\/\/api.w.org\/{rel}","templated":true}]}}