{"id":46501,"date":"2023-10-31T10:55:40","date_gmt":"2023-10-31T13:55:40","guid":{"rendered":"https:\/\/jornalfatosenoticias.com.br\/?p=46501"},"modified":"2023-10-31T10:55:41","modified_gmt":"2023-10-31T13:55:41","slug":"especies-nativas-de-plantas-tem-eficacia-na-recuperacao-do-solo-de-mineracao-no-para","status":"publish","type":"post","link":"https:\/\/jornalfatosenoticias.com.br\/index.php\/2023\/10\/31\/especies-nativas-de-plantas-tem-eficacia-na-recuperacao-do-solo-de-mineracao-no-para\/","title":{"rendered":"Esp\u00e9cies nativas de plantas t\u00eam efic\u00e1cia na recupera\u00e7\u00e3o do solo de minera\u00e7\u00e3o no Par\u00e1"},"content":{"rendered":"\n<p><em><span class=\"has-inline-color has-black-color\">Esp\u00e9cies jureminha e lacre cumprem crit\u00e9rios importantes na recupera\u00e7\u00e3o de \u00e1reas impactadas<\/span><\/em><\/p>\n\n\n\n<p><em><span class=\"has-inline-color has-black-color\">Por <strong><a href=\"https:\/\/gizmodo.uol.com.br\/author\/agencia-bori\/\">Ag\u00eancia Bori<\/a><\/strong><\/span><\/em><\/p>\n\n\n\n<div class=\"wp-block-image\"><figure class=\"aligncenter size-large\"><img loading=\"lazy\" decoding=\"async\" width=\"729\" height=\"90\" src=\"https:\/\/jornalfatosenoticias.com.br\/wp-content\/uploads\/2020\/02\/Logo_Mizu.png\" alt=\"\" class=\"wp-image-1441\" srcset=\"https:\/\/jornalfatosenoticias.com.br\/wp-content\/uploads\/2020\/02\/Logo_Mizu.png 729w, https:\/\/jornalfatosenoticias.com.br\/wp-content\/uploads\/2020\/02\/Logo_Mizu-300x37.png 300w\" sizes=\"auto, (max-width: 729px) 100vw, 729px\" \/><\/figure><\/div>\n\n\n\n<p>Empresas mineradoras t\u00eam o dever legal de realizar um trabalho de recupera\u00e7\u00e3o do solo, quando uma \u00e1rea \u00e9 degradada pela explora\u00e7\u00e3o de min\u00e9rios, como o ferro. Em Caraj\u00e1s, no Par\u00e1, uma equipe de cientistas do Instituto Tecnol\u00f3gico do Vale (ITV) e da Universidade Federal do Sul e Sudeste do Par\u00e1 (Unifesspa) avaliou quais seriam as esp\u00e9cies de plantas nativas persistentes nas \u00e1reas em recupera\u00e7\u00e3o e concluiu que as nativas conhecidas como jureminha (<em>Mimosa acutistipula<\/em>) e lacre (<em>Vismia baccifera<\/em>) s\u00e3o \u00f3timas op\u00e7\u00f5es. Os resultados da pesquisa est\u00e3o publicados em artigo da revista cient\u00edfica \u201cCommunication in Soil Science and Plant Analysis\u201d.<br>Os pesquisadores acompanharam o processo de reabilita\u00e7\u00e3o ambiental de uma \u00e1rea com solo est\u00e9ril de minera\u00e7\u00e3o de ferro na Prov\u00edncia Mineral de Caraj\u00e1s, no centro-leste do Par\u00e1. As propriedades qu\u00edmicas do solo foram avaliadas em tr\u00eas diferentes est\u00e1gios de recupera\u00e7\u00e3o do solo com essas esp\u00e9cies: inicial, de at\u00e9 tr\u00eas anos, intermedi\u00e1rio, de tr\u00eas a cinco anos, e avan\u00e7ado, de cinco a oito anos ap\u00f3s a revegeta\u00e7\u00e3o.<\/p>\n\n\n\n<div class=\"wp-block-image\"><figure class=\"aligncenter size-large is-resized\"><img loading=\"lazy\" decoding=\"async\" src=\"https:\/\/jornalfatosenoticias.com.br\/wp-content\/uploads\/2023\/08\/BKR-1024x1021.jpg\" alt=\"\" class=\"wp-image-44494\" width=\"298\" height=\"297\" srcset=\"https:\/\/jornalfatosenoticias.com.br\/wp-content\/uploads\/2023\/08\/BKR-1024x1021.jpg 1024w, https:\/\/jornalfatosenoticias.com.br\/wp-content\/uploads\/2023\/08\/BKR-300x300.jpg 300w, https:\/\/jornalfatosenoticias.com.br\/wp-content\/uploads\/2023\/08\/BKR-150x150.jpg 150w, https:\/\/jornalfatosenoticias.com.br\/wp-content\/uploads\/2023\/08\/BKR-768x766.jpg 768w, https:\/\/jornalfatosenoticias.com.br\/wp-content\/uploads\/2023\/08\/BKR.jpg 1080w\" sizes=\"auto, (max-width: 298px) 100vw, 298px\" \/><\/figure><\/div>\n\n\n\n<p>Na fase inicial do estudo, as amostras de solo coletadas apresentavam baixos teores de f\u00f3sforo, pot\u00e1ssio, c\u00e1lcio, magn\u00e9sio e boro, nutrientes fundamentais para a boa qualidade do solo. Cinco a oito anos ap\u00f3s o in\u00edcio da vegeta\u00e7\u00e3o, o ac\u00famulo de mat\u00e9ria org\u00e2nica foi maior, tornando o solo mais f\u00e9rtil. Al\u00e9m disso, os pesquisadores observaram que as esp\u00e9cies lacre e jureminha atuam de diferentes formas para tornar o solo melhor. A jureminha, por exemplo, se destacou por apresentar maior teor de nitrog\u00eanio nas folhas, o que indica que ela tem capacidade de fixar esse elemento do ar e contribuir com o ciclo de nutrientes para o solo.<\/p>\n\n\n\n<div class=\"wp-block-image\"><figure class=\"aligncenter size-large is-resized\"><img loading=\"lazy\" decoding=\"async\" src=\"https:\/\/jornalfatosenoticias.com.br\/wp-content\/uploads\/2023\/07\/lacremoda.jpg\" alt=\"\" class=\"wp-image-43706\" width=\"394\" height=\"220\" srcset=\"https:\/\/jornalfatosenoticias.com.br\/wp-content\/uploads\/2023\/07\/lacremoda.jpg 1024w, https:\/\/jornalfatosenoticias.com.br\/wp-content\/uploads\/2023\/07\/lacremoda-300x168.jpg 300w, https:\/\/jornalfatosenoticias.com.br\/wp-content\/uploads\/2023\/07\/lacremoda-768x431.jpg 768w\" sizes=\"auto, (max-width: 394px) 100vw, 394px\" \/><\/figure><\/div>\n\n\n\n<p>O estudo mostra que as duas esp\u00e9cies cumprem tr\u00eas crit\u00e9rios usados para definir se uma planta \u00e9 adequada para recupera\u00e7\u00e3o de solo: elas crescem de forma r\u00e1pida, t\u00eam toler\u00e2ncia \u00e0s condi\u00e7\u00f5es ambientais da regi\u00e3o e produzem muitas sementes.<br>Segundo os especialistas, o processo de fazer cobertura do solo degradado n\u00e3o \u00e9 t\u00e3o r\u00e1pido, mas pode ser favorecido atrav\u00e9s do uso de esp\u00e9cies de plantas nativas, j\u00e1 que elas crescem bem devido a sua adapta\u00e7\u00e3o ao ambiente.<\/p>\n\n\n\n<div class=\"wp-block-image\"><figure class=\"aligncenter size-large is-resized\"><img loading=\"lazy\" decoding=\"async\" src=\"https:\/\/jornalfatosenoticias.com.br\/wp-content\/uploads\/2023\/08\/ITH.jpeg\" alt=\"\" class=\"wp-image-44638\" width=\"325\" height=\"264\" srcset=\"https:\/\/jornalfatosenoticias.com.br\/wp-content\/uploads\/2023\/08\/ITH.jpeg 800w, https:\/\/jornalfatosenoticias.com.br\/wp-content\/uploads\/2023\/08\/ITH-300x244.jpeg 300w, https:\/\/jornalfatosenoticias.com.br\/wp-content\/uploads\/2023\/08\/ITH-768x624.jpeg 768w\" sizes=\"auto, (max-width: 325px) 100vw, 325px\" \/><\/figure><\/div>\n\n\n\n<blockquote class=\"wp-block-quote is-layout-flow wp-block-quote-is-layout-flow\"><p><span class=\"has-inline-color has-luminous-vivid-orange-color\">Elas t\u00eam ampla ocorr\u00eancia nas \u00e1reas de recupera\u00e7\u00e3o, s\u00e3o nativas da regi\u00e3o e concentram nutrientes importantes para a recupera\u00e7\u00e3o do solo, como o nitrog\u00eanio\u201d, avalia Silvio Ramos, do ITV e autor do artigo. Com o uso delas, \u00e9 poss\u00edvel recuperar as \u00e1reas impactadas, tornando-as verdes novamente.<\/span><\/p><\/blockquote>\n\n\n\n<div class=\"wp-block-image\"><figure class=\"aligncenter size-large is-resized\"><img loading=\"lazy\" decoding=\"async\" src=\"https:\/\/jornalfatosenoticias.com.br\/wp-content\/uploads\/2023\/08\/LOGO-BLU-COMERCIAL-PRETO-1024x600.jpg\" alt=\"\" class=\"wp-image-44053\" width=\"392\" height=\"229\"\/><\/figure><\/div>\n\n\n\n<p>O pesquisador aponta outra vantagem do uso de esp\u00e9cies nativas: o incentivo \u00e0 economia local. As empresas respons\u00e1veis pela recupera\u00e7\u00e3o compram sementes destas esp\u00e9cies das cooperativas de catadores da regi\u00e3o.<\/p>\n\n\n\n<blockquote class=\"wp-block-quote is-layout-flow wp-block-quote-is-layout-flow\"><p><span class=\"has-inline-color has-luminous-vivid-orange-color\">Essas pessoas coletam e processam sementes para serem vendidas para a Vale, que faz o uso na recupera\u00e7\u00e3o do solo, ent\u00e3o tem essa contribui\u00e7\u00e3o social importante\u201d, ressalta Ramos.<\/span><\/p><\/blockquote>\n\n\n\n<div class=\"wp-block-image\"><figure class=\"aligncenter size-large is-resized\"><img loading=\"lazy\" decoding=\"async\" src=\"https:\/\/jornalfatosenoticias.com.br\/wp-content\/uploads\/2023\/08\/Steel.jpeg\" alt=\"\" class=\"wp-image-44634\" width=\"330\" height=\"268\" srcset=\"https:\/\/jornalfatosenoticias.com.br\/wp-content\/uploads\/2023\/08\/Steel.jpeg 800w, https:\/\/jornalfatosenoticias.com.br\/wp-content\/uploads\/2023\/08\/Steel-300x244.jpeg 300w, https:\/\/jornalfatosenoticias.com.br\/wp-content\/uploads\/2023\/08\/Steel-768x624.jpeg 768w\" sizes=\"auto, (max-width: 330px) 100vw, 330px\" \/><\/figure><\/div>\n\n\n\n<p>Os resultados deste estudo destacam a import\u00e2ncia da utiliza\u00e7\u00e3o de esp\u00e9cies nativas adaptadas \u00e0s condi\u00e7\u00f5es ambientais locais nos processos de revegeta\u00e7\u00e3o, principalmente em \u00e1reas est\u00e9reis, em decorr\u00eancia da minera\u00e7\u00e3o de ferro com baixa fertilidade do solo. Essas informa\u00e7\u00f5es, somadas ao monitoramento cont\u00ednuo, podem contribuir para o maior sucesso de programas de reabilita\u00e7\u00e3o em \u00e1reas degradadas e incentivar projetos com as comunidades locais.<\/p>\n\n\n\n<div class=\"wp-block-image\"><figure class=\"aligncenter size-large is-resized\"><img loading=\"lazy\" decoding=\"async\" src=\"https:\/\/jornalfatosenoticias.com.br\/wp-content\/uploads\/2022\/10\/RC_800x750_page-0001.jpg\" alt=\"\" class=\"wp-image-35338\" width=\"302\" height=\"283\" srcset=\"https:\/\/jornalfatosenoticias.com.br\/wp-content\/uploads\/2022\/10\/RC_800x750_page-0001.jpg 400w, https:\/\/jornalfatosenoticias.com.br\/wp-content\/uploads\/2022\/10\/RC_800x750_page-0001-300x281.jpg 300w\" sizes=\"auto, (max-width: 302px) 100vw, 302px\" \/><\/figure><\/div>\n\n\n\n<p><strong><em>Fonte: <a href=\"https:\/\/gizmodo.uol.com.br\/especies-nativas-de-plantas-tem-eficacia-na-recuperacao-do-solo-de-mineracao-no-para\/\">Giz Brasil<\/a><\/em><\/strong><\/p>\n","protected":false},"excerpt":{"rendered":"<p>Esp\u00e9cies jureminha e lacre cumprem crit\u00e9rios importantes na recupera\u00e7\u00e3o de \u00e1reas impactadas Por Ag\u00eancia Bori Empresas mineradoras t\u00eam o dever legal de realizar um trabalho de recupera\u00e7\u00e3o do solo, quando uma \u00e1rea \u00e9 degradada pela explora\u00e7\u00e3o de min\u00e9rios, como o ferro. Em Caraj\u00e1s, no Par\u00e1, uma equipe de cientistas do Instituto Tecnol\u00f3gico do Vale (ITV) [&hellip;]<\/p>\n","protected":false},"author":2,"featured_media":46502,"comment_status":"open","ping_status":"open","sticky":false,"template":"","format":"standard","meta":{"footnotes":""},"categories":[8],"tags":[20529,8816,10600,940,784],"class_list":["post-46501","post","type-post","status-publish","format-standard","has-post-thumbnail","hentry","category-meio-ambiente","tag-agencia-bori","tag-especies-nativas","tag-mineracao","tag-para","tag-plantas"],"yoast_head":"<!-- This site is optimized with the Yoast SEO plugin v26.5 - https:\/\/yoast.com\/wordpress\/plugins\/seo\/ -->\n<title>Esp\u00e9cies nativas de plantas t\u00eam efic\u00e1cia na recupera\u00e7\u00e3o do solo de minera\u00e7\u00e3o no Par\u00e1 - Jornal Fatos e Not\u00edcias<\/title>\n<meta name=\"robots\" content=\"index, follow, max-snippet:-1, max-image-preview:large, max-video-preview:-1\" \/>\n<link rel=\"canonical\" href=\"https:\/\/jornalfatosenoticias.com.br\/index.php\/2023\/10\/31\/especies-nativas-de-plantas-tem-eficacia-na-recuperacao-do-solo-de-mineracao-no-para\/\" \/>\n<meta property=\"og:locale\" content=\"pt_BR\" \/>\n<meta property=\"og:type\" content=\"article\" \/>\n<meta property=\"og:title\" content=\"Esp\u00e9cies nativas de plantas t\u00eam efic\u00e1cia na recupera\u00e7\u00e3o do solo de minera\u00e7\u00e3o no Par\u00e1 - Jornal Fatos e Not\u00edcias\" \/>\n<meta property=\"og:description\" content=\"Esp\u00e9cies jureminha e lacre cumprem crit\u00e9rios importantes na recupera\u00e7\u00e3o de \u00e1reas impactadas Por Ag\u00eancia Bori Empresas mineradoras t\u00eam o dever legal de realizar um trabalho de recupera\u00e7\u00e3o do solo, quando uma \u00e1rea \u00e9 degradada pela explora\u00e7\u00e3o de min\u00e9rios, como o ferro. Em Caraj\u00e1s, no Par\u00e1, uma equipe de cientistas do Instituto Tecnol\u00f3gico do Vale (ITV) [&hellip;]\" \/>\n<meta property=\"og:url\" content=\"https:\/\/jornalfatosenoticias.com.br\/index.php\/2023\/10\/31\/especies-nativas-de-plantas-tem-eficacia-na-recuperacao-do-solo-de-mineracao-no-para\/\" \/>\n<meta property=\"og:site_name\" content=\"Jornal Fatos e Not\u00edcias\" \/>\n<meta property=\"article:published_time\" content=\"2023-10-31T13:55:40+00:00\" \/>\n<meta property=\"article:modified_time\" content=\"2023-10-31T13:55:41+00:00\" \/>\n<meta property=\"og:image\" content=\"https:\/\/jornalfatosenoticias.com.br\/wp-content\/uploads\/2023\/10\/especie-nativa.jpeg\" \/>\n\t<meta property=\"og:image:width\" content=\"899\" \/>\n\t<meta property=\"og:image:height\" content=\"506\" \/>\n\t<meta property=\"og:image:type\" content=\"image\/jpeg\" \/>\n<meta name=\"author\" content=\"Luzimara Fernandes\" \/>\n<meta name=\"twitter:card\" content=\"summary_large_image\" \/>\n<meta name=\"twitter:label1\" content=\"Escrito por\" \/>\n\t<meta name=\"twitter:data1\" content=\"Luzimara Fernandes\" \/>\n\t<meta name=\"twitter:label2\" content=\"Est. tempo de leitura\" \/>\n\t<meta name=\"twitter:data2\" content=\"3 minutos\" \/>\n<script type=\"application\/ld+json\" class=\"yoast-schema-graph\">{\"@context\":\"https:\/\/schema.org\",\"@graph\":[{\"@type\":\"Article\",\"@id\":\"https:\/\/jornalfatosenoticias.com.br\/index.php\/2023\/10\/31\/especies-nativas-de-plantas-tem-eficacia-na-recuperacao-do-solo-de-mineracao-no-para\/#article\",\"isPartOf\":{\"@id\":\"https:\/\/jornalfatosenoticias.com.br\/index.php\/2023\/10\/31\/especies-nativas-de-plantas-tem-eficacia-na-recuperacao-do-solo-de-mineracao-no-para\/\"},\"author\":{\"name\":\"Luzimara Fernandes\",\"@id\":\"https:\/\/jornalfatosenoticias.com.br\/#\/schema\/person\/d63837fa13ac8666eb9e74e0985d6f81\"},\"headline\":\"Esp\u00e9cies nativas de plantas t\u00eam efic\u00e1cia na recupera\u00e7\u00e3o do solo de minera\u00e7\u00e3o no Par\u00e1\",\"datePublished\":\"2023-10-31T13:55:40+00:00\",\"dateModified\":\"2023-10-31T13:55:41+00:00\",\"mainEntityOfPage\":{\"@id\":\"https:\/\/jornalfatosenoticias.com.br\/index.php\/2023\/10\/31\/especies-nativas-de-plantas-tem-eficacia-na-recuperacao-do-solo-de-mineracao-no-para\/\"},\"wordCount\":633,\"commentCount\":0,\"publisher\":{\"@id\":\"https:\/\/jornalfatosenoticias.com.br\/#organization\"},\"image\":{\"@id\":\"https:\/\/jornalfatosenoticias.com.br\/index.php\/2023\/10\/31\/especies-nativas-de-plantas-tem-eficacia-na-recuperacao-do-solo-de-mineracao-no-para\/#primaryimage\"},\"thumbnailUrl\":\"https:\/\/jornalfatosenoticias.com.br\/wp-content\/uploads\/2023\/10\/especie-nativa.jpeg\",\"keywords\":[\"Ag\u00eancia Bori\",\"esp\u00e9cies nativas\",\"minera\u00e7\u00e3o\",\"Par\u00e1\",\"plantas\"],\"articleSection\":[\"Meio ambiente\"],\"inLanguage\":\"pt-BR\",\"potentialAction\":[{\"@type\":\"CommentAction\",\"name\":\"Comment\",\"target\":[\"https:\/\/jornalfatosenoticias.com.br\/index.php\/2023\/10\/31\/especies-nativas-de-plantas-tem-eficacia-na-recuperacao-do-solo-de-mineracao-no-para\/#respond\"]}]},{\"@type\":\"WebPage\",\"@id\":\"https:\/\/jornalfatosenoticias.com.br\/index.php\/2023\/10\/31\/especies-nativas-de-plantas-tem-eficacia-na-recuperacao-do-solo-de-mineracao-no-para\/\",\"url\":\"https:\/\/jornalfatosenoticias.com.br\/index.php\/2023\/10\/31\/especies-nativas-de-plantas-tem-eficacia-na-recuperacao-do-solo-de-mineracao-no-para\/\",\"name\":\"Esp\u00e9cies nativas de plantas t\u00eam efic\u00e1cia na recupera\u00e7\u00e3o do solo de minera\u00e7\u00e3o no Par\u00e1 - Jornal Fatos e Not\u00edcias\",\"isPartOf\":{\"@id\":\"https:\/\/jornalfatosenoticias.com.br\/#website\"},\"primaryImageOfPage\":{\"@id\":\"https:\/\/jornalfatosenoticias.com.br\/index.php\/2023\/10\/31\/especies-nativas-de-plantas-tem-eficacia-na-recuperacao-do-solo-de-mineracao-no-para\/#primaryimage\"},\"image\":{\"@id\":\"https:\/\/jornalfatosenoticias.com.br\/index.php\/2023\/10\/31\/especies-nativas-de-plantas-tem-eficacia-na-recuperacao-do-solo-de-mineracao-no-para\/#primaryimage\"},\"thumbnailUrl\":\"https:\/\/jornalfatosenoticias.com.br\/wp-content\/uploads\/2023\/10\/especie-nativa.jpeg\",\"datePublished\":\"2023-10-31T13:55:40+00:00\",\"dateModified\":\"2023-10-31T13:55:41+00:00\",\"breadcrumb\":{\"@id\":\"https:\/\/jornalfatosenoticias.com.br\/index.php\/2023\/10\/31\/especies-nativas-de-plantas-tem-eficacia-na-recuperacao-do-solo-de-mineracao-no-para\/#breadcrumb\"},\"inLanguage\":\"pt-BR\",\"potentialAction\":[{\"@type\":\"ReadAction\",\"target\":[\"https:\/\/jornalfatosenoticias.com.br\/index.php\/2023\/10\/31\/especies-nativas-de-plantas-tem-eficacia-na-recuperacao-do-solo-de-mineracao-no-para\/\"]}]},{\"@type\":\"ImageObject\",\"inLanguage\":\"pt-BR\",\"@id\":\"https:\/\/jornalfatosenoticias.com.br\/index.php\/2023\/10\/31\/especies-nativas-de-plantas-tem-eficacia-na-recuperacao-do-solo-de-mineracao-no-para\/#primaryimage\",\"url\":\"https:\/\/jornalfatosenoticias.com.br\/wp-content\/uploads\/2023\/10\/especie-nativa.jpeg\",\"contentUrl\":\"https:\/\/jornalfatosenoticias.com.br\/wp-content\/uploads\/2023\/10\/especie-nativa.jpeg\",\"width\":899,\"height\":506},{\"@type\":\"BreadcrumbList\",\"@id\":\"https:\/\/jornalfatosenoticias.com.br\/index.php\/2023\/10\/31\/especies-nativas-de-plantas-tem-eficacia-na-recuperacao-do-solo-de-mineracao-no-para\/#breadcrumb\",\"itemListElement\":[{\"@type\":\"ListItem\",\"position\":1,\"name\":\"In\u00edcio\",\"item\":\"https:\/\/jornalfatosenoticias.com.br\/\"},{\"@type\":\"ListItem\",\"position\":2,\"name\":\"Esp\u00e9cies nativas de plantas t\u00eam efic\u00e1cia na recupera\u00e7\u00e3o do solo de minera\u00e7\u00e3o no Par\u00e1\"}]},{\"@type\":\"WebSite\",\"@id\":\"https:\/\/jornalfatosenoticias.com.br\/#website\",\"url\":\"https:\/\/jornalfatosenoticias.com.br\/\",\"name\":\"Jornal Fatos e Not\u00edcias\",\"description\":\"Not\u00edcias em geral\",\"publisher\":{\"@id\":\"https:\/\/jornalfatosenoticias.com.br\/#organization\"},\"potentialAction\":[{\"@type\":\"SearchAction\",\"target\":{\"@type\":\"EntryPoint\",\"urlTemplate\":\"https:\/\/jornalfatosenoticias.com.br\/?s={search_term_string}\"},\"query-input\":{\"@type\":\"PropertyValueSpecification\",\"valueRequired\":true,\"valueName\":\"search_term_string\"}}],\"inLanguage\":\"pt-BR\"},{\"@type\":\"Organization\",\"@id\":\"https:\/\/jornalfatosenoticias.com.br\/#organization\",\"name\":\"Jornal Fatos e Not\u00edcias\",\"url\":\"https:\/\/jornalfatosenoticias.com.br\/\",\"logo\":{\"@type\":\"ImageObject\",\"inLanguage\":\"pt-BR\",\"@id\":\"https:\/\/jornalfatosenoticias.com.br\/#\/schema\/logo\/image\/\",\"url\":\"https:\/\/jornalfatosenoticias.com.br\/wp-content\/uploads\/2020\/02\/logo120.png\",\"contentUrl\":\"https:\/\/jornalfatosenoticias.com.br\/wp-content\/uploads\/2020\/02\/logo120.png\",\"width\":1227,\"height\":120,\"caption\":\"Jornal Fatos e Not\u00edcias\"},\"image\":{\"@id\":\"https:\/\/jornalfatosenoticias.com.br\/#\/schema\/logo\/image\/\"}},{\"@type\":\"Person\",\"@id\":\"https:\/\/jornalfatosenoticias.com.br\/#\/schema\/person\/d63837fa13ac8666eb9e74e0985d6f81\",\"name\":\"Luzimara Fernandes\",\"image\":{\"@type\":\"ImageObject\",\"inLanguage\":\"pt-BR\",\"@id\":\"https:\/\/jornalfatosenoticias.com.br\/#\/schema\/person\/image\/\",\"url\":\"https:\/\/jornalfatosenoticias.com.br\/wp-content\/uploads\/2025\/05\/EU_portal.jpg\",\"contentUrl\":\"https:\/\/jornalfatosenoticias.com.br\/wp-content\/uploads\/2025\/05\/EU_portal.jpg\",\"caption\":\"Luzimara Fernandes\"},\"description\":\"Jornalista MTB 2358-ES\",\"sameAs\":[\"https:\/\/jornalfatosenoticias.com.br\"],\"url\":\"https:\/\/jornalfatosenoticias.com.br\/index.php\/author\/luzimara\/\"}]}<\/script>\n<!-- \/ Yoast SEO plugin. -->","yoast_head_json":{"title":"Esp\u00e9cies nativas de plantas t\u00eam efic\u00e1cia na recupera\u00e7\u00e3o do solo de minera\u00e7\u00e3o no Par\u00e1 - Jornal Fatos e Not\u00edcias","robots":{"index":"index","follow":"follow","max-snippet":"max-snippet:-1","max-image-preview":"max-image-preview:large","max-video-preview":"max-video-preview:-1"},"canonical":"https:\/\/jornalfatosenoticias.com.br\/index.php\/2023\/10\/31\/especies-nativas-de-plantas-tem-eficacia-na-recuperacao-do-solo-de-mineracao-no-para\/","og_locale":"pt_BR","og_type":"article","og_title":"Esp\u00e9cies nativas de plantas t\u00eam efic\u00e1cia na recupera\u00e7\u00e3o do solo de minera\u00e7\u00e3o no Par\u00e1 - Jornal Fatos e Not\u00edcias","og_description":"Esp\u00e9cies jureminha e lacre cumprem crit\u00e9rios importantes na recupera\u00e7\u00e3o de \u00e1reas impactadas Por Ag\u00eancia Bori Empresas mineradoras t\u00eam o dever legal de realizar um trabalho de recupera\u00e7\u00e3o do solo, quando uma \u00e1rea \u00e9 degradada pela explora\u00e7\u00e3o de min\u00e9rios, como o ferro. Em Caraj\u00e1s, no Par\u00e1, uma equipe de cientistas do Instituto Tecnol\u00f3gico do Vale (ITV) [&hellip;]","og_url":"https:\/\/jornalfatosenoticias.com.br\/index.php\/2023\/10\/31\/especies-nativas-de-plantas-tem-eficacia-na-recuperacao-do-solo-de-mineracao-no-para\/","og_site_name":"Jornal Fatos e Not\u00edcias","article_published_time":"2023-10-31T13:55:40+00:00","article_modified_time":"2023-10-31T13:55:41+00:00","og_image":[{"width":899,"height":506,"url":"https:\/\/jornalfatosenoticias.com.br\/wp-content\/uploads\/2023\/10\/especie-nativa.jpeg","type":"image\/jpeg"}],"author":"Luzimara Fernandes","twitter_card":"summary_large_image","twitter_misc":{"Escrito por":"Luzimara Fernandes","Est. tempo de leitura":"3 minutos"},"schema":{"@context":"https:\/\/schema.org","@graph":[{"@type":"Article","@id":"https:\/\/jornalfatosenoticias.com.br\/index.php\/2023\/10\/31\/especies-nativas-de-plantas-tem-eficacia-na-recuperacao-do-solo-de-mineracao-no-para\/#article","isPartOf":{"@id":"https:\/\/jornalfatosenoticias.com.br\/index.php\/2023\/10\/31\/especies-nativas-de-plantas-tem-eficacia-na-recuperacao-do-solo-de-mineracao-no-para\/"},"author":{"name":"Luzimara Fernandes","@id":"https:\/\/jornalfatosenoticias.com.br\/#\/schema\/person\/d63837fa13ac8666eb9e74e0985d6f81"},"headline":"Esp\u00e9cies nativas de plantas t\u00eam efic\u00e1cia na recupera\u00e7\u00e3o do solo de minera\u00e7\u00e3o no Par\u00e1","datePublished":"2023-10-31T13:55:40+00:00","dateModified":"2023-10-31T13:55:41+00:00","mainEntityOfPage":{"@id":"https:\/\/jornalfatosenoticias.com.br\/index.php\/2023\/10\/31\/especies-nativas-de-plantas-tem-eficacia-na-recuperacao-do-solo-de-mineracao-no-para\/"},"wordCount":633,"commentCount":0,"publisher":{"@id":"https:\/\/jornalfatosenoticias.com.br\/#organization"},"image":{"@id":"https:\/\/jornalfatosenoticias.com.br\/index.php\/2023\/10\/31\/especies-nativas-de-plantas-tem-eficacia-na-recuperacao-do-solo-de-mineracao-no-para\/#primaryimage"},"thumbnailUrl":"https:\/\/jornalfatosenoticias.com.br\/wp-content\/uploads\/2023\/10\/especie-nativa.jpeg","keywords":["Ag\u00eancia Bori","esp\u00e9cies nativas","minera\u00e7\u00e3o","Par\u00e1","plantas"],"articleSection":["Meio ambiente"],"inLanguage":"pt-BR","potentialAction":[{"@type":"CommentAction","name":"Comment","target":["https:\/\/jornalfatosenoticias.com.br\/index.php\/2023\/10\/31\/especies-nativas-de-plantas-tem-eficacia-na-recuperacao-do-solo-de-mineracao-no-para\/#respond"]}]},{"@type":"WebPage","@id":"https:\/\/jornalfatosenoticias.com.br\/index.php\/2023\/10\/31\/especies-nativas-de-plantas-tem-eficacia-na-recuperacao-do-solo-de-mineracao-no-para\/","url":"https:\/\/jornalfatosenoticias.com.br\/index.php\/2023\/10\/31\/especies-nativas-de-plantas-tem-eficacia-na-recuperacao-do-solo-de-mineracao-no-para\/","name":"Esp\u00e9cies nativas de plantas t\u00eam efic\u00e1cia na recupera\u00e7\u00e3o do solo de minera\u00e7\u00e3o no Par\u00e1 - Jornal Fatos e Not\u00edcias","isPartOf":{"@id":"https:\/\/jornalfatosenoticias.com.br\/#website"},"primaryImageOfPage":{"@id":"https:\/\/jornalfatosenoticias.com.br\/index.php\/2023\/10\/31\/especies-nativas-de-plantas-tem-eficacia-na-recuperacao-do-solo-de-mineracao-no-para\/#primaryimage"},"image":{"@id":"https:\/\/jornalfatosenoticias.com.br\/index.php\/2023\/10\/31\/especies-nativas-de-plantas-tem-eficacia-na-recuperacao-do-solo-de-mineracao-no-para\/#primaryimage"},"thumbnailUrl":"https:\/\/jornalfatosenoticias.com.br\/wp-content\/uploads\/2023\/10\/especie-nativa.jpeg","datePublished":"2023-10-31T13:55:40+00:00","dateModified":"2023-10-31T13:55:41+00:00","breadcrumb":{"@id":"https:\/\/jornalfatosenoticias.com.br\/index.php\/2023\/10\/31\/especies-nativas-de-plantas-tem-eficacia-na-recuperacao-do-solo-de-mineracao-no-para\/#breadcrumb"},"inLanguage":"pt-BR","potentialAction":[{"@type":"ReadAction","target":["https:\/\/jornalfatosenoticias.com.br\/index.php\/2023\/10\/31\/especies-nativas-de-plantas-tem-eficacia-na-recuperacao-do-solo-de-mineracao-no-para\/"]}]},{"@type":"ImageObject","inLanguage":"pt-BR","@id":"https:\/\/jornalfatosenoticias.com.br\/index.php\/2023\/10\/31\/especies-nativas-de-plantas-tem-eficacia-na-recuperacao-do-solo-de-mineracao-no-para\/#primaryimage","url":"https:\/\/jornalfatosenoticias.com.br\/wp-content\/uploads\/2023\/10\/especie-nativa.jpeg","contentUrl":"https:\/\/jornalfatosenoticias.com.br\/wp-content\/uploads\/2023\/10\/especie-nativa.jpeg","width":899,"height":506},{"@type":"BreadcrumbList","@id":"https:\/\/jornalfatosenoticias.com.br\/index.php\/2023\/10\/31\/especies-nativas-de-plantas-tem-eficacia-na-recuperacao-do-solo-de-mineracao-no-para\/#breadcrumb","itemListElement":[{"@type":"ListItem","position":1,"name":"In\u00edcio","item":"https:\/\/jornalfatosenoticias.com.br\/"},{"@type":"ListItem","position":2,"name":"Esp\u00e9cies nativas de plantas t\u00eam efic\u00e1cia na recupera\u00e7\u00e3o do solo de minera\u00e7\u00e3o no Par\u00e1"}]},{"@type":"WebSite","@id":"https:\/\/jornalfatosenoticias.com.br\/#website","url":"https:\/\/jornalfatosenoticias.com.br\/","name":"Jornal Fatos e Not\u00edcias","description":"Not\u00edcias em geral","publisher":{"@id":"https:\/\/jornalfatosenoticias.com.br\/#organization"},"potentialAction":[{"@type":"SearchAction","target":{"@type":"EntryPoint","urlTemplate":"https:\/\/jornalfatosenoticias.com.br\/?s={search_term_string}"},"query-input":{"@type":"PropertyValueSpecification","valueRequired":true,"valueName":"search_term_string"}}],"inLanguage":"pt-BR"},{"@type":"Organization","@id":"https:\/\/jornalfatosenoticias.com.br\/#organization","name":"Jornal Fatos e Not\u00edcias","url":"https:\/\/jornalfatosenoticias.com.br\/","logo":{"@type":"ImageObject","inLanguage":"pt-BR","@id":"https:\/\/jornalfatosenoticias.com.br\/#\/schema\/logo\/image\/","url":"https:\/\/jornalfatosenoticias.com.br\/wp-content\/uploads\/2020\/02\/logo120.png","contentUrl":"https:\/\/jornalfatosenoticias.com.br\/wp-content\/uploads\/2020\/02\/logo120.png","width":1227,"height":120,"caption":"Jornal Fatos e Not\u00edcias"},"image":{"@id":"https:\/\/jornalfatosenoticias.com.br\/#\/schema\/logo\/image\/"}},{"@type":"Person","@id":"https:\/\/jornalfatosenoticias.com.br\/#\/schema\/person\/d63837fa13ac8666eb9e74e0985d6f81","name":"Luzimara Fernandes","image":{"@type":"ImageObject","inLanguage":"pt-BR","@id":"https:\/\/jornalfatosenoticias.com.br\/#\/schema\/person\/image\/","url":"https:\/\/jornalfatosenoticias.com.br\/wp-content\/uploads\/2025\/05\/EU_portal.jpg","contentUrl":"https:\/\/jornalfatosenoticias.com.br\/wp-content\/uploads\/2025\/05\/EU_portal.jpg","caption":"Luzimara Fernandes"},"description":"Jornalista MTB 2358-ES","sameAs":["https:\/\/jornalfatosenoticias.com.br"],"url":"https:\/\/jornalfatosenoticias.com.br\/index.php\/author\/luzimara\/"}]}},"cc_featured_image_caption":{"caption_text":"(Foto: Wikimedia Commons) ","source_text":"","source_url":""},"jetpack_featured_media_url":"https:\/\/jornalfatosenoticias.com.br\/wp-content\/uploads\/2023\/10\/especie-nativa.jpeg","_links":{"self":[{"href":"https:\/\/jornalfatosenoticias.com.br\/index.php\/wp-json\/wp\/v2\/posts\/46501","targetHints":{"allow":["GET"]}}],"collection":[{"href":"https:\/\/jornalfatosenoticias.com.br\/index.php\/wp-json\/wp\/v2\/posts"}],"about":[{"href":"https:\/\/jornalfatosenoticias.com.br\/index.php\/wp-json\/wp\/v2\/types\/post"}],"author":[{"embeddable":true,"href":"https:\/\/jornalfatosenoticias.com.br\/index.php\/wp-json\/wp\/v2\/users\/2"}],"replies":[{"embeddable":true,"href":"https:\/\/jornalfatosenoticias.com.br\/index.php\/wp-json\/wp\/v2\/comments?post=46501"}],"version-history":[{"count":0,"href":"https:\/\/jornalfatosenoticias.com.br\/index.php\/wp-json\/wp\/v2\/posts\/46501\/revisions"}],"wp:featuredmedia":[{"embeddable":true,"href":"https:\/\/jornalfatosenoticias.com.br\/index.php\/wp-json\/wp\/v2\/media\/46502"}],"wp:attachment":[{"href":"https:\/\/jornalfatosenoticias.com.br\/index.php\/wp-json\/wp\/v2\/media?parent=46501"}],"wp:term":[{"taxonomy":"category","embeddable":true,"href":"https:\/\/jornalfatosenoticias.com.br\/index.php\/wp-json\/wp\/v2\/categories?post=46501"},{"taxonomy":"post_tag","embeddable":true,"href":"https:\/\/jornalfatosenoticias.com.br\/index.php\/wp-json\/wp\/v2\/tags?post=46501"}],"curies":[{"name":"wp","href":"https:\/\/api.w.org\/{rel}","templated":true}]}}