{"id":46513,"date":"2023-10-31T15:32:15","date_gmt":"2023-10-31T18:32:15","guid":{"rendered":"https:\/\/jornalfatosenoticias.com.br\/?p=46513"},"modified":"2023-10-31T15:32:16","modified_gmt":"2023-10-31T18:32:16","slug":"senado-retoma-discussao-de-pec-que-impoe-restricoes-ao-stf","status":"publish","type":"post","link":"https:\/\/jornalfatosenoticias.com.br\/index.php\/2023\/10\/31\/senado-retoma-discussao-de-pec-que-impoe-restricoes-ao-stf\/","title":{"rendered":"Senado retoma discuss\u00e3o de PEC que imp\u00f5e restri\u00e7\u00f5es ao STF"},"content":{"rendered":"\n<p><em><span class=\"has-inline-color has-black-color\">PEC \u00e9 defendida principalmente pela oposi\u00e7\u00e3o e pelo pr\u00f3prio presidente do Senado, Rodrigo Pacheco<\/span><\/em><\/p>\n\n\n\n<p><em><span class=\"has-inline-color has-black-color\">Por <strong><a href=\"https:\/\/www.gazetadopovo.com.br\/autor\/guilherme-grandi\/\">Guilherme Grandi<\/a><\/strong><\/span><\/em><\/p>\n\n\n\n<div class=\"wp-block-image\"><figure class=\"aligncenter size-large\"><img loading=\"lazy\" decoding=\"async\" width=\"1024\" height=\"100\" src=\"https:\/\/jornalfatosenoticias.com.br\/wp-content\/uploads\/2022\/05\/NOVA-LOGO-CESCONETTO-1024x100.jpg\" alt=\"\" class=\"wp-image-30792\" srcset=\"https:\/\/jornalfatosenoticias.com.br\/wp-content\/uploads\/2022\/05\/NOVA-LOGO-CESCONETTO-1024x100.jpg 1024w, https:\/\/jornalfatosenoticias.com.br\/wp-content\/uploads\/2022\/05\/NOVA-LOGO-CESCONETTO-300x29.jpg 300w, https:\/\/jornalfatosenoticias.com.br\/wp-content\/uploads\/2022\/05\/NOVA-LOGO-CESCONETTO-768x75.jpg 768w, https:\/\/jornalfatosenoticias.com.br\/wp-content\/uploads\/2022\/05\/NOVA-LOGO-CESCONETTO.jpg 1280w\" sizes=\"auto, (max-width: 1024px) 100vw, 1024px\" \/><\/figure><\/div>\n\n\n\n<p>O Senado Federal retoma, nesta ter\u00e7a (31), as discuss\u00f5es sobre a Proposta de Emenda \u00e0 Constitui\u00e7\u00e3o (PEC) que restringe decis\u00f5es monocr\u00e1ticas e define prazos para os pedidos de vista no Supremo Tribunal Federal (STF). A previs\u00e3o \u00e9 que a vota\u00e7\u00e3o da PEC ocorra em 8 de novembro, ap\u00f3s a realiza\u00e7\u00e3o de cinco sess\u00f5es necess\u00e1rias.<br>As discuss\u00f5es come\u00e7aram em 19 de outubro quando o presidente do Senado, Rodrigo Pacheco (PSD-MG), promoveu uma sess\u00e3o plen\u00e1ria dedicada ao tema. O senador defendeu a proposta, argumentando que as mudan\u00e7as representam uma abordagem mais moderna para o funcionamento do STF.<\/p>\n\n\n\n<div class=\"wp-block-image\"><figure class=\"aligncenter size-large\"><img decoding=\"async\" src=\"https:\/\/jornalfatosenoticias.com.br\/wp-content\/uploads\/2020\/02\/logo_esteio.jpg\" alt=\"\" class=\"wp-image-1214\"\/><\/figure><\/div>\n\n\n\n<blockquote class=\"wp-block-quote is-layout-flow wp-block-quote-is-layout-flow\"><p><span class=\"has-inline-color has-luminous-vivid-orange-color\">Sabemos tamb\u00e9m que os Tr\u00eas Poderes do Brasil s\u00e3o independentes e harm\u00f4nicos. E podem sempre evoluir, seja por iniciativa pr\u00f3pria, seja com a contribui\u00e7\u00e3o de um outro Poder\u201d, afirmou em registro do Estad\u00e3o.<\/span><\/p><\/blockquote>\n\n\n\n<div class=\"wp-block-image\"><figure class=\"aligncenter size-large\"><img loading=\"lazy\" decoding=\"async\" width=\"300\" height=\"250\" src=\"https:\/\/jornalfatosenoticias.com.br\/wp-content\/uploads\/2022\/08\/arte-Casarao.jpg\" alt=\"\" class=\"wp-image-33178\"\/><\/figure><\/div>\n\n\n\n<p>A PEC, que conta com o apoio da oposi\u00e7\u00e3o, tem como relator o senador Esperidi\u00e3o Amin (PP-SC). Ele afirma que \u201ctodos concordam que n\u00e3o pode se ficar como est\u00e1, e muito menos nos ocorrer a ideia de recuar para evitar atritos\u201d.<br>Na sess\u00e3o anterior, senadores governistas n\u00e3o participaram da discuss\u00e3o. Em vez disso, especialistas como Miguel Godoy, advogado e professor de Direito Constitucional da Universidade Federal do Paran\u00e1, e Ant\u00f4nio Nabor Areias Bulh\u00f5es, advogado e membro vital\u00edcio do Conselho Federal da Ordem dos Advogados do Brasil (OAB), contribu\u00edram com an\u00e1lises.<\/p>\n\n\n\n<div class=\"wp-block-image\"><figure class=\"aligncenter size-large is-resized\"><img loading=\"lazy\" decoding=\"async\" src=\"https:\/\/jornalfatosenoticias.com.br\/wp-content\/uploads\/2023\/03\/nova-logo-Marquetti.jpg\" alt=\"\" class=\"wp-image-40207\" width=\"304\" height=\"204\" srcset=\"https:\/\/jornalfatosenoticias.com.br\/wp-content\/uploads\/2023\/03\/nova-logo-Marquetti.jpg 643w, https:\/\/jornalfatosenoticias.com.br\/wp-content\/uploads\/2023\/03\/nova-logo-Marquetti-300x202.jpg 300w\" sizes=\"auto, (max-width: 304px) 100vw, 304px\" \/><\/figure><\/div>\n\n\n\n<p>A PEC, aprovada rapidamente na Comiss\u00e3o de Constitui\u00e7\u00e3o e Justi\u00e7a do Senado em vota\u00e7\u00e3o simb\u00f3lica, estabelece que as decis\u00f5es monocr\u00e1ticas do STF n\u00e3o podem suspender \u201ca efic\u00e1cia de lei ou ato normativo\u201d de abrang\u00eancia nacional, nem atos dos presidentes do Senado, da C\u00e2mara, do Congresso e do presidente da Rep\u00fablica.<\/p>\n\n\n\n<div class=\"wp-block-image\"><figure class=\"aligncenter size-large\"><img decoding=\"async\" src=\"https:\/\/jornalfatosenoticias.com.br\/wp-content\/uploads\/2020\/02\/barao-das-carnes-300x164-1.jpg\" alt=\"\" class=\"wp-image-34339\"\/><\/figure><\/div>\n\n\n\n<p>Isso significa que um ministro relator n\u00e3o poder\u00e1 suspender sozinho a efic\u00e1cia de uma lei questionada, como previsto atualmente. A PEC exige que uma decis\u00e3o desse tipo seja tomada com o voto de pelo menos seis ministros, maioria do STF.<br>Em rela\u00e7\u00e3o aos pedidos de vista, a proposta sugere que sejam sempre coletivos e limitados a um prazo m\u00e1ximo de seis meses. Isso permitiria que, quando um ministro interromper um julgamento para analisar o caso, os demais tamb\u00e9m o fa\u00e7am. Um segundo prazo coletivo de at\u00e9 tr\u00eas meses pode ser concedido.<\/p>\n\n\n\n<div class=\"wp-block-image\"><figure class=\"aligncenter size-large is-resized\"><img loading=\"lazy\" decoding=\"async\" src=\"https:\/\/jornalfatosenoticias.com.br\/wp-content\/uploads\/2023\/03\/logo-Panper_portal.jpg\" alt=\"\" class=\"wp-image-40208\" width=\"274\" height=\"190\" srcset=\"https:\/\/jornalfatosenoticias.com.br\/wp-content\/uploads\/2023\/03\/logo-Panper_portal.jpg 400w, https:\/\/jornalfatosenoticias.com.br\/wp-content\/uploads\/2023\/03\/logo-Panper_portal-300x208.jpg 300w\" sizes=\"auto, (max-width: 274px) 100vw, 274px\" \/><\/figure><\/div>\n\n\n\n<p>Pacheco, juntamente com a oposi\u00e7\u00e3o, lidera a iniciativa de reforma no STF. Durante um evento na Fran\u00e7a, o presidente do Senado afirmou que as mudan\u00e7as visam enfrentar a <em><strong><span class=\"has-inline-color has-black-color\">\u201ccrise de credibilidade\u201d<\/span><\/strong><\/em> enfrentada pela Corte.<br>Al\u00e9m das propostas discutidas na PEC, Pacheco sugeriu limitar o acesso do STF para evitar um \u201ccontato constante com a sociedade\u201d. Ele tamb\u00e9m mediou o fim da obstru\u00e7\u00e3o realizada pelo grupo de oposi\u00e7\u00e3o no Congresso neste m\u00eas.<\/p>\n\n\n\n<div class=\"wp-block-image\"><figure class=\"aligncenter size-large is-resized\"><img loading=\"lazy\" decoding=\"async\" src=\"https:\/\/jornalfatosenoticias.com.br\/wp-content\/uploads\/2022\/02\/Precisao-Contabilidade-1024x724.jpg\" alt=\"\" class=\"wp-image-28088\" width=\"306\" height=\"216\"\/><\/figure><\/div>\n\n\n\n<p>O governo, por sua vez, enfrentou dificuldades recentes para controlar as vota\u00e7\u00f5es no Senado, com a aprova\u00e7\u00e3o do projeto de lei do marco temporal e a rejei\u00e7\u00e3o da indica\u00e7\u00e3o de Igor Roque \u00e0 Defensoria P\u00fablica da Uni\u00e3o.<\/p>\n\n\n\n<p><strong><em>Fonte: <a href=\"https:\/\/www.gazetadopovo.com.br\/republica\/senado-retoma-discussao-pec-impoe-restricoes-stf\/\">Gazeta do Povo<\/a><\/em><\/strong><\/p>\n","protected":false},"excerpt":{"rendered":"<p>PEC \u00e9 defendida principalmente pela oposi\u00e7\u00e3o e pelo pr\u00f3prio presidente do Senado, Rodrigo Pacheco Por Guilherme Grandi O Senado Federal retoma, nesta ter\u00e7a (31), as discuss\u00f5es sobre a Proposta de Emenda \u00e0 Constitui\u00e7\u00e3o (PEC) que restringe decis\u00f5es monocr\u00e1ticas e define prazos para os pedidos de vista no Supremo Tribunal Federal (STF). A previs\u00e3o \u00e9 que [&hellip;]<\/p>\n","protected":false},"author":2,"featured_media":46514,"comment_status":"open","ping_status":"open","sticky":false,"template":"","format":"standard","meta":{"footnotes":""},"categories":[10],"tags":[21859,487,21860,16295,486,294],"class_list":["post-46513","post","type-post","status-publish","format-standard","has-post-thumbnail","hentry","category-politica","tag-ativismo-judicial-stf","tag-congresso","tag-crise-de-credibilidade","tag-ditadura-da-toga","tag-senado","tag-stf"],"yoast_head":"<!-- This site is optimized with the Yoast SEO plugin v26.5 - https:\/\/yoast.com\/wordpress\/plugins\/seo\/ -->\n<title>Senado retoma discuss\u00e3o de PEC que imp\u00f5e restri\u00e7\u00f5es ao STF - Jornal Fatos e Not\u00edcias<\/title>\n<meta name=\"robots\" content=\"index, follow, max-snippet:-1, max-image-preview:large, max-video-preview:-1\" \/>\n<link rel=\"canonical\" href=\"https:\/\/jornalfatosenoticias.com.br\/index.php\/2023\/10\/31\/senado-retoma-discussao-de-pec-que-impoe-restricoes-ao-stf\/\" \/>\n<meta property=\"og:locale\" content=\"pt_BR\" \/>\n<meta property=\"og:type\" content=\"article\" \/>\n<meta property=\"og:title\" content=\"Senado retoma discuss\u00e3o de PEC que imp\u00f5e restri\u00e7\u00f5es ao STF - Jornal Fatos e Not\u00edcias\" \/>\n<meta property=\"og:description\" content=\"PEC \u00e9 defendida principalmente pela oposi\u00e7\u00e3o e pelo pr\u00f3prio presidente do Senado, Rodrigo Pacheco Por Guilherme Grandi O Senado Federal retoma, nesta ter\u00e7a (31), as discuss\u00f5es sobre a Proposta de Emenda \u00e0 Constitui\u00e7\u00e3o (PEC) que restringe decis\u00f5es monocr\u00e1ticas e define prazos para os pedidos de vista no Supremo Tribunal Federal (STF). A previs\u00e3o \u00e9 que [&hellip;]\" \/>\n<meta property=\"og:url\" content=\"https:\/\/jornalfatosenoticias.com.br\/index.php\/2023\/10\/31\/senado-retoma-discussao-de-pec-que-impoe-restricoes-ao-stf\/\" \/>\n<meta property=\"og:site_name\" content=\"Jornal Fatos e Not\u00edcias\" \/>\n<meta property=\"article:published_time\" content=\"2023-10-31T18:32:15+00:00\" \/>\n<meta property=\"article:modified_time\" content=\"2023-10-31T18:32:16+00:00\" \/>\n<meta property=\"og:image\" content=\"https:\/\/jornalfatosenoticias.com.br\/wp-content\/uploads\/2023\/10\/rodrigo-pacheco-foto-jefferson-rudy-agencia-senado.jpg\" \/>\n\t<meta property=\"og:image:width\" content=\"960\" \/>\n\t<meta property=\"og:image:height\" content=\"540\" \/>\n\t<meta property=\"og:image:type\" content=\"image\/jpeg\" \/>\n<meta name=\"author\" content=\"Luzimara Fernandes\" \/>\n<meta name=\"twitter:card\" content=\"summary_large_image\" \/>\n<meta name=\"twitter:label1\" content=\"Escrito por\" \/>\n\t<meta name=\"twitter:data1\" content=\"Luzimara Fernandes\" \/>\n\t<meta name=\"twitter:label2\" content=\"Est. tempo de leitura\" \/>\n\t<meta name=\"twitter:data2\" content=\"3 minutos\" \/>\n<script type=\"application\/ld+json\" class=\"yoast-schema-graph\">{\"@context\":\"https:\/\/schema.org\",\"@graph\":[{\"@type\":\"Article\",\"@id\":\"https:\/\/jornalfatosenoticias.com.br\/index.php\/2023\/10\/31\/senado-retoma-discussao-de-pec-que-impoe-restricoes-ao-stf\/#article\",\"isPartOf\":{\"@id\":\"https:\/\/jornalfatosenoticias.com.br\/index.php\/2023\/10\/31\/senado-retoma-discussao-de-pec-que-impoe-restricoes-ao-stf\/\"},\"author\":{\"name\":\"Luzimara Fernandes\",\"@id\":\"https:\/\/jornalfatosenoticias.com.br\/#\/schema\/person\/d63837fa13ac8666eb9e74e0985d6f81\"},\"headline\":\"Senado retoma discuss\u00e3o de PEC que imp\u00f5e restri\u00e7\u00f5es ao STF\",\"datePublished\":\"2023-10-31T18:32:15+00:00\",\"dateModified\":\"2023-10-31T18:32:16+00:00\",\"mainEntityOfPage\":{\"@id\":\"https:\/\/jornalfatosenoticias.com.br\/index.php\/2023\/10\/31\/senado-retoma-discussao-de-pec-que-impoe-restricoes-ao-stf\/\"},\"wordCount\":564,\"commentCount\":0,\"publisher\":{\"@id\":\"https:\/\/jornalfatosenoticias.com.br\/#organization\"},\"image\":{\"@id\":\"https:\/\/jornalfatosenoticias.com.br\/index.php\/2023\/10\/31\/senado-retoma-discussao-de-pec-que-impoe-restricoes-ao-stf\/#primaryimage\"},\"thumbnailUrl\":\"https:\/\/jornalfatosenoticias.com.br\/wp-content\/uploads\/2023\/10\/rodrigo-pacheco-foto-jefferson-rudy-agencia-senado.jpg\",\"keywords\":[\"ativismo judicial STF\",\"Congresso\",\"crise de credibilidade\",\"ditadura da toga\",\"Senado\",\"STF\"],\"articleSection\":[\"Pol\u00edtica\"],\"inLanguage\":\"pt-BR\",\"potentialAction\":[{\"@type\":\"CommentAction\",\"name\":\"Comment\",\"target\":[\"https:\/\/jornalfatosenoticias.com.br\/index.php\/2023\/10\/31\/senado-retoma-discussao-de-pec-que-impoe-restricoes-ao-stf\/#respond\"]}]},{\"@type\":\"WebPage\",\"@id\":\"https:\/\/jornalfatosenoticias.com.br\/index.php\/2023\/10\/31\/senado-retoma-discussao-de-pec-que-impoe-restricoes-ao-stf\/\",\"url\":\"https:\/\/jornalfatosenoticias.com.br\/index.php\/2023\/10\/31\/senado-retoma-discussao-de-pec-que-impoe-restricoes-ao-stf\/\",\"name\":\"Senado retoma discuss\u00e3o de PEC que imp\u00f5e restri\u00e7\u00f5es ao STF - Jornal Fatos e Not\u00edcias\",\"isPartOf\":{\"@id\":\"https:\/\/jornalfatosenoticias.com.br\/#website\"},\"primaryImageOfPage\":{\"@id\":\"https:\/\/jornalfatosenoticias.com.br\/index.php\/2023\/10\/31\/senado-retoma-discussao-de-pec-que-impoe-restricoes-ao-stf\/#primaryimage\"},\"image\":{\"@id\":\"https:\/\/jornalfatosenoticias.com.br\/index.php\/2023\/10\/31\/senado-retoma-discussao-de-pec-que-impoe-restricoes-ao-stf\/#primaryimage\"},\"thumbnailUrl\":\"https:\/\/jornalfatosenoticias.com.br\/wp-content\/uploads\/2023\/10\/rodrigo-pacheco-foto-jefferson-rudy-agencia-senado.jpg\",\"datePublished\":\"2023-10-31T18:32:15+00:00\",\"dateModified\":\"2023-10-31T18:32:16+00:00\",\"breadcrumb\":{\"@id\":\"https:\/\/jornalfatosenoticias.com.br\/index.php\/2023\/10\/31\/senado-retoma-discussao-de-pec-que-impoe-restricoes-ao-stf\/#breadcrumb\"},\"inLanguage\":\"pt-BR\",\"potentialAction\":[{\"@type\":\"ReadAction\",\"target\":[\"https:\/\/jornalfatosenoticias.com.br\/index.php\/2023\/10\/31\/senado-retoma-discussao-de-pec-que-impoe-restricoes-ao-stf\/\"]}]},{\"@type\":\"ImageObject\",\"inLanguage\":\"pt-BR\",\"@id\":\"https:\/\/jornalfatosenoticias.com.br\/index.php\/2023\/10\/31\/senado-retoma-discussao-de-pec-que-impoe-restricoes-ao-stf\/#primaryimage\",\"url\":\"https:\/\/jornalfatosenoticias.com.br\/wp-content\/uploads\/2023\/10\/rodrigo-pacheco-foto-jefferson-rudy-agencia-senado.jpg\",\"contentUrl\":\"https:\/\/jornalfatosenoticias.com.br\/wp-content\/uploads\/2023\/10\/rodrigo-pacheco-foto-jefferson-rudy-agencia-senado.jpg\",\"width\":960,\"height\":540},{\"@type\":\"BreadcrumbList\",\"@id\":\"https:\/\/jornalfatosenoticias.com.br\/index.php\/2023\/10\/31\/senado-retoma-discussao-de-pec-que-impoe-restricoes-ao-stf\/#breadcrumb\",\"itemListElement\":[{\"@type\":\"ListItem\",\"position\":1,\"name\":\"In\u00edcio\",\"item\":\"https:\/\/jornalfatosenoticias.com.br\/\"},{\"@type\":\"ListItem\",\"position\":2,\"name\":\"Senado retoma discuss\u00e3o de PEC que imp\u00f5e restri\u00e7\u00f5es ao STF\"}]},{\"@type\":\"WebSite\",\"@id\":\"https:\/\/jornalfatosenoticias.com.br\/#website\",\"url\":\"https:\/\/jornalfatosenoticias.com.br\/\",\"name\":\"Jornal Fatos e Not\u00edcias\",\"description\":\"Not\u00edcias em geral\",\"publisher\":{\"@id\":\"https:\/\/jornalfatosenoticias.com.br\/#organization\"},\"potentialAction\":[{\"@type\":\"SearchAction\",\"target\":{\"@type\":\"EntryPoint\",\"urlTemplate\":\"https:\/\/jornalfatosenoticias.com.br\/?s={search_term_string}\"},\"query-input\":{\"@type\":\"PropertyValueSpecification\",\"valueRequired\":true,\"valueName\":\"search_term_string\"}}],\"inLanguage\":\"pt-BR\"},{\"@type\":\"Organization\",\"@id\":\"https:\/\/jornalfatosenoticias.com.br\/#organization\",\"name\":\"Jornal Fatos e Not\u00edcias\",\"url\":\"https:\/\/jornalfatosenoticias.com.br\/\",\"logo\":{\"@type\":\"ImageObject\",\"inLanguage\":\"pt-BR\",\"@id\":\"https:\/\/jornalfatosenoticias.com.br\/#\/schema\/logo\/image\/\",\"url\":\"https:\/\/jornalfatosenoticias.com.br\/wp-content\/uploads\/2020\/02\/logo120.png\",\"contentUrl\":\"https:\/\/jornalfatosenoticias.com.br\/wp-content\/uploads\/2020\/02\/logo120.png\",\"width\":1227,\"height\":120,\"caption\":\"Jornal Fatos e Not\u00edcias\"},\"image\":{\"@id\":\"https:\/\/jornalfatosenoticias.com.br\/#\/schema\/logo\/image\/\"}},{\"@type\":\"Person\",\"@id\":\"https:\/\/jornalfatosenoticias.com.br\/#\/schema\/person\/d63837fa13ac8666eb9e74e0985d6f81\",\"name\":\"Luzimara Fernandes\",\"image\":{\"@type\":\"ImageObject\",\"inLanguage\":\"pt-BR\",\"@id\":\"https:\/\/jornalfatosenoticias.com.br\/#\/schema\/person\/image\/\",\"url\":\"https:\/\/jornalfatosenoticias.com.br\/wp-content\/uploads\/2025\/05\/EU_portal.jpg\",\"contentUrl\":\"https:\/\/jornalfatosenoticias.com.br\/wp-content\/uploads\/2025\/05\/EU_portal.jpg\",\"caption\":\"Luzimara Fernandes\"},\"description\":\"Jornalista MTB 2358-ES\",\"sameAs\":[\"https:\/\/jornalfatosenoticias.com.br\"],\"url\":\"https:\/\/jornalfatosenoticias.com.br\/index.php\/author\/luzimara\/\"}]}<\/script>\n<!-- \/ Yoast SEO plugin. -->","yoast_head_json":{"title":"Senado retoma discuss\u00e3o de PEC que imp\u00f5e restri\u00e7\u00f5es ao STF - Jornal Fatos e Not\u00edcias","robots":{"index":"index","follow":"follow","max-snippet":"max-snippet:-1","max-image-preview":"max-image-preview:large","max-video-preview":"max-video-preview:-1"},"canonical":"https:\/\/jornalfatosenoticias.com.br\/index.php\/2023\/10\/31\/senado-retoma-discussao-de-pec-que-impoe-restricoes-ao-stf\/","og_locale":"pt_BR","og_type":"article","og_title":"Senado retoma discuss\u00e3o de PEC que imp\u00f5e restri\u00e7\u00f5es ao STF - Jornal Fatos e Not\u00edcias","og_description":"PEC \u00e9 defendida principalmente pela oposi\u00e7\u00e3o e pelo pr\u00f3prio presidente do Senado, Rodrigo Pacheco Por Guilherme Grandi O Senado Federal retoma, nesta ter\u00e7a (31), as discuss\u00f5es sobre a Proposta de Emenda \u00e0 Constitui\u00e7\u00e3o (PEC) que restringe decis\u00f5es monocr\u00e1ticas e define prazos para os pedidos de vista no Supremo Tribunal Federal (STF). A previs\u00e3o \u00e9 que [&hellip;]","og_url":"https:\/\/jornalfatosenoticias.com.br\/index.php\/2023\/10\/31\/senado-retoma-discussao-de-pec-que-impoe-restricoes-ao-stf\/","og_site_name":"Jornal Fatos e Not\u00edcias","article_published_time":"2023-10-31T18:32:15+00:00","article_modified_time":"2023-10-31T18:32:16+00:00","og_image":[{"width":960,"height":540,"url":"https:\/\/jornalfatosenoticias.com.br\/wp-content\/uploads\/2023\/10\/rodrigo-pacheco-foto-jefferson-rudy-agencia-senado.jpg","type":"image\/jpeg"}],"author":"Luzimara Fernandes","twitter_card":"summary_large_image","twitter_misc":{"Escrito por":"Luzimara Fernandes","Est. tempo de leitura":"3 minutos"},"schema":{"@context":"https:\/\/schema.org","@graph":[{"@type":"Article","@id":"https:\/\/jornalfatosenoticias.com.br\/index.php\/2023\/10\/31\/senado-retoma-discussao-de-pec-que-impoe-restricoes-ao-stf\/#article","isPartOf":{"@id":"https:\/\/jornalfatosenoticias.com.br\/index.php\/2023\/10\/31\/senado-retoma-discussao-de-pec-que-impoe-restricoes-ao-stf\/"},"author":{"name":"Luzimara Fernandes","@id":"https:\/\/jornalfatosenoticias.com.br\/#\/schema\/person\/d63837fa13ac8666eb9e74e0985d6f81"},"headline":"Senado retoma discuss\u00e3o de PEC que imp\u00f5e restri\u00e7\u00f5es ao STF","datePublished":"2023-10-31T18:32:15+00:00","dateModified":"2023-10-31T18:32:16+00:00","mainEntityOfPage":{"@id":"https:\/\/jornalfatosenoticias.com.br\/index.php\/2023\/10\/31\/senado-retoma-discussao-de-pec-que-impoe-restricoes-ao-stf\/"},"wordCount":564,"commentCount":0,"publisher":{"@id":"https:\/\/jornalfatosenoticias.com.br\/#organization"},"image":{"@id":"https:\/\/jornalfatosenoticias.com.br\/index.php\/2023\/10\/31\/senado-retoma-discussao-de-pec-que-impoe-restricoes-ao-stf\/#primaryimage"},"thumbnailUrl":"https:\/\/jornalfatosenoticias.com.br\/wp-content\/uploads\/2023\/10\/rodrigo-pacheco-foto-jefferson-rudy-agencia-senado.jpg","keywords":["ativismo judicial STF","Congresso","crise de credibilidade","ditadura da toga","Senado","STF"],"articleSection":["Pol\u00edtica"],"inLanguage":"pt-BR","potentialAction":[{"@type":"CommentAction","name":"Comment","target":["https:\/\/jornalfatosenoticias.com.br\/index.php\/2023\/10\/31\/senado-retoma-discussao-de-pec-que-impoe-restricoes-ao-stf\/#respond"]}]},{"@type":"WebPage","@id":"https:\/\/jornalfatosenoticias.com.br\/index.php\/2023\/10\/31\/senado-retoma-discussao-de-pec-que-impoe-restricoes-ao-stf\/","url":"https:\/\/jornalfatosenoticias.com.br\/index.php\/2023\/10\/31\/senado-retoma-discussao-de-pec-que-impoe-restricoes-ao-stf\/","name":"Senado retoma discuss\u00e3o de PEC que imp\u00f5e restri\u00e7\u00f5es ao STF - Jornal Fatos e Not\u00edcias","isPartOf":{"@id":"https:\/\/jornalfatosenoticias.com.br\/#website"},"primaryImageOfPage":{"@id":"https:\/\/jornalfatosenoticias.com.br\/index.php\/2023\/10\/31\/senado-retoma-discussao-de-pec-que-impoe-restricoes-ao-stf\/#primaryimage"},"image":{"@id":"https:\/\/jornalfatosenoticias.com.br\/index.php\/2023\/10\/31\/senado-retoma-discussao-de-pec-que-impoe-restricoes-ao-stf\/#primaryimage"},"thumbnailUrl":"https:\/\/jornalfatosenoticias.com.br\/wp-content\/uploads\/2023\/10\/rodrigo-pacheco-foto-jefferson-rudy-agencia-senado.jpg","datePublished":"2023-10-31T18:32:15+00:00","dateModified":"2023-10-31T18:32:16+00:00","breadcrumb":{"@id":"https:\/\/jornalfatosenoticias.com.br\/index.php\/2023\/10\/31\/senado-retoma-discussao-de-pec-que-impoe-restricoes-ao-stf\/#breadcrumb"},"inLanguage":"pt-BR","potentialAction":[{"@type":"ReadAction","target":["https:\/\/jornalfatosenoticias.com.br\/index.php\/2023\/10\/31\/senado-retoma-discussao-de-pec-que-impoe-restricoes-ao-stf\/"]}]},{"@type":"ImageObject","inLanguage":"pt-BR","@id":"https:\/\/jornalfatosenoticias.com.br\/index.php\/2023\/10\/31\/senado-retoma-discussao-de-pec-que-impoe-restricoes-ao-stf\/#primaryimage","url":"https:\/\/jornalfatosenoticias.com.br\/wp-content\/uploads\/2023\/10\/rodrigo-pacheco-foto-jefferson-rudy-agencia-senado.jpg","contentUrl":"https:\/\/jornalfatosenoticias.com.br\/wp-content\/uploads\/2023\/10\/rodrigo-pacheco-foto-jefferson-rudy-agencia-senado.jpg","width":960,"height":540},{"@type":"BreadcrumbList","@id":"https:\/\/jornalfatosenoticias.com.br\/index.php\/2023\/10\/31\/senado-retoma-discussao-de-pec-que-impoe-restricoes-ao-stf\/#breadcrumb","itemListElement":[{"@type":"ListItem","position":1,"name":"In\u00edcio","item":"https:\/\/jornalfatosenoticias.com.br\/"},{"@type":"ListItem","position":2,"name":"Senado retoma discuss\u00e3o de PEC que imp\u00f5e restri\u00e7\u00f5es ao STF"}]},{"@type":"WebSite","@id":"https:\/\/jornalfatosenoticias.com.br\/#website","url":"https:\/\/jornalfatosenoticias.com.br\/","name":"Jornal Fatos e Not\u00edcias","description":"Not\u00edcias em geral","publisher":{"@id":"https:\/\/jornalfatosenoticias.com.br\/#organization"},"potentialAction":[{"@type":"SearchAction","target":{"@type":"EntryPoint","urlTemplate":"https:\/\/jornalfatosenoticias.com.br\/?s={search_term_string}"},"query-input":{"@type":"PropertyValueSpecification","valueRequired":true,"valueName":"search_term_string"}}],"inLanguage":"pt-BR"},{"@type":"Organization","@id":"https:\/\/jornalfatosenoticias.com.br\/#organization","name":"Jornal Fatos e Not\u00edcias","url":"https:\/\/jornalfatosenoticias.com.br\/","logo":{"@type":"ImageObject","inLanguage":"pt-BR","@id":"https:\/\/jornalfatosenoticias.com.br\/#\/schema\/logo\/image\/","url":"https:\/\/jornalfatosenoticias.com.br\/wp-content\/uploads\/2020\/02\/logo120.png","contentUrl":"https:\/\/jornalfatosenoticias.com.br\/wp-content\/uploads\/2020\/02\/logo120.png","width":1227,"height":120,"caption":"Jornal Fatos e Not\u00edcias"},"image":{"@id":"https:\/\/jornalfatosenoticias.com.br\/#\/schema\/logo\/image\/"}},{"@type":"Person","@id":"https:\/\/jornalfatosenoticias.com.br\/#\/schema\/person\/d63837fa13ac8666eb9e74e0985d6f81","name":"Luzimara Fernandes","image":{"@type":"ImageObject","inLanguage":"pt-BR","@id":"https:\/\/jornalfatosenoticias.com.br\/#\/schema\/person\/image\/","url":"https:\/\/jornalfatosenoticias.com.br\/wp-content\/uploads\/2025\/05\/EU_portal.jpg","contentUrl":"https:\/\/jornalfatosenoticias.com.br\/wp-content\/uploads\/2025\/05\/EU_portal.jpg","caption":"Luzimara Fernandes"},"description":"Jornalista MTB 2358-ES","sameAs":["https:\/\/jornalfatosenoticias.com.br"],"url":"https:\/\/jornalfatosenoticias.com.br\/index.php\/author\/luzimara\/"}]}},"cc_featured_image_caption":{"caption_text":"(Foto: Jefferson Rudy\/Ag\u00eancia Senado) ","source_text":"","source_url":""},"jetpack_featured_media_url":"https:\/\/jornalfatosenoticias.com.br\/wp-content\/uploads\/2023\/10\/rodrigo-pacheco-foto-jefferson-rudy-agencia-senado.jpg","_links":{"self":[{"href":"https:\/\/jornalfatosenoticias.com.br\/index.php\/wp-json\/wp\/v2\/posts\/46513","targetHints":{"allow":["GET"]}}],"collection":[{"href":"https:\/\/jornalfatosenoticias.com.br\/index.php\/wp-json\/wp\/v2\/posts"}],"about":[{"href":"https:\/\/jornalfatosenoticias.com.br\/index.php\/wp-json\/wp\/v2\/types\/post"}],"author":[{"embeddable":true,"href":"https:\/\/jornalfatosenoticias.com.br\/index.php\/wp-json\/wp\/v2\/users\/2"}],"replies":[{"embeddable":true,"href":"https:\/\/jornalfatosenoticias.com.br\/index.php\/wp-json\/wp\/v2\/comments?post=46513"}],"version-history":[{"count":0,"href":"https:\/\/jornalfatosenoticias.com.br\/index.php\/wp-json\/wp\/v2\/posts\/46513\/revisions"}],"wp:featuredmedia":[{"embeddable":true,"href":"https:\/\/jornalfatosenoticias.com.br\/index.php\/wp-json\/wp\/v2\/media\/46514"}],"wp:attachment":[{"href":"https:\/\/jornalfatosenoticias.com.br\/index.php\/wp-json\/wp\/v2\/media?parent=46513"}],"wp:term":[{"taxonomy":"category","embeddable":true,"href":"https:\/\/jornalfatosenoticias.com.br\/index.php\/wp-json\/wp\/v2\/categories?post=46513"},{"taxonomy":"post_tag","embeddable":true,"href":"https:\/\/jornalfatosenoticias.com.br\/index.php\/wp-json\/wp\/v2\/tags?post=46513"}],"curies":[{"name":"wp","href":"https:\/\/api.w.org\/{rel}","templated":true}]}}