{"id":46522,"date":"2023-11-01T09:15:20","date_gmt":"2023-11-01T12:15:20","guid":{"rendered":"https:\/\/jornalfatosenoticias.com.br\/?p=46522"},"modified":"2023-11-01T09:16:31","modified_gmt":"2023-11-01T12:16:31","slug":"casa-porto-recebe-exposicao-inedita-que-retrata-o-coracao","status":"publish","type":"post","link":"https:\/\/jornalfatosenoticias.com.br\/index.php\/2023\/11\/01\/casa-porto-recebe-exposicao-inedita-que-retrata-o-coracao\/","title":{"rendered":"Casa Porto recebe exposi\u00e7\u00e3o in\u00e9dita que retrata o cora\u00e7\u00e3o"},"content":{"rendered":"\n<p><em><span class=\"has-inline-color has-black-color\">Por <strong>Pedro Vargas<\/strong><\/span><\/em><\/p>\n\n\n\n<div class=\"wp-block-image\"><figure class=\"aligncenter size-large\"><img loading=\"lazy\" decoding=\"async\" width=\"729\" height=\"90\" src=\"https:\/\/jornalfatosenoticias.com.br\/wp-content\/uploads\/2020\/02\/Logo_Mizu.png\" alt=\"\" class=\"wp-image-1441\" srcset=\"https:\/\/jornalfatosenoticias.com.br\/wp-content\/uploads\/2020\/02\/Logo_Mizu.png 729w, https:\/\/jornalfatosenoticias.com.br\/wp-content\/uploads\/2020\/02\/Logo_Mizu-300x37.png 300w\" sizes=\"auto, (max-width: 729px) 100vw, 729px\" \/><\/figure><\/div>\n\n\n\n<p>A semana do feriad\u00e3o come\u00e7ou com exposi\u00e7\u00e3o nova na Casa Porto das Artes Pl\u00e1sticas, no Centro Hist\u00f3rico de Vit\u00f3ria. Trata-se da mostra &#8220;Pulsar&#8221;, a primeira exibi\u00e7\u00e3o individual da artista pl\u00e1stica e pesquisadora de estudos filos\u00f3ficos em teologia, Mayara Gouvea, que estreou na \u00faltima segunda-feira (30).<br>A exposi\u00e7\u00e3o, realizada com o apoio da Secretaria Municipal de Cultura (Semc), por meio do Fundo Municipal de Cultura (FunCultura), apresenta o resultado de seis anos de pesquisa sobre um dos principais \u00f3rg\u00e3os do corpo humano: o cora\u00e7\u00e3o. O trabalho, segundo a artista, foi iniciado a partir de uma percep\u00e7\u00e3o dele como s\u00edmbolo, met\u00e1fora e fonte de inspira\u00e7\u00e3o.<br>&#8220;Minha pesquisa art\u00edstica teve in\u00edcio em 2017 enquanto realizava estudos b\u00edblicos e percebi a frequ\u00eancia da palavra cora\u00e7\u00e3o, nos livros hist\u00f3ricos e principalmente po\u00e9ticos da B\u00edblia. Desde ent\u00e3o comecei a investigar este \u00f3rg\u00e3o t\u00e3o simb\u00f3lico e profundo a partir das \u00e1reas de conhecimento da teologia, anatomia e filosofia e apresentar essas descobertas por meio de obras art\u00edsticas. Tudo isso, sempre atenta aos meus processos de cria\u00e7\u00e3o, para realizar e compartilhar trabalhos simples e profundos, ou seja, trabalhos que partem do cora\u00e7\u00e3o&#8221;, conta Mayara.<\/p>\n\n\n\n<div class=\"wp-block-jetpack-slideshow aligncenter\" data-effect=\"slide\"><div class=\"wp-block-jetpack-slideshow_container swiper-container\"><ul class=\"wp-block-jetpack-slideshow_swiper-wrapper swiper-wrapper\"><li class=\"wp-block-jetpack-slideshow_slide swiper-slide\"><figure><img loading=\"lazy\" decoding=\"async\" width=\"556\" height=\"680\" alt=\"\" class=\"wp-block-jetpack-slideshow_image wp-image-46523\" data-id=\"46523\" src=\"https:\/\/jornalfatosenoticias.com.br\/wp-content\/uploads\/2023\/11\/PULSAR2.jpg\" srcset=\"https:\/\/jornalfatosenoticias.com.br\/wp-content\/uploads\/2023\/11\/PULSAR2.jpg 556w, https:\/\/jornalfatosenoticias.com.br\/wp-content\/uploads\/2023\/11\/PULSAR2-245x300.jpg 245w\" sizes=\"auto, (max-width: 556px) 100vw, 556px\" \/><figcaption class=\"wp-block-jetpack-slideshow_caption gallery-caption\">A abertura da exposi\u00e7\u00e3o aconteceu na \u00faltima segunda-feira (30) no museu (Foto: Divulga\u00e7\u00e3o\/PMV) <\/figcaption><\/figure><\/li><li class=\"wp-block-jetpack-slideshow_slide swiper-slide\"><figure><img loading=\"lazy\" decoding=\"async\" width=\"594\" height=\"733\" alt=\"\" class=\"wp-block-jetpack-slideshow_image wp-image-46524\" data-id=\"46524\" src=\"https:\/\/jornalfatosenoticias.com.br\/wp-content\/uploads\/2023\/11\/PULSAR3.jpg\" srcset=\"https:\/\/jornalfatosenoticias.com.br\/wp-content\/uploads\/2023\/11\/PULSAR3.jpg 594w, https:\/\/jornalfatosenoticias.com.br\/wp-content\/uploads\/2023\/11\/PULSAR3-243x300.jpg 243w\" sizes=\"auto, (max-width: 594px) 100vw, 594px\" \/><figcaption class=\"wp-block-jetpack-slideshow_caption gallery-caption\">A mostra &#8220;Pulsar&#8221; \u00e9 a primeira exibi\u00e7\u00e3o individual da artista pl\u00e1stica Mayara Gouvea (Foto: Divulga\u00e7\u00e3o\/PMV) <\/figcaption><\/figure><\/li><\/ul><a class=\"wp-block-jetpack-slideshow_button-prev swiper-button-prev swiper-button-white\" role=\"button\"><\/a><a class=\"wp-block-jetpack-slideshow_button-next swiper-button-next swiper-button-white\" role=\"button\"><\/a><a aria-label=\"Pause Slideshow\" class=\"wp-block-jetpack-slideshow_button-pause\" role=\"button\"><\/a><div class=\"wp-block-jetpack-slideshow_pagination swiper-pagination swiper-pagination-white\"><\/div><\/div><\/div>\n\n\n\n<p><strong><span class=\"has-inline-color has-vivid-purple-color\">\u279c Trabalhos<br><\/span><\/strong>&#8220;Pulsar&#8221;, que vai at\u00e9 o dia 30 de dezembro, re\u00fane mais de 20 obras com estudo de t\u00e9cnicas art\u00edsticas diversas, entre elas, cer\u00e2mica, desenho, pintura e processos de gravura e litogravura.<br>&#8220;O objetivo \u00e9 apresentar as obras n\u00e3o como um resultado final, mas sim como a pulsa\u00e7\u00e3o, como o movimento dos seus processos de cria\u00e7\u00e3o. Quero provocar reflex\u00f5es a partir dessa constru\u00e7\u00e3o contextualizando a vida&#8221;, complementa a artista.<\/p>\n\n\n\n<div class=\"wp-block-image\"><figure class=\"aligncenter size-large\"><img loading=\"lazy\" decoding=\"async\" width=\"300\" height=\"250\" src=\"https:\/\/jornalfatosenoticias.com.br\/wp-content\/uploads\/2020\/02\/Banner-2.png\" alt=\"\" class=\"wp-image-43787\"\/><\/figure><\/div>\n\n\n\n<p><strong><span class=\"has-inline-color has-vivid-purple-color\">\u279c Funcionamento<br><\/span><\/strong>A abertura da exposi\u00e7\u00e3o acontece na pr\u00f3xima segunda-feira (30) das 18h30 \u00e0s 22 horas no museu. Nos demais dias, &#8220;Pulsar&#8221;, de classifica\u00e7\u00e3o indicativa livre, estar\u00e1 aberta ao p\u00fablico na Casa Porto, de segunda \u00e0 sexta-feira das 10 \u00e0s 18h30 e aos s\u00e1bados das 10 \u00e0s 14 horas.<\/p>\n\n\n\n<div class=\"wp-block-image\"><figure class=\"aligncenter size-large is-resized\"><img loading=\"lazy\" decoding=\"async\" src=\"https:\/\/jornalfatosenoticias.com.br\/wp-content\/uploads\/2023\/07\/lacremoda.jpg\" alt=\"\" class=\"wp-image-43706\" width=\"347\" height=\"194\" srcset=\"https:\/\/jornalfatosenoticias.com.br\/wp-content\/uploads\/2023\/07\/lacremoda.jpg 1024w, https:\/\/jornalfatosenoticias.com.br\/wp-content\/uploads\/2023\/07\/lacremoda-300x168.jpg 300w, https:\/\/jornalfatosenoticias.com.br\/wp-content\/uploads\/2023\/07\/lacremoda-768x431.jpg 768w\" sizes=\"auto, (max-width: 347px) 100vw, 347px\" \/><\/figure><\/div>\n\n\n\n<p><strong><span class=\"has-inline-color has-vivid-purple-color\">\u279c Feriado de Finados<br><\/span><\/strong>No pr\u00f3ximo feriad\u00e3o de Finados, a Casa Porto fecha na quinta-feira (2), por\u00e9m funciona normalmente nos dias 3 e 4, sexta e s\u00e1bado respectivamente.<\/p>\n\n\n\n<div class=\"wp-block-image\"><figure class=\"aligncenter size-large is-resized\"><img loading=\"lazy\" decoding=\"async\" src=\"https:\/\/jornalfatosenoticias.com.br\/wp-content\/uploads\/2023\/03\/logo-Panper_portal.jpg\" alt=\"\" class=\"wp-image-40208\" width=\"300\" height=\"208\" srcset=\"https:\/\/jornalfatosenoticias.com.br\/wp-content\/uploads\/2023\/03\/logo-Panper_portal.jpg 400w, https:\/\/jornalfatosenoticias.com.br\/wp-content\/uploads\/2023\/03\/logo-Panper_portal-300x208.jpg 300w\" sizes=\"auto, (max-width: 300px) 100vw, 300px\" \/><\/figure><\/div>\n\n\n\n<p><strong><span class=\"has-inline-color has-vivid-purple-color\">\u279c Acessibilidade<br><\/span><\/strong>A fim de promover a inclus\u00e3o e experi\u00eancias sensoriais e afetivas para os diversos espectadores, inclusive \u00e0queles com alguma limita\u00e7\u00e3o f\u00edsica, auditiva\/surdez ou visual, a exposi\u00e7\u00e3o apresentar\u00e1 recursos como \u00e1udio descri\u00e7\u00f5es e janelas de acessibilidade nas obras, que ser\u00e3o acessadas por meio de QRCODE.<\/p>\n\n\n\n<div class=\"wp-block-image\"><figure class=\"aligncenter size-large\"><img loading=\"lazy\" decoding=\"async\" width=\"800\" height=\"1012\" src=\"https:\/\/jornalfatosenoticias.com.br\/wp-content\/uploads\/2023\/11\/PULSAR_CAPA.jpg\" alt=\"\" class=\"wp-image-46525\" srcset=\"https:\/\/jornalfatosenoticias.com.br\/wp-content\/uploads\/2023\/11\/PULSAR_CAPA.jpg 800w, https:\/\/jornalfatosenoticias.com.br\/wp-content\/uploads\/2023\/11\/PULSAR_CAPA-237x300.jpg 237w, https:\/\/jornalfatosenoticias.com.br\/wp-content\/uploads\/2023\/11\/PULSAR_CAPA-768x972.jpg 768w\" sizes=\"auto, (max-width: 800px) 100vw, 800px\" \/><figcaption><em><span class=\"has-inline-color has-black-color\">Cartaz exposi\u00e7\u00e3o &#8220;Pulsar&#8221; (Foto: Divulga\u00e7\u00e3o\/PMV)<\/span><\/em><\/figcaption><\/figure><\/div>\n\n\n\n<p><strong><span class=\"has-inline-color has-black-color\"><span style=\"text-decoration: underline;\">Servi\u00e7o<br><\/span><\/span><\/strong><em><span class=\"has-inline-color has-black-color\"><span style=\"text-decoration: underline;\">Exposi\u00e7\u00e3o &#8220;Pulsar&#8221;<br><\/span><\/span><\/em><strong>Quando:<\/strong> de 30 de outubro a 30 de dezembro de 2023.<br><strong>Onde:<\/strong> Casa Porto das Artes Pl\u00e1sticas &#8211; Pra\u00e7a Manoel Silvino Monjardim, 66 \u2014 Centro Hist\u00f3rico de Vit\u00f3ria.<br>Funcionamento: Segundas as sextas das 10 \u00e0s 18 horas. S\u00e1bados das 10 \u00e0s 14 horas.<br><em>Entrada franca e classifica\u00e7\u00e3o indicativa livre<\/em><\/p>\n\n\n\n<div class=\"wp-block-image\"><figure class=\"aligncenter size-large\"><img decoding=\"async\" src=\"https:\/\/jornalfatosenoticias.com.br\/wp-content\/uploads\/2020\/02\/barao-das-carnes-300x164-1.jpg\" alt=\"\" class=\"wp-image-34339\"\/><\/figure><\/div>\n\n\n\n<p><strong><em>Fonte: <a href=\"https:\/\/www.vitoria.es.gov.br\/noticia\/pulsar-casa-porto-recebe-exposicao-inedita-que-retrata-o-coracao-49052\">PMV<\/a><\/em><\/strong><\/p>\n","protected":false},"excerpt":{"rendered":"<p>Por Pedro Vargas A semana do feriad\u00e3o come\u00e7ou com exposi\u00e7\u00e3o nova na Casa Porto das Artes Pl\u00e1sticas, no Centro Hist\u00f3rico de Vit\u00f3ria. Trata-se da mostra &#8220;Pulsar&#8221;, a primeira exibi\u00e7\u00e3o individual da artista pl\u00e1stica e pesquisadora de estudos filos\u00f3ficos em teologia, Mayara Gouvea, que estreou na \u00faltima segunda-feira (30).A exposi\u00e7\u00e3o, realizada com o apoio da Secretaria [&hellip;]<\/p>\n","protected":false},"author":2,"featured_media":46526,"comment_status":"open","ping_status":"open","sticky":false,"template":"","format":"standard","meta":{"footnotes":""},"categories":[4],"tags":[9668,1221,21865,21866],"class_list":["post-46522","post","type-post","status-publish","format-standard","has-post-thumbnail","hentry","category-cultura","tag-casa-porto","tag-coracao","tag-exposicao-inedita","tag-pulsar"],"yoast_head":"<!-- This site is optimized with the Yoast SEO plugin v26.5 - https:\/\/yoast.com\/wordpress\/plugins\/seo\/ -->\n<title>Casa Porto recebe exposi\u00e7\u00e3o in\u00e9dita que retrata o cora\u00e7\u00e3o - Jornal Fatos e Not\u00edcias<\/title>\n<meta name=\"robots\" content=\"index, follow, max-snippet:-1, max-image-preview:large, max-video-preview:-1\" \/>\n<link rel=\"canonical\" href=\"https:\/\/jornalfatosenoticias.com.br\/index.php\/2023\/11\/01\/casa-porto-recebe-exposicao-inedita-que-retrata-o-coracao\/\" \/>\n<meta property=\"og:locale\" content=\"pt_BR\" \/>\n<meta property=\"og:type\" content=\"article\" \/>\n<meta property=\"og:title\" content=\"Casa Porto recebe exposi\u00e7\u00e3o in\u00e9dita que retrata o cora\u00e7\u00e3o - Jornal Fatos e Not\u00edcias\" \/>\n<meta property=\"og:description\" content=\"Por Pedro Vargas A semana do feriad\u00e3o come\u00e7ou com exposi\u00e7\u00e3o nova na Casa Porto das Artes Pl\u00e1sticas, no Centro Hist\u00f3rico de Vit\u00f3ria. Trata-se da mostra &#8220;Pulsar&#8221;, a primeira exibi\u00e7\u00e3o individual da artista pl\u00e1stica e pesquisadora de estudos filos\u00f3ficos em teologia, Mayara Gouvea, que estreou na \u00faltima segunda-feira (30).A exposi\u00e7\u00e3o, realizada com o apoio da Secretaria [&hellip;]\" \/>\n<meta property=\"og:url\" content=\"https:\/\/jornalfatosenoticias.com.br\/index.php\/2023\/11\/01\/casa-porto-recebe-exposicao-inedita-que-retrata-o-coracao\/\" \/>\n<meta property=\"og:site_name\" content=\"Jornal Fatos e Not\u00edcias\" \/>\n<meta property=\"article:published_time\" content=\"2023-11-01T12:15:20+00:00\" \/>\n<meta property=\"article:modified_time\" content=\"2023-11-01T12:16:31+00:00\" \/>\n<meta property=\"og:image\" content=\"https:\/\/jornalfatosenoticias.com.br\/wp-content\/uploads\/2023\/11\/PULSAR1.jpg\" \/>\n\t<meta property=\"og:image:width\" content=\"568\" \/>\n\t<meta property=\"og:image:height\" content=\"714\" \/>\n\t<meta property=\"og:image:type\" content=\"image\/jpeg\" \/>\n<meta name=\"author\" content=\"Luzimara Fernandes\" \/>\n<meta name=\"twitter:card\" content=\"summary_large_image\" \/>\n<meta name=\"twitter:label1\" content=\"Escrito por\" \/>\n\t<meta name=\"twitter:data1\" content=\"Luzimara Fernandes\" \/>\n\t<meta name=\"twitter:label2\" content=\"Est. tempo de leitura\" \/>\n\t<meta name=\"twitter:data2\" content=\"3 minutos\" \/>\n<script type=\"application\/ld+json\" class=\"yoast-schema-graph\">{\"@context\":\"https:\/\/schema.org\",\"@graph\":[{\"@type\":\"Article\",\"@id\":\"https:\/\/jornalfatosenoticias.com.br\/index.php\/2023\/11\/01\/casa-porto-recebe-exposicao-inedita-que-retrata-o-coracao\/#article\",\"isPartOf\":{\"@id\":\"https:\/\/jornalfatosenoticias.com.br\/index.php\/2023\/11\/01\/casa-porto-recebe-exposicao-inedita-que-retrata-o-coracao\/\"},\"author\":{\"name\":\"Luzimara Fernandes\",\"@id\":\"https:\/\/jornalfatosenoticias.com.br\/#\/schema\/person\/d63837fa13ac8666eb9e74e0985d6f81\"},\"headline\":\"Casa Porto recebe exposi\u00e7\u00e3o in\u00e9dita que retrata o cora\u00e7\u00e3o\",\"datePublished\":\"2023-11-01T12:15:20+00:00\",\"dateModified\":\"2023-11-01T12:16:31+00:00\",\"mainEntityOfPage\":{\"@id\":\"https:\/\/jornalfatosenoticias.com.br\/index.php\/2023\/11\/01\/casa-porto-recebe-exposicao-inedita-que-retrata-o-coracao\/\"},\"wordCount\":527,\"commentCount\":0,\"publisher\":{\"@id\":\"https:\/\/jornalfatosenoticias.com.br\/#organization\"},\"image\":{\"@id\":\"https:\/\/jornalfatosenoticias.com.br\/index.php\/2023\/11\/01\/casa-porto-recebe-exposicao-inedita-que-retrata-o-coracao\/#primaryimage\"},\"thumbnailUrl\":\"https:\/\/jornalfatosenoticias.com.br\/wp-content\/uploads\/2023\/11\/PULSAR1.jpg\",\"keywords\":[\"Casa Porto\",\"cora\u00e7\u00e3o\",\"exposi\u00e7\u00e3o in\u00e9dita\",\"Pulsar\"],\"articleSection\":[\"Cultura\"],\"inLanguage\":\"pt-BR\",\"potentialAction\":[{\"@type\":\"CommentAction\",\"name\":\"Comment\",\"target\":[\"https:\/\/jornalfatosenoticias.com.br\/index.php\/2023\/11\/01\/casa-porto-recebe-exposicao-inedita-que-retrata-o-coracao\/#respond\"]}]},{\"@type\":\"WebPage\",\"@id\":\"https:\/\/jornalfatosenoticias.com.br\/index.php\/2023\/11\/01\/casa-porto-recebe-exposicao-inedita-que-retrata-o-coracao\/\",\"url\":\"https:\/\/jornalfatosenoticias.com.br\/index.php\/2023\/11\/01\/casa-porto-recebe-exposicao-inedita-que-retrata-o-coracao\/\",\"name\":\"Casa Porto recebe exposi\u00e7\u00e3o in\u00e9dita que retrata o cora\u00e7\u00e3o - Jornal Fatos e Not\u00edcias\",\"isPartOf\":{\"@id\":\"https:\/\/jornalfatosenoticias.com.br\/#website\"},\"primaryImageOfPage\":{\"@id\":\"https:\/\/jornalfatosenoticias.com.br\/index.php\/2023\/11\/01\/casa-porto-recebe-exposicao-inedita-que-retrata-o-coracao\/#primaryimage\"},\"image\":{\"@id\":\"https:\/\/jornalfatosenoticias.com.br\/index.php\/2023\/11\/01\/casa-porto-recebe-exposicao-inedita-que-retrata-o-coracao\/#primaryimage\"},\"thumbnailUrl\":\"https:\/\/jornalfatosenoticias.com.br\/wp-content\/uploads\/2023\/11\/PULSAR1.jpg\",\"datePublished\":\"2023-11-01T12:15:20+00:00\",\"dateModified\":\"2023-11-01T12:16:31+00:00\",\"breadcrumb\":{\"@id\":\"https:\/\/jornalfatosenoticias.com.br\/index.php\/2023\/11\/01\/casa-porto-recebe-exposicao-inedita-que-retrata-o-coracao\/#breadcrumb\"},\"inLanguage\":\"pt-BR\",\"potentialAction\":[{\"@type\":\"ReadAction\",\"target\":[\"https:\/\/jornalfatosenoticias.com.br\/index.php\/2023\/11\/01\/casa-porto-recebe-exposicao-inedita-que-retrata-o-coracao\/\"]}]},{\"@type\":\"ImageObject\",\"inLanguage\":\"pt-BR\",\"@id\":\"https:\/\/jornalfatosenoticias.com.br\/index.php\/2023\/11\/01\/casa-porto-recebe-exposicao-inedita-que-retrata-o-coracao\/#primaryimage\",\"url\":\"https:\/\/jornalfatosenoticias.com.br\/wp-content\/uploads\/2023\/11\/PULSAR1.jpg\",\"contentUrl\":\"https:\/\/jornalfatosenoticias.com.br\/wp-content\/uploads\/2023\/11\/PULSAR1.jpg\",\"width\":568,\"height\":714,\"caption\":\"A mostra re\u00fane mais de 20 obras com estudo de t\u00e9cnicas art\u00edsticas diversas.\"},{\"@type\":\"BreadcrumbList\",\"@id\":\"https:\/\/jornalfatosenoticias.com.br\/index.php\/2023\/11\/01\/casa-porto-recebe-exposicao-inedita-que-retrata-o-coracao\/#breadcrumb\",\"itemListElement\":[{\"@type\":\"ListItem\",\"position\":1,\"name\":\"In\u00edcio\",\"item\":\"https:\/\/jornalfatosenoticias.com.br\/\"},{\"@type\":\"ListItem\",\"position\":2,\"name\":\"Casa Porto recebe exposi\u00e7\u00e3o in\u00e9dita que retrata o cora\u00e7\u00e3o\"}]},{\"@type\":\"WebSite\",\"@id\":\"https:\/\/jornalfatosenoticias.com.br\/#website\",\"url\":\"https:\/\/jornalfatosenoticias.com.br\/\",\"name\":\"Jornal Fatos e Not\u00edcias\",\"description\":\"Not\u00edcias em geral\",\"publisher\":{\"@id\":\"https:\/\/jornalfatosenoticias.com.br\/#organization\"},\"potentialAction\":[{\"@type\":\"SearchAction\",\"target\":{\"@type\":\"EntryPoint\",\"urlTemplate\":\"https:\/\/jornalfatosenoticias.com.br\/?s={search_term_string}\"},\"query-input\":{\"@type\":\"PropertyValueSpecification\",\"valueRequired\":true,\"valueName\":\"search_term_string\"}}],\"inLanguage\":\"pt-BR\"},{\"@type\":\"Organization\",\"@id\":\"https:\/\/jornalfatosenoticias.com.br\/#organization\",\"name\":\"Jornal Fatos e Not\u00edcias\",\"url\":\"https:\/\/jornalfatosenoticias.com.br\/\",\"logo\":{\"@type\":\"ImageObject\",\"inLanguage\":\"pt-BR\",\"@id\":\"https:\/\/jornalfatosenoticias.com.br\/#\/schema\/logo\/image\/\",\"url\":\"https:\/\/jornalfatosenoticias.com.br\/wp-content\/uploads\/2020\/02\/logo120.png\",\"contentUrl\":\"https:\/\/jornalfatosenoticias.com.br\/wp-content\/uploads\/2020\/02\/logo120.png\",\"width\":1227,\"height\":120,\"caption\":\"Jornal Fatos e Not\u00edcias\"},\"image\":{\"@id\":\"https:\/\/jornalfatosenoticias.com.br\/#\/schema\/logo\/image\/\"}},{\"@type\":\"Person\",\"@id\":\"https:\/\/jornalfatosenoticias.com.br\/#\/schema\/person\/d63837fa13ac8666eb9e74e0985d6f81\",\"name\":\"Luzimara Fernandes\",\"image\":{\"@type\":\"ImageObject\",\"inLanguage\":\"pt-BR\",\"@id\":\"https:\/\/jornalfatosenoticias.com.br\/#\/schema\/person\/image\/\",\"url\":\"https:\/\/jornalfatosenoticias.com.br\/wp-content\/uploads\/2025\/05\/EU_portal.jpg\",\"contentUrl\":\"https:\/\/jornalfatosenoticias.com.br\/wp-content\/uploads\/2025\/05\/EU_portal.jpg\",\"caption\":\"Luzimara Fernandes\"},\"description\":\"Jornalista MTB 2358-ES\",\"sameAs\":[\"https:\/\/jornalfatosenoticias.com.br\"],\"url\":\"https:\/\/jornalfatosenoticias.com.br\/index.php\/author\/luzimara\/\"}]}<\/script>\n<!-- \/ Yoast SEO plugin. -->","yoast_head_json":{"title":"Casa Porto recebe exposi\u00e7\u00e3o in\u00e9dita que retrata o cora\u00e7\u00e3o - Jornal Fatos e Not\u00edcias","robots":{"index":"index","follow":"follow","max-snippet":"max-snippet:-1","max-image-preview":"max-image-preview:large","max-video-preview":"max-video-preview:-1"},"canonical":"https:\/\/jornalfatosenoticias.com.br\/index.php\/2023\/11\/01\/casa-porto-recebe-exposicao-inedita-que-retrata-o-coracao\/","og_locale":"pt_BR","og_type":"article","og_title":"Casa Porto recebe exposi\u00e7\u00e3o in\u00e9dita que retrata o cora\u00e7\u00e3o - Jornal Fatos e Not\u00edcias","og_description":"Por Pedro Vargas A semana do feriad\u00e3o come\u00e7ou com exposi\u00e7\u00e3o nova na Casa Porto das Artes Pl\u00e1sticas, no Centro Hist\u00f3rico de Vit\u00f3ria. Trata-se da mostra &#8220;Pulsar&#8221;, a primeira exibi\u00e7\u00e3o individual da artista pl\u00e1stica e pesquisadora de estudos filos\u00f3ficos em teologia, Mayara Gouvea, que estreou na \u00faltima segunda-feira (30).A exposi\u00e7\u00e3o, realizada com o apoio da Secretaria [&hellip;]","og_url":"https:\/\/jornalfatosenoticias.com.br\/index.php\/2023\/11\/01\/casa-porto-recebe-exposicao-inedita-que-retrata-o-coracao\/","og_site_name":"Jornal Fatos e Not\u00edcias","article_published_time":"2023-11-01T12:15:20+00:00","article_modified_time":"2023-11-01T12:16:31+00:00","og_image":[{"width":568,"height":714,"url":"https:\/\/jornalfatosenoticias.com.br\/wp-content\/uploads\/2023\/11\/PULSAR1.jpg","type":"image\/jpeg"}],"author":"Luzimara Fernandes","twitter_card":"summary_large_image","twitter_misc":{"Escrito por":"Luzimara Fernandes","Est. tempo de leitura":"3 minutos"},"schema":{"@context":"https:\/\/schema.org","@graph":[{"@type":"Article","@id":"https:\/\/jornalfatosenoticias.com.br\/index.php\/2023\/11\/01\/casa-porto-recebe-exposicao-inedita-que-retrata-o-coracao\/#article","isPartOf":{"@id":"https:\/\/jornalfatosenoticias.com.br\/index.php\/2023\/11\/01\/casa-porto-recebe-exposicao-inedita-que-retrata-o-coracao\/"},"author":{"name":"Luzimara Fernandes","@id":"https:\/\/jornalfatosenoticias.com.br\/#\/schema\/person\/d63837fa13ac8666eb9e74e0985d6f81"},"headline":"Casa Porto recebe exposi\u00e7\u00e3o in\u00e9dita que retrata o cora\u00e7\u00e3o","datePublished":"2023-11-01T12:15:20+00:00","dateModified":"2023-11-01T12:16:31+00:00","mainEntityOfPage":{"@id":"https:\/\/jornalfatosenoticias.com.br\/index.php\/2023\/11\/01\/casa-porto-recebe-exposicao-inedita-que-retrata-o-coracao\/"},"wordCount":527,"commentCount":0,"publisher":{"@id":"https:\/\/jornalfatosenoticias.com.br\/#organization"},"image":{"@id":"https:\/\/jornalfatosenoticias.com.br\/index.php\/2023\/11\/01\/casa-porto-recebe-exposicao-inedita-que-retrata-o-coracao\/#primaryimage"},"thumbnailUrl":"https:\/\/jornalfatosenoticias.com.br\/wp-content\/uploads\/2023\/11\/PULSAR1.jpg","keywords":["Casa Porto","cora\u00e7\u00e3o","exposi\u00e7\u00e3o in\u00e9dita","Pulsar"],"articleSection":["Cultura"],"inLanguage":"pt-BR","potentialAction":[{"@type":"CommentAction","name":"Comment","target":["https:\/\/jornalfatosenoticias.com.br\/index.php\/2023\/11\/01\/casa-porto-recebe-exposicao-inedita-que-retrata-o-coracao\/#respond"]}]},{"@type":"WebPage","@id":"https:\/\/jornalfatosenoticias.com.br\/index.php\/2023\/11\/01\/casa-porto-recebe-exposicao-inedita-que-retrata-o-coracao\/","url":"https:\/\/jornalfatosenoticias.com.br\/index.php\/2023\/11\/01\/casa-porto-recebe-exposicao-inedita-que-retrata-o-coracao\/","name":"Casa Porto recebe exposi\u00e7\u00e3o in\u00e9dita que retrata o cora\u00e7\u00e3o - Jornal Fatos e Not\u00edcias","isPartOf":{"@id":"https:\/\/jornalfatosenoticias.com.br\/#website"},"primaryImageOfPage":{"@id":"https:\/\/jornalfatosenoticias.com.br\/index.php\/2023\/11\/01\/casa-porto-recebe-exposicao-inedita-que-retrata-o-coracao\/#primaryimage"},"image":{"@id":"https:\/\/jornalfatosenoticias.com.br\/index.php\/2023\/11\/01\/casa-porto-recebe-exposicao-inedita-que-retrata-o-coracao\/#primaryimage"},"thumbnailUrl":"https:\/\/jornalfatosenoticias.com.br\/wp-content\/uploads\/2023\/11\/PULSAR1.jpg","datePublished":"2023-11-01T12:15:20+00:00","dateModified":"2023-11-01T12:16:31+00:00","breadcrumb":{"@id":"https:\/\/jornalfatosenoticias.com.br\/index.php\/2023\/11\/01\/casa-porto-recebe-exposicao-inedita-que-retrata-o-coracao\/#breadcrumb"},"inLanguage":"pt-BR","potentialAction":[{"@type":"ReadAction","target":["https:\/\/jornalfatosenoticias.com.br\/index.php\/2023\/11\/01\/casa-porto-recebe-exposicao-inedita-que-retrata-o-coracao\/"]}]},{"@type":"ImageObject","inLanguage":"pt-BR","@id":"https:\/\/jornalfatosenoticias.com.br\/index.php\/2023\/11\/01\/casa-porto-recebe-exposicao-inedita-que-retrata-o-coracao\/#primaryimage","url":"https:\/\/jornalfatosenoticias.com.br\/wp-content\/uploads\/2023\/11\/PULSAR1.jpg","contentUrl":"https:\/\/jornalfatosenoticias.com.br\/wp-content\/uploads\/2023\/11\/PULSAR1.jpg","width":568,"height":714,"caption":"A mostra re\u00fane mais de 20 obras com estudo de t\u00e9cnicas art\u00edsticas diversas."},{"@type":"BreadcrumbList","@id":"https:\/\/jornalfatosenoticias.com.br\/index.php\/2023\/11\/01\/casa-porto-recebe-exposicao-inedita-que-retrata-o-coracao\/#breadcrumb","itemListElement":[{"@type":"ListItem","position":1,"name":"In\u00edcio","item":"https:\/\/jornalfatosenoticias.com.br\/"},{"@type":"ListItem","position":2,"name":"Casa Porto recebe exposi\u00e7\u00e3o in\u00e9dita que retrata o cora\u00e7\u00e3o"}]},{"@type":"WebSite","@id":"https:\/\/jornalfatosenoticias.com.br\/#website","url":"https:\/\/jornalfatosenoticias.com.br\/","name":"Jornal Fatos e Not\u00edcias","description":"Not\u00edcias em geral","publisher":{"@id":"https:\/\/jornalfatosenoticias.com.br\/#organization"},"potentialAction":[{"@type":"SearchAction","target":{"@type":"EntryPoint","urlTemplate":"https:\/\/jornalfatosenoticias.com.br\/?s={search_term_string}"},"query-input":{"@type":"PropertyValueSpecification","valueRequired":true,"valueName":"search_term_string"}}],"inLanguage":"pt-BR"},{"@type":"Organization","@id":"https:\/\/jornalfatosenoticias.com.br\/#organization","name":"Jornal Fatos e Not\u00edcias","url":"https:\/\/jornalfatosenoticias.com.br\/","logo":{"@type":"ImageObject","inLanguage":"pt-BR","@id":"https:\/\/jornalfatosenoticias.com.br\/#\/schema\/logo\/image\/","url":"https:\/\/jornalfatosenoticias.com.br\/wp-content\/uploads\/2020\/02\/logo120.png","contentUrl":"https:\/\/jornalfatosenoticias.com.br\/wp-content\/uploads\/2020\/02\/logo120.png","width":1227,"height":120,"caption":"Jornal Fatos e Not\u00edcias"},"image":{"@id":"https:\/\/jornalfatosenoticias.com.br\/#\/schema\/logo\/image\/"}},{"@type":"Person","@id":"https:\/\/jornalfatosenoticias.com.br\/#\/schema\/person\/d63837fa13ac8666eb9e74e0985d6f81","name":"Luzimara Fernandes","image":{"@type":"ImageObject","inLanguage":"pt-BR","@id":"https:\/\/jornalfatosenoticias.com.br\/#\/schema\/person\/image\/","url":"https:\/\/jornalfatosenoticias.com.br\/wp-content\/uploads\/2025\/05\/EU_portal.jpg","contentUrl":"https:\/\/jornalfatosenoticias.com.br\/wp-content\/uploads\/2025\/05\/EU_portal.jpg","caption":"Luzimara Fernandes"},"description":"Jornalista MTB 2358-ES","sameAs":["https:\/\/jornalfatosenoticias.com.br"],"url":"https:\/\/jornalfatosenoticias.com.br\/index.php\/author\/luzimara\/"}]}},"cc_featured_image_caption":{"caption_text":"(Foto: Divulga\u00e7\u00e3o\/PMV) ","source_text":"","source_url":""},"jetpack_featured_media_url":"https:\/\/jornalfatosenoticias.com.br\/wp-content\/uploads\/2023\/11\/PULSAR1.jpg","_links":{"self":[{"href":"https:\/\/jornalfatosenoticias.com.br\/index.php\/wp-json\/wp\/v2\/posts\/46522","targetHints":{"allow":["GET"]}}],"collection":[{"href":"https:\/\/jornalfatosenoticias.com.br\/index.php\/wp-json\/wp\/v2\/posts"}],"about":[{"href":"https:\/\/jornalfatosenoticias.com.br\/index.php\/wp-json\/wp\/v2\/types\/post"}],"author":[{"embeddable":true,"href":"https:\/\/jornalfatosenoticias.com.br\/index.php\/wp-json\/wp\/v2\/users\/2"}],"replies":[{"embeddable":true,"href":"https:\/\/jornalfatosenoticias.com.br\/index.php\/wp-json\/wp\/v2\/comments?post=46522"}],"version-history":[{"count":0,"href":"https:\/\/jornalfatosenoticias.com.br\/index.php\/wp-json\/wp\/v2\/posts\/46522\/revisions"}],"wp:featuredmedia":[{"embeddable":true,"href":"https:\/\/jornalfatosenoticias.com.br\/index.php\/wp-json\/wp\/v2\/media\/46526"}],"wp:attachment":[{"href":"https:\/\/jornalfatosenoticias.com.br\/index.php\/wp-json\/wp\/v2\/media?parent=46522"}],"wp:term":[{"taxonomy":"category","embeddable":true,"href":"https:\/\/jornalfatosenoticias.com.br\/index.php\/wp-json\/wp\/v2\/categories?post=46522"},{"taxonomy":"post_tag","embeddable":true,"href":"https:\/\/jornalfatosenoticias.com.br\/index.php\/wp-json\/wp\/v2\/tags?post=46522"}],"curies":[{"name":"wp","href":"https:\/\/api.w.org\/{rel}","templated":true}]}}