{"id":46533,"date":"2023-11-01T09:35:03","date_gmt":"2023-11-01T12:35:03","guid":{"rendered":"https:\/\/jornalfatosenoticias.com.br\/?p=46533"},"modified":"2023-11-01T09:35:04","modified_gmt":"2023-11-01T12:35:04","slug":"familia-parceira-da-escola-sos-educacao-lanca-livro-com-dicas-para-os-pais","status":"publish","type":"post","link":"https:\/\/jornalfatosenoticias.com.br\/index.php\/2023\/11\/01\/familia-parceira-da-escola-sos-educacao-lanca-livro-com-dicas-para-os-pais\/","title":{"rendered":"Fam\u00edlia parceira da escola: SOS Educa\u00e7\u00e3o lan\u00e7a livro com dicas para os pais"},"content":{"rendered":"\n<p><span class=\"has-inline-color has-black-color\"><em>O guia traz dicas e refor\u00e7a que ajustes na rotina familiar podem trazer impactos positivos na aprendizagem dos estudantes<\/em><\/span><\/p>\n\n\n\n<div class=\"wp-block-image\"><figure class=\"aligncenter size-large is-resized\"><img loading=\"lazy\" decoding=\"async\" src=\"https:\/\/jornalfatosenoticias.com.br\/wp-content\/uploads\/2023\/09\/vetorvix1024_1.jpg\" alt=\"\" class=\"wp-image-44868\" width=\"393\" height=\"104\" srcset=\"https:\/\/jornalfatosenoticias.com.br\/wp-content\/uploads\/2023\/09\/vetorvix1024_1.jpg 1024w, https:\/\/jornalfatosenoticias.com.br\/wp-content\/uploads\/2023\/09\/vetorvix1024_1-300x80.jpg 300w, https:\/\/jornalfatosenoticias.com.br\/wp-content\/uploads\/2023\/09\/vetorvix1024_1-768x205.jpg 768w\" sizes=\"auto, (max-width: 393px) 100vw, 393px\" \/><\/figure><\/div>\n\n\n\n<p>O <em><span class=\"has-inline-color has-black-color\">Guia para fam\u00edlia parceira da escola no p\u00f3s-pandemia<\/span><\/em> tem como objetivo oferecer aos pais e respons\u00e1veis por crian\u00e7as e adolescentes em idade escolar, desde a educa\u00e7\u00e3o infantil at\u00e9 o final do ensino m\u00e9dio, sugest\u00f5es de pequenos ajustes na rotina da fam\u00edlia que trazem alto impacto no envolvimento e motiva\u00e7\u00e3o dos filhos para a conviv\u00eancia social na escola e para os estudos.<br>O coquetel de lan\u00e7amento aconteceu em 30 de outubro, \u00e0s 19 horas, na Livraria da Vila do Shopping JK Iguatemi, SP, e contou com a presen\u00e7a das autoras Roberta e Ta\u00eds Bento, educadoras, fundadoras do SOS Educa\u00e7\u00e3o, especialistas na rela\u00e7\u00e3o fam\u00edlia-escola e membras do conselho acad\u00eamico da Universidade Simon Frasier, no Canad\u00e1.<\/p>\n\n\n\n<div class=\"wp-block-image\"><figure class=\"aligncenter size-large\"><img loading=\"lazy\" decoding=\"async\" width=\"300\" height=\"250\" src=\"https:\/\/jornalfatosenoticias.com.br\/wp-content\/uploads\/2020\/02\/Banner-2.png\" alt=\"\" class=\"wp-image-43787\"\/><\/figure><\/div>\n\n\n\n<p>Como equilibrar o uso de telas, hora da li\u00e7\u00e3o de casa e relacionamento com os colegas s\u00e3o apresentados de forma pr\u00e1tica e com linguagem simples no livro. As estrat\u00e9gias sugeridas \u00e0s fam\u00edlias t\u00eam sua base em pesquisas recentes sobre motiva\u00e7\u00e3o para os estudos, aprendizagem baseada no funcionamento do c\u00e9rebro e da neuroci\u00eancia cognitiva: tr\u00eas \u00e1reas \u00e0s quais as autoras dedicaram anos de estudos, aliadas aos mais de 40 anos de experi\u00eancia na educa\u00e7\u00e3o, que juntas m\u00e3e e filha somam.<\/p>\n\n\n\n<div class=\"wp-block-image\"><figure class=\"aligncenter size-large is-resized\"><img loading=\"lazy\" decoding=\"async\" src=\"https:\/\/jornalfatosenoticias.com.br\/wp-content\/uploads\/2023\/07\/lacremoda.jpg\" alt=\"\" class=\"wp-image-43706\" width=\"333\" height=\"186\" srcset=\"https:\/\/jornalfatosenoticias.com.br\/wp-content\/uploads\/2023\/07\/lacremoda.jpg 1024w, https:\/\/jornalfatosenoticias.com.br\/wp-content\/uploads\/2023\/07\/lacremoda-300x168.jpg 300w, https:\/\/jornalfatosenoticias.com.br\/wp-content\/uploads\/2023\/07\/lacremoda-768x431.jpg 768w\" sizes=\"auto, (max-width: 333px) 100vw, 333px\" \/><\/figure><\/div>\n\n\n\n<p>N\u00e3o \u00e9 o objetivo do livro apresentar essas pesquisas, nem tampouco trazer conceitos te\u00f3ricos da educa\u00e7\u00e3o. Ao contr\u00e1rio, a linguagem simples, pr\u00e1tica e objetiva escolhida para o livro \u00e9 intencional, pensada para tornar a leitura leve e as estrat\u00e9gias de aplica\u00e7\u00e3o simples no dia a dia t\u00e3o atribulado e corrido das fam\u00edlias.<\/p>\n\n\n\n<div class=\"wp-block-image\"><figure class=\"aligncenter size-large is-resized\"><img loading=\"lazy\" decoding=\"async\" src=\"https:\/\/jornalfatosenoticias.com.br\/wp-content\/uploads\/2023\/08\/ITH.jpeg\" alt=\"\" class=\"wp-image-44638\" width=\"331\" height=\"268\" srcset=\"https:\/\/jornalfatosenoticias.com.br\/wp-content\/uploads\/2023\/08\/ITH.jpeg 800w, https:\/\/jornalfatosenoticias.com.br\/wp-content\/uploads\/2023\/08\/ITH-300x244.jpeg 300w, https:\/\/jornalfatosenoticias.com.br\/wp-content\/uploads\/2023\/08\/ITH-768x624.jpeg 768w\" sizes=\"auto, (max-width: 331px) 100vw, 331px\" \/><\/figure><\/div>\n\n\n\n<p>O livro leva, aos pais e respons\u00e1veis por crian\u00e7as e adolescentes em idade escolar, estrat\u00e9gias de simples aplica\u00e7\u00e3o no dia a dia em fam\u00edlia com o intuito de refletir no desempenho dos alunos na escola. As dicas envolvem desde a hora da refei\u00e7\u00e3o at\u00e9 a import\u00e2ncia de compartilhar tarefas dom\u00e9sticas, pois tudo isso interfere na motiva\u00e7\u00e3o e no desempenho escolar dos estudantes desde muito pequenos.<\/p>\n\n\n\n<div class=\"wp-block-image\"><figure class=\"aligncenter size-large is-resized\"><img loading=\"lazy\" decoding=\"async\" src=\"https:\/\/jornalfatosenoticias.com.br\/wp-content\/uploads\/2023\/08\/LOGO-BLU-COMERCIAL-PRETO-1024x600.jpg\" alt=\"\" class=\"wp-image-44053\" width=\"352\" height=\"206\"\/><\/figure><\/div>\n\n\n\n<p>Al\u00e9m de contribuir no cotidiano das fam\u00edlias, o <em><span class=\"has-inline-color has-black-color\">Guia para a fam\u00edlia parceira da escola<\/span> <\/em>tamb\u00e9m ajudar\u00e1 nos projetos de educa\u00e7\u00e3o de crian\u00e7as e jovens atendidos pelo Instituto Ayrton Senna, j\u00e1 que parte da renda ser\u00e1 revertida para a institui\u00e7\u00e3o.<\/p>\n\n\n\n<p><em><strong><a href=\"https:\/\/guiadafamilia.pinguepongueeducacao.com.br\/\" target=\"_blank\" rel=\"noreferrer noopener\">Clique aqui<\/a><\/strong><\/em> para comprar o livro.<\/p>\n\n\n\n<p><strong><em>Fonte: <a href=\"https:\/\/revistaeducacao.com.br\/2023\/10\/30\/guia-familia-parceira-da-escola\/\">Revista Educa\u00e7\u00e3o<\/a><\/em><\/strong><\/p>\n","protected":false},"excerpt":{"rendered":"<p>O guia traz dicas e refor\u00e7a que ajustes na rotina familiar podem trazer impactos positivos na aprendizagem dos estudantes O Guia para fam\u00edlia parceira da escola no p\u00f3s-pandemia tem como objetivo oferecer aos pais e respons\u00e1veis por crian\u00e7as e adolescentes em idade escolar, desde a educa\u00e7\u00e3o infantil at\u00e9 o final do ensino m\u00e9dio, sugest\u00f5es de [&hellip;]<\/p>\n","protected":false},"author":2,"featured_media":46534,"comment_status":"open","ping_status":"open","sticky":false,"template":"","format":"standard","meta":{"footnotes":""},"categories":[7],"tags":[411,21869,21870,408,21871],"class_list":["post-46533","post","type-post","status-publish","format-standard","has-post-thumbnail","hentry","category-educacao","tag-educacao-basica","tag-familia-e-escola","tag-guia-familia-e-escola","tag-instituto-ayrton-senna","tag-sos-educacao"],"yoast_head":"<!-- This site is optimized with the Yoast SEO plugin v26.5 - https:\/\/yoast.com\/wordpress\/plugins\/seo\/ -->\n<title>Fam\u00edlia parceira da escola: SOS Educa\u00e7\u00e3o lan\u00e7a livro com dicas para os pais - Jornal Fatos e Not\u00edcias<\/title>\n<meta name=\"robots\" content=\"index, follow, max-snippet:-1, max-image-preview:large, max-video-preview:-1\" \/>\n<link rel=\"canonical\" href=\"https:\/\/jornalfatosenoticias.com.br\/index.php\/2023\/11\/01\/familia-parceira-da-escola-sos-educacao-lanca-livro-com-dicas-para-os-pais\/\" \/>\n<meta property=\"og:locale\" content=\"pt_BR\" \/>\n<meta property=\"og:type\" content=\"article\" \/>\n<meta property=\"og:title\" content=\"Fam\u00edlia parceira da escola: SOS Educa\u00e7\u00e3o lan\u00e7a livro com dicas para os pais - Jornal Fatos e Not\u00edcias\" \/>\n<meta property=\"og:description\" content=\"O guia traz dicas e refor\u00e7a que ajustes na rotina familiar podem trazer impactos positivos na aprendizagem dos estudantes O Guia para fam\u00edlia parceira da escola no p\u00f3s-pandemia tem como objetivo oferecer aos pais e respons\u00e1veis por crian\u00e7as e adolescentes em idade escolar, desde a educa\u00e7\u00e3o infantil at\u00e9 o final do ensino m\u00e9dio, sugest\u00f5es de [&hellip;]\" \/>\n<meta property=\"og:url\" content=\"https:\/\/jornalfatosenoticias.com.br\/index.php\/2023\/11\/01\/familia-parceira-da-escola-sos-educacao-lanca-livro-com-dicas-para-os-pais\/\" \/>\n<meta property=\"og:site_name\" content=\"Jornal Fatos e Not\u00edcias\" \/>\n<meta property=\"article:published_time\" content=\"2023-11-01T12:35:03+00:00\" \/>\n<meta property=\"article:modified_time\" content=\"2023-11-01T12:35:04+00:00\" \/>\n<meta property=\"og:image\" content=\"https:\/\/jornalfatosenoticias.com.br\/wp-content\/uploads\/2023\/11\/Familia-parceira-da-escola_SOS-Educacao_2.png\" \/>\n\t<meta property=\"og:image:width\" content=\"750\" \/>\n\t<meta property=\"og:image:height\" content=\"380\" \/>\n\t<meta property=\"og:image:type\" content=\"image\/png\" \/>\n<meta name=\"author\" content=\"Luzimara Fernandes\" \/>\n<meta name=\"twitter:card\" content=\"summary_large_image\" \/>\n<meta name=\"twitter:label1\" content=\"Escrito por\" \/>\n\t<meta name=\"twitter:data1\" content=\"Luzimara Fernandes\" \/>\n\t<meta name=\"twitter:label2\" content=\"Est. tempo de leitura\" \/>\n\t<meta name=\"twitter:data2\" content=\"2 minutos\" \/>\n<script type=\"application\/ld+json\" class=\"yoast-schema-graph\">{\"@context\":\"https:\/\/schema.org\",\"@graph\":[{\"@type\":\"Article\",\"@id\":\"https:\/\/jornalfatosenoticias.com.br\/index.php\/2023\/11\/01\/familia-parceira-da-escola-sos-educacao-lanca-livro-com-dicas-para-os-pais\/#article\",\"isPartOf\":{\"@id\":\"https:\/\/jornalfatosenoticias.com.br\/index.php\/2023\/11\/01\/familia-parceira-da-escola-sos-educacao-lanca-livro-com-dicas-para-os-pais\/\"},\"author\":{\"name\":\"Luzimara Fernandes\",\"@id\":\"https:\/\/jornalfatosenoticias.com.br\/#\/schema\/person\/d63837fa13ac8666eb9e74e0985d6f81\"},\"headline\":\"Fam\u00edlia parceira da escola: SOS Educa\u00e7\u00e3o lan\u00e7a livro com dicas para os pais\",\"datePublished\":\"2023-11-01T12:35:03+00:00\",\"dateModified\":\"2023-11-01T12:35:04+00:00\",\"mainEntityOfPage\":{\"@id\":\"https:\/\/jornalfatosenoticias.com.br\/index.php\/2023\/11\/01\/familia-parceira-da-escola-sos-educacao-lanca-livro-com-dicas-para-os-pais\/\"},\"wordCount\":446,\"commentCount\":0,\"publisher\":{\"@id\":\"https:\/\/jornalfatosenoticias.com.br\/#organization\"},\"image\":{\"@id\":\"https:\/\/jornalfatosenoticias.com.br\/index.php\/2023\/11\/01\/familia-parceira-da-escola-sos-educacao-lanca-livro-com-dicas-para-os-pais\/#primaryimage\"},\"thumbnailUrl\":\"https:\/\/jornalfatosenoticias.com.br\/wp-content\/uploads\/2023\/11\/Familia-parceira-da-escola_SOS-Educacao_2.png\",\"keywords\":[\"educa\u00e7\u00e3o b\u00e1sica\",\"fam\u00edlia e escola\",\"Guia Fam\u00edlia e Escola\",\"Instituto Ayrton Senna\",\"SOS Educa\u00e7\u00e3o\"],\"articleSection\":[\"Educa\u00e7\u00e3o\"],\"inLanguage\":\"pt-BR\",\"potentialAction\":[{\"@type\":\"CommentAction\",\"name\":\"Comment\",\"target\":[\"https:\/\/jornalfatosenoticias.com.br\/index.php\/2023\/11\/01\/familia-parceira-da-escola-sos-educacao-lanca-livro-com-dicas-para-os-pais\/#respond\"]}]},{\"@type\":\"WebPage\",\"@id\":\"https:\/\/jornalfatosenoticias.com.br\/index.php\/2023\/11\/01\/familia-parceira-da-escola-sos-educacao-lanca-livro-com-dicas-para-os-pais\/\",\"url\":\"https:\/\/jornalfatosenoticias.com.br\/index.php\/2023\/11\/01\/familia-parceira-da-escola-sos-educacao-lanca-livro-com-dicas-para-os-pais\/\",\"name\":\"Fam\u00edlia parceira da escola: SOS Educa\u00e7\u00e3o lan\u00e7a livro com dicas para os pais - Jornal Fatos e Not\u00edcias\",\"isPartOf\":{\"@id\":\"https:\/\/jornalfatosenoticias.com.br\/#website\"},\"primaryImageOfPage\":{\"@id\":\"https:\/\/jornalfatosenoticias.com.br\/index.php\/2023\/11\/01\/familia-parceira-da-escola-sos-educacao-lanca-livro-com-dicas-para-os-pais\/#primaryimage\"},\"image\":{\"@id\":\"https:\/\/jornalfatosenoticias.com.br\/index.php\/2023\/11\/01\/familia-parceira-da-escola-sos-educacao-lanca-livro-com-dicas-para-os-pais\/#primaryimage\"},\"thumbnailUrl\":\"https:\/\/jornalfatosenoticias.com.br\/wp-content\/uploads\/2023\/11\/Familia-parceira-da-escola_SOS-Educacao_2.png\",\"datePublished\":\"2023-11-01T12:35:03+00:00\",\"dateModified\":\"2023-11-01T12:35:04+00:00\",\"breadcrumb\":{\"@id\":\"https:\/\/jornalfatosenoticias.com.br\/index.php\/2023\/11\/01\/familia-parceira-da-escola-sos-educacao-lanca-livro-com-dicas-para-os-pais\/#breadcrumb\"},\"inLanguage\":\"pt-BR\",\"potentialAction\":[{\"@type\":\"ReadAction\",\"target\":[\"https:\/\/jornalfatosenoticias.com.br\/index.php\/2023\/11\/01\/familia-parceira-da-escola-sos-educacao-lanca-livro-com-dicas-para-os-pais\/\"]}]},{\"@type\":\"ImageObject\",\"inLanguage\":\"pt-BR\",\"@id\":\"https:\/\/jornalfatosenoticias.com.br\/index.php\/2023\/11\/01\/familia-parceira-da-escola-sos-educacao-lanca-livro-com-dicas-para-os-pais\/#primaryimage\",\"url\":\"https:\/\/jornalfatosenoticias.com.br\/wp-content\/uploads\/2023\/11\/Familia-parceira-da-escola_SOS-Educacao_2.png\",\"contentUrl\":\"https:\/\/jornalfatosenoticias.com.br\/wp-content\/uploads\/2023\/11\/Familia-parceira-da-escola_SOS-Educacao_2.png\",\"width\":750,\"height\":380},{\"@type\":\"BreadcrumbList\",\"@id\":\"https:\/\/jornalfatosenoticias.com.br\/index.php\/2023\/11\/01\/familia-parceira-da-escola-sos-educacao-lanca-livro-com-dicas-para-os-pais\/#breadcrumb\",\"itemListElement\":[{\"@type\":\"ListItem\",\"position\":1,\"name\":\"In\u00edcio\",\"item\":\"https:\/\/jornalfatosenoticias.com.br\/\"},{\"@type\":\"ListItem\",\"position\":2,\"name\":\"Fam\u00edlia parceira da escola: SOS Educa\u00e7\u00e3o lan\u00e7a livro com dicas para os pais\"}]},{\"@type\":\"WebSite\",\"@id\":\"https:\/\/jornalfatosenoticias.com.br\/#website\",\"url\":\"https:\/\/jornalfatosenoticias.com.br\/\",\"name\":\"Jornal Fatos e Not\u00edcias\",\"description\":\"Not\u00edcias em geral\",\"publisher\":{\"@id\":\"https:\/\/jornalfatosenoticias.com.br\/#organization\"},\"potentialAction\":[{\"@type\":\"SearchAction\",\"target\":{\"@type\":\"EntryPoint\",\"urlTemplate\":\"https:\/\/jornalfatosenoticias.com.br\/?s={search_term_string}\"},\"query-input\":{\"@type\":\"PropertyValueSpecification\",\"valueRequired\":true,\"valueName\":\"search_term_string\"}}],\"inLanguage\":\"pt-BR\"},{\"@type\":\"Organization\",\"@id\":\"https:\/\/jornalfatosenoticias.com.br\/#organization\",\"name\":\"Jornal Fatos e Not\u00edcias\",\"url\":\"https:\/\/jornalfatosenoticias.com.br\/\",\"logo\":{\"@type\":\"ImageObject\",\"inLanguage\":\"pt-BR\",\"@id\":\"https:\/\/jornalfatosenoticias.com.br\/#\/schema\/logo\/image\/\",\"url\":\"https:\/\/jornalfatosenoticias.com.br\/wp-content\/uploads\/2020\/02\/logo120.png\",\"contentUrl\":\"https:\/\/jornalfatosenoticias.com.br\/wp-content\/uploads\/2020\/02\/logo120.png\",\"width\":1227,\"height\":120,\"caption\":\"Jornal Fatos e Not\u00edcias\"},\"image\":{\"@id\":\"https:\/\/jornalfatosenoticias.com.br\/#\/schema\/logo\/image\/\"}},{\"@type\":\"Person\",\"@id\":\"https:\/\/jornalfatosenoticias.com.br\/#\/schema\/person\/d63837fa13ac8666eb9e74e0985d6f81\",\"name\":\"Luzimara Fernandes\",\"image\":{\"@type\":\"ImageObject\",\"inLanguage\":\"pt-BR\",\"@id\":\"https:\/\/jornalfatosenoticias.com.br\/#\/schema\/person\/image\/\",\"url\":\"https:\/\/jornalfatosenoticias.com.br\/wp-content\/uploads\/2025\/05\/EU_portal.jpg\",\"contentUrl\":\"https:\/\/jornalfatosenoticias.com.br\/wp-content\/uploads\/2025\/05\/EU_portal.jpg\",\"caption\":\"Luzimara Fernandes\"},\"description\":\"Jornalista MTB 2358-ES\",\"sameAs\":[\"https:\/\/jornalfatosenoticias.com.br\"],\"url\":\"https:\/\/jornalfatosenoticias.com.br\/index.php\/author\/luzimara\/\"}]}<\/script>\n<!-- \/ Yoast SEO plugin. -->","yoast_head_json":{"title":"Fam\u00edlia parceira da escola: SOS Educa\u00e7\u00e3o lan\u00e7a livro com dicas para os pais - Jornal Fatos e Not\u00edcias","robots":{"index":"index","follow":"follow","max-snippet":"max-snippet:-1","max-image-preview":"max-image-preview:large","max-video-preview":"max-video-preview:-1"},"canonical":"https:\/\/jornalfatosenoticias.com.br\/index.php\/2023\/11\/01\/familia-parceira-da-escola-sos-educacao-lanca-livro-com-dicas-para-os-pais\/","og_locale":"pt_BR","og_type":"article","og_title":"Fam\u00edlia parceira da escola: SOS Educa\u00e7\u00e3o lan\u00e7a livro com dicas para os pais - Jornal Fatos e Not\u00edcias","og_description":"O guia traz dicas e refor\u00e7a que ajustes na rotina familiar podem trazer impactos positivos na aprendizagem dos estudantes O Guia para fam\u00edlia parceira da escola no p\u00f3s-pandemia tem como objetivo oferecer aos pais e respons\u00e1veis por crian\u00e7as e adolescentes em idade escolar, desde a educa\u00e7\u00e3o infantil at\u00e9 o final do ensino m\u00e9dio, sugest\u00f5es de [&hellip;]","og_url":"https:\/\/jornalfatosenoticias.com.br\/index.php\/2023\/11\/01\/familia-parceira-da-escola-sos-educacao-lanca-livro-com-dicas-para-os-pais\/","og_site_name":"Jornal Fatos e Not\u00edcias","article_published_time":"2023-11-01T12:35:03+00:00","article_modified_time":"2023-11-01T12:35:04+00:00","og_image":[{"width":750,"height":380,"url":"https:\/\/jornalfatosenoticias.com.br\/wp-content\/uploads\/2023\/11\/Familia-parceira-da-escola_SOS-Educacao_2.png","type":"image\/png"}],"author":"Luzimara Fernandes","twitter_card":"summary_large_image","twitter_misc":{"Escrito por":"Luzimara Fernandes","Est. tempo de leitura":"2 minutos"},"schema":{"@context":"https:\/\/schema.org","@graph":[{"@type":"Article","@id":"https:\/\/jornalfatosenoticias.com.br\/index.php\/2023\/11\/01\/familia-parceira-da-escola-sos-educacao-lanca-livro-com-dicas-para-os-pais\/#article","isPartOf":{"@id":"https:\/\/jornalfatosenoticias.com.br\/index.php\/2023\/11\/01\/familia-parceira-da-escola-sos-educacao-lanca-livro-com-dicas-para-os-pais\/"},"author":{"name":"Luzimara Fernandes","@id":"https:\/\/jornalfatosenoticias.com.br\/#\/schema\/person\/d63837fa13ac8666eb9e74e0985d6f81"},"headline":"Fam\u00edlia parceira da escola: SOS Educa\u00e7\u00e3o lan\u00e7a livro com dicas para os pais","datePublished":"2023-11-01T12:35:03+00:00","dateModified":"2023-11-01T12:35:04+00:00","mainEntityOfPage":{"@id":"https:\/\/jornalfatosenoticias.com.br\/index.php\/2023\/11\/01\/familia-parceira-da-escola-sos-educacao-lanca-livro-com-dicas-para-os-pais\/"},"wordCount":446,"commentCount":0,"publisher":{"@id":"https:\/\/jornalfatosenoticias.com.br\/#organization"},"image":{"@id":"https:\/\/jornalfatosenoticias.com.br\/index.php\/2023\/11\/01\/familia-parceira-da-escola-sos-educacao-lanca-livro-com-dicas-para-os-pais\/#primaryimage"},"thumbnailUrl":"https:\/\/jornalfatosenoticias.com.br\/wp-content\/uploads\/2023\/11\/Familia-parceira-da-escola_SOS-Educacao_2.png","keywords":["educa\u00e7\u00e3o b\u00e1sica","fam\u00edlia e escola","Guia Fam\u00edlia e Escola","Instituto Ayrton Senna","SOS Educa\u00e7\u00e3o"],"articleSection":["Educa\u00e7\u00e3o"],"inLanguage":"pt-BR","potentialAction":[{"@type":"CommentAction","name":"Comment","target":["https:\/\/jornalfatosenoticias.com.br\/index.php\/2023\/11\/01\/familia-parceira-da-escola-sos-educacao-lanca-livro-com-dicas-para-os-pais\/#respond"]}]},{"@type":"WebPage","@id":"https:\/\/jornalfatosenoticias.com.br\/index.php\/2023\/11\/01\/familia-parceira-da-escola-sos-educacao-lanca-livro-com-dicas-para-os-pais\/","url":"https:\/\/jornalfatosenoticias.com.br\/index.php\/2023\/11\/01\/familia-parceira-da-escola-sos-educacao-lanca-livro-com-dicas-para-os-pais\/","name":"Fam\u00edlia parceira da escola: SOS Educa\u00e7\u00e3o lan\u00e7a livro com dicas para os pais - Jornal Fatos e Not\u00edcias","isPartOf":{"@id":"https:\/\/jornalfatosenoticias.com.br\/#website"},"primaryImageOfPage":{"@id":"https:\/\/jornalfatosenoticias.com.br\/index.php\/2023\/11\/01\/familia-parceira-da-escola-sos-educacao-lanca-livro-com-dicas-para-os-pais\/#primaryimage"},"image":{"@id":"https:\/\/jornalfatosenoticias.com.br\/index.php\/2023\/11\/01\/familia-parceira-da-escola-sos-educacao-lanca-livro-com-dicas-para-os-pais\/#primaryimage"},"thumbnailUrl":"https:\/\/jornalfatosenoticias.com.br\/wp-content\/uploads\/2023\/11\/Familia-parceira-da-escola_SOS-Educacao_2.png","datePublished":"2023-11-01T12:35:03+00:00","dateModified":"2023-11-01T12:35:04+00:00","breadcrumb":{"@id":"https:\/\/jornalfatosenoticias.com.br\/index.php\/2023\/11\/01\/familia-parceira-da-escola-sos-educacao-lanca-livro-com-dicas-para-os-pais\/#breadcrumb"},"inLanguage":"pt-BR","potentialAction":[{"@type":"ReadAction","target":["https:\/\/jornalfatosenoticias.com.br\/index.php\/2023\/11\/01\/familia-parceira-da-escola-sos-educacao-lanca-livro-com-dicas-para-os-pais\/"]}]},{"@type":"ImageObject","inLanguage":"pt-BR","@id":"https:\/\/jornalfatosenoticias.com.br\/index.php\/2023\/11\/01\/familia-parceira-da-escola-sos-educacao-lanca-livro-com-dicas-para-os-pais\/#primaryimage","url":"https:\/\/jornalfatosenoticias.com.br\/wp-content\/uploads\/2023\/11\/Familia-parceira-da-escola_SOS-Educacao_2.png","contentUrl":"https:\/\/jornalfatosenoticias.com.br\/wp-content\/uploads\/2023\/11\/Familia-parceira-da-escola_SOS-Educacao_2.png","width":750,"height":380},{"@type":"BreadcrumbList","@id":"https:\/\/jornalfatosenoticias.com.br\/index.php\/2023\/11\/01\/familia-parceira-da-escola-sos-educacao-lanca-livro-com-dicas-para-os-pais\/#breadcrumb","itemListElement":[{"@type":"ListItem","position":1,"name":"In\u00edcio","item":"https:\/\/jornalfatosenoticias.com.br\/"},{"@type":"ListItem","position":2,"name":"Fam\u00edlia parceira da escola: SOS Educa\u00e7\u00e3o lan\u00e7a livro com dicas para os pais"}]},{"@type":"WebSite","@id":"https:\/\/jornalfatosenoticias.com.br\/#website","url":"https:\/\/jornalfatosenoticias.com.br\/","name":"Jornal Fatos e Not\u00edcias","description":"Not\u00edcias em geral","publisher":{"@id":"https:\/\/jornalfatosenoticias.com.br\/#organization"},"potentialAction":[{"@type":"SearchAction","target":{"@type":"EntryPoint","urlTemplate":"https:\/\/jornalfatosenoticias.com.br\/?s={search_term_string}"},"query-input":{"@type":"PropertyValueSpecification","valueRequired":true,"valueName":"search_term_string"}}],"inLanguage":"pt-BR"},{"@type":"Organization","@id":"https:\/\/jornalfatosenoticias.com.br\/#organization","name":"Jornal Fatos e Not\u00edcias","url":"https:\/\/jornalfatosenoticias.com.br\/","logo":{"@type":"ImageObject","inLanguage":"pt-BR","@id":"https:\/\/jornalfatosenoticias.com.br\/#\/schema\/logo\/image\/","url":"https:\/\/jornalfatosenoticias.com.br\/wp-content\/uploads\/2020\/02\/logo120.png","contentUrl":"https:\/\/jornalfatosenoticias.com.br\/wp-content\/uploads\/2020\/02\/logo120.png","width":1227,"height":120,"caption":"Jornal Fatos e Not\u00edcias"},"image":{"@id":"https:\/\/jornalfatosenoticias.com.br\/#\/schema\/logo\/image\/"}},{"@type":"Person","@id":"https:\/\/jornalfatosenoticias.com.br\/#\/schema\/person\/d63837fa13ac8666eb9e74e0985d6f81","name":"Luzimara Fernandes","image":{"@type":"ImageObject","inLanguage":"pt-BR","@id":"https:\/\/jornalfatosenoticias.com.br\/#\/schema\/person\/image\/","url":"https:\/\/jornalfatosenoticias.com.br\/wp-content\/uploads\/2025\/05\/EU_portal.jpg","contentUrl":"https:\/\/jornalfatosenoticias.com.br\/wp-content\/uploads\/2025\/05\/EU_portal.jpg","caption":"Luzimara Fernandes"},"description":"Jornalista MTB 2358-ES","sameAs":["https:\/\/jornalfatosenoticias.com.br"],"url":"https:\/\/jornalfatosenoticias.com.br\/index.php\/author\/luzimara\/"}]}},"cc_featured_image_caption":{"caption_text":"(Foto: Divulga\u00e7\u00e3o) ","source_text":"","source_url":""},"jetpack_featured_media_url":"https:\/\/jornalfatosenoticias.com.br\/wp-content\/uploads\/2023\/11\/Familia-parceira-da-escola_SOS-Educacao_2.png","_links":{"self":[{"href":"https:\/\/jornalfatosenoticias.com.br\/index.php\/wp-json\/wp\/v2\/posts\/46533","targetHints":{"allow":["GET"]}}],"collection":[{"href":"https:\/\/jornalfatosenoticias.com.br\/index.php\/wp-json\/wp\/v2\/posts"}],"about":[{"href":"https:\/\/jornalfatosenoticias.com.br\/index.php\/wp-json\/wp\/v2\/types\/post"}],"author":[{"embeddable":true,"href":"https:\/\/jornalfatosenoticias.com.br\/index.php\/wp-json\/wp\/v2\/users\/2"}],"replies":[{"embeddable":true,"href":"https:\/\/jornalfatosenoticias.com.br\/index.php\/wp-json\/wp\/v2\/comments?post=46533"}],"version-history":[{"count":0,"href":"https:\/\/jornalfatosenoticias.com.br\/index.php\/wp-json\/wp\/v2\/posts\/46533\/revisions"}],"wp:featuredmedia":[{"embeddable":true,"href":"https:\/\/jornalfatosenoticias.com.br\/index.php\/wp-json\/wp\/v2\/media\/46534"}],"wp:attachment":[{"href":"https:\/\/jornalfatosenoticias.com.br\/index.php\/wp-json\/wp\/v2\/media?parent=46533"}],"wp:term":[{"taxonomy":"category","embeddable":true,"href":"https:\/\/jornalfatosenoticias.com.br\/index.php\/wp-json\/wp\/v2\/categories?post=46533"},{"taxonomy":"post_tag","embeddable":true,"href":"https:\/\/jornalfatosenoticias.com.br\/index.php\/wp-json\/wp\/v2\/tags?post=46533"}],"curies":[{"name":"wp","href":"https:\/\/api.w.org\/{rel}","templated":true}]}}