{"id":46536,"date":"2023-11-01T09:42:28","date_gmt":"2023-11-01T12:42:28","guid":{"rendered":"https:\/\/jornalfatosenoticias.com.br\/?p=46536"},"modified":"2023-11-01T09:42:31","modified_gmt":"2023-11-01T12:42:31","slug":"idosos-com-parkinson-podem-praticar-exercicios","status":"publish","type":"post","link":"https:\/\/jornalfatosenoticias.com.br\/index.php\/2023\/11\/01\/idosos-com-parkinson-podem-praticar-exercicios\/","title":{"rendered":"Idosos com Parkinson podem praticar exerc\u00edcios"},"content":{"rendered":"\n<p><em><span class=\"has-inline-color has-black-color\">Especialista aponta dicas para manter uma rotina saud\u00e1vel para os idosos com Parkinson e explica como os exerc\u00edcios os beneficiam<\/span><\/em><\/p>\n\n\n\n<p><em><span class=\"has-inline-color has-black-color\">Por <strong>Ana Paula Ferreira<\/strong><\/span><\/em><\/p>\n\n\n\n<div class=\"wp-block-image\"><figure class=\"aligncenter size-large\"><img loading=\"lazy\" decoding=\"async\" width=\"729\" height=\"90\" src=\"https:\/\/jornalfatosenoticias.com.br\/wp-content\/uploads\/2020\/02\/Logo_Mizu.png\" alt=\"\" class=\"wp-image-1441\" srcset=\"https:\/\/jornalfatosenoticias.com.br\/wp-content\/uploads\/2020\/02\/Logo_Mizu.png 729w, https:\/\/jornalfatosenoticias.com.br\/wp-content\/uploads\/2020\/02\/Logo_Mizu-300x37.png 300w\" sizes=\"auto, (max-width: 729px) 100vw, 729px\" \/><\/figure><\/div>\n\n\n\n<p>Os exerc\u00edcios f\u00edsicos podem ser grandes aliados dos idosos com Parkinson, uma vez que eles auxiliam no tratamento e promovem melhor qualidade de vida para as pessoas acometidas pela doen\u00e7a. De acordo com a Organiza\u00e7\u00e3o Mundial da Sa\u00fade, cerca de 1% da popula\u00e7\u00e3o mundial \u00e9 acometida pelo quadro, que consiste em uma degenera\u00e7\u00e3o do sistema nervoso central, que \u00e9 cr\u00f4nica e progressiva. Essa condi\u00e7\u00e3o apresenta um sintoma muito caracter\u00edstico: o tremor, que acarreta em um maior grau de dificuldade na realiza\u00e7\u00e3o de tarefas, comprometendo a autonomia do idoso.<br>Diante disso, os exerc\u00edcios v\u00eam sendo cada vez mais aceito como parte fundamental do tratamento, incluindo atividades aer\u00f3bicas, treino de equil\u00edbrio, alongamento e for\u00e7a. <\/p>\n\n\n\n<div class=\"wp-block-image\"><figure class=\"aligncenter size-large is-resized\"><img loading=\"lazy\" decoding=\"async\" src=\"https:\/\/jornalfatosenoticias.com.br\/wp-content\/uploads\/2022\/10\/Arte-jornal-Zucchi-600x600_Prancheta-1-1024x1024.jpg\" alt=\"\" class=\"wp-image-34782\" width=\"288\" height=\"288\" srcset=\"https:\/\/jornalfatosenoticias.com.br\/wp-content\/uploads\/2022\/10\/Arte-jornal-Zucchi-600x600_Prancheta-1-1024x1024.jpg 1024w, https:\/\/jornalfatosenoticias.com.br\/wp-content\/uploads\/2022\/10\/Arte-jornal-Zucchi-600x600_Prancheta-1-300x300.jpg 300w, https:\/\/jornalfatosenoticias.com.br\/wp-content\/uploads\/2022\/10\/Arte-jornal-Zucchi-600x600_Prancheta-1-150x150.jpg 150w, https:\/\/jornalfatosenoticias.com.br\/wp-content\/uploads\/2022\/10\/Arte-jornal-Zucchi-600x600_Prancheta-1-768x768.jpg 768w, https:\/\/jornalfatosenoticias.com.br\/wp-content\/uploads\/2022\/10\/Arte-jornal-Zucchi-600x600_Prancheta-1.jpg 1250w\" sizes=\"auto, (max-width: 288px) 100vw, 288px\" \/><\/figure><\/div>\n\n\n\n<p><strong><span class=\"has-inline-color has-black-color\">Praticar atividades f\u00edsicas, mesmo que de baixo impacto, pode ajudar idosos com Parkinson das seguintes formas:<br><\/span><\/strong>\u279c Melhora da postura e equil\u00edbrio;<br>\u279c Melhora o caminhar;<br>\u279c Diminui\u00e7\u00e3o dos tremores t\u00edpicos do quadro;<br>\u279c Aumento da velocidade e coordena\u00e7\u00e3o motora;<br>\u279c Aumento da flexibilidade e for\u00e7a;<br>\u279c Preserva\u00e7\u00e3o da massa \u00f3ssea e muscular;<br>\u279c Diminui\u00e7\u00e3o da progress\u00e3o da doen\u00e7a.<\/p>\n\n\n\n<div class=\"wp-block-image\"><figure class=\"aligncenter size-large is-resized\"><img loading=\"lazy\" decoding=\"async\" src=\"https:\/\/jornalfatosenoticias.com.br\/wp-content\/uploads\/2023\/03\/nova-logo-Marquetti.jpg\" alt=\"\" class=\"wp-image-40207\" width=\"296\" height=\"199\" srcset=\"https:\/\/jornalfatosenoticias.com.br\/wp-content\/uploads\/2023\/03\/nova-logo-Marquetti.jpg 643w, https:\/\/jornalfatosenoticias.com.br\/wp-content\/uploads\/2023\/03\/nova-logo-Marquetti-300x202.jpg 300w\" sizes=\"auto, (max-width: 296px) 100vw, 296px\" \/><\/figure><\/div>\n\n\n\n<p>De acordo com Jana\u00edna Rosa, coordenadora t\u00e9cnica da Home Angels, rede de cuidadores de pessoas supervisionadas, os benef\u00edcios dos exerc\u00edcios para idosos com Parkinson envolvem n\u00e3o s\u00f3 a parte f\u00edsica, como a emocional. <\/p>\n\n\n\n<div class=\"wp-block-image\"><figure class=\"aligncenter size-large\"><img decoding=\"async\" src=\"https:\/\/jornalfatosenoticias.com.br\/wp-content\/uploads\/2020\/02\/logo_esteio.jpg\" alt=\"\" class=\"wp-image-1214\"\/><\/figure><\/div>\n\n\n\n<blockquote class=\"wp-block-quote is-layout-flow wp-block-quote-is-layout-flow\"><p><span class=\"has-inline-color has-luminous-vivid-orange-color\">A atividade f\u00edsica traz para esse assistido um est\u00edmulo a mais, que age diretamente em seu humor&#8221;, ela explica. E continua: &#8220;uma dica \u00e9 priorizar atividades f\u00edsicas feitas em grupo, pois essa \u00e9 tamb\u00e9m uma oportunidade de manter um ciclo social ativo para esse idoso, j\u00e1 que interagir com outras pessoas pode servir como um est\u00edmulo mais para a const\u00e2ncia&#8221;.<\/span><\/p><\/blockquote>\n\n\n\n<div class=\"wp-block-image\"><figure class=\"aligncenter size-large\"><img decoding=\"async\" src=\"https:\/\/jornalfatosenoticias.com.br\/wp-content\/uploads\/2020\/02\/barao-das-carnes-300x164-1.jpg\" alt=\"\" class=\"wp-image-34339\"\/><\/figure><\/div>\n\n\n\n<p>Vale ressaltar, contudo, que antes de iniciar qualquer atividade nova, \u00e9 necess\u00e1ria uma avalia\u00e7\u00e3o, que deve ser feita por um especialista preparado para identificar condi\u00e7\u00f5es cl\u00ednicas que podem interferir na seguran\u00e7a e desempenho desse idoso. J\u00e1 para auxiliar a fam\u00edlia nesse processo, a profissional afirma que o acompanhamento especializado pode ser um grande aliado.<\/p>\n\n\n\n<div class=\"wp-block-image\"><figure class=\"aligncenter size-large\"><img loading=\"lazy\" decoding=\"async\" width=\"300\" height=\"250\" src=\"https:\/\/jornalfatosenoticias.com.br\/wp-content\/uploads\/2022\/08\/arte-Casarao.jpg\" alt=\"\" class=\"wp-image-33178\"\/><\/figure><\/div>\n\n\n\n<blockquote class=\"wp-block-quote is-layout-flow wp-block-quote-is-layout-flow\"><p><span class=\"has-inline-color has-luminous-vivid-orange-color\">O Parkinson traz alguns desafios di\u00e1rios e a presen\u00e7a de um cuidador de idosos capacitado contribui significativamente com os familiares e faz toda a diferen\u00e7a na rotina de cuidados. Por ser um profissional especializado, cabe a ele a responsabilidade pela administra\u00e7\u00e3o correta dos medicamentos, assist\u00eancia na locomo\u00e7\u00e3o, alimenta\u00e7\u00e3o, acompanhamento dos exerc\u00edcios e diversas outras atividades&#8221;, completa a coordenadora t\u00e9cnica.<\/span><\/p><\/blockquote>\n\n\n\n<div class=\"wp-block-image\"><figure class=\"aligncenter size-large is-resized\"><img loading=\"lazy\" decoding=\"async\" src=\"https:\/\/jornalfatosenoticias.com.br\/wp-content\/uploads\/2023\/03\/logo-Panper_portal.jpg\" alt=\"\" class=\"wp-image-40208\" width=\"355\" height=\"246\" srcset=\"https:\/\/jornalfatosenoticias.com.br\/wp-content\/uploads\/2023\/03\/logo-Panper_portal.jpg 400w, https:\/\/jornalfatosenoticias.com.br\/wp-content\/uploads\/2023\/03\/logo-Panper_portal-300x208.jpg 300w\" sizes=\"auto, (max-width: 355px) 100vw, 355px\" \/><\/figure><\/div>\n\n\n\n<p><strong><em>Fonte: <a href=\"https:\/\/www.terra.com.br\/vida-e-estilo\/saude\/idosos-com-parkinson-podem-praticar-exercicios-profissional-explica,fd5a232ea2d1f728e1648028bbf57aee16kr44be.html\">Terra<\/a><\/em><\/strong><\/p>\n","protected":false},"excerpt":{"rendered":"<p>Especialista aponta dicas para manter uma rotina saud\u00e1vel para os idosos com Parkinson e explica como os exerc\u00edcios os beneficiam Por Ana Paula Ferreira Os exerc\u00edcios f\u00edsicos podem ser grandes aliados dos idosos com Parkinson, uma vez que eles auxiliam no tratamento e promovem melhor qualidade de vida para as pessoas acometidas pela doen\u00e7a. De [&hellip;]<\/p>\n","protected":false},"author":2,"featured_media":46537,"comment_status":"open","ping_status":"open","sticky":false,"template":"","format":"standard","meta":{"footnotes":""},"categories":[42],"tags":[850,3709,21872,21873],"class_list":["post-46536","post","type-post","status-publish","format-standard","has-post-thumbnail","hentry","category-bem-estar","tag-idosos","tag-parkinson","tag-praticar-exercicios","tag-rotina-saudavel-para-os-idosos"],"yoast_head":"<!-- This site is optimized with the Yoast SEO plugin v26.5 - https:\/\/yoast.com\/wordpress\/plugins\/seo\/ -->\n<title>Idosos com Parkinson podem praticar exerc\u00edcios - Jornal Fatos e Not\u00edcias<\/title>\n<meta name=\"robots\" content=\"index, follow, max-snippet:-1, max-image-preview:large, max-video-preview:-1\" \/>\n<link rel=\"canonical\" href=\"https:\/\/jornalfatosenoticias.com.br\/index.php\/2023\/11\/01\/idosos-com-parkinson-podem-praticar-exercicios\/\" \/>\n<meta property=\"og:locale\" content=\"pt_BR\" \/>\n<meta property=\"og:type\" content=\"article\" \/>\n<meta property=\"og:title\" content=\"Idosos com Parkinson podem praticar exerc\u00edcios - Jornal Fatos e Not\u00edcias\" \/>\n<meta property=\"og:description\" content=\"Especialista aponta dicas para manter uma rotina saud\u00e1vel para os idosos com Parkinson e explica como os exerc\u00edcios os beneficiam Por Ana Paula Ferreira Os exerc\u00edcios f\u00edsicos podem ser grandes aliados dos idosos com Parkinson, uma vez que eles auxiliam no tratamento e promovem melhor qualidade de vida para as pessoas acometidas pela doen\u00e7a. De [&hellip;]\" \/>\n<meta property=\"og:url\" content=\"https:\/\/jornalfatosenoticias.com.br\/index.php\/2023\/11\/01\/idosos-com-parkinson-podem-praticar-exercicios\/\" \/>\n<meta property=\"og:site_name\" content=\"Jornal Fatos e Not\u00edcias\" \/>\n<meta property=\"article:published_time\" content=\"2023-11-01T12:42:28+00:00\" \/>\n<meta property=\"article:modified_time\" content=\"2023-11-01T12:42:31+00:00\" \/>\n<meta property=\"og:image\" content=\"https:\/\/jornalfatosenoticias.com.br\/wp-content\/uploads\/2023\/11\/Idosos-com-Parkinson-podem-praticar-exercicios.jpg\" \/>\n\t<meta property=\"og:image:width\" content=\"612\" \/>\n\t<meta property=\"og:image:height\" content=\"408\" \/>\n\t<meta property=\"og:image:type\" content=\"image\/jpeg\" \/>\n<meta name=\"author\" content=\"Luzimara Fernandes\" \/>\n<meta name=\"twitter:card\" content=\"summary_large_image\" \/>\n<meta name=\"twitter:label1\" content=\"Escrito por\" \/>\n\t<meta name=\"twitter:data1\" content=\"Luzimara Fernandes\" \/>\n\t<meta name=\"twitter:label2\" content=\"Est. tempo de leitura\" \/>\n\t<meta name=\"twitter:data2\" content=\"2 minutos\" \/>\n<script type=\"application\/ld+json\" class=\"yoast-schema-graph\">{\"@context\":\"https:\/\/schema.org\",\"@graph\":[{\"@type\":\"Article\",\"@id\":\"https:\/\/jornalfatosenoticias.com.br\/index.php\/2023\/11\/01\/idosos-com-parkinson-podem-praticar-exercicios\/#article\",\"isPartOf\":{\"@id\":\"https:\/\/jornalfatosenoticias.com.br\/index.php\/2023\/11\/01\/idosos-com-parkinson-podem-praticar-exercicios\/\"},\"author\":{\"name\":\"Luzimara Fernandes\",\"@id\":\"https:\/\/jornalfatosenoticias.com.br\/#\/schema\/person\/d63837fa13ac8666eb9e74e0985d6f81\"},\"headline\":\"Idosos com Parkinson podem praticar exerc\u00edcios\",\"datePublished\":\"2023-11-01T12:42:28+00:00\",\"dateModified\":\"2023-11-01T12:42:31+00:00\",\"mainEntityOfPage\":{\"@id\":\"https:\/\/jornalfatosenoticias.com.br\/index.php\/2023\/11\/01\/idosos-com-parkinson-podem-praticar-exercicios\/\"},\"wordCount\":452,\"commentCount\":0,\"publisher\":{\"@id\":\"https:\/\/jornalfatosenoticias.com.br\/#organization\"},\"image\":{\"@id\":\"https:\/\/jornalfatosenoticias.com.br\/index.php\/2023\/11\/01\/idosos-com-parkinson-podem-praticar-exercicios\/#primaryimage\"},\"thumbnailUrl\":\"https:\/\/jornalfatosenoticias.com.br\/wp-content\/uploads\/2023\/11\/Idosos-com-Parkinson-podem-praticar-exercicios.jpg\",\"keywords\":[\"idosos\",\"Parkinson\",\"praticar exerc\u00edcios\",\"rotina saud\u00e1vel para os idosos\"],\"articleSection\":[\"Bem-estar\"],\"inLanguage\":\"pt-BR\",\"potentialAction\":[{\"@type\":\"CommentAction\",\"name\":\"Comment\",\"target\":[\"https:\/\/jornalfatosenoticias.com.br\/index.php\/2023\/11\/01\/idosos-com-parkinson-podem-praticar-exercicios\/#respond\"]}]},{\"@type\":\"WebPage\",\"@id\":\"https:\/\/jornalfatosenoticias.com.br\/index.php\/2023\/11\/01\/idosos-com-parkinson-podem-praticar-exercicios\/\",\"url\":\"https:\/\/jornalfatosenoticias.com.br\/index.php\/2023\/11\/01\/idosos-com-parkinson-podem-praticar-exercicios\/\",\"name\":\"Idosos com Parkinson podem praticar exerc\u00edcios - Jornal Fatos e Not\u00edcias\",\"isPartOf\":{\"@id\":\"https:\/\/jornalfatosenoticias.com.br\/#website\"},\"primaryImageOfPage\":{\"@id\":\"https:\/\/jornalfatosenoticias.com.br\/index.php\/2023\/11\/01\/idosos-com-parkinson-podem-praticar-exercicios\/#primaryimage\"},\"image\":{\"@id\":\"https:\/\/jornalfatosenoticias.com.br\/index.php\/2023\/11\/01\/idosos-com-parkinson-podem-praticar-exercicios\/#primaryimage\"},\"thumbnailUrl\":\"https:\/\/jornalfatosenoticias.com.br\/wp-content\/uploads\/2023\/11\/Idosos-com-Parkinson-podem-praticar-exercicios.jpg\",\"datePublished\":\"2023-11-01T12:42:28+00:00\",\"dateModified\":\"2023-11-01T12:42:31+00:00\",\"breadcrumb\":{\"@id\":\"https:\/\/jornalfatosenoticias.com.br\/index.php\/2023\/11\/01\/idosos-com-parkinson-podem-praticar-exercicios\/#breadcrumb\"},\"inLanguage\":\"pt-BR\",\"potentialAction\":[{\"@type\":\"ReadAction\",\"target\":[\"https:\/\/jornalfatosenoticias.com.br\/index.php\/2023\/11\/01\/idosos-com-parkinson-podem-praticar-exercicios\/\"]}]},{\"@type\":\"ImageObject\",\"inLanguage\":\"pt-BR\",\"@id\":\"https:\/\/jornalfatosenoticias.com.br\/index.php\/2023\/11\/01\/idosos-com-parkinson-podem-praticar-exercicios\/#primaryimage\",\"url\":\"https:\/\/jornalfatosenoticias.com.br\/wp-content\/uploads\/2023\/11\/Idosos-com-Parkinson-podem-praticar-exercicios.jpg\",\"contentUrl\":\"https:\/\/jornalfatosenoticias.com.br\/wp-content\/uploads\/2023\/11\/Idosos-com-Parkinson-podem-praticar-exercicios.jpg\",\"width\":612,\"height\":408,\"caption\":\"Happy elders exercising together on rehabilitation at the gym room\"},{\"@type\":\"BreadcrumbList\",\"@id\":\"https:\/\/jornalfatosenoticias.com.br\/index.php\/2023\/11\/01\/idosos-com-parkinson-podem-praticar-exercicios\/#breadcrumb\",\"itemListElement\":[{\"@type\":\"ListItem\",\"position\":1,\"name\":\"In\u00edcio\",\"item\":\"https:\/\/jornalfatosenoticias.com.br\/\"},{\"@type\":\"ListItem\",\"position\":2,\"name\":\"Idosos com Parkinson podem praticar exerc\u00edcios\"}]},{\"@type\":\"WebSite\",\"@id\":\"https:\/\/jornalfatosenoticias.com.br\/#website\",\"url\":\"https:\/\/jornalfatosenoticias.com.br\/\",\"name\":\"Jornal Fatos e Not\u00edcias\",\"description\":\"Not\u00edcias em geral\",\"publisher\":{\"@id\":\"https:\/\/jornalfatosenoticias.com.br\/#organization\"},\"potentialAction\":[{\"@type\":\"SearchAction\",\"target\":{\"@type\":\"EntryPoint\",\"urlTemplate\":\"https:\/\/jornalfatosenoticias.com.br\/?s={search_term_string}\"},\"query-input\":{\"@type\":\"PropertyValueSpecification\",\"valueRequired\":true,\"valueName\":\"search_term_string\"}}],\"inLanguage\":\"pt-BR\"},{\"@type\":\"Organization\",\"@id\":\"https:\/\/jornalfatosenoticias.com.br\/#organization\",\"name\":\"Jornal Fatos e Not\u00edcias\",\"url\":\"https:\/\/jornalfatosenoticias.com.br\/\",\"logo\":{\"@type\":\"ImageObject\",\"inLanguage\":\"pt-BR\",\"@id\":\"https:\/\/jornalfatosenoticias.com.br\/#\/schema\/logo\/image\/\",\"url\":\"https:\/\/jornalfatosenoticias.com.br\/wp-content\/uploads\/2020\/02\/logo120.png\",\"contentUrl\":\"https:\/\/jornalfatosenoticias.com.br\/wp-content\/uploads\/2020\/02\/logo120.png\",\"width\":1227,\"height\":120,\"caption\":\"Jornal Fatos e Not\u00edcias\"},\"image\":{\"@id\":\"https:\/\/jornalfatosenoticias.com.br\/#\/schema\/logo\/image\/\"}},{\"@type\":\"Person\",\"@id\":\"https:\/\/jornalfatosenoticias.com.br\/#\/schema\/person\/d63837fa13ac8666eb9e74e0985d6f81\",\"name\":\"Luzimara Fernandes\",\"image\":{\"@type\":\"ImageObject\",\"inLanguage\":\"pt-BR\",\"@id\":\"https:\/\/jornalfatosenoticias.com.br\/#\/schema\/person\/image\/\",\"url\":\"https:\/\/jornalfatosenoticias.com.br\/wp-content\/uploads\/2025\/05\/EU_portal.jpg\",\"contentUrl\":\"https:\/\/jornalfatosenoticias.com.br\/wp-content\/uploads\/2025\/05\/EU_portal.jpg\",\"caption\":\"Luzimara Fernandes\"},\"description\":\"Jornalista MTB 2358-ES\",\"sameAs\":[\"https:\/\/jornalfatosenoticias.com.br\"],\"url\":\"https:\/\/jornalfatosenoticias.com.br\/index.php\/author\/luzimara\/\"}]}<\/script>\n<!-- \/ Yoast SEO plugin. -->","yoast_head_json":{"title":"Idosos com Parkinson podem praticar exerc\u00edcios - Jornal Fatos e Not\u00edcias","robots":{"index":"index","follow":"follow","max-snippet":"max-snippet:-1","max-image-preview":"max-image-preview:large","max-video-preview":"max-video-preview:-1"},"canonical":"https:\/\/jornalfatosenoticias.com.br\/index.php\/2023\/11\/01\/idosos-com-parkinson-podem-praticar-exercicios\/","og_locale":"pt_BR","og_type":"article","og_title":"Idosos com Parkinson podem praticar exerc\u00edcios - Jornal Fatos e Not\u00edcias","og_description":"Especialista aponta dicas para manter uma rotina saud\u00e1vel para os idosos com Parkinson e explica como os exerc\u00edcios os beneficiam Por Ana Paula Ferreira Os exerc\u00edcios f\u00edsicos podem ser grandes aliados dos idosos com Parkinson, uma vez que eles auxiliam no tratamento e promovem melhor qualidade de vida para as pessoas acometidas pela doen\u00e7a. De [&hellip;]","og_url":"https:\/\/jornalfatosenoticias.com.br\/index.php\/2023\/11\/01\/idosos-com-parkinson-podem-praticar-exercicios\/","og_site_name":"Jornal Fatos e Not\u00edcias","article_published_time":"2023-11-01T12:42:28+00:00","article_modified_time":"2023-11-01T12:42:31+00:00","og_image":[{"width":612,"height":408,"url":"https:\/\/jornalfatosenoticias.com.br\/wp-content\/uploads\/2023\/11\/Idosos-com-Parkinson-podem-praticar-exercicios.jpg","type":"image\/jpeg"}],"author":"Luzimara Fernandes","twitter_card":"summary_large_image","twitter_misc":{"Escrito por":"Luzimara Fernandes","Est. tempo de leitura":"2 minutos"},"schema":{"@context":"https:\/\/schema.org","@graph":[{"@type":"Article","@id":"https:\/\/jornalfatosenoticias.com.br\/index.php\/2023\/11\/01\/idosos-com-parkinson-podem-praticar-exercicios\/#article","isPartOf":{"@id":"https:\/\/jornalfatosenoticias.com.br\/index.php\/2023\/11\/01\/idosos-com-parkinson-podem-praticar-exercicios\/"},"author":{"name":"Luzimara Fernandes","@id":"https:\/\/jornalfatosenoticias.com.br\/#\/schema\/person\/d63837fa13ac8666eb9e74e0985d6f81"},"headline":"Idosos com Parkinson podem praticar exerc\u00edcios","datePublished":"2023-11-01T12:42:28+00:00","dateModified":"2023-11-01T12:42:31+00:00","mainEntityOfPage":{"@id":"https:\/\/jornalfatosenoticias.com.br\/index.php\/2023\/11\/01\/idosos-com-parkinson-podem-praticar-exercicios\/"},"wordCount":452,"commentCount":0,"publisher":{"@id":"https:\/\/jornalfatosenoticias.com.br\/#organization"},"image":{"@id":"https:\/\/jornalfatosenoticias.com.br\/index.php\/2023\/11\/01\/idosos-com-parkinson-podem-praticar-exercicios\/#primaryimage"},"thumbnailUrl":"https:\/\/jornalfatosenoticias.com.br\/wp-content\/uploads\/2023\/11\/Idosos-com-Parkinson-podem-praticar-exercicios.jpg","keywords":["idosos","Parkinson","praticar exerc\u00edcios","rotina saud\u00e1vel para os idosos"],"articleSection":["Bem-estar"],"inLanguage":"pt-BR","potentialAction":[{"@type":"CommentAction","name":"Comment","target":["https:\/\/jornalfatosenoticias.com.br\/index.php\/2023\/11\/01\/idosos-com-parkinson-podem-praticar-exercicios\/#respond"]}]},{"@type":"WebPage","@id":"https:\/\/jornalfatosenoticias.com.br\/index.php\/2023\/11\/01\/idosos-com-parkinson-podem-praticar-exercicios\/","url":"https:\/\/jornalfatosenoticias.com.br\/index.php\/2023\/11\/01\/idosos-com-parkinson-podem-praticar-exercicios\/","name":"Idosos com Parkinson podem praticar exerc\u00edcios - Jornal Fatos e Not\u00edcias","isPartOf":{"@id":"https:\/\/jornalfatosenoticias.com.br\/#website"},"primaryImageOfPage":{"@id":"https:\/\/jornalfatosenoticias.com.br\/index.php\/2023\/11\/01\/idosos-com-parkinson-podem-praticar-exercicios\/#primaryimage"},"image":{"@id":"https:\/\/jornalfatosenoticias.com.br\/index.php\/2023\/11\/01\/idosos-com-parkinson-podem-praticar-exercicios\/#primaryimage"},"thumbnailUrl":"https:\/\/jornalfatosenoticias.com.br\/wp-content\/uploads\/2023\/11\/Idosos-com-Parkinson-podem-praticar-exercicios.jpg","datePublished":"2023-11-01T12:42:28+00:00","dateModified":"2023-11-01T12:42:31+00:00","breadcrumb":{"@id":"https:\/\/jornalfatosenoticias.com.br\/index.php\/2023\/11\/01\/idosos-com-parkinson-podem-praticar-exercicios\/#breadcrumb"},"inLanguage":"pt-BR","potentialAction":[{"@type":"ReadAction","target":["https:\/\/jornalfatosenoticias.com.br\/index.php\/2023\/11\/01\/idosos-com-parkinson-podem-praticar-exercicios\/"]}]},{"@type":"ImageObject","inLanguage":"pt-BR","@id":"https:\/\/jornalfatosenoticias.com.br\/index.php\/2023\/11\/01\/idosos-com-parkinson-podem-praticar-exercicios\/#primaryimage","url":"https:\/\/jornalfatosenoticias.com.br\/wp-content\/uploads\/2023\/11\/Idosos-com-Parkinson-podem-praticar-exercicios.jpg","contentUrl":"https:\/\/jornalfatosenoticias.com.br\/wp-content\/uploads\/2023\/11\/Idosos-com-Parkinson-podem-praticar-exercicios.jpg","width":612,"height":408,"caption":"Happy elders exercising together on rehabilitation at the gym room"},{"@type":"BreadcrumbList","@id":"https:\/\/jornalfatosenoticias.com.br\/index.php\/2023\/11\/01\/idosos-com-parkinson-podem-praticar-exercicios\/#breadcrumb","itemListElement":[{"@type":"ListItem","position":1,"name":"In\u00edcio","item":"https:\/\/jornalfatosenoticias.com.br\/"},{"@type":"ListItem","position":2,"name":"Idosos com Parkinson podem praticar exerc\u00edcios"}]},{"@type":"WebSite","@id":"https:\/\/jornalfatosenoticias.com.br\/#website","url":"https:\/\/jornalfatosenoticias.com.br\/","name":"Jornal Fatos e Not\u00edcias","description":"Not\u00edcias em geral","publisher":{"@id":"https:\/\/jornalfatosenoticias.com.br\/#organization"},"potentialAction":[{"@type":"SearchAction","target":{"@type":"EntryPoint","urlTemplate":"https:\/\/jornalfatosenoticias.com.br\/?s={search_term_string}"},"query-input":{"@type":"PropertyValueSpecification","valueRequired":true,"valueName":"search_term_string"}}],"inLanguage":"pt-BR"},{"@type":"Organization","@id":"https:\/\/jornalfatosenoticias.com.br\/#organization","name":"Jornal Fatos e Not\u00edcias","url":"https:\/\/jornalfatosenoticias.com.br\/","logo":{"@type":"ImageObject","inLanguage":"pt-BR","@id":"https:\/\/jornalfatosenoticias.com.br\/#\/schema\/logo\/image\/","url":"https:\/\/jornalfatosenoticias.com.br\/wp-content\/uploads\/2020\/02\/logo120.png","contentUrl":"https:\/\/jornalfatosenoticias.com.br\/wp-content\/uploads\/2020\/02\/logo120.png","width":1227,"height":120,"caption":"Jornal Fatos e Not\u00edcias"},"image":{"@id":"https:\/\/jornalfatosenoticias.com.br\/#\/schema\/logo\/image\/"}},{"@type":"Person","@id":"https:\/\/jornalfatosenoticias.com.br\/#\/schema\/person\/d63837fa13ac8666eb9e74e0985d6f81","name":"Luzimara Fernandes","image":{"@type":"ImageObject","inLanguage":"pt-BR","@id":"https:\/\/jornalfatosenoticias.com.br\/#\/schema\/person\/image\/","url":"https:\/\/jornalfatosenoticias.com.br\/wp-content\/uploads\/2025\/05\/EU_portal.jpg","contentUrl":"https:\/\/jornalfatosenoticias.com.br\/wp-content\/uploads\/2025\/05\/EU_portal.jpg","caption":"Luzimara Fernandes"},"description":"Jornalista MTB 2358-ES","sameAs":["https:\/\/jornalfatosenoticias.com.br"],"url":"https:\/\/jornalfatosenoticias.com.br\/index.php\/author\/luzimara\/"}]}},"cc_featured_image_caption":{"caption_text":"(Foto: iStock) ","source_text":"","source_url":""},"jetpack_featured_media_url":"https:\/\/jornalfatosenoticias.com.br\/wp-content\/uploads\/2023\/11\/Idosos-com-Parkinson-podem-praticar-exercicios.jpg","_links":{"self":[{"href":"https:\/\/jornalfatosenoticias.com.br\/index.php\/wp-json\/wp\/v2\/posts\/46536","targetHints":{"allow":["GET"]}}],"collection":[{"href":"https:\/\/jornalfatosenoticias.com.br\/index.php\/wp-json\/wp\/v2\/posts"}],"about":[{"href":"https:\/\/jornalfatosenoticias.com.br\/index.php\/wp-json\/wp\/v2\/types\/post"}],"author":[{"embeddable":true,"href":"https:\/\/jornalfatosenoticias.com.br\/index.php\/wp-json\/wp\/v2\/users\/2"}],"replies":[{"embeddable":true,"href":"https:\/\/jornalfatosenoticias.com.br\/index.php\/wp-json\/wp\/v2\/comments?post=46536"}],"version-history":[{"count":0,"href":"https:\/\/jornalfatosenoticias.com.br\/index.php\/wp-json\/wp\/v2\/posts\/46536\/revisions"}],"wp:featuredmedia":[{"embeddable":true,"href":"https:\/\/jornalfatosenoticias.com.br\/index.php\/wp-json\/wp\/v2\/media\/46537"}],"wp:attachment":[{"href":"https:\/\/jornalfatosenoticias.com.br\/index.php\/wp-json\/wp\/v2\/media?parent=46536"}],"wp:term":[{"taxonomy":"category","embeddable":true,"href":"https:\/\/jornalfatosenoticias.com.br\/index.php\/wp-json\/wp\/v2\/categories?post=46536"},{"taxonomy":"post_tag","embeddable":true,"href":"https:\/\/jornalfatosenoticias.com.br\/index.php\/wp-json\/wp\/v2\/tags?post=46536"}],"curies":[{"name":"wp","href":"https:\/\/api.w.org\/{rel}","templated":true}]}}