{"id":46591,"date":"2023-11-02T15:55:22","date_gmt":"2023-11-02T18:55:22","guid":{"rendered":"https:\/\/jornalfatosenoticias.com.br\/?p=46591"},"modified":"2023-11-02T15:55:23","modified_gmt":"2023-11-02T18:55:23","slug":"a-semana-em-brasilia-e-no-es-lula-sanciona-projeto-que-destina-recursos-para-obras-inacabadas","status":"publish","type":"post","link":"https:\/\/jornalfatosenoticias.com.br\/index.php\/2023\/11\/02\/a-semana-em-brasilia-e-no-es-lula-sanciona-projeto-que-destina-recursos-para-obras-inacabadas\/","title":{"rendered":"A Semana em Bras\u00edlia e no ES \u2014 Lula sanciona projeto que destina recursos para obras inacabadas"},"content":{"rendered":"\n<p>Lula sancionou sem vetos nesta quarta (1\u00ba) o projeto de PL das Obras Inacabadas. O trata de repasse de novos recurso para retomada de obras de obras de infraestrutura. Participaram da reuni\u00e3o os ministros Camilo Santana (Educa\u00e7\u00e3o), Rui Costa (Casa Civil), Paulo Pimenta (Comunica\u00e7\u00e3o), M\u00e1rcio Macedo (Chefe da Secretaria-Geral), e Margareth Menezes (Cultural). Tamb\u00e9m estava presente o secret\u00e1rio executivo do minist\u00e9rio da Sa\u00fade, Swedenberger Barbosa, e o senador Randolfe Rodrigues (Rede-AP). S\u00e3o contempladas 11.151 obras em todo o Pa\u00eds e estabelecido prazo para conclus\u00e3o de 24 meses, prorrog\u00e1veis por igual per\u00edodo. <strong>(Fonte: O Antagonista)<\/strong><\/p>\n\n\n\n<div class=\"wp-block-image\"><figure class=\"aligncenter size-large\"><img loading=\"lazy\" decoding=\"async\" width=\"300\" height=\"250\" src=\"https:\/\/jornalfatosenoticias.com.br\/wp-content\/uploads\/2022\/08\/arte-Casarao.jpg\" alt=\"\" class=\"wp-image-33178\"\/><\/figure><\/div>\n\n\n\n<hr class=\"wp-block-separator\"\/>\n\n\n\n<h3 class=\"wp-block-heading\"><span class=\"has-inline-color has-black-color\">Magno Malta destaca debate sobre legaliza\u00e7\u00e3o de drogas feito pela CCJ<\/span><\/h3>\n\n\n\n<div class=\"wp-block-image\"><figure class=\"aligncenter size-large\"><img loading=\"lazy\" decoding=\"async\" width=\"860\" height=\"570\" src=\"https:\/\/jornalfatosenoticias.com.br\/wp-content\/uploads\/2023\/11\/magno-malta.jpg\" alt=\"\" class=\"wp-image-46598\" srcset=\"https:\/\/jornalfatosenoticias.com.br\/wp-content\/uploads\/2023\/11\/magno-malta.jpg 860w, https:\/\/jornalfatosenoticias.com.br\/wp-content\/uploads\/2023\/11\/magno-malta-300x199.jpg 300w, https:\/\/jornalfatosenoticias.com.br\/wp-content\/uploads\/2023\/11\/magno-malta-768x509.jpg 768w\" sizes=\"auto, (max-width: 860px) 100vw, 860px\" \/><figcaption><em><span class=\"has-inline-color has-black-color\">(Foto: Waldemir Barreto\/Ag\u00eancia Senado)<\/span><\/em><\/figcaption><\/figure><\/div>\n\n\n\n<p>Em pronunciamento na ter\u00e7a-feira (31), o senador Magno Malta (PL-ES) destacou audi\u00eancia p\u00fablica da Comiss\u00e3o de Constitui\u00e7\u00e3o, Justi\u00e7a e Cidadania (CCJ), ocorrida na mesma ter\u00e7a, sobre a proposta de emenda \u00e0 Constitui\u00e7\u00e3o que criminaliza o porte ou posse de qualquer quantidade de droga. A PEC 45\/2023 \u00e9 de autoria do senador Rodrigo Pacheco (PSD-MG), presidente do Senado, e o debate foi requerido pelo relator da mat\u00e9ria, senador Efraim Filho (Uni\u00e3o-PB), que conduziu a reuni\u00e3o.<\/p>\n\n\n\n<div class=\"wp-block-image\"><figure class=\"aligncenter size-large\"><img decoding=\"async\" src=\"https:\/\/jornalfatosenoticias.com.br\/wp-content\/uploads\/2020\/02\/logo_esteio.jpg\" alt=\"\" class=\"wp-image-1214\"\/><\/figure><\/div>\n\n\n\n<p>Malta considerou importantes os debatedores, ressaltando que o colegiado se preocupou em convidar pessoas favor\u00e1veis e contr\u00e1rias \u00e0 legaliza\u00e7\u00e3o das drogas. Para o parlamentar, o mais relevante \u00e9 o fato de o Senado assumir sua fun\u00e7\u00e3o de discutir a tem\u00e1tica.<\/p>\n\n\n\n<div class=\"wp-block-image\"><figure class=\"aligncenter size-large\"><img decoding=\"async\" src=\"https:\/\/jornalfatosenoticias.com.br\/wp-content\/uploads\/2020\/02\/barao-das-carnes-300x164-1.jpg\" alt=\"\" class=\"wp-image-34339\"\/><\/figure><\/div>\n\n\n\n<p>&#8220;A coisa mais importante a ser debatida nessa proposta \u00e9 o fato de o Senado tomar de volta o seu papel. O papel \u00e9 do Senado, \u00e9 do Legislativo. A mat\u00e9ria n\u00e3o pertence [a outro Poder], embora o Supremo [Tribunal Federal] se sinta tentado e tenha interesse numa mat\u00e9ria que n\u00e3o lhe pertence. Quando um ministro \u00e9 sabatinado aqui, sai com o t\u00edtulo de guardi\u00e3o da Constitui\u00e7\u00e3o, \u00e9 para guardar a Constitui\u00e7\u00e3o, n\u00e3o sai com o papel de legislador &#8220;, disse o senador. <strong>(Fonte: Ag\u00eancia Senado)<\/strong><\/p>\n\n\n\n<div class=\"wp-block-image\"><figure class=\"aligncenter size-large is-resized\"><img loading=\"lazy\" decoding=\"async\" src=\"https:\/\/jornalfatosenoticias.com.br\/wp-content\/uploads\/2023\/03\/nova-logo-Marquetti.jpg\" alt=\"\" class=\"wp-image-40207\" width=\"295\" height=\"198\" srcset=\"https:\/\/jornalfatosenoticias.com.br\/wp-content\/uploads\/2023\/03\/nova-logo-Marquetti.jpg 643w, https:\/\/jornalfatosenoticias.com.br\/wp-content\/uploads\/2023\/03\/nova-logo-Marquetti-300x202.jpg 300w\" sizes=\"auto, (max-width: 295px) 100vw, 295px\" \/><\/figure><\/div>\n\n\n\n<hr class=\"wp-block-separator\"\/>\n\n\n\n<h3 class=\"wp-block-heading\"><span class=\"has-inline-color has-black-color\">Na Alemanha, casas e empreendimentos de judeus est\u00e3o recebendo marcas nas portas<\/span><\/h3>\n\n\n\n<div class=\"wp-block-image\"><figure class=\"aligncenter size-large\"><img loading=\"lazy\" decoding=\"async\" width=\"504\" height=\"273\" src=\"https:\/\/jornalfatosenoticias.com.br\/wp-content\/uploads\/2023\/11\/judeus.jpeg\" alt=\"\" class=\"wp-image-46597\" srcset=\"https:\/\/jornalfatosenoticias.com.br\/wp-content\/uploads\/2023\/11\/judeus.jpeg 504w, https:\/\/jornalfatosenoticias.com.br\/wp-content\/uploads\/2023\/11\/judeus-300x163.jpeg 300w\" sizes=\"auto, (max-width: 504px) 100vw, 504px\" \/><figcaption><em><span class=\"has-inline-color has-black-color\">(Foto: Reprodu\u00e7\u00e3o)<\/span><\/em><\/figcaption><\/figure><\/div>\n\n\n\n<p><em><span class=\"has-inline-color has-black-color\">Por <strong>Raul Holderf Nascimento<\/strong><\/span><\/em><\/p>\n\n\n\n<p>Em Berlim, na Alemanha, diversos registros recentes que evidenciam marca\u00e7\u00f5es da Estrela de Davi em portas de casas t\u00eam suscitado preocupa\u00e7\u00f5es, evocando mem\u00f3rias da persegui\u00e7\u00e3o aos judeus na Alemanha durante a d\u00e9cada de 1930.<br>Conforme as autoridades locais, muitos dos locais marcados s\u00e3o pertencentes \u00e0 fam\u00edlias de judeus. Em meio \u00e0 escalada da guerra entre Israel e Hamas, a seguran\u00e7a da comunidade judaica na capital alem\u00e3 tornou-se uma prioridade das autoridades. A pol\u00edcia est\u00e1 investigando a possibilidade de incita\u00e7\u00e3o ao \u00f3dio e vandalismo, procurando conex\u00f5es entre os incidentes e outros poss\u00edveis residentes judeus.<\/p>\n\n\n\n<div class=\"wp-block-image\"><figure class=\"aligncenter size-large is-resized\"><img loading=\"lazy\" decoding=\"async\" src=\"https:\/\/jornalfatosenoticias.com.br\/wp-content\/uploads\/2023\/08\/ITH.jpeg\" alt=\"\" class=\"wp-image-44638\" width=\"292\" height=\"237\" srcset=\"https:\/\/jornalfatosenoticias.com.br\/wp-content\/uploads\/2023\/08\/ITH.jpeg 800w, https:\/\/jornalfatosenoticias.com.br\/wp-content\/uploads\/2023\/08\/ITH-300x244.jpeg 300w, https:\/\/jornalfatosenoticias.com.br\/wp-content\/uploads\/2023\/08\/ITH-768x624.jpeg 768w\" sizes=\"auto, (max-width: 292px) 100vw, 292px\" \/><\/figure><\/div>\n\n\n\n<p>Em um dos relatos, uma moradora judia chegou em casa \u00e0 noite e encontrou marca\u00e7\u00f5es em sua porta. Ao jornal alem\u00e3o Bild, ela disse que chamou a pol\u00edcia e que as autoridades a aconselharam a remover a estrela de Davi de sua porta, por \u201cn\u00e3o saber o que isso poderia atrair\u201d.<br>Ainda de acordo com a chefia da pol\u00edcia alem\u00e3, \u201catos como esses s\u00e3o enquadrados como crime e parecem ser uma imita\u00e7\u00e3o intencional da persegui\u00e7\u00e3o antissemita dos judeus durante a d\u00e9cada de 1930, quando nazistas pintavam a estrela de Davi nas portas e janelas de empresas judias na tentativa de desencorajar e colocar em vidas em risco\u201d. <strong>(Fonte: Conex\u00e3o Pol\u00edtica)<\/strong><\/p>\n\n\n\n<div class=\"wp-block-image\"><figure class=\"aligncenter size-large is-resized\"><img loading=\"lazy\" decoding=\"async\" src=\"https:\/\/jornalfatosenoticias.com.br\/wp-content\/uploads\/2023\/09\/vetorvix1024_1.jpg\" alt=\"\" class=\"wp-image-44868\" width=\"445\" height=\"118\" srcset=\"https:\/\/jornalfatosenoticias.com.br\/wp-content\/uploads\/2023\/09\/vetorvix1024_1.jpg 1024w, https:\/\/jornalfatosenoticias.com.br\/wp-content\/uploads\/2023\/09\/vetorvix1024_1-300x80.jpg 300w, https:\/\/jornalfatosenoticias.com.br\/wp-content\/uploads\/2023\/09\/vetorvix1024_1-768x205.jpg 768w\" sizes=\"auto, (max-width: 445px) 100vw, 445px\" \/><\/figure><\/div>\n\n\n\n<hr class=\"wp-block-separator\"\/>\n\n\n\n<h3 class=\"wp-block-heading\"><span class=\"has-inline-color has-black-color\">O novo inc\u00f4modo da base petista com a\u00e7\u00f5es de Fl\u00e1vio Dino<\/span><\/h3>\n\n\n\n<div class=\"wp-block-image\"><figure class=\"aligncenter size-large\"><img loading=\"lazy\" decoding=\"async\" width=\"960\" height=\"640\" src=\"https:\/\/jornalfatosenoticias.com.br\/wp-content\/uploads\/2023\/11\/dinhonho.jpg\" alt=\"\" class=\"wp-image-46596\" srcset=\"https:\/\/jornalfatosenoticias.com.br\/wp-content\/uploads\/2023\/11\/dinhonho.jpg 960w, https:\/\/jornalfatosenoticias.com.br\/wp-content\/uploads\/2023\/11\/dinhonho-300x200.jpg 300w, https:\/\/jornalfatosenoticias.com.br\/wp-content\/uploads\/2023\/11\/dinhonho-768x512.jpg 768w\" sizes=\"auto, (max-width: 960px) 100vw, 960px\" \/><figcaption><em><span class=\"has-inline-color has-black-color\">(Foto: Bruno Spada\/C\u00e2mara dos Deputados)<\/span><\/em><\/figcaption><\/figure><\/div>\n\n\n\n<p>As medidas que v\u00eam sendo adotadas pelo ministro da Justi\u00e7a, Fl\u00e1vio Dino, para tentar conter a crise de seguran\u00e7a p\u00fablica no Rio de Janeiro voltaram a incomodar integrantes da base do PT, partido de Lula. Na vis\u00e3o dos militantes mais fi\u00e9is ao presidente da Rep\u00fablica, Dino busca, mais uma vez, centralizar holofotes em rela\u00e7\u00e3o ao seu trabalho e ao de seu secret\u00e1rio-executivo, Ricardo Cappelli.<\/p>\n\n\n\n<div class=\"wp-block-image\"><figure class=\"aligncenter size-large\"><img loading=\"lazy\" decoding=\"async\" width=\"300\" height=\"250\" src=\"https:\/\/jornalfatosenoticias.com.br\/wp-content\/uploads\/2020\/02\/Banner-2.png\" alt=\"\" class=\"wp-image-43787\"\/><\/figure><\/div>\n\n\n\n<p>Na ter\u00e7a (31), Dino afirmou que a atua\u00e7\u00e3o das For\u00e7as Armadas no Rio de Janeiro \u00e9 ponto consensual no governo. Contudo, est\u00e1 descartada a atua\u00e7\u00e3o urbana das tropas. Antes de enviar as For\u00e7as Armadas, o governo Lula j\u00e1 havia anunciado o deslocamento de homens da Pol\u00edcia Rodovi\u00e1ria Federal, da Pol\u00edcia Federal e da For\u00e7a Nacional. <strong>(Fonte: Terra Brasil Not\u00edcias)<\/strong><\/p>\n\n\n\n<div class=\"wp-block-image\"><figure class=\"aligncenter size-large\"><img loading=\"lazy\" decoding=\"async\" width=\"729\" height=\"90\" src=\"https:\/\/jornalfatosenoticias.com.br\/wp-content\/uploads\/2020\/02\/Logo_Mizu.png\" alt=\"\" class=\"wp-image-1441\" srcset=\"https:\/\/jornalfatosenoticias.com.br\/wp-content\/uploads\/2020\/02\/Logo_Mizu.png 729w, https:\/\/jornalfatosenoticias.com.br\/wp-content\/uploads\/2020\/02\/Logo_Mizu-300x37.png 300w\" sizes=\"auto, (max-width: 729px) 100vw, 729px\" \/><\/figure><\/div>\n\n\n\n<hr class=\"wp-block-separator\"\/>\n\n\n\n<h3 class=\"wp-block-heading\"><span class=\"has-inline-color has-black-color\">Ineleg\u00edvel, Braga Netto promete \u201ccomprovar lisura de a\u00e7\u00f5es\u201d<\/span><\/h3>\n\n\n\n<div class=\"wp-block-image\"><figure class=\"aligncenter size-large\"><img loading=\"lazy\" decoding=\"async\" width=\"960\" height=\"611\" src=\"https:\/\/jornalfatosenoticias.com.br\/wp-content\/uploads\/2023\/11\/braga-netto.jpg\" alt=\"\" class=\"wp-image-46595\" srcset=\"https:\/\/jornalfatosenoticias.com.br\/wp-content\/uploads\/2023\/11\/braga-netto.jpg 960w, https:\/\/jornalfatosenoticias.com.br\/wp-content\/uploads\/2023\/11\/braga-netto-300x191.jpg 300w, https:\/\/jornalfatosenoticias.com.br\/wp-content\/uploads\/2023\/11\/braga-netto-768x489.jpg 768w\" sizes=\"auto, (max-width: 960px) 100vw, 960px\" \/><figcaption><em><span class=\"has-inline-color has-black-color\">(Foto: Reprodu\u00e7\u00e3o\/X)<\/span><\/em><\/figcaption><\/figure><\/div>\n\n\n\n<p>Ex-ministro do governo Jair Bolsonaro e candidato a vice na chapa de reelei\u00e7\u00e3o do ex-presidente, o general Walter Braga Netto foi declarado ineleg\u00edvel por oito anos na ter\u00e7a-feira (31), pelo uso eleitoral das comemora\u00e7\u00f5es do Bicenten\u00e1rio da Independ\u00eancia, em 7 de setembro do ano passado. Hoje, ele, que atua como secret\u00e1rio nacional de Rela\u00e7\u00f5es Institucionais do PL, prometeu \u201cutilizar, como sempre fizemos, de todos os meios judiciais e democr\u00e1ticos para provar e comprovar a lisura de nossas a\u00e7\u00f5es\u201d.<\/p>\n\n\n\n<div class=\"wp-block-image\"><figure class=\"aligncenter size-large is-resized\"><img loading=\"lazy\" decoding=\"async\" src=\"https:\/\/jornalfatosenoticias.com.br\/wp-content\/uploads\/2023\/08\/Steel.jpeg\" alt=\"\" class=\"wp-image-44634\" width=\"296\" height=\"240\" srcset=\"https:\/\/jornalfatosenoticias.com.br\/wp-content\/uploads\/2023\/08\/Steel.jpeg 800w, https:\/\/jornalfatosenoticias.com.br\/wp-content\/uploads\/2023\/08\/Steel-300x244.jpeg 300w, https:\/\/jornalfatosenoticias.com.br\/wp-content\/uploads\/2023\/08\/Steel-768x624.jpeg 768w\" sizes=\"auto, (max-width: 296px) 100vw, 296px\" \/><\/figure><\/div>\n\n\n\n<p>Braga Netto falou por meio de seu perfil no X, ex-Twitter, numa mensagem na qual disse que \u201cfoi uma honra e um privil\u00e9gio\u201d ter participado do governo de Bolsonaro, condenado junto com ele a oito anos de inelegibilidade no mesmo processo. O ex-ministro disse discordar da decis\u00e3o.<\/p>\n\n\n\n<div class=\"wp-block-image\"><figure class=\"aligncenter size-large is-resized\"><img loading=\"lazy\" decoding=\"async\" src=\"https:\/\/jornalfatosenoticias.com.br\/wp-content\/uploads\/2023\/08\/BKR-1024x1021.jpg\" alt=\"\" class=\"wp-image-44494\" width=\"300\" height=\"299\" srcset=\"https:\/\/jornalfatosenoticias.com.br\/wp-content\/uploads\/2023\/08\/BKR-1024x1021.jpg 1024w, https:\/\/jornalfatosenoticias.com.br\/wp-content\/uploads\/2023\/08\/BKR-300x300.jpg 300w, https:\/\/jornalfatosenoticias.com.br\/wp-content\/uploads\/2023\/08\/BKR-150x150.jpg 150w, https:\/\/jornalfatosenoticias.com.br\/wp-content\/uploads\/2023\/08\/BKR-768x766.jpg 768w, https:\/\/jornalfatosenoticias.com.br\/wp-content\/uploads\/2023\/08\/BKR.jpg 1080w\" sizes=\"auto, (max-width: 300px) 100vw, 300px\" \/><\/figure><\/div>\n\n\n\n<p>\u201cComo Secret\u00e1rio Nacional de Rela\u00e7\u00f5es Institucionais do PL, tenho trabalhado diuturnamente, contribuindo com o fortalecimento das executivas estaduais e municipais, o projeto de ampliar o n\u00famero de prefeitos e vereadores em 2024 e a dissemina\u00e7\u00e3o dos valores que devem nortear as pessoas que acreditam na defesa de nossas liberdades, do direito \u00e0 vida desde a sua concep\u00e7\u00e3o, da defesa da propriedade e dos valores conservadores\u201d, finaliza a mensagem publicada pelo ex-ministro. <strong>(Fonte: O Antagonista)<\/strong><\/p>\n\n\n\n<div class=\"wp-block-image\"><figure class=\"aligncenter size-large is-resized\"><img loading=\"lazy\" decoding=\"async\" src=\"https:\/\/jornalfatosenoticias.com.br\/wp-content\/uploads\/2023\/03\/logo-Panper_portal.jpg\" alt=\"\" class=\"wp-image-40208\" width=\"297\" height=\"206\" srcset=\"https:\/\/jornalfatosenoticias.com.br\/wp-content\/uploads\/2023\/03\/logo-Panper_portal.jpg 400w, https:\/\/jornalfatosenoticias.com.br\/wp-content\/uploads\/2023\/03\/logo-Panper_portal-300x208.jpg 300w\" sizes=\"auto, (max-width: 297px) 100vw, 297px\" \/><\/figure><\/div>\n\n\n\n<hr class=\"wp-block-separator\"\/>\n\n\n\n<h3 class=\"wp-block-heading\"><span class=\"has-inline-color has-black-color\">Governo defende no STF direito a julgar casos de corrup\u00e7\u00e3o<\/span><\/h3>\n\n\n\n<div class=\"wp-block-image\"><figure class=\"aligncenter size-large\"><img loading=\"lazy\" decoding=\"async\" width=\"1000\" height=\"666\" src=\"https:\/\/jornalfatosenoticias.com.br\/wp-content\/uploads\/2023\/11\/Sede-do-Cade.jpg\" alt=\"\" class=\"wp-image-46594\" srcset=\"https:\/\/jornalfatosenoticias.com.br\/wp-content\/uploads\/2023\/11\/Sede-do-Cade.jpg 1000w, https:\/\/jornalfatosenoticias.com.br\/wp-content\/uploads\/2023\/11\/Sede-do-Cade-300x200.jpg 300w, https:\/\/jornalfatosenoticias.com.br\/wp-content\/uploads\/2023\/11\/Sede-do-Cade-768x511.jpg 768w\" sizes=\"auto, (max-width: 1000px) 100vw, 1000px\" \/><figcaption><em><span class=\"has-inline-color has-black-color\">(Foto: Divulga\u00e7\u00e3o\/Cade)<\/span><\/em><\/figcaption><\/figure><\/div>\n\n\n\n<p>A Advocacia-Geral da Uni\u00e3o (AGU) pediu que o Supremo Tribunal Federal (STF) mantenha o direito do poder Executivo de julgar, internamente, casos contra a ordem econ\u00f4mica que j\u00e1 estejam sendo tratados pelo Judici\u00e1rio, como crimes contra a corrup\u00e7\u00e3o. O tema \u00e9 discutido em uma a\u00e7\u00e3o na Suprema Corta, aberta justamente pela associa\u00e7\u00e3o de empreiteiras, algumas delas afetadas pela Lava Jato.<\/p>\n\n\n\n<div class=\"wp-block-image\"><figure class=\"aligncenter size-large\"><img loading=\"lazy\" decoding=\"async\" width=\"300\" height=\"250\" src=\"https:\/\/jornalfatosenoticias.com.br\/wp-content\/uploads\/2022\/02\/FERRARI_MAQUINAS-E-FERRAMENTAS2.jpg\" alt=\"\" class=\"wp-image-27860\"\/><\/figure><\/div>\n\n\n\n<p>A Lei anticorrup\u00e7\u00e3o, sancionada em 2013 por Dilma Rousseff, permite que o Conselho Administrativo de Defesa Econ\u00f4mica (Cade) e o Conselho Administrativo de Recursos Fiscais (Carf) continuem julgando o tema, independente de o caso de corrup\u00e7\u00e3o ter parado nos tribunais.<br>Para o Sindicato Nacional da Ind\u00fastria da Constru\u00e7\u00e3o Pesada (Sinicon), isso gera um duplo julgamento contra as empresas. <\/p>\n\n\n\n<div class=\"wp-block-image\"><figure class=\"aligncenter size-large is-resized\"><img loading=\"lazy\" decoding=\"async\" src=\"https:\/\/jornalfatosenoticias.com.br\/wp-content\/uploads\/2022\/02\/Precisao-Contabilidade-1024x724.jpg\" alt=\"\" class=\"wp-image-28088\" width=\"331\" height=\"234\"\/><\/figure><\/div>\n\n\n\n<blockquote class=\"wp-block-quote is-layout-flow wp-block-quote-is-layout-flow\"><p><span class=\"has-inline-color has-luminous-vivid-orange-color\">A persecu\u00e7\u00e3o e a puni\u00e7\u00e3o de tais condutas, quando realizada de maneira sobreposta, afeta os objetivos constitucionais de pleno emprego, coloca em grave risco a fun\u00e7\u00e3o social da empresa e a pr\u00f3pria economia nacional\u201d, argumentam os representantes do setor.<\/span><\/p><\/blockquote>\n\n\n\n<div class=\"wp-block-image\"><figure class=\"aligncenter size-large is-resized\"><img loading=\"lazy\" decoding=\"async\" src=\"https:\/\/jornalfatosenoticias.com.br\/wp-content\/uploads\/2022\/10\/RC_800x750_page-0001.jpg\" alt=\"\" class=\"wp-image-35338\" width=\"300\" height=\"281\" srcset=\"https:\/\/jornalfatosenoticias.com.br\/wp-content\/uploads\/2022\/10\/RC_800x750_page-0001.jpg 400w, https:\/\/jornalfatosenoticias.com.br\/wp-content\/uploads\/2022\/10\/RC_800x750_page-0001-300x281.jpg 300w\" sizes=\"auto, (max-width: 300px) 100vw, 300px\" \/><\/figure><\/div>\n\n\n\n<p>Para a AGU, essa \u00e9 parte essencial do trabalho do Executivo. \u201cA apura\u00e7\u00e3o de cart\u00e9is em licita\u00e7\u00e3o consiste em atua\u00e7\u00e3o rotineira do Cade, que abrange diversos setores econ\u00f4micos para al\u00e9m do setor de constru\u00e7\u00e3o civil, em decorr\u00eancia da compet\u00eancia atribu\u00edda desde a lei antitruste anteriormente vigente\u201d, escreveu a AGU, em manifesta\u00e7\u00e3o. <strong>(Fonte: O Antagonista)<\/strong><\/p>\n\n\n\n<div class=\"wp-block-image\"><figure class=\"aligncenter size-large is-resized\"><img loading=\"lazy\" decoding=\"async\" src=\"https:\/\/jornalfatosenoticias.com.br\/wp-content\/uploads\/2020\/02\/logo-Rapuzel-1024x571.jpg\" alt=\"\" class=\"wp-image-42808\" width=\"354\" height=\"197\" srcset=\"https:\/\/jornalfatosenoticias.com.br\/wp-content\/uploads\/2020\/02\/logo-Rapuzel-1024x571.jpg 1024w, https:\/\/jornalfatosenoticias.com.br\/wp-content\/uploads\/2020\/02\/logo-Rapuzel-300x167.jpg 300w, https:\/\/jornalfatosenoticias.com.br\/wp-content\/uploads\/2020\/02\/logo-Rapuzel-768x428.jpg 768w, https:\/\/jornalfatosenoticias.com.br\/wp-content\/uploads\/2020\/02\/logo-Rapuzel-1536x856.jpg 1536w, https:\/\/jornalfatosenoticias.com.br\/wp-content\/uploads\/2020\/02\/logo-Rapuzel.jpg 1600w\" sizes=\"auto, (max-width: 354px) 100vw, 354px\" \/><\/figure><\/div>\n\n\n\n<hr class=\"wp-block-separator\"\/>\n\n\n\n<h3 class=\"wp-block-heading\"><strong><span class=\"has-inline-color has-black-color\">Verba de ministro de Lula banca obras suspeitas de irregularidades<\/span><\/strong><\/h3>\n\n\n\n<div class=\"wp-block-image\"><figure class=\"aligncenter size-large\"><img loading=\"lazy\" decoding=\"async\" width=\"1000\" height=\"666\" src=\"https:\/\/jornalfatosenoticias.com.br\/wp-content\/uploads\/2023\/11\/r4t4ri4.jpg\" alt=\"\" class=\"wp-image-46593\" srcset=\"https:\/\/jornalfatosenoticias.com.br\/wp-content\/uploads\/2023\/11\/r4t4ri4.jpg 1000w, https:\/\/jornalfatosenoticias.com.br\/wp-content\/uploads\/2023\/11\/r4t4ri4-300x200.jpg 300w, https:\/\/jornalfatosenoticias.com.br\/wp-content\/uploads\/2023\/11\/r4t4ri4-768x511.jpg 768w\" sizes=\"auto, (max-width: 1000px) 100vw, 1000px\" \/><figcaption><em><span class=\"has-inline-color has-black-color\">(Foto: Ricardo Stuckert\/Divulga\u00e7\u00e3o)<\/span><\/em><\/figcaption><\/figure><\/div>\n\n\n\n<p>Mais uma pol\u00eamica envolvendo o ministro das Comunica\u00e7\u00f5es, Juscelino Filho. A not\u00edcia de agora \u00e9 de que uma emenda ao or\u00e7amento elaborada por ele foi usada para bancar um conjunto de obras suspeitas de irregularidades em Vitorino Freire (MA).<\/p>\n\n\n\n<div class=\"wp-block-image\"><figure class=\"aligncenter size-large\"><img loading=\"lazy\" decoding=\"async\" width=\"300\" height=\"300\" src=\"https:\/\/jornalfatosenoticias.com.br\/wp-content\/uploads\/2020\/02\/casa-do-torresmo_portal.jpg\" alt=\"\" class=\"wp-image-34472\" srcset=\"https:\/\/jornalfatosenoticias.com.br\/wp-content\/uploads\/2020\/02\/casa-do-torresmo_portal.jpg 300w, https:\/\/jornalfatosenoticias.com.br\/wp-content\/uploads\/2020\/02\/casa-do-torresmo_portal-150x150.jpg 150w\" sizes=\"auto, (max-width: 300px) 100vw, 300px\" \/><\/figure><\/div>\n\n\n\n<p>Com popula\u00e7\u00e3o estimada em 30 mil pessoas, Vitorino Freire, no interior maranhense, tem Luanna Rezende como prefeita desde 2016. Ela \u00e9 irm\u00e3 de Juscelino. Conforme reportagem publicada nesta quarta-feira (1\u00ba) pelo jornal O Estado de S. Paulo, o dinheiro repassado para a prefeitura comandada pela fam\u00edlia do ministro de Lula caiu na mira de auditoria feita pela Companhia de Desenvolvimento dos Vales do S\u00e3o Francisco e do Parna\u00edba (Codevasf).<\/p>\n\n\n\n<div class=\"wp-block-image\"><figure class=\"aligncenter size-large is-resized\"><img loading=\"lazy\" decoding=\"async\" src=\"https:\/\/jornalfatosenoticias.com.br\/wp-content\/uploads\/2020\/02\/CONTROL-CS.jpg\" alt=\"\" class=\"wp-image-44991\" width=\"316\" height=\"379\" srcset=\"https:\/\/jornalfatosenoticias.com.br\/wp-content\/uploads\/2020\/02\/CONTROL-CS.jpg 834w, https:\/\/jornalfatosenoticias.com.br\/wp-content\/uploads\/2020\/02\/CONTROL-CS-250x300.jpg 250w, https:\/\/jornalfatosenoticias.com.br\/wp-content\/uploads\/2020\/02\/CONTROL-CS-768x921.jpg 768w\" sizes=\"auto, (max-width: 316px) 100vw, 316px\" \/><\/figure><\/div>\n\n\n\n<p>De acordo com o parecer da equipe da Codevasf, o dinheiro repassado para Vitorino Freire por meio de emenda de Juscelino deveria ser usado em a\u00e7\u00f5es de zeladoria. A companhia, contudo, constatou problemas como pavimenta\u00e7\u00e3o malfeita, buracos nas ruas, aus\u00eancia de sinaliza\u00e7\u00e3o no tr\u00e2nsito e rachaduras. Apesar de divulgada nesta quarta, a auditoria foi feita em mar\u00e7o.<br>Diferentemente de outras vias da cidade maranhense, a auditoria da Codevasf n\u00e3o identificou suspeitas de irregularidades na obra de pavimenta\u00e7\u00e3o de estrada que d\u00e1 acesso \u00e0 fazenda da fam\u00edlia do ministro.<\/p>\n\n\n\n<div class=\"wp-block-image\"><figure class=\"aligncenter size-large is-resized\"><img loading=\"lazy\" decoding=\"async\" src=\"https:\/\/jornalfatosenoticias.com.br\/wp-content\/uploads\/2023\/08\/LOGO-BLU-COMERCIAL-PRETO-1024x600.jpg\" alt=\"\" class=\"wp-image-44053\" width=\"341\" height=\"199\"\/><\/figure><\/div>\n\n\n\n<p>A emenda liberada por Juscelino para obras suspeitas de irregularidades em Vitorino Freire ocorreu em 2020, quando ele era deputado federal. Ao todo, foram direcionados R$ 7 milh\u00f5es para o munic\u00edpio.<br>Irm\u00e3 do ministro de Lula, Luanna Rezende chegou a ser afastada do cargo de prefeita em setembro, quando foi alvo de opera\u00e7\u00e3o da Pol\u00edcia Federal. Semanas depois, contudo, o presidente do Supremo Tribunal Federal (STF), Lu\u00eds Roberto Barroso, liberou o retorno dela ao cargo.<br>Juscelino nega irregularidades no repasse de emenda a Vitorino Freire. A prefeitura e a irm\u00e3 do ministro ainda n\u00e3o se manifestaram a respeito da auditoria da Codevasf. <strong>(Fonte: Terra Brasil Not\u00edcias)<\/strong><\/p>\n\n\n\n<div class=\"wp-block-image\"><figure class=\"aligncenter size-large is-resized\"><img loading=\"lazy\" decoding=\"async\" src=\"https:\/\/jornalfatosenoticias.com.br\/wp-content\/uploads\/2022\/10\/Arte-jornal-Zucchi-600x600_Prancheta-1-1024x1024.jpg\" alt=\"\" class=\"wp-image-34782\" width=\"290\" height=\"290\" srcset=\"https:\/\/jornalfatosenoticias.com.br\/wp-content\/uploads\/2022\/10\/Arte-jornal-Zucchi-600x600_Prancheta-1-1024x1024.jpg 1024w, https:\/\/jornalfatosenoticias.com.br\/wp-content\/uploads\/2022\/10\/Arte-jornal-Zucchi-600x600_Prancheta-1-300x300.jpg 300w, https:\/\/jornalfatosenoticias.com.br\/wp-content\/uploads\/2022\/10\/Arte-jornal-Zucchi-600x600_Prancheta-1-150x150.jpg 150w, https:\/\/jornalfatosenoticias.com.br\/wp-content\/uploads\/2022\/10\/Arte-jornal-Zucchi-600x600_Prancheta-1-768x768.jpg 768w, https:\/\/jornalfatosenoticias.com.br\/wp-content\/uploads\/2022\/10\/Arte-jornal-Zucchi-600x600_Prancheta-1.jpg 1250w\" sizes=\"auto, (max-width: 290px) 100vw, 290px\" \/><\/figure><\/div>\n\n\n\n<hr class=\"wp-block-separator\"\/>\n\n\n\n<h3 class=\"wp-block-heading\"><span class=\"has-inline-color has-black-color\">Aff! Anielle contra o buraco negro<\/span><\/h3>\n\n\n\n<div class=\"wp-block-image\"><figure class=\"aligncenter size-large\"><img loading=\"lazy\" decoding=\"async\" width=\"860\" height=\"570\" src=\"https:\/\/jornalfatosenoticias.com.br\/wp-content\/uploads\/2023\/11\/aniele-franco.jpg\" alt=\"\" class=\"wp-image-46592\" srcset=\"https:\/\/jornalfatosenoticias.com.br\/wp-content\/uploads\/2023\/11\/aniele-franco.jpg 860w, https:\/\/jornalfatosenoticias.com.br\/wp-content\/uploads\/2023\/11\/aniele-franco-300x199.jpg 300w, https:\/\/jornalfatosenoticias.com.br\/wp-content\/uploads\/2023\/11\/aniele-franco-768x509.jpg 768w\" sizes=\"auto, (max-width: 860px) 100vw, 860px\" \/><figcaption><em><span class=\"has-inline-color has-black-color\">(Foto: Matheus Alves\/MIR)<\/span><\/em><\/figcaption><\/figure><\/div>\n\n\n\n<p>A ministra da Igualdade Racial, Anielle Franco, resolveu promover uma mobiliza\u00e7\u00e3o contra a express\u00e3o \u201cburaco negro\u201d. De acordo com ela, o termo \u00e9 racista. A express\u00e3o buraco negro, no entanto, \u00e9 um termo cient\u00edfico usado para definir a regi\u00e3o do espa\u00e7o em que o campo gravitacional n\u00e3o possui part\u00edculas ou radia\u00e7\u00e3o eletromagn\u00e9tica. Em outras palavras, n\u00e3o tem luz e, portanto, \u00e9 escuro.<br>Apesar disso, a ministra defende que \u00e9 preciso parar de usar a express\u00e3o, por \u201cletramento racial\u201d. \u201cDenegrir \u00e9 uma palavra que o movimento negro e que as pessoas que t\u00eam letramento racial n\u00e3o usam de forma nenhuma. Ou, por exemplo: \u2018sa\u00edmos desse buraco negro\u201d, disse durante entrevista ao programa Bom dia, Ministro, da EBC.<strong> (Fonte: O Antagonista)<\/strong><\/p>\n\n\n\n<div class=\"wp-block-image\"><figure class=\"aligncenter size-large is-resized\"><img loading=\"lazy\" decoding=\"async\" src=\"https:\/\/jornalfatosenoticias.com.br\/wp-content\/uploads\/2023\/07\/lacremoda.jpg\" alt=\"\" class=\"wp-image-43706\" width=\"329\" height=\"184\" srcset=\"https:\/\/jornalfatosenoticias.com.br\/wp-content\/uploads\/2023\/07\/lacremoda.jpg 1024w, https:\/\/jornalfatosenoticias.com.br\/wp-content\/uploads\/2023\/07\/lacremoda-300x168.jpg 300w, https:\/\/jornalfatosenoticias.com.br\/wp-content\/uploads\/2023\/07\/lacremoda-768x431.jpg 768w\" sizes=\"auto, (max-width: 329px) 100vw, 329px\" \/><\/figure><\/div>\n","protected":false},"excerpt":{"rendered":"<p>Lula sancionou sem vetos nesta quarta (1\u00ba) o projeto de PL das Obras Inacabadas. O trata de repasse de novos recurso para retomada de obras de obras de infraestrutura. Participaram da reuni\u00e3o os ministros Camilo Santana (Educa\u00e7\u00e3o), Rui Costa (Casa Civil), Paulo Pimenta (Comunica\u00e7\u00e3o), M\u00e1rcio Macedo (Chefe da Secretaria-Geral), e Margareth Menezes (Cultural). Tamb\u00e9m estava [&hellip;]<\/p>\n","protected":false},"author":3,"featured_media":46599,"comment_status":"open","ping_status":"open","sticky":false,"template":"","format":"standard","meta":{"footnotes":""},"categories":[10],"tags":[2770,7580,20526,21897,21895,18394,21896],"class_list":["post-46591","post","type-post","status-publish","format-standard","has-post-thumbnail","hentry","category-politica","tag-drogas","tag-lula","tag-ministros-de-lula","tag-proposta-de-emenda-a-constituicao","tag-senador-efraim-filho","tag-senador-magno-malta","tag-senador-rodrigo-pacheco"],"yoast_head":"<!-- This site is optimized with the Yoast SEO plugin v26.5 - https:\/\/yoast.com\/wordpress\/plugins\/seo\/ -->\n<title>A Semana em Bras\u00edlia e no ES \u2014 Lula sanciona projeto que destina recursos para obras inacabadas - Jornal Fatos e Not\u00edcias<\/title>\n<meta name=\"robots\" content=\"index, follow, max-snippet:-1, max-image-preview:large, max-video-preview:-1\" \/>\n<link rel=\"canonical\" href=\"https:\/\/jornalfatosenoticias.com.br\/index.php\/2023\/11\/02\/a-semana-em-brasilia-e-no-es-lula-sanciona-projeto-que-destina-recursos-para-obras-inacabadas\/\" \/>\n<meta property=\"og:locale\" content=\"pt_BR\" \/>\n<meta property=\"og:type\" content=\"article\" \/>\n<meta property=\"og:title\" content=\"A Semana em Bras\u00edlia e no ES \u2014 Lula sanciona projeto que destina recursos para obras inacabadas - Jornal Fatos e Not\u00edcias\" \/>\n<meta property=\"og:description\" content=\"Lula sancionou sem vetos nesta quarta (1\u00ba) o projeto de PL das Obras Inacabadas. O trata de repasse de novos recurso para retomada de obras de obras de infraestrutura. Participaram da reuni\u00e3o os ministros Camilo Santana (Educa\u00e7\u00e3o), Rui Costa (Casa Civil), Paulo Pimenta (Comunica\u00e7\u00e3o), M\u00e1rcio Macedo (Chefe da Secretaria-Geral), e Margareth Menezes (Cultural). Tamb\u00e9m estava [&hellip;]\" \/>\n<meta property=\"og:url\" content=\"https:\/\/jornalfatosenoticias.com.br\/index.php\/2023\/11\/02\/a-semana-em-brasilia-e-no-es-lula-sanciona-projeto-que-destina-recursos-para-obras-inacabadas\/\" \/>\n<meta property=\"og:site_name\" content=\"Jornal Fatos e Not\u00edcias\" \/>\n<meta property=\"article:published_time\" content=\"2023-11-02T18:55:22+00:00\" \/>\n<meta property=\"article:modified_time\" content=\"2023-11-02T18:55:23+00:00\" \/>\n<meta property=\"og:image\" content=\"https:\/\/jornalfatosenoticias.com.br\/wp-content\/uploads\/2023\/11\/molusco_obras-inacabadas.jpeg\" \/>\n\t<meta property=\"og:image:width\" content=\"700\" \/>\n\t<meta property=\"og:image:height\" content=\"466\" \/>\n\t<meta property=\"og:image:type\" content=\"image\/jpeg\" \/>\n<meta name=\"author\" content=\"Haroldo Filho\" \/>\n<meta name=\"twitter:card\" content=\"summary_large_image\" \/>\n<meta name=\"twitter:label1\" content=\"Escrito por\" \/>\n\t<meta name=\"twitter:data1\" content=\"Haroldo Filho\" \/>\n\t<meta name=\"twitter:label2\" content=\"Est. tempo de leitura\" \/>\n\t<meta name=\"twitter:data2\" content=\"8 minutos\" \/>\n<script type=\"application\/ld+json\" class=\"yoast-schema-graph\">{\"@context\":\"https:\/\/schema.org\",\"@graph\":[{\"@type\":\"Article\",\"@id\":\"https:\/\/jornalfatosenoticias.com.br\/index.php\/2023\/11\/02\/a-semana-em-brasilia-e-no-es-lula-sanciona-projeto-que-destina-recursos-para-obras-inacabadas\/#article\",\"isPartOf\":{\"@id\":\"https:\/\/jornalfatosenoticias.com.br\/index.php\/2023\/11\/02\/a-semana-em-brasilia-e-no-es-lula-sanciona-projeto-que-destina-recursos-para-obras-inacabadas\/\"},\"author\":{\"name\":\"Haroldo Filho\",\"@id\":\"https:\/\/jornalfatosenoticias.com.br\/#\/schema\/person\/05c46cc25b42a5c27e004fb0fa6b4965\"},\"headline\":\"A Semana em Bras\u00edlia e no ES \u2014 Lula sanciona projeto que destina recursos para obras inacabadas\",\"datePublished\":\"2023-11-02T18:55:22+00:00\",\"dateModified\":\"2023-11-02T18:55:23+00:00\",\"mainEntityOfPage\":{\"@id\":\"https:\/\/jornalfatosenoticias.com.br\/index.php\/2023\/11\/02\/a-semana-em-brasilia-e-no-es-lula-sanciona-projeto-que-destina-recursos-para-obras-inacabadas\/\"},\"wordCount\":1704,\"commentCount\":0,\"publisher\":{\"@id\":\"https:\/\/jornalfatosenoticias.com.br\/#organization\"},\"image\":{\"@id\":\"https:\/\/jornalfatosenoticias.com.br\/index.php\/2023\/11\/02\/a-semana-em-brasilia-e-no-es-lula-sanciona-projeto-que-destina-recursos-para-obras-inacabadas\/#primaryimage\"},\"thumbnailUrl\":\"https:\/\/jornalfatosenoticias.com.br\/wp-content\/uploads\/2023\/11\/molusco_obras-inacabadas.jpeg\",\"keywords\":[\"drogas\",\"Lula\",\"ministros de Lula\",\"Proposta de Emenda \u00e0 Constitui\u00e7\u00e3o\",\"senador Efraim Filho\",\"senador Magno Malta\",\"senador Rodrigo Pacheco\"],\"articleSection\":[\"Pol\u00edtica\"],\"inLanguage\":\"pt-BR\",\"potentialAction\":[{\"@type\":\"CommentAction\",\"name\":\"Comment\",\"target\":[\"https:\/\/jornalfatosenoticias.com.br\/index.php\/2023\/11\/02\/a-semana-em-brasilia-e-no-es-lula-sanciona-projeto-que-destina-recursos-para-obras-inacabadas\/#respond\"]}]},{\"@type\":\"WebPage\",\"@id\":\"https:\/\/jornalfatosenoticias.com.br\/index.php\/2023\/11\/02\/a-semana-em-brasilia-e-no-es-lula-sanciona-projeto-que-destina-recursos-para-obras-inacabadas\/\",\"url\":\"https:\/\/jornalfatosenoticias.com.br\/index.php\/2023\/11\/02\/a-semana-em-brasilia-e-no-es-lula-sanciona-projeto-que-destina-recursos-para-obras-inacabadas\/\",\"name\":\"A Semana em Bras\u00edlia e no ES \u2014 Lula sanciona projeto que destina recursos para obras inacabadas - Jornal Fatos e Not\u00edcias\",\"isPartOf\":{\"@id\":\"https:\/\/jornalfatosenoticias.com.br\/#website\"},\"primaryImageOfPage\":{\"@id\":\"https:\/\/jornalfatosenoticias.com.br\/index.php\/2023\/11\/02\/a-semana-em-brasilia-e-no-es-lula-sanciona-projeto-que-destina-recursos-para-obras-inacabadas\/#primaryimage\"},\"image\":{\"@id\":\"https:\/\/jornalfatosenoticias.com.br\/index.php\/2023\/11\/02\/a-semana-em-brasilia-e-no-es-lula-sanciona-projeto-que-destina-recursos-para-obras-inacabadas\/#primaryimage\"},\"thumbnailUrl\":\"https:\/\/jornalfatosenoticias.com.br\/wp-content\/uploads\/2023\/11\/molusco_obras-inacabadas.jpeg\",\"datePublished\":\"2023-11-02T18:55:22+00:00\",\"dateModified\":\"2023-11-02T18:55:23+00:00\",\"breadcrumb\":{\"@id\":\"https:\/\/jornalfatosenoticias.com.br\/index.php\/2023\/11\/02\/a-semana-em-brasilia-e-no-es-lula-sanciona-projeto-que-destina-recursos-para-obras-inacabadas\/#breadcrumb\"},\"inLanguage\":\"pt-BR\",\"potentialAction\":[{\"@type\":\"ReadAction\",\"target\":[\"https:\/\/jornalfatosenoticias.com.br\/index.php\/2023\/11\/02\/a-semana-em-brasilia-e-no-es-lula-sanciona-projeto-que-destina-recursos-para-obras-inacabadas\/\"]}]},{\"@type\":\"ImageObject\",\"inLanguage\":\"pt-BR\",\"@id\":\"https:\/\/jornalfatosenoticias.com.br\/index.php\/2023\/11\/02\/a-semana-em-brasilia-e-no-es-lula-sanciona-projeto-que-destina-recursos-para-obras-inacabadas\/#primaryimage\",\"url\":\"https:\/\/jornalfatosenoticias.com.br\/wp-content\/uploads\/2023\/11\/molusco_obras-inacabadas.jpeg\",\"contentUrl\":\"https:\/\/jornalfatosenoticias.com.br\/wp-content\/uploads\/2023\/11\/molusco_obras-inacabadas.jpeg\",\"width\":700,\"height\":466,\"caption\":\"(FILES) In this file photo taken on February 6, 2023, Brazilian President Luiz Inacio Lula da Silva gestures during the inauguration ceremony of Aloizio Mercadante as President of the Brazilian National Economic and Social Development Bank (BNDES) at the BNDES headquarters in Rio de Janeiro, Brazil. - Deforestation in the Brazilian Amazon fell 61% in January 2023, the first month of the government of President Luiz In\u00e1cio Lula da Silva, compared to the same period in 2022, according to an official report published on February 10, 2023. (Photo by MAURO PIMENTEL \/ AFP)\"},{\"@type\":\"BreadcrumbList\",\"@id\":\"https:\/\/jornalfatosenoticias.com.br\/index.php\/2023\/11\/02\/a-semana-em-brasilia-e-no-es-lula-sanciona-projeto-que-destina-recursos-para-obras-inacabadas\/#breadcrumb\",\"itemListElement\":[{\"@type\":\"ListItem\",\"position\":1,\"name\":\"In\u00edcio\",\"item\":\"https:\/\/jornalfatosenoticias.com.br\/\"},{\"@type\":\"ListItem\",\"position\":2,\"name\":\"A Semana em Bras\u00edlia e no ES \u2014 Lula sanciona projeto que destina recursos para obras inacabadas\"}]},{\"@type\":\"WebSite\",\"@id\":\"https:\/\/jornalfatosenoticias.com.br\/#website\",\"url\":\"https:\/\/jornalfatosenoticias.com.br\/\",\"name\":\"Jornal Fatos e Not\u00edcias\",\"description\":\"Not\u00edcias em geral\",\"publisher\":{\"@id\":\"https:\/\/jornalfatosenoticias.com.br\/#organization\"},\"potentialAction\":[{\"@type\":\"SearchAction\",\"target\":{\"@type\":\"EntryPoint\",\"urlTemplate\":\"https:\/\/jornalfatosenoticias.com.br\/?s={search_term_string}\"},\"query-input\":{\"@type\":\"PropertyValueSpecification\",\"valueRequired\":true,\"valueName\":\"search_term_string\"}}],\"inLanguage\":\"pt-BR\"},{\"@type\":\"Organization\",\"@id\":\"https:\/\/jornalfatosenoticias.com.br\/#organization\",\"name\":\"Jornal Fatos e Not\u00edcias\",\"url\":\"https:\/\/jornalfatosenoticias.com.br\/\",\"logo\":{\"@type\":\"ImageObject\",\"inLanguage\":\"pt-BR\",\"@id\":\"https:\/\/jornalfatosenoticias.com.br\/#\/schema\/logo\/image\/\",\"url\":\"https:\/\/jornalfatosenoticias.com.br\/wp-content\/uploads\/2020\/02\/logo120.png\",\"contentUrl\":\"https:\/\/jornalfatosenoticias.com.br\/wp-content\/uploads\/2020\/02\/logo120.png\",\"width\":1227,\"height\":120,\"caption\":\"Jornal Fatos e Not\u00edcias\"},\"image\":{\"@id\":\"https:\/\/jornalfatosenoticias.com.br\/#\/schema\/logo\/image\/\"}},{\"@type\":\"Person\",\"@id\":\"https:\/\/jornalfatosenoticias.com.br\/#\/schema\/person\/05c46cc25b42a5c27e004fb0fa6b4965\",\"name\":\"Haroldo Filho\",\"image\":{\"@type\":\"ImageObject\",\"inLanguage\":\"pt-BR\",\"@id\":\"https:\/\/jornalfatosenoticias.com.br\/#\/schema\/person\/image\/\",\"url\":\"https:\/\/jornalfatosenoticias.com.br\/wp-content\/uploads\/2025\/08\/WhatsApp-Image-2025-08-18-at-15.30.28-150x150.jpeg\",\"contentUrl\":\"https:\/\/jornalfatosenoticias.com.br\/wp-content\/uploads\/2025\/08\/WhatsApp-Image-2025-08-18-at-15.30.28-150x150.jpeg\",\"caption\":\"Haroldo Filho\"},\"description\":\"Jornalista \u2013 DRT: 0003818\/ES Coordenador-geral da ONG Educar para Crescer\",\"url\":\"https:\/\/jornalfatosenoticias.com.br\/index.php\/author\/haroldo\/\"}]}<\/script>\n<!-- \/ Yoast SEO plugin. -->","yoast_head_json":{"title":"A Semana em Bras\u00edlia e no ES \u2014 Lula sanciona projeto que destina recursos para obras inacabadas - Jornal Fatos e Not\u00edcias","robots":{"index":"index","follow":"follow","max-snippet":"max-snippet:-1","max-image-preview":"max-image-preview:large","max-video-preview":"max-video-preview:-1"},"canonical":"https:\/\/jornalfatosenoticias.com.br\/index.php\/2023\/11\/02\/a-semana-em-brasilia-e-no-es-lula-sanciona-projeto-que-destina-recursos-para-obras-inacabadas\/","og_locale":"pt_BR","og_type":"article","og_title":"A Semana em Bras\u00edlia e no ES \u2014 Lula sanciona projeto que destina recursos para obras inacabadas - Jornal Fatos e Not\u00edcias","og_description":"Lula sancionou sem vetos nesta quarta (1\u00ba) o projeto de PL das Obras Inacabadas. O trata de repasse de novos recurso para retomada de obras de obras de infraestrutura. Participaram da reuni\u00e3o os ministros Camilo Santana (Educa\u00e7\u00e3o), Rui Costa (Casa Civil), Paulo Pimenta (Comunica\u00e7\u00e3o), M\u00e1rcio Macedo (Chefe da Secretaria-Geral), e Margareth Menezes (Cultural). Tamb\u00e9m estava [&hellip;]","og_url":"https:\/\/jornalfatosenoticias.com.br\/index.php\/2023\/11\/02\/a-semana-em-brasilia-e-no-es-lula-sanciona-projeto-que-destina-recursos-para-obras-inacabadas\/","og_site_name":"Jornal Fatos e Not\u00edcias","article_published_time":"2023-11-02T18:55:22+00:00","article_modified_time":"2023-11-02T18:55:23+00:00","og_image":[{"width":700,"height":466,"url":"https:\/\/jornalfatosenoticias.com.br\/wp-content\/uploads\/2023\/11\/molusco_obras-inacabadas.jpeg","type":"image\/jpeg"}],"author":"Haroldo Filho","twitter_card":"summary_large_image","twitter_misc":{"Escrito por":"Haroldo Filho","Est. tempo de leitura":"8 minutos"},"schema":{"@context":"https:\/\/schema.org","@graph":[{"@type":"Article","@id":"https:\/\/jornalfatosenoticias.com.br\/index.php\/2023\/11\/02\/a-semana-em-brasilia-e-no-es-lula-sanciona-projeto-que-destina-recursos-para-obras-inacabadas\/#article","isPartOf":{"@id":"https:\/\/jornalfatosenoticias.com.br\/index.php\/2023\/11\/02\/a-semana-em-brasilia-e-no-es-lula-sanciona-projeto-que-destina-recursos-para-obras-inacabadas\/"},"author":{"name":"Haroldo Filho","@id":"https:\/\/jornalfatosenoticias.com.br\/#\/schema\/person\/05c46cc25b42a5c27e004fb0fa6b4965"},"headline":"A Semana em Bras\u00edlia e no ES \u2014 Lula sanciona projeto que destina recursos para obras inacabadas","datePublished":"2023-11-02T18:55:22+00:00","dateModified":"2023-11-02T18:55:23+00:00","mainEntityOfPage":{"@id":"https:\/\/jornalfatosenoticias.com.br\/index.php\/2023\/11\/02\/a-semana-em-brasilia-e-no-es-lula-sanciona-projeto-que-destina-recursos-para-obras-inacabadas\/"},"wordCount":1704,"commentCount":0,"publisher":{"@id":"https:\/\/jornalfatosenoticias.com.br\/#organization"},"image":{"@id":"https:\/\/jornalfatosenoticias.com.br\/index.php\/2023\/11\/02\/a-semana-em-brasilia-e-no-es-lula-sanciona-projeto-que-destina-recursos-para-obras-inacabadas\/#primaryimage"},"thumbnailUrl":"https:\/\/jornalfatosenoticias.com.br\/wp-content\/uploads\/2023\/11\/molusco_obras-inacabadas.jpeg","keywords":["drogas","Lula","ministros de Lula","Proposta de Emenda \u00e0 Constitui\u00e7\u00e3o","senador Efraim Filho","senador Magno Malta","senador Rodrigo Pacheco"],"articleSection":["Pol\u00edtica"],"inLanguage":"pt-BR","potentialAction":[{"@type":"CommentAction","name":"Comment","target":["https:\/\/jornalfatosenoticias.com.br\/index.php\/2023\/11\/02\/a-semana-em-brasilia-e-no-es-lula-sanciona-projeto-que-destina-recursos-para-obras-inacabadas\/#respond"]}]},{"@type":"WebPage","@id":"https:\/\/jornalfatosenoticias.com.br\/index.php\/2023\/11\/02\/a-semana-em-brasilia-e-no-es-lula-sanciona-projeto-que-destina-recursos-para-obras-inacabadas\/","url":"https:\/\/jornalfatosenoticias.com.br\/index.php\/2023\/11\/02\/a-semana-em-brasilia-e-no-es-lula-sanciona-projeto-que-destina-recursos-para-obras-inacabadas\/","name":"A Semana em Bras\u00edlia e no ES \u2014 Lula sanciona projeto que destina recursos para obras inacabadas - Jornal Fatos e Not\u00edcias","isPartOf":{"@id":"https:\/\/jornalfatosenoticias.com.br\/#website"},"primaryImageOfPage":{"@id":"https:\/\/jornalfatosenoticias.com.br\/index.php\/2023\/11\/02\/a-semana-em-brasilia-e-no-es-lula-sanciona-projeto-que-destina-recursos-para-obras-inacabadas\/#primaryimage"},"image":{"@id":"https:\/\/jornalfatosenoticias.com.br\/index.php\/2023\/11\/02\/a-semana-em-brasilia-e-no-es-lula-sanciona-projeto-que-destina-recursos-para-obras-inacabadas\/#primaryimage"},"thumbnailUrl":"https:\/\/jornalfatosenoticias.com.br\/wp-content\/uploads\/2023\/11\/molusco_obras-inacabadas.jpeg","datePublished":"2023-11-02T18:55:22+00:00","dateModified":"2023-11-02T18:55:23+00:00","breadcrumb":{"@id":"https:\/\/jornalfatosenoticias.com.br\/index.php\/2023\/11\/02\/a-semana-em-brasilia-e-no-es-lula-sanciona-projeto-que-destina-recursos-para-obras-inacabadas\/#breadcrumb"},"inLanguage":"pt-BR","potentialAction":[{"@type":"ReadAction","target":["https:\/\/jornalfatosenoticias.com.br\/index.php\/2023\/11\/02\/a-semana-em-brasilia-e-no-es-lula-sanciona-projeto-que-destina-recursos-para-obras-inacabadas\/"]}]},{"@type":"ImageObject","inLanguage":"pt-BR","@id":"https:\/\/jornalfatosenoticias.com.br\/index.php\/2023\/11\/02\/a-semana-em-brasilia-e-no-es-lula-sanciona-projeto-que-destina-recursos-para-obras-inacabadas\/#primaryimage","url":"https:\/\/jornalfatosenoticias.com.br\/wp-content\/uploads\/2023\/11\/molusco_obras-inacabadas.jpeg","contentUrl":"https:\/\/jornalfatosenoticias.com.br\/wp-content\/uploads\/2023\/11\/molusco_obras-inacabadas.jpeg","width":700,"height":466,"caption":"(FILES) In this file photo taken on February 6, 2023, Brazilian President Luiz Inacio Lula da Silva gestures during the inauguration ceremony of Aloizio Mercadante as President of the Brazilian National Economic and Social Development Bank (BNDES) at the BNDES headquarters in Rio de Janeiro, Brazil. - Deforestation in the Brazilian Amazon fell 61% in January 2023, the first month of the government of President Luiz In\u00e1cio Lula da Silva, compared to the same period in 2022, according to an official report published on February 10, 2023. (Photo by MAURO PIMENTEL \/ AFP)"},{"@type":"BreadcrumbList","@id":"https:\/\/jornalfatosenoticias.com.br\/index.php\/2023\/11\/02\/a-semana-em-brasilia-e-no-es-lula-sanciona-projeto-que-destina-recursos-para-obras-inacabadas\/#breadcrumb","itemListElement":[{"@type":"ListItem","position":1,"name":"In\u00edcio","item":"https:\/\/jornalfatosenoticias.com.br\/"},{"@type":"ListItem","position":2,"name":"A Semana em Bras\u00edlia e no ES \u2014 Lula sanciona projeto que destina recursos para obras inacabadas"}]},{"@type":"WebSite","@id":"https:\/\/jornalfatosenoticias.com.br\/#website","url":"https:\/\/jornalfatosenoticias.com.br\/","name":"Jornal Fatos e Not\u00edcias","description":"Not\u00edcias em geral","publisher":{"@id":"https:\/\/jornalfatosenoticias.com.br\/#organization"},"potentialAction":[{"@type":"SearchAction","target":{"@type":"EntryPoint","urlTemplate":"https:\/\/jornalfatosenoticias.com.br\/?s={search_term_string}"},"query-input":{"@type":"PropertyValueSpecification","valueRequired":true,"valueName":"search_term_string"}}],"inLanguage":"pt-BR"},{"@type":"Organization","@id":"https:\/\/jornalfatosenoticias.com.br\/#organization","name":"Jornal Fatos e Not\u00edcias","url":"https:\/\/jornalfatosenoticias.com.br\/","logo":{"@type":"ImageObject","inLanguage":"pt-BR","@id":"https:\/\/jornalfatosenoticias.com.br\/#\/schema\/logo\/image\/","url":"https:\/\/jornalfatosenoticias.com.br\/wp-content\/uploads\/2020\/02\/logo120.png","contentUrl":"https:\/\/jornalfatosenoticias.com.br\/wp-content\/uploads\/2020\/02\/logo120.png","width":1227,"height":120,"caption":"Jornal Fatos e Not\u00edcias"},"image":{"@id":"https:\/\/jornalfatosenoticias.com.br\/#\/schema\/logo\/image\/"}},{"@type":"Person","@id":"https:\/\/jornalfatosenoticias.com.br\/#\/schema\/person\/05c46cc25b42a5c27e004fb0fa6b4965","name":"Haroldo Filho","image":{"@type":"ImageObject","inLanguage":"pt-BR","@id":"https:\/\/jornalfatosenoticias.com.br\/#\/schema\/person\/image\/","url":"https:\/\/jornalfatosenoticias.com.br\/wp-content\/uploads\/2025\/08\/WhatsApp-Image-2025-08-18-at-15.30.28-150x150.jpeg","contentUrl":"https:\/\/jornalfatosenoticias.com.br\/wp-content\/uploads\/2025\/08\/WhatsApp-Image-2025-08-18-at-15.30.28-150x150.jpeg","caption":"Haroldo Filho"},"description":"Jornalista \u2013 DRT: 0003818\/ES Coordenador-geral da ONG Educar para Crescer","url":"https:\/\/jornalfatosenoticias.com.br\/index.php\/author\/haroldo\/"}]}},"cc_featured_image_caption":{"caption_text":"(Foto: AFP)","source_text":"","source_url":""},"jetpack_featured_media_url":"https:\/\/jornalfatosenoticias.com.br\/wp-content\/uploads\/2023\/11\/molusco_obras-inacabadas.jpeg","_links":{"self":[{"href":"https:\/\/jornalfatosenoticias.com.br\/index.php\/wp-json\/wp\/v2\/posts\/46591","targetHints":{"allow":["GET"]}}],"collection":[{"href":"https:\/\/jornalfatosenoticias.com.br\/index.php\/wp-json\/wp\/v2\/posts"}],"about":[{"href":"https:\/\/jornalfatosenoticias.com.br\/index.php\/wp-json\/wp\/v2\/types\/post"}],"author":[{"embeddable":true,"href":"https:\/\/jornalfatosenoticias.com.br\/index.php\/wp-json\/wp\/v2\/users\/3"}],"replies":[{"embeddable":true,"href":"https:\/\/jornalfatosenoticias.com.br\/index.php\/wp-json\/wp\/v2\/comments?post=46591"}],"version-history":[{"count":0,"href":"https:\/\/jornalfatosenoticias.com.br\/index.php\/wp-json\/wp\/v2\/posts\/46591\/revisions"}],"wp:featuredmedia":[{"embeddable":true,"href":"https:\/\/jornalfatosenoticias.com.br\/index.php\/wp-json\/wp\/v2\/media\/46599"}],"wp:attachment":[{"href":"https:\/\/jornalfatosenoticias.com.br\/index.php\/wp-json\/wp\/v2\/media?parent=46591"}],"wp:term":[{"taxonomy":"category","embeddable":true,"href":"https:\/\/jornalfatosenoticias.com.br\/index.php\/wp-json\/wp\/v2\/categories?post=46591"},{"taxonomy":"post_tag","embeddable":true,"href":"https:\/\/jornalfatosenoticias.com.br\/index.php\/wp-json\/wp\/v2\/tags?post=46591"}],"curies":[{"name":"wp","href":"https:\/\/api.w.org\/{rel}","templated":true}]}}