{"id":46601,"date":"2023-11-02T16:02:10","date_gmt":"2023-11-02T19:02:10","guid":{"rendered":"https:\/\/jornalfatosenoticias.com.br\/?p=46601"},"modified":"2023-11-02T16:02:11","modified_gmt":"2023-11-02T19:02:11","slug":"a-importancia-da-saude-bucal","status":"publish","type":"post","link":"https:\/\/jornalfatosenoticias.com.br\/index.php\/2023\/11\/02\/a-importancia-da-saude-bucal\/","title":{"rendered":"A import\u00e2ncia da sa\u00fade bucal"},"content":{"rendered":"\n<div class=\"wp-block-image is-style-rounded\"><figure class=\"alignleft size-large is-resized\"><img loading=\"lazy\" decoding=\"async\" src=\"https:\/\/jornalfatosenoticias.com.br\/wp-content\/uploads\/2023\/11\/Mariana_Louzada_jornal-removebg-preview.png\" alt=\"\" class=\"wp-image-46602\" width=\"111\" height=\"154\"\/><figcaption><span class=\"has-inline-color has-black-color\"><em>Por <strong>Mariana Louzada<\/strong><\/em><\/span><\/figcaption><\/figure><\/div>\n\n\n\n<p>A import\u00e2ncia da sa\u00fade bucal aparece cada vez mais como um aspecto fundamental para o bem-estar geral de uma pessoa. A boca desempenha um papel crucial na alimenta\u00e7\u00e3o, na fala e na intera\u00e7\u00e3o social, al\u00e9m de ser um reflexo da sa\u00fade do corpo como um todo. Nesse sentido, cuidar adequadamente dessa parte corporal previne uma s\u00e9rie de problemas e garante uma vida saud\u00e1vel.<br>Uma boca higienizada \u00e9 um ambiente menos prop\u00edcio para o desenvolvimento de c\u00e1ries, gengivite, periodontite e outras doen\u00e7as bucais.<\/p>\n\n\n\n<div class=\"wp-block-image\"><figure class=\"aligncenter size-large\"><img loading=\"lazy\" decoding=\"async\" width=\"300\" height=\"250\" src=\"https:\/\/jornalfatosenoticias.com.br\/wp-content\/uploads\/2022\/08\/arte-Casarao.jpg\" alt=\"\" class=\"wp-image-33178\"\/><\/figure><\/div>\n\n\n\n<p>Dessa forma, \u00e9 importante adotar uma rotina regular de preven\u00e7\u00f5es para manter a sa\u00fade bucal em dia, como por exemplo: uso do fio dental pelo menos uma vez ao dia, escova\u00e7\u00e3o sempre ap\u00f3s se alimentar e visita ao dentista a cada seis meses para avalia\u00e7\u00f5es cl\u00ednicas e radiogr\u00e1ficas, aplica\u00e7\u00e3o de fl\u00faor, remo\u00e7\u00e3o de t\u00e1rtaro dental, orienta\u00e7\u00e3o de uma dieta com menor consumo de a\u00e7\u00facar, principalmente \u00e0 noite, onde a produ\u00e7\u00e3o de saliva diminui, dando espa\u00e7o a maior prolifera\u00e7\u00e3o de bact\u00e9rias causadores da c\u00e1rie. <\/p>\n\n\n\n<div class=\"wp-block-image\"><figure class=\"aligncenter size-large\"><img decoding=\"async\" src=\"https:\/\/jornalfatosenoticias.com.br\/wp-content\/uploads\/2020\/02\/logo_esteio.jpg\" alt=\"\" class=\"wp-image-1214\"\/><\/figure><\/div>\n\n\n\n<p>A preven\u00e7\u00e3o segue sendo o \u201cmelhor rem\u00e9dio\u201d em busca de uma condi\u00e7\u00e3o bucal mais saud\u00e1vel, sem maiores interven\u00e7\u00f5es cir\u00fargicas e oferecendo uma melhor condi\u00e7\u00e3o e satisfa\u00e7\u00e3o ao paciente.<\/p>\n\n\n\n<div class=\"wp-block-image\"><figure class=\"aligncenter size-large is-resized\"><img loading=\"lazy\" decoding=\"async\" src=\"https:\/\/jornalfatosenoticias.com.br\/wp-content\/uploads\/2023\/11\/consultorio-odontologico_mariana-louzada.jpg\" alt=\"\" class=\"wp-image-46603\" width=\"380\" height=\"217\"\/><\/figure><\/div>\n\n\n\n<p><strong><span class=\"has-inline-color has-black-color\">Mariana Louzada<br><\/span><\/strong><em><span class=\"has-inline-color has-black-color\">Cirurgi\u00e3 dentista pela Faesa 2012\/2<br>Especialista em Pr\u00f3tese ABO\/ES 2016<br>P\u00f3s-Graduada em Cirurgia Oral ABO\/ES 2018<br>Minirresid\u00eancia em Harmoniza\u00e7\u00e3o Orofacial FDU 2020<\/span><\/em><\/p>\n","protected":false},"excerpt":{"rendered":"<p>A import\u00e2ncia da sa\u00fade bucal aparece cada vez mais como um aspecto fundamental para o bem-estar geral de uma pessoa. A boca desempenha um papel crucial na alimenta\u00e7\u00e3o, na fala e na intera\u00e7\u00e3o social, al\u00e9m de ser um reflexo da sa\u00fade do corpo como um todo. Nesse sentido, cuidar adequadamente dessa parte corporal previne uma [&hellip;]<\/p>\n","protected":false},"author":2,"featured_media":46604,"comment_status":"open","ping_status":"open","sticky":false,"template":"","format":"standard","meta":{"footnotes":""},"categories":[11],"tags":[564,21898,21900,21899,9360,17126,9352],"class_list":["post-46601","post","type-post","status-publish","format-standard","has-post-thumbnail","hentry","category-saude","tag-boca","tag-caries","tag-doencas-bucais","tag-gengivite","tag-higiene","tag-periodontite","tag-saude-bucal"],"yoast_head":"<!-- This site is optimized with the Yoast SEO plugin v26.5 - https:\/\/yoast.com\/wordpress\/plugins\/seo\/ -->\n<title>A import\u00e2ncia da sa\u00fade bucal - Jornal Fatos e Not\u00edcias<\/title>\n<meta name=\"robots\" content=\"index, follow, max-snippet:-1, max-image-preview:large, max-video-preview:-1\" \/>\n<link rel=\"canonical\" href=\"https:\/\/jornalfatosenoticias.com.br\/index.php\/2023\/11\/02\/a-importancia-da-saude-bucal\/\" \/>\n<meta property=\"og:locale\" content=\"pt_BR\" \/>\n<meta property=\"og:type\" content=\"article\" \/>\n<meta property=\"og:title\" content=\"A import\u00e2ncia da sa\u00fade bucal - Jornal Fatos e Not\u00edcias\" \/>\n<meta property=\"og:description\" content=\"A import\u00e2ncia da sa\u00fade bucal aparece cada vez mais como um aspecto fundamental para o bem-estar geral de uma pessoa. A boca desempenha um papel crucial na alimenta\u00e7\u00e3o, na fala e na intera\u00e7\u00e3o social, al\u00e9m de ser um reflexo da sa\u00fade do corpo como um todo. Nesse sentido, cuidar adequadamente dessa parte corporal previne uma [&hellip;]\" \/>\n<meta property=\"og:url\" content=\"https:\/\/jornalfatosenoticias.com.br\/index.php\/2023\/11\/02\/a-importancia-da-saude-bucal\/\" \/>\n<meta property=\"og:site_name\" content=\"Jornal Fatos e Not\u00edcias\" \/>\n<meta property=\"article:published_time\" content=\"2023-11-02T19:02:10+00:00\" \/>\n<meta property=\"article:modified_time\" content=\"2023-11-02T19:02:11+00:00\" \/>\n<meta property=\"og:image\" content=\"https:\/\/jornalfatosenoticias.com.br\/wp-content\/uploads\/2023\/11\/saude-bucal.jpg\" \/>\n\t<meta property=\"og:image:width\" content=\"612\" \/>\n\t<meta property=\"og:image:height\" content=\"406\" \/>\n\t<meta property=\"og:image:type\" content=\"image\/jpeg\" \/>\n<meta name=\"author\" content=\"Luzimara Fernandes\" \/>\n<meta name=\"twitter:card\" content=\"summary_large_image\" \/>\n<meta name=\"twitter:label1\" content=\"Escrito por\" \/>\n\t<meta name=\"twitter:data1\" content=\"Luzimara Fernandes\" \/>\n\t<meta name=\"twitter:label2\" content=\"Est. tempo de leitura\" \/>\n\t<meta name=\"twitter:data2\" content=\"1 minuto\" \/>\n<script type=\"application\/ld+json\" class=\"yoast-schema-graph\">{\"@context\":\"https:\/\/schema.org\",\"@graph\":[{\"@type\":\"Article\",\"@id\":\"https:\/\/jornalfatosenoticias.com.br\/index.php\/2023\/11\/02\/a-importancia-da-saude-bucal\/#article\",\"isPartOf\":{\"@id\":\"https:\/\/jornalfatosenoticias.com.br\/index.php\/2023\/11\/02\/a-importancia-da-saude-bucal\/\"},\"author\":{\"name\":\"Luzimara Fernandes\",\"@id\":\"https:\/\/jornalfatosenoticias.com.br\/#\/schema\/person\/d63837fa13ac8666eb9e74e0985d6f81\"},\"headline\":\"A import\u00e2ncia da sa\u00fade bucal\",\"datePublished\":\"2023-11-02T19:02:10+00:00\",\"dateModified\":\"2023-11-02T19:02:11+00:00\",\"mainEntityOfPage\":{\"@id\":\"https:\/\/jornalfatosenoticias.com.br\/index.php\/2023\/11\/02\/a-importancia-da-saude-bucal\/\"},\"wordCount\":263,\"commentCount\":0,\"publisher\":{\"@id\":\"https:\/\/jornalfatosenoticias.com.br\/#organization\"},\"image\":{\"@id\":\"https:\/\/jornalfatosenoticias.com.br\/index.php\/2023\/11\/02\/a-importancia-da-saude-bucal\/#primaryimage\"},\"thumbnailUrl\":\"https:\/\/jornalfatosenoticias.com.br\/wp-content\/uploads\/2023\/11\/saude-bucal.jpg\",\"keywords\":[\"boca\",\"c\u00e1ries\",\"doen\u00e7as bucais\",\"gengivite\",\"higiene\",\"periodontite\",\"sa\u00fade bucal\"],\"articleSection\":[\"Sa\u00fade\"],\"inLanguage\":\"pt-BR\",\"potentialAction\":[{\"@type\":\"CommentAction\",\"name\":\"Comment\",\"target\":[\"https:\/\/jornalfatosenoticias.com.br\/index.php\/2023\/11\/02\/a-importancia-da-saude-bucal\/#respond\"]}]},{\"@type\":\"WebPage\",\"@id\":\"https:\/\/jornalfatosenoticias.com.br\/index.php\/2023\/11\/02\/a-importancia-da-saude-bucal\/\",\"url\":\"https:\/\/jornalfatosenoticias.com.br\/index.php\/2023\/11\/02\/a-importancia-da-saude-bucal\/\",\"name\":\"A import\u00e2ncia da sa\u00fade bucal - Jornal Fatos e Not\u00edcias\",\"isPartOf\":{\"@id\":\"https:\/\/jornalfatosenoticias.com.br\/#website\"},\"primaryImageOfPage\":{\"@id\":\"https:\/\/jornalfatosenoticias.com.br\/index.php\/2023\/11\/02\/a-importancia-da-saude-bucal\/#primaryimage\"},\"image\":{\"@id\":\"https:\/\/jornalfatosenoticias.com.br\/index.php\/2023\/11\/02\/a-importancia-da-saude-bucal\/#primaryimage\"},\"thumbnailUrl\":\"https:\/\/jornalfatosenoticias.com.br\/wp-content\/uploads\/2023\/11\/saude-bucal.jpg\",\"datePublished\":\"2023-11-02T19:02:10+00:00\",\"dateModified\":\"2023-11-02T19:02:11+00:00\",\"breadcrumb\":{\"@id\":\"https:\/\/jornalfatosenoticias.com.br\/index.php\/2023\/11\/02\/a-importancia-da-saude-bucal\/#breadcrumb\"},\"inLanguage\":\"pt-BR\",\"potentialAction\":[{\"@type\":\"ReadAction\",\"target\":[\"https:\/\/jornalfatosenoticias.com.br\/index.php\/2023\/11\/02\/a-importancia-da-saude-bucal\/\"]}]},{\"@type\":\"ImageObject\",\"inLanguage\":\"pt-BR\",\"@id\":\"https:\/\/jornalfatosenoticias.com.br\/index.php\/2023\/11\/02\/a-importancia-da-saude-bucal\/#primaryimage\",\"url\":\"https:\/\/jornalfatosenoticias.com.br\/wp-content\/uploads\/2023\/11\/saude-bucal.jpg\",\"contentUrl\":\"https:\/\/jornalfatosenoticias.com.br\/wp-content\/uploads\/2023\/11\/saude-bucal.jpg\",\"width\":612,\"height\":406,\"caption\":\"Closeup of dentist tools and mouth open with beautiful teeth\"},{\"@type\":\"BreadcrumbList\",\"@id\":\"https:\/\/jornalfatosenoticias.com.br\/index.php\/2023\/11\/02\/a-importancia-da-saude-bucal\/#breadcrumb\",\"itemListElement\":[{\"@type\":\"ListItem\",\"position\":1,\"name\":\"In\u00edcio\",\"item\":\"https:\/\/jornalfatosenoticias.com.br\/\"},{\"@type\":\"ListItem\",\"position\":2,\"name\":\"A import\u00e2ncia da sa\u00fade bucal\"}]},{\"@type\":\"WebSite\",\"@id\":\"https:\/\/jornalfatosenoticias.com.br\/#website\",\"url\":\"https:\/\/jornalfatosenoticias.com.br\/\",\"name\":\"Jornal Fatos e Not\u00edcias\",\"description\":\"Not\u00edcias em geral\",\"publisher\":{\"@id\":\"https:\/\/jornalfatosenoticias.com.br\/#organization\"},\"potentialAction\":[{\"@type\":\"SearchAction\",\"target\":{\"@type\":\"EntryPoint\",\"urlTemplate\":\"https:\/\/jornalfatosenoticias.com.br\/?s={search_term_string}\"},\"query-input\":{\"@type\":\"PropertyValueSpecification\",\"valueRequired\":true,\"valueName\":\"search_term_string\"}}],\"inLanguage\":\"pt-BR\"},{\"@type\":\"Organization\",\"@id\":\"https:\/\/jornalfatosenoticias.com.br\/#organization\",\"name\":\"Jornal Fatos e Not\u00edcias\",\"url\":\"https:\/\/jornalfatosenoticias.com.br\/\",\"logo\":{\"@type\":\"ImageObject\",\"inLanguage\":\"pt-BR\",\"@id\":\"https:\/\/jornalfatosenoticias.com.br\/#\/schema\/logo\/image\/\",\"url\":\"https:\/\/jornalfatosenoticias.com.br\/wp-content\/uploads\/2020\/02\/logo120.png\",\"contentUrl\":\"https:\/\/jornalfatosenoticias.com.br\/wp-content\/uploads\/2020\/02\/logo120.png\",\"width\":1227,\"height\":120,\"caption\":\"Jornal Fatos e Not\u00edcias\"},\"image\":{\"@id\":\"https:\/\/jornalfatosenoticias.com.br\/#\/schema\/logo\/image\/\"}},{\"@type\":\"Person\",\"@id\":\"https:\/\/jornalfatosenoticias.com.br\/#\/schema\/person\/d63837fa13ac8666eb9e74e0985d6f81\",\"name\":\"Luzimara Fernandes\",\"image\":{\"@type\":\"ImageObject\",\"inLanguage\":\"pt-BR\",\"@id\":\"https:\/\/jornalfatosenoticias.com.br\/#\/schema\/person\/image\/\",\"url\":\"https:\/\/jornalfatosenoticias.com.br\/wp-content\/uploads\/2025\/05\/EU_portal.jpg\",\"contentUrl\":\"https:\/\/jornalfatosenoticias.com.br\/wp-content\/uploads\/2025\/05\/EU_portal.jpg\",\"caption\":\"Luzimara Fernandes\"},\"description\":\"Jornalista MTB 2358-ES\",\"sameAs\":[\"https:\/\/jornalfatosenoticias.com.br\"],\"url\":\"https:\/\/jornalfatosenoticias.com.br\/index.php\/author\/luzimara\/\"}]}<\/script>\n<!-- \/ Yoast SEO plugin. -->","yoast_head_json":{"title":"A import\u00e2ncia da sa\u00fade bucal - Jornal Fatos e Not\u00edcias","robots":{"index":"index","follow":"follow","max-snippet":"max-snippet:-1","max-image-preview":"max-image-preview:large","max-video-preview":"max-video-preview:-1"},"canonical":"https:\/\/jornalfatosenoticias.com.br\/index.php\/2023\/11\/02\/a-importancia-da-saude-bucal\/","og_locale":"pt_BR","og_type":"article","og_title":"A import\u00e2ncia da sa\u00fade bucal - Jornal Fatos e Not\u00edcias","og_description":"A import\u00e2ncia da sa\u00fade bucal aparece cada vez mais como um aspecto fundamental para o bem-estar geral de uma pessoa. A boca desempenha um papel crucial na alimenta\u00e7\u00e3o, na fala e na intera\u00e7\u00e3o social, al\u00e9m de ser um reflexo da sa\u00fade do corpo como um todo. Nesse sentido, cuidar adequadamente dessa parte corporal previne uma [&hellip;]","og_url":"https:\/\/jornalfatosenoticias.com.br\/index.php\/2023\/11\/02\/a-importancia-da-saude-bucal\/","og_site_name":"Jornal Fatos e Not\u00edcias","article_published_time":"2023-11-02T19:02:10+00:00","article_modified_time":"2023-11-02T19:02:11+00:00","og_image":[{"width":612,"height":406,"url":"https:\/\/jornalfatosenoticias.com.br\/wp-content\/uploads\/2023\/11\/saude-bucal.jpg","type":"image\/jpeg"}],"author":"Luzimara Fernandes","twitter_card":"summary_large_image","twitter_misc":{"Escrito por":"Luzimara Fernandes","Est. tempo de leitura":"1 minuto"},"schema":{"@context":"https:\/\/schema.org","@graph":[{"@type":"Article","@id":"https:\/\/jornalfatosenoticias.com.br\/index.php\/2023\/11\/02\/a-importancia-da-saude-bucal\/#article","isPartOf":{"@id":"https:\/\/jornalfatosenoticias.com.br\/index.php\/2023\/11\/02\/a-importancia-da-saude-bucal\/"},"author":{"name":"Luzimara Fernandes","@id":"https:\/\/jornalfatosenoticias.com.br\/#\/schema\/person\/d63837fa13ac8666eb9e74e0985d6f81"},"headline":"A import\u00e2ncia da sa\u00fade bucal","datePublished":"2023-11-02T19:02:10+00:00","dateModified":"2023-11-02T19:02:11+00:00","mainEntityOfPage":{"@id":"https:\/\/jornalfatosenoticias.com.br\/index.php\/2023\/11\/02\/a-importancia-da-saude-bucal\/"},"wordCount":263,"commentCount":0,"publisher":{"@id":"https:\/\/jornalfatosenoticias.com.br\/#organization"},"image":{"@id":"https:\/\/jornalfatosenoticias.com.br\/index.php\/2023\/11\/02\/a-importancia-da-saude-bucal\/#primaryimage"},"thumbnailUrl":"https:\/\/jornalfatosenoticias.com.br\/wp-content\/uploads\/2023\/11\/saude-bucal.jpg","keywords":["boca","c\u00e1ries","doen\u00e7as bucais","gengivite","higiene","periodontite","sa\u00fade bucal"],"articleSection":["Sa\u00fade"],"inLanguage":"pt-BR","potentialAction":[{"@type":"CommentAction","name":"Comment","target":["https:\/\/jornalfatosenoticias.com.br\/index.php\/2023\/11\/02\/a-importancia-da-saude-bucal\/#respond"]}]},{"@type":"WebPage","@id":"https:\/\/jornalfatosenoticias.com.br\/index.php\/2023\/11\/02\/a-importancia-da-saude-bucal\/","url":"https:\/\/jornalfatosenoticias.com.br\/index.php\/2023\/11\/02\/a-importancia-da-saude-bucal\/","name":"A import\u00e2ncia da sa\u00fade bucal - Jornal Fatos e Not\u00edcias","isPartOf":{"@id":"https:\/\/jornalfatosenoticias.com.br\/#website"},"primaryImageOfPage":{"@id":"https:\/\/jornalfatosenoticias.com.br\/index.php\/2023\/11\/02\/a-importancia-da-saude-bucal\/#primaryimage"},"image":{"@id":"https:\/\/jornalfatosenoticias.com.br\/index.php\/2023\/11\/02\/a-importancia-da-saude-bucal\/#primaryimage"},"thumbnailUrl":"https:\/\/jornalfatosenoticias.com.br\/wp-content\/uploads\/2023\/11\/saude-bucal.jpg","datePublished":"2023-11-02T19:02:10+00:00","dateModified":"2023-11-02T19:02:11+00:00","breadcrumb":{"@id":"https:\/\/jornalfatosenoticias.com.br\/index.php\/2023\/11\/02\/a-importancia-da-saude-bucal\/#breadcrumb"},"inLanguage":"pt-BR","potentialAction":[{"@type":"ReadAction","target":["https:\/\/jornalfatosenoticias.com.br\/index.php\/2023\/11\/02\/a-importancia-da-saude-bucal\/"]}]},{"@type":"ImageObject","inLanguage":"pt-BR","@id":"https:\/\/jornalfatosenoticias.com.br\/index.php\/2023\/11\/02\/a-importancia-da-saude-bucal\/#primaryimage","url":"https:\/\/jornalfatosenoticias.com.br\/wp-content\/uploads\/2023\/11\/saude-bucal.jpg","contentUrl":"https:\/\/jornalfatosenoticias.com.br\/wp-content\/uploads\/2023\/11\/saude-bucal.jpg","width":612,"height":406,"caption":"Closeup of dentist tools and mouth open with beautiful teeth"},{"@type":"BreadcrumbList","@id":"https:\/\/jornalfatosenoticias.com.br\/index.php\/2023\/11\/02\/a-importancia-da-saude-bucal\/#breadcrumb","itemListElement":[{"@type":"ListItem","position":1,"name":"In\u00edcio","item":"https:\/\/jornalfatosenoticias.com.br\/"},{"@type":"ListItem","position":2,"name":"A import\u00e2ncia da sa\u00fade bucal"}]},{"@type":"WebSite","@id":"https:\/\/jornalfatosenoticias.com.br\/#website","url":"https:\/\/jornalfatosenoticias.com.br\/","name":"Jornal Fatos e Not\u00edcias","description":"Not\u00edcias em geral","publisher":{"@id":"https:\/\/jornalfatosenoticias.com.br\/#organization"},"potentialAction":[{"@type":"SearchAction","target":{"@type":"EntryPoint","urlTemplate":"https:\/\/jornalfatosenoticias.com.br\/?s={search_term_string}"},"query-input":{"@type":"PropertyValueSpecification","valueRequired":true,"valueName":"search_term_string"}}],"inLanguage":"pt-BR"},{"@type":"Organization","@id":"https:\/\/jornalfatosenoticias.com.br\/#organization","name":"Jornal Fatos e Not\u00edcias","url":"https:\/\/jornalfatosenoticias.com.br\/","logo":{"@type":"ImageObject","inLanguage":"pt-BR","@id":"https:\/\/jornalfatosenoticias.com.br\/#\/schema\/logo\/image\/","url":"https:\/\/jornalfatosenoticias.com.br\/wp-content\/uploads\/2020\/02\/logo120.png","contentUrl":"https:\/\/jornalfatosenoticias.com.br\/wp-content\/uploads\/2020\/02\/logo120.png","width":1227,"height":120,"caption":"Jornal Fatos e Not\u00edcias"},"image":{"@id":"https:\/\/jornalfatosenoticias.com.br\/#\/schema\/logo\/image\/"}},{"@type":"Person","@id":"https:\/\/jornalfatosenoticias.com.br\/#\/schema\/person\/d63837fa13ac8666eb9e74e0985d6f81","name":"Luzimara Fernandes","image":{"@type":"ImageObject","inLanguage":"pt-BR","@id":"https:\/\/jornalfatosenoticias.com.br\/#\/schema\/person\/image\/","url":"https:\/\/jornalfatosenoticias.com.br\/wp-content\/uploads\/2025\/05\/EU_portal.jpg","contentUrl":"https:\/\/jornalfatosenoticias.com.br\/wp-content\/uploads\/2025\/05\/EU_portal.jpg","caption":"Luzimara Fernandes"},"description":"Jornalista MTB 2358-ES","sameAs":["https:\/\/jornalfatosenoticias.com.br"],"url":"https:\/\/jornalfatosenoticias.com.br\/index.php\/author\/luzimara\/"}]}},"cc_featured_image_caption":{"caption_text":"(Foto: iStock) ","source_text":"","source_url":""},"jetpack_featured_media_url":"https:\/\/jornalfatosenoticias.com.br\/wp-content\/uploads\/2023\/11\/saude-bucal.jpg","_links":{"self":[{"href":"https:\/\/jornalfatosenoticias.com.br\/index.php\/wp-json\/wp\/v2\/posts\/46601","targetHints":{"allow":["GET"]}}],"collection":[{"href":"https:\/\/jornalfatosenoticias.com.br\/index.php\/wp-json\/wp\/v2\/posts"}],"about":[{"href":"https:\/\/jornalfatosenoticias.com.br\/index.php\/wp-json\/wp\/v2\/types\/post"}],"author":[{"embeddable":true,"href":"https:\/\/jornalfatosenoticias.com.br\/index.php\/wp-json\/wp\/v2\/users\/2"}],"replies":[{"embeddable":true,"href":"https:\/\/jornalfatosenoticias.com.br\/index.php\/wp-json\/wp\/v2\/comments?post=46601"}],"version-history":[{"count":0,"href":"https:\/\/jornalfatosenoticias.com.br\/index.php\/wp-json\/wp\/v2\/posts\/46601\/revisions"}],"wp:featuredmedia":[{"embeddable":true,"href":"https:\/\/jornalfatosenoticias.com.br\/index.php\/wp-json\/wp\/v2\/media\/46604"}],"wp:attachment":[{"href":"https:\/\/jornalfatosenoticias.com.br\/index.php\/wp-json\/wp\/v2\/media?parent=46601"}],"wp:term":[{"taxonomy":"category","embeddable":true,"href":"https:\/\/jornalfatosenoticias.com.br\/index.php\/wp-json\/wp\/v2\/categories?post=46601"},{"taxonomy":"post_tag","embeddable":true,"href":"https:\/\/jornalfatosenoticias.com.br\/index.php\/wp-json\/wp\/v2\/tags?post=46601"}],"curies":[{"name":"wp","href":"https:\/\/api.w.org\/{rel}","templated":true}]}}