{"id":46606,"date":"2023-11-03T16:29:50","date_gmt":"2023-11-03T19:29:50","guid":{"rendered":"https:\/\/jornalfatosenoticias.com.br\/?p=46606"},"modified":"2023-11-03T16:29:51","modified_gmt":"2023-11-03T19:29:51","slug":"robos-aspiradores-de-som-prometem-criar-zonas-de-silencio","status":"publish","type":"post","link":"https:\/\/jornalfatosenoticias.com.br\/index.php\/2023\/11\/03\/robos-aspiradores-de-som-prometem-criar-zonas-de-silencio\/","title":{"rendered":"Rob\u00f4s aspiradores de som prometem criar zonas de sil\u00eancio"},"content":{"rendered":"\n<p><span class=\"has-inline-color has-black-color\"><em>Os pequenos &#8220;rob\u00f4s aspiradores de som&#8221;, que na verdade s\u00e3o microfones, posicionam-se automaticamente sobre as mesas<\/em><\/span><\/p>\n\n\n\n<div class=\"wp-block-image\"><figure class=\"aligncenter size-large is-resized\"><img loading=\"lazy\" decoding=\"async\" src=\"https:\/\/jornalfatosenoticias.com.br\/wp-content\/uploads\/2023\/09\/vetorvix1024_1.jpg\" alt=\"\" class=\"wp-image-44868\" width=\"494\" height=\"131\" srcset=\"https:\/\/jornalfatosenoticias.com.br\/wp-content\/uploads\/2023\/09\/vetorvix1024_1.jpg 1024w, https:\/\/jornalfatosenoticias.com.br\/wp-content\/uploads\/2023\/09\/vetorvix1024_1-300x80.jpg 300w, https:\/\/jornalfatosenoticias.com.br\/wp-content\/uploads\/2023\/09\/vetorvix1024_1-768x205.jpg 768w\" sizes=\"auto, (max-width: 494px) 100vw, 494px\" \/><\/figure><\/div>\n\n\n\n<p>Algoritmos de intelig\u00eancia artificial capazes de aprender a lidar com ac\u00fastica conseguiram controlar um sistema de microfones para que ele silencie \u00e1reas escolhidas de uma sala ou separe conversas simult\u00e2neas, mesmo que duas pessoas com vozes semelhantes estejam sentadas lado a lado.<br>O sistema ac\u00fastico inteligente adaptativo usa microfones para rastrear os sons e dividir a sala em zonas de sonoridade ou sil\u00eancio. Embora isto ainda n\u00e3o esteja totalmente implementado, a ideia \u00e9 que as informa\u00e7\u00f5es dos microfones sejam processadas e usadas para controlar um sistema de alto-falantes.<br>Lembrando uma pequena frota de aspiradores de p\u00f3 rob\u00f3ticos, s\u00f3 que muito menores (2,5cm de di\u00e2metro cada um), os microfones se autoposicionam para fazer seu trabalho, retornando automaticamente para uma esta\u00e7\u00e3o de carregamento quando ficam sem energia. Isso permite que o sistema seja movido entre ambientes e configurado automaticamente. Numa sala de confer\u00eancias, por exemplo, o sistema pode ser implantado em substitui\u00e7\u00e3o aos atuais sistemas de microfone central, permitindo um melhor controle do \u00e1udio na sala.<\/p>\n\n\n\n<div class=\"wp-block-image\"><figure class=\"aligncenter size-large\"><img loading=\"lazy\" decoding=\"async\" width=\"300\" height=\"250\" src=\"https:\/\/jornalfatosenoticias.com.br\/wp-content\/uploads\/2022\/02\/FERRARI_MAQUINAS-E-FERRAMENTAS2.jpg\" alt=\"\" class=\"wp-image-27860\"\/><\/figure><\/div>\n\n\n\n<blockquote class=\"wp-block-quote is-layout-flow wp-block-quote-is-layout-flow\"><p><span class=\"has-inline-color has-luminous-vivid-orange-color\">Se eu fechar os olhos e houver 10 pessoas conversando em uma sala, n\u00e3o tenho ideia de quem est\u00e1 dizendo o que e onde exatamente elas est\u00e3o na sala. Isso \u00e9 extremamente dif\u00edcil para o c\u00e9rebro humano processar. At\u00e9 agora, tamb\u00e9m tem sido dif\u00edcil para a tecnologia,&#8221; comentou o professor Malek Itani, da Universidade de Washington. &#8220;Pela primeira vez, usando o que chamamos de &#8216;enxame ac\u00fastico&#8217; rob\u00f3tico, fomos capazes de rastrear as posi\u00e7\u00f5es de v\u00e1rias pessoas conversando em uma sala e separar suas falas&#8221;.<\/span><\/p><\/blockquote>\n\n\n\n<div class=\"wp-block-image\"><figure class=\"aligncenter size-large is-resized\"><img loading=\"lazy\" decoding=\"async\" src=\"https:\/\/jornalfatosenoticias.com.br\/wp-content\/uploads\/2020\/02\/CONTROL-CS.jpg\" alt=\"\" class=\"wp-image-44991\" width=\"300\" height=\"360\" srcset=\"https:\/\/jornalfatosenoticias.com.br\/wp-content\/uploads\/2020\/02\/CONTROL-CS.jpg 834w, https:\/\/jornalfatosenoticias.com.br\/wp-content\/uploads\/2020\/02\/CONTROL-CS-250x300.jpg 250w, https:\/\/jornalfatosenoticias.com.br\/wp-content\/uploads\/2020\/02\/CONTROL-CS-768x921.jpg 768w\" sizes=\"auto, (max-width: 300px) 100vw, 300px\" \/><\/figure><\/div>\n\n\n\n<p>Embora j\u00e1 existam <a href=\"https:\/\/www.inovacaotecnologica.com.br\/noticias\/noticia.php?artigo=camuflagem-acustica&amp;id=010160140312\">camuflagens ac\u00fasticas, para gerar \u00e1reas de sil\u00eancio absoluto<\/a>, t\u00e9cnicas para gerar\u00a0<a href=\"https:\/\/www.inovacaotecnologica.com.br\/noticias\/noticia.php?artigo=escudo-acustico-area-absoluto-silencio&amp;id=010160120102\">zonas de sil\u00eancio<\/a>,\u00a0<a href=\"https:\/\/www.inovacaotecnologica.com.br\/noticias\/noticia.php?artigo=absorvedor-acustico-perfeito&amp;id=010160140617\">absorvedores ac\u00fasticos perfeitos<\/a>\u00a0e at\u00e9\u00a0<a href=\"https:\/\/www.inovacaotecnologica.com.br\/noticias\/noticia.php?artigo=garrafa-acustica&amp;id=010160140806\">garrafas ac\u00fasticas<\/a>, sistemas rob\u00f3ticos autoimplant\u00e1veis, vers\u00e1teis o suficiente para funcionar em qualquer ambiente, exigiam o uso de c\u00e2meras suspensas, projetores ou superf\u00edcies especiais. Este novo sistema distribui com precis\u00e3o o enxame de rob\u00f4s usando apenas o pr\u00f3prio som.<\/p>\n\n\n\n<h3 class=\"wp-block-heading\"><strong><span class=\"has-inline-color has-black-color\">Controle do som ambiente<\/span><\/strong><\/h3>\n\n\n\n<div class=\"wp-block-image\"><figure class=\"aligncenter size-large\"><img loading=\"lazy\" decoding=\"async\" width=\"1000\" height=\"571\" src=\"https:\/\/jornalfatosenoticias.com.br\/wp-content\/uploads\/2023\/11\/robos-inteligentes-silenciam-ambiente2.jpg\" alt=\"\" class=\"wp-image-46607\" srcset=\"https:\/\/jornalfatosenoticias.com.br\/wp-content\/uploads\/2023\/11\/robos-inteligentes-silenciam-ambiente2.jpg 1000w, https:\/\/jornalfatosenoticias.com.br\/wp-content\/uploads\/2023\/11\/robos-inteligentes-silenciam-ambiente2-300x171.jpg 300w, https:\/\/jornalfatosenoticias.com.br\/wp-content\/uploads\/2023\/11\/robos-inteligentes-silenciam-ambiente2-768x439.jpg 768w\" sizes=\"auto, (max-width: 1000px) 100vw, 1000px\" \/><figcaption><em><span class=\"has-inline-color has-black-color\">Detalhes dos pequenos rob\u00f4s, que saem automaticamente de sua base de recarregamento (Imagem: Universidade Washington)<\/span><\/em><\/figcaption><\/figure><\/div>\n\n\n\n<p>O prot\u00f3tipo da equipe consiste em sete pequenos rob\u00f4s que se espalham sobre mesas de qualquer tamanho. \u00c0 medida que deixam sua garagem, junto ao carregador, cada rob\u00f4 emite um som de alta frequ\u00eancia, como um morcego em voo, e usa essa frequ\u00eancia e outros sensores para evitar obst\u00e1culos e se movimentar sem cair da mesa. A implanta\u00e7\u00e3o autom\u00e1tica permite que os rob\u00f4s se posicionem com precis\u00e3o m\u00e1xima, permitindo maior controle de som do que se uma pessoa os configurasse.<\/p>\n\n\n\n<div class=\"wp-block-image\"><figure class=\"aligncenter size-large is-resized\"><img loading=\"lazy\" decoding=\"async\" src=\"https:\/\/jornalfatosenoticias.com.br\/wp-content\/uploads\/2023\/08\/ITH.jpeg\" alt=\"\" class=\"wp-image-44638\" width=\"323\" height=\"262\" srcset=\"https:\/\/jornalfatosenoticias.com.br\/wp-content\/uploads\/2023\/08\/ITH.jpeg 800w, https:\/\/jornalfatosenoticias.com.br\/wp-content\/uploads\/2023\/08\/ITH-300x244.jpeg 300w, https:\/\/jornalfatosenoticias.com.br\/wp-content\/uploads\/2023\/08\/ITH-768x624.jpeg 768w\" sizes=\"auto, (max-width: 323px) 100vw, 323px\" \/><\/figure><\/div>\n\n\n\n<p>Os rob\u00f4s se dispersam o mais longe poss\u00edvel uns dos outros, j\u00e1 que dist\u00e2ncias maiores facilitam a diferencia\u00e7\u00e3o e a localiza\u00e7\u00e3o das pessoas quando falam. Para compara\u00e7\u00e3o, os alto-falantes inteligentes que voc\u00ea compra hoje, principalmente para fun\u00e7\u00f5es de cancelamento de ru\u00eddo, t\u00eam v\u00e1rios microfones, mas agrupados no mesmo dispositivo, de modo que eles ficam pr\u00f3ximos demais para permitir as zonas &#8220;mudo&#8221; e &#8220;sil\u00eancio&#8221; ativas geradas por este sistema.<\/p>\n\n\n\n<div class=\"wp-block-image\"><figure class=\"aligncenter size-large is-resized\"><img loading=\"lazy\" decoding=\"async\" src=\"https:\/\/jornalfatosenoticias.com.br\/wp-content\/uploads\/2022\/10\/RC_800x750_page-0001.jpg\" alt=\"\" class=\"wp-image-35338\" width=\"292\" height=\"274\" srcset=\"https:\/\/jornalfatosenoticias.com.br\/wp-content\/uploads\/2022\/10\/RC_800x750_page-0001.jpg 400w, https:\/\/jornalfatosenoticias.com.br\/wp-content\/uploads\/2022\/10\/RC_800x750_page-0001-300x281.jpg 300w\" sizes=\"auto, (max-width: 292px) 100vw, 292px\" \/><\/figure><\/div>\n\n\n\n<blockquote class=\"wp-block-quote is-layout-flow wp-block-quote-is-layout-flow\"><p><span class=\"has-inline-color has-luminous-vivid-orange-color\">Se eu tiver um microfone a 30 cent\u00edmetros de dist\u00e2ncia de mim e outro microfone a 60 cent\u00edmetros de dist\u00e2ncia, minha voz chegar\u00e1 primeiro ao microfone que est\u00e1 a 30 cent\u00edmetros de dist\u00e2ncia. Se outra pessoa estiver mais perto do microfone que est\u00e1 a 60 cent\u00edmetros de dist\u00e2ncia, a voz dela chegar\u00e1 l\u00e1 primeiro,&#8221; detalha Tuochao Chen, membro da equipe.<\/span><\/p><\/blockquote>\n\n\n\n<div class=\"wp-block-image\"><figure class=\"aligncenter size-large is-resized\"><img loading=\"lazy\" decoding=\"async\" src=\"https:\/\/jornalfatosenoticias.com.br\/wp-content\/uploads\/2023\/08\/LOGO-BLU-COMERCIAL-PRETO-1024x600.jpg\" alt=\"\" class=\"wp-image-44053\" width=\"360\" height=\"210\"\/><\/figure><\/div>\n\n\n\n<p>&#8220;Desenvolvemos redes neurais que usam esses sinais retardados no tempo para separar o que cada pessoa est\u00e1 dizendo e rastrear suas posi\u00e7\u00f5es em um espa\u00e7o. Assim, voc\u00ea pode ter quatro pessoas tendo duas conversas e isolar qualquer uma das quatro vozes e localizar cada uma das vozes em uma sala&#8221;.<\/p>\n\n\n\n<div class=\"wp-block-image\"><figure class=\"aligncenter size-large is-resized\"><img loading=\"lazy\" decoding=\"async\" src=\"https:\/\/jornalfatosenoticias.com.br\/wp-content\/uploads\/2023\/08\/Steel.jpeg\" alt=\"\" class=\"wp-image-44634\" width=\"344\" height=\"279\" srcset=\"https:\/\/jornalfatosenoticias.com.br\/wp-content\/uploads\/2023\/08\/Steel.jpeg 800w, https:\/\/jornalfatosenoticias.com.br\/wp-content\/uploads\/2023\/08\/Steel-300x244.jpeg 300w, https:\/\/jornalfatosenoticias.com.br\/wp-content\/uploads\/2023\/08\/Steel-768x624.jpeg 768w\" sizes=\"auto, (max-width: 344px) 100vw, 344px\" \/><\/figure><\/div>\n\n\n\n<p>A equipe testou os rob\u00f4s em escrit\u00f3rios, salas de estar e cozinhas com grupos de tr\u00eas a cinco pessoas conversando. Em todos esses ambientes, o sistema conseguiu discernir vozes diferentes a at\u00e9 50 cent\u00edmetros uma da outra em 90% do tempo, sem informa\u00e7\u00e3o pr\u00e9via sobre o n\u00famero de falantes. O sistema foi capaz de processar tr\u00eas segundos de \u00e1udio em 1,82 segundo em m\u00e9dia \u2014 r\u00e1pido o suficiente para transmiss\u00e3o ao vivo, embora um pouco lento para comunica\u00e7\u00f5es em tempo real, como chamadas de v\u00eddeo.<\/p>\n\n\n\n<div class=\"wp-block-image\"><figure class=\"aligncenter size-large is-resized\"><img loading=\"lazy\" decoding=\"async\" src=\"https:\/\/jornalfatosenoticias.com.br\/wp-content\/uploads\/2023\/08\/BKR-1024x1021.jpg\" alt=\"\" class=\"wp-image-44494\" width=\"319\" height=\"318\" srcset=\"https:\/\/jornalfatosenoticias.com.br\/wp-content\/uploads\/2023\/08\/BKR-1024x1021.jpg 1024w, https:\/\/jornalfatosenoticias.com.br\/wp-content\/uploads\/2023\/08\/BKR-300x300.jpg 300w, https:\/\/jornalfatosenoticias.com.br\/wp-content\/uploads\/2023\/08\/BKR-150x150.jpg 150w, https:\/\/jornalfatosenoticias.com.br\/wp-content\/uploads\/2023\/08\/BKR-768x766.jpg 768w, https:\/\/jornalfatosenoticias.com.br\/wp-content\/uploads\/2023\/08\/BKR.jpg 1080w\" sizes=\"auto, (max-width: 319px) 100vw, 319px\" \/><\/figure><\/div>\n\n\n\n<p><strong><span class=\"has-inline-color has-black-color\">Cone do sil\u00eancio<br><\/span><\/strong>\u00c0 medida que a tecnologia avan\u00e7ar, dizem os pesquisadores, enxames ac\u00fasticos poder\u00e3o ser implantados em casas inteligentes para diferenciar melhor as pessoas que falam com alto-falantes inteligentes. Isso poderia permitir que apenas pessoas sentadas em um sof\u00e1, em uma &#8220;zona ativa&#8221;, controlem vocalmente uma TV, por exemplo. Eles tamb\u00e9m pretendem que seu enxame de rob\u00f4s se torne capaz de navegar autonomamente por salas, e n\u00e3o apenas por mesas.<\/p>\n\n\n\n<div class=\"wp-block-image\"><figure class=\"aligncenter size-large is-resized\"><img loading=\"lazy\" decoding=\"async\" src=\"https:\/\/jornalfatosenoticias.com.br\/wp-content\/uploads\/2022\/10\/Arte-jornal-Zucchi-600x600_Prancheta-1-1024x1024.jpg\" alt=\"\" class=\"wp-image-34782\" width=\"316\" height=\"316\" srcset=\"https:\/\/jornalfatosenoticias.com.br\/wp-content\/uploads\/2022\/10\/Arte-jornal-Zucchi-600x600_Prancheta-1-1024x1024.jpg 1024w, https:\/\/jornalfatosenoticias.com.br\/wp-content\/uploads\/2022\/10\/Arte-jornal-Zucchi-600x600_Prancheta-1-300x300.jpg 300w, https:\/\/jornalfatosenoticias.com.br\/wp-content\/uploads\/2022\/10\/Arte-jornal-Zucchi-600x600_Prancheta-1-150x150.jpg 150w, https:\/\/jornalfatosenoticias.com.br\/wp-content\/uploads\/2022\/10\/Arte-jornal-Zucchi-600x600_Prancheta-1-768x768.jpg 768w, https:\/\/jornalfatosenoticias.com.br\/wp-content\/uploads\/2022\/10\/Arte-jornal-Zucchi-600x600_Prancheta-1.jpg 1250w\" sizes=\"auto, (max-width: 316px) 100vw, 316px\" \/><\/figure><\/div>\n\n\n\n<p>Mas a meta final \u00e9 chegar a um sistema no qual alto-falantes possam emitir sons para criar zonas ativas e zonas mudas no mundo real, para que pessoas em diferentes partes de uma sala possam ouvir \u00e1udios diferentes, algo como o &#8220;cone do sil\u00eancio&#8221; da s\u00e9rie Agente 86.<\/p>\n\n\n\n<p><strong><em>Fonte: <a href=\"https:\/\/www.inovacaotecnologica.com.br\/noticias\/noticia.php?artigo=robos-aspiradores-som-prometem-criar-zonas-silencio-sala&amp;id=010180230927\">Inova\u00e7\u00e3o Tecnol\u00f3gica<\/a><\/em><\/strong><\/p>\n","protected":false},"excerpt":{"rendered":"<p>Os pequenos &#8220;rob\u00f4s aspiradores de som&#8221;, que na verdade s\u00e3o microfones, posicionam-se automaticamente sobre as mesas Algoritmos de intelig\u00eancia artificial capazes de aprender a lidar com ac\u00fastica conseguiram controlar um sistema de microfones para que ele silencie \u00e1reas escolhidas de uma sala ou separe conversas simult\u00e2neas, mesmo que duas pessoas com vozes semelhantes estejam sentadas [&hellip;]<\/p>\n","protected":false},"author":2,"featured_media":46608,"comment_status":"open","ping_status":"open","sticky":false,"template":"","format":"standard","meta":{"footnotes":""},"categories":[3],"tags":[21901,21902,21903,21904,5959,21905],"class_list":["post-46606","post","type-post","status-publish","format-standard","has-post-thumbnail","hentry","category-tecnologia","tag-alto-falantes","tag-aspiradores","tag-robos-aspiradores","tag-robos-aspiradores-de-som","tag-som","tag-zonas-de-silencio"],"yoast_head":"<!-- This site is optimized with the Yoast SEO plugin v26.5 - https:\/\/yoast.com\/wordpress\/plugins\/seo\/ -->\n<title>Rob\u00f4s aspiradores de som prometem criar zonas de sil\u00eancio - Jornal Fatos e Not\u00edcias<\/title>\n<meta name=\"robots\" content=\"index, follow, max-snippet:-1, max-image-preview:large, max-video-preview:-1\" \/>\n<link rel=\"canonical\" href=\"https:\/\/jornalfatosenoticias.com.br\/index.php\/2023\/11\/03\/robos-aspiradores-de-som-prometem-criar-zonas-de-silencio\/\" \/>\n<meta property=\"og:locale\" content=\"pt_BR\" \/>\n<meta property=\"og:type\" content=\"article\" \/>\n<meta property=\"og:title\" content=\"Rob\u00f4s aspiradores de som prometem criar zonas de sil\u00eancio - Jornal Fatos e Not\u00edcias\" \/>\n<meta property=\"og:description\" content=\"Os pequenos &#8220;rob\u00f4s aspiradores de som&#8221;, que na verdade s\u00e3o microfones, posicionam-se automaticamente sobre as mesas Algoritmos de intelig\u00eancia artificial capazes de aprender a lidar com ac\u00fastica conseguiram controlar um sistema de microfones para que ele silencie \u00e1reas escolhidas de uma sala ou separe conversas simult\u00e2neas, mesmo que duas pessoas com vozes semelhantes estejam sentadas [&hellip;]\" \/>\n<meta property=\"og:url\" content=\"https:\/\/jornalfatosenoticias.com.br\/index.php\/2023\/11\/03\/robos-aspiradores-de-som-prometem-criar-zonas-de-silencio\/\" \/>\n<meta property=\"og:site_name\" content=\"Jornal Fatos e Not\u00edcias\" \/>\n<meta property=\"article:published_time\" content=\"2023-11-03T19:29:50+00:00\" \/>\n<meta property=\"article:modified_time\" content=\"2023-11-03T19:29:51+00:00\" \/>\n<meta property=\"og:image\" content=\"https:\/\/jornalfatosenoticias.com.br\/wp-content\/uploads\/2023\/11\/robos-inteligentes-silenciam-ambiente.jpg\" \/>\n\t<meta property=\"og:image:width\" content=\"1000\" \/>\n\t<meta property=\"og:image:height\" content=\"819\" \/>\n\t<meta property=\"og:image:type\" content=\"image\/jpeg\" \/>\n<meta name=\"author\" content=\"Luzimara Fernandes\" \/>\n<meta name=\"twitter:card\" content=\"summary_large_image\" \/>\n<meta name=\"twitter:label1\" content=\"Escrito por\" \/>\n\t<meta name=\"twitter:data1\" content=\"Luzimara Fernandes\" \/>\n\t<meta name=\"twitter:label2\" content=\"Est. tempo de leitura\" \/>\n\t<meta name=\"twitter:data2\" content=\"4 minutos\" \/>\n<script type=\"application\/ld+json\" class=\"yoast-schema-graph\">{\"@context\":\"https:\/\/schema.org\",\"@graph\":[{\"@type\":\"Article\",\"@id\":\"https:\/\/jornalfatosenoticias.com.br\/index.php\/2023\/11\/03\/robos-aspiradores-de-som-prometem-criar-zonas-de-silencio\/#article\",\"isPartOf\":{\"@id\":\"https:\/\/jornalfatosenoticias.com.br\/index.php\/2023\/11\/03\/robos-aspiradores-de-som-prometem-criar-zonas-de-silencio\/\"},\"author\":{\"name\":\"Luzimara Fernandes\",\"@id\":\"https:\/\/jornalfatosenoticias.com.br\/#\/schema\/person\/d63837fa13ac8666eb9e74e0985d6f81\"},\"headline\":\"Rob\u00f4s aspiradores de som prometem criar zonas de sil\u00eancio\",\"datePublished\":\"2023-11-03T19:29:50+00:00\",\"dateModified\":\"2023-11-03T19:29:51+00:00\",\"mainEntityOfPage\":{\"@id\":\"https:\/\/jornalfatosenoticias.com.br\/index.php\/2023\/11\/03\/robos-aspiradores-de-som-prometem-criar-zonas-de-silencio\/\"},\"wordCount\":899,\"commentCount\":0,\"publisher\":{\"@id\":\"https:\/\/jornalfatosenoticias.com.br\/#organization\"},\"image\":{\"@id\":\"https:\/\/jornalfatosenoticias.com.br\/index.php\/2023\/11\/03\/robos-aspiradores-de-som-prometem-criar-zonas-de-silencio\/#primaryimage\"},\"thumbnailUrl\":\"https:\/\/jornalfatosenoticias.com.br\/wp-content\/uploads\/2023\/11\/robos-inteligentes-silenciam-ambiente.jpg\",\"keywords\":[\"alto-falantes\",\"aspiradores\",\"rob\u00f4s aspiradores\",\"rob\u00f4s aspiradores de som\",\"som\",\"zonas de sil\u00eancio\"],\"articleSection\":[\"Tecnologia &amp; Inova\u00e7\u00e3o\"],\"inLanguage\":\"pt-BR\",\"potentialAction\":[{\"@type\":\"CommentAction\",\"name\":\"Comment\",\"target\":[\"https:\/\/jornalfatosenoticias.com.br\/index.php\/2023\/11\/03\/robos-aspiradores-de-som-prometem-criar-zonas-de-silencio\/#respond\"]}]},{\"@type\":\"WebPage\",\"@id\":\"https:\/\/jornalfatosenoticias.com.br\/index.php\/2023\/11\/03\/robos-aspiradores-de-som-prometem-criar-zonas-de-silencio\/\",\"url\":\"https:\/\/jornalfatosenoticias.com.br\/index.php\/2023\/11\/03\/robos-aspiradores-de-som-prometem-criar-zonas-de-silencio\/\",\"name\":\"Rob\u00f4s aspiradores de som prometem criar zonas de sil\u00eancio - Jornal Fatos e Not\u00edcias\",\"isPartOf\":{\"@id\":\"https:\/\/jornalfatosenoticias.com.br\/#website\"},\"primaryImageOfPage\":{\"@id\":\"https:\/\/jornalfatosenoticias.com.br\/index.php\/2023\/11\/03\/robos-aspiradores-de-som-prometem-criar-zonas-de-silencio\/#primaryimage\"},\"image\":{\"@id\":\"https:\/\/jornalfatosenoticias.com.br\/index.php\/2023\/11\/03\/robos-aspiradores-de-som-prometem-criar-zonas-de-silencio\/#primaryimage\"},\"thumbnailUrl\":\"https:\/\/jornalfatosenoticias.com.br\/wp-content\/uploads\/2023\/11\/robos-inteligentes-silenciam-ambiente.jpg\",\"datePublished\":\"2023-11-03T19:29:50+00:00\",\"dateModified\":\"2023-11-03T19:29:51+00:00\",\"breadcrumb\":{\"@id\":\"https:\/\/jornalfatosenoticias.com.br\/index.php\/2023\/11\/03\/robos-aspiradores-de-som-prometem-criar-zonas-de-silencio\/#breadcrumb\"},\"inLanguage\":\"pt-BR\",\"potentialAction\":[{\"@type\":\"ReadAction\",\"target\":[\"https:\/\/jornalfatosenoticias.com.br\/index.php\/2023\/11\/03\/robos-aspiradores-de-som-prometem-criar-zonas-de-silencio\/\"]}]},{\"@type\":\"ImageObject\",\"inLanguage\":\"pt-BR\",\"@id\":\"https:\/\/jornalfatosenoticias.com.br\/index.php\/2023\/11\/03\/robos-aspiradores-de-som-prometem-criar-zonas-de-silencio\/#primaryimage\",\"url\":\"https:\/\/jornalfatosenoticias.com.br\/wp-content\/uploads\/2023\/11\/robos-inteligentes-silenciam-ambiente.jpg\",\"contentUrl\":\"https:\/\/jornalfatosenoticias.com.br\/wp-content\/uploads\/2023\/11\/robos-inteligentes-silenciam-ambiente.jpg\",\"width\":1000,\"height\":819},{\"@type\":\"BreadcrumbList\",\"@id\":\"https:\/\/jornalfatosenoticias.com.br\/index.php\/2023\/11\/03\/robos-aspiradores-de-som-prometem-criar-zonas-de-silencio\/#breadcrumb\",\"itemListElement\":[{\"@type\":\"ListItem\",\"position\":1,\"name\":\"In\u00edcio\",\"item\":\"https:\/\/jornalfatosenoticias.com.br\/\"},{\"@type\":\"ListItem\",\"position\":2,\"name\":\"Rob\u00f4s aspiradores de som prometem criar zonas de sil\u00eancio\"}]},{\"@type\":\"WebSite\",\"@id\":\"https:\/\/jornalfatosenoticias.com.br\/#website\",\"url\":\"https:\/\/jornalfatosenoticias.com.br\/\",\"name\":\"Jornal Fatos e Not\u00edcias\",\"description\":\"Not\u00edcias em geral\",\"publisher\":{\"@id\":\"https:\/\/jornalfatosenoticias.com.br\/#organization\"},\"potentialAction\":[{\"@type\":\"SearchAction\",\"target\":{\"@type\":\"EntryPoint\",\"urlTemplate\":\"https:\/\/jornalfatosenoticias.com.br\/?s={search_term_string}\"},\"query-input\":{\"@type\":\"PropertyValueSpecification\",\"valueRequired\":true,\"valueName\":\"search_term_string\"}}],\"inLanguage\":\"pt-BR\"},{\"@type\":\"Organization\",\"@id\":\"https:\/\/jornalfatosenoticias.com.br\/#organization\",\"name\":\"Jornal Fatos e Not\u00edcias\",\"url\":\"https:\/\/jornalfatosenoticias.com.br\/\",\"logo\":{\"@type\":\"ImageObject\",\"inLanguage\":\"pt-BR\",\"@id\":\"https:\/\/jornalfatosenoticias.com.br\/#\/schema\/logo\/image\/\",\"url\":\"https:\/\/jornalfatosenoticias.com.br\/wp-content\/uploads\/2020\/02\/logo120.png\",\"contentUrl\":\"https:\/\/jornalfatosenoticias.com.br\/wp-content\/uploads\/2020\/02\/logo120.png\",\"width\":1227,\"height\":120,\"caption\":\"Jornal Fatos e Not\u00edcias\"},\"image\":{\"@id\":\"https:\/\/jornalfatosenoticias.com.br\/#\/schema\/logo\/image\/\"}},{\"@type\":\"Person\",\"@id\":\"https:\/\/jornalfatosenoticias.com.br\/#\/schema\/person\/d63837fa13ac8666eb9e74e0985d6f81\",\"name\":\"Luzimara Fernandes\",\"image\":{\"@type\":\"ImageObject\",\"inLanguage\":\"pt-BR\",\"@id\":\"https:\/\/jornalfatosenoticias.com.br\/#\/schema\/person\/image\/\",\"url\":\"https:\/\/jornalfatosenoticias.com.br\/wp-content\/uploads\/2025\/05\/EU_portal.jpg\",\"contentUrl\":\"https:\/\/jornalfatosenoticias.com.br\/wp-content\/uploads\/2025\/05\/EU_portal.jpg\",\"caption\":\"Luzimara Fernandes\"},\"description\":\"Jornalista MTB 2358-ES\",\"sameAs\":[\"https:\/\/jornalfatosenoticias.com.br\"],\"url\":\"https:\/\/jornalfatosenoticias.com.br\/index.php\/author\/luzimara\/\"}]}<\/script>\n<!-- \/ Yoast SEO plugin. -->","yoast_head_json":{"title":"Rob\u00f4s aspiradores de som prometem criar zonas de sil\u00eancio - Jornal Fatos e Not\u00edcias","robots":{"index":"index","follow":"follow","max-snippet":"max-snippet:-1","max-image-preview":"max-image-preview:large","max-video-preview":"max-video-preview:-1"},"canonical":"https:\/\/jornalfatosenoticias.com.br\/index.php\/2023\/11\/03\/robos-aspiradores-de-som-prometem-criar-zonas-de-silencio\/","og_locale":"pt_BR","og_type":"article","og_title":"Rob\u00f4s aspiradores de som prometem criar zonas de sil\u00eancio - Jornal Fatos e Not\u00edcias","og_description":"Os pequenos &#8220;rob\u00f4s aspiradores de som&#8221;, que na verdade s\u00e3o microfones, posicionam-se automaticamente sobre as mesas Algoritmos de intelig\u00eancia artificial capazes de aprender a lidar com ac\u00fastica conseguiram controlar um sistema de microfones para que ele silencie \u00e1reas escolhidas de uma sala ou separe conversas simult\u00e2neas, mesmo que duas pessoas com vozes semelhantes estejam sentadas [&hellip;]","og_url":"https:\/\/jornalfatosenoticias.com.br\/index.php\/2023\/11\/03\/robos-aspiradores-de-som-prometem-criar-zonas-de-silencio\/","og_site_name":"Jornal Fatos e Not\u00edcias","article_published_time":"2023-11-03T19:29:50+00:00","article_modified_time":"2023-11-03T19:29:51+00:00","og_image":[{"width":1000,"height":819,"url":"https:\/\/jornalfatosenoticias.com.br\/wp-content\/uploads\/2023\/11\/robos-inteligentes-silenciam-ambiente.jpg","type":"image\/jpeg"}],"author":"Luzimara Fernandes","twitter_card":"summary_large_image","twitter_misc":{"Escrito por":"Luzimara Fernandes","Est. tempo de leitura":"4 minutos"},"schema":{"@context":"https:\/\/schema.org","@graph":[{"@type":"Article","@id":"https:\/\/jornalfatosenoticias.com.br\/index.php\/2023\/11\/03\/robos-aspiradores-de-som-prometem-criar-zonas-de-silencio\/#article","isPartOf":{"@id":"https:\/\/jornalfatosenoticias.com.br\/index.php\/2023\/11\/03\/robos-aspiradores-de-som-prometem-criar-zonas-de-silencio\/"},"author":{"name":"Luzimara Fernandes","@id":"https:\/\/jornalfatosenoticias.com.br\/#\/schema\/person\/d63837fa13ac8666eb9e74e0985d6f81"},"headline":"Rob\u00f4s aspiradores de som prometem criar zonas de sil\u00eancio","datePublished":"2023-11-03T19:29:50+00:00","dateModified":"2023-11-03T19:29:51+00:00","mainEntityOfPage":{"@id":"https:\/\/jornalfatosenoticias.com.br\/index.php\/2023\/11\/03\/robos-aspiradores-de-som-prometem-criar-zonas-de-silencio\/"},"wordCount":899,"commentCount":0,"publisher":{"@id":"https:\/\/jornalfatosenoticias.com.br\/#organization"},"image":{"@id":"https:\/\/jornalfatosenoticias.com.br\/index.php\/2023\/11\/03\/robos-aspiradores-de-som-prometem-criar-zonas-de-silencio\/#primaryimage"},"thumbnailUrl":"https:\/\/jornalfatosenoticias.com.br\/wp-content\/uploads\/2023\/11\/robos-inteligentes-silenciam-ambiente.jpg","keywords":["alto-falantes","aspiradores","rob\u00f4s aspiradores","rob\u00f4s aspiradores de som","som","zonas de sil\u00eancio"],"articleSection":["Tecnologia &amp; Inova\u00e7\u00e3o"],"inLanguage":"pt-BR","potentialAction":[{"@type":"CommentAction","name":"Comment","target":["https:\/\/jornalfatosenoticias.com.br\/index.php\/2023\/11\/03\/robos-aspiradores-de-som-prometem-criar-zonas-de-silencio\/#respond"]}]},{"@type":"WebPage","@id":"https:\/\/jornalfatosenoticias.com.br\/index.php\/2023\/11\/03\/robos-aspiradores-de-som-prometem-criar-zonas-de-silencio\/","url":"https:\/\/jornalfatosenoticias.com.br\/index.php\/2023\/11\/03\/robos-aspiradores-de-som-prometem-criar-zonas-de-silencio\/","name":"Rob\u00f4s aspiradores de som prometem criar zonas de sil\u00eancio - Jornal Fatos e Not\u00edcias","isPartOf":{"@id":"https:\/\/jornalfatosenoticias.com.br\/#website"},"primaryImageOfPage":{"@id":"https:\/\/jornalfatosenoticias.com.br\/index.php\/2023\/11\/03\/robos-aspiradores-de-som-prometem-criar-zonas-de-silencio\/#primaryimage"},"image":{"@id":"https:\/\/jornalfatosenoticias.com.br\/index.php\/2023\/11\/03\/robos-aspiradores-de-som-prometem-criar-zonas-de-silencio\/#primaryimage"},"thumbnailUrl":"https:\/\/jornalfatosenoticias.com.br\/wp-content\/uploads\/2023\/11\/robos-inteligentes-silenciam-ambiente.jpg","datePublished":"2023-11-03T19:29:50+00:00","dateModified":"2023-11-03T19:29:51+00:00","breadcrumb":{"@id":"https:\/\/jornalfatosenoticias.com.br\/index.php\/2023\/11\/03\/robos-aspiradores-de-som-prometem-criar-zonas-de-silencio\/#breadcrumb"},"inLanguage":"pt-BR","potentialAction":[{"@type":"ReadAction","target":["https:\/\/jornalfatosenoticias.com.br\/index.php\/2023\/11\/03\/robos-aspiradores-de-som-prometem-criar-zonas-de-silencio\/"]}]},{"@type":"ImageObject","inLanguage":"pt-BR","@id":"https:\/\/jornalfatosenoticias.com.br\/index.php\/2023\/11\/03\/robos-aspiradores-de-som-prometem-criar-zonas-de-silencio\/#primaryimage","url":"https:\/\/jornalfatosenoticias.com.br\/wp-content\/uploads\/2023\/11\/robos-inteligentes-silenciam-ambiente.jpg","contentUrl":"https:\/\/jornalfatosenoticias.com.br\/wp-content\/uploads\/2023\/11\/robos-inteligentes-silenciam-ambiente.jpg","width":1000,"height":819},{"@type":"BreadcrumbList","@id":"https:\/\/jornalfatosenoticias.com.br\/index.php\/2023\/11\/03\/robos-aspiradores-de-som-prometem-criar-zonas-de-silencio\/#breadcrumb","itemListElement":[{"@type":"ListItem","position":1,"name":"In\u00edcio","item":"https:\/\/jornalfatosenoticias.com.br\/"},{"@type":"ListItem","position":2,"name":"Rob\u00f4s aspiradores de som prometem criar zonas de sil\u00eancio"}]},{"@type":"WebSite","@id":"https:\/\/jornalfatosenoticias.com.br\/#website","url":"https:\/\/jornalfatosenoticias.com.br\/","name":"Jornal Fatos e Not\u00edcias","description":"Not\u00edcias em geral","publisher":{"@id":"https:\/\/jornalfatosenoticias.com.br\/#organization"},"potentialAction":[{"@type":"SearchAction","target":{"@type":"EntryPoint","urlTemplate":"https:\/\/jornalfatosenoticias.com.br\/?s={search_term_string}"},"query-input":{"@type":"PropertyValueSpecification","valueRequired":true,"valueName":"search_term_string"}}],"inLanguage":"pt-BR"},{"@type":"Organization","@id":"https:\/\/jornalfatosenoticias.com.br\/#organization","name":"Jornal Fatos e Not\u00edcias","url":"https:\/\/jornalfatosenoticias.com.br\/","logo":{"@type":"ImageObject","inLanguage":"pt-BR","@id":"https:\/\/jornalfatosenoticias.com.br\/#\/schema\/logo\/image\/","url":"https:\/\/jornalfatosenoticias.com.br\/wp-content\/uploads\/2020\/02\/logo120.png","contentUrl":"https:\/\/jornalfatosenoticias.com.br\/wp-content\/uploads\/2020\/02\/logo120.png","width":1227,"height":120,"caption":"Jornal Fatos e Not\u00edcias"},"image":{"@id":"https:\/\/jornalfatosenoticias.com.br\/#\/schema\/logo\/image\/"}},{"@type":"Person","@id":"https:\/\/jornalfatosenoticias.com.br\/#\/schema\/person\/d63837fa13ac8666eb9e74e0985d6f81","name":"Luzimara Fernandes","image":{"@type":"ImageObject","inLanguage":"pt-BR","@id":"https:\/\/jornalfatosenoticias.com.br\/#\/schema\/person\/image\/","url":"https:\/\/jornalfatosenoticias.com.br\/wp-content\/uploads\/2025\/05\/EU_portal.jpg","contentUrl":"https:\/\/jornalfatosenoticias.com.br\/wp-content\/uploads\/2025\/05\/EU_portal.jpg","caption":"Luzimara Fernandes"},"description":"Jornalista MTB 2358-ES","sameAs":["https:\/\/jornalfatosenoticias.com.br"],"url":"https:\/\/jornalfatosenoticias.com.br\/index.php\/author\/luzimara\/"}]}},"cc_featured_image_caption":{"caption_text":"(Foto: Malek Itani et al.) ","source_text":"","source_url":""},"jetpack_featured_media_url":"https:\/\/jornalfatosenoticias.com.br\/wp-content\/uploads\/2023\/11\/robos-inteligentes-silenciam-ambiente.jpg","_links":{"self":[{"href":"https:\/\/jornalfatosenoticias.com.br\/index.php\/wp-json\/wp\/v2\/posts\/46606","targetHints":{"allow":["GET"]}}],"collection":[{"href":"https:\/\/jornalfatosenoticias.com.br\/index.php\/wp-json\/wp\/v2\/posts"}],"about":[{"href":"https:\/\/jornalfatosenoticias.com.br\/index.php\/wp-json\/wp\/v2\/types\/post"}],"author":[{"embeddable":true,"href":"https:\/\/jornalfatosenoticias.com.br\/index.php\/wp-json\/wp\/v2\/users\/2"}],"replies":[{"embeddable":true,"href":"https:\/\/jornalfatosenoticias.com.br\/index.php\/wp-json\/wp\/v2\/comments?post=46606"}],"version-history":[{"count":0,"href":"https:\/\/jornalfatosenoticias.com.br\/index.php\/wp-json\/wp\/v2\/posts\/46606\/revisions"}],"wp:featuredmedia":[{"embeddable":true,"href":"https:\/\/jornalfatosenoticias.com.br\/index.php\/wp-json\/wp\/v2\/media\/46608"}],"wp:attachment":[{"href":"https:\/\/jornalfatosenoticias.com.br\/index.php\/wp-json\/wp\/v2\/media?parent=46606"}],"wp:term":[{"taxonomy":"category","embeddable":true,"href":"https:\/\/jornalfatosenoticias.com.br\/index.php\/wp-json\/wp\/v2\/categories?post=46606"},{"taxonomy":"post_tag","embeddable":true,"href":"https:\/\/jornalfatosenoticias.com.br\/index.php\/wp-json\/wp\/v2\/tags?post=46606"}],"curies":[{"name":"wp","href":"https:\/\/api.w.org\/{rel}","templated":true}]}}