{"id":46617,"date":"2023-11-03T16:49:05","date_gmt":"2023-11-03T19:49:05","guid":{"rendered":"https:\/\/jornalfatosenoticias.com.br\/?p=46617"},"modified":"2023-11-03T16:49:56","modified_gmt":"2023-11-03T19:49:56","slug":"professor-precisa-mais-do-que-apenas-motivacao-para-continuar-atuando-na-area","status":"publish","type":"post","link":"https:\/\/jornalfatosenoticias.com.br\/index.php\/2023\/11\/03\/professor-precisa-mais-do-que-apenas-motivacao-para-continuar-atuando-na-area\/","title":{"rendered":"Professor precisa mais do que apenas motiva\u00e7\u00e3o para continuar atuando na \u00e1rea"},"content":{"rendered":"\n<p><em><span class=\"has-inline-color has-black-color\">Paix\u00e3o por ensinar \u00e9 um dos fatores fundamentais que motiva os docentes brasileiros a atuar na \u00e1rea, por\u00e9m tr\u00eas a cada quatro apresentam tra\u00e7os de esgotamento f\u00edsico e mental, revela pesquisa da Funda\u00e7\u00e3o SM<\/span><\/em><\/p>\n\n\n\n<div class=\"wp-block-image\"><figure class=\"aligncenter size-large\"><img loading=\"lazy\" decoding=\"async\" width=\"1024\" height=\"100\" src=\"https:\/\/jornalfatosenoticias.com.br\/wp-content\/uploads\/2022\/05\/NOVA-LOGO-CESCONETTO-1024x100.jpg\" alt=\"\" class=\"wp-image-30792\" srcset=\"https:\/\/jornalfatosenoticias.com.br\/wp-content\/uploads\/2022\/05\/NOVA-LOGO-CESCONETTO-1024x100.jpg 1024w, https:\/\/jornalfatosenoticias.com.br\/wp-content\/uploads\/2022\/05\/NOVA-LOGO-CESCONETTO-300x29.jpg 300w, https:\/\/jornalfatosenoticias.com.br\/wp-content\/uploads\/2022\/05\/NOVA-LOGO-CESCONETTO-768x75.jpg 768w, https:\/\/jornalfatosenoticias.com.br\/wp-content\/uploads\/2022\/05\/NOVA-LOGO-CESCONETTO.jpg 1280w\" sizes=\"auto, (max-width: 1024px) 100vw, 1024px\" \/><\/figure><\/div>\n\n\n\n<p>A preocupa\u00e7\u00e3o com a sociedade e a paix\u00e3o por ensinar s\u00e3o fatores fundamentais que motivam os professores brasileiros a atuar na \u00e1rea, aponta estudo <em>Educo Bar\u00f4metro,<\/em> realizado pela Funda\u00e7\u00e3o SM. Entre os resultados, 27% dos participantes revelam gosto frequente pela doc\u00eancia e 25% buscam com a profiss\u00e3o a melhoria da sociedade.<br>Contudo, tr\u00eas a cada quatro docentes brasileiros afirmaram ter manifestado tra\u00e7os de esgotamento f\u00edsico e mental. A metade apresentou sintomas compat\u00edveis com ansiedade e depress\u00e3o, sendo que 42% demonstraram falta de entusiasmo ou perda de interesse pelo que fazem.<br>A pesquisa foi realizada este ano, entre 24 de abril e 17 de maio, e ouviu professores de mais tr\u00eas pa\u00edses: Espanha, Chile e M\u00e9xico. No Brasil, foram realizadas 600 entrevistas presenciais com docentes da educa\u00e7\u00e3o infantil, ensino fundamental e ensino m\u00e9dio das cinco regi\u00f5es do Pa\u00eds.<br>A doc\u00eancia \u00e9 uma das profiss\u00f5es brasileiras mais propensas a apresentar a s\u00edndrome de Burnout, tamb\u00e9m conhecida como s\u00edndrome do esgotamento profissional. <\/p>\n\n\n\n<div class=\"wp-block-image\"><figure class=\"aligncenter size-large\"><img decoding=\"async\" src=\"https:\/\/jornalfatosenoticias.com.br\/wp-content\/uploads\/2020\/02\/logo_esteio.jpg\" alt=\"\" class=\"wp-image-1214\"\/><\/figure><\/div>\n\n\n\n<blockquote class=\"wp-block-quote is-layout-flow wp-block-quote-is-layout-flow\"><p><span class=\"has-inline-color has-luminous-vivid-orange-color\">\u00c9 de se esperar que as pessoas que trabalham nas chamadas \u2018profiss\u00f5es assistenciais\u2019 ou em servi\u00e7os p\u00fablicos, como a doc\u00eancia, sejam mais afetadas por essa s\u00edndrome, j\u00e1 que est\u00e3o sujeitas a um alto n\u00edvel de esgotamento profissional\u201d, comenta \u00c9rica de Carvalho, diretora da Funda\u00e7\u00e3o SM no Brasil.<\/span><\/p><\/blockquote>\n\n\n\n<div class=\"wp-block-image\"><figure class=\"aligncenter size-large is-resized\"><img loading=\"lazy\" decoding=\"async\" src=\"https:\/\/jornalfatosenoticias.com.br\/wp-content\/uploads\/2023\/03\/nova-logo-Marquetti.jpg\" alt=\"\" class=\"wp-image-40207\" width=\"331\" height=\"222\" srcset=\"https:\/\/jornalfatosenoticias.com.br\/wp-content\/uploads\/2023\/03\/nova-logo-Marquetti.jpg 643w, https:\/\/jornalfatosenoticias.com.br\/wp-content\/uploads\/2023\/03\/nova-logo-Marquetti-300x202.jpg 300w\" sizes=\"auto, (max-width: 331px) 100vw, 331px\" \/><\/figure><\/div>\n\n\n\n<p>Dentre os motivos que geraram esse estresse, os professores brasileiros destacaram: barreiras para o desenvolvimento profissional (insatisfa\u00e7\u00e3o com o sal\u00e1rio) e dificuldades na tarefa docente (manter a disciplina em sala de aula). Tamb\u00e9m foram mencionados o volume de trabalho administrativo, tempo escasso para prepara\u00e7\u00e3o de aulas e a percep\u00e7\u00e3o de serem considerados como respons\u00e1veis pela aprendizagem dos estudantes.<\/p>\n\n\n\n<div class=\"wp-block-image\"><figure class=\"aligncenter size-large is-resized\"><img loading=\"lazy\" decoding=\"async\" src=\"https:\/\/jornalfatosenoticias.com.br\/wp-content\/uploads\/2023\/03\/logo-Panper_portal.jpg\" alt=\"\" class=\"wp-image-40208\" width=\"315\" height=\"218\" srcset=\"https:\/\/jornalfatosenoticias.com.br\/wp-content\/uploads\/2023\/03\/logo-Panper_portal.jpg 400w, https:\/\/jornalfatosenoticias.com.br\/wp-content\/uploads\/2023\/03\/logo-Panper_portal-300x208.jpg 300w\" sizes=\"auto, (max-width: 315px) 100vw, 315px\" \/><\/figure><\/div>\n\n\n\n<p>Os resultados obtidos no estudo sugerem que o corpo docente continua fortemente identificado com as dimens\u00f5es mais vocacionais da profiss\u00e3o \u2014 tal como mostrou a etapa da pesquisa realizada em 2007. O ideal como gerador de mudan\u00e7as sociais permanece. Esta \u00faltima caracter\u00edstica, ali\u00e1s, apresenta-se como tra\u00e7o diferencial dos docentes brasileiros, em compara\u00e7\u00e3o com os professores espanh\u00f3is e chilenos.<\/p>\n\n\n\n<div class=\"wp-block-image\"><figure class=\"aligncenter size-large is-resized\"><img loading=\"lazy\" decoding=\"async\" src=\"https:\/\/jornalfatosenoticias.com.br\/wp-content\/uploads\/2020\/02\/logo-Rapuzel-1024x571.jpg\" alt=\"\" class=\"wp-image-42808\" width=\"343\" height=\"191\" srcset=\"https:\/\/jornalfatosenoticias.com.br\/wp-content\/uploads\/2020\/02\/logo-Rapuzel-1024x571.jpg 1024w, https:\/\/jornalfatosenoticias.com.br\/wp-content\/uploads\/2020\/02\/logo-Rapuzel-300x167.jpg 300w, https:\/\/jornalfatosenoticias.com.br\/wp-content\/uploads\/2020\/02\/logo-Rapuzel-768x428.jpg 768w, https:\/\/jornalfatosenoticias.com.br\/wp-content\/uploads\/2020\/02\/logo-Rapuzel-1536x856.jpg 1536w, https:\/\/jornalfatosenoticias.com.br\/wp-content\/uploads\/2020\/02\/logo-Rapuzel.jpg 1600w\" sizes=\"auto, (max-width: 343px) 100vw, 343px\" \/><\/figure><\/div>\n\n\n\n<p>Entre os entrevistados, 61% consideraram que os profissionais da doc\u00eancia s\u00e3o reconhecidos pelo bom desempenho em sua escola. No entanto, 67% n\u00e3o se sentem satisfeitos com suas condi\u00e7\u00f5es de trabalho. Um dos aspectos positivos manifestados \u00e9 o fato de que 64% dos professores considerarem que a forma\u00e7\u00e3o acad\u00eamica recebida os preparou para a doc\u00eancia. A maioria (65%), por\u00e9m, considera que sua escola n\u00e3o se adapta \u00e0s novas tend\u00eancias da educa\u00e7\u00e3o. Mesmo assim, cerca de 70% t\u00eam liberdade para usar materiais complementares pr\u00f3prios.<\/p>\n\n\n\n<p><em><span class=\"has-inline-color has-black-color\">(<strong>Foto: <\/strong>Instituto de Crescimento Infantojuvenil)<\/span><\/em><\/p>\n\n\n\n<div class=\"wp-block-image\"><figure class=\"aligncenter size-large is-resized\"><img loading=\"lazy\" decoding=\"async\" src=\"https:\/\/jornalfatosenoticias.com.br\/wp-content\/uploads\/2020\/02\/CONTROL-CS.jpg\" alt=\"\" class=\"wp-image-44991\" width=\"294\" height=\"352\" srcset=\"https:\/\/jornalfatosenoticias.com.br\/wp-content\/uploads\/2020\/02\/CONTROL-CS.jpg 834w, https:\/\/jornalfatosenoticias.com.br\/wp-content\/uploads\/2020\/02\/CONTROL-CS-250x300.jpg 250w, https:\/\/jornalfatosenoticias.com.br\/wp-content\/uploads\/2020\/02\/CONTROL-CS-768x921.jpg 768w\" sizes=\"auto, (max-width: 294px) 100vw, 294px\" \/><\/figure><\/div>\n\n\n\n<p><strong><em>Fonte: <a href=\"https:\/\/revistaeducacao.com.br\/2023\/10\/31\/professores-motivacao-para-atuar\/\">Revista Educa\u00e7\u00e3o<\/a><\/em><\/strong><\/p>\n","protected":false},"excerpt":{"rendered":"<p>Paix\u00e3o por ensinar \u00e9 um dos fatores fundamentais que motiva os docentes brasileiros a atuar na \u00e1rea, por\u00e9m tr\u00eas a cada quatro apresentam tra\u00e7os de esgotamento f\u00edsico e mental, revela pesquisa da Funda\u00e7\u00e3o SM A preocupa\u00e7\u00e3o com a sociedade e a paix\u00e3o por ensinar s\u00e3o fatores fundamentais que motivam os professores brasileiros a atuar na [&hellip;]<\/p>\n","protected":false},"author":2,"featured_media":46618,"comment_status":"open","ping_status":"open","sticky":false,"template":"","format":"standard","meta":{"footnotes":""},"categories":[7],"tags":[21906,21907,21908,1774,357],"class_list":["post-46617","post","type-post","status-publish","format-standard","has-post-thumbnail","hentry","category-educacao","tag-docencia","tag-esgotamento-mental","tag-fundacao-sm","tag-motivacao","tag-professores"],"yoast_head":"<!-- This site is optimized with the Yoast SEO plugin v26.5 - https:\/\/yoast.com\/wordpress\/plugins\/seo\/ -->\n<title>Professor precisa mais do que apenas motiva\u00e7\u00e3o para continuar atuando na \u00e1rea - Jornal Fatos e Not\u00edcias<\/title>\n<meta name=\"robots\" content=\"index, follow, max-snippet:-1, max-image-preview:large, max-video-preview:-1\" \/>\n<link rel=\"canonical\" href=\"https:\/\/jornalfatosenoticias.com.br\/index.php\/2023\/11\/03\/professor-precisa-mais-do-que-apenas-motivacao-para-continuar-atuando-na-area\/\" \/>\n<meta property=\"og:locale\" content=\"pt_BR\" \/>\n<meta property=\"og:type\" content=\"article\" \/>\n<meta property=\"og:title\" content=\"Professor precisa mais do que apenas motiva\u00e7\u00e3o para continuar atuando na \u00e1rea - Jornal Fatos e Not\u00edcias\" \/>\n<meta property=\"og:description\" content=\"Paix\u00e3o por ensinar \u00e9 um dos fatores fundamentais que motiva os docentes brasileiros a atuar na \u00e1rea, por\u00e9m tr\u00eas a cada quatro apresentam tra\u00e7os de esgotamento f\u00edsico e mental, revela pesquisa da Funda\u00e7\u00e3o SM A preocupa\u00e7\u00e3o com a sociedade e a paix\u00e3o por ensinar s\u00e3o fatores fundamentais que motivam os professores brasileiros a atuar na [&hellip;]\" \/>\n<meta property=\"og:url\" content=\"https:\/\/jornalfatosenoticias.com.br\/index.php\/2023\/11\/03\/professor-precisa-mais-do-que-apenas-motivacao-para-continuar-atuando-na-area\/\" \/>\n<meta property=\"og:site_name\" content=\"Jornal Fatos e Not\u00edcias\" \/>\n<meta property=\"article:published_time\" content=\"2023-11-03T19:49:05+00:00\" \/>\n<meta property=\"article:modified_time\" content=\"2023-11-03T19:49:56+00:00\" \/>\n<meta property=\"og:image\" content=\"https:\/\/jornalfatosenoticias.com.br\/wp-content\/uploads\/2023\/11\/saude-mental-do-professor.jpg\" \/>\n\t<meta property=\"og:image:width\" content=\"1000\" \/>\n\t<meta property=\"og:image:height\" content=\"665\" \/>\n\t<meta property=\"og:image:type\" content=\"image\/jpeg\" \/>\n<meta name=\"author\" content=\"Luzimara Fernandes\" \/>\n<meta name=\"twitter:card\" content=\"summary_large_image\" \/>\n<meta name=\"twitter:label1\" content=\"Escrito por\" \/>\n\t<meta name=\"twitter:data1\" content=\"Luzimara Fernandes\" \/>\n\t<meta name=\"twitter:label2\" content=\"Est. tempo de leitura\" \/>\n\t<meta name=\"twitter:data2\" content=\"2 minutos\" \/>\n<script type=\"application\/ld+json\" class=\"yoast-schema-graph\">{\"@context\":\"https:\/\/schema.org\",\"@graph\":[{\"@type\":\"Article\",\"@id\":\"https:\/\/jornalfatosenoticias.com.br\/index.php\/2023\/11\/03\/professor-precisa-mais-do-que-apenas-motivacao-para-continuar-atuando-na-area\/#article\",\"isPartOf\":{\"@id\":\"https:\/\/jornalfatosenoticias.com.br\/index.php\/2023\/11\/03\/professor-precisa-mais-do-que-apenas-motivacao-para-continuar-atuando-na-area\/\"},\"author\":{\"name\":\"Luzimara Fernandes\",\"@id\":\"https:\/\/jornalfatosenoticias.com.br\/#\/schema\/person\/d63837fa13ac8666eb9e74e0985d6f81\"},\"headline\":\"Professor precisa mais do que apenas motiva\u00e7\u00e3o para continuar atuando na \u00e1rea\",\"datePublished\":\"2023-11-03T19:49:05+00:00\",\"dateModified\":\"2023-11-03T19:49:56+00:00\",\"mainEntityOfPage\":{\"@id\":\"https:\/\/jornalfatosenoticias.com.br\/index.php\/2023\/11\/03\/professor-precisa-mais-do-que-apenas-motivacao-para-continuar-atuando-na-area\/\"},\"wordCount\":508,\"commentCount\":0,\"publisher\":{\"@id\":\"https:\/\/jornalfatosenoticias.com.br\/#organization\"},\"image\":{\"@id\":\"https:\/\/jornalfatosenoticias.com.br\/index.php\/2023\/11\/03\/professor-precisa-mais-do-que-apenas-motivacao-para-continuar-atuando-na-area\/#primaryimage\"},\"thumbnailUrl\":\"https:\/\/jornalfatosenoticias.com.br\/wp-content\/uploads\/2023\/11\/saude-mental-do-professor.jpg\",\"keywords\":[\"doc\u00eancia\",\"esgotamento mental\",\"Funda\u00e7\u00e3o SM\",\"motiva\u00e7\u00e3o\",\"professores\"],\"articleSection\":[\"Educa\u00e7\u00e3o\"],\"inLanguage\":\"pt-BR\",\"potentialAction\":[{\"@type\":\"CommentAction\",\"name\":\"Comment\",\"target\":[\"https:\/\/jornalfatosenoticias.com.br\/index.php\/2023\/11\/03\/professor-precisa-mais-do-que-apenas-motivacao-para-continuar-atuando-na-area\/#respond\"]}]},{\"@type\":\"WebPage\",\"@id\":\"https:\/\/jornalfatosenoticias.com.br\/index.php\/2023\/11\/03\/professor-precisa-mais-do-que-apenas-motivacao-para-continuar-atuando-na-area\/\",\"url\":\"https:\/\/jornalfatosenoticias.com.br\/index.php\/2023\/11\/03\/professor-precisa-mais-do-que-apenas-motivacao-para-continuar-atuando-na-area\/\",\"name\":\"Professor precisa mais do que apenas motiva\u00e7\u00e3o para continuar atuando na \u00e1rea - Jornal Fatos e Not\u00edcias\",\"isPartOf\":{\"@id\":\"https:\/\/jornalfatosenoticias.com.br\/#website\"},\"primaryImageOfPage\":{\"@id\":\"https:\/\/jornalfatosenoticias.com.br\/index.php\/2023\/11\/03\/professor-precisa-mais-do-que-apenas-motivacao-para-continuar-atuando-na-area\/#primaryimage\"},\"image\":{\"@id\":\"https:\/\/jornalfatosenoticias.com.br\/index.php\/2023\/11\/03\/professor-precisa-mais-do-que-apenas-motivacao-para-continuar-atuando-na-area\/#primaryimage\"},\"thumbnailUrl\":\"https:\/\/jornalfatosenoticias.com.br\/wp-content\/uploads\/2023\/11\/saude-mental-do-professor.jpg\",\"datePublished\":\"2023-11-03T19:49:05+00:00\",\"dateModified\":\"2023-11-03T19:49:56+00:00\",\"breadcrumb\":{\"@id\":\"https:\/\/jornalfatosenoticias.com.br\/index.php\/2023\/11\/03\/professor-precisa-mais-do-que-apenas-motivacao-para-continuar-atuando-na-area\/#breadcrumb\"},\"inLanguage\":\"pt-BR\",\"potentialAction\":[{\"@type\":\"ReadAction\",\"target\":[\"https:\/\/jornalfatosenoticias.com.br\/index.php\/2023\/11\/03\/professor-precisa-mais-do-que-apenas-motivacao-para-continuar-atuando-na-area\/\"]}]},{\"@type\":\"ImageObject\",\"inLanguage\":\"pt-BR\",\"@id\":\"https:\/\/jornalfatosenoticias.com.br\/index.php\/2023\/11\/03\/professor-precisa-mais-do-que-apenas-motivacao-para-continuar-atuando-na-area\/#primaryimage\",\"url\":\"https:\/\/jornalfatosenoticias.com.br\/wp-content\/uploads\/2023\/11\/saude-mental-do-professor.jpg\",\"contentUrl\":\"https:\/\/jornalfatosenoticias.com.br\/wp-content\/uploads\/2023\/11\/saude-mental-do-professor.jpg\",\"width\":1000,\"height\":665},{\"@type\":\"BreadcrumbList\",\"@id\":\"https:\/\/jornalfatosenoticias.com.br\/index.php\/2023\/11\/03\/professor-precisa-mais-do-que-apenas-motivacao-para-continuar-atuando-na-area\/#breadcrumb\",\"itemListElement\":[{\"@type\":\"ListItem\",\"position\":1,\"name\":\"In\u00edcio\",\"item\":\"https:\/\/jornalfatosenoticias.com.br\/\"},{\"@type\":\"ListItem\",\"position\":2,\"name\":\"Professor precisa mais do que apenas motiva\u00e7\u00e3o para continuar atuando na \u00e1rea\"}]},{\"@type\":\"WebSite\",\"@id\":\"https:\/\/jornalfatosenoticias.com.br\/#website\",\"url\":\"https:\/\/jornalfatosenoticias.com.br\/\",\"name\":\"Jornal Fatos e Not\u00edcias\",\"description\":\"Not\u00edcias em geral\",\"publisher\":{\"@id\":\"https:\/\/jornalfatosenoticias.com.br\/#organization\"},\"potentialAction\":[{\"@type\":\"SearchAction\",\"target\":{\"@type\":\"EntryPoint\",\"urlTemplate\":\"https:\/\/jornalfatosenoticias.com.br\/?s={search_term_string}\"},\"query-input\":{\"@type\":\"PropertyValueSpecification\",\"valueRequired\":true,\"valueName\":\"search_term_string\"}}],\"inLanguage\":\"pt-BR\"},{\"@type\":\"Organization\",\"@id\":\"https:\/\/jornalfatosenoticias.com.br\/#organization\",\"name\":\"Jornal Fatos e Not\u00edcias\",\"url\":\"https:\/\/jornalfatosenoticias.com.br\/\",\"logo\":{\"@type\":\"ImageObject\",\"inLanguage\":\"pt-BR\",\"@id\":\"https:\/\/jornalfatosenoticias.com.br\/#\/schema\/logo\/image\/\",\"url\":\"https:\/\/jornalfatosenoticias.com.br\/wp-content\/uploads\/2020\/02\/logo120.png\",\"contentUrl\":\"https:\/\/jornalfatosenoticias.com.br\/wp-content\/uploads\/2020\/02\/logo120.png\",\"width\":1227,\"height\":120,\"caption\":\"Jornal Fatos e Not\u00edcias\"},\"image\":{\"@id\":\"https:\/\/jornalfatosenoticias.com.br\/#\/schema\/logo\/image\/\"}},{\"@type\":\"Person\",\"@id\":\"https:\/\/jornalfatosenoticias.com.br\/#\/schema\/person\/d63837fa13ac8666eb9e74e0985d6f81\",\"name\":\"Luzimara Fernandes\",\"image\":{\"@type\":\"ImageObject\",\"inLanguage\":\"pt-BR\",\"@id\":\"https:\/\/jornalfatosenoticias.com.br\/#\/schema\/person\/image\/\",\"url\":\"https:\/\/jornalfatosenoticias.com.br\/wp-content\/uploads\/2025\/05\/EU_portal.jpg\",\"contentUrl\":\"https:\/\/jornalfatosenoticias.com.br\/wp-content\/uploads\/2025\/05\/EU_portal.jpg\",\"caption\":\"Luzimara Fernandes\"},\"description\":\"Jornalista MTB 2358-ES\",\"sameAs\":[\"https:\/\/jornalfatosenoticias.com.br\"],\"url\":\"https:\/\/jornalfatosenoticias.com.br\/index.php\/author\/luzimara\/\"}]}<\/script>\n<!-- \/ Yoast SEO plugin. -->","yoast_head_json":{"title":"Professor precisa mais do que apenas motiva\u00e7\u00e3o para continuar atuando na \u00e1rea - Jornal Fatos e Not\u00edcias","robots":{"index":"index","follow":"follow","max-snippet":"max-snippet:-1","max-image-preview":"max-image-preview:large","max-video-preview":"max-video-preview:-1"},"canonical":"https:\/\/jornalfatosenoticias.com.br\/index.php\/2023\/11\/03\/professor-precisa-mais-do-que-apenas-motivacao-para-continuar-atuando-na-area\/","og_locale":"pt_BR","og_type":"article","og_title":"Professor precisa mais do que apenas motiva\u00e7\u00e3o para continuar atuando na \u00e1rea - Jornal Fatos e Not\u00edcias","og_description":"Paix\u00e3o por ensinar \u00e9 um dos fatores fundamentais que motiva os docentes brasileiros a atuar na \u00e1rea, por\u00e9m tr\u00eas a cada quatro apresentam tra\u00e7os de esgotamento f\u00edsico e mental, revela pesquisa da Funda\u00e7\u00e3o SM A preocupa\u00e7\u00e3o com a sociedade e a paix\u00e3o por ensinar s\u00e3o fatores fundamentais que motivam os professores brasileiros a atuar na [&hellip;]","og_url":"https:\/\/jornalfatosenoticias.com.br\/index.php\/2023\/11\/03\/professor-precisa-mais-do-que-apenas-motivacao-para-continuar-atuando-na-area\/","og_site_name":"Jornal Fatos e Not\u00edcias","article_published_time":"2023-11-03T19:49:05+00:00","article_modified_time":"2023-11-03T19:49:56+00:00","og_image":[{"width":1000,"height":665,"url":"https:\/\/jornalfatosenoticias.com.br\/wp-content\/uploads\/2023\/11\/saude-mental-do-professor.jpg","type":"image\/jpeg"}],"author":"Luzimara Fernandes","twitter_card":"summary_large_image","twitter_misc":{"Escrito por":"Luzimara Fernandes","Est. tempo de leitura":"2 minutos"},"schema":{"@context":"https:\/\/schema.org","@graph":[{"@type":"Article","@id":"https:\/\/jornalfatosenoticias.com.br\/index.php\/2023\/11\/03\/professor-precisa-mais-do-que-apenas-motivacao-para-continuar-atuando-na-area\/#article","isPartOf":{"@id":"https:\/\/jornalfatosenoticias.com.br\/index.php\/2023\/11\/03\/professor-precisa-mais-do-que-apenas-motivacao-para-continuar-atuando-na-area\/"},"author":{"name":"Luzimara Fernandes","@id":"https:\/\/jornalfatosenoticias.com.br\/#\/schema\/person\/d63837fa13ac8666eb9e74e0985d6f81"},"headline":"Professor precisa mais do que apenas motiva\u00e7\u00e3o para continuar atuando na \u00e1rea","datePublished":"2023-11-03T19:49:05+00:00","dateModified":"2023-11-03T19:49:56+00:00","mainEntityOfPage":{"@id":"https:\/\/jornalfatosenoticias.com.br\/index.php\/2023\/11\/03\/professor-precisa-mais-do-que-apenas-motivacao-para-continuar-atuando-na-area\/"},"wordCount":508,"commentCount":0,"publisher":{"@id":"https:\/\/jornalfatosenoticias.com.br\/#organization"},"image":{"@id":"https:\/\/jornalfatosenoticias.com.br\/index.php\/2023\/11\/03\/professor-precisa-mais-do-que-apenas-motivacao-para-continuar-atuando-na-area\/#primaryimage"},"thumbnailUrl":"https:\/\/jornalfatosenoticias.com.br\/wp-content\/uploads\/2023\/11\/saude-mental-do-professor.jpg","keywords":["doc\u00eancia","esgotamento mental","Funda\u00e7\u00e3o SM","motiva\u00e7\u00e3o","professores"],"articleSection":["Educa\u00e7\u00e3o"],"inLanguage":"pt-BR","potentialAction":[{"@type":"CommentAction","name":"Comment","target":["https:\/\/jornalfatosenoticias.com.br\/index.php\/2023\/11\/03\/professor-precisa-mais-do-que-apenas-motivacao-para-continuar-atuando-na-area\/#respond"]}]},{"@type":"WebPage","@id":"https:\/\/jornalfatosenoticias.com.br\/index.php\/2023\/11\/03\/professor-precisa-mais-do-que-apenas-motivacao-para-continuar-atuando-na-area\/","url":"https:\/\/jornalfatosenoticias.com.br\/index.php\/2023\/11\/03\/professor-precisa-mais-do-que-apenas-motivacao-para-continuar-atuando-na-area\/","name":"Professor precisa mais do que apenas motiva\u00e7\u00e3o para continuar atuando na \u00e1rea - Jornal Fatos e Not\u00edcias","isPartOf":{"@id":"https:\/\/jornalfatosenoticias.com.br\/#website"},"primaryImageOfPage":{"@id":"https:\/\/jornalfatosenoticias.com.br\/index.php\/2023\/11\/03\/professor-precisa-mais-do-que-apenas-motivacao-para-continuar-atuando-na-area\/#primaryimage"},"image":{"@id":"https:\/\/jornalfatosenoticias.com.br\/index.php\/2023\/11\/03\/professor-precisa-mais-do-que-apenas-motivacao-para-continuar-atuando-na-area\/#primaryimage"},"thumbnailUrl":"https:\/\/jornalfatosenoticias.com.br\/wp-content\/uploads\/2023\/11\/saude-mental-do-professor.jpg","datePublished":"2023-11-03T19:49:05+00:00","dateModified":"2023-11-03T19:49:56+00:00","breadcrumb":{"@id":"https:\/\/jornalfatosenoticias.com.br\/index.php\/2023\/11\/03\/professor-precisa-mais-do-que-apenas-motivacao-para-continuar-atuando-na-area\/#breadcrumb"},"inLanguage":"pt-BR","potentialAction":[{"@type":"ReadAction","target":["https:\/\/jornalfatosenoticias.com.br\/index.php\/2023\/11\/03\/professor-precisa-mais-do-que-apenas-motivacao-para-continuar-atuando-na-area\/"]}]},{"@type":"ImageObject","inLanguage":"pt-BR","@id":"https:\/\/jornalfatosenoticias.com.br\/index.php\/2023\/11\/03\/professor-precisa-mais-do-que-apenas-motivacao-para-continuar-atuando-na-area\/#primaryimage","url":"https:\/\/jornalfatosenoticias.com.br\/wp-content\/uploads\/2023\/11\/saude-mental-do-professor.jpg","contentUrl":"https:\/\/jornalfatosenoticias.com.br\/wp-content\/uploads\/2023\/11\/saude-mental-do-professor.jpg","width":1000,"height":665},{"@type":"BreadcrumbList","@id":"https:\/\/jornalfatosenoticias.com.br\/index.php\/2023\/11\/03\/professor-precisa-mais-do-que-apenas-motivacao-para-continuar-atuando-na-area\/#breadcrumb","itemListElement":[{"@type":"ListItem","position":1,"name":"In\u00edcio","item":"https:\/\/jornalfatosenoticias.com.br\/"},{"@type":"ListItem","position":2,"name":"Professor precisa mais do que apenas motiva\u00e7\u00e3o para continuar atuando na \u00e1rea"}]},{"@type":"WebSite","@id":"https:\/\/jornalfatosenoticias.com.br\/#website","url":"https:\/\/jornalfatosenoticias.com.br\/","name":"Jornal Fatos e Not\u00edcias","description":"Not\u00edcias em geral","publisher":{"@id":"https:\/\/jornalfatosenoticias.com.br\/#organization"},"potentialAction":[{"@type":"SearchAction","target":{"@type":"EntryPoint","urlTemplate":"https:\/\/jornalfatosenoticias.com.br\/?s={search_term_string}"},"query-input":{"@type":"PropertyValueSpecification","valueRequired":true,"valueName":"search_term_string"}}],"inLanguage":"pt-BR"},{"@type":"Organization","@id":"https:\/\/jornalfatosenoticias.com.br\/#organization","name":"Jornal Fatos e Not\u00edcias","url":"https:\/\/jornalfatosenoticias.com.br\/","logo":{"@type":"ImageObject","inLanguage":"pt-BR","@id":"https:\/\/jornalfatosenoticias.com.br\/#\/schema\/logo\/image\/","url":"https:\/\/jornalfatosenoticias.com.br\/wp-content\/uploads\/2020\/02\/logo120.png","contentUrl":"https:\/\/jornalfatosenoticias.com.br\/wp-content\/uploads\/2020\/02\/logo120.png","width":1227,"height":120,"caption":"Jornal Fatos e Not\u00edcias"},"image":{"@id":"https:\/\/jornalfatosenoticias.com.br\/#\/schema\/logo\/image\/"}},{"@type":"Person","@id":"https:\/\/jornalfatosenoticias.com.br\/#\/schema\/person\/d63837fa13ac8666eb9e74e0985d6f81","name":"Luzimara Fernandes","image":{"@type":"ImageObject","inLanguage":"pt-BR","@id":"https:\/\/jornalfatosenoticias.com.br\/#\/schema\/person\/image\/","url":"https:\/\/jornalfatosenoticias.com.br\/wp-content\/uploads\/2025\/05\/EU_portal.jpg","contentUrl":"https:\/\/jornalfatosenoticias.com.br\/wp-content\/uploads\/2025\/05\/EU_portal.jpg","caption":"Luzimara Fernandes"},"description":"Jornalista MTB 2358-ES","sameAs":["https:\/\/jornalfatosenoticias.com.br"],"url":"https:\/\/jornalfatosenoticias.com.br\/index.php\/author\/luzimara\/"}]}},"cc_featured_image_caption":{"caption_text":"","source_text":"","source_url":""},"jetpack_featured_media_url":"https:\/\/jornalfatosenoticias.com.br\/wp-content\/uploads\/2023\/11\/saude-mental-do-professor.jpg","_links":{"self":[{"href":"https:\/\/jornalfatosenoticias.com.br\/index.php\/wp-json\/wp\/v2\/posts\/46617","targetHints":{"allow":["GET"]}}],"collection":[{"href":"https:\/\/jornalfatosenoticias.com.br\/index.php\/wp-json\/wp\/v2\/posts"}],"about":[{"href":"https:\/\/jornalfatosenoticias.com.br\/index.php\/wp-json\/wp\/v2\/types\/post"}],"author":[{"embeddable":true,"href":"https:\/\/jornalfatosenoticias.com.br\/index.php\/wp-json\/wp\/v2\/users\/2"}],"replies":[{"embeddable":true,"href":"https:\/\/jornalfatosenoticias.com.br\/index.php\/wp-json\/wp\/v2\/comments?post=46617"}],"version-history":[{"count":0,"href":"https:\/\/jornalfatosenoticias.com.br\/index.php\/wp-json\/wp\/v2\/posts\/46617\/revisions"}],"wp:featuredmedia":[{"embeddable":true,"href":"https:\/\/jornalfatosenoticias.com.br\/index.php\/wp-json\/wp\/v2\/media\/46618"}],"wp:attachment":[{"href":"https:\/\/jornalfatosenoticias.com.br\/index.php\/wp-json\/wp\/v2\/media?parent=46617"}],"wp:term":[{"taxonomy":"category","embeddable":true,"href":"https:\/\/jornalfatosenoticias.com.br\/index.php\/wp-json\/wp\/v2\/categories?post=46617"},{"taxonomy":"post_tag","embeddable":true,"href":"https:\/\/jornalfatosenoticias.com.br\/index.php\/wp-json\/wp\/v2\/tags?post=46617"}],"curies":[{"name":"wp","href":"https:\/\/api.w.org\/{rel}","templated":true}]}}