{"id":46654,"date":"2023-11-06T09:44:53","date_gmt":"2023-11-06T12:44:53","guid":{"rendered":"https:\/\/jornalfatosenoticias.com.br\/?p=46654"},"modified":"2023-11-06T09:44:54","modified_gmt":"2023-11-06T12:44:54","slug":"casa-funil-garante-energia-agua-e-regeneracao-do-solo","status":"publish","type":"post","link":"https:\/\/jornalfatosenoticias.com.br\/index.php\/2023\/11\/06\/casa-funil-garante-energia-agua-e-regeneracao-do-solo\/","title":{"rendered":"Casa \u201cfunil\u201d garante energia, \u00e1gua e regenera\u00e7\u00e3o do solo"},"content":{"rendered":"\n<p><em><span class=\"has-inline-color has-black-color\">Esta resid\u00eancia no Equador incorpora diversas pr\u00e1ticas para um lar confort\u00e1vel com o m\u00ednimo de impacto ambiental<\/span><\/em><\/p>\n\n\n\n<p><em><span class=\"has-inline-color has-black-color\">Por <strong><a href=\"https:\/\/ciclovivo.com.br\/author\/marcia-sousa\/\">Marcia Sousa<\/a><\/strong><\/span><\/em><\/p>\n\n\n\n<div class=\"wp-block-image\"><figure class=\"aligncenter size-large\"><img loading=\"lazy\" decoding=\"async\" width=\"729\" height=\"90\" src=\"https:\/\/jornalfatosenoticias.com.br\/wp-content\/uploads\/2020\/02\/Logo_Mizu.png\" alt=\"\" class=\"wp-image-1441\" srcset=\"https:\/\/jornalfatosenoticias.com.br\/wp-content\/uploads\/2020\/02\/Logo_Mizu.png 729w, https:\/\/jornalfatosenoticias.com.br\/wp-content\/uploads\/2020\/02\/Logo_Mizu-300x37.png 300w\" sizes=\"auto, (max-width: 729px) 100vw, 729px\" \/><\/figure><\/div>\n\n\n\n<p>Buscando integrar a constru\u00e7\u00e3o \u00e0 paisagem e geografia local, o arquiteto Emilio L\u00f3pez concebe uma esp\u00e9cie de \u201cresid\u00eancia em funil\u201d com dupla abertura. Coletando \u00e1gua da chuva, a energia que vem do sol, ocupando um solo maltratado por p\u00e9s de eucalipto para regener\u00e1-lo. Assim a Casa Quinchuyaku se apresenta ao mundo. Uma resid\u00eancia projetada nas encostas de Ilal\u00f3, um vulc\u00e3o inativo a 15km de Quito, no Equador.<br>Orientados Leste-Oeste, os dois lados abrem-se para a floresta, criando uma conex\u00e3o com a natureza ao mesmo tempo que permitem a ventila\u00e7\u00e3o cruzada. Esta escolha garante um clima interno agrad\u00e1vel sem a necessidade de sistemas de ar-condicionado.<\/p>\n\n\n\n<div class=\"wp-block-image\"><figure class=\"aligncenter size-large is-resized\"><img loading=\"lazy\" decoding=\"async\" src=\"https:\/\/jornalfatosenoticias.com.br\/wp-content\/uploads\/2023\/08\/Steel.jpeg\" alt=\"\" class=\"wp-image-44634\" width=\"373\" height=\"303\" srcset=\"https:\/\/jornalfatosenoticias.com.br\/wp-content\/uploads\/2023\/08\/Steel.jpeg 800w, https:\/\/jornalfatosenoticias.com.br\/wp-content\/uploads\/2023\/08\/Steel-300x244.jpeg 300w, https:\/\/jornalfatosenoticias.com.br\/wp-content\/uploads\/2023\/08\/Steel-768x624.jpeg 768w\" sizes=\"auto, (max-width: 373px) 100vw, 373px\" \/><\/figure><\/div>\n\n\n\n<p>A cobertura desta casa no Equador tamb\u00e9m \u00e9 projetada para facilitar a coleta de \u00e1gua da chuva, que \u00e9 armazenada em tanques e usada para suprir as demandas di\u00e1rias. Enquanto isso, pain\u00e9is solares fornecem 100% da energia el\u00e9trica com o suporte das baterias de armazenamento de energia.<\/p>\n\n\n\n<div class=\"wp-block-image\"><figure class=\"aligncenter size-large is-resized\"><img loading=\"lazy\" decoding=\"async\" src=\"https:\/\/jornalfatosenoticias.com.br\/wp-content\/uploads\/2023\/09\/vetorvix1024_1.jpg\" alt=\"\" class=\"wp-image-44868\" width=\"475\" height=\"126\" srcset=\"https:\/\/jornalfatosenoticias.com.br\/wp-content\/uploads\/2023\/09\/vetorvix1024_1.jpg 1024w, https:\/\/jornalfatosenoticias.com.br\/wp-content\/uploads\/2023\/09\/vetorvix1024_1-300x80.jpg 300w, https:\/\/jornalfatosenoticias.com.br\/wp-content\/uploads\/2023\/09\/vetorvix1024_1-768x205.jpg 768w\" sizes=\"auto, (max-width: 475px) 100vw, 475px\" \/><\/figure><\/div>\n\n\n\n<p>Outro ponto interessante do projeto foi a op\u00e7\u00e3o por aderir \u00e0 reutiliza\u00e7\u00e3o de materiais, somando 50% de materiais reciclados na casa. As escadas, balc\u00f5es, vigas e colunas estruturais e at\u00e9 janelas e portas reaproveitadas de uma antiga casa reformada s\u00e3o exemplos disso. O resultado reflete-se n\u00e3o apenas em um impacto ambiental menor como tamb\u00e9m em um lar aconchegante \u2014 o famoso \u201ccasa com cara de casa\u201d.<\/p>\n\n\n\n<div class=\"wp-block-image\"><figure class=\"aligncenter size-large is-resized\"><img loading=\"lazy\" decoding=\"async\" src=\"https:\/\/jornalfatosenoticias.com.br\/wp-content\/uploads\/2023\/08\/ITH.jpeg\" alt=\"\" class=\"wp-image-44638\" width=\"342\" height=\"278\" srcset=\"https:\/\/jornalfatosenoticias.com.br\/wp-content\/uploads\/2023\/08\/ITH.jpeg 800w, https:\/\/jornalfatosenoticias.com.br\/wp-content\/uploads\/2023\/08\/ITH-300x244.jpeg 300w, https:\/\/jornalfatosenoticias.com.br\/wp-content\/uploads\/2023\/08\/ITH-768x624.jpeg 768w\" sizes=\"auto, (max-width: 342px) 100vw, 342px\" \/><\/figure><\/div>\n\n\n\n<p>No cotidiano, a resid\u00eancia realiza ainda a gest\u00e3o correta dos res\u00edduos por meio de um sistema de compostagem para os res\u00edduos org\u00e2nicos da cozinha, al\u00e9m da instala\u00e7\u00e3o de um banheiro seco, que decomp\u00f5e os dejetos humanos transformando-os em adubo para as plantas que est\u00e3o sendo plantadas.<\/p>\n\n\n\n<h2 class=\"wp-block-heading\"><strong><span class=\"has-inline-color has-vivid-green-cyan-color\">Regenerando o solo<\/span><\/strong><\/h2>\n\n\n\n<div class=\"wp-block-image\"><figure class=\"aligncenter size-large\"><img loading=\"lazy\" decoding=\"async\" width=\"1000\" height=\"666\" src=\"https:\/\/jornalfatosenoticias.com.br\/wp-content\/uploads\/2023\/11\/casa-funil2.jpg\" alt=\"\" class=\"wp-image-46655\" srcset=\"https:\/\/jornalfatosenoticias.com.br\/wp-content\/uploads\/2023\/11\/casa-funil2.jpg 1000w, https:\/\/jornalfatosenoticias.com.br\/wp-content\/uploads\/2023\/11\/casa-funil2-300x200.jpg 300w, https:\/\/jornalfatosenoticias.com.br\/wp-content\/uploads\/2023\/11\/casa-funil2-768x511.jpg 768w\" sizes=\"auto, (max-width: 1000px) 100vw, 1000px\" \/><figcaption><em><span class=\"has-inline-color has-black-color\">(Foto: Reprodu\u00e7\u00e3o\/CicloVivo)<\/span><\/em><\/figcaption><\/figure><\/div>\n\n\n\n<p>\u00c0 primeira vista pode parecer estranho plantar \u00e1rvores na \u00e1rea da Casa Quinchuyaku, j\u00e1 cercada pela vegeta\u00e7\u00e3o. Entretanto, as encostas do Ilal\u00f3 sofreram um forte processo erosivo, de acordo com o est\u00fadio de arquitetura, de forma que um trabalho de regenera\u00e7\u00e3o do solo se faz necess\u00e1rio.<\/p>\n\n\n\n<div class=\"wp-block-image\"><figure class=\"aligncenter size-large\"><img loading=\"lazy\" decoding=\"async\" width=\"300\" height=\"250\" src=\"https:\/\/jornalfatosenoticias.com.br\/wp-content\/uploads\/2022\/02\/FERRARI_MAQUINAS-E-FERRAMENTAS2.jpg\" alt=\"\" class=\"wp-image-27860\"\/><\/figure><\/div>\n\n\n\n<p>A uma altitude de 2.600 metros acima do n\u00edvel do mar e com clima temperado seco, a casa integra-se a um projeto de substitui\u00e7\u00e3o gradual da floresta de eucalipto existente por flora e fauna nativas. Atualmente, a \u00e1gua cinza (resultante de processos dom\u00e9sticos como lavar lou\u00e7a, lavar roupa e tomar banho) \u00e9 usada para regar as mudas. Valas de infiltra\u00e7\u00e3o para \u00e1guas pluviais tamb\u00e9m buscam contribuir para melhorar as condi\u00e7\u00f5es do solo do local nesta casa no Equador.<\/p>\n\n\n\n<div class=\"wp-block-image\"><figure class=\"aligncenter size-large is-resized\"><img loading=\"lazy\" decoding=\"async\" src=\"https:\/\/jornalfatosenoticias.com.br\/wp-content\/uploads\/2020\/02\/logo-Rapuzel-1024x571.jpg\" alt=\"\" class=\"wp-image-42808\" width=\"384\" height=\"214\" srcset=\"https:\/\/jornalfatosenoticias.com.br\/wp-content\/uploads\/2020\/02\/logo-Rapuzel-1024x571.jpg 1024w, https:\/\/jornalfatosenoticias.com.br\/wp-content\/uploads\/2020\/02\/logo-Rapuzel-300x167.jpg 300w, https:\/\/jornalfatosenoticias.com.br\/wp-content\/uploads\/2020\/02\/logo-Rapuzel-768x428.jpg 768w, https:\/\/jornalfatosenoticias.com.br\/wp-content\/uploads\/2020\/02\/logo-Rapuzel-1536x856.jpg 1536w, https:\/\/jornalfatosenoticias.com.br\/wp-content\/uploads\/2020\/02\/logo-Rapuzel.jpg 1600w\" sizes=\"auto, (max-width: 384px) 100vw, 384px\" \/><\/figure><\/div>\n\n\n\n<p><strong><em>Fonte: <a href=\"https:\/\/ciclovivo.com.br\/arq-urb\/arquitetura\/casa-equador-energia-agua-regeneracao\/\">CicloVivo<\/a><\/em><\/strong><\/p>\n","protected":false},"excerpt":{"rendered":"<p>Esta resid\u00eancia no Equador incorpora diversas pr\u00e1ticas para um lar confort\u00e1vel com o m\u00ednimo de impacto ambiental Por Marcia Sousa Buscando integrar a constru\u00e7\u00e3o \u00e0 paisagem e geografia local, o arquiteto Emilio L\u00f3pez concebe uma esp\u00e9cie de \u201cresid\u00eancia em funil\u201d com dupla abertura. Coletando \u00e1gua da chuva, a energia que vem do sol, ocupando um [&hellip;]<\/p>\n","protected":false},"author":2,"featured_media":46656,"comment_status":"open","ping_status":"open","sticky":false,"template":"","format":"standard","meta":{"footnotes":""},"categories":[744],"tags":[15434,17776,21922,2410,579],"class_list":["post-46654","post","type-post","status-publish","format-standard","has-post-thumbnail","hentry","category-arq-urbanismo","tag-casa-autossuficiente","tag-casa-autossustentavel","tag-casa-passiva","tag-equador","tag-impacto-ambiental"],"yoast_head":"<!-- This site is optimized with the Yoast SEO plugin v26.5 - https:\/\/yoast.com\/wordpress\/plugins\/seo\/ -->\n<title>Casa \u201cfunil\u201d garante energia, \u00e1gua e regenera\u00e7\u00e3o do solo - Jornal Fatos e Not\u00edcias<\/title>\n<meta name=\"robots\" content=\"index, follow, max-snippet:-1, max-image-preview:large, max-video-preview:-1\" \/>\n<link rel=\"canonical\" href=\"https:\/\/jornalfatosenoticias.com.br\/index.php\/2023\/11\/06\/casa-funil-garante-energia-agua-e-regeneracao-do-solo\/\" \/>\n<meta property=\"og:locale\" content=\"pt_BR\" \/>\n<meta property=\"og:type\" content=\"article\" \/>\n<meta property=\"og:title\" content=\"Casa \u201cfunil\u201d garante energia, \u00e1gua e regenera\u00e7\u00e3o do solo - Jornal Fatos e Not\u00edcias\" \/>\n<meta property=\"og:description\" content=\"Esta resid\u00eancia no Equador incorpora diversas pr\u00e1ticas para um lar confort\u00e1vel com o m\u00ednimo de impacto ambiental Por Marcia Sousa Buscando integrar a constru\u00e7\u00e3o \u00e0 paisagem e geografia local, o arquiteto Emilio L\u00f3pez concebe uma esp\u00e9cie de \u201cresid\u00eancia em funil\u201d com dupla abertura. Coletando \u00e1gua da chuva, a energia que vem do sol, ocupando um [&hellip;]\" \/>\n<meta property=\"og:url\" content=\"https:\/\/jornalfatosenoticias.com.br\/index.php\/2023\/11\/06\/casa-funil-garante-energia-agua-e-regeneracao-do-solo\/\" \/>\n<meta property=\"og:site_name\" content=\"Jornal Fatos e Not\u00edcias\" \/>\n<meta property=\"article:published_time\" content=\"2023-11-06T12:44:53+00:00\" \/>\n<meta property=\"article:modified_time\" content=\"2023-11-06T12:44:54+00:00\" \/>\n<meta property=\"og:image\" content=\"https:\/\/jornalfatosenoticias.com.br\/wp-content\/uploads\/2023\/11\/casa-funil.jpg\" \/>\n\t<meta property=\"og:image:width\" content=\"1000\" \/>\n\t<meta property=\"og:image:height\" content=\"666\" \/>\n\t<meta property=\"og:image:type\" content=\"image\/jpeg\" \/>\n<meta name=\"author\" content=\"Luzimara Fernandes\" \/>\n<meta name=\"twitter:card\" content=\"summary_large_image\" \/>\n<meta name=\"twitter:label1\" content=\"Escrito por\" \/>\n\t<meta name=\"twitter:data1\" content=\"Luzimara Fernandes\" \/>\n\t<meta name=\"twitter:label2\" content=\"Est. tempo de leitura\" \/>\n\t<meta name=\"twitter:data2\" content=\"2 minutos\" \/>\n<script type=\"application\/ld+json\" class=\"yoast-schema-graph\">{\"@context\":\"https:\/\/schema.org\",\"@graph\":[{\"@type\":\"Article\",\"@id\":\"https:\/\/jornalfatosenoticias.com.br\/index.php\/2023\/11\/06\/casa-funil-garante-energia-agua-e-regeneracao-do-solo\/#article\",\"isPartOf\":{\"@id\":\"https:\/\/jornalfatosenoticias.com.br\/index.php\/2023\/11\/06\/casa-funil-garante-energia-agua-e-regeneracao-do-solo\/\"},\"author\":{\"name\":\"Luzimara Fernandes\",\"@id\":\"https:\/\/jornalfatosenoticias.com.br\/#\/schema\/person\/d63837fa13ac8666eb9e74e0985d6f81\"},\"headline\":\"Casa \u201cfunil\u201d garante energia, \u00e1gua e regenera\u00e7\u00e3o do solo\",\"datePublished\":\"2023-11-06T12:44:53+00:00\",\"dateModified\":\"2023-11-06T12:44:54+00:00\",\"mainEntityOfPage\":{\"@id\":\"https:\/\/jornalfatosenoticias.com.br\/index.php\/2023\/11\/06\/casa-funil-garante-energia-agua-e-regeneracao-do-solo\/\"},\"wordCount\":461,\"commentCount\":0,\"publisher\":{\"@id\":\"https:\/\/jornalfatosenoticias.com.br\/#organization\"},\"image\":{\"@id\":\"https:\/\/jornalfatosenoticias.com.br\/index.php\/2023\/11\/06\/casa-funil-garante-energia-agua-e-regeneracao-do-solo\/#primaryimage\"},\"thumbnailUrl\":\"https:\/\/jornalfatosenoticias.com.br\/wp-content\/uploads\/2023\/11\/casa-funil.jpg\",\"keywords\":[\"casa autossuficiente\",\"casa autossustent\u00e1vel\",\"casa passiva\",\"Equador\",\"impacto ambiental\"],\"articleSection\":[\"Arq &amp; Urb\"],\"inLanguage\":\"pt-BR\",\"potentialAction\":[{\"@type\":\"CommentAction\",\"name\":\"Comment\",\"target\":[\"https:\/\/jornalfatosenoticias.com.br\/index.php\/2023\/11\/06\/casa-funil-garante-energia-agua-e-regeneracao-do-solo\/#respond\"]}]},{\"@type\":\"WebPage\",\"@id\":\"https:\/\/jornalfatosenoticias.com.br\/index.php\/2023\/11\/06\/casa-funil-garante-energia-agua-e-regeneracao-do-solo\/\",\"url\":\"https:\/\/jornalfatosenoticias.com.br\/index.php\/2023\/11\/06\/casa-funil-garante-energia-agua-e-regeneracao-do-solo\/\",\"name\":\"Casa \u201cfunil\u201d garante energia, \u00e1gua e regenera\u00e7\u00e3o do solo - Jornal Fatos e Not\u00edcias\",\"isPartOf\":{\"@id\":\"https:\/\/jornalfatosenoticias.com.br\/#website\"},\"primaryImageOfPage\":{\"@id\":\"https:\/\/jornalfatosenoticias.com.br\/index.php\/2023\/11\/06\/casa-funil-garante-energia-agua-e-regeneracao-do-solo\/#primaryimage\"},\"image\":{\"@id\":\"https:\/\/jornalfatosenoticias.com.br\/index.php\/2023\/11\/06\/casa-funil-garante-energia-agua-e-regeneracao-do-solo\/#primaryimage\"},\"thumbnailUrl\":\"https:\/\/jornalfatosenoticias.com.br\/wp-content\/uploads\/2023\/11\/casa-funil.jpg\",\"datePublished\":\"2023-11-06T12:44:53+00:00\",\"dateModified\":\"2023-11-06T12:44:54+00:00\",\"breadcrumb\":{\"@id\":\"https:\/\/jornalfatosenoticias.com.br\/index.php\/2023\/11\/06\/casa-funil-garante-energia-agua-e-regeneracao-do-solo\/#breadcrumb\"},\"inLanguage\":\"pt-BR\",\"potentialAction\":[{\"@type\":\"ReadAction\",\"target\":[\"https:\/\/jornalfatosenoticias.com.br\/index.php\/2023\/11\/06\/casa-funil-garante-energia-agua-e-regeneracao-do-solo\/\"]}]},{\"@type\":\"ImageObject\",\"inLanguage\":\"pt-BR\",\"@id\":\"https:\/\/jornalfatosenoticias.com.br\/index.php\/2023\/11\/06\/casa-funil-garante-energia-agua-e-regeneracao-do-solo\/#primaryimage\",\"url\":\"https:\/\/jornalfatosenoticias.com.br\/wp-content\/uploads\/2023\/11\/casa-funil.jpg\",\"contentUrl\":\"https:\/\/jornalfatosenoticias.com.br\/wp-content\/uploads\/2023\/11\/casa-funil.jpg\",\"width\":1000,\"height\":666},{\"@type\":\"BreadcrumbList\",\"@id\":\"https:\/\/jornalfatosenoticias.com.br\/index.php\/2023\/11\/06\/casa-funil-garante-energia-agua-e-regeneracao-do-solo\/#breadcrumb\",\"itemListElement\":[{\"@type\":\"ListItem\",\"position\":1,\"name\":\"In\u00edcio\",\"item\":\"https:\/\/jornalfatosenoticias.com.br\/\"},{\"@type\":\"ListItem\",\"position\":2,\"name\":\"Casa \u201cfunil\u201d garante energia, \u00e1gua e regenera\u00e7\u00e3o do solo\"}]},{\"@type\":\"WebSite\",\"@id\":\"https:\/\/jornalfatosenoticias.com.br\/#website\",\"url\":\"https:\/\/jornalfatosenoticias.com.br\/\",\"name\":\"Jornal Fatos e Not\u00edcias\",\"description\":\"Not\u00edcias em geral\",\"publisher\":{\"@id\":\"https:\/\/jornalfatosenoticias.com.br\/#organization\"},\"potentialAction\":[{\"@type\":\"SearchAction\",\"target\":{\"@type\":\"EntryPoint\",\"urlTemplate\":\"https:\/\/jornalfatosenoticias.com.br\/?s={search_term_string}\"},\"query-input\":{\"@type\":\"PropertyValueSpecification\",\"valueRequired\":true,\"valueName\":\"search_term_string\"}}],\"inLanguage\":\"pt-BR\"},{\"@type\":\"Organization\",\"@id\":\"https:\/\/jornalfatosenoticias.com.br\/#organization\",\"name\":\"Jornal Fatos e Not\u00edcias\",\"url\":\"https:\/\/jornalfatosenoticias.com.br\/\",\"logo\":{\"@type\":\"ImageObject\",\"inLanguage\":\"pt-BR\",\"@id\":\"https:\/\/jornalfatosenoticias.com.br\/#\/schema\/logo\/image\/\",\"url\":\"https:\/\/jornalfatosenoticias.com.br\/wp-content\/uploads\/2020\/02\/logo120.png\",\"contentUrl\":\"https:\/\/jornalfatosenoticias.com.br\/wp-content\/uploads\/2020\/02\/logo120.png\",\"width\":1227,\"height\":120,\"caption\":\"Jornal Fatos e Not\u00edcias\"},\"image\":{\"@id\":\"https:\/\/jornalfatosenoticias.com.br\/#\/schema\/logo\/image\/\"}},{\"@type\":\"Person\",\"@id\":\"https:\/\/jornalfatosenoticias.com.br\/#\/schema\/person\/d63837fa13ac8666eb9e74e0985d6f81\",\"name\":\"Luzimara Fernandes\",\"image\":{\"@type\":\"ImageObject\",\"inLanguage\":\"pt-BR\",\"@id\":\"https:\/\/jornalfatosenoticias.com.br\/#\/schema\/person\/image\/\",\"url\":\"https:\/\/jornalfatosenoticias.com.br\/wp-content\/uploads\/2025\/05\/EU_portal.jpg\",\"contentUrl\":\"https:\/\/jornalfatosenoticias.com.br\/wp-content\/uploads\/2025\/05\/EU_portal.jpg\",\"caption\":\"Luzimara Fernandes\"},\"description\":\"Jornalista MTB 2358-ES\",\"sameAs\":[\"https:\/\/jornalfatosenoticias.com.br\"],\"url\":\"https:\/\/jornalfatosenoticias.com.br\/index.php\/author\/luzimara\/\"}]}<\/script>\n<!-- \/ Yoast SEO plugin. -->","yoast_head_json":{"title":"Casa \u201cfunil\u201d garante energia, \u00e1gua e regenera\u00e7\u00e3o do solo - Jornal Fatos e Not\u00edcias","robots":{"index":"index","follow":"follow","max-snippet":"max-snippet:-1","max-image-preview":"max-image-preview:large","max-video-preview":"max-video-preview:-1"},"canonical":"https:\/\/jornalfatosenoticias.com.br\/index.php\/2023\/11\/06\/casa-funil-garante-energia-agua-e-regeneracao-do-solo\/","og_locale":"pt_BR","og_type":"article","og_title":"Casa \u201cfunil\u201d garante energia, \u00e1gua e regenera\u00e7\u00e3o do solo - Jornal Fatos e Not\u00edcias","og_description":"Esta resid\u00eancia no Equador incorpora diversas pr\u00e1ticas para um lar confort\u00e1vel com o m\u00ednimo de impacto ambiental Por Marcia Sousa Buscando integrar a constru\u00e7\u00e3o \u00e0 paisagem e geografia local, o arquiteto Emilio L\u00f3pez concebe uma esp\u00e9cie de \u201cresid\u00eancia em funil\u201d com dupla abertura. Coletando \u00e1gua da chuva, a energia que vem do sol, ocupando um [&hellip;]","og_url":"https:\/\/jornalfatosenoticias.com.br\/index.php\/2023\/11\/06\/casa-funil-garante-energia-agua-e-regeneracao-do-solo\/","og_site_name":"Jornal Fatos e Not\u00edcias","article_published_time":"2023-11-06T12:44:53+00:00","article_modified_time":"2023-11-06T12:44:54+00:00","og_image":[{"width":1000,"height":666,"url":"https:\/\/jornalfatosenoticias.com.br\/wp-content\/uploads\/2023\/11\/casa-funil.jpg","type":"image\/jpeg"}],"author":"Luzimara Fernandes","twitter_card":"summary_large_image","twitter_misc":{"Escrito por":"Luzimara Fernandes","Est. tempo de leitura":"2 minutos"},"schema":{"@context":"https:\/\/schema.org","@graph":[{"@type":"Article","@id":"https:\/\/jornalfatosenoticias.com.br\/index.php\/2023\/11\/06\/casa-funil-garante-energia-agua-e-regeneracao-do-solo\/#article","isPartOf":{"@id":"https:\/\/jornalfatosenoticias.com.br\/index.php\/2023\/11\/06\/casa-funil-garante-energia-agua-e-regeneracao-do-solo\/"},"author":{"name":"Luzimara Fernandes","@id":"https:\/\/jornalfatosenoticias.com.br\/#\/schema\/person\/d63837fa13ac8666eb9e74e0985d6f81"},"headline":"Casa \u201cfunil\u201d garante energia, \u00e1gua e regenera\u00e7\u00e3o do solo","datePublished":"2023-11-06T12:44:53+00:00","dateModified":"2023-11-06T12:44:54+00:00","mainEntityOfPage":{"@id":"https:\/\/jornalfatosenoticias.com.br\/index.php\/2023\/11\/06\/casa-funil-garante-energia-agua-e-regeneracao-do-solo\/"},"wordCount":461,"commentCount":0,"publisher":{"@id":"https:\/\/jornalfatosenoticias.com.br\/#organization"},"image":{"@id":"https:\/\/jornalfatosenoticias.com.br\/index.php\/2023\/11\/06\/casa-funil-garante-energia-agua-e-regeneracao-do-solo\/#primaryimage"},"thumbnailUrl":"https:\/\/jornalfatosenoticias.com.br\/wp-content\/uploads\/2023\/11\/casa-funil.jpg","keywords":["casa autossuficiente","casa autossustent\u00e1vel","casa passiva","Equador","impacto ambiental"],"articleSection":["Arq &amp; Urb"],"inLanguage":"pt-BR","potentialAction":[{"@type":"CommentAction","name":"Comment","target":["https:\/\/jornalfatosenoticias.com.br\/index.php\/2023\/11\/06\/casa-funil-garante-energia-agua-e-regeneracao-do-solo\/#respond"]}]},{"@type":"WebPage","@id":"https:\/\/jornalfatosenoticias.com.br\/index.php\/2023\/11\/06\/casa-funil-garante-energia-agua-e-regeneracao-do-solo\/","url":"https:\/\/jornalfatosenoticias.com.br\/index.php\/2023\/11\/06\/casa-funil-garante-energia-agua-e-regeneracao-do-solo\/","name":"Casa \u201cfunil\u201d garante energia, \u00e1gua e regenera\u00e7\u00e3o do solo - Jornal Fatos e Not\u00edcias","isPartOf":{"@id":"https:\/\/jornalfatosenoticias.com.br\/#website"},"primaryImageOfPage":{"@id":"https:\/\/jornalfatosenoticias.com.br\/index.php\/2023\/11\/06\/casa-funil-garante-energia-agua-e-regeneracao-do-solo\/#primaryimage"},"image":{"@id":"https:\/\/jornalfatosenoticias.com.br\/index.php\/2023\/11\/06\/casa-funil-garante-energia-agua-e-regeneracao-do-solo\/#primaryimage"},"thumbnailUrl":"https:\/\/jornalfatosenoticias.com.br\/wp-content\/uploads\/2023\/11\/casa-funil.jpg","datePublished":"2023-11-06T12:44:53+00:00","dateModified":"2023-11-06T12:44:54+00:00","breadcrumb":{"@id":"https:\/\/jornalfatosenoticias.com.br\/index.php\/2023\/11\/06\/casa-funil-garante-energia-agua-e-regeneracao-do-solo\/#breadcrumb"},"inLanguage":"pt-BR","potentialAction":[{"@type":"ReadAction","target":["https:\/\/jornalfatosenoticias.com.br\/index.php\/2023\/11\/06\/casa-funil-garante-energia-agua-e-regeneracao-do-solo\/"]}]},{"@type":"ImageObject","inLanguage":"pt-BR","@id":"https:\/\/jornalfatosenoticias.com.br\/index.php\/2023\/11\/06\/casa-funil-garante-energia-agua-e-regeneracao-do-solo\/#primaryimage","url":"https:\/\/jornalfatosenoticias.com.br\/wp-content\/uploads\/2023\/11\/casa-funil.jpg","contentUrl":"https:\/\/jornalfatosenoticias.com.br\/wp-content\/uploads\/2023\/11\/casa-funil.jpg","width":1000,"height":666},{"@type":"BreadcrumbList","@id":"https:\/\/jornalfatosenoticias.com.br\/index.php\/2023\/11\/06\/casa-funil-garante-energia-agua-e-regeneracao-do-solo\/#breadcrumb","itemListElement":[{"@type":"ListItem","position":1,"name":"In\u00edcio","item":"https:\/\/jornalfatosenoticias.com.br\/"},{"@type":"ListItem","position":2,"name":"Casa \u201cfunil\u201d garante energia, \u00e1gua e regenera\u00e7\u00e3o do solo"}]},{"@type":"WebSite","@id":"https:\/\/jornalfatosenoticias.com.br\/#website","url":"https:\/\/jornalfatosenoticias.com.br\/","name":"Jornal Fatos e Not\u00edcias","description":"Not\u00edcias em geral","publisher":{"@id":"https:\/\/jornalfatosenoticias.com.br\/#organization"},"potentialAction":[{"@type":"SearchAction","target":{"@type":"EntryPoint","urlTemplate":"https:\/\/jornalfatosenoticias.com.br\/?s={search_term_string}"},"query-input":{"@type":"PropertyValueSpecification","valueRequired":true,"valueName":"search_term_string"}}],"inLanguage":"pt-BR"},{"@type":"Organization","@id":"https:\/\/jornalfatosenoticias.com.br\/#organization","name":"Jornal Fatos e Not\u00edcias","url":"https:\/\/jornalfatosenoticias.com.br\/","logo":{"@type":"ImageObject","inLanguage":"pt-BR","@id":"https:\/\/jornalfatosenoticias.com.br\/#\/schema\/logo\/image\/","url":"https:\/\/jornalfatosenoticias.com.br\/wp-content\/uploads\/2020\/02\/logo120.png","contentUrl":"https:\/\/jornalfatosenoticias.com.br\/wp-content\/uploads\/2020\/02\/logo120.png","width":1227,"height":120,"caption":"Jornal Fatos e Not\u00edcias"},"image":{"@id":"https:\/\/jornalfatosenoticias.com.br\/#\/schema\/logo\/image\/"}},{"@type":"Person","@id":"https:\/\/jornalfatosenoticias.com.br\/#\/schema\/person\/d63837fa13ac8666eb9e74e0985d6f81","name":"Luzimara Fernandes","image":{"@type":"ImageObject","inLanguage":"pt-BR","@id":"https:\/\/jornalfatosenoticias.com.br\/#\/schema\/person\/image\/","url":"https:\/\/jornalfatosenoticias.com.br\/wp-content\/uploads\/2025\/05\/EU_portal.jpg","contentUrl":"https:\/\/jornalfatosenoticias.com.br\/wp-content\/uploads\/2025\/05\/EU_portal.jpg","caption":"Luzimara Fernandes"},"description":"Jornalista MTB 2358-ES","sameAs":["https:\/\/jornalfatosenoticias.com.br"],"url":"https:\/\/jornalfatosenoticias.com.br\/index.php\/author\/luzimara\/"}]}},"cc_featured_image_caption":{"caption_text":"(Foto: Reprodu\u00e7\u00e3o\/CicloVivo) \r\n","source_text":"","source_url":""},"jetpack_featured_media_url":"https:\/\/jornalfatosenoticias.com.br\/wp-content\/uploads\/2023\/11\/casa-funil.jpg","_links":{"self":[{"href":"https:\/\/jornalfatosenoticias.com.br\/index.php\/wp-json\/wp\/v2\/posts\/46654","targetHints":{"allow":["GET"]}}],"collection":[{"href":"https:\/\/jornalfatosenoticias.com.br\/index.php\/wp-json\/wp\/v2\/posts"}],"about":[{"href":"https:\/\/jornalfatosenoticias.com.br\/index.php\/wp-json\/wp\/v2\/types\/post"}],"author":[{"embeddable":true,"href":"https:\/\/jornalfatosenoticias.com.br\/index.php\/wp-json\/wp\/v2\/users\/2"}],"replies":[{"embeddable":true,"href":"https:\/\/jornalfatosenoticias.com.br\/index.php\/wp-json\/wp\/v2\/comments?post=46654"}],"version-history":[{"count":0,"href":"https:\/\/jornalfatosenoticias.com.br\/index.php\/wp-json\/wp\/v2\/posts\/46654\/revisions"}],"wp:featuredmedia":[{"embeddable":true,"href":"https:\/\/jornalfatosenoticias.com.br\/index.php\/wp-json\/wp\/v2\/media\/46656"}],"wp:attachment":[{"href":"https:\/\/jornalfatosenoticias.com.br\/index.php\/wp-json\/wp\/v2\/media?parent=46654"}],"wp:term":[{"taxonomy":"category","embeddable":true,"href":"https:\/\/jornalfatosenoticias.com.br\/index.php\/wp-json\/wp\/v2\/categories?post=46654"},{"taxonomy":"post_tag","embeddable":true,"href":"https:\/\/jornalfatosenoticias.com.br\/index.php\/wp-json\/wp\/v2\/tags?post=46654"}],"curies":[{"name":"wp","href":"https:\/\/api.w.org\/{rel}","templated":true}]}}