{"id":46666,"date":"2023-11-06T10:36:19","date_gmt":"2023-11-06T13:36:19","guid":{"rendered":"https:\/\/jornalfatosenoticias.com.br\/?p=46666"},"modified":"2023-11-06T10:36:20","modified_gmt":"2023-11-06T13:36:20","slug":"uma-saida-simples-para-ajudar-a-reduzir-a-ansiedade-das-criancas","status":"publish","type":"post","link":"https:\/\/jornalfatosenoticias.com.br\/index.php\/2023\/11\/06\/uma-saida-simples-para-ajudar-a-reduzir-a-ansiedade-das-criancas\/","title":{"rendered":"Uma sa\u00edda simples para ajudar a reduzir a ansiedade das crian\u00e7as"},"content":{"rendered":"\n<p><em><span class=\"has-inline-color has-black-color\">A superprote\u00e7\u00e3o faz com que crian\u00e7as tenham medo do mundo. O brincar livre favorece habilidades como coragem e resili\u00eancia<\/span><\/em><\/p>\n\n\n\n<p><span class=\"has-inline-color has-black-color\">Por <strong><a href=\"https:\/\/cangurunews.com.br\/author\/veronica\/\">Ver\u00f4nica Fraidenraich<\/a><\/strong><\/span><\/p>\n\n\n\n<div class=\"wp-block-image\"><figure class=\"aligncenter size-large is-resized\"><img loading=\"lazy\" decoding=\"async\" src=\"https:\/\/jornalfatosenoticias.com.br\/wp-content\/uploads\/2020\/02\/logo-Rapuzel-1024x571.jpg\" alt=\"\" class=\"wp-image-42808\" width=\"298\" height=\"166\" srcset=\"https:\/\/jornalfatosenoticias.com.br\/wp-content\/uploads\/2020\/02\/logo-Rapuzel-1024x571.jpg 1024w, https:\/\/jornalfatosenoticias.com.br\/wp-content\/uploads\/2020\/02\/logo-Rapuzel-300x167.jpg 300w, https:\/\/jornalfatosenoticias.com.br\/wp-content\/uploads\/2020\/02\/logo-Rapuzel-768x428.jpg 768w, https:\/\/jornalfatosenoticias.com.br\/wp-content\/uploads\/2020\/02\/logo-Rapuzel-1536x856.jpg 1536w, https:\/\/jornalfatosenoticias.com.br\/wp-content\/uploads\/2020\/02\/logo-Rapuzel.jpg 1600w\" sizes=\"auto, (max-width: 298px) 100vw, 298px\" \/><\/figure><\/div>\n\n\n\n<p>Muitos pais desta gera\u00e7\u00e3o certamente t\u00eam boas recorda\u00e7\u00f5es da inf\u00e2ncia, da \u00e9poca em que jogavam bola na rua, iam na casa do vizinho sozinhos e at\u00e9 frequentavam a sorveteria do bairro com os amigos. Hoje, pensar em deixar os filhos <a href=\"https:\/\/cangurunews.com.br\/10-brincadeiras-antigas-para-fazer-com-os-filhos\/\">brincando na rua<\/a> \u00e9 algo raro, ainda mais nas grandes capitais brasileiras, diante da inseguran\u00e7a, do tr\u00e2nsito e dos perigos constantes que nos cercam.<br>No geral, as crian\u00e7as fazem poucas sa\u00eddas al\u00e9m da escola, sempre acompanhadas de adultos, sendo as brincadeiras e atividades limitadas, quase sempre, ao espa\u00e7o dentro de casa ou \u00e0 \u00e1rea protegida dos pr\u00e9dios em que moram. E apesar das boas inten\u00e7\u00f5es, esse excesso de prote\u00e7\u00e3o e supervis\u00e3o tem prejudicado a liberdade e a <a href=\"https:\/\/cangurunews.com.br\/autonomia-emocional\/\">autonomia das crian\u00e7as<\/a>, impactando a sua\u00a0<a href=\"https:\/\/cangurunews.com.br\/5-dicas-para-melhorar-a-saude-mental-fisica-e-emocional-das-criancas-e-dos-pais\/\">sa\u00fade mental<\/a>.<\/p>\n\n\n\n<div class=\"wp-block-image\"><figure class=\"aligncenter size-large\"><img loading=\"lazy\" decoding=\"async\" width=\"300\" height=\"250\" src=\"https:\/\/jornalfatosenoticias.com.br\/wp-content\/uploads\/2020\/02\/Banner-2.png\" alt=\"\" class=\"wp-image-43787\"\/><\/figure><\/div>\n\n\n\n<blockquote class=\"wp-block-quote is-layout-flow wp-block-quote-is-layout-flow\"><p><span class=\"has-inline-color has-luminous-vivid-orange-color\">Essa cautela excessiva n\u00e3o \u00e9 incomum \u2014 ao longo das \u00faltimas d\u00e9cadas, as crian\u00e7as tornaram-se cada vez menos independentes. Em vez de correr para brincar depois da escola ou andar de bicicleta no estilo \u201cStranger Things\u201d, \u00e9 mais prov\u00e1vel que elas estejam em ambientes fechados, no TikTok ou em aulas para adultos e esportes organizados\u201d, destacam os autores do artigo \u201cEsta solu\u00e7\u00e3o simples pode ajudar crian\u00e7as ansiosas\u201d, publicado em setembro no\u00a0<a href=\"https:\/\/www.nytimes.com\/2023\/09\/04\/opinion\/anxiety-depression-teens.html\">jornal The New York Times<\/a> (NYT).<\/span><\/p><\/blockquote>\n\n\n\n<div class=\"wp-block-image\"><figure class=\"aligncenter size-large is-resized\"><img loading=\"lazy\" decoding=\"async\" src=\"https:\/\/jornalfatosenoticias.com.br\/wp-content\/uploads\/2023\/07\/lacremoda.jpg\" alt=\"\" class=\"wp-image-43706\" width=\"347\" height=\"194\" srcset=\"https:\/\/jornalfatosenoticias.com.br\/wp-content\/uploads\/2023\/07\/lacremoda.jpg 1024w, https:\/\/jornalfatosenoticias.com.br\/wp-content\/uploads\/2023\/07\/lacremoda-300x168.jpg 300w, https:\/\/jornalfatosenoticias.com.br\/wp-content\/uploads\/2023\/07\/lacremoda-768x431.jpg 768w\" sizes=\"auto, (max-width: 347px) 100vw, 347px\" \/><\/figure><\/div>\n\n\n\n<p>Camilo Ortiz, professor associado de psicologia na Long Island University Post, que realiza pesquisas sobre o tratamento de crian\u00e7as com terapia cognitivo-comportamental, e Lenore Skenazy, presidente da organiza\u00e7\u00e3o sem fins lucrativos <a href=\"https:\/\/letgrow.org\/\">Let Grow<\/a> (Deixe crescer, em tradu\u00e7\u00e3o livre), ambos nos Estados Unidos \u2014 afirmam que, \u00e0 medida que a liberdade das crian\u00e7as diminui, a ansiedade delas aumenta.<\/p>\n\n\n\n<div class=\"wp-block-image\"><figure class=\"aligncenter size-large\"><img loading=\"lazy\" decoding=\"async\" width=\"300\" height=\"300\" src=\"https:\/\/jornalfatosenoticias.com.br\/wp-content\/uploads\/2020\/02\/casa-do-torresmo_portal.jpg\" alt=\"\" class=\"wp-image-34472\" srcset=\"https:\/\/jornalfatosenoticias.com.br\/wp-content\/uploads\/2020\/02\/casa-do-torresmo_portal.jpg 300w, https:\/\/jornalfatosenoticias.com.br\/wp-content\/uploads\/2020\/02\/casa-do-torresmo_portal-150x150.jpg 150w\" sizes=\"auto, (max-width: 300px) 100vw, 300px\" \/><\/figure><\/div>\n\n\n\n<p>N\u00e3o por acaso, o cirurgi\u00e3o-geral, maior autoridade em sa\u00fade p\u00fablica dos Estados Unidos, declarou que o decl\u00ednio da sa\u00fade mental \u00e9 \u201c<a href=\"https:\/\/www.edweek.org\/leadership\/kids-declining-mental-health-is-the-crisis-of-our-time-surgeon-general-says\/2023\/04\">a crise do nosso tempo<\/a>\u201d. Para Camilo e Lenore, embora existam muitas raz\u00f5es para o sofrimento dos nossos filhos, essa dor pode estar relacionada ao simples fato de as crian\u00e7as estarem crescendo t\u00e3o superprotegidas que t\u00eam medo do mundo. <\/p>\n\n\n\n<div class=\"wp-block-image\"><figure class=\"aligncenter size-large is-resized\"><img loading=\"lazy\" decoding=\"async\" src=\"https:\/\/jornalfatosenoticias.com.br\/wp-content\/uploads\/2022\/02\/Precisao-Contabilidade-1024x724.jpg\" alt=\"\" class=\"wp-image-28088\" width=\"346\" height=\"245\"\/><\/figure><\/div>\n\n\n\n<blockquote class=\"wp-block-quote is-layout-flow wp-block-quote-is-layout-flow\"><p><span class=\"has-inline-color has-luminous-vivid-orange-color\">Nesse caso, a solu\u00e7\u00e3o tamb\u00e9m seria simples: come\u00e7ar a deix\u00e1-las fazer mais coisas por conta pr\u00f3pria\u201d, dizem os autores do artigo no NYT.<\/span><\/p><\/blockquote>\n\n\n\n<div class=\"wp-block-image\"><figure class=\"aligncenter size-large is-resized\"><img loading=\"lazy\" decoding=\"async\" src=\"https:\/\/jornalfatosenoticias.com.br\/wp-content\/uploads\/2023\/08\/LOGO-BLU-COMERCIAL-PRETO-1024x600.jpg\" alt=\"\" class=\"wp-image-44053\" width=\"338\" height=\"197\"\/><\/figure><\/div>\n\n\n\n<p>Para eles, a supervis\u00e3o e interven\u00e7\u00e3o constantes podem prejudicar o desenvolvimento de habilidades como coragem e resili\u00eancia nas crian\u00e7as. <\/p>\n\n\n\n<blockquote class=\"wp-block-quote is-layout-flow wp-block-quote-is-layout-flow\"><p><span class=\"has-inline-color has-luminous-vivid-orange-color\">O que falta hoje n\u00e3o \u00e9 apenas a emo\u00e7\u00e3o de subir em \u00e1rvores ou brincar de pega-pega. Se um adulto est\u00e1 sempre presente \u2014 pessoal ou eletronicamente \u2014 as crian\u00e7as n\u00e3o conseguem ver do que realmente s\u00e3o feitas. As crian\u00e7as devem ter um relacionamento amoroso e seguro com os pais, \u00e9 claro. Mas se voc\u00ea pensar em uma \u00e9poca em que estava sozinho quando crian\u00e7a e se perdeu ou talvez caiu da bicicleta, provavelmente ainda se lembra do que aconteceu a seguir. Voc\u00ea mancou todo o caminho para casa ou pediu ajuda a um estranho. Voc\u00ea conseguiu. E isso foi um marco\u201d.<\/span><\/p><\/blockquote>\n\n\n\n<div class=\"wp-block-image\"><figure class=\"aligncenter size-large is-resized\"><img loading=\"lazy\" decoding=\"async\" src=\"https:\/\/jornalfatosenoticias.com.br\/wp-content\/uploads\/2023\/08\/BKR-1024x1021.jpg\" alt=\"\" class=\"wp-image-44494\" width=\"289\" height=\"288\" srcset=\"https:\/\/jornalfatosenoticias.com.br\/wp-content\/uploads\/2023\/08\/BKR-1024x1021.jpg 1024w, https:\/\/jornalfatosenoticias.com.br\/wp-content\/uploads\/2023\/08\/BKR-300x300.jpg 300w, https:\/\/jornalfatosenoticias.com.br\/wp-content\/uploads\/2023\/08\/BKR-150x150.jpg 150w, https:\/\/jornalfatosenoticias.com.br\/wp-content\/uploads\/2023\/08\/BKR-768x766.jpg 768w, https:\/\/jornalfatosenoticias.com.br\/wp-content\/uploads\/2023\/08\/BKR.jpg 1080w\" sizes=\"auto, (max-width: 289px) 100vw, 289px\" \/><\/figure><\/div>\n\n\n\n<p>As crian\u00e7as precisam de muitas dessas experi\u00eancias, pois elas \u201cassassinam\u201d a ansiedade, destacam os especialistas. <\/p>\n\n\n\n<blockquote class=\"wp-block-quote is-layout-flow wp-block-quote-is-layout-flow\"><p><span class=\"has-inline-color has-luminous-vivid-orange-color\">Ambos lamentamos o fato de os pais de diferentes classes sociais acreditarem agora que quanto maior o n\u00famero de atividades estruturadas e supervisionadas em que puderem colocar os seus filhos, melhor ser\u00e1 para eles\u201d, avaliam.<\/span><\/p><\/blockquote>\n\n\n\n<div class=\"wp-block-image\"><figure class=\"aligncenter size-large is-resized\"><img loading=\"lazy\" decoding=\"async\" src=\"https:\/\/jornalfatosenoticias.com.br\/wp-content\/uploads\/2023\/08\/ITH.jpeg\" alt=\"\" class=\"wp-image-44638\" width=\"296\" height=\"240\" srcset=\"https:\/\/jornalfatosenoticias.com.br\/wp-content\/uploads\/2023\/08\/ITH.jpeg 800w, https:\/\/jornalfatosenoticias.com.br\/wp-content\/uploads\/2023\/08\/ITH-300x244.jpeg 300w, https:\/\/jornalfatosenoticias.com.br\/wp-content\/uploads\/2023\/08\/ITH-768x624.jpeg 768w\" sizes=\"auto, (max-width: 296px) 100vw, 296px\" \/><\/figure><\/div>\n\n\n\n<p><strong><span class=\"has-inline-color has-vivid-purple-color\">Quanto maior a liberdade e o bem-estar das crian\u00e7as, menor o estresse<br><\/span><\/strong>Eles citam um estudo publicado em setembro no <a href=\"https:\/\/www.researchgate.net\/publication\/368794518_Decline_in_Independent_Activity_as_a_Cause_of_Decline_in_Children's_Mental_Wellbeing_Summary_of_the_Evidencehttps:\/\/pubmed.ncbi.nlm.nih.gov\/36841510\/\" target=\"_blank\" rel=\"noreferrer noopener\"><em>J<\/em><\/a><a href=\"https:\/\/www.researchgate.net\/publication\/368794518_Decline_in_Independent_Activity_as_a_Cause_of_Decline_in_Children's_Mental_Wellbeing_Summary_of_the_Evidence\" target=\"_blank\" rel=\"noreferrer noopener\"><em>ournal of Pediatrics<\/em><\/a> que destaca duas tend\u00eancias preocupantes: a diminui\u00e7\u00e3o da atividade independente e das brincadeiras oferecidas \u00e0s crian\u00e7as ao longo do \u00faltimo meio s\u00e9culo e o aumento acelerado dos transtornos de sa\u00fade mental e suic\u00eddios entre jovens durante o mesmo per\u00edodo.<\/p>\n\n\n\n<div class=\"wp-block-image\"><figure class=\"aligncenter size-large\"><img loading=\"lazy\" decoding=\"async\" width=\"300\" height=\"250\" src=\"https:\/\/jornalfatosenoticias.com.br\/wp-content\/uploads\/2022\/08\/arte-Casarao.jpg\" alt=\"\" class=\"wp-image-33178\"\/><\/figure><\/div>\n\n\n\n<blockquote class=\"wp-block-quote is-layout-flow wp-block-quote-is-layout-flow\"><p><span class=\"has-inline-color has-luminous-vivid-orange-color\">Nossa tese \u00e9 de que a principal causa do aumento dos transtornos mentais \u00e9 um decl\u00ednio ao longo das d\u00e9cadas de oportunidades para crian\u00e7as e adolescentes brincarem, passearem e se envolverem em atividades independentes de supervis\u00e3o e controle direto por parte dos adultos\u201d, afirmam os pesquisadores do artigo <a href=\"https:\/\/www.researchgate.net\/publication\/368794518_Decline_in_Independent_Activity_as_a_Cause_of_Decline_in_Children%E2%80%99s_Mental_Wellbeing_Summary_of_the_Evidence\" target=\"_blank\" rel=\"noreferrer noopener\">Decl\u00ednio na atividade independente como causa do decl\u00ednio no bem-estar mental das crian\u00e7as: resumo das evid\u00eancias<\/a>.<\/span><\/p><\/blockquote>\n\n\n\n<div class=\"wp-block-image\"><figure class=\"aligncenter size-large\"><img decoding=\"async\" src=\"https:\/\/jornalfatosenoticias.com.br\/wp-content\/uploads\/2020\/02\/barao-das-carnes-300x164-1.jpg\" alt=\"\" class=\"wp-image-34339\"\/><\/figure><\/div>\n\n\n\n<p>De acordo com a pesquisa, as atividades independentes podem promover bem-estar atrav\u00e9s de efeitos imediatos, como fonte direta de satisfa\u00e7\u00e3o, e de longo prazo, construir caracter\u00edsticas mentais que fornecem uma base para lidar eficazmente com o estresse da vida.<\/p>\n\n\n\n<div class=\"wp-block-image\"><figure class=\"aligncenter size-large is-resized\"><img loading=\"lazy\" decoding=\"async\" src=\"https:\/\/jornalfatosenoticias.com.br\/wp-content\/uploads\/2023\/03\/logo-Panper_portal.jpg\" alt=\"\" class=\"wp-image-40208\" width=\"286\" height=\"198\" srcset=\"https:\/\/jornalfatosenoticias.com.br\/wp-content\/uploads\/2023\/03\/logo-Panper_portal.jpg 400w, https:\/\/jornalfatosenoticias.com.br\/wp-content\/uploads\/2023\/03\/logo-Panper_portal-300x208.jpg 300w\" sizes=\"auto, (max-width: 286px) 100vw, 286px\" \/><\/figure><\/div>\n\n\n\n<p><strong><span class=\"has-inline-color has-vivid-purple-color\">Projeto estimula alunos a aprenderem por conta pr\u00f3pria<br><\/span><\/strong>O Projeto Let Grow, conduzido por Lenore, busca incentivar nas escolas que alunos possam aprender a resolver mais coisas por conta pr\u00f3pria. As instru\u00e7\u00f5es dizem \u00e0s crian\u00e7as para irem para casa e perguntarem aos pais se podem fazer algo novo sozinhos (ou com um amigo), como passear com o cachorro ou preparar o caf\u00e9 da manh\u00e3 da fam\u00edlia \u2014 atividades que eles se sentem prontos para fazer, mas ainda n\u00e3o as fizeram. E ao fazer com que participem mais das atividades dom\u00e9sticas, eles se sentem mais confiantes e respons\u00e1veis.<\/p>\n\n\n\n<div class=\"wp-block-image\"><figure class=\"aligncenter size-large is-resized\"><img loading=\"lazy\" decoding=\"async\" src=\"https:\/\/jornalfatosenoticias.com.br\/wp-content\/uploads\/2023\/08\/Steel.jpeg\" alt=\"\" class=\"wp-image-44634\" width=\"292\" height=\"237\" srcset=\"https:\/\/jornalfatosenoticias.com.br\/wp-content\/uploads\/2023\/08\/Steel.jpeg 800w, https:\/\/jornalfatosenoticias.com.br\/wp-content\/uploads\/2023\/08\/Steel-300x244.jpeg 300w, https:\/\/jornalfatosenoticias.com.br\/wp-content\/uploads\/2023\/08\/Steel-768x624.jpeg 768w\" sizes=\"auto, (max-width: 292px) 100vw, 292px\" \/><\/figure><\/div>\n\n\n\n<p>Lenore \u00e9 uma m\u00e3e nova-iorquina que criou a organiza\u00e7\u00e3o depois de ser rotulada\u00a0<a href=\"https:\/\/www.yahoo.com\/now\/woman-dubbed-americas-worst-mom-182432997.html\">a Pior M\u00e3e da Am\u00e9rica<\/a>\u00a0por deixar seu filho de 9 anos andar de metr\u00f4 sozinho em 2008, e\u00a0<a href=\"https:\/\/www.nysun.com\/article\/opinion-why-i-let-my-9-year-old-ride-subway-alone\">escrever uma coluna sobre isso<\/a>. Foi quando iniciou o movimento\u00a0<a href=\"https:\/\/www.amazon.com\/Free-Range-Kids-Parents-Teachers-Grow\/dp\/1119782147\/ref=asc_df_1119782147\/?tag=hyprod-20&amp;linkCode=df0&amp;hvadid=532779919088&amp;hvpos=&amp;hvnetw=g&amp;hvrand=8395063894064994324&amp;hvpone=&amp;hvptwo=&amp;hvqmt=&amp;hvdev=c&amp;hvdvcmdl=&amp;hvlocint=&amp;hvlocphy=9004283&amp;hvtargid=pla-1238216982709&amp;psc=1\">Free-Range Kids<\/a>, que depois mudou para\u00a0<a href=\"https:\/\/letgrow.org\/\">Let Grow<\/a> e busca promover a independ\u00eancia e a resili\u00eancia da inf\u00e2ncia.<\/p>\n\n\n\n<div class=\"wp-block-image\"><figure class=\"aligncenter size-large is-resized\"><img loading=\"lazy\" decoding=\"async\" src=\"https:\/\/jornalfatosenoticias.com.br\/wp-content\/uploads\/2023\/03\/nova-logo-Marquetti.jpg\" alt=\"\" class=\"wp-image-40207\" width=\"314\" height=\"211\" srcset=\"https:\/\/jornalfatosenoticias.com.br\/wp-content\/uploads\/2023\/03\/nova-logo-Marquetti.jpg 643w, https:\/\/jornalfatosenoticias.com.br\/wp-content\/uploads\/2023\/03\/nova-logo-Marquetti-300x202.jpg 300w\" sizes=\"auto, (max-width: 314px) 100vw, 314px\" \/><\/figure><\/div>\n\n\n\n<p><strong><em>Fonte: <a href=\"https:\/\/cangurunews.com.br\/maior-autonomia-uma-saida-simples-para-ajudar-a-reduzir-a-ansiedade-das-criancas\/\">Canguru News<\/a><\/em><\/strong><\/p>\n","protected":false},"excerpt":{"rendered":"<p>A superprote\u00e7\u00e3o faz com que crian\u00e7as tenham medo do mundo. O brincar livre favorece habilidades como coragem e resili\u00eancia Por Ver\u00f4nica Fraidenraich Muitos pais desta gera\u00e7\u00e3o certamente t\u00eam boas recorda\u00e7\u00f5es da inf\u00e2ncia, da \u00e9poca em que jogavam bola na rua, iam na casa do vizinho sozinhos e at\u00e9 frequentavam a sorveteria do bairro com os [&hellip;]<\/p>\n","protected":false},"author":2,"featured_media":46667,"comment_status":"open","ping_status":"open","sticky":false,"template":"","format":"standard","meta":{"footnotes":""},"categories":[2522],"tags":[21923,21924,21925,21926,20980,21928,547,21206],"class_list":["post-46666","post","type-post","status-publish","format-standard","has-post-thumbnail","hentry","category-comportamento","tag-atividades-planejadas","tag-brincadeiras-estruturadas","tag-brincar-livre","tag-criancas-ansiedade","tag-criancas-ansiosas","tag-criancas-autonomia","tag-desenvolvimento","tag-independencia-crianca"],"yoast_head":"<!-- This site is optimized with the Yoast SEO plugin v26.5 - https:\/\/yoast.com\/wordpress\/plugins\/seo\/ -->\n<title>Uma sa\u00edda simples para ajudar a reduzir a ansiedade das crian\u00e7as - Jornal Fatos e Not\u00edcias<\/title>\n<meta name=\"robots\" content=\"index, follow, max-snippet:-1, max-image-preview:large, max-video-preview:-1\" \/>\n<link rel=\"canonical\" href=\"https:\/\/jornalfatosenoticias.com.br\/index.php\/2023\/11\/06\/uma-saida-simples-para-ajudar-a-reduzir-a-ansiedade-das-criancas\/\" \/>\n<meta property=\"og:locale\" content=\"pt_BR\" \/>\n<meta property=\"og:type\" content=\"article\" \/>\n<meta property=\"og:title\" content=\"Uma sa\u00edda simples para ajudar a reduzir a ansiedade das crian\u00e7as - Jornal Fatos e Not\u00edcias\" \/>\n<meta property=\"og:description\" content=\"A superprote\u00e7\u00e3o faz com que crian\u00e7as tenham medo do mundo. O brincar livre favorece habilidades como coragem e resili\u00eancia Por Ver\u00f4nica Fraidenraich Muitos pais desta gera\u00e7\u00e3o certamente t\u00eam boas recorda\u00e7\u00f5es da inf\u00e2ncia, da \u00e9poca em que jogavam bola na rua, iam na casa do vizinho sozinhos e at\u00e9 frequentavam a sorveteria do bairro com os [&hellip;]\" \/>\n<meta property=\"og:url\" content=\"https:\/\/jornalfatosenoticias.com.br\/index.php\/2023\/11\/06\/uma-saida-simples-para-ajudar-a-reduzir-a-ansiedade-das-criancas\/\" \/>\n<meta property=\"og:site_name\" content=\"Jornal Fatos e Not\u00edcias\" \/>\n<meta property=\"article:published_time\" content=\"2023-11-06T13:36:19+00:00\" \/>\n<meta property=\"article:modified_time\" content=\"2023-11-06T13:36:20+00:00\" \/>\n<meta property=\"og:image\" content=\"https:\/\/jornalfatosenoticias.com.br\/wp-content\/uploads\/2023\/11\/crianca-livre_istock.jpg\" \/>\n\t<meta property=\"og:image:width\" content=\"612\" \/>\n\t<meta property=\"og:image:height\" content=\"408\" \/>\n\t<meta property=\"og:image:type\" content=\"image\/jpeg\" \/>\n<meta name=\"author\" content=\"Luzimara Fernandes\" \/>\n<meta name=\"twitter:card\" content=\"summary_large_image\" \/>\n<meta name=\"twitter:label1\" content=\"Escrito por\" \/>\n\t<meta name=\"twitter:data1\" content=\"Luzimara Fernandes\" \/>\n\t<meta name=\"twitter:label2\" content=\"Est. tempo de leitura\" \/>\n\t<meta name=\"twitter:data2\" content=\"5 minutos\" \/>\n<script type=\"application\/ld+json\" class=\"yoast-schema-graph\">{\"@context\":\"https:\/\/schema.org\",\"@graph\":[{\"@type\":\"Article\",\"@id\":\"https:\/\/jornalfatosenoticias.com.br\/index.php\/2023\/11\/06\/uma-saida-simples-para-ajudar-a-reduzir-a-ansiedade-das-criancas\/#article\",\"isPartOf\":{\"@id\":\"https:\/\/jornalfatosenoticias.com.br\/index.php\/2023\/11\/06\/uma-saida-simples-para-ajudar-a-reduzir-a-ansiedade-das-criancas\/\"},\"author\":{\"name\":\"Luzimara Fernandes\",\"@id\":\"https:\/\/jornalfatosenoticias.com.br\/#\/schema\/person\/d63837fa13ac8666eb9e74e0985d6f81\"},\"headline\":\"Uma sa\u00edda simples para ajudar a reduzir a ansiedade das crian\u00e7as\",\"datePublished\":\"2023-11-06T13:36:19+00:00\",\"dateModified\":\"2023-11-06T13:36:20+00:00\",\"mainEntityOfPage\":{\"@id\":\"https:\/\/jornalfatosenoticias.com.br\/index.php\/2023\/11\/06\/uma-saida-simples-para-ajudar-a-reduzir-a-ansiedade-das-criancas\/\"},\"wordCount\":949,\"commentCount\":0,\"publisher\":{\"@id\":\"https:\/\/jornalfatosenoticias.com.br\/#organization\"},\"image\":{\"@id\":\"https:\/\/jornalfatosenoticias.com.br\/index.php\/2023\/11\/06\/uma-saida-simples-para-ajudar-a-reduzir-a-ansiedade-das-criancas\/#primaryimage\"},\"thumbnailUrl\":\"https:\/\/jornalfatosenoticias.com.br\/wp-content\/uploads\/2023\/11\/crianca-livre_istock.jpg\",\"keywords\":[\"atividades planejadas\",\"brincadeiras estruturadas\",\"brincar livre\",\"crian\u00e7as ansiedade\",\"crian\u00e7as ansiosas\",\"crian\u00e7as autonomia\",\"desenvolvimento\",\"independ\u00eancia crian\u00e7a\"],\"articleSection\":[\"Comportamento &amp; Equil\u00edbrio\"],\"inLanguage\":\"pt-BR\",\"potentialAction\":[{\"@type\":\"CommentAction\",\"name\":\"Comment\",\"target\":[\"https:\/\/jornalfatosenoticias.com.br\/index.php\/2023\/11\/06\/uma-saida-simples-para-ajudar-a-reduzir-a-ansiedade-das-criancas\/#respond\"]}]},{\"@type\":\"WebPage\",\"@id\":\"https:\/\/jornalfatosenoticias.com.br\/index.php\/2023\/11\/06\/uma-saida-simples-para-ajudar-a-reduzir-a-ansiedade-das-criancas\/\",\"url\":\"https:\/\/jornalfatosenoticias.com.br\/index.php\/2023\/11\/06\/uma-saida-simples-para-ajudar-a-reduzir-a-ansiedade-das-criancas\/\",\"name\":\"Uma sa\u00edda simples para ajudar a reduzir a ansiedade das crian\u00e7as - Jornal Fatos e Not\u00edcias\",\"isPartOf\":{\"@id\":\"https:\/\/jornalfatosenoticias.com.br\/#website\"},\"primaryImageOfPage\":{\"@id\":\"https:\/\/jornalfatosenoticias.com.br\/index.php\/2023\/11\/06\/uma-saida-simples-para-ajudar-a-reduzir-a-ansiedade-das-criancas\/#primaryimage\"},\"image\":{\"@id\":\"https:\/\/jornalfatosenoticias.com.br\/index.php\/2023\/11\/06\/uma-saida-simples-para-ajudar-a-reduzir-a-ansiedade-das-criancas\/#primaryimage\"},\"thumbnailUrl\":\"https:\/\/jornalfatosenoticias.com.br\/wp-content\/uploads\/2023\/11\/crianca-livre_istock.jpg\",\"datePublished\":\"2023-11-06T13:36:19+00:00\",\"dateModified\":\"2023-11-06T13:36:20+00:00\",\"breadcrumb\":{\"@id\":\"https:\/\/jornalfatosenoticias.com.br\/index.php\/2023\/11\/06\/uma-saida-simples-para-ajudar-a-reduzir-a-ansiedade-das-criancas\/#breadcrumb\"},\"inLanguage\":\"pt-BR\",\"potentialAction\":[{\"@type\":\"ReadAction\",\"target\":[\"https:\/\/jornalfatosenoticias.com.br\/index.php\/2023\/11\/06\/uma-saida-simples-para-ajudar-a-reduzir-a-ansiedade-das-criancas\/\"]}]},{\"@type\":\"ImageObject\",\"inLanguage\":\"pt-BR\",\"@id\":\"https:\/\/jornalfatosenoticias.com.br\/index.php\/2023\/11\/06\/uma-saida-simples-para-ajudar-a-reduzir-a-ansiedade-das-criancas\/#primaryimage\",\"url\":\"https:\/\/jornalfatosenoticias.com.br\/wp-content\/uploads\/2023\/11\/crianca-livre_istock.jpg\",\"contentUrl\":\"https:\/\/jornalfatosenoticias.com.br\/wp-content\/uploads\/2023\/11\/crianca-livre_istock.jpg\",\"width\":612,\"height\":408,\"caption\":\"A young boy with flying goggles and flight cap races a red toy car with his pet and best friend French Bulldog along a small road in Utah, USA. Sometimes a road trip journey with your best friend and some fresh air in your face is the best medicine for the soul.\"},{\"@type\":\"BreadcrumbList\",\"@id\":\"https:\/\/jornalfatosenoticias.com.br\/index.php\/2023\/11\/06\/uma-saida-simples-para-ajudar-a-reduzir-a-ansiedade-das-criancas\/#breadcrumb\",\"itemListElement\":[{\"@type\":\"ListItem\",\"position\":1,\"name\":\"In\u00edcio\",\"item\":\"https:\/\/jornalfatosenoticias.com.br\/\"},{\"@type\":\"ListItem\",\"position\":2,\"name\":\"Uma sa\u00edda simples para ajudar a reduzir a ansiedade das crian\u00e7as\"}]},{\"@type\":\"WebSite\",\"@id\":\"https:\/\/jornalfatosenoticias.com.br\/#website\",\"url\":\"https:\/\/jornalfatosenoticias.com.br\/\",\"name\":\"Jornal Fatos e Not\u00edcias\",\"description\":\"Not\u00edcias em geral\",\"publisher\":{\"@id\":\"https:\/\/jornalfatosenoticias.com.br\/#organization\"},\"potentialAction\":[{\"@type\":\"SearchAction\",\"target\":{\"@type\":\"EntryPoint\",\"urlTemplate\":\"https:\/\/jornalfatosenoticias.com.br\/?s={search_term_string}\"},\"query-input\":{\"@type\":\"PropertyValueSpecification\",\"valueRequired\":true,\"valueName\":\"search_term_string\"}}],\"inLanguage\":\"pt-BR\"},{\"@type\":\"Organization\",\"@id\":\"https:\/\/jornalfatosenoticias.com.br\/#organization\",\"name\":\"Jornal Fatos e Not\u00edcias\",\"url\":\"https:\/\/jornalfatosenoticias.com.br\/\",\"logo\":{\"@type\":\"ImageObject\",\"inLanguage\":\"pt-BR\",\"@id\":\"https:\/\/jornalfatosenoticias.com.br\/#\/schema\/logo\/image\/\",\"url\":\"https:\/\/jornalfatosenoticias.com.br\/wp-content\/uploads\/2020\/02\/logo120.png\",\"contentUrl\":\"https:\/\/jornalfatosenoticias.com.br\/wp-content\/uploads\/2020\/02\/logo120.png\",\"width\":1227,\"height\":120,\"caption\":\"Jornal Fatos e Not\u00edcias\"},\"image\":{\"@id\":\"https:\/\/jornalfatosenoticias.com.br\/#\/schema\/logo\/image\/\"}},{\"@type\":\"Person\",\"@id\":\"https:\/\/jornalfatosenoticias.com.br\/#\/schema\/person\/d63837fa13ac8666eb9e74e0985d6f81\",\"name\":\"Luzimara Fernandes\",\"image\":{\"@type\":\"ImageObject\",\"inLanguage\":\"pt-BR\",\"@id\":\"https:\/\/jornalfatosenoticias.com.br\/#\/schema\/person\/image\/\",\"url\":\"https:\/\/jornalfatosenoticias.com.br\/wp-content\/uploads\/2025\/05\/EU_portal.jpg\",\"contentUrl\":\"https:\/\/jornalfatosenoticias.com.br\/wp-content\/uploads\/2025\/05\/EU_portal.jpg\",\"caption\":\"Luzimara Fernandes\"},\"description\":\"Jornalista MTB 2358-ES\",\"sameAs\":[\"https:\/\/jornalfatosenoticias.com.br\"],\"url\":\"https:\/\/jornalfatosenoticias.com.br\/index.php\/author\/luzimara\/\"}]}<\/script>\n<!-- \/ Yoast SEO plugin. -->","yoast_head_json":{"title":"Uma sa\u00edda simples para ajudar a reduzir a ansiedade das crian\u00e7as - Jornal Fatos e Not\u00edcias","robots":{"index":"index","follow":"follow","max-snippet":"max-snippet:-1","max-image-preview":"max-image-preview:large","max-video-preview":"max-video-preview:-1"},"canonical":"https:\/\/jornalfatosenoticias.com.br\/index.php\/2023\/11\/06\/uma-saida-simples-para-ajudar-a-reduzir-a-ansiedade-das-criancas\/","og_locale":"pt_BR","og_type":"article","og_title":"Uma sa\u00edda simples para ajudar a reduzir a ansiedade das crian\u00e7as - Jornal Fatos e Not\u00edcias","og_description":"A superprote\u00e7\u00e3o faz com que crian\u00e7as tenham medo do mundo. O brincar livre favorece habilidades como coragem e resili\u00eancia Por Ver\u00f4nica Fraidenraich Muitos pais desta gera\u00e7\u00e3o certamente t\u00eam boas recorda\u00e7\u00f5es da inf\u00e2ncia, da \u00e9poca em que jogavam bola na rua, iam na casa do vizinho sozinhos e at\u00e9 frequentavam a sorveteria do bairro com os [&hellip;]","og_url":"https:\/\/jornalfatosenoticias.com.br\/index.php\/2023\/11\/06\/uma-saida-simples-para-ajudar-a-reduzir-a-ansiedade-das-criancas\/","og_site_name":"Jornal Fatos e Not\u00edcias","article_published_time":"2023-11-06T13:36:19+00:00","article_modified_time":"2023-11-06T13:36:20+00:00","og_image":[{"width":612,"height":408,"url":"https:\/\/jornalfatosenoticias.com.br\/wp-content\/uploads\/2023\/11\/crianca-livre_istock.jpg","type":"image\/jpeg"}],"author":"Luzimara Fernandes","twitter_card":"summary_large_image","twitter_misc":{"Escrito por":"Luzimara Fernandes","Est. tempo de leitura":"5 minutos"},"schema":{"@context":"https:\/\/schema.org","@graph":[{"@type":"Article","@id":"https:\/\/jornalfatosenoticias.com.br\/index.php\/2023\/11\/06\/uma-saida-simples-para-ajudar-a-reduzir-a-ansiedade-das-criancas\/#article","isPartOf":{"@id":"https:\/\/jornalfatosenoticias.com.br\/index.php\/2023\/11\/06\/uma-saida-simples-para-ajudar-a-reduzir-a-ansiedade-das-criancas\/"},"author":{"name":"Luzimara Fernandes","@id":"https:\/\/jornalfatosenoticias.com.br\/#\/schema\/person\/d63837fa13ac8666eb9e74e0985d6f81"},"headline":"Uma sa\u00edda simples para ajudar a reduzir a ansiedade das crian\u00e7as","datePublished":"2023-11-06T13:36:19+00:00","dateModified":"2023-11-06T13:36:20+00:00","mainEntityOfPage":{"@id":"https:\/\/jornalfatosenoticias.com.br\/index.php\/2023\/11\/06\/uma-saida-simples-para-ajudar-a-reduzir-a-ansiedade-das-criancas\/"},"wordCount":949,"commentCount":0,"publisher":{"@id":"https:\/\/jornalfatosenoticias.com.br\/#organization"},"image":{"@id":"https:\/\/jornalfatosenoticias.com.br\/index.php\/2023\/11\/06\/uma-saida-simples-para-ajudar-a-reduzir-a-ansiedade-das-criancas\/#primaryimage"},"thumbnailUrl":"https:\/\/jornalfatosenoticias.com.br\/wp-content\/uploads\/2023\/11\/crianca-livre_istock.jpg","keywords":["atividades planejadas","brincadeiras estruturadas","brincar livre","crian\u00e7as ansiedade","crian\u00e7as ansiosas","crian\u00e7as autonomia","desenvolvimento","independ\u00eancia crian\u00e7a"],"articleSection":["Comportamento &amp; Equil\u00edbrio"],"inLanguage":"pt-BR","potentialAction":[{"@type":"CommentAction","name":"Comment","target":["https:\/\/jornalfatosenoticias.com.br\/index.php\/2023\/11\/06\/uma-saida-simples-para-ajudar-a-reduzir-a-ansiedade-das-criancas\/#respond"]}]},{"@type":"WebPage","@id":"https:\/\/jornalfatosenoticias.com.br\/index.php\/2023\/11\/06\/uma-saida-simples-para-ajudar-a-reduzir-a-ansiedade-das-criancas\/","url":"https:\/\/jornalfatosenoticias.com.br\/index.php\/2023\/11\/06\/uma-saida-simples-para-ajudar-a-reduzir-a-ansiedade-das-criancas\/","name":"Uma sa\u00edda simples para ajudar a reduzir a ansiedade das crian\u00e7as - Jornal Fatos e Not\u00edcias","isPartOf":{"@id":"https:\/\/jornalfatosenoticias.com.br\/#website"},"primaryImageOfPage":{"@id":"https:\/\/jornalfatosenoticias.com.br\/index.php\/2023\/11\/06\/uma-saida-simples-para-ajudar-a-reduzir-a-ansiedade-das-criancas\/#primaryimage"},"image":{"@id":"https:\/\/jornalfatosenoticias.com.br\/index.php\/2023\/11\/06\/uma-saida-simples-para-ajudar-a-reduzir-a-ansiedade-das-criancas\/#primaryimage"},"thumbnailUrl":"https:\/\/jornalfatosenoticias.com.br\/wp-content\/uploads\/2023\/11\/crianca-livre_istock.jpg","datePublished":"2023-11-06T13:36:19+00:00","dateModified":"2023-11-06T13:36:20+00:00","breadcrumb":{"@id":"https:\/\/jornalfatosenoticias.com.br\/index.php\/2023\/11\/06\/uma-saida-simples-para-ajudar-a-reduzir-a-ansiedade-das-criancas\/#breadcrumb"},"inLanguage":"pt-BR","potentialAction":[{"@type":"ReadAction","target":["https:\/\/jornalfatosenoticias.com.br\/index.php\/2023\/11\/06\/uma-saida-simples-para-ajudar-a-reduzir-a-ansiedade-das-criancas\/"]}]},{"@type":"ImageObject","inLanguage":"pt-BR","@id":"https:\/\/jornalfatosenoticias.com.br\/index.php\/2023\/11\/06\/uma-saida-simples-para-ajudar-a-reduzir-a-ansiedade-das-criancas\/#primaryimage","url":"https:\/\/jornalfatosenoticias.com.br\/wp-content\/uploads\/2023\/11\/crianca-livre_istock.jpg","contentUrl":"https:\/\/jornalfatosenoticias.com.br\/wp-content\/uploads\/2023\/11\/crianca-livre_istock.jpg","width":612,"height":408,"caption":"A young boy with flying goggles and flight cap races a red toy car with his pet and best friend French Bulldog along a small road in Utah, USA. Sometimes a road trip journey with your best friend and some fresh air in your face is the best medicine for the soul."},{"@type":"BreadcrumbList","@id":"https:\/\/jornalfatosenoticias.com.br\/index.php\/2023\/11\/06\/uma-saida-simples-para-ajudar-a-reduzir-a-ansiedade-das-criancas\/#breadcrumb","itemListElement":[{"@type":"ListItem","position":1,"name":"In\u00edcio","item":"https:\/\/jornalfatosenoticias.com.br\/"},{"@type":"ListItem","position":2,"name":"Uma sa\u00edda simples para ajudar a reduzir a ansiedade das crian\u00e7as"}]},{"@type":"WebSite","@id":"https:\/\/jornalfatosenoticias.com.br\/#website","url":"https:\/\/jornalfatosenoticias.com.br\/","name":"Jornal Fatos e Not\u00edcias","description":"Not\u00edcias em geral","publisher":{"@id":"https:\/\/jornalfatosenoticias.com.br\/#organization"},"potentialAction":[{"@type":"SearchAction","target":{"@type":"EntryPoint","urlTemplate":"https:\/\/jornalfatosenoticias.com.br\/?s={search_term_string}"},"query-input":{"@type":"PropertyValueSpecification","valueRequired":true,"valueName":"search_term_string"}}],"inLanguage":"pt-BR"},{"@type":"Organization","@id":"https:\/\/jornalfatosenoticias.com.br\/#organization","name":"Jornal Fatos e Not\u00edcias","url":"https:\/\/jornalfatosenoticias.com.br\/","logo":{"@type":"ImageObject","inLanguage":"pt-BR","@id":"https:\/\/jornalfatosenoticias.com.br\/#\/schema\/logo\/image\/","url":"https:\/\/jornalfatosenoticias.com.br\/wp-content\/uploads\/2020\/02\/logo120.png","contentUrl":"https:\/\/jornalfatosenoticias.com.br\/wp-content\/uploads\/2020\/02\/logo120.png","width":1227,"height":120,"caption":"Jornal Fatos e Not\u00edcias"},"image":{"@id":"https:\/\/jornalfatosenoticias.com.br\/#\/schema\/logo\/image\/"}},{"@type":"Person","@id":"https:\/\/jornalfatosenoticias.com.br\/#\/schema\/person\/d63837fa13ac8666eb9e74e0985d6f81","name":"Luzimara Fernandes","image":{"@type":"ImageObject","inLanguage":"pt-BR","@id":"https:\/\/jornalfatosenoticias.com.br\/#\/schema\/person\/image\/","url":"https:\/\/jornalfatosenoticias.com.br\/wp-content\/uploads\/2025\/05\/EU_portal.jpg","contentUrl":"https:\/\/jornalfatosenoticias.com.br\/wp-content\/uploads\/2025\/05\/EU_portal.jpg","caption":"Luzimara Fernandes"},"description":"Jornalista MTB 2358-ES","sameAs":["https:\/\/jornalfatosenoticias.com.br"],"url":"https:\/\/jornalfatosenoticias.com.br\/index.php\/author\/luzimara\/"}]}},"cc_featured_image_caption":{"caption_text":"(Foto: iStock) ","source_text":"","source_url":""},"jetpack_featured_media_url":"https:\/\/jornalfatosenoticias.com.br\/wp-content\/uploads\/2023\/11\/crianca-livre_istock.jpg","_links":{"self":[{"href":"https:\/\/jornalfatosenoticias.com.br\/index.php\/wp-json\/wp\/v2\/posts\/46666","targetHints":{"allow":["GET"]}}],"collection":[{"href":"https:\/\/jornalfatosenoticias.com.br\/index.php\/wp-json\/wp\/v2\/posts"}],"about":[{"href":"https:\/\/jornalfatosenoticias.com.br\/index.php\/wp-json\/wp\/v2\/types\/post"}],"author":[{"embeddable":true,"href":"https:\/\/jornalfatosenoticias.com.br\/index.php\/wp-json\/wp\/v2\/users\/2"}],"replies":[{"embeddable":true,"href":"https:\/\/jornalfatosenoticias.com.br\/index.php\/wp-json\/wp\/v2\/comments?post=46666"}],"version-history":[{"count":0,"href":"https:\/\/jornalfatosenoticias.com.br\/index.php\/wp-json\/wp\/v2\/posts\/46666\/revisions"}],"wp:featuredmedia":[{"embeddable":true,"href":"https:\/\/jornalfatosenoticias.com.br\/index.php\/wp-json\/wp\/v2\/media\/46667"}],"wp:attachment":[{"href":"https:\/\/jornalfatosenoticias.com.br\/index.php\/wp-json\/wp\/v2\/media?parent=46666"}],"wp:term":[{"taxonomy":"category","embeddable":true,"href":"https:\/\/jornalfatosenoticias.com.br\/index.php\/wp-json\/wp\/v2\/categories?post=46666"},{"taxonomy":"post_tag","embeddable":true,"href":"https:\/\/jornalfatosenoticias.com.br\/index.php\/wp-json\/wp\/v2\/tags?post=46666"}],"curies":[{"name":"wp","href":"https:\/\/api.w.org\/{rel}","templated":true}]}}