{"id":46722,"date":"2023-11-07T12:30:17","date_gmt":"2023-11-07T15:30:17","guid":{"rendered":"https:\/\/jornalfatosenoticias.com.br\/?p=46722"},"modified":"2023-11-07T12:30:18","modified_gmt":"2023-11-07T15:30:18","slug":"projeto-de-arvore-solar-vai-converter-energia-solar-em-eletrica-em-pracas-e-ruas-do-es","status":"publish","type":"post","link":"https:\/\/jornalfatosenoticias.com.br\/index.php\/2023\/11\/07\/projeto-de-arvore-solar-vai-converter-energia-solar-em-eletrica-em-pracas-e-ruas-do-es\/","title":{"rendered":"Projeto de \u201c\u00e1rvore solar\u201d vai converter energia solar em el\u00e9trica em pra\u00e7as e ruas do ES"},"content":{"rendered":"\n<p><em><span class=\"has-inline-color has-black-color\">Prot\u00f3tipos que geram energia el\u00e9trica a partir de energia solar ser\u00e3o instalados em escolas e na casa do governador do ES em 2024<\/span><\/em><\/p>\n\n\n\n<p><em><span class=\"has-inline-color has-black-color\">Por <strong><a href=\"https:\/\/olhardigital.com.br\/author\/vitoria-gomez\/\">Vitoria Lopes Gomez<\/a><\/strong><\/span><\/em><\/p>\n\n\n\n<div class=\"wp-block-image\"><figure class=\"aligncenter size-large\"><img loading=\"lazy\" decoding=\"async\" width=\"1024\" height=\"100\" src=\"https:\/\/jornalfatosenoticias.com.br\/wp-content\/uploads\/2020\/02\/banner_ferramentas-1024x100.jpg\" alt=\"\" class=\"wp-image-1258\" srcset=\"https:\/\/jornalfatosenoticias.com.br\/wp-content\/uploads\/2020\/02\/banner_ferramentas-1024x100.jpg 1024w, https:\/\/jornalfatosenoticias.com.br\/wp-content\/uploads\/2020\/02\/banner_ferramentas-300x29.jpg 300w, https:\/\/jornalfatosenoticias.com.br\/wp-content\/uploads\/2020\/02\/banner_ferramentas-768x75.jpg 768w, https:\/\/jornalfatosenoticias.com.br\/wp-content\/uploads\/2020\/02\/banner_ferramentas.jpg 1227w\" sizes=\"auto, (max-width: 1024px) 100vw, 1024px\" \/><\/figure><\/div>\n\n\n\n<p>A <a href=\"https:\/\/olhardigital.com.br\/tag\/energia-solar\/\" target=\"_blank\" rel=\"noreferrer noopener\">energia solar<\/a>\u00a0se popularizou e ampliou possibilidades, inclusive podendo virar uma solu\u00e7\u00e3o sustent\u00e1vel e est\u00e9tica. Um novo projeto de pesquisadores do Esp\u00edrito Santo aliou esses dois \u00e2mbitos para criar uma estrutura que capta a luz do sol e pode ser incorporada em pra\u00e7as, parques e at\u00e9 em resid\u00eancias. Alguns dos usos incluem carregamento de smartphone e at\u00e9\u00a0<a href=\"https:\/\/olhardigital.com.br\/tag\/carro-eletrico\/\" target=\"_blank\" rel=\"noreferrer noopener\">carros el\u00e9tricos<\/a>.<br>O projeto \u00e9 uma iniciativa do Centro de Pesquisa, Inova\u00e7\u00e3o e Desenvolvimento (Cpid) com profissionais da Universidade Federal do Esp\u00edrito Santo (Ufes). Trata-se de uma \u00e1rvore solar: uma estrutura com a mesma est\u00e9tica de uma \u00e1rvore, mas, por cima das folhas, s\u00e3o placas solares. Essas placas captam a energia do sol atrav\u00e9s de c\u00e9lulas fotovoltaicas, que, ent\u00e3o, a converte em energia el\u00e9trica.<br>A estrutura de seis metros de altura e folhas de um metro quadrado tem uma estimativa de gerar at\u00e9 300 kwh por m\u00eas. Unindo funcionalidade e est\u00e9tica, a \u00e1rvore solar pode ser instalada em pra\u00e7as, ruas e at\u00e9 resid\u00eancias, reduzindo a depend\u00eancia de energia el\u00e9trica nesses locais e gerando energia sem emiss\u00f5es de carbono.<\/p>\n\n\n\n<div class=\"wp-block-image\"><figure class=\"aligncenter size-large\"><img loading=\"lazy\" decoding=\"async\" width=\"1000\" height=\"750\" src=\"https:\/\/jornalfatosenoticias.com.br\/wp-content\/uploads\/2023\/11\/arvore-solar-2.jpg\" alt=\"\" class=\"wp-image-46723\" srcset=\"https:\/\/jornalfatosenoticias.com.br\/wp-content\/uploads\/2023\/11\/arvore-solar-2.jpg 1000w, https:\/\/jornalfatosenoticias.com.br\/wp-content\/uploads\/2023\/11\/arvore-solar-2-300x225.jpg 300w, https:\/\/jornalfatosenoticias.com.br\/wp-content\/uploads\/2023\/11\/arvore-solar-2-768x576.jpg 768w\" sizes=\"auto, (max-width: 1000px) 100vw, 1000px\" \/><figcaption><em><span class=\"has-inline-color has-black-color\">(Foto: Cpid\/Divulga\u00e7\u00e3o)<\/span><\/em><\/figcaption><\/figure><\/div>\n\n\n\n<p>A estrutura pode servir para recarregar dispositivos m\u00f3veis atrav\u00e9s de portas USB integradas, como smartphones, tablets e at\u00e9 carros el\u00e9tricos, e para o fornecimento de energia para eventos nos locais. O design do projeto, al\u00e9m da est\u00e9tica visualmente atraente, pode ser adaptado para os diferentes locais de instala\u00e7\u00e3o e, ao contr\u00e1rio dos grandes pain\u00e9is convencionais, ocupa menos espa\u00e7o.<\/p>\n\n\n\n<div class=\"wp-block-image\"><figure class=\"aligncenter size-large is-resized\"><img loading=\"lazy\" decoding=\"async\" src=\"https:\/\/jornalfatosenoticias.com.br\/wp-content\/uploads\/2022\/10\/RC_800x750_page-0001.jpg\" alt=\"\" class=\"wp-image-35338\" width=\"281\" height=\"263\" srcset=\"https:\/\/jornalfatosenoticias.com.br\/wp-content\/uploads\/2022\/10\/RC_800x750_page-0001.jpg 400w, https:\/\/jornalfatosenoticias.com.br\/wp-content\/uploads\/2022\/10\/RC_800x750_page-0001-300x281.jpg 300w\" sizes=\"auto, (max-width: 281px) 100vw, 281px\" \/><\/figure><\/div>\n\n\n\n<p>Segundo o\u00a0<em><a href=\"https:\/\/g1.globo.com\/es\/espirito-santo\/noticia\/2023\/11\/02\/arvore-solar-de-seis-metros-de-altura-e-folhas-de-um-metro-quadrado-e-alternativa-para-geracao-de-energia.ghtml\" target=\"_blank\" rel=\"noreferrer noopener\">g1<\/a><\/em>, um modelo ser\u00e1 instalado na resid\u00eancia oficial do governador do Esp\u00edrito Santo, em Vila Velha, com os primeiros testes come\u00e7ando em 2024. Al\u00e9m disso, duas escolas t\u00e9cnicas da rede estadual tamb\u00e9m receber\u00e3o os modelos. S\u00e3o elas, CEET Vasco Coutinho, em Vila Velha, na Grande Vit\u00f3ria, e o CEET Talmo Luiz Silva, em Jo\u00e3o Neiva, no Norte do estado.<\/p>\n\n\n\n<div class=\"wp-block-image\"><figure class=\"aligncenter size-large is-resized\"><img loading=\"lazy\" decoding=\"async\" src=\"https:\/\/jornalfatosenoticias.com.br\/wp-content\/uploads\/2023\/08\/Steel.jpeg\" alt=\"\" class=\"wp-image-44634\" width=\"317\" height=\"258\" srcset=\"https:\/\/jornalfatosenoticias.com.br\/wp-content\/uploads\/2023\/08\/Steel.jpeg 800w, https:\/\/jornalfatosenoticias.com.br\/wp-content\/uploads\/2023\/08\/Steel-300x244.jpeg 300w, https:\/\/jornalfatosenoticias.com.br\/wp-content\/uploads\/2023\/08\/Steel-768x624.jpeg 768w\" sizes=\"auto, (max-width: 317px) 100vw, 317px\" \/><\/figure><\/div>\n\n\n\n<p><strong><em>Fonte: <a href=\"https:\/\/olhardigital.com.br\/2023\/11\/03\/ciencia-e-espaco\/projeto-de-arvore-solar-vai-converter-energia-solar-em-eletrica-em-pracas-e-ruas-do-es\/\">Olhar Digital<\/a><\/em><\/strong><\/p>\n","protected":false},"excerpt":{"rendered":"<p>Prot\u00f3tipos que geram energia el\u00e9trica a partir de energia solar ser\u00e3o instalados em escolas e na casa do governador do ES em 2024 Por Vitoria Lopes Gomez A energia solar\u00a0se popularizou e ampliou possibilidades, inclusive podendo virar uma solu\u00e7\u00e3o sustent\u00e1vel e est\u00e9tica. Um novo projeto de pesquisadores do Esp\u00edrito Santo aliou esses dois \u00e2mbitos para [&hellip;]<\/p>\n","protected":false},"author":2,"featured_media":46724,"comment_status":"open","ping_status":"open","sticky":false,"template":"","format":"standard","meta":{"footnotes":""},"categories":[744,3],"tags":[18912,1577,2938,599,100,734],"class_list":["post-46722","post","type-post","status-publish","format-standard","has-post-thumbnail","hentry","category-arq-urbanismo","category-tecnologia","tag-arvore-solar","tag-energia-eletrica","tag-energia-renovavel","tag-energia-solar","tag-espirito-santo","tag-sustentabilidade"],"yoast_head":"<!-- This site is optimized with the Yoast SEO plugin v26.5 - https:\/\/yoast.com\/wordpress\/plugins\/seo\/ -->\n<title>Projeto de \u201c\u00e1rvore solar\u201d vai converter energia solar em el\u00e9trica em pra\u00e7as e ruas do ES - Jornal Fatos e Not\u00edcias<\/title>\n<meta name=\"robots\" content=\"index, follow, max-snippet:-1, max-image-preview:large, max-video-preview:-1\" \/>\n<link rel=\"canonical\" href=\"https:\/\/jornalfatosenoticias.com.br\/index.php\/2023\/11\/07\/projeto-de-arvore-solar-vai-converter-energia-solar-em-eletrica-em-pracas-e-ruas-do-es\/\" \/>\n<meta property=\"og:locale\" content=\"pt_BR\" \/>\n<meta property=\"og:type\" content=\"article\" \/>\n<meta property=\"og:title\" content=\"Projeto de \u201c\u00e1rvore solar\u201d vai converter energia solar em el\u00e9trica em pra\u00e7as e ruas do ES - Jornal Fatos e Not\u00edcias\" \/>\n<meta property=\"og:description\" content=\"Prot\u00f3tipos que geram energia el\u00e9trica a partir de energia solar ser\u00e3o instalados em escolas e na casa do governador do ES em 2024 Por Vitoria Lopes Gomez A energia solar\u00a0se popularizou e ampliou possibilidades, inclusive podendo virar uma solu\u00e7\u00e3o sustent\u00e1vel e est\u00e9tica. Um novo projeto de pesquisadores do Esp\u00edrito Santo aliou esses dois \u00e2mbitos para [&hellip;]\" \/>\n<meta property=\"og:url\" content=\"https:\/\/jornalfatosenoticias.com.br\/index.php\/2023\/11\/07\/projeto-de-arvore-solar-vai-converter-energia-solar-em-eletrica-em-pracas-e-ruas-do-es\/\" \/>\n<meta property=\"og:site_name\" content=\"Jornal Fatos e Not\u00edcias\" \/>\n<meta property=\"article:published_time\" content=\"2023-11-07T15:30:17+00:00\" \/>\n<meta property=\"article:modified_time\" content=\"2023-11-07T15:30:18+00:00\" \/>\n<meta property=\"og:image\" content=\"https:\/\/jornalfatosenoticias.com.br\/wp-content\/uploads\/2023\/11\/arvore-solar-1.png\" \/>\n\t<meta property=\"og:image:width\" content=\"1000\" \/>\n\t<meta property=\"og:image:height\" content=\"583\" \/>\n\t<meta property=\"og:image:type\" content=\"image\/png\" \/>\n<meta name=\"author\" content=\"Luzimara Fernandes\" \/>\n<meta name=\"twitter:card\" content=\"summary_large_image\" \/>\n<meta name=\"twitter:label1\" content=\"Escrito por\" \/>\n\t<meta name=\"twitter:data1\" content=\"Luzimara Fernandes\" \/>\n\t<meta name=\"twitter:label2\" content=\"Est. tempo de leitura\" \/>\n\t<meta name=\"twitter:data2\" content=\"2 minutos\" \/>\n<script type=\"application\/ld+json\" class=\"yoast-schema-graph\">{\"@context\":\"https:\/\/schema.org\",\"@graph\":[{\"@type\":\"Article\",\"@id\":\"https:\/\/jornalfatosenoticias.com.br\/index.php\/2023\/11\/07\/projeto-de-arvore-solar-vai-converter-energia-solar-em-eletrica-em-pracas-e-ruas-do-es\/#article\",\"isPartOf\":{\"@id\":\"https:\/\/jornalfatosenoticias.com.br\/index.php\/2023\/11\/07\/projeto-de-arvore-solar-vai-converter-energia-solar-em-eletrica-em-pracas-e-ruas-do-es\/\"},\"author\":{\"name\":\"Luzimara Fernandes\",\"@id\":\"https:\/\/jornalfatosenoticias.com.br\/#\/schema\/person\/d63837fa13ac8666eb9e74e0985d6f81\"},\"headline\":\"Projeto de \u201c\u00e1rvore solar\u201d vai converter energia solar em el\u00e9trica em pra\u00e7as e ruas do ES\",\"datePublished\":\"2023-11-07T15:30:17+00:00\",\"dateModified\":\"2023-11-07T15:30:18+00:00\",\"mainEntityOfPage\":{\"@id\":\"https:\/\/jornalfatosenoticias.com.br\/index.php\/2023\/11\/07\/projeto-de-arvore-solar-vai-converter-energia-solar-em-eletrica-em-pracas-e-ruas-do-es\/\"},\"wordCount\":387,\"commentCount\":0,\"publisher\":{\"@id\":\"https:\/\/jornalfatosenoticias.com.br\/#organization\"},\"image\":{\"@id\":\"https:\/\/jornalfatosenoticias.com.br\/index.php\/2023\/11\/07\/projeto-de-arvore-solar-vai-converter-energia-solar-em-eletrica-em-pracas-e-ruas-do-es\/#primaryimage\"},\"thumbnailUrl\":\"https:\/\/jornalfatosenoticias.com.br\/wp-content\/uploads\/2023\/11\/arvore-solar-1.png\",\"keywords\":[\"\u00e1rvore solar\",\"energia el\u00e9trica\",\"energia renov\u00e1vel\",\"energia solar\",\"Esp\u00edrito Santo\",\"sustentabilidade\"],\"articleSection\":[\"Arq &amp; Urb\",\"Tecnologia &amp; Inova\u00e7\u00e3o\"],\"inLanguage\":\"pt-BR\",\"potentialAction\":[{\"@type\":\"CommentAction\",\"name\":\"Comment\",\"target\":[\"https:\/\/jornalfatosenoticias.com.br\/index.php\/2023\/11\/07\/projeto-de-arvore-solar-vai-converter-energia-solar-em-eletrica-em-pracas-e-ruas-do-es\/#respond\"]}]},{\"@type\":\"WebPage\",\"@id\":\"https:\/\/jornalfatosenoticias.com.br\/index.php\/2023\/11\/07\/projeto-de-arvore-solar-vai-converter-energia-solar-em-eletrica-em-pracas-e-ruas-do-es\/\",\"url\":\"https:\/\/jornalfatosenoticias.com.br\/index.php\/2023\/11\/07\/projeto-de-arvore-solar-vai-converter-energia-solar-em-eletrica-em-pracas-e-ruas-do-es\/\",\"name\":\"Projeto de \u201c\u00e1rvore solar\u201d vai converter energia solar em el\u00e9trica em pra\u00e7as e ruas do ES - Jornal Fatos e Not\u00edcias\",\"isPartOf\":{\"@id\":\"https:\/\/jornalfatosenoticias.com.br\/#website\"},\"primaryImageOfPage\":{\"@id\":\"https:\/\/jornalfatosenoticias.com.br\/index.php\/2023\/11\/07\/projeto-de-arvore-solar-vai-converter-energia-solar-em-eletrica-em-pracas-e-ruas-do-es\/#primaryimage\"},\"image\":{\"@id\":\"https:\/\/jornalfatosenoticias.com.br\/index.php\/2023\/11\/07\/projeto-de-arvore-solar-vai-converter-energia-solar-em-eletrica-em-pracas-e-ruas-do-es\/#primaryimage\"},\"thumbnailUrl\":\"https:\/\/jornalfatosenoticias.com.br\/wp-content\/uploads\/2023\/11\/arvore-solar-1.png\",\"datePublished\":\"2023-11-07T15:30:17+00:00\",\"dateModified\":\"2023-11-07T15:30:18+00:00\",\"breadcrumb\":{\"@id\":\"https:\/\/jornalfatosenoticias.com.br\/index.php\/2023\/11\/07\/projeto-de-arvore-solar-vai-converter-energia-solar-em-eletrica-em-pracas-e-ruas-do-es\/#breadcrumb\"},\"inLanguage\":\"pt-BR\",\"potentialAction\":[{\"@type\":\"ReadAction\",\"target\":[\"https:\/\/jornalfatosenoticias.com.br\/index.php\/2023\/11\/07\/projeto-de-arvore-solar-vai-converter-energia-solar-em-eletrica-em-pracas-e-ruas-do-es\/\"]}]},{\"@type\":\"ImageObject\",\"inLanguage\":\"pt-BR\",\"@id\":\"https:\/\/jornalfatosenoticias.com.br\/index.php\/2023\/11\/07\/projeto-de-arvore-solar-vai-converter-energia-solar-em-eletrica-em-pracas-e-ruas-do-es\/#primaryimage\",\"url\":\"https:\/\/jornalfatosenoticias.com.br\/wp-content\/uploads\/2023\/11\/arvore-solar-1.png\",\"contentUrl\":\"https:\/\/jornalfatosenoticias.com.br\/wp-content\/uploads\/2023\/11\/arvore-solar-1.png\",\"width\":1000,\"height\":583},{\"@type\":\"BreadcrumbList\",\"@id\":\"https:\/\/jornalfatosenoticias.com.br\/index.php\/2023\/11\/07\/projeto-de-arvore-solar-vai-converter-energia-solar-em-eletrica-em-pracas-e-ruas-do-es\/#breadcrumb\",\"itemListElement\":[{\"@type\":\"ListItem\",\"position\":1,\"name\":\"In\u00edcio\",\"item\":\"https:\/\/jornalfatosenoticias.com.br\/\"},{\"@type\":\"ListItem\",\"position\":2,\"name\":\"Projeto de \u201c\u00e1rvore solar\u201d vai converter energia solar em el\u00e9trica em pra\u00e7as e ruas do ES\"}]},{\"@type\":\"WebSite\",\"@id\":\"https:\/\/jornalfatosenoticias.com.br\/#website\",\"url\":\"https:\/\/jornalfatosenoticias.com.br\/\",\"name\":\"Jornal Fatos e Not\u00edcias\",\"description\":\"Not\u00edcias em geral\",\"publisher\":{\"@id\":\"https:\/\/jornalfatosenoticias.com.br\/#organization\"},\"potentialAction\":[{\"@type\":\"SearchAction\",\"target\":{\"@type\":\"EntryPoint\",\"urlTemplate\":\"https:\/\/jornalfatosenoticias.com.br\/?s={search_term_string}\"},\"query-input\":{\"@type\":\"PropertyValueSpecification\",\"valueRequired\":true,\"valueName\":\"search_term_string\"}}],\"inLanguage\":\"pt-BR\"},{\"@type\":\"Organization\",\"@id\":\"https:\/\/jornalfatosenoticias.com.br\/#organization\",\"name\":\"Jornal Fatos e Not\u00edcias\",\"url\":\"https:\/\/jornalfatosenoticias.com.br\/\",\"logo\":{\"@type\":\"ImageObject\",\"inLanguage\":\"pt-BR\",\"@id\":\"https:\/\/jornalfatosenoticias.com.br\/#\/schema\/logo\/image\/\",\"url\":\"https:\/\/jornalfatosenoticias.com.br\/wp-content\/uploads\/2020\/02\/logo120.png\",\"contentUrl\":\"https:\/\/jornalfatosenoticias.com.br\/wp-content\/uploads\/2020\/02\/logo120.png\",\"width\":1227,\"height\":120,\"caption\":\"Jornal Fatos e Not\u00edcias\"},\"image\":{\"@id\":\"https:\/\/jornalfatosenoticias.com.br\/#\/schema\/logo\/image\/\"}},{\"@type\":\"Person\",\"@id\":\"https:\/\/jornalfatosenoticias.com.br\/#\/schema\/person\/d63837fa13ac8666eb9e74e0985d6f81\",\"name\":\"Luzimara Fernandes\",\"image\":{\"@type\":\"ImageObject\",\"inLanguage\":\"pt-BR\",\"@id\":\"https:\/\/jornalfatosenoticias.com.br\/#\/schema\/person\/image\/\",\"url\":\"https:\/\/jornalfatosenoticias.com.br\/wp-content\/uploads\/2025\/05\/EU_portal.jpg\",\"contentUrl\":\"https:\/\/jornalfatosenoticias.com.br\/wp-content\/uploads\/2025\/05\/EU_portal.jpg\",\"caption\":\"Luzimara Fernandes\"},\"description\":\"Jornalista MTB 2358-ES\",\"sameAs\":[\"https:\/\/jornalfatosenoticias.com.br\"],\"url\":\"https:\/\/jornalfatosenoticias.com.br\/index.php\/author\/luzimara\/\"}]}<\/script>\n<!-- \/ Yoast SEO plugin. -->","yoast_head_json":{"title":"Projeto de \u201c\u00e1rvore solar\u201d vai converter energia solar em el\u00e9trica em pra\u00e7as e ruas do ES - Jornal Fatos e Not\u00edcias","robots":{"index":"index","follow":"follow","max-snippet":"max-snippet:-1","max-image-preview":"max-image-preview:large","max-video-preview":"max-video-preview:-1"},"canonical":"https:\/\/jornalfatosenoticias.com.br\/index.php\/2023\/11\/07\/projeto-de-arvore-solar-vai-converter-energia-solar-em-eletrica-em-pracas-e-ruas-do-es\/","og_locale":"pt_BR","og_type":"article","og_title":"Projeto de \u201c\u00e1rvore solar\u201d vai converter energia solar em el\u00e9trica em pra\u00e7as e ruas do ES - Jornal Fatos e Not\u00edcias","og_description":"Prot\u00f3tipos que geram energia el\u00e9trica a partir de energia solar ser\u00e3o instalados em escolas e na casa do governador do ES em 2024 Por Vitoria Lopes Gomez A energia solar\u00a0se popularizou e ampliou possibilidades, inclusive podendo virar uma solu\u00e7\u00e3o sustent\u00e1vel e est\u00e9tica. Um novo projeto de pesquisadores do Esp\u00edrito Santo aliou esses dois \u00e2mbitos para [&hellip;]","og_url":"https:\/\/jornalfatosenoticias.com.br\/index.php\/2023\/11\/07\/projeto-de-arvore-solar-vai-converter-energia-solar-em-eletrica-em-pracas-e-ruas-do-es\/","og_site_name":"Jornal Fatos e Not\u00edcias","article_published_time":"2023-11-07T15:30:17+00:00","article_modified_time":"2023-11-07T15:30:18+00:00","og_image":[{"width":1000,"height":583,"url":"https:\/\/jornalfatosenoticias.com.br\/wp-content\/uploads\/2023\/11\/arvore-solar-1.png","type":"image\/png"}],"author":"Luzimara Fernandes","twitter_card":"summary_large_image","twitter_misc":{"Escrito por":"Luzimara Fernandes","Est. tempo de leitura":"2 minutos"},"schema":{"@context":"https:\/\/schema.org","@graph":[{"@type":"Article","@id":"https:\/\/jornalfatosenoticias.com.br\/index.php\/2023\/11\/07\/projeto-de-arvore-solar-vai-converter-energia-solar-em-eletrica-em-pracas-e-ruas-do-es\/#article","isPartOf":{"@id":"https:\/\/jornalfatosenoticias.com.br\/index.php\/2023\/11\/07\/projeto-de-arvore-solar-vai-converter-energia-solar-em-eletrica-em-pracas-e-ruas-do-es\/"},"author":{"name":"Luzimara Fernandes","@id":"https:\/\/jornalfatosenoticias.com.br\/#\/schema\/person\/d63837fa13ac8666eb9e74e0985d6f81"},"headline":"Projeto de \u201c\u00e1rvore solar\u201d vai converter energia solar em el\u00e9trica em pra\u00e7as e ruas do ES","datePublished":"2023-11-07T15:30:17+00:00","dateModified":"2023-11-07T15:30:18+00:00","mainEntityOfPage":{"@id":"https:\/\/jornalfatosenoticias.com.br\/index.php\/2023\/11\/07\/projeto-de-arvore-solar-vai-converter-energia-solar-em-eletrica-em-pracas-e-ruas-do-es\/"},"wordCount":387,"commentCount":0,"publisher":{"@id":"https:\/\/jornalfatosenoticias.com.br\/#organization"},"image":{"@id":"https:\/\/jornalfatosenoticias.com.br\/index.php\/2023\/11\/07\/projeto-de-arvore-solar-vai-converter-energia-solar-em-eletrica-em-pracas-e-ruas-do-es\/#primaryimage"},"thumbnailUrl":"https:\/\/jornalfatosenoticias.com.br\/wp-content\/uploads\/2023\/11\/arvore-solar-1.png","keywords":["\u00e1rvore solar","energia el\u00e9trica","energia renov\u00e1vel","energia solar","Esp\u00edrito Santo","sustentabilidade"],"articleSection":["Arq &amp; Urb","Tecnologia &amp; Inova\u00e7\u00e3o"],"inLanguage":"pt-BR","potentialAction":[{"@type":"CommentAction","name":"Comment","target":["https:\/\/jornalfatosenoticias.com.br\/index.php\/2023\/11\/07\/projeto-de-arvore-solar-vai-converter-energia-solar-em-eletrica-em-pracas-e-ruas-do-es\/#respond"]}]},{"@type":"WebPage","@id":"https:\/\/jornalfatosenoticias.com.br\/index.php\/2023\/11\/07\/projeto-de-arvore-solar-vai-converter-energia-solar-em-eletrica-em-pracas-e-ruas-do-es\/","url":"https:\/\/jornalfatosenoticias.com.br\/index.php\/2023\/11\/07\/projeto-de-arvore-solar-vai-converter-energia-solar-em-eletrica-em-pracas-e-ruas-do-es\/","name":"Projeto de \u201c\u00e1rvore solar\u201d vai converter energia solar em el\u00e9trica em pra\u00e7as e ruas do ES - Jornal Fatos e Not\u00edcias","isPartOf":{"@id":"https:\/\/jornalfatosenoticias.com.br\/#website"},"primaryImageOfPage":{"@id":"https:\/\/jornalfatosenoticias.com.br\/index.php\/2023\/11\/07\/projeto-de-arvore-solar-vai-converter-energia-solar-em-eletrica-em-pracas-e-ruas-do-es\/#primaryimage"},"image":{"@id":"https:\/\/jornalfatosenoticias.com.br\/index.php\/2023\/11\/07\/projeto-de-arvore-solar-vai-converter-energia-solar-em-eletrica-em-pracas-e-ruas-do-es\/#primaryimage"},"thumbnailUrl":"https:\/\/jornalfatosenoticias.com.br\/wp-content\/uploads\/2023\/11\/arvore-solar-1.png","datePublished":"2023-11-07T15:30:17+00:00","dateModified":"2023-11-07T15:30:18+00:00","breadcrumb":{"@id":"https:\/\/jornalfatosenoticias.com.br\/index.php\/2023\/11\/07\/projeto-de-arvore-solar-vai-converter-energia-solar-em-eletrica-em-pracas-e-ruas-do-es\/#breadcrumb"},"inLanguage":"pt-BR","potentialAction":[{"@type":"ReadAction","target":["https:\/\/jornalfatosenoticias.com.br\/index.php\/2023\/11\/07\/projeto-de-arvore-solar-vai-converter-energia-solar-em-eletrica-em-pracas-e-ruas-do-es\/"]}]},{"@type":"ImageObject","inLanguage":"pt-BR","@id":"https:\/\/jornalfatosenoticias.com.br\/index.php\/2023\/11\/07\/projeto-de-arvore-solar-vai-converter-energia-solar-em-eletrica-em-pracas-e-ruas-do-es\/#primaryimage","url":"https:\/\/jornalfatosenoticias.com.br\/wp-content\/uploads\/2023\/11\/arvore-solar-1.png","contentUrl":"https:\/\/jornalfatosenoticias.com.br\/wp-content\/uploads\/2023\/11\/arvore-solar-1.png","width":1000,"height":583},{"@type":"BreadcrumbList","@id":"https:\/\/jornalfatosenoticias.com.br\/index.php\/2023\/11\/07\/projeto-de-arvore-solar-vai-converter-energia-solar-em-eletrica-em-pracas-e-ruas-do-es\/#breadcrumb","itemListElement":[{"@type":"ListItem","position":1,"name":"In\u00edcio","item":"https:\/\/jornalfatosenoticias.com.br\/"},{"@type":"ListItem","position":2,"name":"Projeto de \u201c\u00e1rvore solar\u201d vai converter energia solar em el\u00e9trica em pra\u00e7as e ruas do ES"}]},{"@type":"WebSite","@id":"https:\/\/jornalfatosenoticias.com.br\/#website","url":"https:\/\/jornalfatosenoticias.com.br\/","name":"Jornal Fatos e Not\u00edcias","description":"Not\u00edcias em geral","publisher":{"@id":"https:\/\/jornalfatosenoticias.com.br\/#organization"},"potentialAction":[{"@type":"SearchAction","target":{"@type":"EntryPoint","urlTemplate":"https:\/\/jornalfatosenoticias.com.br\/?s={search_term_string}"},"query-input":{"@type":"PropertyValueSpecification","valueRequired":true,"valueName":"search_term_string"}}],"inLanguage":"pt-BR"},{"@type":"Organization","@id":"https:\/\/jornalfatosenoticias.com.br\/#organization","name":"Jornal Fatos e Not\u00edcias","url":"https:\/\/jornalfatosenoticias.com.br\/","logo":{"@type":"ImageObject","inLanguage":"pt-BR","@id":"https:\/\/jornalfatosenoticias.com.br\/#\/schema\/logo\/image\/","url":"https:\/\/jornalfatosenoticias.com.br\/wp-content\/uploads\/2020\/02\/logo120.png","contentUrl":"https:\/\/jornalfatosenoticias.com.br\/wp-content\/uploads\/2020\/02\/logo120.png","width":1227,"height":120,"caption":"Jornal Fatos e Not\u00edcias"},"image":{"@id":"https:\/\/jornalfatosenoticias.com.br\/#\/schema\/logo\/image\/"}},{"@type":"Person","@id":"https:\/\/jornalfatosenoticias.com.br\/#\/schema\/person\/d63837fa13ac8666eb9e74e0985d6f81","name":"Luzimara Fernandes","image":{"@type":"ImageObject","inLanguage":"pt-BR","@id":"https:\/\/jornalfatosenoticias.com.br\/#\/schema\/person\/image\/","url":"https:\/\/jornalfatosenoticias.com.br\/wp-content\/uploads\/2025\/05\/EU_portal.jpg","contentUrl":"https:\/\/jornalfatosenoticias.com.br\/wp-content\/uploads\/2025\/05\/EU_portal.jpg","caption":"Luzimara Fernandes"},"description":"Jornalista MTB 2358-ES","sameAs":["https:\/\/jornalfatosenoticias.com.br"],"url":"https:\/\/jornalfatosenoticias.com.br\/index.php\/author\/luzimara\/"}]}},"cc_featured_image_caption":{"caption_text":"(Foto: Cpid\/Divulga\u00e7\u00e3o) ","source_text":"","source_url":""},"jetpack_featured_media_url":"https:\/\/jornalfatosenoticias.com.br\/wp-content\/uploads\/2023\/11\/arvore-solar-1.png","_links":{"self":[{"href":"https:\/\/jornalfatosenoticias.com.br\/index.php\/wp-json\/wp\/v2\/posts\/46722","targetHints":{"allow":["GET"]}}],"collection":[{"href":"https:\/\/jornalfatosenoticias.com.br\/index.php\/wp-json\/wp\/v2\/posts"}],"about":[{"href":"https:\/\/jornalfatosenoticias.com.br\/index.php\/wp-json\/wp\/v2\/types\/post"}],"author":[{"embeddable":true,"href":"https:\/\/jornalfatosenoticias.com.br\/index.php\/wp-json\/wp\/v2\/users\/2"}],"replies":[{"embeddable":true,"href":"https:\/\/jornalfatosenoticias.com.br\/index.php\/wp-json\/wp\/v2\/comments?post=46722"}],"version-history":[{"count":0,"href":"https:\/\/jornalfatosenoticias.com.br\/index.php\/wp-json\/wp\/v2\/posts\/46722\/revisions"}],"wp:featuredmedia":[{"embeddable":true,"href":"https:\/\/jornalfatosenoticias.com.br\/index.php\/wp-json\/wp\/v2\/media\/46724"}],"wp:attachment":[{"href":"https:\/\/jornalfatosenoticias.com.br\/index.php\/wp-json\/wp\/v2\/media?parent=46722"}],"wp:term":[{"taxonomy":"category","embeddable":true,"href":"https:\/\/jornalfatosenoticias.com.br\/index.php\/wp-json\/wp\/v2\/categories?post=46722"},{"taxonomy":"post_tag","embeddable":true,"href":"https:\/\/jornalfatosenoticias.com.br\/index.php\/wp-json\/wp\/v2\/tags?post=46722"}],"curies":[{"name":"wp","href":"https:\/\/api.w.org\/{rel}","templated":true}]}}