{"id":46729,"date":"2023-11-07T13:10:17","date_gmt":"2023-11-07T16:10:17","guid":{"rendered":"https:\/\/jornalfatosenoticias.com.br\/?p=46729"},"modified":"2023-11-07T13:10:17","modified_gmt":"2023-11-07T16:10:17","slug":"em-recado-a-lula-bc-avisa-que-abandono-da-meta-fiscal-pode-elevar-juros","status":"publish","type":"post","link":"https:\/\/jornalfatosenoticias.com.br\/index.php\/2023\/11\/07\/em-recado-a-lula-bc-avisa-que-abandono-da-meta-fiscal-pode-elevar-juros\/","title":{"rendered":"Em recado a Lula, BC avisa que abandono da meta fiscal pode elevar juros"},"content":{"rendered":"\n<p><em><span class=\"has-inline-color has-black-color\">O presidente do Banco Central, Roberto Campos Neto: segundo a ata do Copom, \u201cesmorecimento no esfor\u00e7o de reformas estruturais e disciplina fiscal\u201d pode elevar taxa de juros neutra da economia<\/span><\/em><\/p>\n\n\n\n<p><span class=\"has-inline-color has-black-color\">Por <strong><a href=\"https:\/\/www.gazetadopovo.com.br\/autor\/vandre-kramer\/\">Vandr\u00e9 Kramer<\/a><\/strong><\/span><\/p>\n\n\n\n<div class=\"wp-block-image\"><figure class=\"aligncenter size-large\"><img loading=\"lazy\" decoding=\"async\" width=\"1024\" height=\"111\" src=\"https:\/\/jornalfatosenoticias.com.br\/wp-content\/uploads\/2020\/02\/WhatsApp-Image-2022-09-23-at-12.09.18-1024x111.jpeg\" alt=\"\" class=\"wp-image-34527\" srcset=\"https:\/\/jornalfatosenoticias.com.br\/wp-content\/uploads\/2020\/02\/WhatsApp-Image-2022-09-23-at-12.09.18-1024x111.jpeg 1024w, https:\/\/jornalfatosenoticias.com.br\/wp-content\/uploads\/2020\/02\/WhatsApp-Image-2022-09-23-at-12.09.18-300x32.jpeg 300w, https:\/\/jornalfatosenoticias.com.br\/wp-content\/uploads\/2020\/02\/WhatsApp-Image-2022-09-23-at-12.09.18-768x83.jpeg 768w, https:\/\/jornalfatosenoticias.com.br\/wp-content\/uploads\/2020\/02\/WhatsApp-Image-2022-09-23-at-12.09.18.jpeg 1121w\" sizes=\"auto, (max-width: 1024px) 100vw, 1024px\" \/><\/figure><\/div>\n\n\n\n<p>Os diretores do Banco Central, por meio da ata do Comit\u00ea de Pol\u00edtica Monet\u00e1ria (Copom), mandaram um claro recado a Luiz In\u00e1cio Lula da Silva (PT): abandonar as metas do arcabou\u00e7o fiscal pode levar a um aumento das taxas de juros pagas para financiar a d\u00edvida p\u00fablica. O \u00f3rg\u00e3o reafirmou no documento \u201ca import\u00e2ncia da firme persecu\u00e7\u00e3o&#8221; dos objetivos estabelecidos para as contas p\u00fablicas.<br>Trata-se de uma resposta \u00e0 declara\u00e7\u00e3o do dia 27, quando o petista afirmou a jornalistas que dificilmente cumpriria a meta de d\u00e9ficit zero para 2024, prevista no arcabou\u00e7o fiscal sancionado h\u00e1 pouco mais de dois meses. A declara\u00e7\u00e3o foi reiterada na sexta-feira passada (3), quando, em reuni\u00e3o com ministros, disse que dinheiro bom \u00e9 em obras e n\u00e3o no Tesouro.<br>O comit\u00ea vinha avaliando nas reuni\u00f5es anteriores que a incerteza fiscal se detinha sobre a execu\u00e7\u00e3o das metas que haviam sido apresentadas. Mas, na ata divulgada nesta ter\u00e7a-feira (7), aponta que agora cresceu a incerteza em torno da pr\u00f3pria meta, o que levou a um aumento do pr\u00eamio de risco \u2014 isto \u00e9, do custo de financiar a d\u00edvida p\u00fablica.<\/p>\n\n\n\n<div class=\"wp-block-image\"><figure class=\"aligncenter size-large is-resized\"><img loading=\"lazy\" decoding=\"async\" src=\"https:\/\/jornalfatosenoticias.com.br\/wp-content\/uploads\/2023\/03\/nova-logo-Marquetti.jpg\" alt=\"\" class=\"wp-image-40207\" width=\"331\" height=\"222\" srcset=\"https:\/\/jornalfatosenoticias.com.br\/wp-content\/uploads\/2023\/03\/nova-logo-Marquetti.jpg 643w, https:\/\/jornalfatosenoticias.com.br\/wp-content\/uploads\/2023\/03\/nova-logo-Marquetti-300x202.jpg 300w\" sizes=\"auto, (max-width: 331px) 100vw, 331px\" \/><\/figure><\/div>\n\n\n\n<p>Isso porque, depois das declara\u00e7\u00f5es de Lula, a ala pol\u00edtica do governo passou a defender uma revis\u00e3o da meta fiscal \u2014 que prev\u00ea d\u00e9ficit prim\u00e1rio zero no ano que vem. Por sua vez, o ministro da Fazenda, Fernando Haddad, luta para que a meta seja mantida por enquanto e reavaliada apenas em 2024.<\/p>\n\n\n\n<div class=\"wp-block-image\"><figure class=\"aligncenter size-large is-resized\"><img loading=\"lazy\" decoding=\"async\" src=\"https:\/\/jornalfatosenoticias.com.br\/wp-content\/uploads\/2022\/02\/Precisao-Contabilidade-1024x724.jpg\" alt=\"\" class=\"wp-image-28088\" width=\"332\" height=\"235\"\/><\/figure><\/div>\n\n\n\n<blockquote class=\"wp-block-quote is-layout-flow wp-block-quote-is-layout-flow\"><p><span class=\"has-inline-color has-luminous-vivid-orange-color\">O esmorecimento no esfor\u00e7o de reformas estruturais e disciplina fiscal, o aumento de cr\u00e9dito direcionado e as incertezas sobre a estabiliza\u00e7\u00e3o da d\u00edvida p\u00fablica t\u00eam o potencial de elevar a taxa de juros neutra da economia, com impactos delet\u00e9rios sobre a pot\u00eancia da pol\u00edtica monet\u00e1ria e, consequentemente, sobre o custo de desinfla\u00e7\u00e3o em termos de atividade&#8221;, diz a ata.<\/span><\/p><\/blockquote>\n\n\n\n<div class=\"wp-block-image\"><figure class=\"aligncenter size-large is-resized\"><img loading=\"lazy\" decoding=\"async\" src=\"https:\/\/jornalfatosenoticias.com.br\/wp-content\/uploads\/2020\/02\/CONTROL-CS.jpg\" alt=\"\" class=\"wp-image-44991\" width=\"324\" height=\"388\" srcset=\"https:\/\/jornalfatosenoticias.com.br\/wp-content\/uploads\/2020\/02\/CONTROL-CS.jpg 834w, https:\/\/jornalfatosenoticias.com.br\/wp-content\/uploads\/2020\/02\/CONTROL-CS-250x300.jpg 250w, https:\/\/jornalfatosenoticias.com.br\/wp-content\/uploads\/2020\/02\/CONTROL-CS-768x921.jpg 768w\" sizes=\"auto, (max-width: 324px) 100vw, 324px\" \/><\/figure><\/div>\n\n\n\n<p>Outro fator de preocupa\u00e7\u00e3o s\u00e3o as expectativas de infla\u00e7\u00e3o, que, segundo o documento, &#8220;seguem desancoradas&#8221;. Na ata, o Copom destaca que a redu\u00e7\u00e3o das expectativas requer uma firme atua\u00e7\u00e3o do Banco Central e, tamb\u00e9m, o cont\u00ednuo fortalecimento da credibilidade e da reputa\u00e7\u00e3o tanto das institui\u00e7\u00f5es como dos arcabou\u00e7os fiscal e monet\u00e1rio que comp\u00f5em a pol\u00edtica econ\u00f4mica brasileira.<\/p>\n\n\n\n<div class=\"wp-block-image\"><figure class=\"aligncenter size-large is-resized\"><img loading=\"lazy\" decoding=\"async\" src=\"https:\/\/jornalfatosenoticias.com.br\/wp-content\/uploads\/2020\/02\/casa-do-torresmo_portal.jpg\" alt=\"\" class=\"wp-image-34472\" width=\"275\" height=\"275\" srcset=\"https:\/\/jornalfatosenoticias.com.br\/wp-content\/uploads\/2020\/02\/casa-do-torresmo_portal.jpg 300w, https:\/\/jornalfatosenoticias.com.br\/wp-content\/uploads\/2020\/02\/casa-do-torresmo_portal-150x150.jpg 150w\" sizes=\"auto, (max-width: 275px) 100vw, 275px\" \/><\/figure><\/div>\n\n\n\n<p>Segundo o comit\u00ea, a redu\u00e7\u00e3o no esfor\u00e7o de implementa\u00e7\u00e3o de reformas estruturais e na disciplina fiscal, o aumento do cr\u00e9dito direcionado e as incertezas relacionadas \u00e0 estabiliza\u00e7\u00e3o do endividamento p\u00fablico podem contribuir para um aumento na taxa neutra de juros. Essa taxa \u00e9 aquela que n\u00e3o estimula nem desestimula o crescimento econ\u00f4mico, e um aumento nela pode ter impactos prejudiciais na execu\u00e7\u00e3o da pol\u00edtica econ\u00f4mica e, consequentemente, no custo de redu\u00e7\u00e3o da infla\u00e7\u00e3o.<\/p>\n\n\n\n<div class=\"wp-block-image\"><figure class=\"aligncenter size-large\"><img decoding=\"async\" src=\"https:\/\/jornalfatosenoticias.com.br\/wp-content\/uploads\/2020\/02\/barao-das-carnes-300x164-1.jpg\" alt=\"\" class=\"wp-image-34339\"\/><\/figure><\/div>\n\n\n\n<p>Rodolfo Margato, economista da XP Investimentos, afirmou que a ata do Copom foi mais dura, reiterando a necessidade de persecu\u00e7\u00e3o dos objetivos fiscais. Ele tamb\u00e9m avaliou que o cen\u00e1rio est\u00e1 mais incerto, motivado por quest\u00f5es geopol\u00edticas.<\/p>\n\n\n\n<div class=\"wp-block-image\"><figure class=\"aligncenter size-large\"><img decoding=\"async\" src=\"https:\/\/jornalfatosenoticias.com.br\/wp-content\/uploads\/2020\/02\/logo_esteio.jpg\" alt=\"\" class=\"wp-image-1214\"\/><\/figure><\/div>\n\n\n\n<p><strong><span class=\"has-inline-color has-vivid-red-color\">Ritmo da desinfla\u00e7\u00e3o est\u00e1 mais fraco<br><\/span><\/strong>O comit\u00ea tamb\u00e9m reconhece que algumas fontes de desinfla\u00e7\u00e3o se esgotaram, como a menor press\u00e3o baixista sobre os pre\u00e7os de bens industriais. As cota\u00e7\u00f5es das commodities agr\u00edcolas e dos alimentos, que contribu\u00edram para a redu\u00e7\u00e3o da infla\u00e7\u00e3o ao longo de 2023, j\u00e1 n\u00e3o indicam quedas t\u00e3o pronunciadas quanto nos trimestres anteriores.<\/p>\n\n\n\n<div class=\"wp-block-image\"><figure class=\"aligncenter size-large is-resized\"><img loading=\"lazy\" decoding=\"async\" src=\"https:\/\/jornalfatosenoticias.com.br\/wp-content\/uploads\/2023\/08\/ITH.jpeg\" alt=\"\" class=\"wp-image-44638\" width=\"323\" height=\"262\" srcset=\"https:\/\/jornalfatosenoticias.com.br\/wp-content\/uploads\/2023\/08\/ITH.jpeg 800w, https:\/\/jornalfatosenoticias.com.br\/wp-content\/uploads\/2023\/08\/ITH-300x244.jpeg 300w, https:\/\/jornalfatosenoticias.com.br\/wp-content\/uploads\/2023\/08\/ITH-768x624.jpeg 768w\" sizes=\"auto, (max-width: 323px) 100vw, 323px\" \/><\/figure><\/div>\n\n\n\n<p>Adicionalmente, o comit\u00ea adverte que os componentes relacionados aos bens industriais e aos pre\u00e7os administrados pelo governo podem apresentar um comportamento menos favor\u00e1vel do que anteriormente esperado, devido aos movimentos recentes no c\u00e2mbio e nos pre\u00e7os das commodities internacionais.<br>Um dos riscos para a infla\u00e7\u00e3o \u00e9 o fen\u00f4meno clim\u00e1tico El Ni\u00f1o, resultante do aquecimento das \u00e1guas do Pac\u00edfico Central, que pode causar aumento de chuvas no Sul e Sudeste e redu\u00e7\u00e3o no Norte e Nordeste. O comit\u00ea avalia que o impacto desse fen\u00f4meno ser\u00e1 relativamente pequeno, mas alguns membros ponderam que haver\u00e1 impactos inflacion\u00e1rios caso o fen\u00f4meno se torne mais extremo.<\/p>\n\n\n\n<div class=\"wp-block-image\"><figure class=\"aligncenter size-large\"><img loading=\"lazy\" decoding=\"async\" width=\"300\" height=\"250\" src=\"https:\/\/jornalfatosenoticias.com.br\/wp-content\/uploads\/2022\/08\/arte-Casarao.jpg\" alt=\"\" class=\"wp-image-33178\"\/><\/figure><\/div>\n\n\n\n<p><strong><span class=\"has-inline-color has-vivid-red-color\">Infla\u00e7\u00e3o brasileira n\u00e3o acompanha a tend\u00eancia do G20<br><\/span><\/strong>A Organiza\u00e7\u00e3o para a Coopera\u00e7\u00e3o e Desenvolvimento Econ\u00f4mico (OCDE), em relat\u00f3rio divulgado nesta ter\u00e7a-feira (7), observou que a infla\u00e7\u00e3o anual dos pa\u00edses que comp\u00f5em o G20, as 20 maiores economias globais, caiu de 6,3% em agosto para 6,1% em setembro. No entanto, houve aumento da infla\u00e7\u00e3o em tr\u00eas pa\u00edses: \u00c1frica do Sul, Argentina, Brasil.<\/p>\n\n\n\n<div class=\"wp-block-image\"><figure class=\"aligncenter size-large is-resized\"><img loading=\"lazy\" decoding=\"async\" src=\"https:\/\/jornalfatosenoticias.com.br\/wp-content\/uploads\/2023\/08\/BKR-1024x1021.jpg\" alt=\"\" class=\"wp-image-44494\" width=\"284\" height=\"283\" srcset=\"https:\/\/jornalfatosenoticias.com.br\/wp-content\/uploads\/2023\/08\/BKR-1024x1021.jpg 1024w, https:\/\/jornalfatosenoticias.com.br\/wp-content\/uploads\/2023\/08\/BKR-300x300.jpg 300w, https:\/\/jornalfatosenoticias.com.br\/wp-content\/uploads\/2023\/08\/BKR-150x150.jpg 150w, https:\/\/jornalfatosenoticias.com.br\/wp-content\/uploads\/2023\/08\/BKR-768x766.jpg 768w, https:\/\/jornalfatosenoticias.com.br\/wp-content\/uploads\/2023\/08\/BKR.jpg 1080w\" sizes=\"auto, (max-width: 284px) 100vw, 284px\" \/><\/figure><\/div>\n\n\n\n<p>O IPCA acumulado em 12 meses atingiu 5,19% em setembro, marcando o terceiro m\u00eas consecutivo de alta na taxa, segundo dados do Instituto Brasileiro de Geografia e Estat\u00edstica (IBGE). Um dos motivos para esse aumento \u00e9 o fim dos efeitos da defla\u00e7\u00e3o registrada no terceiro trimestre de 2022, que foi motivada pelo corte nos impostos sobre os combust\u00edveis.<\/p>\n\n\n\n<p><strong><em>Fonte: <a href=\"https:\/\/www.gazetadopovo.com.br\/economia\/em-recado-a-lula-bc-avisa-que-abandono-da-meta-fiscal-pode-elevar-juros\/\">Gazeta do Povo<\/a><\/em><\/strong><\/p>\n","protected":false},"excerpt":{"rendered":"<p>O presidente do Banco Central, Roberto Campos Neto: segundo a ata do Copom, \u201cesmorecimento no esfor\u00e7o de reformas estruturais e disciplina fiscal\u201d pode elevar taxa de juros neutra da economia Por Vandr\u00e9 Kramer Os diretores do Banco Central, por meio da ata do Comit\u00ea de Pol\u00edtica Monet\u00e1ria (Copom), mandaram um claro recado a Luiz In\u00e1cio [&hellip;]<\/p>\n","protected":false},"author":2,"featured_media":46730,"comment_status":"open","ping_status":"open","sticky":false,"template":"","format":"standard","meta":{"footnotes":""},"categories":[9],"tags":[19531,21947,489,21948,21949,21627,15014],"class_list":["post-46729","post","type-post","status-publish","format-standard","has-post-thumbnail","hentry","category-economia","tag-arcabouco-fiscal","tag-ata-do-copom","tag-banco-central","tag-inflacao-alta","tag-juros-altos","tag-meta-fiscal","tag-roberto-campos-neto"],"yoast_head":"<!-- This site is optimized with the Yoast SEO plugin v26.5 - https:\/\/yoast.com\/wordpress\/plugins\/seo\/ -->\n<title>Em recado a Lula, BC avisa que abandono da meta fiscal pode elevar juros - Jornal Fatos e Not\u00edcias<\/title>\n<meta name=\"robots\" content=\"index, follow, max-snippet:-1, max-image-preview:large, max-video-preview:-1\" \/>\n<link rel=\"canonical\" href=\"https:\/\/jornalfatosenoticias.com.br\/index.php\/2023\/11\/07\/em-recado-a-lula-bc-avisa-que-abandono-da-meta-fiscal-pode-elevar-juros\/\" \/>\n<meta property=\"og:locale\" content=\"pt_BR\" \/>\n<meta property=\"og:type\" content=\"article\" \/>\n<meta property=\"og:title\" content=\"Em recado a Lula, BC avisa que abandono da meta fiscal pode elevar juros - Jornal Fatos e Not\u00edcias\" \/>\n<meta property=\"og:description\" content=\"O presidente do Banco Central, Roberto Campos Neto: segundo a ata do Copom, \u201cesmorecimento no esfor\u00e7o de reformas estruturais e disciplina fiscal\u201d pode elevar taxa de juros neutra da economia Por Vandr\u00e9 Kramer Os diretores do Banco Central, por meio da ata do Comit\u00ea de Pol\u00edtica Monet\u00e1ria (Copom), mandaram um claro recado a Luiz In\u00e1cio [&hellip;]\" \/>\n<meta property=\"og:url\" content=\"https:\/\/jornalfatosenoticias.com.br\/index.php\/2023\/11\/07\/em-recado-a-lula-bc-avisa-que-abandono-da-meta-fiscal-pode-elevar-juros\/\" \/>\n<meta property=\"og:site_name\" content=\"Jornal Fatos e Not\u00edcias\" \/>\n<meta property=\"article:published_time\" content=\"2023-11-07T16:10:17+00:00\" \/>\n<meta property=\"og:image\" content=\"https:\/\/jornalfatosenoticias.com.br\/wp-content\/uploads\/2023\/11\/roberto-campos-neto-pedro-franca-agencia-senado.jpg\" \/>\n\t<meta property=\"og:image:width\" content=\"960\" \/>\n\t<meta property=\"og:image:height\" content=\"540\" \/>\n\t<meta property=\"og:image:type\" content=\"image\/jpeg\" \/>\n<meta name=\"author\" content=\"Luzimara Fernandes\" \/>\n<meta name=\"twitter:card\" content=\"summary_large_image\" \/>\n<meta name=\"twitter:label1\" content=\"Escrito por\" \/>\n\t<meta name=\"twitter:data1\" content=\"Luzimara Fernandes\" \/>\n\t<meta name=\"twitter:label2\" content=\"Est. tempo de leitura\" \/>\n\t<meta name=\"twitter:data2\" content=\"4 minutos\" \/>\n<script type=\"application\/ld+json\" class=\"yoast-schema-graph\">{\"@context\":\"https:\/\/schema.org\",\"@graph\":[{\"@type\":\"Article\",\"@id\":\"https:\/\/jornalfatosenoticias.com.br\/index.php\/2023\/11\/07\/em-recado-a-lula-bc-avisa-que-abandono-da-meta-fiscal-pode-elevar-juros\/#article\",\"isPartOf\":{\"@id\":\"https:\/\/jornalfatosenoticias.com.br\/index.php\/2023\/11\/07\/em-recado-a-lula-bc-avisa-que-abandono-da-meta-fiscal-pode-elevar-juros\/\"},\"author\":{\"name\":\"Luzimara Fernandes\",\"@id\":\"https:\/\/jornalfatosenoticias.com.br\/#\/schema\/person\/d63837fa13ac8666eb9e74e0985d6f81\"},\"headline\":\"Em recado a Lula, BC avisa que abandono da meta fiscal pode elevar juros\",\"datePublished\":\"2023-11-07T16:10:17+00:00\",\"mainEntityOfPage\":{\"@id\":\"https:\/\/jornalfatosenoticias.com.br\/index.php\/2023\/11\/07\/em-recado-a-lula-bc-avisa-que-abandono-da-meta-fiscal-pode-elevar-juros\/\"},\"wordCount\":884,\"commentCount\":0,\"publisher\":{\"@id\":\"https:\/\/jornalfatosenoticias.com.br\/#organization\"},\"image\":{\"@id\":\"https:\/\/jornalfatosenoticias.com.br\/index.php\/2023\/11\/07\/em-recado-a-lula-bc-avisa-que-abandono-da-meta-fiscal-pode-elevar-juros\/#primaryimage\"},\"thumbnailUrl\":\"https:\/\/jornalfatosenoticias.com.br\/wp-content\/uploads\/2023\/11\/roberto-campos-neto-pedro-franca-agencia-senado.jpg\",\"keywords\":[\"arcabou\u00e7o fiscal\",\"ata do Copom\",\"Banco Central\",\"infla\u00e7\u00e3o alta\",\"juros altos\",\"meta fiscal\",\"Roberto Campos Neto\"],\"articleSection\":[\"Economia\"],\"inLanguage\":\"pt-BR\",\"potentialAction\":[{\"@type\":\"CommentAction\",\"name\":\"Comment\",\"target\":[\"https:\/\/jornalfatosenoticias.com.br\/index.php\/2023\/11\/07\/em-recado-a-lula-bc-avisa-que-abandono-da-meta-fiscal-pode-elevar-juros\/#respond\"]}]},{\"@type\":\"WebPage\",\"@id\":\"https:\/\/jornalfatosenoticias.com.br\/index.php\/2023\/11\/07\/em-recado-a-lula-bc-avisa-que-abandono-da-meta-fiscal-pode-elevar-juros\/\",\"url\":\"https:\/\/jornalfatosenoticias.com.br\/index.php\/2023\/11\/07\/em-recado-a-lula-bc-avisa-que-abandono-da-meta-fiscal-pode-elevar-juros\/\",\"name\":\"Em recado a Lula, BC avisa que abandono da meta fiscal pode elevar juros - Jornal Fatos e Not\u00edcias\",\"isPartOf\":{\"@id\":\"https:\/\/jornalfatosenoticias.com.br\/#website\"},\"primaryImageOfPage\":{\"@id\":\"https:\/\/jornalfatosenoticias.com.br\/index.php\/2023\/11\/07\/em-recado-a-lula-bc-avisa-que-abandono-da-meta-fiscal-pode-elevar-juros\/#primaryimage\"},\"image\":{\"@id\":\"https:\/\/jornalfatosenoticias.com.br\/index.php\/2023\/11\/07\/em-recado-a-lula-bc-avisa-que-abandono-da-meta-fiscal-pode-elevar-juros\/#primaryimage\"},\"thumbnailUrl\":\"https:\/\/jornalfatosenoticias.com.br\/wp-content\/uploads\/2023\/11\/roberto-campos-neto-pedro-franca-agencia-senado.jpg\",\"datePublished\":\"2023-11-07T16:10:17+00:00\",\"breadcrumb\":{\"@id\":\"https:\/\/jornalfatosenoticias.com.br\/index.php\/2023\/11\/07\/em-recado-a-lula-bc-avisa-que-abandono-da-meta-fiscal-pode-elevar-juros\/#breadcrumb\"},\"inLanguage\":\"pt-BR\",\"potentialAction\":[{\"@type\":\"ReadAction\",\"target\":[\"https:\/\/jornalfatosenoticias.com.br\/index.php\/2023\/11\/07\/em-recado-a-lula-bc-avisa-que-abandono-da-meta-fiscal-pode-elevar-juros\/\"]}]},{\"@type\":\"ImageObject\",\"inLanguage\":\"pt-BR\",\"@id\":\"https:\/\/jornalfatosenoticias.com.br\/index.php\/2023\/11\/07\/em-recado-a-lula-bc-avisa-que-abandono-da-meta-fiscal-pode-elevar-juros\/#primaryimage\",\"url\":\"https:\/\/jornalfatosenoticias.com.br\/wp-content\/uploads\/2023\/11\/roberto-campos-neto-pedro-franca-agencia-senado.jpg\",\"contentUrl\":\"https:\/\/jornalfatosenoticias.com.br\/wp-content\/uploads\/2023\/11\/roberto-campos-neto-pedro-franca-agencia-senado.jpg\",\"width\":960,\"height\":540},{\"@type\":\"BreadcrumbList\",\"@id\":\"https:\/\/jornalfatosenoticias.com.br\/index.php\/2023\/11\/07\/em-recado-a-lula-bc-avisa-que-abandono-da-meta-fiscal-pode-elevar-juros\/#breadcrumb\",\"itemListElement\":[{\"@type\":\"ListItem\",\"position\":1,\"name\":\"In\u00edcio\",\"item\":\"https:\/\/jornalfatosenoticias.com.br\/\"},{\"@type\":\"ListItem\",\"position\":2,\"name\":\"Em recado a Lula, BC avisa que abandono da meta fiscal pode elevar juros\"}]},{\"@type\":\"WebSite\",\"@id\":\"https:\/\/jornalfatosenoticias.com.br\/#website\",\"url\":\"https:\/\/jornalfatosenoticias.com.br\/\",\"name\":\"Jornal Fatos e Not\u00edcias\",\"description\":\"Not\u00edcias em geral\",\"publisher\":{\"@id\":\"https:\/\/jornalfatosenoticias.com.br\/#organization\"},\"potentialAction\":[{\"@type\":\"SearchAction\",\"target\":{\"@type\":\"EntryPoint\",\"urlTemplate\":\"https:\/\/jornalfatosenoticias.com.br\/?s={search_term_string}\"},\"query-input\":{\"@type\":\"PropertyValueSpecification\",\"valueRequired\":true,\"valueName\":\"search_term_string\"}}],\"inLanguage\":\"pt-BR\"},{\"@type\":\"Organization\",\"@id\":\"https:\/\/jornalfatosenoticias.com.br\/#organization\",\"name\":\"Jornal Fatos e Not\u00edcias\",\"url\":\"https:\/\/jornalfatosenoticias.com.br\/\",\"logo\":{\"@type\":\"ImageObject\",\"inLanguage\":\"pt-BR\",\"@id\":\"https:\/\/jornalfatosenoticias.com.br\/#\/schema\/logo\/image\/\",\"url\":\"https:\/\/jornalfatosenoticias.com.br\/wp-content\/uploads\/2020\/02\/logo120.png\",\"contentUrl\":\"https:\/\/jornalfatosenoticias.com.br\/wp-content\/uploads\/2020\/02\/logo120.png\",\"width\":1227,\"height\":120,\"caption\":\"Jornal Fatos e Not\u00edcias\"},\"image\":{\"@id\":\"https:\/\/jornalfatosenoticias.com.br\/#\/schema\/logo\/image\/\"}},{\"@type\":\"Person\",\"@id\":\"https:\/\/jornalfatosenoticias.com.br\/#\/schema\/person\/d63837fa13ac8666eb9e74e0985d6f81\",\"name\":\"Luzimara Fernandes\",\"image\":{\"@type\":\"ImageObject\",\"inLanguage\":\"pt-BR\",\"@id\":\"https:\/\/jornalfatosenoticias.com.br\/#\/schema\/person\/image\/\",\"url\":\"https:\/\/jornalfatosenoticias.com.br\/wp-content\/uploads\/2025\/05\/EU_portal.jpg\",\"contentUrl\":\"https:\/\/jornalfatosenoticias.com.br\/wp-content\/uploads\/2025\/05\/EU_portal.jpg\",\"caption\":\"Luzimara Fernandes\"},\"description\":\"Jornalista MTB 2358-ES\",\"sameAs\":[\"https:\/\/jornalfatosenoticias.com.br\"],\"url\":\"https:\/\/jornalfatosenoticias.com.br\/index.php\/author\/luzimara\/\"}]}<\/script>\n<!-- \/ Yoast SEO plugin. -->","yoast_head_json":{"title":"Em recado a Lula, BC avisa que abandono da meta fiscal pode elevar juros - Jornal Fatos e Not\u00edcias","robots":{"index":"index","follow":"follow","max-snippet":"max-snippet:-1","max-image-preview":"max-image-preview:large","max-video-preview":"max-video-preview:-1"},"canonical":"https:\/\/jornalfatosenoticias.com.br\/index.php\/2023\/11\/07\/em-recado-a-lula-bc-avisa-que-abandono-da-meta-fiscal-pode-elevar-juros\/","og_locale":"pt_BR","og_type":"article","og_title":"Em recado a Lula, BC avisa que abandono da meta fiscal pode elevar juros - Jornal Fatos e Not\u00edcias","og_description":"O presidente do Banco Central, Roberto Campos Neto: segundo a ata do Copom, \u201cesmorecimento no esfor\u00e7o de reformas estruturais e disciplina fiscal\u201d pode elevar taxa de juros neutra da economia Por Vandr\u00e9 Kramer Os diretores do Banco Central, por meio da ata do Comit\u00ea de Pol\u00edtica Monet\u00e1ria (Copom), mandaram um claro recado a Luiz In\u00e1cio [&hellip;]","og_url":"https:\/\/jornalfatosenoticias.com.br\/index.php\/2023\/11\/07\/em-recado-a-lula-bc-avisa-que-abandono-da-meta-fiscal-pode-elevar-juros\/","og_site_name":"Jornal Fatos e Not\u00edcias","article_published_time":"2023-11-07T16:10:17+00:00","og_image":[{"width":960,"height":540,"url":"https:\/\/jornalfatosenoticias.com.br\/wp-content\/uploads\/2023\/11\/roberto-campos-neto-pedro-franca-agencia-senado.jpg","type":"image\/jpeg"}],"author":"Luzimara Fernandes","twitter_card":"summary_large_image","twitter_misc":{"Escrito por":"Luzimara Fernandes","Est. tempo de leitura":"4 minutos"},"schema":{"@context":"https:\/\/schema.org","@graph":[{"@type":"Article","@id":"https:\/\/jornalfatosenoticias.com.br\/index.php\/2023\/11\/07\/em-recado-a-lula-bc-avisa-que-abandono-da-meta-fiscal-pode-elevar-juros\/#article","isPartOf":{"@id":"https:\/\/jornalfatosenoticias.com.br\/index.php\/2023\/11\/07\/em-recado-a-lula-bc-avisa-que-abandono-da-meta-fiscal-pode-elevar-juros\/"},"author":{"name":"Luzimara Fernandes","@id":"https:\/\/jornalfatosenoticias.com.br\/#\/schema\/person\/d63837fa13ac8666eb9e74e0985d6f81"},"headline":"Em recado a Lula, BC avisa que abandono da meta fiscal pode elevar juros","datePublished":"2023-11-07T16:10:17+00:00","mainEntityOfPage":{"@id":"https:\/\/jornalfatosenoticias.com.br\/index.php\/2023\/11\/07\/em-recado-a-lula-bc-avisa-que-abandono-da-meta-fiscal-pode-elevar-juros\/"},"wordCount":884,"commentCount":0,"publisher":{"@id":"https:\/\/jornalfatosenoticias.com.br\/#organization"},"image":{"@id":"https:\/\/jornalfatosenoticias.com.br\/index.php\/2023\/11\/07\/em-recado-a-lula-bc-avisa-que-abandono-da-meta-fiscal-pode-elevar-juros\/#primaryimage"},"thumbnailUrl":"https:\/\/jornalfatosenoticias.com.br\/wp-content\/uploads\/2023\/11\/roberto-campos-neto-pedro-franca-agencia-senado.jpg","keywords":["arcabou\u00e7o fiscal","ata do Copom","Banco Central","infla\u00e7\u00e3o alta","juros altos","meta fiscal","Roberto Campos Neto"],"articleSection":["Economia"],"inLanguage":"pt-BR","potentialAction":[{"@type":"CommentAction","name":"Comment","target":["https:\/\/jornalfatosenoticias.com.br\/index.php\/2023\/11\/07\/em-recado-a-lula-bc-avisa-que-abandono-da-meta-fiscal-pode-elevar-juros\/#respond"]}]},{"@type":"WebPage","@id":"https:\/\/jornalfatosenoticias.com.br\/index.php\/2023\/11\/07\/em-recado-a-lula-bc-avisa-que-abandono-da-meta-fiscal-pode-elevar-juros\/","url":"https:\/\/jornalfatosenoticias.com.br\/index.php\/2023\/11\/07\/em-recado-a-lula-bc-avisa-que-abandono-da-meta-fiscal-pode-elevar-juros\/","name":"Em recado a Lula, BC avisa que abandono da meta fiscal pode elevar juros - Jornal Fatos e Not\u00edcias","isPartOf":{"@id":"https:\/\/jornalfatosenoticias.com.br\/#website"},"primaryImageOfPage":{"@id":"https:\/\/jornalfatosenoticias.com.br\/index.php\/2023\/11\/07\/em-recado-a-lula-bc-avisa-que-abandono-da-meta-fiscal-pode-elevar-juros\/#primaryimage"},"image":{"@id":"https:\/\/jornalfatosenoticias.com.br\/index.php\/2023\/11\/07\/em-recado-a-lula-bc-avisa-que-abandono-da-meta-fiscal-pode-elevar-juros\/#primaryimage"},"thumbnailUrl":"https:\/\/jornalfatosenoticias.com.br\/wp-content\/uploads\/2023\/11\/roberto-campos-neto-pedro-franca-agencia-senado.jpg","datePublished":"2023-11-07T16:10:17+00:00","breadcrumb":{"@id":"https:\/\/jornalfatosenoticias.com.br\/index.php\/2023\/11\/07\/em-recado-a-lula-bc-avisa-que-abandono-da-meta-fiscal-pode-elevar-juros\/#breadcrumb"},"inLanguage":"pt-BR","potentialAction":[{"@type":"ReadAction","target":["https:\/\/jornalfatosenoticias.com.br\/index.php\/2023\/11\/07\/em-recado-a-lula-bc-avisa-que-abandono-da-meta-fiscal-pode-elevar-juros\/"]}]},{"@type":"ImageObject","inLanguage":"pt-BR","@id":"https:\/\/jornalfatosenoticias.com.br\/index.php\/2023\/11\/07\/em-recado-a-lula-bc-avisa-que-abandono-da-meta-fiscal-pode-elevar-juros\/#primaryimage","url":"https:\/\/jornalfatosenoticias.com.br\/wp-content\/uploads\/2023\/11\/roberto-campos-neto-pedro-franca-agencia-senado.jpg","contentUrl":"https:\/\/jornalfatosenoticias.com.br\/wp-content\/uploads\/2023\/11\/roberto-campos-neto-pedro-franca-agencia-senado.jpg","width":960,"height":540},{"@type":"BreadcrumbList","@id":"https:\/\/jornalfatosenoticias.com.br\/index.php\/2023\/11\/07\/em-recado-a-lula-bc-avisa-que-abandono-da-meta-fiscal-pode-elevar-juros\/#breadcrumb","itemListElement":[{"@type":"ListItem","position":1,"name":"In\u00edcio","item":"https:\/\/jornalfatosenoticias.com.br\/"},{"@type":"ListItem","position":2,"name":"Em recado a Lula, BC avisa que abandono da meta fiscal pode elevar juros"}]},{"@type":"WebSite","@id":"https:\/\/jornalfatosenoticias.com.br\/#website","url":"https:\/\/jornalfatosenoticias.com.br\/","name":"Jornal Fatos e Not\u00edcias","description":"Not\u00edcias em geral","publisher":{"@id":"https:\/\/jornalfatosenoticias.com.br\/#organization"},"potentialAction":[{"@type":"SearchAction","target":{"@type":"EntryPoint","urlTemplate":"https:\/\/jornalfatosenoticias.com.br\/?s={search_term_string}"},"query-input":{"@type":"PropertyValueSpecification","valueRequired":true,"valueName":"search_term_string"}}],"inLanguage":"pt-BR"},{"@type":"Organization","@id":"https:\/\/jornalfatosenoticias.com.br\/#organization","name":"Jornal Fatos e Not\u00edcias","url":"https:\/\/jornalfatosenoticias.com.br\/","logo":{"@type":"ImageObject","inLanguage":"pt-BR","@id":"https:\/\/jornalfatosenoticias.com.br\/#\/schema\/logo\/image\/","url":"https:\/\/jornalfatosenoticias.com.br\/wp-content\/uploads\/2020\/02\/logo120.png","contentUrl":"https:\/\/jornalfatosenoticias.com.br\/wp-content\/uploads\/2020\/02\/logo120.png","width":1227,"height":120,"caption":"Jornal Fatos e Not\u00edcias"},"image":{"@id":"https:\/\/jornalfatosenoticias.com.br\/#\/schema\/logo\/image\/"}},{"@type":"Person","@id":"https:\/\/jornalfatosenoticias.com.br\/#\/schema\/person\/d63837fa13ac8666eb9e74e0985d6f81","name":"Luzimara Fernandes","image":{"@type":"ImageObject","inLanguage":"pt-BR","@id":"https:\/\/jornalfatosenoticias.com.br\/#\/schema\/person\/image\/","url":"https:\/\/jornalfatosenoticias.com.br\/wp-content\/uploads\/2025\/05\/EU_portal.jpg","contentUrl":"https:\/\/jornalfatosenoticias.com.br\/wp-content\/uploads\/2025\/05\/EU_portal.jpg","caption":"Luzimara Fernandes"},"description":"Jornalista MTB 2358-ES","sameAs":["https:\/\/jornalfatosenoticias.com.br"],"url":"https:\/\/jornalfatosenoticias.com.br\/index.php\/author\/luzimara\/"}]}},"cc_featured_image_caption":{"caption_text":"(Foto: Pedro Fran\u00e7a\/Ag\u00eancia Senado) ","source_text":"","source_url":""},"jetpack_featured_media_url":"https:\/\/jornalfatosenoticias.com.br\/wp-content\/uploads\/2023\/11\/roberto-campos-neto-pedro-franca-agencia-senado.jpg","_links":{"self":[{"href":"https:\/\/jornalfatosenoticias.com.br\/index.php\/wp-json\/wp\/v2\/posts\/46729","targetHints":{"allow":["GET"]}}],"collection":[{"href":"https:\/\/jornalfatosenoticias.com.br\/index.php\/wp-json\/wp\/v2\/posts"}],"about":[{"href":"https:\/\/jornalfatosenoticias.com.br\/index.php\/wp-json\/wp\/v2\/types\/post"}],"author":[{"embeddable":true,"href":"https:\/\/jornalfatosenoticias.com.br\/index.php\/wp-json\/wp\/v2\/users\/2"}],"replies":[{"embeddable":true,"href":"https:\/\/jornalfatosenoticias.com.br\/index.php\/wp-json\/wp\/v2\/comments?post=46729"}],"version-history":[{"count":0,"href":"https:\/\/jornalfatosenoticias.com.br\/index.php\/wp-json\/wp\/v2\/posts\/46729\/revisions"}],"wp:featuredmedia":[{"embeddable":true,"href":"https:\/\/jornalfatosenoticias.com.br\/index.php\/wp-json\/wp\/v2\/media\/46730"}],"wp:attachment":[{"href":"https:\/\/jornalfatosenoticias.com.br\/index.php\/wp-json\/wp\/v2\/media?parent=46729"}],"wp:term":[{"taxonomy":"category","embeddable":true,"href":"https:\/\/jornalfatosenoticias.com.br\/index.php\/wp-json\/wp\/v2\/categories?post=46729"},{"taxonomy":"post_tag","embeddable":true,"href":"https:\/\/jornalfatosenoticias.com.br\/index.php\/wp-json\/wp\/v2\/tags?post=46729"}],"curies":[{"name":"wp","href":"https:\/\/api.w.org\/{rel}","templated":true}]}}