{"id":46775,"date":"2023-11-08T14:31:48","date_gmt":"2023-11-08T17:31:48","guid":{"rendered":"https:\/\/jornalfatosenoticias.com.br\/?p=46775"},"modified":"2023-11-08T14:31:49","modified_gmt":"2023-11-08T17:31:49","slug":"eua-ameacam-voltar-com-sancoes-caso-regime-de-maduro-nao-reabilite-opositora","status":"publish","type":"post","link":"https:\/\/jornalfatosenoticias.com.br\/index.php\/2023\/11\/08\/eua-ameacam-voltar-com-sancoes-caso-regime-de-maduro-nao-reabilite-opositora\/","title":{"rendered":"EUA amea\u00e7am voltar com san\u00e7\u00f5es caso regime de Maduro n\u00e3o reabilite opositora"},"content":{"rendered":"\n<p><em><span class=\"has-inline-color has-black-color\">Governo da Venezuela, liderado pelo ditador Nicol\u00e1s Maduro, suspendeu os efeitos das prim\u00e1rias de outubro, que definiram Mar\u00eda Corina Machado como advers\u00e1ria do chavista nas urnas em 2024<\/span><\/em><\/p>\n\n\n\n<p><span class=\"has-inline-color has-black-color\">Por<strong><a href=\"https:\/\/www.gazetadopovo.com.br\/autor\/isabella-de-paula\/\"> Isabella de Paula<\/a><\/strong><\/span><\/p>\n\n\n\n<div class=\"wp-block-image\"><figure class=\"aligncenter size-large\"><img loading=\"lazy\" decoding=\"async\" width=\"1024\" height=\"109\" src=\"https:\/\/jornalfatosenoticias.com.br\/wp-content\/uploads\/2020\/02\/CONTROL-CS2-1024x109.jpg\" alt=\"\" class=\"wp-image-44989\" srcset=\"https:\/\/jornalfatosenoticias.com.br\/wp-content\/uploads\/2020\/02\/CONTROL-CS2-1024x109.jpg 1024w, https:\/\/jornalfatosenoticias.com.br\/wp-content\/uploads\/2020\/02\/CONTROL-CS2-300x32.jpg 300w, https:\/\/jornalfatosenoticias.com.br\/wp-content\/uploads\/2020\/02\/CONTROL-CS2-768x82.jpg 768w, https:\/\/jornalfatosenoticias.com.br\/wp-content\/uploads\/2020\/02\/CONTROL-CS2.jpg 1120w\" sizes=\"auto, (max-width: 1024px) 100vw, 1024px\" \/><\/figure><\/div>\n\n\n\n<p>O governo dos Estados Unidos afirmou que a Venezuela tem at\u00e9 o dia 30 de novembro para permitir que todos os candidatos concorram \u00e0s elei\u00e7\u00f5es presidenciais de 2024, inclusive a vencedora das prim\u00e1rias de outubro Mar\u00eda Corina Machado ou, caso contr\u00e1rio, voltar\u00e1 a impor as san\u00e7\u00f5es recentemente suspensas.<\/p>\n\n\n\n<blockquote class=\"wp-block-quote is-layout-flow wp-block-quote-is-layout-flow\"><p><span class=\"has-inline-color has-luminous-vivid-orange-color\">Antes do final de novembro, temos que ver um processo de reabilita\u00e7\u00e3o de todos os candidatos, incluindo Mar\u00eda Corina Machado. Os venezuelanos que devem decidir quem ser\u00e3o os seus l\u00edderes\u201d, disse Juan Gonz\u00e1lez, principal assessor para assuntos da Am\u00e9rica Latina do presidente dos EUA, Joe Biden, \u00e0 emissora de not\u00edcias NTN24.<\/span><\/p><\/blockquote>\n\n\n\n<div class=\"wp-block-image\"><figure class=\"aligncenter size-large is-resized\"><img loading=\"lazy\" decoding=\"async\" src=\"https:\/\/jornalfatosenoticias.com.br\/wp-content\/uploads\/2023\/08\/Steel.jpeg\" alt=\"\" class=\"wp-image-44634\" width=\"346\" height=\"281\" srcset=\"https:\/\/jornalfatosenoticias.com.br\/wp-content\/uploads\/2023\/08\/Steel.jpeg 800w, https:\/\/jornalfatosenoticias.com.br\/wp-content\/uploads\/2023\/08\/Steel-300x244.jpeg 300w, https:\/\/jornalfatosenoticias.com.br\/wp-content\/uploads\/2023\/08\/Steel-768x624.jpeg 768w\" sizes=\"auto, (max-width: 346px) 100vw, 346px\" \/><\/figure><\/div>\n\n\n\n<p>Gonz\u00e1lez indicou que o governo americano tamb\u00e9m espera ver a liberta\u00e7\u00e3o de &#8220;americanos detidos injustamente na Venezuela e outros presos pol\u00edticos&#8221;. Na entrevista, o assessor afirmou que, se estas condi\u00e7\u00f5es n\u00e3o forem cumpridas, os EUA reverter\u00e3o o al\u00edvio das san\u00e7\u00f5es contra a Venezuela, aplicado ap\u00f3s a assinatura de um acordo eleitoral entre o governo de Nicol\u00e1s Maduro e a oposi\u00e7\u00e3o no dia 17 de outubro, em Barbados.<\/p>\n\n\n\n<div class=\"wp-block-image\"><figure class=\"aligncenter size-large\"><img loading=\"lazy\" decoding=\"async\" width=\"300\" height=\"250\" src=\"https:\/\/jornalfatosenoticias.com.br\/wp-content\/uploads\/2022\/02\/FERRARI_MAQUINAS-E-FERRAMENTAS2.jpg\" alt=\"\" class=\"wp-image-27860\"\/><\/figure><\/div>\n\n\n\n<blockquote class=\"wp-block-quote is-layout-flow wp-block-quote-is-layout-flow\"><p><span class=\"has-inline-color has-luminous-vivid-orange-color\">Temos que ver resultados para demonstrar que este primeiro passo foi bem-sucedido. Demos um grande passo para enviar o sinal do nosso compromisso, mas depois de 30 de novembro, se essas expectativas n\u00e3o forem satisfeitas, teremos que tomar medidas para desmantelar esse al\u00edvio das san\u00e7\u00f5es&#8221;, afirmou. \u201cPoderemos retirar integralmente as licen\u00e7as gerais e tamb\u00e9m h\u00e1 diferentes op\u00e7\u00f5es que estamos desenvolvendo, consultando o Congresso\u201d, acrescentou Gonz\u00e1lez.<\/span><\/p><\/blockquote>\n\n\n\n<div class=\"wp-block-image\"><figure class=\"aligncenter size-large is-resized\"><img loading=\"lazy\" decoding=\"async\" src=\"https:\/\/jornalfatosenoticias.com.br\/wp-content\/uploads\/2023\/08\/ITH.jpeg\" alt=\"\" class=\"wp-image-44638\" width=\"299\" height=\"243\" srcset=\"https:\/\/jornalfatosenoticias.com.br\/wp-content\/uploads\/2023\/08\/ITH.jpeg 800w, https:\/\/jornalfatosenoticias.com.br\/wp-content\/uploads\/2023\/08\/ITH-300x244.jpeg 300w, https:\/\/jornalfatosenoticias.com.br\/wp-content\/uploads\/2023\/08\/ITH-768x624.jpeg 768w\" sizes=\"auto, (max-width: 299px) 100vw, 299px\" \/><\/figure><\/div>\n\n\n\n<p>No dia 22 de outubro, a plataforma opositora venezuelana realizou elei\u00e7\u00f5es prim\u00e1rias nas quais Mar\u00eda Corina Machado, que est\u00e1 sujeita \u00e0 inabilita\u00e7\u00e3o para ocupar cargos eletivos por ordem administrativa, obteve uma grande vit\u00f3ria. No entanto, o Tribunal Supremo de Justi\u00e7a da Venezuela anunciou poucos dias depois a suspens\u00e3o para \u201ctodos os efeitos\u201d de todas as fases das prim\u00e1rias da oposi\u00e7\u00e3o, em resposta a um recurso apresentado pelo deputado opositor Jos\u00e9 Brito, que pediu a investiga\u00e7\u00e3o de poss\u00edveis \u201cirregularidades&#8221; no processo.<\/p>\n\n\n\n<div class=\"wp-block-image\"><figure class=\"aligncenter size-large is-resized\"><img loading=\"lazy\" decoding=\"async\" src=\"https:\/\/jornalfatosenoticias.com.br\/wp-content\/uploads\/2022\/10\/RC_800x750_page-0001.jpg\" alt=\"\" class=\"wp-image-35338\" width=\"294\" height=\"276\" srcset=\"https:\/\/jornalfatosenoticias.com.br\/wp-content\/uploads\/2022\/10\/RC_800x750_page-0001.jpg 400w, https:\/\/jornalfatosenoticias.com.br\/wp-content\/uploads\/2022\/10\/RC_800x750_page-0001-300x281.jpg 300w\" sizes=\"auto, (max-width: 294px) 100vw, 294px\" \/><\/figure><\/div>\n\n\n\n<p>Ap\u00f3s a assinatura dos acordos entre o governo e a plataforma opositora venezuelana visando as elei\u00e7\u00f5es presidenciais de 2024, o governo dos EUA aliviou temporariamente as san\u00e7\u00f5es ao pa\u00eds sul-americano relativas \u00e0 explora\u00e7\u00e3o dos seus ricos recursos de petr\u00f3leo e g\u00e1s.<\/p>\n\n\n\n<div class=\"wp-block-image\"><figure class=\"aligncenter size-large is-resized\"><img loading=\"lazy\" decoding=\"async\" src=\"https:\/\/jornalfatosenoticias.com.br\/wp-content\/uploads\/2023\/07\/lacremoda.jpg\" alt=\"\" class=\"wp-image-43706\" width=\"365\" height=\"204\" srcset=\"https:\/\/jornalfatosenoticias.com.br\/wp-content\/uploads\/2023\/07\/lacremoda.jpg 1024w, https:\/\/jornalfatosenoticias.com.br\/wp-content\/uploads\/2023\/07\/lacremoda-300x168.jpg 300w, https:\/\/jornalfatosenoticias.com.br\/wp-content\/uploads\/2023\/07\/lacremoda-768x431.jpg 768w\" sizes=\"auto, (max-width: 365px) 100vw, 365px\" \/><\/figure><\/div>\n\n\n\n<p>O Escrit\u00f3rio de Controle de Ativos Estrangeiros dos EUA (OFAC) autorizou temporariamente empresas americanas a realizarem determinadas opera\u00e7\u00f5es no setor venezuelano de hidrocarbonetos que eram proibidas e condicionou a renova\u00e7\u00e3o do al\u00edvio ao cumprimento dos acordos entre o governo e a oposi\u00e7\u00e3o para as elei\u00e7\u00f5es presidenciais de 2024.<\/p>\n\n\n\n<div class=\"wp-block-image\"><figure class=\"aligncenter size-large is-resized\"><img loading=\"lazy\" decoding=\"async\" src=\"https:\/\/jornalfatosenoticias.com.br\/wp-content\/uploads\/2023\/09\/vetorvix1024_1.jpg\" alt=\"\" class=\"wp-image-44868\" width=\"404\" height=\"107\" srcset=\"https:\/\/jornalfatosenoticias.com.br\/wp-content\/uploads\/2023\/09\/vetorvix1024_1.jpg 1024w, https:\/\/jornalfatosenoticias.com.br\/wp-content\/uploads\/2023\/09\/vetorvix1024_1-300x80.jpg 300w, https:\/\/jornalfatosenoticias.com.br\/wp-content\/uploads\/2023\/09\/vetorvix1024_1-768x205.jpg 768w\" sizes=\"auto, (max-width: 404px) 100vw, 404px\" \/><\/figure><\/div>\n\n\n\n<p>O ditador venezuelano, Nicol\u00e1s Maduro, garantiu nesta ter\u00e7a-feira (7) que em 2024 haver\u00e1 elei\u00e7\u00f5es presidenciais \u201ccom ou sem san\u00e7\u00f5es\u201d, o que representa uma \u201cdecis\u00e3o soberana\u201d do seu pa\u00eds, que, segundo ressaltou, n\u00e3o aceitar\u00e1 \u201cchantagem\u201d.<\/p>\n\n\n\n<div class=\"wp-block-image\"><figure class=\"aligncenter size-large is-resized\"><img loading=\"lazy\" decoding=\"async\" src=\"https:\/\/jornalfatosenoticias.com.br\/wp-content\/uploads\/2022\/10\/Arte-jornal-Zucchi-600x600_Prancheta-1-1024x1024.jpg\" alt=\"\" class=\"wp-image-34782\" width=\"302\" height=\"302\" srcset=\"https:\/\/jornalfatosenoticias.com.br\/wp-content\/uploads\/2022\/10\/Arte-jornal-Zucchi-600x600_Prancheta-1-1024x1024.jpg 1024w, https:\/\/jornalfatosenoticias.com.br\/wp-content\/uploads\/2022\/10\/Arte-jornal-Zucchi-600x600_Prancheta-1-300x300.jpg 300w, https:\/\/jornalfatosenoticias.com.br\/wp-content\/uploads\/2022\/10\/Arte-jornal-Zucchi-600x600_Prancheta-1-150x150.jpg 150w, https:\/\/jornalfatosenoticias.com.br\/wp-content\/uploads\/2022\/10\/Arte-jornal-Zucchi-600x600_Prancheta-1-768x768.jpg 768w, https:\/\/jornalfatosenoticias.com.br\/wp-content\/uploads\/2022\/10\/Arte-jornal-Zucchi-600x600_Prancheta-1.jpg 1250w\" sizes=\"auto, (max-width: 302px) 100vw, 302px\" \/><\/figure><\/div>\n\n\n\n<blockquote class=\"wp-block-quote is-layout-flow wp-block-quote-is-layout-flow\"><p><span class=\"has-inline-color has-luminous-vivid-orange-color\">Ano que vem teremos elei\u00e7\u00e3o presidencial, est\u00e1 l\u00e1 na Constitui\u00e7\u00e3o e, como sempre, vai ser cumprida, impecavelmente, com san\u00e7\u00f5es ou sem san\u00e7\u00f5es, vamos \u00e0s elei\u00e7\u00f5es&#8221;, declarou Maduro durante uma reuni\u00e3o com setores pol\u00edticos, econ\u00f4micos e sociais transmitida pela emissora p\u00fablica VTV.<\/span><\/p><\/blockquote>\n\n\n\n<div class=\"wp-block-image\"><figure class=\"aligncenter size-large is-resized\"><img loading=\"lazy\" decoding=\"async\" src=\"https:\/\/jornalfatosenoticias.com.br\/wp-content\/uploads\/2023\/08\/BKR-1024x1021.jpg\" alt=\"\" class=\"wp-image-44494\" width=\"286\" height=\"285\" srcset=\"https:\/\/jornalfatosenoticias.com.br\/wp-content\/uploads\/2023\/08\/BKR-1024x1021.jpg 1024w, https:\/\/jornalfatosenoticias.com.br\/wp-content\/uploads\/2023\/08\/BKR-300x300.jpg 300w, https:\/\/jornalfatosenoticias.com.br\/wp-content\/uploads\/2023\/08\/BKR-150x150.jpg 150w, https:\/\/jornalfatosenoticias.com.br\/wp-content\/uploads\/2023\/08\/BKR-768x766.jpg 768w, https:\/\/jornalfatosenoticias.com.br\/wp-content\/uploads\/2023\/08\/BKR.jpg 1080w\" sizes=\"auto, (max-width: 286px) 100vw, 286px\" \/><\/figure><\/div>\n\n\n\n<p><strong><em>Fonte: <a href=\"https:\/\/www.gazetadopovo.com.br\/mundo\/eua-ameacam-voltar-com-sancoes-caso-regime-de-maduro-nao-reabilite-opositora\/\">Gazeta do Povo<\/a><\/em><\/strong><\/p>\n","protected":false},"excerpt":{"rendered":"<p>Governo da Venezuela, liderado pelo ditador Nicol\u00e1s Maduro, suspendeu os efeitos das prim\u00e1rias de outubro, que definiram Mar\u00eda Corina Machado como advers\u00e1ria do chavista nas urnas em 2024 Por Isabella de Paula O governo dos Estados Unidos afirmou que a Venezuela tem at\u00e9 o dia 30 de novembro para permitir que todos os candidatos concorram [&hellip;]<\/p>\n","protected":false},"author":2,"featured_media":46776,"comment_status":"open","ping_status":"open","sticky":false,"template":"","format":"standard","meta":{"footnotes":""},"categories":[41],"tags":[21964,159,19097,12806,5370,8605],"class_list":["post-46775","post","type-post","status-publish","format-standard","has-post-thumbnail","hentry","category-internacional","tag-eleicoes-2024","tag-eua","tag-nicolas-maduro","tag-oposicao","tag-sancoes","tag-venezuela"],"yoast_head":"<!-- This site is optimized with the Yoast SEO plugin v26.5 - https:\/\/yoast.com\/wordpress\/plugins\/seo\/ -->\n<title>EUA amea\u00e7am voltar com san\u00e7\u00f5es caso regime de Maduro n\u00e3o reabilite opositora - Jornal Fatos e Not\u00edcias<\/title>\n<meta name=\"robots\" content=\"index, follow, max-snippet:-1, max-image-preview:large, max-video-preview:-1\" \/>\n<link rel=\"canonical\" href=\"https:\/\/jornalfatosenoticias.com.br\/index.php\/2023\/11\/08\/eua-ameacam-voltar-com-sancoes-caso-regime-de-maduro-nao-reabilite-opositora\/\" \/>\n<meta property=\"og:locale\" content=\"pt_BR\" \/>\n<meta property=\"og:type\" content=\"article\" \/>\n<meta property=\"og:title\" content=\"EUA amea\u00e7am voltar com san\u00e7\u00f5es caso regime de Maduro n\u00e3o reabilite opositora - Jornal Fatos e Not\u00edcias\" \/>\n<meta property=\"og:description\" content=\"Governo da Venezuela, liderado pelo ditador Nicol\u00e1s Maduro, suspendeu os efeitos das prim\u00e1rias de outubro, que definiram Mar\u00eda Corina Machado como advers\u00e1ria do chavista nas urnas em 2024 Por Isabella de Paula O governo dos Estados Unidos afirmou que a Venezuela tem at\u00e9 o dia 30 de novembro para permitir que todos os candidatos concorram [&hellip;]\" \/>\n<meta property=\"og:url\" content=\"https:\/\/jornalfatosenoticias.com.br\/index.php\/2023\/11\/08\/eua-ameacam-voltar-com-sancoes-caso-regime-de-maduro-nao-reabilite-opositora\/\" \/>\n<meta property=\"og:site_name\" content=\"Jornal Fatos e Not\u00edcias\" \/>\n<meta property=\"article:published_time\" content=\"2023-11-08T17:31:48+00:00\" \/>\n<meta property=\"article:modified_time\" content=\"2023-11-08T17:31:49+00:00\" \/>\n<meta property=\"og:image\" content=\"https:\/\/jornalfatosenoticias.com.br\/wp-content\/uploads\/2023\/11\/fruta-podre.jpg\" \/>\n\t<meta property=\"og:image:width\" content=\"960\" \/>\n\t<meta property=\"og:image:height\" content=\"540\" \/>\n\t<meta property=\"og:image:type\" content=\"image\/jpeg\" \/>\n<meta name=\"author\" content=\"Luzimara Fernandes\" \/>\n<meta name=\"twitter:card\" content=\"summary_large_image\" \/>\n<meta name=\"twitter:label1\" content=\"Escrito por\" \/>\n\t<meta name=\"twitter:data1\" content=\"Luzimara Fernandes\" \/>\n\t<meta name=\"twitter:label2\" content=\"Est. tempo de leitura\" \/>\n\t<meta name=\"twitter:data2\" content=\"3 minutos\" \/>\n<script type=\"application\/ld+json\" class=\"yoast-schema-graph\">{\"@context\":\"https:\/\/schema.org\",\"@graph\":[{\"@type\":\"Article\",\"@id\":\"https:\/\/jornalfatosenoticias.com.br\/index.php\/2023\/11\/08\/eua-ameacam-voltar-com-sancoes-caso-regime-de-maduro-nao-reabilite-opositora\/#article\",\"isPartOf\":{\"@id\":\"https:\/\/jornalfatosenoticias.com.br\/index.php\/2023\/11\/08\/eua-ameacam-voltar-com-sancoes-caso-regime-de-maduro-nao-reabilite-opositora\/\"},\"author\":{\"name\":\"Luzimara Fernandes\",\"@id\":\"https:\/\/jornalfatosenoticias.com.br\/#\/schema\/person\/d63837fa13ac8666eb9e74e0985d6f81\"},\"headline\":\"EUA amea\u00e7am voltar com san\u00e7\u00f5es caso regime de Maduro n\u00e3o reabilite opositora\",\"datePublished\":\"2023-11-08T17:31:48+00:00\",\"dateModified\":\"2023-11-08T17:31:49+00:00\",\"mainEntityOfPage\":{\"@id\":\"https:\/\/jornalfatosenoticias.com.br\/index.php\/2023\/11\/08\/eua-ameacam-voltar-com-sancoes-caso-regime-de-maduro-nao-reabilite-opositora\/\"},\"wordCount\":588,\"commentCount\":0,\"publisher\":{\"@id\":\"https:\/\/jornalfatosenoticias.com.br\/#organization\"},\"image\":{\"@id\":\"https:\/\/jornalfatosenoticias.com.br\/index.php\/2023\/11\/08\/eua-ameacam-voltar-com-sancoes-caso-regime-de-maduro-nao-reabilite-opositora\/#primaryimage\"},\"thumbnailUrl\":\"https:\/\/jornalfatosenoticias.com.br\/wp-content\/uploads\/2023\/11\/fruta-podre.jpg\",\"keywords\":[\"elei\u00e7\u00f5es 2024\",\"EUA\",\"Nicol\u00e1s Maduro\",\"oposi\u00e7\u00e3o\",\"san\u00e7\u00f5es\",\"Venezuela\"],\"articleSection\":[\"Internacional\"],\"inLanguage\":\"pt-BR\",\"potentialAction\":[{\"@type\":\"CommentAction\",\"name\":\"Comment\",\"target\":[\"https:\/\/jornalfatosenoticias.com.br\/index.php\/2023\/11\/08\/eua-ameacam-voltar-com-sancoes-caso-regime-de-maduro-nao-reabilite-opositora\/#respond\"]}]},{\"@type\":\"WebPage\",\"@id\":\"https:\/\/jornalfatosenoticias.com.br\/index.php\/2023\/11\/08\/eua-ameacam-voltar-com-sancoes-caso-regime-de-maduro-nao-reabilite-opositora\/\",\"url\":\"https:\/\/jornalfatosenoticias.com.br\/index.php\/2023\/11\/08\/eua-ameacam-voltar-com-sancoes-caso-regime-de-maduro-nao-reabilite-opositora\/\",\"name\":\"EUA amea\u00e7am voltar com san\u00e7\u00f5es caso regime de Maduro n\u00e3o reabilite opositora - Jornal Fatos e Not\u00edcias\",\"isPartOf\":{\"@id\":\"https:\/\/jornalfatosenoticias.com.br\/#website\"},\"primaryImageOfPage\":{\"@id\":\"https:\/\/jornalfatosenoticias.com.br\/index.php\/2023\/11\/08\/eua-ameacam-voltar-com-sancoes-caso-regime-de-maduro-nao-reabilite-opositora\/#primaryimage\"},\"image\":{\"@id\":\"https:\/\/jornalfatosenoticias.com.br\/index.php\/2023\/11\/08\/eua-ameacam-voltar-com-sancoes-caso-regime-de-maduro-nao-reabilite-opositora\/#primaryimage\"},\"thumbnailUrl\":\"https:\/\/jornalfatosenoticias.com.br\/wp-content\/uploads\/2023\/11\/fruta-podre.jpg\",\"datePublished\":\"2023-11-08T17:31:48+00:00\",\"dateModified\":\"2023-11-08T17:31:49+00:00\",\"breadcrumb\":{\"@id\":\"https:\/\/jornalfatosenoticias.com.br\/index.php\/2023\/11\/08\/eua-ameacam-voltar-com-sancoes-caso-regime-de-maduro-nao-reabilite-opositora\/#breadcrumb\"},\"inLanguage\":\"pt-BR\",\"potentialAction\":[{\"@type\":\"ReadAction\",\"target\":[\"https:\/\/jornalfatosenoticias.com.br\/index.php\/2023\/11\/08\/eua-ameacam-voltar-com-sancoes-caso-regime-de-maduro-nao-reabilite-opositora\/\"]}]},{\"@type\":\"ImageObject\",\"inLanguage\":\"pt-BR\",\"@id\":\"https:\/\/jornalfatosenoticias.com.br\/index.php\/2023\/11\/08\/eua-ameacam-voltar-com-sancoes-caso-regime-de-maduro-nao-reabilite-opositora\/#primaryimage\",\"url\":\"https:\/\/jornalfatosenoticias.com.br\/wp-content\/uploads\/2023\/11\/fruta-podre.jpg\",\"contentUrl\":\"https:\/\/jornalfatosenoticias.com.br\/wp-content\/uploads\/2023\/11\/fruta-podre.jpg\",\"width\":960,\"height\":540},{\"@type\":\"BreadcrumbList\",\"@id\":\"https:\/\/jornalfatosenoticias.com.br\/index.php\/2023\/11\/08\/eua-ameacam-voltar-com-sancoes-caso-regime-de-maduro-nao-reabilite-opositora\/#breadcrumb\",\"itemListElement\":[{\"@type\":\"ListItem\",\"position\":1,\"name\":\"In\u00edcio\",\"item\":\"https:\/\/jornalfatosenoticias.com.br\/\"},{\"@type\":\"ListItem\",\"position\":2,\"name\":\"EUA amea\u00e7am voltar com san\u00e7\u00f5es caso regime de Maduro n\u00e3o reabilite opositora\"}]},{\"@type\":\"WebSite\",\"@id\":\"https:\/\/jornalfatosenoticias.com.br\/#website\",\"url\":\"https:\/\/jornalfatosenoticias.com.br\/\",\"name\":\"Jornal Fatos e Not\u00edcias\",\"description\":\"Not\u00edcias em geral\",\"publisher\":{\"@id\":\"https:\/\/jornalfatosenoticias.com.br\/#organization\"},\"potentialAction\":[{\"@type\":\"SearchAction\",\"target\":{\"@type\":\"EntryPoint\",\"urlTemplate\":\"https:\/\/jornalfatosenoticias.com.br\/?s={search_term_string}\"},\"query-input\":{\"@type\":\"PropertyValueSpecification\",\"valueRequired\":true,\"valueName\":\"search_term_string\"}}],\"inLanguage\":\"pt-BR\"},{\"@type\":\"Organization\",\"@id\":\"https:\/\/jornalfatosenoticias.com.br\/#organization\",\"name\":\"Jornal Fatos e Not\u00edcias\",\"url\":\"https:\/\/jornalfatosenoticias.com.br\/\",\"logo\":{\"@type\":\"ImageObject\",\"inLanguage\":\"pt-BR\",\"@id\":\"https:\/\/jornalfatosenoticias.com.br\/#\/schema\/logo\/image\/\",\"url\":\"https:\/\/jornalfatosenoticias.com.br\/wp-content\/uploads\/2020\/02\/logo120.png\",\"contentUrl\":\"https:\/\/jornalfatosenoticias.com.br\/wp-content\/uploads\/2020\/02\/logo120.png\",\"width\":1227,\"height\":120,\"caption\":\"Jornal Fatos e Not\u00edcias\"},\"image\":{\"@id\":\"https:\/\/jornalfatosenoticias.com.br\/#\/schema\/logo\/image\/\"}},{\"@type\":\"Person\",\"@id\":\"https:\/\/jornalfatosenoticias.com.br\/#\/schema\/person\/d63837fa13ac8666eb9e74e0985d6f81\",\"name\":\"Luzimara Fernandes\",\"image\":{\"@type\":\"ImageObject\",\"inLanguage\":\"pt-BR\",\"@id\":\"https:\/\/jornalfatosenoticias.com.br\/#\/schema\/person\/image\/\",\"url\":\"https:\/\/jornalfatosenoticias.com.br\/wp-content\/uploads\/2025\/05\/EU_portal.jpg\",\"contentUrl\":\"https:\/\/jornalfatosenoticias.com.br\/wp-content\/uploads\/2025\/05\/EU_portal.jpg\",\"caption\":\"Luzimara Fernandes\"},\"description\":\"Jornalista MTB 2358-ES\",\"sameAs\":[\"https:\/\/jornalfatosenoticias.com.br\"],\"url\":\"https:\/\/jornalfatosenoticias.com.br\/index.php\/author\/luzimara\/\"}]}<\/script>\n<!-- \/ Yoast SEO plugin. -->","yoast_head_json":{"title":"EUA amea\u00e7am voltar com san\u00e7\u00f5es caso regime de Maduro n\u00e3o reabilite opositora - Jornal Fatos e Not\u00edcias","robots":{"index":"index","follow":"follow","max-snippet":"max-snippet:-1","max-image-preview":"max-image-preview:large","max-video-preview":"max-video-preview:-1"},"canonical":"https:\/\/jornalfatosenoticias.com.br\/index.php\/2023\/11\/08\/eua-ameacam-voltar-com-sancoes-caso-regime-de-maduro-nao-reabilite-opositora\/","og_locale":"pt_BR","og_type":"article","og_title":"EUA amea\u00e7am voltar com san\u00e7\u00f5es caso regime de Maduro n\u00e3o reabilite opositora - Jornal Fatos e Not\u00edcias","og_description":"Governo da Venezuela, liderado pelo ditador Nicol\u00e1s Maduro, suspendeu os efeitos das prim\u00e1rias de outubro, que definiram Mar\u00eda Corina Machado como advers\u00e1ria do chavista nas urnas em 2024 Por Isabella de Paula O governo dos Estados Unidos afirmou que a Venezuela tem at\u00e9 o dia 30 de novembro para permitir que todos os candidatos concorram [&hellip;]","og_url":"https:\/\/jornalfatosenoticias.com.br\/index.php\/2023\/11\/08\/eua-ameacam-voltar-com-sancoes-caso-regime-de-maduro-nao-reabilite-opositora\/","og_site_name":"Jornal Fatos e Not\u00edcias","article_published_time":"2023-11-08T17:31:48+00:00","article_modified_time":"2023-11-08T17:31:49+00:00","og_image":[{"width":960,"height":540,"url":"https:\/\/jornalfatosenoticias.com.br\/wp-content\/uploads\/2023\/11\/fruta-podre.jpg","type":"image\/jpeg"}],"author":"Luzimara Fernandes","twitter_card":"summary_large_image","twitter_misc":{"Escrito por":"Luzimara Fernandes","Est. tempo de leitura":"3 minutos"},"schema":{"@context":"https:\/\/schema.org","@graph":[{"@type":"Article","@id":"https:\/\/jornalfatosenoticias.com.br\/index.php\/2023\/11\/08\/eua-ameacam-voltar-com-sancoes-caso-regime-de-maduro-nao-reabilite-opositora\/#article","isPartOf":{"@id":"https:\/\/jornalfatosenoticias.com.br\/index.php\/2023\/11\/08\/eua-ameacam-voltar-com-sancoes-caso-regime-de-maduro-nao-reabilite-opositora\/"},"author":{"name":"Luzimara Fernandes","@id":"https:\/\/jornalfatosenoticias.com.br\/#\/schema\/person\/d63837fa13ac8666eb9e74e0985d6f81"},"headline":"EUA amea\u00e7am voltar com san\u00e7\u00f5es caso regime de Maduro n\u00e3o reabilite opositora","datePublished":"2023-11-08T17:31:48+00:00","dateModified":"2023-11-08T17:31:49+00:00","mainEntityOfPage":{"@id":"https:\/\/jornalfatosenoticias.com.br\/index.php\/2023\/11\/08\/eua-ameacam-voltar-com-sancoes-caso-regime-de-maduro-nao-reabilite-opositora\/"},"wordCount":588,"commentCount":0,"publisher":{"@id":"https:\/\/jornalfatosenoticias.com.br\/#organization"},"image":{"@id":"https:\/\/jornalfatosenoticias.com.br\/index.php\/2023\/11\/08\/eua-ameacam-voltar-com-sancoes-caso-regime-de-maduro-nao-reabilite-opositora\/#primaryimage"},"thumbnailUrl":"https:\/\/jornalfatosenoticias.com.br\/wp-content\/uploads\/2023\/11\/fruta-podre.jpg","keywords":["elei\u00e7\u00f5es 2024","EUA","Nicol\u00e1s Maduro","oposi\u00e7\u00e3o","san\u00e7\u00f5es","Venezuela"],"articleSection":["Internacional"],"inLanguage":"pt-BR","potentialAction":[{"@type":"CommentAction","name":"Comment","target":["https:\/\/jornalfatosenoticias.com.br\/index.php\/2023\/11\/08\/eua-ameacam-voltar-com-sancoes-caso-regime-de-maduro-nao-reabilite-opositora\/#respond"]}]},{"@type":"WebPage","@id":"https:\/\/jornalfatosenoticias.com.br\/index.php\/2023\/11\/08\/eua-ameacam-voltar-com-sancoes-caso-regime-de-maduro-nao-reabilite-opositora\/","url":"https:\/\/jornalfatosenoticias.com.br\/index.php\/2023\/11\/08\/eua-ameacam-voltar-com-sancoes-caso-regime-de-maduro-nao-reabilite-opositora\/","name":"EUA amea\u00e7am voltar com san\u00e7\u00f5es caso regime de Maduro n\u00e3o reabilite opositora - Jornal Fatos e Not\u00edcias","isPartOf":{"@id":"https:\/\/jornalfatosenoticias.com.br\/#website"},"primaryImageOfPage":{"@id":"https:\/\/jornalfatosenoticias.com.br\/index.php\/2023\/11\/08\/eua-ameacam-voltar-com-sancoes-caso-regime-de-maduro-nao-reabilite-opositora\/#primaryimage"},"image":{"@id":"https:\/\/jornalfatosenoticias.com.br\/index.php\/2023\/11\/08\/eua-ameacam-voltar-com-sancoes-caso-regime-de-maduro-nao-reabilite-opositora\/#primaryimage"},"thumbnailUrl":"https:\/\/jornalfatosenoticias.com.br\/wp-content\/uploads\/2023\/11\/fruta-podre.jpg","datePublished":"2023-11-08T17:31:48+00:00","dateModified":"2023-11-08T17:31:49+00:00","breadcrumb":{"@id":"https:\/\/jornalfatosenoticias.com.br\/index.php\/2023\/11\/08\/eua-ameacam-voltar-com-sancoes-caso-regime-de-maduro-nao-reabilite-opositora\/#breadcrumb"},"inLanguage":"pt-BR","potentialAction":[{"@type":"ReadAction","target":["https:\/\/jornalfatosenoticias.com.br\/index.php\/2023\/11\/08\/eua-ameacam-voltar-com-sancoes-caso-regime-de-maduro-nao-reabilite-opositora\/"]}]},{"@type":"ImageObject","inLanguage":"pt-BR","@id":"https:\/\/jornalfatosenoticias.com.br\/index.php\/2023\/11\/08\/eua-ameacam-voltar-com-sancoes-caso-regime-de-maduro-nao-reabilite-opositora\/#primaryimage","url":"https:\/\/jornalfatosenoticias.com.br\/wp-content\/uploads\/2023\/11\/fruta-podre.jpg","contentUrl":"https:\/\/jornalfatosenoticias.com.br\/wp-content\/uploads\/2023\/11\/fruta-podre.jpg","width":960,"height":540},{"@type":"BreadcrumbList","@id":"https:\/\/jornalfatosenoticias.com.br\/index.php\/2023\/11\/08\/eua-ameacam-voltar-com-sancoes-caso-regime-de-maduro-nao-reabilite-opositora\/#breadcrumb","itemListElement":[{"@type":"ListItem","position":1,"name":"In\u00edcio","item":"https:\/\/jornalfatosenoticias.com.br\/"},{"@type":"ListItem","position":2,"name":"EUA amea\u00e7am voltar com san\u00e7\u00f5es caso regime de Maduro n\u00e3o reabilite opositora"}]},{"@type":"WebSite","@id":"https:\/\/jornalfatosenoticias.com.br\/#website","url":"https:\/\/jornalfatosenoticias.com.br\/","name":"Jornal Fatos e Not\u00edcias","description":"Not\u00edcias em geral","publisher":{"@id":"https:\/\/jornalfatosenoticias.com.br\/#organization"},"potentialAction":[{"@type":"SearchAction","target":{"@type":"EntryPoint","urlTemplate":"https:\/\/jornalfatosenoticias.com.br\/?s={search_term_string}"},"query-input":{"@type":"PropertyValueSpecification","valueRequired":true,"valueName":"search_term_string"}}],"inLanguage":"pt-BR"},{"@type":"Organization","@id":"https:\/\/jornalfatosenoticias.com.br\/#organization","name":"Jornal Fatos e Not\u00edcias","url":"https:\/\/jornalfatosenoticias.com.br\/","logo":{"@type":"ImageObject","inLanguage":"pt-BR","@id":"https:\/\/jornalfatosenoticias.com.br\/#\/schema\/logo\/image\/","url":"https:\/\/jornalfatosenoticias.com.br\/wp-content\/uploads\/2020\/02\/logo120.png","contentUrl":"https:\/\/jornalfatosenoticias.com.br\/wp-content\/uploads\/2020\/02\/logo120.png","width":1227,"height":120,"caption":"Jornal Fatos e Not\u00edcias"},"image":{"@id":"https:\/\/jornalfatosenoticias.com.br\/#\/schema\/logo\/image\/"}},{"@type":"Person","@id":"https:\/\/jornalfatosenoticias.com.br\/#\/schema\/person\/d63837fa13ac8666eb9e74e0985d6f81","name":"Luzimara Fernandes","image":{"@type":"ImageObject","inLanguage":"pt-BR","@id":"https:\/\/jornalfatosenoticias.com.br\/#\/schema\/person\/image\/","url":"https:\/\/jornalfatosenoticias.com.br\/wp-content\/uploads\/2025\/05\/EU_portal.jpg","contentUrl":"https:\/\/jornalfatosenoticias.com.br\/wp-content\/uploads\/2025\/05\/EU_portal.jpg","caption":"Luzimara Fernandes"},"description":"Jornalista MTB 2358-ES","sameAs":["https:\/\/jornalfatosenoticias.com.br"],"url":"https:\/\/jornalfatosenoticias.com.br\/index.php\/author\/luzimara\/"}]}},"cc_featured_image_caption":{"caption_text":"(Foto: Reprodu\u00e7\u00e3o\/Gazeta do Povo) ","source_text":"","source_url":""},"jetpack_featured_media_url":"https:\/\/jornalfatosenoticias.com.br\/wp-content\/uploads\/2023\/11\/fruta-podre.jpg","_links":{"self":[{"href":"https:\/\/jornalfatosenoticias.com.br\/index.php\/wp-json\/wp\/v2\/posts\/46775","targetHints":{"allow":["GET"]}}],"collection":[{"href":"https:\/\/jornalfatosenoticias.com.br\/index.php\/wp-json\/wp\/v2\/posts"}],"about":[{"href":"https:\/\/jornalfatosenoticias.com.br\/index.php\/wp-json\/wp\/v2\/types\/post"}],"author":[{"embeddable":true,"href":"https:\/\/jornalfatosenoticias.com.br\/index.php\/wp-json\/wp\/v2\/users\/2"}],"replies":[{"embeddable":true,"href":"https:\/\/jornalfatosenoticias.com.br\/index.php\/wp-json\/wp\/v2\/comments?post=46775"}],"version-history":[{"count":0,"href":"https:\/\/jornalfatosenoticias.com.br\/index.php\/wp-json\/wp\/v2\/posts\/46775\/revisions"}],"wp:featuredmedia":[{"embeddable":true,"href":"https:\/\/jornalfatosenoticias.com.br\/index.php\/wp-json\/wp\/v2\/media\/46776"}],"wp:attachment":[{"href":"https:\/\/jornalfatosenoticias.com.br\/index.php\/wp-json\/wp\/v2\/media?parent=46775"}],"wp:term":[{"taxonomy":"category","embeddable":true,"href":"https:\/\/jornalfatosenoticias.com.br\/index.php\/wp-json\/wp\/v2\/categories?post=46775"},{"taxonomy":"post_tag","embeddable":true,"href":"https:\/\/jornalfatosenoticias.com.br\/index.php\/wp-json\/wp\/v2\/tags?post=46775"}],"curies":[{"name":"wp","href":"https:\/\/api.w.org\/{rel}","templated":true}]}}