{"id":46795,"date":"2023-11-09T13:38:17","date_gmt":"2023-11-09T16:38:17","guid":{"rendered":"https:\/\/jornalfatosenoticias.com.br\/?p=46795"},"modified":"2023-11-09T13:38:19","modified_gmt":"2023-11-09T16:38:19","slug":"a-semana-em-brasilia-e-no-es-silencio-perante-as-devastadoras-queimadas-na-amazonia-em-2023-chama-a-atencao","status":"publish","type":"post","link":"https:\/\/jornalfatosenoticias.com.br\/index.php\/2023\/11\/09\/a-semana-em-brasilia-e-no-es-silencio-perante-as-devastadoras-queimadas-na-amazonia-em-2023-chama-a-atencao\/","title":{"rendered":"A Semana em Bras\u00edlia e no ES \u2014 Sil\u00eancio perante as devastadoras queimadas na Amaz\u00f4nia em 2023 chama a aten\u00e7\u00e3o"},"content":{"rendered":"\n<div class=\"wp-block-image\"><figure class=\"aligncenter size-large\"><img loading=\"lazy\" decoding=\"async\" width=\"729\" height=\"90\" src=\"https:\/\/jornalfatosenoticias.com.br\/wp-content\/uploads\/2020\/02\/Logo_Mizu.png\" alt=\"\" class=\"wp-image-1441\" srcset=\"https:\/\/jornalfatosenoticias.com.br\/wp-content\/uploads\/2020\/02\/Logo_Mizu.png 729w, https:\/\/jornalfatosenoticias.com.br\/wp-content\/uploads\/2020\/02\/Logo_Mizu-300x37.png 300w\" sizes=\"auto, (max-width: 729px) 100vw, 729px\" \/><\/figure><\/div>\n\n\n\n<p><span class=\"has-inline-color has-black-color\">Por <strong>Raul Holderf Nascimento<\/strong><br><\/span>Neste ano de 2023, a Amaz\u00f4nia enfrenta uma das piores temporadas de queimadas das \u00faltimas d\u00e9cadas, um problema que mereceria aten\u00e7\u00e3o urgente e a\u00e7\u00e3o conjunta para combater o desastre ambiental. No entanto, o que elemento chama a aten\u00e7\u00e3o n\u00e3o \u00e9 apenas a magnitude do inc\u00eandio, mas o sil\u00eancio ensurdecedor que parece permear a esfera p\u00fablica.<br>Este cen\u00e1rio de ina\u00e7\u00e3o tem sido atribu\u00eddo, por alguns, \u00e0 estreita rela\u00e7\u00e3o do governo de Luiz In\u00e1cio Lula da Silva (PT) com a causa ambiental. Sob tal alinhamento pol\u00edtico, a classe art\u00edstica, os principais ve\u00edculos de comunica\u00e7\u00e3o e at\u00e9 mesmo os \u00f3rg\u00e3os competentes parecem estar notavelmente silentes e ap\u00e1ticos diante do que est\u00e1 ocorrendo na regi\u00e3o amaz\u00f4nica.<\/p>\n\n\n\n<div class=\"wp-block-image\"><figure class=\"aligncenter size-large is-resized\"><img loading=\"lazy\" decoding=\"async\" src=\"https:\/\/jornalfatosenoticias.com.br\/wp-content\/uploads\/2022\/02\/Precisao-Contabilidade-1024x724.jpg\" alt=\"\" class=\"wp-image-28088\" width=\"303\" height=\"214\"\/><\/figure><\/div>\n\n\n\n<p>A aus\u00eancia de reportagens especiais com cobertura na televis\u00e3o, a falta de plant\u00f5es de urg\u00eancia interrompendo a programa\u00e7\u00e3o e a not\u00e1vel aus\u00eancia de hashtags e mobiliza\u00e7\u00e3o por parte de ativistas e grupos ambientais, que normalmente s\u00e3o r\u00e1pidos em denunciar situa\u00e7\u00f5es de crise, levanta questionamentos. A aus\u00eancia de \u2018ind\u00edgenas\u2019 no programa Fant\u00e1stico ou outros meios de comunica\u00e7\u00e3o, denunciando que a Amaz\u00f4nia est\u00e1 em chamas e que a popula\u00e7\u00e3o est\u00e1 sofrendo com a densa fuma\u00e7a que cobre a regi\u00e3o, \u00e9 igualmente not\u00e1vel.<\/p>\n\n\n\n<div class=\"wp-block-image\"><figure class=\"aligncenter size-large is-resized\"><img loading=\"lazy\" decoding=\"async\" src=\"https:\/\/jornalfatosenoticias.com.br\/wp-content\/uploads\/2022\/10\/Arte-jornal-Zucchi-600x600_Prancheta-1-1024x1024.jpg\" alt=\"\" class=\"wp-image-34782\" width=\"282\" height=\"282\" srcset=\"https:\/\/jornalfatosenoticias.com.br\/wp-content\/uploads\/2022\/10\/Arte-jornal-Zucchi-600x600_Prancheta-1-1024x1024.jpg 1024w, https:\/\/jornalfatosenoticias.com.br\/wp-content\/uploads\/2022\/10\/Arte-jornal-Zucchi-600x600_Prancheta-1-300x300.jpg 300w, https:\/\/jornalfatosenoticias.com.br\/wp-content\/uploads\/2022\/10\/Arte-jornal-Zucchi-600x600_Prancheta-1-150x150.jpg 150w, https:\/\/jornalfatosenoticias.com.br\/wp-content\/uploads\/2022\/10\/Arte-jornal-Zucchi-600x600_Prancheta-1-768x768.jpg 768w, https:\/\/jornalfatosenoticias.com.br\/wp-content\/uploads\/2022\/10\/Arte-jornal-Zucchi-600x600_Prancheta-1.jpg 1250w\" sizes=\"auto, (max-width: 282px) 100vw, 282px\" \/><\/figure><\/div>\n\n\n\n<p>O sil\u00eancio diante dessa crise se estende e j\u00e1 chega h\u00e1 quase um ano. O cen\u00e1rio \u00e9 preocupante, uma vez que a Amaz\u00f4nia desempenha um papel crucial na regula\u00e7\u00e3o do clima global e abriga uma rica diversidade de vida. No entanto, o contexto pol\u00edtico e a apatia que o envolve t\u00eam prejudicado os esfor\u00e7os para enfrentar essa amea\u00e7a, que agora \u00e9 pouco retratada. <strong><span class=\"has-inline-color has-black-color\">(Fonte: Conex\u00e3o Pol\u00edtica)<\/span><\/strong><\/p>\n\n\n\n<div class=\"wp-block-image\"><figure class=\"aligncenter size-large is-resized\"><img loading=\"lazy\" decoding=\"async\" src=\"https:\/\/jornalfatosenoticias.com.br\/wp-content\/uploads\/2023\/09\/vetorvix1024_1.jpg\" alt=\"\" class=\"wp-image-44868\" width=\"427\" height=\"113\" srcset=\"https:\/\/jornalfatosenoticias.com.br\/wp-content\/uploads\/2023\/09\/vetorvix1024_1.jpg 1024w, https:\/\/jornalfatosenoticias.com.br\/wp-content\/uploads\/2023\/09\/vetorvix1024_1-300x80.jpg 300w, https:\/\/jornalfatosenoticias.com.br\/wp-content\/uploads\/2023\/09\/vetorvix1024_1-768x205.jpg 768w\" sizes=\"auto, (max-width: 427px) 100vw, 427px\" \/><\/figure><\/div>\n\n\n\n<hr class=\"wp-block-separator\"\/>\n\n\n\n<h3 class=\"wp-block-heading\"><span class=\"has-inline-color has-black-color\">ONG investigada em CPI far\u00e1 parte de comiss\u00e3o chefiada por Marina Silva<\/span><\/h3>\n\n\n\n<div class=\"wp-block-image\"><figure class=\"aligncenter size-large\"><img loading=\"lazy\" decoding=\"async\" width=\"1000\" height=\"666\" src=\"https:\/\/jornalfatosenoticias.com.br\/wp-content\/uploads\/2023\/11\/ministra-et.jpg\" alt=\"\" class=\"wp-image-46796\" srcset=\"https:\/\/jornalfatosenoticias.com.br\/wp-content\/uploads\/2023\/11\/ministra-et.jpg 1000w, https:\/\/jornalfatosenoticias.com.br\/wp-content\/uploads\/2023\/11\/ministra-et-300x200.jpg 300w, https:\/\/jornalfatosenoticias.com.br\/wp-content\/uploads\/2023\/11\/ministra-et-768x511.jpg 768w\" sizes=\"auto, (max-width: 1000px) 100vw, 1000px\" \/><figcaption><em><span class=\"has-inline-color has-black-color\">(Foto: Metr\u00f3poles)<\/span><\/em><\/figcaption><\/figure><\/div>\n\n\n\n<p><span class=\"has-inline-color has-black-color\">Por <strong>Marcos Rocha<\/strong><br><\/span>Alvo de uma investiga\u00e7\u00e3o por parte de uma Comiss\u00e3o Parlamentar de Inqu\u00e9rito (CPI) no Congresso, a organiza\u00e7\u00e3o n\u00e3o governamental (ONG) Instituto Socioambiental (ISA) foi selecionada em um processo seletivo promovido pelo governo federal e agora far\u00e1 parte de um grupo liderado pela ministra do Meio Ambiente, Marina Silva.<\/p>\n\n\n\n<div class=\"wp-block-image\"><figure class=\"aligncenter size-large is-resized\"><img loading=\"lazy\" decoding=\"async\" src=\"https:\/\/jornalfatosenoticias.com.br\/wp-content\/uploads\/2023\/03\/nova-logo-Marquetti.jpg\" alt=\"\" class=\"wp-image-40207\" width=\"301\" height=\"202\" srcset=\"https:\/\/jornalfatosenoticias.com.br\/wp-content\/uploads\/2023\/03\/nova-logo-Marquetti.jpg 643w, https:\/\/jornalfatosenoticias.com.br\/wp-content\/uploads\/2023\/03\/nova-logo-Marquetti-300x202.jpg 300w\" sizes=\"auto, (max-width: 301px) 100vw, 301px\" \/><\/figure><\/div>\n\n\n\n<p>O ISA foi indicado como membro efetivo da Comiss\u00e3o Nacional para Recupera\u00e7\u00e3o da Vegeta\u00e7\u00e3o Nativa (Conaveg). At\u00e9 o momento, n\u00e3o foram divulgadas informa\u00e7\u00f5es sobre se a participa\u00e7\u00e3o da ONG no minist\u00e9rio do governo de Luiz In\u00e1cio Lula da Silva (PT) ser\u00e1 de forma volunt\u00e1ria ou remunerada.<\/p>\n\n\n\n<div class=\"wp-block-image\"><figure class=\"aligncenter size-large\"><img loading=\"lazy\" decoding=\"async\" width=\"300\" height=\"250\" src=\"https:\/\/jornalfatosenoticias.com.br\/wp-content\/uploads\/2022\/08\/arte-Casarao.jpg\" alt=\"\" class=\"wp-image-33178\"\/><\/figure><\/div>\n\n\n\n<p>A ONG, que foi alvo de den\u00fancias por parte de comunidades ind\u00edgenas durante a CPI devido a supostas a\u00e7\u00f5es explorat\u00f3rias, atua na regi\u00e3o da floresta amaz\u00f4nica por pelo menos duas d\u00e9cadas e j\u00e1 recebeu uma quantia de pelo menos R$ 60 milh\u00f5es provenientes do Fundo Amaz\u00f4nia, um \u201ccaixa\u201d financiado por na\u00e7\u00f5es desenvolvidas como Noruega e Alemanha.<\/p>\n\n\n\n<div class=\"wp-block-image\"><figure class=\"aligncenter size-large is-resized\"><img loading=\"lazy\" decoding=\"async\" src=\"https:\/\/jornalfatosenoticias.com.br\/wp-content\/uploads\/2023\/08\/BKR-1024x1021.jpg\" alt=\"\" class=\"wp-image-44494\" width=\"309\" height=\"308\" srcset=\"https:\/\/jornalfatosenoticias.com.br\/wp-content\/uploads\/2023\/08\/BKR-1024x1021.jpg 1024w, https:\/\/jornalfatosenoticias.com.br\/wp-content\/uploads\/2023\/08\/BKR-300x300.jpg 300w, https:\/\/jornalfatosenoticias.com.br\/wp-content\/uploads\/2023\/08\/BKR-150x150.jpg 150w, https:\/\/jornalfatosenoticias.com.br\/wp-content\/uploads\/2023\/08\/BKR-768x766.jpg 768w, https:\/\/jornalfatosenoticias.com.br\/wp-content\/uploads\/2023\/08\/BKR.jpg 1080w\" sizes=\"auto, (max-width: 309px) 100vw, 309px\" \/><\/figure><\/div>\n\n\n\n<p>Contudo, comunidades ind\u00edgenas que deveriam ser beneficiadas com esses recursos alegam que a ONG n\u00e3o atendeu \u00e0s suas necessidades, pois teria prometido obras de infraestrutura em locais como Pari-Cachoeira (AM), mas n\u00e3o cumpriu essas promessas. A ONG, por sua vez, nega veementemente as acusa\u00e7\u00f5es. <strong>(Fonte: Conex\u00e3o Pol\u00edtica)<\/strong><\/p>\n\n\n\n<hr class=\"wp-block-separator\"\/>\n\n\n\n<h3 class=\"wp-block-heading\"><span class=\"has-inline-color has-black-color\">Sob Lula, Pol\u00edcia Federal n\u00e3o acessa mais os morros do Rio, diz Sanderson<\/span><\/h3>\n\n\n\n<div class=\"wp-block-image\"><figure class=\"aligncenter size-large\"><img loading=\"lazy\" decoding=\"async\" width=\"612\" height=\"353\" src=\"https:\/\/jornalfatosenoticias.com.br\/wp-content\/uploads\/2023\/11\/PF_FAVELAS-CARIOCAS.jpg\" alt=\"\" class=\"wp-image-46797\" srcset=\"https:\/\/jornalfatosenoticias.com.br\/wp-content\/uploads\/2023\/11\/PF_FAVELAS-CARIOCAS.jpg 612w, https:\/\/jornalfatosenoticias.com.br\/wp-content\/uploads\/2023\/11\/PF_FAVELAS-CARIOCAS-300x173.jpg 300w\" sizes=\"auto, (max-width: 612px) 100vw, 612px\" \/><figcaption><em><span class=\"has-inline-color has-black-color\">(Foto: iStock)<\/span><\/em><\/figcaption><\/figure><\/div>\n\n\n\n<p><span class=\"has-inline-color has-black-color\">Por <strong>Raul Holderf Nascimento<\/strong><br><\/span>Em entrevista ao site O Antagonista, o deputado federal Ubiratan Sanderson (PL-RS), presidente da Comiss\u00e3o de Seguran\u00e7a da C\u00e2mara, criticou a falta de seguran\u00e7a no Rio de Janeiro. De acordo com o parlamentar, a seguran\u00e7a p\u00fablica depende de investimentos, integra\u00e7\u00e3o das For\u00e7as e a\u00e7\u00f5es de intelig\u00eancia.<br>Sanderson fez essas declara\u00e7\u00f5es no contexto das a\u00e7\u00f5es adotadas pela seguran\u00e7a do Rio de Janeiro em resposta a ataques de milicianos.<\/p>\n\n\n\n<div class=\"wp-block-image\"><figure class=\"aligncenter size-large\"><img decoding=\"async\" src=\"https:\/\/jornalfatosenoticias.com.br\/wp-content\/uploads\/2020\/02\/barao-das-carnes-300x164-1.jpg\" alt=\"\" class=\"wp-image-34339\"\/><\/figure><\/div>\n\n\n\n<p>\u201cN\u00e3o h\u00e1 investimento. O governo federal cortou esse ano 31% do or\u00e7amento federal para enfrentamento ao crime organizado e a integra\u00e7\u00e3o [com outras For\u00e7as] \u00e9 muito pequena. Falta integra\u00e7\u00e3o das pol\u00edcias entre os estados e entre os estados e a Uni\u00e3o\u201d, externou. \u201cA intelig\u00eancia tamb\u00e9m \u00e9 inexistente. Sem intelig\u00eancia policial, \u00e9 imposs\u00edvel [qualquer a\u00e7\u00e3o policial] dar certo\u201d, completou. <strong>(Fonte: Conex\u00e3o Pol\u00edtica)<\/strong><\/p>\n\n\n\n<div class=\"wp-block-image\"><figure class=\"aligncenter size-large\"><img loading=\"lazy\" decoding=\"async\" width=\"300\" height=\"300\" src=\"https:\/\/jornalfatosenoticias.com.br\/wp-content\/uploads\/2020\/02\/casa-do-torresmo_portal.jpg\" alt=\"\" class=\"wp-image-34472\" srcset=\"https:\/\/jornalfatosenoticias.com.br\/wp-content\/uploads\/2020\/02\/casa-do-torresmo_portal.jpg 300w, https:\/\/jornalfatosenoticias.com.br\/wp-content\/uploads\/2020\/02\/casa-do-torresmo_portal-150x150.jpg 150w\" sizes=\"auto, (max-width: 300px) 100vw, 300px\" \/><\/figure><\/div>\n\n\n\n<hr class=\"wp-block-separator\"\/>\n\n\n\n<h3 class=\"wp-block-heading\"><span class=\"has-inline-color has-black-color\">Em 2023, Lula j\u00e1 visitou mais pa\u00edses do que estados brasileiros<\/span><\/h3>\n\n\n\n<div class=\"wp-block-image\"><figure class=\"aligncenter size-large\"><img loading=\"lazy\" decoding=\"async\" width=\"1024\" height=\"1024\" src=\"https:\/\/jornalfatosenoticias.com.br\/wp-content\/uploads\/2023\/11\/gastos-viagens-lula-exterior-1024x1024.png\" alt=\"\" class=\"wp-image-46798\" srcset=\"https:\/\/jornalfatosenoticias.com.br\/wp-content\/uploads\/2023\/11\/gastos-viagens-lula-exterior-1024x1024.png 1024w, https:\/\/jornalfatosenoticias.com.br\/wp-content\/uploads\/2023\/11\/gastos-viagens-lula-exterior-300x300.png 300w, https:\/\/jornalfatosenoticias.com.br\/wp-content\/uploads\/2023\/11\/gastos-viagens-lula-exterior-150x150.png 150w, https:\/\/jornalfatosenoticias.com.br\/wp-content\/uploads\/2023\/11\/gastos-viagens-lula-exterior-768x768.png 768w, https:\/\/jornalfatosenoticias.com.br\/wp-content\/uploads\/2023\/11\/gastos-viagens-lula-exterior-1536x1536.png 1536w, https:\/\/jornalfatosenoticias.com.br\/wp-content\/uploads\/2023\/11\/gastos-viagens-lula-exterior-2048x2048.png 2048w\" sizes=\"auto, (max-width: 1024px) 100vw, 1024px\" \/><\/figure><\/div>\n\n\n\n<p><span class=\"has-inline-color has-black-color\">Por <strong>Raul Holderf Nascimento<\/strong><br><\/span>Em Bras\u00edlia, as quest\u00f5es pendentes do governo Lula, segundo uma reportagem da revista Veja, foram definidas com um crit\u00e9rio temporal espec\u00edfico: ser\u00e3o abordadas quando o presidente retornar de suas viagens internacionais.<br>Em concord\u00e2ncia, a justificativa tem sido repetida por ministros e membros pr\u00f3ximos do Planalto para explicar as demoras em assuntos que requerem a decis\u00e3o do chefe de Estado. Essa publica\u00e7\u00e3o da Veja tem sua l\u00f3gica, considerando que, durante seus dez meses de governo, o petista realizou 25 viagens internacionais, visitando 21 pa\u00edses em quatro continentes.<\/p>\n\n\n\n<div class=\"wp-block-image\"><figure class=\"aligncenter size-large is-resized\"><img loading=\"lazy\" decoding=\"async\" src=\"https:\/\/jornalfatosenoticias.com.br\/wp-content\/uploads\/2023\/08\/ITH.jpeg\" alt=\"\" class=\"wp-image-44638\" width=\"327\" height=\"266\" srcset=\"https:\/\/jornalfatosenoticias.com.br\/wp-content\/uploads\/2023\/08\/ITH.jpeg 800w, https:\/\/jornalfatosenoticias.com.br\/wp-content\/uploads\/2023\/08\/ITH-300x244.jpeg 300w, https:\/\/jornalfatosenoticias.com.br\/wp-content\/uploads\/2023\/08\/ITH-768x624.jpeg 768w\" sizes=\"auto, (max-width: 327px) 100vw, 327px\" \/><\/figure><\/div>\n\n\n\n<p>Em contrapartida, Lula visitou 15 estados brasileiro neste ano, al\u00e9m do Distrito Federal, desde que assumiu seu terceiro mandato. Ou seja, essas viagens ao redor do mundo superaram em n\u00famero as realizadas dentro do Brasil. Como se n\u00e3o bastasse os poucos compromissos em territ\u00f3rio nacional, as viagens do presidente dentro do Pa\u00eds, em sua maioria, s\u00e3o breves e duram apenas algumas horas, o oposto das viagens internacionais, que incluem grande comitiva e hospedagens de alto luxo. <strong>(Fonte: Conex\u00e3o Pol\u00edtica)<\/strong><\/p>\n\n\n\n<div class=\"wp-block-image\"><figure class=\"aligncenter size-large is-resized\"><img loading=\"lazy\" decoding=\"async\" src=\"https:\/\/jornalfatosenoticias.com.br\/wp-content\/uploads\/2023\/07\/lacremoda.jpg\" alt=\"\" class=\"wp-image-43706\" width=\"359\" height=\"201\" srcset=\"https:\/\/jornalfatosenoticias.com.br\/wp-content\/uploads\/2023\/07\/lacremoda.jpg 1024w, https:\/\/jornalfatosenoticias.com.br\/wp-content\/uploads\/2023\/07\/lacremoda-300x168.jpg 300w, https:\/\/jornalfatosenoticias.com.br\/wp-content\/uploads\/2023\/07\/lacremoda-768x431.jpg 768w\" sizes=\"auto, (max-width: 359px) 100vw, 359px\" \/><\/figure><\/div>\n\n\n\n<hr class=\"wp-block-separator\"\/>\n\n\n\n<h3 class=\"wp-block-heading\"><span class=\"has-inline-color has-black-color\">Milei vira mais de 10 pontos em pesquisa eleitoral associada a peronistas<\/span><\/h3>\n\n\n\n<div class=\"wp-block-image\"><figure class=\"aligncenter size-large\"><img loading=\"lazy\" decoding=\"async\" width=\"612\" height=\"408\" src=\"https:\/\/jornalfatosenoticias.com.br\/wp-content\/uploads\/2023\/11\/MILEI_gettyimages.jpg\" alt=\"\" class=\"wp-image-46799\" srcset=\"https:\/\/jornalfatosenoticias.com.br\/wp-content\/uploads\/2023\/11\/MILEI_gettyimages.jpg 612w, https:\/\/jornalfatosenoticias.com.br\/wp-content\/uploads\/2023\/11\/MILEI_gettyimages-300x200.jpg 300w\" sizes=\"auto, (max-width: 612px) 100vw, 612px\" \/><figcaption><em><span class=\"has-inline-color has-black-color\">(Foto: Getty Images)<\/span><\/em><\/figcaption><\/figure><\/div>\n\n\n\n<p>Javier Milei virou uma diferen\u00e7a de mais de 10 pontos percentuais sobre Sergio Massa na \u00fanica pesquisa eleitoral que tinha previsto a lideran\u00e7a do peronista no primeiro turno e n\u00e3o apontava vantagem para o libert\u00e1rio neste segundo.<br>No primeiro levantamento de segundo turno do instituto de pesquisa Proyecci\u00f3n, realizado nos dois primeiros dias ap\u00f3s a vota\u00e7\u00e3o, Massa tinha 44,6% das inten\u00e7\u00f5es de voto, e Milei apenas 34,2%. <strong>(Fonte: O Antagonista)<\/strong><\/p>\n\n\n\n<div class=\"wp-block-image\"><figure class=\"aligncenter size-large\"><img loading=\"lazy\" decoding=\"async\" width=\"300\" height=\"250\" src=\"https:\/\/jornalfatosenoticias.com.br\/wp-content\/uploads\/2020\/02\/Banner-2.png\" alt=\"\" class=\"wp-image-43787\"\/><\/figure><\/div>\n\n\n\n<hr class=\"wp-block-separator\"\/>\n\n\n\n<h3 class=\"wp-block-heading\"><span class=\"has-inline-color has-black-color\">Gleisi Hoffmann se destaca entre os piores deputados federais pelo Paran\u00e1, aponta levantamento<\/span><\/h3>\n\n\n\n<div class=\"wp-block-image\"><figure class=\"aligncenter size-large\"><img loading=\"lazy\" decoding=\"async\" width=\"960\" height=\"540\" src=\"https:\/\/jornalfatosenoticias.com.br\/wp-content\/uploads\/2023\/11\/gleisi_narizinho.jpg\" alt=\"\" class=\"wp-image-46800\" srcset=\"https:\/\/jornalfatosenoticias.com.br\/wp-content\/uploads\/2023\/11\/gleisi_narizinho.jpg 960w, https:\/\/jornalfatosenoticias.com.br\/wp-content\/uploads\/2023\/11\/gleisi_narizinho-300x169.jpg 300w, https:\/\/jornalfatosenoticias.com.br\/wp-content\/uploads\/2023\/11\/gleisi_narizinho-768x432.jpg 768w\" sizes=\"auto, (max-width: 960px) 100vw, 960px\" \/><figcaption><em><span class=\"has-inline-color has-black-color\">(Foto: Zeca Ribeiro\/C\u00e2mara dos Deputados)<\/span><\/em><\/figcaption><\/figure><\/div>\n\n\n\n<p><span class=\"has-inline-color has-black-color\">Por<\/span><strong><span class=\"has-inline-color has-black-color\"> Guilherme Oliveira<br><\/span><\/strong>Muito atuante nas redes sociais, em especial para defender o presidente da Rep\u00fablica, Luiz In\u00e1cio Lula da Silva (PT), a deputada federal Gleisi Hoffmann (PT-PR) n\u00e3o tem demonstrado o mesmo empenho no local de trabalho. Ao menos, \u00e9 o que mostra o \u00cdndice Legisla Brasil, que monitora o desempenho dos deputados eleitos a partir da relev\u00e2ncia dos projetos apresentados, participa\u00e7\u00e3o em comiss\u00f5es, alinhamento \u00e0s pautas do partido e a\u00e7\u00f5es de fiscaliza\u00e7\u00e3o do Poder Executivo.<\/p>\n\n\n\n<div class=\"wp-block-image\"><figure class=\"aligncenter size-large is-resized\"><img loading=\"lazy\" decoding=\"async\" src=\"https:\/\/jornalfatosenoticias.com.br\/wp-content\/uploads\/2020\/02\/CONTROL-CS.jpg\" alt=\"\" class=\"wp-image-44991\" width=\"277\" height=\"332\" srcset=\"https:\/\/jornalfatosenoticias.com.br\/wp-content\/uploads\/2020\/02\/CONTROL-CS.jpg 834w, https:\/\/jornalfatosenoticias.com.br\/wp-content\/uploads\/2020\/02\/CONTROL-CS-250x300.jpg 250w, https:\/\/jornalfatosenoticias.com.br\/wp-content\/uploads\/2020\/02\/CONTROL-CS-768x921.jpg 768w\" sizes=\"auto, (max-width: 277px) 100vw, 277px\" \/><\/figure><\/div>\n\n\n\n<p>Entre os deputados paranaenses, no que se refere a nota sobre produ\u00e7\u00e3o legislativa, Gleisi, com a nota 1,4, s\u00f3 n\u00e3o foi pior que Luiz Carlos Hauly (Podemos), com nota 0,6. O detalhe \u00e9 que ele assumiu a vaga apenas em junho, devido \u00e0 cassa\u00e7\u00e3o de Deltan Dallagnol (Novo). Fecham a lista com avalia\u00e7\u00e3o negativa no quesito, os deputados Aliel Machado (PV), nota 2; Toninho Wandscheer (PP), 1,8 e Reinhold Stephanes Junior, com nota 1,5.<\/p>\n\n\n\n<div class=\"wp-block-image\"><figure class=\"aligncenter size-large is-resized\"><img loading=\"lazy\" decoding=\"async\" src=\"https:\/\/jornalfatosenoticias.com.br\/wp-content\/uploads\/2023\/08\/Steel.jpeg\" alt=\"\" class=\"wp-image-44634\" width=\"323\" height=\"262\" srcset=\"https:\/\/jornalfatosenoticias.com.br\/wp-content\/uploads\/2023\/08\/Steel.jpeg 800w, https:\/\/jornalfatosenoticias.com.br\/wp-content\/uploads\/2023\/08\/Steel-300x244.jpeg 300w, https:\/\/jornalfatosenoticias.com.br\/wp-content\/uploads\/2023\/08\/Steel-768x624.jpeg 768w\" sizes=\"auto, (max-width: 323px) 100vw, 323px\" \/><\/figure><\/div>\n\n\n\n<p>Gleisi Hoffmann colecionou algumas notas abaixo da m\u00e9dia. O que mais chamou aten\u00e7\u00e3o tem liga\u00e7\u00e3o com a produ\u00e7\u00e3o legislativa. O item engloba os projetos criados, o protagonismo, a relev\u00e2ncia das autorias, votos em separado e at\u00e9, a presen\u00e7a em plen\u00e1rio. Ainda que sejam quest\u00f5es consideradas b\u00e1sicas pelo \u00edndice, a deputada petista ficou mais de 4 pontos abaixo da m\u00e9dia nacional.<br>Al\u00e9m da baixa produ\u00e7\u00e3o, a presidente do PT recebeu nota 1,0 no que diz respeito \u00e0 fiscaliza\u00e7\u00e3o das a\u00e7\u00f5es do governo federal. A maior nota da parlamentar foi exatamente em rela\u00e7\u00e3o ao alinhamento partid\u00e1rio, item em que recebeu a nota m\u00e1xima.<\/p>\n\n\n\n<div class=\"wp-block-image\"><figure class=\"aligncenter size-large is-resized\"><img loading=\"lazy\" decoding=\"async\" src=\"https:\/\/jornalfatosenoticias.com.br\/wp-content\/uploads\/2023\/03\/logo-Panper_portal.jpg\" alt=\"\" class=\"wp-image-40208\" width=\"309\" height=\"214\" srcset=\"https:\/\/jornalfatosenoticias.com.br\/wp-content\/uploads\/2023\/03\/logo-Panper_portal.jpg 400w, https:\/\/jornalfatosenoticias.com.br\/wp-content\/uploads\/2023\/03\/logo-Panper_portal-300x208.jpg 300w\" sizes=\"auto, (max-width: 309px) 100vw, 309px\" \/><\/figure><\/div>\n\n\n\n<p>Quando o assunto foi a mobiliza\u00e7\u00e3o, como propondo requerimentos de audi\u00eancias p\u00fablicas ou com projetos de autoria com status especial, Gleisi recebeu a nota 4,0. Procurada pela reportagem da Gazeta do Povo, a parlamentar n\u00e3o respondeu sobre a avalia\u00e7\u00e3o no \u00edndice at\u00e9 a publica\u00e7\u00e3o deste texto. A m\u00e9dia dos parlamentares do Paran\u00e1 foi 6,7. <strong>(Fonte: Gazeta do Povo)<\/strong><\/p>\n\n\n\n<div class=\"wp-block-image\"><figure class=\"aligncenter size-large\"><img loading=\"lazy\" decoding=\"async\" width=\"300\" height=\"250\" src=\"https:\/\/jornalfatosenoticias.com.br\/wp-content\/uploads\/2022\/02\/FERRARI_MAQUINAS-E-FERRAMENTAS2.jpg\" alt=\"\" class=\"wp-image-27860\"\/><\/figure><\/div>\n\n\n\n<hr class=\"wp-block-separator\"\/>\n\n\n\n<h3 class=\"wp-block-heading\"><span class=\"has-inline-color has-black-color\">Lula diz que vai passar quatro anos sem falar sobre governo Bolsonaro minutos ap\u00f3s falar sobre Bolsonaro<\/span><\/h3>\n\n\n\n<div class=\"wp-block-image\"><figure class=\"aligncenter size-large\"><img loading=\"lazy\" decoding=\"async\" width=\"1000\" height=\"666\" src=\"https:\/\/jornalfatosenoticias.com.br\/wp-content\/uploads\/2023\/11\/Lula.jpg\" alt=\"\" class=\"wp-image-46801\" srcset=\"https:\/\/jornalfatosenoticias.com.br\/wp-content\/uploads\/2023\/11\/Lula.jpg 1000w, https:\/\/jornalfatosenoticias.com.br\/wp-content\/uploads\/2023\/11\/Lula-300x200.jpg 300w, https:\/\/jornalfatosenoticias.com.br\/wp-content\/uploads\/2023\/11\/Lula-768x511.jpg 768w\" sizes=\"auto, (max-width: 1000px) 100vw, 1000px\" \/><figcaption><em><span class=\"has-inline-color has-black-color\">(Foto: Reprodu\u00e7\u00e3o)<\/span><\/em><\/figcaption><\/figure><\/div>\n\n\n\n<p>\u201cEu vou passar quatro anos sem falar uma v\u00edrgula do outro governo\u201d, diz Lula minutos ap\u00f3s criticar gest\u00e3o Bolsonaro. Lula afirmou que encontrou Pa\u00eds \u201csemidestru\u00eddo\u201d e que seu antecessor cometeu um crime com a economia brasileira, mesmo com o seu governo petista tendo o pior resultado para um primeiro mandato. <strong>(Fonte: Terra Brasil Not\u00edcias)<\/strong><\/p>\n\n\n\n<div class=\"wp-block-image\"><figure class=\"aligncenter size-large is-resized\"><img loading=\"lazy\" decoding=\"async\" src=\"https:\/\/jornalfatosenoticias.com.br\/wp-content\/uploads\/2020\/02\/logo-Rapuzel-1024x571.jpg\" alt=\"\" class=\"wp-image-42808\" width=\"368\" height=\"205\" srcset=\"https:\/\/jornalfatosenoticias.com.br\/wp-content\/uploads\/2020\/02\/logo-Rapuzel-1024x571.jpg 1024w, https:\/\/jornalfatosenoticias.com.br\/wp-content\/uploads\/2020\/02\/logo-Rapuzel-300x167.jpg 300w, https:\/\/jornalfatosenoticias.com.br\/wp-content\/uploads\/2020\/02\/logo-Rapuzel-768x428.jpg 768w, https:\/\/jornalfatosenoticias.com.br\/wp-content\/uploads\/2020\/02\/logo-Rapuzel-1536x856.jpg 1536w, https:\/\/jornalfatosenoticias.com.br\/wp-content\/uploads\/2020\/02\/logo-Rapuzel.jpg 1600w\" sizes=\"auto, (max-width: 368px) 100vw, 368px\" \/><\/figure><\/div>\n\n\n\n<hr class=\"wp-block-separator\"\/>\n\n\n\n<h3 class=\"wp-block-heading\"><span class=\"has-inline-color has-black-color\">PF diz que mensagens mostram rela\u00e7\u00e3o criminosa de ministro de Lula<\/span><\/h3>\n\n\n\n<div class=\"wp-block-image\"><figure class=\"aligncenter size-large\"><img loading=\"lazy\" decoding=\"async\" width=\"720\" height=\"398\" src=\"https:\/\/jornalfatosenoticias.com.br\/wp-content\/uploads\/2023\/11\/lula_juscelino.jpg\" alt=\"\" class=\"wp-image-46802\" srcset=\"https:\/\/jornalfatosenoticias.com.br\/wp-content\/uploads\/2023\/11\/lula_juscelino.jpg 720w, https:\/\/jornalfatosenoticias.com.br\/wp-content\/uploads\/2023\/11\/lula_juscelino-300x166.jpg 300w\" sizes=\"auto, (max-width: 720px) 100vw, 720px\" \/><\/figure><\/div>\n\n\n\n<p>A Pol\u00edcia Federal afirma que o ministro das Comunica\u00e7\u00f5es do governo Lula (PT), Juscelino Filho (Uni\u00e3o Brasil-MA), estabeleceu uma rela\u00e7\u00e3o criminosa com o dono de uma empreiteira investigada sob suspeita de desvios em contratos da Codevasf, a estatal federal entregue ao centr\u00e3o.<br>A suspeita da investiga\u00e7\u00e3o se baseia em conversas obtidas no celular do empres\u00e1rio Eduardo Jos\u00e9 Barros Costa, conhecido como Eduardo DP, e est\u00e3o em relat\u00f3rio enviado ao Supremo Tribunal Federal (STF). As informa\u00e7\u00f5es s\u00e3o da Folha de SP. <strong>(Fonte: Terra Brasil Not\u00edcias)<\/strong><\/p>\n\n\n\n<div class=\"wp-block-image\"><figure class=\"aligncenter size-large is-resized\"><img loading=\"lazy\" decoding=\"async\" src=\"https:\/\/jornalfatosenoticias.com.br\/wp-content\/uploads\/2023\/08\/LOGO-BLU-COMERCIAL-PRETO-1024x600.jpg\" alt=\"\" class=\"wp-image-44053\" width=\"331\" height=\"193\"\/><\/figure><\/div>\n\n\n\n<hr class=\"wp-block-separator\"\/>\n\n\n\n<h3 class=\"wp-block-heading\"><span class=\"has-inline-color has-black-color\">Live de Lula tem a pior audi\u00eancia desde a estreia<\/span><\/h3>\n\n\n\n<div class=\"wp-block-image\"><figure class=\"aligncenter size-large\"><img loading=\"lazy\" decoding=\"async\" width=\"733\" height=\"391\" src=\"https:\/\/jornalfatosenoticias.com.br\/wp-content\/uploads\/2023\/11\/live-molusco.png\" alt=\"\" class=\"wp-image-46803\" srcset=\"https:\/\/jornalfatosenoticias.com.br\/wp-content\/uploads\/2023\/11\/live-molusco.png 733w, https:\/\/jornalfatosenoticias.com.br\/wp-content\/uploads\/2023\/11\/live-molusco-300x160.png 300w\" sizes=\"auto, (max-width: 733px) 100vw, 733px\" \/><\/figure><\/div>\n\n\n\n<p>A live semanal de Luiz In\u00e1cio Lula da Silva da ter\u00e7a-feira (7) registrou a pior audi\u00eancia de todas as 17 transmiss\u00f5es feitas at\u00e9 agora pelo petista. Chamada de Conversa com o Presidente, a \u00faltima live teve 3,7 mil visualiza\u00e7\u00f5es simult\u00e2neas nos perfis oficiais de Lula e do governo, segundo publicou o site Poder360. No fim da transmiss\u00e3o, somava 22,3 mil visualiza\u00e7\u00f5es.<\/p>\n\n\n\n<div class=\"wp-block-image\"><figure class=\"aligncenter size-large is-resized\"><img loading=\"lazy\" decoding=\"async\" src=\"https:\/\/jornalfatosenoticias.com.br\/wp-content\/uploads\/2022\/10\/RC_800x750_page-0001.jpg\" alt=\"\" class=\"wp-image-35338\" width=\"278\" height=\"260\" srcset=\"https:\/\/jornalfatosenoticias.com.br\/wp-content\/uploads\/2022\/10\/RC_800x750_page-0001.jpg 400w, https:\/\/jornalfatosenoticias.com.br\/wp-content\/uploads\/2022\/10\/RC_800x750_page-0001-300x281.jpg 300w\" sizes=\"auto, (max-width: 278px) 100vw, 278px\" \/><\/figure><\/div>\n\n\n\n<p>Lula estreou a live em 13 de junho. Em formato de entrevista com o jornalista Marco Uch\u00f4a e com o uso de c\u00e2meras e equipamentos de alta qualidade, as transmiss\u00f5es s\u00e3o feitas nos perfis de Lula no YouTube, no Facebook e no Twitter e nos canais do YouTube do Pal\u00e1cio do Planalto e CanalGov. O programa \u00e9 gravado e transmitido sob a supervis\u00e3o do secret\u00e1rio do Audiovisual da Secretaria de Comunica\u00e7\u00e3o Social (Secom), Ricardo Stuckert, que tamb\u00e9m \u00e9 o fot\u00f3grafo de Lula.<\/p>\n\n\n\n<div class=\"wp-block-image\"><figure class=\"aligncenter size-large\"><img decoding=\"async\" src=\"https:\/\/jornalfatosenoticias.com.br\/wp-content\/uploads\/2020\/02\/logo_esteio.jpg\" alt=\"\" class=\"wp-image-1214\"\/><\/figure><\/div>\n\n\n\n<p>Somadas as visualiza\u00e7\u00f5es de todas as lives de Lula realizadas at\u00e9 agora, o n\u00famero n\u00e3o chega a 900 mil no YouTube. A mais assistida teve 190 mil visualiza\u00e7\u00f5es. A de ter\u00e7a-feira, cuja audi\u00eancia foi a pior desde a estreia, tem 37 mil visualiza\u00e7\u00f5es at\u00e9 agora.<\/p>\n\n\n\n<div class=\"wp-block-image\"><figure class=\"aligncenter size-large is-resized\"><img loading=\"lazy\" decoding=\"async\" src=\"https:\/\/jornalfatosenoticias.com.br\/wp-content\/uploads\/2023\/11\/cromotec.jpg\" alt=\"\" class=\"wp-image-46804\" width=\"287\" height=\"171\" srcset=\"https:\/\/jornalfatosenoticias.com.br\/wp-content\/uploads\/2023\/11\/cromotec.jpg 453w, https:\/\/jornalfatosenoticias.com.br\/wp-content\/uploads\/2023\/11\/cromotec-300x179.jpg 300w\" sizes=\"auto, (max-width: 287px) 100vw, 287px\" \/><\/figure><\/div>\n\n\n\n<p>S\u00f3 para efeito comparativo, Bolsonaro chegou a ter quase um milh\u00e3o de visualiza\u00e7\u00f5es em live. Apesar do empenho e profissionaliza\u00e7\u00e3o, as lives de Lula, comparadas \u00e0s de Jair Bolsonaro, t\u00eam audi\u00eancia reduzida. Bolsonaro, que costumava fazer as transmiss\u00f5es nas noites de quinta-feira, chegou a marcar quase um milh\u00e3o de visualiza\u00e7\u00f5es em uma \u00fanica live \u2014 foram 919 mil views, segundo o UOL. A audi\u00eancia mais baixa do ex-presidente foi de 330 mil visualiza\u00e7\u00f5es.<\/p>\n\n\n\n<div class=\"wp-block-image\"><figure class=\"aligncenter size-large is-resized\"><img loading=\"lazy\" decoding=\"async\" src=\"https:\/\/jornalfatosenoticias.com.br\/wp-content\/uploads\/2020\/02\/WhatsApp-Image-2023-11-01-at-20.23.23.jpeg\" alt=\"\" class=\"wp-image-46639\" width=\"322\" height=\"184\"\/><\/figure><\/div>\n\n\n\n<p>Bolsonaro fazia suas transmiss\u00f5es ao vivo diretamente de um celular com um cen\u00e1rio simples e at\u00e9 mesmo improvisado. \u00c0s vezes, o ex-presidente telefonava para um ministro ou aliado para pedir informa\u00e7\u00f5es e transmitia a liga\u00e7\u00e3o ao vivo. As lives de Bolsonaro tamb\u00e9m tinham sempre a presen\u00e7a de um int\u00e9rprete de libras, que se sentava ao seu lado. As de Lula tamb\u00e9m t\u00eam, mas em formato de televis\u00e3o, no canto direito da tela. <strong>(Fonte: revista Oeste)<\/strong><\/p>\n","protected":false},"excerpt":{"rendered":"<p>Por Raul Holderf NascimentoNeste ano de 2023, a Amaz\u00f4nia enfrenta uma das piores temporadas de queimadas das \u00faltimas d\u00e9cadas, um problema que mereceria aten\u00e7\u00e3o urgente e a\u00e7\u00e3o conjunta para combater o desastre ambiental. No entanto, o que elemento chama a aten\u00e7\u00e3o n\u00e3o \u00e9 apenas a magnitude do inc\u00eandio, mas o sil\u00eancio ensurdecedor que parece permear [&hellip;]<\/p>\n","protected":false},"author":3,"featured_media":46805,"comment_status":"open","ping_status":"open","sticky":false,"template":"","format":"standard","meta":{"footnotes":""},"categories":[10],"tags":[123,4100,18343,21970,3463],"class_list":["post-46795","post","type-post","status-publish","format-standard","has-post-thumbnail","hentry","category-politica","tag-amazonia","tag-criminalidade","tag-governo-lula","tag-incendios-na-amazonia","tag-queimadas"],"yoast_head":"<!-- This site is optimized with the Yoast SEO plugin v26.5 - https:\/\/yoast.com\/wordpress\/plugins\/seo\/ -->\n<title>A Semana em Bras\u00edlia e no ES \u2014 Sil\u00eancio perante as devastadoras queimadas na Amaz\u00f4nia em 2023 chama a aten\u00e7\u00e3o - Jornal Fatos e Not\u00edcias<\/title>\n<meta name=\"robots\" content=\"index, follow, max-snippet:-1, max-image-preview:large, max-video-preview:-1\" \/>\n<link rel=\"canonical\" href=\"https:\/\/jornalfatosenoticias.com.br\/index.php\/2023\/11\/09\/a-semana-em-brasilia-e-no-es-silencio-perante-as-devastadoras-queimadas-na-amazonia-em-2023-chama-a-atencao\/\" \/>\n<meta property=\"og:locale\" content=\"pt_BR\" \/>\n<meta property=\"og:type\" content=\"article\" \/>\n<meta property=\"og:title\" content=\"A Semana em Bras\u00edlia e no ES \u2014 Sil\u00eancio perante as devastadoras queimadas na Amaz\u00f4nia em 2023 chama a aten\u00e7\u00e3o - Jornal Fatos e Not\u00edcias\" \/>\n<meta property=\"og:description\" content=\"Por Raul Holderf NascimentoNeste ano de 2023, a Amaz\u00f4nia enfrenta uma das piores temporadas de queimadas das \u00faltimas d\u00e9cadas, um problema que mereceria aten\u00e7\u00e3o urgente e a\u00e7\u00e3o conjunta para combater o desastre ambiental. No entanto, o que elemento chama a aten\u00e7\u00e3o n\u00e3o \u00e9 apenas a magnitude do inc\u00eandio, mas o sil\u00eancio ensurdecedor que parece permear [&hellip;]\" \/>\n<meta property=\"og:url\" content=\"https:\/\/jornalfatosenoticias.com.br\/index.php\/2023\/11\/09\/a-semana-em-brasilia-e-no-es-silencio-perante-as-devastadoras-queimadas-na-amazonia-em-2023-chama-a-atencao\/\" \/>\n<meta property=\"og:site_name\" content=\"Jornal Fatos e Not\u00edcias\" \/>\n<meta property=\"article:published_time\" content=\"2023-11-09T16:38:17+00:00\" \/>\n<meta property=\"article:modified_time\" content=\"2023-11-09T16:38:19+00:00\" \/>\n<meta property=\"og:image\" content=\"https:\/\/jornalfatosenoticias.com.br\/wp-content\/uploads\/2023\/11\/queimadas-na-Amazonia.jpg\" \/>\n\t<meta property=\"og:image:width\" content=\"612\" \/>\n\t<meta property=\"og:image:height\" content=\"408\" \/>\n\t<meta property=\"og:image:type\" content=\"image\/jpeg\" \/>\n<meta name=\"author\" content=\"Haroldo Filho\" \/>\n<meta name=\"twitter:card\" content=\"summary_large_image\" \/>\n<meta name=\"twitter:label1\" content=\"Escrito por\" \/>\n\t<meta name=\"twitter:data1\" content=\"Haroldo Filho\" \/>\n\t<meta name=\"twitter:label2\" content=\"Est. tempo de leitura\" \/>\n\t<meta name=\"twitter:data2\" content=\"10 minutos\" \/>\n<script type=\"application\/ld+json\" class=\"yoast-schema-graph\">{\"@context\":\"https:\/\/schema.org\",\"@graph\":[{\"@type\":\"Article\",\"@id\":\"https:\/\/jornalfatosenoticias.com.br\/index.php\/2023\/11\/09\/a-semana-em-brasilia-e-no-es-silencio-perante-as-devastadoras-queimadas-na-amazonia-em-2023-chama-a-atencao\/#article\",\"isPartOf\":{\"@id\":\"https:\/\/jornalfatosenoticias.com.br\/index.php\/2023\/11\/09\/a-semana-em-brasilia-e-no-es-silencio-perante-as-devastadoras-queimadas-na-amazonia-em-2023-chama-a-atencao\/\"},\"author\":{\"name\":\"Haroldo Filho\",\"@id\":\"https:\/\/jornalfatosenoticias.com.br\/#\/schema\/person\/05c46cc25b42a5c27e004fb0fa6b4965\"},\"headline\":\"A Semana em Bras\u00edlia e no ES \u2014 Sil\u00eancio perante as devastadoras queimadas na Amaz\u00f4nia em 2023 chama a aten\u00e7\u00e3o\",\"datePublished\":\"2023-11-09T16:38:17+00:00\",\"dateModified\":\"2023-11-09T16:38:19+00:00\",\"mainEntityOfPage\":{\"@id\":\"https:\/\/jornalfatosenoticias.com.br\/index.php\/2023\/11\/09\/a-semana-em-brasilia-e-no-es-silencio-perante-as-devastadoras-queimadas-na-amazonia-em-2023-chama-a-atencao\/\"},\"wordCount\":1953,\"commentCount\":0,\"publisher\":{\"@id\":\"https:\/\/jornalfatosenoticias.com.br\/#organization\"},\"image\":{\"@id\":\"https:\/\/jornalfatosenoticias.com.br\/index.php\/2023\/11\/09\/a-semana-em-brasilia-e-no-es-silencio-perante-as-devastadoras-queimadas-na-amazonia-em-2023-chama-a-atencao\/#primaryimage\"},\"thumbnailUrl\":\"https:\/\/jornalfatosenoticias.com.br\/wp-content\/uploads\/2023\/11\/queimadas-na-Amazonia.jpg\",\"keywords\":[\"amaz\u00f4nia\",\"criminalidade\",\"governo Lula\",\"inc\u00eandios na Amaz\u00f4nia\",\"queimadas\"],\"articleSection\":[\"Pol\u00edtica\"],\"inLanguage\":\"pt-BR\",\"potentialAction\":[{\"@type\":\"CommentAction\",\"name\":\"Comment\",\"target\":[\"https:\/\/jornalfatosenoticias.com.br\/index.php\/2023\/11\/09\/a-semana-em-brasilia-e-no-es-silencio-perante-as-devastadoras-queimadas-na-amazonia-em-2023-chama-a-atencao\/#respond\"]}]},{\"@type\":\"WebPage\",\"@id\":\"https:\/\/jornalfatosenoticias.com.br\/index.php\/2023\/11\/09\/a-semana-em-brasilia-e-no-es-silencio-perante-as-devastadoras-queimadas-na-amazonia-em-2023-chama-a-atencao\/\",\"url\":\"https:\/\/jornalfatosenoticias.com.br\/index.php\/2023\/11\/09\/a-semana-em-brasilia-e-no-es-silencio-perante-as-devastadoras-queimadas-na-amazonia-em-2023-chama-a-atencao\/\",\"name\":\"A Semana em Bras\u00edlia e no ES \u2014 Sil\u00eancio perante as devastadoras queimadas na Amaz\u00f4nia em 2023 chama a aten\u00e7\u00e3o - Jornal Fatos e Not\u00edcias\",\"isPartOf\":{\"@id\":\"https:\/\/jornalfatosenoticias.com.br\/#website\"},\"primaryImageOfPage\":{\"@id\":\"https:\/\/jornalfatosenoticias.com.br\/index.php\/2023\/11\/09\/a-semana-em-brasilia-e-no-es-silencio-perante-as-devastadoras-queimadas-na-amazonia-em-2023-chama-a-atencao\/#primaryimage\"},\"image\":{\"@id\":\"https:\/\/jornalfatosenoticias.com.br\/index.php\/2023\/11\/09\/a-semana-em-brasilia-e-no-es-silencio-perante-as-devastadoras-queimadas-na-amazonia-em-2023-chama-a-atencao\/#primaryimage\"},\"thumbnailUrl\":\"https:\/\/jornalfatosenoticias.com.br\/wp-content\/uploads\/2023\/11\/queimadas-na-Amazonia.jpg\",\"datePublished\":\"2023-11-09T16:38:17+00:00\",\"dateModified\":\"2023-11-09T16:38:19+00:00\",\"breadcrumb\":{\"@id\":\"https:\/\/jornalfatosenoticias.com.br\/index.php\/2023\/11\/09\/a-semana-em-brasilia-e-no-es-silencio-perante-as-devastadoras-queimadas-na-amazonia-em-2023-chama-a-atencao\/#breadcrumb\"},\"inLanguage\":\"pt-BR\",\"potentialAction\":[{\"@type\":\"ReadAction\",\"target\":[\"https:\/\/jornalfatosenoticias.com.br\/index.php\/2023\/11\/09\/a-semana-em-brasilia-e-no-es-silencio-perante-as-devastadoras-queimadas-na-amazonia-em-2023-chama-a-atencao\/\"]}]},{\"@type\":\"ImageObject\",\"inLanguage\":\"pt-BR\",\"@id\":\"https:\/\/jornalfatosenoticias.com.br\/index.php\/2023\/11\/09\/a-semana-em-brasilia-e-no-es-silencio-perante-as-devastadoras-queimadas-na-amazonia-em-2023-chama-a-atencao\/#primaryimage\",\"url\":\"https:\/\/jornalfatosenoticias.com.br\/wp-content\/uploads\/2023\/11\/queimadas-na-Amazonia.jpg\",\"contentUrl\":\"https:\/\/jornalfatosenoticias.com.br\/wp-content\/uploads\/2023\/11\/queimadas-na-Amazonia.jpg\",\"width\":612,\"height\":408,\"caption\":\"Photo used to burn the forest and transoform in pasture for cattle breeding\"},{\"@type\":\"BreadcrumbList\",\"@id\":\"https:\/\/jornalfatosenoticias.com.br\/index.php\/2023\/11\/09\/a-semana-em-brasilia-e-no-es-silencio-perante-as-devastadoras-queimadas-na-amazonia-em-2023-chama-a-atencao\/#breadcrumb\",\"itemListElement\":[{\"@type\":\"ListItem\",\"position\":1,\"name\":\"In\u00edcio\",\"item\":\"https:\/\/jornalfatosenoticias.com.br\/\"},{\"@type\":\"ListItem\",\"position\":2,\"name\":\"A Semana em Bras\u00edlia e no ES \u2014 Sil\u00eancio perante as devastadoras queimadas na Amaz\u00f4nia em 2023 chama a aten\u00e7\u00e3o\"}]},{\"@type\":\"WebSite\",\"@id\":\"https:\/\/jornalfatosenoticias.com.br\/#website\",\"url\":\"https:\/\/jornalfatosenoticias.com.br\/\",\"name\":\"Jornal Fatos e Not\u00edcias\",\"description\":\"Not\u00edcias em geral\",\"publisher\":{\"@id\":\"https:\/\/jornalfatosenoticias.com.br\/#organization\"},\"potentialAction\":[{\"@type\":\"SearchAction\",\"target\":{\"@type\":\"EntryPoint\",\"urlTemplate\":\"https:\/\/jornalfatosenoticias.com.br\/?s={search_term_string}\"},\"query-input\":{\"@type\":\"PropertyValueSpecification\",\"valueRequired\":true,\"valueName\":\"search_term_string\"}}],\"inLanguage\":\"pt-BR\"},{\"@type\":\"Organization\",\"@id\":\"https:\/\/jornalfatosenoticias.com.br\/#organization\",\"name\":\"Jornal Fatos e Not\u00edcias\",\"url\":\"https:\/\/jornalfatosenoticias.com.br\/\",\"logo\":{\"@type\":\"ImageObject\",\"inLanguage\":\"pt-BR\",\"@id\":\"https:\/\/jornalfatosenoticias.com.br\/#\/schema\/logo\/image\/\",\"url\":\"https:\/\/jornalfatosenoticias.com.br\/wp-content\/uploads\/2020\/02\/logo120.png\",\"contentUrl\":\"https:\/\/jornalfatosenoticias.com.br\/wp-content\/uploads\/2020\/02\/logo120.png\",\"width\":1227,\"height\":120,\"caption\":\"Jornal Fatos e Not\u00edcias\"},\"image\":{\"@id\":\"https:\/\/jornalfatosenoticias.com.br\/#\/schema\/logo\/image\/\"}},{\"@type\":\"Person\",\"@id\":\"https:\/\/jornalfatosenoticias.com.br\/#\/schema\/person\/05c46cc25b42a5c27e004fb0fa6b4965\",\"name\":\"Haroldo Filho\",\"image\":{\"@type\":\"ImageObject\",\"inLanguage\":\"pt-BR\",\"@id\":\"https:\/\/jornalfatosenoticias.com.br\/#\/schema\/person\/image\/\",\"url\":\"https:\/\/jornalfatosenoticias.com.br\/wp-content\/uploads\/2025\/08\/WhatsApp-Image-2025-08-18-at-15.30.28-150x150.jpeg\",\"contentUrl\":\"https:\/\/jornalfatosenoticias.com.br\/wp-content\/uploads\/2025\/08\/WhatsApp-Image-2025-08-18-at-15.30.28-150x150.jpeg\",\"caption\":\"Haroldo Filho\"},\"description\":\"Jornalista \u2013 DRT: 0003818\/ES Coordenador-geral da ONG Educar para Crescer\",\"url\":\"https:\/\/jornalfatosenoticias.com.br\/index.php\/author\/haroldo\/\"}]}<\/script>\n<!-- \/ Yoast SEO plugin. -->","yoast_head_json":{"title":"A Semana em Bras\u00edlia e no ES \u2014 Sil\u00eancio perante as devastadoras queimadas na Amaz\u00f4nia em 2023 chama a aten\u00e7\u00e3o - Jornal Fatos e Not\u00edcias","robots":{"index":"index","follow":"follow","max-snippet":"max-snippet:-1","max-image-preview":"max-image-preview:large","max-video-preview":"max-video-preview:-1"},"canonical":"https:\/\/jornalfatosenoticias.com.br\/index.php\/2023\/11\/09\/a-semana-em-brasilia-e-no-es-silencio-perante-as-devastadoras-queimadas-na-amazonia-em-2023-chama-a-atencao\/","og_locale":"pt_BR","og_type":"article","og_title":"A Semana em Bras\u00edlia e no ES \u2014 Sil\u00eancio perante as devastadoras queimadas na Amaz\u00f4nia em 2023 chama a aten\u00e7\u00e3o - Jornal Fatos e Not\u00edcias","og_description":"Por Raul Holderf NascimentoNeste ano de 2023, a Amaz\u00f4nia enfrenta uma das piores temporadas de queimadas das \u00faltimas d\u00e9cadas, um problema que mereceria aten\u00e7\u00e3o urgente e a\u00e7\u00e3o conjunta para combater o desastre ambiental. No entanto, o que elemento chama a aten\u00e7\u00e3o n\u00e3o \u00e9 apenas a magnitude do inc\u00eandio, mas o sil\u00eancio ensurdecedor que parece permear [&hellip;]","og_url":"https:\/\/jornalfatosenoticias.com.br\/index.php\/2023\/11\/09\/a-semana-em-brasilia-e-no-es-silencio-perante-as-devastadoras-queimadas-na-amazonia-em-2023-chama-a-atencao\/","og_site_name":"Jornal Fatos e Not\u00edcias","article_published_time":"2023-11-09T16:38:17+00:00","article_modified_time":"2023-11-09T16:38:19+00:00","og_image":[{"width":612,"height":408,"url":"https:\/\/jornalfatosenoticias.com.br\/wp-content\/uploads\/2023\/11\/queimadas-na-Amazonia.jpg","type":"image\/jpeg"}],"author":"Haroldo Filho","twitter_card":"summary_large_image","twitter_misc":{"Escrito por":"Haroldo Filho","Est. tempo de leitura":"10 minutos"},"schema":{"@context":"https:\/\/schema.org","@graph":[{"@type":"Article","@id":"https:\/\/jornalfatosenoticias.com.br\/index.php\/2023\/11\/09\/a-semana-em-brasilia-e-no-es-silencio-perante-as-devastadoras-queimadas-na-amazonia-em-2023-chama-a-atencao\/#article","isPartOf":{"@id":"https:\/\/jornalfatosenoticias.com.br\/index.php\/2023\/11\/09\/a-semana-em-brasilia-e-no-es-silencio-perante-as-devastadoras-queimadas-na-amazonia-em-2023-chama-a-atencao\/"},"author":{"name":"Haroldo Filho","@id":"https:\/\/jornalfatosenoticias.com.br\/#\/schema\/person\/05c46cc25b42a5c27e004fb0fa6b4965"},"headline":"A Semana em Bras\u00edlia e no ES \u2014 Sil\u00eancio perante as devastadoras queimadas na Amaz\u00f4nia em 2023 chama a aten\u00e7\u00e3o","datePublished":"2023-11-09T16:38:17+00:00","dateModified":"2023-11-09T16:38:19+00:00","mainEntityOfPage":{"@id":"https:\/\/jornalfatosenoticias.com.br\/index.php\/2023\/11\/09\/a-semana-em-brasilia-e-no-es-silencio-perante-as-devastadoras-queimadas-na-amazonia-em-2023-chama-a-atencao\/"},"wordCount":1953,"commentCount":0,"publisher":{"@id":"https:\/\/jornalfatosenoticias.com.br\/#organization"},"image":{"@id":"https:\/\/jornalfatosenoticias.com.br\/index.php\/2023\/11\/09\/a-semana-em-brasilia-e-no-es-silencio-perante-as-devastadoras-queimadas-na-amazonia-em-2023-chama-a-atencao\/#primaryimage"},"thumbnailUrl":"https:\/\/jornalfatosenoticias.com.br\/wp-content\/uploads\/2023\/11\/queimadas-na-Amazonia.jpg","keywords":["amaz\u00f4nia","criminalidade","governo Lula","inc\u00eandios na Amaz\u00f4nia","queimadas"],"articleSection":["Pol\u00edtica"],"inLanguage":"pt-BR","potentialAction":[{"@type":"CommentAction","name":"Comment","target":["https:\/\/jornalfatosenoticias.com.br\/index.php\/2023\/11\/09\/a-semana-em-brasilia-e-no-es-silencio-perante-as-devastadoras-queimadas-na-amazonia-em-2023-chama-a-atencao\/#respond"]}]},{"@type":"WebPage","@id":"https:\/\/jornalfatosenoticias.com.br\/index.php\/2023\/11\/09\/a-semana-em-brasilia-e-no-es-silencio-perante-as-devastadoras-queimadas-na-amazonia-em-2023-chama-a-atencao\/","url":"https:\/\/jornalfatosenoticias.com.br\/index.php\/2023\/11\/09\/a-semana-em-brasilia-e-no-es-silencio-perante-as-devastadoras-queimadas-na-amazonia-em-2023-chama-a-atencao\/","name":"A Semana em Bras\u00edlia e no ES \u2014 Sil\u00eancio perante as devastadoras queimadas na Amaz\u00f4nia em 2023 chama a aten\u00e7\u00e3o - Jornal Fatos e Not\u00edcias","isPartOf":{"@id":"https:\/\/jornalfatosenoticias.com.br\/#website"},"primaryImageOfPage":{"@id":"https:\/\/jornalfatosenoticias.com.br\/index.php\/2023\/11\/09\/a-semana-em-brasilia-e-no-es-silencio-perante-as-devastadoras-queimadas-na-amazonia-em-2023-chama-a-atencao\/#primaryimage"},"image":{"@id":"https:\/\/jornalfatosenoticias.com.br\/index.php\/2023\/11\/09\/a-semana-em-brasilia-e-no-es-silencio-perante-as-devastadoras-queimadas-na-amazonia-em-2023-chama-a-atencao\/#primaryimage"},"thumbnailUrl":"https:\/\/jornalfatosenoticias.com.br\/wp-content\/uploads\/2023\/11\/queimadas-na-Amazonia.jpg","datePublished":"2023-11-09T16:38:17+00:00","dateModified":"2023-11-09T16:38:19+00:00","breadcrumb":{"@id":"https:\/\/jornalfatosenoticias.com.br\/index.php\/2023\/11\/09\/a-semana-em-brasilia-e-no-es-silencio-perante-as-devastadoras-queimadas-na-amazonia-em-2023-chama-a-atencao\/#breadcrumb"},"inLanguage":"pt-BR","potentialAction":[{"@type":"ReadAction","target":["https:\/\/jornalfatosenoticias.com.br\/index.php\/2023\/11\/09\/a-semana-em-brasilia-e-no-es-silencio-perante-as-devastadoras-queimadas-na-amazonia-em-2023-chama-a-atencao\/"]}]},{"@type":"ImageObject","inLanguage":"pt-BR","@id":"https:\/\/jornalfatosenoticias.com.br\/index.php\/2023\/11\/09\/a-semana-em-brasilia-e-no-es-silencio-perante-as-devastadoras-queimadas-na-amazonia-em-2023-chama-a-atencao\/#primaryimage","url":"https:\/\/jornalfatosenoticias.com.br\/wp-content\/uploads\/2023\/11\/queimadas-na-Amazonia.jpg","contentUrl":"https:\/\/jornalfatosenoticias.com.br\/wp-content\/uploads\/2023\/11\/queimadas-na-Amazonia.jpg","width":612,"height":408,"caption":"Photo used to burn the forest and transoform in pasture for cattle breeding"},{"@type":"BreadcrumbList","@id":"https:\/\/jornalfatosenoticias.com.br\/index.php\/2023\/11\/09\/a-semana-em-brasilia-e-no-es-silencio-perante-as-devastadoras-queimadas-na-amazonia-em-2023-chama-a-atencao\/#breadcrumb","itemListElement":[{"@type":"ListItem","position":1,"name":"In\u00edcio","item":"https:\/\/jornalfatosenoticias.com.br\/"},{"@type":"ListItem","position":2,"name":"A Semana em Bras\u00edlia e no ES \u2014 Sil\u00eancio perante as devastadoras queimadas na Amaz\u00f4nia em 2023 chama a aten\u00e7\u00e3o"}]},{"@type":"WebSite","@id":"https:\/\/jornalfatosenoticias.com.br\/#website","url":"https:\/\/jornalfatosenoticias.com.br\/","name":"Jornal Fatos e Not\u00edcias","description":"Not\u00edcias em geral","publisher":{"@id":"https:\/\/jornalfatosenoticias.com.br\/#organization"},"potentialAction":[{"@type":"SearchAction","target":{"@type":"EntryPoint","urlTemplate":"https:\/\/jornalfatosenoticias.com.br\/?s={search_term_string}"},"query-input":{"@type":"PropertyValueSpecification","valueRequired":true,"valueName":"search_term_string"}}],"inLanguage":"pt-BR"},{"@type":"Organization","@id":"https:\/\/jornalfatosenoticias.com.br\/#organization","name":"Jornal Fatos e Not\u00edcias","url":"https:\/\/jornalfatosenoticias.com.br\/","logo":{"@type":"ImageObject","inLanguage":"pt-BR","@id":"https:\/\/jornalfatosenoticias.com.br\/#\/schema\/logo\/image\/","url":"https:\/\/jornalfatosenoticias.com.br\/wp-content\/uploads\/2020\/02\/logo120.png","contentUrl":"https:\/\/jornalfatosenoticias.com.br\/wp-content\/uploads\/2020\/02\/logo120.png","width":1227,"height":120,"caption":"Jornal Fatos e Not\u00edcias"},"image":{"@id":"https:\/\/jornalfatosenoticias.com.br\/#\/schema\/logo\/image\/"}},{"@type":"Person","@id":"https:\/\/jornalfatosenoticias.com.br\/#\/schema\/person\/05c46cc25b42a5c27e004fb0fa6b4965","name":"Haroldo Filho","image":{"@type":"ImageObject","inLanguage":"pt-BR","@id":"https:\/\/jornalfatosenoticias.com.br\/#\/schema\/person\/image\/","url":"https:\/\/jornalfatosenoticias.com.br\/wp-content\/uploads\/2025\/08\/WhatsApp-Image-2025-08-18-at-15.30.28-150x150.jpeg","contentUrl":"https:\/\/jornalfatosenoticias.com.br\/wp-content\/uploads\/2025\/08\/WhatsApp-Image-2025-08-18-at-15.30.28-150x150.jpeg","caption":"Haroldo Filho"},"description":"Jornalista \u2013 DRT: 0003818\/ES Coordenador-geral da ONG Educar para Crescer","url":"https:\/\/jornalfatosenoticias.com.br\/index.php\/author\/haroldo\/"}]}},"cc_featured_image_caption":{"caption_text":"(Foto: iStock) \r\n","source_text":"","source_url":""},"jetpack_featured_media_url":"https:\/\/jornalfatosenoticias.com.br\/wp-content\/uploads\/2023\/11\/queimadas-na-Amazonia.jpg","_links":{"self":[{"href":"https:\/\/jornalfatosenoticias.com.br\/index.php\/wp-json\/wp\/v2\/posts\/46795","targetHints":{"allow":["GET"]}}],"collection":[{"href":"https:\/\/jornalfatosenoticias.com.br\/index.php\/wp-json\/wp\/v2\/posts"}],"about":[{"href":"https:\/\/jornalfatosenoticias.com.br\/index.php\/wp-json\/wp\/v2\/types\/post"}],"author":[{"embeddable":true,"href":"https:\/\/jornalfatosenoticias.com.br\/index.php\/wp-json\/wp\/v2\/users\/3"}],"replies":[{"embeddable":true,"href":"https:\/\/jornalfatosenoticias.com.br\/index.php\/wp-json\/wp\/v2\/comments?post=46795"}],"version-history":[{"count":0,"href":"https:\/\/jornalfatosenoticias.com.br\/index.php\/wp-json\/wp\/v2\/posts\/46795\/revisions"}],"wp:featuredmedia":[{"embeddable":true,"href":"https:\/\/jornalfatosenoticias.com.br\/index.php\/wp-json\/wp\/v2\/media\/46805"}],"wp:attachment":[{"href":"https:\/\/jornalfatosenoticias.com.br\/index.php\/wp-json\/wp\/v2\/media?parent=46795"}],"wp:term":[{"taxonomy":"category","embeddable":true,"href":"https:\/\/jornalfatosenoticias.com.br\/index.php\/wp-json\/wp\/v2\/categories?post=46795"},{"taxonomy":"post_tag","embeddable":true,"href":"https:\/\/jornalfatosenoticias.com.br\/index.php\/wp-json\/wp\/v2\/tags?post=46795"}],"curies":[{"name":"wp","href":"https:\/\/api.w.org\/{rel}","templated":true}]}}