{"id":46831,"date":"2023-11-10T15:37:47","date_gmt":"2023-11-10T18:37:47","guid":{"rendered":"https:\/\/jornalfatosenoticias.com.br\/?p=46831"},"modified":"2023-11-10T15:37:48","modified_gmt":"2023-11-10T18:37:48","slug":"genoma-do-rinoceronte-lanudo-e-reconstruido-pela-primeira-vez-na-historia","status":"publish","type":"post","link":"https:\/\/jornalfatosenoticias.com.br\/index.php\/2023\/11\/10\/genoma-do-rinoceronte-lanudo-e-reconstruido-pela-primeira-vez-na-historia\/","title":{"rendered":"Genoma do rinoceronte-lanudo \u00e9 reconstru\u00eddo pela primeira vez na hist\u00f3ria"},"content":{"rendered":"\n<p><em><span class=\"has-inline-color has-black-color\">Descobertas revelam informa\u00e7\u00f5es sobre esp\u00e9cies extintas e podem ter relev\u00e2ncia para crise clim\u00e1tica<\/span><\/em><\/p>\n\n\n\n<p><span class=\"has-inline-color has-black-color\">Por <strong><a href=\"https:\/\/olhardigital.com.br\/author\/rodrigo-mozelli\/\">Rodrigo Mozelli<\/a><\/strong><\/span><\/p>\n\n\n\n<div class=\"wp-block-image\"><figure class=\"aligncenter size-large is-resized\"><img loading=\"lazy\" decoding=\"async\" src=\"https:\/\/jornalfatosenoticias.com.br\/wp-content\/uploads\/2023\/09\/vetorvix1024_1.jpg\" alt=\"\" class=\"wp-image-44868\" width=\"397\" height=\"105\" srcset=\"https:\/\/jornalfatosenoticias.com.br\/wp-content\/uploads\/2023\/09\/vetorvix1024_1.jpg 1024w, https:\/\/jornalfatosenoticias.com.br\/wp-content\/uploads\/2023\/09\/vetorvix1024_1-300x80.jpg 300w, https:\/\/jornalfatosenoticias.com.br\/wp-content\/uploads\/2023\/09\/vetorvix1024_1-768x205.jpg 768w\" sizes=\"auto, (max-width: 397px) 100vw, 397px\" \/><\/figure><\/div>\n\n\n\n<p>Foi reconstru\u00eddo, pela primeira vez na hist\u00f3ria, o genoma mitocondrial de um rinoceronte-lanudo europeu. O <a href=\"https:\/\/olhardigital.com.br\/2023\/10\/13\/medicina-e-saude\/cientistas-alteram-o-dna-de-galinhas-para-combater-a-gripe-aviaria\/\" target=\"_blank\" rel=\"noreferrer noopener\">DNA<\/a>\u00a0dos animais j\u00e1 extintos foi extra\u00eddo de fezes fossilizadas de hienas da caverna encontradas na\u00a0<a href=\"https:\/\/olhardigital.com.br\/2023\/10\/10\/carros-e-tecnologia\/drone-entrega-mercadorias-para-regioes-afastadas-na-alemanha-veja\/\" target=\"_blank\" rel=\"noreferrer noopener\">Alemanha<\/a>, revelando novas informa\u00e7\u00f5es sobre ambas as esp\u00e9cies.<br>O rinoceronte-lanudo (<em>Coelodonta antiquitatis<\/em>) vagou pela <a href=\"https:\/\/olhardigital.com.br\/2022\/02\/22\/ciencia-e-espaco\/continente-esquecido-revela-muito-sobre-a-evolucao-dos-mamiferos-na-eurasia\/\" target=\"_blank\" rel=\"noreferrer noopener\">Eur\u00e1sia<\/a>\u00a0no per\u00edodo Pleistoceno at\u00e9 sua extin\u00e7\u00e3o h\u00e1 cerca de dez mil anos. V\u00e1rios esp\u00e9cimes foram recuperados desde ent\u00e3o, mas, at\u00e9 agora, nenhum genoma das popula\u00e7\u00f5es europeias estava dispon\u00edvel \u2014 todos os dados\u00a0<a href=\"https:\/\/olhardigital.com.br\/2023\/08\/23\/ciencia-e-espaco\/genoma-humano-e-sequenciado-por-completo-com-cromossomo-y\/\" target=\"_blank\" rel=\"noreferrer noopener\">gen\u00f4micos<\/a> vieram, em vez disso, de rinocerontes lanudos siberianos \u2014 algo que intrigou os pesquisadores.<br>Para corrigir isso, Peter Seeber, um dos autores de um estudo que apresenta as \u00faltimas descobertas, e seus colegas, recorreram a copr\u00f3litos, tamb\u00e9m conhecidos como fezes fossilizadas. Embora pare\u00e7a \u201cnojento\u201d, as fezes pr\u00e9-hist\u00f3ricas s\u00e3o, na verdade, uma ferramenta valiosa no arsenal de um paleont\u00f3logo, oferecendo vislumbre raro da gen\u00e9tica das criaturas curiosas do mundo antigo.<\/p>\n\n\n\n<div class=\"wp-block-image\"><figure class=\"aligncenter size-large is-resized\"><img loading=\"lazy\" decoding=\"async\" src=\"https:\/\/jornalfatosenoticias.com.br\/wp-content\/uploads\/2020\/02\/casa-do-torresmo_portal.jpg\" alt=\"\" class=\"wp-image-34472\" width=\"253\" height=\"253\" srcset=\"https:\/\/jornalfatosenoticias.com.br\/wp-content\/uploads\/2020\/02\/casa-do-torresmo_portal.jpg 300w, https:\/\/jornalfatosenoticias.com.br\/wp-content\/uploads\/2020\/02\/casa-do-torresmo_portal-150x150.jpg 150w\" sizes=\"auto, (max-width: 253px) 100vw, 253px\" \/><\/figure><\/div>\n\n\n\n<h4 class=\"wp-block-heading\"><span class=\"has-inline-color has-black-color\">Montando o genoma do rinoceronte lanudo<\/span><\/h4>\n\n\n\n<ul class=\"wp-block-list\"><li>Nesse caso, a equipe analisou o excremento da hiena da caverna extinta (<em>Crocuta crocuta spelaea<\/em>), que se alimentava de rinocerontes-lanudos;<\/li><li>Ao fazer isso, eles isolaram o DNA dos rinocerontes-lanudos europeus e conseguiram montar genoma mitocondrial \u2014 algo que nunca havia sido feito antes;<\/li><li>Os genomas mitocondriais, ou mitogenomas, s\u00e3o as informa\u00e7\u00f5es gen\u00e9ticas encontradas dentro das mitoc\u00f4ndrias, a famosa \u201cusina de energia da c\u00e9lula\u201d;<\/li><li>Eles s\u00e3o herdados da m\u00e3e de um organismo e s\u00e3o mais resistentes \u00e0 degrada\u00e7\u00e3o do que o DNA nuclear, o que significa que s\u00e3o incrivelmente \u00fateis quando se trata de rastrear a ancestralidade.<\/li><\/ul>\n\n\n\n<div class=\"wp-block-image\"><figure class=\"aligncenter size-large is-resized\"><img loading=\"lazy\" decoding=\"async\" src=\"https:\/\/jornalfatosenoticias.com.br\/wp-content\/uploads\/2023\/03\/nova-logo-Marquetti.jpg\" alt=\"\" class=\"wp-image-40207\" width=\"307\" height=\"206\" srcset=\"https:\/\/jornalfatosenoticias.com.br\/wp-content\/uploads\/2023\/03\/nova-logo-Marquetti.jpg 643w, https:\/\/jornalfatosenoticias.com.br\/wp-content\/uploads\/2023\/03\/nova-logo-Marquetti-300x202.jpg 300w\" sizes=\"auto, (max-width: 307px) 100vw, 307px\" \/><\/figure><\/div>\n\n\n\n<p>Segundo o <em><a href=\"https:\/\/www.iflscience.com\/ice-age-woolly-rhino-genome-reconstructed-from-fossilized-hyena-poop-71381\" target=\"_blank\" rel=\"noreferrer noopener\">IFL Sciencce<\/a><\/em>, al\u00e9m de montar mitogenomas de rinocerontes-lanudos, a equipe reconstruiu mitogenomas de hienas da caverna, permitindo-nos vis\u00e3o das din\u00e2micas populacionais de ambas as esp\u00e9cies. A ocorr\u00eancia de variabilidade nas linhagens mitocondriais dos rinocerontes-lanudos indica que as din\u00e2micas populacionais em sua vasta regi\u00e3o podem ter sido muito complexas.<br>Embora as sequ\u00eancias de DNA recuperadas mostrem sinais de consider\u00e1vel degrada\u00e7\u00e3o, possivelmente limitando suas conclus\u00f5es, os autores acreditam que podem ter encontrado evid\u00eancias de divis\u00e3o populacional h\u00e1 cerca de 450 mil anos.<\/p>\n\n\n\n<div class=\"wp-block-image\"><figure class=\"aligncenter size-large is-resized\"><img loading=\"lazy\" decoding=\"async\" src=\"https:\/\/jornalfatosenoticias.com.br\/wp-content\/uploads\/2023\/08\/ITH.jpeg\" alt=\"\" class=\"wp-image-44638\" width=\"323\" height=\"262\" srcset=\"https:\/\/jornalfatosenoticias.com.br\/wp-content\/uploads\/2023\/08\/ITH.jpeg 800w, https:\/\/jornalfatosenoticias.com.br\/wp-content\/uploads\/2023\/08\/ITH-300x244.jpeg 300w, https:\/\/jornalfatosenoticias.com.br\/wp-content\/uploads\/2023\/08\/ITH-768x624.jpeg 768w\" sizes=\"auto, (max-width: 323px) 100vw, 323px\" \/><\/figure><\/div>\n\n\n\n<p>Os mitogenomas dos rinocerontes-lanudos europeus s\u00e3o distintos da popula\u00e7\u00e3o siberiana, sugerindo diverg\u00eancia entre as duas popula\u00e7\u00f5es no momento em que o rinoceronte-lanudo aparece nos registros f\u00f3sseis na Europa.<\/p>\n\n\n\n<blockquote class=\"wp-block-quote is-layout-flow wp-block-quote-is-layout-flow\"><p><span class=\"has-inline-color has-luminous-vivid-orange-color\">As descobertas fornecem oportunidade \u00fanica de olhar para tr\u00e1s e aprender sobre o passado antigo, mas tamb\u00e9m podem ter relev\u00e2ncia hoje, especialmente diante da atual crise clim\u00e1tica&#8221;, disse Seeber. <\/span><\/p><\/blockquote>\n\n\n\n<div class=\"wp-block-image\"><figure class=\"aligncenter size-large\"><img decoding=\"async\" src=\"https:\/\/jornalfatosenoticias.com.br\/wp-content\/uploads\/2020\/02\/logo_esteio.jpg\" alt=\"\" class=\"wp-image-1214\"\/><\/figure><\/div>\n\n\n\n<blockquote class=\"wp-block-quote is-layout-flow wp-block-quote-is-layout-flow\"><p><span class=\"has-inline-color has-luminous-vivid-orange-color\">Informa\u00e7\u00f5es sobre as din\u00e2micas populacionais de subesp\u00e9cies extintas provavelmente devido a mudan\u00e7as clim\u00e1ticas podem ajudar a prever futuros desenvolvimentos e o destino das popula\u00e7\u00f5es de vida selvagem existentes\u201d.<\/span><\/p><\/blockquote>\n\n\n\n<div class=\"wp-block-image\"><figure class=\"aligncenter size-large is-resized\"><img loading=\"lazy\" decoding=\"async\" src=\"https:\/\/jornalfatosenoticias.com.br\/wp-content\/uploads\/2023\/07\/lacremoda.jpg\" alt=\"\" class=\"wp-image-43706\" width=\"363\" height=\"203\" srcset=\"https:\/\/jornalfatosenoticias.com.br\/wp-content\/uploads\/2023\/07\/lacremoda.jpg 1024w, https:\/\/jornalfatosenoticias.com.br\/wp-content\/uploads\/2023\/07\/lacremoda-300x168.jpg 300w, https:\/\/jornalfatosenoticias.com.br\/wp-content\/uploads\/2023\/07\/lacremoda-768x431.jpg 768w\" sizes=\"auto, (max-width: 363px) 100vw, 363px\" \/><\/figure><\/div>\n\n\n\n<p>O estudo foi publicado no\u00a0<em><a href=\"https:\/\/royalsocietypublishing.org\/doi\/10.1098\/rsbl.2023.0343https:\/\/www.iflscience.com\/ice-age-woolly-rhino-genome-reconstructed-from-fossilized-hyena-poop-71381\" target=\"_blank\" rel=\"noreferrer noopener\">Biology Letters<\/a><\/em>.<\/p>\n\n\n\n<p><strong><em>Fonte: <a href=\"https:\/\/olhardigital.com.br\/2023\/11\/02\/ciencia-e-espaco\/genoma-do-rinoceronte-lanudo-e-reconstruido-pela-primeira-vez-na-historia\/\">Olhar Digital<\/a><\/em><\/strong><\/p>\n","protected":false},"excerpt":{"rendered":"<p>Descobertas revelam informa\u00e7\u00f5es sobre esp\u00e9cies extintas e podem ter relev\u00e2ncia para crise clim\u00e1tica Por Rodrigo Mozelli Foi reconstru\u00eddo, pela primeira vez na hist\u00f3ria, o genoma mitocondrial de um rinoceronte-lanudo europeu. O DNA\u00a0dos animais j\u00e1 extintos foi extra\u00eddo de fezes fossilizadas de hienas da caverna encontradas na\u00a0Alemanha, revelando novas informa\u00e7\u00f5es sobre ambas as esp\u00e9cies.O rinoceronte-lanudo (Coelodonta [&hellip;]<\/p>\n","protected":false},"author":2,"featured_media":46832,"comment_status":"open","ping_status":"open","sticky":false,"template":"","format":"standard","meta":{"footnotes":""},"categories":[2],"tags":[809,5609,2046,4543],"class_list":["post-46831","post","type-post","status-publish","format-standard","has-post-thumbnail","hentry","category-ciencia","tag-crise-climatica","tag-especies-extintas","tag-genoma","tag-rinoceronte-lanudo"],"yoast_head":"<!-- This site is optimized with the Yoast SEO plugin v26.5 - https:\/\/yoast.com\/wordpress\/plugins\/seo\/ -->\n<title>Genoma do rinoceronte-lanudo \u00e9 reconstru\u00eddo pela primeira vez na hist\u00f3ria - Jornal Fatos e Not\u00edcias<\/title>\n<meta name=\"robots\" content=\"index, follow, max-snippet:-1, max-image-preview:large, max-video-preview:-1\" \/>\n<link rel=\"canonical\" href=\"https:\/\/jornalfatosenoticias.com.br\/index.php\/2023\/11\/10\/genoma-do-rinoceronte-lanudo-e-reconstruido-pela-primeira-vez-na-historia\/\" \/>\n<meta property=\"og:locale\" content=\"pt_BR\" \/>\n<meta property=\"og:type\" content=\"article\" \/>\n<meta property=\"og:title\" content=\"Genoma do rinoceronte-lanudo \u00e9 reconstru\u00eddo pela primeira vez na hist\u00f3ria - Jornal Fatos e Not\u00edcias\" \/>\n<meta property=\"og:description\" content=\"Descobertas revelam informa\u00e7\u00f5es sobre esp\u00e9cies extintas e podem ter relev\u00e2ncia para crise clim\u00e1tica Por Rodrigo Mozelli Foi reconstru\u00eddo, pela primeira vez na hist\u00f3ria, o genoma mitocondrial de um rinoceronte-lanudo europeu. O DNA\u00a0dos animais j\u00e1 extintos foi extra\u00eddo de fezes fossilizadas de hienas da caverna encontradas na\u00a0Alemanha, revelando novas informa\u00e7\u00f5es sobre ambas as esp\u00e9cies.O rinoceronte-lanudo (Coelodonta [&hellip;]\" \/>\n<meta property=\"og:url\" content=\"https:\/\/jornalfatosenoticias.com.br\/index.php\/2023\/11\/10\/genoma-do-rinoceronte-lanudo-e-reconstruido-pela-primeira-vez-na-historia\/\" \/>\n<meta property=\"og:site_name\" content=\"Jornal Fatos e Not\u00edcias\" \/>\n<meta property=\"article:published_time\" content=\"2023-11-10T18:37:47+00:00\" \/>\n<meta property=\"article:modified_time\" content=\"2023-11-10T18:37:48+00:00\" \/>\n<meta property=\"og:image\" content=\"https:\/\/jornalfatosenoticias.com.br\/wp-content\/uploads\/2023\/11\/rinoceronte_lanudo.jpg\" \/>\n\t<meta property=\"og:image:width\" content=\"1000\" \/>\n\t<meta property=\"og:image:height\" content=\"667\" \/>\n\t<meta property=\"og:image:type\" content=\"image\/jpeg\" \/>\n<meta name=\"author\" content=\"Luzimara Fernandes\" \/>\n<meta name=\"twitter:card\" content=\"summary_large_image\" \/>\n<meta name=\"twitter:label1\" content=\"Escrito por\" \/>\n\t<meta name=\"twitter:data1\" content=\"Luzimara Fernandes\" \/>\n\t<meta name=\"twitter:label2\" content=\"Est. tempo de leitura\" \/>\n\t<meta name=\"twitter:data2\" content=\"3 minutos\" \/>\n<script type=\"application\/ld+json\" class=\"yoast-schema-graph\">{\"@context\":\"https:\/\/schema.org\",\"@graph\":[{\"@type\":\"Article\",\"@id\":\"https:\/\/jornalfatosenoticias.com.br\/index.php\/2023\/11\/10\/genoma-do-rinoceronte-lanudo-e-reconstruido-pela-primeira-vez-na-historia\/#article\",\"isPartOf\":{\"@id\":\"https:\/\/jornalfatosenoticias.com.br\/index.php\/2023\/11\/10\/genoma-do-rinoceronte-lanudo-e-reconstruido-pela-primeira-vez-na-historia\/\"},\"author\":{\"name\":\"Luzimara Fernandes\",\"@id\":\"https:\/\/jornalfatosenoticias.com.br\/#\/schema\/person\/d63837fa13ac8666eb9e74e0985d6f81\"},\"headline\":\"Genoma do rinoceronte-lanudo \u00e9 reconstru\u00eddo pela primeira vez na hist\u00f3ria\",\"datePublished\":\"2023-11-10T18:37:47+00:00\",\"dateModified\":\"2023-11-10T18:37:48+00:00\",\"mainEntityOfPage\":{\"@id\":\"https:\/\/jornalfatosenoticias.com.br\/index.php\/2023\/11\/10\/genoma-do-rinoceronte-lanudo-e-reconstruido-pela-primeira-vez-na-historia\/\"},\"wordCount\":513,\"commentCount\":0,\"publisher\":{\"@id\":\"https:\/\/jornalfatosenoticias.com.br\/#organization\"},\"image\":{\"@id\":\"https:\/\/jornalfatosenoticias.com.br\/index.php\/2023\/11\/10\/genoma-do-rinoceronte-lanudo-e-reconstruido-pela-primeira-vez-na-historia\/#primaryimage\"},\"thumbnailUrl\":\"https:\/\/jornalfatosenoticias.com.br\/wp-content\/uploads\/2023\/11\/rinoceronte_lanudo.jpg\",\"keywords\":[\"crise clim\u00e1tica\",\"esp\u00e9cies extintas\",\"genoma\",\"rinoceronte-lanudo\"],\"articleSection\":[\"Ci\u00eancia\"],\"inLanguage\":\"pt-BR\",\"potentialAction\":[{\"@type\":\"CommentAction\",\"name\":\"Comment\",\"target\":[\"https:\/\/jornalfatosenoticias.com.br\/index.php\/2023\/11\/10\/genoma-do-rinoceronte-lanudo-e-reconstruido-pela-primeira-vez-na-historia\/#respond\"]}]},{\"@type\":\"WebPage\",\"@id\":\"https:\/\/jornalfatosenoticias.com.br\/index.php\/2023\/11\/10\/genoma-do-rinoceronte-lanudo-e-reconstruido-pela-primeira-vez-na-historia\/\",\"url\":\"https:\/\/jornalfatosenoticias.com.br\/index.php\/2023\/11\/10\/genoma-do-rinoceronte-lanudo-e-reconstruido-pela-primeira-vez-na-historia\/\",\"name\":\"Genoma do rinoceronte-lanudo \u00e9 reconstru\u00eddo pela primeira vez na hist\u00f3ria - Jornal Fatos e Not\u00edcias\",\"isPartOf\":{\"@id\":\"https:\/\/jornalfatosenoticias.com.br\/#website\"},\"primaryImageOfPage\":{\"@id\":\"https:\/\/jornalfatosenoticias.com.br\/index.php\/2023\/11\/10\/genoma-do-rinoceronte-lanudo-e-reconstruido-pela-primeira-vez-na-historia\/#primaryimage\"},\"image\":{\"@id\":\"https:\/\/jornalfatosenoticias.com.br\/index.php\/2023\/11\/10\/genoma-do-rinoceronte-lanudo-e-reconstruido-pela-primeira-vez-na-historia\/#primaryimage\"},\"thumbnailUrl\":\"https:\/\/jornalfatosenoticias.com.br\/wp-content\/uploads\/2023\/11\/rinoceronte_lanudo.jpg\",\"datePublished\":\"2023-11-10T18:37:47+00:00\",\"dateModified\":\"2023-11-10T18:37:48+00:00\",\"breadcrumb\":{\"@id\":\"https:\/\/jornalfatosenoticias.com.br\/index.php\/2023\/11\/10\/genoma-do-rinoceronte-lanudo-e-reconstruido-pela-primeira-vez-na-historia\/#breadcrumb\"},\"inLanguage\":\"pt-BR\",\"potentialAction\":[{\"@type\":\"ReadAction\",\"target\":[\"https:\/\/jornalfatosenoticias.com.br\/index.php\/2023\/11\/10\/genoma-do-rinoceronte-lanudo-e-reconstruido-pela-primeira-vez-na-historia\/\"]}]},{\"@type\":\"ImageObject\",\"inLanguage\":\"pt-BR\",\"@id\":\"https:\/\/jornalfatosenoticias.com.br\/index.php\/2023\/11\/10\/genoma-do-rinoceronte-lanudo-e-reconstruido-pela-primeira-vez-na-historia\/#primaryimage\",\"url\":\"https:\/\/jornalfatosenoticias.com.br\/wp-content\/uploads\/2023\/11\/rinoceronte_lanudo.jpg\",\"contentUrl\":\"https:\/\/jornalfatosenoticias.com.br\/wp-content\/uploads\/2023\/11\/rinoceronte_lanudo.jpg\",\"width\":1000,\"height\":667},{\"@type\":\"BreadcrumbList\",\"@id\":\"https:\/\/jornalfatosenoticias.com.br\/index.php\/2023\/11\/10\/genoma-do-rinoceronte-lanudo-e-reconstruido-pela-primeira-vez-na-historia\/#breadcrumb\",\"itemListElement\":[{\"@type\":\"ListItem\",\"position\":1,\"name\":\"In\u00edcio\",\"item\":\"https:\/\/jornalfatosenoticias.com.br\/\"},{\"@type\":\"ListItem\",\"position\":2,\"name\":\"Genoma do rinoceronte-lanudo \u00e9 reconstru\u00eddo pela primeira vez na hist\u00f3ria\"}]},{\"@type\":\"WebSite\",\"@id\":\"https:\/\/jornalfatosenoticias.com.br\/#website\",\"url\":\"https:\/\/jornalfatosenoticias.com.br\/\",\"name\":\"Jornal Fatos e Not\u00edcias\",\"description\":\"Not\u00edcias em geral\",\"publisher\":{\"@id\":\"https:\/\/jornalfatosenoticias.com.br\/#organization\"},\"potentialAction\":[{\"@type\":\"SearchAction\",\"target\":{\"@type\":\"EntryPoint\",\"urlTemplate\":\"https:\/\/jornalfatosenoticias.com.br\/?s={search_term_string}\"},\"query-input\":{\"@type\":\"PropertyValueSpecification\",\"valueRequired\":true,\"valueName\":\"search_term_string\"}}],\"inLanguage\":\"pt-BR\"},{\"@type\":\"Organization\",\"@id\":\"https:\/\/jornalfatosenoticias.com.br\/#organization\",\"name\":\"Jornal Fatos e Not\u00edcias\",\"url\":\"https:\/\/jornalfatosenoticias.com.br\/\",\"logo\":{\"@type\":\"ImageObject\",\"inLanguage\":\"pt-BR\",\"@id\":\"https:\/\/jornalfatosenoticias.com.br\/#\/schema\/logo\/image\/\",\"url\":\"https:\/\/jornalfatosenoticias.com.br\/wp-content\/uploads\/2020\/02\/logo120.png\",\"contentUrl\":\"https:\/\/jornalfatosenoticias.com.br\/wp-content\/uploads\/2020\/02\/logo120.png\",\"width\":1227,\"height\":120,\"caption\":\"Jornal Fatos e Not\u00edcias\"},\"image\":{\"@id\":\"https:\/\/jornalfatosenoticias.com.br\/#\/schema\/logo\/image\/\"}},{\"@type\":\"Person\",\"@id\":\"https:\/\/jornalfatosenoticias.com.br\/#\/schema\/person\/d63837fa13ac8666eb9e74e0985d6f81\",\"name\":\"Luzimara Fernandes\",\"image\":{\"@type\":\"ImageObject\",\"inLanguage\":\"pt-BR\",\"@id\":\"https:\/\/jornalfatosenoticias.com.br\/#\/schema\/person\/image\/\",\"url\":\"https:\/\/jornalfatosenoticias.com.br\/wp-content\/uploads\/2025\/05\/EU_portal.jpg\",\"contentUrl\":\"https:\/\/jornalfatosenoticias.com.br\/wp-content\/uploads\/2025\/05\/EU_portal.jpg\",\"caption\":\"Luzimara Fernandes\"},\"description\":\"Jornalista MTB 2358-ES\",\"sameAs\":[\"https:\/\/jornalfatosenoticias.com.br\"],\"url\":\"https:\/\/jornalfatosenoticias.com.br\/index.php\/author\/luzimara\/\"}]}<\/script>\n<!-- \/ Yoast SEO plugin. -->","yoast_head_json":{"title":"Genoma do rinoceronte-lanudo \u00e9 reconstru\u00eddo pela primeira vez na hist\u00f3ria - Jornal Fatos e Not\u00edcias","robots":{"index":"index","follow":"follow","max-snippet":"max-snippet:-1","max-image-preview":"max-image-preview:large","max-video-preview":"max-video-preview:-1"},"canonical":"https:\/\/jornalfatosenoticias.com.br\/index.php\/2023\/11\/10\/genoma-do-rinoceronte-lanudo-e-reconstruido-pela-primeira-vez-na-historia\/","og_locale":"pt_BR","og_type":"article","og_title":"Genoma do rinoceronte-lanudo \u00e9 reconstru\u00eddo pela primeira vez na hist\u00f3ria - Jornal Fatos e Not\u00edcias","og_description":"Descobertas revelam informa\u00e7\u00f5es sobre esp\u00e9cies extintas e podem ter relev\u00e2ncia para crise clim\u00e1tica Por Rodrigo Mozelli Foi reconstru\u00eddo, pela primeira vez na hist\u00f3ria, o genoma mitocondrial de um rinoceronte-lanudo europeu. O DNA\u00a0dos animais j\u00e1 extintos foi extra\u00eddo de fezes fossilizadas de hienas da caverna encontradas na\u00a0Alemanha, revelando novas informa\u00e7\u00f5es sobre ambas as esp\u00e9cies.O rinoceronte-lanudo (Coelodonta [&hellip;]","og_url":"https:\/\/jornalfatosenoticias.com.br\/index.php\/2023\/11\/10\/genoma-do-rinoceronte-lanudo-e-reconstruido-pela-primeira-vez-na-historia\/","og_site_name":"Jornal Fatos e Not\u00edcias","article_published_time":"2023-11-10T18:37:47+00:00","article_modified_time":"2023-11-10T18:37:48+00:00","og_image":[{"width":1000,"height":667,"url":"https:\/\/jornalfatosenoticias.com.br\/wp-content\/uploads\/2023\/11\/rinoceronte_lanudo.jpg","type":"image\/jpeg"}],"author":"Luzimara Fernandes","twitter_card":"summary_large_image","twitter_misc":{"Escrito por":"Luzimara Fernandes","Est. tempo de leitura":"3 minutos"},"schema":{"@context":"https:\/\/schema.org","@graph":[{"@type":"Article","@id":"https:\/\/jornalfatosenoticias.com.br\/index.php\/2023\/11\/10\/genoma-do-rinoceronte-lanudo-e-reconstruido-pela-primeira-vez-na-historia\/#article","isPartOf":{"@id":"https:\/\/jornalfatosenoticias.com.br\/index.php\/2023\/11\/10\/genoma-do-rinoceronte-lanudo-e-reconstruido-pela-primeira-vez-na-historia\/"},"author":{"name":"Luzimara Fernandes","@id":"https:\/\/jornalfatosenoticias.com.br\/#\/schema\/person\/d63837fa13ac8666eb9e74e0985d6f81"},"headline":"Genoma do rinoceronte-lanudo \u00e9 reconstru\u00eddo pela primeira vez na hist\u00f3ria","datePublished":"2023-11-10T18:37:47+00:00","dateModified":"2023-11-10T18:37:48+00:00","mainEntityOfPage":{"@id":"https:\/\/jornalfatosenoticias.com.br\/index.php\/2023\/11\/10\/genoma-do-rinoceronte-lanudo-e-reconstruido-pela-primeira-vez-na-historia\/"},"wordCount":513,"commentCount":0,"publisher":{"@id":"https:\/\/jornalfatosenoticias.com.br\/#organization"},"image":{"@id":"https:\/\/jornalfatosenoticias.com.br\/index.php\/2023\/11\/10\/genoma-do-rinoceronte-lanudo-e-reconstruido-pela-primeira-vez-na-historia\/#primaryimage"},"thumbnailUrl":"https:\/\/jornalfatosenoticias.com.br\/wp-content\/uploads\/2023\/11\/rinoceronte_lanudo.jpg","keywords":["crise clim\u00e1tica","esp\u00e9cies extintas","genoma","rinoceronte-lanudo"],"articleSection":["Ci\u00eancia"],"inLanguage":"pt-BR","potentialAction":[{"@type":"CommentAction","name":"Comment","target":["https:\/\/jornalfatosenoticias.com.br\/index.php\/2023\/11\/10\/genoma-do-rinoceronte-lanudo-e-reconstruido-pela-primeira-vez-na-historia\/#respond"]}]},{"@type":"WebPage","@id":"https:\/\/jornalfatosenoticias.com.br\/index.php\/2023\/11\/10\/genoma-do-rinoceronte-lanudo-e-reconstruido-pela-primeira-vez-na-historia\/","url":"https:\/\/jornalfatosenoticias.com.br\/index.php\/2023\/11\/10\/genoma-do-rinoceronte-lanudo-e-reconstruido-pela-primeira-vez-na-historia\/","name":"Genoma do rinoceronte-lanudo \u00e9 reconstru\u00eddo pela primeira vez na hist\u00f3ria - Jornal Fatos e Not\u00edcias","isPartOf":{"@id":"https:\/\/jornalfatosenoticias.com.br\/#website"},"primaryImageOfPage":{"@id":"https:\/\/jornalfatosenoticias.com.br\/index.php\/2023\/11\/10\/genoma-do-rinoceronte-lanudo-e-reconstruido-pela-primeira-vez-na-historia\/#primaryimage"},"image":{"@id":"https:\/\/jornalfatosenoticias.com.br\/index.php\/2023\/11\/10\/genoma-do-rinoceronte-lanudo-e-reconstruido-pela-primeira-vez-na-historia\/#primaryimage"},"thumbnailUrl":"https:\/\/jornalfatosenoticias.com.br\/wp-content\/uploads\/2023\/11\/rinoceronte_lanudo.jpg","datePublished":"2023-11-10T18:37:47+00:00","dateModified":"2023-11-10T18:37:48+00:00","breadcrumb":{"@id":"https:\/\/jornalfatosenoticias.com.br\/index.php\/2023\/11\/10\/genoma-do-rinoceronte-lanudo-e-reconstruido-pela-primeira-vez-na-historia\/#breadcrumb"},"inLanguage":"pt-BR","potentialAction":[{"@type":"ReadAction","target":["https:\/\/jornalfatosenoticias.com.br\/index.php\/2023\/11\/10\/genoma-do-rinoceronte-lanudo-e-reconstruido-pela-primeira-vez-na-historia\/"]}]},{"@type":"ImageObject","inLanguage":"pt-BR","@id":"https:\/\/jornalfatosenoticias.com.br\/index.php\/2023\/11\/10\/genoma-do-rinoceronte-lanudo-e-reconstruido-pela-primeira-vez-na-historia\/#primaryimage","url":"https:\/\/jornalfatosenoticias.com.br\/wp-content\/uploads\/2023\/11\/rinoceronte_lanudo.jpg","contentUrl":"https:\/\/jornalfatosenoticias.com.br\/wp-content\/uploads\/2023\/11\/rinoceronte_lanudo.jpg","width":1000,"height":667},{"@type":"BreadcrumbList","@id":"https:\/\/jornalfatosenoticias.com.br\/index.php\/2023\/11\/10\/genoma-do-rinoceronte-lanudo-e-reconstruido-pela-primeira-vez-na-historia\/#breadcrumb","itemListElement":[{"@type":"ListItem","position":1,"name":"In\u00edcio","item":"https:\/\/jornalfatosenoticias.com.br\/"},{"@type":"ListItem","position":2,"name":"Genoma do rinoceronte-lanudo \u00e9 reconstru\u00eddo pela primeira vez na hist\u00f3ria"}]},{"@type":"WebSite","@id":"https:\/\/jornalfatosenoticias.com.br\/#website","url":"https:\/\/jornalfatosenoticias.com.br\/","name":"Jornal Fatos e Not\u00edcias","description":"Not\u00edcias em geral","publisher":{"@id":"https:\/\/jornalfatosenoticias.com.br\/#organization"},"potentialAction":[{"@type":"SearchAction","target":{"@type":"EntryPoint","urlTemplate":"https:\/\/jornalfatosenoticias.com.br\/?s={search_term_string}"},"query-input":{"@type":"PropertyValueSpecification","valueRequired":true,"valueName":"search_term_string"}}],"inLanguage":"pt-BR"},{"@type":"Organization","@id":"https:\/\/jornalfatosenoticias.com.br\/#organization","name":"Jornal Fatos e Not\u00edcias","url":"https:\/\/jornalfatosenoticias.com.br\/","logo":{"@type":"ImageObject","inLanguage":"pt-BR","@id":"https:\/\/jornalfatosenoticias.com.br\/#\/schema\/logo\/image\/","url":"https:\/\/jornalfatosenoticias.com.br\/wp-content\/uploads\/2020\/02\/logo120.png","contentUrl":"https:\/\/jornalfatosenoticias.com.br\/wp-content\/uploads\/2020\/02\/logo120.png","width":1227,"height":120,"caption":"Jornal Fatos e Not\u00edcias"},"image":{"@id":"https:\/\/jornalfatosenoticias.com.br\/#\/schema\/logo\/image\/"}},{"@type":"Person","@id":"https:\/\/jornalfatosenoticias.com.br\/#\/schema\/person\/d63837fa13ac8666eb9e74e0985d6f81","name":"Luzimara Fernandes","image":{"@type":"ImageObject","inLanguage":"pt-BR","@id":"https:\/\/jornalfatosenoticias.com.br\/#\/schema\/person\/image\/","url":"https:\/\/jornalfatosenoticias.com.br\/wp-content\/uploads\/2025\/05\/EU_portal.jpg","contentUrl":"https:\/\/jornalfatosenoticias.com.br\/wp-content\/uploads\/2025\/05\/EU_portal.jpg","caption":"Luzimara Fernandes"},"description":"Jornalista MTB 2358-ES","sameAs":["https:\/\/jornalfatosenoticias.com.br"],"url":"https:\/\/jornalfatosenoticias.com.br\/index.php\/author\/luzimara\/"}]}},"cc_featured_image_caption":{"caption_text":"(Foto: Shutterstock) ","source_text":"","source_url":""},"jetpack_featured_media_url":"https:\/\/jornalfatosenoticias.com.br\/wp-content\/uploads\/2023\/11\/rinoceronte_lanudo.jpg","_links":{"self":[{"href":"https:\/\/jornalfatosenoticias.com.br\/index.php\/wp-json\/wp\/v2\/posts\/46831","targetHints":{"allow":["GET"]}}],"collection":[{"href":"https:\/\/jornalfatosenoticias.com.br\/index.php\/wp-json\/wp\/v2\/posts"}],"about":[{"href":"https:\/\/jornalfatosenoticias.com.br\/index.php\/wp-json\/wp\/v2\/types\/post"}],"author":[{"embeddable":true,"href":"https:\/\/jornalfatosenoticias.com.br\/index.php\/wp-json\/wp\/v2\/users\/2"}],"replies":[{"embeddable":true,"href":"https:\/\/jornalfatosenoticias.com.br\/index.php\/wp-json\/wp\/v2\/comments?post=46831"}],"version-history":[{"count":0,"href":"https:\/\/jornalfatosenoticias.com.br\/index.php\/wp-json\/wp\/v2\/posts\/46831\/revisions"}],"wp:featuredmedia":[{"embeddable":true,"href":"https:\/\/jornalfatosenoticias.com.br\/index.php\/wp-json\/wp\/v2\/media\/46832"}],"wp:attachment":[{"href":"https:\/\/jornalfatosenoticias.com.br\/index.php\/wp-json\/wp\/v2\/media?parent=46831"}],"wp:term":[{"taxonomy":"category","embeddable":true,"href":"https:\/\/jornalfatosenoticias.com.br\/index.php\/wp-json\/wp\/v2\/categories?post=46831"},{"taxonomy":"post_tag","embeddable":true,"href":"https:\/\/jornalfatosenoticias.com.br\/index.php\/wp-json\/wp\/v2\/tags?post=46831"}],"curies":[{"name":"wp","href":"https:\/\/api.w.org\/{rel}","templated":true}]}}