{"id":46834,"date":"2023-11-10T23:19:51","date_gmt":"2023-11-11T02:19:51","guid":{"rendered":"https:\/\/jornalfatosenoticias.com.br\/?p=46834"},"modified":"2023-11-13T09:15:44","modified_gmt":"2023-11-13T12:15:44","slug":"bolsonaro-causa-frisson-na-serra","status":"publish","type":"post","link":"https:\/\/jornalfatosenoticias.com.br\/index.php\/2023\/11\/10\/bolsonaro-causa-frisson-na-serra\/","title":{"rendered":"Bolsonaro causa frisson na Serra"},"content":{"rendered":"\n<p><span class=\"has-inline-color has-black-color\"><em>Em visita ao Esp\u00edrito Santo, ex-presidente leva multid\u00e3o ao Hotel e Churrascaria Serra Grande, localizada em Laranjeiras, na Serra<\/em><\/span><\/p>\n\n\n\n<div class=\"wp-block-image\"><figure class=\"aligncenter size-large\"><img loading=\"lazy\" decoding=\"async\" width=\"1024\" height=\"109\" src=\"https:\/\/jornalfatosenoticias.com.br\/wp-content\/uploads\/2020\/02\/CONTROL-CS2-1024x109.jpg\" alt=\"\" class=\"wp-image-44989\" srcset=\"https:\/\/jornalfatosenoticias.com.br\/wp-content\/uploads\/2020\/02\/CONTROL-CS2-1024x109.jpg 1024w, https:\/\/jornalfatosenoticias.com.br\/wp-content\/uploads\/2020\/02\/CONTROL-CS2-300x32.jpg 300w, https:\/\/jornalfatosenoticias.com.br\/wp-content\/uploads\/2020\/02\/CONTROL-CS2-768x82.jpg 768w, https:\/\/jornalfatosenoticias.com.br\/wp-content\/uploads\/2020\/02\/CONTROL-CS2.jpg 1120w\" sizes=\"auto, (max-width: 1024px) 100vw, 1024px\" \/><\/figure><\/div>\n\n\n\n<p>Depois da elei\u00e7\u00e3o presidencial, a Serra mais uma vez mostra que \u00e9 um munic\u00edpio conservador. Com uma entrada triunfal, acompanhado pelos deputados federais Gilvan da Federal e Evair de Melo e do senador Magno Malta, o ex-presidente Jair Messias Bolsonaro foi recebido aos gritos, agora \u00e0 noite, por uma multid\u00e3o no Hotel e Churrascaria Serra Grande, localizada em Laranjeiras.<br>Para Carlos Alberto Duani, empres\u00e1rio e morador do bairro Laranjeiras, trata-se de um momento \u00edmpar. <\/p>\n\n\n\n<div class=\"wp-block-jetpack-slideshow aligncenter\" data-effect=\"slide\"><div class=\"wp-block-jetpack-slideshow_container swiper-container\"><ul class=\"wp-block-jetpack-slideshow_swiper-wrapper swiper-wrapper\"><li class=\"wp-block-jetpack-slideshow_slide swiper-slide\"><figure><img loading=\"lazy\" decoding=\"async\" width=\"1000\" height=\"666\" alt=\"\" class=\"wp-block-jetpack-slideshow_image wp-image-46837\" data-id=\"46837\" src=\"https:\/\/jornalfatosenoticias.com.br\/wp-content\/uploads\/2023\/11\/DSC_0071.jpg\" srcset=\"https:\/\/jornalfatosenoticias.com.br\/wp-content\/uploads\/2023\/11\/DSC_0071.jpg 1000w, https:\/\/jornalfatosenoticias.com.br\/wp-content\/uploads\/2023\/11\/DSC_0071-300x200.jpg 300w, https:\/\/jornalfatosenoticias.com.br\/wp-content\/uploads\/2023\/11\/DSC_0071-768x511.jpg 768w\" sizes=\"auto, (max-width: 1000px) 100vw, 1000px\" \/><figcaption class=\"wp-block-jetpack-slideshow_caption gallery-caption\">(Foto: Haroldo Filho\/F&amp;N)<\/figcaption><\/figure><\/li><li class=\"wp-block-jetpack-slideshow_slide swiper-slide\"><figure><img loading=\"lazy\" decoding=\"async\" width=\"999\" height=\"569\" alt=\"\" class=\"wp-block-jetpack-slideshow_image wp-image-46838\" data-id=\"46838\" src=\"https:\/\/jornalfatosenoticias.com.br\/wp-content\/uploads\/2023\/11\/DSC_0068.jpg\" srcset=\"https:\/\/jornalfatosenoticias.com.br\/wp-content\/uploads\/2023\/11\/DSC_0068.jpg 999w, https:\/\/jornalfatosenoticias.com.br\/wp-content\/uploads\/2023\/11\/DSC_0068-300x171.jpg 300w, https:\/\/jornalfatosenoticias.com.br\/wp-content\/uploads\/2023\/11\/DSC_0068-768x437.jpg 768w\" sizes=\"auto, (max-width: 999px) 100vw, 999px\" \/><figcaption class=\"wp-block-jetpack-slideshow_caption gallery-caption\">(Foto: Haroldo Filho\/F&amp;N)<\/figcaption><\/figure><\/li><li class=\"wp-block-jetpack-slideshow_slide swiper-slide\"><figure><img loading=\"lazy\" decoding=\"async\" width=\"1000\" height=\"666\" alt=\"\" class=\"wp-block-jetpack-slideshow_image wp-image-46839\" data-id=\"46839\" src=\"https:\/\/jornalfatosenoticias.com.br\/wp-content\/uploads\/2023\/11\/DSC_0061.jpg\" srcset=\"https:\/\/jornalfatosenoticias.com.br\/wp-content\/uploads\/2023\/11\/DSC_0061.jpg 1000w, https:\/\/jornalfatosenoticias.com.br\/wp-content\/uploads\/2023\/11\/DSC_0061-300x200.jpg 300w, https:\/\/jornalfatosenoticias.com.br\/wp-content\/uploads\/2023\/11\/DSC_0061-768x511.jpg 768w\" sizes=\"auto, (max-width: 1000px) 100vw, 1000px\" \/><figcaption class=\"wp-block-jetpack-slideshow_caption gallery-caption\">(Foto: Haroldo Filho\/F&amp;N)<\/figcaption><\/figure><\/li><li class=\"wp-block-jetpack-slideshow_slide swiper-slide\"><figure><img loading=\"lazy\" decoding=\"async\" width=\"1000\" height=\"666\" alt=\"\" class=\"wp-block-jetpack-slideshow_image wp-image-46840\" data-id=\"46840\" src=\"https:\/\/jornalfatosenoticias.com.br\/wp-content\/uploads\/2023\/11\/DSC_0059.jpg\" srcset=\"https:\/\/jornalfatosenoticias.com.br\/wp-content\/uploads\/2023\/11\/DSC_0059.jpg 1000w, https:\/\/jornalfatosenoticias.com.br\/wp-content\/uploads\/2023\/11\/DSC_0059-300x200.jpg 300w, https:\/\/jornalfatosenoticias.com.br\/wp-content\/uploads\/2023\/11\/DSC_0059-768x511.jpg 768w\" sizes=\"auto, (max-width: 1000px) 100vw, 1000px\" \/><figcaption class=\"wp-block-jetpack-slideshow_caption gallery-caption\">(Foto: Haroldo Filho\/F&amp;N)<\/figcaption><\/figure><\/li><li class=\"wp-block-jetpack-slideshow_slide swiper-slide\"><figure><img loading=\"lazy\" decoding=\"async\" width=\"1000\" height=\"666\" alt=\"\" class=\"wp-block-jetpack-slideshow_image wp-image-46841\" data-id=\"46841\" src=\"https:\/\/jornalfatosenoticias.com.br\/wp-content\/uploads\/2023\/11\/DSC_0058.jpg\" srcset=\"https:\/\/jornalfatosenoticias.com.br\/wp-content\/uploads\/2023\/11\/DSC_0058.jpg 1000w, https:\/\/jornalfatosenoticias.com.br\/wp-content\/uploads\/2023\/11\/DSC_0058-300x200.jpg 300w, https:\/\/jornalfatosenoticias.com.br\/wp-content\/uploads\/2023\/11\/DSC_0058-768x511.jpg 768w\" sizes=\"auto, (max-width: 1000px) 100vw, 1000px\" \/><figcaption class=\"wp-block-jetpack-slideshow_caption gallery-caption\">(Foto: Haroldo Filho\/F&amp;N)<\/figcaption><\/figure><\/li><li class=\"wp-block-jetpack-slideshow_slide swiper-slide\"><figure><img loading=\"lazy\" decoding=\"async\" width=\"1000\" height=\"666\" alt=\"\" class=\"wp-block-jetpack-slideshow_image wp-image-46842\" data-id=\"46842\" src=\"https:\/\/jornalfatosenoticias.com.br\/wp-content\/uploads\/2023\/11\/DSC_0056.jpg\" srcset=\"https:\/\/jornalfatosenoticias.com.br\/wp-content\/uploads\/2023\/11\/DSC_0056.jpg 1000w, https:\/\/jornalfatosenoticias.com.br\/wp-content\/uploads\/2023\/11\/DSC_0056-300x200.jpg 300w, https:\/\/jornalfatosenoticias.com.br\/wp-content\/uploads\/2023\/11\/DSC_0056-768x511.jpg 768w\" sizes=\"auto, (max-width: 1000px) 100vw, 1000px\" \/><figcaption class=\"wp-block-jetpack-slideshow_caption gallery-caption\">(Foto: Haroldo Filho\/F&amp;N)<\/figcaption><\/figure><\/li><li class=\"wp-block-jetpack-slideshow_slide swiper-slide\"><figure><img loading=\"lazy\" decoding=\"async\" width=\"1000\" height=\"666\" alt=\"\" class=\"wp-block-jetpack-slideshow_image wp-image-46843\" data-id=\"46843\" src=\"https:\/\/jornalfatosenoticias.com.br\/wp-content\/uploads\/2023\/11\/DSC_0054.jpg\" srcset=\"https:\/\/jornalfatosenoticias.com.br\/wp-content\/uploads\/2023\/11\/DSC_0054.jpg 1000w, https:\/\/jornalfatosenoticias.com.br\/wp-content\/uploads\/2023\/11\/DSC_0054-300x200.jpg 300w, https:\/\/jornalfatosenoticias.com.br\/wp-content\/uploads\/2023\/11\/DSC_0054-768x511.jpg 768w\" sizes=\"auto, (max-width: 1000px) 100vw, 1000px\" \/><figcaption class=\"wp-block-jetpack-slideshow_caption gallery-caption\">(Foto: Haroldo Filho\/F&amp;N)<\/figcaption><\/figure><\/li><li class=\"wp-block-jetpack-slideshow_slide swiper-slide\"><figure><img loading=\"lazy\" decoding=\"async\" width=\"1000\" height=\"666\" alt=\"\" class=\"wp-block-jetpack-slideshow_image wp-image-46844\" data-id=\"46844\" src=\"https:\/\/jornalfatosenoticias.com.br\/wp-content\/uploads\/2023\/11\/DSC_0051.jpg\" srcset=\"https:\/\/jornalfatosenoticias.com.br\/wp-content\/uploads\/2023\/11\/DSC_0051.jpg 1000w, https:\/\/jornalfatosenoticias.com.br\/wp-content\/uploads\/2023\/11\/DSC_0051-300x200.jpg 300w, https:\/\/jornalfatosenoticias.com.br\/wp-content\/uploads\/2023\/11\/DSC_0051-768x511.jpg 768w\" sizes=\"auto, (max-width: 1000px) 100vw, 1000px\" \/><figcaption class=\"wp-block-jetpack-slideshow_caption gallery-caption\">(Foto: Haroldo Filho\/F&amp;N)<\/figcaption><\/figure><\/li><\/ul><a class=\"wp-block-jetpack-slideshow_button-prev swiper-button-prev swiper-button-white\" role=\"button\"><\/a><a class=\"wp-block-jetpack-slideshow_button-next swiper-button-next swiper-button-white\" role=\"button\"><\/a><a aria-label=\"Pause Slideshow\" class=\"wp-block-jetpack-slideshow_button-pause\" role=\"button\"><\/a><div class=\"wp-block-jetpack-slideshow_pagination swiper-pagination swiper-pagination-white\"><\/div><\/div><\/div>\n\n\n\n<blockquote class=\"wp-block-quote is-layout-flow wp-block-quote-is-layout-flow\"><p><span class=\"has-inline-color has-luminous-vivid-orange-color\">S\u00e3o poucos que n\u00e3o gostam do meu presidente, falo meu presidente porque o atual n\u00e3o me representa. Em um pouco mais de dez meses destruiu tudo que Bolsonaro fez. Bolsonaro, quando saiu, deixou em caixa mais de R$ 50 bilh\u00f5es e agora o Pa\u00eds se encontra numa situa\u00e7\u00e3o lastim\u00e1vel e endividado. Bem a cara da esquerda com essa pol\u00edtica de muito para poucos e nada para a grande maioria. Com f\u00e9 em Deus vamos sair dessa\u201d, disse o empres\u00e1rio.<\/span><\/p><\/blockquote>\n\n\n\n<div class=\"wp-block-image\"><figure class=\"aligncenter size-large is-resized\"><img loading=\"lazy\" decoding=\"async\" src=\"https:\/\/jornalfatosenoticias.com.br\/wp-content\/uploads\/2023\/08\/Steel.jpeg\" alt=\"\" class=\"wp-image-44634\" width=\"323\" height=\"262\" srcset=\"https:\/\/jornalfatosenoticias.com.br\/wp-content\/uploads\/2023\/08\/Steel.jpeg 800w, https:\/\/jornalfatosenoticias.com.br\/wp-content\/uploads\/2023\/08\/Steel-300x244.jpeg 300w, https:\/\/jornalfatosenoticias.com.br\/wp-content\/uploads\/2023\/08\/Steel-768x624.jpeg 768w\" sizes=\"auto, (max-width: 323px) 100vw, 323px\" \/><\/figure><\/div>\n\n\n\n<p>Para a aposentada Dolores Furtado, Bolsonaro foi o presidente mais s\u00e9rio e mais comprometido com a popula\u00e7\u00e3o. <\/p>\n\n\n\n<div class=\"wp-block-jetpack-slideshow aligncenter\" data-effect=\"slide\"><div class=\"wp-block-jetpack-slideshow_container swiper-container\"><ul class=\"wp-block-jetpack-slideshow_swiper-wrapper swiper-wrapper\"><li class=\"wp-block-jetpack-slideshow_slide swiper-slide\"><figure><img loading=\"lazy\" decoding=\"async\" width=\"1000\" height=\"666\" alt=\"\" class=\"wp-block-jetpack-slideshow_image wp-image-46862\" data-id=\"46862\" src=\"https:\/\/jornalfatosenoticias.com.br\/wp-content\/uploads\/2023\/11\/DSC_0041-1.jpg\" srcset=\"https:\/\/jornalfatosenoticias.com.br\/wp-content\/uploads\/2023\/11\/DSC_0041-1.jpg 1000w, https:\/\/jornalfatosenoticias.com.br\/wp-content\/uploads\/2023\/11\/DSC_0041-1-300x200.jpg 300w, https:\/\/jornalfatosenoticias.com.br\/wp-content\/uploads\/2023\/11\/DSC_0041-1-768x511.jpg 768w\" sizes=\"auto, (max-width: 1000px) 100vw, 1000px\" \/><figcaption class=\"wp-block-jetpack-slideshow_caption gallery-caption\">(Foto: Haroldo Filho\/F&#038;N)<\/figcaption><\/figure><\/li><li class=\"wp-block-jetpack-slideshow_slide swiper-slide\"><figure><img loading=\"lazy\" decoding=\"async\" width=\"1000\" height=\"666\" alt=\"\" class=\"wp-block-jetpack-slideshow_image wp-image-46859\" data-id=\"46859\" src=\"https:\/\/jornalfatosenoticias.com.br\/wp-content\/uploads\/2023\/11\/DSC_0036-1.jpg\" srcset=\"https:\/\/jornalfatosenoticias.com.br\/wp-content\/uploads\/2023\/11\/DSC_0036-1.jpg 1000w, https:\/\/jornalfatosenoticias.com.br\/wp-content\/uploads\/2023\/11\/DSC_0036-1-300x200.jpg 300w, https:\/\/jornalfatosenoticias.com.br\/wp-content\/uploads\/2023\/11\/DSC_0036-1-768x511.jpg 768w\" sizes=\"auto, (max-width: 1000px) 100vw, 1000px\" \/><figcaption class=\"wp-block-jetpack-slideshow_caption gallery-caption\">(Foto: Haroldo Filho\/F&#038;N)<\/figcaption><\/figure><\/li><li class=\"wp-block-jetpack-slideshow_slide swiper-slide\"><figure><img loading=\"lazy\" decoding=\"async\" width=\"1000\" height=\"666\" alt=\"\" class=\"wp-block-jetpack-slideshow_image wp-image-46858\" data-id=\"46858\" src=\"https:\/\/jornalfatosenoticias.com.br\/wp-content\/uploads\/2023\/11\/DSC_0034-1.jpg\" srcset=\"https:\/\/jornalfatosenoticias.com.br\/wp-content\/uploads\/2023\/11\/DSC_0034-1.jpg 1000w, https:\/\/jornalfatosenoticias.com.br\/wp-content\/uploads\/2023\/11\/DSC_0034-1-300x200.jpg 300w, https:\/\/jornalfatosenoticias.com.br\/wp-content\/uploads\/2023\/11\/DSC_0034-1-768x511.jpg 768w\" sizes=\"auto, (max-width: 1000px) 100vw, 1000px\" \/><figcaption class=\"wp-block-jetpack-slideshow_caption gallery-caption\">(Foto: Haroldo Filho\/F&#038;N)<\/figcaption><\/figure><\/li><li class=\"wp-block-jetpack-slideshow_slide swiper-slide\"><figure><img loading=\"lazy\" decoding=\"async\" width=\"1000\" height=\"666\" alt=\"\" class=\"wp-block-jetpack-slideshow_image wp-image-46856\" data-id=\"46856\" src=\"https:\/\/jornalfatosenoticias.com.br\/wp-content\/uploads\/2023\/11\/DSC_0045-1.jpg\" srcset=\"https:\/\/jornalfatosenoticias.com.br\/wp-content\/uploads\/2023\/11\/DSC_0045-1.jpg 1000w, https:\/\/jornalfatosenoticias.com.br\/wp-content\/uploads\/2023\/11\/DSC_0045-1-300x200.jpg 300w, https:\/\/jornalfatosenoticias.com.br\/wp-content\/uploads\/2023\/11\/DSC_0045-1-768x511.jpg 768w\" sizes=\"auto, (max-width: 1000px) 100vw, 1000px\" \/><figcaption class=\"wp-block-jetpack-slideshow_caption gallery-caption\">(Foto: Haroldo Filho\/F&#038;N)<\/figcaption><\/figure><\/li><li class=\"wp-block-jetpack-slideshow_slide swiper-slide\"><figure><img loading=\"lazy\" decoding=\"async\" width=\"1000\" height=\"666\" alt=\"\" class=\"wp-block-jetpack-slideshow_image wp-image-46855\" data-id=\"46855\" src=\"https:\/\/jornalfatosenoticias.com.br\/wp-content\/uploads\/2023\/11\/DSC_0048-1.jpg\" srcset=\"https:\/\/jornalfatosenoticias.com.br\/wp-content\/uploads\/2023\/11\/DSC_0048-1.jpg 1000w, https:\/\/jornalfatosenoticias.com.br\/wp-content\/uploads\/2023\/11\/DSC_0048-1-300x200.jpg 300w, https:\/\/jornalfatosenoticias.com.br\/wp-content\/uploads\/2023\/11\/DSC_0048-1-768x511.jpg 768w\" sizes=\"auto, (max-width: 1000px) 100vw, 1000px\" \/><figcaption class=\"wp-block-jetpack-slideshow_caption gallery-caption\">(Foto: Haroldo Filho\/F&#038;N)<\/figcaption><\/figure><\/li><li class=\"wp-block-jetpack-slideshow_slide swiper-slide\"><figure><img loading=\"lazy\" decoding=\"async\" width=\"1000\" height=\"666\" alt=\"\" class=\"wp-block-jetpack-slideshow_image wp-image-46852\" data-id=\"46852\" src=\"https:\/\/jornalfatosenoticias.com.br\/wp-content\/uploads\/2023\/11\/DSC_0039.jpg\" srcset=\"https:\/\/jornalfatosenoticias.com.br\/wp-content\/uploads\/2023\/11\/DSC_0039.jpg 1000w, https:\/\/jornalfatosenoticias.com.br\/wp-content\/uploads\/2023\/11\/DSC_0039-300x200.jpg 300w, https:\/\/jornalfatosenoticias.com.br\/wp-content\/uploads\/2023\/11\/DSC_0039-768x511.jpg 768w\" sizes=\"auto, (max-width: 1000px) 100vw, 1000px\" \/><figcaption class=\"wp-block-jetpack-slideshow_caption gallery-caption\">(Foto: Haroldo Filho\/F&#038;N)<\/figcaption><\/figure><\/li><li class=\"wp-block-jetpack-slideshow_slide swiper-slide\"><figure><img loading=\"lazy\" decoding=\"async\" width=\"1000\" height=\"666\" alt=\"\" class=\"wp-block-jetpack-slideshow_image wp-image-46848\" data-id=\"46848\" src=\"https:\/\/jornalfatosenoticias.com.br\/wp-content\/uploads\/2023\/11\/DSC_0043.jpg\" srcset=\"https:\/\/jornalfatosenoticias.com.br\/wp-content\/uploads\/2023\/11\/DSC_0043.jpg 1000w, https:\/\/jornalfatosenoticias.com.br\/wp-content\/uploads\/2023\/11\/DSC_0043-300x200.jpg 300w, https:\/\/jornalfatosenoticias.com.br\/wp-content\/uploads\/2023\/11\/DSC_0043-768x511.jpg 768w\" sizes=\"auto, (max-width: 1000px) 100vw, 1000px\" \/><figcaption class=\"wp-block-jetpack-slideshow_caption gallery-caption\">(Foto: Haroldo Filho\/F&#038;N)<\/figcaption><\/figure><\/li><li class=\"wp-block-jetpack-slideshow_slide swiper-slide\"><figure><img loading=\"lazy\" decoding=\"async\" width=\"1000\" height=\"666\" alt=\"\" class=\"wp-block-jetpack-slideshow_image wp-image-46854\" data-id=\"46854\" src=\"https:\/\/jornalfatosenoticias.com.br\/wp-content\/uploads\/2023\/11\/DSC_0049-1.jpg\" srcset=\"https:\/\/jornalfatosenoticias.com.br\/wp-content\/uploads\/2023\/11\/DSC_0049-1.jpg 1000w, https:\/\/jornalfatosenoticias.com.br\/wp-content\/uploads\/2023\/11\/DSC_0049-1-300x200.jpg 300w, https:\/\/jornalfatosenoticias.com.br\/wp-content\/uploads\/2023\/11\/DSC_0049-1-768x511.jpg 768w\" sizes=\"auto, (max-width: 1000px) 100vw, 1000px\" \/><figcaption class=\"wp-block-jetpack-slideshow_caption gallery-caption\">(Foto: Haroldo Filho\/F&#038;N)<\/figcaption><\/figure><\/li><\/ul><a class=\"wp-block-jetpack-slideshow_button-prev swiper-button-prev swiper-button-white\" role=\"button\"><\/a><a class=\"wp-block-jetpack-slideshow_button-next swiper-button-next swiper-button-white\" role=\"button\"><\/a><a aria-label=\"Pause Slideshow\" class=\"wp-block-jetpack-slideshow_button-pause\" role=\"button\"><\/a><div class=\"wp-block-jetpack-slideshow_pagination swiper-pagination swiper-pagination-white\"><\/div><\/div><\/div>\n\n\n\n<blockquote class=\"wp-block-quote is-layout-flow wp-block-quote-is-layout-flow\"><p><span class=\"has-inline-color has-luminous-vivid-orange-color\">O Pa\u00eds estava no caminho certo. Meu filho veio jantar e ficou sabendo que ele estaria aqui e me ligou. Me arrumei em cinco minutos e estou aqui para receber o nosso maior presidente\u201d, comemorou a aposentada.<\/span><\/p><\/blockquote>\n\n\n\n<div class=\"wp-block-image\"><figure class=\"aligncenter size-large is-resized\"><img loading=\"lazy\" decoding=\"async\" src=\"https:\/\/jornalfatosenoticias.com.br\/wp-content\/uploads\/2022\/10\/RC_800x750_page-0001.jpg\" alt=\"\" class=\"wp-image-35338\" width=\"296\" height=\"277\" srcset=\"https:\/\/jornalfatosenoticias.com.br\/wp-content\/uploads\/2022\/10\/RC_800x750_page-0001.jpg 400w, https:\/\/jornalfatosenoticias.com.br\/wp-content\/uploads\/2022\/10\/RC_800x750_page-0001-300x281.jpg 300w\" sizes=\"auto, (max-width: 296px) 100vw, 296px\" \/><\/figure><\/div>\n\n\n\n<p>Com mais de 140 mil votos, Bolsonaro venceu o candidato petista no munic\u00edpio capixaba, o que demonstra que a popula\u00e7\u00e3o serrana defende as pautas conservadoras como preserva\u00e7\u00e3o da vida, n\u00e3o \u00e0s drogas, defesa da fam\u00edlia e liberdade de express\u00e3o.<\/p>\n\n\n\n<div class=\"wp-block-image\"><figure class=\"aligncenter size-large\"><img loading=\"lazy\" decoding=\"async\" width=\"300\" height=\"250\" src=\"https:\/\/jornalfatosenoticias.com.br\/wp-content\/uploads\/2022\/02\/FERRARI_MAQUINAS-E-FERRAMENTAS2.jpg\" alt=\"\" class=\"wp-image-27860\"\/><\/figure><\/div>\n\n\n\n<p><strong><span class=\"has-inline-color has-black-color\">Assista \u00e0 chegada de Bolsonaro<\/span><\/strong><\/p>\n\n\n\n<figure class=\"wp-block-video\"><video height=\"480\" style=\"aspect-ratio: 848 \/ 480;\" width=\"848\" controls src=\"https:\/\/jornalfatosenoticias.com.br\/wp-content\/uploads\/2023\/11\/WhatsApp-Video-2023-11-10-at-20.37.44.mp4\"><\/video><\/figure>\n\n\n\n<figure class=\"wp-block-video\"><video height=\"480\" style=\"aspect-ratio: 848 \/ 480;\" width=\"848\" controls src=\"https:\/\/jornalfatosenoticias.com.br\/wp-content\/uploads\/2023\/11\/WhatsApp-Video-2023-11-10-at-20.37.33.mp4\"><\/video><\/figure>\n\n\n\n<p><\/p>\n","protected":false},"excerpt":{"rendered":"<p>Em visita ao Esp\u00edrito Santo, ex-presidente leva multid\u00e3o ao Hotel e Churrascaria Serra Grande, localizada em Laranjeiras, na Serra Depois da elei\u00e7\u00e3o presidencial, a Serra mais uma vez mostra que \u00e9 um munic\u00edpio conservador. Com uma entrada triunfal, acompanhado pelos deputados federais Gilvan da Federal e Evair de Melo e do senador Magno Malta, o [&hellip;]<\/p>\n","protected":false},"author":3,"featured_media":46864,"comment_status":"open","ping_status":"open","sticky":false,"template":"","format":"standard","meta":{"footnotes":""},"categories":[10],"tags":[15368,18393,21979,21978,1346,910],"class_list":["post-46834","post","type-post","status-publish","format-standard","has-post-thumbnail","hentry","category-politica","tag-bolsonaro-no-es","tag-conservador","tag-direita-brasil","tag-laranjeiras","tag-povo","tag-serra"],"yoast_head":"<!-- This site is optimized with the Yoast SEO plugin v26.5 - https:\/\/yoast.com\/wordpress\/plugins\/seo\/ -->\n<title>Bolsonaro causa frisson na Serra - Jornal Fatos e Not\u00edcias<\/title>\n<meta name=\"robots\" content=\"index, follow, max-snippet:-1, max-image-preview:large, max-video-preview:-1\" \/>\n<link rel=\"canonical\" href=\"https:\/\/jornalfatosenoticias.com.br\/index.php\/2023\/11\/10\/bolsonaro-causa-frisson-na-serra\/\" \/>\n<meta property=\"og:locale\" content=\"pt_BR\" \/>\n<meta property=\"og:type\" content=\"article\" \/>\n<meta property=\"og:title\" content=\"Bolsonaro causa frisson na Serra - Jornal Fatos e Not\u00edcias\" \/>\n<meta property=\"og:description\" content=\"Em visita ao Esp\u00edrito Santo, ex-presidente leva multid\u00e3o ao Hotel e Churrascaria Serra Grande, localizada em Laranjeiras, na Serra Depois da elei\u00e7\u00e3o presidencial, a Serra mais uma vez mostra que \u00e9 um munic\u00edpio conservador. Com uma entrada triunfal, acompanhado pelos deputados federais Gilvan da Federal e Evair de Melo e do senador Magno Malta, o [&hellip;]\" \/>\n<meta property=\"og:url\" content=\"https:\/\/jornalfatosenoticias.com.br\/index.php\/2023\/11\/10\/bolsonaro-causa-frisson-na-serra\/\" \/>\n<meta property=\"og:site_name\" content=\"Jornal Fatos e Not\u00edcias\" \/>\n<meta property=\"article:published_time\" content=\"2023-11-11T02:19:51+00:00\" \/>\n<meta property=\"article:modified_time\" content=\"2023-11-13T12:15:44+00:00\" \/>\n<meta property=\"og:image\" content=\"https:\/\/jornalfatosenoticias.com.br\/wp-content\/uploads\/2023\/11\/DSC_0066.jpg\" \/>\n\t<meta property=\"og:image:width\" content=\"1000\" \/>\n\t<meta property=\"og:image:height\" content=\"666\" \/>\n\t<meta property=\"og:image:type\" content=\"image\/jpeg\" \/>\n<meta name=\"author\" content=\"Haroldo Filho\" \/>\n<meta name=\"twitter:card\" content=\"summary_large_image\" \/>\n<meta name=\"twitter:label1\" content=\"Escrito por\" \/>\n\t<meta name=\"twitter:data1\" content=\"Haroldo Filho\" \/>\n\t<meta name=\"twitter:label2\" content=\"Est. tempo de leitura\" \/>\n\t<meta name=\"twitter:data2\" content=\"2 minutos\" \/>\n<script type=\"application\/ld+json\" class=\"yoast-schema-graph\">{\"@context\":\"https:\/\/schema.org\",\"@graph\":[{\"@type\":\"Article\",\"@id\":\"https:\/\/jornalfatosenoticias.com.br\/index.php\/2023\/11\/10\/bolsonaro-causa-frisson-na-serra\/#article\",\"isPartOf\":{\"@id\":\"https:\/\/jornalfatosenoticias.com.br\/index.php\/2023\/11\/10\/bolsonaro-causa-frisson-na-serra\/\"},\"author\":{\"name\":\"Haroldo Filho\",\"@id\":\"https:\/\/jornalfatosenoticias.com.br\/#\/schema\/person\/05c46cc25b42a5c27e004fb0fa6b4965\"},\"headline\":\"Bolsonaro causa frisson na Serra\",\"datePublished\":\"2023-11-11T02:19:51+00:00\",\"dateModified\":\"2023-11-13T12:15:44+00:00\",\"mainEntityOfPage\":{\"@id\":\"https:\/\/jornalfatosenoticias.com.br\/index.php\/2023\/11\/10\/bolsonaro-causa-frisson-na-serra\/\"},\"wordCount\":382,\"commentCount\":0,\"publisher\":{\"@id\":\"https:\/\/jornalfatosenoticias.com.br\/#organization\"},\"image\":{\"@id\":\"https:\/\/jornalfatosenoticias.com.br\/index.php\/2023\/11\/10\/bolsonaro-causa-frisson-na-serra\/#primaryimage\"},\"thumbnailUrl\":\"https:\/\/jornalfatosenoticias.com.br\/wp-content\/uploads\/2023\/11\/DSC_0066.jpg\",\"keywords\":[\"Bolsonaro no ES\",\"conservador\",\"direita Brasil\",\"Laranjeiras\",\"povo\",\"Serra\"],\"articleSection\":[\"Pol\u00edtica\"],\"inLanguage\":\"pt-BR\",\"potentialAction\":[{\"@type\":\"CommentAction\",\"name\":\"Comment\",\"target\":[\"https:\/\/jornalfatosenoticias.com.br\/index.php\/2023\/11\/10\/bolsonaro-causa-frisson-na-serra\/#respond\"]}]},{\"@type\":\"WebPage\",\"@id\":\"https:\/\/jornalfatosenoticias.com.br\/index.php\/2023\/11\/10\/bolsonaro-causa-frisson-na-serra\/\",\"url\":\"https:\/\/jornalfatosenoticias.com.br\/index.php\/2023\/11\/10\/bolsonaro-causa-frisson-na-serra\/\",\"name\":\"Bolsonaro causa frisson na Serra - Jornal Fatos e Not\u00edcias\",\"isPartOf\":{\"@id\":\"https:\/\/jornalfatosenoticias.com.br\/#website\"},\"primaryImageOfPage\":{\"@id\":\"https:\/\/jornalfatosenoticias.com.br\/index.php\/2023\/11\/10\/bolsonaro-causa-frisson-na-serra\/#primaryimage\"},\"image\":{\"@id\":\"https:\/\/jornalfatosenoticias.com.br\/index.php\/2023\/11\/10\/bolsonaro-causa-frisson-na-serra\/#primaryimage\"},\"thumbnailUrl\":\"https:\/\/jornalfatosenoticias.com.br\/wp-content\/uploads\/2023\/11\/DSC_0066.jpg\",\"datePublished\":\"2023-11-11T02:19:51+00:00\",\"dateModified\":\"2023-11-13T12:15:44+00:00\",\"breadcrumb\":{\"@id\":\"https:\/\/jornalfatosenoticias.com.br\/index.php\/2023\/11\/10\/bolsonaro-causa-frisson-na-serra\/#breadcrumb\"},\"inLanguage\":\"pt-BR\",\"potentialAction\":[{\"@type\":\"ReadAction\",\"target\":[\"https:\/\/jornalfatosenoticias.com.br\/index.php\/2023\/11\/10\/bolsonaro-causa-frisson-na-serra\/\"]}]},{\"@type\":\"ImageObject\",\"inLanguage\":\"pt-BR\",\"@id\":\"https:\/\/jornalfatosenoticias.com.br\/index.php\/2023\/11\/10\/bolsonaro-causa-frisson-na-serra\/#primaryimage\",\"url\":\"https:\/\/jornalfatosenoticias.com.br\/wp-content\/uploads\/2023\/11\/DSC_0066.jpg\",\"contentUrl\":\"https:\/\/jornalfatosenoticias.com.br\/wp-content\/uploads\/2023\/11\/DSC_0066.jpg\",\"width\":1000,\"height\":666},{\"@type\":\"BreadcrumbList\",\"@id\":\"https:\/\/jornalfatosenoticias.com.br\/index.php\/2023\/11\/10\/bolsonaro-causa-frisson-na-serra\/#breadcrumb\",\"itemListElement\":[{\"@type\":\"ListItem\",\"position\":1,\"name\":\"In\u00edcio\",\"item\":\"https:\/\/jornalfatosenoticias.com.br\/\"},{\"@type\":\"ListItem\",\"position\":2,\"name\":\"Bolsonaro causa frisson na Serra\"}]},{\"@type\":\"WebSite\",\"@id\":\"https:\/\/jornalfatosenoticias.com.br\/#website\",\"url\":\"https:\/\/jornalfatosenoticias.com.br\/\",\"name\":\"Jornal Fatos e Not\u00edcias\",\"description\":\"Not\u00edcias em geral\",\"publisher\":{\"@id\":\"https:\/\/jornalfatosenoticias.com.br\/#organization\"},\"potentialAction\":[{\"@type\":\"SearchAction\",\"target\":{\"@type\":\"EntryPoint\",\"urlTemplate\":\"https:\/\/jornalfatosenoticias.com.br\/?s={search_term_string}\"},\"query-input\":{\"@type\":\"PropertyValueSpecification\",\"valueRequired\":true,\"valueName\":\"search_term_string\"}}],\"inLanguage\":\"pt-BR\"},{\"@type\":\"Organization\",\"@id\":\"https:\/\/jornalfatosenoticias.com.br\/#organization\",\"name\":\"Jornal Fatos e Not\u00edcias\",\"url\":\"https:\/\/jornalfatosenoticias.com.br\/\",\"logo\":{\"@type\":\"ImageObject\",\"inLanguage\":\"pt-BR\",\"@id\":\"https:\/\/jornalfatosenoticias.com.br\/#\/schema\/logo\/image\/\",\"url\":\"https:\/\/jornalfatosenoticias.com.br\/wp-content\/uploads\/2020\/02\/logo120.png\",\"contentUrl\":\"https:\/\/jornalfatosenoticias.com.br\/wp-content\/uploads\/2020\/02\/logo120.png\",\"width\":1227,\"height\":120,\"caption\":\"Jornal Fatos e Not\u00edcias\"},\"image\":{\"@id\":\"https:\/\/jornalfatosenoticias.com.br\/#\/schema\/logo\/image\/\"}},{\"@type\":\"Person\",\"@id\":\"https:\/\/jornalfatosenoticias.com.br\/#\/schema\/person\/05c46cc25b42a5c27e004fb0fa6b4965\",\"name\":\"Haroldo Filho\",\"image\":{\"@type\":\"ImageObject\",\"inLanguage\":\"pt-BR\",\"@id\":\"https:\/\/jornalfatosenoticias.com.br\/#\/schema\/person\/image\/\",\"url\":\"https:\/\/jornalfatosenoticias.com.br\/wp-content\/uploads\/2025\/08\/WhatsApp-Image-2025-08-18-at-15.30.28-150x150.jpeg\",\"contentUrl\":\"https:\/\/jornalfatosenoticias.com.br\/wp-content\/uploads\/2025\/08\/WhatsApp-Image-2025-08-18-at-15.30.28-150x150.jpeg\",\"caption\":\"Haroldo Filho\"},\"description\":\"Jornalista \u2013 DRT: 0003818\/ES Coordenador-geral da ONG Educar para Crescer\",\"url\":\"https:\/\/jornalfatosenoticias.com.br\/index.php\/author\/haroldo\/\"}]}<\/script>\n<!-- \/ Yoast SEO plugin. -->","yoast_head_json":{"title":"Bolsonaro causa frisson na Serra - Jornal Fatos e Not\u00edcias","robots":{"index":"index","follow":"follow","max-snippet":"max-snippet:-1","max-image-preview":"max-image-preview:large","max-video-preview":"max-video-preview:-1"},"canonical":"https:\/\/jornalfatosenoticias.com.br\/index.php\/2023\/11\/10\/bolsonaro-causa-frisson-na-serra\/","og_locale":"pt_BR","og_type":"article","og_title":"Bolsonaro causa frisson na Serra - Jornal Fatos e Not\u00edcias","og_description":"Em visita ao Esp\u00edrito Santo, ex-presidente leva multid\u00e3o ao Hotel e Churrascaria Serra Grande, localizada em Laranjeiras, na Serra Depois da elei\u00e7\u00e3o presidencial, a Serra mais uma vez mostra que \u00e9 um munic\u00edpio conservador. Com uma entrada triunfal, acompanhado pelos deputados federais Gilvan da Federal e Evair de Melo e do senador Magno Malta, o [&hellip;]","og_url":"https:\/\/jornalfatosenoticias.com.br\/index.php\/2023\/11\/10\/bolsonaro-causa-frisson-na-serra\/","og_site_name":"Jornal Fatos e Not\u00edcias","article_published_time":"2023-11-11T02:19:51+00:00","article_modified_time":"2023-11-13T12:15:44+00:00","og_image":[{"width":1000,"height":666,"url":"https:\/\/jornalfatosenoticias.com.br\/wp-content\/uploads\/2023\/11\/DSC_0066.jpg","type":"image\/jpeg"}],"author":"Haroldo Filho","twitter_card":"summary_large_image","twitter_misc":{"Escrito por":"Haroldo Filho","Est. tempo de leitura":"2 minutos"},"schema":{"@context":"https:\/\/schema.org","@graph":[{"@type":"Article","@id":"https:\/\/jornalfatosenoticias.com.br\/index.php\/2023\/11\/10\/bolsonaro-causa-frisson-na-serra\/#article","isPartOf":{"@id":"https:\/\/jornalfatosenoticias.com.br\/index.php\/2023\/11\/10\/bolsonaro-causa-frisson-na-serra\/"},"author":{"name":"Haroldo Filho","@id":"https:\/\/jornalfatosenoticias.com.br\/#\/schema\/person\/05c46cc25b42a5c27e004fb0fa6b4965"},"headline":"Bolsonaro causa frisson na Serra","datePublished":"2023-11-11T02:19:51+00:00","dateModified":"2023-11-13T12:15:44+00:00","mainEntityOfPage":{"@id":"https:\/\/jornalfatosenoticias.com.br\/index.php\/2023\/11\/10\/bolsonaro-causa-frisson-na-serra\/"},"wordCount":382,"commentCount":0,"publisher":{"@id":"https:\/\/jornalfatosenoticias.com.br\/#organization"},"image":{"@id":"https:\/\/jornalfatosenoticias.com.br\/index.php\/2023\/11\/10\/bolsonaro-causa-frisson-na-serra\/#primaryimage"},"thumbnailUrl":"https:\/\/jornalfatosenoticias.com.br\/wp-content\/uploads\/2023\/11\/DSC_0066.jpg","keywords":["Bolsonaro no ES","conservador","direita Brasil","Laranjeiras","povo","Serra"],"articleSection":["Pol\u00edtica"],"inLanguage":"pt-BR","potentialAction":[{"@type":"CommentAction","name":"Comment","target":["https:\/\/jornalfatosenoticias.com.br\/index.php\/2023\/11\/10\/bolsonaro-causa-frisson-na-serra\/#respond"]}]},{"@type":"WebPage","@id":"https:\/\/jornalfatosenoticias.com.br\/index.php\/2023\/11\/10\/bolsonaro-causa-frisson-na-serra\/","url":"https:\/\/jornalfatosenoticias.com.br\/index.php\/2023\/11\/10\/bolsonaro-causa-frisson-na-serra\/","name":"Bolsonaro causa frisson na Serra - Jornal Fatos e Not\u00edcias","isPartOf":{"@id":"https:\/\/jornalfatosenoticias.com.br\/#website"},"primaryImageOfPage":{"@id":"https:\/\/jornalfatosenoticias.com.br\/index.php\/2023\/11\/10\/bolsonaro-causa-frisson-na-serra\/#primaryimage"},"image":{"@id":"https:\/\/jornalfatosenoticias.com.br\/index.php\/2023\/11\/10\/bolsonaro-causa-frisson-na-serra\/#primaryimage"},"thumbnailUrl":"https:\/\/jornalfatosenoticias.com.br\/wp-content\/uploads\/2023\/11\/DSC_0066.jpg","datePublished":"2023-11-11T02:19:51+00:00","dateModified":"2023-11-13T12:15:44+00:00","breadcrumb":{"@id":"https:\/\/jornalfatosenoticias.com.br\/index.php\/2023\/11\/10\/bolsonaro-causa-frisson-na-serra\/#breadcrumb"},"inLanguage":"pt-BR","potentialAction":[{"@type":"ReadAction","target":["https:\/\/jornalfatosenoticias.com.br\/index.php\/2023\/11\/10\/bolsonaro-causa-frisson-na-serra\/"]}]},{"@type":"ImageObject","inLanguage":"pt-BR","@id":"https:\/\/jornalfatosenoticias.com.br\/index.php\/2023\/11\/10\/bolsonaro-causa-frisson-na-serra\/#primaryimage","url":"https:\/\/jornalfatosenoticias.com.br\/wp-content\/uploads\/2023\/11\/DSC_0066.jpg","contentUrl":"https:\/\/jornalfatosenoticias.com.br\/wp-content\/uploads\/2023\/11\/DSC_0066.jpg","width":1000,"height":666},{"@type":"BreadcrumbList","@id":"https:\/\/jornalfatosenoticias.com.br\/index.php\/2023\/11\/10\/bolsonaro-causa-frisson-na-serra\/#breadcrumb","itemListElement":[{"@type":"ListItem","position":1,"name":"In\u00edcio","item":"https:\/\/jornalfatosenoticias.com.br\/"},{"@type":"ListItem","position":2,"name":"Bolsonaro causa frisson na Serra"}]},{"@type":"WebSite","@id":"https:\/\/jornalfatosenoticias.com.br\/#website","url":"https:\/\/jornalfatosenoticias.com.br\/","name":"Jornal Fatos e Not\u00edcias","description":"Not\u00edcias em geral","publisher":{"@id":"https:\/\/jornalfatosenoticias.com.br\/#organization"},"potentialAction":[{"@type":"SearchAction","target":{"@type":"EntryPoint","urlTemplate":"https:\/\/jornalfatosenoticias.com.br\/?s={search_term_string}"},"query-input":{"@type":"PropertyValueSpecification","valueRequired":true,"valueName":"search_term_string"}}],"inLanguage":"pt-BR"},{"@type":"Organization","@id":"https:\/\/jornalfatosenoticias.com.br\/#organization","name":"Jornal Fatos e Not\u00edcias","url":"https:\/\/jornalfatosenoticias.com.br\/","logo":{"@type":"ImageObject","inLanguage":"pt-BR","@id":"https:\/\/jornalfatosenoticias.com.br\/#\/schema\/logo\/image\/","url":"https:\/\/jornalfatosenoticias.com.br\/wp-content\/uploads\/2020\/02\/logo120.png","contentUrl":"https:\/\/jornalfatosenoticias.com.br\/wp-content\/uploads\/2020\/02\/logo120.png","width":1227,"height":120,"caption":"Jornal Fatos e Not\u00edcias"},"image":{"@id":"https:\/\/jornalfatosenoticias.com.br\/#\/schema\/logo\/image\/"}},{"@type":"Person","@id":"https:\/\/jornalfatosenoticias.com.br\/#\/schema\/person\/05c46cc25b42a5c27e004fb0fa6b4965","name":"Haroldo Filho","image":{"@type":"ImageObject","inLanguage":"pt-BR","@id":"https:\/\/jornalfatosenoticias.com.br\/#\/schema\/person\/image\/","url":"https:\/\/jornalfatosenoticias.com.br\/wp-content\/uploads\/2025\/08\/WhatsApp-Image-2025-08-18-at-15.30.28-150x150.jpeg","contentUrl":"https:\/\/jornalfatosenoticias.com.br\/wp-content\/uploads\/2025\/08\/WhatsApp-Image-2025-08-18-at-15.30.28-150x150.jpeg","caption":"Haroldo Filho"},"description":"Jornalista \u2013 DRT: 0003818\/ES Coordenador-geral da ONG Educar para Crescer","url":"https:\/\/jornalfatosenoticias.com.br\/index.php\/author\/haroldo\/"}]}},"cc_featured_image_caption":{"caption_text":"(Foto: Haroldo Filho\/F&N)","source_text":"","source_url":""},"jetpack_featured_media_url":"https:\/\/jornalfatosenoticias.com.br\/wp-content\/uploads\/2023\/11\/DSC_0066.jpg","_links":{"self":[{"href":"https:\/\/jornalfatosenoticias.com.br\/index.php\/wp-json\/wp\/v2\/posts\/46834","targetHints":{"allow":["GET"]}}],"collection":[{"href":"https:\/\/jornalfatosenoticias.com.br\/index.php\/wp-json\/wp\/v2\/posts"}],"about":[{"href":"https:\/\/jornalfatosenoticias.com.br\/index.php\/wp-json\/wp\/v2\/types\/post"}],"author":[{"embeddable":true,"href":"https:\/\/jornalfatosenoticias.com.br\/index.php\/wp-json\/wp\/v2\/users\/3"}],"replies":[{"embeddable":true,"href":"https:\/\/jornalfatosenoticias.com.br\/index.php\/wp-json\/wp\/v2\/comments?post=46834"}],"version-history":[{"count":0,"href":"https:\/\/jornalfatosenoticias.com.br\/index.php\/wp-json\/wp\/v2\/posts\/46834\/revisions"}],"wp:featuredmedia":[{"embeddable":true,"href":"https:\/\/jornalfatosenoticias.com.br\/index.php\/wp-json\/wp\/v2\/media\/46864"}],"wp:attachment":[{"href":"https:\/\/jornalfatosenoticias.com.br\/index.php\/wp-json\/wp\/v2\/media?parent=46834"}],"wp:term":[{"taxonomy":"category","embeddable":true,"href":"https:\/\/jornalfatosenoticias.com.br\/index.php\/wp-json\/wp\/v2\/categories?post=46834"},{"taxonomy":"post_tag","embeddable":true,"href":"https:\/\/jornalfatosenoticias.com.br\/index.php\/wp-json\/wp\/v2\/tags?post=46834"}],"curies":[{"name":"wp","href":"https:\/\/api.w.org\/{rel}","templated":true}]}}