{"id":46936,"date":"2023-11-14T10:20:19","date_gmt":"2023-11-14T13:20:19","guid":{"rendered":"https:\/\/jornalfatosenoticias.com.br\/?p=46936"},"modified":"2023-11-14T10:21:04","modified_gmt":"2023-11-14T13:21:04","slug":"pesquisadores-avistam-ave-desaparecida-havia-40-anos-no-brasil","status":"publish","type":"post","link":"https:\/\/jornalfatosenoticias.com.br\/index.php\/2023\/11\/14\/pesquisadores-avistam-ave-desaparecida-havia-40-anos-no-brasil\/","title":{"rendered":"Pesquisadores avistam ave desaparecida h\u00e1 40 anos no Brasil"},"content":{"rendered":"\n<p><em><span class=\"has-inline-color has-black-color\">Foram quatro d\u00e9cadas sem registros do mutum-pinima, que foi encontrado por equipe em terra ind\u00edgena no Par\u00e1<\/span><\/em><\/p>\n\n\n\n<p><span class=\"has-inline-color has-black-color\">Por <strong>Luiz Claudio Ferreira<\/strong><\/span><\/p>\n\n\n\n<div class=\"wp-block-image\"><figure class=\"aligncenter size-large\"><img loading=\"lazy\" decoding=\"async\" width=\"1024\" height=\"111\" src=\"https:\/\/jornalfatosenoticias.com.br\/wp-content\/uploads\/2020\/02\/WhatsApp-Image-2022-09-23-at-12.09.18-1024x111.jpeg\" alt=\"\" class=\"wp-image-34527\" srcset=\"https:\/\/jornalfatosenoticias.com.br\/wp-content\/uploads\/2020\/02\/WhatsApp-Image-2022-09-23-at-12.09.18-1024x111.jpeg 1024w, https:\/\/jornalfatosenoticias.com.br\/wp-content\/uploads\/2020\/02\/WhatsApp-Image-2022-09-23-at-12.09.18-300x32.jpeg 300w, https:\/\/jornalfatosenoticias.com.br\/wp-content\/uploads\/2020\/02\/WhatsApp-Image-2022-09-23-at-12.09.18-768x83.jpeg 768w, https:\/\/jornalfatosenoticias.com.br\/wp-content\/uploads\/2020\/02\/WhatsApp-Image-2022-09-23-at-12.09.18.jpeg 1121w\" sizes=\"auto, (max-width: 1024px) 100vw, 1024px\" \/><\/figure><\/div>\n\n\n\n<p>Eram 4h da manh\u00e3 na v\u00e1rzea do rio que banha a Terra Ind\u00edgena M\u00e3e Maria, no munic\u00edpio de Bom Jesus do Tocantins (PA). O canto de p\u00e1ssaro surge de forma surpreendente para dois pesquisadores ornit\u00f3logos, no d\u00e9cimo dia da expedi\u00e7\u00e3o da pesquisa em que buscavam a ave mutum-pinima, criticamente amea\u00e7ada de extin\u00e7\u00e3o. Eles quase n\u00e3o acreditavam no que ouviam. E depois no que enxergavam. Havia 40 anos que nenhum pesquisador via o bicho de perto. E aconteceu.<\/p>\n\n\n\n<blockquote class=\"wp-block-quote is-layout-flow wp-block-quote-is-layout-flow\"><p><span class=\"has-inline-color has-luminous-vivid-orange-color\">A gente observou e gravou o bicho por mais de dez minutos. Foi aquela felicidade\u201d, diz o ornit\u00f3logo Gustavo Gonsioroski que atuou no estudo realizado no m\u00eas passado. Foram registrados seis indiv\u00edduos, entre eles casais, o que garante a esperan\u00e7a de manuten\u00e7\u00e3o da esp\u00e9cie.<\/span><\/p><\/blockquote>\n\n\n\n<div class=\"wp-block-image\"><figure class=\"aligncenter size-large\"><img loading=\"lazy\" decoding=\"async\" width=\"300\" height=\"250\" src=\"https:\/\/jornalfatosenoticias.com.br\/wp-content\/uploads\/2022\/08\/arte-Casarao.jpg\" alt=\"\" class=\"wp-image-33178\"\/><\/figure><\/div>\n\n\n\n<p>Gonsioroski e outros pesquisadores preparam-se para voltar \u00e0 regi\u00e3o no m\u00eas que vem, na tentativa de encontrar outras aves mutum-pinima como essa para pol\u00edtica de manejo e prote\u00e7\u00e3o. Ele participa do Plano de A\u00e7\u00e3o Territorial para Conserva\u00e7\u00e3o de Esp\u00e9cies Amea\u00e7adas de Extin\u00e7\u00e3o do Territ\u00f3rio Meio Norte (PAT Meio Norte).<\/p>\n\n\n\n<div class=\"wp-block-image\"><figure class=\"aligncenter size-large is-resized\"><img loading=\"lazy\" decoding=\"async\" src=\"https:\/\/jornalfatosenoticias.com.br\/wp-content\/uploads\/2020\/02\/LOGO-BLU-COMERCIAL-PRETO-1024x600.jpg\" alt=\"\" class=\"wp-image-44089\" width=\"370\" height=\"216\"\/><\/figure><\/div>\n\n\n\n<p>O plano \u00e9 coordenado pela Secretaria de Meio Ambiente do Maranh\u00e3o (Sema), juntamente com o Instituto Natureza do Tocantins (Naturatins) e o Instituto de Desenvolvimento Florestal e da Biodiversidade do estado do Par\u00e1 (Ideflor-Bio). A iniciativa faz parte do projeto Pr\u00f3-Esp\u00e9cies: Todos contra a extin\u00e7\u00e3o, iniciativa do Minist\u00e9rio do Meio Ambiente e Mudan\u00e7a do Clima (MMA).<\/p>\n\n\n\n<div class=\"wp-block-image\"><figure class=\"aligncenter size-large\"><img loading=\"lazy\" decoding=\"async\" width=\"300\" height=\"250\" src=\"https:\/\/jornalfatosenoticias.com.br\/wp-content\/uploads\/2020\/02\/Banner-2.png\" alt=\"\" class=\"wp-image-43787\"\/><\/figure><\/div>\n\n\n\n<p>\u201cEncontrar seis indiv\u00edduos \u00e9 algo in\u00e9dito. Foi muita adrenalina e emo\u00e7\u00e3o. Um momento bem exclusivo mesmo\u201d, afirmou Gonsioroski. Para encontrar os animais, os pesquisadores contaram com informa\u00e7\u00f5es de ind\u00edgenas da regi\u00e3o, da etnia Gavi\u00e3o Parkatej\u00ea, e da tecnologia com instala\u00e7\u00e3o de dez gravadores de \u00e1udio e dez c\u00e2meras trap, para registro de v\u00eddeo.<\/p>\n\n\n\n<div class=\"wp-block-image\"><figure class=\"aligncenter size-large is-resized\"><img loading=\"lazy\" decoding=\"async\" src=\"https:\/\/jornalfatosenoticias.com.br\/wp-content\/uploads\/2023\/08\/BKR-1024x1021.jpg\" alt=\"\" class=\"wp-image-44494\" width=\"308\" height=\"307\" srcset=\"https:\/\/jornalfatosenoticias.com.br\/wp-content\/uploads\/2023\/08\/BKR-1024x1021.jpg 1024w, https:\/\/jornalfatosenoticias.com.br\/wp-content\/uploads\/2023\/08\/BKR-300x300.jpg 300w, https:\/\/jornalfatosenoticias.com.br\/wp-content\/uploads\/2023\/08\/BKR-150x150.jpg 150w, https:\/\/jornalfatosenoticias.com.br\/wp-content\/uploads\/2023\/08\/BKR-768x766.jpg 768w, https:\/\/jornalfatosenoticias.com.br\/wp-content\/uploads\/2023\/08\/BKR.jpg 1080w\" sizes=\"auto, (max-width: 308px) 100vw, 308px\" \/><\/figure><\/div>\n\n\n\n<p><strong><span class=\"has-inline-color has-vivid-green-cyan-color\">Amea\u00e7as<br><\/span><\/strong>O bi\u00f3logo e ornit\u00f3logo Leonardo Victor, que tamb\u00e9m participou da expedi\u00e7\u00e3o, relata que a identifica\u00e7\u00e3o ocorreu quando se preparavam para desistir. <\/p>\n\n\n\n<blockquote class=\"wp-block-quote is-layout-flow wp-block-quote-is-layout-flow\"><p><span class=\"has-inline-color has-luminous-vivid-orange-color\">N\u00f3s t\u00ednhamos colocado as c\u00e2meras em locais que os ind\u00edgenas tinham recomendado. Primeiro tomamos um susto. H\u00e1 40 anos a esp\u00e9cie n\u00e3o aparecia\u201d.<\/span><\/p><\/blockquote>\n\n\n\n<div class=\"wp-block-image\"><figure class=\"aligncenter size-large is-resized\"><img loading=\"lazy\" decoding=\"async\" src=\"https:\/\/jornalfatosenoticias.com.br\/wp-content\/uploads\/2023\/03\/nova-logo-Marquetti.jpg\" alt=\"\" class=\"wp-image-40207\" width=\"313\" height=\"210\" srcset=\"https:\/\/jornalfatosenoticias.com.br\/wp-content\/uploads\/2023\/03\/nova-logo-Marquetti.jpg 643w, https:\/\/jornalfatosenoticias.com.br\/wp-content\/uploads\/2023\/03\/nova-logo-Marquetti-300x202.jpg 300w\" sizes=\"auto, (max-width: 313px) 100vw, 313px\" \/><\/figure><\/div>\n\n\n\n<p>Os pesquisadores explicam que se trata de ave restrita a uma pequena regi\u00e3o da Amaz\u00f4nia, entre o leste do Rio Tocantins e a Amaz\u00f4nia maranhense. \u201cO maior problema da esp\u00e9cie \u00e9 que est\u00e1 restrita a uma \u00e1rea de mata de v\u00e1rzea devastada da Amaz\u00f4nia, muito impactada pela destrui\u00e7\u00e3o da floresta\u201d, afirma Gustavo Gonsioroski.<\/p>\n\n\n\n<div class=\"wp-block-image\"><figure class=\"aligncenter size-large is-resized\"><img loading=\"lazy\" decoding=\"async\" src=\"https:\/\/jornalfatosenoticias.com.br\/wp-content\/uploads\/2023\/08\/ITH.jpeg\" alt=\"\" class=\"wp-image-44638\" width=\"335\" height=\"272\" srcset=\"https:\/\/jornalfatosenoticias.com.br\/wp-content\/uploads\/2023\/08\/ITH.jpeg 800w, https:\/\/jornalfatosenoticias.com.br\/wp-content\/uploads\/2023\/08\/ITH-300x244.jpeg 300w, https:\/\/jornalfatosenoticias.com.br\/wp-content\/uploads\/2023\/08\/ITH-768x624.jpeg 768w\" sizes=\"auto, (max-width: 335px) 100vw, 335px\" \/><\/figure><\/div>\n\n\n\n<p><strong><span class=\"has-inline-color has-vivid-green-cyan-color\">Conscientiza\u00e7\u00e3o<\/span><\/strong><br>Al\u00e9m da destrui\u00e7\u00e3o do habitat, ele explica que a ca\u00e7a de aves na regi\u00e3o \u00e9 cultural. Estar presente nessa regi\u00e3o, segundo os pesquisadores, indica que a terra ind\u00edgena \u00e9 ainda um local mais protegido. Segundo a pesquisadora La\u00eds Morais R\u00eago, superintendente de Biodiversidade e \u00c1reas Protegidas da Sema e coordenadora do plano de a\u00e7\u00e3o, a descoberta deve ser acompanhada do fortalecimento da legisla\u00e7\u00e3o para proteger o animal amea\u00e7ado.<\/p>\n\n\n\n<div class=\"wp-block-image\"><figure class=\"aligncenter size-large\"><img loading=\"lazy\" decoding=\"async\" width=\"300\" height=\"250\" src=\"https:\/\/jornalfatosenoticias.com.br\/wp-content\/uploads\/2022\/02\/FERRARI_MAQUINAS-E-FERRAMENTAS2.jpg\" alt=\"\" class=\"wp-image-27860\"\/><\/figure><\/div>\n\n\n\n<p>\u201cO plano tem como meta proteger 12 esp\u00e9cies amea\u00e7adas e melhorar o estado de conserva\u00e7\u00e3o delas. Est\u00e3o criticamente amea\u00e7adas de extin\u00e7\u00e3o\u201d, explica. Estar criticamente amea\u00e7ada \u00e9 o est\u00e1gio anterior da extin\u00e7\u00e3o. Outra meta do projeto, ressalta a superintendente, \u00e9 trabalhar na conscientiza\u00e7\u00e3o das comunidades da regi\u00e3o para ajudar na prote\u00e7\u00e3o do animal. \u201cEstamos agora nessa fase de constru\u00e7\u00e3o de material educativo para tamb\u00e9m conseguir melhorar esse aspecto da divulga\u00e7\u00e3o\u201d, afirma La\u00eds.<\/p>\n\n\n\n<div class=\"wp-block-image\"><figure class=\"aligncenter size-large is-resized\"><img loading=\"lazy\" decoding=\"async\" src=\"https:\/\/jornalfatosenoticias.com.br\/wp-content\/uploads\/2022\/10\/RC_800x750_page-0001.jpg\" alt=\"\" class=\"wp-image-35338\" width=\"270\" height=\"253\" srcset=\"https:\/\/jornalfatosenoticias.com.br\/wp-content\/uploads\/2022\/10\/RC_800x750_page-0001.jpg 400w, https:\/\/jornalfatosenoticias.com.br\/wp-content\/uploads\/2022\/10\/RC_800x750_page-0001-300x281.jpg 300w\" sizes=\"auto, (max-width: 270px) 100vw, 270px\" \/><\/figure><\/div>\n\n\n\n<blockquote class=\"wp-block-quote is-layout-flow wp-block-quote-is-layout-flow\"><p><span class=\"has-inline-color has-luminous-vivid-orange-color\">Os ind\u00edgenas ficaram muito comovidos com a situa\u00e7\u00e3o da ave e se colocaram \u00e0 total disposi\u00e7\u00e3o para ajudar a difundir a mensagem de que se evite a ca\u00e7a\u201d, afirma o bi\u00f3logo Leonardo Victor. De acordo com os pesquisadores, h\u00e1 uma estimativa de que exista no m\u00e1ximo 50 indiv\u00edduos vivos na natureza. \u201cN\u00f3s encontramos seis bichos l\u00e1 em dez dias\u201d.<\/span><\/p><\/blockquote>\n\n\n\n<div class=\"wp-block-image\"><figure class=\"aligncenter size-large is-resized\"><img loading=\"lazy\" decoding=\"async\" src=\"https:\/\/jornalfatosenoticias.com.br\/wp-content\/uploads\/2023\/08\/Steel.jpeg\" alt=\"\" class=\"wp-image-44634\" width=\"329\" height=\"267\" srcset=\"https:\/\/jornalfatosenoticias.com.br\/wp-content\/uploads\/2023\/08\/Steel.jpeg 800w, https:\/\/jornalfatosenoticias.com.br\/wp-content\/uploads\/2023\/08\/Steel-300x244.jpeg 300w, https:\/\/jornalfatosenoticias.com.br\/wp-content\/uploads\/2023\/08\/Steel-768x624.jpeg 768w\" sizes=\"auto, (max-width: 329px) 100vw, 329px\" \/><\/figure><\/div>\n\n\n\n<p><strong><span class=\"has-inline-color has-vivid-green-cyan-color\">Plantadores de a\u00e7a\u00ed<br><\/span><\/strong>Salvar uma esp\u00e9cie tem significados imensur\u00e1veis para o meio ambiente. N\u00e3o obstante, os pesquisadores lembram que, para sensibilizar pessoas leigas, \u00e9 necess\u00e1rio ratificar que uma esp\u00e9cie como o mutum-pinima colabora de forma fundamental para a vida humana. \u201cTento passar uma mensagem que a ave \u00e9 um prestador de servi\u00e7o natural\u201d, diz Leonardo Victor.<\/p>\n\n\n\n<div class=\"wp-block-image\"><figure class=\"aligncenter size-large\"><img decoding=\"async\" src=\"https:\/\/jornalfatosenoticias.com.br\/wp-content\/uploads\/2020\/02\/logo_esteio.jpg\" alt=\"\" class=\"wp-image-1214\"\/><\/figure><\/div>\n\n\n\n<blockquote class=\"wp-block-quote is-layout-flow wp-block-quote-is-layout-flow\"><p><span class=\"has-inline-color has-luminous-vivid-orange-color\">N\u00e3o adianta s\u00f3 falar que a legisla\u00e7\u00e3o trata de patrim\u00f4nio natural. \u00c9 preciso lembrar que a ave colabora para a planta\u00e7\u00e3o do a\u00e7a\u00ed na regi\u00e3o. Esse animal amea\u00e7ado leva as sementes que plantam floresta de a\u00e7a\u00ed na Amaz\u00f4nia, um bicho que dissemina o sustento de comunidades\u201d, acrescenta Gonsioroski.<\/span><\/p><\/blockquote>\n\n\n\n<div class=\"wp-block-image\"><figure class=\"aligncenter size-large is-resized\"><img loading=\"lazy\" decoding=\"async\" src=\"https:\/\/jornalfatosenoticias.com.br\/wp-content\/uploads\/2020\/02\/CONTROL-CS.jpg\" alt=\"\" class=\"wp-image-44991\" width=\"286\" height=\"343\" srcset=\"https:\/\/jornalfatosenoticias.com.br\/wp-content\/uploads\/2020\/02\/CONTROL-CS.jpg 834w, https:\/\/jornalfatosenoticias.com.br\/wp-content\/uploads\/2020\/02\/CONTROL-CS-250x300.jpg 250w, https:\/\/jornalfatosenoticias.com.br\/wp-content\/uploads\/2020\/02\/CONTROL-CS-768x921.jpg 768w\" sizes=\"auto, (max-width: 286px) 100vw, 286px\" \/><\/figure><\/div>\n\n\n\n<p>A coordenadora da pesquisa ratifica que a import\u00e2ncia das aves, pr\u00f3ximas aos rios, para a planta\u00e7\u00e3o do a\u00e7a\u00ed torna did\u00e1tica essa cadeia natural entre fauna e flora, por exemplo. \u201c\u00c9 uma engrenagem. Quando uma esp\u00e9cie deixa de existir, outras tamb\u00e9m v\u00e3o come\u00e7ar a faltar\u201d.<\/p>\n\n\n\n<div class=\"wp-block-image\"><figure class=\"aligncenter size-large is-resized\"><img loading=\"lazy\" decoding=\"async\" src=\"https:\/\/jornalfatosenoticias.com.br\/wp-content\/uploads\/2023\/07\/lacremoda.jpg\" alt=\"\" class=\"wp-image-43706\" width=\"375\" height=\"210\" srcset=\"https:\/\/jornalfatosenoticias.com.br\/wp-content\/uploads\/2023\/07\/lacremoda.jpg 1024w, https:\/\/jornalfatosenoticias.com.br\/wp-content\/uploads\/2023\/07\/lacremoda-300x168.jpg 300w, https:\/\/jornalfatosenoticias.com.br\/wp-content\/uploads\/2023\/07\/lacremoda-768x431.jpg 768w\" sizes=\"auto, (max-width: 375px) 100vw, 375px\" \/><\/figure><\/div>\n\n\n\n<p>Em dezembro, os pesquisadores voltam \u00e0 regi\u00e3o para recolher os gravadores e c\u00e2meras e continuar buscando a ave em locais em que ainda n\u00e3o passaram. Eles v\u00e3o procurar novamente o bicho de canto grave, dif\u00edcil de captar at\u00e9 com um gravador, j\u00e1 que \u00e9 t\u00edmido e arisco, que surge de manh\u00e3 e \u201csome\u201d. Depois, retorna no crep\u00fasculo. Os pesquisadores querem iluminar essa hist\u00f3ria, conhecer mais da ave para saber como preserv\u00e1-la.<\/p>\n\n\n\n<p><em><span class=\"has-inline-color has-black-color\">(<strong>Foto: <\/strong>Leonardo Victor Soares Pinheiro\/Ag\u00eancia Brasil)<\/span><\/em><\/p>\n\n\n\n<div class=\"wp-block-image\"><figure class=\"aligncenter size-large is-resized\"><img loading=\"lazy\" decoding=\"async\" src=\"https:\/\/jornalfatosenoticias.com.br\/wp-content\/uploads\/2023\/09\/vetorvix1024_1.jpg\" alt=\"\" class=\"wp-image-44868\" width=\"449\" height=\"119\" srcset=\"https:\/\/jornalfatosenoticias.com.br\/wp-content\/uploads\/2023\/09\/vetorvix1024_1.jpg 1024w, https:\/\/jornalfatosenoticias.com.br\/wp-content\/uploads\/2023\/09\/vetorvix1024_1-300x80.jpg 300w, https:\/\/jornalfatosenoticias.com.br\/wp-content\/uploads\/2023\/09\/vetorvix1024_1-768x205.jpg 768w\" sizes=\"auto, (max-width: 449px) 100vw, 449px\" \/><\/figure><\/div>\n\n\n\n<p><strong><em>Fonte: <a href=\"https:\/\/umsoplaneta.globo.com\/biodiversidade\/noticia\/2023\/11\/12\/no-para-pesquisadores-avistam-ave-desaparecida-ha-40-anos-no-brasil.ghtml\">Um S\u00f3 Planeta<\/a><\/em><\/strong><\/p>\n","protected":false},"excerpt":{"rendered":"<p>Foram quatro d\u00e9cadas sem registros do mutum-pinima, que foi encontrado por equipe em terra ind\u00edgena no Par\u00e1 Por Luiz Claudio Ferreira Eram 4h da manh\u00e3 na v\u00e1rzea do rio que banha a Terra Ind\u00edgena M\u00e3e Maria, no munic\u00edpio de Bom Jesus do Tocantins (PA). O canto de p\u00e1ssaro surge de forma surpreendente para dois pesquisadores [&hellip;]<\/p>\n","protected":false},"author":2,"featured_media":46937,"comment_status":"open","ping_status":"open","sticky":false,"template":"","format":"standard","meta":{"footnotes":""},"categories":[8],"tags":[4850,22002,597,22003,940],"class_list":["post-46936","post","type-post","status-publish","format-standard","has-post-thumbnail","hentry","category-meio-ambiente","tag-ave","tag-ave-desaparecida","tag-brasil","tag-mutum-pinima","tag-para"],"yoast_head":"<!-- This site is optimized with the Yoast SEO plugin v26.5 - https:\/\/yoast.com\/wordpress\/plugins\/seo\/ -->\n<title>Pesquisadores avistam ave desaparecida h\u00e1 40 anos no Brasil - Jornal Fatos e Not\u00edcias<\/title>\n<meta name=\"robots\" content=\"index, follow, max-snippet:-1, max-image-preview:large, max-video-preview:-1\" \/>\n<link rel=\"canonical\" href=\"https:\/\/jornalfatosenoticias.com.br\/index.php\/2023\/11\/14\/pesquisadores-avistam-ave-desaparecida-havia-40-anos-no-brasil\/\" \/>\n<meta property=\"og:locale\" content=\"pt_BR\" \/>\n<meta property=\"og:type\" content=\"article\" \/>\n<meta property=\"og:title\" content=\"Pesquisadores avistam ave desaparecida h\u00e1 40 anos no Brasil - Jornal Fatos e Not\u00edcias\" \/>\n<meta property=\"og:description\" content=\"Foram quatro d\u00e9cadas sem registros do mutum-pinima, que foi encontrado por equipe em terra ind\u00edgena no Par\u00e1 Por Luiz Claudio Ferreira Eram 4h da manh\u00e3 na v\u00e1rzea do rio que banha a Terra Ind\u00edgena M\u00e3e Maria, no munic\u00edpio de Bom Jesus do Tocantins (PA). O canto de p\u00e1ssaro surge de forma surpreendente para dois pesquisadores [&hellip;]\" \/>\n<meta property=\"og:url\" content=\"https:\/\/jornalfatosenoticias.com.br\/index.php\/2023\/11\/14\/pesquisadores-avistam-ave-desaparecida-havia-40-anos-no-brasil\/\" \/>\n<meta property=\"og:site_name\" content=\"Jornal Fatos e Not\u00edcias\" \/>\n<meta property=\"article:published_time\" content=\"2023-11-14T13:20:19+00:00\" \/>\n<meta property=\"article:modified_time\" content=\"2023-11-14T13:21:04+00:00\" \/>\n<meta property=\"og:image\" content=\"https:\/\/jornalfatosenoticias.com.br\/wp-content\/uploads\/2023\/11\/mutim-pinima.jpg\" \/>\n\t<meta property=\"og:image:width\" content=\"888\" \/>\n\t<meta property=\"og:image:height\" content=\"531\" \/>\n\t<meta property=\"og:image:type\" content=\"image\/jpeg\" \/>\n<meta name=\"author\" content=\"Luzimara Fernandes\" \/>\n<meta name=\"twitter:card\" content=\"summary_large_image\" \/>\n<meta name=\"twitter:label1\" content=\"Escrito por\" \/>\n\t<meta name=\"twitter:data1\" content=\"Luzimara Fernandes\" \/>\n\t<meta name=\"twitter:label2\" content=\"Est. tempo de leitura\" \/>\n\t<meta name=\"twitter:data2\" content=\"5 minutos\" \/>\n<script type=\"application\/ld+json\" class=\"yoast-schema-graph\">{\"@context\":\"https:\/\/schema.org\",\"@graph\":[{\"@type\":\"Article\",\"@id\":\"https:\/\/jornalfatosenoticias.com.br\/index.php\/2023\/11\/14\/pesquisadores-avistam-ave-desaparecida-havia-40-anos-no-brasil\/#article\",\"isPartOf\":{\"@id\":\"https:\/\/jornalfatosenoticias.com.br\/index.php\/2023\/11\/14\/pesquisadores-avistam-ave-desaparecida-havia-40-anos-no-brasil\/\"},\"author\":{\"name\":\"Luzimara Fernandes\",\"@id\":\"https:\/\/jornalfatosenoticias.com.br\/#\/schema\/person\/d63837fa13ac8666eb9e74e0985d6f81\"},\"headline\":\"Pesquisadores avistam ave desaparecida h\u00e1 40 anos no Brasil\",\"datePublished\":\"2023-11-14T13:20:19+00:00\",\"dateModified\":\"2023-11-14T13:21:04+00:00\",\"mainEntityOfPage\":{\"@id\":\"https:\/\/jornalfatosenoticias.com.br\/index.php\/2023\/11\/14\/pesquisadores-avistam-ave-desaparecida-havia-40-anos-no-brasil\/\"},\"wordCount\":951,\"commentCount\":0,\"publisher\":{\"@id\":\"https:\/\/jornalfatosenoticias.com.br\/#organization\"},\"image\":{\"@id\":\"https:\/\/jornalfatosenoticias.com.br\/index.php\/2023\/11\/14\/pesquisadores-avistam-ave-desaparecida-havia-40-anos-no-brasil\/#primaryimage\"},\"thumbnailUrl\":\"https:\/\/jornalfatosenoticias.com.br\/wp-content\/uploads\/2023\/11\/mutim-pinima.jpg\",\"keywords\":[\"ave\",\"ave desaparecida\",\"Brasil\",\"mutum-pinima\",\"Par\u00e1\"],\"articleSection\":[\"Meio ambiente\"],\"inLanguage\":\"pt-BR\",\"potentialAction\":[{\"@type\":\"CommentAction\",\"name\":\"Comment\",\"target\":[\"https:\/\/jornalfatosenoticias.com.br\/index.php\/2023\/11\/14\/pesquisadores-avistam-ave-desaparecida-havia-40-anos-no-brasil\/#respond\"]}]},{\"@type\":\"WebPage\",\"@id\":\"https:\/\/jornalfatosenoticias.com.br\/index.php\/2023\/11\/14\/pesquisadores-avistam-ave-desaparecida-havia-40-anos-no-brasil\/\",\"url\":\"https:\/\/jornalfatosenoticias.com.br\/index.php\/2023\/11\/14\/pesquisadores-avistam-ave-desaparecida-havia-40-anos-no-brasil\/\",\"name\":\"Pesquisadores avistam ave desaparecida h\u00e1 40 anos no Brasil - Jornal Fatos e Not\u00edcias\",\"isPartOf\":{\"@id\":\"https:\/\/jornalfatosenoticias.com.br\/#website\"},\"primaryImageOfPage\":{\"@id\":\"https:\/\/jornalfatosenoticias.com.br\/index.php\/2023\/11\/14\/pesquisadores-avistam-ave-desaparecida-havia-40-anos-no-brasil\/#primaryimage\"},\"image\":{\"@id\":\"https:\/\/jornalfatosenoticias.com.br\/index.php\/2023\/11\/14\/pesquisadores-avistam-ave-desaparecida-havia-40-anos-no-brasil\/#primaryimage\"},\"thumbnailUrl\":\"https:\/\/jornalfatosenoticias.com.br\/wp-content\/uploads\/2023\/11\/mutim-pinima.jpg\",\"datePublished\":\"2023-11-14T13:20:19+00:00\",\"dateModified\":\"2023-11-14T13:21:04+00:00\",\"breadcrumb\":{\"@id\":\"https:\/\/jornalfatosenoticias.com.br\/index.php\/2023\/11\/14\/pesquisadores-avistam-ave-desaparecida-havia-40-anos-no-brasil\/#breadcrumb\"},\"inLanguage\":\"pt-BR\",\"potentialAction\":[{\"@type\":\"ReadAction\",\"target\":[\"https:\/\/jornalfatosenoticias.com.br\/index.php\/2023\/11\/14\/pesquisadores-avistam-ave-desaparecida-havia-40-anos-no-brasil\/\"]}]},{\"@type\":\"ImageObject\",\"inLanguage\":\"pt-BR\",\"@id\":\"https:\/\/jornalfatosenoticias.com.br\/index.php\/2023\/11\/14\/pesquisadores-avistam-ave-desaparecida-havia-40-anos-no-brasil\/#primaryimage\",\"url\":\"https:\/\/jornalfatosenoticias.com.br\/wp-content\/uploads\/2023\/11\/mutim-pinima.jpg\",\"contentUrl\":\"https:\/\/jornalfatosenoticias.com.br\/wp-content\/uploads\/2023\/11\/mutim-pinima.jpg\",\"width\":888,\"height\":531},{\"@type\":\"BreadcrumbList\",\"@id\":\"https:\/\/jornalfatosenoticias.com.br\/index.php\/2023\/11\/14\/pesquisadores-avistam-ave-desaparecida-havia-40-anos-no-brasil\/#breadcrumb\",\"itemListElement\":[{\"@type\":\"ListItem\",\"position\":1,\"name\":\"In\u00edcio\",\"item\":\"https:\/\/jornalfatosenoticias.com.br\/\"},{\"@type\":\"ListItem\",\"position\":2,\"name\":\"Pesquisadores avistam ave desaparecida h\u00e1 40 anos no Brasil\"}]},{\"@type\":\"WebSite\",\"@id\":\"https:\/\/jornalfatosenoticias.com.br\/#website\",\"url\":\"https:\/\/jornalfatosenoticias.com.br\/\",\"name\":\"Jornal Fatos e Not\u00edcias\",\"description\":\"Not\u00edcias em geral\",\"publisher\":{\"@id\":\"https:\/\/jornalfatosenoticias.com.br\/#organization\"},\"potentialAction\":[{\"@type\":\"SearchAction\",\"target\":{\"@type\":\"EntryPoint\",\"urlTemplate\":\"https:\/\/jornalfatosenoticias.com.br\/?s={search_term_string}\"},\"query-input\":{\"@type\":\"PropertyValueSpecification\",\"valueRequired\":true,\"valueName\":\"search_term_string\"}}],\"inLanguage\":\"pt-BR\"},{\"@type\":\"Organization\",\"@id\":\"https:\/\/jornalfatosenoticias.com.br\/#organization\",\"name\":\"Jornal Fatos e Not\u00edcias\",\"url\":\"https:\/\/jornalfatosenoticias.com.br\/\",\"logo\":{\"@type\":\"ImageObject\",\"inLanguage\":\"pt-BR\",\"@id\":\"https:\/\/jornalfatosenoticias.com.br\/#\/schema\/logo\/image\/\",\"url\":\"https:\/\/jornalfatosenoticias.com.br\/wp-content\/uploads\/2020\/02\/logo120.png\",\"contentUrl\":\"https:\/\/jornalfatosenoticias.com.br\/wp-content\/uploads\/2020\/02\/logo120.png\",\"width\":1227,\"height\":120,\"caption\":\"Jornal Fatos e Not\u00edcias\"},\"image\":{\"@id\":\"https:\/\/jornalfatosenoticias.com.br\/#\/schema\/logo\/image\/\"}},{\"@type\":\"Person\",\"@id\":\"https:\/\/jornalfatosenoticias.com.br\/#\/schema\/person\/d63837fa13ac8666eb9e74e0985d6f81\",\"name\":\"Luzimara Fernandes\",\"image\":{\"@type\":\"ImageObject\",\"inLanguage\":\"pt-BR\",\"@id\":\"https:\/\/jornalfatosenoticias.com.br\/#\/schema\/person\/image\/\",\"url\":\"https:\/\/jornalfatosenoticias.com.br\/wp-content\/uploads\/2025\/05\/EU_portal.jpg\",\"contentUrl\":\"https:\/\/jornalfatosenoticias.com.br\/wp-content\/uploads\/2025\/05\/EU_portal.jpg\",\"caption\":\"Luzimara Fernandes\"},\"description\":\"Jornalista MTB 2358-ES\",\"sameAs\":[\"https:\/\/jornalfatosenoticias.com.br\"],\"url\":\"https:\/\/jornalfatosenoticias.com.br\/index.php\/author\/luzimara\/\"}]}<\/script>\n<!-- \/ Yoast SEO plugin. -->","yoast_head_json":{"title":"Pesquisadores avistam ave desaparecida h\u00e1 40 anos no Brasil - Jornal Fatos e Not\u00edcias","robots":{"index":"index","follow":"follow","max-snippet":"max-snippet:-1","max-image-preview":"max-image-preview:large","max-video-preview":"max-video-preview:-1"},"canonical":"https:\/\/jornalfatosenoticias.com.br\/index.php\/2023\/11\/14\/pesquisadores-avistam-ave-desaparecida-havia-40-anos-no-brasil\/","og_locale":"pt_BR","og_type":"article","og_title":"Pesquisadores avistam ave desaparecida h\u00e1 40 anos no Brasil - Jornal Fatos e Not\u00edcias","og_description":"Foram quatro d\u00e9cadas sem registros do mutum-pinima, que foi encontrado por equipe em terra ind\u00edgena no Par\u00e1 Por Luiz Claudio Ferreira Eram 4h da manh\u00e3 na v\u00e1rzea do rio que banha a Terra Ind\u00edgena M\u00e3e Maria, no munic\u00edpio de Bom Jesus do Tocantins (PA). O canto de p\u00e1ssaro surge de forma surpreendente para dois pesquisadores [&hellip;]","og_url":"https:\/\/jornalfatosenoticias.com.br\/index.php\/2023\/11\/14\/pesquisadores-avistam-ave-desaparecida-havia-40-anos-no-brasil\/","og_site_name":"Jornal Fatos e Not\u00edcias","article_published_time":"2023-11-14T13:20:19+00:00","article_modified_time":"2023-11-14T13:21:04+00:00","og_image":[{"width":888,"height":531,"url":"https:\/\/jornalfatosenoticias.com.br\/wp-content\/uploads\/2023\/11\/mutim-pinima.jpg","type":"image\/jpeg"}],"author":"Luzimara Fernandes","twitter_card":"summary_large_image","twitter_misc":{"Escrito por":"Luzimara Fernandes","Est. tempo de leitura":"5 minutos"},"schema":{"@context":"https:\/\/schema.org","@graph":[{"@type":"Article","@id":"https:\/\/jornalfatosenoticias.com.br\/index.php\/2023\/11\/14\/pesquisadores-avistam-ave-desaparecida-havia-40-anos-no-brasil\/#article","isPartOf":{"@id":"https:\/\/jornalfatosenoticias.com.br\/index.php\/2023\/11\/14\/pesquisadores-avistam-ave-desaparecida-havia-40-anos-no-brasil\/"},"author":{"name":"Luzimara Fernandes","@id":"https:\/\/jornalfatosenoticias.com.br\/#\/schema\/person\/d63837fa13ac8666eb9e74e0985d6f81"},"headline":"Pesquisadores avistam ave desaparecida h\u00e1 40 anos no Brasil","datePublished":"2023-11-14T13:20:19+00:00","dateModified":"2023-11-14T13:21:04+00:00","mainEntityOfPage":{"@id":"https:\/\/jornalfatosenoticias.com.br\/index.php\/2023\/11\/14\/pesquisadores-avistam-ave-desaparecida-havia-40-anos-no-brasil\/"},"wordCount":951,"commentCount":0,"publisher":{"@id":"https:\/\/jornalfatosenoticias.com.br\/#organization"},"image":{"@id":"https:\/\/jornalfatosenoticias.com.br\/index.php\/2023\/11\/14\/pesquisadores-avistam-ave-desaparecida-havia-40-anos-no-brasil\/#primaryimage"},"thumbnailUrl":"https:\/\/jornalfatosenoticias.com.br\/wp-content\/uploads\/2023\/11\/mutim-pinima.jpg","keywords":["ave","ave desaparecida","Brasil","mutum-pinima","Par\u00e1"],"articleSection":["Meio ambiente"],"inLanguage":"pt-BR","potentialAction":[{"@type":"CommentAction","name":"Comment","target":["https:\/\/jornalfatosenoticias.com.br\/index.php\/2023\/11\/14\/pesquisadores-avistam-ave-desaparecida-havia-40-anos-no-brasil\/#respond"]}]},{"@type":"WebPage","@id":"https:\/\/jornalfatosenoticias.com.br\/index.php\/2023\/11\/14\/pesquisadores-avistam-ave-desaparecida-havia-40-anos-no-brasil\/","url":"https:\/\/jornalfatosenoticias.com.br\/index.php\/2023\/11\/14\/pesquisadores-avistam-ave-desaparecida-havia-40-anos-no-brasil\/","name":"Pesquisadores avistam ave desaparecida h\u00e1 40 anos no Brasil - Jornal Fatos e Not\u00edcias","isPartOf":{"@id":"https:\/\/jornalfatosenoticias.com.br\/#website"},"primaryImageOfPage":{"@id":"https:\/\/jornalfatosenoticias.com.br\/index.php\/2023\/11\/14\/pesquisadores-avistam-ave-desaparecida-havia-40-anos-no-brasil\/#primaryimage"},"image":{"@id":"https:\/\/jornalfatosenoticias.com.br\/index.php\/2023\/11\/14\/pesquisadores-avistam-ave-desaparecida-havia-40-anos-no-brasil\/#primaryimage"},"thumbnailUrl":"https:\/\/jornalfatosenoticias.com.br\/wp-content\/uploads\/2023\/11\/mutim-pinima.jpg","datePublished":"2023-11-14T13:20:19+00:00","dateModified":"2023-11-14T13:21:04+00:00","breadcrumb":{"@id":"https:\/\/jornalfatosenoticias.com.br\/index.php\/2023\/11\/14\/pesquisadores-avistam-ave-desaparecida-havia-40-anos-no-brasil\/#breadcrumb"},"inLanguage":"pt-BR","potentialAction":[{"@type":"ReadAction","target":["https:\/\/jornalfatosenoticias.com.br\/index.php\/2023\/11\/14\/pesquisadores-avistam-ave-desaparecida-havia-40-anos-no-brasil\/"]}]},{"@type":"ImageObject","inLanguage":"pt-BR","@id":"https:\/\/jornalfatosenoticias.com.br\/index.php\/2023\/11\/14\/pesquisadores-avistam-ave-desaparecida-havia-40-anos-no-brasil\/#primaryimage","url":"https:\/\/jornalfatosenoticias.com.br\/wp-content\/uploads\/2023\/11\/mutim-pinima.jpg","contentUrl":"https:\/\/jornalfatosenoticias.com.br\/wp-content\/uploads\/2023\/11\/mutim-pinima.jpg","width":888,"height":531},{"@type":"BreadcrumbList","@id":"https:\/\/jornalfatosenoticias.com.br\/index.php\/2023\/11\/14\/pesquisadores-avistam-ave-desaparecida-havia-40-anos-no-brasil\/#breadcrumb","itemListElement":[{"@type":"ListItem","position":1,"name":"In\u00edcio","item":"https:\/\/jornalfatosenoticias.com.br\/"},{"@type":"ListItem","position":2,"name":"Pesquisadores avistam ave desaparecida h\u00e1 40 anos no Brasil"}]},{"@type":"WebSite","@id":"https:\/\/jornalfatosenoticias.com.br\/#website","url":"https:\/\/jornalfatosenoticias.com.br\/","name":"Jornal Fatos e Not\u00edcias","description":"Not\u00edcias em geral","publisher":{"@id":"https:\/\/jornalfatosenoticias.com.br\/#organization"},"potentialAction":[{"@type":"SearchAction","target":{"@type":"EntryPoint","urlTemplate":"https:\/\/jornalfatosenoticias.com.br\/?s={search_term_string}"},"query-input":{"@type":"PropertyValueSpecification","valueRequired":true,"valueName":"search_term_string"}}],"inLanguage":"pt-BR"},{"@type":"Organization","@id":"https:\/\/jornalfatosenoticias.com.br\/#organization","name":"Jornal Fatos e Not\u00edcias","url":"https:\/\/jornalfatosenoticias.com.br\/","logo":{"@type":"ImageObject","inLanguage":"pt-BR","@id":"https:\/\/jornalfatosenoticias.com.br\/#\/schema\/logo\/image\/","url":"https:\/\/jornalfatosenoticias.com.br\/wp-content\/uploads\/2020\/02\/logo120.png","contentUrl":"https:\/\/jornalfatosenoticias.com.br\/wp-content\/uploads\/2020\/02\/logo120.png","width":1227,"height":120,"caption":"Jornal Fatos e Not\u00edcias"},"image":{"@id":"https:\/\/jornalfatosenoticias.com.br\/#\/schema\/logo\/image\/"}},{"@type":"Person","@id":"https:\/\/jornalfatosenoticias.com.br\/#\/schema\/person\/d63837fa13ac8666eb9e74e0985d6f81","name":"Luzimara Fernandes","image":{"@type":"ImageObject","inLanguage":"pt-BR","@id":"https:\/\/jornalfatosenoticias.com.br\/#\/schema\/person\/image\/","url":"https:\/\/jornalfatosenoticias.com.br\/wp-content\/uploads\/2025\/05\/EU_portal.jpg","contentUrl":"https:\/\/jornalfatosenoticias.com.br\/wp-content\/uploads\/2025\/05\/EU_portal.jpg","caption":"Luzimara Fernandes"},"description":"Jornalista MTB 2358-ES","sameAs":["https:\/\/jornalfatosenoticias.com.br"],"url":"https:\/\/jornalfatosenoticias.com.br\/index.php\/author\/luzimara\/"}]}},"cc_featured_image_caption":{"caption_text":"","source_text":"","source_url":""},"jetpack_featured_media_url":"https:\/\/jornalfatosenoticias.com.br\/wp-content\/uploads\/2023\/11\/mutim-pinima.jpg","_links":{"self":[{"href":"https:\/\/jornalfatosenoticias.com.br\/index.php\/wp-json\/wp\/v2\/posts\/46936","targetHints":{"allow":["GET"]}}],"collection":[{"href":"https:\/\/jornalfatosenoticias.com.br\/index.php\/wp-json\/wp\/v2\/posts"}],"about":[{"href":"https:\/\/jornalfatosenoticias.com.br\/index.php\/wp-json\/wp\/v2\/types\/post"}],"author":[{"embeddable":true,"href":"https:\/\/jornalfatosenoticias.com.br\/index.php\/wp-json\/wp\/v2\/users\/2"}],"replies":[{"embeddable":true,"href":"https:\/\/jornalfatosenoticias.com.br\/index.php\/wp-json\/wp\/v2\/comments?post=46936"}],"version-history":[{"count":0,"href":"https:\/\/jornalfatosenoticias.com.br\/index.php\/wp-json\/wp\/v2\/posts\/46936\/revisions"}],"wp:featuredmedia":[{"embeddable":true,"href":"https:\/\/jornalfatosenoticias.com.br\/index.php\/wp-json\/wp\/v2\/media\/46937"}],"wp:attachment":[{"href":"https:\/\/jornalfatosenoticias.com.br\/index.php\/wp-json\/wp\/v2\/media?parent=46936"}],"wp:term":[{"taxonomy":"category","embeddable":true,"href":"https:\/\/jornalfatosenoticias.com.br\/index.php\/wp-json\/wp\/v2\/categories?post=46936"},{"taxonomy":"post_tag","embeddable":true,"href":"https:\/\/jornalfatosenoticias.com.br\/index.php\/wp-json\/wp\/v2\/tags?post=46936"}],"curies":[{"name":"wp","href":"https:\/\/api.w.org\/{rel}","templated":true}]}}