{"id":46940,"date":"2023-11-14T10:27:28","date_gmt":"2023-11-14T13:27:28","guid":{"rendered":"https:\/\/jornalfatosenoticias.com.br\/?p=46940"},"modified":"2023-11-14T10:27:30","modified_gmt":"2023-11-14T13:27:30","slug":"na-reta-final-da-eleicao-inflacao-na-argentina-chega-a-1427-em-12-meses","status":"publish","type":"post","link":"https:\/\/jornalfatosenoticias.com.br\/index.php\/2023\/11\/14\/na-reta-final-da-eleicao-inflacao-na-argentina-chega-a-1427-em-12-meses\/","title":{"rendered":"Na reta final da elei\u00e7\u00e3o, infla\u00e7\u00e3o na Argentina chega a 142,7% em 12 meses"},"content":{"rendered":"\n<p><em><span class=\"has-inline-color has-black-color\">N\u00fameros foram novamente ruins para o candidato peronista \u00e0 Casa Rosada, Sergio Massa, atual ministro da Economia<\/span><\/em><\/p>\n\n\n\n<p><span class=\"has-inline-color has-black-color\">Por <strong><a href=\"https:\/\/www.gazetadopovo.com.br\/autor\/fabio-galao\/\">F\u00e1bio Gal\u00e3o<\/a><\/strong><\/span><\/p>\n\n\n\n<div class=\"wp-block-image\"><figure class=\"aligncenter size-large\"><img loading=\"lazy\" decoding=\"async\" width=\"1024\" height=\"110\" src=\"https:\/\/jornalfatosenoticias.com.br\/wp-content\/uploads\/2022\/10\/Arte-jornal-Zucchi-1120x120_Prancheta-1-1024x110.jpg\" alt=\"\" class=\"wp-image-34772\" srcset=\"https:\/\/jornalfatosenoticias.com.br\/wp-content\/uploads\/2022\/10\/Arte-jornal-Zucchi-1120x120_Prancheta-1-1024x110.jpg 1024w, https:\/\/jornalfatosenoticias.com.br\/wp-content\/uploads\/2022\/10\/Arte-jornal-Zucchi-1120x120_Prancheta-1-300x32.jpg 300w, https:\/\/jornalfatosenoticias.com.br\/wp-content\/uploads\/2022\/10\/Arte-jornal-Zucchi-1120x120_Prancheta-1-768x82.jpg 768w, https:\/\/jornalfatosenoticias.com.br\/wp-content\/uploads\/2022\/10\/Arte-jornal-Zucchi-1120x120_Prancheta-1-1536x165.jpg 1536w, https:\/\/jornalfatosenoticias.com.br\/wp-content\/uploads\/2022\/10\/Arte-jornal-Zucchi-1120x120_Prancheta-1-2048x219.jpg 2048w\" sizes=\"auto, (max-width: 1024px) 100vw, 1024px\" \/><\/figure><\/div>\n\n\n\n<p>A cinco dias do segundo turno da elei\u00e7\u00e3o presidencial na Argentina, o Instituto Nacional de Estat\u00edstica e Censos (Indec) divulgou nesta segunda-feira (13) os dados da infla\u00e7\u00e3o no pa\u00eds em outubro.<br>Novamente, os n\u00fameros foram ruins para o candidato peronista \u00e0 Casa Rosada, Sergio Massa, atual ministro da Economia: a varia\u00e7\u00e3o dos pre\u00e7os em 12 meses ficou em 142,7%, pior \u00edndice desde 1991. Em setembro, o indicador interanual havia ficado em 138,3%.<br>No acumulado de 2023, a infla\u00e7\u00e3o argentina ficou em 120%. A alta foi de 8,3% em outubro em rela\u00e7\u00e3o a setembro e os setores que ficaram acima do indicador geral foram comunica\u00e7\u00f5es (12,6%), vestu\u00e1rio e cal\u00e7ados (11%), eletrodom\u00e9sticos e manuten\u00e7\u00e3o (10,7%), bebidas alco\u00f3licas e tabaco (9,8%), recrea\u00e7\u00e3o e cultura (9,3%) e restaurantes e hot\u00e9is (8,8%).<\/p>\n\n\n\n<div class=\"wp-block-image\"><figure class=\"aligncenter size-large is-resized\"><img loading=\"lazy\" decoding=\"async\" src=\"https:\/\/jornalfatosenoticias.com.br\/wp-content\/uploads\/2022\/02\/Precisao-Contabilidade-1024x724.jpg\" alt=\"\" class=\"wp-image-28088\" width=\"371\" height=\"262\"\/><\/figure><\/div>\n\n\n\n<p>No domingo (19), Massa enfrentar\u00e1 no segundo turno da elei\u00e7\u00e3o presidencial o candidato libert\u00e1rio Javier Milei. <br>Quando o peronista assumiu o Minist\u00e9rio da Economia, em agosto do ano passado, a infla\u00e7\u00e3o interanual na Argentina estava em 64%.<\/p>\n\n\n\n<div class=\"wp-block-image\"><figure class=\"aligncenter size-large is-resized\"><img loading=\"lazy\" decoding=\"async\" src=\"https:\/\/jornalfatosenoticias.com.br\/wp-content\/uploads\/2020\/02\/logo-Rapuzel-1024x571.jpg\" alt=\"\" class=\"wp-image-42808\" width=\"361\" height=\"201\" srcset=\"https:\/\/jornalfatosenoticias.com.br\/wp-content\/uploads\/2020\/02\/logo-Rapuzel-1024x571.jpg 1024w, https:\/\/jornalfatosenoticias.com.br\/wp-content\/uploads\/2020\/02\/logo-Rapuzel-300x167.jpg 300w, https:\/\/jornalfatosenoticias.com.br\/wp-content\/uploads\/2020\/02\/logo-Rapuzel-768x428.jpg 768w, https:\/\/jornalfatosenoticias.com.br\/wp-content\/uploads\/2020\/02\/logo-Rapuzel-1536x856.jpg 1536w, https:\/\/jornalfatosenoticias.com.br\/wp-content\/uploads\/2020\/02\/logo-Rapuzel.jpg 1600w\" sizes=\"auto, (max-width: 361px) 100vw, 361px\" \/><\/figure><\/div>\n\n\n\n<p><strong><em>Fonte: <a href=\"https:\/\/www.gazetadopovo.com.br\/mundo\/argentina-inflacao-indice-outubro-indec\/\">Gazeta do Povo<\/a><\/em><\/strong><\/p>\n","protected":false},"excerpt":{"rendered":"<p>N\u00fameros foram novamente ruins para o candidato peronista \u00e0 Casa Rosada, Sergio Massa, atual ministro da Economia Por F\u00e1bio Gal\u00e3o A cinco dias do segundo turno da elei\u00e7\u00e3o presidencial na Argentina, o Instituto Nacional de Estat\u00edstica e Censos (Indec) divulgou nesta segunda-feira (13) os dados da infla\u00e7\u00e3o no pa\u00eds em outubro.Novamente, os n\u00fameros foram ruins [&hellip;]<\/p>\n","protected":false},"author":2,"featured_media":46941,"comment_status":"open","ping_status":"open","sticky":false,"template":"","format":"standard","meta":{"footnotes":""},"categories":[41],"tags":[5995,22005,22006,22004],"class_list":["post-46940","post","type-post","status-publish","format-standard","has-post-thumbnail","hentry","category-internacional","tag-argentina","tag-candidato-peronista","tag-casa-rosada","tag-inflacao-sem-freio"],"yoast_head":"<!-- This site is optimized with the Yoast SEO plugin v26.5 - https:\/\/yoast.com\/wordpress\/plugins\/seo\/ -->\n<title>Na reta final da elei\u00e7\u00e3o, infla\u00e7\u00e3o na Argentina chega a 142,7% em 12 meses - Jornal Fatos e Not\u00edcias<\/title>\n<meta name=\"robots\" content=\"index, follow, max-snippet:-1, max-image-preview:large, max-video-preview:-1\" \/>\n<link rel=\"canonical\" href=\"https:\/\/jornalfatosenoticias.com.br\/index.php\/2023\/11\/14\/na-reta-final-da-eleicao-inflacao-na-argentina-chega-a-1427-em-12-meses\/\" \/>\n<meta property=\"og:locale\" content=\"pt_BR\" \/>\n<meta property=\"og:type\" content=\"article\" \/>\n<meta property=\"og:title\" content=\"Na reta final da elei\u00e7\u00e3o, infla\u00e7\u00e3o na Argentina chega a 142,7% em 12 meses - Jornal Fatos e Not\u00edcias\" \/>\n<meta property=\"og:description\" content=\"N\u00fameros foram novamente ruins para o candidato peronista \u00e0 Casa Rosada, Sergio Massa, atual ministro da Economia Por F\u00e1bio Gal\u00e3o A cinco dias do segundo turno da elei\u00e7\u00e3o presidencial na Argentina, o Instituto Nacional de Estat\u00edstica e Censos (Indec) divulgou nesta segunda-feira (13) os dados da infla\u00e7\u00e3o no pa\u00eds em outubro.Novamente, os n\u00fameros foram ruins [&hellip;]\" \/>\n<meta property=\"og:url\" content=\"https:\/\/jornalfatosenoticias.com.br\/index.php\/2023\/11\/14\/na-reta-final-da-eleicao-inflacao-na-argentina-chega-a-1427-em-12-meses\/\" \/>\n<meta property=\"og:site_name\" content=\"Jornal Fatos e Not\u00edcias\" \/>\n<meta property=\"article:published_time\" content=\"2023-11-14T13:27:28+00:00\" \/>\n<meta property=\"article:modified_time\" content=\"2023-11-14T13:27:30+00:00\" \/>\n<meta property=\"og:image\" content=\"https:\/\/jornalfatosenoticias.com.br\/wp-content\/uploads\/2023\/11\/SERGIO-MASSA.jpg\" \/>\n\t<meta property=\"og:image:width\" content=\"960\" \/>\n\t<meta property=\"og:image:height\" content=\"540\" \/>\n\t<meta property=\"og:image:type\" content=\"image\/jpeg\" \/>\n<meta name=\"author\" content=\"Luzimara Fernandes\" \/>\n<meta name=\"twitter:card\" content=\"summary_large_image\" \/>\n<meta name=\"twitter:label1\" content=\"Escrito por\" \/>\n\t<meta name=\"twitter:data1\" content=\"Luzimara Fernandes\" \/>\n\t<meta name=\"twitter:label2\" content=\"Est. tempo de leitura\" \/>\n\t<meta name=\"twitter:data2\" content=\"1 minuto\" \/>\n<script type=\"application\/ld+json\" class=\"yoast-schema-graph\">{\"@context\":\"https:\/\/schema.org\",\"@graph\":[{\"@type\":\"Article\",\"@id\":\"https:\/\/jornalfatosenoticias.com.br\/index.php\/2023\/11\/14\/na-reta-final-da-eleicao-inflacao-na-argentina-chega-a-1427-em-12-meses\/#article\",\"isPartOf\":{\"@id\":\"https:\/\/jornalfatosenoticias.com.br\/index.php\/2023\/11\/14\/na-reta-final-da-eleicao-inflacao-na-argentina-chega-a-1427-em-12-meses\/\"},\"author\":{\"name\":\"Luzimara Fernandes\",\"@id\":\"https:\/\/jornalfatosenoticias.com.br\/#\/schema\/person\/d63837fa13ac8666eb9e74e0985d6f81\"},\"headline\":\"Na reta final da elei\u00e7\u00e3o, infla\u00e7\u00e3o na Argentina chega a 142,7% em 12 meses\",\"datePublished\":\"2023-11-14T13:27:28+00:00\",\"dateModified\":\"2023-11-14T13:27:30+00:00\",\"mainEntityOfPage\":{\"@id\":\"https:\/\/jornalfatosenoticias.com.br\/index.php\/2023\/11\/14\/na-reta-final-da-eleicao-inflacao-na-argentina-chega-a-1427-em-12-meses\/\"},\"wordCount\":208,\"commentCount\":0,\"publisher\":{\"@id\":\"https:\/\/jornalfatosenoticias.com.br\/#organization\"},\"image\":{\"@id\":\"https:\/\/jornalfatosenoticias.com.br\/index.php\/2023\/11\/14\/na-reta-final-da-eleicao-inflacao-na-argentina-chega-a-1427-em-12-meses\/#primaryimage\"},\"thumbnailUrl\":\"https:\/\/jornalfatosenoticias.com.br\/wp-content\/uploads\/2023\/11\/SERGIO-MASSA.jpg\",\"keywords\":[\"Argentina\",\"candidato peronista\",\"Casa Rosada\",\"infla\u00e7\u00e3o sem freio\"],\"articleSection\":[\"Internacional\"],\"inLanguage\":\"pt-BR\",\"potentialAction\":[{\"@type\":\"CommentAction\",\"name\":\"Comment\",\"target\":[\"https:\/\/jornalfatosenoticias.com.br\/index.php\/2023\/11\/14\/na-reta-final-da-eleicao-inflacao-na-argentina-chega-a-1427-em-12-meses\/#respond\"]}]},{\"@type\":\"WebPage\",\"@id\":\"https:\/\/jornalfatosenoticias.com.br\/index.php\/2023\/11\/14\/na-reta-final-da-eleicao-inflacao-na-argentina-chega-a-1427-em-12-meses\/\",\"url\":\"https:\/\/jornalfatosenoticias.com.br\/index.php\/2023\/11\/14\/na-reta-final-da-eleicao-inflacao-na-argentina-chega-a-1427-em-12-meses\/\",\"name\":\"Na reta final da elei\u00e7\u00e3o, infla\u00e7\u00e3o na Argentina chega a 142,7% em 12 meses - Jornal Fatos e Not\u00edcias\",\"isPartOf\":{\"@id\":\"https:\/\/jornalfatosenoticias.com.br\/#website\"},\"primaryImageOfPage\":{\"@id\":\"https:\/\/jornalfatosenoticias.com.br\/index.php\/2023\/11\/14\/na-reta-final-da-eleicao-inflacao-na-argentina-chega-a-1427-em-12-meses\/#primaryimage\"},\"image\":{\"@id\":\"https:\/\/jornalfatosenoticias.com.br\/index.php\/2023\/11\/14\/na-reta-final-da-eleicao-inflacao-na-argentina-chega-a-1427-em-12-meses\/#primaryimage\"},\"thumbnailUrl\":\"https:\/\/jornalfatosenoticias.com.br\/wp-content\/uploads\/2023\/11\/SERGIO-MASSA.jpg\",\"datePublished\":\"2023-11-14T13:27:28+00:00\",\"dateModified\":\"2023-11-14T13:27:30+00:00\",\"breadcrumb\":{\"@id\":\"https:\/\/jornalfatosenoticias.com.br\/index.php\/2023\/11\/14\/na-reta-final-da-eleicao-inflacao-na-argentina-chega-a-1427-em-12-meses\/#breadcrumb\"},\"inLanguage\":\"pt-BR\",\"potentialAction\":[{\"@type\":\"ReadAction\",\"target\":[\"https:\/\/jornalfatosenoticias.com.br\/index.php\/2023\/11\/14\/na-reta-final-da-eleicao-inflacao-na-argentina-chega-a-1427-em-12-meses\/\"]}]},{\"@type\":\"ImageObject\",\"inLanguage\":\"pt-BR\",\"@id\":\"https:\/\/jornalfatosenoticias.com.br\/index.php\/2023\/11\/14\/na-reta-final-da-eleicao-inflacao-na-argentina-chega-a-1427-em-12-meses\/#primaryimage\",\"url\":\"https:\/\/jornalfatosenoticias.com.br\/wp-content\/uploads\/2023\/11\/SERGIO-MASSA.jpg\",\"contentUrl\":\"https:\/\/jornalfatosenoticias.com.br\/wp-content\/uploads\/2023\/11\/SERGIO-MASSA.jpg\",\"width\":960,\"height\":540},{\"@type\":\"BreadcrumbList\",\"@id\":\"https:\/\/jornalfatosenoticias.com.br\/index.php\/2023\/11\/14\/na-reta-final-da-eleicao-inflacao-na-argentina-chega-a-1427-em-12-meses\/#breadcrumb\",\"itemListElement\":[{\"@type\":\"ListItem\",\"position\":1,\"name\":\"In\u00edcio\",\"item\":\"https:\/\/jornalfatosenoticias.com.br\/\"},{\"@type\":\"ListItem\",\"position\":2,\"name\":\"Na reta final da elei\u00e7\u00e3o, infla\u00e7\u00e3o na Argentina chega a 142,7% em 12 meses\"}]},{\"@type\":\"WebSite\",\"@id\":\"https:\/\/jornalfatosenoticias.com.br\/#website\",\"url\":\"https:\/\/jornalfatosenoticias.com.br\/\",\"name\":\"Jornal Fatos e Not\u00edcias\",\"description\":\"Not\u00edcias em geral\",\"publisher\":{\"@id\":\"https:\/\/jornalfatosenoticias.com.br\/#organization\"},\"potentialAction\":[{\"@type\":\"SearchAction\",\"target\":{\"@type\":\"EntryPoint\",\"urlTemplate\":\"https:\/\/jornalfatosenoticias.com.br\/?s={search_term_string}\"},\"query-input\":{\"@type\":\"PropertyValueSpecification\",\"valueRequired\":true,\"valueName\":\"search_term_string\"}}],\"inLanguage\":\"pt-BR\"},{\"@type\":\"Organization\",\"@id\":\"https:\/\/jornalfatosenoticias.com.br\/#organization\",\"name\":\"Jornal Fatos e Not\u00edcias\",\"url\":\"https:\/\/jornalfatosenoticias.com.br\/\",\"logo\":{\"@type\":\"ImageObject\",\"inLanguage\":\"pt-BR\",\"@id\":\"https:\/\/jornalfatosenoticias.com.br\/#\/schema\/logo\/image\/\",\"url\":\"https:\/\/jornalfatosenoticias.com.br\/wp-content\/uploads\/2020\/02\/logo120.png\",\"contentUrl\":\"https:\/\/jornalfatosenoticias.com.br\/wp-content\/uploads\/2020\/02\/logo120.png\",\"width\":1227,\"height\":120,\"caption\":\"Jornal Fatos e Not\u00edcias\"},\"image\":{\"@id\":\"https:\/\/jornalfatosenoticias.com.br\/#\/schema\/logo\/image\/\"}},{\"@type\":\"Person\",\"@id\":\"https:\/\/jornalfatosenoticias.com.br\/#\/schema\/person\/d63837fa13ac8666eb9e74e0985d6f81\",\"name\":\"Luzimara Fernandes\",\"image\":{\"@type\":\"ImageObject\",\"inLanguage\":\"pt-BR\",\"@id\":\"https:\/\/jornalfatosenoticias.com.br\/#\/schema\/person\/image\/\",\"url\":\"https:\/\/jornalfatosenoticias.com.br\/wp-content\/uploads\/2025\/05\/EU_portal.jpg\",\"contentUrl\":\"https:\/\/jornalfatosenoticias.com.br\/wp-content\/uploads\/2025\/05\/EU_portal.jpg\",\"caption\":\"Luzimara Fernandes\"},\"description\":\"Jornalista MTB 2358-ES\",\"sameAs\":[\"https:\/\/jornalfatosenoticias.com.br\"],\"url\":\"https:\/\/jornalfatosenoticias.com.br\/index.php\/author\/luzimara\/\"}]}<\/script>\n<!-- \/ Yoast SEO plugin. -->","yoast_head_json":{"title":"Na reta final da elei\u00e7\u00e3o, infla\u00e7\u00e3o na Argentina chega a 142,7% em 12 meses - Jornal Fatos e Not\u00edcias","robots":{"index":"index","follow":"follow","max-snippet":"max-snippet:-1","max-image-preview":"max-image-preview:large","max-video-preview":"max-video-preview:-1"},"canonical":"https:\/\/jornalfatosenoticias.com.br\/index.php\/2023\/11\/14\/na-reta-final-da-eleicao-inflacao-na-argentina-chega-a-1427-em-12-meses\/","og_locale":"pt_BR","og_type":"article","og_title":"Na reta final da elei\u00e7\u00e3o, infla\u00e7\u00e3o na Argentina chega a 142,7% em 12 meses - Jornal Fatos e Not\u00edcias","og_description":"N\u00fameros foram novamente ruins para o candidato peronista \u00e0 Casa Rosada, Sergio Massa, atual ministro da Economia Por F\u00e1bio Gal\u00e3o A cinco dias do segundo turno da elei\u00e7\u00e3o presidencial na Argentina, o Instituto Nacional de Estat\u00edstica e Censos (Indec) divulgou nesta segunda-feira (13) os dados da infla\u00e7\u00e3o no pa\u00eds em outubro.Novamente, os n\u00fameros foram ruins [&hellip;]","og_url":"https:\/\/jornalfatosenoticias.com.br\/index.php\/2023\/11\/14\/na-reta-final-da-eleicao-inflacao-na-argentina-chega-a-1427-em-12-meses\/","og_site_name":"Jornal Fatos e Not\u00edcias","article_published_time":"2023-11-14T13:27:28+00:00","article_modified_time":"2023-11-14T13:27:30+00:00","og_image":[{"width":960,"height":540,"url":"https:\/\/jornalfatosenoticias.com.br\/wp-content\/uploads\/2023\/11\/SERGIO-MASSA.jpg","type":"image\/jpeg"}],"author":"Luzimara Fernandes","twitter_card":"summary_large_image","twitter_misc":{"Escrito por":"Luzimara Fernandes","Est. tempo de leitura":"1 minuto"},"schema":{"@context":"https:\/\/schema.org","@graph":[{"@type":"Article","@id":"https:\/\/jornalfatosenoticias.com.br\/index.php\/2023\/11\/14\/na-reta-final-da-eleicao-inflacao-na-argentina-chega-a-1427-em-12-meses\/#article","isPartOf":{"@id":"https:\/\/jornalfatosenoticias.com.br\/index.php\/2023\/11\/14\/na-reta-final-da-eleicao-inflacao-na-argentina-chega-a-1427-em-12-meses\/"},"author":{"name":"Luzimara Fernandes","@id":"https:\/\/jornalfatosenoticias.com.br\/#\/schema\/person\/d63837fa13ac8666eb9e74e0985d6f81"},"headline":"Na reta final da elei\u00e7\u00e3o, infla\u00e7\u00e3o na Argentina chega a 142,7% em 12 meses","datePublished":"2023-11-14T13:27:28+00:00","dateModified":"2023-11-14T13:27:30+00:00","mainEntityOfPage":{"@id":"https:\/\/jornalfatosenoticias.com.br\/index.php\/2023\/11\/14\/na-reta-final-da-eleicao-inflacao-na-argentina-chega-a-1427-em-12-meses\/"},"wordCount":208,"commentCount":0,"publisher":{"@id":"https:\/\/jornalfatosenoticias.com.br\/#organization"},"image":{"@id":"https:\/\/jornalfatosenoticias.com.br\/index.php\/2023\/11\/14\/na-reta-final-da-eleicao-inflacao-na-argentina-chega-a-1427-em-12-meses\/#primaryimage"},"thumbnailUrl":"https:\/\/jornalfatosenoticias.com.br\/wp-content\/uploads\/2023\/11\/SERGIO-MASSA.jpg","keywords":["Argentina","candidato peronista","Casa Rosada","infla\u00e7\u00e3o sem freio"],"articleSection":["Internacional"],"inLanguage":"pt-BR","potentialAction":[{"@type":"CommentAction","name":"Comment","target":["https:\/\/jornalfatosenoticias.com.br\/index.php\/2023\/11\/14\/na-reta-final-da-eleicao-inflacao-na-argentina-chega-a-1427-em-12-meses\/#respond"]}]},{"@type":"WebPage","@id":"https:\/\/jornalfatosenoticias.com.br\/index.php\/2023\/11\/14\/na-reta-final-da-eleicao-inflacao-na-argentina-chega-a-1427-em-12-meses\/","url":"https:\/\/jornalfatosenoticias.com.br\/index.php\/2023\/11\/14\/na-reta-final-da-eleicao-inflacao-na-argentina-chega-a-1427-em-12-meses\/","name":"Na reta final da elei\u00e7\u00e3o, infla\u00e7\u00e3o na Argentina chega a 142,7% em 12 meses - Jornal Fatos e Not\u00edcias","isPartOf":{"@id":"https:\/\/jornalfatosenoticias.com.br\/#website"},"primaryImageOfPage":{"@id":"https:\/\/jornalfatosenoticias.com.br\/index.php\/2023\/11\/14\/na-reta-final-da-eleicao-inflacao-na-argentina-chega-a-1427-em-12-meses\/#primaryimage"},"image":{"@id":"https:\/\/jornalfatosenoticias.com.br\/index.php\/2023\/11\/14\/na-reta-final-da-eleicao-inflacao-na-argentina-chega-a-1427-em-12-meses\/#primaryimage"},"thumbnailUrl":"https:\/\/jornalfatosenoticias.com.br\/wp-content\/uploads\/2023\/11\/SERGIO-MASSA.jpg","datePublished":"2023-11-14T13:27:28+00:00","dateModified":"2023-11-14T13:27:30+00:00","breadcrumb":{"@id":"https:\/\/jornalfatosenoticias.com.br\/index.php\/2023\/11\/14\/na-reta-final-da-eleicao-inflacao-na-argentina-chega-a-1427-em-12-meses\/#breadcrumb"},"inLanguage":"pt-BR","potentialAction":[{"@type":"ReadAction","target":["https:\/\/jornalfatosenoticias.com.br\/index.php\/2023\/11\/14\/na-reta-final-da-eleicao-inflacao-na-argentina-chega-a-1427-em-12-meses\/"]}]},{"@type":"ImageObject","inLanguage":"pt-BR","@id":"https:\/\/jornalfatosenoticias.com.br\/index.php\/2023\/11\/14\/na-reta-final-da-eleicao-inflacao-na-argentina-chega-a-1427-em-12-meses\/#primaryimage","url":"https:\/\/jornalfatosenoticias.com.br\/wp-content\/uploads\/2023\/11\/SERGIO-MASSA.jpg","contentUrl":"https:\/\/jornalfatosenoticias.com.br\/wp-content\/uploads\/2023\/11\/SERGIO-MASSA.jpg","width":960,"height":540},{"@type":"BreadcrumbList","@id":"https:\/\/jornalfatosenoticias.com.br\/index.php\/2023\/11\/14\/na-reta-final-da-eleicao-inflacao-na-argentina-chega-a-1427-em-12-meses\/#breadcrumb","itemListElement":[{"@type":"ListItem","position":1,"name":"In\u00edcio","item":"https:\/\/jornalfatosenoticias.com.br\/"},{"@type":"ListItem","position":2,"name":"Na reta final da elei\u00e7\u00e3o, infla\u00e7\u00e3o na Argentina chega a 142,7% em 12 meses"}]},{"@type":"WebSite","@id":"https:\/\/jornalfatosenoticias.com.br\/#website","url":"https:\/\/jornalfatosenoticias.com.br\/","name":"Jornal Fatos e Not\u00edcias","description":"Not\u00edcias em geral","publisher":{"@id":"https:\/\/jornalfatosenoticias.com.br\/#organization"},"potentialAction":[{"@type":"SearchAction","target":{"@type":"EntryPoint","urlTemplate":"https:\/\/jornalfatosenoticias.com.br\/?s={search_term_string}"},"query-input":{"@type":"PropertyValueSpecification","valueRequired":true,"valueName":"search_term_string"}}],"inLanguage":"pt-BR"},{"@type":"Organization","@id":"https:\/\/jornalfatosenoticias.com.br\/#organization","name":"Jornal Fatos e Not\u00edcias","url":"https:\/\/jornalfatosenoticias.com.br\/","logo":{"@type":"ImageObject","inLanguage":"pt-BR","@id":"https:\/\/jornalfatosenoticias.com.br\/#\/schema\/logo\/image\/","url":"https:\/\/jornalfatosenoticias.com.br\/wp-content\/uploads\/2020\/02\/logo120.png","contentUrl":"https:\/\/jornalfatosenoticias.com.br\/wp-content\/uploads\/2020\/02\/logo120.png","width":1227,"height":120,"caption":"Jornal Fatos e Not\u00edcias"},"image":{"@id":"https:\/\/jornalfatosenoticias.com.br\/#\/schema\/logo\/image\/"}},{"@type":"Person","@id":"https:\/\/jornalfatosenoticias.com.br\/#\/schema\/person\/d63837fa13ac8666eb9e74e0985d6f81","name":"Luzimara Fernandes","image":{"@type":"ImageObject","inLanguage":"pt-BR","@id":"https:\/\/jornalfatosenoticias.com.br\/#\/schema\/person\/image\/","url":"https:\/\/jornalfatosenoticias.com.br\/wp-content\/uploads\/2025\/05\/EU_portal.jpg","contentUrl":"https:\/\/jornalfatosenoticias.com.br\/wp-content\/uploads\/2025\/05\/EU_portal.jpg","caption":"Luzimara Fernandes"},"description":"Jornalista MTB 2358-ES","sameAs":["https:\/\/jornalfatosenoticias.com.br"],"url":"https:\/\/jornalfatosenoticias.com.br\/index.php\/author\/luzimara\/"}]}},"cc_featured_image_caption":{"caption_text":"(Foto: Reprodu\u00e7\u00e3o\/AFP) ","source_text":"","source_url":""},"jetpack_featured_media_url":"https:\/\/jornalfatosenoticias.com.br\/wp-content\/uploads\/2023\/11\/SERGIO-MASSA.jpg","_links":{"self":[{"href":"https:\/\/jornalfatosenoticias.com.br\/index.php\/wp-json\/wp\/v2\/posts\/46940","targetHints":{"allow":["GET"]}}],"collection":[{"href":"https:\/\/jornalfatosenoticias.com.br\/index.php\/wp-json\/wp\/v2\/posts"}],"about":[{"href":"https:\/\/jornalfatosenoticias.com.br\/index.php\/wp-json\/wp\/v2\/types\/post"}],"author":[{"embeddable":true,"href":"https:\/\/jornalfatosenoticias.com.br\/index.php\/wp-json\/wp\/v2\/users\/2"}],"replies":[{"embeddable":true,"href":"https:\/\/jornalfatosenoticias.com.br\/index.php\/wp-json\/wp\/v2\/comments?post=46940"}],"version-history":[{"count":0,"href":"https:\/\/jornalfatosenoticias.com.br\/index.php\/wp-json\/wp\/v2\/posts\/46940\/revisions"}],"wp:featuredmedia":[{"embeddable":true,"href":"https:\/\/jornalfatosenoticias.com.br\/index.php\/wp-json\/wp\/v2\/media\/46941"}],"wp:attachment":[{"href":"https:\/\/jornalfatosenoticias.com.br\/index.php\/wp-json\/wp\/v2\/media?parent=46940"}],"wp:term":[{"taxonomy":"category","embeddable":true,"href":"https:\/\/jornalfatosenoticias.com.br\/index.php\/wp-json\/wp\/v2\/categories?post=46940"},{"taxonomy":"post_tag","embeddable":true,"href":"https:\/\/jornalfatosenoticias.com.br\/index.php\/wp-json\/wp\/v2\/tags?post=46940"}],"curies":[{"name":"wp","href":"https:\/\/api.w.org\/{rel}","templated":true}]}}