{"id":46967,"date":"2023-11-16T17:23:40","date_gmt":"2023-11-16T20:23:40","guid":{"rendered":"https:\/\/jornalfatosenoticias.com.br\/?p=46967"},"modified":"2023-11-16T17:23:42","modified_gmt":"2023-11-16T20:23:42","slug":"a-responsabilidade-dos-pais-com-os-filhos-observando-passarinhos-e-humanos-parte-iii","status":"publish","type":"post","link":"https:\/\/jornalfatosenoticias.com.br\/index.php\/2023\/11\/16\/a-responsabilidade-dos-pais-com-os-filhos-observando-passarinhos-e-humanos-parte-iii\/","title":{"rendered":"A Responsabilidade dos pais com os filhos, observando passarinhos e humanos \u2014 Parte III"},"content":{"rendered":"\n<p><em><span class=\"has-inline-color has-black-color\">A simplicidade da vida dos passarinhos \u00e9 invej\u00e1vel. A efici\u00eancia dos cuidados maternos e da prote\u00e7\u00e3o paterna, tamb\u00e9m invej\u00e1veis<\/span><\/em><\/p>\n\n\n\n<div class=\"wp-block-image\"><figure class=\"aligncenter size-large\"><img loading=\"lazy\" decoding=\"async\" width=\"729\" height=\"90\" src=\"https:\/\/jornalfatosenoticias.com.br\/wp-content\/uploads\/2020\/02\/Logo_Mizu.png\" alt=\"\" class=\"wp-image-1441\" srcset=\"https:\/\/jornalfatosenoticias.com.br\/wp-content\/uploads\/2020\/02\/Logo_Mizu.png 729w, https:\/\/jornalfatosenoticias.com.br\/wp-content\/uploads\/2020\/02\/Logo_Mizu-300x37.png 300w\" sizes=\"auto, (max-width: 729px) 100vw, 729px\" \/><\/figure><\/div>\n\n\n\n<p>E os dois filhotes criaram penas e se arriscaram a pequenos voos, sob o olhar da m\u00e3e passarinha. Come\u00e7aram por explorar o jardim do entorno, e, no dia seguinte, o ninho foi deixado para tr\u00e1s pela fam\u00edlia. M\u00e3e e pai, mesmo sem ter a consci\u00eancia de suas responsabilidades, cumpriram com qualidade a determina\u00e7\u00e3o da Natureza. A m\u00e3e passarinha cuidou com compromisso dos dois ovinhos que se tornaram dois passarinhos. Voaram. A \u00faltima imagem que tenho deles \u00e9 em cima do aparelho de ar-condicionado, o pequeno ainda ensaiando o bater de asas e a m\u00e3e ao lado. O ninho ficou vazio, mas repleto da hist\u00f3ria de dois vulner\u00e1veis que receberam um cuidado exemplar. E conquistaram a boa autonomia.<br>A simplicidade da vida dos passarinhos \u00e9 invej\u00e1vel. A efici\u00eancia dos cuidados maternos e da prote\u00e7\u00e3o paterna, tamb\u00e9m invej\u00e1veis. Somos confrontados com uma quest\u00e3o: por que uma dita evolu\u00e7\u00e3o traz tanto retrocesso? Por que n\u00f3s humanos temos a capacidade da crueldade com nossos filhotes? A guerra no oriente, uma das 19 guerras que acontecem atualmente, est\u00e1 matando com tanta perversidade Crian\u00e7as. E nossa voz n\u00e3o \u00e9 escutada. Matamos com bombas e tiros, por aqui quase todos os dias, e matamos com a fome, a sede, o desamparo, at\u00e9 ent\u00e3o, inimagin\u00e1veis.<\/p>\n\n\n\n<div class=\"wp-block-image\"><figure class=\"aligncenter size-large\"><img decoding=\"async\" src=\"https:\/\/jornalfatosenoticias.com.br\/wp-content\/uploads\/2020\/02\/barao-das-carnes-300x164-1.jpg\" alt=\"\" class=\"wp-image-34339\"\/><\/figure><\/div>\n\n\n\n<p>Mas, tamb\u00e9m, matamos quando n\u00e3o conseguimos garantir uma conviv\u00eancia saud\u00e1vel dentro de nossas casas. O conceito de saud\u00e1vel inscrito no Artigo 227 da Constitui\u00e7\u00e3o Federal, aqui como l\u00e1, abrange a viv\u00eancia do respeito ao outro, a viv\u00eancia da solidariedade, a viv\u00eancia de uma organiza\u00e7\u00e3o social, para proporcionar a condi\u00e7\u00e3o necess\u00e1ria \u00e0 viv\u00eancia afetiva.<\/p>\n\n\n\n<div class=\"wp-block-image\"><figure class=\"aligncenter size-large is-resized\"><img loading=\"lazy\" decoding=\"async\" src=\"https:\/\/jornalfatosenoticias.com.br\/wp-content\/uploads\/2022\/02\/Precisao-Contabilidade-1024x724.jpg\" alt=\"\" class=\"wp-image-28088\" width=\"339\" height=\"240\"\/><\/figure><\/div>\n\n\n\n<p>No entanto, o que encontramos \u00e9 o desrespeito a regras b\u00e1sicas e fundamentais de conviv\u00eancia. Crian\u00e7as n\u00e3o v\u00e3o \u00e0 guerra, n\u00e3o podem ser alvos de bombardeios e crimes de guerra, assim como crian\u00e7as\/adolescentes n\u00e3o podem \u201cmatar\u201d colegas pela internet. Ningu\u00e9m desconfiou que adulterar e divulgar imagens desnudas de colegas, n\u00e3o pode. Como nas situa\u00e7\u00f5es de bullying, omissos se alinharam com os autores, e, n\u00e3o fosse, um \u00fanico menino discordar e levar ao conhecimento de alguns adultos, possivelmente, essas meninas nuas estariam circulando at\u00e9 agora.<\/p>\n\n\n\n<div class=\"wp-block-image\"><figure class=\"aligncenter size-large is-resized\"><img loading=\"lazy\" decoding=\"async\" src=\"https:\/\/jornalfatosenoticias.com.br\/wp-content\/uploads\/2023\/09\/vetorvix1024_1.jpg\" alt=\"\" class=\"wp-image-44868\" width=\"475\" height=\"126\" srcset=\"https:\/\/jornalfatosenoticias.com.br\/wp-content\/uploads\/2023\/09\/vetorvix1024_1.jpg 1024w, https:\/\/jornalfatosenoticias.com.br\/wp-content\/uploads\/2023\/09\/vetorvix1024_1-300x80.jpg 300w, https:\/\/jornalfatosenoticias.com.br\/wp-content\/uploads\/2023\/09\/vetorvix1024_1-768x205.jpg 768w\" sizes=\"auto, (max-width: 475px) 100vw, 475px\" \/><\/figure><\/div>\n\n\n\n<div class=\"wp-block-image\"><figure class=\"aligncenter size-large\"><img loading=\"lazy\" decoding=\"async\" width=\"612\" height=\"408\" src=\"https:\/\/jornalfatosenoticias.com.br\/wp-content\/uploads\/2023\/11\/mae-fiscaliza-internet-filhos_istock.jpg\" alt=\"\" class=\"wp-image-46968\" srcset=\"https:\/\/jornalfatosenoticias.com.br\/wp-content\/uploads\/2023\/11\/mae-fiscaliza-internet-filhos_istock.jpg 612w, https:\/\/jornalfatosenoticias.com.br\/wp-content\/uploads\/2023\/11\/mae-fiscaliza-internet-filhos_istock-300x200.jpg 300w\" sizes=\"auto, (max-width: 612px) 100vw, 612px\" \/><figcaption><em><span class=\"has-inline-color has-black-color\">\u00c9 necess\u00e1rio que os pais fiscalizem o uso da internet pelos seus filhos (Foto: iStock)<\/span><\/em><\/figcaption><\/figure><\/div>\n\n\n\n<p>Algumas coisas j\u00e1 foram faladas. O Pediatra dr. Daniel Becker se pronunciou de maneira precisa. Mas gostaria de acrescentar \u00e0 sua fala, que concordo, que aponta para a necessidade dos pais fiscalizarem o uso da internet pelos seus filhos, e sugere o uso de ferramentas virtuais limitantes. Ele lembra com toda a pertin\u00eancia que a responsabiliza\u00e7\u00e3o criminal recai sobre os pais dos meninos infratores.<\/p>\n\n\n\n<div class=\"wp-block-image\"><figure class=\"aligncenter size-large is-resized\"><img loading=\"lazy\" decoding=\"async\" src=\"https:\/\/jornalfatosenoticias.com.br\/wp-content\/uploads\/2022\/10\/Arte-jornal-Zucchi-600x600_Prancheta-1-1024x1024.jpg\" alt=\"\" class=\"wp-image-34782\" width=\"275\" height=\"275\" srcset=\"https:\/\/jornalfatosenoticias.com.br\/wp-content\/uploads\/2022\/10\/Arte-jornal-Zucchi-600x600_Prancheta-1-1024x1024.jpg 1024w, https:\/\/jornalfatosenoticias.com.br\/wp-content\/uploads\/2022\/10\/Arte-jornal-Zucchi-600x600_Prancheta-1-300x300.jpg 300w, https:\/\/jornalfatosenoticias.com.br\/wp-content\/uploads\/2022\/10\/Arte-jornal-Zucchi-600x600_Prancheta-1-150x150.jpg 150w, https:\/\/jornalfatosenoticias.com.br\/wp-content\/uploads\/2022\/10\/Arte-jornal-Zucchi-600x600_Prancheta-1-768x768.jpg 768w, https:\/\/jornalfatosenoticias.com.br\/wp-content\/uploads\/2022\/10\/Arte-jornal-Zucchi-600x600_Prancheta-1.jpg 1250w\" sizes=\"auto, (max-width: 275px) 100vw, 275px\" \/><\/figure><\/div>\n\n\n\n<p>Contudo, quero me debru\u00e7ar sobre os meninos infratores. Neste epis\u00f3dio eles evidenciaram pontos importantes e lament\u00e1veis. Derrubaram o mito de que a pobreza ou a negritude geram infratores. Esse \u00e9 um mito que, por vezes, tenta, com sucesso, obscurecer as raz\u00f5es mais profundas da tend\u00eancia \u00e0 delinqu\u00eancia. Nasce aqui uma pretensa \u201cjustificativa\u201d para o uso da viol\u00eancia contra essas Crian\u00e7as e Adolescentes. E, vale lembrar que os pais deveriam se dedicar ao conv\u00edvio saud\u00e1vel que prev\u00ea conversas, parcerias, discuss\u00f5es, cuidados entre filhos e pais. E sabemos que os pais, exceto os que exercem a profiss\u00e3o de T.I., v\u00e3o sempre ficar atr\u00e1s dos filhos no novo da tecnologia. Devemos olhar mais para o antes. A fiscaliza\u00e7\u00e3o \u00e9 a posteriori. J\u00e1 foi. Mas, o crime de divulga\u00e7\u00e3o de nus de meninas mediante uso da intelig\u00eancia artificial, n\u00e3o veio de nenhuma comunidade, n\u00e3o veio de um grupo em vulnerabilidade social. O grupo que praticou esse crime \u00e9 um grupo em vulnerabilidade de car\u00e1ter. Talvez, n\u00e3o possamos usar o conceito de vulnerabilidade porque vemos mais o conceito de aus\u00eancia de car\u00e1ter. N\u00e3o h\u00e1 vest\u00edgio de algum c\u00f3digo de \u00c9tica, ou c\u00f3digo moral, ou algum tra\u00e7o de Empatia. Muito me preocupa um foco desse tipo em meio a uma comunidade bem desenvolvida, com boa cogni\u00e7\u00e3o, com capacidade e curiosidade tecnol\u00f3gica, mas zerado de princ\u00edpios.<\/p>\n\n\n\n<div class=\"wp-block-image\"><figure class=\"aligncenter size-large is-resized\"><img loading=\"lazy\" decoding=\"async\" src=\"https:\/\/jornalfatosenoticias.com.br\/wp-content\/uploads\/2022\/10\/RC_800x750_page-0001.jpg\" alt=\"\" class=\"wp-image-35338\" width=\"278\" height=\"261\" srcset=\"https:\/\/jornalfatosenoticias.com.br\/wp-content\/uploads\/2022\/10\/RC_800x750_page-0001.jpg 400w, https:\/\/jornalfatosenoticias.com.br\/wp-content\/uploads\/2022\/10\/RC_800x750_page-0001-300x281.jpg 300w\" sizes=\"auto, (max-width: 278px) 100vw, 278px\" \/><\/figure><\/div>\n\n\n\n<p>Poder\u00edamos pensar que s\u00e3o adolescentes que, mesmo morando em condom\u00ednios e mans\u00f5es, bem instalados, foram abandonados no ambiente intrafamiliar. Quantas vezes vemos Crian\u00e7as bem pequenas que, incomodando o ambiente, ganham o celular da m\u00e3e ou do pai para brincar. E ainda s\u00e3o tidos como quase \u201cg\u00eanios\u201d porque deslizam o dedinho na tela, quando est\u00e3o no tempo de desenvolver a habilidade motora da preens\u00e3o do l\u00e1pis pela oposi\u00e7\u00e3o do polegar ao indicador. Essa habilidade lhe permitir segurar o l\u00e1pis para a alfabetiza\u00e7\u00e3o e depois para a escrita, para segurar o pincel e produzir arte, para segurar o bisturi e a agulha para tratar uma doen\u00e7a.<\/p>\n\n\n\n<div class=\"wp-block-image\"><figure class=\"aligncenter size-large\"><img loading=\"lazy\" decoding=\"async\" width=\"300\" height=\"250\" src=\"https:\/\/jornalfatosenoticias.com.br\/wp-content\/uploads\/2022\/02\/FERRARI_MAQUINAS-E-FERRAMENTAS2.jpg\" alt=\"\" class=\"wp-image-27860\"\/><\/figure><\/div>\n\n\n\n<p>Estamos falhando enquanto sociedade. O imediatismo, que foi muito agu\u00e7ado pela presteza da internet, a aparente facilidade do ponto de vista raso, todos passaram a \u201csaber\u201d tudo sem nenhum esfor\u00e7o, sem estudar, sem ler um s\u00f3 livro, e o conversar se evaporou. N\u00e3o precisa nem comentar sobre isso. N\u00e3o \u00e9 raro que filhos mandem mensagens para a m\u00e3e, quando ambos est\u00e3o dentro de casa. As emo\u00e7\u00f5es, os sentimentos, os afetos, sa\u00edram de cena porque \u00e9 tudo rapidinho e superficial. Nesse esgar\u00e7amento afetivo do n\u00facleo familiar, n\u00e3o cabem princ\u00edpios, valores, reflex\u00f5es.<\/p>\n\n\n\n<div class=\"wp-block-image\"><figure class=\"aligncenter size-large\"><img loading=\"lazy\" decoding=\"async\" width=\"612\" height=\"408\" src=\"https:\/\/jornalfatosenoticias.com.br\/wp-content\/uploads\/2023\/11\/menino-pc_istock.jpg\" alt=\"\" class=\"wp-image-46969\" srcset=\"https:\/\/jornalfatosenoticias.com.br\/wp-content\/uploads\/2023\/11\/menino-pc_istock.jpg 612w, https:\/\/jornalfatosenoticias.com.br\/wp-content\/uploads\/2023\/11\/menino-pc_istock-300x200.jpg 300w\" sizes=\"auto, (max-width: 612px) 100vw, 612px\" \/><figcaption><em><span class=\"has-inline-color has-black-color\">\u00c9 necess\u00e1rio que os pais fiscalizem o uso da internet pelos seus filhos (Foto: iStock)<\/span><\/em><\/figcaption><\/figure><\/div>\n\n\n\n<p>Durante meu desenvolvimento, minha m\u00e3e e meu pai sempre criticaram o se deixar influenciar por outra pessoa, estimulando minhas pr\u00f3prias posi\u00e7\u00f5es e convic\u00e7\u00f5es. N\u00e3o sei bem como, mas abrimos um espa\u00e7o para figuras que ganharam o t\u00edtulo de <em>\u201cinfluencers\u201d<\/em>. E fizeram dessa postura virtual uma profiss\u00e3o, at\u00e9 mesmo remunerada. Ser influenciado agora \u00e9 algo aceito, naturalmente, pela sociedade. A influenciadora, e o influenciador, n\u00e3o precisam ter estudado, ter um conhecimento consistente. S\u00e3o f\u00e1bricas de opini\u00f5es monetizadas.<\/p>\n\n\n\n<div class=\"wp-block-image\"><figure class=\"aligncenter size-large is-resized\"><img loading=\"lazy\" decoding=\"async\" src=\"https:\/\/jornalfatosenoticias.com.br\/wp-content\/uploads\/2023\/07\/lacremoda.jpg\" alt=\"\" class=\"wp-image-43706\" width=\"326\" height=\"182\" srcset=\"https:\/\/jornalfatosenoticias.com.br\/wp-content\/uploads\/2023\/07\/lacremoda.jpg 1024w, https:\/\/jornalfatosenoticias.com.br\/wp-content\/uploads\/2023\/07\/lacremoda-300x168.jpg 300w, https:\/\/jornalfatosenoticias.com.br\/wp-content\/uploads\/2023\/07\/lacremoda-768x431.jpg 768w\" sizes=\"auto, (max-width: 326px) 100vw, 326px\" \/><\/figure><\/div>\n\n\n\n<p>Esses meninos s\u00e3o respons\u00e1veis pelo que fizeram. Seus pais s\u00e3o respons\u00e1veis pelo que esses meninos fizeram. Mas todos n\u00f3s somos respons\u00e1veis pela descolora\u00e7\u00e3o do conceito de verdade, pela deprecia\u00e7\u00e3o do afeto, pela propaga\u00e7\u00e3o da mentira com pinceladas de maquiagem. Desde quando deixamos de enxergar \u201co que n\u00e3o pode\u201d para n\u00e3o ter trabalho. \u00c9 mais f\u00e1cil dar um celular nas m\u00e3ozinhas do pequeno e se iludir falando que o filho \u00e9 um g\u00eanio porque desliza um dedinho e olha as imagens corridas. A compreens\u00e3o e o pensamento n\u00e3o importam. Vulner\u00e1veis s\u00e3o presas f\u00e1ceis. Os meninos do col\u00e9gio religioso famoso ficaram na esquina entre v\u00edtimas e algozes. Penso que estamos usando nossos vulner\u00e1veis para exalar viol\u00eancia em formas cada vez mais sofisticadas. A vulnerabilidade negada, \u00e9 a viol\u00eancia naturalizada. A fam\u00edlia de passarinhos do jardim do meu trabalho me deixaram duas li\u00e7\u00f5es: uma sobre a import\u00e2ncia da qualidade do cuidado com os pequenos, e outra, que podemos voar sem saber para onde, mas com suas pr\u00f3prias asas, sem seguir as \u201cinstru\u00e7\u00f5es\u201d de um influencer.<\/p>\n\n\n\n<div class=\"wp-block-image\"><figure class=\"aligncenter size-large is-resized\"><img loading=\"lazy\" decoding=\"async\" src=\"https:\/\/jornalfatosenoticias.com.br\/wp-content\/uploads\/2023\/03\/nova-logo-Marquetti.jpg\" alt=\"\" class=\"wp-image-40207\" width=\"305\" height=\"205\" srcset=\"https:\/\/jornalfatosenoticias.com.br\/wp-content\/uploads\/2023\/03\/nova-logo-Marquetti.jpg 643w, https:\/\/jornalfatosenoticias.com.br\/wp-content\/uploads\/2023\/03\/nova-logo-Marquetti-300x202.jpg 300w\" sizes=\"auto, (max-width: 305px) 100vw, 305px\" \/><\/figure><\/div>\n","protected":false},"excerpt":{"rendered":"<p>A simplicidade da vida dos passarinhos \u00e9 invej\u00e1vel. A efici\u00eancia dos cuidados maternos e da prote\u00e7\u00e3o paterna, tamb\u00e9m invej\u00e1veis E os dois filhotes criaram penas e se arriscaram a pequenos voos, sob o olhar da m\u00e3e passarinha. Come\u00e7aram por explorar o jardim do entorno, e, no dia seguinte, o ninho foi deixado para tr\u00e1s pela [&hellip;]<\/p>\n","protected":false},"author":8,"featured_media":46970,"comment_status":"open","ping_status":"open","sticky":false,"template":"","format":"standard","meta":{"footnotes":""},"categories":[2522],"tags":[2463,6150,1261,655,4438,22012],"class_list":["post-46967","post","type-post","status-publish","format-standard","has-post-thumbnail","hentry","category-comportamento","tag-aprendizagem","tag-filhos","tag-filhotes","tag-natureza","tag-pais","tag-passarinhos"],"yoast_head":"<!-- This site is optimized with the Yoast SEO plugin v26.5 - https:\/\/yoast.com\/wordpress\/plugins\/seo\/ -->\n<title>A Responsabilidade dos pais com os filhos, observando passarinhos e humanos \u2014 Parte III - Jornal Fatos e Not\u00edcias<\/title>\n<meta name=\"robots\" content=\"index, follow, max-snippet:-1, max-image-preview:large, max-video-preview:-1\" \/>\n<link rel=\"canonical\" href=\"https:\/\/jornalfatosenoticias.com.br\/index.php\/2023\/11\/16\/a-responsabilidade-dos-pais-com-os-filhos-observando-passarinhos-e-humanos-parte-iii\/\" \/>\n<meta property=\"og:locale\" content=\"pt_BR\" \/>\n<meta property=\"og:type\" content=\"article\" \/>\n<meta property=\"og:title\" content=\"A Responsabilidade dos pais com os filhos, observando passarinhos e humanos \u2014 Parte III - Jornal Fatos e Not\u00edcias\" \/>\n<meta property=\"og:description\" content=\"A simplicidade da vida dos passarinhos \u00e9 invej\u00e1vel. A efici\u00eancia dos cuidados maternos e da prote\u00e7\u00e3o paterna, tamb\u00e9m invej\u00e1veis E os dois filhotes criaram penas e se arriscaram a pequenos voos, sob o olhar da m\u00e3e passarinha. Come\u00e7aram por explorar o jardim do entorno, e, no dia seguinte, o ninho foi deixado para tr\u00e1s pela [&hellip;]\" \/>\n<meta property=\"og:url\" content=\"https:\/\/jornalfatosenoticias.com.br\/index.php\/2023\/11\/16\/a-responsabilidade-dos-pais-com-os-filhos-observando-passarinhos-e-humanos-parte-iii\/\" \/>\n<meta property=\"og:site_name\" content=\"Jornal Fatos e Not\u00edcias\" \/>\n<meta property=\"article:published_time\" content=\"2023-11-16T20:23:40+00:00\" \/>\n<meta property=\"article:modified_time\" content=\"2023-11-16T20:23:42+00:00\" \/>\n<meta property=\"og:image\" content=\"https:\/\/jornalfatosenoticias.com.br\/wp-content\/uploads\/2023\/11\/passarinho_foto_Ana-Maria-Iencarelli.jpg\" \/>\n\t<meta property=\"og:image:width\" content=\"896\" \/>\n\t<meta property=\"og:image:height\" content=\"595\" \/>\n\t<meta property=\"og:image:type\" content=\"image\/jpeg\" \/>\n<meta name=\"author\" content=\"Ana Maria Iencarelli\" \/>\n<meta name=\"twitter:card\" content=\"summary_large_image\" \/>\n<meta name=\"twitter:label1\" content=\"Escrito por\" \/>\n\t<meta name=\"twitter:data1\" content=\"Ana Maria Iencarelli\" \/>\n\t<meta name=\"twitter:label2\" content=\"Est. tempo de leitura\" \/>\n\t<meta name=\"twitter:data2\" content=\"6 minutos\" \/>\n<script type=\"application\/ld+json\" class=\"yoast-schema-graph\">{\"@context\":\"https:\/\/schema.org\",\"@graph\":[{\"@type\":\"Article\",\"@id\":\"https:\/\/jornalfatosenoticias.com.br\/index.php\/2023\/11\/16\/a-responsabilidade-dos-pais-com-os-filhos-observando-passarinhos-e-humanos-parte-iii\/#article\",\"isPartOf\":{\"@id\":\"https:\/\/jornalfatosenoticias.com.br\/index.php\/2023\/11\/16\/a-responsabilidade-dos-pais-com-os-filhos-observando-passarinhos-e-humanos-parte-iii\/\"},\"author\":{\"name\":\"Ana Maria Iencarelli\",\"@id\":\"https:\/\/jornalfatosenoticias.com.br\/#\/schema\/person\/c33fcf5fb02d729d3fec92c6737a22d1\"},\"headline\":\"A Responsabilidade dos pais com os filhos, observando passarinhos e humanos \u2014 Parte III\",\"datePublished\":\"2023-11-16T20:23:40+00:00\",\"dateModified\":\"2023-11-16T20:23:42+00:00\",\"mainEntityOfPage\":{\"@id\":\"https:\/\/jornalfatosenoticias.com.br\/index.php\/2023\/11\/16\/a-responsabilidade-dos-pais-com-os-filhos-observando-passarinhos-e-humanos-parte-iii\/\"},\"wordCount\":1268,\"commentCount\":0,\"publisher\":{\"@id\":\"https:\/\/jornalfatosenoticias.com.br\/#organization\"},\"image\":{\"@id\":\"https:\/\/jornalfatosenoticias.com.br\/index.php\/2023\/11\/16\/a-responsabilidade-dos-pais-com-os-filhos-observando-passarinhos-e-humanos-parte-iii\/#primaryimage\"},\"thumbnailUrl\":\"https:\/\/jornalfatosenoticias.com.br\/wp-content\/uploads\/2023\/11\/passarinho_foto_Ana-Maria-Iencarelli.jpg\",\"keywords\":[\"aprendizagem\",\"filhos\",\"filhotes\",\"natureza\",\"pais\",\"passarinhos\"],\"articleSection\":[\"Comportamento &amp; Equil\u00edbrio\"],\"inLanguage\":\"pt-BR\",\"potentialAction\":[{\"@type\":\"CommentAction\",\"name\":\"Comment\",\"target\":[\"https:\/\/jornalfatosenoticias.com.br\/index.php\/2023\/11\/16\/a-responsabilidade-dos-pais-com-os-filhos-observando-passarinhos-e-humanos-parte-iii\/#respond\"]}]},{\"@type\":\"WebPage\",\"@id\":\"https:\/\/jornalfatosenoticias.com.br\/index.php\/2023\/11\/16\/a-responsabilidade-dos-pais-com-os-filhos-observando-passarinhos-e-humanos-parte-iii\/\",\"url\":\"https:\/\/jornalfatosenoticias.com.br\/index.php\/2023\/11\/16\/a-responsabilidade-dos-pais-com-os-filhos-observando-passarinhos-e-humanos-parte-iii\/\",\"name\":\"A Responsabilidade dos pais com os filhos, observando passarinhos e humanos \u2014 Parte III - Jornal Fatos e Not\u00edcias\",\"isPartOf\":{\"@id\":\"https:\/\/jornalfatosenoticias.com.br\/#website\"},\"primaryImageOfPage\":{\"@id\":\"https:\/\/jornalfatosenoticias.com.br\/index.php\/2023\/11\/16\/a-responsabilidade-dos-pais-com-os-filhos-observando-passarinhos-e-humanos-parte-iii\/#primaryimage\"},\"image\":{\"@id\":\"https:\/\/jornalfatosenoticias.com.br\/index.php\/2023\/11\/16\/a-responsabilidade-dos-pais-com-os-filhos-observando-passarinhos-e-humanos-parte-iii\/#primaryimage\"},\"thumbnailUrl\":\"https:\/\/jornalfatosenoticias.com.br\/wp-content\/uploads\/2023\/11\/passarinho_foto_Ana-Maria-Iencarelli.jpg\",\"datePublished\":\"2023-11-16T20:23:40+00:00\",\"dateModified\":\"2023-11-16T20:23:42+00:00\",\"breadcrumb\":{\"@id\":\"https:\/\/jornalfatosenoticias.com.br\/index.php\/2023\/11\/16\/a-responsabilidade-dos-pais-com-os-filhos-observando-passarinhos-e-humanos-parte-iii\/#breadcrumb\"},\"inLanguage\":\"pt-BR\",\"potentialAction\":[{\"@type\":\"ReadAction\",\"target\":[\"https:\/\/jornalfatosenoticias.com.br\/index.php\/2023\/11\/16\/a-responsabilidade-dos-pais-com-os-filhos-observando-passarinhos-e-humanos-parte-iii\/\"]}]},{\"@type\":\"ImageObject\",\"inLanguage\":\"pt-BR\",\"@id\":\"https:\/\/jornalfatosenoticias.com.br\/index.php\/2023\/11\/16\/a-responsabilidade-dos-pais-com-os-filhos-observando-passarinhos-e-humanos-parte-iii\/#primaryimage\",\"url\":\"https:\/\/jornalfatosenoticias.com.br\/wp-content\/uploads\/2023\/11\/passarinho_foto_Ana-Maria-Iencarelli.jpg\",\"contentUrl\":\"https:\/\/jornalfatosenoticias.com.br\/wp-content\/uploads\/2023\/11\/passarinho_foto_Ana-Maria-Iencarelli.jpg\",\"width\":896,\"height\":595},{\"@type\":\"BreadcrumbList\",\"@id\":\"https:\/\/jornalfatosenoticias.com.br\/index.php\/2023\/11\/16\/a-responsabilidade-dos-pais-com-os-filhos-observando-passarinhos-e-humanos-parte-iii\/#breadcrumb\",\"itemListElement\":[{\"@type\":\"ListItem\",\"position\":1,\"name\":\"In\u00edcio\",\"item\":\"https:\/\/jornalfatosenoticias.com.br\/\"},{\"@type\":\"ListItem\",\"position\":2,\"name\":\"A Responsabilidade dos pais com os filhos, observando passarinhos e humanos \u2014 Parte III\"}]},{\"@type\":\"WebSite\",\"@id\":\"https:\/\/jornalfatosenoticias.com.br\/#website\",\"url\":\"https:\/\/jornalfatosenoticias.com.br\/\",\"name\":\"Jornal Fatos e Not\u00edcias\",\"description\":\"Not\u00edcias em geral\",\"publisher\":{\"@id\":\"https:\/\/jornalfatosenoticias.com.br\/#organization\"},\"potentialAction\":[{\"@type\":\"SearchAction\",\"target\":{\"@type\":\"EntryPoint\",\"urlTemplate\":\"https:\/\/jornalfatosenoticias.com.br\/?s={search_term_string}\"},\"query-input\":{\"@type\":\"PropertyValueSpecification\",\"valueRequired\":true,\"valueName\":\"search_term_string\"}}],\"inLanguage\":\"pt-BR\"},{\"@type\":\"Organization\",\"@id\":\"https:\/\/jornalfatosenoticias.com.br\/#organization\",\"name\":\"Jornal Fatos e Not\u00edcias\",\"url\":\"https:\/\/jornalfatosenoticias.com.br\/\",\"logo\":{\"@type\":\"ImageObject\",\"inLanguage\":\"pt-BR\",\"@id\":\"https:\/\/jornalfatosenoticias.com.br\/#\/schema\/logo\/image\/\",\"url\":\"https:\/\/jornalfatosenoticias.com.br\/wp-content\/uploads\/2020\/02\/logo120.png\",\"contentUrl\":\"https:\/\/jornalfatosenoticias.com.br\/wp-content\/uploads\/2020\/02\/logo120.png\",\"width\":1227,\"height\":120,\"caption\":\"Jornal Fatos e Not\u00edcias\"},\"image\":{\"@id\":\"https:\/\/jornalfatosenoticias.com.br\/#\/schema\/logo\/image\/\"}},{\"@type\":\"Person\",\"@id\":\"https:\/\/jornalfatosenoticias.com.br\/#\/schema\/person\/c33fcf5fb02d729d3fec92c6737a22d1\",\"name\":\"Ana Maria Iencarelli\",\"image\":{\"@type\":\"ImageObject\",\"inLanguage\":\"pt-BR\",\"@id\":\"https:\/\/jornalfatosenoticias.com.br\/#\/schema\/person\/image\/\",\"url\":\"https:\/\/jornalfatosenoticias.com.br\/wp-content\/uploads\/2020\/02\/Ana-Maria-Iencarelli-1-150x150.jpg\",\"contentUrl\":\"https:\/\/jornalfatosenoticias.com.br\/wp-content\/uploads\/2020\/02\/Ana-Maria-Iencarelli-1-150x150.jpg\",\"caption\":\"Ana Maria Iencarelli\"},\"description\":\"Psicanalista Cl\u00ednica, especializada no atendimento a Crian\u00e7as e Adolescentes. Presidente da ONG Vozes de Anjos.\",\"url\":\"https:\/\/jornalfatosenoticias.com.br\/index.php\/author\/anamaria\/\"}]}<\/script>\n<!-- \/ Yoast SEO plugin. -->","yoast_head_json":{"title":"A Responsabilidade dos pais com os filhos, observando passarinhos e humanos \u2014 Parte III - Jornal Fatos e Not\u00edcias","robots":{"index":"index","follow":"follow","max-snippet":"max-snippet:-1","max-image-preview":"max-image-preview:large","max-video-preview":"max-video-preview:-1"},"canonical":"https:\/\/jornalfatosenoticias.com.br\/index.php\/2023\/11\/16\/a-responsabilidade-dos-pais-com-os-filhos-observando-passarinhos-e-humanos-parte-iii\/","og_locale":"pt_BR","og_type":"article","og_title":"A Responsabilidade dos pais com os filhos, observando passarinhos e humanos \u2014 Parte III - Jornal Fatos e Not\u00edcias","og_description":"A simplicidade da vida dos passarinhos \u00e9 invej\u00e1vel. A efici\u00eancia dos cuidados maternos e da prote\u00e7\u00e3o paterna, tamb\u00e9m invej\u00e1veis E os dois filhotes criaram penas e se arriscaram a pequenos voos, sob o olhar da m\u00e3e passarinha. Come\u00e7aram por explorar o jardim do entorno, e, no dia seguinte, o ninho foi deixado para tr\u00e1s pela [&hellip;]","og_url":"https:\/\/jornalfatosenoticias.com.br\/index.php\/2023\/11\/16\/a-responsabilidade-dos-pais-com-os-filhos-observando-passarinhos-e-humanos-parte-iii\/","og_site_name":"Jornal Fatos e Not\u00edcias","article_published_time":"2023-11-16T20:23:40+00:00","article_modified_time":"2023-11-16T20:23:42+00:00","og_image":[{"width":896,"height":595,"url":"https:\/\/jornalfatosenoticias.com.br\/wp-content\/uploads\/2023\/11\/passarinho_foto_Ana-Maria-Iencarelli.jpg","type":"image\/jpeg"}],"author":"Ana Maria Iencarelli","twitter_card":"summary_large_image","twitter_misc":{"Escrito por":"Ana Maria Iencarelli","Est. tempo de leitura":"6 minutos"},"schema":{"@context":"https:\/\/schema.org","@graph":[{"@type":"Article","@id":"https:\/\/jornalfatosenoticias.com.br\/index.php\/2023\/11\/16\/a-responsabilidade-dos-pais-com-os-filhos-observando-passarinhos-e-humanos-parte-iii\/#article","isPartOf":{"@id":"https:\/\/jornalfatosenoticias.com.br\/index.php\/2023\/11\/16\/a-responsabilidade-dos-pais-com-os-filhos-observando-passarinhos-e-humanos-parte-iii\/"},"author":{"name":"Ana Maria Iencarelli","@id":"https:\/\/jornalfatosenoticias.com.br\/#\/schema\/person\/c33fcf5fb02d729d3fec92c6737a22d1"},"headline":"A Responsabilidade dos pais com os filhos, observando passarinhos e humanos \u2014 Parte III","datePublished":"2023-11-16T20:23:40+00:00","dateModified":"2023-11-16T20:23:42+00:00","mainEntityOfPage":{"@id":"https:\/\/jornalfatosenoticias.com.br\/index.php\/2023\/11\/16\/a-responsabilidade-dos-pais-com-os-filhos-observando-passarinhos-e-humanos-parte-iii\/"},"wordCount":1268,"commentCount":0,"publisher":{"@id":"https:\/\/jornalfatosenoticias.com.br\/#organization"},"image":{"@id":"https:\/\/jornalfatosenoticias.com.br\/index.php\/2023\/11\/16\/a-responsabilidade-dos-pais-com-os-filhos-observando-passarinhos-e-humanos-parte-iii\/#primaryimage"},"thumbnailUrl":"https:\/\/jornalfatosenoticias.com.br\/wp-content\/uploads\/2023\/11\/passarinho_foto_Ana-Maria-Iencarelli.jpg","keywords":["aprendizagem","filhos","filhotes","natureza","pais","passarinhos"],"articleSection":["Comportamento &amp; Equil\u00edbrio"],"inLanguage":"pt-BR","potentialAction":[{"@type":"CommentAction","name":"Comment","target":["https:\/\/jornalfatosenoticias.com.br\/index.php\/2023\/11\/16\/a-responsabilidade-dos-pais-com-os-filhos-observando-passarinhos-e-humanos-parte-iii\/#respond"]}]},{"@type":"WebPage","@id":"https:\/\/jornalfatosenoticias.com.br\/index.php\/2023\/11\/16\/a-responsabilidade-dos-pais-com-os-filhos-observando-passarinhos-e-humanos-parte-iii\/","url":"https:\/\/jornalfatosenoticias.com.br\/index.php\/2023\/11\/16\/a-responsabilidade-dos-pais-com-os-filhos-observando-passarinhos-e-humanos-parte-iii\/","name":"A Responsabilidade dos pais com os filhos, observando passarinhos e humanos \u2014 Parte III - Jornal Fatos e Not\u00edcias","isPartOf":{"@id":"https:\/\/jornalfatosenoticias.com.br\/#website"},"primaryImageOfPage":{"@id":"https:\/\/jornalfatosenoticias.com.br\/index.php\/2023\/11\/16\/a-responsabilidade-dos-pais-com-os-filhos-observando-passarinhos-e-humanos-parte-iii\/#primaryimage"},"image":{"@id":"https:\/\/jornalfatosenoticias.com.br\/index.php\/2023\/11\/16\/a-responsabilidade-dos-pais-com-os-filhos-observando-passarinhos-e-humanos-parte-iii\/#primaryimage"},"thumbnailUrl":"https:\/\/jornalfatosenoticias.com.br\/wp-content\/uploads\/2023\/11\/passarinho_foto_Ana-Maria-Iencarelli.jpg","datePublished":"2023-11-16T20:23:40+00:00","dateModified":"2023-11-16T20:23:42+00:00","breadcrumb":{"@id":"https:\/\/jornalfatosenoticias.com.br\/index.php\/2023\/11\/16\/a-responsabilidade-dos-pais-com-os-filhos-observando-passarinhos-e-humanos-parte-iii\/#breadcrumb"},"inLanguage":"pt-BR","potentialAction":[{"@type":"ReadAction","target":["https:\/\/jornalfatosenoticias.com.br\/index.php\/2023\/11\/16\/a-responsabilidade-dos-pais-com-os-filhos-observando-passarinhos-e-humanos-parte-iii\/"]}]},{"@type":"ImageObject","inLanguage":"pt-BR","@id":"https:\/\/jornalfatosenoticias.com.br\/index.php\/2023\/11\/16\/a-responsabilidade-dos-pais-com-os-filhos-observando-passarinhos-e-humanos-parte-iii\/#primaryimage","url":"https:\/\/jornalfatosenoticias.com.br\/wp-content\/uploads\/2023\/11\/passarinho_foto_Ana-Maria-Iencarelli.jpg","contentUrl":"https:\/\/jornalfatosenoticias.com.br\/wp-content\/uploads\/2023\/11\/passarinho_foto_Ana-Maria-Iencarelli.jpg","width":896,"height":595},{"@type":"BreadcrumbList","@id":"https:\/\/jornalfatosenoticias.com.br\/index.php\/2023\/11\/16\/a-responsabilidade-dos-pais-com-os-filhos-observando-passarinhos-e-humanos-parte-iii\/#breadcrumb","itemListElement":[{"@type":"ListItem","position":1,"name":"In\u00edcio","item":"https:\/\/jornalfatosenoticias.com.br\/"},{"@type":"ListItem","position":2,"name":"A Responsabilidade dos pais com os filhos, observando passarinhos e humanos \u2014 Parte III"}]},{"@type":"WebSite","@id":"https:\/\/jornalfatosenoticias.com.br\/#website","url":"https:\/\/jornalfatosenoticias.com.br\/","name":"Jornal Fatos e Not\u00edcias","description":"Not\u00edcias em geral","publisher":{"@id":"https:\/\/jornalfatosenoticias.com.br\/#organization"},"potentialAction":[{"@type":"SearchAction","target":{"@type":"EntryPoint","urlTemplate":"https:\/\/jornalfatosenoticias.com.br\/?s={search_term_string}"},"query-input":{"@type":"PropertyValueSpecification","valueRequired":true,"valueName":"search_term_string"}}],"inLanguage":"pt-BR"},{"@type":"Organization","@id":"https:\/\/jornalfatosenoticias.com.br\/#organization","name":"Jornal Fatos e Not\u00edcias","url":"https:\/\/jornalfatosenoticias.com.br\/","logo":{"@type":"ImageObject","inLanguage":"pt-BR","@id":"https:\/\/jornalfatosenoticias.com.br\/#\/schema\/logo\/image\/","url":"https:\/\/jornalfatosenoticias.com.br\/wp-content\/uploads\/2020\/02\/logo120.png","contentUrl":"https:\/\/jornalfatosenoticias.com.br\/wp-content\/uploads\/2020\/02\/logo120.png","width":1227,"height":120,"caption":"Jornal Fatos e Not\u00edcias"},"image":{"@id":"https:\/\/jornalfatosenoticias.com.br\/#\/schema\/logo\/image\/"}},{"@type":"Person","@id":"https:\/\/jornalfatosenoticias.com.br\/#\/schema\/person\/c33fcf5fb02d729d3fec92c6737a22d1","name":"Ana Maria Iencarelli","image":{"@type":"ImageObject","inLanguage":"pt-BR","@id":"https:\/\/jornalfatosenoticias.com.br\/#\/schema\/person\/image\/","url":"https:\/\/jornalfatosenoticias.com.br\/wp-content\/uploads\/2020\/02\/Ana-Maria-Iencarelli-1-150x150.jpg","contentUrl":"https:\/\/jornalfatosenoticias.com.br\/wp-content\/uploads\/2020\/02\/Ana-Maria-Iencarelli-1-150x150.jpg","caption":"Ana Maria Iencarelli"},"description":"Psicanalista Cl\u00ednica, especializada no atendimento a Crian\u00e7as e Adolescentes. Presidente da ONG Vozes de Anjos.","url":"https:\/\/jornalfatosenoticias.com.br\/index.php\/author\/anamaria\/"}]}},"cc_featured_image_caption":{"caption_text":"(Foto: Ana Maria Iencarelli)","source_text":"","source_url":""},"jetpack_featured_media_url":"https:\/\/jornalfatosenoticias.com.br\/wp-content\/uploads\/2023\/11\/passarinho_foto_Ana-Maria-Iencarelli.jpg","_links":{"self":[{"href":"https:\/\/jornalfatosenoticias.com.br\/index.php\/wp-json\/wp\/v2\/posts\/46967","targetHints":{"allow":["GET"]}}],"collection":[{"href":"https:\/\/jornalfatosenoticias.com.br\/index.php\/wp-json\/wp\/v2\/posts"}],"about":[{"href":"https:\/\/jornalfatosenoticias.com.br\/index.php\/wp-json\/wp\/v2\/types\/post"}],"author":[{"embeddable":true,"href":"https:\/\/jornalfatosenoticias.com.br\/index.php\/wp-json\/wp\/v2\/users\/8"}],"replies":[{"embeddable":true,"href":"https:\/\/jornalfatosenoticias.com.br\/index.php\/wp-json\/wp\/v2\/comments?post=46967"}],"version-history":[{"count":0,"href":"https:\/\/jornalfatosenoticias.com.br\/index.php\/wp-json\/wp\/v2\/posts\/46967\/revisions"}],"wp:featuredmedia":[{"embeddable":true,"href":"https:\/\/jornalfatosenoticias.com.br\/index.php\/wp-json\/wp\/v2\/media\/46970"}],"wp:attachment":[{"href":"https:\/\/jornalfatosenoticias.com.br\/index.php\/wp-json\/wp\/v2\/media?parent=46967"}],"wp:term":[{"taxonomy":"category","embeddable":true,"href":"https:\/\/jornalfatosenoticias.com.br\/index.php\/wp-json\/wp\/v2\/categories?post=46967"},{"taxonomy":"post_tag","embeddable":true,"href":"https:\/\/jornalfatosenoticias.com.br\/index.php\/wp-json\/wp\/v2\/tags?post=46967"}],"curies":[{"name":"wp","href":"https:\/\/api.w.org\/{rel}","templated":true}]}}