{"id":47001,"date":"2023-11-16T18:50:24","date_gmt":"2023-11-16T21:50:24","guid":{"rendered":"https:\/\/jornalfatosenoticias.com.br\/?p=47001"},"modified":"2023-11-16T18:50:28","modified_gmt":"2023-11-16T21:50:28","slug":"a-semana-em-brasilia-e-no-es-marina-silva-na-cpi-das-ongs","status":"publish","type":"post","link":"https:\/\/jornalfatosenoticias.com.br\/index.php\/2023\/11\/16\/a-semana-em-brasilia-e-no-es-marina-silva-na-cpi-das-ongs\/","title":{"rendered":"A Semana em Bras\u00edlia e no ES \u2014 Marina Silva na CPI das ONGs"},"content":{"rendered":"\n<p>A Comiss\u00e3o Parlamentar de Inqu\u00e9rito (CPI) que apura a atua\u00e7\u00e3o de ONGs na Amaz\u00f4nia formalizou o convite para a ministra do Meio Ambiente e Mudan\u00e7a do Clima, Marina Silva, comparecer ao colegiado na pr\u00f3xima ter\u00e7a-feira (21).<br>Por se tratar de convite, o comparecimento n\u00e3o \u00e9 obrigat\u00f3rio, mas o presidente do colegiado, senador Pl\u00ednio Val\u00e9rio (PSDB-AM), afirmou que caso ela n\u00e3o participe da reuni\u00e3o, ir\u00e1 apresentar um pedido de convoca\u00e7\u00e3o.<br>Hoje, quem manda na Amaz\u00f4nia s\u00e3o as ONGs, bancadas por dinheiro externo, \u00e0s quais a ministra Marina Silva presta contas. Ela tem muito a esclarecer \u00e0 CPI\u201d, disse o senador. Entre os pontos que o presidente pretende questionar a ministra est\u00e3o \u201cpreju\u00edzos \u00e0 soberania e falta de transpar\u00eancia nos recursos do Fundo da Amaz\u00f4nia\u201d.<\/p>\n\n\n\n<div class=\"wp-block-image\"><figure class=\"aligncenter size-large\"><img decoding=\"async\" src=\"https:\/\/jornalfatosenoticias.com.br\/wp-content\/uploads\/2020\/02\/barao-das-carnes-300x164-1.jpg\" alt=\"\" class=\"wp-image-34339\"\/><\/figure><\/div>\n\n\n\n<p>Integrantes da CPI t\u00eam criticado a aplica\u00e7\u00e3o de recursos do Fundo Amaz\u00f4nia. Eles indicam que 11% do total de R$ 25 milh\u00f5es recebido em 2022 foi gasto com servi\u00e7os ambientais, enquanto mais de 80% foi para o pagamento de funcion\u00e1rios, despesas internas e consultorias. <strong>(Fonte: O Antagonista)<\/strong><\/p>\n\n\n\n<hr class=\"wp-block-separator\"\/>\n\n\n\n<h3 class=\"wp-block-heading\"><strong><span class=\"has-inline-color has-black-color\">Condenada, filha de Fernandinho Beira-Mar recebe \u2018Pr\u00eamio Responsabilidade Social\u2019<\/span><\/strong><\/h3>\n\n\n\n<div class=\"wp-block-image\"><figure class=\"aligncenter size-large\"><img loading=\"lazy\" decoding=\"async\" width=\"758\" height=\"454\" src=\"https:\/\/jornalfatosenoticias.com.br\/wp-content\/uploads\/2023\/11\/Filha-de-Fernandinho-Beira-Mar.jpg\" alt=\"\" class=\"wp-image-47002\" srcset=\"https:\/\/jornalfatosenoticias.com.br\/wp-content\/uploads\/2023\/11\/Filha-de-Fernandinho-Beira-Mar.jpg 758w, https:\/\/jornalfatosenoticias.com.br\/wp-content\/uploads\/2023\/11\/Filha-de-Fernandinho-Beira-Mar-300x180.jpg 300w\" sizes=\"auto, (max-width: 758px) 100vw, 758px\" \/><figcaption><em><span class=\"has-inline-color has-black-color\">(Foto: Reprodu\u00e7\u00e3o)<\/span><\/em><\/figcaption><\/figure><\/div>\n\n\n\n<p><span class=\"has-inline-color has-black-color\">Por <strong>Raul Holderf Nascimento<br><\/strong><\/span>A C\u00e2mara Municipal de Duque de Caxias entregou \u00e0 vereadora Fernanda Costa, filha do traficante Fernandinho Beira-Mar, o trof\u00e9u e diploma \u2018Responsabilidade Social 2023\u2019. A entrega das honrarias ocorre em meio a uma batalha judicial que mira a parlamentar.<br>Fernanda Costa, de 34 anos, enfrenta acusa\u00e7\u00f5es ap\u00f3s ser condenada pelo Tribunal Regional Federal de Rond\u00f4nia, em abril deste ano. A senten\u00e7a refere-se \u00e0 sua suposta participa\u00e7\u00e3o na transmiss\u00e3o de mensagens do pai, atualmente detido, \u00e0 fac\u00e7\u00e3o criminosa Comando Vermelho. O processo permanece sob an\u00e1lise judicial, impulsionado por recursos apresentados pela defesa da vereadora.<\/p>\n\n\n\n<div class=\"wp-block-image\"><figure class=\"aligncenter size-large is-resized\"><img loading=\"lazy\" decoding=\"async\" src=\"https:\/\/jornalfatosenoticias.com.br\/wp-content\/uploads\/2023\/08\/BKR-1024x1021.jpg\" alt=\"\" class=\"wp-image-44494\" width=\"277\" height=\"276\" srcset=\"https:\/\/jornalfatosenoticias.com.br\/wp-content\/uploads\/2023\/08\/BKR-1024x1021.jpg 1024w, https:\/\/jornalfatosenoticias.com.br\/wp-content\/uploads\/2023\/08\/BKR-300x300.jpg 300w, https:\/\/jornalfatosenoticias.com.br\/wp-content\/uploads\/2023\/08\/BKR-150x150.jpg 150w, https:\/\/jornalfatosenoticias.com.br\/wp-content\/uploads\/2023\/08\/BKR-768x766.jpg 768w, https:\/\/jornalfatosenoticias.com.br\/wp-content\/uploads\/2023\/08\/BKR.jpg 1080w\" sizes=\"auto, (max-width: 277px) 100vw, 277px\" \/><\/figure><\/div>\n\n\n\n<p>O trof\u00e9u, concedido em reconhecimento \u00e0 \u2018Responsabilidade Social 2023\u2019, conta com os logotipos do governo estadual fluminense, da Universidade do Estado do Rio de Janeiro e da Secretaria de Cultura e Turismo de Duque de Caxias. A Associa\u00e7\u00e3o Grupo para Todos, defensora da diversidade sexual, foi a respons\u00e1vel pela entrega da honraria.<\/p>\n\n\n\n<div class=\"wp-block-image\"><figure class=\"aligncenter size-large\"><img decoding=\"async\" src=\"https:\/\/jornalfatosenoticias.com.br\/wp-content\/uploads\/2020\/02\/logo_esteio.jpg\" alt=\"\" class=\"wp-image-1214\"\/><\/figure><\/div>\n\n\n\n<p>A condena\u00e7\u00e3o n\u00e3o se limita \u00e0 vereadora Fernanda Costa. Em abril deste ano, Fernandinho Beira-Mar e cinco de seus filhos, incluindo a parlamentar, foram considerados culpados por organiza\u00e7\u00e3o criminosa, como revelado nas investiga\u00e7\u00f5es da Opera\u00e7\u00e3o Ep\u00edstolas, de 2017, pelo Tribunal Regional Federal de Rond\u00f4nia. <strong>(Fonte: Conex\u00e3o Pol\u00edtica)<\/strong><\/p>\n\n\n\n<div class=\"wp-block-image\"><figure class=\"aligncenter size-large is-resized\"><img loading=\"lazy\" decoding=\"async\" src=\"https:\/\/jornalfatosenoticias.com.br\/wp-content\/uploads\/2022\/10\/RC_800x750_page-0001.jpg\" alt=\"\" class=\"wp-image-35338\" width=\"280\" height=\"263\" srcset=\"https:\/\/jornalfatosenoticias.com.br\/wp-content\/uploads\/2022\/10\/RC_800x750_page-0001.jpg 400w, https:\/\/jornalfatosenoticias.com.br\/wp-content\/uploads\/2022\/10\/RC_800x750_page-0001-300x281.jpg 300w\" sizes=\"auto, (max-width: 280px) 100vw, 280px\" \/><\/figure><\/div>\n\n\n\n<hr class=\"wp-block-separator\"\/>\n\n\n\n<h3 class=\"wp-block-heading\"><span class=\"has-inline-color has-black-color\">Acusa\u00e7\u00f5es contra Israel s\u00e3o absurdas, diz chanceler da Alemanha<\/span><\/h3>\n\n\n\n<div class=\"wp-block-image\"><figure class=\"aligncenter size-large\"><img loading=\"lazy\" decoding=\"async\" width=\"1000\" height=\"666\" src=\"https:\/\/jornalfatosenoticias.com.br\/wp-content\/uploads\/2023\/11\/Olaf-Scholz.jpg\" alt=\"\" class=\"wp-image-47003\" srcset=\"https:\/\/jornalfatosenoticias.com.br\/wp-content\/uploads\/2023\/11\/Olaf-Scholz.jpg 1000w, https:\/\/jornalfatosenoticias.com.br\/wp-content\/uploads\/2023\/11\/Olaf-Scholz-300x200.jpg 300w, https:\/\/jornalfatosenoticias.com.br\/wp-content\/uploads\/2023\/11\/Olaf-Scholz-768x511.jpg 768w\" sizes=\"auto, (max-width: 1000px) 100vw, 1000px\" \/><figcaption><em><span class=\"has-inline-color has-black-color\">(Foto: Parlamento Europeu\/Wikimedia Commons)<\/span><\/em><\/figcaption><\/figure><\/div>\n\n\n\n<p>Em discurso nesta ter\u00e7a-feira (14), o chanceler (primeiro-ministro) da Alemanha, Olaf Scholz, afirmou que as acusa\u00e7\u00f5es que est\u00e3o sendo feitas contra Israel s\u00e3o absurdas e que o pa\u00eds est\u00e1 agindo de acordo com o direito internacional ao se defender dos terroristas do Hamas.<\/p>\n\n\n\n<div class=\"wp-block-image\"><figure class=\"aligncenter size-large is-resized\"><img loading=\"lazy\" decoding=\"async\" src=\"https:\/\/jornalfatosenoticias.com.br\/wp-content\/uploads\/2023\/03\/nova-logo-Marquetti.jpg\" alt=\"\" class=\"wp-image-40207\" width=\"295\" height=\"198\" srcset=\"https:\/\/jornalfatosenoticias.com.br\/wp-content\/uploads\/2023\/03\/nova-logo-Marquetti.jpg 643w, https:\/\/jornalfatosenoticias.com.br\/wp-content\/uploads\/2023\/03\/nova-logo-Marquetti-300x202.jpg 300w\" sizes=\"auto, (max-width: 295px) 100vw, 295px\" \/><\/figure><\/div>\n\n\n\n<p>As declara\u00e7\u00f5es foram uma resposta ao presidente da Turquia, Recep Tayyip Erdogan, que acusou o governo israelense de ser \u201cfascista\u201d. \u201cIsrael \u00e9 uma democracia; isso tem de ser dito muito claramente. N\u00e3o h\u00e1 d\u00favida sobre isso. E enfatizaremos em todas as conversas e em todas as oportunidades que esta \u00e9 a nossa vis\u00e3o\u201d, disse o chanceler alem\u00e3o.<\/p>\n\n\n\n<div class=\"wp-block-image\"><figure class=\"aligncenter size-large is-resized\"><img loading=\"lazy\" decoding=\"async\" src=\"https:\/\/jornalfatosenoticias.com.br\/wp-content\/uploads\/2020\/02\/casa-do-torresmo_portal.jpg\" alt=\"\" class=\"wp-image-34472\" width=\"266\" height=\"266\" srcset=\"https:\/\/jornalfatosenoticias.com.br\/wp-content\/uploads\/2020\/02\/casa-do-torresmo_portal.jpg 300w, https:\/\/jornalfatosenoticias.com.br\/wp-content\/uploads\/2020\/02\/casa-do-torresmo_portal-150x150.jpg 150w\" sizes=\"auto, (max-width: 266px) 100vw, 266px\" \/><\/figure><\/div>\n\n\n\n<blockquote class=\"wp-block-quote is-layout-flow wp-block-quote-is-layout-flow\"><p><span class=\"has-inline-color has-luminous-vivid-orange-color\">Israel \u00e9 um pa\u00eds comprometido com os direitos humanos e a lei internacional e age de acordo com eles. E \u00e9 por isso que as acusa\u00e7\u00f5es que est\u00e3o sendo feitas contra Israel s\u00e3o absurdas. E n\u00e3o pode haver d\u00favida quanto a isso\u201d, acrescentou Scholz.<\/span><\/p><\/blockquote>\n\n\n\n<div class=\"wp-block-image\"><figure class=\"aligncenter size-large is-resized\"><img loading=\"lazy\" decoding=\"async\" src=\"https:\/\/jornalfatosenoticias.com.br\/wp-content\/uploads\/2020\/02\/logo-Rapuzel-1024x571.jpg\" alt=\"\" class=\"wp-image-42808\" width=\"328\" height=\"183\" srcset=\"https:\/\/jornalfatosenoticias.com.br\/wp-content\/uploads\/2020\/02\/logo-Rapuzel-1024x571.jpg 1024w, https:\/\/jornalfatosenoticias.com.br\/wp-content\/uploads\/2020\/02\/logo-Rapuzel-300x167.jpg 300w, https:\/\/jornalfatosenoticias.com.br\/wp-content\/uploads\/2020\/02\/logo-Rapuzel-768x428.jpg 768w, https:\/\/jornalfatosenoticias.com.br\/wp-content\/uploads\/2020\/02\/logo-Rapuzel-1536x856.jpg 1536w, https:\/\/jornalfatosenoticias.com.br\/wp-content\/uploads\/2020\/02\/logo-Rapuzel.jpg 1600w\" sizes=\"auto, (max-width: 328px) 100vw, 328px\" \/><\/figure><\/div>\n\n\n\n<p>O l\u00edder alem\u00e3o seguiu a mesma linha do premi\u00ea brit\u00e2nico, Rishi Sunak, que na \u00faltima segunda, 13, afirmou que este \u00e9 um momento de \u201cclareza moral\u201d e que Israel \u201cdeve ser capaz de se defender contra o terror, restaurar sua seguran\u00e7a e trazer os ref\u00e9ns para casa\u201d.<br>Que diferen\u00e7a a de Scholz e Sunak para o an\u00e3o diplom\u00e1tico que \u00e9 Lula. <strong>(Fonte: O Antagonista)<\/strong><\/p>\n\n\n\n<div class=\"wp-block-image\"><figure class=\"aligncenter size-large is-resized\"><img loading=\"lazy\" decoding=\"async\" src=\"https:\/\/jornalfatosenoticias.com.br\/wp-content\/uploads\/2023\/08\/Steel.jpeg\" alt=\"\" class=\"wp-image-44634\" width=\"275\" height=\"223\" srcset=\"https:\/\/jornalfatosenoticias.com.br\/wp-content\/uploads\/2023\/08\/Steel.jpeg 800w, https:\/\/jornalfatosenoticias.com.br\/wp-content\/uploads\/2023\/08\/Steel-300x244.jpeg 300w, https:\/\/jornalfatosenoticias.com.br\/wp-content\/uploads\/2023\/08\/Steel-768x624.jpeg 768w\" sizes=\"auto, (max-width: 275px) 100vw, 275px\" \/><\/figure><\/div>\n\n\n\n<hr class=\"wp-block-separator\"\/>\n\n\n\n<h3 class=\"wp-block-heading\"><span class=\"has-inline-color has-black-color\">Dino promete processar \u201cautores das mentiras\u201d sobre rela\u00e7\u00e3o com fac\u00e7\u00e3o<\/span><\/h3>\n\n\n\n<div class=\"wp-block-image\"><figure class=\"aligncenter size-large\"><img loading=\"lazy\" decoding=\"async\" width=\"960\" height=\"640\" src=\"https:\/\/jornalfatosenoticias.com.br\/wp-content\/uploads\/2023\/11\/dinhonho-1.jpg\" alt=\"\" class=\"wp-image-47004\" srcset=\"https:\/\/jornalfatosenoticias.com.br\/wp-content\/uploads\/2023\/11\/dinhonho-1.jpg 960w, https:\/\/jornalfatosenoticias.com.br\/wp-content\/uploads\/2023\/11\/dinhonho-1-300x200.jpg 300w, https:\/\/jornalfatosenoticias.com.br\/wp-content\/uploads\/2023\/11\/dinhonho-1-768x512.jpg 768w\" sizes=\"auto, (max-width: 960px) 100vw, 960px\" \/><figcaption><em><span class=\"has-inline-color has-black-color\">(Foto: Tom Costa\/MJSP)<\/span><\/em><\/figcaption><\/figure><\/div>\n\n\n\n<p>O ministro da Justi\u00e7a e Seguran\u00e7a P\u00fablica, Fl\u00e1vio Dino, afirmou nesta ter\u00e7a-feira (14), que ir\u00e1 processar os \u201cautores das mentiras\u201d que o relacionaram a Luciane Barbosa Farias, a \u201cdama do tr\u00e1fico amazonense\u201d. Circula nas redes sociais um v\u00eddeo em que o ministro teria dito ser f\u00e3 da esposa de Clemilson dos Santos Farias, l\u00edder do Comando Vermelho no Amazonas. No entanto, na grava\u00e7\u00e3o, Dino elogiou a comediante Virg\u00ednia \u00c1lvares, do Rio Grande do Norte.<\/p>\n\n\n\n<div class=\"wp-block-image\"><figure class=\"aligncenter size-large is-resized\"><img loading=\"lazy\" decoding=\"async\" src=\"https:\/\/jornalfatosenoticias.com.br\/wp-content\/uploads\/2023\/07\/lacremoda.jpg\" alt=\"\" class=\"wp-image-43706\" width=\"331\" height=\"185\" srcset=\"https:\/\/jornalfatosenoticias.com.br\/wp-content\/uploads\/2023\/07\/lacremoda.jpg 1024w, https:\/\/jornalfatosenoticias.com.br\/wp-content\/uploads\/2023\/07\/lacremoda-300x168.jpg 300w, https:\/\/jornalfatosenoticias.com.br\/wp-content\/uploads\/2023\/07\/lacremoda-768x431.jpg 768w\" sizes=\"auto, (max-width: 331px) 100vw, 331px\" \/><\/figure><\/div>\n\n\n\n<p>\u201cA mentira de hoje, continuando a canalhice de ontem, \u00e9 que essa senhora do v\u00eddeo abaixo \u00e9 uma criminosa com quem eu teria me reunido, o que \u00e9 absolutamente falso, como afirmo desde ontem. Esses bandidos inventam essas cal\u00fanias para aglutinar gente da mesma esp\u00e9cie, a fim de praticar o mal\u201d, escreveu Dino no X, antigo Twitter.<\/p>\n\n\n\n<div class=\"wp-block-image\"><figure class=\"aligncenter size-large\"><img loading=\"lazy\" decoding=\"async\" width=\"300\" height=\"250\" src=\"https:\/\/jornalfatosenoticias.com.br\/wp-content\/uploads\/2020\/02\/Banner-2.png\" alt=\"\" class=\"wp-image-43787\"\/><\/figure><\/div>\n\n\n\n<p>\u201cSim, irei processar os autores das mentiras. Ali\u00e1s, fui avisado por um jornalista que a pr\u00f3xima \u2018not\u00edcia jornal\u00edstica\u2019 \u00e9 que tenho liga\u00e7\u00f5es com o PCC. Ent\u00e3o, vamos resumir os del\u00edrios: 1. Eu \u2018interfiro\u2019 na Pol\u00edcia Federal; 2. Eu, ao mesmo tempo, tenho \u2018liga\u00e7\u00f5es\u2019 com o Comando Vermelho e com o PCC. Mas n\u00e3o h\u00e1 prova de nada, rigorosamente nada, ent\u00e3o precisa de uma reuni\u00e3o que n\u00e3o existe e de uma fraude com um v\u00eddeo. Daqui um pouco irei descobrir que sou mesmo um super-her\u00f3i dos Vingadores. Al\u00e9m de crimes, s\u00e3o rid\u00edculos\u201d, acrescentou.<\/p>\n\n\n\n<div class=\"wp-block-image\"><figure class=\"aligncenter size-large is-resized\"><img loading=\"lazy\" decoding=\"async\" src=\"https:\/\/jornalfatosenoticias.com.br\/wp-content\/uploads\/2023\/08\/ITH.jpeg\" alt=\"\" class=\"wp-image-44638\" width=\"310\" height=\"252\" srcset=\"https:\/\/jornalfatosenoticias.com.br\/wp-content\/uploads\/2023\/08\/ITH.jpeg 800w, https:\/\/jornalfatosenoticias.com.br\/wp-content\/uploads\/2023\/08\/ITH-300x244.jpeg 300w, https:\/\/jornalfatosenoticias.com.br\/wp-content\/uploads\/2023\/08\/ITH-768x624.jpeg 768w\" sizes=\"auto, (max-width: 310px) 100vw, 310px\" \/><\/figure><\/div>\n\n\n\n<p>Ontem, ap\u00f3s o Estad\u00e3o revelar que Luciane Barbosa Farias participou de audi\u00eancias com integrantes do Minist\u00e9rio da Justi\u00e7a na sede da pasta, Dino afirmou n\u00e3o ter participado das reuni\u00f5es. O ministro tamb\u00e9m alterou as regras de acesso ao pr\u00e9dio do Minist\u00e9rio da Justi\u00e7a e Seguran\u00e7a P\u00fablica, determinando que os visitantes enviem nome e CPF com anteced\u00eancia m\u00ednima de 48 horas antes de qualquer audi\u00eancia. <strong>(Fonte: O Antagonista)<\/strong><\/p>\n\n\n\n<div class=\"wp-block-image\"><figure class=\"aligncenter size-large\"><img loading=\"lazy\" decoding=\"async\" width=\"729\" height=\"90\" src=\"https:\/\/jornalfatosenoticias.com.br\/wp-content\/uploads\/2020\/02\/Logo_Mizu.png\" alt=\"\" class=\"wp-image-1441\" srcset=\"https:\/\/jornalfatosenoticias.com.br\/wp-content\/uploads\/2020\/02\/Logo_Mizu.png 729w, https:\/\/jornalfatosenoticias.com.br\/wp-content\/uploads\/2020\/02\/Logo_Mizu-300x37.png 300w\" sizes=\"auto, (max-width: 729px) 100vw, 729px\" \/><\/figure><\/div>\n\n\n\n<hr class=\"wp-block-separator\"\/>\n\n\n\n<h3 class=\"wp-block-heading\"><span class=\"has-inline-color has-black-color\">Confedera\u00e7\u00e3o israelita diz que declara\u00e7\u00e3o de Lula \u00e9 \u201cperigosa\u201d<\/span><\/h3>\n\n\n\n<div class=\"wp-block-image\"><figure class=\"aligncenter size-large\"><img loading=\"lazy\" decoding=\"async\" width=\"960\" height=\"540\" src=\"https:\/\/jornalfatosenoticias.com.br\/wp-content\/uploads\/2023\/11\/lula-foto-marcelo-camargo-agencia-brasil-nota-israelense.jpg\" alt=\"\" class=\"wp-image-47005\" srcset=\"https:\/\/jornalfatosenoticias.com.br\/wp-content\/uploads\/2023\/11\/lula-foto-marcelo-camargo-agencia-brasil-nota-israelense.jpg 960w, https:\/\/jornalfatosenoticias.com.br\/wp-content\/uploads\/2023\/11\/lula-foto-marcelo-camargo-agencia-brasil-nota-israelense-300x169.jpg 300w, https:\/\/jornalfatosenoticias.com.br\/wp-content\/uploads\/2023\/11\/lula-foto-marcelo-camargo-agencia-brasil-nota-israelense-768x432.jpg 768w\" sizes=\"auto, (max-width: 960px) 100vw, 960px\" \/><figcaption><em><span class=\"has-inline-color has-black-color\">(Foto: Marcelo Camargo\/Ag\u00eancia Brasil)<\/span><\/em><\/figcaption><\/figure><\/div>\n\n\n\n<p><span class=\"has-inline-color has-black-color\">Por <strong>Ot\u00e1vio Augusto<br><\/strong><\/span>A Confedera\u00e7\u00e3o Israelita do Brasil (Conib) rebateu declara\u00e7\u00f5es de Lula, que tem equiparado as a\u00e7\u00f5es de Israel \u00e0s do grupo terrorista Hamas. Segundo a representa\u00e7\u00e3o m\u00e1xima da comunidade israelita no Pa\u00eds, a compara\u00e7\u00e3o \u00e9 equivocada e perigosa.<\/p>\n\n\n\n<div class=\"wp-block-image\"><figure class=\"aligncenter size-large is-resized\"><img loading=\"lazy\" decoding=\"async\" src=\"https:\/\/jornalfatosenoticias.com.br\/wp-content\/uploads\/2022\/02\/Precisao-Contabilidade-1024x724.jpg\" alt=\"\" class=\"wp-image-28088\" width=\"313\" height=\"221\"\/><\/figure><\/div>\n\n\n\n<blockquote class=\"wp-block-quote is-layout-flow wp-block-quote-is-layout-flow\"><p><span class=\"has-inline-color has-luminous-vivid-orange-color\">Desde o come\u00e7o dessa tr\u00e1gica guerra, provocada pelo mais terr\u00edvel massacre contra judeus desde o Holocausto, Israel vem fazendo esfor\u00e7os vis\u00edveis e comprovados para poupar civis palestinos, pedindo que eles se desloquem para \u00e1reas mais seguras, criando corredores humanit\u00e1rios, avisando a popula\u00e7\u00e3o da imin\u00eancia de ataques\u201d, destaca a Conib, em nota oficial.<\/span><\/p><\/blockquote>\n\n\n\n<div class=\"wp-block-image\"><figure class=\"aligncenter size-large is-resized\"><img loading=\"lazy\" decoding=\"async\" src=\"https:\/\/jornalfatosenoticias.com.br\/wp-content\/uploads\/2020\/02\/CONTROL-CS.jpg\" alt=\"\" class=\"wp-image-44991\" width=\"312\" height=\"373\" srcset=\"https:\/\/jornalfatosenoticias.com.br\/wp-content\/uploads\/2020\/02\/CONTROL-CS.jpg 834w, https:\/\/jornalfatosenoticias.com.br\/wp-content\/uploads\/2020\/02\/CONTROL-CS-250x300.jpg 250w, https:\/\/jornalfatosenoticias.com.br\/wp-content\/uploads\/2020\/02\/CONTROL-CS-768x921.jpg 768w\" sizes=\"auto, (max-width: 312px) 100vw, 312px\" \/><\/figure><\/div>\n\n\n\n<p>Para a Confedera\u00e7\u00e3o, o Hamas \u201cse esconde c\u00ednica e covardemente\u201d atr\u00e1s das mulheres e crian\u00e7as de Gaza. <\/p>\n\n\n\n<blockquote class=\"wp-block-quote is-layout-flow wp-block-quote-is-layout-flow\"><p><span class=\"has-inline-color has-luminous-vivid-orange-color\">A morte desses civis palestinos \u00e9 uma arma importante da estrat\u00e9gia do Hamas, uma estrat\u00e9gia que o pr\u00f3prio grupo terrorista reconhece que pratica\u201d, frisa. A Conib conclui: \u201cAl\u00e9m de equivocadas e injustas, falas como essa do presidente da Rep\u00fablica s\u00e3o tamb\u00e9m perigosas. Estimulam entre seus muitos seguidores uma vis\u00e3o distorcida e radicalizada do conflito, no momento em que os pr\u00f3prios \u00f3rg\u00e3os de seguran\u00e7a do governo brasileiro atuam com compet\u00eancia para prender rede terrorista que planejava atentados contra judeus no Brasil. A comunidade judaica brasileira espera equil\u00edbrio das nossas autoridades e uma atua\u00e7\u00e3o serena que n\u00e3o importe ao Brasil o terr\u00edvel conflito no Oriente M\u00e9dio\u201d.<\/span><\/p><\/blockquote>\n\n\n\n<div class=\"wp-block-image\"><figure class=\"aligncenter size-large\"><img loading=\"lazy\" decoding=\"async\" width=\"300\" height=\"250\" src=\"https:\/\/jornalfatosenoticias.com.br\/wp-content\/uploads\/2022\/02\/FERRARI_MAQUINAS-E-FERRAMENTAS2.jpg\" alt=\"\" class=\"wp-image-27860\"\/><\/figure><\/div>\n\n\n\n<p><strong><span class=\"has-inline-color has-black-color\">Entenda<br><\/span><\/strong>Lula afirmou, durante a san\u00e7\u00e3o do projeto de lei que atualiza a Lei de Cotas, na segunda-feira (13), que as For\u00e7as de Defesa de Israel \u201cest\u00e3o matando inocentes sem nenhum crit\u00e9rio\u201d. <\/p>\n\n\n\n<blockquote class=\"wp-block-quote is-layout-flow wp-block-quote-is-layout-flow\"><p><span class=\"has-inline-color has-luminous-vivid-orange-color\">A solu\u00e7\u00e3o do Estado de Israel \u00e9 t\u00e3o grave quanto foi a do Hamas, porque eles est\u00e3o matando inocentes sem nenhum crit\u00e9rio. Joga bomba onde tem crian\u00e7a, onde tem hospital, a pretexto de que \u00e9 um terrorista est\u00e1 l\u00e1, n\u00e3o tem explica\u00e7\u00e3o\u201d, comentou.<\/span><\/p><\/blockquote>\n\n\n\n<div class=\"wp-block-image\"><figure class=\"aligncenter size-large is-resized\"><img loading=\"lazy\" decoding=\"async\" src=\"https:\/\/jornalfatosenoticias.com.br\/wp-content\/uploads\/2023\/03\/logo-Panper_portal.jpg\" alt=\"\" class=\"wp-image-40208\" width=\"312\" height=\"216\" srcset=\"https:\/\/jornalfatosenoticias.com.br\/wp-content\/uploads\/2023\/03\/logo-Panper_portal.jpg 400w, https:\/\/jornalfatosenoticias.com.br\/wp-content\/uploads\/2023\/03\/logo-Panper_portal-300x208.jpg 300w\" sizes=\"auto, (max-width: 312px) 100vw, 312px\" \/><\/figure><\/div>\n\n\n\n<p>Lula tamb\u00e9m insinuou que faltou \u201cboa vontade\u201d de Israel para liberar os brasileiros que estavam tentando sair de Gaza desde o in\u00edcio da rea\u00e7\u00e3o israelense aos ataques do Hamas. Na ter\u00e7a-feira (14), o governo do brasileiro acusou os israelenses de terrorismo. <strong>(Fonte: O Antagonista)<\/strong><\/p>\n\n\n\n<div class=\"wp-block-image\"><figure class=\"aligncenter size-large is-resized\"><img loading=\"lazy\" decoding=\"async\" src=\"https:\/\/jornalfatosenoticias.com.br\/wp-content\/uploads\/2023\/11\/cromotec.jpg\" alt=\"\" class=\"wp-image-46804\" width=\"325\" height=\"194\" srcset=\"https:\/\/jornalfatosenoticias.com.br\/wp-content\/uploads\/2023\/11\/cromotec.jpg 453w, https:\/\/jornalfatosenoticias.com.br\/wp-content\/uploads\/2023\/11\/cromotec-300x179.jpg 300w\" sizes=\"auto, (max-width: 325px) 100vw, 325px\" \/><\/figure><\/div>\n\n\n\n<hr class=\"wp-block-separator\"\/>\n\n\n\n<h3 class=\"wp-block-heading\"><span class=\"has-inline-color has-black-color\">Em live, Lula mente sobre a prova do Enem e infla n\u00fameros da fome<\/span><\/h3>\n\n\n\n<div class=\"wp-block-image\"><figure class=\"aligncenter size-large\"><img loading=\"lazy\" decoding=\"async\" width=\"798\" height=\"520\" src=\"https:\/\/jornalfatosenoticias.com.br\/wp-content\/uploads\/2023\/11\/live-molusco.jpg\" alt=\"\" class=\"wp-image-47006\" srcset=\"https:\/\/jornalfatosenoticias.com.br\/wp-content\/uploads\/2023\/11\/live-molusco.jpg 798w, https:\/\/jornalfatosenoticias.com.br\/wp-content\/uploads\/2023\/11\/live-molusco-300x195.jpg 300w, https:\/\/jornalfatosenoticias.com.br\/wp-content\/uploads\/2023\/11\/live-molusco-768x500.jpg 768w\" sizes=\"auto, (max-width: 798px) 100vw, 798px\" \/><figcaption><em><span class=\"has-inline-color has-black-color\">(Foto: Ricardo Stuckert\/PR)<\/span><\/em><\/figcaption><\/figure><\/div>\n\n\n\n<p>Luiz In\u00e1cio Lula da Silva (PT) cometeu alguns erros, nesta ter\u00e7a-feira (14), durante transmiss\u00e3o ao vivo do Conversa com o presidente. Uma das falas controversas foi sobre a realiza\u00e7\u00e3o do Exame Nacional do Ensino M\u00e9dio (Enem). O petista declarou que este ano n\u00e3o houve intercorr\u00eancias com a prova e que o exame \u201cfoi feito sem nenhum problema\u201d. Mas, isso n\u00e3o \u00e9 verdade.<\/p>\n\n\n\n<div class=\"wp-block-image\"><figure class=\"aligncenter size-large is-resized\"><img loading=\"lazy\" decoding=\"async\" src=\"https:\/\/jornalfatosenoticias.com.br\/wp-content\/uploads\/2022\/10\/Arte-jornal-Zucchi-600x600_Prancheta-1-1024x1024.jpg\" alt=\"\" class=\"wp-image-34782\" width=\"304\" height=\"304\" srcset=\"https:\/\/jornalfatosenoticias.com.br\/wp-content\/uploads\/2022\/10\/Arte-jornal-Zucchi-600x600_Prancheta-1-1024x1024.jpg 1024w, https:\/\/jornalfatosenoticias.com.br\/wp-content\/uploads\/2022\/10\/Arte-jornal-Zucchi-600x600_Prancheta-1-300x300.jpg 300w, https:\/\/jornalfatosenoticias.com.br\/wp-content\/uploads\/2022\/10\/Arte-jornal-Zucchi-600x600_Prancheta-1-150x150.jpg 150w, https:\/\/jornalfatosenoticias.com.br\/wp-content\/uploads\/2022\/10\/Arte-jornal-Zucchi-600x600_Prancheta-1-768x768.jpg 768w, https:\/\/jornalfatosenoticias.com.br\/wp-content\/uploads\/2022\/10\/Arte-jornal-Zucchi-600x600_Prancheta-1.jpg 1250w\" sizes=\"auto, (max-width: 304px) 100vw, 304px\" \/><\/figure><\/div>\n\n\n\n<p>A Pol\u00edcia Federal (PF) apura o vazamento de imagens da prova nas redes sociais. No dia 5 de novembro, a primeira parte da prova e fotos dos cadernos de quest\u00f5es passaram a circular nas redes assim que se iniciou a prova. Foi o pr\u00f3prio Instituto Nacional de Estudos e Pesquisas Educacionais (Inep) quem acionou a PF para investigar o caso. A investiga\u00e7\u00e3o conseguiu encontrar oito pessoas em v\u00e1rios estados que teriam compartilhado imagens da prova.<br>Al\u00e9m disso, outra intercorr\u00eancia do Enem 2023 foi o teor de tr\u00eas quest\u00f5es que criticam o agroneg\u00f3cio brasileiro. Por causa dessas perguntas, a Frente Parlamentar da Agropecu\u00e1ria (FPA), que possui 347 congressistas, quer que os itens sejam anulados e que o ministro da Educa\u00e7\u00e3o, Camilo Santana, preste esclarecimentos em audi\u00eancias na C\u00e2mara dos Deputados e no Senado Federal.<\/p>\n\n\n\n<div class=\"wp-block-image\"><figure class=\"aligncenter size-large\"><img loading=\"lazy\" decoding=\"async\" width=\"300\" height=\"250\" src=\"https:\/\/jornalfatosenoticias.com.br\/wp-content\/uploads\/2022\/08\/arte-Casarao.jpg\" alt=\"\" class=\"wp-image-33178\"\/><\/figure><\/div>\n\n\n\n<p><strong><span class=\"has-inline-color has-black-color\">Fome no mundo<br><\/span><\/strong>Em outra parte da transmiss\u00e3o, enquanto criticava as a\u00e7\u00f5es de Israel contra o grupo terrorista Hamas, Lula falou dos gastos com a guerra e disse que h\u00e1 735 milh\u00f5es de crian\u00e7as com fome no mundo. \u201cQuanto dinheiro jogado fora, quanto dinheiro gasto numa guerra quando n\u00f3s temos 735 milh\u00f5es de crian\u00e7as passando fome no mundo\u201d, falou o petista.<br>O n\u00famero, por\u00e9m, n\u00e3o \u00e9 verdadeiro. Os 735 milh\u00f5es s\u00e3o pessoas em situa\u00e7\u00e3o de pobreza extrema que sofrem com a fome em todos os pa\u00edses, n\u00e3o apenas crian\u00e7as como o petista afirmou. <strong>(Fonte: Pleno.News)<\/strong><\/p>\n\n\n\n<div class=\"wp-block-image\"><figure class=\"aligncenter size-large is-resized\"><img loading=\"lazy\" decoding=\"async\" src=\"https:\/\/jornalfatosenoticias.com.br\/wp-content\/uploads\/2023\/09\/vetorvix1024_1.jpg\" alt=\"\" class=\"wp-image-44868\" width=\"457\" height=\"121\" srcset=\"https:\/\/jornalfatosenoticias.com.br\/wp-content\/uploads\/2023\/09\/vetorvix1024_1.jpg 1024w, https:\/\/jornalfatosenoticias.com.br\/wp-content\/uploads\/2023\/09\/vetorvix1024_1-300x80.jpg 300w, https:\/\/jornalfatosenoticias.com.br\/wp-content\/uploads\/2023\/09\/vetorvix1024_1-768x205.jpg 768w\" sizes=\"auto, (max-width: 457px) 100vw, 457px\" \/><\/figure><\/div>\n\n\n\n<hr class=\"wp-block-separator\"\/>\n\n\n\n<h3 class=\"wp-block-heading\"><span class=\"has-inline-color has-black-color\">Votamos o apocalipse do Brasil, diz Magno Malta sobre tribut\u00e1ria<\/span><\/h3>\n\n\n\n<div class=\"wp-block-image\"><figure class=\"aligncenter size-large\"><img loading=\"lazy\" decoding=\"async\" width=\"848\" height=\"477\" src=\"https:\/\/jornalfatosenoticias.com.br\/wp-content\/uploads\/2023\/11\/magno-malta-senado.jpg\" alt=\"\" class=\"wp-image-47007\" srcset=\"https:\/\/jornalfatosenoticias.com.br\/wp-content\/uploads\/2023\/11\/magno-malta-senado.jpg 848w, https:\/\/jornalfatosenoticias.com.br\/wp-content\/uploads\/2023\/11\/magno-malta-senado-300x169.jpg 300w, https:\/\/jornalfatosenoticias.com.br\/wp-content\/uploads\/2023\/11\/magno-malta-senado-768x432.jpg 768w\" sizes=\"auto, (max-width: 848px) 100vw, 848px\" \/><figcaption><em><span class=\"has-inline-color has-black-color\">O plen\u00e1rio do Senado aprovou o requerimento de  urg\u00eancia da an\u00e1lise do of\u00edcio do Supremo que afastou o senador A\u00e9cio Neves, mas a vota\u00e7\u00e3o do m\u00e9rito ficou para ter\u00e7a-feira (2 (Foto: S\u00e9rgio Lima\/Poder360)<\/span><\/em><\/figcaption><\/figure><\/div>\n\n\n\n<p>O senador Magno Malta (PL-ES) afirmou que o Senado votou \u201co apocalipse do Brasil\u201d, em refer\u00eancia \u00e0 aprova\u00e7\u00e3o em 2 turnos da PEC (Proposta de Emenda \u00e0 Constitui\u00e7\u00e3o) da reforma tribut\u00e1ria na quarta-feira (8). O placar da PEC 45 de 2019 no 1\u00ba e 2\u00ba turno foi de 53 votos a favor e 24 contra. <\/p>\n\n\n\n<blockquote class=\"wp-block-quote is-layout-flow wp-block-quote-is-layout-flow\"><p><span class=\"has-inline-color has-luminous-vivid-orange-color\">A chamada reforma tribut\u00e1ria \u00e9 um comp\u00eandio comunista, que tem liga\u00e7\u00f5es com todas as pautas do Minist\u00e9rio da Sa\u00fade, do Minist\u00e9rio da Justi\u00e7a e com todas as sandices que s\u00e3o ditas pelo ministro da Casa Civil, Rui Costa, que defende o tr\u00e1fico e sua pluralidade\u201d, disse.<\/span><\/p><\/blockquote>\n\n\n\n<div class=\"wp-block-image\"><figure class=\"aligncenter size-large is-resized\"><img loading=\"lazy\" decoding=\"async\" src=\"https:\/\/jornalfatosenoticias.com.br\/wp-content\/uploads\/2020\/02\/LOGO-BLU-COMERCIAL-PRETO-1024x600.jpg\" alt=\"\" class=\"wp-image-44089\" width=\"314\" height=\"183\"\/><\/figure><\/div>\n\n\n\n<p>As falas do congressista foram em sess\u00e3o solene na Assembleia Legislativa do Esp\u00edrito Santo (Ales). Malta acompanhou o ex-presidente Jair Bolsonaro (PL), que recebeu duas homenagens na Casa, na sexta-feira (10). O senador disse que congressistas que \u201cse diziam de oposi\u00e7\u00e3o\u201d ao governo de Luiz In\u00e1cio Lula da Silva (PT), os quais se elegeram pelo lema \u201cDeus, p\u00e1tria e fam\u00edlia\u201d, votaram a favor da tribut\u00e1ria. \u201cEssa oposi\u00e7\u00e3o [ao governo] que o povo tanto sonhava no Senado, votou a favor [\u2026] Por puro interesse pessoal, a fim de ganhar cargo\u201d, afirmou. Magno Malta tamb\u00e9m falou que, com a aprova\u00e7\u00e3o da reforma tribut\u00e1ria, o \u201ccerco ideol\u00f3gico se fechou\u201d. \u201cCriaram o chamado Conselho Federativo, em que todo dinheiro arrecadado pelos munic\u00edpios, desde o Imposto sobre a Propriedade Predial e Territorial Urbana [IPTU], vai para Bras\u00edlia. E a\u00ed, quem for amigo do rei, ganha uma barra de ouro. Quem n\u00e3o for, ganha uma cesta b\u00e1sica\u201d, disse. Al\u00e9m disso, o congressista afirmou que \u201co poder central comunista poder\u00e1 controlar a todos\u201d por meio da PEC e que \u201co povo viver\u00e1 como Cuba. Haver\u00e1 uma casta privilegiada, a da esquerda\u201d. Em seu discurso, Bolsonaro tamb\u00e9m criticou a aprova\u00e7\u00e3o da tribut\u00e1ria e o governo de Lula. Disse que senadores os quais \u201cse elegeram de verde e amarelo\u201d votaram com o PT. Entre aliados do ex-presidente, o senador Ciro Nogueira (PP-PI) votou a favor do texto, segundo ele, \u201cpor coer\u00eancia\u201d. O presidente do PP nacional e ex-ministro da Casa Civil durante a gest\u00e3o Bolsonaro \u00e9 um dos cr\u00edticos mais acerbos do governo Lula, mas, na pr\u00e1tica, n\u00e3o causa problemas ao Planalto. <strong>(Fonte: Poder360).<\/strong><\/p>\n","protected":false},"excerpt":{"rendered":"<p>A Comiss\u00e3o Parlamentar de Inqu\u00e9rito (CPI) que apura a atua\u00e7\u00e3o de ONGs na Amaz\u00f4nia formalizou o convite para a ministra do Meio Ambiente e Mudan\u00e7a do Clima, Marina Silva, comparecer ao colegiado na pr\u00f3xima ter\u00e7a-feira (21).Por se tratar de convite, o comparecimento n\u00e3o \u00e9 obrigat\u00f3rio, mas o presidente do colegiado, senador Pl\u00ednio Val\u00e9rio (PSDB-AM), afirmou [&hellip;]<\/p>\n","protected":false},"author":3,"featured_media":47008,"comment_status":"open","ping_status":"open","sticky":false,"template":"","format":"standard","meta":{"footnotes":""},"categories":[10],"tags":[22029,18557,21730,21582,21785,7580,17819,4906],"class_list":["post-47001","post","type-post","status-publish","format-standard","has-post-thumbnail","hentry","category-politica","tag-cpi-das-ongs","tag-crime-organizado","tag-guerra-israel-palestina","tag-hamas","tag-hezbollah","tag-lula","tag-marina-silva","tag-terrorismo"],"yoast_head":"<!-- This site is optimized with the Yoast SEO plugin v26.5 - https:\/\/yoast.com\/wordpress\/plugins\/seo\/ -->\n<title>A Semana em Bras\u00edlia e no ES \u2014 Marina Silva na CPI das ONGs - Jornal Fatos e Not\u00edcias<\/title>\n<meta name=\"robots\" content=\"index, follow, max-snippet:-1, max-image-preview:large, max-video-preview:-1\" \/>\n<link rel=\"canonical\" href=\"https:\/\/jornalfatosenoticias.com.br\/index.php\/2023\/11\/16\/a-semana-em-brasilia-e-no-es-marina-silva-na-cpi-das-ongs\/\" \/>\n<meta property=\"og:locale\" content=\"pt_BR\" \/>\n<meta property=\"og:type\" content=\"article\" \/>\n<meta property=\"og:title\" content=\"A Semana em Bras\u00edlia e no ES \u2014 Marina Silva na CPI das ONGs - Jornal Fatos e Not\u00edcias\" \/>\n<meta property=\"og:description\" content=\"A Comiss\u00e3o Parlamentar de Inqu\u00e9rito (CPI) que apura a atua\u00e7\u00e3o de ONGs na Amaz\u00f4nia formalizou o convite para a ministra do Meio Ambiente e Mudan\u00e7a do Clima, Marina Silva, comparecer ao colegiado na pr\u00f3xima ter\u00e7a-feira (21).Por se tratar de convite, o comparecimento n\u00e3o \u00e9 obrigat\u00f3rio, mas o presidente do colegiado, senador Pl\u00ednio Val\u00e9rio (PSDB-AM), afirmou [&hellip;]\" \/>\n<meta property=\"og:url\" content=\"https:\/\/jornalfatosenoticias.com.br\/index.php\/2023\/11\/16\/a-semana-em-brasilia-e-no-es-marina-silva-na-cpi-das-ongs\/\" \/>\n<meta property=\"og:site_name\" content=\"Jornal Fatos e Not\u00edcias\" \/>\n<meta property=\"article:published_time\" content=\"2023-11-16T21:50:24+00:00\" \/>\n<meta property=\"article:modified_time\" content=\"2023-11-16T21:50:28+00:00\" \/>\n<meta property=\"og:image\" content=\"https:\/\/jornalfatosenoticias.com.br\/wp-content\/uploads\/2023\/11\/marina-silva.jpg\" \/>\n\t<meta property=\"og:image:width\" content=\"960\" \/>\n\t<meta property=\"og:image:height\" content=\"540\" \/>\n\t<meta property=\"og:image:type\" content=\"image\/jpeg\" \/>\n<meta name=\"author\" content=\"Haroldo Filho\" \/>\n<meta name=\"twitter:card\" content=\"summary_large_image\" \/>\n<meta name=\"twitter:label1\" content=\"Escrito por\" \/>\n\t<meta name=\"twitter:data1\" content=\"Haroldo Filho\" \/>\n\t<meta name=\"twitter:label2\" content=\"Est. tempo de leitura\" \/>\n\t<meta name=\"twitter:data2\" content=\"11 minutos\" \/>\n<script type=\"application\/ld+json\" class=\"yoast-schema-graph\">{\"@context\":\"https:\/\/schema.org\",\"@graph\":[{\"@type\":\"Article\",\"@id\":\"https:\/\/jornalfatosenoticias.com.br\/index.php\/2023\/11\/16\/a-semana-em-brasilia-e-no-es-marina-silva-na-cpi-das-ongs\/#article\",\"isPartOf\":{\"@id\":\"https:\/\/jornalfatosenoticias.com.br\/index.php\/2023\/11\/16\/a-semana-em-brasilia-e-no-es-marina-silva-na-cpi-das-ongs\/\"},\"author\":{\"name\":\"Haroldo Filho\",\"@id\":\"https:\/\/jornalfatosenoticias.com.br\/#\/schema\/person\/05c46cc25b42a5c27e004fb0fa6b4965\"},\"headline\":\"A Semana em Bras\u00edlia e no ES \u2014 Marina Silva na CPI das ONGs\",\"datePublished\":\"2023-11-16T21:50:24+00:00\",\"dateModified\":\"2023-11-16T21:50:28+00:00\",\"mainEntityOfPage\":{\"@id\":\"https:\/\/jornalfatosenoticias.com.br\/index.php\/2023\/11\/16\/a-semana-em-brasilia-e-no-es-marina-silva-na-cpi-das-ongs\/\"},\"wordCount\":2185,\"commentCount\":0,\"publisher\":{\"@id\":\"https:\/\/jornalfatosenoticias.com.br\/#organization\"},\"image\":{\"@id\":\"https:\/\/jornalfatosenoticias.com.br\/index.php\/2023\/11\/16\/a-semana-em-brasilia-e-no-es-marina-silva-na-cpi-das-ongs\/#primaryimage\"},\"thumbnailUrl\":\"https:\/\/jornalfatosenoticias.com.br\/wp-content\/uploads\/2023\/11\/marina-silva.jpg\",\"keywords\":[\"CPI das ONGs\",\"crime organizado\",\"guerra Israel-Palestina\",\"Hamas\",\"Hezbollah\",\"Lula\",\"Marina Silva\",\"terrorismo\"],\"articleSection\":[\"Pol\u00edtica\"],\"inLanguage\":\"pt-BR\",\"potentialAction\":[{\"@type\":\"CommentAction\",\"name\":\"Comment\",\"target\":[\"https:\/\/jornalfatosenoticias.com.br\/index.php\/2023\/11\/16\/a-semana-em-brasilia-e-no-es-marina-silva-na-cpi-das-ongs\/#respond\"]}]},{\"@type\":\"WebPage\",\"@id\":\"https:\/\/jornalfatosenoticias.com.br\/index.php\/2023\/11\/16\/a-semana-em-brasilia-e-no-es-marina-silva-na-cpi-das-ongs\/\",\"url\":\"https:\/\/jornalfatosenoticias.com.br\/index.php\/2023\/11\/16\/a-semana-em-brasilia-e-no-es-marina-silva-na-cpi-das-ongs\/\",\"name\":\"A Semana em Bras\u00edlia e no ES \u2014 Marina Silva na CPI das ONGs - Jornal Fatos e Not\u00edcias\",\"isPartOf\":{\"@id\":\"https:\/\/jornalfatosenoticias.com.br\/#website\"},\"primaryImageOfPage\":{\"@id\":\"https:\/\/jornalfatosenoticias.com.br\/index.php\/2023\/11\/16\/a-semana-em-brasilia-e-no-es-marina-silva-na-cpi-das-ongs\/#primaryimage\"},\"image\":{\"@id\":\"https:\/\/jornalfatosenoticias.com.br\/index.php\/2023\/11\/16\/a-semana-em-brasilia-e-no-es-marina-silva-na-cpi-das-ongs\/#primaryimage\"},\"thumbnailUrl\":\"https:\/\/jornalfatosenoticias.com.br\/wp-content\/uploads\/2023\/11\/marina-silva.jpg\",\"datePublished\":\"2023-11-16T21:50:24+00:00\",\"dateModified\":\"2023-11-16T21:50:28+00:00\",\"breadcrumb\":{\"@id\":\"https:\/\/jornalfatosenoticias.com.br\/index.php\/2023\/11\/16\/a-semana-em-brasilia-e-no-es-marina-silva-na-cpi-das-ongs\/#breadcrumb\"},\"inLanguage\":\"pt-BR\",\"potentialAction\":[{\"@type\":\"ReadAction\",\"target\":[\"https:\/\/jornalfatosenoticias.com.br\/index.php\/2023\/11\/16\/a-semana-em-brasilia-e-no-es-marina-silva-na-cpi-das-ongs\/\"]}]},{\"@type\":\"ImageObject\",\"inLanguage\":\"pt-BR\",\"@id\":\"https:\/\/jornalfatosenoticias.com.br\/index.php\/2023\/11\/16\/a-semana-em-brasilia-e-no-es-marina-silva-na-cpi-das-ongs\/#primaryimage\",\"url\":\"https:\/\/jornalfatosenoticias.com.br\/wp-content\/uploads\/2023\/11\/marina-silva.jpg\",\"contentUrl\":\"https:\/\/jornalfatosenoticias.com.br\/wp-content\/uploads\/2023\/11\/marina-silva.jpg\",\"width\":960,\"height\":540},{\"@type\":\"BreadcrumbList\",\"@id\":\"https:\/\/jornalfatosenoticias.com.br\/index.php\/2023\/11\/16\/a-semana-em-brasilia-e-no-es-marina-silva-na-cpi-das-ongs\/#breadcrumb\",\"itemListElement\":[{\"@type\":\"ListItem\",\"position\":1,\"name\":\"In\u00edcio\",\"item\":\"https:\/\/jornalfatosenoticias.com.br\/\"},{\"@type\":\"ListItem\",\"position\":2,\"name\":\"A Semana em Bras\u00edlia e no ES \u2014 Marina Silva na CPI das ONGs\"}]},{\"@type\":\"WebSite\",\"@id\":\"https:\/\/jornalfatosenoticias.com.br\/#website\",\"url\":\"https:\/\/jornalfatosenoticias.com.br\/\",\"name\":\"Jornal Fatos e Not\u00edcias\",\"description\":\"Not\u00edcias em geral\",\"publisher\":{\"@id\":\"https:\/\/jornalfatosenoticias.com.br\/#organization\"},\"potentialAction\":[{\"@type\":\"SearchAction\",\"target\":{\"@type\":\"EntryPoint\",\"urlTemplate\":\"https:\/\/jornalfatosenoticias.com.br\/?s={search_term_string}\"},\"query-input\":{\"@type\":\"PropertyValueSpecification\",\"valueRequired\":true,\"valueName\":\"search_term_string\"}}],\"inLanguage\":\"pt-BR\"},{\"@type\":\"Organization\",\"@id\":\"https:\/\/jornalfatosenoticias.com.br\/#organization\",\"name\":\"Jornal Fatos e Not\u00edcias\",\"url\":\"https:\/\/jornalfatosenoticias.com.br\/\",\"logo\":{\"@type\":\"ImageObject\",\"inLanguage\":\"pt-BR\",\"@id\":\"https:\/\/jornalfatosenoticias.com.br\/#\/schema\/logo\/image\/\",\"url\":\"https:\/\/jornalfatosenoticias.com.br\/wp-content\/uploads\/2020\/02\/logo120.png\",\"contentUrl\":\"https:\/\/jornalfatosenoticias.com.br\/wp-content\/uploads\/2020\/02\/logo120.png\",\"width\":1227,\"height\":120,\"caption\":\"Jornal Fatos e Not\u00edcias\"},\"image\":{\"@id\":\"https:\/\/jornalfatosenoticias.com.br\/#\/schema\/logo\/image\/\"}},{\"@type\":\"Person\",\"@id\":\"https:\/\/jornalfatosenoticias.com.br\/#\/schema\/person\/05c46cc25b42a5c27e004fb0fa6b4965\",\"name\":\"Haroldo Filho\",\"image\":{\"@type\":\"ImageObject\",\"inLanguage\":\"pt-BR\",\"@id\":\"https:\/\/jornalfatosenoticias.com.br\/#\/schema\/person\/image\/\",\"url\":\"https:\/\/jornalfatosenoticias.com.br\/wp-content\/uploads\/2025\/08\/WhatsApp-Image-2025-08-18-at-15.30.28-150x150.jpeg\",\"contentUrl\":\"https:\/\/jornalfatosenoticias.com.br\/wp-content\/uploads\/2025\/08\/WhatsApp-Image-2025-08-18-at-15.30.28-150x150.jpeg\",\"caption\":\"Haroldo Filho\"},\"description\":\"Jornalista \u2013 DRT: 0003818\/ES Coordenador-geral da ONG Educar para Crescer\",\"url\":\"https:\/\/jornalfatosenoticias.com.br\/index.php\/author\/haroldo\/\"}]}<\/script>\n<!-- \/ Yoast SEO plugin. -->","yoast_head_json":{"title":"A Semana em Bras\u00edlia e no ES \u2014 Marina Silva na CPI das ONGs - Jornal Fatos e Not\u00edcias","robots":{"index":"index","follow":"follow","max-snippet":"max-snippet:-1","max-image-preview":"max-image-preview:large","max-video-preview":"max-video-preview:-1"},"canonical":"https:\/\/jornalfatosenoticias.com.br\/index.php\/2023\/11\/16\/a-semana-em-brasilia-e-no-es-marina-silva-na-cpi-das-ongs\/","og_locale":"pt_BR","og_type":"article","og_title":"A Semana em Bras\u00edlia e no ES \u2014 Marina Silva na CPI das ONGs - Jornal Fatos e Not\u00edcias","og_description":"A Comiss\u00e3o Parlamentar de Inqu\u00e9rito (CPI) que apura a atua\u00e7\u00e3o de ONGs na Amaz\u00f4nia formalizou o convite para a ministra do Meio Ambiente e Mudan\u00e7a do Clima, Marina Silva, comparecer ao colegiado na pr\u00f3xima ter\u00e7a-feira (21).Por se tratar de convite, o comparecimento n\u00e3o \u00e9 obrigat\u00f3rio, mas o presidente do colegiado, senador Pl\u00ednio Val\u00e9rio (PSDB-AM), afirmou [&hellip;]","og_url":"https:\/\/jornalfatosenoticias.com.br\/index.php\/2023\/11\/16\/a-semana-em-brasilia-e-no-es-marina-silva-na-cpi-das-ongs\/","og_site_name":"Jornal Fatos e Not\u00edcias","article_published_time":"2023-11-16T21:50:24+00:00","article_modified_time":"2023-11-16T21:50:28+00:00","og_image":[{"width":960,"height":540,"url":"https:\/\/jornalfatosenoticias.com.br\/wp-content\/uploads\/2023\/11\/marina-silva.jpg","type":"image\/jpeg"}],"author":"Haroldo Filho","twitter_card":"summary_large_image","twitter_misc":{"Escrito por":"Haroldo Filho","Est. tempo de leitura":"11 minutos"},"schema":{"@context":"https:\/\/schema.org","@graph":[{"@type":"Article","@id":"https:\/\/jornalfatosenoticias.com.br\/index.php\/2023\/11\/16\/a-semana-em-brasilia-e-no-es-marina-silva-na-cpi-das-ongs\/#article","isPartOf":{"@id":"https:\/\/jornalfatosenoticias.com.br\/index.php\/2023\/11\/16\/a-semana-em-brasilia-e-no-es-marina-silva-na-cpi-das-ongs\/"},"author":{"name":"Haroldo Filho","@id":"https:\/\/jornalfatosenoticias.com.br\/#\/schema\/person\/05c46cc25b42a5c27e004fb0fa6b4965"},"headline":"A Semana em Bras\u00edlia e no ES \u2014 Marina Silva na CPI das ONGs","datePublished":"2023-11-16T21:50:24+00:00","dateModified":"2023-11-16T21:50:28+00:00","mainEntityOfPage":{"@id":"https:\/\/jornalfatosenoticias.com.br\/index.php\/2023\/11\/16\/a-semana-em-brasilia-e-no-es-marina-silva-na-cpi-das-ongs\/"},"wordCount":2185,"commentCount":0,"publisher":{"@id":"https:\/\/jornalfatosenoticias.com.br\/#organization"},"image":{"@id":"https:\/\/jornalfatosenoticias.com.br\/index.php\/2023\/11\/16\/a-semana-em-brasilia-e-no-es-marina-silva-na-cpi-das-ongs\/#primaryimage"},"thumbnailUrl":"https:\/\/jornalfatosenoticias.com.br\/wp-content\/uploads\/2023\/11\/marina-silva.jpg","keywords":["CPI das ONGs","crime organizado","guerra Israel-Palestina","Hamas","Hezbollah","Lula","Marina Silva","terrorismo"],"articleSection":["Pol\u00edtica"],"inLanguage":"pt-BR","potentialAction":[{"@type":"CommentAction","name":"Comment","target":["https:\/\/jornalfatosenoticias.com.br\/index.php\/2023\/11\/16\/a-semana-em-brasilia-e-no-es-marina-silva-na-cpi-das-ongs\/#respond"]}]},{"@type":"WebPage","@id":"https:\/\/jornalfatosenoticias.com.br\/index.php\/2023\/11\/16\/a-semana-em-brasilia-e-no-es-marina-silva-na-cpi-das-ongs\/","url":"https:\/\/jornalfatosenoticias.com.br\/index.php\/2023\/11\/16\/a-semana-em-brasilia-e-no-es-marina-silva-na-cpi-das-ongs\/","name":"A Semana em Bras\u00edlia e no ES \u2014 Marina Silva na CPI das ONGs - Jornal Fatos e Not\u00edcias","isPartOf":{"@id":"https:\/\/jornalfatosenoticias.com.br\/#website"},"primaryImageOfPage":{"@id":"https:\/\/jornalfatosenoticias.com.br\/index.php\/2023\/11\/16\/a-semana-em-brasilia-e-no-es-marina-silva-na-cpi-das-ongs\/#primaryimage"},"image":{"@id":"https:\/\/jornalfatosenoticias.com.br\/index.php\/2023\/11\/16\/a-semana-em-brasilia-e-no-es-marina-silva-na-cpi-das-ongs\/#primaryimage"},"thumbnailUrl":"https:\/\/jornalfatosenoticias.com.br\/wp-content\/uploads\/2023\/11\/marina-silva.jpg","datePublished":"2023-11-16T21:50:24+00:00","dateModified":"2023-11-16T21:50:28+00:00","breadcrumb":{"@id":"https:\/\/jornalfatosenoticias.com.br\/index.php\/2023\/11\/16\/a-semana-em-brasilia-e-no-es-marina-silva-na-cpi-das-ongs\/#breadcrumb"},"inLanguage":"pt-BR","potentialAction":[{"@type":"ReadAction","target":["https:\/\/jornalfatosenoticias.com.br\/index.php\/2023\/11\/16\/a-semana-em-brasilia-e-no-es-marina-silva-na-cpi-das-ongs\/"]}]},{"@type":"ImageObject","inLanguage":"pt-BR","@id":"https:\/\/jornalfatosenoticias.com.br\/index.php\/2023\/11\/16\/a-semana-em-brasilia-e-no-es-marina-silva-na-cpi-das-ongs\/#primaryimage","url":"https:\/\/jornalfatosenoticias.com.br\/wp-content\/uploads\/2023\/11\/marina-silva.jpg","contentUrl":"https:\/\/jornalfatosenoticias.com.br\/wp-content\/uploads\/2023\/11\/marina-silva.jpg","width":960,"height":540},{"@type":"BreadcrumbList","@id":"https:\/\/jornalfatosenoticias.com.br\/index.php\/2023\/11\/16\/a-semana-em-brasilia-e-no-es-marina-silva-na-cpi-das-ongs\/#breadcrumb","itemListElement":[{"@type":"ListItem","position":1,"name":"In\u00edcio","item":"https:\/\/jornalfatosenoticias.com.br\/"},{"@type":"ListItem","position":2,"name":"A Semana em Bras\u00edlia e no ES \u2014 Marina Silva na CPI das ONGs"}]},{"@type":"WebSite","@id":"https:\/\/jornalfatosenoticias.com.br\/#website","url":"https:\/\/jornalfatosenoticias.com.br\/","name":"Jornal Fatos e Not\u00edcias","description":"Not\u00edcias em geral","publisher":{"@id":"https:\/\/jornalfatosenoticias.com.br\/#organization"},"potentialAction":[{"@type":"SearchAction","target":{"@type":"EntryPoint","urlTemplate":"https:\/\/jornalfatosenoticias.com.br\/?s={search_term_string}"},"query-input":{"@type":"PropertyValueSpecification","valueRequired":true,"valueName":"search_term_string"}}],"inLanguage":"pt-BR"},{"@type":"Organization","@id":"https:\/\/jornalfatosenoticias.com.br\/#organization","name":"Jornal Fatos e Not\u00edcias","url":"https:\/\/jornalfatosenoticias.com.br\/","logo":{"@type":"ImageObject","inLanguage":"pt-BR","@id":"https:\/\/jornalfatosenoticias.com.br\/#\/schema\/logo\/image\/","url":"https:\/\/jornalfatosenoticias.com.br\/wp-content\/uploads\/2020\/02\/logo120.png","contentUrl":"https:\/\/jornalfatosenoticias.com.br\/wp-content\/uploads\/2020\/02\/logo120.png","width":1227,"height":120,"caption":"Jornal Fatos e Not\u00edcias"},"image":{"@id":"https:\/\/jornalfatosenoticias.com.br\/#\/schema\/logo\/image\/"}},{"@type":"Person","@id":"https:\/\/jornalfatosenoticias.com.br\/#\/schema\/person\/05c46cc25b42a5c27e004fb0fa6b4965","name":"Haroldo Filho","image":{"@type":"ImageObject","inLanguage":"pt-BR","@id":"https:\/\/jornalfatosenoticias.com.br\/#\/schema\/person\/image\/","url":"https:\/\/jornalfatosenoticias.com.br\/wp-content\/uploads\/2025\/08\/WhatsApp-Image-2025-08-18-at-15.30.28-150x150.jpeg","contentUrl":"https:\/\/jornalfatosenoticias.com.br\/wp-content\/uploads\/2025\/08\/WhatsApp-Image-2025-08-18-at-15.30.28-150x150.jpeg","caption":"Haroldo Filho"},"description":"Jornalista \u2013 DRT: 0003818\/ES Coordenador-geral da ONG Educar para Crescer","url":"https:\/\/jornalfatosenoticias.com.br\/index.php\/author\/haroldo\/"}]}},"cc_featured_image_caption":{"caption_text":"(Foto: Jo\u00e9dson Alves\/Ag\u00eancia Brasil) ","source_text":"","source_url":""},"jetpack_featured_media_url":"https:\/\/jornalfatosenoticias.com.br\/wp-content\/uploads\/2023\/11\/marina-silva.jpg","_links":{"self":[{"href":"https:\/\/jornalfatosenoticias.com.br\/index.php\/wp-json\/wp\/v2\/posts\/47001","targetHints":{"allow":["GET"]}}],"collection":[{"href":"https:\/\/jornalfatosenoticias.com.br\/index.php\/wp-json\/wp\/v2\/posts"}],"about":[{"href":"https:\/\/jornalfatosenoticias.com.br\/index.php\/wp-json\/wp\/v2\/types\/post"}],"author":[{"embeddable":true,"href":"https:\/\/jornalfatosenoticias.com.br\/index.php\/wp-json\/wp\/v2\/users\/3"}],"replies":[{"embeddable":true,"href":"https:\/\/jornalfatosenoticias.com.br\/index.php\/wp-json\/wp\/v2\/comments?post=47001"}],"version-history":[{"count":0,"href":"https:\/\/jornalfatosenoticias.com.br\/index.php\/wp-json\/wp\/v2\/posts\/47001\/revisions"}],"wp:featuredmedia":[{"embeddable":true,"href":"https:\/\/jornalfatosenoticias.com.br\/index.php\/wp-json\/wp\/v2\/media\/47008"}],"wp:attachment":[{"href":"https:\/\/jornalfatosenoticias.com.br\/index.php\/wp-json\/wp\/v2\/media?parent=47001"}],"wp:term":[{"taxonomy":"category","embeddable":true,"href":"https:\/\/jornalfatosenoticias.com.br\/index.php\/wp-json\/wp\/v2\/categories?post=47001"},{"taxonomy":"post_tag","embeddable":true,"href":"https:\/\/jornalfatosenoticias.com.br\/index.php\/wp-json\/wp\/v2\/tags?post=47001"}],"curies":[{"name":"wp","href":"https:\/\/api.w.org\/{rel}","templated":true}]}}