{"id":47081,"date":"2023-11-20T11:41:14","date_gmt":"2023-11-20T14:41:14","guid":{"rendered":"https:\/\/jornalfatosenoticias.com.br\/?p=47081"},"modified":"2023-11-20T11:41:16","modified_gmt":"2023-11-20T14:41:16","slug":"medo-de-desemprego-e-dividas-reduzem-confianca-do-brasileiro","status":"publish","type":"post","link":"https:\/\/jornalfatosenoticias.com.br\/index.php\/2023\/11\/20\/medo-de-desemprego-e-dividas-reduzem-confianca-do-brasileiro\/","title":{"rendered":"Medo de desemprego e d\u00edvidas reduzem confian\u00e7a do brasileiro"},"content":{"rendered":"\n<p><em><span class=\"has-inline-color has-black-color\">Consumidor est\u00e1 menos confiante, aponta pesquisa do FGV Ibre<\/span><\/em><\/p>\n\n\n\n<p><span class=\"has-inline-color has-black-color\">Por <strong><a href=\"https:\/\/www.gazetadopovo.com.br\/autor\/vandre-kramer\/\">Vandr\u00e9 Kramer<\/a><\/strong><\/span><\/p>\n\n\n\n<div class=\"wp-block-image\"><figure class=\"aligncenter size-large\"><img loading=\"lazy\" decoding=\"async\" width=\"729\" height=\"90\" src=\"https:\/\/jornalfatosenoticias.com.br\/wp-content\/uploads\/2020\/02\/Logo_Mizu.png\" alt=\"\" class=\"wp-image-1441\" srcset=\"https:\/\/jornalfatosenoticias.com.br\/wp-content\/uploads\/2020\/02\/Logo_Mizu.png 729w, https:\/\/jornalfatosenoticias.com.br\/wp-content\/uploads\/2020\/02\/Logo_Mizu-300x37.png 300w\" sizes=\"auto, (max-width: 729px) 100vw, 729px\" \/><\/figure><\/div>\n\n\n\n<p>Depois das empresas e do mercado financeiro, chegou a vez de os consumidores colocarem as \u201cbarbas de molho\u201d. Uma pesquisa realizada pelo Instituto Brasileiro de Economia da Funda\u00e7\u00e3o Get\u00falio Vargas (FGV Ibre) revelou que em outubro houve o primeiro recuo na confian\u00e7a do consumidor em quatro meses, que, com, isso caiu ao menor n\u00edvel desde junho.<br>Os \u00edndices de confian\u00e7a s\u00e3o relevantes para estimar o comportamento futuro da economia. Quando caem, indicam menor disposi\u00e7\u00e3o do consumidor para gastar \u2014 em especial com bens e servi\u00e7os mais caros, geralmente comprados em presta\u00e7\u00f5es.<br>A principal preocupa\u00e7\u00e3o dos consumidores \u00e9 o mercado de trabalho. Embora o desemprego tenha diminu\u00eddo de 8,7% no terceiro trimestre de 2022 para 7,7% neste ano, de acordo com o Instituto Brasileiro de Geografia e Estat\u00edstica (IBGE), a taxa de participa\u00e7\u00e3o na for\u00e7a de trabalho caiu de 62,7% para 61,8% da popula\u00e7\u00e3o com mais de 14 anos. Isso significa que, proporcionalmente, menos brasileiros em idade de trabalhar est\u00e3o trabalhando ou procurando emprego.<\/p>\n\n\n\n<div class=\"wp-block-image\"><figure class=\"aligncenter size-large is-resized\"><img loading=\"lazy\" decoding=\"async\" src=\"https:\/\/jornalfatosenoticias.com.br\/wp-content\/uploads\/2022\/02\/Precisao-Contabilidade-1024x724.jpg\" alt=\"\" class=\"wp-image-28088\" width=\"315\" height=\"223\"\/><\/figure><\/div>\n\n\n\n<h4 class=\"wp-block-heading\"><span class=\"has-inline-color has-vivid-red-color\">Outras raz\u00f5es que contribuem para a apreens\u00e3o dos consumidores incluem:<\/span><\/h4>\n\n\n\n<ul class=\"wp-block-list\"><li>o elevado n\u00edvel de endividamento e inadimpl\u00eancia;<\/li><li>o impacto limitado da queda na taxa de juros, iniciada em agosto; e<\/li><li>as incertezas geradas pelo conflito no Oriente M\u00e9dio entre Israel e o grupo terrorista Hamas.<\/li><\/ul>\n\n\n\n<div class=\"wp-block-image\"><figure class=\"aligncenter size-large is-resized\"><img loading=\"lazy\" decoding=\"async\" src=\"https:\/\/jornalfatosenoticias.com.br\/wp-content\/uploads\/2023\/03\/nova-logo-Marquetti.jpg\" alt=\"\" class=\"wp-image-40207\" width=\"298\" height=\"200\" srcset=\"https:\/\/jornalfatosenoticias.com.br\/wp-content\/uploads\/2023\/03\/nova-logo-Marquetti.jpg 643w, https:\/\/jornalfatosenoticias.com.br\/wp-content\/uploads\/2023\/03\/nova-logo-Marquetti-300x202.jpg 300w\" sizes=\"auto, (max-width: 298px) 100vw, 298px\" \/><\/figure><\/div>\n\n\n\n<p>Esse conflito pode pressionar o aumento nos pre\u00e7os do barril de petr\u00f3leo, influenciando na alta da infla\u00e7\u00e3o e reduzindo a possibilidade de uma queda mais acentuada na taxa b\u00e1sica de juros, a Selic. As expectativas para os pr\u00f3ximos meses tamb\u00e9m pioraram entre os consumidores.<\/p>\n\n\n\n<div class=\"wp-block-image\"><figure class=\"aligncenter size-large is-resized\"><img loading=\"lazy\" decoding=\"async\" src=\"https:\/\/jornalfatosenoticias.com.br\/wp-content\/uploads\/2020\/02\/casa-do-torresmo_portal.jpg\" alt=\"\" class=\"wp-image-34472\" width=\"287\" height=\"287\" srcset=\"https:\/\/jornalfatosenoticias.com.br\/wp-content\/uploads\/2020\/02\/casa-do-torresmo_portal.jpg 300w, https:\/\/jornalfatosenoticias.com.br\/wp-content\/uploads\/2020\/02\/casa-do-torresmo_portal-150x150.jpg 150w\" sizes=\"auto, (max-width: 287px) 100vw, 287px\" \/><\/figure><\/div>\n\n\n\n<blockquote class=\"wp-block-quote is-layout-flow wp-block-quote-is-layout-flow\"><p>A economista Anna Carolina Gouveia, do FGV Ibre, destaca que o pessimismo dos consumidores \u00e9 generalizado em todas as classes de renda e capitais, acendendo um sinal de alerta devido \u00e0 preocupa\u00e7\u00e3o com a resili\u00eancia do mercado de trabalho, um fator importante na recupera\u00e7\u00e3o da confian\u00e7a.<\/p><\/blockquote>\n\n\n\n<div class=\"wp-block-image\"><figure class=\"aligncenter size-large is-resized\"><img loading=\"lazy\" decoding=\"async\" src=\"https:\/\/jornalfatosenoticias.com.br\/wp-content\/uploads\/2023\/08\/Steel.jpeg\" alt=\"\" class=\"wp-image-44634\" width=\"288\" height=\"234\" srcset=\"https:\/\/jornalfatosenoticias.com.br\/wp-content\/uploads\/2023\/08\/Steel.jpeg 800w, https:\/\/jornalfatosenoticias.com.br\/wp-content\/uploads\/2023\/08\/Steel-300x244.jpeg 300w, https:\/\/jornalfatosenoticias.com.br\/wp-content\/uploads\/2023\/08\/Steel-768x624.jpeg 768w\" sizes=\"auto, (max-width: 288px) 100vw, 288px\" \/><\/figure><\/div>\n\n\n\n<p>\u00c9 importante observar que esse levantamento n\u00e3o considera as declara\u00e7\u00f5es feitas por Luiz In\u00e1cio Lula da Silva (PT) no m\u00eas passado, quando declarou que dificilmente vai zerar o d\u00e9ficit das contas p\u00fablicas em 2024. Segundo ele, a prioridade ser\u00e1 a realiza\u00e7\u00e3o de investimentos e gastos p\u00fablicos. O pr\u00f3ximo ano ser\u00e1 de elei\u00e7\u00f5es municipais.<\/p>\n\n\n\n<div class=\"wp-block-image\"><figure class=\"aligncenter size-large is-resized\"><img loading=\"lazy\" decoding=\"async\" src=\"https:\/\/jornalfatosenoticias.com.br\/wp-content\/uploads\/2023\/09\/vetorvix1024_1.jpg\" alt=\"\" class=\"wp-image-44868\" width=\"453\" height=\"120\" srcset=\"https:\/\/jornalfatosenoticias.com.br\/wp-content\/uploads\/2023\/09\/vetorvix1024_1.jpg 1024w, https:\/\/jornalfatosenoticias.com.br\/wp-content\/uploads\/2023\/09\/vetorvix1024_1-300x80.jpg 300w, https:\/\/jornalfatosenoticias.com.br\/wp-content\/uploads\/2023\/09\/vetorvix1024_1-768x205.jpg 768w\" sizes=\"auto, (max-width: 453px) 100vw, 453px\" \/><\/figure><\/div>\n\n\n\n<p>Ainda que formalmente o governo tenha decidido manter a meta de d\u00e9ficit zero, a desconfian\u00e7a sobre o compromisso de Lula com as contas p\u00fablicas tende a persistir, dadas as seguidas declara\u00e7\u00f5es dele exaltando a import\u00e2ncia do gasto p\u00fablico para a economia.<\/p>\n\n\n\n<div class=\"wp-block-image\"><figure class=\"aligncenter size-large\"><img loading=\"lazy\" decoding=\"async\" width=\"300\" height=\"250\" src=\"https:\/\/jornalfatosenoticias.com.br\/wp-content\/uploads\/2022\/02\/FERRARI_MAQUINAS-E-FERRAMENTAS2.jpg\" alt=\"\" class=\"wp-image-27860\"\/><\/figure><\/div>\n\n\n\n<p><strong><span class=\"has-inline-color has-vivid-red-color\">Inten\u00e7\u00e3o de compras das fam\u00edlias tem menor alta desde outubro de 2022<br><\/span><\/strong>A inten\u00e7\u00e3o de compras das fam\u00edlias, medida pela Confedera\u00e7\u00e3o Nacional do Com\u00e9rcio de Bens, Servi\u00e7os e Turismo (CNC), teve em outubro a menor alta desde o mesmo m\u00eas de 2022. Enquanto as taxas de juros est\u00e3o em queda e campanhas de renegocia\u00e7\u00e3o de d\u00edvidas facilitam o acesso a cr\u00e9dito de parte da popula\u00e7\u00e3o, as institui\u00e7\u00f5es financeiras permanecem seletivas devido \u00e0 inadimpl\u00eancia persistente.<\/p>\n\n\n\n<div class=\"wp-block-image\"><figure class=\"aligncenter size-large is-resized\"><img loading=\"lazy\" decoding=\"async\" src=\"https:\/\/jornalfatosenoticias.com.br\/wp-content\/uploads\/2023\/08\/ITH.jpeg\" alt=\"\" class=\"wp-image-44638\" width=\"298\" height=\"242\" srcset=\"https:\/\/jornalfatosenoticias.com.br\/wp-content\/uploads\/2023\/08\/ITH.jpeg 800w, https:\/\/jornalfatosenoticias.com.br\/wp-content\/uploads\/2023\/08\/ITH-300x244.jpeg 300w, https:\/\/jornalfatosenoticias.com.br\/wp-content\/uploads\/2023\/08\/ITH-768x624.jpeg 768w\" sizes=\"auto, (max-width: 298px) 100vw, 298px\" \/><\/figure><\/div>\n\n\n\n<p>O alto endividamento e a inadimpl\u00eancia continuam limitando a capacidade de consumo das fam\u00edlias, reduzindo os efeitos positivos da desacelera\u00e7\u00e3o da infla\u00e7\u00e3o na renda dispon\u00edvel.<br>Izis Ferreira, economista da CNC, observa que a desacelera\u00e7\u00e3o do ritmo de contrata\u00e7\u00f5es formais com carteira assinada est\u00e1 levando consumidores de todas as faixas de renda a olhar com cautela para o emprego nos pr\u00f3ximos meses \u2014 o indicador que mede a perspectiva profissional registrou queda de 0,7%.<\/p>\n\n\n\n<div class=\"wp-block-image\"><figure class=\"aligncenter size-large is-resized\"><img loading=\"lazy\" decoding=\"async\" src=\"https:\/\/jornalfatosenoticias.com.br\/wp-content\/uploads\/2023\/07\/lacremoda.jpg\" alt=\"\" class=\"wp-image-43706\" width=\"348\" height=\"195\" srcset=\"https:\/\/jornalfatosenoticias.com.br\/wp-content\/uploads\/2023\/07\/lacremoda.jpg 1024w, https:\/\/jornalfatosenoticias.com.br\/wp-content\/uploads\/2023\/07\/lacremoda-300x168.jpg 300w, https:\/\/jornalfatosenoticias.com.br\/wp-content\/uploads\/2023\/07\/lacremoda-768x431.jpg 768w\" sizes=\"auto, (max-width: 348px) 100vw, 348px\" \/><\/figure><\/div>\n\n\n\n<p><span class=\"has-inline-color has-vivid-red-color\"><strong>Brasileiro est\u00e1 menos otimista e piorou avalia\u00e7\u00e3o de Haddad<br><\/strong><\/span>Pesquisa realizada pela Genial Investimentos\/Quaest, divulgada no fim de outubro, mostrou que 65% dos entrevistados acreditam que o cen\u00e1rio econ\u00f4mico permaneceu igual ou piorou nos \u00faltimos 12 meses, o que representa um aumento de tr\u00eas pontos percentuais em rela\u00e7\u00e3o ao levantamento anterior, realizado em agosto, e acima da margem de erro da pesquisa, que \u00e9 de 2,2 pontos percentuais.<\/p>\n\n\n\n<div class=\"wp-block-image\"><figure class=\"aligncenter size-large is-resized\"><img loading=\"lazy\" decoding=\"async\" src=\"https:\/\/jornalfatosenoticias.com.br\/wp-content\/uploads\/2022\/10\/RC_800x750_page-0001.jpg\" alt=\"\" class=\"wp-image-35338\" width=\"309\" height=\"290\" srcset=\"https:\/\/jornalfatosenoticias.com.br\/wp-content\/uploads\/2022\/10\/RC_800x750_page-0001.jpg 400w, https:\/\/jornalfatosenoticias.com.br\/wp-content\/uploads\/2022\/10\/RC_800x750_page-0001-300x281.jpg 300w\" sizes=\"auto, (max-width: 309px) 100vw, 309px\" \/><\/figure><\/div>\n\n\n\n<p>As expectativas em rela\u00e7\u00e3o ao futuro tamb\u00e9m pioraram. O otimismo em rela\u00e7\u00e3o aos pr\u00f3ximos 12 meses diminuiu de 59% em agosto para 50% em outubro, enquanto aqueles que acreditam que a situa\u00e7\u00e3o ficar\u00e1 est\u00e1vel ou piorar\u00e1 passaram de 38% para 46% do total.<\/p>\n\n\n\n<div class=\"wp-block-image\"><figure class=\"aligncenter size-large is-resized\"><img loading=\"lazy\" decoding=\"async\" src=\"https:\/\/jornalfatosenoticias.com.br\/wp-content\/uploads\/2020\/02\/CONTROL-CS.jpg\" alt=\"\" class=\"wp-image-44991\" width=\"294\" height=\"352\" srcset=\"https:\/\/jornalfatosenoticias.com.br\/wp-content\/uploads\/2020\/02\/CONTROL-CS.jpg 834w, https:\/\/jornalfatosenoticias.com.br\/wp-content\/uploads\/2020\/02\/CONTROL-CS-250x300.jpg 250w, https:\/\/jornalfatosenoticias.com.br\/wp-content\/uploads\/2020\/02\/CONTROL-CS-768x921.jpg 768w\" sizes=\"auto, (max-width: 294px) 100vw, 294px\" \/><\/figure><\/div>\n\n\n\n<p>A pesquisa da Genial Investimentos\/Quaest tamb\u00e9m aponta um leve aumento no temor de desemprego. Em junho, 37% dos entrevistados esperavam um aumento na taxa de desocupa\u00e7\u00e3o, e em outubro esse percentual chegou a 40%, enquanto a expectativa de queda do desemprego baixou de 32% para 27%.<\/p>\n\n\n\n<div class=\"wp-block-image\"><figure class=\"aligncenter size-large\"><img decoding=\"async\" src=\"https:\/\/jornalfatosenoticias.com.br\/wp-content\/uploads\/2020\/02\/barao-das-carnes-300x164-1.jpg\" alt=\"\" class=\"wp-image-34339\"\/><\/figure><\/div>\n\n\n\n<p>A \u201cnota\u201d do trabalho realizado pelo ministro da Fazenda, Fernando Haddad, tamb\u00e9m piorou. Os que consideram a atua\u00e7\u00e3o dele negativa aumentaram de 23% para 26%, o mesmo percentual dos que consideram seu trabalho positivo. O percentual dos pesquisados que consideram a atua\u00e7\u00e3o do ministro como regular caiu de 32% para 30%.<\/p>\n\n\n\n<div class=\"wp-block-image\"><figure class=\"aligncenter size-large is-resized\"><img loading=\"lazy\" decoding=\"async\" src=\"https:\/\/jornalfatosenoticias.com.br\/wp-content\/uploads\/2023\/03\/logo-Panper_portal.jpg\" alt=\"\" class=\"wp-image-40208\" width=\"302\" height=\"209\" srcset=\"https:\/\/jornalfatosenoticias.com.br\/wp-content\/uploads\/2023\/03\/logo-Panper_portal.jpg 400w, https:\/\/jornalfatosenoticias.com.br\/wp-content\/uploads\/2023\/03\/logo-Panper_portal-300x208.jpg 300w\" sizes=\"auto, (max-width: 302px) 100vw, 302px\" \/><\/figure><\/div>\n\n\n\n<p><strong><em>Fonte: <a href=\"https:\/\/www.gazetadopovo.com.br\/economia\/consumidor-cautela-medo-desemprego-barbas-miolho\/\">Gazeta do Povo<\/a><\/em><\/strong><\/p>\n","protected":false},"excerpt":{"rendered":"<p>Consumidor est\u00e1 menos confiante, aponta pesquisa do FGV Ibre Por Vandr\u00e9 Kramer Depois das empresas e do mercado financeiro, chegou a vez de os consumidores colocarem as \u201cbarbas de molho\u201d. Uma pesquisa realizada pelo Instituto Brasileiro de Economia da Funda\u00e7\u00e3o Get\u00falio Vargas (FGV Ibre) revelou que em outubro houve o primeiro recuo na confian\u00e7a do [&hellip;]<\/p>\n","protected":false},"author":2,"featured_media":47082,"comment_status":"open","ping_status":"open","sticky":false,"template":"","format":"standard","meta":{"footnotes":""},"categories":[9],"tags":[13425,4398,1971,985,4182,115],"class_list":["post-47081","post","type-post","status-publish","format-standard","has-post-thumbnail","hentry","category-economia","tag-confianca-do-consumidor","tag-consumidor","tag-desemprego","tag-dividas","tag-inflacao","tag-pesquisa"],"yoast_head":"<!-- This site is optimized with the Yoast SEO plugin v26.5 - https:\/\/yoast.com\/wordpress\/plugins\/seo\/ -->\n<title>Medo de desemprego e d\u00edvidas reduzem confian\u00e7a do brasileiro - Jornal Fatos e Not\u00edcias<\/title>\n<meta name=\"robots\" content=\"index, follow, max-snippet:-1, max-image-preview:large, max-video-preview:-1\" \/>\n<link rel=\"canonical\" href=\"https:\/\/jornalfatosenoticias.com.br\/index.php\/2023\/11\/20\/medo-de-desemprego-e-dividas-reduzem-confianca-do-brasileiro\/\" \/>\n<meta property=\"og:locale\" content=\"pt_BR\" \/>\n<meta property=\"og:type\" content=\"article\" \/>\n<meta property=\"og:title\" content=\"Medo de desemprego e d\u00edvidas reduzem confian\u00e7a do brasileiro - Jornal Fatos e Not\u00edcias\" \/>\n<meta property=\"og:description\" content=\"Consumidor est\u00e1 menos confiante, aponta pesquisa do FGV Ibre Por Vandr\u00e9 Kramer Depois das empresas e do mercado financeiro, chegou a vez de os consumidores colocarem as \u201cbarbas de molho\u201d. Uma pesquisa realizada pelo Instituto Brasileiro de Economia da Funda\u00e7\u00e3o Get\u00falio Vargas (FGV Ibre) revelou que em outubro houve o primeiro recuo na confian\u00e7a do [&hellip;]\" \/>\n<meta property=\"og:url\" content=\"https:\/\/jornalfatosenoticias.com.br\/index.php\/2023\/11\/20\/medo-de-desemprego-e-dividas-reduzem-confianca-do-brasileiro\/\" \/>\n<meta property=\"og:site_name\" content=\"Jornal Fatos e Not\u00edcias\" \/>\n<meta property=\"article:published_time\" content=\"2023-11-20T14:41:14+00:00\" \/>\n<meta property=\"article:modified_time\" content=\"2023-11-20T14:41:16+00:00\" \/>\n<meta property=\"og:image\" content=\"https:\/\/jornalfatosenoticias.com.br\/wp-content\/uploads\/2023\/11\/consumidora_istock.jpg\" \/>\n\t<meta property=\"og:image:width\" content=\"612\" \/>\n\t<meta property=\"og:image:height\" content=\"453\" \/>\n\t<meta property=\"og:image:type\" content=\"image\/jpeg\" \/>\n<meta name=\"author\" content=\"Luzimara Fernandes\" \/>\n<meta name=\"twitter:card\" content=\"summary_large_image\" \/>\n<meta name=\"twitter:label1\" content=\"Escrito por\" \/>\n\t<meta name=\"twitter:data1\" content=\"Luzimara Fernandes\" \/>\n\t<meta name=\"twitter:label2\" content=\"Est. tempo de leitura\" \/>\n\t<meta name=\"twitter:data2\" content=\"4 minutos\" \/>\n<script type=\"application\/ld+json\" class=\"yoast-schema-graph\">{\"@context\":\"https:\/\/schema.org\",\"@graph\":[{\"@type\":\"Article\",\"@id\":\"https:\/\/jornalfatosenoticias.com.br\/index.php\/2023\/11\/20\/medo-de-desemprego-e-dividas-reduzem-confianca-do-brasileiro\/#article\",\"isPartOf\":{\"@id\":\"https:\/\/jornalfatosenoticias.com.br\/index.php\/2023\/11\/20\/medo-de-desemprego-e-dividas-reduzem-confianca-do-brasileiro\/\"},\"author\":{\"name\":\"Luzimara Fernandes\",\"@id\":\"https:\/\/jornalfatosenoticias.com.br\/#\/schema\/person\/d63837fa13ac8666eb9e74e0985d6f81\"},\"headline\":\"Medo de desemprego e d\u00edvidas reduzem confian\u00e7a do brasileiro\",\"datePublished\":\"2023-11-20T14:41:14+00:00\",\"dateModified\":\"2023-11-20T14:41:16+00:00\",\"mainEntityOfPage\":{\"@id\":\"https:\/\/jornalfatosenoticias.com.br\/index.php\/2023\/11\/20\/medo-de-desemprego-e-dividas-reduzem-confianca-do-brasileiro\/\"},\"wordCount\":828,\"commentCount\":0,\"publisher\":{\"@id\":\"https:\/\/jornalfatosenoticias.com.br\/#organization\"},\"image\":{\"@id\":\"https:\/\/jornalfatosenoticias.com.br\/index.php\/2023\/11\/20\/medo-de-desemprego-e-dividas-reduzem-confianca-do-brasileiro\/#primaryimage\"},\"thumbnailUrl\":\"https:\/\/jornalfatosenoticias.com.br\/wp-content\/uploads\/2023\/11\/consumidora_istock.jpg\",\"keywords\":[\"confian\u00e7a do consumidor\",\"consumidor\",\"desemprego\",\"d\u00edvidas\",\"infla\u00e7\u00e3o\",\"pesquisa\"],\"articleSection\":[\"Economia\"],\"inLanguage\":\"pt-BR\",\"potentialAction\":[{\"@type\":\"CommentAction\",\"name\":\"Comment\",\"target\":[\"https:\/\/jornalfatosenoticias.com.br\/index.php\/2023\/11\/20\/medo-de-desemprego-e-dividas-reduzem-confianca-do-brasileiro\/#respond\"]}]},{\"@type\":\"WebPage\",\"@id\":\"https:\/\/jornalfatosenoticias.com.br\/index.php\/2023\/11\/20\/medo-de-desemprego-e-dividas-reduzem-confianca-do-brasileiro\/\",\"url\":\"https:\/\/jornalfatosenoticias.com.br\/index.php\/2023\/11\/20\/medo-de-desemprego-e-dividas-reduzem-confianca-do-brasileiro\/\",\"name\":\"Medo de desemprego e d\u00edvidas reduzem confian\u00e7a do brasileiro - Jornal Fatos e Not\u00edcias\",\"isPartOf\":{\"@id\":\"https:\/\/jornalfatosenoticias.com.br\/#website\"},\"primaryImageOfPage\":{\"@id\":\"https:\/\/jornalfatosenoticias.com.br\/index.php\/2023\/11\/20\/medo-de-desemprego-e-dividas-reduzem-confianca-do-brasileiro\/#primaryimage\"},\"image\":{\"@id\":\"https:\/\/jornalfatosenoticias.com.br\/index.php\/2023\/11\/20\/medo-de-desemprego-e-dividas-reduzem-confianca-do-brasileiro\/#primaryimage\"},\"thumbnailUrl\":\"https:\/\/jornalfatosenoticias.com.br\/wp-content\/uploads\/2023\/11\/consumidora_istock.jpg\",\"datePublished\":\"2023-11-20T14:41:14+00:00\",\"dateModified\":\"2023-11-20T14:41:16+00:00\",\"breadcrumb\":{\"@id\":\"https:\/\/jornalfatosenoticias.com.br\/index.php\/2023\/11\/20\/medo-de-desemprego-e-dividas-reduzem-confianca-do-brasileiro\/#breadcrumb\"},\"inLanguage\":\"pt-BR\",\"potentialAction\":[{\"@type\":\"ReadAction\",\"target\":[\"https:\/\/jornalfatosenoticias.com.br\/index.php\/2023\/11\/20\/medo-de-desemprego-e-dividas-reduzem-confianca-do-brasileiro\/\"]}]},{\"@type\":\"ImageObject\",\"inLanguage\":\"pt-BR\",\"@id\":\"https:\/\/jornalfatosenoticias.com.br\/index.php\/2023\/11\/20\/medo-de-desemprego-e-dividas-reduzem-confianca-do-brasileiro\/#primaryimage\",\"url\":\"https:\/\/jornalfatosenoticias.com.br\/wp-content\/uploads\/2023\/11\/consumidora_istock.jpg\",\"contentUrl\":\"https:\/\/jornalfatosenoticias.com.br\/wp-content\/uploads\/2023\/11\/consumidora_istock.jpg\",\"width\":612,\"height\":453},{\"@type\":\"BreadcrumbList\",\"@id\":\"https:\/\/jornalfatosenoticias.com.br\/index.php\/2023\/11\/20\/medo-de-desemprego-e-dividas-reduzem-confianca-do-brasileiro\/#breadcrumb\",\"itemListElement\":[{\"@type\":\"ListItem\",\"position\":1,\"name\":\"In\u00edcio\",\"item\":\"https:\/\/jornalfatosenoticias.com.br\/\"},{\"@type\":\"ListItem\",\"position\":2,\"name\":\"Medo de desemprego e d\u00edvidas reduzem confian\u00e7a do brasileiro\"}]},{\"@type\":\"WebSite\",\"@id\":\"https:\/\/jornalfatosenoticias.com.br\/#website\",\"url\":\"https:\/\/jornalfatosenoticias.com.br\/\",\"name\":\"Jornal Fatos e Not\u00edcias\",\"description\":\"Not\u00edcias em geral\",\"publisher\":{\"@id\":\"https:\/\/jornalfatosenoticias.com.br\/#organization\"},\"potentialAction\":[{\"@type\":\"SearchAction\",\"target\":{\"@type\":\"EntryPoint\",\"urlTemplate\":\"https:\/\/jornalfatosenoticias.com.br\/?s={search_term_string}\"},\"query-input\":{\"@type\":\"PropertyValueSpecification\",\"valueRequired\":true,\"valueName\":\"search_term_string\"}}],\"inLanguage\":\"pt-BR\"},{\"@type\":\"Organization\",\"@id\":\"https:\/\/jornalfatosenoticias.com.br\/#organization\",\"name\":\"Jornal Fatos e Not\u00edcias\",\"url\":\"https:\/\/jornalfatosenoticias.com.br\/\",\"logo\":{\"@type\":\"ImageObject\",\"inLanguage\":\"pt-BR\",\"@id\":\"https:\/\/jornalfatosenoticias.com.br\/#\/schema\/logo\/image\/\",\"url\":\"https:\/\/jornalfatosenoticias.com.br\/wp-content\/uploads\/2020\/02\/logo120.png\",\"contentUrl\":\"https:\/\/jornalfatosenoticias.com.br\/wp-content\/uploads\/2020\/02\/logo120.png\",\"width\":1227,\"height\":120,\"caption\":\"Jornal Fatos e Not\u00edcias\"},\"image\":{\"@id\":\"https:\/\/jornalfatosenoticias.com.br\/#\/schema\/logo\/image\/\"}},{\"@type\":\"Person\",\"@id\":\"https:\/\/jornalfatosenoticias.com.br\/#\/schema\/person\/d63837fa13ac8666eb9e74e0985d6f81\",\"name\":\"Luzimara Fernandes\",\"image\":{\"@type\":\"ImageObject\",\"inLanguage\":\"pt-BR\",\"@id\":\"https:\/\/jornalfatosenoticias.com.br\/#\/schema\/person\/image\/\",\"url\":\"https:\/\/jornalfatosenoticias.com.br\/wp-content\/uploads\/2025\/05\/EU_portal.jpg\",\"contentUrl\":\"https:\/\/jornalfatosenoticias.com.br\/wp-content\/uploads\/2025\/05\/EU_portal.jpg\",\"caption\":\"Luzimara Fernandes\"},\"description\":\"Jornalista MTB 2358-ES\",\"sameAs\":[\"https:\/\/jornalfatosenoticias.com.br\"],\"url\":\"https:\/\/jornalfatosenoticias.com.br\/index.php\/author\/luzimara\/\"}]}<\/script>\n<!-- \/ Yoast SEO plugin. -->","yoast_head_json":{"title":"Medo de desemprego e d\u00edvidas reduzem confian\u00e7a do brasileiro - Jornal Fatos e Not\u00edcias","robots":{"index":"index","follow":"follow","max-snippet":"max-snippet:-1","max-image-preview":"max-image-preview:large","max-video-preview":"max-video-preview:-1"},"canonical":"https:\/\/jornalfatosenoticias.com.br\/index.php\/2023\/11\/20\/medo-de-desemprego-e-dividas-reduzem-confianca-do-brasileiro\/","og_locale":"pt_BR","og_type":"article","og_title":"Medo de desemprego e d\u00edvidas reduzem confian\u00e7a do brasileiro - Jornal Fatos e Not\u00edcias","og_description":"Consumidor est\u00e1 menos confiante, aponta pesquisa do FGV Ibre Por Vandr\u00e9 Kramer Depois das empresas e do mercado financeiro, chegou a vez de os consumidores colocarem as \u201cbarbas de molho\u201d. Uma pesquisa realizada pelo Instituto Brasileiro de Economia da Funda\u00e7\u00e3o Get\u00falio Vargas (FGV Ibre) revelou que em outubro houve o primeiro recuo na confian\u00e7a do [&hellip;]","og_url":"https:\/\/jornalfatosenoticias.com.br\/index.php\/2023\/11\/20\/medo-de-desemprego-e-dividas-reduzem-confianca-do-brasileiro\/","og_site_name":"Jornal Fatos e Not\u00edcias","article_published_time":"2023-11-20T14:41:14+00:00","article_modified_time":"2023-11-20T14:41:16+00:00","og_image":[{"width":612,"height":453,"url":"https:\/\/jornalfatosenoticias.com.br\/wp-content\/uploads\/2023\/11\/consumidora_istock.jpg","type":"image\/jpeg"}],"author":"Luzimara Fernandes","twitter_card":"summary_large_image","twitter_misc":{"Escrito por":"Luzimara Fernandes","Est. tempo de leitura":"4 minutos"},"schema":{"@context":"https:\/\/schema.org","@graph":[{"@type":"Article","@id":"https:\/\/jornalfatosenoticias.com.br\/index.php\/2023\/11\/20\/medo-de-desemprego-e-dividas-reduzem-confianca-do-brasileiro\/#article","isPartOf":{"@id":"https:\/\/jornalfatosenoticias.com.br\/index.php\/2023\/11\/20\/medo-de-desemprego-e-dividas-reduzem-confianca-do-brasileiro\/"},"author":{"name":"Luzimara Fernandes","@id":"https:\/\/jornalfatosenoticias.com.br\/#\/schema\/person\/d63837fa13ac8666eb9e74e0985d6f81"},"headline":"Medo de desemprego e d\u00edvidas reduzem confian\u00e7a do brasileiro","datePublished":"2023-11-20T14:41:14+00:00","dateModified":"2023-11-20T14:41:16+00:00","mainEntityOfPage":{"@id":"https:\/\/jornalfatosenoticias.com.br\/index.php\/2023\/11\/20\/medo-de-desemprego-e-dividas-reduzem-confianca-do-brasileiro\/"},"wordCount":828,"commentCount":0,"publisher":{"@id":"https:\/\/jornalfatosenoticias.com.br\/#organization"},"image":{"@id":"https:\/\/jornalfatosenoticias.com.br\/index.php\/2023\/11\/20\/medo-de-desemprego-e-dividas-reduzem-confianca-do-brasileiro\/#primaryimage"},"thumbnailUrl":"https:\/\/jornalfatosenoticias.com.br\/wp-content\/uploads\/2023\/11\/consumidora_istock.jpg","keywords":["confian\u00e7a do consumidor","consumidor","desemprego","d\u00edvidas","infla\u00e7\u00e3o","pesquisa"],"articleSection":["Economia"],"inLanguage":"pt-BR","potentialAction":[{"@type":"CommentAction","name":"Comment","target":["https:\/\/jornalfatosenoticias.com.br\/index.php\/2023\/11\/20\/medo-de-desemprego-e-dividas-reduzem-confianca-do-brasileiro\/#respond"]}]},{"@type":"WebPage","@id":"https:\/\/jornalfatosenoticias.com.br\/index.php\/2023\/11\/20\/medo-de-desemprego-e-dividas-reduzem-confianca-do-brasileiro\/","url":"https:\/\/jornalfatosenoticias.com.br\/index.php\/2023\/11\/20\/medo-de-desemprego-e-dividas-reduzem-confianca-do-brasileiro\/","name":"Medo de desemprego e d\u00edvidas reduzem confian\u00e7a do brasileiro - Jornal Fatos e Not\u00edcias","isPartOf":{"@id":"https:\/\/jornalfatosenoticias.com.br\/#website"},"primaryImageOfPage":{"@id":"https:\/\/jornalfatosenoticias.com.br\/index.php\/2023\/11\/20\/medo-de-desemprego-e-dividas-reduzem-confianca-do-brasileiro\/#primaryimage"},"image":{"@id":"https:\/\/jornalfatosenoticias.com.br\/index.php\/2023\/11\/20\/medo-de-desemprego-e-dividas-reduzem-confianca-do-brasileiro\/#primaryimage"},"thumbnailUrl":"https:\/\/jornalfatosenoticias.com.br\/wp-content\/uploads\/2023\/11\/consumidora_istock.jpg","datePublished":"2023-11-20T14:41:14+00:00","dateModified":"2023-11-20T14:41:16+00:00","breadcrumb":{"@id":"https:\/\/jornalfatosenoticias.com.br\/index.php\/2023\/11\/20\/medo-de-desemprego-e-dividas-reduzem-confianca-do-brasileiro\/#breadcrumb"},"inLanguage":"pt-BR","potentialAction":[{"@type":"ReadAction","target":["https:\/\/jornalfatosenoticias.com.br\/index.php\/2023\/11\/20\/medo-de-desemprego-e-dividas-reduzem-confianca-do-brasileiro\/"]}]},{"@type":"ImageObject","inLanguage":"pt-BR","@id":"https:\/\/jornalfatosenoticias.com.br\/index.php\/2023\/11\/20\/medo-de-desemprego-e-dividas-reduzem-confianca-do-brasileiro\/#primaryimage","url":"https:\/\/jornalfatosenoticias.com.br\/wp-content\/uploads\/2023\/11\/consumidora_istock.jpg","contentUrl":"https:\/\/jornalfatosenoticias.com.br\/wp-content\/uploads\/2023\/11\/consumidora_istock.jpg","width":612,"height":453},{"@type":"BreadcrumbList","@id":"https:\/\/jornalfatosenoticias.com.br\/index.php\/2023\/11\/20\/medo-de-desemprego-e-dividas-reduzem-confianca-do-brasileiro\/#breadcrumb","itemListElement":[{"@type":"ListItem","position":1,"name":"In\u00edcio","item":"https:\/\/jornalfatosenoticias.com.br\/"},{"@type":"ListItem","position":2,"name":"Medo de desemprego e d\u00edvidas reduzem confian\u00e7a do brasileiro"}]},{"@type":"WebSite","@id":"https:\/\/jornalfatosenoticias.com.br\/#website","url":"https:\/\/jornalfatosenoticias.com.br\/","name":"Jornal Fatos e Not\u00edcias","description":"Not\u00edcias em geral","publisher":{"@id":"https:\/\/jornalfatosenoticias.com.br\/#organization"},"potentialAction":[{"@type":"SearchAction","target":{"@type":"EntryPoint","urlTemplate":"https:\/\/jornalfatosenoticias.com.br\/?s={search_term_string}"},"query-input":{"@type":"PropertyValueSpecification","valueRequired":true,"valueName":"search_term_string"}}],"inLanguage":"pt-BR"},{"@type":"Organization","@id":"https:\/\/jornalfatosenoticias.com.br\/#organization","name":"Jornal Fatos e Not\u00edcias","url":"https:\/\/jornalfatosenoticias.com.br\/","logo":{"@type":"ImageObject","inLanguage":"pt-BR","@id":"https:\/\/jornalfatosenoticias.com.br\/#\/schema\/logo\/image\/","url":"https:\/\/jornalfatosenoticias.com.br\/wp-content\/uploads\/2020\/02\/logo120.png","contentUrl":"https:\/\/jornalfatosenoticias.com.br\/wp-content\/uploads\/2020\/02\/logo120.png","width":1227,"height":120,"caption":"Jornal Fatos e Not\u00edcias"},"image":{"@id":"https:\/\/jornalfatosenoticias.com.br\/#\/schema\/logo\/image\/"}},{"@type":"Person","@id":"https:\/\/jornalfatosenoticias.com.br\/#\/schema\/person\/d63837fa13ac8666eb9e74e0985d6f81","name":"Luzimara Fernandes","image":{"@type":"ImageObject","inLanguage":"pt-BR","@id":"https:\/\/jornalfatosenoticias.com.br\/#\/schema\/person\/image\/","url":"https:\/\/jornalfatosenoticias.com.br\/wp-content\/uploads\/2025\/05\/EU_portal.jpg","contentUrl":"https:\/\/jornalfatosenoticias.com.br\/wp-content\/uploads\/2025\/05\/EU_portal.jpg","caption":"Luzimara Fernandes"},"description":"Jornalista MTB 2358-ES","sameAs":["https:\/\/jornalfatosenoticias.com.br"],"url":"https:\/\/jornalfatosenoticias.com.br\/index.php\/author\/luzimara\/"}]}},"cc_featured_image_caption":{"caption_text":"(Foto: iStock) ","source_text":"","source_url":""},"jetpack_featured_media_url":"https:\/\/jornalfatosenoticias.com.br\/wp-content\/uploads\/2023\/11\/consumidora_istock.jpg","_links":{"self":[{"href":"https:\/\/jornalfatosenoticias.com.br\/index.php\/wp-json\/wp\/v2\/posts\/47081","targetHints":{"allow":["GET"]}}],"collection":[{"href":"https:\/\/jornalfatosenoticias.com.br\/index.php\/wp-json\/wp\/v2\/posts"}],"about":[{"href":"https:\/\/jornalfatosenoticias.com.br\/index.php\/wp-json\/wp\/v2\/types\/post"}],"author":[{"embeddable":true,"href":"https:\/\/jornalfatosenoticias.com.br\/index.php\/wp-json\/wp\/v2\/users\/2"}],"replies":[{"embeddable":true,"href":"https:\/\/jornalfatosenoticias.com.br\/index.php\/wp-json\/wp\/v2\/comments?post=47081"}],"version-history":[{"count":0,"href":"https:\/\/jornalfatosenoticias.com.br\/index.php\/wp-json\/wp\/v2\/posts\/47081\/revisions"}],"wp:featuredmedia":[{"embeddable":true,"href":"https:\/\/jornalfatosenoticias.com.br\/index.php\/wp-json\/wp\/v2\/media\/47082"}],"wp:attachment":[{"href":"https:\/\/jornalfatosenoticias.com.br\/index.php\/wp-json\/wp\/v2\/media?parent=47081"}],"wp:term":[{"taxonomy":"category","embeddable":true,"href":"https:\/\/jornalfatosenoticias.com.br\/index.php\/wp-json\/wp\/v2\/categories?post=47081"},{"taxonomy":"post_tag","embeddable":true,"href":"https:\/\/jornalfatosenoticias.com.br\/index.php\/wp-json\/wp\/v2\/tags?post=47081"}],"curies":[{"name":"wp","href":"https:\/\/api.w.org\/{rel}","templated":true}]}}